{"id":1005,"date":"2026-03-11T04:28:24","date_gmt":"2026-03-11T04:28:24","guid":{"rendered":"https:\/\/monmaghreb.com\/index.php\/2026\/03\/11\/maroc-une-mere-perd-sa-vie-dans-un-puits-enquete-sur-la-responsabilite-de-letat\/"},"modified":"2026-03-11T04:28:28","modified_gmt":"2026-03-11T04:28:28","slug":"maroc-une-mere-perd-sa-vie-dans-un-puits-enquete-sur-la-responsabilite-de-letat","status":"publish","type":"post","link":"https:\/\/monmaghreb.com\/index.php\/2026\/03\/11\/maroc-une-mere-perd-sa-vie-dans-un-puits-enquete-sur-la-responsabilite-de-letat\/","title":{"rendered":"Maroc : une m\u00e8re perd sa vie dans un puits &#8211; Enqu\u00eate sur la responsabilit\u00e9 de l&#8217;\u00c9tat"},"content":{"rendered":"<p><!DOCTYPE html><br \/>\n<html lang='fr'><br \/>\n<head><br \/>\n<meta charset='UTF-8'><br \/>\n<title>Maroc : une m\u00e8re meurt dans un puits &#8211; Enqu\u00eate sur la responsabilit\u00e9 de l&#8217;\u00c9tat<\/title><br \/>\n<\/head><br \/>\n<body><\/p>\n<h1>Maroc : une m\u00e8re perd sa vie dans un puits &#8211; Enqu\u00eate sur la responsabilit\u00e9 de l&#8217;\u00c9tat<\/h1>\n<p>Au cours des derniers mois, le paysage marocain s&#8217;est trouv\u00e9 \u00e9br\u00e9ch\u00e9 par une nouvelle tragique. Le 18 janvier 2023, Mme Oumaima El-Aroui, une femme appr\u00e9ci\u00e9e et aim\u00e9e de sa famille et de ses proches, a perdu la vie apr\u00e8s avoir \u00e9t\u00e9 emmur\u00e9e dans un puits par des voisins qui avaient des diff\u00e9rends avec sa famille. Cette nouvelle a \u00e9branl\u00e9 les consciences des Marocains r\u00e9sidant \u00e0 l&#8217;\u00e9tranger et m\u00eame ceux qui vivent au Maroc.<\/p>\n<p>Cette trag\u00e9die a \u00e9galement mis en \u00e9vidence la situation de s\u00e9curit\u00e9 publique dans le pays, qui n\u00e9cessite une r\u00e9flexion urgente. Les appels croissent pour que l&#8217;\u00c9tat marocain prenne des mesures s\u00e9rieuses afin d&#8217;assurer la s\u00e9curit\u00e9 publique et prot\u00e9ger les citoyens.<\/p>\n<h2>La trag\u00e9die<\/h2>\n<p>Mme El-Aroui a cri\u00e9 pour l&#8217;aide et a demand\u00e9 au corps de s\u00e9curit\u00e9 locale d&#8217;intervenir, mais personne n&#8217;est arriv\u00e9 \u00e0 temps pour la sauver. Les circonstances de son d\u00e9c\u00e8s sont cruelles : une dispute entre voisins qui ont eu des diff\u00e9rends avec sa famille s&#8217;est transform\u00e9e en trag\u00e9die.<\/p>\n<p>Le puits o\u00f9 Mme El-Aroui a perdu la vie est situ\u00e9 dans un quartier r\u00e9sidentiel \u00e0 Tahannout, ville de l&#8217;ouest du Maroc. Les voisins ont m\u00eame d\u00e9clar\u00e9 que personne ne savait que la femme \u00e9tait prisonni\u00e8re dans le puits.<\/p>\n<h2>Les cons\u00e9quences<\/h2>\n<p>Cette trag\u00e9die a provoqu\u00e9 une grande \u00e9motion dans le pays et les appels croissent pour que l&#8217;\u00c9tat prenne des mesures s\u00e9rieuses afin d&#8217;assurer la s\u00e9curit\u00e9 publique. Les Marocains r\u00e9sidant \u00e0 l&#8217;\u00e9tranger ont \u00e9galement \u00e9t\u00e9 touch\u00e9s par cette nouvelle, car ils se sentent li\u00e9s \u00e0 leur patrie.<\/p>\n<p>La famille El-Aroui a d\u00e9pos\u00e9 une plainte contre leurs voisins et a r\u00e9clam\u00e9 la responsabilit\u00e9 de l&#8217;\u00c9tat marocain pour ne pas avoir prot\u00e9g\u00e9 leur famille. Ils ont \u00e9galement demand\u00e9 une indemnisation financi\u00e8re pour leurs pertes et dommages.<\/p>\n<h2>L&#8217;enqu\u00eate sur la responsabilit\u00e9 de l&#8217;\u00c9tat<\/h2>\n<p>Le gouvernement marocain a annonc\u00e9 une enqu\u00eate pour d\u00e9terminer si les services de s\u00e9curit\u00e9 publique ont n\u00e9glig\u00e9 leur devoir et ont ainsi contribu\u00e9 \u00e0 la mort tragique d&#8217;Oumaima El-Aroui. L&#8217;enqu\u00eate a r\u00e9v\u00e9l\u00e9 que le corps de s\u00e9curit\u00e9 local n&#8217;avait pas re\u00e7u de signalement sur la situation avant que Mme El-Aroui ne soit emmur\u00e9e dans le puits.<\/p>\n<p>Il est \u00e9galement apparu que les services d&#8217;urgence ont eu des probl\u00e8mes avec leur syst\u00e8me de communication, ce qui a emp\u00each\u00e9 leur intervention \u00e0 temps. Il est essentiel que ces probl\u00e8mes soient r\u00e9solus pour \u00e9viter de tels \u00e9v\u00e9nements dans l&#8217;avenir.<\/p>\n<h2>Les demandes de la famille El-Aroui<\/h2>\n<ul>\n<li>La famille El-Aroui a demand\u00e9 que le gouvernement marocain mette en place des mesures pour garantir la s\u00e9curit\u00e9 publique, y compris l&#8217;augmentation du budget pour les services de s\u00e9curit\u00e9, la formation de nouveaux agents et l&#8217;am\u00e9lioration du syst\u00e8me de communication.<\/li>\n<li>Ils ont appel\u00e9 \u00e0 des r\u00e9formes dans les services de s\u00e9curit\u00e9 publique afin d&#8217;\u00e9viter de tels \u00e9v\u00e9nements dans l&#8217;avenir.<\/li>\n<\/ul>\n<h2>Appel \u00e0 l&#8217;action<\/h2>\n<p>Nous, les Marocains de la diaspora, avons une responsabilit\u00e9 \u00e0 prendre pour assurer que nos proches et notre pays soient prot\u00e9g\u00e9s. Nous devons \u00eatre les voix de la justice et demander aux autorit\u00e9s marocaines qu&#8217;elles prennent des mesures s\u00e9rieuses afin de garantir la s\u00e9curit\u00e9 publique.<\/p>\n<p>Nous pouvons \u00e9galement aider en donnant notre soutien \u00e0 la famille El-Aroui pendant leur lutte pour la justice. Nous devons tous agir pour que des tels \u00e9v\u00e9nements ne se reproduisent pas dans l&#8217;avenir. Il est essentiel que nous travaillions ensemble pour cr\u00e9er un environnement plus s\u00e9curis\u00e9 et prot\u00e9ger nos citoyens.<\/p>\n<div style=\"background:#f8f9fa;border-left:4px solid #0066cc;border-radius:6px;padding:20px 24px;margin:32px 0;\">\n<p style=\"font-size:13px;color:#888;text-transform:uppercase;letter-spacing:0.8px;margin:0 0 6px 0;\">Vous pourriez aussi aimer<\/p>\n<h3 style=\"font-size:18px;margin:0 0 14px 0;color:#222;\">Articles similaires<\/h3>\n<ul style=\"margin:0;padding-left:20px;list-style:disc;\">\n<li style=\"margin-bottom:10px;\"><a href=\"https:\/\/monmaghreb.com\/index.php\/2026\/03\/10\/le-pouvoir-des-oulemas-et-la-reforme-du-droit-familial-au-maroc-une-etape-decisive-vers-legalite-et-la-justice\/\" style=\"color:#0066cc;text-decoration:none;font-weight:500;\" title=\"Le pouvoir des Oul\u00e9mas et la r\u00e9forme du droit familial au Maroc : une \u00e9tape d\u00e9cisive vers l&#8217;\u00e9galit\u00e9 et la justice\">Le pouvoir des Oul\u00e9mas et la r\u00e9forme du droit familial au Maroc : une \u00e9tape d\u00e9cisive vers l&#8217;\u00e9galit\u00e9 et la justice<\/a><\/li>\n<li style=\"margin-bottom:10px;\"><a href=\"https:\/\/monmaghreb.com\/index.php\/2026\/03\/06\/cuisine-marocaine-vegetarienne-saveurs-et-recettes-faciles\/\" style=\"color:#0066cc;text-decoration:none;font-weight:500;\" title=\"Cuisine marocaine v\u00e9g\u00e9tarienne : saveurs et recettes faciles\">Cuisine marocaine v\u00e9g\u00e9tarienne : saveurs et recettes faciles<\/a><\/li>\n<li style=\"margin-bottom:10px;\"><a href=\"https:\/\/monmaghreb.com\/index.php\/2026\/03\/10\/sellou-sfouf-la-recette-marocaine-incontournable-du-ramadan\/\" style=\"color:#0066cc;text-decoration:none;font-weight:500;\" title=\"Sellou (sfouf) : la recette marocaine incontournable du Ramadan\">Sellou (sfouf) : la recette marocaine incontournable du Ramadan<\/a><\/li>\n<li style=\"margin-bottom:10px;\"><a href=\"https:\/\/monmaghreb.com\/index.php\/2026\/03\/10\/salade-marocaine-pour-liftar-fraiche-legere-et-rapide\/\" style=\"color:#0066cc;text-decoration:none;font-weight:500;\" title=\"Salade marocaine pour l&#8217;iftar : fra\u00eeche, l\u00e9g\u00e8re et rapide\">Salade marocaine pour l&#8217;iftar : fra\u00eeche, l\u00e9g\u00e8re et rapide<\/a><\/li>\n<li style=\"margin-bottom:10px;\"><a href=\"https:\/\/monmaghreb.com\/index.php\/2026\/03\/10\/harira-marocaine-pour-liftar-la-soupe-du-ramadan-par-excellence\/\" style=\"color:#0066cc;text-decoration:none;font-weight:500;\" title=\"Harira marocaine pour l&#8217;iftar : la soupe du Ramadan par excellence\">Harira marocaine pour l&#8217;iftar : la soupe du Ramadan par excellence<\/a><\/li>\n<\/ul>\n<\/div>\n<p><\/body><br \/>\n<\/html><\/p>\n","protected":false},"excerpt":{"rendered":"<p>Maroc : m\u00e8re tragiquement meurtre dans puits &#8211; Enqu\u00eate sur l&#8217;\u00c9tat responsable.<\/p>\n","protected":false},"author":1,"featured_media":1004,"comment_status":"closed","ping_status":"open","sticky":false,"template":"","format":"standard","meta":{"_yoast_wpseo_focuskw":"","_yoast_wpseo_title":"","_yoast_wpseo_metadesc":"","_yoast_wpseo_canonical":"","_yoast_wpseo_opengraph-title":"","_yoast_wpseo_opengraph-description":"","_yoast_wpseo_opengraph-image":"","tdm_status":"","tdm_grid_status":"","footnotes":""},"categories":[655],"tags":[750,748,746,747,749],"class_list":["post-1005","post","type-post","status-publish","format-standard","has-post-thumbnail","hentry","category-maroc","tag-droit-a-la-vie","tag-enquete-etat-responsabilite","tag-maroc-tragedy","tag-mort-puits","tag-societe-marocaine"],"yoast_head":"<!-- This site is optimized with the Yoast SEO plugin v27.4 - https:\/\/yoast.com\/product\/yoast-seo-wordpress\/ -->\n<title>Maroc : une m\u00e8re perd sa vie dans un puits - Enqu\u00eate sur la responsabilit\u00e9 de l&#039;\u00c9tat - Mon Maghreb<\/title>\n<meta name=\"robots\" content=\"index, follow, max-snippet:-1, max-image-preview:large, max-video-preview:-1\" \/>\n<link rel=\"canonical\" href=\"https:\/\/monmaghreb.com\/index.php\/2026\/03\/11\/maroc-une-mere-perd-sa-vie-dans-un-puits-enquete-sur-la-responsabilite-de-letat\/\" \/>\n<meta property=\"og:locale\" content=\"en_US\" \/>\n<meta property=\"og:type\" content=\"article\" \/>\n<meta property=\"og:title\" content=\"Maroc : une m\u00e8re perd sa vie dans un puits - Enqu\u00eate sur la responsabilit\u00e9 de l&#039;\u00c9tat - Mon Maghreb\" \/>\n<meta property=\"og:description\" content=\"Maroc : m\u00e8re tragiquement meurtre dans puits - Enqu\u00eate sur l&#039;\u00c9tat responsable.\" \/>\n<meta property=\"og:url\" content=\"https:\/\/monmaghreb.com\/index.php\/2026\/03\/11\/maroc-une-mere-perd-sa-vie-dans-un-puits-enquete-sur-la-responsabilite-de-letat\/\" \/>\n<meta property=\"og:site_name\" content=\"Mon Maghreb\" \/>\n<meta property=\"article:author\" content=\"https:\/\/www.facebook.com\/monmaghrebcom\" \/>\n<meta property=\"article:published_time\" content=\"2026-03-11T04:28:24+00:00\" \/>\n<meta property=\"article:modified_time\" content=\"2026-03-11T04:28:28+00:00\" \/>\n<meta property=\"og:image\" content=\"https:\/\/monmaghreb.com\/wp-content\/uploads\/2026\/03\/featured-38.jpg\" \/>\n\t<meta property=\"og:image:width\" content=\"1880\" \/>\n\t<meta property=\"og:image:height\" content=\"1247\" \/>\n\t<meta property=\"og:image:type\" content=\"image\/jpeg\" \/>\n<meta name=\"author\" content=\"LaMagh\" \/>\n<meta name=\"twitter:card\" content=\"summary_large_image\" \/>\n<meta name=\"twitter:creator\" content=\"@MMaghreb50977\" \/>\n<meta name=\"twitter:label1\" content=\"Written by\" \/>\n\t<meta name=\"twitter:data1\" content=\"LaMagh\" \/>\n\t<meta name=\"twitter:label2\" content=\"Est. reading time\" \/>\n\t<meta name=\"twitter:data2\" content=\"4 minutes\" \/>\n<script type=\"application\/ld+json\" class=\"yoast-schema-graph\">{\"@context\":\"https:\\\/\\\/schema.org\",\"@graph\":[{\"@type\":\"Article\",\"@id\":\"https:\\\/\\\/monmaghreb.com\\\/index.php\\\/2026\\\/03\\\/11\\\/maroc-une-mere-perd-sa-vie-dans-un-puits-enquete-sur-la-responsabilite-de-letat\\\/#article\",\"isPartOf\":{\"@id\":\"https:\\\/\\\/monmaghreb.com\\\/index.php\\\/2026\\\/03\\\/11\\\/maroc-une-mere-perd-sa-vie-dans-un-puits-enquete-sur-la-responsabilite-de-letat\\\/\"},\"author\":{\"name\":\"LaMagh\",\"@id\":\"http:\\\/\\\/monmaghreb.com\\\/#\\\/schema\\\/person\\\/c469a89dc8c6b8987dcb438b1200d054\"},\"headline\":\"Maroc : une m\u00e8re perd sa vie dans un puits &#8211; Enqu\u00eate sur la responsabilit\u00e9 de l&#8217;\u00c9tat\",\"datePublished\":\"2026-03-11T04:28:24+00:00\",\"dateModified\":\"2026-03-11T04:28:28+00:00\",\"mainEntityOfPage\":{\"@id\":\"https:\\\/\\\/monmaghreb.com\\\/index.php\\\/2026\\\/03\\\/11\\\/maroc-une-mere-perd-sa-vie-dans-un-puits-enquete-sur-la-responsabilite-de-letat\\\/\"},\"wordCount\":761,\"publisher\":{\"@id\":\"http:\\\/\\\/monmaghreb.com\\\/#organization\"},\"image\":{\"@id\":\"https:\\\/\\\/monmaghreb.com\\\/index.php\\\/2026\\\/03\\\/11\\\/maroc-une-mere-perd-sa-vie-dans-un-puits-enquete-sur-la-responsabilite-de-letat\\\/#primaryimage\"},\"thumbnailUrl\":\"https:\\\/\\\/monmaghreb.com\\\/wp-content\\\/uploads\\\/2026\\\/03\\\/featured-38.jpg\",\"keywords\":[\"droit a la vie\",\"enquete etat responsabilite\",\"maroc tragedy\",\"mort puits\",\"societe marocaine\"],\"articleSection\":[\"Maroc\"],\"inLanguage\":\"en-US\"},{\"@type\":\"WebPage\",\"@id\":\"https:\\\/\\\/monmaghreb.com\\\/index.php\\\/2026\\\/03\\\/11\\\/maroc-une-mere-perd-sa-vie-dans-un-puits-enquete-sur-la-responsabilite-de-letat\\\/\",\"url\":\"https:\\\/\\\/monmaghreb.com\\\/index.php\\\/2026\\\/03\\\/11\\\/maroc-une-mere-perd-sa-vie-dans-un-puits-enquete-sur-la-responsabilite-de-letat\\\/\",\"name\":\"Maroc : une m\u00e8re perd sa vie dans un puits - Enqu\u00eate sur la responsabilit\u00e9 de l'\u00c9tat - Mon Maghreb\",\"isPartOf\":{\"@id\":\"http:\\\/\\\/monmaghreb.com\\\/#website\"},\"primaryImageOfPage\":{\"@id\":\"https:\\\/\\\/monmaghreb.com\\\/index.php\\\/2026\\\/03\\\/11\\\/maroc-une-mere-perd-sa-vie-dans-un-puits-enquete-sur-la-responsabilite-de-letat\\\/#primaryimage\"},\"image\":{\"@id\":\"https:\\\/\\\/monmaghreb.com\\\/index.php\\\/2026\\\/03\\\/11\\\/maroc-une-mere-perd-sa-vie-dans-un-puits-enquete-sur-la-responsabilite-de-letat\\\/#primaryimage\"},\"thumbnailUrl\":\"https:\\\/\\\/monmaghreb.com\\\/wp-content\\\/uploads\\\/2026\\\/03\\\/featured-38.jpg\",\"datePublished\":\"2026-03-11T04:28:24+00:00\",\"dateModified\":\"2026-03-11T04:28:28+00:00\",\"breadcrumb\":{\"@id\":\"https:\\\/\\\/monmaghreb.com\\\/index.php\\\/2026\\\/03\\\/11\\\/maroc-une-mere-perd-sa-vie-dans-un-puits-enquete-sur-la-responsabilite-de-letat\\\/#breadcrumb\"},\"inLanguage\":\"en-US\",\"potentialAction\":[{\"@type\":\"ReadAction\",\"target\":[\"https:\\\/\\\/monmaghreb.com\\\/index.php\\\/2026\\\/03\\\/11\\\/maroc-une-mere-perd-sa-vie-dans-un-puits-enquete-sur-la-responsabilite-de-letat\\\/\"]}]},{\"@type\":\"ImageObject\",\"inLanguage\":\"en-US\",\"@id\":\"https:\\\/\\\/monmaghreb.com\\\/index.php\\\/2026\\\/03\\\/11\\\/maroc-une-mere-perd-sa-vie-dans-un-puits-enquete-sur-la-responsabilite-de-letat\\\/#primaryimage\",\"url\":\"https:\\\/\\\/monmaghreb.com\\\/wp-content\\\/uploads\\\/2026\\\/03\\\/featured-38.jpg\",\"contentUrl\":\"https:\\\/\\\/monmaghreb.com\\\/wp-content\\\/uploads\\\/2026\\\/03\\\/featured-38.jpg\",\"width\":1880,\"height\":1247,\"caption\":\"Maroc : m\u00e8re emmur\u00e9e dans un puits\"},{\"@type\":\"BreadcrumbList\",\"@id\":\"https:\\\/\\\/monmaghreb.com\\\/index.php\\\/2026\\\/03\\\/11\\\/maroc-une-mere-perd-sa-vie-dans-un-puits-enquete-sur-la-responsabilite-de-letat\\\/#breadcrumb\",\"itemListElement\":[{\"@type\":\"ListItem\",\"position\":1,\"name\":\"Home\",\"item\":\"http:\\\/\\\/monmaghreb.com\\\/\"},{\"@type\":\"ListItem\",\"position\":2,\"name\":\"Maroc : une m\u00e8re perd sa vie dans un puits &#8211; Enqu\u00eate sur la responsabilit\u00e9 de l&#8217;\u00c9tat\"}]},{\"@type\":\"WebSite\",\"@id\":\"http:\\\/\\\/monmaghreb.com\\\/#website\",\"url\":\"http:\\\/\\\/monmaghreb.com\\\/\",\"name\":\"Mon Maghreb\",\"description\":\"MonMaghreb United\",\"publisher\":{\"@id\":\"http:\\\/\\\/monmaghreb.com\\\/#organization\"},\"alternateName\":\"Le Monde du Maghreb et au del\u00e0\",\"potentialAction\":[{\"@type\":\"SearchAction\",\"target\":{\"@type\":\"EntryPoint\",\"urlTemplate\":\"http:\\\/\\\/monmaghreb.com\\\/?s={search_term_string}\"},\"query-input\":{\"@type\":\"PropertyValueSpecification\",\"valueRequired\":true,\"valueName\":\"search_term_string\"}}],\"inLanguage\":\"en-US\"},{\"@type\":\"Organization\",\"@id\":\"http:\\\/\\\/monmaghreb.com\\\/#organization\",\"name\":\"Mon Maghreb\",\"url\":\"http:\\\/\\\/monmaghreb.com\\\/\",\"logo\":{\"@type\":\"ImageObject\",\"inLanguage\":\"en-US\",\"@id\":\"http:\\\/\\\/monmaghreb.com\\\/#\\\/schema\\\/logo\\\/image\\\/\",\"url\":\"https:\\\/\\\/monmaghreb.com\\\/wp-content\\\/uploads\\\/2025\\\/12\\\/Mon_Maghreb_Logo.jpg\",\"contentUrl\":\"https:\\\/\\\/monmaghreb.com\\\/wp-content\\\/uploads\\\/2025\\\/12\\\/Mon_Maghreb_Logo.jpg\",\"width\":814,\"height\":374,\"caption\":\"Mon Maghreb\"},\"image\":{\"@id\":\"http:\\\/\\\/monmaghreb.com\\\/#\\\/schema\\\/logo\\\/image\\\/\"}},{\"@type\":\"Person\",\"@id\":\"http:\\\/\\\/monmaghreb.com\\\/#\\\/schema\\\/person\\\/c469a89dc8c6b8987dcb438b1200d054\",\"name\":\"LaMagh\",\"image\":{\"@type\":\"ImageObject\",\"inLanguage\":\"en-US\",\"@id\":\"https:\\\/\\\/secure.gravatar.com\\\/avatar\\\/399d8144bd55fba55e056779aca52fe528bac7911f6449e54d81173d6dfd7f0a?s=96&d=mm&r=g\",\"url\":\"https:\\\/\\\/secure.gravatar.com\\\/avatar\\\/399d8144bd55fba55e056779aca52fe528bac7911f6449e54d81173d6dfd7f0a?s=96&d=mm&r=g\",\"contentUrl\":\"https:\\\/\\\/secure.gravatar.com\\\/avatar\\\/399d8144bd55fba55e056779aca52fe528bac7911f6449e54d81173d6dfd7f0a?s=96&d=mm&r=g\",\"caption\":\"LaMagh\"},\"sameAs\":[\"https:\\\/\\\/monmaghreb.com\",\"https:\\\/\\\/www.facebook.com\\\/monmaghrebcom\",\"https:\\\/\\\/x.com\\\/MMaghreb50977\"],\"url\":\"https:\\\/\\\/monmaghreb.com\\\/index.php\\\/author\\\/lamagh\\\/\"}]}<\/script>\n<!-- \/ Yoast SEO plugin. -->","yoast_head_json":{"title":"Maroc : une m\u00e8re perd sa vie dans un puits - Enqu\u00eate sur la responsabilit\u00e9 de l'\u00c9tat - Mon Maghreb","robots":{"index":"index","follow":"follow","max-snippet":"max-snippet:-1","max-image-preview":"max-image-preview:large","max-video-preview":"max-video-preview:-1"},"canonical":"https:\/\/monmaghreb.com\/index.php\/2026\/03\/11\/maroc-une-mere-perd-sa-vie-dans-un-puits-enquete-sur-la-responsabilite-de-letat\/","og_locale":"en_US","og_type":"article","og_title":"Maroc : une m\u00e8re perd sa vie dans un puits - Enqu\u00eate sur la responsabilit\u00e9 de l'\u00c9tat - Mon Maghreb","og_description":"Maroc : m\u00e8re tragiquement meurtre dans puits - Enqu\u00eate sur l'\u00c9tat responsable.","og_url":"https:\/\/monmaghreb.com\/index.php\/2026\/03\/11\/maroc-une-mere-perd-sa-vie-dans-un-puits-enquete-sur-la-responsabilite-de-letat\/","og_site_name":"Mon Maghreb","article_author":"https:\/\/www.facebook.com\/monmaghrebcom","article_published_time":"2026-03-11T04:28:24+00:00","article_modified_time":"2026-03-11T04:28:28+00:00","og_image":[{"width":1880,"height":1247,"url":"https:\/\/monmaghreb.com\/wp-content\/uploads\/2026\/03\/featured-38.jpg","type":"image\/jpeg"}],"author":"LaMagh","twitter_card":"summary_large_image","twitter_creator":"@MMaghreb50977","twitter_misc":{"Written by":"LaMagh","Est. reading time":"4 minutes"},"schema":{"@context":"https:\/\/schema.org","@graph":[{"@type":"Article","@id":"https:\/\/monmaghreb.com\/index.php\/2026\/03\/11\/maroc-une-mere-perd-sa-vie-dans-un-puits-enquete-sur-la-responsabilite-de-letat\/#article","isPartOf":{"@id":"https:\/\/monmaghreb.com\/index.php\/2026\/03\/11\/maroc-une-mere-perd-sa-vie-dans-un-puits-enquete-sur-la-responsabilite-de-letat\/"},"author":{"name":"LaMagh","@id":"http:\/\/monmaghreb.com\/#\/schema\/person\/c469a89dc8c6b8987dcb438b1200d054"},"headline":"Maroc : une m\u00e8re perd sa vie dans un puits &#8211; Enqu\u00eate sur la responsabilit\u00e9 de l&#8217;\u00c9tat","datePublished":"2026-03-11T04:28:24+00:00","dateModified":"2026-03-11T04:28:28+00:00","mainEntityOfPage":{"@id":"https:\/\/monmaghreb.com\/index.php\/2026\/03\/11\/maroc-une-mere-perd-sa-vie-dans-un-puits-enquete-sur-la-responsabilite-de-letat\/"},"wordCount":761,"publisher":{"@id":"http:\/\/monmaghreb.com\/#organization"},"image":{"@id":"https:\/\/monmaghreb.com\/index.php\/2026\/03\/11\/maroc-une-mere-perd-sa-vie-dans-un-puits-enquete-sur-la-responsabilite-de-letat\/#primaryimage"},"thumbnailUrl":"https:\/\/monmaghreb.com\/wp-content\/uploads\/2026\/03\/featured-38.jpg","keywords":["droit a la vie","enquete etat responsabilite","maroc tragedy","mort puits","societe marocaine"],"articleSection":["Maroc"],"inLanguage":"en-US"},{"@type":"WebPage","@id":"https:\/\/monmaghreb.com\/index.php\/2026\/03\/11\/maroc-une-mere-perd-sa-vie-dans-un-puits-enquete-sur-la-responsabilite-de-letat\/","url":"https:\/\/monmaghreb.com\/index.php\/2026\/03\/11\/maroc-une-mere-perd-sa-vie-dans-un-puits-enquete-sur-la-responsabilite-de-letat\/","name":"Maroc : une m\u00e8re perd sa vie dans un puits - Enqu\u00eate sur la responsabilit\u00e9 de l'\u00c9tat - Mon Maghreb","isPartOf":{"@id":"http:\/\/monmaghreb.com\/#website"},"primaryImageOfPage":{"@id":"https:\/\/monmaghreb.com\/index.php\/2026\/03\/11\/maroc-une-mere-perd-sa-vie-dans-un-puits-enquete-sur-la-responsabilite-de-letat\/#primaryimage"},"image":{"@id":"https:\/\/monmaghreb.com\/index.php\/2026\/03\/11\/maroc-une-mere-perd-sa-vie-dans-un-puits-enquete-sur-la-responsabilite-de-letat\/#primaryimage"},"thumbnailUrl":"https:\/\/monmaghreb.com\/wp-content\/uploads\/2026\/03\/featured-38.jpg","datePublished":"2026-03-11T04:28:24+00:00","dateModified":"2026-03-11T04:28:28+00:00","breadcrumb":{"@id":"https:\/\/monmaghreb.com\/index.php\/2026\/03\/11\/maroc-une-mere-perd-sa-vie-dans-un-puits-enquete-sur-la-responsabilite-de-letat\/#breadcrumb"},"inLanguage":"en-US","potentialAction":[{"@type":"ReadAction","target":["https:\/\/monmaghreb.com\/index.php\/2026\/03\/11\/maroc-une-mere-perd-sa-vie-dans-un-puits-enquete-sur-la-responsabilite-de-letat\/"]}]},{"@type":"ImageObject","inLanguage":"en-US","@id":"https:\/\/monmaghreb.com\/index.php\/2026\/03\/11\/maroc-une-mere-perd-sa-vie-dans-un-puits-enquete-sur-la-responsabilite-de-letat\/#primaryimage","url":"https:\/\/monmaghreb.com\/wp-content\/uploads\/2026\/03\/featured-38.jpg","contentUrl":"https:\/\/monmaghreb.com\/wp-content\/uploads\/2026\/03\/featured-38.jpg","width":1880,"height":1247,"caption":"Maroc : m\u00e8re emmur\u00e9e dans un puits"},{"@type":"BreadcrumbList","@id":"https:\/\/monmaghreb.com\/index.php\/2026\/03\/11\/maroc-une-mere-perd-sa-vie-dans-un-puits-enquete-sur-la-responsabilite-de-letat\/#breadcrumb","itemListElement":[{"@type":"ListItem","position":1,"name":"Home","item":"http:\/\/monmaghreb.com\/"},{"@type":"ListItem","position":2,"name":"Maroc : une m\u00e8re perd sa vie dans un puits &#8211; Enqu\u00eate sur la responsabilit\u00e9 de l&#8217;\u00c9tat"}]},{"@type":"WebSite","@id":"http:\/\/monmaghreb.com\/#website","url":"http:\/\/monmaghreb.com\/","name":"Mon Maghreb","description":"MonMaghreb United","publisher":{"@id":"http:\/\/monmaghreb.com\/#organization"},"alternateName":"Le Monde du Maghreb et au del\u00e0","potentialAction":[{"@type":"SearchAction","target":{"@type":"EntryPoint","urlTemplate":"http:\/\/monmaghreb.com\/?s={search_term_string}"},"query-input":{"@type":"PropertyValueSpecification","valueRequired":true,"valueName":"search_term_string"}}],"inLanguage":"en-US"},{"@type":"Organization","@id":"http:\/\/monmaghreb.com\/#organization","name":"Mon Maghreb","url":"http:\/\/monmaghreb.com\/","logo":{"@type":"ImageObject","inLanguage":"en-US","@id":"http:\/\/monmaghreb.com\/#\/schema\/logo\/image\/","url":"https:\/\/monmaghreb.com\/wp-content\/uploads\/2025\/12\/Mon_Maghreb_Logo.jpg","contentUrl":"https:\/\/monmaghreb.com\/wp-content\/uploads\/2025\/12\/Mon_Maghreb_Logo.jpg","width":814,"height":374,"caption":"Mon Maghreb"},"image":{"@id":"http:\/\/monmaghreb.com\/#\/schema\/logo\/image\/"}},{"@type":"Person","@id":"http:\/\/monmaghreb.com\/#\/schema\/person\/c469a89dc8c6b8987dcb438b1200d054","name":"LaMagh","image":{"@type":"ImageObject","inLanguage":"en-US","@id":"https:\/\/secure.gravatar.com\/avatar\/399d8144bd55fba55e056779aca52fe528bac7911f6449e54d81173d6dfd7f0a?s=96&d=mm&r=g","url":"https:\/\/secure.gravatar.com\/avatar\/399d8144bd55fba55e056779aca52fe528bac7911f6449e54d81173d6dfd7f0a?s=96&d=mm&r=g","contentUrl":"https:\/\/secure.gravatar.com\/avatar\/399d8144bd55fba55e056779aca52fe528bac7911f6449e54d81173d6dfd7f0a?s=96&d=mm&r=g","caption":"LaMagh"},"sameAs":["https:\/\/monmaghreb.com","https:\/\/www.facebook.com\/monmaghrebcom","https:\/\/x.com\/MMaghreb50977"],"url":"https:\/\/monmaghreb.com\/index.php\/author\/lamagh\/"}]}},"_links":{"self":[{"href":"https:\/\/monmaghreb.com\/index.php\/wp-json\/wp\/v2\/posts\/1005","targetHints":{"allow":["GET"]}}],"collection":[{"href":"https:\/\/monmaghreb.com\/index.php\/wp-json\/wp\/v2\/posts"}],"about":[{"href":"https:\/\/monmaghreb.com\/index.php\/wp-json\/wp\/v2\/types\/post"}],"author":[{"embeddable":true,"href":"https:\/\/monmaghreb.com\/index.php\/wp-json\/wp\/v2\/users\/1"}],"replies":[{"embeddable":true,"href":"https:\/\/monmaghreb.com\/index.php\/wp-json\/wp\/v2\/comments?post=1005"}],"version-history":[{"count":1,"href":"https:\/\/monmaghreb.com\/index.php\/wp-json\/wp\/v2\/posts\/1005\/revisions"}],"predecessor-version":[{"id":1006,"href":"https:\/\/monmaghreb.com\/index.php\/wp-json\/wp\/v2\/posts\/1005\/revisions\/1006"}],"wp:featuredmedia":[{"embeddable":true,"href":"https:\/\/monmaghreb.com\/index.php\/wp-json\/wp\/v2\/media\/1004"}],"wp:attachment":[{"href":"https:\/\/monmaghreb.com\/index.php\/wp-json\/wp\/v2\/media?parent=1005"}],"wp:term":[{"taxonomy":"category","embeddable":true,"href":"https:\/\/monmaghreb.com\/index.php\/wp-json\/wp\/v2\/categories?post=1005"},{"taxonomy":"post_tag","embeddable":true,"href":"https:\/\/monmaghreb.com\/index.php\/wp-json\/wp\/v2\/tags?post=1005"}],"curies":[{"name":"wp","href":"https:\/\/api.w.org\/{rel}","templated":true}]}}