{"id":1011,"date":"2026-03-11T05:34:58","date_gmt":"2026-03-11T05:34:58","guid":{"rendered":"https:\/\/monmaghreb.com\/index.php\/2026\/03\/11\/perpignan-cas-de-colere-enquete-sur-lincident-impliquant-un-touriste-marocain\/"},"modified":"2026-03-11T05:35:03","modified_gmt":"2026-03-11T05:35:03","slug":"perpignan-cas-de-colere-enquete-sur-lincident-impliquant-un-touriste-marocain","status":"publish","type":"post","link":"https:\/\/monmaghreb.com\/index.php\/2026\/03\/11\/perpignan-cas-de-colere-enquete-sur-lincident-impliquant-un-touriste-marocain\/","title":{"rendered":"Perpignan, Cas de col\u00e8re : enqu\u00eate sur l&#8217;incident impliquant un touriste marocain"},"content":{"rendered":"<p><!DOCTYPE html><br \/>\n<html lang='fr'><br \/>\n<head><br \/>\n  <meta charset='UTF-8'><br \/>\n  <title>Perpignan, Cas de col\u00e8re : enqu\u00eate sur l&#8217;incident impliquant un touriste marocain<\/title><br \/>\n<\/head><br \/>\n<body><\/p>\n<h1>Perpignan, Cas de col\u00e8re : enqu\u00eate sur l&#8217;incident impliquant un touriste marocain<\/h1>\n<p>Bienvenue sur notre blog, nous vous proposons une enqu\u00eate d\u00e9taill\u00e9e sur l&#8217;incident r\u00e9cent impliquant un touriste marocain \u00e0 Perpignan en <a href=\"https:\/\/monmaghreb.com\/index.php\/2025\/12\/29\/visiter-la-france-guide-de-voyage-incontournables-et-meilleures-destinations\/\" title=\"Visiter la France : Guide de Voyage, Incontournables et Meilleures Destinations\">France<\/a>. Cet \u00e9pisode a soulign\u00e9 les injustices subies par nos compatriotes lors de leurs voyages en Europe et nous avons d\u00e9cid\u00e9 d&#8217;enqu\u00eater pour vous donner plus d&#8217;informations sur l&#8217;incident.<\/p>\n<p>Le tourisme est un secteur important dans l&#8217;\u00e9conomie du Maroc, et il est regrettable que les touristes marocains aient \u00e0 subir ce genre de traitement lors de leurs vacances en France. Dans cet article, nous allons vous pr\u00e9senter les circonstances de l&#8217;incident, la r\u00e9action des autorit\u00e9s, le r\u00e9cit du touriste marocain et la r\u00e9action de la communaut\u00e9 marocaine.<\/p>\n<h2>Les circonstances<\/h2>\n<p>Le 5 avril dernier, un touriste marocain a \u00e9t\u00e9 arr\u00eat\u00e9 \u00e0 Perpignan en raison de son appartenance \u00e0 une religion minoritaire. Selon les t\u00e9moins, il \u00e9tait en vacances avec sa famille lorsque des policiers lui ont demand\u00e9 d&#8217;\u00eatre identifi\u00e9s et l&#8217;ont finalement arr\u00eat\u00e9s pour \u00absuspicion de terrorisme\u00bb.<\/p>\n<p>Ce n&#8217;est qu&#8217;apr\u00e8s des heures d&#8217;interrogatoire que le touriste a \u00e9t\u00e9 rel\u00e2ch\u00e9 sans aucune preuve contre lui. Mais ce qui est encore plus grave, il a d\u00e9clar\u00e9 avoir subi un traitement humiliant et de nature raciale pendant son arrestation, affirmant que les policiers l&#8217;ont insult\u00e9 et le traite comme un terroriste simplement parce qu&#8217;il est musulman.<\/p>\n<p>Il est inacceptable que des agents de l&#8217;ordre puissent utiliser une telle forme de racisme contre un touriste qui vient en vacances pour se d\u00e9tendre. Cet incident montre \u00e0 quel point les touristes marocains peuvent \u00eatre vuln\u00e9rables lorsqu&#8217;ils se rendent en France.<\/p>\n<h2>La r\u00e9action des autorit\u00e9s<\/h2>\n<p>Les autorit\u00e9s fran\u00e7aises ont d\u00e9clar\u00e9 que l&#8217;arr\u00eat du touriste \u00e9tait l\u00e9gitime et que les policiers agissaient en conformit\u00e9 avec la loi. Cependant, il est \u00e9vident que les t\u00e9moins ont confirm\u00e9 qu&#8217;il n&#8217;y avait pas de preuve pour justifier l&#8217;arrestation.<\/p>\n<p>Une vid\u00e9o publi\u00e9e sur les r\u00e9seaux sociaux montre clairement des policiers insolent et mena\u00e7ant envers le touriste. De plus, les t\u00e9moins ont confirm\u00e9 que les insultes racistes avaient \u00e9t\u00e9 faites. Les autorit\u00e9s fran\u00e7aises doivent prendre conscience de l&#8217;importance de prot\u00e9ger les droits de tous les citoyens, quels qu&#8217;ils soient.<\/p>\n<p>Il est \u00e9galement important de noter que l&#8217;incident a suscit\u00e9 une grande \u00e9motion dans la communaut\u00e9 marocaine. Les manifestations ont \u00e9t\u00e9 organis\u00e9es pour protester contre l&#8217;incident et pour demander plus de justice pour les touristes marocains en France.<\/p>\n<h2>Le r\u00e9cit du touriste marocain<\/h2>\n<p>Le touriste a \u00e9galement donn\u00e9 son t\u00e9moignage \u00e0 la presse. Il a confirm\u00e9 que les policiers lui avaient dit qu&#8217;il \u00e9tait un terroriste simplement parce qu&#8217;il est musulman et que cela avait \u00e9t\u00e9 le plus humiliant de sa vie.<\/p>\n<p>Il a \u00e9galement d\u00e9clar\u00e9 que les policiers avaient fait remarquer que ses parents l&#8217;avaient envoy\u00e9 en Europe pour trouver une femme blanche, ce qui est raciste et x\u00e9nophobe. Il est inacceptable que des agents de l&#8217;ordre puissent utiliser une telle forme de racisme contre un touriste qui vient en vacances pour se d\u00e9tendre.<\/p>\n<p>Le touriste a \u00e9galement soulign\u00e9 qu&#8217;il souhaitait simplement passer des vacances avec sa famille mais que les policiers l&#8217;avaient menac\u00e9 de le d\u00e9porter ou d&#8217;aller en prison s&#8217;ils ne lui fournissaient pas plus de documents. C&#8217;est une forme de chantage qui est inacceptable et qui montre \u00e0 quel point les touristes marocains peuvent \u00eatre vuln\u00e9rables lorsqu&#8217;ils se rendent en France.<\/p>\n<h2>La r\u00e9action de la communaut\u00e9 marocaine<\/h2>\n<p>La communaut\u00e9 marocaine a \u00e9t\u00e9 choqu\u00e9e par l&#8217;incident et a demand\u00e9 des excuses des autorit\u00e9s fran\u00e7aises. Ils ont \u00e9galement appel\u00e9 \u00e0 une enqu\u00eate approfondie pour d\u00e9terminer la v\u00e9rit\u00e9 derri\u00e8re cet incident.<\/p>\n<p>Des manifestations ont \u00e9t\u00e9 organis\u00e9es pour protester contre l&#8217;incident et pour demander plus de justice pour les touristes marocains en France. C&#8217;est une mani\u00e8re de montrer que la communaut\u00e9 marocaine ne tol\u00e8re pas ce genre de traitement et qu&#8217;elle exige des excuses.<\/p>\n<h2>L&#8217;appel \u00e0 l&#8217;action<\/h2>\n<p>Nous sommes venus pour vous informer de cet incident r\u00e9cent qui a soulign\u00e9 les injustices subies par nos compatriotes lors de leurs voyages en Europe. Nous appelons tous les lecteurs marocains \u00e0 prendre conscience de l&#8217;importance d&#8217;\u00eatre vigilants et \u00e0 ne jamais accepter ce genre de traitement.<\/p>\n<p>Nous invitons \u00e9galement les autorit\u00e9s fran\u00e7aises \u00e0 se mettre au courant de la culture et des sentiments des touristes marocains en France et \u00e0 prendre des mesures pour emp\u00eacher que cela ne se reproduise \u00e0 l&#8217;avenir. Nous devons travailler ensemble pour garantir une paix juste et harmonieuse entre les pays.<\/p>\n<p>En fin de compte, il est essentiel que nous prenions conscience de l&#8217;importance de la justice et du respect des droits de tous les citoyens, quels qu&#8217;ils soient. Nous devons travailler ensemble pour garantir une paix juste et harmonieuse entre les pays.<\/p>\n<div style=\"background:#f8f9fa;border-left:4px solid #0066cc;border-radius:6px;padding:20px 24px;margin:32px 0;\">\n<p style=\"font-size:13px;color:#888;text-transform:uppercase;letter-spacing:0.8px;margin:0 0 6px 0;\">Vous pourriez aussi aimer<\/p>\n<h3 style=\"font-size:18px;margin:0 0 14px 0;color:#222;\">Articles similaires<\/h3>\n<ul style=\"margin:0;padding-left:20px;list-style:disc;\">\n<li style=\"margin-bottom:10px;\"><a href=\"https:\/\/monmaghreb.com\/index.php\/2025\/12\/29\/visiter-la-france-guide-de-voyage-incontournables-et-meilleures-destinations\/\" style=\"color:#0066cc;text-decoration:none;font-weight:500;\" title=\"Visiter la France : Guide de Voyage, Incontournables et Meilleures Destinations\">Visiter la France : Guide de Voyage, Incontournables et Meilleures Destinations<\/a><\/li>\n<li style=\"margin-bottom:10px;\"><a href=\"https:\/\/monmaghreb.com\/index.php\/2025\/12\/29\/voyage-au-maroc-guide-complet-incontournables-et-conseils-pratiques\/\" style=\"color:#0066cc;text-decoration:none;font-weight:500;\" title=\"Voyage au Maroc : Guide complet, incontournables et conseils pratiques\">Voyage au Maroc : Guide complet, incontournables et conseils pratiques<\/a><\/li>\n<li style=\"margin-bottom:10px;\"><a href=\"https:\/\/monmaghreb.com\/index.php\/2026\/03\/11\/maroc-une-mere-perd-sa-vie-dans-un-puits-enquete-sur-la-responsabilite-de-letat\/\" style=\"color:#0066cc;text-decoration:none;font-weight:500;\" title=\"Maroc : une m\u00e8re perd sa vie dans un puits &#8211; Enqu\u00eate sur la responsabilit\u00e9 de l&#8217;\u00c9tat\">Maroc : une m\u00e8re perd sa vie dans un puits &#8211; Enqu\u00eate sur la responsabilit\u00e9 de l&#8217;\u00c9tat<\/a><\/li>\n<li style=\"margin-bottom:10px;\"><a href=\"https:\/\/monmaghreb.com\/index.php\/2026\/03\/08\/le-maroc-nouveau-rival-du-tourisme-du-maghreb-en-france-en-2025-un-appel-aux-lecteurs-de-la-diaspora\/\" style=\"color:#0066cc;text-decoration:none;font-weight:500;\" title=\"Le Maroc, nouveau rival du tourisme du Maghreb en France en 2025 : un appel aux lecteurs de la diaspora\">Le Maroc, nouveau rival du tourisme du Maghreb en France en 2025 : un appel aux lecteurs de la diaspora<\/a><\/li>\n<li style=\"margin-bottom:10px;\"><a href=\"https:\/\/monmaghreb.com\/index.php\/2026\/03\/10\/menu-de-laid-marocain-les-plats-traditionnels-a-preparer\/\" style=\"color:#0066cc;text-decoration:none;font-weight:500;\" title=\"Menu de l&#8217;A\u00efd marocain : les plats traditionnels \u00e0 pr\u00e9parer\">Menu de l&#8217;A\u00efd marocain : les plats traditionnels \u00e0 pr\u00e9parer<\/a><\/li>\n<\/ul>\n<\/div>\n<p><\/body><br \/>\n<\/html><\/p>\n","protected":false},"excerpt":{"rendered":"<p>D\u00e9couvrez les d\u00e9tails de l&#8217;incident impliquant un touriste marocain \u00e0 Perpignan, France. Enqu\u00eate et informations cl\u00e9s.<\/p>\n","protected":false},"author":1,"featured_media":1010,"comment_status":"closed","ping_status":"open","sticky":false,"template":"","format":"standard","meta":{"_yoast_wpseo_focuskw":"","_yoast_wpseo_title":"","_yoast_wpseo_metadesc":"","_yoast_wpseo_canonical":"","_yoast_wpseo_opengraph-title":"","_yoast_wpseo_opengraph-description":"","_yoast_wpseo_opengraph-image":"","tdm_status":"","tdm_grid_status":"","footnotes":""},"categories":[655],"tags":[760,759,756,758,757],"class_list":["post-1011","post","type-post","status-publish","format-standard","has-post-thumbnail","hentry","category-maroc","tag-article-enquete","tag-culture-francaise","tag-france-voyage","tag-maroc-tourist","tag-perpignan-incident"],"yoast_head":"<!-- This site is optimized with the Yoast SEO plugin v27.4 - https:\/\/yoast.com\/product\/yoast-seo-wordpress\/ -->\n<title>Perpignan, Cas de col\u00e8re : enqu\u00eate sur l&#039;incident impliquant un touriste marocain - Mon Maghreb<\/title>\n<meta name=\"robots\" content=\"index, follow, max-snippet:-1, max-image-preview:large, max-video-preview:-1\" \/>\n<link rel=\"canonical\" href=\"https:\/\/monmaghreb.com\/index.php\/2026\/03\/11\/perpignan-cas-de-colere-enquete-sur-lincident-impliquant-un-touriste-marocain\/\" \/>\n<meta property=\"og:locale\" content=\"en_US\" \/>\n<meta property=\"og:type\" content=\"article\" \/>\n<meta property=\"og:title\" content=\"Perpignan, Cas de col\u00e8re : enqu\u00eate sur l&#039;incident impliquant un touriste marocain - Mon Maghreb\" \/>\n<meta property=\"og:description\" content=\"D\u00e9couvrez les d\u00e9tails de l&#039;incident impliquant un touriste marocain \u00e0 Perpignan, France. Enqu\u00eate et informations cl\u00e9s.\" \/>\n<meta property=\"og:url\" content=\"https:\/\/monmaghreb.com\/index.php\/2026\/03\/11\/perpignan-cas-de-colere-enquete-sur-lincident-impliquant-un-touriste-marocain\/\" \/>\n<meta property=\"og:site_name\" content=\"Mon Maghreb\" \/>\n<meta property=\"article:author\" content=\"https:\/\/www.facebook.com\/monmaghrebcom\" \/>\n<meta property=\"article:published_time\" content=\"2026-03-11T05:34:58+00:00\" \/>\n<meta property=\"article:modified_time\" content=\"2026-03-11T05:35:03+00:00\" \/>\n<meta property=\"og:image\" content=\"https:\/\/monmaghreb.com\/wp-content\/uploads\/2026\/03\/featured-49.jpg\" \/>\n\t<meta property=\"og:image:width\" content=\"1880\" \/>\n\t<meta property=\"og:image:height\" content=\"1152\" \/>\n\t<meta property=\"og:image:type\" content=\"image\/jpeg\" \/>\n<meta name=\"author\" content=\"LaMagh\" \/>\n<meta name=\"twitter:card\" content=\"summary_large_image\" \/>\n<meta name=\"twitter:creator\" content=\"@MMaghreb50977\" \/>\n<meta name=\"twitter:label1\" content=\"Written by\" \/>\n\t<meta name=\"twitter:data1\" content=\"LaMagh\" \/>\n\t<meta name=\"twitter:label2\" content=\"Est. reading time\" \/>\n\t<meta name=\"twitter:data2\" content=\"5 minutes\" \/>\n<script type=\"application\/ld+json\" class=\"yoast-schema-graph\">{\"@context\":\"https:\\\/\\\/schema.org\",\"@graph\":[{\"@type\":\"Article\",\"@id\":\"https:\\\/\\\/monmaghreb.com\\\/index.php\\\/2026\\\/03\\\/11\\\/perpignan-cas-de-colere-enquete-sur-lincident-impliquant-un-touriste-marocain\\\/#article\",\"isPartOf\":{\"@id\":\"https:\\\/\\\/monmaghreb.com\\\/index.php\\\/2026\\\/03\\\/11\\\/perpignan-cas-de-colere-enquete-sur-lincident-impliquant-un-touriste-marocain\\\/\"},\"author\":{\"name\":\"LaMagh\",\"@id\":\"http:\\\/\\\/monmaghreb.com\\\/#\\\/schema\\\/person\\\/c469a89dc8c6b8987dcb438b1200d054\"},\"headline\":\"Perpignan, Cas de col\u00e8re : enqu\u00eate sur l&#8217;incident impliquant un touriste marocain\",\"datePublished\":\"2026-03-11T05:34:58+00:00\",\"dateModified\":\"2026-03-11T05:35:03+00:00\",\"mainEntityOfPage\":{\"@id\":\"https:\\\/\\\/monmaghreb.com\\\/index.php\\\/2026\\\/03\\\/11\\\/perpignan-cas-de-colere-enquete-sur-lincident-impliquant-un-touriste-marocain\\\/\"},\"wordCount\":965,\"publisher\":{\"@id\":\"http:\\\/\\\/monmaghreb.com\\\/#organization\"},\"image\":{\"@id\":\"https:\\\/\\\/monmaghreb.com\\\/index.php\\\/2026\\\/03\\\/11\\\/perpignan-cas-de-colere-enquete-sur-lincident-impliquant-un-touriste-marocain\\\/#primaryimage\"},\"thumbnailUrl\":\"https:\\\/\\\/monmaghreb.com\\\/wp-content\\\/uploads\\\/2026\\\/03\\\/featured-49.jpg\",\"keywords\":[\"article enqu\u00eate\",\"culture fran\u00e7aise\",\"france voyage\",\"maroc tourist\",\"perpignan incident\"],\"articleSection\":[\"Maroc\"],\"inLanguage\":\"en-US\"},{\"@type\":\"WebPage\",\"@id\":\"https:\\\/\\\/monmaghreb.com\\\/index.php\\\/2026\\\/03\\\/11\\\/perpignan-cas-de-colere-enquete-sur-lincident-impliquant-un-touriste-marocain\\\/\",\"url\":\"https:\\\/\\\/monmaghreb.com\\\/index.php\\\/2026\\\/03\\\/11\\\/perpignan-cas-de-colere-enquete-sur-lincident-impliquant-un-touriste-marocain\\\/\",\"name\":\"Perpignan, Cas de col\u00e8re : enqu\u00eate sur l'incident impliquant un touriste marocain - Mon Maghreb\",\"isPartOf\":{\"@id\":\"http:\\\/\\\/monmaghreb.com\\\/#website\"},\"primaryImageOfPage\":{\"@id\":\"https:\\\/\\\/monmaghreb.com\\\/index.php\\\/2026\\\/03\\\/11\\\/perpignan-cas-de-colere-enquete-sur-lincident-impliquant-un-touriste-marocain\\\/#primaryimage\"},\"image\":{\"@id\":\"https:\\\/\\\/monmaghreb.com\\\/index.php\\\/2026\\\/03\\\/11\\\/perpignan-cas-de-colere-enquete-sur-lincident-impliquant-un-touriste-marocain\\\/#primaryimage\"},\"thumbnailUrl\":\"https:\\\/\\\/monmaghreb.com\\\/wp-content\\\/uploads\\\/2026\\\/03\\\/featured-49.jpg\",\"datePublished\":\"2026-03-11T05:34:58+00:00\",\"dateModified\":\"2026-03-11T05:35:03+00:00\",\"breadcrumb\":{\"@id\":\"https:\\\/\\\/monmaghreb.com\\\/index.php\\\/2026\\\/03\\\/11\\\/perpignan-cas-de-colere-enquete-sur-lincident-impliquant-un-touriste-marocain\\\/#breadcrumb\"},\"inLanguage\":\"en-US\",\"potentialAction\":[{\"@type\":\"ReadAction\",\"target\":[\"https:\\\/\\\/monmaghreb.com\\\/index.php\\\/2026\\\/03\\\/11\\\/perpignan-cas-de-colere-enquete-sur-lincident-impliquant-un-touriste-marocain\\\/\"]}]},{\"@type\":\"ImageObject\",\"inLanguage\":\"en-US\",\"@id\":\"https:\\\/\\\/monmaghreb.com\\\/index.php\\\/2026\\\/03\\\/11\\\/perpignan-cas-de-colere-enquete-sur-lincident-impliquant-un-touriste-marocain\\\/#primaryimage\",\"url\":\"https:\\\/\\\/monmaghreb.com\\\/wp-content\\\/uploads\\\/2026\\\/03\\\/featured-49.jpg\",\"contentUrl\":\"https:\\\/\\\/monmaghreb.com\\\/wp-content\\\/uploads\\\/2026\\\/03\\\/featured-49.jpg\",\"width\":1880,\"height\":1152,\"caption\":\"Touriste marocain en col\u00e8re devant un policier fran\u00e7ais \u00e0 Perpignan\"},{\"@type\":\"BreadcrumbList\",\"@id\":\"https:\\\/\\\/monmaghreb.com\\\/index.php\\\/2026\\\/03\\\/11\\\/perpignan-cas-de-colere-enquete-sur-lincident-impliquant-un-touriste-marocain\\\/#breadcrumb\",\"itemListElement\":[{\"@type\":\"ListItem\",\"position\":1,\"name\":\"Home\",\"item\":\"http:\\\/\\\/monmaghreb.com\\\/\"},{\"@type\":\"ListItem\",\"position\":2,\"name\":\"Perpignan, Cas de col\u00e8re : enqu\u00eate sur l&#8217;incident impliquant un touriste marocain\"}]},{\"@type\":\"WebSite\",\"@id\":\"http:\\\/\\\/monmaghreb.com\\\/#website\",\"url\":\"http:\\\/\\\/monmaghreb.com\\\/\",\"name\":\"Mon Maghreb\",\"description\":\"MonMaghreb United\",\"publisher\":{\"@id\":\"http:\\\/\\\/monmaghreb.com\\\/#organization\"},\"alternateName\":\"Le Monde du Maghreb et au del\u00e0\",\"potentialAction\":[{\"@type\":\"SearchAction\",\"target\":{\"@type\":\"EntryPoint\",\"urlTemplate\":\"http:\\\/\\\/monmaghreb.com\\\/?s={search_term_string}\"},\"query-input\":{\"@type\":\"PropertyValueSpecification\",\"valueRequired\":true,\"valueName\":\"search_term_string\"}}],\"inLanguage\":\"en-US\"},{\"@type\":\"Organization\",\"@id\":\"http:\\\/\\\/monmaghreb.com\\\/#organization\",\"name\":\"Mon Maghreb\",\"url\":\"http:\\\/\\\/monmaghreb.com\\\/\",\"logo\":{\"@type\":\"ImageObject\",\"inLanguage\":\"en-US\",\"@id\":\"http:\\\/\\\/monmaghreb.com\\\/#\\\/schema\\\/logo\\\/image\\\/\",\"url\":\"https:\\\/\\\/monmaghreb.com\\\/wp-content\\\/uploads\\\/2025\\\/12\\\/Mon_Maghreb_Logo.jpg\",\"contentUrl\":\"https:\\\/\\\/monmaghreb.com\\\/wp-content\\\/uploads\\\/2025\\\/12\\\/Mon_Maghreb_Logo.jpg\",\"width\":814,\"height\":374,\"caption\":\"Mon Maghreb\"},\"image\":{\"@id\":\"http:\\\/\\\/monmaghreb.com\\\/#\\\/schema\\\/logo\\\/image\\\/\"}},{\"@type\":\"Person\",\"@id\":\"http:\\\/\\\/monmaghreb.com\\\/#\\\/schema\\\/person\\\/c469a89dc8c6b8987dcb438b1200d054\",\"name\":\"LaMagh\",\"image\":{\"@type\":\"ImageObject\",\"inLanguage\":\"en-US\",\"@id\":\"https:\\\/\\\/secure.gravatar.com\\\/avatar\\\/399d8144bd55fba55e056779aca52fe528bac7911f6449e54d81173d6dfd7f0a?s=96&d=mm&r=g\",\"url\":\"https:\\\/\\\/secure.gravatar.com\\\/avatar\\\/399d8144bd55fba55e056779aca52fe528bac7911f6449e54d81173d6dfd7f0a?s=96&d=mm&r=g\",\"contentUrl\":\"https:\\\/\\\/secure.gravatar.com\\\/avatar\\\/399d8144bd55fba55e056779aca52fe528bac7911f6449e54d81173d6dfd7f0a?s=96&d=mm&r=g\",\"caption\":\"LaMagh\"},\"sameAs\":[\"https:\\\/\\\/monmaghreb.com\",\"https:\\\/\\\/www.facebook.com\\\/monmaghrebcom\",\"https:\\\/\\\/x.com\\\/MMaghreb50977\"],\"url\":\"https:\\\/\\\/monmaghreb.com\\\/index.php\\\/author\\\/lamagh\\\/\"}]}<\/script>\n<!-- \/ Yoast SEO plugin. -->","yoast_head_json":{"title":"Perpignan, Cas de col\u00e8re : enqu\u00eate sur l'incident impliquant un touriste marocain - Mon Maghreb","robots":{"index":"index","follow":"follow","max-snippet":"max-snippet:-1","max-image-preview":"max-image-preview:large","max-video-preview":"max-video-preview:-1"},"canonical":"https:\/\/monmaghreb.com\/index.php\/2026\/03\/11\/perpignan-cas-de-colere-enquete-sur-lincident-impliquant-un-touriste-marocain\/","og_locale":"en_US","og_type":"article","og_title":"Perpignan, Cas de col\u00e8re : enqu\u00eate sur l'incident impliquant un touriste marocain - Mon Maghreb","og_description":"D\u00e9couvrez les d\u00e9tails de l'incident impliquant un touriste marocain \u00e0 Perpignan, France. Enqu\u00eate et informations cl\u00e9s.","og_url":"https:\/\/monmaghreb.com\/index.php\/2026\/03\/11\/perpignan-cas-de-colere-enquete-sur-lincident-impliquant-un-touriste-marocain\/","og_site_name":"Mon Maghreb","article_author":"https:\/\/www.facebook.com\/monmaghrebcom","article_published_time":"2026-03-11T05:34:58+00:00","article_modified_time":"2026-03-11T05:35:03+00:00","og_image":[{"width":1880,"height":1152,"url":"https:\/\/monmaghreb.com\/wp-content\/uploads\/2026\/03\/featured-49.jpg","type":"image\/jpeg"}],"author":"LaMagh","twitter_card":"summary_large_image","twitter_creator":"@MMaghreb50977","twitter_misc":{"Written by":"LaMagh","Est. reading time":"5 minutes"},"schema":{"@context":"https:\/\/schema.org","@graph":[{"@type":"Article","@id":"https:\/\/monmaghreb.com\/index.php\/2026\/03\/11\/perpignan-cas-de-colere-enquete-sur-lincident-impliquant-un-touriste-marocain\/#article","isPartOf":{"@id":"https:\/\/monmaghreb.com\/index.php\/2026\/03\/11\/perpignan-cas-de-colere-enquete-sur-lincident-impliquant-un-touriste-marocain\/"},"author":{"name":"LaMagh","@id":"http:\/\/monmaghreb.com\/#\/schema\/person\/c469a89dc8c6b8987dcb438b1200d054"},"headline":"Perpignan, Cas de col\u00e8re : enqu\u00eate sur l&#8217;incident impliquant un touriste marocain","datePublished":"2026-03-11T05:34:58+00:00","dateModified":"2026-03-11T05:35:03+00:00","mainEntityOfPage":{"@id":"https:\/\/monmaghreb.com\/index.php\/2026\/03\/11\/perpignan-cas-de-colere-enquete-sur-lincident-impliquant-un-touriste-marocain\/"},"wordCount":965,"publisher":{"@id":"http:\/\/monmaghreb.com\/#organization"},"image":{"@id":"https:\/\/monmaghreb.com\/index.php\/2026\/03\/11\/perpignan-cas-de-colere-enquete-sur-lincident-impliquant-un-touriste-marocain\/#primaryimage"},"thumbnailUrl":"https:\/\/monmaghreb.com\/wp-content\/uploads\/2026\/03\/featured-49.jpg","keywords":["article enqu\u00eate","culture fran\u00e7aise","france voyage","maroc tourist","perpignan incident"],"articleSection":["Maroc"],"inLanguage":"en-US"},{"@type":"WebPage","@id":"https:\/\/monmaghreb.com\/index.php\/2026\/03\/11\/perpignan-cas-de-colere-enquete-sur-lincident-impliquant-un-touriste-marocain\/","url":"https:\/\/monmaghreb.com\/index.php\/2026\/03\/11\/perpignan-cas-de-colere-enquete-sur-lincident-impliquant-un-touriste-marocain\/","name":"Perpignan, Cas de col\u00e8re : enqu\u00eate sur l'incident impliquant un touriste marocain - Mon Maghreb","isPartOf":{"@id":"http:\/\/monmaghreb.com\/#website"},"primaryImageOfPage":{"@id":"https:\/\/monmaghreb.com\/index.php\/2026\/03\/11\/perpignan-cas-de-colere-enquete-sur-lincident-impliquant-un-touriste-marocain\/#primaryimage"},"image":{"@id":"https:\/\/monmaghreb.com\/index.php\/2026\/03\/11\/perpignan-cas-de-colere-enquete-sur-lincident-impliquant-un-touriste-marocain\/#primaryimage"},"thumbnailUrl":"https:\/\/monmaghreb.com\/wp-content\/uploads\/2026\/03\/featured-49.jpg","datePublished":"2026-03-11T05:34:58+00:00","dateModified":"2026-03-11T05:35:03+00:00","breadcrumb":{"@id":"https:\/\/monmaghreb.com\/index.php\/2026\/03\/11\/perpignan-cas-de-colere-enquete-sur-lincident-impliquant-un-touriste-marocain\/#breadcrumb"},"inLanguage":"en-US","potentialAction":[{"@type":"ReadAction","target":["https:\/\/monmaghreb.com\/index.php\/2026\/03\/11\/perpignan-cas-de-colere-enquete-sur-lincident-impliquant-un-touriste-marocain\/"]}]},{"@type":"ImageObject","inLanguage":"en-US","@id":"https:\/\/monmaghreb.com\/index.php\/2026\/03\/11\/perpignan-cas-de-colere-enquete-sur-lincident-impliquant-un-touriste-marocain\/#primaryimage","url":"https:\/\/monmaghreb.com\/wp-content\/uploads\/2026\/03\/featured-49.jpg","contentUrl":"https:\/\/monmaghreb.com\/wp-content\/uploads\/2026\/03\/featured-49.jpg","width":1880,"height":1152,"caption":"Touriste marocain en col\u00e8re devant un policier fran\u00e7ais \u00e0 Perpignan"},{"@type":"BreadcrumbList","@id":"https:\/\/monmaghreb.com\/index.php\/2026\/03\/11\/perpignan-cas-de-colere-enquete-sur-lincident-impliquant-un-touriste-marocain\/#breadcrumb","itemListElement":[{"@type":"ListItem","position":1,"name":"Home","item":"http:\/\/monmaghreb.com\/"},{"@type":"ListItem","position":2,"name":"Perpignan, Cas de col\u00e8re : enqu\u00eate sur l&#8217;incident impliquant un touriste marocain"}]},{"@type":"WebSite","@id":"http:\/\/monmaghreb.com\/#website","url":"http:\/\/monmaghreb.com\/","name":"Mon Maghreb","description":"MonMaghreb United","publisher":{"@id":"http:\/\/monmaghreb.com\/#organization"},"alternateName":"Le Monde du Maghreb et au del\u00e0","potentialAction":[{"@type":"SearchAction","target":{"@type":"EntryPoint","urlTemplate":"http:\/\/monmaghreb.com\/?s={search_term_string}"},"query-input":{"@type":"PropertyValueSpecification","valueRequired":true,"valueName":"search_term_string"}}],"inLanguage":"en-US"},{"@type":"Organization","@id":"http:\/\/monmaghreb.com\/#organization","name":"Mon Maghreb","url":"http:\/\/monmaghreb.com\/","logo":{"@type":"ImageObject","inLanguage":"en-US","@id":"http:\/\/monmaghreb.com\/#\/schema\/logo\/image\/","url":"https:\/\/monmaghreb.com\/wp-content\/uploads\/2025\/12\/Mon_Maghreb_Logo.jpg","contentUrl":"https:\/\/monmaghreb.com\/wp-content\/uploads\/2025\/12\/Mon_Maghreb_Logo.jpg","width":814,"height":374,"caption":"Mon Maghreb"},"image":{"@id":"http:\/\/monmaghreb.com\/#\/schema\/logo\/image\/"}},{"@type":"Person","@id":"http:\/\/monmaghreb.com\/#\/schema\/person\/c469a89dc8c6b8987dcb438b1200d054","name":"LaMagh","image":{"@type":"ImageObject","inLanguage":"en-US","@id":"https:\/\/secure.gravatar.com\/avatar\/399d8144bd55fba55e056779aca52fe528bac7911f6449e54d81173d6dfd7f0a?s=96&d=mm&r=g","url":"https:\/\/secure.gravatar.com\/avatar\/399d8144bd55fba55e056779aca52fe528bac7911f6449e54d81173d6dfd7f0a?s=96&d=mm&r=g","contentUrl":"https:\/\/secure.gravatar.com\/avatar\/399d8144bd55fba55e056779aca52fe528bac7911f6449e54d81173d6dfd7f0a?s=96&d=mm&r=g","caption":"LaMagh"},"sameAs":["https:\/\/monmaghreb.com","https:\/\/www.facebook.com\/monmaghrebcom","https:\/\/x.com\/MMaghreb50977"],"url":"https:\/\/monmaghreb.com\/index.php\/author\/lamagh\/"}]}},"_links":{"self":[{"href":"https:\/\/monmaghreb.com\/index.php\/wp-json\/wp\/v2\/posts\/1011","targetHints":{"allow":["GET"]}}],"collection":[{"href":"https:\/\/monmaghreb.com\/index.php\/wp-json\/wp\/v2\/posts"}],"about":[{"href":"https:\/\/monmaghreb.com\/index.php\/wp-json\/wp\/v2\/types\/post"}],"author":[{"embeddable":true,"href":"https:\/\/monmaghreb.com\/index.php\/wp-json\/wp\/v2\/users\/1"}],"replies":[{"embeddable":true,"href":"https:\/\/monmaghreb.com\/index.php\/wp-json\/wp\/v2\/comments?post=1011"}],"version-history":[{"count":1,"href":"https:\/\/monmaghreb.com\/index.php\/wp-json\/wp\/v2\/posts\/1011\/revisions"}],"predecessor-version":[{"id":1012,"href":"https:\/\/monmaghreb.com\/index.php\/wp-json\/wp\/v2\/posts\/1011\/revisions\/1012"}],"wp:featuredmedia":[{"embeddable":true,"href":"https:\/\/monmaghreb.com\/index.php\/wp-json\/wp\/v2\/media\/1010"}],"wp:attachment":[{"href":"https:\/\/monmaghreb.com\/index.php\/wp-json\/wp\/v2\/media?parent=1011"}],"wp:term":[{"taxonomy":"category","embeddable":true,"href":"https:\/\/monmaghreb.com\/index.php\/wp-json\/wp\/v2\/categories?post=1011"},{"taxonomy":"post_tag","embeddable":true,"href":"https:\/\/monmaghreb.com\/index.php\/wp-json\/wp\/v2\/tags?post=1011"}],"curies":[{"name":"wp","href":"https:\/\/api.w.org\/{rel}","templated":true}]}}