{"id":1020,"date":"2026-03-11T12:28:09","date_gmt":"2026-03-11T12:28:09","guid":{"rendered":"https:\/\/monmaghreb.com\/index.php\/2026\/03\/11\/souhaiter-aid-moubarak-messages-et-voeux-pour-le-jour-sacre-de-lislam\/"},"modified":"2026-03-11T12:28:15","modified_gmt":"2026-03-11T12:28:15","slug":"souhaiter-aid-moubarak-messages-et-voeux-pour-le-jour-sacre-de-lislam","status":"publish","type":"post","link":"https:\/\/monmaghreb.com\/index.php\/2026\/03\/11\/souhaiter-aid-moubarak-messages-et-voeux-pour-le-jour-sacre-de-lislam\/","title":{"rendered":"Souhaiter A\u00efd Moubarak : messages et v\u0153ux pour le jour sacr\u00e9 de l&#8217;islam"},"content":{"rendered":"<p><!DOCTYPE html><br \/>\n<html lang='fr'><br \/>\n<head><br \/>\n <meta charset='UTF-8'><br \/>\n <title>Souhaiter A\u00efd Moubarak : messages et v\u0153ux pour le jour sacr\u00e9 de l&#8217;islam<\/title><br \/>\n<\/head><br \/>\n<body><\/p>\n<h1>Souhaiter A\u00efd Moubarak : messages et v\u0153ux pour le jour sacr\u00e9 de l&#8217;islam<\/h1>\n<p> <script type=\"application\/ld+json\">\n{\n  \"@context\": \"https:\/\/schema.org\/\",\n  \"@type\": \"Recipe\",\n  \"name\": \"Souhaiter A\u00efd Moubarak : messages et v\u0153ux pour le jour sacr\u00e9 de l'islam\",\n  \"description\": \"\",\n  \"prepTime\": \"PT30M\",\n  \"cookTime\": \"PT30M\",\n  \"totalTime\": \"PT30M\",\n  \"recipeYield\": \"4 servings\",\n  \"recipeIngredient\": [],\n  \"recipeInstructions\": [],\n  \"recipeCategory\": \"Main Course\",\n  \"recipeCuisine\": \"Maghrebi\",\n  \"keywords\": \"\",\n  \"datePublished\": \"2026-03-11\",\n  \"author\": {\n    \"@type\": \"Organization\",\n    \"name\": \"\"\n  }\n}\n<\/script><\/p>\n<p>Au c\u0153ur de la tradition islamique, l&#8217;A\u00efd Moubarak est un jour sacr\u00e9 qui marque la fin du Ramadan et l&#8217;accomplissement des v\u0153ux pr\u00eat\u00e9s pendant cette p\u00e9riode. Pour les <a href=\"https:\/\/monmaghreb.com\/index.php\/2026\/03\/09\/garder-lelan-spirituel-du-ramadan-apres-laid-conseils-pour-les-maghrebins-de-la-diaspora\/\" title=\"Garder l&#8217;\u00e9lan spirituel du Ramadan apr\u00e8s l&#8217;A\u00efd : Conseils pour les Maghr\u00e9bins de la diaspora\">Maghr\u00e9bins<\/a> de la diaspora, cet \u00e9v\u00e9nement est souvent l&#8217;occasion de se r\u00e9unir avec leur famille et leurs amis pour c\u00e9l\u00e9brer en grand ce jour sacr\u00e9.<\/p>\n<p>En r\u00e9alit\u00e9, l&#8217;A\u00efd Moubarak a des racines profondes dans les \u00c9critures sainte coraniques. Selon le Coran, Allah a cr\u00e9\u00e9 Adam \u00e0 partir de poussi\u00e8re et lui a accord\u00e9 la libert\u00e9 de choisir entre le bien et le mal. Pendant le Ramadan, les musulmans se mettent \u00e0 jeun pour remercier Allah des bienfaits qu&#8217;il leur a accord\u00e9s.<\/p>\n<p>Le nom A\u00efd Moubarak vient du Coran et signifie \u00ab la joie sacr\u00e9e \u00bb. Le jour est aussi connu sous le nom de F\u00eate de l&#8217;Ascension et de la fin du Ramadan. C&#8217;est une occasion pour les musulmans de se r\u00e9unir, de se pardonner mutuellement et de renforcer leur foi envers Allah.<\/p>\n<h2>V\u0153ux pour l&#8217;A\u00efd Moubarak<\/h2>\n<p>Il est courant d&#8217;\u00e9changer des v\u0153ux et des messages d&#8217;amour et de bienfaits pour l&#8217;A\u00efd Moubarak. Ces v\u0153ux sont souvent bas\u00e9s sur les souhaits pour un avenir prosp\u00e8re et heureux, mais aussi pour la paix, la justice sociale et la sant\u00e9.<\/p>\n<ul>\n<li>\u00ab Je vous souhaite une f\u00eate joyeuse et riche de b\u00e9n\u00e9dictions. May Allah accept your fasting and grant you a reward that is multiplied manifold.\u00bb<\/li>\n<li>\u00ab May the blessings of A\u00efd Moubarak fill your home with happiness and prosperity.<\/li>\n<li>\u00ab I wish for your life to be filled with joy, abundance and peace during this blessed day.<\/li>\n<li>\u00ab May Allah bless you and grant you a year full of success, health and happiness.\u00bb<\/li>\n<\/ul>\n<h2>Les coutumes et les traditions de l&#8217;A\u00efd Moubarak<\/h2>\n<p>Le jour du A\u00efd Moubarak est marqu\u00e9 par des coutumes et des traditions qui varient selon les r\u00e9gions et les familles. Mais tous ces rites ont une signification importante pour les musulmans.<\/p>\n<p>En Alg\u00e9rie, par exemple, il est traditionnel de manger une sp\u00e9cialit\u00e9 culinaire appel\u00e9e &#8220;mghazli&#8221; le jour de l&#8217;A\u00efd Moubarak. C&#8217;est un plat fait \u00e0 partir de graines de s\u00e9same et de sucre qui repr\u00e9sente la richesse et la prosp\u00e9rit\u00e9.<\/p>\n<ul>\n<li>Salat al-Eid : le salut d&#8217;A\u00efd est une pri\u00e8re sp\u00e9ciale r\u00e9cit\u00e9e dans la mosqu\u00e9e apr\u00e8s le lever du soleil et juste avant de manger l&#8217;a\u00efdia.<\/li>\n<li>Les offrandes aux pauvres : il est coutume de partager son a\u00efdia avec les pauvres et \u00e0 leurs voisins.<\/li>\n<li>Visites familiales : l&#8217;A\u00efd Moubarak est aussi une occasion pour les familles et amis de se r\u00e9unir pour partager des histoires, de manger ensemble et d&#8217;exprimer leur gratitude envers Allah.<\/li>\n<\/ul>\n<h2>Le message de l&#8217;A\u00efd Moubarak<\/h2>\n<p>Le message de l&#8217;A\u00efd Moubarak est un appel \u00e0 la paix, la compassion et l&#8217;unit\u00e9 envers les autres. Il est important pour tous les musulmans de se tenir ensemble dans l&#8217;esprit de charit\u00e9 et de solidarit\u00e9.<\/p>\n<p>Il est \u00e9galement essentiel de rappeler que l&#8217;A\u00efd Moubarak est un moment fort pour renforcer les liens avec la famille, les amis et les voisins. Il s&#8217;agit d&#8217;une occasion pour les musulmans de se r\u00e9unir et de partager des moments de joie et de paix.<\/p>\n<h2>Appel \u00e0 l&#8217;action<\/h2>\n<p>Si vous souhaitez apporter votre aide \u00e0 vos coreligionnaires pendant cette p\u00e9riode sacr\u00e9e, vous pouvez aider en faisant des offrandes aux pauvres ou en participant \u00e0 une campagne de charit\u00e9. Le soutien des musulmans du Maghreb et dans la diaspora est plus important que jamais.<\/p>\n<p>Il suffit de se rappeler que l&#8217;A\u00efd Moubarak est un moment fort pour la communaut\u00e9 islamique tout enti\u00e8re, et qu&#8217;il est essentiel de montrer compassion et solidarit\u00e9 envers les autres.<\/p>\n<div style=\"background:#f8f9fa;border-left:4px solid #0066cc;border-radius:6px;padding:20px 24px;margin:32px 0;\">\n<p style=\"font-size:13px;color:#888;text-transform:uppercase;letter-spacing:0.8px;margin:0 0 6px 0;\">Vous pourriez aussi aimer<\/p>\n<h3 style=\"font-size:18px;margin:0 0 14px 0;color:#222;\">Articles similaires<\/h3>\n<ul style=\"margin:0;padding-left:20px;list-style:disc;\">\n<li style=\"margin-bottom:10px;\"><a href=\"https:\/\/monmaghreb.com\/index.php\/2026\/03\/09\/garder-lelan-spirituel-du-ramadan-apres-laid-conseils-pour-les-maghrebins-de-la-diaspora\/\" style=\"color:#0066cc;text-decoration:none;font-weight:500;\" title=\"Garder l&#8217;\u00e9lan spirituel du Ramadan apr\u00e8s l&#8217;A\u00efd : Conseils pour les Maghr\u00e9bins de la diaspora\">Garder l&#8217;\u00e9lan spirituel du Ramadan apr\u00e8s l&#8217;A\u00efd : Conseils pour les Maghr\u00e9bins de la diaspora<\/a><\/li>\n<li style=\"margin-bottom:10px;\"><a href=\"https:\/\/monmaghreb.com\/index.php\/2026\/03\/08\/le-maroc-nouveau-rival-du-tourisme-du-maghreb-en-france-en-2025-un-appel-aux-lecteurs-de-la-diaspora\/\" style=\"color:#0066cc;text-decoration:none;font-weight:500;\" title=\"Le Maroc, nouveau rival du tourisme du Maghreb en France en 2025 : un appel aux lecteurs de la diaspora\">Le Maroc, nouveau rival du tourisme du Maghreb en France en 2025 : un appel aux lecteurs de la diaspora<\/a><\/li>\n<li style=\"margin-bottom:10px;\"><a href=\"https:\/\/monmaghreb.com\/index.php\/2026\/03\/09\/laylat-al-qadr-comment-passer-les-dernieres-nuits-du-ramadan-en-famille\/\" style=\"color:#0066cc;text-decoration:none;font-weight:500;\" title=\"Laylat al-Qadr : comment passer les derni\u00e8res nuits du Ramadan en famille\">Laylat al-Qadr : comment passer les derni\u00e8res nuits du Ramadan en famille<\/a><\/li>\n<li style=\"margin-bottom:10px;\"><a href=\"https:\/\/monmaghreb.com\/index.php\/2026\/03\/11\/onhym-les-derniers-projets-strategiques-lies-au-gazoduc-maghreb-europe\/\" style=\"color:#0066cc;text-decoration:none;font-weight:500;\" title=\"ONHYM : les derniers projets strat\u00e9giques li\u00e9s au Gazoduc Maghreb-Europe\">ONHYM : les derniers projets strat\u00e9giques li\u00e9s au Gazoduc Maghreb-Europe<\/a><\/li>\n<li style=\"margin-bottom:10px;\"><a href=\"https:\/\/monmaghreb.com\/index.php\/2026\/03\/10\/algerie-et-espagne-la-controverse-du-gazoduc-maghreb-europe-en-detail\/\" style=\"color:#0066cc;text-decoration:none;font-weight:500;\" title=\"Alg\u00e9rie et Espagne : la controverse du gazoduc Maghreb Europe en d\u00e9tail\">Alg\u00e9rie et Espagne : la controverse du gazoduc Maghreb Europe en d\u00e9tail<\/a><\/li>\n<\/ul>\n<\/div>\n<p><\/body><br \/>\n<\/html><\/p>\n","protected":false},"excerpt":{"rendered":"<p>C\u00e9l\u00e9brez Aid Moubarak avec des messages et v\u0153ux pour ce jour sacr\u00e9 de l&#8217;islam. Retrouvez les traditions Maghr\u00e9bines en diaspora.<\/p>\n","protected":false},"author":1,"featured_media":1019,"comment_status":"closed","ping_status":"open","sticky":false,"template":"","format":"standard","meta":{"_yoast_wpseo_focuskw":"","_yoast_wpseo_title":"","_yoast_wpseo_metadesc":"","_yoast_wpseo_canonical":"","_yoast_wpseo_opengraph-title":"","_yoast_wpseo_opengraph-description":"","_yoast_wpseo_opengraph-image":"","tdm_status":"","tdm_grid_status":"","footnotes":""},"categories":[651],"tags":[769,770,614,726,605],"class_list":["post-1020","post","type-post","status-publish","format-standard","has-post-thumbnail","hentry","category-ramadan-iftar","tag-aid-moubarak","tag-celebration","tag-maghreb-culture","tag-muslim-diaspora","tag-ramadan"],"yoast_head":"<!-- This site is optimized with the Yoast SEO plugin v27.4 - https:\/\/yoast.com\/product\/yoast-seo-wordpress\/ -->\n<title>Souhaiter A\u00efd Moubarak : messages et v\u0153ux pour le jour sacr\u00e9 de l&#039;islam - Mon Maghreb<\/title>\n<meta name=\"robots\" content=\"index, follow, max-snippet:-1, max-image-preview:large, max-video-preview:-1\" \/>\n<link rel=\"canonical\" href=\"https:\/\/monmaghreb.com\/index.php\/2026\/03\/11\/souhaiter-aid-moubarak-messages-et-voeux-pour-le-jour-sacre-de-lislam\/\" \/>\n<meta property=\"og:locale\" content=\"en_US\" \/>\n<meta property=\"og:type\" content=\"article\" \/>\n<meta property=\"og:title\" content=\"Souhaiter A\u00efd Moubarak : messages et v\u0153ux pour le jour sacr\u00e9 de l&#039;islam - Mon Maghreb\" \/>\n<meta property=\"og:description\" content=\"C\u00e9l\u00e9brez Aid Moubarak avec des messages et v\u0153ux pour ce jour sacr\u00e9 de l&#039;islam. Retrouvez les traditions Maghr\u00e9bines en diaspora.\" \/>\n<meta property=\"og:url\" content=\"https:\/\/monmaghreb.com\/index.php\/2026\/03\/11\/souhaiter-aid-moubarak-messages-et-voeux-pour-le-jour-sacre-de-lislam\/\" \/>\n<meta property=\"og:site_name\" content=\"Mon Maghreb\" \/>\n<meta property=\"article:author\" content=\"https:\/\/www.facebook.com\/monmaghrebcom\" \/>\n<meta property=\"article:published_time\" content=\"2026-03-11T12:28:09+00:00\" \/>\n<meta property=\"article:modified_time\" content=\"2026-03-11T12:28:15+00:00\" \/>\n<meta property=\"og:image\" content=\"https:\/\/monmaghreb.com\/wp-content\/uploads\/2026\/03\/featured-52.jpg\" \/>\n\t<meta property=\"og:image:width\" content=\"1880\" \/>\n\t<meta property=\"og:image:height\" content=\"1253\" \/>\n\t<meta property=\"og:image:type\" content=\"image\/jpeg\" \/>\n<meta name=\"author\" content=\"LaMagh\" \/>\n<meta name=\"twitter:card\" content=\"summary_large_image\" \/>\n<meta name=\"twitter:creator\" content=\"@MMaghreb50977\" \/>\n<meta name=\"twitter:label1\" content=\"Written by\" \/>\n\t<meta name=\"twitter:data1\" content=\"LaMagh\" \/>\n\t<meta name=\"twitter:label2\" content=\"Est. reading time\" \/>\n\t<meta name=\"twitter:data2\" content=\"4 minutes\" \/>\n<script type=\"application\/ld+json\" class=\"yoast-schema-graph\">{\"@context\":\"https:\\\/\\\/schema.org\",\"@graph\":[{\"@type\":\"Article\",\"@id\":\"https:\\\/\\\/monmaghreb.com\\\/index.php\\\/2026\\\/03\\\/11\\\/souhaiter-aid-moubarak-messages-et-voeux-pour-le-jour-sacre-de-lislam\\\/#article\",\"isPartOf\":{\"@id\":\"https:\\\/\\\/monmaghreb.com\\\/index.php\\\/2026\\\/03\\\/11\\\/souhaiter-aid-moubarak-messages-et-voeux-pour-le-jour-sacre-de-lislam\\\/\"},\"author\":{\"name\":\"LaMagh\",\"@id\":\"http:\\\/\\\/monmaghreb.com\\\/#\\\/schema\\\/person\\\/c469a89dc8c6b8987dcb438b1200d054\"},\"headline\":\"Souhaiter A\u00efd Moubarak : messages et v\u0153ux pour le jour sacr\u00e9 de l&#8217;islam\",\"datePublished\":\"2026-03-11T12:28:09+00:00\",\"dateModified\":\"2026-03-11T12:28:15+00:00\",\"mainEntityOfPage\":{\"@id\":\"https:\\\/\\\/monmaghreb.com\\\/index.php\\\/2026\\\/03\\\/11\\\/souhaiter-aid-moubarak-messages-et-voeux-pour-le-jour-sacre-de-lislam\\\/\"},\"wordCount\":790,\"publisher\":{\"@id\":\"http:\\\/\\\/monmaghreb.com\\\/#organization\"},\"image\":{\"@id\":\"https:\\\/\\\/monmaghreb.com\\\/index.php\\\/2026\\\/03\\\/11\\\/souhaiter-aid-moubarak-messages-et-voeux-pour-le-jour-sacre-de-lislam\\\/#primaryimage\"},\"thumbnailUrl\":\"https:\\\/\\\/monmaghreb.com\\\/wp-content\\\/uploads\\\/2026\\\/03\\\/featured-52.jpg\",\"keywords\":[\"aid moubarak\",\"celebration\",\"maghreb culture\",\"muslim diaspora\",\"ramadan\"],\"articleSection\":[\"Ramadan &amp; Iftar\"],\"inLanguage\":\"en-US\"},{\"@type\":\"WebPage\",\"@id\":\"https:\\\/\\\/monmaghreb.com\\\/index.php\\\/2026\\\/03\\\/11\\\/souhaiter-aid-moubarak-messages-et-voeux-pour-le-jour-sacre-de-lislam\\\/\",\"url\":\"https:\\\/\\\/monmaghreb.com\\\/index.php\\\/2026\\\/03\\\/11\\\/souhaiter-aid-moubarak-messages-et-voeux-pour-le-jour-sacre-de-lislam\\\/\",\"name\":\"Souhaiter A\u00efd Moubarak : messages et v\u0153ux pour le jour sacr\u00e9 de l'islam - Mon Maghreb\",\"isPartOf\":{\"@id\":\"http:\\\/\\\/monmaghreb.com\\\/#website\"},\"primaryImageOfPage\":{\"@id\":\"https:\\\/\\\/monmaghreb.com\\\/index.php\\\/2026\\\/03\\\/11\\\/souhaiter-aid-moubarak-messages-et-voeux-pour-le-jour-sacre-de-lislam\\\/#primaryimage\"},\"image\":{\"@id\":\"https:\\\/\\\/monmaghreb.com\\\/index.php\\\/2026\\\/03\\\/11\\\/souhaiter-aid-moubarak-messages-et-voeux-pour-le-jour-sacre-de-lislam\\\/#primaryimage\"},\"thumbnailUrl\":\"https:\\\/\\\/monmaghreb.com\\\/wp-content\\\/uploads\\\/2026\\\/03\\\/featured-52.jpg\",\"datePublished\":\"2026-03-11T12:28:09+00:00\",\"dateModified\":\"2026-03-11T12:28:15+00:00\",\"breadcrumb\":{\"@id\":\"https:\\\/\\\/monmaghreb.com\\\/index.php\\\/2026\\\/03\\\/11\\\/souhaiter-aid-moubarak-messages-et-voeux-pour-le-jour-sacre-de-lislam\\\/#breadcrumb\"},\"inLanguage\":\"en-US\",\"potentialAction\":[{\"@type\":\"ReadAction\",\"target\":[\"https:\\\/\\\/monmaghreb.com\\\/index.php\\\/2026\\\/03\\\/11\\\/souhaiter-aid-moubarak-messages-et-voeux-pour-le-jour-sacre-de-lislam\\\/\"]}]},{\"@type\":\"ImageObject\",\"inLanguage\":\"en-US\",\"@id\":\"https:\\\/\\\/monmaghreb.com\\\/index.php\\\/2026\\\/03\\\/11\\\/souhaiter-aid-moubarak-messages-et-voeux-pour-le-jour-sacre-de-lislam\\\/#primaryimage\",\"url\":\"https:\\\/\\\/monmaghreb.com\\\/wp-content\\\/uploads\\\/2026\\\/03\\\/featured-52.jpg\",\"contentUrl\":\"https:\\\/\\\/monmaghreb.com\\\/wp-content\\\/uploads\\\/2026\\\/03\\\/featured-52.jpg\",\"width\":1880,\"height\":1253,\"caption\":\"Famille Maghr\u00e9bine en costume traditionnel r\u00e9unie pour c\u00e9l\u00e9brer Aid Moubarak\"},{\"@type\":\"BreadcrumbList\",\"@id\":\"https:\\\/\\\/monmaghreb.com\\\/index.php\\\/2026\\\/03\\\/11\\\/souhaiter-aid-moubarak-messages-et-voeux-pour-le-jour-sacre-de-lislam\\\/#breadcrumb\",\"itemListElement\":[{\"@type\":\"ListItem\",\"position\":1,\"name\":\"Home\",\"item\":\"http:\\\/\\\/monmaghreb.com\\\/\"},{\"@type\":\"ListItem\",\"position\":2,\"name\":\"Souhaiter A\u00efd Moubarak : messages et v\u0153ux pour le jour sacr\u00e9 de l&#8217;islam\"}]},{\"@type\":\"WebSite\",\"@id\":\"http:\\\/\\\/monmaghreb.com\\\/#website\",\"url\":\"http:\\\/\\\/monmaghreb.com\\\/\",\"name\":\"Mon Maghreb\",\"description\":\"MonMaghreb United\",\"publisher\":{\"@id\":\"http:\\\/\\\/monmaghreb.com\\\/#organization\"},\"alternateName\":\"Le Monde du Maghreb et au del\u00e0\",\"potentialAction\":[{\"@type\":\"SearchAction\",\"target\":{\"@type\":\"EntryPoint\",\"urlTemplate\":\"http:\\\/\\\/monmaghreb.com\\\/?s={search_term_string}\"},\"query-input\":{\"@type\":\"PropertyValueSpecification\",\"valueRequired\":true,\"valueName\":\"search_term_string\"}}],\"inLanguage\":\"en-US\"},{\"@type\":\"Organization\",\"@id\":\"http:\\\/\\\/monmaghreb.com\\\/#organization\",\"name\":\"Mon Maghreb\",\"url\":\"http:\\\/\\\/monmaghreb.com\\\/\",\"logo\":{\"@type\":\"ImageObject\",\"inLanguage\":\"en-US\",\"@id\":\"http:\\\/\\\/monmaghreb.com\\\/#\\\/schema\\\/logo\\\/image\\\/\",\"url\":\"https:\\\/\\\/monmaghreb.com\\\/wp-content\\\/uploads\\\/2025\\\/12\\\/Mon_Maghreb_Logo.jpg\",\"contentUrl\":\"https:\\\/\\\/monmaghreb.com\\\/wp-content\\\/uploads\\\/2025\\\/12\\\/Mon_Maghreb_Logo.jpg\",\"width\":814,\"height\":374,\"caption\":\"Mon Maghreb\"},\"image\":{\"@id\":\"http:\\\/\\\/monmaghreb.com\\\/#\\\/schema\\\/logo\\\/image\\\/\"}},{\"@type\":\"Person\",\"@id\":\"http:\\\/\\\/monmaghreb.com\\\/#\\\/schema\\\/person\\\/c469a89dc8c6b8987dcb438b1200d054\",\"name\":\"LaMagh\",\"image\":{\"@type\":\"ImageObject\",\"inLanguage\":\"en-US\",\"@id\":\"https:\\\/\\\/secure.gravatar.com\\\/avatar\\\/399d8144bd55fba55e056779aca52fe528bac7911f6449e54d81173d6dfd7f0a?s=96&d=mm&r=g\",\"url\":\"https:\\\/\\\/secure.gravatar.com\\\/avatar\\\/399d8144bd55fba55e056779aca52fe528bac7911f6449e54d81173d6dfd7f0a?s=96&d=mm&r=g\",\"contentUrl\":\"https:\\\/\\\/secure.gravatar.com\\\/avatar\\\/399d8144bd55fba55e056779aca52fe528bac7911f6449e54d81173d6dfd7f0a?s=96&d=mm&r=g\",\"caption\":\"LaMagh\"},\"sameAs\":[\"https:\\\/\\\/monmaghreb.com\",\"https:\\\/\\\/www.facebook.com\\\/monmaghrebcom\",\"https:\\\/\\\/x.com\\\/MMaghreb50977\"],\"url\":\"https:\\\/\\\/monmaghreb.com\\\/index.php\\\/author\\\/lamagh\\\/\"}]}<\/script>\n<!-- \/ Yoast SEO plugin. -->","yoast_head_json":{"title":"Souhaiter A\u00efd Moubarak : messages et v\u0153ux pour le jour sacr\u00e9 de l'islam - Mon Maghreb","robots":{"index":"index","follow":"follow","max-snippet":"max-snippet:-1","max-image-preview":"max-image-preview:large","max-video-preview":"max-video-preview:-1"},"canonical":"https:\/\/monmaghreb.com\/index.php\/2026\/03\/11\/souhaiter-aid-moubarak-messages-et-voeux-pour-le-jour-sacre-de-lislam\/","og_locale":"en_US","og_type":"article","og_title":"Souhaiter A\u00efd Moubarak : messages et v\u0153ux pour le jour sacr\u00e9 de l'islam - Mon Maghreb","og_description":"C\u00e9l\u00e9brez Aid Moubarak avec des messages et v\u0153ux pour ce jour sacr\u00e9 de l'islam. Retrouvez les traditions Maghr\u00e9bines en diaspora.","og_url":"https:\/\/monmaghreb.com\/index.php\/2026\/03\/11\/souhaiter-aid-moubarak-messages-et-voeux-pour-le-jour-sacre-de-lislam\/","og_site_name":"Mon Maghreb","article_author":"https:\/\/www.facebook.com\/monmaghrebcom","article_published_time":"2026-03-11T12:28:09+00:00","article_modified_time":"2026-03-11T12:28:15+00:00","og_image":[{"width":1880,"height":1253,"url":"https:\/\/monmaghreb.com\/wp-content\/uploads\/2026\/03\/featured-52.jpg","type":"image\/jpeg"}],"author":"LaMagh","twitter_card":"summary_large_image","twitter_creator":"@MMaghreb50977","twitter_misc":{"Written by":"LaMagh","Est. reading time":"4 minutes"},"schema":{"@context":"https:\/\/schema.org","@graph":[{"@type":"Article","@id":"https:\/\/monmaghreb.com\/index.php\/2026\/03\/11\/souhaiter-aid-moubarak-messages-et-voeux-pour-le-jour-sacre-de-lislam\/#article","isPartOf":{"@id":"https:\/\/monmaghreb.com\/index.php\/2026\/03\/11\/souhaiter-aid-moubarak-messages-et-voeux-pour-le-jour-sacre-de-lislam\/"},"author":{"name":"LaMagh","@id":"http:\/\/monmaghreb.com\/#\/schema\/person\/c469a89dc8c6b8987dcb438b1200d054"},"headline":"Souhaiter A\u00efd Moubarak : messages et v\u0153ux pour le jour sacr\u00e9 de l&#8217;islam","datePublished":"2026-03-11T12:28:09+00:00","dateModified":"2026-03-11T12:28:15+00:00","mainEntityOfPage":{"@id":"https:\/\/monmaghreb.com\/index.php\/2026\/03\/11\/souhaiter-aid-moubarak-messages-et-voeux-pour-le-jour-sacre-de-lislam\/"},"wordCount":790,"publisher":{"@id":"http:\/\/monmaghreb.com\/#organization"},"image":{"@id":"https:\/\/monmaghreb.com\/index.php\/2026\/03\/11\/souhaiter-aid-moubarak-messages-et-voeux-pour-le-jour-sacre-de-lislam\/#primaryimage"},"thumbnailUrl":"https:\/\/monmaghreb.com\/wp-content\/uploads\/2026\/03\/featured-52.jpg","keywords":["aid moubarak","celebration","maghreb culture","muslim diaspora","ramadan"],"articleSection":["Ramadan &amp; Iftar"],"inLanguage":"en-US"},{"@type":"WebPage","@id":"https:\/\/monmaghreb.com\/index.php\/2026\/03\/11\/souhaiter-aid-moubarak-messages-et-voeux-pour-le-jour-sacre-de-lislam\/","url":"https:\/\/monmaghreb.com\/index.php\/2026\/03\/11\/souhaiter-aid-moubarak-messages-et-voeux-pour-le-jour-sacre-de-lislam\/","name":"Souhaiter A\u00efd Moubarak : messages et v\u0153ux pour le jour sacr\u00e9 de l'islam - Mon Maghreb","isPartOf":{"@id":"http:\/\/monmaghreb.com\/#website"},"primaryImageOfPage":{"@id":"https:\/\/monmaghreb.com\/index.php\/2026\/03\/11\/souhaiter-aid-moubarak-messages-et-voeux-pour-le-jour-sacre-de-lislam\/#primaryimage"},"image":{"@id":"https:\/\/monmaghreb.com\/index.php\/2026\/03\/11\/souhaiter-aid-moubarak-messages-et-voeux-pour-le-jour-sacre-de-lislam\/#primaryimage"},"thumbnailUrl":"https:\/\/monmaghreb.com\/wp-content\/uploads\/2026\/03\/featured-52.jpg","datePublished":"2026-03-11T12:28:09+00:00","dateModified":"2026-03-11T12:28:15+00:00","breadcrumb":{"@id":"https:\/\/monmaghreb.com\/index.php\/2026\/03\/11\/souhaiter-aid-moubarak-messages-et-voeux-pour-le-jour-sacre-de-lislam\/#breadcrumb"},"inLanguage":"en-US","potentialAction":[{"@type":"ReadAction","target":["https:\/\/monmaghreb.com\/index.php\/2026\/03\/11\/souhaiter-aid-moubarak-messages-et-voeux-pour-le-jour-sacre-de-lislam\/"]}]},{"@type":"ImageObject","inLanguage":"en-US","@id":"https:\/\/monmaghreb.com\/index.php\/2026\/03\/11\/souhaiter-aid-moubarak-messages-et-voeux-pour-le-jour-sacre-de-lislam\/#primaryimage","url":"https:\/\/monmaghreb.com\/wp-content\/uploads\/2026\/03\/featured-52.jpg","contentUrl":"https:\/\/monmaghreb.com\/wp-content\/uploads\/2026\/03\/featured-52.jpg","width":1880,"height":1253,"caption":"Famille Maghr\u00e9bine en costume traditionnel r\u00e9unie pour c\u00e9l\u00e9brer Aid Moubarak"},{"@type":"BreadcrumbList","@id":"https:\/\/monmaghreb.com\/index.php\/2026\/03\/11\/souhaiter-aid-moubarak-messages-et-voeux-pour-le-jour-sacre-de-lislam\/#breadcrumb","itemListElement":[{"@type":"ListItem","position":1,"name":"Home","item":"http:\/\/monmaghreb.com\/"},{"@type":"ListItem","position":2,"name":"Souhaiter A\u00efd Moubarak : messages et v\u0153ux pour le jour sacr\u00e9 de l&#8217;islam"}]},{"@type":"WebSite","@id":"http:\/\/monmaghreb.com\/#website","url":"http:\/\/monmaghreb.com\/","name":"Mon Maghreb","description":"MonMaghreb United","publisher":{"@id":"http:\/\/monmaghreb.com\/#organization"},"alternateName":"Le Monde du Maghreb et au del\u00e0","potentialAction":[{"@type":"SearchAction","target":{"@type":"EntryPoint","urlTemplate":"http:\/\/monmaghreb.com\/?s={search_term_string}"},"query-input":{"@type":"PropertyValueSpecification","valueRequired":true,"valueName":"search_term_string"}}],"inLanguage":"en-US"},{"@type":"Organization","@id":"http:\/\/monmaghreb.com\/#organization","name":"Mon Maghreb","url":"http:\/\/monmaghreb.com\/","logo":{"@type":"ImageObject","inLanguage":"en-US","@id":"http:\/\/monmaghreb.com\/#\/schema\/logo\/image\/","url":"https:\/\/monmaghreb.com\/wp-content\/uploads\/2025\/12\/Mon_Maghreb_Logo.jpg","contentUrl":"https:\/\/monmaghreb.com\/wp-content\/uploads\/2025\/12\/Mon_Maghreb_Logo.jpg","width":814,"height":374,"caption":"Mon Maghreb"},"image":{"@id":"http:\/\/monmaghreb.com\/#\/schema\/logo\/image\/"}},{"@type":"Person","@id":"http:\/\/monmaghreb.com\/#\/schema\/person\/c469a89dc8c6b8987dcb438b1200d054","name":"LaMagh","image":{"@type":"ImageObject","inLanguage":"en-US","@id":"https:\/\/secure.gravatar.com\/avatar\/399d8144bd55fba55e056779aca52fe528bac7911f6449e54d81173d6dfd7f0a?s=96&d=mm&r=g","url":"https:\/\/secure.gravatar.com\/avatar\/399d8144bd55fba55e056779aca52fe528bac7911f6449e54d81173d6dfd7f0a?s=96&d=mm&r=g","contentUrl":"https:\/\/secure.gravatar.com\/avatar\/399d8144bd55fba55e056779aca52fe528bac7911f6449e54d81173d6dfd7f0a?s=96&d=mm&r=g","caption":"LaMagh"},"sameAs":["https:\/\/monmaghreb.com","https:\/\/www.facebook.com\/monmaghrebcom","https:\/\/x.com\/MMaghreb50977"],"url":"https:\/\/monmaghreb.com\/index.php\/author\/lamagh\/"}]}},"_links":{"self":[{"href":"https:\/\/monmaghreb.com\/index.php\/wp-json\/wp\/v2\/posts\/1020","targetHints":{"allow":["GET"]}}],"collection":[{"href":"https:\/\/monmaghreb.com\/index.php\/wp-json\/wp\/v2\/posts"}],"about":[{"href":"https:\/\/monmaghreb.com\/index.php\/wp-json\/wp\/v2\/types\/post"}],"author":[{"embeddable":true,"href":"https:\/\/monmaghreb.com\/index.php\/wp-json\/wp\/v2\/users\/1"}],"replies":[{"embeddable":true,"href":"https:\/\/monmaghreb.com\/index.php\/wp-json\/wp\/v2\/comments?post=1020"}],"version-history":[{"count":1,"href":"https:\/\/monmaghreb.com\/index.php\/wp-json\/wp\/v2\/posts\/1020\/revisions"}],"predecessor-version":[{"id":1021,"href":"https:\/\/monmaghreb.com\/index.php\/wp-json\/wp\/v2\/posts\/1020\/revisions\/1021"}],"wp:featuredmedia":[{"embeddable":true,"href":"https:\/\/monmaghreb.com\/index.php\/wp-json\/wp\/v2\/media\/1019"}],"wp:attachment":[{"href":"https:\/\/monmaghreb.com\/index.php\/wp-json\/wp\/v2\/media?parent=1020"}],"wp:term":[{"taxonomy":"category","embeddable":true,"href":"https:\/\/monmaghreb.com\/index.php\/wp-json\/wp\/v2\/categories?post=1020"},{"taxonomy":"post_tag","embeddable":true,"href":"https:\/\/monmaghreb.com\/index.php\/wp-json\/wp\/v2\/tags?post=1020"}],"curies":[{"name":"wp","href":"https:\/\/api.w.org\/{rel}","templated":true}]}}