{"id":1023,"date":"2026-03-11T12:35:55","date_gmt":"2026-03-11T12:35:55","guid":{"rendered":"https:\/\/monmaghreb.com\/index.php\/2026\/03\/11\/guide-complet-de-la-priere-de-laid-horaires-et-mosquees-pour-les-communautes-algerienne-tunisienne-et-marocaine-en-france\/"},"modified":"2026-03-11T12:35:59","modified_gmt":"2026-03-11T12:35:59","slug":"guide-complet-de-la-priere-de-laid-horaires-et-mosquees-pour-les-communautes-algerienne-tunisienne-et-marocaine-en-france","status":"publish","type":"post","link":"https:\/\/monmaghreb.com\/index.php\/2026\/03\/11\/guide-complet-de-la-priere-de-laid-horaires-et-mosquees-pour-les-communautes-algerienne-tunisienne-et-marocaine-en-france\/","title":{"rendered":"Guide complet de la pri\u00e8re de l&#8217;A\u00efd : horaires et mosqu\u00e9es pour les communaut\u00e9s alg\u00e9rienne, tunisienne et marocaine en France"},"content":{"rendered":"<p><html><br \/>\n  <head><\/head><br \/>\n  <body><br \/>\n    <script type=\"application\/ld+json\">\n{\n  \"@context\": \"https:\/\/schema.org\/\",\n  \"@type\": \"Recipe\",\n  \"name\": \"Guide <a href=\"https:\/\/monmaghreb.com\/index.php\/2026\/03\/10\/shawwal-les-6-jours-de-jeune-apres-le-ramadan-guide-complet\/\" title=\"Shawwal : les 6 jours de je\u00fbne apr\u00e8s le Ramadan &#8211; Guide complet\">complet<\/a> de la pri\u00e8re de l'A\u00efd : horaires et mosqu\u00e9es pour les communaut\u00e9s alg\u00e9rienne, tunisienne et marocaine en France\",\n  \"description\": \"Pour les croyants musulmans de la diaspora maghr\u00e9bine, l'A\u00efd al-Adha est une occasion unique de se r\u00e9unir avec leur famille et leurs communaut\u00e9s pour honorer Dieu et comm\u00e9morer l'histoire d'Abraham. Nous vous proposons un guide complet des horaires et des mosqu\u00e9es \u00e0 travers la France afin que vous puissiez rejoindre les pri\u00e8res de l'A\u00efd en harmonie.\",\n  \"prepTime\": \"PT0M\",\n  \"cookTime\": \"PT30M\",\n  \"totalTime\": \"PT0M\",\n  \"recipeYield\": \"4 servings\",\n  \"recipeIngredient\": [\n    \"Le nombre de jours d'A\u00efd (officiellement annonc\u00e9 lorsque les t\u00e9moins du ciel ont signal\u00e9 la fin de la p\u00e9riode de Dhu l-Hijjah)\",\n    \"Une mosqu\u00e9e locale reconnue par votre communaut\u00e9 ou organisation nationale islamique comme un lieu respectable pour prier\",\n    \"Les chants religieux, l'encens et la joie pour le rituel de la premi\u00e8re pri\u00e8re\"\n  ],\n  \"recipeInstructions\": [\n    {\n      \"@type\": \"HowToStep\",\n      \"text\": \"Le matin du premier jour d'A\u00efd : les fid\u00e8les se r\u00e9unissent pour la pri\u00e8re d'ouverture de l'A\u00efd (Salat al-Eid)\"\n    },\n    {\n      \"@type\": \"HowToStep\",\n      \"text\": \"Apr\u00e8s la premi\u00e8re pri\u00e8re, les hommes retournent \u00e0 leurs foyers pour pr\u00e9parer le sacrifice traditionnel du b\u00e9tail (dhabihah)\"\n    },\n    {\n      \"@type\": \"HowToStep\",\n      \"text\": \"Les familles partagent ensuite le repas principal, qui se compose g\u00e9n\u00e9ralement du tout premier morceau de la b\u00eate sacrifi\u00e9e (ou aqiqah)\"\n    },\n    {\n      \"@type\": \"HowToStep\",\n      \"text\": \"La pri\u00e8re du soir (Isha) dans la mosqu\u00e9e locale ou \u00e0 domicile\"\n    }\n  ],\n  \"recipeCategory\": \"Main Course\",\n  \"recipeCuisine\": \"Maghrebi\",\n  \"keywords\": \"guide,maghreb,islam,A\u00efd al-Adha\",\n  \"datePublished\": \"2026-03-11\",\n  \"author\": {\n    \"@type\": \"Organization\",\n    \"name\": \"\"\n  }\n}\n<\/script><\/p>\n<p>Pour les croyants musulmans de la diaspora maghr\u00e9bine, l&#8217;A\u00efd al-Adha est une occasion unique de se r\u00e9unir avec leur famille et leurs communaut\u00e9s pour honorer Dieu et comm\u00e9morer l&#8217;histoire d&#8217;Abraham. Nous vous proposons un guide complet des horaires et des mosqu\u00e9es \u00e0 travers la France afin que vous puissiez rejoindre les pri\u00e8res de l&#8217;A\u00efd en harmonie.<\/p>\n<h2>Pourquoi c&#8217;est important<\/h2>\n<p>Le A\u00efd al-Adha est une f\u00eate musulmane majeure, comm\u00e9morant le sacrifice d&#8217;Abraham. Pour les musulmans alg\u00e9riens, tunisiens et marocains en France, cette occasion est un moment de rencontre culturelle importante qui r\u00e9unit les croyants pour prier ensemble et honorer leurs racines.<\/p>\n<h2>Ce dont vous avez besoin<\/h2>\n<p>Avant votre premi\u00e8re visite \u00e0 la mosqu\u00e9e ou pour retrouver votre place dans un lieu familier, rassemblez ces \u00e9l\u00e9ments :<\/p>\n<ul>\n<li>You&#8217;ll need to know the number of days of A\u00efd : the official announcement is made when the witnesses of the sky have signaled the end of the period of Dhu l-Hijjah, which can vary each year.<\/li>\n<li>Find a local mosque in France recognized by your community or national Islamic organization as a respectable place to pray. Larger cities are generally well-equipped, but don&#8217;t miss checking the address and hours before.<\/li>\n<li>Outside of important prayer days (the morning of the first day of A\u00efd and the evening of the second), it&#8217;s preferable to register with a local mosque to follow their cultural activities and meet your community.<\/li>\n<\/ul>\n<h2>\u00c9tapes d\u00e9taill\u00e9es<\/h2>\n<p>Lors de l&#8217;A\u00efd al-Adha, les c\u00e9r\u00e9monies diff\u00e8rent l\u00e9g\u00e8rement entre chaque pays du Maghreb. Voici comment le jour est typiquement organis\u00e9 en France :<\/p>\n<ol>\n<li><b>Le matin du premier jour d&#8217;A\u00efd<\/b> : les fid\u00e8les se r\u00e9unissent pour la pri\u00e8re d&#8217;ouverture de l&#8217;A\u00efd (Salat al-Eid). Cette pri\u00e8re est particuli\u00e8rement longue et comprend une s\u00e9rie de prostrations suppl\u00e9mentaires. Le lieu se remplit de chants religieux, d&#8217;incenses et de joie.<\/li>\n<li><b>Le sacrifice des b\u00eates<\/b> : apr\u00e8s la premi\u00e8re pri\u00e8re, les hommes retournent \u00e0 leurs foyers pour pr\u00e9parer le sacrifice traditionnel du b\u00e9tail (dhabihah). Ce rituel est important dans la culture maghr\u00e9bine et a des racines profondes. Certains mosqu\u00e9es organisent \u00e9galement des sacrifices collectifs.<\/li>\n<li><b>La distribution de l&#8217;agneau<\/b> : les familles partagent ensuite le repas principal, qui se compose g\u00e9n\u00e9ralement du tout premier morceau de la b\u00eate sacrifi\u00e9e (ou aqiqah). La distribution est importante car elle symbolise le d\u00e9sir de partager avec ses proches et avec les pauvres.<\/li>\n<li><b>La pri\u00e8re du soir<\/b> : les musulmans se r\u00e9unissent pour la pri\u00e8re du soir (Isha) dans la mosqu\u00e9e locale ou \u00e0 domicile. Cette pri\u00e8re est plus courte que celle du matin et comprend une s\u00e9rie de prostrations ordinaires.<\/li>\n<\/ol>\n<h2>Erreurs \u00e0 \u00e9viter<\/h2>\n<p>Il est important de se conformer aux r\u00e8gles de la pri\u00e8re pour respecter l&#8217;esprit de l&#8217;A\u00efd. Les erreurs les plus communes sont :<\/p>\n<ul>\n<li>Ne pas se purifier avant la pri\u00e8re en utilisant des eaux de wudhu (ablutions) et en portant une toque blanche (khimar)<\/li>\n<li>Ne pas respecter la direction de la Kaaba, \u00e0 Mekke en Arabie saoudite, lors de la pri\u00e8re<\/li>\n<li>Ne pas reciter les versets corrects du coran pendant la pri\u00e8re<\/li>\n<\/ul>\n<h2>Conseils avanc\u00e9s<\/h2>\n<p>Une fois que vous avez acquis les bonnes habitudes pour l&#8217;A\u00efd al-Adha, voici quelques conseils pour prendre plus de plaisir de votre pratique :<\/p>\n<ul>\n<li>Ne mangez pas avant la premi\u00e8re pri\u00e8re du matin car cela est consid\u00e9r\u00e9 comme un geste de respect envers Dieu.<\/li>\n<li>Ajoutez des recettes traditionnelles alg\u00e9riennes, tunisiennes ou marocaines \u00e0 votre repas pour c\u00e9l\u00e9brer la f\u00eate avec vos proches.<\/li>\n<li>Organisez des r\u00e9unions culturelles avec votre communaut\u00e9 pour partager les traditions et l&#8217;histoire de l&#8217;A\u00efd al-Adha.<\/li>\n<\/ul>\n<h2>Conclusion<\/h2>\n<p>L&#8217;A\u00efd al-Adha est un moment important dans la vie de chaque musulman, qui permet de se r\u00e9unir avec sa famille et son communaut\u00e9 pour honorer Dieu et comm\u00e9morer l&#8217;histoire d&#8217;Abraham. Que ce soit \u00e0 Paris ou en province, retrouvez votre place dans une mosqu\u00e9e locale pour suivre les c\u00e9r\u00e9monies et participer aux \u00e9v\u00e9nements culturels.<\/p>\n<div style=\"background:#f8f9fa;border-left:4px solid #0066cc;border-radius:6px;padding:20px 24px;margin:32px 0;\">\n<p style=\"font-size:13px;color:#888;text-transform:uppercase;letter-spacing:0.8px;margin:0 0 6px 0;\">Vous pourriez aussi aimer<\/p>\n<h3 style=\"font-size:18px;margin:0 0 14px 0;color:#222;\">Articles similaires<\/h3>\n<ul style=\"margin:0;padding-left:20px;list-style:disc;\">\n<li style=\"margin-bottom:10px;\"><a href=\"https:\/\/monmaghreb.com\/index.php\/2026\/03\/10\/shawwal-les-6-jours-de-jeune-apres-le-ramadan-guide-complet\/\" style=\"color:#0066cc;text-decoration:none;font-weight:500;\" title=\"Shawwal : les 6 jours de je\u00fbne apr\u00e8s le Ramadan &#8211; Guide complet\">Shawwal : les 6 jours de je\u00fbne apr\u00e8s le Ramadan &#8211; Guide complet<\/a><\/li>\n<li style=\"margin-bottom:10px;\"><a href=\"https:\/\/monmaghreb.com\/index.php\/2026\/03\/09\/itikaf-a-la-maison-guide-complet-pour-les-10-dernieres-nuites\/\" style=\"color:#0066cc;text-decoration:none;font-weight:500;\" title=\"Itikaf \u00e0 la maison &#8211; Guide complet pour les 10 derni\u00e8res nuites\">Itikaf \u00e0 la maison &#8211; Guide complet pour les 10 derni\u00e8res nuites<\/a><\/li>\n<li style=\"margin-bottom:10px;\"><a href=\"https:\/\/monmaghreb.com\/index.php\/2026\/03\/09\/douaa-puissantes-pour-les-dernieres-nuits-du-ramadan-un-guide-complet\/\" style=\"color:#0066cc;text-decoration:none;font-weight:500;\" title=\"Douaa puissantes pour les derni\u00e8res nuits du Ramadan : un guide complet\">Douaa puissantes pour les derni\u00e8res nuits du Ramadan : un guide complet<\/a><\/li>\n<li style=\"margin-bottom:10px;\"><a href=\"https:\/\/monmaghreb.com\/index.php\/2026\/03\/09\/comment-preparer-laid-el-fitr-guide-complet-pour-les-familles-maghrebines\/\" style=\"color:#0066cc;text-decoration:none;font-weight:500;\" title=\"Comment pr\u00e9parer l&#8217;A\u00efd el-Fitr : guide complet pour les familles maghr\u00e9bines\">Comment pr\u00e9parer l&#8217;A\u00efd el-Fitr : guide complet pour les familles maghr\u00e9bines<\/a><\/li>\n<li style=\"margin-bottom:10px;\"><a href=\"https:\/\/monmaghreb.com\/index.php\/2026\/03\/08\/un-guide-complet-pour-les-vacances-luxueuses-au-maroc-decouvrez-la-mode-de-vie-opulente-du-pays-nord-africain\/\" style=\"color:#0066cc;text-decoration:none;font-weight:500;\" title=\"Un guide complet pour les vacances luxueuses au Maroc : d\u00e9couvrez la mode de vie opulente du pays nord-africain\">Un guide complet pour les vacances luxueuses au Maroc : d\u00e9couvrez la mode de vie opulente du pays nord-africain<\/a><\/li>\n<\/ul>\n<\/div>\n<p>  <\/body><br \/>\n<\/html><\/p>\n","protected":false},"excerpt":{"rendered":"<p>Rejoignez les pri\u00e8res de l&#8217;A\u00efd en harmonie : d\u00e9couvrez nos guides pour les communaut\u00e9s alg\u00e9rienne, tunisienne et marocaine en France. Traditionnellement, l&#8217;A\u00efd <\/p>\n","protected":false},"author":1,"featured_media":1022,"comment_status":"closed","ping_status":"open","sticky":false,"template":"","format":"standard","meta":{"_yoast_wpseo_focuskw":"","_yoast_wpseo_title":"","_yoast_wpseo_metadesc":"","_yoast_wpseo_canonical":"","_yoast_wpseo_opengraph-title":"","_yoast_wpseo_opengraph-description":"","_yoast_wpseo_opengraph-image":"","tdm_status":"","tdm_grid_status":"","footnotes":""},"categories":[651],"tags":[771,774,773,556,772],"class_list":["post-1023","post","type-post","status-publish","format-standard","has-post-thumbnail","hentry","category-ramadan-iftar","tag-aid-al-adha","tag-celebration-musulmane","tag-communion-diaspora","tag-guide-pratique","tag-islam-france"],"yoast_head":"<!-- This site is optimized with the Yoast SEO plugin v27.4 - https:\/\/yoast.com\/product\/yoast-seo-wordpress\/ -->\n<title>Guide complet de la pri\u00e8re de l&#039;A\u00efd : horaires et mosqu\u00e9es pour les communaut\u00e9s alg\u00e9rienne, tunisienne et marocaine en France - Mon Maghreb<\/title>\n<meta name=\"robots\" content=\"index, follow, max-snippet:-1, max-image-preview:large, max-video-preview:-1\" \/>\n<link rel=\"canonical\" href=\"https:\/\/monmaghreb.com\/index.php\/2026\/03\/11\/guide-complet-de-la-priere-de-laid-horaires-et-mosquees-pour-les-communautes-algerienne-tunisienne-et-marocaine-en-france\/\" \/>\n<meta property=\"og:locale\" content=\"en_US\" \/>\n<meta property=\"og:type\" content=\"article\" \/>\n<meta property=\"og:title\" content=\"Guide complet de la pri\u00e8re de l&#039;A\u00efd : horaires et mosqu\u00e9es pour les communaut\u00e9s alg\u00e9rienne, tunisienne et marocaine en France - Mon Maghreb\" \/>\n<meta property=\"og:description\" content=\"Rejoignez les pri\u00e8res de l&#039;A\u00efd en harmonie : d\u00e9couvrez nos guides pour les communaut\u00e9s alg\u00e9rienne, tunisienne et marocaine en France. Traditionnellement, l&#039;A\u00efd\" \/>\n<meta property=\"og:url\" content=\"https:\/\/monmaghreb.com\/index.php\/2026\/03\/11\/guide-complet-de-la-priere-de-laid-horaires-et-mosquees-pour-les-communautes-algerienne-tunisienne-et-marocaine-en-france\/\" \/>\n<meta property=\"og:site_name\" content=\"Mon Maghreb\" \/>\n<meta property=\"article:author\" content=\"https:\/\/www.facebook.com\/monmaghrebcom\" \/>\n<meta property=\"article:published_time\" content=\"2026-03-11T12:35:55+00:00\" \/>\n<meta property=\"article:modified_time\" content=\"2026-03-11T12:35:59+00:00\" \/>\n<meta property=\"og:image\" content=\"https:\/\/monmaghreb.com\/wp-content\/uploads\/2026\/03\/featured-53.jpg\" \/>\n\t<meta property=\"og:image:width\" content=\"1880\" \/>\n\t<meta property=\"og:image:height\" content=\"1253\" \/>\n\t<meta property=\"og:image:type\" content=\"image\/jpeg\" \/>\n<meta name=\"author\" content=\"LaMagh\" \/>\n<meta name=\"twitter:card\" content=\"summary_large_image\" \/>\n<meta name=\"twitter:creator\" content=\"@MMaghreb50977\" \/>\n<meta name=\"twitter:label1\" content=\"Written by\" \/>\n\t<meta name=\"twitter:data1\" content=\"LaMagh\" \/>\n\t<meta name=\"twitter:label2\" content=\"Est. reading time\" \/>\n\t<meta name=\"twitter:data2\" content=\"4 minutes\" \/>\n<script type=\"application\/ld+json\" class=\"yoast-schema-graph\">{\"@context\":\"https:\\\/\\\/schema.org\",\"@graph\":[{\"@type\":\"Article\",\"@id\":\"https:\\\/\\\/monmaghreb.com\\\/index.php\\\/2026\\\/03\\\/11\\\/guide-complet-de-la-priere-de-laid-horaires-et-mosquees-pour-les-communautes-algerienne-tunisienne-et-marocaine-en-france\\\/#article\",\"isPartOf\":{\"@id\":\"https:\\\/\\\/monmaghreb.com\\\/index.php\\\/2026\\\/03\\\/11\\\/guide-complet-de-la-priere-de-laid-horaires-et-mosquees-pour-les-communautes-algerienne-tunisienne-et-marocaine-en-france\\\/\"},\"author\":{\"name\":\"LaMagh\",\"@id\":\"http:\\\/\\\/monmaghreb.com\\\/#\\\/schema\\\/person\\\/c469a89dc8c6b8987dcb438b1200d054\"},\"headline\":\"Guide complet de la pri\u00e8re de l&#8217;A\u00efd : horaires et mosqu\u00e9es pour les communaut\u00e9s alg\u00e9rienne, tunisienne et marocaine en France\",\"datePublished\":\"2026-03-11T12:35:55+00:00\",\"dateModified\":\"2026-03-11T12:35:59+00:00\",\"mainEntityOfPage\":{\"@id\":\"https:\\\/\\\/monmaghreb.com\\\/index.php\\\/2026\\\/03\\\/11\\\/guide-complet-de-la-priere-de-laid-horaires-et-mosquees-pour-les-communautes-algerienne-tunisienne-et-marocaine-en-france\\\/\"},\"wordCount\":816,\"publisher\":{\"@id\":\"http:\\\/\\\/monmaghreb.com\\\/#organization\"},\"image\":{\"@id\":\"https:\\\/\\\/monmaghreb.com\\\/index.php\\\/2026\\\/03\\\/11\\\/guide-complet-de-la-priere-de-laid-horaires-et-mosquees-pour-les-communautes-algerienne-tunisienne-et-marocaine-en-france\\\/#primaryimage\"},\"thumbnailUrl\":\"https:\\\/\\\/monmaghreb.com\\\/wp-content\\\/uploads\\\/2026\\\/03\\\/featured-53.jpg\",\"keywords\":[\"aid al adha\",\"c\u00e9l\u00e9bration musulmane\",\"communion diaspora\",\"guide pratique\",\"islam france\"],\"articleSection\":[\"Ramadan &amp; Iftar\"],\"inLanguage\":\"en-US\"},{\"@type\":\"WebPage\",\"@id\":\"https:\\\/\\\/monmaghreb.com\\\/index.php\\\/2026\\\/03\\\/11\\\/guide-complet-de-la-priere-de-laid-horaires-et-mosquees-pour-les-communautes-algerienne-tunisienne-et-marocaine-en-france\\\/\",\"url\":\"https:\\\/\\\/monmaghreb.com\\\/index.php\\\/2026\\\/03\\\/11\\\/guide-complet-de-la-priere-de-laid-horaires-et-mosquees-pour-les-communautes-algerienne-tunisienne-et-marocaine-en-france\\\/\",\"name\":\"Guide complet de la pri\u00e8re de l'A\u00efd : horaires et mosqu\u00e9es pour les communaut\u00e9s alg\u00e9rienne, tunisienne et marocaine en France - Mon Maghreb\",\"isPartOf\":{\"@id\":\"http:\\\/\\\/monmaghreb.com\\\/#website\"},\"primaryImageOfPage\":{\"@id\":\"https:\\\/\\\/monmaghreb.com\\\/index.php\\\/2026\\\/03\\\/11\\\/guide-complet-de-la-priere-de-laid-horaires-et-mosquees-pour-les-communautes-algerienne-tunisienne-et-marocaine-en-france\\\/#primaryimage\"},\"image\":{\"@id\":\"https:\\\/\\\/monmaghreb.com\\\/index.php\\\/2026\\\/03\\\/11\\\/guide-complet-de-la-priere-de-laid-horaires-et-mosquees-pour-les-communautes-algerienne-tunisienne-et-marocaine-en-france\\\/#primaryimage\"},\"thumbnailUrl\":\"https:\\\/\\\/monmaghreb.com\\\/wp-content\\\/uploads\\\/2026\\\/03\\\/featured-53.jpg\",\"datePublished\":\"2026-03-11T12:35:55+00:00\",\"dateModified\":\"2026-03-11T12:35:59+00:00\",\"breadcrumb\":{\"@id\":\"https:\\\/\\\/monmaghreb.com\\\/index.php\\\/2026\\\/03\\\/11\\\/guide-complet-de-la-priere-de-laid-horaires-et-mosquees-pour-les-communautes-algerienne-tunisienne-et-marocaine-en-france\\\/#breadcrumb\"},\"inLanguage\":\"en-US\",\"potentialAction\":[{\"@type\":\"ReadAction\",\"target\":[\"https:\\\/\\\/monmaghreb.com\\\/index.php\\\/2026\\\/03\\\/11\\\/guide-complet-de-la-priere-de-laid-horaires-et-mosquees-pour-les-communautes-algerienne-tunisienne-et-marocaine-en-france\\\/\"]}]},{\"@type\":\"ImageObject\",\"inLanguage\":\"en-US\",\"@id\":\"https:\\\/\\\/monmaghreb.com\\\/index.php\\\/2026\\\/03\\\/11\\\/guide-complet-de-la-priere-de-laid-horaires-et-mosquees-pour-les-communautes-algerienne-tunisienne-et-marocaine-en-france\\\/#primaryimage\",\"url\":\"https:\\\/\\\/monmaghreb.com\\\/wp-content\\\/uploads\\\/2026\\\/03\\\/featured-53.jpg\",\"contentUrl\":\"https:\\\/\\\/monmaghreb.com\\\/wp-content\\\/uploads\\\/2026\\\/03\\\/featured-53.jpg\",\"width\":1880,\"height\":1253,\"caption\":\"Musulmans alg\u00e9riens, tunisiens et marocains en pri\u00e8re dans une mosqu\u00e9e fran\u00e7aise pendant l'A\u00efd al-Adha\"},{\"@type\":\"BreadcrumbList\",\"@id\":\"https:\\\/\\\/monmaghreb.com\\\/index.php\\\/2026\\\/03\\\/11\\\/guide-complet-de-la-priere-de-laid-horaires-et-mosquees-pour-les-communautes-algerienne-tunisienne-et-marocaine-en-france\\\/#breadcrumb\",\"itemListElement\":[{\"@type\":\"ListItem\",\"position\":1,\"name\":\"Home\",\"item\":\"http:\\\/\\\/monmaghreb.com\\\/\"},{\"@type\":\"ListItem\",\"position\":2,\"name\":\"Guide complet de la pri\u00e8re de l&#8217;A\u00efd : horaires et mosqu\u00e9es pour les communaut\u00e9s alg\u00e9rienne, tunisienne et marocaine en France\"}]},{\"@type\":\"WebSite\",\"@id\":\"http:\\\/\\\/monmaghreb.com\\\/#website\",\"url\":\"http:\\\/\\\/monmaghreb.com\\\/\",\"name\":\"Mon Maghreb\",\"description\":\"MonMaghreb United\",\"publisher\":{\"@id\":\"http:\\\/\\\/monmaghreb.com\\\/#organization\"},\"alternateName\":\"Le Monde du Maghreb et au del\u00e0\",\"potentialAction\":[{\"@type\":\"SearchAction\",\"target\":{\"@type\":\"EntryPoint\",\"urlTemplate\":\"http:\\\/\\\/monmaghreb.com\\\/?s={search_term_string}\"},\"query-input\":{\"@type\":\"PropertyValueSpecification\",\"valueRequired\":true,\"valueName\":\"search_term_string\"}}],\"inLanguage\":\"en-US\"},{\"@type\":\"Organization\",\"@id\":\"http:\\\/\\\/monmaghreb.com\\\/#organization\",\"name\":\"Mon Maghreb\",\"url\":\"http:\\\/\\\/monmaghreb.com\\\/\",\"logo\":{\"@type\":\"ImageObject\",\"inLanguage\":\"en-US\",\"@id\":\"http:\\\/\\\/monmaghreb.com\\\/#\\\/schema\\\/logo\\\/image\\\/\",\"url\":\"https:\\\/\\\/monmaghreb.com\\\/wp-content\\\/uploads\\\/2025\\\/12\\\/Mon_Maghreb_Logo.jpg\",\"contentUrl\":\"https:\\\/\\\/monmaghreb.com\\\/wp-content\\\/uploads\\\/2025\\\/12\\\/Mon_Maghreb_Logo.jpg\",\"width\":814,\"height\":374,\"caption\":\"Mon Maghreb\"},\"image\":{\"@id\":\"http:\\\/\\\/monmaghreb.com\\\/#\\\/schema\\\/logo\\\/image\\\/\"}},{\"@type\":\"Person\",\"@id\":\"http:\\\/\\\/monmaghreb.com\\\/#\\\/schema\\\/person\\\/c469a89dc8c6b8987dcb438b1200d054\",\"name\":\"LaMagh\",\"image\":{\"@type\":\"ImageObject\",\"inLanguage\":\"en-US\",\"@id\":\"https:\\\/\\\/secure.gravatar.com\\\/avatar\\\/399d8144bd55fba55e056779aca52fe528bac7911f6449e54d81173d6dfd7f0a?s=96&d=mm&r=g\",\"url\":\"https:\\\/\\\/secure.gravatar.com\\\/avatar\\\/399d8144bd55fba55e056779aca52fe528bac7911f6449e54d81173d6dfd7f0a?s=96&d=mm&r=g\",\"contentUrl\":\"https:\\\/\\\/secure.gravatar.com\\\/avatar\\\/399d8144bd55fba55e056779aca52fe528bac7911f6449e54d81173d6dfd7f0a?s=96&d=mm&r=g\",\"caption\":\"LaMagh\"},\"sameAs\":[\"https:\\\/\\\/monmaghreb.com\",\"https:\\\/\\\/www.facebook.com\\\/monmaghrebcom\",\"https:\\\/\\\/x.com\\\/MMaghreb50977\"],\"url\":\"https:\\\/\\\/monmaghreb.com\\\/index.php\\\/author\\\/lamagh\\\/\"}]}<\/script>\n<!-- \/ Yoast SEO plugin. -->","yoast_head_json":{"title":"Guide complet de la pri\u00e8re de l'A\u00efd : horaires et mosqu\u00e9es pour les communaut\u00e9s alg\u00e9rienne, tunisienne et marocaine en France - Mon Maghreb","robots":{"index":"index","follow":"follow","max-snippet":"max-snippet:-1","max-image-preview":"max-image-preview:large","max-video-preview":"max-video-preview:-1"},"canonical":"https:\/\/monmaghreb.com\/index.php\/2026\/03\/11\/guide-complet-de-la-priere-de-laid-horaires-et-mosquees-pour-les-communautes-algerienne-tunisienne-et-marocaine-en-france\/","og_locale":"en_US","og_type":"article","og_title":"Guide complet de la pri\u00e8re de l'A\u00efd : horaires et mosqu\u00e9es pour les communaut\u00e9s alg\u00e9rienne, tunisienne et marocaine en France - Mon Maghreb","og_description":"Rejoignez les pri\u00e8res de l'A\u00efd en harmonie : d\u00e9couvrez nos guides pour les communaut\u00e9s alg\u00e9rienne, tunisienne et marocaine en France. Traditionnellement, l'A\u00efd","og_url":"https:\/\/monmaghreb.com\/index.php\/2026\/03\/11\/guide-complet-de-la-priere-de-laid-horaires-et-mosquees-pour-les-communautes-algerienne-tunisienne-et-marocaine-en-france\/","og_site_name":"Mon Maghreb","article_author":"https:\/\/www.facebook.com\/monmaghrebcom","article_published_time":"2026-03-11T12:35:55+00:00","article_modified_time":"2026-03-11T12:35:59+00:00","og_image":[{"width":1880,"height":1253,"url":"https:\/\/monmaghreb.com\/wp-content\/uploads\/2026\/03\/featured-53.jpg","type":"image\/jpeg"}],"author":"LaMagh","twitter_card":"summary_large_image","twitter_creator":"@MMaghreb50977","twitter_misc":{"Written by":"LaMagh","Est. reading time":"4 minutes"},"schema":{"@context":"https:\/\/schema.org","@graph":[{"@type":"Article","@id":"https:\/\/monmaghreb.com\/index.php\/2026\/03\/11\/guide-complet-de-la-priere-de-laid-horaires-et-mosquees-pour-les-communautes-algerienne-tunisienne-et-marocaine-en-france\/#article","isPartOf":{"@id":"https:\/\/monmaghreb.com\/index.php\/2026\/03\/11\/guide-complet-de-la-priere-de-laid-horaires-et-mosquees-pour-les-communautes-algerienne-tunisienne-et-marocaine-en-france\/"},"author":{"name":"LaMagh","@id":"http:\/\/monmaghreb.com\/#\/schema\/person\/c469a89dc8c6b8987dcb438b1200d054"},"headline":"Guide complet de la pri\u00e8re de l&#8217;A\u00efd : horaires et mosqu\u00e9es pour les communaut\u00e9s alg\u00e9rienne, tunisienne et marocaine en France","datePublished":"2026-03-11T12:35:55+00:00","dateModified":"2026-03-11T12:35:59+00:00","mainEntityOfPage":{"@id":"https:\/\/monmaghreb.com\/index.php\/2026\/03\/11\/guide-complet-de-la-priere-de-laid-horaires-et-mosquees-pour-les-communautes-algerienne-tunisienne-et-marocaine-en-france\/"},"wordCount":816,"publisher":{"@id":"http:\/\/monmaghreb.com\/#organization"},"image":{"@id":"https:\/\/monmaghreb.com\/index.php\/2026\/03\/11\/guide-complet-de-la-priere-de-laid-horaires-et-mosquees-pour-les-communautes-algerienne-tunisienne-et-marocaine-en-france\/#primaryimage"},"thumbnailUrl":"https:\/\/monmaghreb.com\/wp-content\/uploads\/2026\/03\/featured-53.jpg","keywords":["aid al adha","c\u00e9l\u00e9bration musulmane","communion diaspora","guide pratique","islam france"],"articleSection":["Ramadan &amp; Iftar"],"inLanguage":"en-US"},{"@type":"WebPage","@id":"https:\/\/monmaghreb.com\/index.php\/2026\/03\/11\/guide-complet-de-la-priere-de-laid-horaires-et-mosquees-pour-les-communautes-algerienne-tunisienne-et-marocaine-en-france\/","url":"https:\/\/monmaghreb.com\/index.php\/2026\/03\/11\/guide-complet-de-la-priere-de-laid-horaires-et-mosquees-pour-les-communautes-algerienne-tunisienne-et-marocaine-en-france\/","name":"Guide complet de la pri\u00e8re de l'A\u00efd : horaires et mosqu\u00e9es pour les communaut\u00e9s alg\u00e9rienne, tunisienne et marocaine en France - Mon Maghreb","isPartOf":{"@id":"http:\/\/monmaghreb.com\/#website"},"primaryImageOfPage":{"@id":"https:\/\/monmaghreb.com\/index.php\/2026\/03\/11\/guide-complet-de-la-priere-de-laid-horaires-et-mosquees-pour-les-communautes-algerienne-tunisienne-et-marocaine-en-france\/#primaryimage"},"image":{"@id":"https:\/\/monmaghreb.com\/index.php\/2026\/03\/11\/guide-complet-de-la-priere-de-laid-horaires-et-mosquees-pour-les-communautes-algerienne-tunisienne-et-marocaine-en-france\/#primaryimage"},"thumbnailUrl":"https:\/\/monmaghreb.com\/wp-content\/uploads\/2026\/03\/featured-53.jpg","datePublished":"2026-03-11T12:35:55+00:00","dateModified":"2026-03-11T12:35:59+00:00","breadcrumb":{"@id":"https:\/\/monmaghreb.com\/index.php\/2026\/03\/11\/guide-complet-de-la-priere-de-laid-horaires-et-mosquees-pour-les-communautes-algerienne-tunisienne-et-marocaine-en-france\/#breadcrumb"},"inLanguage":"en-US","potentialAction":[{"@type":"ReadAction","target":["https:\/\/monmaghreb.com\/index.php\/2026\/03\/11\/guide-complet-de-la-priere-de-laid-horaires-et-mosquees-pour-les-communautes-algerienne-tunisienne-et-marocaine-en-france\/"]}]},{"@type":"ImageObject","inLanguage":"en-US","@id":"https:\/\/monmaghreb.com\/index.php\/2026\/03\/11\/guide-complet-de-la-priere-de-laid-horaires-et-mosquees-pour-les-communautes-algerienne-tunisienne-et-marocaine-en-france\/#primaryimage","url":"https:\/\/monmaghreb.com\/wp-content\/uploads\/2026\/03\/featured-53.jpg","contentUrl":"https:\/\/monmaghreb.com\/wp-content\/uploads\/2026\/03\/featured-53.jpg","width":1880,"height":1253,"caption":"Musulmans alg\u00e9riens, tunisiens et marocains en pri\u00e8re dans une mosqu\u00e9e fran\u00e7aise pendant l'A\u00efd al-Adha"},{"@type":"BreadcrumbList","@id":"https:\/\/monmaghreb.com\/index.php\/2026\/03\/11\/guide-complet-de-la-priere-de-laid-horaires-et-mosquees-pour-les-communautes-algerienne-tunisienne-et-marocaine-en-france\/#breadcrumb","itemListElement":[{"@type":"ListItem","position":1,"name":"Home","item":"http:\/\/monmaghreb.com\/"},{"@type":"ListItem","position":2,"name":"Guide complet de la pri\u00e8re de l&#8217;A\u00efd : horaires et mosqu\u00e9es pour les communaut\u00e9s alg\u00e9rienne, tunisienne et marocaine en France"}]},{"@type":"WebSite","@id":"http:\/\/monmaghreb.com\/#website","url":"http:\/\/monmaghreb.com\/","name":"Mon Maghreb","description":"MonMaghreb United","publisher":{"@id":"http:\/\/monmaghreb.com\/#organization"},"alternateName":"Le Monde du Maghreb et au del\u00e0","potentialAction":[{"@type":"SearchAction","target":{"@type":"EntryPoint","urlTemplate":"http:\/\/monmaghreb.com\/?s={search_term_string}"},"query-input":{"@type":"PropertyValueSpecification","valueRequired":true,"valueName":"search_term_string"}}],"inLanguage":"en-US"},{"@type":"Organization","@id":"http:\/\/monmaghreb.com\/#organization","name":"Mon Maghreb","url":"http:\/\/monmaghreb.com\/","logo":{"@type":"ImageObject","inLanguage":"en-US","@id":"http:\/\/monmaghreb.com\/#\/schema\/logo\/image\/","url":"https:\/\/monmaghreb.com\/wp-content\/uploads\/2025\/12\/Mon_Maghreb_Logo.jpg","contentUrl":"https:\/\/monmaghreb.com\/wp-content\/uploads\/2025\/12\/Mon_Maghreb_Logo.jpg","width":814,"height":374,"caption":"Mon Maghreb"},"image":{"@id":"http:\/\/monmaghreb.com\/#\/schema\/logo\/image\/"}},{"@type":"Person","@id":"http:\/\/monmaghreb.com\/#\/schema\/person\/c469a89dc8c6b8987dcb438b1200d054","name":"LaMagh","image":{"@type":"ImageObject","inLanguage":"en-US","@id":"https:\/\/secure.gravatar.com\/avatar\/399d8144bd55fba55e056779aca52fe528bac7911f6449e54d81173d6dfd7f0a?s=96&d=mm&r=g","url":"https:\/\/secure.gravatar.com\/avatar\/399d8144bd55fba55e056779aca52fe528bac7911f6449e54d81173d6dfd7f0a?s=96&d=mm&r=g","contentUrl":"https:\/\/secure.gravatar.com\/avatar\/399d8144bd55fba55e056779aca52fe528bac7911f6449e54d81173d6dfd7f0a?s=96&d=mm&r=g","caption":"LaMagh"},"sameAs":["https:\/\/monmaghreb.com","https:\/\/www.facebook.com\/monmaghrebcom","https:\/\/x.com\/MMaghreb50977"],"url":"https:\/\/monmaghreb.com\/index.php\/author\/lamagh\/"}]}},"_links":{"self":[{"href":"https:\/\/monmaghreb.com\/index.php\/wp-json\/wp\/v2\/posts\/1023","targetHints":{"allow":["GET"]}}],"collection":[{"href":"https:\/\/monmaghreb.com\/index.php\/wp-json\/wp\/v2\/posts"}],"about":[{"href":"https:\/\/monmaghreb.com\/index.php\/wp-json\/wp\/v2\/types\/post"}],"author":[{"embeddable":true,"href":"https:\/\/monmaghreb.com\/index.php\/wp-json\/wp\/v2\/users\/1"}],"replies":[{"embeddable":true,"href":"https:\/\/monmaghreb.com\/index.php\/wp-json\/wp\/v2\/comments?post=1023"}],"version-history":[{"count":1,"href":"https:\/\/monmaghreb.com\/index.php\/wp-json\/wp\/v2\/posts\/1023\/revisions"}],"predecessor-version":[{"id":1024,"href":"https:\/\/monmaghreb.com\/index.php\/wp-json\/wp\/v2\/posts\/1023\/revisions\/1024"}],"wp:featuredmedia":[{"embeddable":true,"href":"https:\/\/monmaghreb.com\/index.php\/wp-json\/wp\/v2\/media\/1022"}],"wp:attachment":[{"href":"https:\/\/monmaghreb.com\/index.php\/wp-json\/wp\/v2\/media?parent=1023"}],"wp:term":[{"taxonomy":"category","embeddable":true,"href":"https:\/\/monmaghreb.com\/index.php\/wp-json\/wp\/v2\/categories?post=1023"},{"taxonomy":"post_tag","embeddable":true,"href":"https:\/\/monmaghreb.com\/index.php\/wp-json\/wp\/v2\/tags?post=1023"}],"curies":[{"name":"wp","href":"https:\/\/api.w.org\/{rel}","templated":true}]}}