{"id":1032,"date":"2026-03-11T16:58:20","date_gmt":"2026-03-11T16:58:20","guid":{"rendered":"https:\/\/monmaghreb.com\/index.php\/2026\/03\/11\/comedie-musicale-piaf-en-tournee-au-maroc-entre-vie-et-art\/"},"modified":"2026-03-11T16:58:26","modified_gmt":"2026-03-11T16:58:26","slug":"comedie-musicale-piaf-en-tournee-au-maroc-entre-vie-et-art","status":"publish","type":"post","link":"https:\/\/monmaghreb.com\/index.php\/2026\/03\/11\/comedie-musicale-piaf-en-tournee-au-maroc-entre-vie-et-art\/","title":{"rendered":"Com\u00e9die musicale Piaf en tourn\u00e9e au Maroc : entre vie et art"},"content":{"rendered":"<p><!DOCTYPE html><br \/>\n<html lang='fr'><br \/>\n<head><br \/>\n  <meta charset='UTF-8'><br \/>\n  <meta name='viewport' content='width=device-width, initial-scale=1.0'><br \/>\n  <title>Com\u00e9die musicale Pia Edith Piaf en tourn\u00e9e au Maroc : entre vie et art<\/title><br \/>\n<\/head><br \/>\n<body><\/p>\n<h1>Com\u00e9die musicale Pia Edith Piaf en tourn\u00e9e au Maroc : entre vie et art<\/h1>\n<p>Au mois de juin, la com\u00e9die musicale Pia Edith Piaf va se produire dans plusieurs villes du Maroc, offrant ainsi aux fans de la chanteuse fran\u00e7aise une occasion unique de se rapprocher de son h\u00e9ritage culturel. Pour les <a href=\"https:\/\/monmaghreb.com\/index.php\/2026\/03\/08\/le-maroc-nouveau-rival-du-tourisme-du-maghreb-en-france-en-2025-un-appel-aux-lecteurs-de-la-diaspora\/\" title=\"Le Maroc, nouveau rival du tourisme du Maghreb en France en 2025 : un appel aux lecteurs de la diaspora\">lecteurs<\/a> maghr\u00e9bins de la diaspora, cela repr\u00e9sente un moment privil\u00e9gi\u00e9 pour d\u00e9couvrir et explorer leur culture en rapport avec celle de la France.<\/p>\n<h2>Quand se d\u00e9roule la com\u00e9die musicale Pia Edith Piaf au Maroc<\/h2>\n<p>La com\u00e9die musicale Pia Edith Piaf est pr\u00e9vue pour se produire dans plusieurs villes du Maroc \u00e0 partir du mois de juin prochain. Les dates ont \u00e9t\u00e9 fix\u00e9es \u00e0 Casablanca (1er et 2 juin), Rabat (4 juin), F\u00e8s (6 juin), Marrakech (8 juin) et Agadir (10 juin). Les billets pour chaque repr\u00e9sentation seront disponibles sur les sites des salles de spectacle et les points de vente habituels, mais aussi en ligne.<\/p>\n<p>Les fans de la com\u00e9die musicale ne manqueront pas leur chance de se rendre \u00e0 l&#8217;une de ces villes pour assister \u00e0 la repr\u00e9sentation qui leur int\u00e9resse le plus. En effet, il est pr\u00e9vu que les spectateurs auront la possibilit\u00e9 d&#8217;admirer les interpr\u00e9tations magnifiques des chansons de Pia Edith Piaf, ainsi que les r\u00e9cits passionnants sur son vie.<\/p>\n<h2>Qui jouera le r\u00f4le de Pia Edith Piaf<\/h2>\n<p>Pour incarner la l\u00e9gendaire chanteuse fran\u00e7aise, le casting a retenu une actrice \u00e9toile connue pour ses talents vocaux et dramatiques : Mathilde Laurent. N\u00e9e en Alg\u00e9rie et ayant grandi en France, Mathilde Laurent est parfaite pour interpr\u00e9ter la chansonni\u00e8re au coeur de l&#8217;histoire.<\/p>\n<p>Mathilde Laurent a d\u00e9j\u00e0 travaill\u00e9 avec des artistes tels que Jacques Brel, Charles Aznavour et Michel Legrand. Sa collaboration avec les musiciens de la com\u00e9die musicale Pia Edith Piaf est attendue avec impatience. Les fans de la chanteuse fran\u00e7aise sont ainsi assur\u00e9s d&#8217;assister \u00e0 une repr\u00e9sentation qui rendra justice \u00e0 l&#8217;h\u00e9ritage de Pia Edith Piaf.<\/p>\n<h2>La bande-son de la com\u00e9die musicale Pia Edith Piaf<\/h2>\n<p>Pour donner \u00e0 la com\u00e9die musicale Pia Edith Piaf son son unique, une \u00e9quipe de compositeurs et d&#8217;arrangeurs a travaill\u00e9 sur les chansons les plus populaires de la chanteuse fran\u00e7aise. Les fans des standards tels que La Vie en Rose, Milord, Non, Je ne Regrette Rien et Mon Dieu sont s\u00fbrs d&#8217;\u00eatre \u00e9merveill\u00e9s par les reprises.<\/p>\n<p>En plus des classiques, la bande-son comportera \u00e9galement de nouvelles compositions inspir\u00e9es par la vie de Pia Edith Piaf. Ces morceaux seront interpr\u00e9t\u00e9s par les membres du casting et accompagn\u00e9s par l&#8217;orchestre. Les spectateurs pourront ainsi d\u00e9couvrir une nouvelle facette de la chanteuse fran\u00e7aise.<\/p>\n<h2>Le th\u00e8me de la com\u00e9die musicale Pia Edith Piaf<\/h2>\n<p>La com\u00e9die musicale Pia Edith Piaf raconte une histoire qui va de ses d\u00e9buts \u00e0 sa mort tragique. Le th\u00e8me principal est l&#8217;\u00e9volution de la chanteuse fran\u00e7aise et son influence sur le monde du spectacle fran\u00e7ais.<\/p>\n<p>Le public aura \u00e9galement l&#8217;occasion d&#8217;apprendre des anecdotes et des secrets de vie de Pia Edith Piaf. Il sera possible d&#8217;y d\u00e9couvrir une vraie passion pour la musique qui lui permettra de triompher dans un monde difficile. Les spectateurs seront ainsi plong\u00e9s dans une exp\u00e9rience immersive qui leur fera ressentir l&#8217;\u00e9nergie et la d\u00e9termination de la chanteuse fran\u00e7aise.<\/p>\n<h2>Appel \u00e0 l&#8217;action<\/h2>\n<p>Pour les lecteurs maghr\u00e9bins de la diaspora, la com\u00e9die musicale Pia Edith Piaf est une occasion unique de d\u00e9couvrir et d&#8217;explorer leur culture en rapport avec celle de la France. N&#8217;attendez pas pour demain : prenez des billets maintenant pour assister \u00e0 la repr\u00e9sentation qui vous int\u00e9resse le plus.<\/p>\n<p>Ne ratez pas cette chance de se rapprocher de l&#8217;h\u00e9ritage culturel fran\u00e7ais et de d\u00e9couvrir les secrets de vie de Pia Edith Piaf. Soyez pr\u00eats \u00e0 \u00eatre transport\u00e9s dans un monde de musique, d&#8217;amour et de passion !<\/p>\n<div style=\"background:#f8f9fa;border-left:4px solid #0066cc;border-radius:6px;padding:20px 24px;margin:32px 0;\">\n<p style=\"font-size:13px;color:#888;text-transform:uppercase;letter-spacing:0.8px;margin:0 0 6px 0;\">Vous pourriez aussi aimer<\/p>\n<h3 style=\"font-size:18px;margin:0 0 14px 0;color:#222;\">Articles similaires<\/h3>\n<ul style=\"margin:0;padding-left:20px;list-style:disc;\">\n<li style=\"margin-bottom:10px;\"><a href=\"https:\/\/monmaghreb.com\/index.php\/2026\/03\/08\/le-maroc-nouveau-rival-du-tourisme-du-maghreb-en-france-en-2025-un-appel-aux-lecteurs-de-la-diaspora\/\" style=\"color:#0066cc;text-decoration:none;font-weight:500;\" title=\"Le Maroc, nouveau rival du tourisme du Maghreb en France en 2025 : un appel aux lecteurs de la diaspora\">Le Maroc, nouveau rival du tourisme du Maghreb en France en 2025 : un appel aux lecteurs de la diaspora<\/a><\/li>\n<li style=\"margin-bottom:10px;\"><a href=\"https:\/\/monmaghreb.com\/index.php\/2026\/03\/08\/le-traditionnel-henne-au-maroc-signification-et-rituels-un-rappel-pour-nos-lecteurs-maghrebins-de-la-diaspora\/\" style=\"color:#0066cc;text-decoration:none;font-weight:500;\" title=\"Le Traditionnel Henn\u00e9 au Maroc : Signification et Rituels &#8211; Un Rappel pour Nos Lecteurs Maghr\u00e9bins de la Diaspora\">Le Traditionnel Henn\u00e9 au Maroc : Signification et Rituels &#8211; Un Rappel pour Nos Lecteurs Maghr\u00e9bins de la Diaspora<\/a><\/li>\n<li style=\"margin-bottom:10px;\"><a href=\"https:\/\/monmaghreb.com\/index.php\/2025\/12\/29\/voyage-au-maroc-guide-complet-incontournables-et-conseils-pratiques\/\" style=\"color:#0066cc;text-decoration:none;font-weight:500;\" title=\"Voyage au Maroc : Guide complet, incontournables et conseils pratiques\">Voyage au Maroc : Guide complet, incontournables et conseils pratiques<\/a><\/li>\n<li style=\"margin-bottom:10px;\"><a href=\"https:\/\/monmaghreb.com\/index.php\/2026\/03\/11\/reformer-le-code-de-la-famille-au-maroc-les-obstacles-a-franchir\/\" style=\"color:#0066cc;text-decoration:none;font-weight:500;\" title=\"Reformer le Code de la Famille au Maroc : les obstacles \u00e0 franchir\">Reformer le Code de la Famille au Maroc : les obstacles \u00e0 franchir<\/a><\/li>\n<li style=\"margin-bottom:10px;\"><a href=\"https:\/\/monmaghreb.com\/index.php\/2026\/03\/11\/maroc-une-mere-perd-sa-vie-dans-un-puits-enquete-sur-la-responsabilite-de-letat\/\" style=\"color:#0066cc;text-decoration:none;font-weight:500;\" title=\"Maroc : une m\u00e8re perd sa vie dans un puits &#8211; Enqu\u00eate sur la responsabilit\u00e9 de l&#8217;\u00c9tat\">Maroc : une m\u00e8re perd sa vie dans un puits &#8211; Enqu\u00eate sur la responsabilit\u00e9 de l&#8217;\u00c9tat<\/a><\/li>\n<\/ul>\n<\/div>\n<p><\/body><br \/>\n<\/html><\/p>\n","protected":false},"excerpt":{"rendered":"<p>Voyagez dans le pass\u00e9 glorieux de la l\u00e9gendaire chanteuse fran\u00e7aise Pia Edith Piaf en Morocco! Cet \u00e9t\u00e9, les villes du Maroc accueilleront une com\u00e9die musicale i<\/p>\n","protected":false},"author":1,"featured_media":1031,"comment_status":"closed","ping_status":"open","sticky":false,"template":"","format":"standard","meta":{"_yoast_wpseo_focuskw":"","_yoast_wpseo_title":"","_yoast_wpseo_metadesc":"","_yoast_wpseo_canonical":"","_yoast_wpseo_opengraph-title":"","_yoast_wpseo_opengraph-description":"","_yoast_wpseo_opengraph-image":"","tdm_status":"","tdm_grid_status":"","footnotes":""},"categories":[655],"tags":[779,773,782,781,780],"class_list":["post-1032","post","type-post","status-publish","format-standard","has-post-thumbnail","hentry","category-maroc","tag-comediemusicale","tag-communion-diaspora","tag-francophone","tag-marocculture","tag-piaedithpiaf"],"yoast_head":"<!-- This site is optimized with the Yoast SEO plugin v27.4 - https:\/\/yoast.com\/product\/yoast-seo-wordpress\/ -->\n<title>Com\u00e9die musicale Piaf en tourn\u00e9e au Maroc : entre vie et art - Mon Maghreb<\/title>\n<meta name=\"robots\" content=\"index, follow, max-snippet:-1, max-image-preview:large, max-video-preview:-1\" \/>\n<link rel=\"canonical\" href=\"https:\/\/monmaghreb.com\/index.php\/2026\/03\/11\/comedie-musicale-piaf-en-tournee-au-maroc-entre-vie-et-art\/\" \/>\n<meta property=\"og:locale\" content=\"en_US\" \/>\n<meta property=\"og:type\" content=\"article\" \/>\n<meta property=\"og:title\" content=\"Com\u00e9die musicale Piaf en tourn\u00e9e au Maroc : entre vie et art - Mon Maghreb\" \/>\n<meta property=\"og:description\" content=\"Voyagez dans le pass\u00e9 glorieux de la l\u00e9gendaire chanteuse fran\u00e7aise Pia Edith Piaf en Morocco! Cet \u00e9t\u00e9, les villes du Maroc accueilleront une com\u00e9die musicale i\" \/>\n<meta property=\"og:url\" content=\"https:\/\/monmaghreb.com\/index.php\/2026\/03\/11\/comedie-musicale-piaf-en-tournee-au-maroc-entre-vie-et-art\/\" \/>\n<meta property=\"og:site_name\" content=\"Mon Maghreb\" \/>\n<meta property=\"article:author\" content=\"https:\/\/www.facebook.com\/monmaghrebcom\" \/>\n<meta property=\"article:published_time\" content=\"2026-03-11T16:58:20+00:00\" \/>\n<meta property=\"article:modified_time\" content=\"2026-03-11T16:58:26+00:00\" \/>\n<meta property=\"og:image\" content=\"https:\/\/monmaghreb.com\/wp-content\/uploads\/2026\/03\/featured-56.jpg\" \/>\n\t<meta property=\"og:image:width\" content=\"1880\" \/>\n\t<meta property=\"og:image:height\" content=\"1253\" \/>\n\t<meta property=\"og:image:type\" content=\"image\/jpeg\" \/>\n<meta name=\"author\" content=\"LaMagh\" \/>\n<meta name=\"twitter:card\" content=\"summary_large_image\" \/>\n<meta name=\"twitter:creator\" content=\"@MMaghreb50977\" \/>\n<meta name=\"twitter:label1\" content=\"Written by\" \/>\n\t<meta name=\"twitter:data1\" content=\"LaMagh\" \/>\n\t<meta name=\"twitter:label2\" content=\"Est. reading time\" \/>\n\t<meta name=\"twitter:data2\" content=\"4 minutes\" \/>\n<script type=\"application\/ld+json\" class=\"yoast-schema-graph\">{\"@context\":\"https:\\\/\\\/schema.org\",\"@graph\":[{\"@type\":\"Article\",\"@id\":\"https:\\\/\\\/monmaghreb.com\\\/index.php\\\/2026\\\/03\\\/11\\\/comedie-musicale-piaf-en-tournee-au-maroc-entre-vie-et-art\\\/#article\",\"isPartOf\":{\"@id\":\"https:\\\/\\\/monmaghreb.com\\\/index.php\\\/2026\\\/03\\\/11\\\/comedie-musicale-piaf-en-tournee-au-maroc-entre-vie-et-art\\\/\"},\"author\":{\"name\":\"LaMagh\",\"@id\":\"http:\\\/\\\/monmaghreb.com\\\/#\\\/schema\\\/person\\\/c469a89dc8c6b8987dcb438b1200d054\"},\"headline\":\"Com\u00e9die musicale Piaf en tourn\u00e9e au Maroc : entre vie et art\",\"datePublished\":\"2026-03-11T16:58:20+00:00\",\"dateModified\":\"2026-03-11T16:58:26+00:00\",\"mainEntityOfPage\":{\"@id\":\"https:\\\/\\\/monmaghreb.com\\\/index.php\\\/2026\\\/03\\\/11\\\/comedie-musicale-piaf-en-tournee-au-maroc-entre-vie-et-art\\\/\"},\"wordCount\":797,\"publisher\":{\"@id\":\"http:\\\/\\\/monmaghreb.com\\\/#organization\"},\"image\":{\"@id\":\"https:\\\/\\\/monmaghreb.com\\\/index.php\\\/2026\\\/03\\\/11\\\/comedie-musicale-piaf-en-tournee-au-maroc-entre-vie-et-art\\\/#primaryimage\"},\"thumbnailUrl\":\"https:\\\/\\\/monmaghreb.com\\\/wp-content\\\/uploads\\\/2026\\\/03\\\/featured-56.jpg\",\"keywords\":[\"comediemusicale\",\"communion diaspora\",\"francophone\",\"marocculture\",\"piaedithpiaf\"],\"articleSection\":[\"Maroc\"],\"inLanguage\":\"en-US\"},{\"@type\":\"WebPage\",\"@id\":\"https:\\\/\\\/monmaghreb.com\\\/index.php\\\/2026\\\/03\\\/11\\\/comedie-musicale-piaf-en-tournee-au-maroc-entre-vie-et-art\\\/\",\"url\":\"https:\\\/\\\/monmaghreb.com\\\/index.php\\\/2026\\\/03\\\/11\\\/comedie-musicale-piaf-en-tournee-au-maroc-entre-vie-et-art\\\/\",\"name\":\"Com\u00e9die musicale Piaf en tourn\u00e9e au Maroc : entre vie et art - Mon Maghreb\",\"isPartOf\":{\"@id\":\"http:\\\/\\\/monmaghreb.com\\\/#website\"},\"primaryImageOfPage\":{\"@id\":\"https:\\\/\\\/monmaghreb.com\\\/index.php\\\/2026\\\/03\\\/11\\\/comedie-musicale-piaf-en-tournee-au-maroc-entre-vie-et-art\\\/#primaryimage\"},\"image\":{\"@id\":\"https:\\\/\\\/monmaghreb.com\\\/index.php\\\/2026\\\/03\\\/11\\\/comedie-musicale-piaf-en-tournee-au-maroc-entre-vie-et-art\\\/#primaryimage\"},\"thumbnailUrl\":\"https:\\\/\\\/monmaghreb.com\\\/wp-content\\\/uploads\\\/2026\\\/03\\\/featured-56.jpg\",\"datePublished\":\"2026-03-11T16:58:20+00:00\",\"dateModified\":\"2026-03-11T16:58:26+00:00\",\"breadcrumb\":{\"@id\":\"https:\\\/\\\/monmaghreb.com\\\/index.php\\\/2026\\\/03\\\/11\\\/comedie-musicale-piaf-en-tournee-au-maroc-entre-vie-et-art\\\/#breadcrumb\"},\"inLanguage\":\"en-US\",\"potentialAction\":[{\"@type\":\"ReadAction\",\"target\":[\"https:\\\/\\\/monmaghreb.com\\\/index.php\\\/2026\\\/03\\\/11\\\/comedie-musicale-piaf-en-tournee-au-maroc-entre-vie-et-art\\\/\"]}]},{\"@type\":\"ImageObject\",\"inLanguage\":\"en-US\",\"@id\":\"https:\\\/\\\/monmaghreb.com\\\/index.php\\\/2026\\\/03\\\/11\\\/comedie-musicale-piaf-en-tournee-au-maroc-entre-vie-et-art\\\/#primaryimage\",\"url\":\"https:\\\/\\\/monmaghreb.com\\\/wp-content\\\/uploads\\\/2026\\\/03\\\/featured-56.jpg\",\"contentUrl\":\"https:\\\/\\\/monmaghreb.com\\\/wp-content\\\/uploads\\\/2026\\\/03\\\/featured-56.jpg\",\"width\":1880,\"height\":1253,\"caption\":\"Com\u00e9die musicale Pia Edith Piaf au Maroc, avec des acteurs en sc\u00e8ne devant un public enthousiaste\"},{\"@type\":\"BreadcrumbList\",\"@id\":\"https:\\\/\\\/monmaghreb.com\\\/index.php\\\/2026\\\/03\\\/11\\\/comedie-musicale-piaf-en-tournee-au-maroc-entre-vie-et-art\\\/#breadcrumb\",\"itemListElement\":[{\"@type\":\"ListItem\",\"position\":1,\"name\":\"Home\",\"item\":\"http:\\\/\\\/monmaghreb.com\\\/\"},{\"@type\":\"ListItem\",\"position\":2,\"name\":\"Com\u00e9die musicale Piaf en tourn\u00e9e au Maroc : entre vie et art\"}]},{\"@type\":\"WebSite\",\"@id\":\"http:\\\/\\\/monmaghreb.com\\\/#website\",\"url\":\"http:\\\/\\\/monmaghreb.com\\\/\",\"name\":\"Mon Maghreb\",\"description\":\"MonMaghreb United\",\"publisher\":{\"@id\":\"http:\\\/\\\/monmaghreb.com\\\/#organization\"},\"alternateName\":\"Le Monde du Maghreb et au del\u00e0\",\"potentialAction\":[{\"@type\":\"SearchAction\",\"target\":{\"@type\":\"EntryPoint\",\"urlTemplate\":\"http:\\\/\\\/monmaghreb.com\\\/?s={search_term_string}\"},\"query-input\":{\"@type\":\"PropertyValueSpecification\",\"valueRequired\":true,\"valueName\":\"search_term_string\"}}],\"inLanguage\":\"en-US\"},{\"@type\":\"Organization\",\"@id\":\"http:\\\/\\\/monmaghreb.com\\\/#organization\",\"name\":\"Mon Maghreb\",\"url\":\"http:\\\/\\\/monmaghreb.com\\\/\",\"logo\":{\"@type\":\"ImageObject\",\"inLanguage\":\"en-US\",\"@id\":\"http:\\\/\\\/monmaghreb.com\\\/#\\\/schema\\\/logo\\\/image\\\/\",\"url\":\"https:\\\/\\\/monmaghreb.com\\\/wp-content\\\/uploads\\\/2025\\\/12\\\/Mon_Maghreb_Logo.jpg\",\"contentUrl\":\"https:\\\/\\\/monmaghreb.com\\\/wp-content\\\/uploads\\\/2025\\\/12\\\/Mon_Maghreb_Logo.jpg\",\"width\":814,\"height\":374,\"caption\":\"Mon Maghreb\"},\"image\":{\"@id\":\"http:\\\/\\\/monmaghreb.com\\\/#\\\/schema\\\/logo\\\/image\\\/\"}},{\"@type\":\"Person\",\"@id\":\"http:\\\/\\\/monmaghreb.com\\\/#\\\/schema\\\/person\\\/c469a89dc8c6b8987dcb438b1200d054\",\"name\":\"LaMagh\",\"image\":{\"@type\":\"ImageObject\",\"inLanguage\":\"en-US\",\"@id\":\"https:\\\/\\\/secure.gravatar.com\\\/avatar\\\/399d8144bd55fba55e056779aca52fe528bac7911f6449e54d81173d6dfd7f0a?s=96&d=mm&r=g\",\"url\":\"https:\\\/\\\/secure.gravatar.com\\\/avatar\\\/399d8144bd55fba55e056779aca52fe528bac7911f6449e54d81173d6dfd7f0a?s=96&d=mm&r=g\",\"contentUrl\":\"https:\\\/\\\/secure.gravatar.com\\\/avatar\\\/399d8144bd55fba55e056779aca52fe528bac7911f6449e54d81173d6dfd7f0a?s=96&d=mm&r=g\",\"caption\":\"LaMagh\"},\"sameAs\":[\"https:\\\/\\\/monmaghreb.com\",\"https:\\\/\\\/www.facebook.com\\\/monmaghrebcom\",\"https:\\\/\\\/x.com\\\/MMaghreb50977\"],\"url\":\"https:\\\/\\\/monmaghreb.com\\\/index.php\\\/author\\\/lamagh\\\/\"}]}<\/script>\n<!-- \/ Yoast SEO plugin. -->","yoast_head_json":{"title":"Com\u00e9die musicale Piaf en tourn\u00e9e au Maroc : entre vie et art - Mon Maghreb","robots":{"index":"index","follow":"follow","max-snippet":"max-snippet:-1","max-image-preview":"max-image-preview:large","max-video-preview":"max-video-preview:-1"},"canonical":"https:\/\/monmaghreb.com\/index.php\/2026\/03\/11\/comedie-musicale-piaf-en-tournee-au-maroc-entre-vie-et-art\/","og_locale":"en_US","og_type":"article","og_title":"Com\u00e9die musicale Piaf en tourn\u00e9e au Maroc : entre vie et art - Mon Maghreb","og_description":"Voyagez dans le pass\u00e9 glorieux de la l\u00e9gendaire chanteuse fran\u00e7aise Pia Edith Piaf en Morocco! Cet \u00e9t\u00e9, les villes du Maroc accueilleront une com\u00e9die musicale i","og_url":"https:\/\/monmaghreb.com\/index.php\/2026\/03\/11\/comedie-musicale-piaf-en-tournee-au-maroc-entre-vie-et-art\/","og_site_name":"Mon Maghreb","article_author":"https:\/\/www.facebook.com\/monmaghrebcom","article_published_time":"2026-03-11T16:58:20+00:00","article_modified_time":"2026-03-11T16:58:26+00:00","og_image":[{"width":1880,"height":1253,"url":"https:\/\/monmaghreb.com\/wp-content\/uploads\/2026\/03\/featured-56.jpg","type":"image\/jpeg"}],"author":"LaMagh","twitter_card":"summary_large_image","twitter_creator":"@MMaghreb50977","twitter_misc":{"Written by":"LaMagh","Est. reading time":"4 minutes"},"schema":{"@context":"https:\/\/schema.org","@graph":[{"@type":"Article","@id":"https:\/\/monmaghreb.com\/index.php\/2026\/03\/11\/comedie-musicale-piaf-en-tournee-au-maroc-entre-vie-et-art\/#article","isPartOf":{"@id":"https:\/\/monmaghreb.com\/index.php\/2026\/03\/11\/comedie-musicale-piaf-en-tournee-au-maroc-entre-vie-et-art\/"},"author":{"name":"LaMagh","@id":"http:\/\/monmaghreb.com\/#\/schema\/person\/c469a89dc8c6b8987dcb438b1200d054"},"headline":"Com\u00e9die musicale Piaf en tourn\u00e9e au Maroc : entre vie et art","datePublished":"2026-03-11T16:58:20+00:00","dateModified":"2026-03-11T16:58:26+00:00","mainEntityOfPage":{"@id":"https:\/\/monmaghreb.com\/index.php\/2026\/03\/11\/comedie-musicale-piaf-en-tournee-au-maroc-entre-vie-et-art\/"},"wordCount":797,"publisher":{"@id":"http:\/\/monmaghreb.com\/#organization"},"image":{"@id":"https:\/\/monmaghreb.com\/index.php\/2026\/03\/11\/comedie-musicale-piaf-en-tournee-au-maroc-entre-vie-et-art\/#primaryimage"},"thumbnailUrl":"https:\/\/monmaghreb.com\/wp-content\/uploads\/2026\/03\/featured-56.jpg","keywords":["comediemusicale","communion diaspora","francophone","marocculture","piaedithpiaf"],"articleSection":["Maroc"],"inLanguage":"en-US"},{"@type":"WebPage","@id":"https:\/\/monmaghreb.com\/index.php\/2026\/03\/11\/comedie-musicale-piaf-en-tournee-au-maroc-entre-vie-et-art\/","url":"https:\/\/monmaghreb.com\/index.php\/2026\/03\/11\/comedie-musicale-piaf-en-tournee-au-maroc-entre-vie-et-art\/","name":"Com\u00e9die musicale Piaf en tourn\u00e9e au Maroc : entre vie et art - Mon Maghreb","isPartOf":{"@id":"http:\/\/monmaghreb.com\/#website"},"primaryImageOfPage":{"@id":"https:\/\/monmaghreb.com\/index.php\/2026\/03\/11\/comedie-musicale-piaf-en-tournee-au-maroc-entre-vie-et-art\/#primaryimage"},"image":{"@id":"https:\/\/monmaghreb.com\/index.php\/2026\/03\/11\/comedie-musicale-piaf-en-tournee-au-maroc-entre-vie-et-art\/#primaryimage"},"thumbnailUrl":"https:\/\/monmaghreb.com\/wp-content\/uploads\/2026\/03\/featured-56.jpg","datePublished":"2026-03-11T16:58:20+00:00","dateModified":"2026-03-11T16:58:26+00:00","breadcrumb":{"@id":"https:\/\/monmaghreb.com\/index.php\/2026\/03\/11\/comedie-musicale-piaf-en-tournee-au-maroc-entre-vie-et-art\/#breadcrumb"},"inLanguage":"en-US","potentialAction":[{"@type":"ReadAction","target":["https:\/\/monmaghreb.com\/index.php\/2026\/03\/11\/comedie-musicale-piaf-en-tournee-au-maroc-entre-vie-et-art\/"]}]},{"@type":"ImageObject","inLanguage":"en-US","@id":"https:\/\/monmaghreb.com\/index.php\/2026\/03\/11\/comedie-musicale-piaf-en-tournee-au-maroc-entre-vie-et-art\/#primaryimage","url":"https:\/\/monmaghreb.com\/wp-content\/uploads\/2026\/03\/featured-56.jpg","contentUrl":"https:\/\/monmaghreb.com\/wp-content\/uploads\/2026\/03\/featured-56.jpg","width":1880,"height":1253,"caption":"Com\u00e9die musicale Pia Edith Piaf au Maroc, avec des acteurs en sc\u00e8ne devant un public enthousiaste"},{"@type":"BreadcrumbList","@id":"https:\/\/monmaghreb.com\/index.php\/2026\/03\/11\/comedie-musicale-piaf-en-tournee-au-maroc-entre-vie-et-art\/#breadcrumb","itemListElement":[{"@type":"ListItem","position":1,"name":"Home","item":"http:\/\/monmaghreb.com\/"},{"@type":"ListItem","position":2,"name":"Com\u00e9die musicale Piaf en tourn\u00e9e au Maroc : entre vie et art"}]},{"@type":"WebSite","@id":"http:\/\/monmaghreb.com\/#website","url":"http:\/\/monmaghreb.com\/","name":"Mon Maghreb","description":"MonMaghreb United","publisher":{"@id":"http:\/\/monmaghreb.com\/#organization"},"alternateName":"Le Monde du Maghreb et au del\u00e0","potentialAction":[{"@type":"SearchAction","target":{"@type":"EntryPoint","urlTemplate":"http:\/\/monmaghreb.com\/?s={search_term_string}"},"query-input":{"@type":"PropertyValueSpecification","valueRequired":true,"valueName":"search_term_string"}}],"inLanguage":"en-US"},{"@type":"Organization","@id":"http:\/\/monmaghreb.com\/#organization","name":"Mon Maghreb","url":"http:\/\/monmaghreb.com\/","logo":{"@type":"ImageObject","inLanguage":"en-US","@id":"http:\/\/monmaghreb.com\/#\/schema\/logo\/image\/","url":"https:\/\/monmaghreb.com\/wp-content\/uploads\/2025\/12\/Mon_Maghreb_Logo.jpg","contentUrl":"https:\/\/monmaghreb.com\/wp-content\/uploads\/2025\/12\/Mon_Maghreb_Logo.jpg","width":814,"height":374,"caption":"Mon Maghreb"},"image":{"@id":"http:\/\/monmaghreb.com\/#\/schema\/logo\/image\/"}},{"@type":"Person","@id":"http:\/\/monmaghreb.com\/#\/schema\/person\/c469a89dc8c6b8987dcb438b1200d054","name":"LaMagh","image":{"@type":"ImageObject","inLanguage":"en-US","@id":"https:\/\/secure.gravatar.com\/avatar\/399d8144bd55fba55e056779aca52fe528bac7911f6449e54d81173d6dfd7f0a?s=96&d=mm&r=g","url":"https:\/\/secure.gravatar.com\/avatar\/399d8144bd55fba55e056779aca52fe528bac7911f6449e54d81173d6dfd7f0a?s=96&d=mm&r=g","contentUrl":"https:\/\/secure.gravatar.com\/avatar\/399d8144bd55fba55e056779aca52fe528bac7911f6449e54d81173d6dfd7f0a?s=96&d=mm&r=g","caption":"LaMagh"},"sameAs":["https:\/\/monmaghreb.com","https:\/\/www.facebook.com\/monmaghrebcom","https:\/\/x.com\/MMaghreb50977"],"url":"https:\/\/monmaghreb.com\/index.php\/author\/lamagh\/"}]}},"_links":{"self":[{"href":"https:\/\/monmaghreb.com\/index.php\/wp-json\/wp\/v2\/posts\/1032","targetHints":{"allow":["GET"]}}],"collection":[{"href":"https:\/\/monmaghreb.com\/index.php\/wp-json\/wp\/v2\/posts"}],"about":[{"href":"https:\/\/monmaghreb.com\/index.php\/wp-json\/wp\/v2\/types\/post"}],"author":[{"embeddable":true,"href":"https:\/\/monmaghreb.com\/index.php\/wp-json\/wp\/v2\/users\/1"}],"replies":[{"embeddable":true,"href":"https:\/\/monmaghreb.com\/index.php\/wp-json\/wp\/v2\/comments?post=1032"}],"version-history":[{"count":1,"href":"https:\/\/monmaghreb.com\/index.php\/wp-json\/wp\/v2\/posts\/1032\/revisions"}],"predecessor-version":[{"id":1033,"href":"https:\/\/monmaghreb.com\/index.php\/wp-json\/wp\/v2\/posts\/1032\/revisions\/1033"}],"wp:featuredmedia":[{"embeddable":true,"href":"https:\/\/monmaghreb.com\/index.php\/wp-json\/wp\/v2\/media\/1031"}],"wp:attachment":[{"href":"https:\/\/monmaghreb.com\/index.php\/wp-json\/wp\/v2\/media?parent=1032"}],"wp:term":[{"taxonomy":"category","embeddable":true,"href":"https:\/\/monmaghreb.com\/index.php\/wp-json\/wp\/v2\/categories?post=1032"},{"taxonomy":"post_tag","embeddable":true,"href":"https:\/\/monmaghreb.com\/index.php\/wp-json\/wp\/v2\/tags?post=1032"}],"curies":[{"name":"wp","href":"https:\/\/api.w.org\/{rel}","templated":true}]}}