{"id":1041,"date":"2026-03-11T18:34:12","date_gmt":"2026-03-11T18:34:12","guid":{"rendered":"https:\/\/monmaghreb.com\/index.php\/2026\/03\/11\/les-spas-privatifs-en-france-un-refuge-pour-traverser-lhiver-en-beaute\/"},"modified":"2026-03-11T18:34:14","modified_gmt":"2026-03-11T18:34:14","slug":"les-spas-privatifs-en-france-un-refuge-pour-traverser-lhiver-en-beaute","status":"publish","type":"post","link":"https:\/\/monmaghreb.com\/index.php\/2026\/03\/11\/les-spas-privatifs-en-france-un-refuge-pour-traverser-lhiver-en-beaute\/","title":{"rendered":"Les spas privatifs en France : un refuge pour traverser l&#8217;hiver en beaut\u00e9"},"content":{"rendered":"<p><!DOCTYPE html><br \/>\n<html lang='fr'><br \/>\n<head><br \/>\n<meta charset='UTF-8'><br \/>\n<title>Les spas privatifs en France : un refuge pour traverser l&#8217;hiver en beaut\u00e9<\/title><br \/>\n<\/head><br \/>\n<body><\/p>\n<h1>Les spas privatifs en France : un refuge pour traverser l&#8217;hiver en beaut\u00e9<\/h1>\n<p>Cette saison, il est essentiel de se ressourcer et de trouver un moment de calme dans le tumulte. Les spas privatifs en France offrent une exp\u00e9rience inoubliable qui combine le bien-\u00eatre et le luxe. Imaginiez-vous \u00e9chappant \u00e0 la foule pour vous reposer dans un environnement paisible, entour\u00e9 de verdure ou de mer. C&#8217;est pr\u00e9cis\u00e9ment ce que les spas privatifs ont \u00e0 offrir.<\/p>\n<h2>1. Pourquoi choisir un spa priv\u00e9 ?<\/h2>\n<p>Ils permettent de s&#8217;\u00e9viter la foule et de b\u00e9n\u00e9ficier d&#8217;un service personnelis\u00e9 adapt\u00e9 \u00e0 vos besoins sp\u00e9cifiques. Les spas privatifs sont souvent situ\u00e9s dans des lieux enchanteurs, tels que des ch\u00e2teaux historiques ou des masionnaires proven\u00e7ales, offrant ainsi un cadre idyllique pour votre repos et d\u00e9tente.<\/p>\n<p>Vous pouvez choisir de vous laisser aller \u00e0 la d\u00e9gustation d&#8217;un repas gastronomique, suivie d&#8217;une s\u00e9ance de massage ou d&#8217;hydroth\u00e9rapie. Les spas privatifs proposent \u00e9galement des activit\u00e9s bien-\u00eatre, telles que la m\u00e9ditation, la yoga ou l&#8217;exercice physique guid\u00e9.<\/p>\n<p>En r\u00e9sum\u00e9, les spas privatifs en France offrent une exp\u00e9rience personnalis\u00e9e qui r\u00e9pond \u00e0 vos besoins de d\u00e9tente et de relaxation.<\/p>\n<h2>2. Quels sont les spas privatifs \u00e0 ne pas manquer en France ?<\/h2>\n<ul>\n<li><b>La R\u00e9serve d&#8217;Abeille: <\/b>Situ\u00e9 dans les Vosges, ce spa priv\u00e9 est connu pour son excellence et son service exceptionnel. Les clients peuvent choisir entre des soins corporels et des activit\u00e9s bien-\u00eatre, tels que la marche \u00e0 travers les bois ou le ski.<\/li>\n<li><b>Le Grand Barrail en Provence:<\/b> Cet h\u00f4tel \u00e0 Montpellier propose un spa priv\u00e9 qui combine la nature avec le luxe. Vous pourrez vous reposer dans des jardins luxuriants ou prendre un bain chaud sous les \u00e9toiles.<\/li>\n<li><b>Le Domaine de Manville en Normandie:<\/b> Ce site historique vous offrira une exp\u00e9rience de spa inoubliable, \u00e0 proximit\u00e9 de la mer. Vous pouvez choisir entre des soins corporels, des activit\u00e9s bien-\u00eatre et m\u00eame un s\u00e9jour romantique.<\/li>\n<\/ul>\n<h2>3. Quel est le co\u00fbt d&#8217;un s\u00e9jour dans un spa priv\u00e9 en France ?<\/h2>\n<p>Les prix varient selon les endroits et les services propos\u00e9s. Il est pr\u00e9f\u00e9rable de consulter le site web des spas pour avoir des informations pr\u00e9cises sur les tarifs et les packages disponibles.<\/p>\n<p>Cependant, vous pouvez g\u00e9n\u00e9ralement attendre un co\u00fbt compris entre 100 \u20ac et 500 \u20ac par personne, d\u00e9pendant du niveau de luxe et de service que vous recherchez.<\/p>\n<h2>4. Quels sont les services propos\u00e9s dans un spa priv\u00e9 ?<\/h2>\n<ul>\n<li><b>Hydroth\u00e9rapie:<\/b> Les douches et massages avec eau sous pression permettent de d\u00e9senrayer, de r\u00e9duire le stress et de favoriser la circulation sanguine. Vous pouvez \u00e9galement choisir entre des soins corporels pour les mains, les pieds ou le visage.<\/li>\n<li><b>Massages:<\/b> Des massages \u00e0 la main ou aux balais en forme d&#8217;ongles sont disponibles pour votre plaisir. Vous pouvez m\u00eame opter pour un massage aromath\u00e9rapique avec des huiles essentielles pour vous d\u00e9tendre.<\/li>\n<li><b>Cuisine de sant\u00e9:<\/b> Les menus propos\u00e9s dans les spas priv\u00e9s sont souvent compos\u00e9s de produits biologiques et de cuisine de sant\u00e9 pour favoriser votre bien-\u00eatre. Vous pouvez m\u00eame demander un repas personnalis\u00e9 en fonction de vos besoins sp\u00e9cifiques.<\/li>\n<\/ul>\n<h2>5. Quel est le meilleur moment pour se rendre dans un spa priv\u00e9 en France ?<\/h2>\n<p>L&#8217;hiver est une p\u00e9riode id\u00e9ale pour vous reposer et d\u00e9tendre apr\u00e8s la fr\u00e9n\u00e9sie de No\u00ebl. Les spas privatifs en France offrent une exp\u00e9rience de luxe et de relaxation parfaitement adapt\u00e9e \u00e0 cette saison.<\/p>\n<h2>6. Appel \u00e0 l&#8217;action<\/h2>\n<p>Ne d\u00e9laissez pas votre bien-\u00eatre. Prenez le temps de vous soigner et d&#8217;acc\u00e9der au luxe en vous rendant dans un spa priv\u00e9 en France. Vous serez surpris par la qualit\u00e9 des services et de l&#8217;hospitalit\u00e9 que vous recevrez.<\/p>\n<div style=\"background:#f8f9fa;border-left:4px solid #0066cc;border-radius:6px;padding:20px 24px;margin:32px 0;\">\n<p style=\"font-size:13px;color:#888;text-transform:uppercase;letter-spacing:0.8px;margin:0 0 6px 0;\">Vous pourriez aussi aimer<\/p>\n<h3 style=\"font-size:18px;margin:0 0 14px 0;color:#222;\">Articles similaires<\/h3>\n<ul style=\"margin:0;padding-left:20px;list-style:disc;\">\n<li style=\"margin-bottom:10px;\"><a href=\"https:\/\/monmaghreb.com\/index.php\/2026\/03\/11\/guide-complet-de-la-priere-de-laid-horaires-et-mosquees-pour-les-communautes-algerienne-tunisienne-et-marocaine-en-france\/\" style=\"color:#0066cc;text-decoration:none;font-weight:500;\" title=\"Guide complet de la pri\u00e8re de l&#8217;A\u00efd : horaires et mosqu\u00e9es pour les communaut\u00e9s alg\u00e9rienne, tunisienne et marocaine en France\">Guide complet de la pri\u00e8re de l&#8217;A\u00efd : horaires et mosqu\u00e9es pour les communaut\u00e9s alg\u00e9rienne, tunisienne et marocaine en France<\/a><\/li>\n<li style=\"margin-bottom:10px;\"><a href=\"https:\/\/monmaghreb.com\/index.php\/2026\/03\/11\/que-faire-pendant-laid-el-fitr-en-france-activites-et-sorties\/\" style=\"color:#0066cc;text-decoration:none;font-weight:500;\" title=\"Que faire pendant l&#8217;A\u00efd el-Fitr en France : activit\u00e9s et sorties\">Que faire pendant l&#8217;A\u00efd el-Fitr en France : activit\u00e9s et sorties<\/a><\/li>\n<li style=\"margin-bottom:10px;\"><a href=\"https:\/\/monmaghreb.com\/index.php\/2026\/03\/09\/55-caracteres-expliquer-aid-el-fitr-aux-enfants-nes-en-france\/\" style=\"color:#0066cc;text-decoration:none;font-weight:500;\" title=\"55 caract\u00e8res : Expliquer A\u00efd el-Fitr aux enfants n\u00e9s en France\">55 caract\u00e8res : Expliquer A\u00efd el-Fitr aux enfants n\u00e9s en France<\/a><\/li>\n<li style=\"margin-bottom:10px;\"><a href=\"https:\/\/monmaghreb.com\/index.php\/2026\/03\/08\/le-maroc-nouveau-rival-du-tourisme-du-maghreb-en-france-en-2025-un-appel-aux-lecteurs-de-la-diaspora\/\" style=\"color:#0066cc;text-decoration:none;font-weight:500;\" title=\"Le Maroc, nouveau rival du tourisme du Maghreb en France en 2025 : un appel aux lecteurs de la diaspora\">Le Maroc, nouveau rival du tourisme du Maghreb en France en 2025 : un appel aux lecteurs de la diaspora<\/a><\/li>\n<li style=\"margin-bottom:10px;\"><a href=\"https:\/\/monmaghreb.com\/index.php\/2025\/12\/29\/visiter-la-france-guide-de-voyage-incontournables-et-meilleures-destinations\/\" style=\"color:#0066cc;text-decoration:none;font-weight:500;\" title=\"Visiter la France : Guide de Voyage, Incontournables et Meilleures Destinations\">Visiter la France : Guide de Voyage, Incontournables et Meilleures Destinations<\/a><\/li>\n<\/ul>\n<\/div>\n<p><\/body><br \/>\n<\/html><\/p>\n","protected":false},"excerpt":{"rendered":"<p>Les spas privatifs en France : un refuge pour traverser l&#8217;hiver en beaut\u00e9<\/p>\n","protected":false},"author":1,"featured_media":1040,"comment_status":"closed","ping_status":"open","sticky":false,"template":"","format":"standard","meta":{"_yoast_wpseo_focuskw":"","_yoast_wpseo_title":"","_yoast_wpseo_metadesc":"","_yoast_wpseo_canonical":"","_yoast_wpseo_opengraph-title":"","_yoast_wpseo_opengraph-description":"","_yoast_wpseo_opengraph-image":"","tdm_status":"","tdm_grid_status":"","footnotes":""},"categories":[654],"tags":[],"class_list":["post-1041","post","type-post","status-publish","format-standard","has-post-thumbnail","hentry","category-diaspora"],"yoast_head":"<!-- This site is optimized with the Yoast SEO plugin v27.4 - https:\/\/yoast.com\/product\/yoast-seo-wordpress\/ -->\n<title>Les spas privatifs en France : un refuge pour traverser l&#039;hiver en beaut\u00e9 - Mon Maghreb<\/title>\n<meta name=\"robots\" content=\"index, follow, max-snippet:-1, max-image-preview:large, max-video-preview:-1\" \/>\n<link rel=\"canonical\" href=\"https:\/\/monmaghreb.com\/index.php\/2026\/03\/11\/les-spas-privatifs-en-france-un-refuge-pour-traverser-lhiver-en-beaute\/\" \/>\n<meta property=\"og:locale\" content=\"en_US\" \/>\n<meta property=\"og:type\" content=\"article\" \/>\n<meta property=\"og:title\" content=\"Les spas privatifs en France : un refuge pour traverser l&#039;hiver en beaut\u00e9 - Mon Maghreb\" \/>\n<meta property=\"og:description\" content=\"Les spas privatifs en France : un refuge pour traverser l&#039;hiver en beaut\u00e9\" \/>\n<meta property=\"og:url\" content=\"https:\/\/monmaghreb.com\/index.php\/2026\/03\/11\/les-spas-privatifs-en-france-un-refuge-pour-traverser-lhiver-en-beaute\/\" \/>\n<meta property=\"og:site_name\" content=\"Mon Maghreb\" \/>\n<meta property=\"article:author\" content=\"https:\/\/www.facebook.com\/monmaghrebcom\" \/>\n<meta property=\"article:published_time\" content=\"2026-03-11T18:34:12+00:00\" \/>\n<meta property=\"article:modified_time\" content=\"2026-03-11T18:34:14+00:00\" \/>\n<meta property=\"og:image\" content=\"https:\/\/monmaghreb.com\/wp-content\/uploads\/2026\/03\/featured-59.jpg\" \/>\n\t<meta property=\"og:image:width\" content=\"1880\" \/>\n\t<meta property=\"og:image:height\" content=\"1253\" \/>\n\t<meta property=\"og:image:type\" content=\"image\/jpeg\" \/>\n<meta name=\"author\" content=\"LaMagh\" \/>\n<meta name=\"twitter:card\" content=\"summary_large_image\" \/>\n<meta name=\"twitter:creator\" content=\"@MMaghreb50977\" \/>\n<meta name=\"twitter:label1\" content=\"Written by\" \/>\n\t<meta name=\"twitter:data1\" content=\"LaMagh\" \/>\n\t<meta name=\"twitter:label2\" content=\"Est. reading time\" \/>\n\t<meta name=\"twitter:data2\" content=\"4 minutes\" \/>\n<script type=\"application\/ld+json\" class=\"yoast-schema-graph\">{\"@context\":\"https:\\\/\\\/schema.org\",\"@graph\":[{\"@type\":\"Article\",\"@id\":\"https:\\\/\\\/monmaghreb.com\\\/index.php\\\/2026\\\/03\\\/11\\\/les-spas-privatifs-en-france-un-refuge-pour-traverser-lhiver-en-beaute\\\/#article\",\"isPartOf\":{\"@id\":\"https:\\\/\\\/monmaghreb.com\\\/index.php\\\/2026\\\/03\\\/11\\\/les-spas-privatifs-en-france-un-refuge-pour-traverser-lhiver-en-beaute\\\/\"},\"author\":{\"name\":\"LaMagh\",\"@id\":\"http:\\\/\\\/monmaghreb.com\\\/#\\\/schema\\\/person\\\/c469a89dc8c6b8987dcb438b1200d054\"},\"headline\":\"Les spas privatifs en France : un refuge pour traverser l&#8217;hiver en beaut\u00e9\",\"datePublished\":\"2026-03-11T18:34:12+00:00\",\"dateModified\":\"2026-03-11T18:34:14+00:00\",\"mainEntityOfPage\":{\"@id\":\"https:\\\/\\\/monmaghreb.com\\\/index.php\\\/2026\\\/03\\\/11\\\/les-spas-privatifs-en-france-un-refuge-pour-traverser-lhiver-en-beaute\\\/\"},\"wordCount\":760,\"publisher\":{\"@id\":\"http:\\\/\\\/monmaghreb.com\\\/#organization\"},\"image\":{\"@id\":\"https:\\\/\\\/monmaghreb.com\\\/index.php\\\/2026\\\/03\\\/11\\\/les-spas-privatifs-en-france-un-refuge-pour-traverser-lhiver-en-beaute\\\/#primaryimage\"},\"thumbnailUrl\":\"https:\\\/\\\/monmaghreb.com\\\/wp-content\\\/uploads\\\/2026\\\/03\\\/featured-59.jpg\",\"articleSection\":[\"Diaspora\"],\"inLanguage\":\"en-US\"},{\"@type\":\"WebPage\",\"@id\":\"https:\\\/\\\/monmaghreb.com\\\/index.php\\\/2026\\\/03\\\/11\\\/les-spas-privatifs-en-france-un-refuge-pour-traverser-lhiver-en-beaute\\\/\",\"url\":\"https:\\\/\\\/monmaghreb.com\\\/index.php\\\/2026\\\/03\\\/11\\\/les-spas-privatifs-en-france-un-refuge-pour-traverser-lhiver-en-beaute\\\/\",\"name\":\"Les spas privatifs en France : un refuge pour traverser l'hiver en beaut\u00e9 - Mon Maghreb\",\"isPartOf\":{\"@id\":\"http:\\\/\\\/monmaghreb.com\\\/#website\"},\"primaryImageOfPage\":{\"@id\":\"https:\\\/\\\/monmaghreb.com\\\/index.php\\\/2026\\\/03\\\/11\\\/les-spas-privatifs-en-france-un-refuge-pour-traverser-lhiver-en-beaute\\\/#primaryimage\"},\"image\":{\"@id\":\"https:\\\/\\\/monmaghreb.com\\\/index.php\\\/2026\\\/03\\\/11\\\/les-spas-privatifs-en-france-un-refuge-pour-traverser-lhiver-en-beaute\\\/#primaryimage\"},\"thumbnailUrl\":\"https:\\\/\\\/monmaghreb.com\\\/wp-content\\\/uploads\\\/2026\\\/03\\\/featured-59.jpg\",\"datePublished\":\"2026-03-11T18:34:12+00:00\",\"dateModified\":\"2026-03-11T18:34:14+00:00\",\"breadcrumb\":{\"@id\":\"https:\\\/\\\/monmaghreb.com\\\/index.php\\\/2026\\\/03\\\/11\\\/les-spas-privatifs-en-france-un-refuge-pour-traverser-lhiver-en-beaute\\\/#breadcrumb\"},\"inLanguage\":\"en-US\",\"potentialAction\":[{\"@type\":\"ReadAction\",\"target\":[\"https:\\\/\\\/monmaghreb.com\\\/index.php\\\/2026\\\/03\\\/11\\\/les-spas-privatifs-en-france-un-refuge-pour-traverser-lhiver-en-beaute\\\/\"]}]},{\"@type\":\"ImageObject\",\"inLanguage\":\"en-US\",\"@id\":\"https:\\\/\\\/monmaghreb.com\\\/index.php\\\/2026\\\/03\\\/11\\\/les-spas-privatifs-en-france-un-refuge-pour-traverser-lhiver-en-beaute\\\/#primaryimage\",\"url\":\"https:\\\/\\\/monmaghreb.com\\\/wp-content\\\/uploads\\\/2026\\\/03\\\/featured-59.jpg\",\"contentUrl\":\"https:\\\/\\\/monmaghreb.com\\\/wp-content\\\/uploads\\\/2026\\\/03\\\/featured-59.jpg\",\"width\":1880,\"height\":1253,\"caption\":\"spas privatifs france refuge featured image\"},{\"@type\":\"BreadcrumbList\",\"@id\":\"https:\\\/\\\/monmaghreb.com\\\/index.php\\\/2026\\\/03\\\/11\\\/les-spas-privatifs-en-france-un-refuge-pour-traverser-lhiver-en-beaute\\\/#breadcrumb\",\"itemListElement\":[{\"@type\":\"ListItem\",\"position\":1,\"name\":\"Home\",\"item\":\"http:\\\/\\\/monmaghreb.com\\\/\"},{\"@type\":\"ListItem\",\"position\":2,\"name\":\"Les spas privatifs en France : un refuge pour traverser l&#8217;hiver en beaut\u00e9\"}]},{\"@type\":\"WebSite\",\"@id\":\"http:\\\/\\\/monmaghreb.com\\\/#website\",\"url\":\"http:\\\/\\\/monmaghreb.com\\\/\",\"name\":\"Mon Maghreb\",\"description\":\"MonMaghreb United\",\"publisher\":{\"@id\":\"http:\\\/\\\/monmaghreb.com\\\/#organization\"},\"alternateName\":\"Le Monde du Maghreb et au del\u00e0\",\"potentialAction\":[{\"@type\":\"SearchAction\",\"target\":{\"@type\":\"EntryPoint\",\"urlTemplate\":\"http:\\\/\\\/monmaghreb.com\\\/?s={search_term_string}\"},\"query-input\":{\"@type\":\"PropertyValueSpecification\",\"valueRequired\":true,\"valueName\":\"search_term_string\"}}],\"inLanguage\":\"en-US\"},{\"@type\":\"Organization\",\"@id\":\"http:\\\/\\\/monmaghreb.com\\\/#organization\",\"name\":\"Mon Maghreb\",\"url\":\"http:\\\/\\\/monmaghreb.com\\\/\",\"logo\":{\"@type\":\"ImageObject\",\"inLanguage\":\"en-US\",\"@id\":\"http:\\\/\\\/monmaghreb.com\\\/#\\\/schema\\\/logo\\\/image\\\/\",\"url\":\"https:\\\/\\\/monmaghreb.com\\\/wp-content\\\/uploads\\\/2025\\\/12\\\/Mon_Maghreb_Logo.jpg\",\"contentUrl\":\"https:\\\/\\\/monmaghreb.com\\\/wp-content\\\/uploads\\\/2025\\\/12\\\/Mon_Maghreb_Logo.jpg\",\"width\":814,\"height\":374,\"caption\":\"Mon Maghreb\"},\"image\":{\"@id\":\"http:\\\/\\\/monmaghreb.com\\\/#\\\/schema\\\/logo\\\/image\\\/\"}},{\"@type\":\"Person\",\"@id\":\"http:\\\/\\\/monmaghreb.com\\\/#\\\/schema\\\/person\\\/c469a89dc8c6b8987dcb438b1200d054\",\"name\":\"LaMagh\",\"image\":{\"@type\":\"ImageObject\",\"inLanguage\":\"en-US\",\"@id\":\"https:\\\/\\\/secure.gravatar.com\\\/avatar\\\/399d8144bd55fba55e056779aca52fe528bac7911f6449e54d81173d6dfd7f0a?s=96&d=mm&r=g\",\"url\":\"https:\\\/\\\/secure.gravatar.com\\\/avatar\\\/399d8144bd55fba55e056779aca52fe528bac7911f6449e54d81173d6dfd7f0a?s=96&d=mm&r=g\",\"contentUrl\":\"https:\\\/\\\/secure.gravatar.com\\\/avatar\\\/399d8144bd55fba55e056779aca52fe528bac7911f6449e54d81173d6dfd7f0a?s=96&d=mm&r=g\",\"caption\":\"LaMagh\"},\"sameAs\":[\"https:\\\/\\\/monmaghreb.com\",\"https:\\\/\\\/www.facebook.com\\\/monmaghrebcom\",\"https:\\\/\\\/x.com\\\/MMaghreb50977\"],\"url\":\"https:\\\/\\\/monmaghreb.com\\\/index.php\\\/author\\\/lamagh\\\/\"}]}<\/script>\n<!-- \/ Yoast SEO plugin. -->","yoast_head_json":{"title":"Les spas privatifs en France : un refuge pour traverser l'hiver en beaut\u00e9 - Mon Maghreb","robots":{"index":"index","follow":"follow","max-snippet":"max-snippet:-1","max-image-preview":"max-image-preview:large","max-video-preview":"max-video-preview:-1"},"canonical":"https:\/\/monmaghreb.com\/index.php\/2026\/03\/11\/les-spas-privatifs-en-france-un-refuge-pour-traverser-lhiver-en-beaute\/","og_locale":"en_US","og_type":"article","og_title":"Les spas privatifs en France : un refuge pour traverser l'hiver en beaut\u00e9 - Mon Maghreb","og_description":"Les spas privatifs en France : un refuge pour traverser l'hiver en beaut\u00e9","og_url":"https:\/\/monmaghreb.com\/index.php\/2026\/03\/11\/les-spas-privatifs-en-france-un-refuge-pour-traverser-lhiver-en-beaute\/","og_site_name":"Mon Maghreb","article_author":"https:\/\/www.facebook.com\/monmaghrebcom","article_published_time":"2026-03-11T18:34:12+00:00","article_modified_time":"2026-03-11T18:34:14+00:00","og_image":[{"width":1880,"height":1253,"url":"https:\/\/monmaghreb.com\/wp-content\/uploads\/2026\/03\/featured-59.jpg","type":"image\/jpeg"}],"author":"LaMagh","twitter_card":"summary_large_image","twitter_creator":"@MMaghreb50977","twitter_misc":{"Written by":"LaMagh","Est. reading time":"4 minutes"},"schema":{"@context":"https:\/\/schema.org","@graph":[{"@type":"Article","@id":"https:\/\/monmaghreb.com\/index.php\/2026\/03\/11\/les-spas-privatifs-en-france-un-refuge-pour-traverser-lhiver-en-beaute\/#article","isPartOf":{"@id":"https:\/\/monmaghreb.com\/index.php\/2026\/03\/11\/les-spas-privatifs-en-france-un-refuge-pour-traverser-lhiver-en-beaute\/"},"author":{"name":"LaMagh","@id":"http:\/\/monmaghreb.com\/#\/schema\/person\/c469a89dc8c6b8987dcb438b1200d054"},"headline":"Les spas privatifs en France : un refuge pour traverser l&#8217;hiver en beaut\u00e9","datePublished":"2026-03-11T18:34:12+00:00","dateModified":"2026-03-11T18:34:14+00:00","mainEntityOfPage":{"@id":"https:\/\/monmaghreb.com\/index.php\/2026\/03\/11\/les-spas-privatifs-en-france-un-refuge-pour-traverser-lhiver-en-beaute\/"},"wordCount":760,"publisher":{"@id":"http:\/\/monmaghreb.com\/#organization"},"image":{"@id":"https:\/\/monmaghreb.com\/index.php\/2026\/03\/11\/les-spas-privatifs-en-france-un-refuge-pour-traverser-lhiver-en-beaute\/#primaryimage"},"thumbnailUrl":"https:\/\/monmaghreb.com\/wp-content\/uploads\/2026\/03\/featured-59.jpg","articleSection":["Diaspora"],"inLanguage":"en-US"},{"@type":"WebPage","@id":"https:\/\/monmaghreb.com\/index.php\/2026\/03\/11\/les-spas-privatifs-en-france-un-refuge-pour-traverser-lhiver-en-beaute\/","url":"https:\/\/monmaghreb.com\/index.php\/2026\/03\/11\/les-spas-privatifs-en-france-un-refuge-pour-traverser-lhiver-en-beaute\/","name":"Les spas privatifs en France : un refuge pour traverser l'hiver en beaut\u00e9 - Mon Maghreb","isPartOf":{"@id":"http:\/\/monmaghreb.com\/#website"},"primaryImageOfPage":{"@id":"https:\/\/monmaghreb.com\/index.php\/2026\/03\/11\/les-spas-privatifs-en-france-un-refuge-pour-traverser-lhiver-en-beaute\/#primaryimage"},"image":{"@id":"https:\/\/monmaghreb.com\/index.php\/2026\/03\/11\/les-spas-privatifs-en-france-un-refuge-pour-traverser-lhiver-en-beaute\/#primaryimage"},"thumbnailUrl":"https:\/\/monmaghreb.com\/wp-content\/uploads\/2026\/03\/featured-59.jpg","datePublished":"2026-03-11T18:34:12+00:00","dateModified":"2026-03-11T18:34:14+00:00","breadcrumb":{"@id":"https:\/\/monmaghreb.com\/index.php\/2026\/03\/11\/les-spas-privatifs-en-france-un-refuge-pour-traverser-lhiver-en-beaute\/#breadcrumb"},"inLanguage":"en-US","potentialAction":[{"@type":"ReadAction","target":["https:\/\/monmaghreb.com\/index.php\/2026\/03\/11\/les-spas-privatifs-en-france-un-refuge-pour-traverser-lhiver-en-beaute\/"]}]},{"@type":"ImageObject","inLanguage":"en-US","@id":"https:\/\/monmaghreb.com\/index.php\/2026\/03\/11\/les-spas-privatifs-en-france-un-refuge-pour-traverser-lhiver-en-beaute\/#primaryimage","url":"https:\/\/monmaghreb.com\/wp-content\/uploads\/2026\/03\/featured-59.jpg","contentUrl":"https:\/\/monmaghreb.com\/wp-content\/uploads\/2026\/03\/featured-59.jpg","width":1880,"height":1253,"caption":"spas privatifs france refuge featured image"},{"@type":"BreadcrumbList","@id":"https:\/\/monmaghreb.com\/index.php\/2026\/03\/11\/les-spas-privatifs-en-france-un-refuge-pour-traverser-lhiver-en-beaute\/#breadcrumb","itemListElement":[{"@type":"ListItem","position":1,"name":"Home","item":"http:\/\/monmaghreb.com\/"},{"@type":"ListItem","position":2,"name":"Les spas privatifs en France : un refuge pour traverser l&#8217;hiver en beaut\u00e9"}]},{"@type":"WebSite","@id":"http:\/\/monmaghreb.com\/#website","url":"http:\/\/monmaghreb.com\/","name":"Mon Maghreb","description":"MonMaghreb United","publisher":{"@id":"http:\/\/monmaghreb.com\/#organization"},"alternateName":"Le Monde du Maghreb et au del\u00e0","potentialAction":[{"@type":"SearchAction","target":{"@type":"EntryPoint","urlTemplate":"http:\/\/monmaghreb.com\/?s={search_term_string}"},"query-input":{"@type":"PropertyValueSpecification","valueRequired":true,"valueName":"search_term_string"}}],"inLanguage":"en-US"},{"@type":"Organization","@id":"http:\/\/monmaghreb.com\/#organization","name":"Mon Maghreb","url":"http:\/\/monmaghreb.com\/","logo":{"@type":"ImageObject","inLanguage":"en-US","@id":"http:\/\/monmaghreb.com\/#\/schema\/logo\/image\/","url":"https:\/\/monmaghreb.com\/wp-content\/uploads\/2025\/12\/Mon_Maghreb_Logo.jpg","contentUrl":"https:\/\/monmaghreb.com\/wp-content\/uploads\/2025\/12\/Mon_Maghreb_Logo.jpg","width":814,"height":374,"caption":"Mon Maghreb"},"image":{"@id":"http:\/\/monmaghreb.com\/#\/schema\/logo\/image\/"}},{"@type":"Person","@id":"http:\/\/monmaghreb.com\/#\/schema\/person\/c469a89dc8c6b8987dcb438b1200d054","name":"LaMagh","image":{"@type":"ImageObject","inLanguage":"en-US","@id":"https:\/\/secure.gravatar.com\/avatar\/399d8144bd55fba55e056779aca52fe528bac7911f6449e54d81173d6dfd7f0a?s=96&d=mm&r=g","url":"https:\/\/secure.gravatar.com\/avatar\/399d8144bd55fba55e056779aca52fe528bac7911f6449e54d81173d6dfd7f0a?s=96&d=mm&r=g","contentUrl":"https:\/\/secure.gravatar.com\/avatar\/399d8144bd55fba55e056779aca52fe528bac7911f6449e54d81173d6dfd7f0a?s=96&d=mm&r=g","caption":"LaMagh"},"sameAs":["https:\/\/monmaghreb.com","https:\/\/www.facebook.com\/monmaghrebcom","https:\/\/x.com\/MMaghreb50977"],"url":"https:\/\/monmaghreb.com\/index.php\/author\/lamagh\/"}]}},"_links":{"self":[{"href":"https:\/\/monmaghreb.com\/index.php\/wp-json\/wp\/v2\/posts\/1041","targetHints":{"allow":["GET"]}}],"collection":[{"href":"https:\/\/monmaghreb.com\/index.php\/wp-json\/wp\/v2\/posts"}],"about":[{"href":"https:\/\/monmaghreb.com\/index.php\/wp-json\/wp\/v2\/types\/post"}],"author":[{"embeddable":true,"href":"https:\/\/monmaghreb.com\/index.php\/wp-json\/wp\/v2\/users\/1"}],"replies":[{"embeddable":true,"href":"https:\/\/monmaghreb.com\/index.php\/wp-json\/wp\/v2\/comments?post=1041"}],"version-history":[{"count":1,"href":"https:\/\/monmaghreb.com\/index.php\/wp-json\/wp\/v2\/posts\/1041\/revisions"}],"predecessor-version":[{"id":1042,"href":"https:\/\/monmaghreb.com\/index.php\/wp-json\/wp\/v2\/posts\/1041\/revisions\/1042"}],"wp:featuredmedia":[{"embeddable":true,"href":"https:\/\/monmaghreb.com\/index.php\/wp-json\/wp\/v2\/media\/1040"}],"wp:attachment":[{"href":"https:\/\/monmaghreb.com\/index.php\/wp-json\/wp\/v2\/media?parent=1041"}],"wp:term":[{"taxonomy":"category","embeddable":true,"href":"https:\/\/monmaghreb.com\/index.php\/wp-json\/wp\/v2\/categories?post=1041"},{"taxonomy":"post_tag","embeddable":true,"href":"https:\/\/monmaghreb.com\/index.php\/wp-json\/wp\/v2\/tags?post=1041"}],"curies":[{"name":"wp","href":"https:\/\/api.w.org\/{rel}","templated":true}]}}