{"id":1044,"date":"2026-03-11T19:58:12","date_gmt":"2026-03-11T19:58:12","guid":{"rendered":"https:\/\/monmaghreb.com\/index.php\/2026\/03\/11\/voyage-musical-en-algerie-avec-lensemble-josquin-des-pres-itineraire-et-programmation\/"},"modified":"2026-03-11T19:58:17","modified_gmt":"2026-03-11T19:58:17","slug":"voyage-musical-en-algerie-avec-lensemble-josquin-des-pres-itineraire-et-programmation","status":"publish","type":"post","link":"https:\/\/monmaghreb.com\/index.php\/2026\/03\/11\/voyage-musical-en-algerie-avec-lensemble-josquin-des-pres-itineraire-et-programmation\/","title":{"rendered":"Voyage musical en Alg\u00e9rie avec l&#8217;ensemble Josquin des Pr\u00e9s : itin\u00e9raire et programmation"},"content":{"rendered":"<p><!DOCTYPE html><br \/>\n<html lang='fr'><br \/>\n<head><br \/>\n <meta charset='UTF-8'><br \/>\n <title>Voyage musical en Alg\u00e9rie avec l&#8217;ensemble Josquin des Pr\u00e9s : itin\u00e9raire et programmation<\/title><br \/>\n<\/head><br \/>\n<body><\/p>\n<h1>Voyage musical en Alg\u00e9rie avec l&#8217;ensemble Josquin des Pr\u00e9s : itin\u00e9raire et programmation<\/h1>\n<p>La musique a le pouvoir de transcender les fronti\u00e8res g\u00e9ographiques et culturelles, et c&#8217;est pourquoi nous sommes ravis de vous pr\u00e9senter un voyage musical exceptionnel en Alg\u00e9rie avec l&#8217;ensemble vocal franco-belge Josquin des Pr\u00e9s. Au cours de ces quelques jours, nous allons nous immerger dans la musique et la culture alg\u00e9riennes pour offrir une exp\u00e9rience unique et inoubliable.<\/p>\n<h2>1. Alger, la capitale<\/h2>\n<p>Nous commen\u00e7ons notre voyage \u00e0 Alger, la capitale <a href=\"https:\/\/monmaghreb.com\/index.php\/2026\/03\/11\/guide-complet-de-la-priere-de-laid-horaires-et-mosquees-pour-les-communautes-algerienne-tunisienne-et-marocaine-en-france\/\" title=\"Guide complet de la pri\u00e8re de l&#8217;A\u00efd : horaires et mosqu\u00e9es pour les communaut\u00e9s alg\u00e9rienne, tunisienne et marocaine en France\">alg\u00e9rienne<\/a>, o\u00f9 l&#8217;histoire et la culture se rencontrent. Nous vous proposons deux concerts dans cette ville mythique : le 25 avril au th\u00e9\u00e2tre El-Hamra et le 27 avril au th\u00e9\u00e2tre Khedidja.<\/p>\n<ul>\n<li>Le th\u00e9\u00e2tre El-Hamra est un symbole de la culture alg\u00e9rienne, o\u00f9 nous interpr\u00e9terons des chansons traditionnelles et modernes dans notre propre style baroque. Vous pouvez imaginer le public r\u00e9uni au sein de cette salle historique, entour\u00e9s de fresques color\u00e9es et de sculptures orn\u00e9es.<\/li>\n<li>Le th\u00e9\u00e2tre Khedidja, quant \u00e0 lui, offrira une ambiance plus intime pour nos admirateurs les plus passionn\u00e9s. Vous pouvez vous y sentir comme dans un petit salon familial, avec des si\u00e8ges en bois poli et des lumi\u00e8res tamis\u00e9es.<\/li>\n<\/ul>\n<h2>2. Oran : la ville du spectacle<\/h2>\n<p>Ensuite, nous nous dirigerons vers Oran, la ville du spectacle, o\u00f9 vous assisterez \u00e0 un concert exceptionnel le 29 avril au th\u00e9\u00e2tre Rached-Bouhlal.<\/p>\n<p>Oran est connue pour son vibrant esprit culturel et nous sommes excit\u00e9s d&#8217;\u00eatre l&#8217;occasion de le partager avec vous lors de ce concert magique. Vous pouvez vous y sentir comme dans un grand cirque, avec des artistes en train de se produire sur une grande sc\u00e8ne.<\/p>\n<h2>3. Constantine : la cit\u00e9 imp\u00e9riale<\/h2>\n<p>Le 1er mai, nous rejoindrons Constantine, la cit\u00e9 imp\u00e9riale, o\u00f9 l&#8217;histoire et la culture sont tellement riches qu&#8217;il est difficile de les r\u00e9sumer en quelques mots.<\/p>\n<p>Nous interpr\u00e9terons des morceaux musicaux qui reflettront l&#8217;histoire et la culture de cette ville riche en histoire. Vous pouvez imaginer les sons de la musique s&#8217;\u00e9levant vers les tours de la cit\u00e9 imp\u00e9riale, comme si elles formaient un ch\u0153ur invisible.<\/p>\n<h2>4. Annaba : le berceau de la po\u00e9sie<\/h2>\n<p>Le 3 mai, nous vous emm\u00e8nerons \u00e0 Annaba, appel\u00e9e \u00ab le berceau de la po\u00e9sie \u00bb, o\u00f9 vous assisterez \u00e0 un concert exceptionnel au th\u00e9\u00e2tre Rached-Bouhlal.<\/p>\n<p>Annaba est connue pour son rayonnement culturel et ses po\u00e8tes c\u00e9l\u00e8bres. Nous serons tr\u00e8s heureux de vous partager notre interpr\u00e9tation des m\u00e9morables po\u00e8mes alg\u00e9riens. Vous pouvez imaginer les paroles de ces po\u00e8mes s&#8217;\u00e9levant dans l&#8217;air, comme si elles formaient un chant divin.<\/p>\n<h2>5. Tlemcen : la cit\u00e9 royale<\/h2>\n<p>Enfin, nous terminons notre voyage musical \u00e0 Tlemcen, la cit\u00e9 royale, o\u00f9 vous assisterez \u00e0 un concert m\u00e9morable au th\u00e9\u00e2tre Mohamed-Boudiaf le 5 mai.<\/p>\n<p>Tlemcen a \u00e9t\u00e9 la capitale de l&#8217;Alg\u00e9rie m\u00e9di\u00e9vale et nous sommes excit\u00e9s d&#8217;interpr\u00e9ter des morceaux qui reflettront cette histoire illustre lors de ce concert magique. Vous pouvez imaginer les sons de la musique s&#8217;\u00e9levant vers les murs de la cit\u00e9 royale, comme si elles formaient un hymne \u00e0 l&#8217;honneur de cette ville.<\/p>\n<h2>Conclusion<\/h2>\n<p>Nous vous invitons \u00e0 rejoindre l&#8217;ensemble vocal franco-belge Josquin des Pr\u00e9s pour ce voyage musical exceptionnel en Alg\u00e9rie. Avec notre interpr\u00e9tation raffin\u00e9e et d\u00e9licate de la musique alg\u00e9rienne, nous esp\u00e9rons que cette exp\u00e9rience vous donnera un sentiment unique de connexion avec la culture alg\u00e9rienne.<\/p>\n<p>N&#8217;h\u00e9sitez pas \u00e0 r\u00e9server votre place pour ce voyage musical exceptionnel en Alg\u00e9rie. Nous avons un vrai plaisir d&#8217;accueillir des nouveaux admirateurs et de partager notre passion pour la musique avec vous.<\/p>\n<div style=\"background:#f8f9fa;border-left:4px solid #0066cc;border-radius:6px;padding:20px 24px;margin:32px 0;\">\n<p style=\"font-size:13px;color:#888;text-transform:uppercase;letter-spacing:0.8px;margin:0 0 6px 0;\">Vous pourriez aussi aimer<\/p>\n<h3 style=\"font-size:18px;margin:0 0 14px 0;color:#222;\">Articles similaires<\/h3>\n<ul style=\"margin:0;padding-left:20px;list-style:disc;\">\n<li style=\"margin-bottom:10px;\"><a href=\"https:\/\/monmaghreb.com\/index.php\/2026\/03\/11\/guide-complet-de-la-priere-de-laid-horaires-et-mosquees-pour-les-communautes-algerienne-tunisienne-et-marocaine-en-france\/\" style=\"color:#0066cc;text-decoration:none;font-weight:500;\" title=\"Guide complet de la pri\u00e8re de l&#8217;A\u00efd : horaires et mosqu\u00e9es pour les communaut\u00e9s alg\u00e9rienne, tunisienne et marocaine en France\">Guide complet de la pri\u00e8re de l&#8217;A\u00efd : horaires et mosqu\u00e9es pour les communaut\u00e9s alg\u00e9rienne, tunisienne et marocaine en France<\/a><\/li>\n<li style=\"margin-bottom:10px;\"><a href=\"https:\/\/monmaghreb.com\/index.php\/2025\/12\/29\/visiter-la-france-guide-de-voyage-incontournables-et-meilleures-destinations\/\" style=\"color:#0066cc;text-decoration:none;font-weight:500;\" title=\"Visiter la France : Guide de Voyage, Incontournables et Meilleures Destinations\">Visiter la France : Guide de Voyage, Incontournables et Meilleures Destinations<\/a><\/li>\n<li style=\"margin-bottom:10px;\"><a href=\"https:\/\/monmaghreb.com\/index.php\/2025\/12\/29\/voyage-en-algerie-guide-complet-conseils-pratiques-et-les-meilleurs-lieux-a-visiter\/\" style=\"color:#0066cc;text-decoration:none;font-weight:500;\" title=\"Voyage en Alg\u00e9rie : Guide complet, conseils pratiques et les meilleurs lieux \u00e0 visiter\">Voyage en Alg\u00e9rie : Guide complet, conseils pratiques et les meilleurs lieux \u00e0 visiter<\/a><\/li>\n<li style=\"margin-bottom:10px;\"><a href=\"https:\/\/monmaghreb.com\/index.php\/2025\/12\/29\/voyage-en-espagne-guide-ultime-lieux-incontournables-et-conseils-pratiques\/\" style=\"color:#0066cc;text-decoration:none;font-weight:500;\" title=\"Voyage en Espagne : Guide Ultime, Lieux Incontournables et Conseils Pratiques\">Voyage en Espagne : Guide Ultime, Lieux Incontournables et Conseils Pratiques<\/a><\/li>\n<li style=\"margin-bottom:10px;\"><a href=\"https:\/\/monmaghreb.com\/index.php\/2026\/03\/08\/musique-chaabi-algerienne-histoire-et-artistes-incontournables\/\" style=\"color:#0066cc;text-decoration:none;font-weight:500;\" title=\"Musique chaabi alg\u00e9rienne : histoire et artistes incontournables\">Musique chaabi alg\u00e9rienne : histoire et artistes incontournables<\/a><\/li>\n<\/ul>\n<\/div>\n<p><\/body><br \/>\n<\/html><\/p>\n","protected":false},"excerpt":{"rendered":"<p>Voyage musical exceptional avec l&#8217;ensemble Josquin des Pr\u00e8s en Alg\u00e9rie &#8211; Discouvrez la programmation<\/p>\n","protected":false},"author":1,"featured_media":1043,"comment_status":"closed","ping_status":"open","sticky":false,"template":"","format":"standard","meta":{"_yoast_wpseo_focuskw":"","_yoast_wpseo_title":"","_yoast_wpseo_metadesc":"","_yoast_wpseo_canonical":"","_yoast_wpseo_opengraph-title":"","_yoast_wpseo_opengraph-description":"","_yoast_wpseo_opengraph-image":"","tdm_status":"","tdm_grid_status":"","footnotes":""},"categories":[480],"tags":[790,792,110,272,791],"class_list":["post-1044","post","type-post","status-publish","format-standard","has-post-thumbnail","hentry","category-musique","tag-ensemble-josquin-des-pres","tag-france-algerie","tag-guide-voyage","tag-musique-algerienne","tag-voyage-culturel"],"yoast_head":"<!-- This site is optimized with the Yoast SEO plugin v27.4 - https:\/\/yoast.com\/product\/yoast-seo-wordpress\/ -->\n<title>Voyage musical en Alg\u00e9rie avec l&#039;ensemble Josquin des Pr\u00e9s : itin\u00e9raire et programmation - Mon Maghreb<\/title>\n<meta name=\"robots\" content=\"index, follow, max-snippet:-1, max-image-preview:large, max-video-preview:-1\" \/>\n<link rel=\"canonical\" href=\"https:\/\/monmaghreb.com\/index.php\/2026\/03\/11\/voyage-musical-en-algerie-avec-lensemble-josquin-des-pres-itineraire-et-programmation\/\" \/>\n<meta property=\"og:locale\" content=\"en_US\" \/>\n<meta property=\"og:type\" content=\"article\" \/>\n<meta property=\"og:title\" content=\"Voyage musical en Alg\u00e9rie avec l&#039;ensemble Josquin des Pr\u00e9s : itin\u00e9raire et programmation - Mon Maghreb\" \/>\n<meta property=\"og:description\" content=\"Voyage musical exceptional avec l&#039;ensemble Josquin des Pr\u00e8s en Alg\u00e9rie - Discouvrez la programmation\" \/>\n<meta property=\"og:url\" content=\"https:\/\/monmaghreb.com\/index.php\/2026\/03\/11\/voyage-musical-en-algerie-avec-lensemble-josquin-des-pres-itineraire-et-programmation\/\" \/>\n<meta property=\"og:site_name\" content=\"Mon Maghreb\" \/>\n<meta property=\"article:author\" content=\"https:\/\/www.facebook.com\/monmaghrebcom\" \/>\n<meta property=\"article:published_time\" content=\"2026-03-11T19:58:12+00:00\" \/>\n<meta property=\"article:modified_time\" content=\"2026-03-11T19:58:17+00:00\" \/>\n<meta property=\"og:image\" content=\"https:\/\/monmaghreb.com\/wp-content\/uploads\/2026\/03\/featured-60.jpg\" \/>\n\t<meta property=\"og:image:width\" content=\"1880\" \/>\n\t<meta property=\"og:image:height\" content=\"1253\" \/>\n\t<meta property=\"og:image:type\" content=\"image\/jpeg\" \/>\n<meta name=\"author\" content=\"LaMagh\" \/>\n<meta name=\"twitter:card\" content=\"summary_large_image\" \/>\n<meta name=\"twitter:creator\" content=\"@MMaghreb50977\" \/>\n<meta name=\"twitter:label1\" content=\"Written by\" \/>\n\t<meta name=\"twitter:data1\" content=\"LaMagh\" \/>\n\t<meta name=\"twitter:label2\" content=\"Est. reading time\" \/>\n\t<meta name=\"twitter:data2\" content=\"4 minutes\" \/>\n<script type=\"application\/ld+json\" class=\"yoast-schema-graph\">{\"@context\":\"https:\\\/\\\/schema.org\",\"@graph\":[{\"@type\":\"Article\",\"@id\":\"https:\\\/\\\/monmaghreb.com\\\/index.php\\\/2026\\\/03\\\/11\\\/voyage-musical-en-algerie-avec-lensemble-josquin-des-pres-itineraire-et-programmation\\\/#article\",\"isPartOf\":{\"@id\":\"https:\\\/\\\/monmaghreb.com\\\/index.php\\\/2026\\\/03\\\/11\\\/voyage-musical-en-algerie-avec-lensemble-josquin-des-pres-itineraire-et-programmation\\\/\"},\"author\":{\"name\":\"LaMagh\",\"@id\":\"http:\\\/\\\/monmaghreb.com\\\/#\\\/schema\\\/person\\\/c469a89dc8c6b8987dcb438b1200d054\"},\"headline\":\"Voyage musical en Alg\u00e9rie avec l&#8217;ensemble Josquin des Pr\u00e9s : itin\u00e9raire et programmation\",\"datePublished\":\"2026-03-11T19:58:12+00:00\",\"dateModified\":\"2026-03-11T19:58:17+00:00\",\"mainEntityOfPage\":{\"@id\":\"https:\\\/\\\/monmaghreb.com\\\/index.php\\\/2026\\\/03\\\/11\\\/voyage-musical-en-algerie-avec-lensemble-josquin-des-pres-itineraire-et-programmation\\\/\"},\"wordCount\":741,\"publisher\":{\"@id\":\"http:\\\/\\\/monmaghreb.com\\\/#organization\"},\"image\":{\"@id\":\"https:\\\/\\\/monmaghreb.com\\\/index.php\\\/2026\\\/03\\\/11\\\/voyage-musical-en-algerie-avec-lensemble-josquin-des-pres-itineraire-et-programmation\\\/#primaryimage\"},\"thumbnailUrl\":\"https:\\\/\\\/monmaghreb.com\\\/wp-content\\\/uploads\\\/2026\\\/03\\\/featured-60.jpg\",\"keywords\":[\"ensemble josquin des pr\u00e9s\",\"france alg\u00e9rie\",\"Guide voyage\",\"Musique alg\u00e9rienne\",\"voyage culturel\"],\"articleSection\":[\"Musique\"],\"inLanguage\":\"en-US\"},{\"@type\":\"WebPage\",\"@id\":\"https:\\\/\\\/monmaghreb.com\\\/index.php\\\/2026\\\/03\\\/11\\\/voyage-musical-en-algerie-avec-lensemble-josquin-des-pres-itineraire-et-programmation\\\/\",\"url\":\"https:\\\/\\\/monmaghreb.com\\\/index.php\\\/2026\\\/03\\\/11\\\/voyage-musical-en-algerie-avec-lensemble-josquin-des-pres-itineraire-et-programmation\\\/\",\"name\":\"Voyage musical en Alg\u00e9rie avec l'ensemble Josquin des Pr\u00e9s : itin\u00e9raire et programmation - Mon Maghreb\",\"isPartOf\":{\"@id\":\"http:\\\/\\\/monmaghreb.com\\\/#website\"},\"primaryImageOfPage\":{\"@id\":\"https:\\\/\\\/monmaghreb.com\\\/index.php\\\/2026\\\/03\\\/11\\\/voyage-musical-en-algerie-avec-lensemble-josquin-des-pres-itineraire-et-programmation\\\/#primaryimage\"},\"image\":{\"@id\":\"https:\\\/\\\/monmaghreb.com\\\/index.php\\\/2026\\\/03\\\/11\\\/voyage-musical-en-algerie-avec-lensemble-josquin-des-pres-itineraire-et-programmation\\\/#primaryimage\"},\"thumbnailUrl\":\"https:\\\/\\\/monmaghreb.com\\\/wp-content\\\/uploads\\\/2026\\\/03\\\/featured-60.jpg\",\"datePublished\":\"2026-03-11T19:58:12+00:00\",\"dateModified\":\"2026-03-11T19:58:17+00:00\",\"breadcrumb\":{\"@id\":\"https:\\\/\\\/monmaghreb.com\\\/index.php\\\/2026\\\/03\\\/11\\\/voyage-musical-en-algerie-avec-lensemble-josquin-des-pres-itineraire-et-programmation\\\/#breadcrumb\"},\"inLanguage\":\"en-US\",\"potentialAction\":[{\"@type\":\"ReadAction\",\"target\":[\"https:\\\/\\\/monmaghreb.com\\\/index.php\\\/2026\\\/03\\\/11\\\/voyage-musical-en-algerie-avec-lensemble-josquin-des-pres-itineraire-et-programmation\\\/\"]}]},{\"@type\":\"ImageObject\",\"inLanguage\":\"en-US\",\"@id\":\"https:\\\/\\\/monmaghreb.com\\\/index.php\\\/2026\\\/03\\\/11\\\/voyage-musical-en-algerie-avec-lensemble-josquin-des-pres-itineraire-et-programmation\\\/#primaryimage\",\"url\":\"https:\\\/\\\/monmaghreb.com\\\/wp-content\\\/uploads\\\/2026\\\/03\\\/featured-60.jpg\",\"contentUrl\":\"https:\\\/\\\/monmaghreb.com\\\/wp-content\\\/uploads\\\/2026\\\/03\\\/featured-60.jpg\",\"width\":1880,\"height\":1253,\"caption\":\"Ensemble Josquin des Pr\u00e8s jouant en Alg\u00e9rie, musiciens sur sc\u00e8ne devant un public enthousiaste\"},{\"@type\":\"BreadcrumbList\",\"@id\":\"https:\\\/\\\/monmaghreb.com\\\/index.php\\\/2026\\\/03\\\/11\\\/voyage-musical-en-algerie-avec-lensemble-josquin-des-pres-itineraire-et-programmation\\\/#breadcrumb\",\"itemListElement\":[{\"@type\":\"ListItem\",\"position\":1,\"name\":\"Home\",\"item\":\"http:\\\/\\\/monmaghreb.com\\\/\"},{\"@type\":\"ListItem\",\"position\":2,\"name\":\"Voyage musical en Alg\u00e9rie avec l&#8217;ensemble Josquin des Pr\u00e9s : itin\u00e9raire et programmation\"}]},{\"@type\":\"WebSite\",\"@id\":\"http:\\\/\\\/monmaghreb.com\\\/#website\",\"url\":\"http:\\\/\\\/monmaghreb.com\\\/\",\"name\":\"Mon Maghreb\",\"description\":\"MonMaghreb United\",\"publisher\":{\"@id\":\"http:\\\/\\\/monmaghreb.com\\\/#organization\"},\"alternateName\":\"Le Monde du Maghreb et au del\u00e0\",\"potentialAction\":[{\"@type\":\"SearchAction\",\"target\":{\"@type\":\"EntryPoint\",\"urlTemplate\":\"http:\\\/\\\/monmaghreb.com\\\/?s={search_term_string}\"},\"query-input\":{\"@type\":\"PropertyValueSpecification\",\"valueRequired\":true,\"valueName\":\"search_term_string\"}}],\"inLanguage\":\"en-US\"},{\"@type\":\"Organization\",\"@id\":\"http:\\\/\\\/monmaghreb.com\\\/#organization\",\"name\":\"Mon Maghreb\",\"url\":\"http:\\\/\\\/monmaghreb.com\\\/\",\"logo\":{\"@type\":\"ImageObject\",\"inLanguage\":\"en-US\",\"@id\":\"http:\\\/\\\/monmaghreb.com\\\/#\\\/schema\\\/logo\\\/image\\\/\",\"url\":\"https:\\\/\\\/monmaghreb.com\\\/wp-content\\\/uploads\\\/2025\\\/12\\\/Mon_Maghreb_Logo.jpg\",\"contentUrl\":\"https:\\\/\\\/monmaghreb.com\\\/wp-content\\\/uploads\\\/2025\\\/12\\\/Mon_Maghreb_Logo.jpg\",\"width\":814,\"height\":374,\"caption\":\"Mon Maghreb\"},\"image\":{\"@id\":\"http:\\\/\\\/monmaghreb.com\\\/#\\\/schema\\\/logo\\\/image\\\/\"}},{\"@type\":\"Person\",\"@id\":\"http:\\\/\\\/monmaghreb.com\\\/#\\\/schema\\\/person\\\/c469a89dc8c6b8987dcb438b1200d054\",\"name\":\"LaMagh\",\"image\":{\"@type\":\"ImageObject\",\"inLanguage\":\"en-US\",\"@id\":\"https:\\\/\\\/secure.gravatar.com\\\/avatar\\\/399d8144bd55fba55e056779aca52fe528bac7911f6449e54d81173d6dfd7f0a?s=96&d=mm&r=g\",\"url\":\"https:\\\/\\\/secure.gravatar.com\\\/avatar\\\/399d8144bd55fba55e056779aca52fe528bac7911f6449e54d81173d6dfd7f0a?s=96&d=mm&r=g\",\"contentUrl\":\"https:\\\/\\\/secure.gravatar.com\\\/avatar\\\/399d8144bd55fba55e056779aca52fe528bac7911f6449e54d81173d6dfd7f0a?s=96&d=mm&r=g\",\"caption\":\"LaMagh\"},\"sameAs\":[\"https:\\\/\\\/monmaghreb.com\",\"https:\\\/\\\/www.facebook.com\\\/monmaghrebcom\",\"https:\\\/\\\/x.com\\\/MMaghreb50977\"],\"url\":\"https:\\\/\\\/monmaghreb.com\\\/index.php\\\/author\\\/lamagh\\\/\"}]}<\/script>\n<!-- \/ Yoast SEO plugin. -->","yoast_head_json":{"title":"Voyage musical en Alg\u00e9rie avec l'ensemble Josquin des Pr\u00e9s : itin\u00e9raire et programmation - Mon Maghreb","robots":{"index":"index","follow":"follow","max-snippet":"max-snippet:-1","max-image-preview":"max-image-preview:large","max-video-preview":"max-video-preview:-1"},"canonical":"https:\/\/monmaghreb.com\/index.php\/2026\/03\/11\/voyage-musical-en-algerie-avec-lensemble-josquin-des-pres-itineraire-et-programmation\/","og_locale":"en_US","og_type":"article","og_title":"Voyage musical en Alg\u00e9rie avec l'ensemble Josquin des Pr\u00e9s : itin\u00e9raire et programmation - Mon Maghreb","og_description":"Voyage musical exceptional avec l'ensemble Josquin des Pr\u00e8s en Alg\u00e9rie - Discouvrez la programmation","og_url":"https:\/\/monmaghreb.com\/index.php\/2026\/03\/11\/voyage-musical-en-algerie-avec-lensemble-josquin-des-pres-itineraire-et-programmation\/","og_site_name":"Mon Maghreb","article_author":"https:\/\/www.facebook.com\/monmaghrebcom","article_published_time":"2026-03-11T19:58:12+00:00","article_modified_time":"2026-03-11T19:58:17+00:00","og_image":[{"width":1880,"height":1253,"url":"https:\/\/monmaghreb.com\/wp-content\/uploads\/2026\/03\/featured-60.jpg","type":"image\/jpeg"}],"author":"LaMagh","twitter_card":"summary_large_image","twitter_creator":"@MMaghreb50977","twitter_misc":{"Written by":"LaMagh","Est. reading time":"4 minutes"},"schema":{"@context":"https:\/\/schema.org","@graph":[{"@type":"Article","@id":"https:\/\/monmaghreb.com\/index.php\/2026\/03\/11\/voyage-musical-en-algerie-avec-lensemble-josquin-des-pres-itineraire-et-programmation\/#article","isPartOf":{"@id":"https:\/\/monmaghreb.com\/index.php\/2026\/03\/11\/voyage-musical-en-algerie-avec-lensemble-josquin-des-pres-itineraire-et-programmation\/"},"author":{"name":"LaMagh","@id":"http:\/\/monmaghreb.com\/#\/schema\/person\/c469a89dc8c6b8987dcb438b1200d054"},"headline":"Voyage musical en Alg\u00e9rie avec l&#8217;ensemble Josquin des Pr\u00e9s : itin\u00e9raire et programmation","datePublished":"2026-03-11T19:58:12+00:00","dateModified":"2026-03-11T19:58:17+00:00","mainEntityOfPage":{"@id":"https:\/\/monmaghreb.com\/index.php\/2026\/03\/11\/voyage-musical-en-algerie-avec-lensemble-josquin-des-pres-itineraire-et-programmation\/"},"wordCount":741,"publisher":{"@id":"http:\/\/monmaghreb.com\/#organization"},"image":{"@id":"https:\/\/monmaghreb.com\/index.php\/2026\/03\/11\/voyage-musical-en-algerie-avec-lensemble-josquin-des-pres-itineraire-et-programmation\/#primaryimage"},"thumbnailUrl":"https:\/\/monmaghreb.com\/wp-content\/uploads\/2026\/03\/featured-60.jpg","keywords":["ensemble josquin des pr\u00e9s","france alg\u00e9rie","Guide voyage","Musique alg\u00e9rienne","voyage culturel"],"articleSection":["Musique"],"inLanguage":"en-US"},{"@type":"WebPage","@id":"https:\/\/monmaghreb.com\/index.php\/2026\/03\/11\/voyage-musical-en-algerie-avec-lensemble-josquin-des-pres-itineraire-et-programmation\/","url":"https:\/\/monmaghreb.com\/index.php\/2026\/03\/11\/voyage-musical-en-algerie-avec-lensemble-josquin-des-pres-itineraire-et-programmation\/","name":"Voyage musical en Alg\u00e9rie avec l'ensemble Josquin des Pr\u00e9s : itin\u00e9raire et programmation - Mon Maghreb","isPartOf":{"@id":"http:\/\/monmaghreb.com\/#website"},"primaryImageOfPage":{"@id":"https:\/\/monmaghreb.com\/index.php\/2026\/03\/11\/voyage-musical-en-algerie-avec-lensemble-josquin-des-pres-itineraire-et-programmation\/#primaryimage"},"image":{"@id":"https:\/\/monmaghreb.com\/index.php\/2026\/03\/11\/voyage-musical-en-algerie-avec-lensemble-josquin-des-pres-itineraire-et-programmation\/#primaryimage"},"thumbnailUrl":"https:\/\/monmaghreb.com\/wp-content\/uploads\/2026\/03\/featured-60.jpg","datePublished":"2026-03-11T19:58:12+00:00","dateModified":"2026-03-11T19:58:17+00:00","breadcrumb":{"@id":"https:\/\/monmaghreb.com\/index.php\/2026\/03\/11\/voyage-musical-en-algerie-avec-lensemble-josquin-des-pres-itineraire-et-programmation\/#breadcrumb"},"inLanguage":"en-US","potentialAction":[{"@type":"ReadAction","target":["https:\/\/monmaghreb.com\/index.php\/2026\/03\/11\/voyage-musical-en-algerie-avec-lensemble-josquin-des-pres-itineraire-et-programmation\/"]}]},{"@type":"ImageObject","inLanguage":"en-US","@id":"https:\/\/monmaghreb.com\/index.php\/2026\/03\/11\/voyage-musical-en-algerie-avec-lensemble-josquin-des-pres-itineraire-et-programmation\/#primaryimage","url":"https:\/\/monmaghreb.com\/wp-content\/uploads\/2026\/03\/featured-60.jpg","contentUrl":"https:\/\/monmaghreb.com\/wp-content\/uploads\/2026\/03\/featured-60.jpg","width":1880,"height":1253,"caption":"Ensemble Josquin des Pr\u00e8s jouant en Alg\u00e9rie, musiciens sur sc\u00e8ne devant un public enthousiaste"},{"@type":"BreadcrumbList","@id":"https:\/\/monmaghreb.com\/index.php\/2026\/03\/11\/voyage-musical-en-algerie-avec-lensemble-josquin-des-pres-itineraire-et-programmation\/#breadcrumb","itemListElement":[{"@type":"ListItem","position":1,"name":"Home","item":"http:\/\/monmaghreb.com\/"},{"@type":"ListItem","position":2,"name":"Voyage musical en Alg\u00e9rie avec l&#8217;ensemble Josquin des Pr\u00e9s : itin\u00e9raire et programmation"}]},{"@type":"WebSite","@id":"http:\/\/monmaghreb.com\/#website","url":"http:\/\/monmaghreb.com\/","name":"Mon Maghreb","description":"MonMaghreb United","publisher":{"@id":"http:\/\/monmaghreb.com\/#organization"},"alternateName":"Le Monde du Maghreb et au del\u00e0","potentialAction":[{"@type":"SearchAction","target":{"@type":"EntryPoint","urlTemplate":"http:\/\/monmaghreb.com\/?s={search_term_string}"},"query-input":{"@type":"PropertyValueSpecification","valueRequired":true,"valueName":"search_term_string"}}],"inLanguage":"en-US"},{"@type":"Organization","@id":"http:\/\/monmaghreb.com\/#organization","name":"Mon Maghreb","url":"http:\/\/monmaghreb.com\/","logo":{"@type":"ImageObject","inLanguage":"en-US","@id":"http:\/\/monmaghreb.com\/#\/schema\/logo\/image\/","url":"https:\/\/monmaghreb.com\/wp-content\/uploads\/2025\/12\/Mon_Maghreb_Logo.jpg","contentUrl":"https:\/\/monmaghreb.com\/wp-content\/uploads\/2025\/12\/Mon_Maghreb_Logo.jpg","width":814,"height":374,"caption":"Mon Maghreb"},"image":{"@id":"http:\/\/monmaghreb.com\/#\/schema\/logo\/image\/"}},{"@type":"Person","@id":"http:\/\/monmaghreb.com\/#\/schema\/person\/c469a89dc8c6b8987dcb438b1200d054","name":"LaMagh","image":{"@type":"ImageObject","inLanguage":"en-US","@id":"https:\/\/secure.gravatar.com\/avatar\/399d8144bd55fba55e056779aca52fe528bac7911f6449e54d81173d6dfd7f0a?s=96&d=mm&r=g","url":"https:\/\/secure.gravatar.com\/avatar\/399d8144bd55fba55e056779aca52fe528bac7911f6449e54d81173d6dfd7f0a?s=96&d=mm&r=g","contentUrl":"https:\/\/secure.gravatar.com\/avatar\/399d8144bd55fba55e056779aca52fe528bac7911f6449e54d81173d6dfd7f0a?s=96&d=mm&r=g","caption":"LaMagh"},"sameAs":["https:\/\/monmaghreb.com","https:\/\/www.facebook.com\/monmaghrebcom","https:\/\/x.com\/MMaghreb50977"],"url":"https:\/\/monmaghreb.com\/index.php\/author\/lamagh\/"}]}},"_links":{"self":[{"href":"https:\/\/monmaghreb.com\/index.php\/wp-json\/wp\/v2\/posts\/1044","targetHints":{"allow":["GET"]}}],"collection":[{"href":"https:\/\/monmaghreb.com\/index.php\/wp-json\/wp\/v2\/posts"}],"about":[{"href":"https:\/\/monmaghreb.com\/index.php\/wp-json\/wp\/v2\/types\/post"}],"author":[{"embeddable":true,"href":"https:\/\/monmaghreb.com\/index.php\/wp-json\/wp\/v2\/users\/1"}],"replies":[{"embeddable":true,"href":"https:\/\/monmaghreb.com\/index.php\/wp-json\/wp\/v2\/comments?post=1044"}],"version-history":[{"count":1,"href":"https:\/\/monmaghreb.com\/index.php\/wp-json\/wp\/v2\/posts\/1044\/revisions"}],"predecessor-version":[{"id":1045,"href":"https:\/\/monmaghreb.com\/index.php\/wp-json\/wp\/v2\/posts\/1044\/revisions\/1045"}],"wp:featuredmedia":[{"embeddable":true,"href":"https:\/\/monmaghreb.com\/index.php\/wp-json\/wp\/v2\/media\/1043"}],"wp:attachment":[{"href":"https:\/\/monmaghreb.com\/index.php\/wp-json\/wp\/v2\/media?parent=1044"}],"wp:term":[{"taxonomy":"category","embeddable":true,"href":"https:\/\/monmaghreb.com\/index.php\/wp-json\/wp\/v2\/categories?post=1044"},{"taxonomy":"post_tag","embeddable":true,"href":"https:\/\/monmaghreb.com\/index.php\/wp-json\/wp\/v2\/tags?post=1044"}],"curies":[{"name":"wp","href":"https:\/\/api.w.org\/{rel}","templated":true}]}}