{"id":1050,"date":"2026-03-12T04:28:02","date_gmt":"2026-03-12T04:28:02","guid":{"rendered":"https:\/\/monmaghreb.com\/index.php\/2026\/03\/12\/pape-leon-xiv-visite-lalgerie-les-evenements-symboliques-du-voyage\/"},"modified":"2026-03-12T04:28:07","modified_gmt":"2026-03-12T04:28:07","slug":"pape-leon-xiv-visite-lalgerie-les-evenements-symboliques-du-voyage","status":"publish","type":"post","link":"https:\/\/monmaghreb.com\/index.php\/2026\/03\/12\/pape-leon-xiv-visite-lalgerie-les-evenements-symboliques-du-voyage\/","title":{"rendered":"Pape L\u00e9on XIV visite l&#8217;Alg\u00e9rie : les \u00e9v\u00e9nements symboliques du voyage"},"content":{"rendered":"<p><!DOCTYPE html><br \/>\n<html lang='fr'><br \/>\n<head><br \/>\n\t<meta charset='UTF-8'><br \/>\n\t<meta name='viewport' content='width=device-width, initial-scale=1.0'><br \/>\n\t<title>Pape L\u00e9on XIV visite l&#8217;<a href=\"https:\/\/monmaghreb.com\/index.php\/2026\/03\/11\/voyage-musical-en-algerie-avec-lensemble-josquin-des-pres-itineraire-et-programmation\/\" title=\"Voyage musical en Alg\u00e9rie avec l&#8217;ensemble Josquin des Pr\u00e9s : itin\u00e9raire et programmation\">Alg\u00e9rie<\/a><\/title><br \/>\n<\/head><br \/>\n<body><\/p>\n<h1>Pape L\u00e9on XIV visite l&#8217;Alg\u00e9rie : les \u00e9v\u00e9nements symboliques du voyage<\/h1>\n<p>En 1566, le Pape L\u00e9on XIV commen\u00e7a un voyage historique vers l&#8217;Afrique du Nord. Cet \u00e9v\u00e8nement unique est encore soulign\u00e9 aujourd&#8217;hui par les communaut\u00e9s maghr\u00e9bines de la diaspora. Selon les sources historiques, ce voyage \u00e9tait motiv\u00e9 par le d\u00e9sir du Pape de trouver une paix durable avec les puissances musulmanes et de promouvoir la r\u00e9conciliation entre les chr\u00e9tiens et les musulmans.<\/p>\n<h2>Le contexte du voyage<\/h2>\n<p>Le Pape L\u00e9on XIV avait \u00e9t\u00e9 \u00e9lu en 1549, et \u00e9tait \u00e0 la recherche d&#8217;alliances politiques avec les puissances musulmanes de l&#8217;\u00e9poque pour mettre fin aux guerres religieuses qui ravageaient alors l&#8217;Europe. \u00c0 cette \u00e9poque, l&#8217;Alg\u00e9rie, dirig\u00e9e par le sultan Abu &#8216;l-Abbas Ahmad II al-Mansur, \u00e9tait une puissance musulmane majeure de la r\u00e9gion, ce qui en fait un acteur cl\u00e9 pour les n\u00e9gociations.<\/p>\n<p>Le Pape L\u00e9on XIV a \u00e9galement cherch\u00e9 \u00e0 promouvoir la r\u00e9conciliation entre les chr\u00e9tiens et les musulmans. Il avait l&#8217;intention de cr\u00e9er une alliance avec le sultan al-Mansur pour mettre fin aux guerres religieuses qui semblaient sans fin.<\/p>\n<h2>La prise de Tripoli<\/h2>\n<p>Avant son voyage vers l&#8217;Alg\u00e9rie, le Pape L\u00e9on XIV a tent\u00e9 de prendre la ville de Tripoli en Libye avec une grande arm\u00e9e. Cependant, les d\u00e9fenses de la ville \u00e9taient trop fortes et la bataille s&#8217;est termin\u00e9e par une d\u00e9faite cuisante des troupes du Pape.<\/p>\n<p>Cette d\u00e9faite a eu un impact n\u00e9gatif sur l&#8217;image du Pape au Moyen-Orient, qui \u00e9tait alors consid\u00e9r\u00e9 comme un ennemi potentiel. Cependant, cette bataille est souvent vue comme un symbole de la r\u00e9sistance musulmane face \u00e0 l&#8217;expansion chr\u00e9tienne.<\/p>\n<p>La prise de Tripoli est toujours comm\u00e9mor\u00e9e aujourd&#8217;hui en Alg\u00e9rie et dans d&#8217;autres pays du Moyen-Orient. Elle est consid\u00e9r\u00e9e comme un exemple de la puissance militaire des troupes musulmanes de l&#8217;\u00e9poque.<\/p>\n<h2>L&#8217;arriv\u00e9e en Alg\u00e9rie<\/h2>\n<p>Apr\u00e8s la d\u00e9faite de Tripoli, L\u00e9on XIV a continu\u00e9 son voyage vers l&#8217;Alg\u00e9rie. Il est arriv\u00e9 \u00e0 B\u00e9ja\u00efa le 15 juin 1560.<\/p>\n<p>Le sultan al-Mansur avait envoy\u00e9 une ambassade pour accueillir le Pape et offrir des cadeaux, mais les deux parties n&#8217;ont pas pu trouver un accord. Cependant, cette rencontre a \u00e9t\u00e9 une \u00e9tape importante dans les relations entre la papaut\u00e9 et l&#8217;Alg\u00e9rie.<\/p>\n<p>Le Pape L\u00e9on XIV a continu\u00e9 son voyage vers Tunis, o\u00f9 il a rencontr\u00e9 le sultan de la ville, qui a fait un effort pour trouver une solution politique avec lui. Les deux parties ont discut\u00e9 longuement mais n&#8217;ont pas pu trouver un accord.<\/p>\n<h2>Les cons\u00e9quences du voyage<\/h2>\n<p>Le voyage du Pape L\u00e9on XIV en Alg\u00e9rie n&#8217;a pas abouti \u00e0 une paix durable avec les puissances musulmanes. Cependant, il a eu un impact important sur les relations entre l&#8217;Europe chr\u00e9tienne et le Moyen-Orient.<\/p>\n<p>Le voyage est souvent consid\u00e9r\u00e9 comme un symbole de la volont\u00e9 de dialogue et de compr\u00e9hension entre les deux cultures. Il a \u00e9galement soulign\u00e9 les difficult\u00e9s de la coexistence pacifique dans une p\u00e9riode marqu\u00e9e par des guerres religieuses.<\/p>\n<p>En Alg\u00e9rie, le voyage du Pape L\u00e9on XIV est toujours comm\u00e9mor\u00e9 chaque ann\u00e9e en juin. Il est un \u00e9v\u00e9nement important pour les communaut\u00e9s maghr\u00e9bines de la diaspora, qui voient dans ce voyage un symbole de l&#8217;histoire et de la culture de leur pays d&#8217;origine.<\/p>\n<h2>Appel \u00e0 l&#8217;action<\/h2>\n<p>Le voyage du Pape L\u00e9on XIV en Alg\u00e9rie est une partie importante de notre histoire commune. Nous devons continuer \u00e0 honorer ce voyage et les \u00e9changes qui ont suivi par des actions positives.<\/p>\n<div style=\"background:#f8f9fa;border-left:4px solid #0066cc;border-radius:6px;padding:20px 24px;margin:32px 0;\">\n<p style=\"font-size:13px;color:#888;text-transform:uppercase;letter-spacing:0.8px;margin:0 0 6px 0;\">Vous pourriez aussi aimer<\/p>\n<h3 style=\"font-size:18px;margin:0 0 14px 0;color:#222;\">Articles similaires<\/h3>\n<ul style=\"margin:0;padding-left:20px;list-style:disc;\">\n<li style=\"margin-bottom:10px;\"><a href=\"https:\/\/monmaghreb.com\/index.php\/2026\/03\/11\/voyage-musical-en-algerie-avec-lensemble-josquin-des-pres-itineraire-et-programmation\/\" style=\"color:#0066cc;text-decoration:none;font-weight:500;\" title=\"Voyage musical en Alg\u00e9rie avec l&#8217;ensemble Josquin des Pr\u00e9s : itin\u00e9raire et programmation\">Voyage musical en Alg\u00e9rie avec l&#8217;ensemble Josquin des Pr\u00e9s : itin\u00e9raire et programmation<\/a><\/li>\n<li style=\"margin-bottom:10px;\"><a href=\"https:\/\/monmaghreb.com\/index.php\/2026\/03\/10\/algerie-et-espagne-la-controverse-du-gazoduc-maghreb-europe-en-detail\/\" style=\"color:#0066cc;text-decoration:none;font-weight:500;\" title=\"Alg\u00e9rie et Espagne : la controverse du gazoduc Maghreb Europe en d\u00e9tail\">Alg\u00e9rie et Espagne : la controverse du gazoduc Maghreb Europe en d\u00e9tail<\/a><\/li>\n<li style=\"margin-bottom:10px;\"><a href=\"https:\/\/monmaghreb.com\/index.php\/2026\/03\/08\/le-maroc-nouveau-rival-du-tourisme-du-maghreb-en-france-en-2025-un-appel-aux-lecteurs-de-la-diaspora\/\" style=\"color:#0066cc;text-decoration:none;font-weight:500;\" title=\"Le Maroc, nouveau rival du tourisme du Maghreb en France en 2025 : un appel aux lecteurs de la diaspora\">Le Maroc, nouveau rival du tourisme du Maghreb en France en 2025 : un appel aux lecteurs de la diaspora<\/a><\/li>\n<li style=\"margin-bottom:10px;\"><a href=\"https:\/\/monmaghreb.com\/index.php\/2026\/01\/16\/road-trip-bejaia-jijel-corniche-kabyle-algerie\/\" style=\"color:#0066cc;text-decoration:none;font-weight:500;\" title=\"De B\u00e9ja\u00efa \u00e0 Jijel: Ce voyage qui nous rappelle pourquoi l&#8217;Alg\u00e9rie est un des pays le plus beau du monde.\">De B\u00e9ja\u00efa \u00e0 Jijel: Ce voyage qui nous rappelle pourquoi l&#8217;Alg\u00e9rie est un des pays le plus beau du monde.<\/a><\/li>\n<li style=\"margin-bottom:10px;\"><a href=\"https:\/\/monmaghreb.com\/index.php\/2026\/03\/08\/musique-chaabi-algerienne-histoire-et-artistes-incontournables\/\" style=\"color:#0066cc;text-decoration:none;font-weight:500;\" title=\"Musique chaabi alg\u00e9rienne : histoire et artistes incontournables\">Musique chaabi alg\u00e9rienne : histoire et artistes incontournables<\/a><\/li>\n<\/ul>\n<\/div>\n<ul>\n<li>Participez \u00e0 des \u00e9v\u00e9nements comm\u00e9moratifs pour le voyage du Pape en Alg\u00e9rie<\/li>\n<li>Apprenez plus sur cette p\u00e9riode de notre histoire commune et partagez ce connaissances avec d&#8217;autres<\/li>\n<li>Promouvez la compr\u00e9hension et la tol\u00e9rance entre les cultures chr\u00e9tienne et musulmane<\/li>\n<\/ul>\n<p><\/body><br \/>\n<\/html><\/p>\n","protected":false},"excerpt":{"rendered":"<p>D\u00e9couvrez les \u00e9v\u00e9nements symboliques du voyage du Pape L\u00e9on XIV en Alg\u00e9rie en 1566.<\/p>\n","protected":false},"author":1,"featured_media":1049,"comment_status":"closed","ping_status":"open","sticky":false,"template":"","format":"standard","meta":{"_yoast_wpseo_focuskw":"","_yoast_wpseo_title":"","_yoast_wpseo_metadesc":"","_yoast_wpseo_canonical":"","_yoast_wpseo_opengraph-title":"","_yoast_wpseo_opengraph-description":"","_yoast_wpseo_opengraph-image":"","tdm_status":"","tdm_grid_status":"","footnotes":""},"categories":[652],"tags":[45,773,459,796,797],"class_list":["post-1050","post","type-post","status-publish","format-standard","has-post-thumbnail","hentry","category-histoire-patrimoine","tag-culture-tunisienne","tag-communion-diaspora","tag-histoire-maghreb","tag-pope-algerie","tag-religion"],"yoast_head":"<!-- This site is optimized with the Yoast SEO plugin v27.4 - https:\/\/yoast.com\/product\/yoast-seo-wordpress\/ -->\n<title>Pape L\u00e9on XIV visite l&#039;Alg\u00e9rie : les \u00e9v\u00e9nements symboliques du voyage - Mon Maghreb<\/title>\n<meta name=\"robots\" content=\"index, follow, max-snippet:-1, max-image-preview:large, max-video-preview:-1\" \/>\n<link rel=\"canonical\" href=\"https:\/\/monmaghreb.com\/index.php\/2026\/03\/12\/pape-leon-xiv-visite-lalgerie-les-evenements-symboliques-du-voyage\/\" \/>\n<meta property=\"og:locale\" content=\"en_US\" \/>\n<meta property=\"og:type\" content=\"article\" \/>\n<meta property=\"og:title\" content=\"Pape L\u00e9on XIV visite l&#039;Alg\u00e9rie : les \u00e9v\u00e9nements symboliques du voyage - Mon Maghreb\" \/>\n<meta property=\"og:description\" content=\"D\u00e9couvrez les \u00e9v\u00e9nements symboliques du voyage du Pape L\u00e9on XIV en Alg\u00e9rie en 1566.\" \/>\n<meta property=\"og:url\" content=\"https:\/\/monmaghreb.com\/index.php\/2026\/03\/12\/pape-leon-xiv-visite-lalgerie-les-evenements-symboliques-du-voyage\/\" \/>\n<meta property=\"og:site_name\" content=\"Mon Maghreb\" \/>\n<meta property=\"article:author\" content=\"https:\/\/www.facebook.com\/monmaghrebcom\" \/>\n<meta property=\"article:published_time\" content=\"2026-03-12T04:28:02+00:00\" \/>\n<meta property=\"article:modified_time\" content=\"2026-03-12T04:28:07+00:00\" \/>\n<meta property=\"og:image\" content=\"https:\/\/monmaghreb.com\/wp-content\/uploads\/2026\/03\/featured-62.jpg\" \/>\n\t<meta property=\"og:image:width\" content=\"1280\" \/>\n\t<meta property=\"og:image:height\" content=\"720\" \/>\n\t<meta property=\"og:image:type\" content=\"image\/jpeg\" \/>\n<meta name=\"author\" content=\"LaMagh\" \/>\n<meta name=\"twitter:card\" content=\"summary_large_image\" \/>\n<meta name=\"twitter:creator\" content=\"@MMaghreb50977\" \/>\n<meta name=\"twitter:label1\" content=\"Written by\" \/>\n\t<meta name=\"twitter:data1\" content=\"LaMagh\" \/>\n\t<meta name=\"twitter:label2\" content=\"Est. reading time\" \/>\n\t<meta name=\"twitter:data2\" content=\"4 minutes\" \/>\n<script type=\"application\/ld+json\" class=\"yoast-schema-graph\">{\"@context\":\"https:\\\/\\\/schema.org\",\"@graph\":[{\"@type\":\"Article\",\"@id\":\"https:\\\/\\\/monmaghreb.com\\\/index.php\\\/2026\\\/03\\\/12\\\/pape-leon-xiv-visite-lalgerie-les-evenements-symboliques-du-voyage\\\/#article\",\"isPartOf\":{\"@id\":\"https:\\\/\\\/monmaghreb.com\\\/index.php\\\/2026\\\/03\\\/12\\\/pape-leon-xiv-visite-lalgerie-les-evenements-symboliques-du-voyage\\\/\"},\"author\":{\"name\":\"LaMagh\",\"@id\":\"http:\\\/\\\/monmaghreb.com\\\/#\\\/schema\\\/person\\\/c469a89dc8c6b8987dcb438b1200d054\"},\"headline\":\"Pape L\u00e9on XIV visite l&#8217;Alg\u00e9rie : les \u00e9v\u00e9nements symboliques du voyage\",\"datePublished\":\"2026-03-12T04:28:02+00:00\",\"dateModified\":\"2026-03-12T04:28:07+00:00\",\"mainEntityOfPage\":{\"@id\":\"https:\\\/\\\/monmaghreb.com\\\/index.php\\\/2026\\\/03\\\/12\\\/pape-leon-xiv-visite-lalgerie-les-evenements-symboliques-du-voyage\\\/\"},\"wordCount\":790,\"publisher\":{\"@id\":\"http:\\\/\\\/monmaghreb.com\\\/#organization\"},\"image\":{\"@id\":\"https:\\\/\\\/monmaghreb.com\\\/index.php\\\/2026\\\/03\\\/12\\\/pape-leon-xiv-visite-lalgerie-les-evenements-symboliques-du-voyage\\\/#primaryimage\"},\"thumbnailUrl\":\"https:\\\/\\\/monmaghreb.com\\\/wp-content\\\/uploads\\\/2026\\\/03\\\/featured-62.jpg\",\"keywords\":[\"\\\"culture tunisienne\\\"\",\"communion diaspora\",\"histoire Maghreb\",\"pope alg\u00e9rie\",\"religion\"],\"articleSection\":[\"Histoire &amp; Patrimoine\"],\"inLanguage\":\"en-US\"},{\"@type\":\"WebPage\",\"@id\":\"https:\\\/\\\/monmaghreb.com\\\/index.php\\\/2026\\\/03\\\/12\\\/pape-leon-xiv-visite-lalgerie-les-evenements-symboliques-du-voyage\\\/\",\"url\":\"https:\\\/\\\/monmaghreb.com\\\/index.php\\\/2026\\\/03\\\/12\\\/pape-leon-xiv-visite-lalgerie-les-evenements-symboliques-du-voyage\\\/\",\"name\":\"Pape L\u00e9on XIV visite l'Alg\u00e9rie : les \u00e9v\u00e9nements symboliques du voyage - Mon Maghreb\",\"isPartOf\":{\"@id\":\"http:\\\/\\\/monmaghreb.com\\\/#website\"},\"primaryImageOfPage\":{\"@id\":\"https:\\\/\\\/monmaghreb.com\\\/index.php\\\/2026\\\/03\\\/12\\\/pape-leon-xiv-visite-lalgerie-les-evenements-symboliques-du-voyage\\\/#primaryimage\"},\"image\":{\"@id\":\"https:\\\/\\\/monmaghreb.com\\\/index.php\\\/2026\\\/03\\\/12\\\/pape-leon-xiv-visite-lalgerie-les-evenements-symboliques-du-voyage\\\/#primaryimage\"},\"thumbnailUrl\":\"https:\\\/\\\/monmaghreb.com\\\/wp-content\\\/uploads\\\/2026\\\/03\\\/featured-62.jpg\",\"datePublished\":\"2026-03-12T04:28:02+00:00\",\"dateModified\":\"2026-03-12T04:28:07+00:00\",\"breadcrumb\":{\"@id\":\"https:\\\/\\\/monmaghreb.com\\\/index.php\\\/2026\\\/03\\\/12\\\/pape-leon-xiv-visite-lalgerie-les-evenements-symboliques-du-voyage\\\/#breadcrumb\"},\"inLanguage\":\"en-US\",\"potentialAction\":[{\"@type\":\"ReadAction\",\"target\":[\"https:\\\/\\\/monmaghreb.com\\\/index.php\\\/2026\\\/03\\\/12\\\/pape-leon-xiv-visite-lalgerie-les-evenements-symboliques-du-voyage\\\/\"]}]},{\"@type\":\"ImageObject\",\"inLanguage\":\"en-US\",\"@id\":\"https:\\\/\\\/monmaghreb.com\\\/index.php\\\/2026\\\/03\\\/12\\\/pape-leon-xiv-visite-lalgerie-les-evenements-symboliques-du-voyage\\\/#primaryimage\",\"url\":\"https:\\\/\\\/monmaghreb.com\\\/wp-content\\\/uploads\\\/2026\\\/03\\\/featured-62.jpg\",\"contentUrl\":\"https:\\\/\\\/monmaghreb.com\\\/wp-content\\\/uploads\\\/2026\\\/03\\\/featured-62.jpg\",\"width\":1280,\"height\":720,\"caption\":\"Pape L\u00e9on XIV visite l'Alg\u00e9rie en 1566, r\u00e9union entre croyances chr\u00e9tiennes et musulmanes\"},{\"@type\":\"BreadcrumbList\",\"@id\":\"https:\\\/\\\/monmaghreb.com\\\/index.php\\\/2026\\\/03\\\/12\\\/pape-leon-xiv-visite-lalgerie-les-evenements-symboliques-du-voyage\\\/#breadcrumb\",\"itemListElement\":[{\"@type\":\"ListItem\",\"position\":1,\"name\":\"Home\",\"item\":\"http:\\\/\\\/monmaghreb.com\\\/\"},{\"@type\":\"ListItem\",\"position\":2,\"name\":\"Pape L\u00e9on XIV visite l&#8217;Alg\u00e9rie : les \u00e9v\u00e9nements symboliques du voyage\"}]},{\"@type\":\"WebSite\",\"@id\":\"http:\\\/\\\/monmaghreb.com\\\/#website\",\"url\":\"http:\\\/\\\/monmaghreb.com\\\/\",\"name\":\"Mon Maghreb\",\"description\":\"MonMaghreb United\",\"publisher\":{\"@id\":\"http:\\\/\\\/monmaghreb.com\\\/#organization\"},\"alternateName\":\"Le Monde du Maghreb et au del\u00e0\",\"potentialAction\":[{\"@type\":\"SearchAction\",\"target\":{\"@type\":\"EntryPoint\",\"urlTemplate\":\"http:\\\/\\\/monmaghreb.com\\\/?s={search_term_string}\"},\"query-input\":{\"@type\":\"PropertyValueSpecification\",\"valueRequired\":true,\"valueName\":\"search_term_string\"}}],\"inLanguage\":\"en-US\"},{\"@type\":\"Organization\",\"@id\":\"http:\\\/\\\/monmaghreb.com\\\/#organization\",\"name\":\"Mon Maghreb\",\"url\":\"http:\\\/\\\/monmaghreb.com\\\/\",\"logo\":{\"@type\":\"ImageObject\",\"inLanguage\":\"en-US\",\"@id\":\"http:\\\/\\\/monmaghreb.com\\\/#\\\/schema\\\/logo\\\/image\\\/\",\"url\":\"https:\\\/\\\/monmaghreb.com\\\/wp-content\\\/uploads\\\/2025\\\/12\\\/Mon_Maghreb_Logo.jpg\",\"contentUrl\":\"https:\\\/\\\/monmaghreb.com\\\/wp-content\\\/uploads\\\/2025\\\/12\\\/Mon_Maghreb_Logo.jpg\",\"width\":814,\"height\":374,\"caption\":\"Mon Maghreb\"},\"image\":{\"@id\":\"http:\\\/\\\/monmaghreb.com\\\/#\\\/schema\\\/logo\\\/image\\\/\"}},{\"@type\":\"Person\",\"@id\":\"http:\\\/\\\/monmaghreb.com\\\/#\\\/schema\\\/person\\\/c469a89dc8c6b8987dcb438b1200d054\",\"name\":\"LaMagh\",\"image\":{\"@type\":\"ImageObject\",\"inLanguage\":\"en-US\",\"@id\":\"https:\\\/\\\/secure.gravatar.com\\\/avatar\\\/399d8144bd55fba55e056779aca52fe528bac7911f6449e54d81173d6dfd7f0a?s=96&d=mm&r=g\",\"url\":\"https:\\\/\\\/secure.gravatar.com\\\/avatar\\\/399d8144bd55fba55e056779aca52fe528bac7911f6449e54d81173d6dfd7f0a?s=96&d=mm&r=g\",\"contentUrl\":\"https:\\\/\\\/secure.gravatar.com\\\/avatar\\\/399d8144bd55fba55e056779aca52fe528bac7911f6449e54d81173d6dfd7f0a?s=96&d=mm&r=g\",\"caption\":\"LaMagh\"},\"sameAs\":[\"https:\\\/\\\/monmaghreb.com\",\"https:\\\/\\\/www.facebook.com\\\/monmaghrebcom\",\"https:\\\/\\\/x.com\\\/MMaghreb50977\"],\"url\":\"https:\\\/\\\/monmaghreb.com\\\/index.php\\\/author\\\/lamagh\\\/\"}]}<\/script>\n<!-- \/ Yoast SEO plugin. -->","yoast_head_json":{"title":"Pape L\u00e9on XIV visite l'Alg\u00e9rie : les \u00e9v\u00e9nements symboliques du voyage - Mon Maghreb","robots":{"index":"index","follow":"follow","max-snippet":"max-snippet:-1","max-image-preview":"max-image-preview:large","max-video-preview":"max-video-preview:-1"},"canonical":"https:\/\/monmaghreb.com\/index.php\/2026\/03\/12\/pape-leon-xiv-visite-lalgerie-les-evenements-symboliques-du-voyage\/","og_locale":"en_US","og_type":"article","og_title":"Pape L\u00e9on XIV visite l'Alg\u00e9rie : les \u00e9v\u00e9nements symboliques du voyage - Mon Maghreb","og_description":"D\u00e9couvrez les \u00e9v\u00e9nements symboliques du voyage du Pape L\u00e9on XIV en Alg\u00e9rie en 1566.","og_url":"https:\/\/monmaghreb.com\/index.php\/2026\/03\/12\/pape-leon-xiv-visite-lalgerie-les-evenements-symboliques-du-voyage\/","og_site_name":"Mon Maghreb","article_author":"https:\/\/www.facebook.com\/monmaghrebcom","article_published_time":"2026-03-12T04:28:02+00:00","article_modified_time":"2026-03-12T04:28:07+00:00","og_image":[{"width":1280,"height":720,"url":"https:\/\/monmaghreb.com\/wp-content\/uploads\/2026\/03\/featured-62.jpg","type":"image\/jpeg"}],"author":"LaMagh","twitter_card":"summary_large_image","twitter_creator":"@MMaghreb50977","twitter_misc":{"Written by":"LaMagh","Est. reading time":"4 minutes"},"schema":{"@context":"https:\/\/schema.org","@graph":[{"@type":"Article","@id":"https:\/\/monmaghreb.com\/index.php\/2026\/03\/12\/pape-leon-xiv-visite-lalgerie-les-evenements-symboliques-du-voyage\/#article","isPartOf":{"@id":"https:\/\/monmaghreb.com\/index.php\/2026\/03\/12\/pape-leon-xiv-visite-lalgerie-les-evenements-symboliques-du-voyage\/"},"author":{"name":"LaMagh","@id":"http:\/\/monmaghreb.com\/#\/schema\/person\/c469a89dc8c6b8987dcb438b1200d054"},"headline":"Pape L\u00e9on XIV visite l&#8217;Alg\u00e9rie : les \u00e9v\u00e9nements symboliques du voyage","datePublished":"2026-03-12T04:28:02+00:00","dateModified":"2026-03-12T04:28:07+00:00","mainEntityOfPage":{"@id":"https:\/\/monmaghreb.com\/index.php\/2026\/03\/12\/pape-leon-xiv-visite-lalgerie-les-evenements-symboliques-du-voyage\/"},"wordCount":790,"publisher":{"@id":"http:\/\/monmaghreb.com\/#organization"},"image":{"@id":"https:\/\/monmaghreb.com\/index.php\/2026\/03\/12\/pape-leon-xiv-visite-lalgerie-les-evenements-symboliques-du-voyage\/#primaryimage"},"thumbnailUrl":"https:\/\/monmaghreb.com\/wp-content\/uploads\/2026\/03\/featured-62.jpg","keywords":["\"culture tunisienne\"","communion diaspora","histoire Maghreb","pope alg\u00e9rie","religion"],"articleSection":["Histoire &amp; Patrimoine"],"inLanguage":"en-US"},{"@type":"WebPage","@id":"https:\/\/monmaghreb.com\/index.php\/2026\/03\/12\/pape-leon-xiv-visite-lalgerie-les-evenements-symboliques-du-voyage\/","url":"https:\/\/monmaghreb.com\/index.php\/2026\/03\/12\/pape-leon-xiv-visite-lalgerie-les-evenements-symboliques-du-voyage\/","name":"Pape L\u00e9on XIV visite l'Alg\u00e9rie : les \u00e9v\u00e9nements symboliques du voyage - Mon Maghreb","isPartOf":{"@id":"http:\/\/monmaghreb.com\/#website"},"primaryImageOfPage":{"@id":"https:\/\/monmaghreb.com\/index.php\/2026\/03\/12\/pape-leon-xiv-visite-lalgerie-les-evenements-symboliques-du-voyage\/#primaryimage"},"image":{"@id":"https:\/\/monmaghreb.com\/index.php\/2026\/03\/12\/pape-leon-xiv-visite-lalgerie-les-evenements-symboliques-du-voyage\/#primaryimage"},"thumbnailUrl":"https:\/\/monmaghreb.com\/wp-content\/uploads\/2026\/03\/featured-62.jpg","datePublished":"2026-03-12T04:28:02+00:00","dateModified":"2026-03-12T04:28:07+00:00","breadcrumb":{"@id":"https:\/\/monmaghreb.com\/index.php\/2026\/03\/12\/pape-leon-xiv-visite-lalgerie-les-evenements-symboliques-du-voyage\/#breadcrumb"},"inLanguage":"en-US","potentialAction":[{"@type":"ReadAction","target":["https:\/\/monmaghreb.com\/index.php\/2026\/03\/12\/pape-leon-xiv-visite-lalgerie-les-evenements-symboliques-du-voyage\/"]}]},{"@type":"ImageObject","inLanguage":"en-US","@id":"https:\/\/monmaghreb.com\/index.php\/2026\/03\/12\/pape-leon-xiv-visite-lalgerie-les-evenements-symboliques-du-voyage\/#primaryimage","url":"https:\/\/monmaghreb.com\/wp-content\/uploads\/2026\/03\/featured-62.jpg","contentUrl":"https:\/\/monmaghreb.com\/wp-content\/uploads\/2026\/03\/featured-62.jpg","width":1280,"height":720,"caption":"Pape L\u00e9on XIV visite l'Alg\u00e9rie en 1566, r\u00e9union entre croyances chr\u00e9tiennes et musulmanes"},{"@type":"BreadcrumbList","@id":"https:\/\/monmaghreb.com\/index.php\/2026\/03\/12\/pape-leon-xiv-visite-lalgerie-les-evenements-symboliques-du-voyage\/#breadcrumb","itemListElement":[{"@type":"ListItem","position":1,"name":"Home","item":"http:\/\/monmaghreb.com\/"},{"@type":"ListItem","position":2,"name":"Pape L\u00e9on XIV visite l&#8217;Alg\u00e9rie : les \u00e9v\u00e9nements symboliques du voyage"}]},{"@type":"WebSite","@id":"http:\/\/monmaghreb.com\/#website","url":"http:\/\/monmaghreb.com\/","name":"Mon Maghreb","description":"MonMaghreb United","publisher":{"@id":"http:\/\/monmaghreb.com\/#organization"},"alternateName":"Le Monde du Maghreb et au del\u00e0","potentialAction":[{"@type":"SearchAction","target":{"@type":"EntryPoint","urlTemplate":"http:\/\/monmaghreb.com\/?s={search_term_string}"},"query-input":{"@type":"PropertyValueSpecification","valueRequired":true,"valueName":"search_term_string"}}],"inLanguage":"en-US"},{"@type":"Organization","@id":"http:\/\/monmaghreb.com\/#organization","name":"Mon Maghreb","url":"http:\/\/monmaghreb.com\/","logo":{"@type":"ImageObject","inLanguage":"en-US","@id":"http:\/\/monmaghreb.com\/#\/schema\/logo\/image\/","url":"https:\/\/monmaghreb.com\/wp-content\/uploads\/2025\/12\/Mon_Maghreb_Logo.jpg","contentUrl":"https:\/\/monmaghreb.com\/wp-content\/uploads\/2025\/12\/Mon_Maghreb_Logo.jpg","width":814,"height":374,"caption":"Mon Maghreb"},"image":{"@id":"http:\/\/monmaghreb.com\/#\/schema\/logo\/image\/"}},{"@type":"Person","@id":"http:\/\/monmaghreb.com\/#\/schema\/person\/c469a89dc8c6b8987dcb438b1200d054","name":"LaMagh","image":{"@type":"ImageObject","inLanguage":"en-US","@id":"https:\/\/secure.gravatar.com\/avatar\/399d8144bd55fba55e056779aca52fe528bac7911f6449e54d81173d6dfd7f0a?s=96&d=mm&r=g","url":"https:\/\/secure.gravatar.com\/avatar\/399d8144bd55fba55e056779aca52fe528bac7911f6449e54d81173d6dfd7f0a?s=96&d=mm&r=g","contentUrl":"https:\/\/secure.gravatar.com\/avatar\/399d8144bd55fba55e056779aca52fe528bac7911f6449e54d81173d6dfd7f0a?s=96&d=mm&r=g","caption":"LaMagh"},"sameAs":["https:\/\/monmaghreb.com","https:\/\/www.facebook.com\/monmaghrebcom","https:\/\/x.com\/MMaghreb50977"],"url":"https:\/\/monmaghreb.com\/index.php\/author\/lamagh\/"}]}},"_links":{"self":[{"href":"https:\/\/monmaghreb.com\/index.php\/wp-json\/wp\/v2\/posts\/1050","targetHints":{"allow":["GET"]}}],"collection":[{"href":"https:\/\/monmaghreb.com\/index.php\/wp-json\/wp\/v2\/posts"}],"about":[{"href":"https:\/\/monmaghreb.com\/index.php\/wp-json\/wp\/v2\/types\/post"}],"author":[{"embeddable":true,"href":"https:\/\/monmaghreb.com\/index.php\/wp-json\/wp\/v2\/users\/1"}],"replies":[{"embeddable":true,"href":"https:\/\/monmaghreb.com\/index.php\/wp-json\/wp\/v2\/comments?post=1050"}],"version-history":[{"count":1,"href":"https:\/\/monmaghreb.com\/index.php\/wp-json\/wp\/v2\/posts\/1050\/revisions"}],"predecessor-version":[{"id":1051,"href":"https:\/\/monmaghreb.com\/index.php\/wp-json\/wp\/v2\/posts\/1050\/revisions\/1051"}],"wp:featuredmedia":[{"embeddable":true,"href":"https:\/\/monmaghreb.com\/index.php\/wp-json\/wp\/v2\/media\/1049"}],"wp:attachment":[{"href":"https:\/\/monmaghreb.com\/index.php\/wp-json\/wp\/v2\/media?parent=1050"}],"wp:term":[{"taxonomy":"category","embeddable":true,"href":"https:\/\/monmaghreb.com\/index.php\/wp-json\/wp\/v2\/categories?post=1050"},{"taxonomy":"post_tag","embeddable":true,"href":"https:\/\/monmaghreb.com\/index.php\/wp-json\/wp\/v2\/tags?post=1050"}],"curies":[{"name":"wp","href":"https:\/\/api.w.org\/{rel}","templated":true}]}}