{"id":1065,"date":"2026-03-12T12:29:09","date_gmt":"2026-03-12T12:29:09","guid":{"rendered":"https:\/\/monmaghreb.com\/index.php\/2026\/03\/12\/ramadan-2026-la-date-de-laid-el-fitr-et-la-fin-du-jeune-revelee-par-la-grande-mosquee-de-paris\/"},"modified":"2026-03-18T21:34:19","modified_gmt":"2026-03-18T21:34:19","slug":"ramadan-2026-la-date-de-laid-el-fitr-et-la-fin-du-jeune-revelee-par-la-grande-mosquee-de-paris","status":"publish","type":"post","link":"https:\/\/monmaghreb.com\/index.php\/2026\/03\/12\/ramadan-2026-la-date-de-laid-el-fitr-et-la-fin-du-jeune-revelee-par-la-grande-mosquee-de-paris\/","title":{"rendered":"Ramadan 2026 : La date de l&#8217;A\u00efd el Fitr et la fin du je\u00fbne r\u00e9v\u00e9l\u00e9e par la Grande Mosqu\u00e9e de Paris"},"content":{"rendered":"<p><br \/><br \/><br \/><br \/><br \/><\/p>\n<h1>Ramadan 2026 : La date de l&#8217;A\u00efd el Fitr et la fin du je\u00fbne r\u00e9v\u00e9l\u00e9e par la Grande Mosqu\u00e9e de Paris<\/h1>\n<p><script type=\"application\/ld+json\"><br \/>\n{<br \/>\n  \"@context\": \"https:\/\/schema.org\/\",<br \/>\n  \"@type\": \"Recipe\",<br \/>\n  \"name\": \"<a href=\"https:\/\/monmaghreb.com\/index.php\/2026\/03\/10\/shawwal-les-6-jours-de-jeune-apres-le-ramadan-guide-complet\/\" title=\"Shawwal : les 6 jours de je\u00fbne apr\u00e8s le Ramadan &#8211; Guide complet\">Ramadan<\/a> 2026 : La date de l'A\u00efd el Fitr et la fin du je\u00fbne r\u00e9v\u00e9l\u00e9e par la Grande Mosqu\u00e9e de Paris\",<br \/>\n  \"description\": \"\",<br \/>\n  \"prepTime\": \"PT30M\",<br \/>\n  \"cookTime\": \"PT30M\",<br \/>\n  \"totalTime\": \"PT30M\",<br \/>\n  \"recipeYield\": \"4 servings\",<br \/>\n  \"recipeIngredient\": [],<br \/>\n  \"recipeInstructions\": [],<br \/>\n  \"recipeCategory\": \"Main Course\",<br \/>\n  \"recipeCuisine\": \"Maghrebi\",<br \/>\n  \"keywords\": \"\",<br \/>\n  \"datePublished\": \"2026-03-12\",<br \/>\n  \"author\": {<br \/>\n    \"@type\": \"Organization\",<br \/>\n    \"name\": \"\"<br \/>\n  }<br \/>\n}<br \/>\n<\/script><\/p>\n<p>Bienvenue, chers lecteurs maghr\u00e9bins de la diaspora. Pour ce Ramadan 2026, nous sommes ravis de vous offrir des informations pr\u00e9cieuses sur les \u00e9v\u00e9nements importants li\u00e9s \u00e0 cette p\u00e9riode sacr\u00e9e.<\/p>\n<p>En effet, Ramadan est un mois qui t\u00e9moigne du d\u00e9vouement et de la pi\u00e9t\u00e9 des musulmans dans le monde entier. Pour cette ann\u00e9e, il nous apporte de bonnes nouvelles en mati\u00e8re de dates significatives. Nous allons vous r\u00e9v\u00e9ler les secrets de ce mois saint et vous guider pour pr\u00e9parer au mieux pour l&#8217;A\u00efd el Fitr.<\/p>\n<h2>Quand commencera le mois de Ramadan 2026 ?<\/h2>\n<p>En fonction des observations astronomiques traditionnelles effectu\u00e9es par la Grande Mosqu\u00e9e de Paris, nous pouvons vous annoncer que le premier jour du mois de Ramadan pour l&#8217;ann\u00e9e 2026 commencera le 17 F\u00e9vrier C&#8217;est une date provisoire qui peut varier l\u00e9g\u00e8rement en fonction des observations pr\u00e9cises de la lune.<\/p>\n<p>Il est important de noter que le mois lunaire de Ramadan durera 30 jours jusquau 20 Mars 2026, sauf modifications ult\u00e9rieures. Les musulmans observateurs commenceront \u00e0 je\u00fbner d\u00e8s le lever du soleil le 17 F\u00e9vrier il et cesseront le\u00a0 jeun\u00a0 le soir de la date pr\u00e9c\u00e9dente de l&#8217;A\u00efd el Fitr.<\/p>\n<ul>\n<li>Les musulmans observateurs doivent consulter les d\u00e9clarations officielles de la Grande Mosqu\u00e9e de Paris pour des informations plus d\u00e9taill\u00e9es et pr\u00e9cises sur la date du premier jour de Ramadan 2026.<\/li>\n<li>Pour comprendre mieux l&#8217;importance de cette date, il est int\u00e9ressant de noter que le mois de Ramadan est une p\u00e9riode o\u00f9 les musulmans se sentent plus proches de Dieu en pratiquant le je\u00fbne et la pri\u00e8re durant la nuit.<\/li>\n<\/ul>\n<h2>Quand se f\u00eatera l&#8217;A\u00efd el Fitr en 2026 ?<\/h2>\n<p>En fonction des observations astronomiques, nous pouvons vous annoncer que le dernier jour du mois de Ramadan pour l&#8217;ann\u00e9e 2026 tombera le 177 Mars C&#8217;est \u00e9galement une date provisoire qui peut varier l\u00e9g\u00e8rement en fonction des observations pr\u00e9cises de la lune.<\/p>\n<p>Il est important de noter que les c\u00e9l\u00e9brations de l&#8217;A\u00efd el Fitr d\u00e9buteront le 19 apr\u00e8s le couch\u00e9 du soleil. Le jour suivant, le 20 Mars sera c\u00e9l\u00e9br\u00e9 comme un jour de f\u00eate et de repos pour les musulmans, marquant ainsi officiellement la fin du mois de Ramadan.merci\u00a0<\/p>\n<ul>\n<li>Il est important de consulter les d\u00e9clarations officielles de la Grande Mosqu\u00e9e de Paris pour des informations plus d\u00e9taill\u00e9es et pr\u00e9cises sur la date de l&#8217;A\u00efd el Fitr 2026.<\/li>\n<li>Pour c\u00e9l\u00e9brer ce jour sp\u00e9cial, il est recommand\u00e9 de pr\u00e9parer soigneusement les aliments traditionnels et les pr\u00e9sents pour partager avec sa famille et ses amis.<\/li>\n<\/ul>\n<h2>La signification de Ramadan et de l&#8217;A\u00efd el Fitr<\/h2>\n<p>Ramadan est un mois saint pour les musulmans, caract\u00e9ris\u00e9 par la pratique du je\u00fbne pendant le jour et de la pri\u00e8re durant la nuit. Le but du je\u00fbne consiste \u00e0 purifier le corps et l&#8217;esprit, \u00e0 se rappeler de la mis\u00e9ricorde divine et \u00e0 manifester sa d\u00e9votion envers Dieu.<\/p>\n<ul>\n<li>L&#8217;A\u00efd el Fitr est la c\u00e9l\u00e9bration qui marque la fin du je\u00fbne et le retour des b\u00e9n\u00e9dictions divines pour les musulmans. C&#8217;est l&#8217;occasion de renouveler la fraternit\u00e9 entre les membres de la communaut\u00e9, ainsi que d&#8217;exalter sa joie envers Dieu.<\/li>\n<li>Pour mieux comprendre la signification de Ramadan et de l&#8217;A\u00efd el Fitr, il est important de se rappeler que ces c\u00e9l\u00e9brations sont des occasions pour approfondir nos connaissances sur notre religion et renforcer notre communaut\u00e9.<\/li>\n<\/ul>\n<h2>Comment pr\u00e9parer pour Ramadan 2026 ?<\/h2>\n<p>Pour profiter pleinement du mois sacr\u00e9 de Ramadan, il est important d&#8217;y apporter un esprit d\u00e9vot et de se pr\u00e9parer mentalement. Il est recommand\u00e9 de r\u00e9fl\u00e9chir sur les raisons pour lesquelles nous je\u00fbnons et sur la signification qu&#8217;il a dans notre vie spirituelle.<\/p>\n<ul>\n<li>En plus du je\u00fbne, il est important d&#8217;augmenter sa pri\u00e8re et son d\u00e9vouement envers Dieu pendant le mois de Ramadan. C&#8217;est l&#8217;occasion pour les musulmans de se rapprocher de leur cr\u00e9ateur et de se purifier.<\/li>\n<li>Il est \u00e9galement important de se pr\u00e9parer mat\u00e9riellement pour les c\u00e9l\u00e9brati8ons de l&#8217;A\u00efd el Fitr, en rassemblant des pr\u00e9sents et des aliments traditionnels. C&#8217;est une mani\u00e8re pour les musulmans de partager leur joie avec leurs proches.<\/li>\n<\/ul>\n<h2>Nous vous souhaitons un bon voyage spirituel pendant Ramadan 2026 !<\/h2>\n<p>En cette ann\u00e9e 2026, nous pouvons tous partager l&#8217;exp\u00e9rience du mois de Ramadan et c\u00e9l\u00e9brer avec enthousiasme la fin du je\u00fbne. Nous esp\u00e9rons que ces informations seront utiles pour vous aider \u00e0 pr\u00e9parer au mieux pour cette occasion sacr\u00e9e.<\/p>\n<p>Nous sommes ravis de partager ce moment sp\u00e9cial avec vous et nous vous souhaitons un bon voyage spirituel pendant Ramadan 2026 !<\/p>\n<div style=\"background: #f8f9fa; border-left: 4px solid #0066cc; border-radius: 6px; padding: 20px 24px; margin: 32px 0;\">\n<p style=\"font-size: 13px; color: #888; text-transform: uppercase; letter-spacing: 0.8px; margin: 0 0 6px 0;\">Vous pourriez aussi aimer<\/p>\n<h3 style=\"font-size: 18px; margin: 0 0 14px 0; color: #222;\">Articles similaires<\/h3>\n<ul style=\"margin: 0; padding-left: 20px; list-style: disc;\">\n<li style=\"margin-bottom: 10px;\"><a style=\"color: #0066cc; text-decoration: none; font-weight: 500;\" title=\"Shawwal : les 6 jours de je\u00fbne apr\u00e8s le Ramadan \u2013 Guide complet\" href=\"https:\/\/monmaghreb.com\/index.php\/2026\/03\/10\/shawwal-les-6-jours-de-jeune-apres-le-ramadan-guide-complet\/\">Shawwal : les 6 jours de je\u00fbne apr\u00e8s le Ramadan \u2013 Guide complet<\/a><\/li>\n<li style=\"margin-bottom: 10px;\"><a style=\"color: #0066cc; text-decoration: none; font-weight: 500;\" title=\"Que faire pendant l\u2019A\u00efd el-Fitr en France : activit\u00e9s et sorties\" href=\"https:\/\/monmaghreb.com\/index.php\/2026\/03\/11\/que-faire-pendant-laid-el-fitr-en-france-activites-et-sorties\/\">Que faire pendant l\u2019A\u00efd el-Fitr en France : activit\u00e9s et sorties<\/a><\/li>\n<li style=\"margin-bottom: 10px;\"><a style=\"color: #0066cc; text-decoration: none; font-weight: 500;\" title=\"Makroud : les g\u00e2teaux de semoule aux dattes pour le Ramadan\" href=\"https:\/\/monmaghreb.com\/index.php\/2026\/03\/10\/makroud-les-gateaux-de-semoule-aux-dattes-pour-le-ramadan\/\">Makroud : les g\u00e2teaux de semoule aux dattes pour le Ramadan<\/a><\/li>\n<li style=\"margin-bottom: 10px;\"><a style=\"color: #0066cc; text-decoration: none; font-weight: 500;\" title=\"Les meilleures sourates \u00e0 r\u00e9citer pendant les derni\u00e8res nuits du Ramadan\" href=\"https:\/\/monmaghreb.com\/index.php\/2026\/03\/10\/les-meilleures-sourates-a-reciter-pendant-les-dernieres-nuits-du-ramadan\/\">Les meilleures sourates \u00e0 r\u00e9citer pendant les derni\u00e8res nuits du Ramadan<\/a><\/li>\n<li style=\"margin-bottom: 10px;\"><a style=\"color: #0066cc; text-decoration: none; font-weight: 500;\" title=\"5 recettes de g\u00e2teaux et p\u00e2tisseries pour l\u2019A\u00efd el-Fitr : les d\u00e9lices traditionnels des communaut\u00e9s alg\u00e9rienne, tunisienne et marocaine\" href=\"https:\/\/monmaghreb.com\/index.php\/2026\/03\/11\/5-recettes-de-gateaux-et-patisseries-pour-laid-el-fitr-les-delices-traditionnels-des-communautes-algerienne-tunisienne-et-marocaine\/\">5 recettes de g\u00e2teaux et p\u00e2tisseries pour l\u2019A\u00efd el-Fitr : les d\u00e9lices traditionnels des communaut\u00e9s alg\u00e9rienne, tunisienne et marocaine<\/a><\/li>\n<\/ul>\n<\/div>\n<p>\u00a0<\/p>\n\n\n<p><\/p>\n","protected":false},"excerpt":{"rendered":"<p>Ramadan 2026 : La date de l&#8217;A\u00efd el Fitr et la fin du je\u00fbne r\u00e9v\u00e9l\u00e9e par la Grande Mosqu\u00e9e de Paris<\/p>\n","protected":false},"author":1,"featured_media":1064,"comment_status":"closed","ping_status":"open","sticky":false,"template":"","format":"standard","meta":{"_yoast_wpseo_focuskw":"","_yoast_wpseo_title":"","_yoast_wpseo_metadesc":"","_yoast_wpseo_canonical":"","_yoast_wpseo_opengraph-title":"","_yoast_wpseo_opengraph-description":"","_yoast_wpseo_opengraph-image":"","tdm_status":"","tdm_grid_status":"","footnotes":""},"categories":[651],"tags":[],"class_list":["post-1065","post","type-post","status-publish","format-standard","has-post-thumbnail","hentry","category-ramadan-iftar"],"yoast_head":"<!-- This site is optimized with the Yoast SEO plugin v27.4 - https:\/\/yoast.com\/product\/yoast-seo-wordpress\/ -->\n<title>Ramadan 2026 : La date de l&#039;A\u00efd el Fitr et la fin du je\u00fbne r\u00e9v\u00e9l\u00e9e par la Grande Mosqu\u00e9e de Paris - Mon Maghreb<\/title>\n<meta name=\"robots\" content=\"index, follow, max-snippet:-1, max-image-preview:large, max-video-preview:-1\" \/>\n<link rel=\"canonical\" href=\"https:\/\/monmaghreb.com\/index.php\/2026\/03\/12\/ramadan-2026-la-date-de-laid-el-fitr-et-la-fin-du-jeune-revelee-par-la-grande-mosquee-de-paris\/\" \/>\n<meta property=\"og:locale\" content=\"en_US\" \/>\n<meta property=\"og:type\" content=\"article\" \/>\n<meta property=\"og:title\" content=\"Ramadan 2026 : La date de l&#039;A\u00efd el Fitr et la fin du je\u00fbne r\u00e9v\u00e9l\u00e9e par la Grande Mosqu\u00e9e de Paris - Mon Maghreb\" \/>\n<meta property=\"og:description\" content=\"Ramadan 2026 : La date de l&#039;A\u00efd el Fitr et la fin du je\u00fbne r\u00e9v\u00e9l\u00e9e par la Grande Mosqu\u00e9e de Paris\" \/>\n<meta property=\"og:url\" content=\"https:\/\/monmaghreb.com\/index.php\/2026\/03\/12\/ramadan-2026-la-date-de-laid-el-fitr-et-la-fin-du-jeune-revelee-par-la-grande-mosquee-de-paris\/\" \/>\n<meta property=\"og:site_name\" content=\"Mon Maghreb\" \/>\n<meta property=\"article:author\" content=\"https:\/\/www.facebook.com\/monmaghrebcom\" \/>\n<meta property=\"article:published_time\" content=\"2026-03-12T12:29:09+00:00\" \/>\n<meta property=\"article:modified_time\" content=\"2026-03-18T21:34:19+00:00\" \/>\n<meta property=\"og:image\" content=\"http:\/\/monmaghreb.com\/wp-content\/uploads\/2026\/03\/featured-67.jpg\" \/>\n\t<meta property=\"og:image:width\" content=\"1880\" \/>\n\t<meta property=\"og:image:height\" content=\"1253\" \/>\n\t<meta property=\"og:image:type\" content=\"image\/jpeg\" \/>\n<meta name=\"author\" content=\"LaMagh\" \/>\n<meta name=\"twitter:card\" content=\"summary_large_image\" \/>\n<meta name=\"twitter:creator\" content=\"@MMaghreb50977\" \/>\n<meta name=\"twitter:label1\" content=\"Written by\" \/>\n\t<meta name=\"twitter:data1\" content=\"LaMagh\" \/>\n\t<meta name=\"twitter:label2\" content=\"Est. reading time\" \/>\n\t<meta name=\"twitter:data2\" content=\"4 minutes\" \/>\n<script type=\"application\/ld+json\" class=\"yoast-schema-graph\">{\"@context\":\"https:\\\/\\\/schema.org\",\"@graph\":[{\"@type\":\"Article\",\"@id\":\"https:\\\/\\\/monmaghreb.com\\\/index.php\\\/2026\\\/03\\\/12\\\/ramadan-2026-la-date-de-laid-el-fitr-et-la-fin-du-jeune-revelee-par-la-grande-mosquee-de-paris\\\/#article\",\"isPartOf\":{\"@id\":\"https:\\\/\\\/monmaghreb.com\\\/index.php\\\/2026\\\/03\\\/12\\\/ramadan-2026-la-date-de-laid-el-fitr-et-la-fin-du-jeune-revelee-par-la-grande-mosquee-de-paris\\\/\"},\"author\":{\"name\":\"LaMagh\",\"@id\":\"http:\\\/\\\/monmaghreb.com\\\/#\\\/schema\\\/person\\\/c469a89dc8c6b8987dcb438b1200d054\"},\"headline\":\"Ramadan 2026 : La date de l&#8217;A\u00efd el Fitr et la fin du je\u00fbne r\u00e9v\u00e9l\u00e9e par la Grande Mosqu\u00e9e de Paris\",\"datePublished\":\"2026-03-12T12:29:09+00:00\",\"dateModified\":\"2026-03-18T21:34:19+00:00\",\"mainEntityOfPage\":{\"@id\":\"https:\\\/\\\/monmaghreb.com\\\/index.php\\\/2026\\\/03\\\/12\\\/ramadan-2026-la-date-de-laid-el-fitr-et-la-fin-du-jeune-revelee-par-la-grande-mosquee-de-paris\\\/\"},\"wordCount\":968,\"publisher\":{\"@id\":\"http:\\\/\\\/monmaghreb.com\\\/#organization\"},\"image\":{\"@id\":\"https:\\\/\\\/monmaghreb.com\\\/index.php\\\/2026\\\/03\\\/12\\\/ramadan-2026-la-date-de-laid-el-fitr-et-la-fin-du-jeune-revelee-par-la-grande-mosquee-de-paris\\\/#primaryimage\"},\"thumbnailUrl\":\"https:\\\/\\\/monmaghreb.com\\\/wp-content\\\/uploads\\\/2026\\\/03\\\/featured-67.jpg\",\"articleSection\":[\"Ramadan &amp; Iftar\"],\"inLanguage\":\"en-US\"},{\"@type\":\"WebPage\",\"@id\":\"https:\\\/\\\/monmaghreb.com\\\/index.php\\\/2026\\\/03\\\/12\\\/ramadan-2026-la-date-de-laid-el-fitr-et-la-fin-du-jeune-revelee-par-la-grande-mosquee-de-paris\\\/\",\"url\":\"https:\\\/\\\/monmaghreb.com\\\/index.php\\\/2026\\\/03\\\/12\\\/ramadan-2026-la-date-de-laid-el-fitr-et-la-fin-du-jeune-revelee-par-la-grande-mosquee-de-paris\\\/\",\"name\":\"Ramadan 2026 : La date de l'A\u00efd el Fitr et la fin du je\u00fbne r\u00e9v\u00e9l\u00e9e par la Grande Mosqu\u00e9e de Paris - Mon Maghreb\",\"isPartOf\":{\"@id\":\"http:\\\/\\\/monmaghreb.com\\\/#website\"},\"primaryImageOfPage\":{\"@id\":\"https:\\\/\\\/monmaghreb.com\\\/index.php\\\/2026\\\/03\\\/12\\\/ramadan-2026-la-date-de-laid-el-fitr-et-la-fin-du-jeune-revelee-par-la-grande-mosquee-de-paris\\\/#primaryimage\"},\"image\":{\"@id\":\"https:\\\/\\\/monmaghreb.com\\\/index.php\\\/2026\\\/03\\\/12\\\/ramadan-2026-la-date-de-laid-el-fitr-et-la-fin-du-jeune-revelee-par-la-grande-mosquee-de-paris\\\/#primaryimage\"},\"thumbnailUrl\":\"https:\\\/\\\/monmaghreb.com\\\/wp-content\\\/uploads\\\/2026\\\/03\\\/featured-67.jpg\",\"datePublished\":\"2026-03-12T12:29:09+00:00\",\"dateModified\":\"2026-03-18T21:34:19+00:00\",\"breadcrumb\":{\"@id\":\"https:\\\/\\\/monmaghreb.com\\\/index.php\\\/2026\\\/03\\\/12\\\/ramadan-2026-la-date-de-laid-el-fitr-et-la-fin-du-jeune-revelee-par-la-grande-mosquee-de-paris\\\/#breadcrumb\"},\"inLanguage\":\"en-US\",\"potentialAction\":[{\"@type\":\"ReadAction\",\"target\":[\"https:\\\/\\\/monmaghreb.com\\\/index.php\\\/2026\\\/03\\\/12\\\/ramadan-2026-la-date-de-laid-el-fitr-et-la-fin-du-jeune-revelee-par-la-grande-mosquee-de-paris\\\/\"]}]},{\"@type\":\"ImageObject\",\"inLanguage\":\"en-US\",\"@id\":\"https:\\\/\\\/monmaghreb.com\\\/index.php\\\/2026\\\/03\\\/12\\\/ramadan-2026-la-date-de-laid-el-fitr-et-la-fin-du-jeune-revelee-par-la-grande-mosquee-de-paris\\\/#primaryimage\",\"url\":\"https:\\\/\\\/monmaghreb.com\\\/wp-content\\\/uploads\\\/2026\\\/03\\\/featured-67.jpg\",\"contentUrl\":\"https:\\\/\\\/monmaghreb.com\\\/wp-content\\\/uploads\\\/2026\\\/03\\\/featured-67.jpg\",\"width\":1880,\"height\":1253,\"caption\":\"ramadan 2026 date la\u00efd featured image\"},{\"@type\":\"BreadcrumbList\",\"@id\":\"https:\\\/\\\/monmaghreb.com\\\/index.php\\\/2026\\\/03\\\/12\\\/ramadan-2026-la-date-de-laid-el-fitr-et-la-fin-du-jeune-revelee-par-la-grande-mosquee-de-paris\\\/#breadcrumb\",\"itemListElement\":[{\"@type\":\"ListItem\",\"position\":1,\"name\":\"Home\",\"item\":\"http:\\\/\\\/monmaghreb.com\\\/\"},{\"@type\":\"ListItem\",\"position\":2,\"name\":\"Ramadan 2026 : La date de l&#8217;A\u00efd el Fitr et la fin du je\u00fbne r\u00e9v\u00e9l\u00e9e par la Grande Mosqu\u00e9e de Paris\"}]},{\"@type\":\"WebSite\",\"@id\":\"http:\\\/\\\/monmaghreb.com\\\/#website\",\"url\":\"http:\\\/\\\/monmaghreb.com\\\/\",\"name\":\"Mon Maghreb\",\"description\":\"MonMaghreb United\",\"publisher\":{\"@id\":\"http:\\\/\\\/monmaghreb.com\\\/#organization\"},\"alternateName\":\"Le Monde du Maghreb et au del\u00e0\",\"potentialAction\":[{\"@type\":\"SearchAction\",\"target\":{\"@type\":\"EntryPoint\",\"urlTemplate\":\"http:\\\/\\\/monmaghreb.com\\\/?s={search_term_string}\"},\"query-input\":{\"@type\":\"PropertyValueSpecification\",\"valueRequired\":true,\"valueName\":\"search_term_string\"}}],\"inLanguage\":\"en-US\"},{\"@type\":\"Organization\",\"@id\":\"http:\\\/\\\/monmaghreb.com\\\/#organization\",\"name\":\"Mon Maghreb\",\"url\":\"http:\\\/\\\/monmaghreb.com\\\/\",\"logo\":{\"@type\":\"ImageObject\",\"inLanguage\":\"en-US\",\"@id\":\"http:\\\/\\\/monmaghreb.com\\\/#\\\/schema\\\/logo\\\/image\\\/\",\"url\":\"https:\\\/\\\/monmaghreb.com\\\/wp-content\\\/uploads\\\/2025\\\/12\\\/Mon_Maghreb_Logo.jpg\",\"contentUrl\":\"https:\\\/\\\/monmaghreb.com\\\/wp-content\\\/uploads\\\/2025\\\/12\\\/Mon_Maghreb_Logo.jpg\",\"width\":814,\"height\":374,\"caption\":\"Mon Maghreb\"},\"image\":{\"@id\":\"http:\\\/\\\/monmaghreb.com\\\/#\\\/schema\\\/logo\\\/image\\\/\"}},{\"@type\":\"Person\",\"@id\":\"http:\\\/\\\/monmaghreb.com\\\/#\\\/schema\\\/person\\\/c469a89dc8c6b8987dcb438b1200d054\",\"name\":\"LaMagh\",\"image\":{\"@type\":\"ImageObject\",\"inLanguage\":\"en-US\",\"@id\":\"https:\\\/\\\/secure.gravatar.com\\\/avatar\\\/399d8144bd55fba55e056779aca52fe528bac7911f6449e54d81173d6dfd7f0a?s=96&d=mm&r=g\",\"url\":\"https:\\\/\\\/secure.gravatar.com\\\/avatar\\\/399d8144bd55fba55e056779aca52fe528bac7911f6449e54d81173d6dfd7f0a?s=96&d=mm&r=g\",\"contentUrl\":\"https:\\\/\\\/secure.gravatar.com\\\/avatar\\\/399d8144bd55fba55e056779aca52fe528bac7911f6449e54d81173d6dfd7f0a?s=96&d=mm&r=g\",\"caption\":\"LaMagh\"},\"sameAs\":[\"https:\\\/\\\/monmaghreb.com\",\"https:\\\/\\\/www.facebook.com\\\/monmaghrebcom\",\"https:\\\/\\\/x.com\\\/MMaghreb50977\"],\"url\":\"https:\\\/\\\/monmaghreb.com\\\/index.php\\\/author\\\/lamagh\\\/\"}]}<\/script>\n<!-- \/ Yoast SEO plugin. -->","yoast_head_json":{"title":"Ramadan 2026 : La date de l'A\u00efd el Fitr et la fin du je\u00fbne r\u00e9v\u00e9l\u00e9e par la Grande Mosqu\u00e9e de Paris - Mon Maghreb","robots":{"index":"index","follow":"follow","max-snippet":"max-snippet:-1","max-image-preview":"max-image-preview:large","max-video-preview":"max-video-preview:-1"},"canonical":"https:\/\/monmaghreb.com\/index.php\/2026\/03\/12\/ramadan-2026-la-date-de-laid-el-fitr-et-la-fin-du-jeune-revelee-par-la-grande-mosquee-de-paris\/","og_locale":"en_US","og_type":"article","og_title":"Ramadan 2026 : La date de l'A\u00efd el Fitr et la fin du je\u00fbne r\u00e9v\u00e9l\u00e9e par la Grande Mosqu\u00e9e de Paris - Mon Maghreb","og_description":"Ramadan 2026 : La date de l'A\u00efd el Fitr et la fin du je\u00fbne r\u00e9v\u00e9l\u00e9e par la Grande Mosqu\u00e9e de Paris","og_url":"https:\/\/monmaghreb.com\/index.php\/2026\/03\/12\/ramadan-2026-la-date-de-laid-el-fitr-et-la-fin-du-jeune-revelee-par-la-grande-mosquee-de-paris\/","og_site_name":"Mon Maghreb","article_author":"https:\/\/www.facebook.com\/monmaghrebcom","article_published_time":"2026-03-12T12:29:09+00:00","article_modified_time":"2026-03-18T21:34:19+00:00","og_image":[{"width":1880,"height":1253,"url":"http:\/\/monmaghreb.com\/wp-content\/uploads\/2026\/03\/featured-67.jpg","type":"image\/jpeg"}],"author":"LaMagh","twitter_card":"summary_large_image","twitter_creator":"@MMaghreb50977","twitter_misc":{"Written by":"LaMagh","Est. reading time":"4 minutes"},"schema":{"@context":"https:\/\/schema.org","@graph":[{"@type":"Article","@id":"https:\/\/monmaghreb.com\/index.php\/2026\/03\/12\/ramadan-2026-la-date-de-laid-el-fitr-et-la-fin-du-jeune-revelee-par-la-grande-mosquee-de-paris\/#article","isPartOf":{"@id":"https:\/\/monmaghreb.com\/index.php\/2026\/03\/12\/ramadan-2026-la-date-de-laid-el-fitr-et-la-fin-du-jeune-revelee-par-la-grande-mosquee-de-paris\/"},"author":{"name":"LaMagh","@id":"http:\/\/monmaghreb.com\/#\/schema\/person\/c469a89dc8c6b8987dcb438b1200d054"},"headline":"Ramadan 2026 : La date de l&#8217;A\u00efd el Fitr et la fin du je\u00fbne r\u00e9v\u00e9l\u00e9e par la Grande Mosqu\u00e9e de Paris","datePublished":"2026-03-12T12:29:09+00:00","dateModified":"2026-03-18T21:34:19+00:00","mainEntityOfPage":{"@id":"https:\/\/monmaghreb.com\/index.php\/2026\/03\/12\/ramadan-2026-la-date-de-laid-el-fitr-et-la-fin-du-jeune-revelee-par-la-grande-mosquee-de-paris\/"},"wordCount":968,"publisher":{"@id":"http:\/\/monmaghreb.com\/#organization"},"image":{"@id":"https:\/\/monmaghreb.com\/index.php\/2026\/03\/12\/ramadan-2026-la-date-de-laid-el-fitr-et-la-fin-du-jeune-revelee-par-la-grande-mosquee-de-paris\/#primaryimage"},"thumbnailUrl":"https:\/\/monmaghreb.com\/wp-content\/uploads\/2026\/03\/featured-67.jpg","articleSection":["Ramadan &amp; Iftar"],"inLanguage":"en-US"},{"@type":"WebPage","@id":"https:\/\/monmaghreb.com\/index.php\/2026\/03\/12\/ramadan-2026-la-date-de-laid-el-fitr-et-la-fin-du-jeune-revelee-par-la-grande-mosquee-de-paris\/","url":"https:\/\/monmaghreb.com\/index.php\/2026\/03\/12\/ramadan-2026-la-date-de-laid-el-fitr-et-la-fin-du-jeune-revelee-par-la-grande-mosquee-de-paris\/","name":"Ramadan 2026 : La date de l'A\u00efd el Fitr et la fin du je\u00fbne r\u00e9v\u00e9l\u00e9e par la Grande Mosqu\u00e9e de Paris - Mon Maghreb","isPartOf":{"@id":"http:\/\/monmaghreb.com\/#website"},"primaryImageOfPage":{"@id":"https:\/\/monmaghreb.com\/index.php\/2026\/03\/12\/ramadan-2026-la-date-de-laid-el-fitr-et-la-fin-du-jeune-revelee-par-la-grande-mosquee-de-paris\/#primaryimage"},"image":{"@id":"https:\/\/monmaghreb.com\/index.php\/2026\/03\/12\/ramadan-2026-la-date-de-laid-el-fitr-et-la-fin-du-jeune-revelee-par-la-grande-mosquee-de-paris\/#primaryimage"},"thumbnailUrl":"https:\/\/monmaghreb.com\/wp-content\/uploads\/2026\/03\/featured-67.jpg","datePublished":"2026-03-12T12:29:09+00:00","dateModified":"2026-03-18T21:34:19+00:00","breadcrumb":{"@id":"https:\/\/monmaghreb.com\/index.php\/2026\/03\/12\/ramadan-2026-la-date-de-laid-el-fitr-et-la-fin-du-jeune-revelee-par-la-grande-mosquee-de-paris\/#breadcrumb"},"inLanguage":"en-US","potentialAction":[{"@type":"ReadAction","target":["https:\/\/monmaghreb.com\/index.php\/2026\/03\/12\/ramadan-2026-la-date-de-laid-el-fitr-et-la-fin-du-jeune-revelee-par-la-grande-mosquee-de-paris\/"]}]},{"@type":"ImageObject","inLanguage":"en-US","@id":"https:\/\/monmaghreb.com\/index.php\/2026\/03\/12\/ramadan-2026-la-date-de-laid-el-fitr-et-la-fin-du-jeune-revelee-par-la-grande-mosquee-de-paris\/#primaryimage","url":"https:\/\/monmaghreb.com\/wp-content\/uploads\/2026\/03\/featured-67.jpg","contentUrl":"https:\/\/monmaghreb.com\/wp-content\/uploads\/2026\/03\/featured-67.jpg","width":1880,"height":1253,"caption":"ramadan 2026 date la\u00efd featured image"},{"@type":"BreadcrumbList","@id":"https:\/\/monmaghreb.com\/index.php\/2026\/03\/12\/ramadan-2026-la-date-de-laid-el-fitr-et-la-fin-du-jeune-revelee-par-la-grande-mosquee-de-paris\/#breadcrumb","itemListElement":[{"@type":"ListItem","position":1,"name":"Home","item":"http:\/\/monmaghreb.com\/"},{"@type":"ListItem","position":2,"name":"Ramadan 2026 : La date de l&#8217;A\u00efd el Fitr et la fin du je\u00fbne r\u00e9v\u00e9l\u00e9e par la Grande Mosqu\u00e9e de Paris"}]},{"@type":"WebSite","@id":"http:\/\/monmaghreb.com\/#website","url":"http:\/\/monmaghreb.com\/","name":"Mon Maghreb","description":"MonMaghreb United","publisher":{"@id":"http:\/\/monmaghreb.com\/#organization"},"alternateName":"Le Monde du Maghreb et au del\u00e0","potentialAction":[{"@type":"SearchAction","target":{"@type":"EntryPoint","urlTemplate":"http:\/\/monmaghreb.com\/?s={search_term_string}"},"query-input":{"@type":"PropertyValueSpecification","valueRequired":true,"valueName":"search_term_string"}}],"inLanguage":"en-US"},{"@type":"Organization","@id":"http:\/\/monmaghreb.com\/#organization","name":"Mon Maghreb","url":"http:\/\/monmaghreb.com\/","logo":{"@type":"ImageObject","inLanguage":"en-US","@id":"http:\/\/monmaghreb.com\/#\/schema\/logo\/image\/","url":"https:\/\/monmaghreb.com\/wp-content\/uploads\/2025\/12\/Mon_Maghreb_Logo.jpg","contentUrl":"https:\/\/monmaghreb.com\/wp-content\/uploads\/2025\/12\/Mon_Maghreb_Logo.jpg","width":814,"height":374,"caption":"Mon Maghreb"},"image":{"@id":"http:\/\/monmaghreb.com\/#\/schema\/logo\/image\/"}},{"@type":"Person","@id":"http:\/\/monmaghreb.com\/#\/schema\/person\/c469a89dc8c6b8987dcb438b1200d054","name":"LaMagh","image":{"@type":"ImageObject","inLanguage":"en-US","@id":"https:\/\/secure.gravatar.com\/avatar\/399d8144bd55fba55e056779aca52fe528bac7911f6449e54d81173d6dfd7f0a?s=96&d=mm&r=g","url":"https:\/\/secure.gravatar.com\/avatar\/399d8144bd55fba55e056779aca52fe528bac7911f6449e54d81173d6dfd7f0a?s=96&d=mm&r=g","contentUrl":"https:\/\/secure.gravatar.com\/avatar\/399d8144bd55fba55e056779aca52fe528bac7911f6449e54d81173d6dfd7f0a?s=96&d=mm&r=g","caption":"LaMagh"},"sameAs":["https:\/\/monmaghreb.com","https:\/\/www.facebook.com\/monmaghrebcom","https:\/\/x.com\/MMaghreb50977"],"url":"https:\/\/monmaghreb.com\/index.php\/author\/lamagh\/"}]}},"_links":{"self":[{"href":"https:\/\/monmaghreb.com\/index.php\/wp-json\/wp\/v2\/posts\/1065","targetHints":{"allow":["GET"]}}],"collection":[{"href":"https:\/\/monmaghreb.com\/index.php\/wp-json\/wp\/v2\/posts"}],"about":[{"href":"https:\/\/monmaghreb.com\/index.php\/wp-json\/wp\/v2\/types\/post"}],"author":[{"embeddable":true,"href":"https:\/\/monmaghreb.com\/index.php\/wp-json\/wp\/v2\/users\/1"}],"replies":[{"embeddable":true,"href":"https:\/\/monmaghreb.com\/index.php\/wp-json\/wp\/v2\/comments?post=1065"}],"version-history":[{"count":4,"href":"https:\/\/monmaghreb.com\/index.php\/wp-json\/wp\/v2\/posts\/1065\/revisions"}],"predecessor-version":[{"id":1515,"href":"https:\/\/monmaghreb.com\/index.php\/wp-json\/wp\/v2\/posts\/1065\/revisions\/1515"}],"wp:featuredmedia":[{"embeddable":true,"href":"https:\/\/monmaghreb.com\/index.php\/wp-json\/wp\/v2\/media\/1064"}],"wp:attachment":[{"href":"https:\/\/monmaghreb.com\/index.php\/wp-json\/wp\/v2\/media?parent=1065"}],"wp:term":[{"taxonomy":"category","embeddable":true,"href":"https:\/\/monmaghreb.com\/index.php\/wp-json\/wp\/v2\/categories?post=1065"},{"taxonomy":"post_tag","embeddable":true,"href":"https:\/\/monmaghreb.com\/index.php\/wp-json\/wp\/v2\/tags?post=1065"}],"curies":[{"name":"wp","href":"https:\/\/api.w.org\/{rel}","templated":true}]}}