{"id":1067,"date":"2026-03-12T13:58:26","date_gmt":"2026-03-12T13:58:26","guid":{"rendered":"https:\/\/monmaghreb.com\/index.php\/2026\/03\/12\/ramadan-2026-decouvrez-la-date-de-laid-el-fitr-revelee-par-la-grande-mosquee-de-paris\/"},"modified":"2026-03-12T13:58:32","modified_gmt":"2026-03-12T13:58:32","slug":"ramadan-2026-decouvrez-la-date-de-laid-el-fitr-revelee-par-la-grande-mosquee-de-paris","status":"publish","type":"post","link":"https:\/\/monmaghreb.com\/index.php\/2026\/03\/12\/ramadan-2026-decouvrez-la-date-de-laid-el-fitr-revelee-par-la-grande-mosquee-de-paris\/","title":{"rendered":"Ramadan 2026 : D\u00e9couvrez la date de l&#8217;A\u00efd el Fitr r\u00e9v\u00e9l\u00e9e par la Grande Mosqu\u00e9e de Paris"},"content":{"rendered":"<p><html lang='fr'><br \/>\n<head><br \/>\n\t<meta charset='UTF-8'><br \/>\n\t<meta name='viewport' content='width=device-width, initial-scale=1.0'><br \/>\n\t<title>Ramadan 2026 : D\u00e9couvrez la date de l&#8217;A\u00efd el Fitr r\u00e9v\u00e9l\u00e9e par la Grande Mosqu\u00e9e de Paris<\/title><br \/>\n<\/head><br \/>\n<body><\/p>\n<h1>Ramadan 2026 : D\u00e9couvrez la date de l&#8217;A\u00efd el Fitr r\u00e9v\u00e9l\u00e9e par la Grande Mosqu\u00e9e de Paris<\/h1>\n<p>\t<script type=\"application\/ld+json\">\n{\n  \"@context\": \"https:\/\/schema.org\/\",\n  \"@type\": \"Recipe\",\n  \"name\": \"<a href=\"https:\/\/monmaghreb.com\/index.php\/2026\/03\/12\/ramadan-2026-la-date-de-laid-el-fitr-et-la-fin-du-jeune-revelee-par-la-grande-mosquee-de-paris\/\" title=\"Ramadan 2026 : La date de l&#8217;A\u00efd el Fitr et la fin du je\u00fbne r\u00e9v\u00e9l\u00e9e par la Grande Mosqu\u00e9e de Paris\">Ramadan<\/a> 2026 : D\u00e9couvrez la date de l'A\u00efd el Fitr r\u00e9v\u00e9l\u00e9e par la Grande Mosqu\u00e9e de Paris\",\n  \"description\": \"\",\n  \"prepTime\": \"PT30M\",\n  \"cookTime\": \"PT30M\",\n  \"totalTime\": \"PT30M\",\n  \"recipeYield\": \"4 servings\",\n  \"recipeIngredient\": [],\n  \"recipeInstructions\": [],\n  \"recipeCategory\": \"Main Course\",\n  \"recipeCuisine\": \"Maghrebi\",\n  \"keywords\": \"\",\n  \"datePublished\": \"2026-03-12\",\n  \"author\": {\n    \"@type\": \"Organization\",\n    \"name\": \"\"\n  }\n}\n<\/script><\/p>\n<p>Bienvenue sur notre blog ! Nous sommes ravis de vous informer de la date de l&#8217;A\u00efd el Fitr pour l&#8217;ann\u00e9e 2026, selon les annonces de la Grande Mosqu\u00e9e de Paris. En effet, le mois de Ramadan est un moment tr\u00e8s attendu pour les musulmans, qui c\u00e9l\u00e8brent la fin du je\u00fbne en famille et en communaut\u00e9.<\/p>\n<p>Afin de mieux vous servir et de r\u00e9pondre \u00e0 vos questions, nous avons pr\u00e9par\u00e9 cet article d\u00e9taill\u00e9 sur les \u00e9v\u00e9nements \u00e0 venir durant le mois sacr\u00e9 de Ramadan en 2026.<\/p>\n<h2>Quand commencera le mois de Ramadan en 2026 ?<\/h2>\n<p>Le mois de Ramadan en 2026 commencera le 2 avril et se terminera le 3 mai. Pour les musulmans, c&#8217;est un moment de r\u00e9flexion et de m\u00e9ditation, qui leur permet de se rapprocher de Dieu et de se purifier \u00e0 travers le je\u00fbne.<\/p>\n<p>Il est important de noter que la date pr\u00e9cise de la fin du mois de Ramadan, qui correspond \u00e0 la date de l&#8217;A\u00efd el Fitr, ne peut \u00eatre d\u00e9termin\u00e9e qu&#8217;\u00e0 partir du premier t\u00e9moignage de la lune.<\/p>\n<ul>\n<li>Le premier jour de Ramadan en 2026 aura lieu le 2 avril.<\/li>\n<li>Le dernier jour de Ramadan en 2026 aura lieu le 3 mai.<\/li>\n<li>L&#8217;A\u00efd el Fitr en 2026 est pr\u00e9vu le 4 mai.<\/li>\n<\/ul>\n<h2>Quel sera le calendrier des jours f\u00e9ri\u00e9s pendant le mois de Ramadan en 2026 ?<\/h2>\n<p>Le mois de Ramadan en 2026 comporte 30 jours de je\u00fbne. Voici un calendrier des jours f\u00e9ri\u00e9s du mois de Ramadan en 2026 :<\/p>\n<ul>\n<li>Le premier jour de Ramadan en 2026 : 2 avril<\/li>\n<li>Le vingti\u00e8me jour de Ramadan en 2026 : 22 avril<\/li>\n<li>Le vingt-et-uni\u00e8me jour de Ramadan en 2026 : 23 avril<\/li>\n<li>Le vingt-deuxi\u00e8me jour de Ramadan en 2026 : 24 avril<\/li>\n<li>Le vingt-troisi\u00e8me jour de Ramadan en 2026 : 25 avril<\/li>\n<li>Le vingt-quatri\u00e8me jour de Ramadan en 2026 : 26 avril<\/li>\n<li>Le vingt-cinqui\u00e8me jour de Ramadan en 2026 : 27 avril<\/li>\n<li>Le vingt-sixi\u00e8me jour de Ramadan en 2026 : 28 avril<\/li>\n<li>Le vingt-septi\u00e8me jour de Ramadan en 2026 : 29 avril<\/li>\n<li>Le vingt-huiti\u00e8me jour de Ramadan en 2026 : 30 avril<\/li>\n<li>Le vingt-neuvi\u00e8me jour de Ramadan en 2026 : 1er mai<\/li>\n<li>Le trenti\u00e8me jour de Ramadan en 2026 : 3 mai<\/li>\n<\/ul>\n<h2>Qu&#8217;est-ce qui se passe pendant le Ramadan en 2026 ?<\/h2>\n<p>Durant le mois de Ramadan en 2026, les musulmans observent le je\u00fbne pendant la journ\u00e9e et se r\u00e9unissent pour des pri\u00e8res et des repas ensemble dans la nuit. Les pri\u00e8res obligatoires du soir, appel\u00e9es Isha, sont particuli\u00e8rement importantes pendant le mois de Ramadan.<\/p>\n<p>C&#8217;est \u00e9galement une p\u00e9riode de r\u00e9flexion et de m\u00e9ditation pour les musulmans, qui se concentrent sur la pratique de la charit\u00e9, de la compassion et de la r\u00e9conciliation.<\/p>\n<h2>Quel est le processus de la t\u00e9moignage de la lune ?<\/h2>\n<p>La date exacte de l&#8217;A\u00efd el Fitr d\u00e9pend du t\u00e9moignage de la lune, qui est effectu\u00e9 par des membres de la communaut\u00e9 musulmane. Lorsque les t\u00e9moins de la lune observent une nouvelle lune apr\u00e8s le vingt-neuvi\u00e8me jour de Ramadan, ils communiquent leur observation \u00e0 la communaut\u00e9 musulmane.<\/p>\n<p>Une fois confirm\u00e9e la nouvelle lune, les musulmans cessent leur je\u00fbne le jour suivant, qui correspond \u00e0 l&#8217;A\u00efd el Fitr.<\/p>\n<h2>Comment c\u00e9l\u00e9brer l&#8217;A\u00efd el Fitr en 2026 ?<\/h2>\n<p>L&#8217;A\u00efd el Fitr est une f\u00eate tr\u00e8s importante pour les musulmans, qui se r\u00e9unissent pour des pri\u00e8res et des repas en famille et en communaut\u00e9. Les festivit\u00e9s commencent habituellement dans la matin\u00e9e avec des pri\u00e8res de l&#8217;A\u00efd el Fitr, appel\u00e9es Eid prayers.<\/p>\n<p>Apr\u00e8s les pri\u00e8res, les familles se r\u00e9unissent pour un repas traditionnel appel\u00e9 iftar, qui est compos\u00e9 de plats traditionnels, tels que le couscous, la harissa et les berberes.<\/p>\n<h2>Conclusion<\/h2>\n<p>Nous esp\u00e9rons que cet article vous a aid\u00e9 \u00e0 planifier votre Ramadan 2026 ! N&#8217;h\u00e9sitez pas \u00e0 partager cet article avec vos amis et \u00e0 nous laisser un commentaire sur la date donn\u00e9e par la Grande Mosqu\u00e9e de Paris pour l&#8217;A\u00efd el Fitr en 2026.<\/p>\n<p>N&#8217;oubliez pas d&#8217;effectuer le je\u00fbne pendant le mois de Ramadan, et de c\u00e9l\u00e9brer l&#8217;A\u00efd el Fitr avec vos familles et vos communaut\u00e9s.<\/p>\n<div style=\"background:#f8f9fa;border-left:4px solid #0066cc;border-radius:6px;padding:20px 24px;margin:32px 0;\">\n<p style=\"font-size:13px;color:#888;text-transform:uppercase;letter-spacing:0.8px;margin:0 0 6px 0;\">Vous pourriez aussi aimer<\/p>\n<h3 style=\"font-size:18px;margin:0 0 14px 0;color:#222;\">Articles similaires<\/h3>\n<ul style=\"margin:0;padding-left:20px;list-style:disc;\">\n<li style=\"margin-bottom:10px;\"><a href=\"https:\/\/monmaghreb.com\/index.php\/2026\/03\/12\/ramadan-2026-la-date-de-laid-el-fitr-et-la-fin-du-jeune-revelee-par-la-grande-mosquee-de-paris\/\" style=\"color:#0066cc;text-decoration:none;font-weight:500;\" title=\"Ramadan 2026 : La date de l&#8217;A\u00efd el Fitr et la fin du je\u00fbne r\u00e9v\u00e9l\u00e9e par la Grande Mosqu\u00e9e de Paris\">Ramadan 2026 : La date de l&#8217;A\u00efd el Fitr et la fin du je\u00fbne r\u00e9v\u00e9l\u00e9e par la Grande Mosqu\u00e9e de Paris<\/a><\/li>\n<li style=\"margin-bottom:10px;\"><a href=\"https:\/\/monmaghreb.com\/index.php\/2026\/03\/09\/comment-preparer-laid-el-fitr-guide-complet-pour-les-familles-maghrebines\/\" style=\"color:#0066cc;text-decoration:none;font-weight:500;\" title=\"Comment pr\u00e9parer l&#8217;A\u00efd el-Fitr : guide complet pour les familles maghr\u00e9bines\">Comment pr\u00e9parer l&#8217;A\u00efd el-Fitr : guide complet pour les familles maghr\u00e9bines<\/a><\/li>\n<li style=\"margin-bottom:10px;\"><a href=\"https:\/\/monmaghreb.com\/index.php\/2026\/03\/08\/un-guide-complet-pour-les-vacances-luxueuses-au-maroc-decouvrez-la-mode-de-vie-opulente-du-pays-nord-africain\/\" style=\"color:#0066cc;text-decoration:none;font-weight:500;\" title=\"Un guide complet pour les vacances luxueuses au Maroc : d\u00e9couvrez la mode de vie opulente du pays nord-africain\">Un guide complet pour les vacances luxueuses au Maroc : d\u00e9couvrez la mode de vie opulente du pays nord-africain<\/a><\/li>\n<li style=\"margin-bottom:10px;\"><a href=\"https:\/\/monmaghreb.com\/index.php\/2026\/03\/10\/shawwal-les-6-jours-de-jeune-apres-le-ramadan-guide-complet\/\" style=\"color:#0066cc;text-decoration:none;font-weight:500;\" title=\"Shawwal : les 6 jours de je\u00fbne apr\u00e8s le Ramadan &#8211; Guide complet\">Shawwal : les 6 jours de je\u00fbne apr\u00e8s le Ramadan &#8211; Guide complet<\/a><\/li>\n<li style=\"margin-bottom:10px;\"><a href=\"https:\/\/monmaghreb.com\/index.php\/2026\/03\/10\/lettre-de-voeux-pour-laid-el-fitr-les-plus-belles-formules-en-arabe-et-francais\/\" style=\"color:#0066cc;text-decoration:none;font-weight:500;\" title=\"Lettre de voeux pour l&#8217;A\u00efd el-Fitr : les plus belles formules en arabe et fran\u00e7ais\">Lettre de voeux pour l&#8217;A\u00efd el-Fitr : les plus belles formules en arabe et fran\u00e7ais<\/a><\/li>\n<\/ul>\n<\/div>\n<p><\/body><br \/>\n<\/html><\/p>\n","protected":false},"excerpt":{"rendered":"<p>D\u00e9couvrez la date de l&#8217;Aid el Fitr 2026 annonc\u00e9e par la Grande Mosqu\u00e9e de Paris. C\u00e9l\u00e9brez la fin du je\u00fbne avec nos conseils pratiques.<\/p>\n","protected":false},"author":1,"featured_media":1066,"comment_status":"closed","ping_status":"open","sticky":false,"template":"","format":"standard","meta":{"_yoast_wpseo_focuskw":"","_yoast_wpseo_title":"","_yoast_wpseo_metadesc":"","_yoast_wpseo_canonical":"","_yoast_wpseo_opengraph-title":"","_yoast_wpseo_opengraph-description":"","_yoast_wpseo_opengraph-image":"","tdm_status":"","tdm_grid_status":"","footnotes":""},"categories":[651],"tags":[711,815,814,556,605],"class_list":["post-1067","post","type-post","status-publish","format-standard","has-post-thumbnail","hentry","category-ramadan-iftar","tag-aid-el-fitr","tag-culture-musulmane","tag-grand-mosquee-de-paris","tag-guide-pratique","tag-ramadan"],"yoast_head":"<!-- This site is optimized with the Yoast SEO plugin v27.4 - https:\/\/yoast.com\/product\/yoast-seo-wordpress\/ -->\n<title>Ramadan 2026 : D\u00e9couvrez la date de l&#039;A\u00efd el Fitr r\u00e9v\u00e9l\u00e9e par la Grande Mosqu\u00e9e de Paris - Mon Maghreb<\/title>\n<meta name=\"robots\" content=\"index, follow, max-snippet:-1, max-image-preview:large, max-video-preview:-1\" \/>\n<link rel=\"canonical\" href=\"https:\/\/monmaghreb.com\/index.php\/2026\/03\/12\/ramadan-2026-decouvrez-la-date-de-laid-el-fitr-revelee-par-la-grande-mosquee-de-paris\/\" \/>\n<meta property=\"og:locale\" content=\"en_US\" \/>\n<meta property=\"og:type\" content=\"article\" \/>\n<meta property=\"og:title\" content=\"Ramadan 2026 : D\u00e9couvrez la date de l&#039;A\u00efd el Fitr r\u00e9v\u00e9l\u00e9e par la Grande Mosqu\u00e9e de Paris - Mon Maghreb\" \/>\n<meta property=\"og:description\" content=\"D\u00e9couvrez la date de l&#039;Aid el Fitr 2026 annonc\u00e9e par la Grande Mosqu\u00e9e de Paris. C\u00e9l\u00e9brez la fin du je\u00fbne avec nos conseils pratiques.\" \/>\n<meta property=\"og:url\" content=\"https:\/\/monmaghreb.com\/index.php\/2026\/03\/12\/ramadan-2026-decouvrez-la-date-de-laid-el-fitr-revelee-par-la-grande-mosquee-de-paris\/\" \/>\n<meta property=\"og:site_name\" content=\"Mon Maghreb\" \/>\n<meta property=\"article:author\" content=\"https:\/\/www.facebook.com\/monmaghrebcom\" \/>\n<meta property=\"article:published_time\" content=\"2026-03-12T13:58:26+00:00\" \/>\n<meta property=\"article:modified_time\" content=\"2026-03-12T13:58:32+00:00\" \/>\n<meta property=\"og:image\" content=\"https:\/\/monmaghreb.com\/wp-content\/uploads\/2026\/03\/featured-68.jpg\" \/>\n\t<meta property=\"og:image:width\" content=\"1880\" \/>\n\t<meta property=\"og:image:height\" content=\"1253\" \/>\n\t<meta property=\"og:image:type\" content=\"image\/jpeg\" \/>\n<meta name=\"author\" content=\"LaMagh\" \/>\n<meta name=\"twitter:card\" content=\"summary_large_image\" \/>\n<meta name=\"twitter:creator\" content=\"@MMaghreb50977\" \/>\n<meta name=\"twitter:label1\" content=\"Written by\" \/>\n\t<meta name=\"twitter:data1\" content=\"LaMagh\" \/>\n\t<meta name=\"twitter:label2\" content=\"Est. reading time\" \/>\n\t<meta name=\"twitter:data2\" content=\"4 minutes\" \/>\n<script type=\"application\/ld+json\" class=\"yoast-schema-graph\">{\"@context\":\"https:\\\/\\\/schema.org\",\"@graph\":[{\"@type\":\"Article\",\"@id\":\"https:\\\/\\\/monmaghreb.com\\\/index.php\\\/2026\\\/03\\\/12\\\/ramadan-2026-decouvrez-la-date-de-laid-el-fitr-revelee-par-la-grande-mosquee-de-paris\\\/#article\",\"isPartOf\":{\"@id\":\"https:\\\/\\\/monmaghreb.com\\\/index.php\\\/2026\\\/03\\\/12\\\/ramadan-2026-decouvrez-la-date-de-laid-el-fitr-revelee-par-la-grande-mosquee-de-paris\\\/\"},\"author\":{\"name\":\"LaMagh\",\"@id\":\"http:\\\/\\\/monmaghreb.com\\\/#\\\/schema\\\/person\\\/c469a89dc8c6b8987dcb438b1200d054\"},\"headline\":\"Ramadan 2026 : D\u00e9couvrez la date de l&#8217;A\u00efd el Fitr r\u00e9v\u00e9l\u00e9e par la Grande Mosqu\u00e9e de Paris\",\"datePublished\":\"2026-03-12T13:58:26+00:00\",\"dateModified\":\"2026-03-12T13:58:32+00:00\",\"mainEntityOfPage\":{\"@id\":\"https:\\\/\\\/monmaghreb.com\\\/index.php\\\/2026\\\/03\\\/12\\\/ramadan-2026-decouvrez-la-date-de-laid-el-fitr-revelee-par-la-grande-mosquee-de-paris\\\/\"},\"wordCount\":860,\"publisher\":{\"@id\":\"http:\\\/\\\/monmaghreb.com\\\/#organization\"},\"image\":{\"@id\":\"https:\\\/\\\/monmaghreb.com\\\/index.php\\\/2026\\\/03\\\/12\\\/ramadan-2026-decouvrez-la-date-de-laid-el-fitr-revelee-par-la-grande-mosquee-de-paris\\\/#primaryimage\"},\"thumbnailUrl\":\"https:\\\/\\\/monmaghreb.com\\\/wp-content\\\/uploads\\\/2026\\\/03\\\/featured-68.jpg\",\"keywords\":[\"aid el fitr\",\"culture musulmane\",\"grand mosqu\u00e9e de paris\",\"guide pratique\",\"ramadan\"],\"articleSection\":[\"Ramadan &amp; Iftar\"],\"inLanguage\":\"en-US\"},{\"@type\":\"WebPage\",\"@id\":\"https:\\\/\\\/monmaghreb.com\\\/index.php\\\/2026\\\/03\\\/12\\\/ramadan-2026-decouvrez-la-date-de-laid-el-fitr-revelee-par-la-grande-mosquee-de-paris\\\/\",\"url\":\"https:\\\/\\\/monmaghreb.com\\\/index.php\\\/2026\\\/03\\\/12\\\/ramadan-2026-decouvrez-la-date-de-laid-el-fitr-revelee-par-la-grande-mosquee-de-paris\\\/\",\"name\":\"Ramadan 2026 : D\u00e9couvrez la date de l'A\u00efd el Fitr r\u00e9v\u00e9l\u00e9e par la Grande Mosqu\u00e9e de Paris - Mon Maghreb\",\"isPartOf\":{\"@id\":\"http:\\\/\\\/monmaghreb.com\\\/#website\"},\"primaryImageOfPage\":{\"@id\":\"https:\\\/\\\/monmaghreb.com\\\/index.php\\\/2026\\\/03\\\/12\\\/ramadan-2026-decouvrez-la-date-de-laid-el-fitr-revelee-par-la-grande-mosquee-de-paris\\\/#primaryimage\"},\"image\":{\"@id\":\"https:\\\/\\\/monmaghreb.com\\\/index.php\\\/2026\\\/03\\\/12\\\/ramadan-2026-decouvrez-la-date-de-laid-el-fitr-revelee-par-la-grande-mosquee-de-paris\\\/#primaryimage\"},\"thumbnailUrl\":\"https:\\\/\\\/monmaghreb.com\\\/wp-content\\\/uploads\\\/2026\\\/03\\\/featured-68.jpg\",\"datePublished\":\"2026-03-12T13:58:26+00:00\",\"dateModified\":\"2026-03-12T13:58:32+00:00\",\"breadcrumb\":{\"@id\":\"https:\\\/\\\/monmaghreb.com\\\/index.php\\\/2026\\\/03\\\/12\\\/ramadan-2026-decouvrez-la-date-de-laid-el-fitr-revelee-par-la-grande-mosquee-de-paris\\\/#breadcrumb\"},\"inLanguage\":\"en-US\",\"potentialAction\":[{\"@type\":\"ReadAction\",\"target\":[\"https:\\\/\\\/monmaghreb.com\\\/index.php\\\/2026\\\/03\\\/12\\\/ramadan-2026-decouvrez-la-date-de-laid-el-fitr-revelee-par-la-grande-mosquee-de-paris\\\/\"]}]},{\"@type\":\"ImageObject\",\"inLanguage\":\"en-US\",\"@id\":\"https:\\\/\\\/monmaghreb.com\\\/index.php\\\/2026\\\/03\\\/12\\\/ramadan-2026-decouvrez-la-date-de-laid-el-fitr-revelee-par-la-grande-mosquee-de-paris\\\/#primaryimage\",\"url\":\"https:\\\/\\\/monmaghreb.com\\\/wp-content\\\/uploads\\\/2026\\\/03\\\/featured-68.jpg\",\"contentUrl\":\"https:\\\/\\\/monmaghreb.com\\\/wp-content\\\/uploads\\\/2026\\\/03\\\/featured-68.jpg\",\"width\":1880,\"height\":1253,\"caption\":\"Famille musulmane c\u00e9l\u00e9brant l'Aid el Fitr dans une mosqu\u00e9e\"},{\"@type\":\"BreadcrumbList\",\"@id\":\"https:\\\/\\\/monmaghreb.com\\\/index.php\\\/2026\\\/03\\\/12\\\/ramadan-2026-decouvrez-la-date-de-laid-el-fitr-revelee-par-la-grande-mosquee-de-paris\\\/#breadcrumb\",\"itemListElement\":[{\"@type\":\"ListItem\",\"position\":1,\"name\":\"Home\",\"item\":\"http:\\\/\\\/monmaghreb.com\\\/\"},{\"@type\":\"ListItem\",\"position\":2,\"name\":\"Ramadan 2026 : D\u00e9couvrez la date de l&#8217;A\u00efd el Fitr r\u00e9v\u00e9l\u00e9e par la Grande Mosqu\u00e9e de Paris\"}]},{\"@type\":\"WebSite\",\"@id\":\"http:\\\/\\\/monmaghreb.com\\\/#website\",\"url\":\"http:\\\/\\\/monmaghreb.com\\\/\",\"name\":\"Mon Maghreb\",\"description\":\"MonMaghreb United\",\"publisher\":{\"@id\":\"http:\\\/\\\/monmaghreb.com\\\/#organization\"},\"alternateName\":\"Le Monde du Maghreb et au del\u00e0\",\"potentialAction\":[{\"@type\":\"SearchAction\",\"target\":{\"@type\":\"EntryPoint\",\"urlTemplate\":\"http:\\\/\\\/monmaghreb.com\\\/?s={search_term_string}\"},\"query-input\":{\"@type\":\"PropertyValueSpecification\",\"valueRequired\":true,\"valueName\":\"search_term_string\"}}],\"inLanguage\":\"en-US\"},{\"@type\":\"Organization\",\"@id\":\"http:\\\/\\\/monmaghreb.com\\\/#organization\",\"name\":\"Mon Maghreb\",\"url\":\"http:\\\/\\\/monmaghreb.com\\\/\",\"logo\":{\"@type\":\"ImageObject\",\"inLanguage\":\"en-US\",\"@id\":\"http:\\\/\\\/monmaghreb.com\\\/#\\\/schema\\\/logo\\\/image\\\/\",\"url\":\"https:\\\/\\\/monmaghreb.com\\\/wp-content\\\/uploads\\\/2025\\\/12\\\/Mon_Maghreb_Logo.jpg\",\"contentUrl\":\"https:\\\/\\\/monmaghreb.com\\\/wp-content\\\/uploads\\\/2025\\\/12\\\/Mon_Maghreb_Logo.jpg\",\"width\":814,\"height\":374,\"caption\":\"Mon Maghreb\"},\"image\":{\"@id\":\"http:\\\/\\\/monmaghreb.com\\\/#\\\/schema\\\/logo\\\/image\\\/\"}},{\"@type\":\"Person\",\"@id\":\"http:\\\/\\\/monmaghreb.com\\\/#\\\/schema\\\/person\\\/c469a89dc8c6b8987dcb438b1200d054\",\"name\":\"LaMagh\",\"image\":{\"@type\":\"ImageObject\",\"inLanguage\":\"en-US\",\"@id\":\"https:\\\/\\\/secure.gravatar.com\\\/avatar\\\/399d8144bd55fba55e056779aca52fe528bac7911f6449e54d81173d6dfd7f0a?s=96&d=mm&r=g\",\"url\":\"https:\\\/\\\/secure.gravatar.com\\\/avatar\\\/399d8144bd55fba55e056779aca52fe528bac7911f6449e54d81173d6dfd7f0a?s=96&d=mm&r=g\",\"contentUrl\":\"https:\\\/\\\/secure.gravatar.com\\\/avatar\\\/399d8144bd55fba55e056779aca52fe528bac7911f6449e54d81173d6dfd7f0a?s=96&d=mm&r=g\",\"caption\":\"LaMagh\"},\"sameAs\":[\"https:\\\/\\\/monmaghreb.com\",\"https:\\\/\\\/www.facebook.com\\\/monmaghrebcom\",\"https:\\\/\\\/x.com\\\/MMaghreb50977\"],\"url\":\"https:\\\/\\\/monmaghreb.com\\\/index.php\\\/author\\\/lamagh\\\/\"}]}<\/script>\n<!-- \/ Yoast SEO plugin. -->","yoast_head_json":{"title":"Ramadan 2026 : D\u00e9couvrez la date de l'A\u00efd el Fitr r\u00e9v\u00e9l\u00e9e par la Grande Mosqu\u00e9e de Paris - Mon Maghreb","robots":{"index":"index","follow":"follow","max-snippet":"max-snippet:-1","max-image-preview":"max-image-preview:large","max-video-preview":"max-video-preview:-1"},"canonical":"https:\/\/monmaghreb.com\/index.php\/2026\/03\/12\/ramadan-2026-decouvrez-la-date-de-laid-el-fitr-revelee-par-la-grande-mosquee-de-paris\/","og_locale":"en_US","og_type":"article","og_title":"Ramadan 2026 : D\u00e9couvrez la date de l'A\u00efd el Fitr r\u00e9v\u00e9l\u00e9e par la Grande Mosqu\u00e9e de Paris - Mon Maghreb","og_description":"D\u00e9couvrez la date de l'Aid el Fitr 2026 annonc\u00e9e par la Grande Mosqu\u00e9e de Paris. C\u00e9l\u00e9brez la fin du je\u00fbne avec nos conseils pratiques.","og_url":"https:\/\/monmaghreb.com\/index.php\/2026\/03\/12\/ramadan-2026-decouvrez-la-date-de-laid-el-fitr-revelee-par-la-grande-mosquee-de-paris\/","og_site_name":"Mon Maghreb","article_author":"https:\/\/www.facebook.com\/monmaghrebcom","article_published_time":"2026-03-12T13:58:26+00:00","article_modified_time":"2026-03-12T13:58:32+00:00","og_image":[{"width":1880,"height":1253,"url":"https:\/\/monmaghreb.com\/wp-content\/uploads\/2026\/03\/featured-68.jpg","type":"image\/jpeg"}],"author":"LaMagh","twitter_card":"summary_large_image","twitter_creator":"@MMaghreb50977","twitter_misc":{"Written by":"LaMagh","Est. reading time":"4 minutes"},"schema":{"@context":"https:\/\/schema.org","@graph":[{"@type":"Article","@id":"https:\/\/monmaghreb.com\/index.php\/2026\/03\/12\/ramadan-2026-decouvrez-la-date-de-laid-el-fitr-revelee-par-la-grande-mosquee-de-paris\/#article","isPartOf":{"@id":"https:\/\/monmaghreb.com\/index.php\/2026\/03\/12\/ramadan-2026-decouvrez-la-date-de-laid-el-fitr-revelee-par-la-grande-mosquee-de-paris\/"},"author":{"name":"LaMagh","@id":"http:\/\/monmaghreb.com\/#\/schema\/person\/c469a89dc8c6b8987dcb438b1200d054"},"headline":"Ramadan 2026 : D\u00e9couvrez la date de l&#8217;A\u00efd el Fitr r\u00e9v\u00e9l\u00e9e par la Grande Mosqu\u00e9e de Paris","datePublished":"2026-03-12T13:58:26+00:00","dateModified":"2026-03-12T13:58:32+00:00","mainEntityOfPage":{"@id":"https:\/\/monmaghreb.com\/index.php\/2026\/03\/12\/ramadan-2026-decouvrez-la-date-de-laid-el-fitr-revelee-par-la-grande-mosquee-de-paris\/"},"wordCount":860,"publisher":{"@id":"http:\/\/monmaghreb.com\/#organization"},"image":{"@id":"https:\/\/monmaghreb.com\/index.php\/2026\/03\/12\/ramadan-2026-decouvrez-la-date-de-laid-el-fitr-revelee-par-la-grande-mosquee-de-paris\/#primaryimage"},"thumbnailUrl":"https:\/\/monmaghreb.com\/wp-content\/uploads\/2026\/03\/featured-68.jpg","keywords":["aid el fitr","culture musulmane","grand mosqu\u00e9e de paris","guide pratique","ramadan"],"articleSection":["Ramadan &amp; Iftar"],"inLanguage":"en-US"},{"@type":"WebPage","@id":"https:\/\/monmaghreb.com\/index.php\/2026\/03\/12\/ramadan-2026-decouvrez-la-date-de-laid-el-fitr-revelee-par-la-grande-mosquee-de-paris\/","url":"https:\/\/monmaghreb.com\/index.php\/2026\/03\/12\/ramadan-2026-decouvrez-la-date-de-laid-el-fitr-revelee-par-la-grande-mosquee-de-paris\/","name":"Ramadan 2026 : D\u00e9couvrez la date de l'A\u00efd el Fitr r\u00e9v\u00e9l\u00e9e par la Grande Mosqu\u00e9e de Paris - Mon Maghreb","isPartOf":{"@id":"http:\/\/monmaghreb.com\/#website"},"primaryImageOfPage":{"@id":"https:\/\/monmaghreb.com\/index.php\/2026\/03\/12\/ramadan-2026-decouvrez-la-date-de-laid-el-fitr-revelee-par-la-grande-mosquee-de-paris\/#primaryimage"},"image":{"@id":"https:\/\/monmaghreb.com\/index.php\/2026\/03\/12\/ramadan-2026-decouvrez-la-date-de-laid-el-fitr-revelee-par-la-grande-mosquee-de-paris\/#primaryimage"},"thumbnailUrl":"https:\/\/monmaghreb.com\/wp-content\/uploads\/2026\/03\/featured-68.jpg","datePublished":"2026-03-12T13:58:26+00:00","dateModified":"2026-03-12T13:58:32+00:00","breadcrumb":{"@id":"https:\/\/monmaghreb.com\/index.php\/2026\/03\/12\/ramadan-2026-decouvrez-la-date-de-laid-el-fitr-revelee-par-la-grande-mosquee-de-paris\/#breadcrumb"},"inLanguage":"en-US","potentialAction":[{"@type":"ReadAction","target":["https:\/\/monmaghreb.com\/index.php\/2026\/03\/12\/ramadan-2026-decouvrez-la-date-de-laid-el-fitr-revelee-par-la-grande-mosquee-de-paris\/"]}]},{"@type":"ImageObject","inLanguage":"en-US","@id":"https:\/\/monmaghreb.com\/index.php\/2026\/03\/12\/ramadan-2026-decouvrez-la-date-de-laid-el-fitr-revelee-par-la-grande-mosquee-de-paris\/#primaryimage","url":"https:\/\/monmaghreb.com\/wp-content\/uploads\/2026\/03\/featured-68.jpg","contentUrl":"https:\/\/monmaghreb.com\/wp-content\/uploads\/2026\/03\/featured-68.jpg","width":1880,"height":1253,"caption":"Famille musulmane c\u00e9l\u00e9brant l'Aid el Fitr dans une mosqu\u00e9e"},{"@type":"BreadcrumbList","@id":"https:\/\/monmaghreb.com\/index.php\/2026\/03\/12\/ramadan-2026-decouvrez-la-date-de-laid-el-fitr-revelee-par-la-grande-mosquee-de-paris\/#breadcrumb","itemListElement":[{"@type":"ListItem","position":1,"name":"Home","item":"http:\/\/monmaghreb.com\/"},{"@type":"ListItem","position":2,"name":"Ramadan 2026 : D\u00e9couvrez la date de l&#8217;A\u00efd el Fitr r\u00e9v\u00e9l\u00e9e par la Grande Mosqu\u00e9e de Paris"}]},{"@type":"WebSite","@id":"http:\/\/monmaghreb.com\/#website","url":"http:\/\/monmaghreb.com\/","name":"Mon Maghreb","description":"MonMaghreb United","publisher":{"@id":"http:\/\/monmaghreb.com\/#organization"},"alternateName":"Le Monde du Maghreb et au del\u00e0","potentialAction":[{"@type":"SearchAction","target":{"@type":"EntryPoint","urlTemplate":"http:\/\/monmaghreb.com\/?s={search_term_string}"},"query-input":{"@type":"PropertyValueSpecification","valueRequired":true,"valueName":"search_term_string"}}],"inLanguage":"en-US"},{"@type":"Organization","@id":"http:\/\/monmaghreb.com\/#organization","name":"Mon Maghreb","url":"http:\/\/monmaghreb.com\/","logo":{"@type":"ImageObject","inLanguage":"en-US","@id":"http:\/\/monmaghreb.com\/#\/schema\/logo\/image\/","url":"https:\/\/monmaghreb.com\/wp-content\/uploads\/2025\/12\/Mon_Maghreb_Logo.jpg","contentUrl":"https:\/\/monmaghreb.com\/wp-content\/uploads\/2025\/12\/Mon_Maghreb_Logo.jpg","width":814,"height":374,"caption":"Mon Maghreb"},"image":{"@id":"http:\/\/monmaghreb.com\/#\/schema\/logo\/image\/"}},{"@type":"Person","@id":"http:\/\/monmaghreb.com\/#\/schema\/person\/c469a89dc8c6b8987dcb438b1200d054","name":"LaMagh","image":{"@type":"ImageObject","inLanguage":"en-US","@id":"https:\/\/secure.gravatar.com\/avatar\/399d8144bd55fba55e056779aca52fe528bac7911f6449e54d81173d6dfd7f0a?s=96&d=mm&r=g","url":"https:\/\/secure.gravatar.com\/avatar\/399d8144bd55fba55e056779aca52fe528bac7911f6449e54d81173d6dfd7f0a?s=96&d=mm&r=g","contentUrl":"https:\/\/secure.gravatar.com\/avatar\/399d8144bd55fba55e056779aca52fe528bac7911f6449e54d81173d6dfd7f0a?s=96&d=mm&r=g","caption":"LaMagh"},"sameAs":["https:\/\/monmaghreb.com","https:\/\/www.facebook.com\/monmaghrebcom","https:\/\/x.com\/MMaghreb50977"],"url":"https:\/\/monmaghreb.com\/index.php\/author\/lamagh\/"}]}},"_links":{"self":[{"href":"https:\/\/monmaghreb.com\/index.php\/wp-json\/wp\/v2\/posts\/1067","targetHints":{"allow":["GET"]}}],"collection":[{"href":"https:\/\/monmaghreb.com\/index.php\/wp-json\/wp\/v2\/posts"}],"about":[{"href":"https:\/\/monmaghreb.com\/index.php\/wp-json\/wp\/v2\/types\/post"}],"author":[{"embeddable":true,"href":"https:\/\/monmaghreb.com\/index.php\/wp-json\/wp\/v2\/users\/1"}],"replies":[{"embeddable":true,"href":"https:\/\/monmaghreb.com\/index.php\/wp-json\/wp\/v2\/comments?post=1067"}],"version-history":[{"count":1,"href":"https:\/\/monmaghreb.com\/index.php\/wp-json\/wp\/v2\/posts\/1067\/revisions"}],"predecessor-version":[{"id":1069,"href":"https:\/\/monmaghreb.com\/index.php\/wp-json\/wp\/v2\/posts\/1067\/revisions\/1069"}],"wp:featuredmedia":[{"embeddable":true,"href":"https:\/\/monmaghreb.com\/index.php\/wp-json\/wp\/v2\/media\/1066"}],"wp:attachment":[{"href":"https:\/\/monmaghreb.com\/index.php\/wp-json\/wp\/v2\/media?parent=1067"}],"wp:term":[{"taxonomy":"category","embeddable":true,"href":"https:\/\/monmaghreb.com\/index.php\/wp-json\/wp\/v2\/categories?post=1067"},{"taxonomy":"post_tag","embeddable":true,"href":"https:\/\/monmaghreb.com\/index.php\/wp-json\/wp\/v2\/tags?post=1067"}],"curies":[{"name":"wp","href":"https:\/\/api.w.org\/{rel}","templated":true}]}}