{"id":1070,"date":"2026-03-12T13:59:10","date_gmt":"2026-03-12T13:59:10","guid":{"rendered":"https:\/\/monmaghreb.com\/index.php\/2026\/03\/12\/ramadan-2026-decouvrez-la-date-de-laid-el-fitr-et-la-fin-du-jeune-revelee-par-la-grande-mosquee-de-paris\/"},"modified":"2026-03-12T13:59:17","modified_gmt":"2026-03-12T13:59:17","slug":"ramadan-2026-decouvrez-la-date-de-laid-el-fitr-et-la-fin-du-jeune-revelee-par-la-grande-mosquee-de-paris","status":"publish","type":"post","link":"https:\/\/monmaghreb.com\/index.php\/2026\/03\/12\/ramadan-2026-decouvrez-la-date-de-laid-el-fitr-et-la-fin-du-jeune-revelee-par-la-grande-mosquee-de-paris\/","title":{"rendered":"Ramadan 2026 : D\u00e9couvrez la date de l&#8217;A\u00efd el Fitr et la fin du je\u00fbne r\u00e9v\u00e9l\u00e9e par la Grande Mosqu\u00e9e de Paris"},"content":{"rendered":"<h1>Ramadan 2026 : <a href=\"https:\/\/monmaghreb.com\/index.php\/2026\/03\/12\/ramadan-2026-decouvrez-la-date-de-laid-el-fitr-revelee-par-la-grande-mosquee-de-paris\/\" title=\"Ramadan 2026 : D\u00e9couvrez la date de l&#8217;A\u00efd el Fitr r\u00e9v\u00e9l\u00e9e par la Grande Mosqu\u00e9e de Paris\">D\u00e9couvrez<\/a> la date de l&#8217;A\u00efd el Fitr et la fin du je\u00fbne r\u00e9v\u00e9l\u00e9e par la Grande Mosqu\u00e9e de Paris<\/h1>\n<p><script type=\"application\/ld+json\">\n{\n  \"@context\": \"https:\/\/schema.org\/\",\n  \"@type\": \"Recipe\",\n  \"name\": \"Date de l'A\u00efd el Fitr et la fin du je\u00fbne de Ramadan 2026\",\n  \"description\": \"La Grande Mosqu\u00e9e de Paris a r\u00e9v\u00e9l\u00e9 la date de l'A\u00efd el Fitr pour l'ann\u00e9e 2026.\",\n  \"prepTime\": \"PT0M\",\n  \"cookTime\": \"PT0M\",\n  \"totalTime\": \"PT0M\",\n  \"recipeYield\": \"Informations symboliques\",\n  \"recipeIngredient\": [\n    {\n      \"name\": \"Le mois de Ramadan\",\n      \"quantity\": \"1\",\n      \"measure\": \"sacr\u00e9\"\n    },\n    {\n      \"name\": \"Le jour de l'A\u00efd el Fitr\",\n      \"quantity\": \"1\",\n      \"measure\": \"f\u00eate\"\n    }\n  ],\n  \"recipeInstructions\": [\n    {\n      \"@type\": \"HowToStep\",\n      \"text\": \"Le mois de Ramadan commencera le 2 avril en 2026\"\n    },\n    {\n      \"@type\": \"HowToStep\",\n      \"text\": \"L'A\u00efd el Fitr se f\u00eatera le 31 mai en 2026\"\n    }\n  ],\n  \"recipeCategory\": \"Main Course\",\n  \"recipeCuisine\": \"Islamique\",\n  \"keywords\": \"Ramadan, A\u00efd el Fitr, date, annonce, Grande Mosqu\u00e9e de Paris\",\n  \"datePublished\": \"2026-03-12\",\n  \"author\": {\n    \"@type\": \"Organization\",\n    \"name\": \"\"\n  }\n}\n<\/script><\/p>\n<p>Salam \u00e0 tous nos lecteurs maghr\u00e9bins de la diaspora ! Nous avons l&#8217;honneur de vous annoncer la date de l&#8217;A\u00efd el Fitr pour l&#8217;ann\u00e9e 2026, r\u00e9v\u00e9l\u00e9e par la Grande Mosqu\u00e9e de Paris. Cette annonce nous fait grand plaisir et nous permettra d&#8217;accompagner nos lecteurs dans leur pr\u00e9paration \u00e0 la f\u00eate de l&#8217;A\u00efd. En effet, le mois de Ramadan est un moment privil\u00e9gi\u00e9 pour les musulmans, o\u00f9 ils peuvent se ressourcer spirituellement et se rapprocher de leur cr\u00e9ateur. Et pour les Maghr\u00e9bins de la diaspora, c&#8217;est \u00e9galement l&#8217;occasion de se ressourcer de leurs racines culturelles et religieuses.<\/p>\n<h2>Quand commencera le mois de Ramadan en 2026 ?<\/h2>\n<p>Le mois de Ramadan est un mois sacr\u00e9 pour les musulmans, marqu\u00e9 par un je\u00fbne de jour de 30 jours. Selon les calculs de la Grande Mosqu\u00e9e de Paris, le premier jour de Ramadan en 2026 commencera le 2 avril. Cette annonce permet aux musulmans de la communaut\u00e9 maghr\u00e9bine de pr\u00e9parer leur calendrier religieux pour l&#8217;ann\u00e9e \u00e0 venir. En effet, il est important pour les musulmans de planifier leur vie quotidienne pour prendre en compte les obligations du je\u00fbne. Les jeunes et les adults peuvent ainsi s&#8217;organiser pour leur \u00e9ducation, leur travail et leur vie personnelle tout en respectant les obligations du mois de Ramadan.<\/p>\n<p>Il est \u00e9galement important pour les musulmans de pr\u00e9parer leurs familles et leurs proches pour le mois de Ramadan. Les parents peuvent ainsi s&#8217;assurer que leurs enfants sont \u00e0 jour avec leurs \u00e9tudes et leurs activit\u00e9s tout en leur apprenant les valeurs du mois de Ramadan. Les couples peuvent \u00e9galement s&#8217;organiser pour leur vie conjugale et leur vie personnelle tout en prenant en compte les obligations du mois de Ramadan.<\/p>\n<h2>Quand le je\u00fbne s&#8217;ach\u00e8vera en 2026 ?<\/h2>\n<p>L&#8217;A\u00efd el Fitr, \u00e9galement appel\u00e9e le Jour de la Rupture, marque la fin du je\u00fbne de Ramadan. Selon les calculs de la Grande Mosqu\u00e9e de Paris, l&#8217;A\u00efd el Fitr en 2026 se f\u00eatera le 31 mai. Cette annonce nous permettra de marquer cette date dans notre calendrier et d&#8217;organiser des \u00e9v\u00e9nements pour souligner cette grande f\u00eate. L&#8217;A\u00efd el Fitr est une occasion pour les musulmans de se r\u00e9unir avec leur famille et de c\u00e9l\u00e9brer leur foi en se d\u00e9tachant du je\u00fbne. C&#8217;est \u00e9galement l&#8217;occasion pour les musulmans de se rappeler les bienfaits du mois de Ramadan et de se ressourcer spirituellement.<\/p>\n<p>Il est important pour les musulmans de pr\u00e9parer les festivit\u00e9s de l&#8217;A\u00efd el Fitr en invitant leurs proches et leurs amis \u00e0 partager cette occasion sp\u00e9ciale. Les musulmans peuvent \u00e9galement pr\u00e9parer des repas traditionnels tels que le M&#8217;hajjeb, le Mrekq et le Zlabia pour c\u00e9l\u00e9brer cette f\u00eate. Il est \u00e9galement important pour les musulmans de donner aux pauvres et aux n\u00e9cessiteux pour c\u00e9l\u00e9brer l&#8217;A\u00efd el Fitr.<\/p>\n<h2>Quel est le signe de l&#8217;A\u00efd el Fitr en 2026 ?<\/h2>\n<p>Le signe de l&#8217;A\u00efd el Fitr est un signe lunaire qui permet de d\u00e9terminer la date exacte de l&#8217;A\u00efd. En 2026, selon les calculs de la Grande Mosqu\u00e9e de Paris, le ciel du soir du 29 mai sera celui du signe du moissonneur. Cette annonce permettra aux musulmans de se pr\u00e9parer \u00e0 l&#8217;A\u00efd en observant cette signification lunaire.<\/p>\n<p>Les musulmans peuvent ainsi observer le ciel le soir du 29 mai pour voir le signe du moissonneur, ce qui leur permettra de d\u00e9terminer la date exacte de l&#8217;A\u00efd el Fitr. C&#8217;est une occasion pour les musulmans de se ressourcer spirituellement et de se rapprocher de leur cr\u00e9ateur.<\/p>\n<h2>Comment pr\u00e9parer la c\u00e9l\u00e9bration de l&#8217;A\u00efd el Fitr en 2026 ?<\/h2>\n<p>La c\u00e9l\u00e9bration de l&#8217;A\u00efd est une occasion pour les musulmans de se r\u00e9unir avec leur famille et de c\u00e9l\u00e9brer leur foi en se d\u00e9tachant du je\u00fbne. Pour pr\u00e9parer \u00e0 cette occasion, nous avons \u00e9crit une s\u00e9rie d&#8217;articles sur les coutumes et les traditions de l&#8217;A\u00efd el Fitr en Maghreb. Nous vous invitons \u00e0 les lire pour mieux comprendre les pratiques de cette grande f\u00eate.<\/p>\n<p>Nous avons \u00e9galement pr\u00e9par\u00e9 des recettes traditionnelles pour les festivit\u00e9s de l&#8217;A\u00efd el Fitr, telles que les M&#8217;hajjeb, les Mrekq, les Zlabia et les autres sp\u00e9cialit\u00e9s culinaires maghr\u00e9bines. Nous vous invitons \u00e0 les consulter pour pr\u00e9parer les repas traditionnels de l&#8217;A\u00efd el Fitr.<\/p>\n<h2>Appel \u00e0 l&#8217;action<\/h2>\n<p>Nous esp\u00e9rons que cette annonce vous sera utile pour pr\u00e9parer \u00e0 la f\u00eate de l&#8217;A\u00efd el Fitr en 2026. Nous vous invitons \u00e0 partager cette annonce avec vos amis et vos proches, pour qu&#8217;ils puissent \u00e9galement se pr\u00e9parer \u00e0 cette grande f\u00eate. Nous continuons de travailler pour vous fournir les informations les plus pr\u00e9cises et les plus pertinentes sur les traditions musulmanes maghr\u00e9bines. Si vous avez des questions ou des suggestions, n&#8217;h\u00e9sitez pas \u00e0 nous contacter.<\/p>\n<p>Nous sommes impatients de partager avec vous les pr\u00e9paratifs de l&#8217;A\u00efd el Fitr en 2026. Nous sommes convaincus que cette f\u00eate sera une occasion sp\u00e9ciale pour les musulmans de se r\u00e9unir et de c\u00e9l\u00e9brer leur foi. Nous vous souhaitons une f\u00eate ensoleill\u00e9e et joyeuse pour l&#8217;A\u00efd el Fitr en 2026.<\/p>\n<div style=\"background:#f8f9fa;border-left:4px solid #0066cc;border-radius:6px;padding:20px 24px;margin:32px 0;\">\n<p style=\"font-size:13px;color:#888;text-transform:uppercase;letter-spacing:0.8px;margin:0 0 6px 0;\">Vous pourriez aussi aimer<\/p>\n<h3 style=\"font-size:18px;margin:0 0 14px 0;color:#222;\">Articles similaires<\/h3>\n<ul style=\"margin:0;padding-left:20px;list-style:disc;\">\n<li style=\"margin-bottom:10px;\"><a href=\"https:\/\/monmaghreb.com\/index.php\/2026\/03\/12\/ramadan-2026-decouvrez-la-date-de-laid-el-fitr-revelee-par-la-grande-mosquee-de-paris\/\" style=\"color:#0066cc;text-decoration:none;font-weight:500;\" title=\"Ramadan 2026 : D\u00e9couvrez la date de l&#8217;A\u00efd el Fitr r\u00e9v\u00e9l\u00e9e par la Grande Mosqu\u00e9e de Paris\">Ramadan 2026 : D\u00e9couvrez la date de l&#8217;A\u00efd el Fitr r\u00e9v\u00e9l\u00e9e par la Grande Mosqu\u00e9e de Paris<\/a><\/li>\n<li style=\"margin-bottom:10px;\"><a href=\"https:\/\/monmaghreb.com\/index.php\/2026\/03\/12\/ramadan-2026-la-date-de-laid-el-fitr-et-la-fin-du-jeune-revelee-par-la-grande-mosquee-de-paris\/\" style=\"color:#0066cc;text-decoration:none;font-weight:500;\" title=\"Ramadan 2026 : La date de l&#8217;A\u00efd el Fitr et la fin du je\u00fbne r\u00e9v\u00e9l\u00e9e par la Grande Mosqu\u00e9e de Paris\">Ramadan 2026 : La date de l&#8217;A\u00efd el Fitr et la fin du je\u00fbne r\u00e9v\u00e9l\u00e9e par la Grande Mosqu\u00e9e de Paris<\/a><\/li>\n<li style=\"margin-bottom:10px;\"><a href=\"https:\/\/monmaghreb.com\/index.php\/2026\/03\/10\/shawwal-les-6-jours-de-jeune-apres-le-ramadan-guide-complet\/\" style=\"color:#0066cc;text-decoration:none;font-weight:500;\" title=\"Shawwal : les 6 jours de je\u00fbne apr\u00e8s le Ramadan &#8211; Guide complet\">Shawwal : les 6 jours de je\u00fbne apr\u00e8s le Ramadan &#8211; Guide complet<\/a><\/li>\n<li style=\"margin-bottom:10px;\"><a href=\"https:\/\/monmaghreb.com\/index.php\/2026\/03\/09\/comment-preparer-laid-el-fitr-guide-complet-pour-les-familles-maghrebines\/\" style=\"color:#0066cc;text-decoration:none;font-weight:500;\" title=\"Comment pr\u00e9parer l&#8217;A\u00efd el-Fitr : guide complet pour les familles maghr\u00e9bines\">Comment pr\u00e9parer l&#8217;A\u00efd el-Fitr : guide complet pour les familles maghr\u00e9bines<\/a><\/li>\n<li style=\"margin-bottom:10px;\"><a href=\"https:\/\/monmaghreb.com\/index.php\/2026\/03\/09\/douaa-puissantes-pour-les-dernieres-nuits-du-ramadan-un-guide-complet\/\" style=\"color:#0066cc;text-decoration:none;font-weight:500;\" title=\"Douaa puissantes pour les derni\u00e8res nuits du Ramadan : un guide complet\">Douaa puissantes pour les derni\u00e8res nuits du Ramadan : un guide complet<\/a><\/li>\n<\/ul>\n<\/div>\n","protected":false},"excerpt":{"rendered":"<p>D\u00e9couvrez la date de l&#8217;A\u00efd el Fitr en 2026 annonc\u00e9e par la Grande Mosqu\u00e9e de Paris. Accompagnez vos pr\u00e9paratifs !<\/p>\n","protected":false},"author":1,"featured_media":1068,"comment_status":"closed","ping_status":"open","sticky":false,"template":"","format":"standard","meta":{"_yoast_wpseo_focuskw":"","_yoast_wpseo_title":"","_yoast_wpseo_metadesc":"","_yoast_wpseo_canonical":"","_yoast_wpseo_opengraph-title":"","_yoast_wpseo_opengraph-description":"","_yoast_wpseo_opengraph-image":"","tdm_status":"","tdm_grid_status":"","footnotes":""},"categories":[651],"tags":[764,732,817,818,816],"class_list":["post-1070","post","type-post","status-publish","format-standard","has-post-thumbnail","hentry","category-ramadan-iftar","tag-aidelfitrfrance","tag-clothing-guide","tag-grandsmosqueedeparis","tag-musulmans","tag-ramadan2026"],"yoast_head":"<!-- This site is optimized with the Yoast SEO plugin v27.4 - https:\/\/yoast.com\/product\/yoast-seo-wordpress\/ -->\n<title>Ramadan 2026 : D\u00e9couvrez la date de l&#039;A\u00efd el Fitr et la fin du je\u00fbne r\u00e9v\u00e9l\u00e9e par la Grande Mosqu\u00e9e de Paris - Mon Maghreb<\/title>\n<meta name=\"robots\" content=\"index, follow, max-snippet:-1, max-image-preview:large, max-video-preview:-1\" \/>\n<link rel=\"canonical\" href=\"https:\/\/monmaghreb.com\/index.php\/2026\/03\/12\/ramadan-2026-decouvrez-la-date-de-laid-el-fitr-et-la-fin-du-jeune-revelee-par-la-grande-mosquee-de-paris\/\" \/>\n<meta property=\"og:locale\" content=\"en_US\" \/>\n<meta property=\"og:type\" content=\"article\" \/>\n<meta property=\"og:title\" content=\"Ramadan 2026 : D\u00e9couvrez la date de l&#039;A\u00efd el Fitr et la fin du je\u00fbne r\u00e9v\u00e9l\u00e9e par la Grande Mosqu\u00e9e de Paris - Mon Maghreb\" \/>\n<meta property=\"og:description\" content=\"D\u00e9couvrez la date de l&#039;A\u00efd el Fitr en 2026 annonc\u00e9e par la Grande Mosqu\u00e9e de Paris. Accompagnez vos pr\u00e9paratifs !\" \/>\n<meta property=\"og:url\" content=\"https:\/\/monmaghreb.com\/index.php\/2026\/03\/12\/ramadan-2026-decouvrez-la-date-de-laid-el-fitr-et-la-fin-du-jeune-revelee-par-la-grande-mosquee-de-paris\/\" \/>\n<meta property=\"og:site_name\" content=\"Mon Maghreb\" \/>\n<meta property=\"article:author\" content=\"https:\/\/www.facebook.com\/monmaghrebcom\" \/>\n<meta property=\"article:published_time\" content=\"2026-03-12T13:59:10+00:00\" \/>\n<meta property=\"article:modified_time\" content=\"2026-03-12T13:59:17+00:00\" \/>\n<meta property=\"og:image\" content=\"https:\/\/monmaghreb.com\/wp-content\/uploads\/2026\/03\/featured-69.jpg\" \/>\n\t<meta property=\"og:image:width\" content=\"1733\" \/>\n\t<meta property=\"og:image:height\" content=\"1300\" \/>\n\t<meta property=\"og:image:type\" content=\"image\/jpeg\" \/>\n<meta name=\"author\" content=\"LaMagh\" \/>\n<meta name=\"twitter:card\" content=\"summary_large_image\" \/>\n<meta name=\"twitter:creator\" content=\"@MMaghreb50977\" \/>\n<meta name=\"twitter:label1\" content=\"Written by\" \/>\n\t<meta name=\"twitter:data1\" content=\"LaMagh\" \/>\n\t<meta name=\"twitter:label2\" content=\"Est. reading time\" \/>\n\t<meta name=\"twitter:data2\" content=\"5 minutes\" \/>\n<script type=\"application\/ld+json\" class=\"yoast-schema-graph\">{\"@context\":\"https:\\\/\\\/schema.org\",\"@graph\":[{\"@type\":\"Article\",\"@id\":\"https:\\\/\\\/monmaghreb.com\\\/index.php\\\/2026\\\/03\\\/12\\\/ramadan-2026-decouvrez-la-date-de-laid-el-fitr-et-la-fin-du-jeune-revelee-par-la-grande-mosquee-de-paris\\\/#article\",\"isPartOf\":{\"@id\":\"https:\\\/\\\/monmaghreb.com\\\/index.php\\\/2026\\\/03\\\/12\\\/ramadan-2026-decouvrez-la-date-de-laid-el-fitr-et-la-fin-du-jeune-revelee-par-la-grande-mosquee-de-paris\\\/\"},\"author\":{\"name\":\"LaMagh\",\"@id\":\"http:\\\/\\\/monmaghreb.com\\\/#\\\/schema\\\/person\\\/c469a89dc8c6b8987dcb438b1200d054\"},\"headline\":\"Ramadan 2026 : D\u00e9couvrez la date de l&#8217;A\u00efd el Fitr et la fin du je\u00fbne r\u00e9v\u00e9l\u00e9e par la Grande Mosqu\u00e9e de Paris\",\"datePublished\":\"2026-03-12T13:59:10+00:00\",\"dateModified\":\"2026-03-12T13:59:17+00:00\",\"mainEntityOfPage\":{\"@id\":\"https:\\\/\\\/monmaghreb.com\\\/index.php\\\/2026\\\/03\\\/12\\\/ramadan-2026-decouvrez-la-date-de-laid-el-fitr-et-la-fin-du-jeune-revelee-par-la-grande-mosquee-de-paris\\\/\"},\"wordCount\":1073,\"publisher\":{\"@id\":\"http:\\\/\\\/monmaghreb.com\\\/#organization\"},\"image\":{\"@id\":\"https:\\\/\\\/monmaghreb.com\\\/index.php\\\/2026\\\/03\\\/12\\\/ramadan-2026-decouvrez-la-date-de-laid-el-fitr-et-la-fin-du-jeune-revelee-par-la-grande-mosquee-de-paris\\\/#primaryimage\"},\"thumbnailUrl\":\"https:\\\/\\\/monmaghreb.com\\\/wp-content\\\/uploads\\\/2026\\\/03\\\/featured-69.jpg\",\"keywords\":[\"aidelfitrfrance\",\"clothing guide\",\"grandsmosqueedeparis\",\"musulmans\",\"ramadan2026\"],\"articleSection\":[\"Ramadan &amp; Iftar\"],\"inLanguage\":\"en-US\"},{\"@type\":\"WebPage\",\"@id\":\"https:\\\/\\\/monmaghreb.com\\\/index.php\\\/2026\\\/03\\\/12\\\/ramadan-2026-decouvrez-la-date-de-laid-el-fitr-et-la-fin-du-jeune-revelee-par-la-grande-mosquee-de-paris\\\/\",\"url\":\"https:\\\/\\\/monmaghreb.com\\\/index.php\\\/2026\\\/03\\\/12\\\/ramadan-2026-decouvrez-la-date-de-laid-el-fitr-et-la-fin-du-jeune-revelee-par-la-grande-mosquee-de-paris\\\/\",\"name\":\"Ramadan 2026 : D\u00e9couvrez la date de l'A\u00efd el Fitr et la fin du je\u00fbne r\u00e9v\u00e9l\u00e9e par la Grande Mosqu\u00e9e de Paris - Mon Maghreb\",\"isPartOf\":{\"@id\":\"http:\\\/\\\/monmaghreb.com\\\/#website\"},\"primaryImageOfPage\":{\"@id\":\"https:\\\/\\\/monmaghreb.com\\\/index.php\\\/2026\\\/03\\\/12\\\/ramadan-2026-decouvrez-la-date-de-laid-el-fitr-et-la-fin-du-jeune-revelee-par-la-grande-mosquee-de-paris\\\/#primaryimage\"},\"image\":{\"@id\":\"https:\\\/\\\/monmaghreb.com\\\/index.php\\\/2026\\\/03\\\/12\\\/ramadan-2026-decouvrez-la-date-de-laid-el-fitr-et-la-fin-du-jeune-revelee-par-la-grande-mosquee-de-paris\\\/#primaryimage\"},\"thumbnailUrl\":\"https:\\\/\\\/monmaghreb.com\\\/wp-content\\\/uploads\\\/2026\\\/03\\\/featured-69.jpg\",\"datePublished\":\"2026-03-12T13:59:10+00:00\",\"dateModified\":\"2026-03-12T13:59:17+00:00\",\"breadcrumb\":{\"@id\":\"https:\\\/\\\/monmaghreb.com\\\/index.php\\\/2026\\\/03\\\/12\\\/ramadan-2026-decouvrez-la-date-de-laid-el-fitr-et-la-fin-du-jeune-revelee-par-la-grande-mosquee-de-paris\\\/#breadcrumb\"},\"inLanguage\":\"en-US\",\"potentialAction\":[{\"@type\":\"ReadAction\",\"target\":[\"https:\\\/\\\/monmaghreb.com\\\/index.php\\\/2026\\\/03\\\/12\\\/ramadan-2026-decouvrez-la-date-de-laid-el-fitr-et-la-fin-du-jeune-revelee-par-la-grande-mosquee-de-paris\\\/\"]}]},{\"@type\":\"ImageObject\",\"inLanguage\":\"en-US\",\"@id\":\"https:\\\/\\\/monmaghreb.com\\\/index.php\\\/2026\\\/03\\\/12\\\/ramadan-2026-decouvrez-la-date-de-laid-el-fitr-et-la-fin-du-jeune-revelee-par-la-grande-mosquee-de-paris\\\/#primaryimage\",\"url\":\"https:\\\/\\\/monmaghreb.com\\\/wp-content\\\/uploads\\\/2026\\\/03\\\/featured-69.jpg\",\"contentUrl\":\"https:\\\/\\\/monmaghreb.com\\\/wp-content\\\/uploads\\\/2026\\\/03\\\/featured-69.jpg\",\"width\":1733,\"height\":1300,\"caption\":\"Musulmans c\u00e9l\u00e9brant Aid el Fitr devant la Grande Mosqu\u00e9e de Paris\"},{\"@type\":\"BreadcrumbList\",\"@id\":\"https:\\\/\\\/monmaghreb.com\\\/index.php\\\/2026\\\/03\\\/12\\\/ramadan-2026-decouvrez-la-date-de-laid-el-fitr-et-la-fin-du-jeune-revelee-par-la-grande-mosquee-de-paris\\\/#breadcrumb\",\"itemListElement\":[{\"@type\":\"ListItem\",\"position\":1,\"name\":\"Home\",\"item\":\"http:\\\/\\\/monmaghreb.com\\\/\"},{\"@type\":\"ListItem\",\"position\":2,\"name\":\"Ramadan 2026 : D\u00e9couvrez la date de l&#8217;A\u00efd el Fitr et la fin du je\u00fbne r\u00e9v\u00e9l\u00e9e par la Grande Mosqu\u00e9e de Paris\"}]},{\"@type\":\"WebSite\",\"@id\":\"http:\\\/\\\/monmaghreb.com\\\/#website\",\"url\":\"http:\\\/\\\/monmaghreb.com\\\/\",\"name\":\"Mon Maghreb\",\"description\":\"MonMaghreb United\",\"publisher\":{\"@id\":\"http:\\\/\\\/monmaghreb.com\\\/#organization\"},\"alternateName\":\"Le Monde du Maghreb et au del\u00e0\",\"potentialAction\":[{\"@type\":\"SearchAction\",\"target\":{\"@type\":\"EntryPoint\",\"urlTemplate\":\"http:\\\/\\\/monmaghreb.com\\\/?s={search_term_string}\"},\"query-input\":{\"@type\":\"PropertyValueSpecification\",\"valueRequired\":true,\"valueName\":\"search_term_string\"}}],\"inLanguage\":\"en-US\"},{\"@type\":\"Organization\",\"@id\":\"http:\\\/\\\/monmaghreb.com\\\/#organization\",\"name\":\"Mon Maghreb\",\"url\":\"http:\\\/\\\/monmaghreb.com\\\/\",\"logo\":{\"@type\":\"ImageObject\",\"inLanguage\":\"en-US\",\"@id\":\"http:\\\/\\\/monmaghreb.com\\\/#\\\/schema\\\/logo\\\/image\\\/\",\"url\":\"https:\\\/\\\/monmaghreb.com\\\/wp-content\\\/uploads\\\/2025\\\/12\\\/Mon_Maghreb_Logo.jpg\",\"contentUrl\":\"https:\\\/\\\/monmaghreb.com\\\/wp-content\\\/uploads\\\/2025\\\/12\\\/Mon_Maghreb_Logo.jpg\",\"width\":814,\"height\":374,\"caption\":\"Mon Maghreb\"},\"image\":{\"@id\":\"http:\\\/\\\/monmaghreb.com\\\/#\\\/schema\\\/logo\\\/image\\\/\"}},{\"@type\":\"Person\",\"@id\":\"http:\\\/\\\/monmaghreb.com\\\/#\\\/schema\\\/person\\\/c469a89dc8c6b8987dcb438b1200d054\",\"name\":\"LaMagh\",\"image\":{\"@type\":\"ImageObject\",\"inLanguage\":\"en-US\",\"@id\":\"https:\\\/\\\/secure.gravatar.com\\\/avatar\\\/399d8144bd55fba55e056779aca52fe528bac7911f6449e54d81173d6dfd7f0a?s=96&d=mm&r=g\",\"url\":\"https:\\\/\\\/secure.gravatar.com\\\/avatar\\\/399d8144bd55fba55e056779aca52fe528bac7911f6449e54d81173d6dfd7f0a?s=96&d=mm&r=g\",\"contentUrl\":\"https:\\\/\\\/secure.gravatar.com\\\/avatar\\\/399d8144bd55fba55e056779aca52fe528bac7911f6449e54d81173d6dfd7f0a?s=96&d=mm&r=g\",\"caption\":\"LaMagh\"},\"sameAs\":[\"https:\\\/\\\/monmaghreb.com\",\"https:\\\/\\\/www.facebook.com\\\/monmaghrebcom\",\"https:\\\/\\\/x.com\\\/MMaghreb50977\"],\"url\":\"https:\\\/\\\/monmaghreb.com\\\/index.php\\\/author\\\/lamagh\\\/\"}]}<\/script>\n<!-- \/ Yoast SEO plugin. -->","yoast_head_json":{"title":"Ramadan 2026 : D\u00e9couvrez la date de l'A\u00efd el Fitr et la fin du je\u00fbne r\u00e9v\u00e9l\u00e9e par la Grande Mosqu\u00e9e de Paris - Mon Maghreb","robots":{"index":"index","follow":"follow","max-snippet":"max-snippet:-1","max-image-preview":"max-image-preview:large","max-video-preview":"max-video-preview:-1"},"canonical":"https:\/\/monmaghreb.com\/index.php\/2026\/03\/12\/ramadan-2026-decouvrez-la-date-de-laid-el-fitr-et-la-fin-du-jeune-revelee-par-la-grande-mosquee-de-paris\/","og_locale":"en_US","og_type":"article","og_title":"Ramadan 2026 : D\u00e9couvrez la date de l'A\u00efd el Fitr et la fin du je\u00fbne r\u00e9v\u00e9l\u00e9e par la Grande Mosqu\u00e9e de Paris - Mon Maghreb","og_description":"D\u00e9couvrez la date de l'A\u00efd el Fitr en 2026 annonc\u00e9e par la Grande Mosqu\u00e9e de Paris. Accompagnez vos pr\u00e9paratifs !","og_url":"https:\/\/monmaghreb.com\/index.php\/2026\/03\/12\/ramadan-2026-decouvrez-la-date-de-laid-el-fitr-et-la-fin-du-jeune-revelee-par-la-grande-mosquee-de-paris\/","og_site_name":"Mon Maghreb","article_author":"https:\/\/www.facebook.com\/monmaghrebcom","article_published_time":"2026-03-12T13:59:10+00:00","article_modified_time":"2026-03-12T13:59:17+00:00","og_image":[{"width":1733,"height":1300,"url":"https:\/\/monmaghreb.com\/wp-content\/uploads\/2026\/03\/featured-69.jpg","type":"image\/jpeg"}],"author":"LaMagh","twitter_card":"summary_large_image","twitter_creator":"@MMaghreb50977","twitter_misc":{"Written by":"LaMagh","Est. reading time":"5 minutes"},"schema":{"@context":"https:\/\/schema.org","@graph":[{"@type":"Article","@id":"https:\/\/monmaghreb.com\/index.php\/2026\/03\/12\/ramadan-2026-decouvrez-la-date-de-laid-el-fitr-et-la-fin-du-jeune-revelee-par-la-grande-mosquee-de-paris\/#article","isPartOf":{"@id":"https:\/\/monmaghreb.com\/index.php\/2026\/03\/12\/ramadan-2026-decouvrez-la-date-de-laid-el-fitr-et-la-fin-du-jeune-revelee-par-la-grande-mosquee-de-paris\/"},"author":{"name":"LaMagh","@id":"http:\/\/monmaghreb.com\/#\/schema\/person\/c469a89dc8c6b8987dcb438b1200d054"},"headline":"Ramadan 2026 : D\u00e9couvrez la date de l&#8217;A\u00efd el Fitr et la fin du je\u00fbne r\u00e9v\u00e9l\u00e9e par la Grande Mosqu\u00e9e de Paris","datePublished":"2026-03-12T13:59:10+00:00","dateModified":"2026-03-12T13:59:17+00:00","mainEntityOfPage":{"@id":"https:\/\/monmaghreb.com\/index.php\/2026\/03\/12\/ramadan-2026-decouvrez-la-date-de-laid-el-fitr-et-la-fin-du-jeune-revelee-par-la-grande-mosquee-de-paris\/"},"wordCount":1073,"publisher":{"@id":"http:\/\/monmaghreb.com\/#organization"},"image":{"@id":"https:\/\/monmaghreb.com\/index.php\/2026\/03\/12\/ramadan-2026-decouvrez-la-date-de-laid-el-fitr-et-la-fin-du-jeune-revelee-par-la-grande-mosquee-de-paris\/#primaryimage"},"thumbnailUrl":"https:\/\/monmaghreb.com\/wp-content\/uploads\/2026\/03\/featured-69.jpg","keywords":["aidelfitrfrance","clothing guide","grandsmosqueedeparis","musulmans","ramadan2026"],"articleSection":["Ramadan &amp; Iftar"],"inLanguage":"en-US"},{"@type":"WebPage","@id":"https:\/\/monmaghreb.com\/index.php\/2026\/03\/12\/ramadan-2026-decouvrez-la-date-de-laid-el-fitr-et-la-fin-du-jeune-revelee-par-la-grande-mosquee-de-paris\/","url":"https:\/\/monmaghreb.com\/index.php\/2026\/03\/12\/ramadan-2026-decouvrez-la-date-de-laid-el-fitr-et-la-fin-du-jeune-revelee-par-la-grande-mosquee-de-paris\/","name":"Ramadan 2026 : D\u00e9couvrez la date de l'A\u00efd el Fitr et la fin du je\u00fbne r\u00e9v\u00e9l\u00e9e par la Grande Mosqu\u00e9e de Paris - Mon Maghreb","isPartOf":{"@id":"http:\/\/monmaghreb.com\/#website"},"primaryImageOfPage":{"@id":"https:\/\/monmaghreb.com\/index.php\/2026\/03\/12\/ramadan-2026-decouvrez-la-date-de-laid-el-fitr-et-la-fin-du-jeune-revelee-par-la-grande-mosquee-de-paris\/#primaryimage"},"image":{"@id":"https:\/\/monmaghreb.com\/index.php\/2026\/03\/12\/ramadan-2026-decouvrez-la-date-de-laid-el-fitr-et-la-fin-du-jeune-revelee-par-la-grande-mosquee-de-paris\/#primaryimage"},"thumbnailUrl":"https:\/\/monmaghreb.com\/wp-content\/uploads\/2026\/03\/featured-69.jpg","datePublished":"2026-03-12T13:59:10+00:00","dateModified":"2026-03-12T13:59:17+00:00","breadcrumb":{"@id":"https:\/\/monmaghreb.com\/index.php\/2026\/03\/12\/ramadan-2026-decouvrez-la-date-de-laid-el-fitr-et-la-fin-du-jeune-revelee-par-la-grande-mosquee-de-paris\/#breadcrumb"},"inLanguage":"en-US","potentialAction":[{"@type":"ReadAction","target":["https:\/\/monmaghreb.com\/index.php\/2026\/03\/12\/ramadan-2026-decouvrez-la-date-de-laid-el-fitr-et-la-fin-du-jeune-revelee-par-la-grande-mosquee-de-paris\/"]}]},{"@type":"ImageObject","inLanguage":"en-US","@id":"https:\/\/monmaghreb.com\/index.php\/2026\/03\/12\/ramadan-2026-decouvrez-la-date-de-laid-el-fitr-et-la-fin-du-jeune-revelee-par-la-grande-mosquee-de-paris\/#primaryimage","url":"https:\/\/monmaghreb.com\/wp-content\/uploads\/2026\/03\/featured-69.jpg","contentUrl":"https:\/\/monmaghreb.com\/wp-content\/uploads\/2026\/03\/featured-69.jpg","width":1733,"height":1300,"caption":"Musulmans c\u00e9l\u00e9brant Aid el Fitr devant la Grande Mosqu\u00e9e de Paris"},{"@type":"BreadcrumbList","@id":"https:\/\/monmaghreb.com\/index.php\/2026\/03\/12\/ramadan-2026-decouvrez-la-date-de-laid-el-fitr-et-la-fin-du-jeune-revelee-par-la-grande-mosquee-de-paris\/#breadcrumb","itemListElement":[{"@type":"ListItem","position":1,"name":"Home","item":"http:\/\/monmaghreb.com\/"},{"@type":"ListItem","position":2,"name":"Ramadan 2026 : D\u00e9couvrez la date de l&#8217;A\u00efd el Fitr et la fin du je\u00fbne r\u00e9v\u00e9l\u00e9e par la Grande Mosqu\u00e9e de Paris"}]},{"@type":"WebSite","@id":"http:\/\/monmaghreb.com\/#website","url":"http:\/\/monmaghreb.com\/","name":"Mon Maghreb","description":"MonMaghreb United","publisher":{"@id":"http:\/\/monmaghreb.com\/#organization"},"alternateName":"Le Monde du Maghreb et au del\u00e0","potentialAction":[{"@type":"SearchAction","target":{"@type":"EntryPoint","urlTemplate":"http:\/\/monmaghreb.com\/?s={search_term_string}"},"query-input":{"@type":"PropertyValueSpecification","valueRequired":true,"valueName":"search_term_string"}}],"inLanguage":"en-US"},{"@type":"Organization","@id":"http:\/\/monmaghreb.com\/#organization","name":"Mon Maghreb","url":"http:\/\/monmaghreb.com\/","logo":{"@type":"ImageObject","inLanguage":"en-US","@id":"http:\/\/monmaghreb.com\/#\/schema\/logo\/image\/","url":"https:\/\/monmaghreb.com\/wp-content\/uploads\/2025\/12\/Mon_Maghreb_Logo.jpg","contentUrl":"https:\/\/monmaghreb.com\/wp-content\/uploads\/2025\/12\/Mon_Maghreb_Logo.jpg","width":814,"height":374,"caption":"Mon Maghreb"},"image":{"@id":"http:\/\/monmaghreb.com\/#\/schema\/logo\/image\/"}},{"@type":"Person","@id":"http:\/\/monmaghreb.com\/#\/schema\/person\/c469a89dc8c6b8987dcb438b1200d054","name":"LaMagh","image":{"@type":"ImageObject","inLanguage":"en-US","@id":"https:\/\/secure.gravatar.com\/avatar\/399d8144bd55fba55e056779aca52fe528bac7911f6449e54d81173d6dfd7f0a?s=96&d=mm&r=g","url":"https:\/\/secure.gravatar.com\/avatar\/399d8144bd55fba55e056779aca52fe528bac7911f6449e54d81173d6dfd7f0a?s=96&d=mm&r=g","contentUrl":"https:\/\/secure.gravatar.com\/avatar\/399d8144bd55fba55e056779aca52fe528bac7911f6449e54d81173d6dfd7f0a?s=96&d=mm&r=g","caption":"LaMagh"},"sameAs":["https:\/\/monmaghreb.com","https:\/\/www.facebook.com\/monmaghrebcom","https:\/\/x.com\/MMaghreb50977"],"url":"https:\/\/monmaghreb.com\/index.php\/author\/lamagh\/"}]}},"_links":{"self":[{"href":"https:\/\/monmaghreb.com\/index.php\/wp-json\/wp\/v2\/posts\/1070","targetHints":{"allow":["GET"]}}],"collection":[{"href":"https:\/\/monmaghreb.com\/index.php\/wp-json\/wp\/v2\/posts"}],"about":[{"href":"https:\/\/monmaghreb.com\/index.php\/wp-json\/wp\/v2\/types\/post"}],"author":[{"embeddable":true,"href":"https:\/\/monmaghreb.com\/index.php\/wp-json\/wp\/v2\/users\/1"}],"replies":[{"embeddable":true,"href":"https:\/\/monmaghreb.com\/index.php\/wp-json\/wp\/v2\/comments?post=1070"}],"version-history":[{"count":1,"href":"https:\/\/monmaghreb.com\/index.php\/wp-json\/wp\/v2\/posts\/1070\/revisions"}],"predecessor-version":[{"id":1071,"href":"https:\/\/monmaghreb.com\/index.php\/wp-json\/wp\/v2\/posts\/1070\/revisions\/1071"}],"wp:featuredmedia":[{"embeddable":true,"href":"https:\/\/monmaghreb.com\/index.php\/wp-json\/wp\/v2\/media\/1068"}],"wp:attachment":[{"href":"https:\/\/monmaghreb.com\/index.php\/wp-json\/wp\/v2\/media?parent=1070"}],"wp:term":[{"taxonomy":"category","embeddable":true,"href":"https:\/\/monmaghreb.com\/index.php\/wp-json\/wp\/v2\/categories?post=1070"},{"taxonomy":"post_tag","embeddable":true,"href":"https:\/\/monmaghreb.com\/index.php\/wp-json\/wp\/v2\/tags?post=1070"}],"curies":[{"name":"wp","href":"https:\/\/api.w.org\/{rel}","templated":true}]}}