{"id":1080,"date":"2026-03-12T16:58:25","date_gmt":"2026-03-12T16:58:25","guid":{"rendered":"https:\/\/monmaghreb.com\/index.php\/2026\/03\/12\/careme-et-ramadan-la-cuisine-qui-accompagne-le-jeune-des-chretiens-et-des-musulmans\/"},"modified":"2026-03-12T16:58:31","modified_gmt":"2026-03-12T16:58:31","slug":"careme-et-ramadan-la-cuisine-qui-accompagne-le-jeune-des-chretiens-et-des-musulmans","status":"publish","type":"post","link":"https:\/\/monmaghreb.com\/index.php\/2026\/03\/12\/careme-et-ramadan-la-cuisine-qui-accompagne-le-jeune-des-chretiens-et-des-musulmans\/","title":{"rendered":"Car\u00eame et Ramadan : la cuisine qui accompagne le je\u00fbne des chr\u00e9tiens et des musulmans"},"content":{"rendered":"<p><!DOCTYPE html><br \/>\n<html lang='fr'><br \/>\n<head><br \/>\n <meta charset='UTF-8'><br \/>\n <meta name='viewport' content='width=device-width, initial-scale=1.0'><br \/>\n <title>Car\u00eame et <a href=\"https:\/\/monmaghreb.com\/index.php\/2026\/03\/10\/shawwal-les-6-jours-de-jeune-apres-le-ramadan-guide-complet\/\" title=\"Shawwal : les 6 jours de je\u00fbne apr\u00e8s le Ramadan &#8211; Guide complet\">Ramadan<\/a> : la cuisine qui accompagne le je\u00fbne des chr\u00e9tiens et des musulmans<\/title><br \/>\n<\/head><br \/>\n<body><\/p>\n<h1>Car\u00eame et Ramadan : la cuisine qui accompagne le je\u00fbne des chr\u00e9tiens et des musulmans<\/h1>\n<p> <script type=\"application\/ld+json\">\n{\n  \"@context\": \"https:\/\/schema.org\/\",\n  \"@type\": \"Recipe\",\n  \"name\": \"Car\u00eame et Ramadan : la cuisine qui accompagne le je\u00fbne des chr\u00e9tiens et des musulmans\",\n  \"description\": \"Cette cuisine est inspir\u00e9e des p\u00e9riodes de je\u00fbne importantes dans les cultures maghr\u00e9bines, le Car\u00eame pour les chr\u00e9tiens et le Ramadan pour les musulmans. Les aliments sains et simples sont mis en avant pour le Car\u00eame, tandis que la cuisine aromatique et abondante est traditionnelle pour le Ramadan.\",\n  \"prepTime\": \"PT15M\",\n  \"cookTime\": \"PT30M\",\n  \"totalTime\": \"PT45M\",\n  \"recipeYield\": \"4 portions\",\n  \"recipeIngredient\": [\n    \"200g semoule\"\n  ],\n  \"recipeInstructions\": [\n    {\n      \"@type\": \"HowToStep\",\n      \"text\": \"\u00c9tape 1: ...\"\n    }\n  ],\n  \"recipeCategory\": \"Main Course\",\n  \"recipeCuisine\": \"Marocaine\",\n  \"keywords\": \"recette, maghreb\",\n  \"datePublished\": \"2026-03-12\",\n  \"author\": {\n    \"@type\": \"Organization\",\n    \"name\": \"\"\n  },\n  \"nutrition\": {\n    \"@type\": \"NutritionInformation\",\n    \"calories\": \"350 calories\"\n  }\n}\n<\/script><\/p>\n<p>Le Car\u00eame et le Ramadan sont deux p\u00e9riodes de je\u00fbne qui ont une importance majeure dans les cultures maghr\u00e9bines. Malgr\u00e9 leurs diff\u00e9rences religieuses, ces p\u00e9riodes de je\u00fbne peuvent \u00eatre consid\u00e9r\u00e9es comme un appel \u00e0 la r\u00e9flexion, \u00e0 la pri\u00e8re et \u00e0 la charit\u00e9. Cette r\u00e9flexion n&#8217;est pas limit\u00e9e aux aspects religieux mais s&#8217;\u00e9tend \u00e9galement \u00e0 l&#8217;aspect culinaire. Pour les catholiques, le Car\u00eame est un temps pour se tourner vers la pri\u00e8re et la m\u00e9ditation, tandis que pour les musulmans, le Ramadan est un moment pour se concentrer sur la lecture du Coran et la pri\u00e8re.<\/p>\n<h2>Le je\u00fbne du Car\u00eame : les aliments sains et la cuisine simplicit\u00e9<\/h2>\n<p>Le Car\u00eame est un je\u00fbne chr\u00e9tien qui dure 40 jours et symbolise la souffrance de J\u00e9sus-Christ durant sa Passion. Les catholiques et les orthodoxes sont invit\u00e9s \u00e0 je\u00fbner de nourriture solide du lundi au vendredi et \u00e0 ne consommer que des aliments simples et sains les samedis et dimanches. Cette p\u00e9riode de je\u00fbne est un moment pour se tourner vers la spiritualit\u00e9 et pour r\u00e9fl\u00e9chir \u00e0 la gratitude envers les aliments.<\/p>\n<p>La cuisine du Car\u00eame est simple et saine, avec une grande utilisation de l\u00e9gumes, de poissons et d&#8217;autres aliments riches en prot\u00e9ines et en vitamines. Les recettes traditionnelles incluent des plats tels que les poissons frits, les pur\u00e9es de l\u00e9gumes et les salades. Les catholiques maghr\u00e9bins de la diaspora ont adopt\u00e9 ces recettes et les ont adapt\u00e9es \u00e0 leurs propres ingr\u00e9dients et traditions.<\/p>\n<p>Les plats traditionnels pr\u00e9par\u00e9s pendant le Car\u00eame sont souvent des moments de partage et de convivialit\u00e9 pour les catholiques maghr\u00e9bins de la diaspora. Les familles et les amis se r\u00e9unissent pour partager des repas sains et simples, tout en r\u00e9fl\u00e9chissant \u00e0 la spiritualit\u00e9 et \u00e0 la gratitude.<\/p>\n<h2>Le je\u00fbne du Ramadan : la cuisine aromatique et abondante<\/h2>\n<p>Le Ramadan est un mois saint dans l&#8217;islam, durant lequel les musulmans je\u00fbnent de l&#8217;aube \u00e0 la nuit tomb\u00e9e. La cuisine du Ramadan est traditionnellement aromatique et abondante, avec une grande utilisation de produits locaux et de sp\u00e9cialit\u00e9s r\u00e9gionales. Les plats traditionnels pr\u00e9par\u00e9s pendant le Ramadan sont souvent des moments de r\u00e9union et de convivialit\u00e9 pour les musulmans de la diaspora maghr\u00e9bine.<\/p>\n<p>Pendant le Ramadan, les musulmans de la diaspora maghr\u00e9bine se r\u00e9unissent pour c\u00e9l\u00e9brer le Iftar, le repas qui termine le je\u00fbne quotidien. Ce repas est traditionnellement un moment de r\u00e9union et de convivialit\u00e9, avec une grande vari\u00e9t\u00e9 de plats, de fruits et de desserts. Les plats traditionnels du Ramadan incluent des sp\u00e9cialit\u00e9s telles que les couscous, les tagines et les brochettes, ainsi que des plats plus simples tels que la bouillabaisse maghr\u00e9bine et le harcha.<\/p>\n<h2>Les recettes communautaires<\/h2>\n<p>Les recettes de cuisine des p\u00e9riodes de je\u00fbne sont souvent des moments de rassemblement et de partage communautaire. Les catholiques et les musulmans de la diaspora maghr\u00e9bine peuvent se rassembler pour pr\u00e9parer et partager des plats traditionnels. Cette participation peut \u00eatre un moyen de maintenir un lien avec la culture et les traditions maghr\u00e9bines.<\/p>\n<p>Les r\u00e9unions de cuisine sont \u00e9galement un moyen de maintenir un lien avec la spiritualit\u00e9 et la communaut\u00e9. Ces r\u00e9unions permettent aux catholiques et aux musulmans de se rencontrer, de se partager et de se soutenir.<\/p>\n<h2>La tradition de la cuisine<\/h2>\n<p>La cuisine traditionnelle des p\u00e9riodes de je\u00fbne est une source d&#8217;orgueil et de fiert\u00e9 pour les catholiques et les musulmans maghr\u00e9bins. Ces recettes sont souvent un h\u00e9ritage de g\u00e9n\u00e9ration en g\u00e9n\u00e9ration et sont consid\u00e9r\u00e9es comme un patrimoine culturel et culinaire.<\/p>\n<p>Pour les catholiques et les musulmans maghr\u00e9bins de la diaspora, la tradition de la cuisine est un moyen de maintenir un lien avec leur patrie et de transmettre leurs traditions \u00e0 leurs enfants. Les plats traditionnels pr\u00e9par\u00e9s pendant le Car\u00eame et le Ramadan sont des moments de partage et de convivialit\u00e9 pour les catholiques et les musulmans de la diaspora maghr\u00e9bine.<\/p>\n<h2>L&#8217;appel \u00e0 l&#8217;action<\/h2>\n<p>Le Car\u00eame et le Ramadan sont des p\u00e9riodes de je\u00fbne importantes dans les cultures maghr\u00e9bines. Les catholiques et les musulmans peuvent \u00eatre appel\u00e9s \u00e0 je\u00fbner et \u00e0 prier, mais ils peuvent \u00e9galement \u00eatre appel\u00e9s \u00e0 participer \u00e0 la cuisine traditionnelle et communautaire.<\/p>\n<p>Si vous \u00eates un catholique ou un musulman maghr\u00e9bin de la diaspora, je vous encourage \u00e0 participer \u00e0 des r\u00e9unions de cuisine et \u00e0 partager des plats traditionnels. Cette participation peut \u00eatre un moyen de maintenir un lien avec votre patrie et de transmettre vos traditions \u00e0 vos enfants. Vous pouvez \u00e9galement partager vos propres recettes et traditions avec vos voisins et amis, tout en r\u00e9fl\u00e9chissant \u00e0 la spiritualit\u00e9 et \u00e0 la communaut\u00e9.<\/p>\n<p>Enfin, je vous encourage \u00e0 pr\u00e9parer et \u00e0 partager des plats traditionnels pendant le Car\u00eame et le Ramadan. Cela peut \u00eatre un moyen de vous tourner vers la spiritualit\u00e9 et de vous sentir connect\u00e9 \u00e0 votre communaut\u00e9.<\/p>\n<div style=\"background:#f8f9fa;border-left:4px solid #0066cc;border-radius:6px;padding:20px 24px;margin:32px 0;\">\n<p style=\"font-size:13px;color:#888;text-transform:uppercase;letter-spacing:0.8px;margin:0 0 6px 0;\">Vous pourriez aussi aimer<\/p>\n<h3 style=\"font-size:18px;margin:0 0 14px 0;color:#222;\">Articles similaires<\/h3>\n<ul style=\"margin:0;padding-left:20px;list-style:disc;\">\n<li style=\"margin-bottom:10px;\"><a href=\"https:\/\/monmaghreb.com\/index.php\/2026\/03\/10\/shawwal-les-6-jours-de-jeune-apres-le-ramadan-guide-complet\/\" style=\"color:#0066cc;text-decoration:none;font-weight:500;\" title=\"Shawwal : les 6 jours de je\u00fbne apr\u00e8s le Ramadan &#8211; Guide complet\">Shawwal : les 6 jours de je\u00fbne apr\u00e8s le Ramadan &#8211; Guide complet<\/a><\/li>\n<li style=\"margin-bottom:10px;\"><a href=\"https:\/\/monmaghreb.com\/index.php\/2026\/03\/12\/ramadan-2026-decouvrez-la-date-de-laid-el-fitr-et-la-fin-du-jeune-revelee-par-la-grande-mosquee-de-paris\/\" style=\"color:#0066cc;text-decoration:none;font-weight:500;\" title=\"Ramadan 2026 : D\u00e9couvrez la date de l&#8217;A\u00efd el Fitr et la fin du je\u00fbne r\u00e9v\u00e9l\u00e9e par la Grande Mosqu\u00e9e de Paris\">Ramadan 2026 : D\u00e9couvrez la date de l&#8217;A\u00efd el Fitr et la fin du je\u00fbne r\u00e9v\u00e9l\u00e9e par la Grande Mosqu\u00e9e de Paris<\/a><\/li>\n<li style=\"margin-bottom:10px;\"><a href=\"https:\/\/monmaghreb.com\/index.php\/2026\/03\/12\/ramadan-2026-la-date-de-laid-el-fitr-et-la-fin-du-jeune-revelee-par-la-grande-mosquee-de-paris\/\" style=\"color:#0066cc;text-decoration:none;font-weight:500;\" title=\"Ramadan 2026 : La date de l&#8217;A\u00efd el Fitr et la fin du je\u00fbne r\u00e9v\u00e9l\u00e9e par la Grande Mosqu\u00e9e de Paris\">Ramadan 2026 : La date de l&#8217;A\u00efd el Fitr et la fin du je\u00fbne r\u00e9v\u00e9l\u00e9e par la Grande Mosqu\u00e9e de Paris<\/a><\/li>\n<li style=\"margin-bottom:10px;\"><a href=\"https:\/\/monmaghreb.com\/index.php\/2026\/03\/10\/sellou-sfouf-la-recette-marocaine-incontournable-du-ramadan\/\" style=\"color:#0066cc;text-decoration:none;font-weight:500;\" title=\"Sellou (sfouf) : la recette marocaine incontournable du Ramadan\">Sellou (sfouf) : la recette marocaine incontournable du Ramadan<\/a><\/li>\n<li style=\"margin-bottom:10px;\"><a href=\"https:\/\/monmaghreb.com\/index.php\/2026\/03\/09\/douaa-puissantes-pour-les-dernieres-nuits-du-ramadan-un-guide-complet\/\" style=\"color:#0066cc;text-decoration:none;font-weight:500;\" title=\"Douaa puissantes pour les derni\u00e8res nuits du Ramadan : un guide complet\">Douaa puissantes pour les derni\u00e8res nuits du Ramadan : un guide complet<\/a><\/li>\n<\/ul>\n<\/div>\n<p><\/body><br \/>\n<\/html><\/p>\n","protected":false},"excerpt":{"rendered":"<p>D\u00e9couvrez la cuisine qui accompagne le je\u00fbne des chr\u00e9tiens et des musulmans pendant Car\u00eame et Ramadan. Apprenez \u00e0 pr\u00e9parer des plats maghr\u00e9bins uniques.<\/p>\n","protected":false},"author":1,"featured_media":1078,"comment_status":"closed","ping_status":"open","sticky":false,"template":"","format":"standard","meta":{"_yoast_wpseo_focuskw":"","_yoast_wpseo_title":"","_yoast_wpseo_metadesc":"","_yoast_wpseo_canonical":"","_yoast_wpseo_opengraph-title":"","_yoast_wpseo_opengraph-description":"","_yoast_wpseo_opengraph-image":"","tdm_status":"","tdm_grid_status":"","footnotes":""},"categories":[651],"tags":[823,557,556,824,715],"class_list":["post-1080","post","type-post","status-publish","format-standard","has-post-thumbnail","hentry","category-ramadan-iftar","tag-careme-et-ramadan","tag-cuisine-maghrebine","tag-guide-pratique","tag-jeune","tag-maghrebin-recette"],"yoast_head":"<!-- This site is optimized with the Yoast SEO plugin v27.4 - https:\/\/yoast.com\/product\/yoast-seo-wordpress\/ -->\n<title>Car\u00eame et Ramadan : la cuisine qui accompagne le je\u00fbne des chr\u00e9tiens et des musulmans - Mon Maghreb<\/title>\n<meta name=\"robots\" content=\"index, follow, max-snippet:-1, max-image-preview:large, max-video-preview:-1\" \/>\n<link rel=\"canonical\" href=\"https:\/\/monmaghreb.com\/index.php\/2026\/03\/12\/careme-et-ramadan-la-cuisine-qui-accompagne-le-jeune-des-chretiens-et-des-musulmans\/\" \/>\n<meta property=\"og:locale\" content=\"en_US\" \/>\n<meta property=\"og:type\" content=\"article\" \/>\n<meta property=\"og:title\" content=\"Car\u00eame et Ramadan : la cuisine qui accompagne le je\u00fbne des chr\u00e9tiens et des musulmans - Mon Maghreb\" \/>\n<meta property=\"og:description\" content=\"D\u00e9couvrez la cuisine qui accompagne le je\u00fbne des chr\u00e9tiens et des musulmans pendant Car\u00eame et Ramadan. Apprenez \u00e0 pr\u00e9parer des plats maghr\u00e9bins uniques.\" \/>\n<meta property=\"og:url\" content=\"https:\/\/monmaghreb.com\/index.php\/2026\/03\/12\/careme-et-ramadan-la-cuisine-qui-accompagne-le-jeune-des-chretiens-et-des-musulmans\/\" \/>\n<meta property=\"og:site_name\" content=\"Mon Maghreb\" \/>\n<meta property=\"article:author\" content=\"https:\/\/www.facebook.com\/monmaghrebcom\" \/>\n<meta property=\"article:published_time\" content=\"2026-03-12T16:58:25+00:00\" \/>\n<meta property=\"article:modified_time\" content=\"2026-03-12T16:58:31+00:00\" \/>\n<meta property=\"og:image\" content=\"https:\/\/monmaghreb.com\/wp-content\/uploads\/2026\/03\/featured-72.jpg\" \/>\n\t<meta property=\"og:image:width\" content=\"1880\" \/>\n\t<meta property=\"og:image:height\" content=\"1253\" \/>\n\t<meta property=\"og:image:type\" content=\"image\/jpeg\" \/>\n<meta name=\"author\" content=\"LaMagh\" \/>\n<meta name=\"twitter:card\" content=\"summary_large_image\" \/>\n<meta name=\"twitter:creator\" content=\"@MMaghreb50977\" \/>\n<meta name=\"twitter:label1\" content=\"Written by\" \/>\n\t<meta name=\"twitter:data1\" content=\"LaMagh\" \/>\n\t<meta name=\"twitter:label2\" content=\"Est. reading time\" \/>\n\t<meta name=\"twitter:data2\" content=\"5 minutes\" \/>\n<script type=\"application\/ld+json\" class=\"yoast-schema-graph\">{\"@context\":\"https:\\\/\\\/schema.org\",\"@graph\":[{\"@type\":\"Article\",\"@id\":\"https:\\\/\\\/monmaghreb.com\\\/index.php\\\/2026\\\/03\\\/12\\\/careme-et-ramadan-la-cuisine-qui-accompagne-le-jeune-des-chretiens-et-des-musulmans\\\/#article\",\"isPartOf\":{\"@id\":\"https:\\\/\\\/monmaghreb.com\\\/index.php\\\/2026\\\/03\\\/12\\\/careme-et-ramadan-la-cuisine-qui-accompagne-le-jeune-des-chretiens-et-des-musulmans\\\/\"},\"author\":{\"name\":\"LaMagh\",\"@id\":\"http:\\\/\\\/monmaghreb.com\\\/#\\\/schema\\\/person\\\/c469a89dc8c6b8987dcb438b1200d054\"},\"headline\":\"Car\u00eame et Ramadan : la cuisine qui accompagne le je\u00fbne des chr\u00e9tiens et des musulmans\",\"datePublished\":\"2026-03-12T16:58:25+00:00\",\"dateModified\":\"2026-03-12T16:58:31+00:00\",\"mainEntityOfPage\":{\"@id\":\"https:\\\/\\\/monmaghreb.com\\\/index.php\\\/2026\\\/03\\\/12\\\/careme-et-ramadan-la-cuisine-qui-accompagne-le-jeune-des-chretiens-et-des-musulmans\\\/\"},\"wordCount\":1011,\"publisher\":{\"@id\":\"http:\\\/\\\/monmaghreb.com\\\/#organization\"},\"image\":{\"@id\":\"https:\\\/\\\/monmaghreb.com\\\/index.php\\\/2026\\\/03\\\/12\\\/careme-et-ramadan-la-cuisine-qui-accompagne-le-jeune-des-chretiens-et-des-musulmans\\\/#primaryimage\"},\"thumbnailUrl\":\"https:\\\/\\\/monmaghreb.com\\\/wp-content\\\/uploads\\\/2026\\\/03\\\/featured-72.jpg\",\"keywords\":[\"car\u00eame et ramadan\",\"cuisine maghr\u00e9bine\",\"guide pratique\",\"je\u00fbne\",\"maghrebin recette\"],\"articleSection\":[\"Ramadan &amp; Iftar\"],\"inLanguage\":\"en-US\"},{\"@type\":\"WebPage\",\"@id\":\"https:\\\/\\\/monmaghreb.com\\\/index.php\\\/2026\\\/03\\\/12\\\/careme-et-ramadan-la-cuisine-qui-accompagne-le-jeune-des-chretiens-et-des-musulmans\\\/\",\"url\":\"https:\\\/\\\/monmaghreb.com\\\/index.php\\\/2026\\\/03\\\/12\\\/careme-et-ramadan-la-cuisine-qui-accompagne-le-jeune-des-chretiens-et-des-musulmans\\\/\",\"name\":\"Car\u00eame et Ramadan : la cuisine qui accompagne le je\u00fbne des chr\u00e9tiens et des musulmans - Mon Maghreb\",\"isPartOf\":{\"@id\":\"http:\\\/\\\/monmaghreb.com\\\/#website\"},\"primaryImageOfPage\":{\"@id\":\"https:\\\/\\\/monmaghreb.com\\\/index.php\\\/2026\\\/03\\\/12\\\/careme-et-ramadan-la-cuisine-qui-accompagne-le-jeune-des-chretiens-et-des-musulmans\\\/#primaryimage\"},\"image\":{\"@id\":\"https:\\\/\\\/monmaghreb.com\\\/index.php\\\/2026\\\/03\\\/12\\\/careme-et-ramadan-la-cuisine-qui-accompagne-le-jeune-des-chretiens-et-des-musulmans\\\/#primaryimage\"},\"thumbnailUrl\":\"https:\\\/\\\/monmaghreb.com\\\/wp-content\\\/uploads\\\/2026\\\/03\\\/featured-72.jpg\",\"datePublished\":\"2026-03-12T16:58:25+00:00\",\"dateModified\":\"2026-03-12T16:58:31+00:00\",\"breadcrumb\":{\"@id\":\"https:\\\/\\\/monmaghreb.com\\\/index.php\\\/2026\\\/03\\\/12\\\/careme-et-ramadan-la-cuisine-qui-accompagne-le-jeune-des-chretiens-et-des-musulmans\\\/#breadcrumb\"},\"inLanguage\":\"en-US\",\"potentialAction\":[{\"@type\":\"ReadAction\",\"target\":[\"https:\\\/\\\/monmaghreb.com\\\/index.php\\\/2026\\\/03\\\/12\\\/careme-et-ramadan-la-cuisine-qui-accompagne-le-jeune-des-chretiens-et-des-musulmans\\\/\"]}]},{\"@type\":\"ImageObject\",\"inLanguage\":\"en-US\",\"@id\":\"https:\\\/\\\/monmaghreb.com\\\/index.php\\\/2026\\\/03\\\/12\\\/careme-et-ramadan-la-cuisine-qui-accompagne-le-jeune-des-chretiens-et-des-musulmans\\\/#primaryimage\",\"url\":\"https:\\\/\\\/monmaghreb.com\\\/wp-content\\\/uploads\\\/2026\\\/03\\\/featured-72.jpg\",\"contentUrl\":\"https:\\\/\\\/monmaghreb.com\\\/wp-content\\\/uploads\\\/2026\\\/03\\\/featured-72.jpg\",\"width\":1880,\"height\":1253,\"caption\":\"Famille maghr\u00e9bine pr\u00e9parant des plats pour Car\u00eame et Ramadan\"},{\"@type\":\"BreadcrumbList\",\"@id\":\"https:\\\/\\\/monmaghreb.com\\\/index.php\\\/2026\\\/03\\\/12\\\/careme-et-ramadan-la-cuisine-qui-accompagne-le-jeune-des-chretiens-et-des-musulmans\\\/#breadcrumb\",\"itemListElement\":[{\"@type\":\"ListItem\",\"position\":1,\"name\":\"Home\",\"item\":\"http:\\\/\\\/monmaghreb.com\\\/\"},{\"@type\":\"ListItem\",\"position\":2,\"name\":\"Car\u00eame et Ramadan : la cuisine qui accompagne le je\u00fbne des chr\u00e9tiens et des musulmans\"}]},{\"@type\":\"WebSite\",\"@id\":\"http:\\\/\\\/monmaghreb.com\\\/#website\",\"url\":\"http:\\\/\\\/monmaghreb.com\\\/\",\"name\":\"Mon Maghreb\",\"description\":\"MonMaghreb United\",\"publisher\":{\"@id\":\"http:\\\/\\\/monmaghreb.com\\\/#organization\"},\"alternateName\":\"Le Monde du Maghreb et au del\u00e0\",\"potentialAction\":[{\"@type\":\"SearchAction\",\"target\":{\"@type\":\"EntryPoint\",\"urlTemplate\":\"http:\\\/\\\/monmaghreb.com\\\/?s={search_term_string}\"},\"query-input\":{\"@type\":\"PropertyValueSpecification\",\"valueRequired\":true,\"valueName\":\"search_term_string\"}}],\"inLanguage\":\"en-US\"},{\"@type\":\"Organization\",\"@id\":\"http:\\\/\\\/monmaghreb.com\\\/#organization\",\"name\":\"Mon Maghreb\",\"url\":\"http:\\\/\\\/monmaghreb.com\\\/\",\"logo\":{\"@type\":\"ImageObject\",\"inLanguage\":\"en-US\",\"@id\":\"http:\\\/\\\/monmaghreb.com\\\/#\\\/schema\\\/logo\\\/image\\\/\",\"url\":\"https:\\\/\\\/monmaghreb.com\\\/wp-content\\\/uploads\\\/2025\\\/12\\\/Mon_Maghreb_Logo.jpg\",\"contentUrl\":\"https:\\\/\\\/monmaghreb.com\\\/wp-content\\\/uploads\\\/2025\\\/12\\\/Mon_Maghreb_Logo.jpg\",\"width\":814,\"height\":374,\"caption\":\"Mon Maghreb\"},\"image\":{\"@id\":\"http:\\\/\\\/monmaghreb.com\\\/#\\\/schema\\\/logo\\\/image\\\/\"}},{\"@type\":\"Person\",\"@id\":\"http:\\\/\\\/monmaghreb.com\\\/#\\\/schema\\\/person\\\/c469a89dc8c6b8987dcb438b1200d054\",\"name\":\"LaMagh\",\"image\":{\"@type\":\"ImageObject\",\"inLanguage\":\"en-US\",\"@id\":\"https:\\\/\\\/secure.gravatar.com\\\/avatar\\\/399d8144bd55fba55e056779aca52fe528bac7911f6449e54d81173d6dfd7f0a?s=96&d=mm&r=g\",\"url\":\"https:\\\/\\\/secure.gravatar.com\\\/avatar\\\/399d8144bd55fba55e056779aca52fe528bac7911f6449e54d81173d6dfd7f0a?s=96&d=mm&r=g\",\"contentUrl\":\"https:\\\/\\\/secure.gravatar.com\\\/avatar\\\/399d8144bd55fba55e056779aca52fe528bac7911f6449e54d81173d6dfd7f0a?s=96&d=mm&r=g\",\"caption\":\"LaMagh\"},\"sameAs\":[\"https:\\\/\\\/monmaghreb.com\",\"https:\\\/\\\/www.facebook.com\\\/monmaghrebcom\",\"https:\\\/\\\/x.com\\\/MMaghreb50977\"],\"url\":\"https:\\\/\\\/monmaghreb.com\\\/index.php\\\/author\\\/lamagh\\\/\"}]}<\/script>\n<!-- \/ Yoast SEO plugin. -->","yoast_head_json":{"title":"Car\u00eame et Ramadan : la cuisine qui accompagne le je\u00fbne des chr\u00e9tiens et des musulmans - Mon Maghreb","robots":{"index":"index","follow":"follow","max-snippet":"max-snippet:-1","max-image-preview":"max-image-preview:large","max-video-preview":"max-video-preview:-1"},"canonical":"https:\/\/monmaghreb.com\/index.php\/2026\/03\/12\/careme-et-ramadan-la-cuisine-qui-accompagne-le-jeune-des-chretiens-et-des-musulmans\/","og_locale":"en_US","og_type":"article","og_title":"Car\u00eame et Ramadan : la cuisine qui accompagne le je\u00fbne des chr\u00e9tiens et des musulmans - Mon Maghreb","og_description":"D\u00e9couvrez la cuisine qui accompagne le je\u00fbne des chr\u00e9tiens et des musulmans pendant Car\u00eame et Ramadan. Apprenez \u00e0 pr\u00e9parer des plats maghr\u00e9bins uniques.","og_url":"https:\/\/monmaghreb.com\/index.php\/2026\/03\/12\/careme-et-ramadan-la-cuisine-qui-accompagne-le-jeune-des-chretiens-et-des-musulmans\/","og_site_name":"Mon Maghreb","article_author":"https:\/\/www.facebook.com\/monmaghrebcom","article_published_time":"2026-03-12T16:58:25+00:00","article_modified_time":"2026-03-12T16:58:31+00:00","og_image":[{"width":1880,"height":1253,"url":"https:\/\/monmaghreb.com\/wp-content\/uploads\/2026\/03\/featured-72.jpg","type":"image\/jpeg"}],"author":"LaMagh","twitter_card":"summary_large_image","twitter_creator":"@MMaghreb50977","twitter_misc":{"Written by":"LaMagh","Est. reading time":"5 minutes"},"schema":{"@context":"https:\/\/schema.org","@graph":[{"@type":"Article","@id":"https:\/\/monmaghreb.com\/index.php\/2026\/03\/12\/careme-et-ramadan-la-cuisine-qui-accompagne-le-jeune-des-chretiens-et-des-musulmans\/#article","isPartOf":{"@id":"https:\/\/monmaghreb.com\/index.php\/2026\/03\/12\/careme-et-ramadan-la-cuisine-qui-accompagne-le-jeune-des-chretiens-et-des-musulmans\/"},"author":{"name":"LaMagh","@id":"http:\/\/monmaghreb.com\/#\/schema\/person\/c469a89dc8c6b8987dcb438b1200d054"},"headline":"Car\u00eame et Ramadan : la cuisine qui accompagne le je\u00fbne des chr\u00e9tiens et des musulmans","datePublished":"2026-03-12T16:58:25+00:00","dateModified":"2026-03-12T16:58:31+00:00","mainEntityOfPage":{"@id":"https:\/\/monmaghreb.com\/index.php\/2026\/03\/12\/careme-et-ramadan-la-cuisine-qui-accompagne-le-jeune-des-chretiens-et-des-musulmans\/"},"wordCount":1011,"publisher":{"@id":"http:\/\/monmaghreb.com\/#organization"},"image":{"@id":"https:\/\/monmaghreb.com\/index.php\/2026\/03\/12\/careme-et-ramadan-la-cuisine-qui-accompagne-le-jeune-des-chretiens-et-des-musulmans\/#primaryimage"},"thumbnailUrl":"https:\/\/monmaghreb.com\/wp-content\/uploads\/2026\/03\/featured-72.jpg","keywords":["car\u00eame et ramadan","cuisine maghr\u00e9bine","guide pratique","je\u00fbne","maghrebin recette"],"articleSection":["Ramadan &amp; Iftar"],"inLanguage":"en-US"},{"@type":"WebPage","@id":"https:\/\/monmaghreb.com\/index.php\/2026\/03\/12\/careme-et-ramadan-la-cuisine-qui-accompagne-le-jeune-des-chretiens-et-des-musulmans\/","url":"https:\/\/monmaghreb.com\/index.php\/2026\/03\/12\/careme-et-ramadan-la-cuisine-qui-accompagne-le-jeune-des-chretiens-et-des-musulmans\/","name":"Car\u00eame et Ramadan : la cuisine qui accompagne le je\u00fbne des chr\u00e9tiens et des musulmans - Mon Maghreb","isPartOf":{"@id":"http:\/\/monmaghreb.com\/#website"},"primaryImageOfPage":{"@id":"https:\/\/monmaghreb.com\/index.php\/2026\/03\/12\/careme-et-ramadan-la-cuisine-qui-accompagne-le-jeune-des-chretiens-et-des-musulmans\/#primaryimage"},"image":{"@id":"https:\/\/monmaghreb.com\/index.php\/2026\/03\/12\/careme-et-ramadan-la-cuisine-qui-accompagne-le-jeune-des-chretiens-et-des-musulmans\/#primaryimage"},"thumbnailUrl":"https:\/\/monmaghreb.com\/wp-content\/uploads\/2026\/03\/featured-72.jpg","datePublished":"2026-03-12T16:58:25+00:00","dateModified":"2026-03-12T16:58:31+00:00","breadcrumb":{"@id":"https:\/\/monmaghreb.com\/index.php\/2026\/03\/12\/careme-et-ramadan-la-cuisine-qui-accompagne-le-jeune-des-chretiens-et-des-musulmans\/#breadcrumb"},"inLanguage":"en-US","potentialAction":[{"@type":"ReadAction","target":["https:\/\/monmaghreb.com\/index.php\/2026\/03\/12\/careme-et-ramadan-la-cuisine-qui-accompagne-le-jeune-des-chretiens-et-des-musulmans\/"]}]},{"@type":"ImageObject","inLanguage":"en-US","@id":"https:\/\/monmaghreb.com\/index.php\/2026\/03\/12\/careme-et-ramadan-la-cuisine-qui-accompagne-le-jeune-des-chretiens-et-des-musulmans\/#primaryimage","url":"https:\/\/monmaghreb.com\/wp-content\/uploads\/2026\/03\/featured-72.jpg","contentUrl":"https:\/\/monmaghreb.com\/wp-content\/uploads\/2026\/03\/featured-72.jpg","width":1880,"height":1253,"caption":"Famille maghr\u00e9bine pr\u00e9parant des plats pour Car\u00eame et Ramadan"},{"@type":"BreadcrumbList","@id":"https:\/\/monmaghreb.com\/index.php\/2026\/03\/12\/careme-et-ramadan-la-cuisine-qui-accompagne-le-jeune-des-chretiens-et-des-musulmans\/#breadcrumb","itemListElement":[{"@type":"ListItem","position":1,"name":"Home","item":"http:\/\/monmaghreb.com\/"},{"@type":"ListItem","position":2,"name":"Car\u00eame et Ramadan : la cuisine qui accompagne le je\u00fbne des chr\u00e9tiens et des musulmans"}]},{"@type":"WebSite","@id":"http:\/\/monmaghreb.com\/#website","url":"http:\/\/monmaghreb.com\/","name":"Mon Maghreb","description":"MonMaghreb United","publisher":{"@id":"http:\/\/monmaghreb.com\/#organization"},"alternateName":"Le Monde du Maghreb et au del\u00e0","potentialAction":[{"@type":"SearchAction","target":{"@type":"EntryPoint","urlTemplate":"http:\/\/monmaghreb.com\/?s={search_term_string}"},"query-input":{"@type":"PropertyValueSpecification","valueRequired":true,"valueName":"search_term_string"}}],"inLanguage":"en-US"},{"@type":"Organization","@id":"http:\/\/monmaghreb.com\/#organization","name":"Mon Maghreb","url":"http:\/\/monmaghreb.com\/","logo":{"@type":"ImageObject","inLanguage":"en-US","@id":"http:\/\/monmaghreb.com\/#\/schema\/logo\/image\/","url":"https:\/\/monmaghreb.com\/wp-content\/uploads\/2025\/12\/Mon_Maghreb_Logo.jpg","contentUrl":"https:\/\/monmaghreb.com\/wp-content\/uploads\/2025\/12\/Mon_Maghreb_Logo.jpg","width":814,"height":374,"caption":"Mon Maghreb"},"image":{"@id":"http:\/\/monmaghreb.com\/#\/schema\/logo\/image\/"}},{"@type":"Person","@id":"http:\/\/monmaghreb.com\/#\/schema\/person\/c469a89dc8c6b8987dcb438b1200d054","name":"LaMagh","image":{"@type":"ImageObject","inLanguage":"en-US","@id":"https:\/\/secure.gravatar.com\/avatar\/399d8144bd55fba55e056779aca52fe528bac7911f6449e54d81173d6dfd7f0a?s=96&d=mm&r=g","url":"https:\/\/secure.gravatar.com\/avatar\/399d8144bd55fba55e056779aca52fe528bac7911f6449e54d81173d6dfd7f0a?s=96&d=mm&r=g","contentUrl":"https:\/\/secure.gravatar.com\/avatar\/399d8144bd55fba55e056779aca52fe528bac7911f6449e54d81173d6dfd7f0a?s=96&d=mm&r=g","caption":"LaMagh"},"sameAs":["https:\/\/monmaghreb.com","https:\/\/www.facebook.com\/monmaghrebcom","https:\/\/x.com\/MMaghreb50977"],"url":"https:\/\/monmaghreb.com\/index.php\/author\/lamagh\/"}]}},"_links":{"self":[{"href":"https:\/\/monmaghreb.com\/index.php\/wp-json\/wp\/v2\/posts\/1080","targetHints":{"allow":["GET"]}}],"collection":[{"href":"https:\/\/monmaghreb.com\/index.php\/wp-json\/wp\/v2\/posts"}],"about":[{"href":"https:\/\/monmaghreb.com\/index.php\/wp-json\/wp\/v2\/types\/post"}],"author":[{"embeddable":true,"href":"https:\/\/monmaghreb.com\/index.php\/wp-json\/wp\/v2\/users\/1"}],"replies":[{"embeddable":true,"href":"https:\/\/monmaghreb.com\/index.php\/wp-json\/wp\/v2\/comments?post=1080"}],"version-history":[{"count":1,"href":"https:\/\/monmaghreb.com\/index.php\/wp-json\/wp\/v2\/posts\/1080\/revisions"}],"predecessor-version":[{"id":1081,"href":"https:\/\/monmaghreb.com\/index.php\/wp-json\/wp\/v2\/posts\/1080\/revisions\/1081"}],"wp:featuredmedia":[{"embeddable":true,"href":"https:\/\/monmaghreb.com\/index.php\/wp-json\/wp\/v2\/media\/1078"}],"wp:attachment":[{"href":"https:\/\/monmaghreb.com\/index.php\/wp-json\/wp\/v2\/media?parent=1080"}],"wp:term":[{"taxonomy":"category","embeddable":true,"href":"https:\/\/monmaghreb.com\/index.php\/wp-json\/wp\/v2\/categories?post=1080"},{"taxonomy":"post_tag","embeddable":true,"href":"https:\/\/monmaghreb.com\/index.php\/wp-json\/wp\/v2\/tags?post=1080"}],"curies":[{"name":"wp","href":"https:\/\/api.w.org\/{rel}","templated":true}]}}