{"id":1082,"date":"2026-03-12T16:58:46","date_gmt":"2026-03-12T16:58:46","guid":{"rendered":"https:\/\/monmaghreb.com\/index.php\/2026\/03\/12\/careme-et-ramadan-la-cuisine-qui-accompagne-le-jeune-des-chretiens-et-des-musulmans-2\/"},"modified":"2026-03-12T16:58:51","modified_gmt":"2026-03-12T16:58:51","slug":"careme-et-ramadan-la-cuisine-qui-accompagne-le-jeune-des-chretiens-et-des-musulmans-2","status":"publish","type":"post","link":"https:\/\/monmaghreb.com\/index.php\/2026\/03\/12\/careme-et-ramadan-la-cuisine-qui-accompagne-le-jeune-des-chretiens-et-des-musulmans-2\/","title":{"rendered":"Car\u00eame et Ramadan : la cuisine qui accompagne le je\u00fbne des chr\u00e9tiens et des musulmans"},"content":{"rendered":"<p><!DOCTYPE html><br \/>\n<html lang='fr'><br \/>\n<head><br \/>\n <meta charset='UTF-8'><br \/>\n <title>Car\u00eame et Ramadan : la cuisine qui <a href=\"https:\/\/monmaghreb.com\/index.php\/2026\/03\/12\/careme-et-ramadan-la-cuisine-qui-accompagne-le-jeune-des-chretiens-et-des-musulmans\/\" title=\"Car\u00eame et Ramadan : la cuisine qui accompagne le je\u00fbne des chr\u00e9tiens et des musulmans\">accompagne<\/a> le je\u00fbne des chr\u00e9tiens et des musulmans<\/title><br \/>\n<\/head><br \/>\n<body><\/p>\n<h1>Car\u00eame et Ramadan : la cuisine qui accompagne le je\u00fbne des chr\u00e9tiens et des musulmans<\/h1>\n<p> <script type=\"application\/ld+json\">\n{\n  \"@context\": \"https:\/\/schema.org\/\",\n  \"@type\": \"Recipe\",\n  \"name\": \"Car\u00eame et Ramadan : la cuisine qui accompagne le je\u00fbne des chr\u00e9tiens et des musulmans\",\n  \"description\": \"Exploration de la cuisine qui accompagne le je\u00fbne des chr\u00e9tiens et des musulmans pendant les Car\u00eame et le Ramadan\",\n  \"prepTime\": \"PT15M\",\n  \"cookTime\": \"PT30M\",\n  \"totalTime\": \"PT45M\",\n  \"recipeYield\": \"4 portions\",\n  \"recipeIngredient\": [\n    \"Lentilles\",\n    \"Haricots\",\n    \"Pommes de terre\",\n    \"Epinards\",\n    \"Choux de Bruxelles\",\n    \"Oignons\",\n    \"Pommes\",\n    \"Grenades\",\n    \"L\u00e9gumes\",\n    \"Pommes de terre\",\n    \"Oignons\",\n    \"Pommes\",\n    \"Fruits frais\",\n    \"Poisson\",\n    \"Viande\",\n    \"Mouton\",\n    \"Semoule\"\n  ],\n  \"recipeInstructions\": [\n    {\n      \"@type\": \"HowToStep\",\n      \"text\": {\n        \"stepNumber\": 1,\n        \"stepDescription\": \"Preparez les aliments pour les chr\u00e9tiens pendant le Car\u00eame\"\n      }\n    },\n    {\n      \"@type\": \"HowToStep\",\n      \"text\": {\n        \"stepNumber\": 2,\n        \"stepDescription\": \"Preparez les aliments pour les musulmans pendant le Ramadan\"\n      }\n    },\n    {\n      \"@type\": \"HowToStep\",\n      \"text\": {\n        \"stepNumber\": 3,\n        \"stepDescription\": \"Pr\u00e9parez la recette de lentilles au curry : Cuisinez les lentilles dans un bouillon aux \u00e9pices et au curry, puis servez-les avec du riz.\"\n      }\n    },\n    {\n      \"@type\": \"HowToStep\",\n      \"text\": {\n        \"stepNumber\": 4,\n        \"stepDescription\": \"Pr\u00e9parez la recette de haricots au miel : Cuisinez les haricots avec du miel et du sel, puis servez-les avec du pain.\"\n      }\n    }\n  ],\n  \"recipeCategory\": \"Main Course\",\n  \"recipeCuisine\": \"Marocaine\",\n  \"keywords\": [\n    \"recette\",\n    \"maghreb\"\n  ],\n  \"datePublished\": \"2026-03-12\",\n  \"author\": {\n    \"@type\": \"Organization\",\n    \"name\": \"\"\n  }\n}\n<\/script><\/p>\n<p>Le je\u00fbne est un rituel important pour les chr\u00e9tiens et les musulmans. Pendant ces p\u00e9riodes de r\u00e9flexion et de pri\u00e8re, les croyants se tournent vers la cuisine traditionnelle pour se nourrir, se rassembler et se renseigner sur les rites et les valeurs de leur foi. Dans cet article, nous explorons la cuisine qui accompagne le je\u00fbne des chr\u00e9tiens et des musulmans pendant les Car\u00eame et le Ramadan. Lorsque les chr\u00e9tiens entrent en Car\u00eame, ils se tournent vers des aliments simples et sains, tels que les lentilles, les haricots, les pommes de terre, les \u00e9pinards, les choux de Bruxelles, les oignons, les pommes et les grenades.<\/p>\n<h2>Car\u00eame : une p\u00e9riode de je\u00fbne pour les chr\u00e9tiens<\/h2>\n<p>Le Car\u00eame est une p\u00e9riode de je\u00fbne pour les chr\u00e9tiens qui dure 40 jours, de la Quasqu&#8217;homa (Quasqueday) au Dimanche de P\u00e2ques (Easter Sunday). Cette p\u00e9riode est consid\u00e9r\u00e9e comme une p\u00e9riode de r\u00e9flexion et de pri\u00e8re, qui comm\u00e9more les 40 jours que J\u00e9sus Christ a pass\u00e9s dans le d\u00e9sert avant son entr\u00e9e \u00e0 J\u00e9rusalem. Pendant ce temps, les chr\u00e9tiens \u00e9vitent les aliments enrichis en gras ou en viande, pr\u00e9f\u00e9rant des plats v\u00e9g\u00e9tariens et sains.<\/p>\n<p>Les aliments les plus courants durant le Car\u00eame sont :<\/p>\n<ul>\n<li>Lentilles<\/li>\n<li>Haricots<\/li>\n<li>Pommes de terre<\/li>\n<li>Epinards<\/li>\n<li>Choux de Bruxelles<\/li>\n<li>Oignons<\/li>\n<li>Pommes<\/li>\n<li>Grenades<\/li>\n<\/ul>\n<h2>Ramadan : une p\u00e9riode de je\u00fbne pour les musulmans<\/h2>\n<p>Le Ramadan est une p\u00e9riode de je\u00fbne pour les musulmans qui dure un mois lunaire, soit environ 29 \u00e0 30 jours. Les musulmans ne mangent ni ne boivent de jour pendant cette p\u00e9riode. La cuisine traditionnelle durant le Ramadan est caract\u00e9ris\u00e9e par des aliments riche en nutriments et en calories pour compenser la perte de calories pendant le jour.<\/p>\n<p>Les aliments les plus courants durant le Ramadan sont :<\/p>\n<ul>\n<li>L\u00e9gumes<\/li>\n<li>Pommes de terre<\/li>\n<li>Oignons<\/li>\n<li>Pommes<\/li>\n<li>Fruits frais<\/li>\n<li>Poisson<\/li>\n<li>Viande<\/li>\n<li>Mouton<\/li>\n<\/ul>\n<h2>Iftar : le repas qui suit le je\u00fbne<\/h2>\n<p>Iftar est le repas qui suit le je\u00fbne des croyants. Il est particuli\u00e8rement important pour les musulmans pendant le Ramadan. Le repas Iftar est traditionnellement commenc\u00e9 par une boisson froide, souvent un lait, pour d\u00e9shydrater les musulmans qui ont je\u00fbn\u00e9 pendant la journ\u00e9e. La boisson est suivie d&#8217;une s\u00e9rie de plats traditionnels, dont certains sont exclus pendant le jour de je\u00fbne.<\/p>\n<h2>Recettes pour le Car\u00eame et le Ramadan<\/h2>\n<p>Nous avons rassembl\u00e9 quelques recettes traditionnelles pour le Car\u00eame et le Ramadan :<\/p>\n<h3>Lentilles au curry<\/h3>\n<p>Lentilles au curry est une recette d\u00e9licieuse et simple \u00e0 pr\u00e9parer. Les lentilles sont cuites dans un bouillon aux \u00e9pices et au curry, puis servies avec du riz. Pour les lentilles, il est recommand\u00e9 de les cuites dans une grande quantit\u00e9 d&#8217;eau et de les assaisonner avec du sel et du poivre. Une fois cuites, les lentilles peuvent \u00eatre servies avec du riz ou des l\u00e9gumes.<\/p>\n<h3>Haricots au miel<\/h3>\n<p>Les haricots au miel sont une recette traditionnelle pour le Car\u00eame. Les haricots sont cuits dans un bouillon sucr\u00e9 au miel et servies avec des l\u00e9gumes. Pour les haricots, il est recommand\u00e9 de les cuites dans une grande quantit\u00e9 d&#8217;eau et de les assaisonner avec du sel et du poivre. Une fois cuites, les haricots peuvent \u00eatre servies avec des l\u00e9gumes ou du riz.<\/p>\n<h3>Tajine de mouton avec prunes et noisettes<\/h3>\n<p>La tajine de mouton avec prunes et noisettes est une recette traditionnelle pour le Ramadan. Le mouton est cuit dans une tajine avec des prunes et des noisettes, et servie avec du riz. Pour la tajine, il est recommand\u00e9 de cuit les prunes et les noisettes dans un peu d&#8217;huile et d&#8217;ail, puis d&#8217;ajouter le mouton et de laisser cuire pendant environ 30 minutes.<\/p>\n<h2>Conclusion : une cuisine qui unit<\/h2>\n<p>La cuisine traditionnelle qui accompagne le je\u00fbne des chr\u00e9tiens et des musulmans est riche en histoire, en tradition et en valeurs. Ces recettes unissent les croyants autour de la table et leur permettent de partager leur foi et leur culture. Les lecteurs de la diaspora sont invit\u00e9s \u00e0 tenter ces recettes et \u00e0 partager leur exp\u00e9rience avec leurs proches et leurs amis.<\/p>\n<div style=\"background:#f8f9fa;border-left:4px solid #0066cc;border-radius:6px;padding:20px 24px;margin:32px 0;\">\n<p style=\"font-size:13px;color:#888;text-transform:uppercase;letter-spacing:0.8px;margin:0 0 6px 0;\">Vous pourriez aussi aimer<\/p>\n<h3 style=\"font-size:18px;margin:0 0 14px 0;color:#222;\">Articles similaires<\/h3>\n<ul style=\"margin:0;padding-left:20px;list-style:disc;\">\n<li style=\"margin-bottom:10px;\"><a href=\"https:\/\/monmaghreb.com\/index.php\/2026\/03\/12\/careme-et-ramadan-la-cuisine-qui-accompagne-le-jeune-des-chretiens-et-des-musulmans\/\" style=\"color:#0066cc;text-decoration:none;font-weight:500;\" title=\"Car\u00eame et Ramadan : la cuisine qui accompagne le je\u00fbne des chr\u00e9tiens et des musulmans\">Car\u00eame et Ramadan : la cuisine qui accompagne le je\u00fbne des chr\u00e9tiens et des musulmans<\/a><\/li>\n<li style=\"margin-bottom:10px;\"><a href=\"https:\/\/monmaghreb.com\/index.php\/2026\/03\/09\/chebakia-marocaine-la-recette-traditionnelle-pour-les-soirees-du-ramadan\/\" style=\"color:#0066cc;text-decoration:none;font-weight:500;\" title=\"Chebakia marocaine : la recette traditionnelle pour les soir\u00e9es du Ramadan\">Chebakia marocaine : la recette traditionnelle pour les soir\u00e9es du Ramadan<\/a><\/li>\n<li style=\"margin-bottom:10px;\"><a href=\"https:\/\/monmaghreb.com\/index.php\/2026\/03\/09\/harcha-marocaine-pour-le-suhoor-recette-traditionnelle\/\" style=\"color:#0066cc;text-decoration:none;font-weight:500;\" title=\"Harcha marocaine pour le suhoor : recette traditionnelle\">Harcha marocaine pour le suhoor : recette traditionnelle<\/a><\/li>\n<li style=\"margin-bottom:10px;\"><a href=\"https:\/\/monmaghreb.com\/index.php\/2026\/03\/12\/ramadan-2026-decouvrez-la-date-de-laid-el-fitr-et-la-fin-du-jeune-revelee-par-la-grande-mosquee-de-paris\/\" style=\"color:#0066cc;text-decoration:none;font-weight:500;\" title=\"Ramadan 2026 : D\u00e9couvrez la date de l&#8217;A\u00efd el Fitr et la fin du je\u00fbne r\u00e9v\u00e9l\u00e9e par la Grande Mosqu\u00e9e de Paris\">Ramadan 2026 : D\u00e9couvrez la date de l&#8217;A\u00efd el Fitr et la fin du je\u00fbne r\u00e9v\u00e9l\u00e9e par la Grande Mosqu\u00e9e de Paris<\/a><\/li>\n<li style=\"margin-bottom:10px;\"><a href=\"https:\/\/monmaghreb.com\/index.php\/2026\/03\/12\/ramadan-2026-la-date-de-laid-el-fitr-et-la-fin-du-jeune-revelee-par-la-grande-mosquee-de-paris\/\" style=\"color:#0066cc;text-decoration:none;font-weight:500;\" title=\"Ramadan 2026 : La date de l&#8217;A\u00efd el Fitr et la fin du je\u00fbne r\u00e9v\u00e9l\u00e9e par la Grande Mosqu\u00e9e de Paris\">Ramadan 2026 : La date de l&#8217;A\u00efd el Fitr et la fin du je\u00fbne r\u00e9v\u00e9l\u00e9e par la Grande Mosqu\u00e9e de Paris<\/a><\/li>\n<\/ul>\n<\/div>\n<p><\/body><br \/>\n<\/html><\/p>\n","protected":false},"excerpt":{"rendered":"<p>Explorez la cuisine traditionnelle qui accompagne les je\u00fbnes des chr\u00e9tiens et des musulmans lors de Carmes et Ramadan. D\u00e9couvrez les plats populaires et leurs o<\/p>\n","protected":false},"author":1,"featured_media":1079,"comment_status":"closed","ping_status":"open","sticky":false,"template":"","format":"standard","meta":{"_yoast_wpseo_focuskw":"","_yoast_wpseo_title":"","_yoast_wpseo_metadesc":"","_yoast_wpseo_canonical":"","_yoast_wpseo_opengraph-title":"","_yoast_wpseo_opengraph-description":"","_yoast_wpseo_opengraph-image":"","tdm_status":"","tdm_grid_status":"","footnotes":""},"categories":[651],"tags":[825,72,562,826,827],"class_list":["post-1082","post","type-post","status-publish","format-standard","has-post-thumbnail","hentry","category-ramadan-iftar","tag-carmes-et-ramadan","tag-cuisine-algerienne","tag-cuisine-traditionnelle","tag-islam-et-christianisme","tag-recette-de-cuisine"],"yoast_head":"<!-- This site is optimized with the Yoast SEO plugin v27.4 - https:\/\/yoast.com\/product\/yoast-seo-wordpress\/ -->\n<title>Car\u00eame et Ramadan : la cuisine qui accompagne le je\u00fbne des chr\u00e9tiens et des musulmans - Mon Maghreb<\/title>\n<meta name=\"robots\" content=\"index, follow, max-snippet:-1, max-image-preview:large, max-video-preview:-1\" \/>\n<link rel=\"canonical\" href=\"https:\/\/monmaghreb.com\/index.php\/2026\/03\/12\/careme-et-ramadan-la-cuisine-qui-accompagne-le-jeune-des-chretiens-et-des-musulmans-2\/\" \/>\n<meta property=\"og:locale\" content=\"en_US\" \/>\n<meta property=\"og:type\" content=\"article\" \/>\n<meta property=\"og:title\" content=\"Car\u00eame et Ramadan : la cuisine qui accompagne le je\u00fbne des chr\u00e9tiens et des musulmans - Mon Maghreb\" \/>\n<meta property=\"og:description\" content=\"Explorez la cuisine traditionnelle qui accompagne les je\u00fbnes des chr\u00e9tiens et des musulmans lors de Carmes et Ramadan. D\u00e9couvrez les plats populaires et leurs o\" \/>\n<meta property=\"og:url\" content=\"https:\/\/monmaghreb.com\/index.php\/2026\/03\/12\/careme-et-ramadan-la-cuisine-qui-accompagne-le-jeune-des-chretiens-et-des-musulmans-2\/\" \/>\n<meta property=\"og:site_name\" content=\"Mon Maghreb\" \/>\n<meta property=\"article:author\" content=\"https:\/\/www.facebook.com\/monmaghrebcom\" \/>\n<meta property=\"article:published_time\" content=\"2026-03-12T16:58:46+00:00\" \/>\n<meta property=\"article:modified_time\" content=\"2026-03-12T16:58:51+00:00\" \/>\n<meta property=\"og:image\" content=\"https:\/\/monmaghreb.com\/wp-content\/uploads\/2026\/03\/featured-73.jpg\" \/>\n\t<meta property=\"og:image:width\" content=\"1880\" \/>\n\t<meta property=\"og:image:height\" content=\"1253\" \/>\n\t<meta property=\"og:image:type\" content=\"image\/jpeg\" \/>\n<meta name=\"author\" content=\"LaMagh\" \/>\n<meta name=\"twitter:card\" content=\"summary_large_image\" \/>\n<meta name=\"twitter:creator\" content=\"@MMaghreb50977\" \/>\n<meta name=\"twitter:label1\" content=\"Written by\" \/>\n\t<meta name=\"twitter:data1\" content=\"LaMagh\" \/>\n\t<meta name=\"twitter:label2\" content=\"Est. reading time\" \/>\n\t<meta name=\"twitter:data2\" content=\"4 minutes\" \/>\n<script type=\"application\/ld+json\" class=\"yoast-schema-graph\">{\"@context\":\"https:\\\/\\\/schema.org\",\"@graph\":[{\"@type\":\"Article\",\"@id\":\"https:\\\/\\\/monmaghreb.com\\\/index.php\\\/2026\\\/03\\\/12\\\/careme-et-ramadan-la-cuisine-qui-accompagne-le-jeune-des-chretiens-et-des-musulmans-2\\\/#article\",\"isPartOf\":{\"@id\":\"https:\\\/\\\/monmaghreb.com\\\/index.php\\\/2026\\\/03\\\/12\\\/careme-et-ramadan-la-cuisine-qui-accompagne-le-jeune-des-chretiens-et-des-musulmans-2\\\/\"},\"author\":{\"name\":\"LaMagh\",\"@id\":\"http:\\\/\\\/monmaghreb.com\\\/#\\\/schema\\\/person\\\/c469a89dc8c6b8987dcb438b1200d054\"},\"headline\":\"Car\u00eame et Ramadan : la cuisine qui accompagne le je\u00fbne des chr\u00e9tiens et des musulmans\",\"datePublished\":\"2026-03-12T16:58:46+00:00\",\"dateModified\":\"2026-03-12T16:58:51+00:00\",\"mainEntityOfPage\":{\"@id\":\"https:\\\/\\\/monmaghreb.com\\\/index.php\\\/2026\\\/03\\\/12\\\/careme-et-ramadan-la-cuisine-qui-accompagne-le-jeune-des-chretiens-et-des-musulmans-2\\\/\"},\"wordCount\":864,\"publisher\":{\"@id\":\"http:\\\/\\\/monmaghreb.com\\\/#organization\"},\"image\":{\"@id\":\"https:\\\/\\\/monmaghreb.com\\\/index.php\\\/2026\\\/03\\\/12\\\/careme-et-ramadan-la-cuisine-qui-accompagne-le-jeune-des-chretiens-et-des-musulmans-2\\\/#primaryimage\"},\"thumbnailUrl\":\"https:\\\/\\\/monmaghreb.com\\\/wp-content\\\/uploads\\\/2026\\\/03\\\/featured-73.jpg\",\"keywords\":[\"carmes et ramadan\",\"cuisine alg\u00e9rienne\",\"cuisine traditionnelle\",\"islam et christianisme\",\"recette de cuisine\"],\"articleSection\":[\"Ramadan &amp; Iftar\"],\"inLanguage\":\"en-US\"},{\"@type\":\"WebPage\",\"@id\":\"https:\\\/\\\/monmaghreb.com\\\/index.php\\\/2026\\\/03\\\/12\\\/careme-et-ramadan-la-cuisine-qui-accompagne-le-jeune-des-chretiens-et-des-musulmans-2\\\/\",\"url\":\"https:\\\/\\\/monmaghreb.com\\\/index.php\\\/2026\\\/03\\\/12\\\/careme-et-ramadan-la-cuisine-qui-accompagne-le-jeune-des-chretiens-et-des-musulmans-2\\\/\",\"name\":\"Car\u00eame et Ramadan : la cuisine qui accompagne le je\u00fbne des chr\u00e9tiens et des musulmans - Mon Maghreb\",\"isPartOf\":{\"@id\":\"http:\\\/\\\/monmaghreb.com\\\/#website\"},\"primaryImageOfPage\":{\"@id\":\"https:\\\/\\\/monmaghreb.com\\\/index.php\\\/2026\\\/03\\\/12\\\/careme-et-ramadan-la-cuisine-qui-accompagne-le-jeune-des-chretiens-et-des-musulmans-2\\\/#primaryimage\"},\"image\":{\"@id\":\"https:\\\/\\\/monmaghreb.com\\\/index.php\\\/2026\\\/03\\\/12\\\/careme-et-ramadan-la-cuisine-qui-accompagne-le-jeune-des-chretiens-et-des-musulmans-2\\\/#primaryimage\"},\"thumbnailUrl\":\"https:\\\/\\\/monmaghreb.com\\\/wp-content\\\/uploads\\\/2026\\\/03\\\/featured-73.jpg\",\"datePublished\":\"2026-03-12T16:58:46+00:00\",\"dateModified\":\"2026-03-12T16:58:51+00:00\",\"breadcrumb\":{\"@id\":\"https:\\\/\\\/monmaghreb.com\\\/index.php\\\/2026\\\/03\\\/12\\\/careme-et-ramadan-la-cuisine-qui-accompagne-le-jeune-des-chretiens-et-des-musulmans-2\\\/#breadcrumb\"},\"inLanguage\":\"en-US\",\"potentialAction\":[{\"@type\":\"ReadAction\",\"target\":[\"https:\\\/\\\/monmaghreb.com\\\/index.php\\\/2026\\\/03\\\/12\\\/careme-et-ramadan-la-cuisine-qui-accompagne-le-jeune-des-chretiens-et-des-musulmans-2\\\/\"]}]},{\"@type\":\"ImageObject\",\"inLanguage\":\"en-US\",\"@id\":\"https:\\\/\\\/monmaghreb.com\\\/index.php\\\/2026\\\/03\\\/12\\\/careme-et-ramadan-la-cuisine-qui-accompagne-le-jeune-des-chretiens-et-des-musulmans-2\\\/#primaryimage\",\"url\":\"https:\\\/\\\/monmaghreb.com\\\/wp-content\\\/uploads\\\/2026\\\/03\\\/featured-73.jpg\",\"contentUrl\":\"https:\\\/\\\/monmaghreb.com\\\/wp-content\\\/uploads\\\/2026\\\/03\\\/featured-73.jpg\",\"width\":1880,\"height\":1253,\"caption\":\"Famille musulmane et chr\u00e9tienne autour d'une table de cuisine traditionnelle maghr\u00e9bine\"},{\"@type\":\"BreadcrumbList\",\"@id\":\"https:\\\/\\\/monmaghreb.com\\\/index.php\\\/2026\\\/03\\\/12\\\/careme-et-ramadan-la-cuisine-qui-accompagne-le-jeune-des-chretiens-et-des-musulmans-2\\\/#breadcrumb\",\"itemListElement\":[{\"@type\":\"ListItem\",\"position\":1,\"name\":\"Home\",\"item\":\"http:\\\/\\\/monmaghreb.com\\\/\"},{\"@type\":\"ListItem\",\"position\":2,\"name\":\"Car\u00eame et Ramadan : la cuisine qui accompagne le je\u00fbne des chr\u00e9tiens et des musulmans\"}]},{\"@type\":\"WebSite\",\"@id\":\"http:\\\/\\\/monmaghreb.com\\\/#website\",\"url\":\"http:\\\/\\\/monmaghreb.com\\\/\",\"name\":\"Mon Maghreb\",\"description\":\"MonMaghreb United\",\"publisher\":{\"@id\":\"http:\\\/\\\/monmaghreb.com\\\/#organization\"},\"alternateName\":\"Le Monde du Maghreb et au del\u00e0\",\"potentialAction\":[{\"@type\":\"SearchAction\",\"target\":{\"@type\":\"EntryPoint\",\"urlTemplate\":\"http:\\\/\\\/monmaghreb.com\\\/?s={search_term_string}\"},\"query-input\":{\"@type\":\"PropertyValueSpecification\",\"valueRequired\":true,\"valueName\":\"search_term_string\"}}],\"inLanguage\":\"en-US\"},{\"@type\":\"Organization\",\"@id\":\"http:\\\/\\\/monmaghreb.com\\\/#organization\",\"name\":\"Mon Maghreb\",\"url\":\"http:\\\/\\\/monmaghreb.com\\\/\",\"logo\":{\"@type\":\"ImageObject\",\"inLanguage\":\"en-US\",\"@id\":\"http:\\\/\\\/monmaghreb.com\\\/#\\\/schema\\\/logo\\\/image\\\/\",\"url\":\"https:\\\/\\\/monmaghreb.com\\\/wp-content\\\/uploads\\\/2025\\\/12\\\/Mon_Maghreb_Logo.jpg\",\"contentUrl\":\"https:\\\/\\\/monmaghreb.com\\\/wp-content\\\/uploads\\\/2025\\\/12\\\/Mon_Maghreb_Logo.jpg\",\"width\":814,\"height\":374,\"caption\":\"Mon Maghreb\"},\"image\":{\"@id\":\"http:\\\/\\\/monmaghreb.com\\\/#\\\/schema\\\/logo\\\/image\\\/\"}},{\"@type\":\"Person\",\"@id\":\"http:\\\/\\\/monmaghreb.com\\\/#\\\/schema\\\/person\\\/c469a89dc8c6b8987dcb438b1200d054\",\"name\":\"LaMagh\",\"image\":{\"@type\":\"ImageObject\",\"inLanguage\":\"en-US\",\"@id\":\"https:\\\/\\\/secure.gravatar.com\\\/avatar\\\/399d8144bd55fba55e056779aca52fe528bac7911f6449e54d81173d6dfd7f0a?s=96&d=mm&r=g\",\"url\":\"https:\\\/\\\/secure.gravatar.com\\\/avatar\\\/399d8144bd55fba55e056779aca52fe528bac7911f6449e54d81173d6dfd7f0a?s=96&d=mm&r=g\",\"contentUrl\":\"https:\\\/\\\/secure.gravatar.com\\\/avatar\\\/399d8144bd55fba55e056779aca52fe528bac7911f6449e54d81173d6dfd7f0a?s=96&d=mm&r=g\",\"caption\":\"LaMagh\"},\"sameAs\":[\"https:\\\/\\\/monmaghreb.com\",\"https:\\\/\\\/www.facebook.com\\\/monmaghrebcom\",\"https:\\\/\\\/x.com\\\/MMaghreb50977\"],\"url\":\"https:\\\/\\\/monmaghreb.com\\\/index.php\\\/author\\\/lamagh\\\/\"}]}<\/script>\n<!-- \/ Yoast SEO plugin. -->","yoast_head_json":{"title":"Car\u00eame et Ramadan : la cuisine qui accompagne le je\u00fbne des chr\u00e9tiens et des musulmans - Mon Maghreb","robots":{"index":"index","follow":"follow","max-snippet":"max-snippet:-1","max-image-preview":"max-image-preview:large","max-video-preview":"max-video-preview:-1"},"canonical":"https:\/\/monmaghreb.com\/index.php\/2026\/03\/12\/careme-et-ramadan-la-cuisine-qui-accompagne-le-jeune-des-chretiens-et-des-musulmans-2\/","og_locale":"en_US","og_type":"article","og_title":"Car\u00eame et Ramadan : la cuisine qui accompagne le je\u00fbne des chr\u00e9tiens et des musulmans - Mon Maghreb","og_description":"Explorez la cuisine traditionnelle qui accompagne les je\u00fbnes des chr\u00e9tiens et des musulmans lors de Carmes et Ramadan. D\u00e9couvrez les plats populaires et leurs o","og_url":"https:\/\/monmaghreb.com\/index.php\/2026\/03\/12\/careme-et-ramadan-la-cuisine-qui-accompagne-le-jeune-des-chretiens-et-des-musulmans-2\/","og_site_name":"Mon Maghreb","article_author":"https:\/\/www.facebook.com\/monmaghrebcom","article_published_time":"2026-03-12T16:58:46+00:00","article_modified_time":"2026-03-12T16:58:51+00:00","og_image":[{"width":1880,"height":1253,"url":"https:\/\/monmaghreb.com\/wp-content\/uploads\/2026\/03\/featured-73.jpg","type":"image\/jpeg"}],"author":"LaMagh","twitter_card":"summary_large_image","twitter_creator":"@MMaghreb50977","twitter_misc":{"Written by":"LaMagh","Est. reading time":"4 minutes"},"schema":{"@context":"https:\/\/schema.org","@graph":[{"@type":"Article","@id":"https:\/\/monmaghreb.com\/index.php\/2026\/03\/12\/careme-et-ramadan-la-cuisine-qui-accompagne-le-jeune-des-chretiens-et-des-musulmans-2\/#article","isPartOf":{"@id":"https:\/\/monmaghreb.com\/index.php\/2026\/03\/12\/careme-et-ramadan-la-cuisine-qui-accompagne-le-jeune-des-chretiens-et-des-musulmans-2\/"},"author":{"name":"LaMagh","@id":"http:\/\/monmaghreb.com\/#\/schema\/person\/c469a89dc8c6b8987dcb438b1200d054"},"headline":"Car\u00eame et Ramadan : la cuisine qui accompagne le je\u00fbne des chr\u00e9tiens et des musulmans","datePublished":"2026-03-12T16:58:46+00:00","dateModified":"2026-03-12T16:58:51+00:00","mainEntityOfPage":{"@id":"https:\/\/monmaghreb.com\/index.php\/2026\/03\/12\/careme-et-ramadan-la-cuisine-qui-accompagne-le-jeune-des-chretiens-et-des-musulmans-2\/"},"wordCount":864,"publisher":{"@id":"http:\/\/monmaghreb.com\/#organization"},"image":{"@id":"https:\/\/monmaghreb.com\/index.php\/2026\/03\/12\/careme-et-ramadan-la-cuisine-qui-accompagne-le-jeune-des-chretiens-et-des-musulmans-2\/#primaryimage"},"thumbnailUrl":"https:\/\/monmaghreb.com\/wp-content\/uploads\/2026\/03\/featured-73.jpg","keywords":["carmes et ramadan","cuisine alg\u00e9rienne","cuisine traditionnelle","islam et christianisme","recette de cuisine"],"articleSection":["Ramadan &amp; Iftar"],"inLanguage":"en-US"},{"@type":"WebPage","@id":"https:\/\/monmaghreb.com\/index.php\/2026\/03\/12\/careme-et-ramadan-la-cuisine-qui-accompagne-le-jeune-des-chretiens-et-des-musulmans-2\/","url":"https:\/\/monmaghreb.com\/index.php\/2026\/03\/12\/careme-et-ramadan-la-cuisine-qui-accompagne-le-jeune-des-chretiens-et-des-musulmans-2\/","name":"Car\u00eame et Ramadan : la cuisine qui accompagne le je\u00fbne des chr\u00e9tiens et des musulmans - Mon Maghreb","isPartOf":{"@id":"http:\/\/monmaghreb.com\/#website"},"primaryImageOfPage":{"@id":"https:\/\/monmaghreb.com\/index.php\/2026\/03\/12\/careme-et-ramadan-la-cuisine-qui-accompagne-le-jeune-des-chretiens-et-des-musulmans-2\/#primaryimage"},"image":{"@id":"https:\/\/monmaghreb.com\/index.php\/2026\/03\/12\/careme-et-ramadan-la-cuisine-qui-accompagne-le-jeune-des-chretiens-et-des-musulmans-2\/#primaryimage"},"thumbnailUrl":"https:\/\/monmaghreb.com\/wp-content\/uploads\/2026\/03\/featured-73.jpg","datePublished":"2026-03-12T16:58:46+00:00","dateModified":"2026-03-12T16:58:51+00:00","breadcrumb":{"@id":"https:\/\/monmaghreb.com\/index.php\/2026\/03\/12\/careme-et-ramadan-la-cuisine-qui-accompagne-le-jeune-des-chretiens-et-des-musulmans-2\/#breadcrumb"},"inLanguage":"en-US","potentialAction":[{"@type":"ReadAction","target":["https:\/\/monmaghreb.com\/index.php\/2026\/03\/12\/careme-et-ramadan-la-cuisine-qui-accompagne-le-jeune-des-chretiens-et-des-musulmans-2\/"]}]},{"@type":"ImageObject","inLanguage":"en-US","@id":"https:\/\/monmaghreb.com\/index.php\/2026\/03\/12\/careme-et-ramadan-la-cuisine-qui-accompagne-le-jeune-des-chretiens-et-des-musulmans-2\/#primaryimage","url":"https:\/\/monmaghreb.com\/wp-content\/uploads\/2026\/03\/featured-73.jpg","contentUrl":"https:\/\/monmaghreb.com\/wp-content\/uploads\/2026\/03\/featured-73.jpg","width":1880,"height":1253,"caption":"Famille musulmane et chr\u00e9tienne autour d'une table de cuisine traditionnelle maghr\u00e9bine"},{"@type":"BreadcrumbList","@id":"https:\/\/monmaghreb.com\/index.php\/2026\/03\/12\/careme-et-ramadan-la-cuisine-qui-accompagne-le-jeune-des-chretiens-et-des-musulmans-2\/#breadcrumb","itemListElement":[{"@type":"ListItem","position":1,"name":"Home","item":"http:\/\/monmaghreb.com\/"},{"@type":"ListItem","position":2,"name":"Car\u00eame et Ramadan : la cuisine qui accompagne le je\u00fbne des chr\u00e9tiens et des musulmans"}]},{"@type":"WebSite","@id":"http:\/\/monmaghreb.com\/#website","url":"http:\/\/monmaghreb.com\/","name":"Mon Maghreb","description":"MonMaghreb United","publisher":{"@id":"http:\/\/monmaghreb.com\/#organization"},"alternateName":"Le Monde du Maghreb et au del\u00e0","potentialAction":[{"@type":"SearchAction","target":{"@type":"EntryPoint","urlTemplate":"http:\/\/monmaghreb.com\/?s={search_term_string}"},"query-input":{"@type":"PropertyValueSpecification","valueRequired":true,"valueName":"search_term_string"}}],"inLanguage":"en-US"},{"@type":"Organization","@id":"http:\/\/monmaghreb.com\/#organization","name":"Mon Maghreb","url":"http:\/\/monmaghreb.com\/","logo":{"@type":"ImageObject","inLanguage":"en-US","@id":"http:\/\/monmaghreb.com\/#\/schema\/logo\/image\/","url":"https:\/\/monmaghreb.com\/wp-content\/uploads\/2025\/12\/Mon_Maghreb_Logo.jpg","contentUrl":"https:\/\/monmaghreb.com\/wp-content\/uploads\/2025\/12\/Mon_Maghreb_Logo.jpg","width":814,"height":374,"caption":"Mon Maghreb"},"image":{"@id":"http:\/\/monmaghreb.com\/#\/schema\/logo\/image\/"}},{"@type":"Person","@id":"http:\/\/monmaghreb.com\/#\/schema\/person\/c469a89dc8c6b8987dcb438b1200d054","name":"LaMagh","image":{"@type":"ImageObject","inLanguage":"en-US","@id":"https:\/\/secure.gravatar.com\/avatar\/399d8144bd55fba55e056779aca52fe528bac7911f6449e54d81173d6dfd7f0a?s=96&d=mm&r=g","url":"https:\/\/secure.gravatar.com\/avatar\/399d8144bd55fba55e056779aca52fe528bac7911f6449e54d81173d6dfd7f0a?s=96&d=mm&r=g","contentUrl":"https:\/\/secure.gravatar.com\/avatar\/399d8144bd55fba55e056779aca52fe528bac7911f6449e54d81173d6dfd7f0a?s=96&d=mm&r=g","caption":"LaMagh"},"sameAs":["https:\/\/monmaghreb.com","https:\/\/www.facebook.com\/monmaghrebcom","https:\/\/x.com\/MMaghreb50977"],"url":"https:\/\/monmaghreb.com\/index.php\/author\/lamagh\/"}]}},"_links":{"self":[{"href":"https:\/\/monmaghreb.com\/index.php\/wp-json\/wp\/v2\/posts\/1082","targetHints":{"allow":["GET"]}}],"collection":[{"href":"https:\/\/monmaghreb.com\/index.php\/wp-json\/wp\/v2\/posts"}],"about":[{"href":"https:\/\/monmaghreb.com\/index.php\/wp-json\/wp\/v2\/types\/post"}],"author":[{"embeddable":true,"href":"https:\/\/monmaghreb.com\/index.php\/wp-json\/wp\/v2\/users\/1"}],"replies":[{"embeddable":true,"href":"https:\/\/monmaghreb.com\/index.php\/wp-json\/wp\/v2\/comments?post=1082"}],"version-history":[{"count":1,"href":"https:\/\/monmaghreb.com\/index.php\/wp-json\/wp\/v2\/posts\/1082\/revisions"}],"predecessor-version":[{"id":1083,"href":"https:\/\/monmaghreb.com\/index.php\/wp-json\/wp\/v2\/posts\/1082\/revisions\/1083"}],"wp:featuredmedia":[{"embeddable":true,"href":"https:\/\/monmaghreb.com\/index.php\/wp-json\/wp\/v2\/media\/1079"}],"wp:attachment":[{"href":"https:\/\/monmaghreb.com\/index.php\/wp-json\/wp\/v2\/media?parent=1082"}],"wp:term":[{"taxonomy":"category","embeddable":true,"href":"https:\/\/monmaghreb.com\/index.php\/wp-json\/wp\/v2\/categories?post=1082"},{"taxonomy":"post_tag","embeddable":true,"href":"https:\/\/monmaghreb.com\/index.php\/wp-json\/wp\/v2\/tags?post=1082"}],"curies":[{"name":"wp","href":"https:\/\/api.w.org\/{rel}","templated":true}]}}