{"id":1094,"date":"2026-03-12T19:58:44","date_gmt":"2026-03-12T19:58:44","guid":{"rendered":"https:\/\/monmaghreb.com\/index.php\/2026\/03\/12\/aid-el-kebir-une-grande-fete-musulmane-a-la-portee-de-tous\/"},"modified":"2026-03-12T21:01:12","modified_gmt":"2026-03-12T21:01:12","slug":"aid-el-kebir-une-grande-fete-musulmane-a-la-portee-de-tous","status":"publish","type":"post","link":"https:\/\/monmaghreb.com\/index.php\/2026\/03\/12\/aid-el-kebir-une-grande-fete-musulmane-a-la-portee-de-tous\/","title":{"rendered":"Aid el-K\u00e9bir : Une grande f\u00eate musulmane \u00e0 la port\u00e9e de tous"},"content":{"rendered":"<p><!DOCTYPE html><br \/>\n<html lang='fr'><br \/>\n<head><br \/>\n  <meta charset='UTF-8'><br \/>\n  <meta name='viewport' content='width=device-width, initial-scale=1.0'><br \/>\n  <title>Aid el-K\u00e9bir : Une grande f\u00eate musulmane \u00e0 la port\u00e9e de tous<\/title><br \/>\n<\/head><br \/>\n<body><\/p>\n<h1>Aid el-K\u00e9bir : Une grande f\u00eate musulmane \u00e0 la port\u00e9e de tous<\/h1>\n<p>  <script type=\"application\/ld+json\">\n{\n  \"@context\": \"https:\/\/schema.org\/\",\n  \"@type\": \"Recipe\",\n  \"name\": \"Celebrating Aid el-K\u00e9bir\",\n  \"description\": \"Aid el-K\u00e9bir is a major Muslim holiday that is accessible to all. Learn about its significance, <a href=\"https:\/\/monmaghreb.com\/index.php\/2026\/03\/10\/que-faire-apres-laid-les-traditions-des-visites-familiales-dans-la-culture-maghrebine\/\" title=\"Que faire apr\u00e8s l&#8217;A\u00efd : les traditions des visites familiales dans la culture maghr\u00e9bine\">traditions<\/a>, and how Maghrebin diaspora can celebrate it.\",\n  \"prepTime\": \"PT15M\",\n  \"cookTime\": \"PT30M\",\n  \"totalTime\": \"PT45M\",\n  \"recipeYield\": \"4 portions\",\n  \"recipeIngredient\": [\n    \"Traditional clothing\",\n    \"Couscous\",\n    \"Harissa\",\n    \"Decorations for homes\",\n    \"Lighting and vibrant colors\",\n    \"Agneau (lamb)\"\n  ],\n  \"recipeInstructions\": [\n    {\n      \"@type\": \"HowToStep\",\n      \"text\": \"Step 1: Wear traditional clothing and decorate homes.\"\n    },\n    {\n      \"@type\": \"HowToStep\",\n      \"text\": \"Step 2: Prepare couscous and harissa.\"\n    },\n    {\n      \"@type\": \"HowToStep\",\n      \"text\": \"Step 3: Gather family and community for a shared meal.\"\n    },\n    {\n      \"@type\": \"HowToStep\",\n      \"text\": \"Step 4: Offer a special prayer for loved ones.\"\n    },\n    {\n      \"@type\": \"HowToStep\",\n      \"text\": \"Step 5: Share the agneau, symbolizing Abraham's sacrifice.\"\n    }\n  ],\n  \"recipeCategory\": \"Main Course\",\n  \"recipeCuisine\": \"Muslim\",\n  \"keywords\": [\n    \"Aid el-K\u00e9bir\",\n    \"Muslim holiday\",\n    \"culture\",\n    \"celebration\",\n    \"traditions\"\n  ],\n  \"datePublished\": \"2026-03-12\",\n  \"author\": {\n    \"@type\": \"Organization\",\n    \"name\": \"\"\n  }\n}\n<\/script><\/p>\n<p>Chaque ann\u00e9e, du 30 juillet au 3 ao\u00fbt, la communaut\u00e9 musulmane du monde entier c\u00e9l\u00e8bre la f\u00eate d&#8217;Aid el-K\u00e9bir, un des deux p\u00e8lerinages obligatoires du Coran pour les musulmans. Cette grande f\u00eate, \u00e9galement appel\u00e9e \u00ab P\u00e8lerinage des Chemins \u00bb, marque la fin de l&#8217;Hadjj, le p\u00e8lerinage \u00e0 La Mecque. Les Maghr\u00e9bins de la diaspora peuvent \u00e9galement honorer cette grande f\u00eate en mettant de l&#8217;avant leurs traditions culturelles et culinaires, telles que la pr\u00e9paration de plats d\u00e9licieux, comme le couscous ou la harissa, et la d\u00e9coration de leurs maisons avec des lumi\u00e8res et des couleurs vives.<\/p>\n<h2>Qu&#8217;est-ce que Aid el-K\u00e9bir ?<\/h2>\n<p>Aid el-K\u00e9bir, \u00e9galement connu sous le nom d&#8217;\u00ab A\u00efd el-Adha \u00bb ou \u00ab A\u00efd el-Kebir \u00bb, est une f\u00eate musulmane \u00e0 laquelle les musulmans font l&#8217;offrande d&#8217;un agneau, un sacrifice symbolique de l&#8217;ob\u00e9issance \u00e0 Dieu et de l&#8217;amour profond pour les proches. Selon le Coran, Abraham \u00e9tait pr\u00eat \u00e0 sacrifier son fils Isma\u00ebl, mais Dieu lui a demand\u00e9 de remplacer son fils par un agneau, ce qui symbolise la capacit\u00e9 \u00e0 faire des sacrifices pour ses proches.<\/p>\n<p>Cette f\u00eate c\u00e9l\u00e8bre \u00e9galement la g\u00e9n\u00e9rosit\u00e9 et la compassion, car les musulmans peuvent partager leur agneau avec leur famille, leurs amis et m\u00eame les pauvres. C&#8217;est un moment de joie, de gratitude et de r\u00e9unification pour la communaut\u00e9 musulmane.<\/p>\n<p>Les Maghr\u00e9bins de la diaspora peuvent \u00e9galement partager leur joie en c\u00e9l\u00e9brant Aid el-K\u00e9bir avec leurs familles et leurs communaut\u00e9s. Ils peuvent organiser des \u00e9v\u00e9nements culturels et culinaires, comme des repas traditionnels, des concerts de musique arabe et des spectacles de danse, pour c\u00e9l\u00e9brer cette grande f\u00eate musulmane.<\/p>\n<h2>Quand se c\u00e9l\u00e8bre-t-il ?<\/h2>\n<p>Aid el-K\u00e9bir se c\u00e9l\u00e8bre chaque ann\u00e9e pendant 4 jours, du 10 au 13 du mois d&#8217;Hachravan dans le calendrier lunaire islamique. Ce mois correspond \u00e0 la date des p\u00e8lerinages de l&#8217;Hadjj.<\/p>\n<p>Pour les ann\u00e9es civiles, Aid el-K\u00e9bir se d\u00e9roule du 30 juillet au 3 ao\u00fbt 2022. Les dates peuvent toutefois varier d&#8217;un an \u00e0 l&#8217;autre, en fonction de la lune.<\/p>\n<h2>Comment est-ce c\u00e9l\u00e9br\u00e9 ?<\/h2>\n<p>La c\u00e9l\u00e9bration de Aid el-K\u00e9bir se caract\u00e9rise par plusieurs rites. Les musulmans se lavent et se habillent de leurs meilleurs v\u00eatements pour se rendre \u00e0 la mosqu\u00e9e, o\u00f9 ils entendent les pri\u00e8res, l&#8217;imam lit le Coran et les fid\u00e8les offrent une oration sp\u00e9ciale pour les proches desquels Abraham \u00e9tait pr\u00eat \u00e0 sacrifier son fils.<\/p>\n<p>Une fois la pri\u00e8re termin\u00e9e, les fid\u00e8les reviennent \u00e0 leur domicile pour acheter, pr\u00e9parer et partager leur agneau, symbolisant le sacrifice d&#8217;Isma\u00ebl. Ils se r\u00e9unissent avec leur famille et leur communaut\u00e9 pour manger et c\u00e9l\u00e9brer ensemble.<\/p>\n<p>La nuit du premier jour de la f\u00eate, les musulmans organisent \u00e9galement une pri\u00e8re sp\u00e9ciale appel\u00e9e \u00ab Taraweh \u00bb. Ils r\u00e9citent le Coran en totalit\u00e9 pendant 29 nuits en m\u00e9moire de la nuit de la Mi&#8217;raj, lorsque le proph\u00e8te Mahomet est mont\u00e9 au ciel pour rencontrer Dieu.<\/p>\n<h2>Aid el-K\u00e9bir en Tunisie<\/h2>\n<p>En Tunisie, Aid el-K\u00e9bir est une f\u00eate nationale. Les Tunisiens c\u00e9l\u00e8brent la f\u00eate en offrant un agneau \u00e0 Dieu, en visitant leur famille et en partageant des repas traditionnels avec leurs amis et voisins. Les villes sont habill\u00e9es de lumi\u00e8res et de couleurs, et la joie est partag\u00e9e par tous.<\/p>\n<p>Les Tunisiens de la diaspora peuvent \u00e9galement honorer cette grande f\u00eate en mettant de l&#8217;avant leurs traditions culturelles et culinaires. Ils peuvent organiser des d\u00eeners traditionnels avec leur famille et leurs amis, pr\u00e9parer des plats typiques comme le couscous ou la harissa, et partager leur joie avec les autres.<\/p>\n<h2>Un appel \u00e0 l&#8217;action<\/h2>\n<p>Les Maghr\u00e9bins de la diaspora ont la possibilit\u00e9 de c\u00e9l\u00e9brer Aid el-K\u00e9bir et de partager leur joie avec leurs familles et leurs communaut\u00e9s. N&#8217;h\u00e9sitez pas \u00e0 inviter vos amis et voisins \u00e0 participer \u00e0 des \u00e9v\u00e9nements culturels et culinaires en l&#8217;honneur de cette grande f\u00eate musulmane.<\/p>\n<p>Nous vous invitons \u00e0 partager vos exp\u00e9riences et vos traditions de c\u00e9l\u00e9bration d&#8217;Aid el-K\u00e9bir dans les commentaires ci-dessous. Nous sommes impatients de d\u00e9couvrir comment les Maghr\u00e9bins de la diaspora c\u00e9l\u00e8brent cette grande f\u00eate musulmane.<\/p>\n<div style=\"background:#f8f9fa;border-left:4px solid #0066cc;border-radius:6px;padding:20px 24px;margin:32px 0;\">\n<p style=\"font-size:13px;color:#888;text-transform:uppercase;letter-spacing:0.8px;margin:0 0 6px 0;\">Vous pourriez aussi aimer<\/p>\n<h3 style=\"font-size:18px;margin:0 0 14px 0;color:#222;\">Articles similaires<\/h3>\n<ul style=\"margin:0;padding-left:20px;list-style:disc;\">\n<li style=\"margin-bottom:10px;\"><a href=\"https:\/\/monmaghreb.com\/index.php\/2026\/03\/10\/que-faire-apres-laid-les-traditions-des-visites-familiales-dans-la-culture-maghrebine\/\" style=\"color:#0066cc;text-decoration:none;font-weight:500;\" title=\"Que faire apr\u00e8s l&#8217;A\u00efd : les traditions des visites familiales dans la culture maghr\u00e9bine\">Que faire apr\u00e8s l&#8217;A\u00efd : les traditions des visites familiales dans la culture maghr\u00e9bine<\/a><\/li>\n<li style=\"margin-bottom:10px;\"><a href=\"https:\/\/monmaghreb.com\/index.php\/2026\/03\/09\/comment-preparer-laid-el-fitr-guide-complet-pour-les-familles-maghrebines\/\" style=\"color:#0066cc;text-decoration:none;font-weight:500;\" title=\"Comment pr\u00e9parer l&#8217;A\u00efd el-Fitr : guide complet pour les familles maghr\u00e9bines\">Comment pr\u00e9parer l&#8217;A\u00efd el-Fitr : guide complet pour les familles maghr\u00e9bines<\/a><\/li>\n<li style=\"margin-bottom:10px;\"><a href=\"https:\/\/monmaghreb.com\/index.php\/2026\/03\/08\/un-guide-complet-pour-les-vacances-luxueuses-au-maroc-decouvrez-la-mode-de-vie-opulente-du-pays-nord-africain\/\" style=\"color:#0066cc;text-decoration:none;font-weight:500;\" title=\"Un guide complet pour les vacances luxueuses au Maroc : d\u00e9couvrez la mode de vie opulente du pays nord-africain\">Un guide complet pour les vacances luxueuses au Maroc : d\u00e9couvrez la mode de vie opulente du pays nord-africain<\/a><\/li>\n<li style=\"margin-bottom:10px;\"><a href=\"https:\/\/monmaghreb.com\/index.php\/2026\/03\/08\/lentilles-marocaines-un-recit-culinaire-des-traditions-familiales\/\" style=\"color:#0066cc;text-decoration:none;font-weight:500;\" title=\"Lentilles marocaines : un r\u00e9cit culinaire des traditions familiales\">Lentilles marocaines : un r\u00e9cit culinaire des traditions familiales<\/a><\/li>\n<li style=\"margin-bottom:10px;\"><a href=\"https:\/\/monmaghreb.com\/index.php\/2026\/03\/12\/15-recettes-maghrebines-pour-le-ftour-du-ramadan-2026-un-voyage-culinaire-vers-le-maghreb\/\" style=\"color:#0066cc;text-decoration:none;font-weight:500;\" title=\"15 recettes maghr\u00e9bines pour le Ftour du Ramadan 2026 : un voyage culinaire vers le Maghreb\">15 recettes maghr\u00e9bines pour le Ftour du Ramadan 2026 : un voyage culinaire vers le Maghreb<\/a><\/li>\n<\/ul>\n<\/div>\n<p><\/body><br \/>\n<\/html><\/p>\n","protected":false},"excerpt":{"rendered":"<p>C\u00e9l\u00e9brez Aid el-K\u00e9bir : la grande f\u00eate musulmane \u00e0 la port\u00e9e de tous. Retrouvez les traditions et l&#8217;histoire de cette f\u00eate obligatoire du Coran.<\/p>\n","protected":false},"author":1,"featured_media":1093,"comment_status":"closed","ping_status":"open","sticky":false,"template":"","format":"standard","meta":{"_yoast_wpseo_focuskw":"","_yoast_wpseo_title":"","_yoast_wpseo_metadesc":"","_yoast_wpseo_canonical":"","_yoast_wpseo_opengraph-title":"","_yoast_wpseo_opengraph-description":"","_yoast_wpseo_opengraph-image":"","tdm_status":"","tdm_grid_status":"","footnotes":""},"categories":[651],"tags":[832,732,833,835,834],"class_list":["post-1094","post","type-post","status-publish","format-standard","has-post-thumbnail","hentry","category-ramadan-iftar","tag-aid-el-kebir","tag-clothing-guide","tag-fete-islamique","tag-maghreb-traditions","tag-muslim-culture"],"yoast_head":"<!-- This site is optimized with the Yoast SEO plugin v27.4 - https:\/\/yoast.com\/product\/yoast-seo-wordpress\/ -->\n<title>Aid el-K\u00e9bir : Une grande f\u00eate musulmane \u00e0 la port\u00e9e de tous - Mon Maghreb<\/title>\n<meta name=\"robots\" content=\"index, follow, max-snippet:-1, max-image-preview:large, max-video-preview:-1\" \/>\n<link rel=\"canonical\" href=\"https:\/\/monmaghreb.com\/index.php\/2026\/03\/12\/aid-el-kebir-une-grande-fete-musulmane-a-la-portee-de-tous\/\" \/>\n<meta property=\"og:locale\" content=\"en_US\" \/>\n<meta property=\"og:type\" content=\"article\" \/>\n<meta property=\"og:title\" content=\"Aid el-K\u00e9bir : Une grande f\u00eate musulmane \u00e0 la port\u00e9e de tous - Mon Maghreb\" \/>\n<meta property=\"og:description\" content=\"C\u00e9l\u00e9brez Aid el-K\u00e9bir : la grande f\u00eate musulmane \u00e0 la port\u00e9e de tous. Retrouvez les traditions et l&#039;histoire de cette f\u00eate obligatoire du Coran.\" \/>\n<meta property=\"og:url\" content=\"https:\/\/monmaghreb.com\/index.php\/2026\/03\/12\/aid-el-kebir-une-grande-fete-musulmane-a-la-portee-de-tous\/\" \/>\n<meta property=\"og:site_name\" content=\"Mon Maghreb\" \/>\n<meta property=\"article:author\" content=\"https:\/\/www.facebook.com\/monmaghrebcom\" \/>\n<meta property=\"article:published_time\" content=\"2026-03-12T19:58:44+00:00\" \/>\n<meta property=\"article:modified_time\" content=\"2026-03-12T21:01:12+00:00\" \/>\n<meta property=\"og:image\" content=\"https:\/\/monmaghreb.com\/wp-content\/uploads\/2026\/03\/featured-77.jpg\" \/>\n\t<meta property=\"og:image:width\" content=\"1880\" \/>\n\t<meta property=\"og:image:height\" content=\"1253\" \/>\n\t<meta property=\"og:image:type\" content=\"image\/jpeg\" \/>\n<meta name=\"author\" content=\"LaMagh\" \/>\n<meta name=\"twitter:card\" content=\"summary_large_image\" \/>\n<meta name=\"twitter:creator\" content=\"@MMaghreb50977\" \/>\n<meta name=\"twitter:label1\" content=\"Written by\" \/>\n\t<meta name=\"twitter:data1\" content=\"LaMagh\" \/>\n\t<meta name=\"twitter:label2\" content=\"Est. reading time\" \/>\n\t<meta name=\"twitter:data2\" content=\"4 minutes\" \/>\n<script type=\"application\/ld+json\" class=\"yoast-schema-graph\">{\"@context\":\"https:\\\/\\\/schema.org\",\"@graph\":[{\"@type\":\"Article\",\"@id\":\"https:\\\/\\\/monmaghreb.com\\\/index.php\\\/2026\\\/03\\\/12\\\/aid-el-kebir-une-grande-fete-musulmane-a-la-portee-de-tous\\\/#article\",\"isPartOf\":{\"@id\":\"https:\\\/\\\/monmaghreb.com\\\/index.php\\\/2026\\\/03\\\/12\\\/aid-el-kebir-une-grande-fete-musulmane-a-la-portee-de-tous\\\/\"},\"author\":{\"name\":\"LaMagh\",\"@id\":\"http:\\\/\\\/monmaghreb.com\\\/#\\\/schema\\\/person\\\/c469a89dc8c6b8987dcb438b1200d054\"},\"headline\":\"Aid el-K\u00e9bir : Une grande f\u00eate musulmane \u00e0 la port\u00e9e de tous\",\"datePublished\":\"2026-03-12T19:58:44+00:00\",\"dateModified\":\"2026-03-12T21:01:12+00:00\",\"mainEntityOfPage\":{\"@id\":\"https:\\\/\\\/monmaghreb.com\\\/index.php\\\/2026\\\/03\\\/12\\\/aid-el-kebir-une-grande-fete-musulmane-a-la-portee-de-tous\\\/\"},\"wordCount\":868,\"publisher\":{\"@id\":\"http:\\\/\\\/monmaghreb.com\\\/#organization\"},\"image\":{\"@id\":\"https:\\\/\\\/monmaghreb.com\\\/index.php\\\/2026\\\/03\\\/12\\\/aid-el-kebir-une-grande-fete-musulmane-a-la-portee-de-tous\\\/#primaryimage\"},\"thumbnailUrl\":\"https:\\\/\\\/monmaghreb.com\\\/wp-content\\\/uploads\\\/2026\\\/03\\\/featured-77.jpg\",\"keywords\":[\"aid el k\u00e9bir\",\"clothing guide\",\"f\u00eate islamique\",\"maghreb traditions\",\"muslim culture\"],\"articleSection\":[\"Ramadan &amp; Iftar\"],\"inLanguage\":\"en-US\"},{\"@type\":\"WebPage\",\"@id\":\"https:\\\/\\\/monmaghreb.com\\\/index.php\\\/2026\\\/03\\\/12\\\/aid-el-kebir-une-grande-fete-musulmane-a-la-portee-de-tous\\\/\",\"url\":\"https:\\\/\\\/monmaghreb.com\\\/index.php\\\/2026\\\/03\\\/12\\\/aid-el-kebir-une-grande-fete-musulmane-a-la-portee-de-tous\\\/\",\"name\":\"Aid el-K\u00e9bir : Une grande f\u00eate musulmane \u00e0 la port\u00e9e de tous - Mon Maghreb\",\"isPartOf\":{\"@id\":\"http:\\\/\\\/monmaghreb.com\\\/#website\"},\"primaryImageOfPage\":{\"@id\":\"https:\\\/\\\/monmaghreb.com\\\/index.php\\\/2026\\\/03\\\/12\\\/aid-el-kebir-une-grande-fete-musulmane-a-la-portee-de-tous\\\/#primaryimage\"},\"image\":{\"@id\":\"https:\\\/\\\/monmaghreb.com\\\/index.php\\\/2026\\\/03\\\/12\\\/aid-el-kebir-une-grande-fete-musulmane-a-la-portee-de-tous\\\/#primaryimage\"},\"thumbnailUrl\":\"https:\\\/\\\/monmaghreb.com\\\/wp-content\\\/uploads\\\/2026\\\/03\\\/featured-77.jpg\",\"datePublished\":\"2026-03-12T19:58:44+00:00\",\"dateModified\":\"2026-03-12T21:01:12+00:00\",\"breadcrumb\":{\"@id\":\"https:\\\/\\\/monmaghreb.com\\\/index.php\\\/2026\\\/03\\\/12\\\/aid-el-kebir-une-grande-fete-musulmane-a-la-portee-de-tous\\\/#breadcrumb\"},\"inLanguage\":\"en-US\",\"potentialAction\":[{\"@type\":\"ReadAction\",\"target\":[\"https:\\\/\\\/monmaghreb.com\\\/index.php\\\/2026\\\/03\\\/12\\\/aid-el-kebir-une-grande-fete-musulmane-a-la-portee-de-tous\\\/\"]}]},{\"@type\":\"ImageObject\",\"inLanguage\":\"en-US\",\"@id\":\"https:\\\/\\\/monmaghreb.com\\\/index.php\\\/2026\\\/03\\\/12\\\/aid-el-kebir-une-grande-fete-musulmane-a-la-portee-de-tous\\\/#primaryimage\",\"url\":\"https:\\\/\\\/monmaghreb.com\\\/wp-content\\\/uploads\\\/2026\\\/03\\\/featured-77.jpg\",\"contentUrl\":\"https:\\\/\\\/monmaghreb.com\\\/wp-content\\\/uploads\\\/2026\\\/03\\\/featured-77.jpg\",\"width\":1880,\"height\":1253,\"caption\":\"Famille musulmane c\u00e9l\u00e9brant Aid el-K\u00e9bir en Alg\u00e9rie\"},{\"@type\":\"BreadcrumbList\",\"@id\":\"https:\\\/\\\/monmaghreb.com\\\/index.php\\\/2026\\\/03\\\/12\\\/aid-el-kebir-une-grande-fete-musulmane-a-la-portee-de-tous\\\/#breadcrumb\",\"itemListElement\":[{\"@type\":\"ListItem\",\"position\":1,\"name\":\"Home\",\"item\":\"http:\\\/\\\/monmaghreb.com\\\/\"},{\"@type\":\"ListItem\",\"position\":2,\"name\":\"Aid el-K\u00e9bir : Une grande f\u00eate musulmane \u00e0 la port\u00e9e de tous\"}]},{\"@type\":\"WebSite\",\"@id\":\"http:\\\/\\\/monmaghreb.com\\\/#website\",\"url\":\"http:\\\/\\\/monmaghreb.com\\\/\",\"name\":\"Mon Maghreb\",\"description\":\"MonMaghreb United\",\"publisher\":{\"@id\":\"http:\\\/\\\/monmaghreb.com\\\/#organization\"},\"alternateName\":\"Le Monde du Maghreb et au del\u00e0\",\"potentialAction\":[{\"@type\":\"SearchAction\",\"target\":{\"@type\":\"EntryPoint\",\"urlTemplate\":\"http:\\\/\\\/monmaghreb.com\\\/?s={search_term_string}\"},\"query-input\":{\"@type\":\"PropertyValueSpecification\",\"valueRequired\":true,\"valueName\":\"search_term_string\"}}],\"inLanguage\":\"en-US\"},{\"@type\":\"Organization\",\"@id\":\"http:\\\/\\\/monmaghreb.com\\\/#organization\",\"name\":\"Mon Maghreb\",\"url\":\"http:\\\/\\\/monmaghreb.com\\\/\",\"logo\":{\"@type\":\"ImageObject\",\"inLanguage\":\"en-US\",\"@id\":\"http:\\\/\\\/monmaghreb.com\\\/#\\\/schema\\\/logo\\\/image\\\/\",\"url\":\"https:\\\/\\\/monmaghreb.com\\\/wp-content\\\/uploads\\\/2025\\\/12\\\/Mon_Maghreb_Logo.jpg\",\"contentUrl\":\"https:\\\/\\\/monmaghreb.com\\\/wp-content\\\/uploads\\\/2025\\\/12\\\/Mon_Maghreb_Logo.jpg\",\"width\":814,\"height\":374,\"caption\":\"Mon Maghreb\"},\"image\":{\"@id\":\"http:\\\/\\\/monmaghreb.com\\\/#\\\/schema\\\/logo\\\/image\\\/\"}},{\"@type\":\"Person\",\"@id\":\"http:\\\/\\\/monmaghreb.com\\\/#\\\/schema\\\/person\\\/c469a89dc8c6b8987dcb438b1200d054\",\"name\":\"LaMagh\",\"image\":{\"@type\":\"ImageObject\",\"inLanguage\":\"en-US\",\"@id\":\"https:\\\/\\\/secure.gravatar.com\\\/avatar\\\/399d8144bd55fba55e056779aca52fe528bac7911f6449e54d81173d6dfd7f0a?s=96&d=mm&r=g\",\"url\":\"https:\\\/\\\/secure.gravatar.com\\\/avatar\\\/399d8144bd55fba55e056779aca52fe528bac7911f6449e54d81173d6dfd7f0a?s=96&d=mm&r=g\",\"contentUrl\":\"https:\\\/\\\/secure.gravatar.com\\\/avatar\\\/399d8144bd55fba55e056779aca52fe528bac7911f6449e54d81173d6dfd7f0a?s=96&d=mm&r=g\",\"caption\":\"LaMagh\"},\"sameAs\":[\"https:\\\/\\\/monmaghreb.com\",\"https:\\\/\\\/www.facebook.com\\\/monmaghrebcom\",\"https:\\\/\\\/x.com\\\/MMaghreb50977\"],\"url\":\"https:\\\/\\\/monmaghreb.com\\\/index.php\\\/author\\\/lamagh\\\/\"}]}<\/script>\n<!-- \/ Yoast SEO plugin. -->","yoast_head_json":{"title":"Aid el-K\u00e9bir : Une grande f\u00eate musulmane \u00e0 la port\u00e9e de tous - Mon Maghreb","robots":{"index":"index","follow":"follow","max-snippet":"max-snippet:-1","max-image-preview":"max-image-preview:large","max-video-preview":"max-video-preview:-1"},"canonical":"https:\/\/monmaghreb.com\/index.php\/2026\/03\/12\/aid-el-kebir-une-grande-fete-musulmane-a-la-portee-de-tous\/","og_locale":"en_US","og_type":"article","og_title":"Aid el-K\u00e9bir : Une grande f\u00eate musulmane \u00e0 la port\u00e9e de tous - Mon Maghreb","og_description":"C\u00e9l\u00e9brez Aid el-K\u00e9bir : la grande f\u00eate musulmane \u00e0 la port\u00e9e de tous. Retrouvez les traditions et l'histoire de cette f\u00eate obligatoire du Coran.","og_url":"https:\/\/monmaghreb.com\/index.php\/2026\/03\/12\/aid-el-kebir-une-grande-fete-musulmane-a-la-portee-de-tous\/","og_site_name":"Mon Maghreb","article_author":"https:\/\/www.facebook.com\/monmaghrebcom","article_published_time":"2026-03-12T19:58:44+00:00","article_modified_time":"2026-03-12T21:01:12+00:00","og_image":[{"width":1880,"height":1253,"url":"https:\/\/monmaghreb.com\/wp-content\/uploads\/2026\/03\/featured-77.jpg","type":"image\/jpeg"}],"author":"LaMagh","twitter_card":"summary_large_image","twitter_creator":"@MMaghreb50977","twitter_misc":{"Written by":"LaMagh","Est. reading time":"4 minutes"},"schema":{"@context":"https:\/\/schema.org","@graph":[{"@type":"Article","@id":"https:\/\/monmaghreb.com\/index.php\/2026\/03\/12\/aid-el-kebir-une-grande-fete-musulmane-a-la-portee-de-tous\/#article","isPartOf":{"@id":"https:\/\/monmaghreb.com\/index.php\/2026\/03\/12\/aid-el-kebir-une-grande-fete-musulmane-a-la-portee-de-tous\/"},"author":{"name":"LaMagh","@id":"http:\/\/monmaghreb.com\/#\/schema\/person\/c469a89dc8c6b8987dcb438b1200d054"},"headline":"Aid el-K\u00e9bir : Une grande f\u00eate musulmane \u00e0 la port\u00e9e de tous","datePublished":"2026-03-12T19:58:44+00:00","dateModified":"2026-03-12T21:01:12+00:00","mainEntityOfPage":{"@id":"https:\/\/monmaghreb.com\/index.php\/2026\/03\/12\/aid-el-kebir-une-grande-fete-musulmane-a-la-portee-de-tous\/"},"wordCount":868,"publisher":{"@id":"http:\/\/monmaghreb.com\/#organization"},"image":{"@id":"https:\/\/monmaghreb.com\/index.php\/2026\/03\/12\/aid-el-kebir-une-grande-fete-musulmane-a-la-portee-de-tous\/#primaryimage"},"thumbnailUrl":"https:\/\/monmaghreb.com\/wp-content\/uploads\/2026\/03\/featured-77.jpg","keywords":["aid el k\u00e9bir","clothing guide","f\u00eate islamique","maghreb traditions","muslim culture"],"articleSection":["Ramadan &amp; Iftar"],"inLanguage":"en-US"},{"@type":"WebPage","@id":"https:\/\/monmaghreb.com\/index.php\/2026\/03\/12\/aid-el-kebir-une-grande-fete-musulmane-a-la-portee-de-tous\/","url":"https:\/\/monmaghreb.com\/index.php\/2026\/03\/12\/aid-el-kebir-une-grande-fete-musulmane-a-la-portee-de-tous\/","name":"Aid el-K\u00e9bir : Une grande f\u00eate musulmane \u00e0 la port\u00e9e de tous - Mon Maghreb","isPartOf":{"@id":"http:\/\/monmaghreb.com\/#website"},"primaryImageOfPage":{"@id":"https:\/\/monmaghreb.com\/index.php\/2026\/03\/12\/aid-el-kebir-une-grande-fete-musulmane-a-la-portee-de-tous\/#primaryimage"},"image":{"@id":"https:\/\/monmaghreb.com\/index.php\/2026\/03\/12\/aid-el-kebir-une-grande-fete-musulmane-a-la-portee-de-tous\/#primaryimage"},"thumbnailUrl":"https:\/\/monmaghreb.com\/wp-content\/uploads\/2026\/03\/featured-77.jpg","datePublished":"2026-03-12T19:58:44+00:00","dateModified":"2026-03-12T21:01:12+00:00","breadcrumb":{"@id":"https:\/\/monmaghreb.com\/index.php\/2026\/03\/12\/aid-el-kebir-une-grande-fete-musulmane-a-la-portee-de-tous\/#breadcrumb"},"inLanguage":"en-US","potentialAction":[{"@type":"ReadAction","target":["https:\/\/monmaghreb.com\/index.php\/2026\/03\/12\/aid-el-kebir-une-grande-fete-musulmane-a-la-portee-de-tous\/"]}]},{"@type":"ImageObject","inLanguage":"en-US","@id":"https:\/\/monmaghreb.com\/index.php\/2026\/03\/12\/aid-el-kebir-une-grande-fete-musulmane-a-la-portee-de-tous\/#primaryimage","url":"https:\/\/monmaghreb.com\/wp-content\/uploads\/2026\/03\/featured-77.jpg","contentUrl":"https:\/\/monmaghreb.com\/wp-content\/uploads\/2026\/03\/featured-77.jpg","width":1880,"height":1253,"caption":"Famille musulmane c\u00e9l\u00e9brant Aid el-K\u00e9bir en Alg\u00e9rie"},{"@type":"BreadcrumbList","@id":"https:\/\/monmaghreb.com\/index.php\/2026\/03\/12\/aid-el-kebir-une-grande-fete-musulmane-a-la-portee-de-tous\/#breadcrumb","itemListElement":[{"@type":"ListItem","position":1,"name":"Home","item":"http:\/\/monmaghreb.com\/"},{"@type":"ListItem","position":2,"name":"Aid el-K\u00e9bir : Une grande f\u00eate musulmane \u00e0 la port\u00e9e de tous"}]},{"@type":"WebSite","@id":"http:\/\/monmaghreb.com\/#website","url":"http:\/\/monmaghreb.com\/","name":"Mon Maghreb","description":"MonMaghreb United","publisher":{"@id":"http:\/\/monmaghreb.com\/#organization"},"alternateName":"Le Monde du Maghreb et au del\u00e0","potentialAction":[{"@type":"SearchAction","target":{"@type":"EntryPoint","urlTemplate":"http:\/\/monmaghreb.com\/?s={search_term_string}"},"query-input":{"@type":"PropertyValueSpecification","valueRequired":true,"valueName":"search_term_string"}}],"inLanguage":"en-US"},{"@type":"Organization","@id":"http:\/\/monmaghreb.com\/#organization","name":"Mon Maghreb","url":"http:\/\/monmaghreb.com\/","logo":{"@type":"ImageObject","inLanguage":"en-US","@id":"http:\/\/monmaghreb.com\/#\/schema\/logo\/image\/","url":"https:\/\/monmaghreb.com\/wp-content\/uploads\/2025\/12\/Mon_Maghreb_Logo.jpg","contentUrl":"https:\/\/monmaghreb.com\/wp-content\/uploads\/2025\/12\/Mon_Maghreb_Logo.jpg","width":814,"height":374,"caption":"Mon Maghreb"},"image":{"@id":"http:\/\/monmaghreb.com\/#\/schema\/logo\/image\/"}},{"@type":"Person","@id":"http:\/\/monmaghreb.com\/#\/schema\/person\/c469a89dc8c6b8987dcb438b1200d054","name":"LaMagh","image":{"@type":"ImageObject","inLanguage":"en-US","@id":"https:\/\/secure.gravatar.com\/avatar\/399d8144bd55fba55e056779aca52fe528bac7911f6449e54d81173d6dfd7f0a?s=96&d=mm&r=g","url":"https:\/\/secure.gravatar.com\/avatar\/399d8144bd55fba55e056779aca52fe528bac7911f6449e54d81173d6dfd7f0a?s=96&d=mm&r=g","contentUrl":"https:\/\/secure.gravatar.com\/avatar\/399d8144bd55fba55e056779aca52fe528bac7911f6449e54d81173d6dfd7f0a?s=96&d=mm&r=g","caption":"LaMagh"},"sameAs":["https:\/\/monmaghreb.com","https:\/\/www.facebook.com\/monmaghrebcom","https:\/\/x.com\/MMaghreb50977"],"url":"https:\/\/monmaghreb.com\/index.php\/author\/lamagh\/"}]}},"_links":{"self":[{"href":"https:\/\/monmaghreb.com\/index.php\/wp-json\/wp\/v2\/posts\/1094","targetHints":{"allow":["GET"]}}],"collection":[{"href":"https:\/\/monmaghreb.com\/index.php\/wp-json\/wp\/v2\/posts"}],"about":[{"href":"https:\/\/monmaghreb.com\/index.php\/wp-json\/wp\/v2\/types\/post"}],"author":[{"embeddable":true,"href":"https:\/\/monmaghreb.com\/index.php\/wp-json\/wp\/v2\/users\/1"}],"replies":[{"embeddable":true,"href":"https:\/\/monmaghreb.com\/index.php\/wp-json\/wp\/v2\/comments?post=1094"}],"version-history":[{"count":1,"href":"https:\/\/monmaghreb.com\/index.php\/wp-json\/wp\/v2\/posts\/1094\/revisions"}],"predecessor-version":[{"id":1095,"href":"https:\/\/monmaghreb.com\/index.php\/wp-json\/wp\/v2\/posts\/1094\/revisions\/1095"}],"wp:featuredmedia":[{"embeddable":true,"href":"https:\/\/monmaghreb.com\/index.php\/wp-json\/wp\/v2\/media\/1093"}],"wp:attachment":[{"href":"https:\/\/monmaghreb.com\/index.php\/wp-json\/wp\/v2\/media?parent=1094"}],"wp:term":[{"taxonomy":"category","embeddable":true,"href":"https:\/\/monmaghreb.com\/index.php\/wp-json\/wp\/v2\/categories?post=1094"},{"taxonomy":"post_tag","embeddable":true,"href":"https:\/\/monmaghreb.com\/index.php\/wp-json\/wp\/v2\/tags?post=1094"}],"curies":[{"name":"wp","href":"https:\/\/api.w.org\/{rel}","templated":true}]}}