{"id":1100,"date":"2026-03-13T05:29:01","date_gmt":"2026-03-13T05:29:01","guid":{"rendered":"https:\/\/monmaghreb.com\/index.php\/2026\/03\/13\/la-peur-de-lenlevement-grandit-28-personnes-enlevees-lors-dune-fete-musulmane-au-nigeria\/"},"modified":"2026-03-13T05:29:06","modified_gmt":"2026-03-13T05:29:06","slug":"la-peur-de-lenlevement-grandit-28-personnes-enlevees-lors-dune-fete-musulmane-au-nigeria","status":"publish","type":"post","link":"https:\/\/monmaghreb.com\/index.php\/2026\/03\/13\/la-peur-de-lenlevement-grandit-28-personnes-enlevees-lors-dune-fete-musulmane-au-nigeria\/","title":{"rendered":"La peur de l&#8217;enl\u00e8vement grandit : 28 personnes enlev\u00e9es lors d&#8217;une f\u00eate musulmane au Nigeria"},"content":{"rendered":"<p><!DOCTYPE html><br \/>\n<html lang='fr'><br \/>\n<head><br \/>\n    <meta charset='UTF-8'><br \/>\n    <title>La peur de l&#8217;enl\u00e8vement grandit : 28 personnes enlev\u00e9es lors d&#8217;une f\u00eate <a href=\"https:\/\/monmaghreb.com\/index.php\/2026\/03\/12\/aid-el-kebir-une-grande-fete-musulmane-a-la-portee-de-tous\/\" title=\"Aid el-K\u00e9bir : Une grande f\u00eate musulmane \u00e0 la port\u00e9e de tous\">musulmane<\/a> au Nigeria<\/title><br \/>\n<\/head><br \/>\n<body><\/p>\n<h1>La peur de l&#8217;enl\u00e8vement grandit : 28 personnes enlev\u00e9es lors d&#8217;une f\u00eate musulmane au Nigeria<\/h1>\n<p>Depuis plusieurs ann\u00e9es, la diaspora maghr\u00e9bine est pr\u00e9occup\u00e9e par les enl\u00e8vements massifs de citoyens en Afrique de l&#8217;Ouest, notamment au Nigeria. Ainsi, il ne s&#8217;agissait pas d&#8217;une surprise pour les lecteurs de notre blog lorsque nous avons appris que 28 personnes ont \u00e9t\u00e9 enlev\u00e9es lors d&#8217;une f\u00eate musulmane r\u00e9cemment au Nigeria. C&#8217;est un ph\u00e9nom\u00e8ne qui a pris une telle ampleur que les familles des personnes enlev\u00e9es vivent dans une constante anxi\u00e9t\u00e9, attendant des nouvelles de leurs proches.<\/p>\n<h2>Les circonstances de l&#8217;enl\u00e8vement<\/h2>\n<p>L&#8217;enl\u00e8vement a eu lieu le 21 octobre 2021 dans la ville de Kaduna au Nigeria. Les enl\u00e8vements ont eu lieu lors d&#8217;une f\u00eate musulmane, et il est largement admis que les enl\u00e8vements ont \u00e9t\u00e9 orchestr\u00e9s par des groupes terroristes. Les enl\u00e8vements ont affect\u00e9 principalement des femmes et des enfants, ce qui a provoqu\u00e9 une grande inqui\u00e9tude dans la communaut\u00e9 musulmane. Selon les t\u00e9moins oculaires, les groupes terroristes ont agi de mani\u00e8re efficace et rapide, enlevant les personnes sans laissez-passer ni r\u00e9sistance.<\/p>\n<p>Selon les autorit\u00e9s nig\u00e9rianes, le groupe terroriste Boko Haram est suspect\u00e9 d&#8217;\u00eatre responsable de l&#8217;enl\u00e8vement. Boko Haram est un groupe terroriste islamiste qui a \u00e9t\u00e9 responsable de nombreux enl\u00e8vements, attaques terroristes et bombes \u00e0 la bombe au Nigeria et dans les pays voisins depuis plusieurs ann\u00e9es. Cela signifie que la diaspora maghr\u00e9bine doit \u00eatre encore plus vigilante lorsqu&#8217;elle se rend en Afrique de l&#8217;Ouest, car les groupes terroristes ne cessent de s&#8217;adapter et de se renforcer.<\/p>\n<h2>Les cons\u00e9quences de l&#8217;enl\u00e8vement<\/h2>\n<p>Les cons\u00e9quences de l&#8217;enl\u00e8vement ont \u00e9t\u00e9 catastrophiques pour les familles des personnes enlev\u00e9es. Les enl\u00e8vements ont provoqu\u00e9 une grande inqui\u00e9tude et une crainte de la vie quotidienne, notamment pour les communaut\u00e9s musulmanes qui ont \u00e9t\u00e9 cibl\u00e9es par les groupes terroristes. Les personnes enlev\u00e9es et leurs familles sont dans une situation tr\u00e8s difficile, attendant des nouvelles et des solutions pour r\u00e9cup\u00e9rer les personnes disparues.<\/p>\n<p>Les enl\u00e8vements ont \u00e9galement eu une grande r\u00e9percussion internationale. Les pays arabes et musulmans du Maghreb ont exprim\u00e9 leur profonde inqui\u00e9tude et leur solidarit\u00e9 envers les familles des personnes enlev\u00e9es. Les organisations internationales ont \u00e9galement appel\u00e9 \u00e0 des mesures plus fortes pour lutter contre les groupes terroristes et pour prot\u00e9ger les citoyens de la diaspora maghr\u00e9bine. Cela montre que la diaspora maghr\u00e9bine n&#8217;est pas seule dans cette lutte et qu&#8217;elle a le soutien international pour lutter contre les groupes terroristes.<\/p>\n<h2>Les mesures prises par les autorit\u00e9s nig\u00e9rianes<\/h2>\n<p>Les autorit\u00e9s nig\u00e9rianes ont affirm\u00e9 que des mesures ont \u00e9t\u00e9 prises pour r\u00e9pondre aux enl\u00e8vements. Les forces de s\u00e9curit\u00e9 nig\u00e9rianes ont \u00e9t\u00e9 mobilis\u00e9es pour rechercher les personnes enlev\u00e9es et pour prendre des mesures pour emp\u00eacher les enl\u00e8vements \u00e0 l&#8217;avenir. Les autorit\u00e9s ont \u00e9galement appel\u00e9 les citoyens \u00e0 collaborer avec les forces de s\u00e9curit\u00e9 pour fournir des informations utile pour la recherche des personnes enlev\u00e9es. Cependant, les mesures prises par les autorit\u00e9s nig\u00e9rianes ne semblent pas suffisantes pour lutter contre les groupes terroristes. Les groupes terroristes ont poursuivi leurs attaques terroristes, et les enl\u00e8vements ont continu\u00e9 \u00e0 avoir lieu.<\/p>\n<p>Il est essentiel que les autorit\u00e9s nig\u00e9rianes prennent des mesures plus efficaces pour prot\u00e9ger les citoyens et pour lutter contre les groupes terroristes. Cela peut inclure la formation de forces de s\u00e9curit\u00e9 plus nombreuses et mieux entra\u00een\u00e9es, ainsi que la mise en place de syst\u00e8mes de s\u00e9curit\u00e9 plus robustes pour emp\u00eacher les enl\u00e8vements.<\/p>\n<h2>Les mesures \u00e0 prendre par la diaspora maghr\u00e9bine<\/h2>\n<p>La diaspora maghr\u00e9bine doit prendre des mesures pour prot\u00e9ger ses citoyens lorsqu&#8217;ils se rendent en Afrique de l&#8217;Ouest. Cela comprend la collaboration avec les autorit\u00e9s locales pour obtenir des informations sur la s\u00e9curit\u00e9 dans les zones o\u00f9 se d\u00e9roulent les \u00e9v\u00e9nements, l&#8217;\u00e9vitement des zones de conflits et des zones o\u00f9 les groupes terroristes sont connus pour op\u00e9rer.<\/p>\n<p>La diaspora maghr\u00e9bine doit \u00e9galement s&#8217;assurer que ses citoyens sont inform\u00e9s des dangers de l&#8217;enl\u00e8vement et des mesures \u00e0 prendre pour les prot\u00e9ger. Cela comprend l&#8217;\u00e9ducation aux enl\u00e8vements et aux mesures de s\u00e9curit\u00e9 \u00e0 prendre lorsqu&#8217;ils se rendent en Afrique de l&#8217;Ouest. Cela peut inclure la formation de groupes de s\u00e9curit\u00e9 et la mise en place de syst\u00e8mes de s\u00e9curit\u00e9 plus robustes pour prot\u00e9ger les citoyens.<\/p>\n<h2>Conclusion<\/h2>\n<p>La peur de l&#8217;enl\u00e8vement grandit au Nigeria, o\u00f9 28 personnes ont \u00e9t\u00e9 enlev\u00e9es lors d&#8217;une f\u00eate musulmane. Les groupes terroristes continuent \u00e0 poursuivre leurs attaques terroristes, et les enl\u00e8vements continuent \u00e0 avoir lieu. La diaspora maghr\u00e9bine doit prendre des mesures pour prot\u00e9ger ses citoyens lorsqu&#8217;ils se rendent en Afrique de l&#8217;Ouest, y compris la collaboration avec les autorit\u00e9s locales pour obtenir des informations sur la s\u00e9curit\u00e9 et l&#8217;\u00e9ducation aux enl\u00e8vements et aux mesures de s\u00e9curit\u00e9 \u00e0 prendre.<\/p>\n<p>Il est essentiel que la diaspora maghr\u00e9bine prenne des mesures pour prot\u00e9ger ses citoyens et pour lutter contre les groupes terroristes. Cela peut inclure la formation de groupes de s\u00e9curit\u00e9 et la mise en place de syst\u00e8mes de s\u00e9curit\u00e9 plus robustes pour prot\u00e9ger les citoyens. En travaillant ensemble, la diaspora maghr\u00e9bine et les autorit\u00e9s locales peuvent trouver des solutions pour prot\u00e9ger les citoyens et pour lutter contre les groupes terroristes.<\/p>\n<div style=\"background:#f8f9fa;border-left:4px solid #0066cc;border-radius:6px;padding:20px 24px;margin:32px 0;\">\n<p style=\"font-size:13px;color:#888;text-transform:uppercase;letter-spacing:0.8px;margin:0 0 6px 0;\">Vous pourriez aussi aimer<\/p>\n<h3 style=\"font-size:18px;margin:0 0 14px 0;color:#222;\">Articles similaires<\/h3>\n<ul style=\"margin:0;padding-left:20px;list-style:disc;\">\n<li style=\"margin-bottom:10px;\"><a href=\"https:\/\/monmaghreb.com\/index.php\/2026\/03\/12\/aid-el-kebir-une-grande-fete-musulmane-a-la-portee-de-tous\/\" style=\"color:#0066cc;text-decoration:none;font-weight:500;\" title=\"Aid el-K\u00e9bir : Une grande f\u00eate musulmane \u00e0 la port\u00e9e de tous\">Aid el-K\u00e9bir : Une grande f\u00eate musulmane \u00e0 la port\u00e9e de tous<\/a><\/li>\n<li style=\"margin-bottom:10px;\"><a href=\"https:\/\/monmaghreb.com\/index.php\/2026\/03\/12\/50-desserts-gourmands-pour-les-dix-derniers-jours-du-ramadan-2026-une-selection-delicieuse-pour-les-lecteurs-maghrebins-de-la-diaspora\/\" style=\"color:#0066cc;text-decoration:none;font-weight:500;\" title=\"50 desserts gourmands pour les dix derniers jours du Ramadan 2026 : une s\u00e9lection d\u00e9licieuse pour les lecteurs maghr\u00e9bins de la diaspora\">50 desserts gourmands pour les dix derniers jours du Ramadan 2026 : une s\u00e9lection d\u00e9licieuse pour les lecteurs maghr\u00e9bins de la diaspora<\/a><\/li>\n<li style=\"margin-bottom:10px;\"><a href=\"https:\/\/monmaghreb.com\/index.php\/2026\/03\/10\/que-faire-apres-laid-les-traditions-des-visites-familiales-dans-la-culture-maghrebine\/\" style=\"color:#0066cc;text-decoration:none;font-weight:500;\" title=\"Que faire apr\u00e8s l&#8217;A\u00efd : les traditions des visites familiales dans la culture maghr\u00e9bine\">Que faire apr\u00e8s l&#8217;A\u00efd : les traditions des visites familiales dans la culture maghr\u00e9bine<\/a><\/li>\n<li style=\"margin-bottom:10px;\"><a href=\"https:\/\/monmaghreb.com\/index.php\/2026\/03\/09\/garder-lelan-spirituel-du-ramadan-apres-laid-conseils-pour-les-maghrebins-de-la-diaspora\/\" style=\"color:#0066cc;text-decoration:none;font-weight:500;\" title=\"Garder l&#8217;\u00e9lan spirituel du Ramadan apr\u00e8s l&#8217;A\u00efd : Conseils pour les Maghr\u00e9bins de la diaspora\">Garder l&#8217;\u00e9lan spirituel du Ramadan apr\u00e8s l&#8217;A\u00efd : Conseils pour les Maghr\u00e9bins de la diaspora<\/a><\/li>\n<li style=\"margin-bottom:10px;\"><a href=\"https:\/\/monmaghreb.com\/index.php\/2026\/03\/08\/le-maroc-nouveau-rival-du-tourisme-du-maghreb-en-france-en-2025-un-appel-aux-lecteurs-de-la-diaspora\/\" style=\"color:#0066cc;text-decoration:none;font-weight:500;\" title=\"Le Maroc, nouveau rival du tourisme du Maghreb en France en 2025 : un appel aux lecteurs de la diaspora\">Le Maroc, nouveau rival du tourisme du Maghreb en France en 2025 : un appel aux lecteurs de la diaspora<\/a><\/li>\n<\/ul>\n<\/div>\n<p><\/body><br \/>\n<\/html><\/p>\n","protected":false},"excerpt":{"rendered":"<p>28 personnes enlev\u00e9es lors d&#8217;une f\u00eate musulmane au Nigeria. D\u00e9couvrez les raisons de cette \u00e9pid\u00e9mie de violence. Cliquez pour en savoir plus.<\/p>\n","protected":false},"author":1,"featured_media":1099,"comment_status":"closed","ping_status":"open","sticky":false,"template":"","format":"standard","meta":{"_yoast_wpseo_focuskw":"enl\u00e8vement au Nigeria","_yoast_wpseo_title":"La peur de l'enl\u00e8vement grandit : 28 personnes enlev\u00e9es lors","_yoast_wpseo_metadesc":"28 personnes enlev\u00e9es lors d'une f\u00eate musulmane au Nigeria. D\u00e9couvrez les raisons de cette \u00e9pid\u00e9mie de violence. Cliquez pour en savoir plus.","_yoast_wpseo_canonical":"","_yoast_wpseo_opengraph-title":"La peur de l'enl\u00e8vement grandit : 28 personnes enlev\u00e9es lors d'une f\u00eate musulmane au Nigeria","_yoast_wpseo_opengraph-description":"28 personnes enlev\u00e9es lors d'une f\u00eate musulmane au Nigeria. D\u00e9couvrez les raisons de cette \u00e9pid\u00e9mie de violence. Cliquez pour en savoir plus.","_yoast_wpseo_opengraph-image":"","tdm_status":"","tdm_grid_status":"","footnotes":""},"categories":[654],"tags":[842,840,841,838,839],"class_list":["post-1100","post","type-post","status-publish","format-standard","has-post-thumbnail","hentry","category-diaspora","tag-actualite","tag-afrique-de-louest","tag-diaspora-maghrebine","tag-enlevement","tag-nigeria"],"yoast_head":"<!-- This site is optimized with the Yoast SEO plugin v27.4 - https:\/\/yoast.com\/product\/yoast-seo-wordpress\/ -->\n<title>La peur de l&#039;enl\u00e8vement grandit : 28 personnes enlev\u00e9es lors<\/title>\n<meta name=\"description\" content=\"28 personnes enlev\u00e9es lors d&#039;une f\u00eate musulmane au Nigeria. D\u00e9couvrez les raisons de cette \u00e9pid\u00e9mie de violence. Cliquez pour en savoir plus.\" \/>\n<meta name=\"robots\" content=\"index, follow, max-snippet:-1, max-image-preview:large, max-video-preview:-1\" \/>\n<link rel=\"canonical\" href=\"https:\/\/monmaghreb.com\/index.php\/2026\/03\/13\/la-peur-de-lenlevement-grandit-28-personnes-enlevees-lors-dune-fete-musulmane-au-nigeria\/\" \/>\n<meta property=\"og:locale\" content=\"en_US\" \/>\n<meta property=\"og:type\" content=\"article\" \/>\n<meta property=\"og:title\" content=\"La peur de l&#039;enl\u00e8vement grandit : 28 personnes enlev\u00e9es lors d&#039;une f\u00eate musulmane au Nigeria\" \/>\n<meta property=\"og:description\" content=\"28 personnes enlev\u00e9es lors d&#039;une f\u00eate musulmane au Nigeria. D\u00e9couvrez les raisons de cette \u00e9pid\u00e9mie de violence. Cliquez pour en savoir plus.\" \/>\n<meta property=\"og:url\" content=\"https:\/\/monmaghreb.com\/index.php\/2026\/03\/13\/la-peur-de-lenlevement-grandit-28-personnes-enlevees-lors-dune-fete-musulmane-au-nigeria\/\" \/>\n<meta property=\"og:site_name\" content=\"Mon Maghreb\" \/>\n<meta property=\"article:author\" content=\"https:\/\/www.facebook.com\/monmaghrebcom\" \/>\n<meta property=\"article:published_time\" content=\"2026-03-13T05:29:01+00:00\" \/>\n<meta property=\"article:modified_time\" content=\"2026-03-13T05:29:06+00:00\" \/>\n<meta property=\"og:image\" content=\"https:\/\/monmaghreb.com\/wp-content\/uploads\/2026\/03\/featured-79.jpg\" \/>\n\t<meta property=\"og:image:width\" content=\"1733\" \/>\n\t<meta property=\"og:image:height\" content=\"1300\" \/>\n\t<meta property=\"og:image:type\" content=\"image\/jpeg\" \/>\n<meta name=\"author\" content=\"LaMagh\" \/>\n<meta name=\"twitter:card\" content=\"summary_large_image\" \/>\n<meta name=\"twitter:creator\" content=\"@MMaghreb50977\" \/>\n<meta name=\"twitter:label1\" content=\"Written by\" \/>\n\t<meta name=\"twitter:data1\" content=\"LaMagh\" \/>\n\t<meta name=\"twitter:label2\" content=\"Est. reading time\" \/>\n\t<meta name=\"twitter:data2\" content=\"5 minutes\" \/>\n<script type=\"application\/ld+json\" class=\"yoast-schema-graph\">{\"@context\":\"https:\\\/\\\/schema.org\",\"@graph\":[{\"@type\":\"Article\",\"@id\":\"https:\\\/\\\/monmaghreb.com\\\/index.php\\\/2026\\\/03\\\/13\\\/la-peur-de-lenlevement-grandit-28-personnes-enlevees-lors-dune-fete-musulmane-au-nigeria\\\/#article\",\"isPartOf\":{\"@id\":\"https:\\\/\\\/monmaghreb.com\\\/index.php\\\/2026\\\/03\\\/13\\\/la-peur-de-lenlevement-grandit-28-personnes-enlevees-lors-dune-fete-musulmane-au-nigeria\\\/\"},\"author\":{\"name\":\"LaMagh\",\"@id\":\"http:\\\/\\\/monmaghreb.com\\\/#\\\/schema\\\/person\\\/c469a89dc8c6b8987dcb438b1200d054\"},\"headline\":\"La peur de l&#8217;enl\u00e8vement grandit : 28 personnes enlev\u00e9es lors d&#8217;une f\u00eate musulmane au Nigeria\",\"datePublished\":\"2026-03-13T05:29:01+00:00\",\"dateModified\":\"2026-03-13T05:29:06+00:00\",\"mainEntityOfPage\":{\"@id\":\"https:\\\/\\\/monmaghreb.com\\\/index.php\\\/2026\\\/03\\\/13\\\/la-peur-de-lenlevement-grandit-28-personnes-enlevees-lors-dune-fete-musulmane-au-nigeria\\\/\"},\"wordCount\":1101,\"publisher\":{\"@id\":\"http:\\\/\\\/monmaghreb.com\\\/#organization\"},\"image\":{\"@id\":\"https:\\\/\\\/monmaghreb.com\\\/index.php\\\/2026\\\/03\\\/13\\\/la-peur-de-lenlevement-grandit-28-personnes-enlevees-lors-dune-fete-musulmane-au-nigeria\\\/#primaryimage\"},\"thumbnailUrl\":\"https:\\\/\\\/monmaghreb.com\\\/wp-content\\\/uploads\\\/2026\\\/03\\\/featured-79.jpg\",\"keywords\":[\"actualit\u00e9\",\"afrique de l'ouest\",\"diaspora maghr\u00e9bine\",\"enl\u00e8vement\",\"nigeria\"],\"articleSection\":[\"Diaspora\"],\"inLanguage\":\"en-US\"},{\"@type\":\"WebPage\",\"@id\":\"https:\\\/\\\/monmaghreb.com\\\/index.php\\\/2026\\\/03\\\/13\\\/la-peur-de-lenlevement-grandit-28-personnes-enlevees-lors-dune-fete-musulmane-au-nigeria\\\/\",\"url\":\"https:\\\/\\\/monmaghreb.com\\\/index.php\\\/2026\\\/03\\\/13\\\/la-peur-de-lenlevement-grandit-28-personnes-enlevees-lors-dune-fete-musulmane-au-nigeria\\\/\",\"name\":\"La peur de l'enl\u00e8vement grandit : 28 personnes enlev\u00e9es lors\",\"isPartOf\":{\"@id\":\"http:\\\/\\\/monmaghreb.com\\\/#website\"},\"primaryImageOfPage\":{\"@id\":\"https:\\\/\\\/monmaghreb.com\\\/index.php\\\/2026\\\/03\\\/13\\\/la-peur-de-lenlevement-grandit-28-personnes-enlevees-lors-dune-fete-musulmane-au-nigeria\\\/#primaryimage\"},\"image\":{\"@id\":\"https:\\\/\\\/monmaghreb.com\\\/index.php\\\/2026\\\/03\\\/13\\\/la-peur-de-lenlevement-grandit-28-personnes-enlevees-lors-dune-fete-musulmane-au-nigeria\\\/#primaryimage\"},\"thumbnailUrl\":\"https:\\\/\\\/monmaghreb.com\\\/wp-content\\\/uploads\\\/2026\\\/03\\\/featured-79.jpg\",\"datePublished\":\"2026-03-13T05:29:01+00:00\",\"dateModified\":\"2026-03-13T05:29:06+00:00\",\"description\":\"28 personnes enlev\u00e9es lors d'une f\u00eate musulmane au Nigeria. D\u00e9couvrez les raisons de cette \u00e9pid\u00e9mie de violence. Cliquez pour en savoir plus.\",\"breadcrumb\":{\"@id\":\"https:\\\/\\\/monmaghreb.com\\\/index.php\\\/2026\\\/03\\\/13\\\/la-peur-de-lenlevement-grandit-28-personnes-enlevees-lors-dune-fete-musulmane-au-nigeria\\\/#breadcrumb\"},\"inLanguage\":\"en-US\",\"potentialAction\":[{\"@type\":\"ReadAction\",\"target\":[\"https:\\\/\\\/monmaghreb.com\\\/index.php\\\/2026\\\/03\\\/13\\\/la-peur-de-lenlevement-grandit-28-personnes-enlevees-lors-dune-fete-musulmane-au-nigeria\\\/\"]}]},{\"@type\":\"ImageObject\",\"inLanguage\":\"en-US\",\"@id\":\"https:\\\/\\\/monmaghreb.com\\\/index.php\\\/2026\\\/03\\\/13\\\/la-peur-de-lenlevement-grandit-28-personnes-enlevees-lors-dune-fete-musulmane-au-nigeria\\\/#primaryimage\",\"url\":\"https:\\\/\\\/monmaghreb.com\\\/wp-content\\\/uploads\\\/2026\\\/03\\\/featured-79.jpg\",\"contentUrl\":\"https:\\\/\\\/monmaghreb.com\\\/wp-content\\\/uploads\\\/2026\\\/03\\\/featured-79.jpg\",\"width\":1733,\"height\":1300,\"caption\":\"28 personnes enlev\u00e9es lors d'une f\u00eate musulmane au Nigeria\"},{\"@type\":\"BreadcrumbList\",\"@id\":\"https:\\\/\\\/monmaghreb.com\\\/index.php\\\/2026\\\/03\\\/13\\\/la-peur-de-lenlevement-grandit-28-personnes-enlevees-lors-dune-fete-musulmane-au-nigeria\\\/#breadcrumb\",\"itemListElement\":[{\"@type\":\"ListItem\",\"position\":1,\"name\":\"Home\",\"item\":\"http:\\\/\\\/monmaghreb.com\\\/\"},{\"@type\":\"ListItem\",\"position\":2,\"name\":\"La peur de l&#8217;enl\u00e8vement grandit : 28 personnes enlev\u00e9es lors d&#8217;une f\u00eate musulmane au Nigeria\"}]},{\"@type\":\"WebSite\",\"@id\":\"http:\\\/\\\/monmaghreb.com\\\/#website\",\"url\":\"http:\\\/\\\/monmaghreb.com\\\/\",\"name\":\"Mon Maghreb\",\"description\":\"MonMaghreb United\",\"publisher\":{\"@id\":\"http:\\\/\\\/monmaghreb.com\\\/#organization\"},\"alternateName\":\"Le Monde du Maghreb et au del\u00e0\",\"potentialAction\":[{\"@type\":\"SearchAction\",\"target\":{\"@type\":\"EntryPoint\",\"urlTemplate\":\"http:\\\/\\\/monmaghreb.com\\\/?s={search_term_string}\"},\"query-input\":{\"@type\":\"PropertyValueSpecification\",\"valueRequired\":true,\"valueName\":\"search_term_string\"}}],\"inLanguage\":\"en-US\"},{\"@type\":\"Organization\",\"@id\":\"http:\\\/\\\/monmaghreb.com\\\/#organization\",\"name\":\"Mon Maghreb\",\"url\":\"http:\\\/\\\/monmaghreb.com\\\/\",\"logo\":{\"@type\":\"ImageObject\",\"inLanguage\":\"en-US\",\"@id\":\"http:\\\/\\\/monmaghreb.com\\\/#\\\/schema\\\/logo\\\/image\\\/\",\"url\":\"https:\\\/\\\/monmaghreb.com\\\/wp-content\\\/uploads\\\/2025\\\/12\\\/Mon_Maghreb_Logo.jpg\",\"contentUrl\":\"https:\\\/\\\/monmaghreb.com\\\/wp-content\\\/uploads\\\/2025\\\/12\\\/Mon_Maghreb_Logo.jpg\",\"width\":814,\"height\":374,\"caption\":\"Mon Maghreb\"},\"image\":{\"@id\":\"http:\\\/\\\/monmaghreb.com\\\/#\\\/schema\\\/logo\\\/image\\\/\"}},{\"@type\":\"Person\",\"@id\":\"http:\\\/\\\/monmaghreb.com\\\/#\\\/schema\\\/person\\\/c469a89dc8c6b8987dcb438b1200d054\",\"name\":\"LaMagh\",\"image\":{\"@type\":\"ImageObject\",\"inLanguage\":\"en-US\",\"@id\":\"https:\\\/\\\/secure.gravatar.com\\\/avatar\\\/399d8144bd55fba55e056779aca52fe528bac7911f6449e54d81173d6dfd7f0a?s=96&d=mm&r=g\",\"url\":\"https:\\\/\\\/secure.gravatar.com\\\/avatar\\\/399d8144bd55fba55e056779aca52fe528bac7911f6449e54d81173d6dfd7f0a?s=96&d=mm&r=g\",\"contentUrl\":\"https:\\\/\\\/secure.gravatar.com\\\/avatar\\\/399d8144bd55fba55e056779aca52fe528bac7911f6449e54d81173d6dfd7f0a?s=96&d=mm&r=g\",\"caption\":\"LaMagh\"},\"sameAs\":[\"https:\\\/\\\/monmaghreb.com\",\"https:\\\/\\\/www.facebook.com\\\/monmaghrebcom\",\"https:\\\/\\\/x.com\\\/MMaghreb50977\"],\"url\":\"https:\\\/\\\/monmaghreb.com\\\/index.php\\\/author\\\/lamagh\\\/\"}]}<\/script>\n<!-- \/ Yoast SEO plugin. -->","yoast_head_json":{"title":"La peur de l'enl\u00e8vement grandit : 28 personnes enlev\u00e9es lors","description":"28 personnes enlev\u00e9es lors d'une f\u00eate musulmane au Nigeria. D\u00e9couvrez les raisons de cette \u00e9pid\u00e9mie de violence. Cliquez pour en savoir plus.","robots":{"index":"index","follow":"follow","max-snippet":"max-snippet:-1","max-image-preview":"max-image-preview:large","max-video-preview":"max-video-preview:-1"},"canonical":"https:\/\/monmaghreb.com\/index.php\/2026\/03\/13\/la-peur-de-lenlevement-grandit-28-personnes-enlevees-lors-dune-fete-musulmane-au-nigeria\/","og_locale":"en_US","og_type":"article","og_title":"La peur de l'enl\u00e8vement grandit : 28 personnes enlev\u00e9es lors d'une f\u00eate musulmane au Nigeria","og_description":"28 personnes enlev\u00e9es lors d'une f\u00eate musulmane au Nigeria. D\u00e9couvrez les raisons de cette \u00e9pid\u00e9mie de violence. Cliquez pour en savoir plus.","og_url":"https:\/\/monmaghreb.com\/index.php\/2026\/03\/13\/la-peur-de-lenlevement-grandit-28-personnes-enlevees-lors-dune-fete-musulmane-au-nigeria\/","og_site_name":"Mon Maghreb","article_author":"https:\/\/www.facebook.com\/monmaghrebcom","article_published_time":"2026-03-13T05:29:01+00:00","article_modified_time":"2026-03-13T05:29:06+00:00","og_image":[{"width":1733,"height":1300,"url":"https:\/\/monmaghreb.com\/wp-content\/uploads\/2026\/03\/featured-79.jpg","type":"image\/jpeg"}],"author":"LaMagh","twitter_card":"summary_large_image","twitter_creator":"@MMaghreb50977","twitter_misc":{"Written by":"LaMagh","Est. reading time":"5 minutes"},"schema":{"@context":"https:\/\/schema.org","@graph":[{"@type":"Article","@id":"https:\/\/monmaghreb.com\/index.php\/2026\/03\/13\/la-peur-de-lenlevement-grandit-28-personnes-enlevees-lors-dune-fete-musulmane-au-nigeria\/#article","isPartOf":{"@id":"https:\/\/monmaghreb.com\/index.php\/2026\/03\/13\/la-peur-de-lenlevement-grandit-28-personnes-enlevees-lors-dune-fete-musulmane-au-nigeria\/"},"author":{"name":"LaMagh","@id":"http:\/\/monmaghreb.com\/#\/schema\/person\/c469a89dc8c6b8987dcb438b1200d054"},"headline":"La peur de l&#8217;enl\u00e8vement grandit : 28 personnes enlev\u00e9es lors d&#8217;une f\u00eate musulmane au Nigeria","datePublished":"2026-03-13T05:29:01+00:00","dateModified":"2026-03-13T05:29:06+00:00","mainEntityOfPage":{"@id":"https:\/\/monmaghreb.com\/index.php\/2026\/03\/13\/la-peur-de-lenlevement-grandit-28-personnes-enlevees-lors-dune-fete-musulmane-au-nigeria\/"},"wordCount":1101,"publisher":{"@id":"http:\/\/monmaghreb.com\/#organization"},"image":{"@id":"https:\/\/monmaghreb.com\/index.php\/2026\/03\/13\/la-peur-de-lenlevement-grandit-28-personnes-enlevees-lors-dune-fete-musulmane-au-nigeria\/#primaryimage"},"thumbnailUrl":"https:\/\/monmaghreb.com\/wp-content\/uploads\/2026\/03\/featured-79.jpg","keywords":["actualit\u00e9","afrique de l'ouest","diaspora maghr\u00e9bine","enl\u00e8vement","nigeria"],"articleSection":["Diaspora"],"inLanguage":"en-US"},{"@type":"WebPage","@id":"https:\/\/monmaghreb.com\/index.php\/2026\/03\/13\/la-peur-de-lenlevement-grandit-28-personnes-enlevees-lors-dune-fete-musulmane-au-nigeria\/","url":"https:\/\/monmaghreb.com\/index.php\/2026\/03\/13\/la-peur-de-lenlevement-grandit-28-personnes-enlevees-lors-dune-fete-musulmane-au-nigeria\/","name":"La peur de l'enl\u00e8vement grandit : 28 personnes enlev\u00e9es lors","isPartOf":{"@id":"http:\/\/monmaghreb.com\/#website"},"primaryImageOfPage":{"@id":"https:\/\/monmaghreb.com\/index.php\/2026\/03\/13\/la-peur-de-lenlevement-grandit-28-personnes-enlevees-lors-dune-fete-musulmane-au-nigeria\/#primaryimage"},"image":{"@id":"https:\/\/monmaghreb.com\/index.php\/2026\/03\/13\/la-peur-de-lenlevement-grandit-28-personnes-enlevees-lors-dune-fete-musulmane-au-nigeria\/#primaryimage"},"thumbnailUrl":"https:\/\/monmaghreb.com\/wp-content\/uploads\/2026\/03\/featured-79.jpg","datePublished":"2026-03-13T05:29:01+00:00","dateModified":"2026-03-13T05:29:06+00:00","description":"28 personnes enlev\u00e9es lors d'une f\u00eate musulmane au Nigeria. D\u00e9couvrez les raisons de cette \u00e9pid\u00e9mie de violence. Cliquez pour en savoir plus.","breadcrumb":{"@id":"https:\/\/monmaghreb.com\/index.php\/2026\/03\/13\/la-peur-de-lenlevement-grandit-28-personnes-enlevees-lors-dune-fete-musulmane-au-nigeria\/#breadcrumb"},"inLanguage":"en-US","potentialAction":[{"@type":"ReadAction","target":["https:\/\/monmaghreb.com\/index.php\/2026\/03\/13\/la-peur-de-lenlevement-grandit-28-personnes-enlevees-lors-dune-fete-musulmane-au-nigeria\/"]}]},{"@type":"ImageObject","inLanguage":"en-US","@id":"https:\/\/monmaghreb.com\/index.php\/2026\/03\/13\/la-peur-de-lenlevement-grandit-28-personnes-enlevees-lors-dune-fete-musulmane-au-nigeria\/#primaryimage","url":"https:\/\/monmaghreb.com\/wp-content\/uploads\/2026\/03\/featured-79.jpg","contentUrl":"https:\/\/monmaghreb.com\/wp-content\/uploads\/2026\/03\/featured-79.jpg","width":1733,"height":1300,"caption":"28 personnes enlev\u00e9es lors d'une f\u00eate musulmane au Nigeria"},{"@type":"BreadcrumbList","@id":"https:\/\/monmaghreb.com\/index.php\/2026\/03\/13\/la-peur-de-lenlevement-grandit-28-personnes-enlevees-lors-dune-fete-musulmane-au-nigeria\/#breadcrumb","itemListElement":[{"@type":"ListItem","position":1,"name":"Home","item":"http:\/\/monmaghreb.com\/"},{"@type":"ListItem","position":2,"name":"La peur de l&#8217;enl\u00e8vement grandit : 28 personnes enlev\u00e9es lors d&#8217;une f\u00eate musulmane au Nigeria"}]},{"@type":"WebSite","@id":"http:\/\/monmaghreb.com\/#website","url":"http:\/\/monmaghreb.com\/","name":"Mon Maghreb","description":"MonMaghreb United","publisher":{"@id":"http:\/\/monmaghreb.com\/#organization"},"alternateName":"Le Monde du Maghreb et au del\u00e0","potentialAction":[{"@type":"SearchAction","target":{"@type":"EntryPoint","urlTemplate":"http:\/\/monmaghreb.com\/?s={search_term_string}"},"query-input":{"@type":"PropertyValueSpecification","valueRequired":true,"valueName":"search_term_string"}}],"inLanguage":"en-US"},{"@type":"Organization","@id":"http:\/\/monmaghreb.com\/#organization","name":"Mon Maghreb","url":"http:\/\/monmaghreb.com\/","logo":{"@type":"ImageObject","inLanguage":"en-US","@id":"http:\/\/monmaghreb.com\/#\/schema\/logo\/image\/","url":"https:\/\/monmaghreb.com\/wp-content\/uploads\/2025\/12\/Mon_Maghreb_Logo.jpg","contentUrl":"https:\/\/monmaghreb.com\/wp-content\/uploads\/2025\/12\/Mon_Maghreb_Logo.jpg","width":814,"height":374,"caption":"Mon Maghreb"},"image":{"@id":"http:\/\/monmaghreb.com\/#\/schema\/logo\/image\/"}},{"@type":"Person","@id":"http:\/\/monmaghreb.com\/#\/schema\/person\/c469a89dc8c6b8987dcb438b1200d054","name":"LaMagh","image":{"@type":"ImageObject","inLanguage":"en-US","@id":"https:\/\/secure.gravatar.com\/avatar\/399d8144bd55fba55e056779aca52fe528bac7911f6449e54d81173d6dfd7f0a?s=96&d=mm&r=g","url":"https:\/\/secure.gravatar.com\/avatar\/399d8144bd55fba55e056779aca52fe528bac7911f6449e54d81173d6dfd7f0a?s=96&d=mm&r=g","contentUrl":"https:\/\/secure.gravatar.com\/avatar\/399d8144bd55fba55e056779aca52fe528bac7911f6449e54d81173d6dfd7f0a?s=96&d=mm&r=g","caption":"LaMagh"},"sameAs":["https:\/\/monmaghreb.com","https:\/\/www.facebook.com\/monmaghrebcom","https:\/\/x.com\/MMaghreb50977"],"url":"https:\/\/monmaghreb.com\/index.php\/author\/lamagh\/"}]}},"_links":{"self":[{"href":"https:\/\/monmaghreb.com\/index.php\/wp-json\/wp\/v2\/posts\/1100","targetHints":{"allow":["GET"]}}],"collection":[{"href":"https:\/\/monmaghreb.com\/index.php\/wp-json\/wp\/v2\/posts"}],"about":[{"href":"https:\/\/monmaghreb.com\/index.php\/wp-json\/wp\/v2\/types\/post"}],"author":[{"embeddable":true,"href":"https:\/\/monmaghreb.com\/index.php\/wp-json\/wp\/v2\/users\/1"}],"replies":[{"embeddable":true,"href":"https:\/\/monmaghreb.com\/index.php\/wp-json\/wp\/v2\/comments?post=1100"}],"version-history":[{"count":1,"href":"https:\/\/monmaghreb.com\/index.php\/wp-json\/wp\/v2\/posts\/1100\/revisions"}],"predecessor-version":[{"id":1101,"href":"https:\/\/monmaghreb.com\/index.php\/wp-json\/wp\/v2\/posts\/1100\/revisions\/1101"}],"wp:featuredmedia":[{"embeddable":true,"href":"https:\/\/monmaghreb.com\/index.php\/wp-json\/wp\/v2\/media\/1099"}],"wp:attachment":[{"href":"https:\/\/monmaghreb.com\/index.php\/wp-json\/wp\/v2\/media?parent=1100"}],"wp:term":[{"taxonomy":"category","embeddable":true,"href":"https:\/\/monmaghreb.com\/index.php\/wp-json\/wp\/v2\/categories?post=1100"},{"taxonomy":"post_tag","embeddable":true,"href":"https:\/\/monmaghreb.com\/index.php\/wp-json\/wp\/v2\/tags?post=1100"}],"curies":[{"name":"wp","href":"https:\/\/api.w.org\/{rel}","templated":true}]}}