{"id":1103,"date":"2026-03-13T10:58:05","date_gmt":"2026-03-13T10:58:05","guid":{"rendered":"https:\/\/monmaghreb.com\/index.php\/2026\/03\/13\/aid-al-adha-la-grande-fete-musulmane-de-lannee-le-26-mai\/"},"modified":"2026-03-13T10:58:10","modified_gmt":"2026-03-13T10:58:10","slug":"aid-al-adha-la-grande-fete-musulmane-de-lannee-le-26-mai","status":"publish","type":"post","link":"https:\/\/monmaghreb.com\/index.php\/2026\/03\/13\/aid-al-adha-la-grande-fete-musulmane-de-lannee-le-26-mai\/","title":{"rendered":"Aid al-Adha : la grande f\u00eate musulmane de l&#8217;ann\u00e9e, le 26 mai"},"content":{"rendered":"<p><!DOCTYPE html><br \/>\n<html lang=\"fr\"><br \/>\n<head><br \/>\n  <meta charset=\"UTF-8\"><br \/>\n  <title>Aid al-Adha : la grande f\u00eate <a href=\"https:\/\/monmaghreb.com\/index.php\/2026\/03\/12\/aid-el-kebir-une-grande-fete-musulmane-a-la-portee-de-tous\/\" title=\"Aid el-K\u00e9bir : Une grande f\u00eate musulmane \u00e0 la port\u00e9e de tous\">musulmane<\/a> de l&#8217;ann\u00e9e<\/title><br \/>\n<\/head><br \/>\n<body><\/p>\n<h1>Aid al-Adha : la grande f\u00eate musulmane de l&#8217;ann\u00e9e<\/h1>\n<p>  <script type=\"application\/ld+json\">\n{\n  \"@context\": \"https:\/\/schema.org\/\",\n  \"@type\": \"Recipe\",\n  \"name\": \"Aid al-Adha\",\n  \"description\": \"Aid al-Adha is a major Muslim holiday commemorating the story of Prophet Abraham and his son Ishmael. It is celebrated with the sacrifice of a sheep or goat, visits, fasting, and charity.\",\n  \"prepTime\": \"PT15M\",\n  \"cookTime\": \"PT30M\",\n  \"totalTime\": \"PT45M\",\n  \"recipeYield\": \"4 portions\",\n  \"recipeIngredient\": [\n    \"A sheep or goat\"\n  ],\n  \"recipeInstructions\": [\n    {\n      \"@type\": \"HowToStep\",\n      \"text\": \"1. Sacrifice the sheep or goat and share the meat with family and friends.\"\n    },\n    {\n      \"@type\": \"HowToStep\",\n      \"text\": \"2. Visit family, friends, and the needy.\"\n    },\n    {\n      \"@type\": \"HowToStep\",\n      \"text\": \"3. Fast during the day.\"\n    },\n    {\n      \"@type\": \"HowToStep\",\n      \"text\": \"4. Give a portion of the meat to the poor.\"\n    }\n  ],\n  \"recipeCategory\": \"Main Course\",\n  \"recipeCuisine\": \"Islamic\",\n  \"keywords\": \"festival, celebration, Muslim, Aid al-Adha, Eid al-Adha\",\n  \"datePublished\": \"2026-03-13\",\n  \"author\": {\n    \"@type\": \"Organization\",\n    \"name\": \"\"\n  }\n}\n<\/script><\/p>\n<p>En ce mois de mai, les musulmans du Maghreb et de la diaspora s&#8217;appr\u00eatent \u00e0 c\u00e9l\u00e9brer Aid al-Adha, une des f\u00eates les plus importantes de l&#8217;islam. Cette f\u00eate est \u00e9galement appel\u00e9e \u00ab le p\u00e8lerinage des pauvres \u00bb ou \u00ab la sacrifice \u00bb. Mais qu&#8217;est-ce r\u00e9ellement derri\u00e8re cette f\u00eate si sp\u00e9ciale ? Nous allons vous en dire plus.<\/p>\n<h2>1. Historique et origine d&#8217;Aid al-Adha<\/h2>\n<p>Aid al-Adha est une f\u00eate musulmane qui comm\u00e9more l&#8217;histoire de l&#8217;un des proph\u00e8tes musulmans les plus importants : Abraham. Selon la tradition musulmane, Abraham a re\u00e7u la commande divine de sacrifier son fils Ishma\u00ebl sur l&#8217;autel. Cependant, Dieu a accept\u00e9 sa supplique et a lui fourni un mouton pour effectuer le sacrifice \u00e0 la place de son fils. Cette histoire est comm\u00e9mor\u00e9e par le sacrifice d&#8217;un mouton, ou d&#8217;un agneau, \u00e0 l&#8217;occasion de Aid al-Adha.<\/p>\n<p>Il est int\u00e9ressant de noter que la pratique du sacrifice d&#8217;un mouton ou d&#8217;un agneau est tr\u00e8s vieille et remonte \u00e0 l&#8217;\u00e9poque de l&#8217;islam pr\u00e9coce. En effet, le Proph\u00e8te de l&#8217;islam, Mahomet, a lui-m\u00eame sacrifi\u00e9 un mouton \u00e0 l&#8217;occasion de la f\u00eate d&#8217;Aid al-Adha.<\/p>\n<h2>2. La date de Aid al-Adha<\/h2>\n<p>Aid al-Adha est c\u00e9l\u00e9br\u00e9e le 10 du mois de Dhu al-Hijjah de l&#8217;h\u00e9gire lunaire, ce qui \u00e9quivaut \u00e0 un calendrier gr\u00e9gorien qui varie chaque ann\u00e9e. Pour la c\u00e9l\u00e9bration de l&#8217;ann\u00e9e 2023, Aid al-Adha aura lieu le 26 mai.<\/p>\n<p>Cette date est tr\u00e8s importante car elle co\u00efncide avec la fin du p\u00e8lerinage \u00e0 La Mecque, consid\u00e9r\u00e9 comme l&#8217;un des piliers de l&#8217;islam.<\/p>\n<h2>3. Les traditions associ\u00e9es \u00e0 Aid al-Adha<\/h2>\n<p>Les traditions associ\u00e9es \u00e0 Aid al-Adha sont nombreuses. Elles comprennent le sacrifice d&#8217;un mouton, l&#8217;\u00e9change de visites, le je\u00fbne, et le don aux pauvres. Mais il est important de noter que ces traditions ne sont pas uniquement li\u00e9es \u00e0 la f\u00eate elle-m\u00eame, mais \u00e9galement \u00e0 la communaut\u00e9 musulmane en g\u00e9n\u00e9ral.<\/p>\n<p>Pour les musulmans, le sacrifice d&#8217;un mouton ou d&#8217;un agneau est le centre de la f\u00eate. Les familles musulmanes qui peuvent s&#8217;en procurer un le sacrifient et partagent la viande avec leurs familles et leurs amis. Cette pratique est appel\u00e9e \u00ab le sacrifice \u00bb et il est important de noter que le but du sacrifice est de se rappeler l&#8217;histoire de Abraham et de se montrer reconnaissant envers Dieu.<\/p>\n<p>Les visites sont \u00e9galement un \u00e9l\u00e9ment important de la f\u00eate. Les musulmans se rendent chez leurs parents, leurs proches et leurs amis pour c\u00e9l\u00e9brer la f\u00eate ensemble. Cette tradition est appel\u00e9e \u00ab les visites de Eid \u00bb et elle permet aux musulmans de renforcer leur communaut\u00e9.<\/p>\n<p>Le je\u00fbne est \u00e9galement pratiqu\u00e9 lors de Aid al-Adha. Les musulmans se mettent \u00e0 je\u00fbne toute la journ\u00e9e pour se rappeler le sacrifice d&#8217;Abraham. Ce je\u00fbne est appel\u00e9 \u00ab le je\u00fbne de Eid \u00bb et il est important de noter que son but est de se rappeler l&#8217;histoire de l&#8217;islam et de se montrer reconnaissant envers Dieu.<\/p>\n<p>Enfin, les musulmans sont encourag\u00e9s \u00e0 donner aux pauvres une partie de la viande de leur sacrifice. Cette action est consid\u00e9r\u00e9e comme un des \u00e9l\u00e9ments les plus importants de Aid al-Adha. En effet, le Coran enseigne que les riches doivent aider les pauvres pour se rappeler leur place dans la soci\u00e9t\u00e9.<\/p>\n<h2>4. La signification de Aid al-Adha pour les musulmans<\/h2>\n<p>Aid al-Adha est consid\u00e9r\u00e9e comme une des f\u00eates les plus importantes de l&#8217;islam. Elle rappelle l&#8217;histoire de l&#8217;un des proph\u00e8tes les plus importants de l&#8217;islam : Abraham. Mais Aid al-Adha est \u00e9galement consid\u00e9r\u00e9e comme une occasion pour les musulmans de renforcer leur communaut\u00e9 en \u00e9changeant de visites et en donnant aux pauvres.<\/p>\n<p>En plus de rappeler cette histoire, Aid al-Adha est \u00e9galement consid\u00e9r\u00e9e comme une occasion pour les musulmans de s&#8217;attacher \u00e0 Dieu en se mettant \u00e0 je\u00fbne toute la journ\u00e9e. Cette pratique est appel\u00e9e \u00ab le je\u00fbne de Eid \u00bb et il est important de noter que son but est de se rappeler l&#8217;histoire de l&#8217;islam et de se montrer reconnaissant envers Dieu.<\/p>\n<p>Enfin, Aid al-Adha est \u00e9galement consid\u00e9r\u00e9e comme une occasion pour les musulmans de se rappeler leur place dans la soci\u00e9t\u00e9 et de se montrer reconnaissant envers Dieu.<\/p>\n<h2>5. Appel \u00e0 l&#8217;action : participer \u00e0 la c\u00e9l\u00e9bration de Aid al-Adha<\/h2>\n<p>Nous vous invitons \u00e0 participer \u00e0 la c\u00e9l\u00e9bration de Aid al-Adha. Si vous ne pouvez pas participer \u00e0 la c\u00e9l\u00e9bration de votre famille ou de votre communaut\u00e9, vous pouvez \u00e9galement vous impliquer en donnant aux pauvres une partie de la viande de votre sacrifice.<\/p>\n<p>En c\u00e9l\u00e9brant Aid al-Adha, nous renfor\u00e7ons notre communaut\u00e9, nous rappelons l&#8217;histoire d&#8217;Abraham et nous nous attachons \u00e0 Dieu. Nous sommes convaincus que cette f\u00eate est une occasion pour les musulmans de se rappeler leur place dans la soci\u00e9t\u00e9 et de se montrer reconnaissant envers Dieu.<\/p>\n<div style=\"background:#f8f9fa;border-left:4px solid #0066cc;border-radius:6px;padding:20px 24px;margin:32px 0;\">\n<p style=\"font-size:13px;color:#888;text-transform:uppercase;letter-spacing:0.8px;margin:0 0 6px 0;\">Vous pourriez aussi aimer<\/p>\n<h3 style=\"font-size:18px;margin:0 0 14px 0;color:#222;\">Articles similaires<\/h3>\n<ul style=\"margin:0;padding-left:20px;list-style:disc;\">\n<li style=\"margin-bottom:10px;\"><a href=\"https:\/\/monmaghreb.com\/index.php\/2026\/03\/12\/aid-el-kebir-une-grande-fete-musulmane-a-la-portee-de-tous\/\" style=\"color:#0066cc;text-decoration:none;font-weight:500;\" title=\"Aid el-K\u00e9bir : Une grande f\u00eate musulmane \u00e0 la port\u00e9e de tous\">Aid el-K\u00e9bir : Une grande f\u00eate musulmane \u00e0 la port\u00e9e de tous<\/a><\/li>\n<li style=\"margin-bottom:10px;\"><a href=\"https:\/\/monmaghreb.com\/index.php\/2026\/03\/13\/la-peur-de-lenlevement-grandit-28-personnes-enlevees-lors-dune-fete-musulmane-au-nigeria\/\" style=\"color:#0066cc;text-decoration:none;font-weight:500;\" title=\"La peur de l&#8217;enl\u00e8vement grandit : 28 personnes enlev\u00e9es lors d&#8217;une f\u00eate musulmane au Nigeria\">La peur de l&#8217;enl\u00e8vement grandit : 28 personnes enlev\u00e9es lors d&#8217;une f\u00eate musulmane au Nigeria<\/a><\/li>\n<li style=\"margin-bottom:10px;\"><a href=\"https:\/\/monmaghreb.com\/index.php\/2026\/03\/09\/comment-preparer-laid-el-fitr-guide-complet-pour-les-familles-maghrebines\/\" style=\"color:#0066cc;text-decoration:none;font-weight:500;\" title=\"Comment pr\u00e9parer l&#8217;A\u00efd el-Fitr : guide complet pour les familles maghr\u00e9bines\">Comment pr\u00e9parer l&#8217;A\u00efd el-Fitr : guide complet pour les familles maghr\u00e9bines<\/a><\/li>\n<li style=\"margin-bottom:10px;\"><a href=\"https:\/\/monmaghreb.com\/index.php\/2026\/03\/08\/un-guide-complet-pour-les-vacances-luxueuses-au-maroc-decouvrez-la-mode-de-vie-opulente-du-pays-nord-africain\/\" style=\"color:#0066cc;text-decoration:none;font-weight:500;\" title=\"Un guide complet pour les vacances luxueuses au Maroc : d\u00e9couvrez la mode de vie opulente du pays nord-africain\">Un guide complet pour les vacances luxueuses au Maroc : d\u00e9couvrez la mode de vie opulente du pays nord-africain<\/a><\/li>\n<li style=\"margin-bottom:10px;\"><a href=\"https:\/\/monmaghreb.com\/index.php\/2026\/03\/12\/15-recettes-maghrebines-pour-le-ftour-du-ramadan-2026-un-voyage-culinaire-vers-le-maghreb\/\" style=\"color:#0066cc;text-decoration:none;font-weight:500;\" title=\"15 recettes maghr\u00e9bines pour le Ftour du Ramadan 2026 : un voyage culinaire vers le Maghreb\">15 recettes maghr\u00e9bines pour le Ftour du Ramadan 2026 : un voyage culinaire vers le Maghreb<\/a><\/li>\n<\/ul>\n<\/div>\n<p><\/body><br \/>\n<\/html><\/p>\n","protected":false},"excerpt":{"rendered":"<p>C\u00e9l\u00e9brez Aid al-Adha, la grande f\u00eate musulmane de l&#8217;ann\u00e9e le 26 mai. D\u00e9couvrez son histoire, son origine et ses traditions. Apprends-en plus.<\/p>\n","protected":false},"author":1,"featured_media":1102,"comment_status":"closed","ping_status":"open","sticky":false,"template":"","format":"standard","meta":{"_yoast_wpseo_focuskw":"aid al-adha","_yoast_wpseo_title":"Aid al-Adha : la grande f\u00eate musulmane de l'ann\u00e9e, le 26 mai","_yoast_wpseo_metadesc":"C\u00e9l\u00e9brez Aid al-Adha, la grande f\u00eate musulmane de l'ann\u00e9e le 26 mai. D\u00e9couvrez son histoire, son origine et ses traditions. Apprends-en plus.","_yoast_wpseo_canonical":"","_yoast_wpseo_opengraph-title":"Aid al-Adha : la grande f\u00eate musulmane de l'ann\u00e9e, le 26 mai","_yoast_wpseo_opengraph-description":"C\u00e9l\u00e9brez Aid al-Adha, la grande f\u00eate musulmane de l'ann\u00e9e le 26 mai. D\u00e9couvrez son histoire, son origine et ses traditions. Apprends-en plus.","_yoast_wpseo_opengraph-image":"","tdm_status":"","tdm_grid_status":"","footnotes":""},"categories":[651],"tags":[45,771,527,732,743,720],"class_list":["post-1103","post","type-post","status-publish","format-standard","has-post-thumbnail","hentry","category-ramadan-iftar","tag-culture-tunisienne","tag-aid-al-adha","tag-au-revoir-maghrebin-interminable","tag-clothing-guide","tag-culture-islamique","tag-fete-aid"],"yoast_head":"<!-- This site is optimized with the Yoast SEO plugin v27.4 - https:\/\/yoast.com\/product\/yoast-seo-wordpress\/ -->\n<title>Aid al-Adha : la grande f\u00eate musulmane de l&#039;ann\u00e9e, le 26 mai<\/title>\n<meta name=\"description\" content=\"C\u00e9l\u00e9brez Aid al-Adha, la grande f\u00eate musulmane de l&#039;ann\u00e9e le 26 mai. D\u00e9couvrez son histoire, son origine et ses traditions. Apprends-en plus.\" \/>\n<meta name=\"robots\" content=\"index, follow, max-snippet:-1, max-image-preview:large, max-video-preview:-1\" \/>\n<link rel=\"canonical\" href=\"https:\/\/monmaghreb.com\/index.php\/2026\/03\/13\/aid-al-adha-la-grande-fete-musulmane-de-lannee-le-26-mai\/\" \/>\n<meta property=\"og:locale\" content=\"en_US\" \/>\n<meta property=\"og:type\" content=\"article\" \/>\n<meta property=\"og:title\" content=\"Aid al-Adha : la grande f\u00eate musulmane de l&#039;ann\u00e9e, le 26 mai\" \/>\n<meta property=\"og:description\" content=\"C\u00e9l\u00e9brez Aid al-Adha, la grande f\u00eate musulmane de l&#039;ann\u00e9e le 26 mai. D\u00e9couvrez son histoire, son origine et ses traditions. Apprends-en plus.\" \/>\n<meta property=\"og:url\" content=\"https:\/\/monmaghreb.com\/index.php\/2026\/03\/13\/aid-al-adha-la-grande-fete-musulmane-de-lannee-le-26-mai\/\" \/>\n<meta property=\"og:site_name\" content=\"Mon Maghreb\" \/>\n<meta property=\"article:author\" content=\"https:\/\/www.facebook.com\/monmaghrebcom\" \/>\n<meta property=\"article:published_time\" content=\"2026-03-13T10:58:05+00:00\" \/>\n<meta property=\"article:modified_time\" content=\"2026-03-13T10:58:10+00:00\" \/>\n<meta property=\"og:image\" content=\"https:\/\/monmaghreb.com\/wp-content\/uploads\/2026\/03\/featured-80.jpg\" \/>\n\t<meta property=\"og:image:width\" content=\"1880\" \/>\n\t<meta property=\"og:image:height\" content=\"1253\" \/>\n\t<meta property=\"og:image:type\" content=\"image\/jpeg\" \/>\n<meta name=\"author\" content=\"LaMagh\" \/>\n<meta name=\"twitter:card\" content=\"summary_large_image\" \/>\n<meta name=\"twitter:creator\" content=\"@MMaghreb50977\" \/>\n<meta name=\"twitter:label1\" content=\"Written by\" \/>\n\t<meta name=\"twitter:data1\" content=\"LaMagh\" \/>\n\t<meta name=\"twitter:label2\" content=\"Est. reading time\" \/>\n\t<meta name=\"twitter:data2\" content=\"5 minutes\" \/>\n<script type=\"application\/ld+json\" class=\"yoast-schema-graph\">{\"@context\":\"https:\\\/\\\/schema.org\",\"@graph\":[{\"@type\":\"Article\",\"@id\":\"https:\\\/\\\/monmaghreb.com\\\/index.php\\\/2026\\\/03\\\/13\\\/aid-al-adha-la-grande-fete-musulmane-de-lannee-le-26-mai\\\/#article\",\"isPartOf\":{\"@id\":\"https:\\\/\\\/monmaghreb.com\\\/index.php\\\/2026\\\/03\\\/13\\\/aid-al-adha-la-grande-fete-musulmane-de-lannee-le-26-mai\\\/\"},\"author\":{\"name\":\"LaMagh\",\"@id\":\"http:\\\/\\\/monmaghreb.com\\\/#\\\/schema\\\/person\\\/c469a89dc8c6b8987dcb438b1200d054\"},\"headline\":\"Aid al-Adha : la grande f\u00eate musulmane de l&#8217;ann\u00e9e, le 26 mai\",\"datePublished\":\"2026-03-13T10:58:05+00:00\",\"dateModified\":\"2026-03-13T10:58:10+00:00\",\"mainEntityOfPage\":{\"@id\":\"https:\\\/\\\/monmaghreb.com\\\/index.php\\\/2026\\\/03\\\/13\\\/aid-al-adha-la-grande-fete-musulmane-de-lannee-le-26-mai\\\/\"},\"wordCount\":983,\"publisher\":{\"@id\":\"http:\\\/\\\/monmaghreb.com\\\/#organization\"},\"image\":{\"@id\":\"https:\\\/\\\/monmaghreb.com\\\/index.php\\\/2026\\\/03\\\/13\\\/aid-al-adha-la-grande-fete-musulmane-de-lannee-le-26-mai\\\/#primaryimage\"},\"thumbnailUrl\":\"https:\\\/\\\/monmaghreb.com\\\/wp-content\\\/uploads\\\/2026\\\/03\\\/featured-80.jpg\",\"keywords\":[\"\\\"culture tunisienne\\\"\",\"aid al adha\",\"Au revoir maghr\u00e9bin interminable\",\"clothing guide\",\"culture islamique\",\"f\u00eate a\u00efd\"],\"articleSection\":[\"Ramadan &amp; Iftar\"],\"inLanguage\":\"en-US\"},{\"@type\":\"WebPage\",\"@id\":\"https:\\\/\\\/monmaghreb.com\\\/index.php\\\/2026\\\/03\\\/13\\\/aid-al-adha-la-grande-fete-musulmane-de-lannee-le-26-mai\\\/\",\"url\":\"https:\\\/\\\/monmaghreb.com\\\/index.php\\\/2026\\\/03\\\/13\\\/aid-al-adha-la-grande-fete-musulmane-de-lannee-le-26-mai\\\/\",\"name\":\"Aid al-Adha : la grande f\u00eate musulmane de l'ann\u00e9e, le 26 mai\",\"isPartOf\":{\"@id\":\"http:\\\/\\\/monmaghreb.com\\\/#website\"},\"primaryImageOfPage\":{\"@id\":\"https:\\\/\\\/monmaghreb.com\\\/index.php\\\/2026\\\/03\\\/13\\\/aid-al-adha-la-grande-fete-musulmane-de-lannee-le-26-mai\\\/#primaryimage\"},\"image\":{\"@id\":\"https:\\\/\\\/monmaghreb.com\\\/index.php\\\/2026\\\/03\\\/13\\\/aid-al-adha-la-grande-fete-musulmane-de-lannee-le-26-mai\\\/#primaryimage\"},\"thumbnailUrl\":\"https:\\\/\\\/monmaghreb.com\\\/wp-content\\\/uploads\\\/2026\\\/03\\\/featured-80.jpg\",\"datePublished\":\"2026-03-13T10:58:05+00:00\",\"dateModified\":\"2026-03-13T10:58:10+00:00\",\"description\":\"C\u00e9l\u00e9brez Aid al-Adha, la grande f\u00eate musulmane de l'ann\u00e9e le 26 mai. D\u00e9couvrez son histoire, son origine et ses traditions. Apprends-en plus.\",\"breadcrumb\":{\"@id\":\"https:\\\/\\\/monmaghreb.com\\\/index.php\\\/2026\\\/03\\\/13\\\/aid-al-adha-la-grande-fete-musulmane-de-lannee-le-26-mai\\\/#breadcrumb\"},\"inLanguage\":\"en-US\",\"potentialAction\":[{\"@type\":\"ReadAction\",\"target\":[\"https:\\\/\\\/monmaghreb.com\\\/index.php\\\/2026\\\/03\\\/13\\\/aid-al-adha-la-grande-fete-musulmane-de-lannee-le-26-mai\\\/\"]}]},{\"@type\":\"ImageObject\",\"inLanguage\":\"en-US\",\"@id\":\"https:\\\/\\\/monmaghreb.com\\\/index.php\\\/2026\\\/03\\\/13\\\/aid-al-adha-la-grande-fete-musulmane-de-lannee-le-26-mai\\\/#primaryimage\",\"url\":\"https:\\\/\\\/monmaghreb.com\\\/wp-content\\\/uploads\\\/2026\\\/03\\\/featured-80.jpg\",\"contentUrl\":\"https:\\\/\\\/monmaghreb.com\\\/wp-content\\\/uploads\\\/2026\\\/03\\\/featured-80.jpg\",\"width\":1880,\"height\":1253,\"caption\":\"Famille musulmane pr\u00e9parant l'Aid al-Adha\"},{\"@type\":\"BreadcrumbList\",\"@id\":\"https:\\\/\\\/monmaghreb.com\\\/index.php\\\/2026\\\/03\\\/13\\\/aid-al-adha-la-grande-fete-musulmane-de-lannee-le-26-mai\\\/#breadcrumb\",\"itemListElement\":[{\"@type\":\"ListItem\",\"position\":1,\"name\":\"Home\",\"item\":\"http:\\\/\\\/monmaghreb.com\\\/\"},{\"@type\":\"ListItem\",\"position\":2,\"name\":\"Aid al-Adha : la grande f\u00eate musulmane de l&#8217;ann\u00e9e, le 26 mai\"}]},{\"@type\":\"WebSite\",\"@id\":\"http:\\\/\\\/monmaghreb.com\\\/#website\",\"url\":\"http:\\\/\\\/monmaghreb.com\\\/\",\"name\":\"Mon Maghreb\",\"description\":\"MonMaghreb United\",\"publisher\":{\"@id\":\"http:\\\/\\\/monmaghreb.com\\\/#organization\"},\"alternateName\":\"Le Monde du Maghreb et au del\u00e0\",\"potentialAction\":[{\"@type\":\"SearchAction\",\"target\":{\"@type\":\"EntryPoint\",\"urlTemplate\":\"http:\\\/\\\/monmaghreb.com\\\/?s={search_term_string}\"},\"query-input\":{\"@type\":\"PropertyValueSpecification\",\"valueRequired\":true,\"valueName\":\"search_term_string\"}}],\"inLanguage\":\"en-US\"},{\"@type\":\"Organization\",\"@id\":\"http:\\\/\\\/monmaghreb.com\\\/#organization\",\"name\":\"Mon Maghreb\",\"url\":\"http:\\\/\\\/monmaghreb.com\\\/\",\"logo\":{\"@type\":\"ImageObject\",\"inLanguage\":\"en-US\",\"@id\":\"http:\\\/\\\/monmaghreb.com\\\/#\\\/schema\\\/logo\\\/image\\\/\",\"url\":\"https:\\\/\\\/monmaghreb.com\\\/wp-content\\\/uploads\\\/2025\\\/12\\\/Mon_Maghreb_Logo.jpg\",\"contentUrl\":\"https:\\\/\\\/monmaghreb.com\\\/wp-content\\\/uploads\\\/2025\\\/12\\\/Mon_Maghreb_Logo.jpg\",\"width\":814,\"height\":374,\"caption\":\"Mon Maghreb\"},\"image\":{\"@id\":\"http:\\\/\\\/monmaghreb.com\\\/#\\\/schema\\\/logo\\\/image\\\/\"}},{\"@type\":\"Person\",\"@id\":\"http:\\\/\\\/monmaghreb.com\\\/#\\\/schema\\\/person\\\/c469a89dc8c6b8987dcb438b1200d054\",\"name\":\"LaMagh\",\"image\":{\"@type\":\"ImageObject\",\"inLanguage\":\"en-US\",\"@id\":\"https:\\\/\\\/secure.gravatar.com\\\/avatar\\\/399d8144bd55fba55e056779aca52fe528bac7911f6449e54d81173d6dfd7f0a?s=96&d=mm&r=g\",\"url\":\"https:\\\/\\\/secure.gravatar.com\\\/avatar\\\/399d8144bd55fba55e056779aca52fe528bac7911f6449e54d81173d6dfd7f0a?s=96&d=mm&r=g\",\"contentUrl\":\"https:\\\/\\\/secure.gravatar.com\\\/avatar\\\/399d8144bd55fba55e056779aca52fe528bac7911f6449e54d81173d6dfd7f0a?s=96&d=mm&r=g\",\"caption\":\"LaMagh\"},\"sameAs\":[\"https:\\\/\\\/monmaghreb.com\",\"https:\\\/\\\/www.facebook.com\\\/monmaghrebcom\",\"https:\\\/\\\/x.com\\\/MMaghreb50977\"],\"url\":\"https:\\\/\\\/monmaghreb.com\\\/index.php\\\/author\\\/lamagh\\\/\"}]}<\/script>\n<!-- \/ Yoast SEO plugin. -->","yoast_head_json":{"title":"Aid al-Adha : la grande f\u00eate musulmane de l'ann\u00e9e, le 26 mai","description":"C\u00e9l\u00e9brez Aid al-Adha, la grande f\u00eate musulmane de l'ann\u00e9e le 26 mai. D\u00e9couvrez son histoire, son origine et ses traditions. Apprends-en plus.","robots":{"index":"index","follow":"follow","max-snippet":"max-snippet:-1","max-image-preview":"max-image-preview:large","max-video-preview":"max-video-preview:-1"},"canonical":"https:\/\/monmaghreb.com\/index.php\/2026\/03\/13\/aid-al-adha-la-grande-fete-musulmane-de-lannee-le-26-mai\/","og_locale":"en_US","og_type":"article","og_title":"Aid al-Adha : la grande f\u00eate musulmane de l'ann\u00e9e, le 26 mai","og_description":"C\u00e9l\u00e9brez Aid al-Adha, la grande f\u00eate musulmane de l'ann\u00e9e le 26 mai. D\u00e9couvrez son histoire, son origine et ses traditions. Apprends-en plus.","og_url":"https:\/\/monmaghreb.com\/index.php\/2026\/03\/13\/aid-al-adha-la-grande-fete-musulmane-de-lannee-le-26-mai\/","og_site_name":"Mon Maghreb","article_author":"https:\/\/www.facebook.com\/monmaghrebcom","article_published_time":"2026-03-13T10:58:05+00:00","article_modified_time":"2026-03-13T10:58:10+00:00","og_image":[{"width":1880,"height":1253,"url":"https:\/\/monmaghreb.com\/wp-content\/uploads\/2026\/03\/featured-80.jpg","type":"image\/jpeg"}],"author":"LaMagh","twitter_card":"summary_large_image","twitter_creator":"@MMaghreb50977","twitter_misc":{"Written by":"LaMagh","Est. reading time":"5 minutes"},"schema":{"@context":"https:\/\/schema.org","@graph":[{"@type":"Article","@id":"https:\/\/monmaghreb.com\/index.php\/2026\/03\/13\/aid-al-adha-la-grande-fete-musulmane-de-lannee-le-26-mai\/#article","isPartOf":{"@id":"https:\/\/monmaghreb.com\/index.php\/2026\/03\/13\/aid-al-adha-la-grande-fete-musulmane-de-lannee-le-26-mai\/"},"author":{"name":"LaMagh","@id":"http:\/\/monmaghreb.com\/#\/schema\/person\/c469a89dc8c6b8987dcb438b1200d054"},"headline":"Aid al-Adha : la grande f\u00eate musulmane de l&#8217;ann\u00e9e, le 26 mai","datePublished":"2026-03-13T10:58:05+00:00","dateModified":"2026-03-13T10:58:10+00:00","mainEntityOfPage":{"@id":"https:\/\/monmaghreb.com\/index.php\/2026\/03\/13\/aid-al-adha-la-grande-fete-musulmane-de-lannee-le-26-mai\/"},"wordCount":983,"publisher":{"@id":"http:\/\/monmaghreb.com\/#organization"},"image":{"@id":"https:\/\/monmaghreb.com\/index.php\/2026\/03\/13\/aid-al-adha-la-grande-fete-musulmane-de-lannee-le-26-mai\/#primaryimage"},"thumbnailUrl":"https:\/\/monmaghreb.com\/wp-content\/uploads\/2026\/03\/featured-80.jpg","keywords":["\"culture tunisienne\"","aid al adha","Au revoir maghr\u00e9bin interminable","clothing guide","culture islamique","f\u00eate a\u00efd"],"articleSection":["Ramadan &amp; Iftar"],"inLanguage":"en-US"},{"@type":"WebPage","@id":"https:\/\/monmaghreb.com\/index.php\/2026\/03\/13\/aid-al-adha-la-grande-fete-musulmane-de-lannee-le-26-mai\/","url":"https:\/\/monmaghreb.com\/index.php\/2026\/03\/13\/aid-al-adha-la-grande-fete-musulmane-de-lannee-le-26-mai\/","name":"Aid al-Adha : la grande f\u00eate musulmane de l'ann\u00e9e, le 26 mai","isPartOf":{"@id":"http:\/\/monmaghreb.com\/#website"},"primaryImageOfPage":{"@id":"https:\/\/monmaghreb.com\/index.php\/2026\/03\/13\/aid-al-adha-la-grande-fete-musulmane-de-lannee-le-26-mai\/#primaryimage"},"image":{"@id":"https:\/\/monmaghreb.com\/index.php\/2026\/03\/13\/aid-al-adha-la-grande-fete-musulmane-de-lannee-le-26-mai\/#primaryimage"},"thumbnailUrl":"https:\/\/monmaghreb.com\/wp-content\/uploads\/2026\/03\/featured-80.jpg","datePublished":"2026-03-13T10:58:05+00:00","dateModified":"2026-03-13T10:58:10+00:00","description":"C\u00e9l\u00e9brez Aid al-Adha, la grande f\u00eate musulmane de l'ann\u00e9e le 26 mai. D\u00e9couvrez son histoire, son origine et ses traditions. Apprends-en plus.","breadcrumb":{"@id":"https:\/\/monmaghreb.com\/index.php\/2026\/03\/13\/aid-al-adha-la-grande-fete-musulmane-de-lannee-le-26-mai\/#breadcrumb"},"inLanguage":"en-US","potentialAction":[{"@type":"ReadAction","target":["https:\/\/monmaghreb.com\/index.php\/2026\/03\/13\/aid-al-adha-la-grande-fete-musulmane-de-lannee-le-26-mai\/"]}]},{"@type":"ImageObject","inLanguage":"en-US","@id":"https:\/\/monmaghreb.com\/index.php\/2026\/03\/13\/aid-al-adha-la-grande-fete-musulmane-de-lannee-le-26-mai\/#primaryimage","url":"https:\/\/monmaghreb.com\/wp-content\/uploads\/2026\/03\/featured-80.jpg","contentUrl":"https:\/\/monmaghreb.com\/wp-content\/uploads\/2026\/03\/featured-80.jpg","width":1880,"height":1253,"caption":"Famille musulmane pr\u00e9parant l'Aid al-Adha"},{"@type":"BreadcrumbList","@id":"https:\/\/monmaghreb.com\/index.php\/2026\/03\/13\/aid-al-adha-la-grande-fete-musulmane-de-lannee-le-26-mai\/#breadcrumb","itemListElement":[{"@type":"ListItem","position":1,"name":"Home","item":"http:\/\/monmaghreb.com\/"},{"@type":"ListItem","position":2,"name":"Aid al-Adha : la grande f\u00eate musulmane de l&#8217;ann\u00e9e, le 26 mai"}]},{"@type":"WebSite","@id":"http:\/\/monmaghreb.com\/#website","url":"http:\/\/monmaghreb.com\/","name":"Mon Maghreb","description":"MonMaghreb United","publisher":{"@id":"http:\/\/monmaghreb.com\/#organization"},"alternateName":"Le Monde du Maghreb et au del\u00e0","potentialAction":[{"@type":"SearchAction","target":{"@type":"EntryPoint","urlTemplate":"http:\/\/monmaghreb.com\/?s={search_term_string}"},"query-input":{"@type":"PropertyValueSpecification","valueRequired":true,"valueName":"search_term_string"}}],"inLanguage":"en-US"},{"@type":"Organization","@id":"http:\/\/monmaghreb.com\/#organization","name":"Mon Maghreb","url":"http:\/\/monmaghreb.com\/","logo":{"@type":"ImageObject","inLanguage":"en-US","@id":"http:\/\/monmaghreb.com\/#\/schema\/logo\/image\/","url":"https:\/\/monmaghreb.com\/wp-content\/uploads\/2025\/12\/Mon_Maghreb_Logo.jpg","contentUrl":"https:\/\/monmaghreb.com\/wp-content\/uploads\/2025\/12\/Mon_Maghreb_Logo.jpg","width":814,"height":374,"caption":"Mon Maghreb"},"image":{"@id":"http:\/\/monmaghreb.com\/#\/schema\/logo\/image\/"}},{"@type":"Person","@id":"http:\/\/monmaghreb.com\/#\/schema\/person\/c469a89dc8c6b8987dcb438b1200d054","name":"LaMagh","image":{"@type":"ImageObject","inLanguage":"en-US","@id":"https:\/\/secure.gravatar.com\/avatar\/399d8144bd55fba55e056779aca52fe528bac7911f6449e54d81173d6dfd7f0a?s=96&d=mm&r=g","url":"https:\/\/secure.gravatar.com\/avatar\/399d8144bd55fba55e056779aca52fe528bac7911f6449e54d81173d6dfd7f0a?s=96&d=mm&r=g","contentUrl":"https:\/\/secure.gravatar.com\/avatar\/399d8144bd55fba55e056779aca52fe528bac7911f6449e54d81173d6dfd7f0a?s=96&d=mm&r=g","caption":"LaMagh"},"sameAs":["https:\/\/monmaghreb.com","https:\/\/www.facebook.com\/monmaghrebcom","https:\/\/x.com\/MMaghreb50977"],"url":"https:\/\/monmaghreb.com\/index.php\/author\/lamagh\/"}]}},"_links":{"self":[{"href":"https:\/\/monmaghreb.com\/index.php\/wp-json\/wp\/v2\/posts\/1103","targetHints":{"allow":["GET"]}}],"collection":[{"href":"https:\/\/monmaghreb.com\/index.php\/wp-json\/wp\/v2\/posts"}],"about":[{"href":"https:\/\/monmaghreb.com\/index.php\/wp-json\/wp\/v2\/types\/post"}],"author":[{"embeddable":true,"href":"https:\/\/monmaghreb.com\/index.php\/wp-json\/wp\/v2\/users\/1"}],"replies":[{"embeddable":true,"href":"https:\/\/monmaghreb.com\/index.php\/wp-json\/wp\/v2\/comments?post=1103"}],"version-history":[{"count":1,"href":"https:\/\/monmaghreb.com\/index.php\/wp-json\/wp\/v2\/posts\/1103\/revisions"}],"predecessor-version":[{"id":1105,"href":"https:\/\/monmaghreb.com\/index.php\/wp-json\/wp\/v2\/posts\/1103\/revisions\/1105"}],"wp:featuredmedia":[{"embeddable":true,"href":"https:\/\/monmaghreb.com\/index.php\/wp-json\/wp\/v2\/media\/1102"}],"wp:attachment":[{"href":"https:\/\/monmaghreb.com\/index.php\/wp-json\/wp\/v2\/media?parent=1103"}],"wp:term":[{"taxonomy":"category","embeddable":true,"href":"https:\/\/monmaghreb.com\/index.php\/wp-json\/wp\/v2\/categories?post=1103"},{"taxonomy":"post_tag","embeddable":true,"href":"https:\/\/monmaghreb.com\/index.php\/wp-json\/wp\/v2\/tags?post=1103"}],"curies":[{"name":"wp","href":"https:\/\/api.w.org\/{rel}","templated":true}]}}