{"id":1116,"date":"2026-03-13T14:01:58","date_gmt":"2026-03-13T14:01:58","guid":{"rendered":"https:\/\/monmaghreb.com\/index.php\/2026\/03\/13\/les-evenements-culturels-berberes-en-france-le-cirque-ka-in-a-ales-et-nimes\/"},"modified":"2026-03-13T14:02:02","modified_gmt":"2026-03-13T14:02:02","slug":"les-evenements-culturels-berberes-en-france-le-cirque-ka-in-a-ales-et-nimes","status":"publish","type":"post","link":"https:\/\/monmaghreb.com\/index.php\/2026\/03\/13\/les-evenements-culturels-berberes-en-france-le-cirque-ka-in-a-ales-et-nimes\/","title":{"rendered":"Les \u00e9v\u00e9nements culturels berb\u00e8res en France : le cirque KA-IN \u00e0 Al\u00e8s et N\u00eemes"},"content":{"rendered":"<p><!DOCTYPE html><br \/>\n<html lang=\"fr\"><br \/>\n<head><br \/>\n<meta charset=\"UTF-8\"><br \/>\n<meta name=\"viewport\" content=\"width=device-width, initial-scale=1.0\"><br \/>\n<title>Les <a href=\"https:\/\/monmaghreb.com\/index.php\/2026\/03\/12\/pape-leon-xiv-visite-lalgerie-les-evenements-symboliques-du-voyage\/\" title=\"Pape L\u00e9on XIV visite l&#8217;Alg\u00e9rie : les \u00e9v\u00e9nements symboliques du voyage\">\u00e9v\u00e9nements<\/a> culturels berb\u00e8res en France<\/title><br \/>\n<\/head><br \/>\n<body><\/p>\n<h1>Les \u00e9v\u00e9nements culturels berb\u00e8res en France : le cirque KA-IN \u00e0 Al\u00e8s et N\u00eemes<\/h1>\n<p>Bienvenue sur ce blog qui vous pr\u00e9sente les \u00e9v\u00e9nements culturels berb\u00e8res en France. Pour commencer, nous allons vous parler de l&#8217;un des \u00e9v\u00e9nements les plus excitants : le cirque KA-IN qui se produira \u00e0 Al\u00e8s et N\u00eemes. Cr\u00e9\u00e9 en 2001 par Kacem Kassi, ce cirque berb\u00e8re est connu pour ses num\u00e9ros de gymnastique acrobatique, de trampoline, de danse, de tissu a\u00e9rien et de ventriloquie, tous m\u00e9lang\u00e9s \u00e0 la musique traditionnelle berb\u00e8re.<\/p>\n<h2>Le cirque KA-IN : un cirque berb\u00e8re en France<\/h2>\n<p>Le cirque KA-IN est un cirque \u00e0 sens unique, qui m\u00eale tradition et modernit\u00e9. Les num\u00e9ros sont cr\u00e9\u00e9s \u00e0 partir de l&#8217;art du cirque traditionnel berb\u00e8re et des num\u00e9ros modernes et acrobatiques. Les artistes du cirque KA-IN sont issus de la diaspora maghr\u00e9bine et ont grandi avec la culture berb\u00e8re dans leur sang. Ils ont donc une compr\u00e9hension profonde de la culture et du patrimoine berb\u00e8re, ce qui se refl\u00e8te dans leurs spectacles.<\/p>\n<p>Le cirque KA-IN a fait ses premi\u00e8res apparitions en France \u00e0 Al\u00e8s et N\u00eemes, deux villes qui ont une communaut\u00e9 maghr\u00e9bine importante. Le cirque a rapidement pris son essor et attire des milliers de spectateurs chaque ann\u00e9e.<\/p>\n<h2>Cirque KA-IN \u00e0 Al\u00e8s : l&#8217;\u00e9dition 2022<\/h2>\n<p>Le cirque KA-IN se produira \u00e0 Al\u00e8s du 28 juillet au 1er ao\u00fbt 2022 au stade des Alpilles, un lieu id\u00e9al pour un spectacle de cette envergure. L&#8217;\u00e9dition 2022 sera une occasion unique pour les Maghr\u00e9bins de la diaspora de se r\u00e9unir et de c\u00e9l\u00e9brer leur culture et leur patrimoine. Le cirque KA-IN \u00e0 Al\u00e8s est un \u00e9v\u00e9nement annuel qui attire des milliers de spectateurs et qui est connu pour son dynamisme, son esprit d&#8217;accueil et sa qualit\u00e9 de spectacle.<\/p>\n<p>Les spectateurs pourront appr\u00e9cier les num\u00e9ros de gymnastique acrobatique, de trampoline, de danse, de tissu a\u00e9rien et de ventriloquie, tous m\u00e9lang\u00e9s \u00e0 la musique traditionnelle berb\u00e8re. Les enfants seront \u00e9galement enchant\u00e9s par les num\u00e9ros de ventriloquie et de tissu a\u00e9rien.<\/p>\n<h2>Cirque KA-IN \u00e0 N\u00eemes : l&#8217;\u00e9dition 2022<\/h2>\n<p>Le cirque KA-IN se produira \u00e0 N\u00eemes du 1er au 5 ao\u00fbt 2022 au stade des Costi\u00e8res, un autre lieu id\u00e9al pour un spectacle de cette envergure. L&#8217;\u00e9dition 2022 sera \u00e9galement une occasion unique pour les Maghr\u00e9bins de la diaspora de se rassembler et de c\u00e9l\u00e9brer leur culture. C&#8217;est \u00e9galement une occasion pour les N\u00eemois et les visiteurs de se familiariser avec la culture berb\u00e8re.<\/p>\n<p>Le cirque KA-IN \u00e0 N\u00eemes est connu pour son dynamisme, son esprit d&#8217;accueil et sa qualit\u00e9 de spectacle. Les spectateurs pourront appr\u00e9cier les num\u00e9ros de gymnastique acrobatique, de trampoline, de danse, de tissu a\u00e9rien et de ventriloquie, tous m\u00e9lang\u00e9s \u00e0 la musique traditionnelle berb\u00e8re.<\/p>\n<h2>Appel \u00e0 l&#8217;action<\/h2>\n<p>Si vous souhaitez d\u00e9couvrir le cirque KA-IN, ne manquez pas de vous rendre \u00e0 Al\u00e8s ou \u00e0 N\u00eemes en juillet-ao\u00fbt 2022. Vous pouvez \u00e9galement suivre leur compte Instagram officiel @cirque_ka_in pour en savoir plus sur le cirque et ses spectacles.<\/p>\n<p>Il est temps de se laisser emporter par la magie du cirque KA-IN et de d\u00e9couvrir la culture berb\u00e8re en France. Ne manquez pas cette occasion unique pour c\u00e9l\u00e9brer la culture berb\u00e8re et se r\u00e9unir avec la communaut\u00e9 maghr\u00e9bine de la diaspora.<\/p>\n<div style=\"background:#f8f9fa;border-left:4px solid #0066cc;border-radius:6px;padding:20px 24px;margin:32px 0;\">\n<p style=\"font-size:13px;color:#888;text-transform:uppercase;letter-spacing:0.8px;margin:0 0 6px 0;\">Vous pourriez aussi aimer<\/p>\n<h3 style=\"font-size:18px;margin:0 0 14px 0;color:#222;\">Articles similaires<\/h3>\n<ul style=\"margin:0;padding-left:20px;list-style:disc;\">\n<li style=\"margin-bottom:10px;\"><a href=\"https:\/\/monmaghreb.com\/index.php\/2026\/03\/12\/pape-leon-xiv-visite-lalgerie-les-evenements-symboliques-du-voyage\/\" style=\"color:#0066cc;text-decoration:none;font-weight:500;\" title=\"Pape L\u00e9on XIV visite l&#8217;Alg\u00e9rie : les \u00e9v\u00e9nements symboliques du voyage\">Pape L\u00e9on XIV visite l&#8217;Alg\u00e9rie : les \u00e9v\u00e9nements symboliques du voyage<\/a><\/li>\n<li style=\"margin-bottom:10px;\"><a href=\"https:\/\/monmaghreb.com\/index.php\/2026\/03\/11\/les-spas-privatifs-en-france-un-refuge-pour-traverser-lhiver-en-beaute\/\" style=\"color:#0066cc;text-decoration:none;font-weight:500;\" title=\"Les spas privatifs en France : un refuge pour traverser l&#8217;hiver en beaut\u00e9\">Les spas privatifs en France : un refuge pour traverser l&#8217;hiver en beaut\u00e9<\/a><\/li>\n<li style=\"margin-bottom:10px;\"><a href=\"https:\/\/monmaghreb.com\/index.php\/2026\/03\/11\/guide-complet-de-la-priere-de-laid-horaires-et-mosquees-pour-les-communautes-algerienne-tunisienne-et-marocaine-en-france\/\" style=\"color:#0066cc;text-decoration:none;font-weight:500;\" title=\"Guide complet de la pri\u00e8re de l&#8217;A\u00efd : horaires et mosqu\u00e9es pour les communaut\u00e9s alg\u00e9rienne, tunisienne et marocaine en France\">Guide complet de la pri\u00e8re de l&#8217;A\u00efd : horaires et mosqu\u00e9es pour les communaut\u00e9s alg\u00e9rienne, tunisienne et marocaine en France<\/a><\/li>\n<li style=\"margin-bottom:10px;\"><a href=\"https:\/\/monmaghreb.com\/index.php\/2026\/03\/11\/que-faire-pendant-laid-el-fitr-en-france-activites-et-sorties\/\" style=\"color:#0066cc;text-decoration:none;font-weight:500;\" title=\"Que faire pendant l&#8217;A\u00efd el-Fitr en France : activit\u00e9s et sorties\">Que faire pendant l&#8217;A\u00efd el-Fitr en France : activit\u00e9s et sorties<\/a><\/li>\n<li style=\"margin-bottom:10px;\"><a href=\"https:\/\/monmaghreb.com\/index.php\/2026\/03\/10\/que-faire-apres-laid-les-traditions-des-visites-familiales-dans-la-culture-maghrebine\/\" style=\"color:#0066cc;text-decoration:none;font-weight:500;\" title=\"Que faire apr\u00e8s l&#8217;A\u00efd : les traditions des visites familiales dans la culture maghr\u00e9bine\">Que faire apr\u00e8s l&#8217;A\u00efd : les traditions des visites familiales dans la culture maghr\u00e9bine<\/a><\/li>\n<\/ul>\n<\/div>\n<p><\/body><br \/>\n<\/html><\/p>\n","protected":false},"excerpt":{"rendered":"<p>Discover exciting Berber cultural events in France: Cirque KA-IN in Al\u00e8s and N\u00eemes. Experience acrobatics, trampoline, dance, aerial silk, and more!<\/p>\n","protected":false},"author":1,"featured_media":1114,"comment_status":"closed","ping_status":"open","sticky":false,"template":"","format":"standard","meta":{"_yoast_wpseo_focuskw":"berbere cultural events france","_yoast_wpseo_title":"Les \u00e9v\u00e9nements culturels berb\u00e8res en France : le cirque KA-I","_yoast_wpseo_metadesc":"Discover exciting Berber cultural events in France: Cirque KA-IN in Al\u00e8s and N\u00eemes. Experience acrobatics, trampoline, dance, aerial silk, and more!","_yoast_wpseo_canonical":"","_yoast_wpseo_opengraph-title":"Les \u00e9v\u00e9nements culturels berb\u00e8res en France : le cirque KA-IN \u00e0 Al\u00e8s et N\u00eemes","_yoast_wpseo_opengraph-description":"Discover exciting Berber cultural events in France: Cirque KA-IN in Al\u00e8s and N\u00eemes. Experience acrobatics, trampoline, dance, aerial silk, and more!","_yoast_wpseo_opengraph-image":"","tdm_status":"","tdm_grid_status":"","footnotes":""},"categories":[652],"tags":[847,852,853,851,607],"class_list":["post-1116","post","type-post","status-publish","format-standard","has-post-thumbnail","hentry","category-histoire-patrimoine","tag-berbere-culture","tag-circus","tag-family-entertainment","tag-france-events","tag-north-africa"],"yoast_head":"<!-- This site is optimized with the Yoast SEO plugin v27.4 - https:\/\/yoast.com\/product\/yoast-seo-wordpress\/ -->\n<title>Les \u00e9v\u00e9nements culturels berb\u00e8res en France : le cirque KA-I<\/title>\n<meta name=\"description\" content=\"Discover exciting Berber cultural events in France: Cirque KA-IN in Al\u00e8s and N\u00eemes. Experience acrobatics, trampoline, dance, aerial silk, and more!\" \/>\n<meta name=\"robots\" content=\"index, follow, max-snippet:-1, max-image-preview:large, max-video-preview:-1\" \/>\n<link rel=\"canonical\" href=\"https:\/\/monmaghreb.com\/index.php\/2026\/03\/13\/les-evenements-culturels-berberes-en-france-le-cirque-ka-in-a-ales-et-nimes\/\" \/>\n<meta property=\"og:locale\" content=\"en_US\" \/>\n<meta property=\"og:type\" content=\"article\" \/>\n<meta property=\"og:title\" content=\"Les \u00e9v\u00e9nements culturels berb\u00e8res en France : le cirque KA-IN \u00e0 Al\u00e8s et N\u00eemes\" \/>\n<meta property=\"og:description\" content=\"Discover exciting Berber cultural events in France: Cirque KA-IN in Al\u00e8s and N\u00eemes. Experience acrobatics, trampoline, dance, aerial silk, and more!\" \/>\n<meta property=\"og:url\" content=\"https:\/\/monmaghreb.com\/index.php\/2026\/03\/13\/les-evenements-culturels-berberes-en-france-le-cirque-ka-in-a-ales-et-nimes\/\" \/>\n<meta property=\"og:site_name\" content=\"Mon Maghreb\" \/>\n<meta property=\"article:author\" content=\"https:\/\/www.facebook.com\/monmaghrebcom\" \/>\n<meta property=\"article:published_time\" content=\"2026-03-13T14:01:58+00:00\" \/>\n<meta property=\"article:modified_time\" content=\"2026-03-13T14:02:02+00:00\" \/>\n<meta property=\"og:image\" content=\"https:\/\/monmaghreb.com\/wp-content\/uploads\/2026\/03\/featured-84.jpg\" \/>\n\t<meta property=\"og:image:width\" content=\"1880\" \/>\n\t<meta property=\"og:image:height\" content=\"1253\" \/>\n\t<meta property=\"og:image:type\" content=\"image\/jpeg\" \/>\n<meta name=\"author\" content=\"LaMagh\" \/>\n<meta name=\"twitter:card\" content=\"summary_large_image\" \/>\n<meta name=\"twitter:creator\" content=\"@MMaghreb50977\" \/>\n<meta name=\"twitter:label1\" content=\"Written by\" \/>\n\t<meta name=\"twitter:data1\" content=\"LaMagh\" \/>\n\t<meta name=\"twitter:label2\" content=\"Est. reading time\" \/>\n\t<meta name=\"twitter:data2\" content=\"3 minutes\" \/>\n<script type=\"application\/ld+json\" class=\"yoast-schema-graph\">{\"@context\":\"https:\\\/\\\/schema.org\",\"@graph\":[{\"@type\":\"Article\",\"@id\":\"https:\\\/\\\/monmaghreb.com\\\/index.php\\\/2026\\\/03\\\/13\\\/les-evenements-culturels-berberes-en-france-le-cirque-ka-in-a-ales-et-nimes\\\/#article\",\"isPartOf\":{\"@id\":\"https:\\\/\\\/monmaghreb.com\\\/index.php\\\/2026\\\/03\\\/13\\\/les-evenements-culturels-berberes-en-france-le-cirque-ka-in-a-ales-et-nimes\\\/\"},\"author\":{\"name\":\"LaMagh\",\"@id\":\"http:\\\/\\\/monmaghreb.com\\\/#\\\/schema\\\/person\\\/c469a89dc8c6b8987dcb438b1200d054\"},\"headline\":\"Les \u00e9v\u00e9nements culturels berb\u00e8res en France : le cirque KA-IN \u00e0 Al\u00e8s et N\u00eemes\",\"datePublished\":\"2026-03-13T14:01:58+00:00\",\"dateModified\":\"2026-03-13T14:02:02+00:00\",\"mainEntityOfPage\":{\"@id\":\"https:\\\/\\\/monmaghreb.com\\\/index.php\\\/2026\\\/03\\\/13\\\/les-evenements-culturels-berberes-en-france-le-cirque-ka-in-a-ales-et-nimes\\\/\"},\"wordCount\":703,\"publisher\":{\"@id\":\"http:\\\/\\\/monmaghreb.com\\\/#organization\"},\"image\":{\"@id\":\"https:\\\/\\\/monmaghreb.com\\\/index.php\\\/2026\\\/03\\\/13\\\/les-evenements-culturels-berberes-en-france-le-cirque-ka-in-a-ales-et-nimes\\\/#primaryimage\"},\"thumbnailUrl\":\"https:\\\/\\\/monmaghreb.com\\\/wp-content\\\/uploads\\\/2026\\\/03\\\/featured-84.jpg\",\"keywords\":[\"berbere culture\",\"circus\",\"family entertainment\",\"france events\",\"north africa\"],\"articleSection\":[\"Histoire &amp; Patrimoine\"],\"inLanguage\":\"en-US\"},{\"@type\":\"WebPage\",\"@id\":\"https:\\\/\\\/monmaghreb.com\\\/index.php\\\/2026\\\/03\\\/13\\\/les-evenements-culturels-berberes-en-france-le-cirque-ka-in-a-ales-et-nimes\\\/\",\"url\":\"https:\\\/\\\/monmaghreb.com\\\/index.php\\\/2026\\\/03\\\/13\\\/les-evenements-culturels-berberes-en-france-le-cirque-ka-in-a-ales-et-nimes\\\/\",\"name\":\"Les \u00e9v\u00e9nements culturels berb\u00e8res en France : le cirque KA-I\",\"isPartOf\":{\"@id\":\"http:\\\/\\\/monmaghreb.com\\\/#website\"},\"primaryImageOfPage\":{\"@id\":\"https:\\\/\\\/monmaghreb.com\\\/index.php\\\/2026\\\/03\\\/13\\\/les-evenements-culturels-berberes-en-france-le-cirque-ka-in-a-ales-et-nimes\\\/#primaryimage\"},\"image\":{\"@id\":\"https:\\\/\\\/monmaghreb.com\\\/index.php\\\/2026\\\/03\\\/13\\\/les-evenements-culturels-berberes-en-france-le-cirque-ka-in-a-ales-et-nimes\\\/#primaryimage\"},\"thumbnailUrl\":\"https:\\\/\\\/monmaghreb.com\\\/wp-content\\\/uploads\\\/2026\\\/03\\\/featured-84.jpg\",\"datePublished\":\"2026-03-13T14:01:58+00:00\",\"dateModified\":\"2026-03-13T14:02:02+00:00\",\"description\":\"Discover exciting Berber cultural events in France: Cirque KA-IN in Al\u00e8s and N\u00eemes. Experience acrobatics, trampoline, dance, aerial silk, and more!\",\"breadcrumb\":{\"@id\":\"https:\\\/\\\/monmaghreb.com\\\/index.php\\\/2026\\\/03\\\/13\\\/les-evenements-culturels-berberes-en-france-le-cirque-ka-in-a-ales-et-nimes\\\/#breadcrumb\"},\"inLanguage\":\"en-US\",\"potentialAction\":[{\"@type\":\"ReadAction\",\"target\":[\"https:\\\/\\\/monmaghreb.com\\\/index.php\\\/2026\\\/03\\\/13\\\/les-evenements-culturels-berberes-en-france-le-cirque-ka-in-a-ales-et-nimes\\\/\"]}]},{\"@type\":\"ImageObject\",\"inLanguage\":\"en-US\",\"@id\":\"https:\\\/\\\/monmaghreb.com\\\/index.php\\\/2026\\\/03\\\/13\\\/les-evenements-culturels-berberes-en-france-le-cirque-ka-in-a-ales-et-nimes\\\/#primaryimage\",\"url\":\"https:\\\/\\\/monmaghreb.com\\\/wp-content\\\/uploads\\\/2026\\\/03\\\/featured-84.jpg\",\"contentUrl\":\"https:\\\/\\\/monmaghreb.com\\\/wp-content\\\/uploads\\\/2026\\\/03\\\/featured-84.jpg\",\"width\":1880,\"height\":1253,\"caption\":\"Berber circus performers performing acrobatics in Al\u00e8s and N\u00eemes, France\"},{\"@type\":\"BreadcrumbList\",\"@id\":\"https:\\\/\\\/monmaghreb.com\\\/index.php\\\/2026\\\/03\\\/13\\\/les-evenements-culturels-berberes-en-france-le-cirque-ka-in-a-ales-et-nimes\\\/#breadcrumb\",\"itemListElement\":[{\"@type\":\"ListItem\",\"position\":1,\"name\":\"Home\",\"item\":\"http:\\\/\\\/monmaghreb.com\\\/\"},{\"@type\":\"ListItem\",\"position\":2,\"name\":\"Les \u00e9v\u00e9nements culturels berb\u00e8res en France : le cirque KA-IN \u00e0 Al\u00e8s et N\u00eemes\"}]},{\"@type\":\"WebSite\",\"@id\":\"http:\\\/\\\/monmaghreb.com\\\/#website\",\"url\":\"http:\\\/\\\/monmaghreb.com\\\/\",\"name\":\"Mon Maghreb\",\"description\":\"MonMaghreb United\",\"publisher\":{\"@id\":\"http:\\\/\\\/monmaghreb.com\\\/#organization\"},\"alternateName\":\"Le Monde du Maghreb et au del\u00e0\",\"potentialAction\":[{\"@type\":\"SearchAction\",\"target\":{\"@type\":\"EntryPoint\",\"urlTemplate\":\"http:\\\/\\\/monmaghreb.com\\\/?s={search_term_string}\"},\"query-input\":{\"@type\":\"PropertyValueSpecification\",\"valueRequired\":true,\"valueName\":\"search_term_string\"}}],\"inLanguage\":\"en-US\"},{\"@type\":\"Organization\",\"@id\":\"http:\\\/\\\/monmaghreb.com\\\/#organization\",\"name\":\"Mon Maghreb\",\"url\":\"http:\\\/\\\/monmaghreb.com\\\/\",\"logo\":{\"@type\":\"ImageObject\",\"inLanguage\":\"en-US\",\"@id\":\"http:\\\/\\\/monmaghreb.com\\\/#\\\/schema\\\/logo\\\/image\\\/\",\"url\":\"https:\\\/\\\/monmaghreb.com\\\/wp-content\\\/uploads\\\/2025\\\/12\\\/Mon_Maghreb_Logo.jpg\",\"contentUrl\":\"https:\\\/\\\/monmaghreb.com\\\/wp-content\\\/uploads\\\/2025\\\/12\\\/Mon_Maghreb_Logo.jpg\",\"width\":814,\"height\":374,\"caption\":\"Mon Maghreb\"},\"image\":{\"@id\":\"http:\\\/\\\/monmaghreb.com\\\/#\\\/schema\\\/logo\\\/image\\\/\"}},{\"@type\":\"Person\",\"@id\":\"http:\\\/\\\/monmaghreb.com\\\/#\\\/schema\\\/person\\\/c469a89dc8c6b8987dcb438b1200d054\",\"name\":\"LaMagh\",\"image\":{\"@type\":\"ImageObject\",\"inLanguage\":\"en-US\",\"@id\":\"https:\\\/\\\/secure.gravatar.com\\\/avatar\\\/399d8144bd55fba55e056779aca52fe528bac7911f6449e54d81173d6dfd7f0a?s=96&d=mm&r=g\",\"url\":\"https:\\\/\\\/secure.gravatar.com\\\/avatar\\\/399d8144bd55fba55e056779aca52fe528bac7911f6449e54d81173d6dfd7f0a?s=96&d=mm&r=g\",\"contentUrl\":\"https:\\\/\\\/secure.gravatar.com\\\/avatar\\\/399d8144bd55fba55e056779aca52fe528bac7911f6449e54d81173d6dfd7f0a?s=96&d=mm&r=g\",\"caption\":\"LaMagh\"},\"sameAs\":[\"https:\\\/\\\/monmaghreb.com\",\"https:\\\/\\\/www.facebook.com\\\/monmaghrebcom\",\"https:\\\/\\\/x.com\\\/MMaghreb50977\"],\"url\":\"https:\\\/\\\/monmaghreb.com\\\/index.php\\\/author\\\/lamagh\\\/\"}]}<\/script>\n<!-- \/ Yoast SEO plugin. -->","yoast_head_json":{"title":"Les \u00e9v\u00e9nements culturels berb\u00e8res en France : le cirque KA-I","description":"Discover exciting Berber cultural events in France: Cirque KA-IN in Al\u00e8s and N\u00eemes. Experience acrobatics, trampoline, dance, aerial silk, and more!","robots":{"index":"index","follow":"follow","max-snippet":"max-snippet:-1","max-image-preview":"max-image-preview:large","max-video-preview":"max-video-preview:-1"},"canonical":"https:\/\/monmaghreb.com\/index.php\/2026\/03\/13\/les-evenements-culturels-berberes-en-france-le-cirque-ka-in-a-ales-et-nimes\/","og_locale":"en_US","og_type":"article","og_title":"Les \u00e9v\u00e9nements culturels berb\u00e8res en France : le cirque KA-IN \u00e0 Al\u00e8s et N\u00eemes","og_description":"Discover exciting Berber cultural events in France: Cirque KA-IN in Al\u00e8s and N\u00eemes. Experience acrobatics, trampoline, dance, aerial silk, and more!","og_url":"https:\/\/monmaghreb.com\/index.php\/2026\/03\/13\/les-evenements-culturels-berberes-en-france-le-cirque-ka-in-a-ales-et-nimes\/","og_site_name":"Mon Maghreb","article_author":"https:\/\/www.facebook.com\/monmaghrebcom","article_published_time":"2026-03-13T14:01:58+00:00","article_modified_time":"2026-03-13T14:02:02+00:00","og_image":[{"width":1880,"height":1253,"url":"https:\/\/monmaghreb.com\/wp-content\/uploads\/2026\/03\/featured-84.jpg","type":"image\/jpeg"}],"author":"LaMagh","twitter_card":"summary_large_image","twitter_creator":"@MMaghreb50977","twitter_misc":{"Written by":"LaMagh","Est. reading time":"3 minutes"},"schema":{"@context":"https:\/\/schema.org","@graph":[{"@type":"Article","@id":"https:\/\/monmaghreb.com\/index.php\/2026\/03\/13\/les-evenements-culturels-berberes-en-france-le-cirque-ka-in-a-ales-et-nimes\/#article","isPartOf":{"@id":"https:\/\/monmaghreb.com\/index.php\/2026\/03\/13\/les-evenements-culturels-berberes-en-france-le-cirque-ka-in-a-ales-et-nimes\/"},"author":{"name":"LaMagh","@id":"http:\/\/monmaghreb.com\/#\/schema\/person\/c469a89dc8c6b8987dcb438b1200d054"},"headline":"Les \u00e9v\u00e9nements culturels berb\u00e8res en France : le cirque KA-IN \u00e0 Al\u00e8s et N\u00eemes","datePublished":"2026-03-13T14:01:58+00:00","dateModified":"2026-03-13T14:02:02+00:00","mainEntityOfPage":{"@id":"https:\/\/monmaghreb.com\/index.php\/2026\/03\/13\/les-evenements-culturels-berberes-en-france-le-cirque-ka-in-a-ales-et-nimes\/"},"wordCount":703,"publisher":{"@id":"http:\/\/monmaghreb.com\/#organization"},"image":{"@id":"https:\/\/monmaghreb.com\/index.php\/2026\/03\/13\/les-evenements-culturels-berberes-en-france-le-cirque-ka-in-a-ales-et-nimes\/#primaryimage"},"thumbnailUrl":"https:\/\/monmaghreb.com\/wp-content\/uploads\/2026\/03\/featured-84.jpg","keywords":["berbere culture","circus","family entertainment","france events","north africa"],"articleSection":["Histoire &amp; Patrimoine"],"inLanguage":"en-US"},{"@type":"WebPage","@id":"https:\/\/monmaghreb.com\/index.php\/2026\/03\/13\/les-evenements-culturels-berberes-en-france-le-cirque-ka-in-a-ales-et-nimes\/","url":"https:\/\/monmaghreb.com\/index.php\/2026\/03\/13\/les-evenements-culturels-berberes-en-france-le-cirque-ka-in-a-ales-et-nimes\/","name":"Les \u00e9v\u00e9nements culturels berb\u00e8res en France : le cirque KA-I","isPartOf":{"@id":"http:\/\/monmaghreb.com\/#website"},"primaryImageOfPage":{"@id":"https:\/\/monmaghreb.com\/index.php\/2026\/03\/13\/les-evenements-culturels-berberes-en-france-le-cirque-ka-in-a-ales-et-nimes\/#primaryimage"},"image":{"@id":"https:\/\/monmaghreb.com\/index.php\/2026\/03\/13\/les-evenements-culturels-berberes-en-france-le-cirque-ka-in-a-ales-et-nimes\/#primaryimage"},"thumbnailUrl":"https:\/\/monmaghreb.com\/wp-content\/uploads\/2026\/03\/featured-84.jpg","datePublished":"2026-03-13T14:01:58+00:00","dateModified":"2026-03-13T14:02:02+00:00","description":"Discover exciting Berber cultural events in France: Cirque KA-IN in Al\u00e8s and N\u00eemes. Experience acrobatics, trampoline, dance, aerial silk, and more!","breadcrumb":{"@id":"https:\/\/monmaghreb.com\/index.php\/2026\/03\/13\/les-evenements-culturels-berberes-en-france-le-cirque-ka-in-a-ales-et-nimes\/#breadcrumb"},"inLanguage":"en-US","potentialAction":[{"@type":"ReadAction","target":["https:\/\/monmaghreb.com\/index.php\/2026\/03\/13\/les-evenements-culturels-berberes-en-france-le-cirque-ka-in-a-ales-et-nimes\/"]}]},{"@type":"ImageObject","inLanguage":"en-US","@id":"https:\/\/monmaghreb.com\/index.php\/2026\/03\/13\/les-evenements-culturels-berberes-en-france-le-cirque-ka-in-a-ales-et-nimes\/#primaryimage","url":"https:\/\/monmaghreb.com\/wp-content\/uploads\/2026\/03\/featured-84.jpg","contentUrl":"https:\/\/monmaghreb.com\/wp-content\/uploads\/2026\/03\/featured-84.jpg","width":1880,"height":1253,"caption":"Berber circus performers performing acrobatics in Al\u00e8s and N\u00eemes, France"},{"@type":"BreadcrumbList","@id":"https:\/\/monmaghreb.com\/index.php\/2026\/03\/13\/les-evenements-culturels-berberes-en-france-le-cirque-ka-in-a-ales-et-nimes\/#breadcrumb","itemListElement":[{"@type":"ListItem","position":1,"name":"Home","item":"http:\/\/monmaghreb.com\/"},{"@type":"ListItem","position":2,"name":"Les \u00e9v\u00e9nements culturels berb\u00e8res en France : le cirque KA-IN \u00e0 Al\u00e8s et N\u00eemes"}]},{"@type":"WebSite","@id":"http:\/\/monmaghreb.com\/#website","url":"http:\/\/monmaghreb.com\/","name":"Mon Maghreb","description":"MonMaghreb United","publisher":{"@id":"http:\/\/monmaghreb.com\/#organization"},"alternateName":"Le Monde du Maghreb et au del\u00e0","potentialAction":[{"@type":"SearchAction","target":{"@type":"EntryPoint","urlTemplate":"http:\/\/monmaghreb.com\/?s={search_term_string}"},"query-input":{"@type":"PropertyValueSpecification","valueRequired":true,"valueName":"search_term_string"}}],"inLanguage":"en-US"},{"@type":"Organization","@id":"http:\/\/monmaghreb.com\/#organization","name":"Mon Maghreb","url":"http:\/\/monmaghreb.com\/","logo":{"@type":"ImageObject","inLanguage":"en-US","@id":"http:\/\/monmaghreb.com\/#\/schema\/logo\/image\/","url":"https:\/\/monmaghreb.com\/wp-content\/uploads\/2025\/12\/Mon_Maghreb_Logo.jpg","contentUrl":"https:\/\/monmaghreb.com\/wp-content\/uploads\/2025\/12\/Mon_Maghreb_Logo.jpg","width":814,"height":374,"caption":"Mon Maghreb"},"image":{"@id":"http:\/\/monmaghreb.com\/#\/schema\/logo\/image\/"}},{"@type":"Person","@id":"http:\/\/monmaghreb.com\/#\/schema\/person\/c469a89dc8c6b8987dcb438b1200d054","name":"LaMagh","image":{"@type":"ImageObject","inLanguage":"en-US","@id":"https:\/\/secure.gravatar.com\/avatar\/399d8144bd55fba55e056779aca52fe528bac7911f6449e54d81173d6dfd7f0a?s=96&d=mm&r=g","url":"https:\/\/secure.gravatar.com\/avatar\/399d8144bd55fba55e056779aca52fe528bac7911f6449e54d81173d6dfd7f0a?s=96&d=mm&r=g","contentUrl":"https:\/\/secure.gravatar.com\/avatar\/399d8144bd55fba55e056779aca52fe528bac7911f6449e54d81173d6dfd7f0a?s=96&d=mm&r=g","caption":"LaMagh"},"sameAs":["https:\/\/monmaghreb.com","https:\/\/www.facebook.com\/monmaghrebcom","https:\/\/x.com\/MMaghreb50977"],"url":"https:\/\/monmaghreb.com\/index.php\/author\/lamagh\/"}]}},"_links":{"self":[{"href":"https:\/\/monmaghreb.com\/index.php\/wp-json\/wp\/v2\/posts\/1116","targetHints":{"allow":["GET"]}}],"collection":[{"href":"https:\/\/monmaghreb.com\/index.php\/wp-json\/wp\/v2\/posts"}],"about":[{"href":"https:\/\/monmaghreb.com\/index.php\/wp-json\/wp\/v2\/types\/post"}],"author":[{"embeddable":true,"href":"https:\/\/monmaghreb.com\/index.php\/wp-json\/wp\/v2\/users\/1"}],"replies":[{"embeddable":true,"href":"https:\/\/monmaghreb.com\/index.php\/wp-json\/wp\/v2\/comments?post=1116"}],"version-history":[{"count":1,"href":"https:\/\/monmaghreb.com\/index.php\/wp-json\/wp\/v2\/posts\/1116\/revisions"}],"predecessor-version":[{"id":1117,"href":"https:\/\/monmaghreb.com\/index.php\/wp-json\/wp\/v2\/posts\/1116\/revisions\/1117"}],"wp:featuredmedia":[{"embeddable":true,"href":"https:\/\/monmaghreb.com\/index.php\/wp-json\/wp\/v2\/media\/1114"}],"wp:attachment":[{"href":"https:\/\/monmaghreb.com\/index.php\/wp-json\/wp\/v2\/media?parent=1116"}],"wp:term":[{"taxonomy":"category","embeddable":true,"href":"https:\/\/monmaghreb.com\/index.php\/wp-json\/wp\/v2\/categories?post=1116"},{"taxonomy":"post_tag","embeddable":true,"href":"https:\/\/monmaghreb.com\/index.php\/wp-json\/wp\/v2\/tags?post=1116"}],"curies":[{"name":"wp","href":"https:\/\/api.w.org\/{rel}","templated":true}]}}