{"id":1118,"date":"2026-03-13T14:02:09","date_gmt":"2026-03-13T14:02:09","guid":{"rendered":"https:\/\/monmaghreb.com\/index.php\/2026\/03\/13\/les-evenements-culturels-berberes-en-france-le-cirque-ka-in-a-ales-et-nimes-2\/"},"modified":"2026-03-13T14:02:13","modified_gmt":"2026-03-13T14:02:13","slug":"les-evenements-culturels-berberes-en-france-le-cirque-ka-in-a-ales-et-nimes-2","status":"publish","type":"post","link":"https:\/\/monmaghreb.com\/index.php\/2026\/03\/13\/les-evenements-culturels-berberes-en-france-le-cirque-ka-in-a-ales-et-nimes-2\/","title":{"rendered":"Les \u00e9v\u00e9nements culturels berb\u00e8res en France : le cirque KA-IN \u00e0 Al\u00e8s et N\u00eemes"},"content":{"rendered":"<p><!DOCTYPE html><br \/>\n<html lang='fr'><br \/>\n<head><br \/>\n <meta charset='UTF-8'><br \/>\n <meta name='viewport' content='width=device-width, initial-scale=1.0'><br \/>\n <title>Le cirque KA-IN en France<\/title><br \/>\n<\/head><br \/>\n<body><\/p>\n<h1>Le cirque KA-IN en France : un \u00e9v\u00e9nement culturel berb\u00e8re \u00e0 ne pas rater<\/h1>\n<p>Cr\u00e9\u00e9 par l&#8217;artiste berb\u00e8re Mounir Fatmi, le cirque KA-IN a renouvel\u00e9 l&#8217;espace culturel en proposant un spectacle unique et inspir\u00e9 des traditions berb\u00e8res. Depuis sa cr\u00e9ation en 2016, le cirque a s\u00e9duit des milliers de spectateurs en France et \u00e0 l&#8217;\u00e9tranger, en pr\u00e9sentant un spectacle audacieux qui m\u00e9lange les traditions berb\u00e8res avec la modernit\u00e9.<\/p>\n<h2>Origine du cirque KA-IN<\/h2>\n<p>N\u00e9 dans la r\u00e9gion de Tanger au Maroc, Mounir Fatmi a grandi avec la culture berb\u00e8re et l&#8217;a int\u00e9gr\u00e9e \u00e0 sa vision artistique. Le cirque KA-IN tire son nom de la tribu berb\u00e8re Ka-In, originaire du nord de l&#8217;Afrique. Cette tribu berb\u00e8re a une richesse culturelle et historique incroyable, qui a inspir\u00e9 les cr\u00e9ations de Mounir Fatmi.<\/p>\n<p>Le cirque KA-IN a \u00e9t\u00e9 cr\u00e9\u00e9 pour promouvoir la culture berb\u00e8re et faire conna\u00eetre les traditions berb\u00e8res \u00e0 un public plus large. Gr\u00e2ce \u00e0 son spectacle unique, le cirque a permis aux spectateurs de d\u00e9couvrir les aspects les plus beaux et les plus originaux de la culture berb\u00e8re.<\/p>\n<h2>Le spectacle du cirque KA-IN<\/h2>\n<p>Le spectacle du cirque KA-IN se d\u00e9roule dans une grande tente, o\u00f9 sont m\u00eal\u00e9s acrobates, musiciens, danseurs et artistes visuels. Les artistes portent des costumes inspir\u00e9s des traditions berb\u00e8res et ex\u00e9cutent des figures acrobatiques complexes tout en utilisant des flambeaux qui donnent l&#8217;illusion de chevaux en feu.<\/p>\n<p>Le spectacle est compos\u00e9 de plusieurs actes, qui explorent les diff\u00e9rents aspects de la culture berb\u00e8re. Les musiciens jouent des instruments traditionnels berb\u00e8res, tandis que les danseurs ex\u00e9cutent des mouvements inspir\u00e9s de la danse berb\u00e8re. Les artistes visuels cr\u00e9ent des installations qui \u00e9voquent les paysages du Maghreb.<\/p>\n<p>Un des actes les plus populaires du spectacle est la danse des chevaux de feu, qui m\u00eale une danse acrobatique et un spectacle pyrotechnique. Cette danse est un symbole de la culture berb\u00e8re, qui met en valeur l&#8217;audace et la cr\u00e9ativit\u00e9 berb\u00e8res.<\/p>\n<h2>Les repr\u00e9sentations du cirque KA-IN en France<\/h2>\n<p>Le cirque KA-IN est actuellement en tourn\u00e9e en France. Les repr\u00e9sentations ont lieu \u00e0 Al\u00e8s et N\u00eemes, deux villes situ\u00e9es dans le sud-est de la France. Les spectateurs ont la possibilit\u00e9 de r\u00e9server leurs places en ligne et d&#8217;assister au spectacle dans une tente spacieuse et confortable.<\/p>\n<p>Les repr\u00e9sentations \u00e0 Al\u00e8s ont lieu du 22 au 27 juillet 2021, et les repr\u00e9sentations \u00e0 N\u00eemes ont lieu du 1er au 5 ao\u00fbt 2021. Les spectateurs ont ainsi l&#8217;opportunit\u00e9 de d\u00e9couvrir le spectacle \u00e0 deux reprises, en deux villes diff\u00e9rentes.<\/p>\n<p>Les repr\u00e9sentations du cirque KA-IN sont un \u00e9v\u00e9nement culturel berb\u00e8re exceptionnel en France, qui permet aux spectateurs de d\u00e9couvrir la culture berb\u00e8re en toute s\u00e9curit\u00e9 et en pleine libert\u00e9.<\/p>\n<h2>Quand les <a href=\"https:\/\/monmaghreb.com\/index.php\/2026\/03\/13\/les-evenements-culturels-berberes-en-france-le-cirque-ka-in-a-ales-et-nimes\/\" title=\"Les \u00e9v\u00e9nements culturels berb\u00e8res en France : le cirque KA-IN \u00e0 Al\u00e8s et N\u00eemes\">\u00e9v\u00e9nements<\/a> culturels berb\u00e8res deviennent un \u00e9l\u00e9ment essentiel de la vie culturelle fran\u00e7aise<\/h2>\n<p>Les \u00e9v\u00e9nements culturels berb\u00e8res sont de plus en plus pr\u00e9sents dans la vie culturelle fran\u00e7aise, et le cirque KA-IN est un exemple de ce que repr\u00e9sente ce mouvement. La diaspora maghr\u00e9bine en France est une communaut\u00e9 active et vivante, qui cherche \u00e0 conserver et \u00e0 transmettre ses traditions.<\/p>\n<p>Le cirque KA-IN est un \u00e9l\u00e9ment essentiel de la vie culturelle fran\u00e7aise, car il permet aux spectateurs de d\u00e9couvrir la culture berb\u00e8re en France, de l&#8217;appr\u00e9cier et de l&#8217;admirer. C&#8217;est un \u00e9v\u00e9nement culturel unique qui met en valeur la culture berb\u00e8re et la diversit\u00e9 culturelle en France.<\/p>\n<h2>Conclusion<\/h2>\n<p>Si vous \u00eates int\u00e9ress\u00e9 par la culture berb\u00e8re et par le cirque KA-IN, ne pas rater les repr\u00e9sentations en France. C&#8217;est un \u00e9v\u00e9nement culturel unique qui vous permettra de d\u00e9couvrir les traditions berb\u00e8res en toute s\u00e9curit\u00e9 et en pleine libert\u00e9. N&#8217;h\u00e9sitez pas \u00e0 r\u00e9server vos places en ligne et \u00e0 assister au spectacle.<\/p>\n<p>Vous pouvez r\u00e9server vos places en ligne sur le site web du cirque KA-IN ou au box-office des th\u00e9\u00e2tres o\u00f9 se d\u00e9roule le spectacle. N&#8217;h\u00e9sitez pas \u00e0 partager cet \u00e9v\u00e9nement culturel avec vos amis et votre famille, car c&#8217;est un moment unique qui ne doit pas \u00eatre manqu\u00e9.<\/p>\n<div style=\"background:#f8f9fa;border-left:4px solid #0066cc;border-radius:6px;padding:20px 24px;margin:32px 0;\">\n<p style=\"font-size:13px;color:#888;text-transform:uppercase;letter-spacing:0.8px;margin:0 0 6px 0;\">Vous pourriez aussi aimer<\/p>\n<h3 style=\"font-size:18px;margin:0 0 14px 0;color:#222;\">Articles similaires<\/h3>\n<ul style=\"margin:0;padding-left:20px;list-style:disc;\">\n<li style=\"margin-bottom:10px;\"><a href=\"https:\/\/monmaghreb.com\/index.php\/2026\/03\/13\/les-evenements-culturels-berberes-en-france-le-cirque-ka-in-a-ales-et-nimes\/\" style=\"color:#0066cc;text-decoration:none;font-weight:500;\" title=\"Les \u00e9v\u00e9nements culturels berb\u00e8res en France : le cirque KA-IN \u00e0 Al\u00e8s et N\u00eemes\">Les \u00e9v\u00e9nements culturels berb\u00e8res en France : le cirque KA-IN \u00e0 Al\u00e8s et N\u00eemes<\/a><\/li>\n<li style=\"margin-bottom:10px;\"><a href=\"https:\/\/monmaghreb.com\/index.php\/2026\/03\/13\/decouvrir-la-cuisine-berbere-dans-latlas-marocain-un-voyage-gastronomique-enchantant\/\" style=\"color:#0066cc;text-decoration:none;font-weight:500;\" title=\"D\u00e9couvrir la cuisine berb\u00e8re dans l\u2019Atlas marocain : un voyage gastronomique enchantant\">D\u00e9couvrir la cuisine berb\u00e8re dans l\u2019Atlas marocain : un voyage gastronomique enchantant<\/a><\/li>\n<li style=\"margin-bottom:10px;\"><a href=\"https:\/\/monmaghreb.com\/index.php\/2026\/03\/13\/decouvrir-la-cuisine-berbere-dans-latlas-marocain\/\" style=\"color:#0066cc;text-decoration:none;font-weight:500;\" title=\"D\u00e9couvrir la cuisine berb\u00e8re dans l\u2019Atlas marocain\">D\u00e9couvrir la cuisine berb\u00e8re dans l\u2019Atlas marocain<\/a><\/li>\n<li style=\"margin-bottom:10px;\"><a href=\"https:\/\/monmaghreb.com\/index.php\/2026\/03\/12\/pape-leon-xiv-visite-lalgerie-les-evenements-symboliques-du-voyage\/\" style=\"color:#0066cc;text-decoration:none;font-weight:500;\" title=\"Pape L\u00e9on XIV visite l&#8217;Alg\u00e9rie : les \u00e9v\u00e9nements symboliques du voyage\">Pape L\u00e9on XIV visite l&#8217;Alg\u00e9rie : les \u00e9v\u00e9nements symboliques du voyage<\/a><\/li>\n<li style=\"margin-bottom:10px;\"><a href=\"https:\/\/monmaghreb.com\/index.php\/2026\/03\/11\/les-spas-privatifs-en-france-un-refuge-pour-traverser-lhiver-en-beaute\/\" style=\"color:#0066cc;text-decoration:none;font-weight:500;\" title=\"Les spas privatifs en France : un refuge pour traverser l&#8217;hiver en beaut\u00e9\">Les spas privatifs en France : un refuge pour traverser l&#8217;hiver en beaut\u00e9<\/a><\/li>\n<\/ul>\n<\/div>\n<p><\/body><br \/>\n<\/html><\/p>\n","protected":false},"excerpt":{"rendered":"<p>D\u00e9couvrez le cirque Ka-In, un \u00e9v\u00e9nement culturel berb\u00e8re en France \u00e0 ne pas rater. Renouvelant l&#8217;espace culturel, son spectacle unique m\u00e9lange les traditions be<\/p>\n","protected":false},"author":1,"featured_media":1115,"comment_status":"closed","ping_status":"open","sticky":false,"template":"","format":"standard","meta":{"_yoast_wpseo_focuskw":"cirque ka-in france","_yoast_wpseo_title":"Les \u00e9v\u00e9nements culturels berb\u00e8res en France : le cirque KA-I","_yoast_wpseo_metadesc":"D\u00e9couvrez le cirque Ka-In, un \u00e9v\u00e9nement culturel berb\u00e8re en France \u00e0 ne pas rater. Renouvelant l'espace culturel, son spectacle unique m\u00e9lange les traditions be","_yoast_wpseo_canonical":"","_yoast_wpseo_opengraph-title":"Les \u00e9v\u00e9nements culturels berb\u00e8res en France : le cirque KA-IN \u00e0 Al\u00e8s et N\u00eemes","_yoast_wpseo_opengraph-description":"D\u00e9couvrez le cirque Ka-In, un \u00e9v\u00e9nement culturel berb\u00e8re en France \u00e0 ne pas rater. Renouvelant l'espace culturel, son spectacle unique m\u00e9lange les traditions be","_yoast_wpseo_opengraph-image":"","tdm_status":"","tdm_grid_status":"","footnotes":""},"categories":[652],"tags":[45,766,573,854,855],"class_list":["post-1118","post","type-post","status-publish","format-standard","has-post-thumbnail","hentry","category-histoire-patrimoine","tag-culture-tunisienne","tag-activitesenfrance","tag-artisanat-berbere","tag-cirque","tag-spectacle"],"yoast_head":"<!-- This site is optimized with the Yoast SEO plugin v27.4 - https:\/\/yoast.com\/product\/yoast-seo-wordpress\/ -->\n<title>Les \u00e9v\u00e9nements culturels berb\u00e8res en France : le cirque KA-I<\/title>\n<meta name=\"description\" content=\"D\u00e9couvrez le cirque Ka-In, un \u00e9v\u00e9nement culturel berb\u00e8re en France \u00e0 ne pas rater. Renouvelant l&#039;espace culturel, son spectacle unique m\u00e9lange les traditions be\" \/>\n<meta name=\"robots\" content=\"index, follow, max-snippet:-1, max-image-preview:large, max-video-preview:-1\" \/>\n<link rel=\"canonical\" href=\"https:\/\/monmaghreb.com\/index.php\/2026\/03\/13\/les-evenements-culturels-berberes-en-france-le-cirque-ka-in-a-ales-et-nimes-2\/\" \/>\n<meta property=\"og:locale\" content=\"en_US\" \/>\n<meta property=\"og:type\" content=\"article\" \/>\n<meta property=\"og:title\" content=\"Les \u00e9v\u00e9nements culturels berb\u00e8res en France : le cirque KA-IN \u00e0 Al\u00e8s et N\u00eemes\" \/>\n<meta property=\"og:description\" content=\"D\u00e9couvrez le cirque Ka-In, un \u00e9v\u00e9nement culturel berb\u00e8re en France \u00e0 ne pas rater. Renouvelant l&#039;espace culturel, son spectacle unique m\u00e9lange les traditions be\" \/>\n<meta property=\"og:url\" content=\"https:\/\/monmaghreb.com\/index.php\/2026\/03\/13\/les-evenements-culturels-berberes-en-france-le-cirque-ka-in-a-ales-et-nimes-2\/\" \/>\n<meta property=\"og:site_name\" content=\"Mon Maghreb\" \/>\n<meta property=\"article:author\" content=\"https:\/\/www.facebook.com\/monmaghrebcom\" \/>\n<meta property=\"article:published_time\" content=\"2026-03-13T14:02:09+00:00\" \/>\n<meta property=\"article:modified_time\" content=\"2026-03-13T14:02:13+00:00\" \/>\n<meta property=\"og:image\" content=\"https:\/\/monmaghreb.com\/wp-content\/uploads\/2026\/03\/featured-85.jpg\" \/>\n\t<meta property=\"og:image:width\" content=\"1880\" \/>\n\t<meta property=\"og:image:height\" content=\"1253\" \/>\n\t<meta property=\"og:image:type\" content=\"image\/jpeg\" \/>\n<meta name=\"author\" content=\"LaMagh\" \/>\n<meta name=\"twitter:card\" content=\"summary_large_image\" \/>\n<meta name=\"twitter:creator\" content=\"@MMaghreb50977\" \/>\n<meta name=\"twitter:label1\" content=\"Written by\" \/>\n\t<meta name=\"twitter:data1\" content=\"LaMagh\" \/>\n\t<meta name=\"twitter:label2\" content=\"Est. reading time\" \/>\n\t<meta name=\"twitter:data2\" content=\"4 minutes\" \/>\n<script type=\"application\/ld+json\" class=\"yoast-schema-graph\">{\"@context\":\"https:\\\/\\\/schema.org\",\"@graph\":[{\"@type\":\"Article\",\"@id\":\"https:\\\/\\\/monmaghreb.com\\\/index.php\\\/2026\\\/03\\\/13\\\/les-evenements-culturels-berberes-en-france-le-cirque-ka-in-a-ales-et-nimes-2\\\/#article\",\"isPartOf\":{\"@id\":\"https:\\\/\\\/monmaghreb.com\\\/index.php\\\/2026\\\/03\\\/13\\\/les-evenements-culturels-berberes-en-france-le-cirque-ka-in-a-ales-et-nimes-2\\\/\"},\"author\":{\"name\":\"LaMagh\",\"@id\":\"http:\\\/\\\/monmaghreb.com\\\/#\\\/schema\\\/person\\\/c469a89dc8c6b8987dcb438b1200d054\"},\"headline\":\"Les \u00e9v\u00e9nements culturels berb\u00e8res en France : le cirque KA-IN \u00e0 Al\u00e8s et N\u00eemes\",\"datePublished\":\"2026-03-13T14:02:09+00:00\",\"dateModified\":\"2026-03-13T14:02:13+00:00\",\"mainEntityOfPage\":{\"@id\":\"https:\\\/\\\/monmaghreb.com\\\/index.php\\\/2026\\\/03\\\/13\\\/les-evenements-culturels-berberes-en-france-le-cirque-ka-in-a-ales-et-nimes-2\\\/\"},\"wordCount\":832,\"publisher\":{\"@id\":\"http:\\\/\\\/monmaghreb.com\\\/#organization\"},\"image\":{\"@id\":\"https:\\\/\\\/monmaghreb.com\\\/index.php\\\/2026\\\/03\\\/13\\\/les-evenements-culturels-berberes-en-france-le-cirque-ka-in-a-ales-et-nimes-2\\\/#primaryimage\"},\"thumbnailUrl\":\"https:\\\/\\\/monmaghreb.com\\\/wp-content\\\/uploads\\\/2026\\\/03\\\/featured-85.jpg\",\"keywords\":[\"\\\"culture tunisienne\\\"\",\"activitesenfrance\",\"artisanat berb\u00e8re\",\"cirque\",\"spectacle\"],\"articleSection\":[\"Histoire &amp; Patrimoine\"],\"inLanguage\":\"en-US\"},{\"@type\":\"WebPage\",\"@id\":\"https:\\\/\\\/monmaghreb.com\\\/index.php\\\/2026\\\/03\\\/13\\\/les-evenements-culturels-berberes-en-france-le-cirque-ka-in-a-ales-et-nimes-2\\\/\",\"url\":\"https:\\\/\\\/monmaghreb.com\\\/index.php\\\/2026\\\/03\\\/13\\\/les-evenements-culturels-berberes-en-france-le-cirque-ka-in-a-ales-et-nimes-2\\\/\",\"name\":\"Les \u00e9v\u00e9nements culturels berb\u00e8res en France : le cirque KA-I\",\"isPartOf\":{\"@id\":\"http:\\\/\\\/monmaghreb.com\\\/#website\"},\"primaryImageOfPage\":{\"@id\":\"https:\\\/\\\/monmaghreb.com\\\/index.php\\\/2026\\\/03\\\/13\\\/les-evenements-culturels-berberes-en-france-le-cirque-ka-in-a-ales-et-nimes-2\\\/#primaryimage\"},\"image\":{\"@id\":\"https:\\\/\\\/monmaghreb.com\\\/index.php\\\/2026\\\/03\\\/13\\\/les-evenements-culturels-berberes-en-france-le-cirque-ka-in-a-ales-et-nimes-2\\\/#primaryimage\"},\"thumbnailUrl\":\"https:\\\/\\\/monmaghreb.com\\\/wp-content\\\/uploads\\\/2026\\\/03\\\/featured-85.jpg\",\"datePublished\":\"2026-03-13T14:02:09+00:00\",\"dateModified\":\"2026-03-13T14:02:13+00:00\",\"description\":\"D\u00e9couvrez le cirque Ka-In, un \u00e9v\u00e9nement culturel berb\u00e8re en France \u00e0 ne pas rater. Renouvelant l'espace culturel, son spectacle unique m\u00e9lange les traditions be\",\"breadcrumb\":{\"@id\":\"https:\\\/\\\/monmaghreb.com\\\/index.php\\\/2026\\\/03\\\/13\\\/les-evenements-culturels-berberes-en-france-le-cirque-ka-in-a-ales-et-nimes-2\\\/#breadcrumb\"},\"inLanguage\":\"en-US\",\"potentialAction\":[{\"@type\":\"ReadAction\",\"target\":[\"https:\\\/\\\/monmaghreb.com\\\/index.php\\\/2026\\\/03\\\/13\\\/les-evenements-culturels-berberes-en-france-le-cirque-ka-in-a-ales-et-nimes-2\\\/\"]}]},{\"@type\":\"ImageObject\",\"inLanguage\":\"en-US\",\"@id\":\"https:\\\/\\\/monmaghreb.com\\\/index.php\\\/2026\\\/03\\\/13\\\/les-evenements-culturels-berberes-en-france-le-cirque-ka-in-a-ales-et-nimes-2\\\/#primaryimage\",\"url\":\"https:\\\/\\\/monmaghreb.com\\\/wp-content\\\/uploads\\\/2026\\\/03\\\/featured-85.jpg\",\"contentUrl\":\"https:\\\/\\\/monmaghreb.com\\\/wp-content\\\/uploads\\\/2026\\\/03\\\/featured-85.jpg\",\"width\":1880,\"height\":1253,\"caption\":\"Cirque Ka-In en France : spectacle inspir\u00e9 des traditions berb\u00e8res\"},{\"@type\":\"BreadcrumbList\",\"@id\":\"https:\\\/\\\/monmaghreb.com\\\/index.php\\\/2026\\\/03\\\/13\\\/les-evenements-culturels-berberes-en-france-le-cirque-ka-in-a-ales-et-nimes-2\\\/#breadcrumb\",\"itemListElement\":[{\"@type\":\"ListItem\",\"position\":1,\"name\":\"Home\",\"item\":\"http:\\\/\\\/monmaghreb.com\\\/\"},{\"@type\":\"ListItem\",\"position\":2,\"name\":\"Les \u00e9v\u00e9nements culturels berb\u00e8res en France : le cirque KA-IN \u00e0 Al\u00e8s et N\u00eemes\"}]},{\"@type\":\"WebSite\",\"@id\":\"http:\\\/\\\/monmaghreb.com\\\/#website\",\"url\":\"http:\\\/\\\/monmaghreb.com\\\/\",\"name\":\"Mon Maghreb\",\"description\":\"MonMaghreb United\",\"publisher\":{\"@id\":\"http:\\\/\\\/monmaghreb.com\\\/#organization\"},\"alternateName\":\"Le Monde du Maghreb et au del\u00e0\",\"potentialAction\":[{\"@type\":\"SearchAction\",\"target\":{\"@type\":\"EntryPoint\",\"urlTemplate\":\"http:\\\/\\\/monmaghreb.com\\\/?s={search_term_string}\"},\"query-input\":{\"@type\":\"PropertyValueSpecification\",\"valueRequired\":true,\"valueName\":\"search_term_string\"}}],\"inLanguage\":\"en-US\"},{\"@type\":\"Organization\",\"@id\":\"http:\\\/\\\/monmaghreb.com\\\/#organization\",\"name\":\"Mon Maghreb\",\"url\":\"http:\\\/\\\/monmaghreb.com\\\/\",\"logo\":{\"@type\":\"ImageObject\",\"inLanguage\":\"en-US\",\"@id\":\"http:\\\/\\\/monmaghreb.com\\\/#\\\/schema\\\/logo\\\/image\\\/\",\"url\":\"https:\\\/\\\/monmaghreb.com\\\/wp-content\\\/uploads\\\/2025\\\/12\\\/Mon_Maghreb_Logo.jpg\",\"contentUrl\":\"https:\\\/\\\/monmaghreb.com\\\/wp-content\\\/uploads\\\/2025\\\/12\\\/Mon_Maghreb_Logo.jpg\",\"width\":814,\"height\":374,\"caption\":\"Mon Maghreb\"},\"image\":{\"@id\":\"http:\\\/\\\/monmaghreb.com\\\/#\\\/schema\\\/logo\\\/image\\\/\"}},{\"@type\":\"Person\",\"@id\":\"http:\\\/\\\/monmaghreb.com\\\/#\\\/schema\\\/person\\\/c469a89dc8c6b8987dcb438b1200d054\",\"name\":\"LaMagh\",\"image\":{\"@type\":\"ImageObject\",\"inLanguage\":\"en-US\",\"@id\":\"https:\\\/\\\/secure.gravatar.com\\\/avatar\\\/399d8144bd55fba55e056779aca52fe528bac7911f6449e54d81173d6dfd7f0a?s=96&d=mm&r=g\",\"url\":\"https:\\\/\\\/secure.gravatar.com\\\/avatar\\\/399d8144bd55fba55e056779aca52fe528bac7911f6449e54d81173d6dfd7f0a?s=96&d=mm&r=g\",\"contentUrl\":\"https:\\\/\\\/secure.gravatar.com\\\/avatar\\\/399d8144bd55fba55e056779aca52fe528bac7911f6449e54d81173d6dfd7f0a?s=96&d=mm&r=g\",\"caption\":\"LaMagh\"},\"sameAs\":[\"https:\\\/\\\/monmaghreb.com\",\"https:\\\/\\\/www.facebook.com\\\/monmaghrebcom\",\"https:\\\/\\\/x.com\\\/MMaghreb50977\"],\"url\":\"https:\\\/\\\/monmaghreb.com\\\/index.php\\\/author\\\/lamagh\\\/\"}]}<\/script>\n<!-- \/ Yoast SEO plugin. -->","yoast_head_json":{"title":"Les \u00e9v\u00e9nements culturels berb\u00e8res en France : le cirque KA-I","description":"D\u00e9couvrez le cirque Ka-In, un \u00e9v\u00e9nement culturel berb\u00e8re en France \u00e0 ne pas rater. Renouvelant l'espace culturel, son spectacle unique m\u00e9lange les traditions be","robots":{"index":"index","follow":"follow","max-snippet":"max-snippet:-1","max-image-preview":"max-image-preview:large","max-video-preview":"max-video-preview:-1"},"canonical":"https:\/\/monmaghreb.com\/index.php\/2026\/03\/13\/les-evenements-culturels-berberes-en-france-le-cirque-ka-in-a-ales-et-nimes-2\/","og_locale":"en_US","og_type":"article","og_title":"Les \u00e9v\u00e9nements culturels berb\u00e8res en France : le cirque KA-IN \u00e0 Al\u00e8s et N\u00eemes","og_description":"D\u00e9couvrez le cirque Ka-In, un \u00e9v\u00e9nement culturel berb\u00e8re en France \u00e0 ne pas rater. Renouvelant l'espace culturel, son spectacle unique m\u00e9lange les traditions be","og_url":"https:\/\/monmaghreb.com\/index.php\/2026\/03\/13\/les-evenements-culturels-berberes-en-france-le-cirque-ka-in-a-ales-et-nimes-2\/","og_site_name":"Mon Maghreb","article_author":"https:\/\/www.facebook.com\/monmaghrebcom","article_published_time":"2026-03-13T14:02:09+00:00","article_modified_time":"2026-03-13T14:02:13+00:00","og_image":[{"width":1880,"height":1253,"url":"https:\/\/monmaghreb.com\/wp-content\/uploads\/2026\/03\/featured-85.jpg","type":"image\/jpeg"}],"author":"LaMagh","twitter_card":"summary_large_image","twitter_creator":"@MMaghreb50977","twitter_misc":{"Written by":"LaMagh","Est. reading time":"4 minutes"},"schema":{"@context":"https:\/\/schema.org","@graph":[{"@type":"Article","@id":"https:\/\/monmaghreb.com\/index.php\/2026\/03\/13\/les-evenements-culturels-berberes-en-france-le-cirque-ka-in-a-ales-et-nimes-2\/#article","isPartOf":{"@id":"https:\/\/monmaghreb.com\/index.php\/2026\/03\/13\/les-evenements-culturels-berberes-en-france-le-cirque-ka-in-a-ales-et-nimes-2\/"},"author":{"name":"LaMagh","@id":"http:\/\/monmaghreb.com\/#\/schema\/person\/c469a89dc8c6b8987dcb438b1200d054"},"headline":"Les \u00e9v\u00e9nements culturels berb\u00e8res en France : le cirque KA-IN \u00e0 Al\u00e8s et N\u00eemes","datePublished":"2026-03-13T14:02:09+00:00","dateModified":"2026-03-13T14:02:13+00:00","mainEntityOfPage":{"@id":"https:\/\/monmaghreb.com\/index.php\/2026\/03\/13\/les-evenements-culturels-berberes-en-france-le-cirque-ka-in-a-ales-et-nimes-2\/"},"wordCount":832,"publisher":{"@id":"http:\/\/monmaghreb.com\/#organization"},"image":{"@id":"https:\/\/monmaghreb.com\/index.php\/2026\/03\/13\/les-evenements-culturels-berberes-en-france-le-cirque-ka-in-a-ales-et-nimes-2\/#primaryimage"},"thumbnailUrl":"https:\/\/monmaghreb.com\/wp-content\/uploads\/2026\/03\/featured-85.jpg","keywords":["\"culture tunisienne\"","activitesenfrance","artisanat berb\u00e8re","cirque","spectacle"],"articleSection":["Histoire &amp; Patrimoine"],"inLanguage":"en-US"},{"@type":"WebPage","@id":"https:\/\/monmaghreb.com\/index.php\/2026\/03\/13\/les-evenements-culturels-berberes-en-france-le-cirque-ka-in-a-ales-et-nimes-2\/","url":"https:\/\/monmaghreb.com\/index.php\/2026\/03\/13\/les-evenements-culturels-berberes-en-france-le-cirque-ka-in-a-ales-et-nimes-2\/","name":"Les \u00e9v\u00e9nements culturels berb\u00e8res en France : le cirque KA-I","isPartOf":{"@id":"http:\/\/monmaghreb.com\/#website"},"primaryImageOfPage":{"@id":"https:\/\/monmaghreb.com\/index.php\/2026\/03\/13\/les-evenements-culturels-berberes-en-france-le-cirque-ka-in-a-ales-et-nimes-2\/#primaryimage"},"image":{"@id":"https:\/\/monmaghreb.com\/index.php\/2026\/03\/13\/les-evenements-culturels-berberes-en-france-le-cirque-ka-in-a-ales-et-nimes-2\/#primaryimage"},"thumbnailUrl":"https:\/\/monmaghreb.com\/wp-content\/uploads\/2026\/03\/featured-85.jpg","datePublished":"2026-03-13T14:02:09+00:00","dateModified":"2026-03-13T14:02:13+00:00","description":"D\u00e9couvrez le cirque Ka-In, un \u00e9v\u00e9nement culturel berb\u00e8re en France \u00e0 ne pas rater. Renouvelant l'espace culturel, son spectacle unique m\u00e9lange les traditions be","breadcrumb":{"@id":"https:\/\/monmaghreb.com\/index.php\/2026\/03\/13\/les-evenements-culturels-berberes-en-france-le-cirque-ka-in-a-ales-et-nimes-2\/#breadcrumb"},"inLanguage":"en-US","potentialAction":[{"@type":"ReadAction","target":["https:\/\/monmaghreb.com\/index.php\/2026\/03\/13\/les-evenements-culturels-berberes-en-france-le-cirque-ka-in-a-ales-et-nimes-2\/"]}]},{"@type":"ImageObject","inLanguage":"en-US","@id":"https:\/\/monmaghreb.com\/index.php\/2026\/03\/13\/les-evenements-culturels-berberes-en-france-le-cirque-ka-in-a-ales-et-nimes-2\/#primaryimage","url":"https:\/\/monmaghreb.com\/wp-content\/uploads\/2026\/03\/featured-85.jpg","contentUrl":"https:\/\/monmaghreb.com\/wp-content\/uploads\/2026\/03\/featured-85.jpg","width":1880,"height":1253,"caption":"Cirque Ka-In en France : spectacle inspir\u00e9 des traditions berb\u00e8res"},{"@type":"BreadcrumbList","@id":"https:\/\/monmaghreb.com\/index.php\/2026\/03\/13\/les-evenements-culturels-berberes-en-france-le-cirque-ka-in-a-ales-et-nimes-2\/#breadcrumb","itemListElement":[{"@type":"ListItem","position":1,"name":"Home","item":"http:\/\/monmaghreb.com\/"},{"@type":"ListItem","position":2,"name":"Les \u00e9v\u00e9nements culturels berb\u00e8res en France : le cirque KA-IN \u00e0 Al\u00e8s et N\u00eemes"}]},{"@type":"WebSite","@id":"http:\/\/monmaghreb.com\/#website","url":"http:\/\/monmaghreb.com\/","name":"Mon Maghreb","description":"MonMaghreb United","publisher":{"@id":"http:\/\/monmaghreb.com\/#organization"},"alternateName":"Le Monde du Maghreb et au del\u00e0","potentialAction":[{"@type":"SearchAction","target":{"@type":"EntryPoint","urlTemplate":"http:\/\/monmaghreb.com\/?s={search_term_string}"},"query-input":{"@type":"PropertyValueSpecification","valueRequired":true,"valueName":"search_term_string"}}],"inLanguage":"en-US"},{"@type":"Organization","@id":"http:\/\/monmaghreb.com\/#organization","name":"Mon Maghreb","url":"http:\/\/monmaghreb.com\/","logo":{"@type":"ImageObject","inLanguage":"en-US","@id":"http:\/\/monmaghreb.com\/#\/schema\/logo\/image\/","url":"https:\/\/monmaghreb.com\/wp-content\/uploads\/2025\/12\/Mon_Maghreb_Logo.jpg","contentUrl":"https:\/\/monmaghreb.com\/wp-content\/uploads\/2025\/12\/Mon_Maghreb_Logo.jpg","width":814,"height":374,"caption":"Mon Maghreb"},"image":{"@id":"http:\/\/monmaghreb.com\/#\/schema\/logo\/image\/"}},{"@type":"Person","@id":"http:\/\/monmaghreb.com\/#\/schema\/person\/c469a89dc8c6b8987dcb438b1200d054","name":"LaMagh","image":{"@type":"ImageObject","inLanguage":"en-US","@id":"https:\/\/secure.gravatar.com\/avatar\/399d8144bd55fba55e056779aca52fe528bac7911f6449e54d81173d6dfd7f0a?s=96&d=mm&r=g","url":"https:\/\/secure.gravatar.com\/avatar\/399d8144bd55fba55e056779aca52fe528bac7911f6449e54d81173d6dfd7f0a?s=96&d=mm&r=g","contentUrl":"https:\/\/secure.gravatar.com\/avatar\/399d8144bd55fba55e056779aca52fe528bac7911f6449e54d81173d6dfd7f0a?s=96&d=mm&r=g","caption":"LaMagh"},"sameAs":["https:\/\/monmaghreb.com","https:\/\/www.facebook.com\/monmaghrebcom","https:\/\/x.com\/MMaghreb50977"],"url":"https:\/\/monmaghreb.com\/index.php\/author\/lamagh\/"}]}},"_links":{"self":[{"href":"https:\/\/monmaghreb.com\/index.php\/wp-json\/wp\/v2\/posts\/1118","targetHints":{"allow":["GET"]}}],"collection":[{"href":"https:\/\/monmaghreb.com\/index.php\/wp-json\/wp\/v2\/posts"}],"about":[{"href":"https:\/\/monmaghreb.com\/index.php\/wp-json\/wp\/v2\/types\/post"}],"author":[{"embeddable":true,"href":"https:\/\/monmaghreb.com\/index.php\/wp-json\/wp\/v2\/users\/1"}],"replies":[{"embeddable":true,"href":"https:\/\/monmaghreb.com\/index.php\/wp-json\/wp\/v2\/comments?post=1118"}],"version-history":[{"count":1,"href":"https:\/\/monmaghreb.com\/index.php\/wp-json\/wp\/v2\/posts\/1118\/revisions"}],"predecessor-version":[{"id":1119,"href":"https:\/\/monmaghreb.com\/index.php\/wp-json\/wp\/v2\/posts\/1118\/revisions\/1119"}],"wp:featuredmedia":[{"embeddable":true,"href":"https:\/\/monmaghreb.com\/index.php\/wp-json\/wp\/v2\/media\/1115"}],"wp:attachment":[{"href":"https:\/\/monmaghreb.com\/index.php\/wp-json\/wp\/v2\/media?parent=1118"}],"wp:term":[{"taxonomy":"category","embeddable":true,"href":"https:\/\/monmaghreb.com\/index.php\/wp-json\/wp\/v2\/categories?post=1118"},{"taxonomy":"post_tag","embeddable":true,"href":"https:\/\/monmaghreb.com\/index.php\/wp-json\/wp\/v2\/tags?post=1118"}],"curies":[{"name":"wp","href":"https:\/\/api.w.org\/{rel}","templated":true}]}}