{"id":1128,"date":"2026-03-13T15:35:08","date_gmt":"2026-03-13T15:35:08","guid":{"rendered":"https:\/\/monmaghreb.com\/index.php\/2026\/03\/13\/le-nouvel-an-amazigh-festif-a-chateau-thierry-une-fete-culturelle-joyeuse-et-remarquable\/"},"modified":"2026-03-13T15:35:11","modified_gmt":"2026-03-13T15:35:11","slug":"le-nouvel-an-amazigh-festif-a-chateau-thierry-une-fete-culturelle-joyeuse-et-remarquable","status":"publish","type":"post","link":"https:\/\/monmaghreb.com\/index.php\/2026\/03\/13\/le-nouvel-an-amazigh-festif-a-chateau-thierry-une-fete-culturelle-joyeuse-et-remarquable\/","title":{"rendered":"Le nouvel an amazigh festif \u00e0 Ch\u00e2teau-Thierry : une f\u00eate culturelle joyeuse et remarquable"},"content":{"rendered":"<p><!DOCTYPE html><br \/>\n<html lang='fr'><br \/>\n<head><br \/>\n  <meta charset='UTF-8'><br \/>\n  <meta name='viewport' content='width=device-width, initial-scale=1.0'><br \/>\n  <title>Le nouvel an amazigh festif \u00e0 Ch\u00e2teau-Thierry<\/title><br \/>\n<\/head><br \/>\n<body><\/p>\n<h1>Le nouvel an amazigh festif \u00e0 Ch\u00e2teau-Thierry : une f\u00eate culturelle joyeuse et remarquable<\/h1>\n<p>En fin mars 2023, la petite ville de Ch\u00e2teau-Thierry en <a href=\"https:\/\/monmaghreb.com\/index.php\/2026\/03\/13\/les-evenements-culturels-berberes-en-france-le-cirque-ka-in-a-ales-et-nimes\/\" title=\"Les \u00e9v\u00e9nements culturels berb\u00e8res en France : le cirque KA-IN \u00e0 Al\u00e8s et N\u00eemes\">France<\/a> a accueilli la premi\u00e8re \u00e9dition du nouvel an amazigh festif, organis\u00e9 par l&#8217;association Amazigh France. Cette manifestation culturelle a r\u00e9uni des milliers de personnes pour c\u00e9l\u00e9brer et partager la richesse et la beaut\u00e9 de la culture amazigh, une traditionnelle et vibrante culture berb\u00e8re.<\/p>\n<h2>Un moment de rencontre et de solidarit\u00e9<\/h2>\n<p>Ceux qui ont assist\u00e9 \u00e0 cette f\u00eate ont pu vivre un moment unique de rencontre et de solidarit\u00e9 avec les membres de la diaspora maghr\u00e9bine en France, ainsi qu&#8217;avec les \u00e9trangers int\u00e9ress\u00e9s par la culture amazigh. Il s&#8217;agissait d&#8217;une occasion de d\u00e9couvrir et d&#8217;appr\u00e9cier la musique traditionnelle, la danse berb\u00e8re, la gastronomie amazigh, ainsi que les traditions et les coutumes sp\u00e9cifiques de cette culture.<\/p>\n<p>Les visiteurs ont pu s&#8217;installer dans un espace festif anim\u00e9 par des spectacles de musique et de danse traditionnels, des conf\u00e9rences sur l&#8217;histoire et la culture amazighes, des expositions d&#8217;art et des foires des produits locaux. Les enfants ont \u00e9galement pu participer \u00e0 des activit\u00e9s ludiques et cr\u00e9atives, telles que des ateliers de fabrication de terre cuite et des jeux traditionnels amazighs.<\/p>\n<h2>Une promotion de la culture amazigh<\/h2>\n<p>Le nouvel an amazigh festif a \u00e9t\u00e9 une opportunit\u00e9 pour la promotion de la culture amazigh aupr\u00e8s d&#8217;un public plus large. Les \u00e9changes et les discussions entre les visiteurs ont \u00e9t\u00e9 nombreux, permettant de transmettre le patrimoine amazigh \u00e0 de jeunes g\u00e9n\u00e9rations. Les organisations culturelles amazighes ont \u00e9galement eu l&#8217;opportunit\u00e9 de pr\u00e9senter leurs activit\u00e9s et de partager leur vision pour la promotion et la pr\u00e9servation de la culture amazigh.<\/p>\n<p>Les partenariats avec des institutions fran\u00e7aises ont \u00e9galement \u00e9t\u00e9 \u00e9tablis pour l&#8217;avenir, afin de soutenir et de promouvoir la culture amazigh en France. Cela montre l&#8217;importance de la coop\u00e9ration et de la solidarit\u00e9 pour la promotion de la culture amazigh.<\/p>\n<h2>Un engagement pour la d\u00e9fense des droits des Amazighs<\/h2>\n<p>Le nouvel an amazigh festif a \u00e9galement \u00e9t\u00e9 l&#8217;occasion d&#8217;un engagement pour la d\u00e9fense des droits des Amazighs. Les participants ont pu apprendre sur les probl\u00e8mes r\u00e9els que rencontrent les Amazighs dans les pays du Maghreb et en France, tels que la discrimination et la pers\u00e9cution.<\/p>\n<p>Les discussions ont \u00e9galement port\u00e9 sur les initiatives pour la d\u00e9fense des droits des Amazighs et les moyens de s&#8217;engager dans des actions concretes pour soutenir ces causes. Les organisations culturelles amazighes ont \u00e9galement appel\u00e9 \u00e0 la solidarit\u00e9 internationale pour d\u00e9fendre les droits des Amazighs dans les pays du Maghreb.<\/p>\n<h2>Un appel \u00e0 l&#8217;action pour la promotion de la culture amazigh<\/h2>\n<p>Le nouvel an amazigh festif est une initiative remarquable qui a r\u00e9uni des milliers de personnes pour c\u00e9l\u00e9brer la culture amazigh. Il est important de continuer \u00e0 soutenir cette initiative et \u00e0 apporter notre contribution pour la promotion et la pr\u00e9servation de la culture amazigh.<\/p>\n<p>Si vous \u00eates int\u00e9ress\u00e9 par la culture amazigh, je vous encourage \u00e0 participer \u00e0 la prochaine \u00e9dition du nouvel an amazigh festif, qui aura lieu \u00e0 Ch\u00e2teau-Thierry en 2024. N&#8217;h\u00e9sitez pas \u00e0 contacter Amazigh France pour en savoir plus.<\/p>\n<div style=\"background:#f8f9fa;border-left:4px solid #0066cc;border-radius:6px;padding:20px 24px;margin:32px 0;\">\n<p style=\"font-size:13px;color:#888;text-transform:uppercase;letter-spacing:0.8px;margin:0 0 6px 0;\">Vous pourriez aussi aimer<\/p>\n<h3 style=\"font-size:18px;margin:0 0 14px 0;color:#222;\">Articles similaires<\/h3>\n<ul style=\"margin:0;padding-left:20px;list-style:disc;\">\n<li style=\"margin-bottom:10px;\"><a href=\"https:\/\/monmaghreb.com\/index.php\/2026\/03\/13\/les-evenements-culturels-berberes-en-france-le-cirque-ka-in-a-ales-et-nimes\/\" style=\"color:#0066cc;text-decoration:none;font-weight:500;\" title=\"Les \u00e9v\u00e9nements culturels berb\u00e8res en France : le cirque KA-IN \u00e0 Al\u00e8s et N\u00eemes\">Les \u00e9v\u00e9nements culturels berb\u00e8res en France : le cirque KA-IN \u00e0 Al\u00e8s et N\u00eemes<\/a><\/li>\n<li style=\"margin-bottom:10px;\"><a href=\"https:\/\/monmaghreb.com\/index.php\/2026\/03\/11\/que-faire-pendant-laid-el-fitr-en-france-activites-et-sorties\/\" style=\"color:#0066cc;text-decoration:none;font-weight:500;\" title=\"Que faire pendant l&#8217;A\u00efd el-Fitr en France : activit\u00e9s et sorties\">Que faire pendant l&#8217;A\u00efd el-Fitr en France : activit\u00e9s et sorties<\/a><\/li>\n<li style=\"margin-bottom:10px;\"><a href=\"https:\/\/monmaghreb.com\/index.php\/2026\/03\/09\/55-caracteres-expliquer-aid-el-fitr-aux-enfants-nes-en-france\/\" style=\"color:#0066cc;text-decoration:none;font-weight:500;\" title=\"55 caract\u00e8res : Expliquer A\u00efd el-Fitr aux enfants n\u00e9s en France\">55 caract\u00e8res : Expliquer A\u00efd el-Fitr aux enfants n\u00e9s en France<\/a><\/li>\n<li style=\"margin-bottom:10px;\"><a href=\"https:\/\/monmaghreb.com\/index.php\/2026\/03\/13\/chantons-le-patrimoine-musical-authentique-au-15e-festival-national-de-la-chanson-chaabi-dalger-2\/\" style=\"color:#0066cc;text-decoration:none;font-weight:500;\" title=\"Chantons le patrimoine musical authentique au 15e Festival national de la chanson cha\u00e2bi d&#8217;Alger\">Chantons le patrimoine musical authentique au 15e Festival national de la chanson cha\u00e2bi d&#8217;Alger<\/a><\/li>\n<li style=\"margin-bottom:10px;\"><a href=\"https:\/\/monmaghreb.com\/index.php\/2026\/03\/13\/chantons-le-patrimoine-musical-authentique-au-15e-festival-national-de-la-chanson-chaabi-dalger\/\" style=\"color:#0066cc;text-decoration:none;font-weight:500;\" title=\"Chantons le patrimoine musical authentique au 15e Festival national de la chanson cha\u00e2bi d&#8217;Alger\">Chantons le patrimoine musical authentique au 15e Festival national de la chanson cha\u00e2bi d&#8217;Alger<\/a><\/li>\n<\/ul>\n<\/div>\n<p><\/body><br \/>\n<\/html><\/p>\n","protected":false},"excerpt":{"rendered":"<p>Celebrate vibrant Berber culture at the New Year Amazigh Festival in Ch\u00e2teau-Thierry, France. Don&#8217;t miss it!<\/p>\n","protected":false},"author":1,"featured_media":1126,"comment_status":"closed","ping_status":"open","sticky":false,"template":"","format":"standard","meta":{"_yoast_wpseo_focuskw":"new year amazigh festival","_yoast_wpseo_title":"Le nouvel an amazigh festif \u00e0 Ch\u00e2teau-Thierry : une f\u00eate cul","_yoast_wpseo_metadesc":"Celebrate vibrant Berber culture at the New Year Amazigh Festival in Ch\u00e2teau-Thierry, France. Don't miss it!","_yoast_wpseo_canonical":"","_yoast_wpseo_opengraph-title":"Le nouvel an amazigh festif \u00e0 Ch\u00e2teau-Thierry : une f\u00eate culturelle joyeuse et remarquable","_yoast_wpseo_opengraph-description":"Celebrate vibrant Berber culture at the New Year Amazigh Festival in Ch\u00e2teau-Thierry, France. Don't miss it!","_yoast_wpseo_opengraph-image":"","tdm_status":"","tdm_grid_status":"","footnotes":""},"categories":[652],"tags":[861,860,862,859,851],"class_list":["post-1128","post","type-post","status-publish","format-standard","has-post-thumbnail","hentry","category-histoire-patrimoine","tag-amazigh-heritage","tag-berber-tradition","tag-community-gathering","tag-culture-festival","tag-france-events"],"yoast_head":"<!-- This site is optimized with the Yoast SEO plugin v27.4 - https:\/\/yoast.com\/product\/yoast-seo-wordpress\/ -->\n<title>Le nouvel an amazigh festif \u00e0 Ch\u00e2teau-Thierry : une f\u00eate cul<\/title>\n<meta name=\"description\" content=\"Celebrate vibrant Berber culture at the New Year Amazigh Festival in Ch\u00e2teau-Thierry, France. Don&#039;t miss it!\" \/>\n<meta name=\"robots\" content=\"index, follow, max-snippet:-1, max-image-preview:large, max-video-preview:-1\" \/>\n<link rel=\"canonical\" href=\"https:\/\/monmaghreb.com\/index.php\/2026\/03\/13\/le-nouvel-an-amazigh-festif-a-chateau-thierry-une-fete-culturelle-joyeuse-et-remarquable\/\" \/>\n<meta property=\"og:locale\" content=\"en_US\" \/>\n<meta property=\"og:type\" content=\"article\" \/>\n<meta property=\"og:title\" content=\"Le nouvel an amazigh festif \u00e0 Ch\u00e2teau-Thierry : une f\u00eate culturelle joyeuse et remarquable\" \/>\n<meta property=\"og:description\" content=\"Celebrate vibrant Berber culture at the New Year Amazigh Festival in Ch\u00e2teau-Thierry, France. Don&#039;t miss it!\" \/>\n<meta property=\"og:url\" content=\"https:\/\/monmaghreb.com\/index.php\/2026\/03\/13\/le-nouvel-an-amazigh-festif-a-chateau-thierry-une-fete-culturelle-joyeuse-et-remarquable\/\" \/>\n<meta property=\"og:site_name\" content=\"Mon Maghreb\" \/>\n<meta property=\"article:author\" content=\"https:\/\/www.facebook.com\/monmaghrebcom\" \/>\n<meta property=\"article:published_time\" content=\"2026-03-13T15:35:08+00:00\" \/>\n<meta property=\"article:modified_time\" content=\"2026-03-13T15:35:11+00:00\" \/>\n<meta property=\"og:image\" content=\"https:\/\/monmaghreb.com\/wp-content\/uploads\/2026\/03\/featured-88.jpg\" \/>\n\t<meta property=\"og:image:width\" content=\"1663\" \/>\n\t<meta property=\"og:image:height\" content=\"1300\" \/>\n\t<meta property=\"og:image:type\" content=\"image\/jpeg\" \/>\n<meta name=\"author\" content=\"LaMagh\" \/>\n<meta name=\"twitter:card\" content=\"summary_large_image\" \/>\n<meta name=\"twitter:creator\" content=\"@MMaghreb50977\" \/>\n<meta name=\"twitter:label1\" content=\"Written by\" \/>\n\t<meta name=\"twitter:data1\" content=\"LaMagh\" \/>\n\t<meta name=\"twitter:label2\" content=\"Est. reading time\" \/>\n\t<meta name=\"twitter:data2\" content=\"3 minutes\" \/>\n<script type=\"application\/ld+json\" class=\"yoast-schema-graph\">{\"@context\":\"https:\\\/\\\/schema.org\",\"@graph\":[{\"@type\":\"Article\",\"@id\":\"https:\\\/\\\/monmaghreb.com\\\/index.php\\\/2026\\\/03\\\/13\\\/le-nouvel-an-amazigh-festif-a-chateau-thierry-une-fete-culturelle-joyeuse-et-remarquable\\\/#article\",\"isPartOf\":{\"@id\":\"https:\\\/\\\/monmaghreb.com\\\/index.php\\\/2026\\\/03\\\/13\\\/le-nouvel-an-amazigh-festif-a-chateau-thierry-une-fete-culturelle-joyeuse-et-remarquable\\\/\"},\"author\":{\"name\":\"LaMagh\",\"@id\":\"http:\\\/\\\/monmaghreb.com\\\/#\\\/schema\\\/person\\\/c469a89dc8c6b8987dcb438b1200d054\"},\"headline\":\"Le nouvel an amazigh festif \u00e0 Ch\u00e2teau-Thierry : une f\u00eate culturelle joyeuse et remarquable\",\"datePublished\":\"2026-03-13T15:35:08+00:00\",\"dateModified\":\"2026-03-13T15:35:11+00:00\",\"mainEntityOfPage\":{\"@id\":\"https:\\\/\\\/monmaghreb.com\\\/index.php\\\/2026\\\/03\\\/13\\\/le-nouvel-an-amazigh-festif-a-chateau-thierry-une-fete-culturelle-joyeuse-et-remarquable\\\/\"},\"wordCount\":659,\"publisher\":{\"@id\":\"http:\\\/\\\/monmaghreb.com\\\/#organization\"},\"image\":{\"@id\":\"https:\\\/\\\/monmaghreb.com\\\/index.php\\\/2026\\\/03\\\/13\\\/le-nouvel-an-amazigh-festif-a-chateau-thierry-une-fete-culturelle-joyeuse-et-remarquable\\\/#primaryimage\"},\"thumbnailUrl\":\"https:\\\/\\\/monmaghreb.com\\\/wp-content\\\/uploads\\\/2026\\\/03\\\/featured-88.jpg\",\"keywords\":[\"amazigh heritage\",\"berber tradition\",\"community gathering\",\"culture festival\",\"france events\"],\"articleSection\":[\"Histoire &amp; Patrimoine\"],\"inLanguage\":\"en-US\"},{\"@type\":\"WebPage\",\"@id\":\"https:\\\/\\\/monmaghreb.com\\\/index.php\\\/2026\\\/03\\\/13\\\/le-nouvel-an-amazigh-festif-a-chateau-thierry-une-fete-culturelle-joyeuse-et-remarquable\\\/\",\"url\":\"https:\\\/\\\/monmaghreb.com\\\/index.php\\\/2026\\\/03\\\/13\\\/le-nouvel-an-amazigh-festif-a-chateau-thierry-une-fete-culturelle-joyeuse-et-remarquable\\\/\",\"name\":\"Le nouvel an amazigh festif \u00e0 Ch\u00e2teau-Thierry : une f\u00eate cul\",\"isPartOf\":{\"@id\":\"http:\\\/\\\/monmaghreb.com\\\/#website\"},\"primaryImageOfPage\":{\"@id\":\"https:\\\/\\\/monmaghreb.com\\\/index.php\\\/2026\\\/03\\\/13\\\/le-nouvel-an-amazigh-festif-a-chateau-thierry-une-fete-culturelle-joyeuse-et-remarquable\\\/#primaryimage\"},\"image\":{\"@id\":\"https:\\\/\\\/monmaghreb.com\\\/index.php\\\/2026\\\/03\\\/13\\\/le-nouvel-an-amazigh-festif-a-chateau-thierry-une-fete-culturelle-joyeuse-et-remarquable\\\/#primaryimage\"},\"thumbnailUrl\":\"https:\\\/\\\/monmaghreb.com\\\/wp-content\\\/uploads\\\/2026\\\/03\\\/featured-88.jpg\",\"datePublished\":\"2026-03-13T15:35:08+00:00\",\"dateModified\":\"2026-03-13T15:35:11+00:00\",\"description\":\"Celebrate vibrant Berber culture at the New Year Amazigh Festival in Ch\u00e2teau-Thierry, France. Don't miss it!\",\"breadcrumb\":{\"@id\":\"https:\\\/\\\/monmaghreb.com\\\/index.php\\\/2026\\\/03\\\/13\\\/le-nouvel-an-amazigh-festif-a-chateau-thierry-une-fete-culturelle-joyeuse-et-remarquable\\\/#breadcrumb\"},\"inLanguage\":\"en-US\",\"potentialAction\":[{\"@type\":\"ReadAction\",\"target\":[\"https:\\\/\\\/monmaghreb.com\\\/index.php\\\/2026\\\/03\\\/13\\\/le-nouvel-an-amazigh-festif-a-chateau-thierry-une-fete-culturelle-joyeuse-et-remarquable\\\/\"]}]},{\"@type\":\"ImageObject\",\"inLanguage\":\"en-US\",\"@id\":\"https:\\\/\\\/monmaghreb.com\\\/index.php\\\/2026\\\/03\\\/13\\\/le-nouvel-an-amazigh-festif-a-chateau-thierry-une-fete-culturelle-joyeuse-et-remarquable\\\/#primaryimage\",\"url\":\"https:\\\/\\\/monmaghreb.com\\\/wp-content\\\/uploads\\\/2026\\\/03\\\/featured-88.jpg\",\"contentUrl\":\"https:\\\/\\\/monmaghreb.com\\\/wp-content\\\/uploads\\\/2026\\\/03\\\/featured-88.jpg\",\"width\":1663,\"height\":1300,\"caption\":\"Thousands gather at the New Year Amazigh Festival in Ch\u00e2teau-Thierry, France, celebrating Berber culture\"},{\"@type\":\"BreadcrumbList\",\"@id\":\"https:\\\/\\\/monmaghreb.com\\\/index.php\\\/2026\\\/03\\\/13\\\/le-nouvel-an-amazigh-festif-a-chateau-thierry-une-fete-culturelle-joyeuse-et-remarquable\\\/#breadcrumb\",\"itemListElement\":[{\"@type\":\"ListItem\",\"position\":1,\"name\":\"Home\",\"item\":\"http:\\\/\\\/monmaghreb.com\\\/\"},{\"@type\":\"ListItem\",\"position\":2,\"name\":\"Le nouvel an amazigh festif \u00e0 Ch\u00e2teau-Thierry : une f\u00eate culturelle joyeuse et remarquable\"}]},{\"@type\":\"WebSite\",\"@id\":\"http:\\\/\\\/monmaghreb.com\\\/#website\",\"url\":\"http:\\\/\\\/monmaghreb.com\\\/\",\"name\":\"Mon Maghreb\",\"description\":\"MonMaghreb United\",\"publisher\":{\"@id\":\"http:\\\/\\\/monmaghreb.com\\\/#organization\"},\"alternateName\":\"Le Monde du Maghreb et au del\u00e0\",\"potentialAction\":[{\"@type\":\"SearchAction\",\"target\":{\"@type\":\"EntryPoint\",\"urlTemplate\":\"http:\\\/\\\/monmaghreb.com\\\/?s={search_term_string}\"},\"query-input\":{\"@type\":\"PropertyValueSpecification\",\"valueRequired\":true,\"valueName\":\"search_term_string\"}}],\"inLanguage\":\"en-US\"},{\"@type\":\"Organization\",\"@id\":\"http:\\\/\\\/monmaghreb.com\\\/#organization\",\"name\":\"Mon Maghreb\",\"url\":\"http:\\\/\\\/monmaghreb.com\\\/\",\"logo\":{\"@type\":\"ImageObject\",\"inLanguage\":\"en-US\",\"@id\":\"http:\\\/\\\/monmaghreb.com\\\/#\\\/schema\\\/logo\\\/image\\\/\",\"url\":\"https:\\\/\\\/monmaghreb.com\\\/wp-content\\\/uploads\\\/2025\\\/12\\\/Mon_Maghreb_Logo.jpg\",\"contentUrl\":\"https:\\\/\\\/monmaghreb.com\\\/wp-content\\\/uploads\\\/2025\\\/12\\\/Mon_Maghreb_Logo.jpg\",\"width\":814,\"height\":374,\"caption\":\"Mon Maghreb\"},\"image\":{\"@id\":\"http:\\\/\\\/monmaghreb.com\\\/#\\\/schema\\\/logo\\\/image\\\/\"}},{\"@type\":\"Person\",\"@id\":\"http:\\\/\\\/monmaghreb.com\\\/#\\\/schema\\\/person\\\/c469a89dc8c6b8987dcb438b1200d054\",\"name\":\"LaMagh\",\"image\":{\"@type\":\"ImageObject\",\"inLanguage\":\"en-US\",\"@id\":\"https:\\\/\\\/secure.gravatar.com\\\/avatar\\\/399d8144bd55fba55e056779aca52fe528bac7911f6449e54d81173d6dfd7f0a?s=96&d=mm&r=g\",\"url\":\"https:\\\/\\\/secure.gravatar.com\\\/avatar\\\/399d8144bd55fba55e056779aca52fe528bac7911f6449e54d81173d6dfd7f0a?s=96&d=mm&r=g\",\"contentUrl\":\"https:\\\/\\\/secure.gravatar.com\\\/avatar\\\/399d8144bd55fba55e056779aca52fe528bac7911f6449e54d81173d6dfd7f0a?s=96&d=mm&r=g\",\"caption\":\"LaMagh\"},\"sameAs\":[\"https:\\\/\\\/monmaghreb.com\",\"https:\\\/\\\/www.facebook.com\\\/monmaghrebcom\",\"https:\\\/\\\/x.com\\\/MMaghreb50977\"],\"url\":\"https:\\\/\\\/monmaghreb.com\\\/index.php\\\/author\\\/lamagh\\\/\"}]}<\/script>\n<!-- \/ Yoast SEO plugin. -->","yoast_head_json":{"title":"Le nouvel an amazigh festif \u00e0 Ch\u00e2teau-Thierry : une f\u00eate cul","description":"Celebrate vibrant Berber culture at the New Year Amazigh Festival in Ch\u00e2teau-Thierry, France. Don't miss it!","robots":{"index":"index","follow":"follow","max-snippet":"max-snippet:-1","max-image-preview":"max-image-preview:large","max-video-preview":"max-video-preview:-1"},"canonical":"https:\/\/monmaghreb.com\/index.php\/2026\/03\/13\/le-nouvel-an-amazigh-festif-a-chateau-thierry-une-fete-culturelle-joyeuse-et-remarquable\/","og_locale":"en_US","og_type":"article","og_title":"Le nouvel an amazigh festif \u00e0 Ch\u00e2teau-Thierry : une f\u00eate culturelle joyeuse et remarquable","og_description":"Celebrate vibrant Berber culture at the New Year Amazigh Festival in Ch\u00e2teau-Thierry, France. Don't miss it!","og_url":"https:\/\/monmaghreb.com\/index.php\/2026\/03\/13\/le-nouvel-an-amazigh-festif-a-chateau-thierry-une-fete-culturelle-joyeuse-et-remarquable\/","og_site_name":"Mon Maghreb","article_author":"https:\/\/www.facebook.com\/monmaghrebcom","article_published_time":"2026-03-13T15:35:08+00:00","article_modified_time":"2026-03-13T15:35:11+00:00","og_image":[{"width":1663,"height":1300,"url":"https:\/\/monmaghreb.com\/wp-content\/uploads\/2026\/03\/featured-88.jpg","type":"image\/jpeg"}],"author":"LaMagh","twitter_card":"summary_large_image","twitter_creator":"@MMaghreb50977","twitter_misc":{"Written by":"LaMagh","Est. reading time":"3 minutes"},"schema":{"@context":"https:\/\/schema.org","@graph":[{"@type":"Article","@id":"https:\/\/monmaghreb.com\/index.php\/2026\/03\/13\/le-nouvel-an-amazigh-festif-a-chateau-thierry-une-fete-culturelle-joyeuse-et-remarquable\/#article","isPartOf":{"@id":"https:\/\/monmaghreb.com\/index.php\/2026\/03\/13\/le-nouvel-an-amazigh-festif-a-chateau-thierry-une-fete-culturelle-joyeuse-et-remarquable\/"},"author":{"name":"LaMagh","@id":"http:\/\/monmaghreb.com\/#\/schema\/person\/c469a89dc8c6b8987dcb438b1200d054"},"headline":"Le nouvel an amazigh festif \u00e0 Ch\u00e2teau-Thierry : une f\u00eate culturelle joyeuse et remarquable","datePublished":"2026-03-13T15:35:08+00:00","dateModified":"2026-03-13T15:35:11+00:00","mainEntityOfPage":{"@id":"https:\/\/monmaghreb.com\/index.php\/2026\/03\/13\/le-nouvel-an-amazigh-festif-a-chateau-thierry-une-fete-culturelle-joyeuse-et-remarquable\/"},"wordCount":659,"publisher":{"@id":"http:\/\/monmaghreb.com\/#organization"},"image":{"@id":"https:\/\/monmaghreb.com\/index.php\/2026\/03\/13\/le-nouvel-an-amazigh-festif-a-chateau-thierry-une-fete-culturelle-joyeuse-et-remarquable\/#primaryimage"},"thumbnailUrl":"https:\/\/monmaghreb.com\/wp-content\/uploads\/2026\/03\/featured-88.jpg","keywords":["amazigh heritage","berber tradition","community gathering","culture festival","france events"],"articleSection":["Histoire &amp; Patrimoine"],"inLanguage":"en-US"},{"@type":"WebPage","@id":"https:\/\/monmaghreb.com\/index.php\/2026\/03\/13\/le-nouvel-an-amazigh-festif-a-chateau-thierry-une-fete-culturelle-joyeuse-et-remarquable\/","url":"https:\/\/monmaghreb.com\/index.php\/2026\/03\/13\/le-nouvel-an-amazigh-festif-a-chateau-thierry-une-fete-culturelle-joyeuse-et-remarquable\/","name":"Le nouvel an amazigh festif \u00e0 Ch\u00e2teau-Thierry : une f\u00eate cul","isPartOf":{"@id":"http:\/\/monmaghreb.com\/#website"},"primaryImageOfPage":{"@id":"https:\/\/monmaghreb.com\/index.php\/2026\/03\/13\/le-nouvel-an-amazigh-festif-a-chateau-thierry-une-fete-culturelle-joyeuse-et-remarquable\/#primaryimage"},"image":{"@id":"https:\/\/monmaghreb.com\/index.php\/2026\/03\/13\/le-nouvel-an-amazigh-festif-a-chateau-thierry-une-fete-culturelle-joyeuse-et-remarquable\/#primaryimage"},"thumbnailUrl":"https:\/\/monmaghreb.com\/wp-content\/uploads\/2026\/03\/featured-88.jpg","datePublished":"2026-03-13T15:35:08+00:00","dateModified":"2026-03-13T15:35:11+00:00","description":"Celebrate vibrant Berber culture at the New Year Amazigh Festival in Ch\u00e2teau-Thierry, France. Don't miss it!","breadcrumb":{"@id":"https:\/\/monmaghreb.com\/index.php\/2026\/03\/13\/le-nouvel-an-amazigh-festif-a-chateau-thierry-une-fete-culturelle-joyeuse-et-remarquable\/#breadcrumb"},"inLanguage":"en-US","potentialAction":[{"@type":"ReadAction","target":["https:\/\/monmaghreb.com\/index.php\/2026\/03\/13\/le-nouvel-an-amazigh-festif-a-chateau-thierry-une-fete-culturelle-joyeuse-et-remarquable\/"]}]},{"@type":"ImageObject","inLanguage":"en-US","@id":"https:\/\/monmaghreb.com\/index.php\/2026\/03\/13\/le-nouvel-an-amazigh-festif-a-chateau-thierry-une-fete-culturelle-joyeuse-et-remarquable\/#primaryimage","url":"https:\/\/monmaghreb.com\/wp-content\/uploads\/2026\/03\/featured-88.jpg","contentUrl":"https:\/\/monmaghreb.com\/wp-content\/uploads\/2026\/03\/featured-88.jpg","width":1663,"height":1300,"caption":"Thousands gather at the New Year Amazigh Festival in Ch\u00e2teau-Thierry, France, celebrating Berber culture"},{"@type":"BreadcrumbList","@id":"https:\/\/monmaghreb.com\/index.php\/2026\/03\/13\/le-nouvel-an-amazigh-festif-a-chateau-thierry-une-fete-culturelle-joyeuse-et-remarquable\/#breadcrumb","itemListElement":[{"@type":"ListItem","position":1,"name":"Home","item":"http:\/\/monmaghreb.com\/"},{"@type":"ListItem","position":2,"name":"Le nouvel an amazigh festif \u00e0 Ch\u00e2teau-Thierry : une f\u00eate culturelle joyeuse et remarquable"}]},{"@type":"WebSite","@id":"http:\/\/monmaghreb.com\/#website","url":"http:\/\/monmaghreb.com\/","name":"Mon Maghreb","description":"MonMaghreb United","publisher":{"@id":"http:\/\/monmaghreb.com\/#organization"},"alternateName":"Le Monde du Maghreb et au del\u00e0","potentialAction":[{"@type":"SearchAction","target":{"@type":"EntryPoint","urlTemplate":"http:\/\/monmaghreb.com\/?s={search_term_string}"},"query-input":{"@type":"PropertyValueSpecification","valueRequired":true,"valueName":"search_term_string"}}],"inLanguage":"en-US"},{"@type":"Organization","@id":"http:\/\/monmaghreb.com\/#organization","name":"Mon Maghreb","url":"http:\/\/monmaghreb.com\/","logo":{"@type":"ImageObject","inLanguage":"en-US","@id":"http:\/\/monmaghreb.com\/#\/schema\/logo\/image\/","url":"https:\/\/monmaghreb.com\/wp-content\/uploads\/2025\/12\/Mon_Maghreb_Logo.jpg","contentUrl":"https:\/\/monmaghreb.com\/wp-content\/uploads\/2025\/12\/Mon_Maghreb_Logo.jpg","width":814,"height":374,"caption":"Mon Maghreb"},"image":{"@id":"http:\/\/monmaghreb.com\/#\/schema\/logo\/image\/"}},{"@type":"Person","@id":"http:\/\/monmaghreb.com\/#\/schema\/person\/c469a89dc8c6b8987dcb438b1200d054","name":"LaMagh","image":{"@type":"ImageObject","inLanguage":"en-US","@id":"https:\/\/secure.gravatar.com\/avatar\/399d8144bd55fba55e056779aca52fe528bac7911f6449e54d81173d6dfd7f0a?s=96&d=mm&r=g","url":"https:\/\/secure.gravatar.com\/avatar\/399d8144bd55fba55e056779aca52fe528bac7911f6449e54d81173d6dfd7f0a?s=96&d=mm&r=g","contentUrl":"https:\/\/secure.gravatar.com\/avatar\/399d8144bd55fba55e056779aca52fe528bac7911f6449e54d81173d6dfd7f0a?s=96&d=mm&r=g","caption":"LaMagh"},"sameAs":["https:\/\/monmaghreb.com","https:\/\/www.facebook.com\/monmaghrebcom","https:\/\/x.com\/MMaghreb50977"],"url":"https:\/\/monmaghreb.com\/index.php\/author\/lamagh\/"}]}},"_links":{"self":[{"href":"https:\/\/monmaghreb.com\/index.php\/wp-json\/wp\/v2\/posts\/1128","targetHints":{"allow":["GET"]}}],"collection":[{"href":"https:\/\/monmaghreb.com\/index.php\/wp-json\/wp\/v2\/posts"}],"about":[{"href":"https:\/\/monmaghreb.com\/index.php\/wp-json\/wp\/v2\/types\/post"}],"author":[{"embeddable":true,"href":"https:\/\/monmaghreb.com\/index.php\/wp-json\/wp\/v2\/users\/1"}],"replies":[{"embeddable":true,"href":"https:\/\/monmaghreb.com\/index.php\/wp-json\/wp\/v2\/comments?post=1128"}],"version-history":[{"count":1,"href":"https:\/\/monmaghreb.com\/index.php\/wp-json\/wp\/v2\/posts\/1128\/revisions"}],"predecessor-version":[{"id":1129,"href":"https:\/\/monmaghreb.com\/index.php\/wp-json\/wp\/v2\/posts\/1128\/revisions\/1129"}],"wp:featuredmedia":[{"embeddable":true,"href":"https:\/\/monmaghreb.com\/index.php\/wp-json\/wp\/v2\/media\/1126"}],"wp:attachment":[{"href":"https:\/\/monmaghreb.com\/index.php\/wp-json\/wp\/v2\/media?parent=1128"}],"wp:term":[{"taxonomy":"category","embeddable":true,"href":"https:\/\/monmaghreb.com\/index.php\/wp-json\/wp\/v2\/categories?post=1128"},{"taxonomy":"post_tag","embeddable":true,"href":"https:\/\/monmaghreb.com\/index.php\/wp-json\/wp\/v2\/tags?post=1128"}],"curies":[{"name":"wp","href":"https:\/\/api.w.org\/{rel}","templated":true}]}}