{"id":1130,"date":"2026-03-13T15:35:17","date_gmt":"2026-03-13T15:35:17","guid":{"rendered":"https:\/\/monmaghreb.com\/index.php\/2026\/03\/13\/le-nouvel-an-amazigh-festif-a-chateau-thierry-une-fete-culturelle-joyeuse-et-remarquable-2\/"},"modified":"2026-03-13T15:35:21","modified_gmt":"2026-03-13T15:35:21","slug":"le-nouvel-an-amazigh-festif-a-chateau-thierry-une-fete-culturelle-joyeuse-et-remarquable-2","status":"publish","type":"post","link":"https:\/\/monmaghreb.com\/index.php\/2026\/03\/13\/le-nouvel-an-amazigh-festif-a-chateau-thierry-une-fete-culturelle-joyeuse-et-remarquable-2\/","title":{"rendered":"Le nouvel an amazigh festif \u00e0 Ch\u00e2teau-Thierry : une f\u00eate culturelle joyeuse et remarquable"},"content":{"rendered":"<p><!DOCTYPE html><br \/>\n<html lang='fr'><br \/>\n<head><br \/>\n  <meta charset='UTF-8'><br \/>\n  <title>Nouvel an amazigh festif \u00e0 Ch\u00e2teau-Thierry<\/title><br \/>\n<\/head><br \/>\n<body><\/p>\n<h1>Le nouvel an amazigh festif \u00e0 Ch\u00e2teau-Thierry : une f\u00eate culturelle joyeuse et <a href=\"https:\/\/monmaghreb.com\/index.php\/2026\/03\/13\/le-nouvel-an-amazigh-festif-a-chateau-thierry-une-fete-culturelle-joyeuse-et-remarquable\/\" title=\"Le nouvel an amazigh festif \u00e0 Ch\u00e2teau-Thierry : une f\u00eate culturelle joyeuse et remarquable\">remarquable<\/a><\/h1>\n<p>L&#8217;ann\u00e9e derni\u00e8re, le 25 ao\u00fbt, la ville de Ch\u00e2teau-Thierry a accueilli une f\u00eate inoubliable c\u00e9l\u00e9brant le nouvel an amazigh. Cette f\u00eate culturelle a r\u00e9uni une foule diverse de Maghr\u00e9bins de la diaspora, unissant les gens autour de la musique, de la cuisine et de la tradition. C&#8217;\u00e9tait un \u00e9v\u00e9nement unique qui a permis de c\u00e9l\u00e9brer notre identit\u00e9 amazigh de mani\u00e8re festive et authentique.<\/p>\n<h2>La musique amazigh en vedette<\/h2>\n<p>La musique a \u00e9t\u00e9 au c\u0153ur de cette f\u00eate. Des artistes amazighs talentueux ont pris part \u00e0 la soir\u00e9e, interpr\u00e9tant des musiques traditionnelles telles que le Rai, le Chaabi et le Gnawa, ainsi que des interpr\u00e9tations modernes de ces genres. Les spectateurs ont pu assister \u00e0 des performances \u00e9motionnelles, se laissant envahir par la magie de la musique amazigh.<\/p>\n<p>Les artistes ont su cr\u00e9er un sentiment de communaut\u00e9 en convainquant le public de se joindre \u00e0 eux en dansant et en chantant en unisson. C&#8217;est ce sentiment qui a rendu l&#8217;\u00e9v\u00e9nement si exceptionnel.<\/p>\n<p>Un concert de fin d&#8217;ann\u00e9e a \u00e9galement \u00e9t\u00e9 organis\u00e9, o\u00f9 les artistes se sont r\u00e9unis pour une soir\u00e9e inoubliable de musique et de festivit\u00e9. Les spectateurs ont pu danser jusqu&#8217;au matin, se laissant porter par l&#8217;\u00e9nergie de la musique.<\/p>\n<h2>La cuisine amazigh : un plaisir pour les papilles<\/h2>\n<p>Pour les gourmands, la f\u00eate de Ch\u00e2teau-Thierry a offert une grande vari\u00e9t\u00e9 de mets amazighs. Les spectateurs ont pu go\u00fbter \u00e0 des plats traditionnels tels que le couscous, les berberes, les kebabs et les pastilles, mais \u00e9galement \u00e0 des mets plus modernes inspir\u00e9s de la cuisine amazigh. Les plats \u00e9taient servis dans des conditions propres et hygi\u00e9niques, permettant aux spectateurs de savourer une gastronomie authentique.<\/p>\n<p>Des stands de vente d&#8217;aliments et de boissons ont \u00e9galement \u00e9t\u00e9 install\u00e9s sur le site de la f\u00eate, pour permettre aux spectateurs de satisfaire leur soif ou leur faim tout au long de la journ\u00e9e. Les spectateurs ont pu go\u00fbter \u00e0 des sp\u00e9cialit\u00e9s amazighs telles que le th\u00e9 \u00e0 la menthe et le caf\u00e9 turc.<\/p>\n<h2>Le d\u00e9fil\u00e9 des costumes amazighs<\/h2>\n<p>Le d\u00e9fil\u00e9 des costumes amazighs a \u00e9t\u00e9 l&#8217;une des attractions les plus populaires de la f\u00eate. Les spectateurs ont pu admirer les diff\u00e9rents costumes traditionnels amazighs tels que le burnous, le jellaba et le houarir. Les participants ont \u00e9galement pu d\u00e9filer en costumes modernes inspir\u00e9s de la mode actuelle.<\/p>\n<p>Le d\u00e9fil\u00e9 \u00e9tait une occasion de c\u00e9l\u00e9brer la beaut\u00e9 et la diversit\u00e9 des costumes amazighs. Les participants ont \u00e9t\u00e9 accueillis par des applaudissements et des encouragements, leur montrant l&#8217;importance de leur identit\u00e9 amazigh.<\/p>\n<h2>Le march\u00e9 des artisans amazighs<\/h2>\n<p>Un march\u00e9 des artisans amazighs a \u00e9galement \u00e9t\u00e9 organis\u00e9 pendant la f\u00eate. Les spectateurs ont pu d\u00e9couvrir des objets de artisanat tels que des tapis, des vases, des bijoux et des objets de d\u00e9coration. Les artisans ont \u00e9t\u00e9 pr\u00e9sents pour parler de leur travail et d&#8217;expliquer les techniques utilis\u00e9es pour cr\u00e9er ces objets.<\/p>\n<p>Les spectateurs ont \u00e9galement pu n\u00e9gocier les prix et prendre des photos avec les artisans, leur permettant de se sentir comme des parties prenantes de la f\u00eate.<\/p>\n<h2>Un appel \u00e0 l&#8217;action pour les Maghr\u00e9bins de la diaspora<\/h2>\n<p>Le nouvel an amazigh festif \u00e0 Ch\u00e2teau-Thierry a \u00e9t\u00e9 un succ\u00e8s qui a permis \u00e0 la communaut\u00e9 amazigh de la diaspora de se rassembler autour de la musique, de la cuisine et de la tradition. Mais cette f\u00eate n&#8217;a pas \u00e9t\u00e9 uniquement une f\u00eate de plaisir, mais aussi une f\u00eate de solidarit\u00e9 et d&#8217;union.<\/p>\n<p>Nous appelons tous les Maghr\u00e9bins de la diaspora \u00e0 se joindre \u00e0 des \u00e9v\u00e9nements tels que le nouvel an amazigh festif \u00e0 Ch\u00e2teau-Thierry, pour c\u00e9l\u00e9brer notre identit\u00e9 amazigh et pour renforcer nos liens. Ensemble, nous pouvons c\u00e9l\u00e9brer notre h\u00e9ritage culturel et notre unit\u00e9.<\/p>\n<div style=\"background:#f8f9fa;border-left:4px solid #0066cc;border-radius:6px;padding:20px 24px;margin:32px 0;\">\n<p style=\"font-size:13px;color:#888;text-transform:uppercase;letter-spacing:0.8px;margin:0 0 6px 0;\">Vous pourriez aussi aimer<\/p>\n<h3 style=\"font-size:18px;margin:0 0 14px 0;color:#222;\">Articles similaires<\/h3>\n<ul style=\"margin:0;padding-left:20px;list-style:disc;\">\n<li style=\"margin-bottom:10px;\"><a href=\"https:\/\/monmaghreb.com\/index.php\/2026\/03\/13\/le-nouvel-an-amazigh-festif-a-chateau-thierry-une-fete-culturelle-joyeuse-et-remarquable\/\" style=\"color:#0066cc;text-decoration:none;font-weight:500;\" title=\"Le nouvel an amazigh festif \u00e0 Ch\u00e2teau-Thierry : une f\u00eate culturelle joyeuse et remarquable\">Le nouvel an amazigh festif \u00e0 Ch\u00e2teau-Thierry : une f\u00eate culturelle joyeuse et remarquable<\/a><\/li>\n<li style=\"margin-bottom:10px;\"><a href=\"https:\/\/monmaghreb.com\/index.php\/2026\/03\/08\/le-maroc-nouveau-rival-du-tourisme-du-maghreb-en-france-en-2025-un-appel-aux-lecteurs-de-la-diaspora\/\" style=\"color:#0066cc;text-decoration:none;font-weight:500;\" title=\"Le Maroc, nouveau rival du tourisme du Maghreb en France en 2025 : un appel aux lecteurs de la diaspora\">Le Maroc, nouveau rival du tourisme du Maghreb en France en 2025 : un appel aux lecteurs de la diaspora<\/a><\/li>\n<li style=\"margin-bottom:10px;\"><a href=\"https:\/\/monmaghreb.com\/index.php\/2026\/03\/13\/chantons-le-patrimoine-musical-authentique-au-15e-festival-national-de-la-chanson-chaabi-dalger\/\" style=\"color:#0066cc;text-decoration:none;font-weight:500;\" title=\"Chantons le patrimoine musical authentique au 15e Festival national de la chanson cha\u00e2bi d&#8217;Alger\">Chantons le patrimoine musical authentique au 15e Festival national de la chanson cha\u00e2bi d&#8217;Alger<\/a><\/li>\n<li style=\"margin-bottom:10px;\"><a href=\"https:\/\/monmaghreb.com\/index.php\/2026\/03\/13\/les-evenements-culturels-berberes-en-france-le-cirque-ka-in-a-ales-et-nimes\/\" style=\"color:#0066cc;text-decoration:none;font-weight:500;\" title=\"Les \u00e9v\u00e9nements culturels berb\u00e8res en France : le cirque KA-IN \u00e0 Al\u00e8s et N\u00eemes\">Les \u00e9v\u00e9nements culturels berb\u00e8res en France : le cirque KA-IN \u00e0 Al\u00e8s et N\u00eemes<\/a><\/li>\n<li style=\"margin-bottom:10px;\"><a href=\"https:\/\/monmaghreb.com\/index.php\/2026\/03\/13\/aid-al-adha-la-grande-fete-musulmane-de-lannee-le-26-mai-2\/\" style=\"color:#0066cc;text-decoration:none;font-weight:500;\" title=\"Aid al-Adha : la grande f\u00eate musulmane de l&#8217;ann\u00e9e, le 26 mai\">Aid al-Adha : la grande f\u00eate musulmane de l&#8217;ann\u00e9e, le 26 mai<\/a><\/li>\n<\/ul>\n<\/div>\n<p><\/body><br \/>\n<\/html><\/p>\n","protected":false},"excerpt":{"rendered":"<p>Discover the joyful and remarkable New Year Amazigh Festival in Ch\u00e2teau-Thierry, uniting Maghrebians worldwide through music, food, and tradition. Don&#8217;t miss ou<\/p>\n","protected":false},"author":1,"featured_media":1127,"comment_status":"closed","ping_status":"open","sticky":false,"template":"","format":"standard","meta":{"_yoast_wpseo_focuskw":"new year amazigh festival Chateau-Thierry","_yoast_wpseo_title":"Le nouvel an amazigh festif \u00e0 Ch\u00e2teau-Thierry : une f\u00eate cul","_yoast_wpseo_metadesc":"Discover the joyful and remarkable New Year Amazigh Festival in Ch\u00e2teau-Thierry, uniting Maghrebians worldwide through music, food, and tradition. Don't miss ou","_yoast_wpseo_canonical":"","_yoast_wpseo_opengraph-title":"Le nouvel an amazigh festif \u00e0 Ch\u00e2teau-Thierry : une f\u00eate culturelle joyeuse et remarquable","_yoast_wpseo_opengraph-description":"Discover the joyful and remarkable New Year Amazigh Festival in Ch\u00e2teau-Thierry, uniting Maghrebians worldwide through music, food, and tradition. Don't miss ou","_yoast_wpseo_opengraph-image":"","tdm_status":"","tdm_grid_status":"","footnotes":""},"categories":[652],"tags":[766,863,773,865,864],"class_list":["post-1130","post","type-post","status-publish","format-standard","has-post-thumbnail","hentry","category-histoire-patrimoine","tag-activitesenfrance","tag-amazigh-culture","tag-communion-diaspora","tag-cultural-event","tag-new-year-festival"],"yoast_head":"<!-- This site is optimized with the Yoast SEO plugin v27.4 - https:\/\/yoast.com\/product\/yoast-seo-wordpress\/ -->\n<title>Le nouvel an amazigh festif \u00e0 Ch\u00e2teau-Thierry : une f\u00eate cul<\/title>\n<meta name=\"description\" content=\"Discover the joyful and remarkable New Year Amazigh Festival in Ch\u00e2teau-Thierry, uniting Maghrebians worldwide through music, food, and tradition. Don&#039;t miss ou\" \/>\n<meta name=\"robots\" content=\"index, follow, max-snippet:-1, max-image-preview:large, max-video-preview:-1\" \/>\n<link rel=\"canonical\" href=\"https:\/\/monmaghreb.com\/index.php\/2026\/03\/13\/le-nouvel-an-amazigh-festif-a-chateau-thierry-une-fete-culturelle-joyeuse-et-remarquable-2\/\" \/>\n<meta property=\"og:locale\" content=\"en_US\" \/>\n<meta property=\"og:type\" content=\"article\" \/>\n<meta property=\"og:title\" content=\"Le nouvel an amazigh festif \u00e0 Ch\u00e2teau-Thierry : une f\u00eate culturelle joyeuse et remarquable\" \/>\n<meta property=\"og:description\" content=\"Discover the joyful and remarkable New Year Amazigh Festival in Ch\u00e2teau-Thierry, uniting Maghrebians worldwide through music, food, and tradition. Don&#039;t miss ou\" \/>\n<meta property=\"og:url\" content=\"https:\/\/monmaghreb.com\/index.php\/2026\/03\/13\/le-nouvel-an-amazigh-festif-a-chateau-thierry-une-fete-culturelle-joyeuse-et-remarquable-2\/\" \/>\n<meta property=\"og:site_name\" content=\"Mon Maghreb\" \/>\n<meta property=\"article:author\" content=\"https:\/\/www.facebook.com\/monmaghrebcom\" \/>\n<meta property=\"article:published_time\" content=\"2026-03-13T15:35:17+00:00\" \/>\n<meta property=\"article:modified_time\" content=\"2026-03-13T15:35:21+00:00\" \/>\n<meta property=\"og:image\" content=\"https:\/\/monmaghreb.com\/wp-content\/uploads\/2026\/03\/featured-89.jpg\" \/>\n\t<meta property=\"og:image:width\" content=\"1663\" \/>\n\t<meta property=\"og:image:height\" content=\"1300\" \/>\n\t<meta property=\"og:image:type\" content=\"image\/jpeg\" \/>\n<meta name=\"author\" content=\"LaMagh\" \/>\n<meta name=\"twitter:card\" content=\"summary_large_image\" \/>\n<meta name=\"twitter:creator\" content=\"@MMaghreb50977\" \/>\n<meta name=\"twitter:label1\" content=\"Written by\" \/>\n\t<meta name=\"twitter:data1\" content=\"LaMagh\" \/>\n\t<meta name=\"twitter:label2\" content=\"Est. reading time\" \/>\n\t<meta name=\"twitter:data2\" content=\"4 minutes\" \/>\n<script type=\"application\/ld+json\" class=\"yoast-schema-graph\">{\"@context\":\"https:\\\/\\\/schema.org\",\"@graph\":[{\"@type\":\"Article\",\"@id\":\"https:\\\/\\\/monmaghreb.com\\\/index.php\\\/2026\\\/03\\\/13\\\/le-nouvel-an-amazigh-festif-a-chateau-thierry-une-fete-culturelle-joyeuse-et-remarquable-2\\\/#article\",\"isPartOf\":{\"@id\":\"https:\\\/\\\/monmaghreb.com\\\/index.php\\\/2026\\\/03\\\/13\\\/le-nouvel-an-amazigh-festif-a-chateau-thierry-une-fete-culturelle-joyeuse-et-remarquable-2\\\/\"},\"author\":{\"name\":\"LaMagh\",\"@id\":\"http:\\\/\\\/monmaghreb.com\\\/#\\\/schema\\\/person\\\/c469a89dc8c6b8987dcb438b1200d054\"},\"headline\":\"Le nouvel an amazigh festif \u00e0 Ch\u00e2teau-Thierry : une f\u00eate culturelle joyeuse et remarquable\",\"datePublished\":\"2026-03-13T15:35:17+00:00\",\"dateModified\":\"2026-03-13T15:35:21+00:00\",\"mainEntityOfPage\":{\"@id\":\"https:\\\/\\\/monmaghreb.com\\\/index.php\\\/2026\\\/03\\\/13\\\/le-nouvel-an-amazigh-festif-a-chateau-thierry-une-fete-culturelle-joyeuse-et-remarquable-2\\\/\"},\"wordCount\":791,\"publisher\":{\"@id\":\"http:\\\/\\\/monmaghreb.com\\\/#organization\"},\"image\":{\"@id\":\"https:\\\/\\\/monmaghreb.com\\\/index.php\\\/2026\\\/03\\\/13\\\/le-nouvel-an-amazigh-festif-a-chateau-thierry-une-fete-culturelle-joyeuse-et-remarquable-2\\\/#primaryimage\"},\"thumbnailUrl\":\"https:\\\/\\\/monmaghreb.com\\\/wp-content\\\/uploads\\\/2026\\\/03\\\/featured-89.jpg\",\"keywords\":[\"activitesenfrance\",\"amazigh culture\",\"communion diaspora\",\"cultural event\",\"new year festival\"],\"articleSection\":[\"Histoire &amp; Patrimoine\"],\"inLanguage\":\"en-US\"},{\"@type\":\"WebPage\",\"@id\":\"https:\\\/\\\/monmaghreb.com\\\/index.php\\\/2026\\\/03\\\/13\\\/le-nouvel-an-amazigh-festif-a-chateau-thierry-une-fete-culturelle-joyeuse-et-remarquable-2\\\/\",\"url\":\"https:\\\/\\\/monmaghreb.com\\\/index.php\\\/2026\\\/03\\\/13\\\/le-nouvel-an-amazigh-festif-a-chateau-thierry-une-fete-culturelle-joyeuse-et-remarquable-2\\\/\",\"name\":\"Le nouvel an amazigh festif \u00e0 Ch\u00e2teau-Thierry : une f\u00eate cul\",\"isPartOf\":{\"@id\":\"http:\\\/\\\/monmaghreb.com\\\/#website\"},\"primaryImageOfPage\":{\"@id\":\"https:\\\/\\\/monmaghreb.com\\\/index.php\\\/2026\\\/03\\\/13\\\/le-nouvel-an-amazigh-festif-a-chateau-thierry-une-fete-culturelle-joyeuse-et-remarquable-2\\\/#primaryimage\"},\"image\":{\"@id\":\"https:\\\/\\\/monmaghreb.com\\\/index.php\\\/2026\\\/03\\\/13\\\/le-nouvel-an-amazigh-festif-a-chateau-thierry-une-fete-culturelle-joyeuse-et-remarquable-2\\\/#primaryimage\"},\"thumbnailUrl\":\"https:\\\/\\\/monmaghreb.com\\\/wp-content\\\/uploads\\\/2026\\\/03\\\/featured-89.jpg\",\"datePublished\":\"2026-03-13T15:35:17+00:00\",\"dateModified\":\"2026-03-13T15:35:21+00:00\",\"description\":\"Discover the joyful and remarkable New Year Amazigh Festival in Ch\u00e2teau-Thierry, uniting Maghrebians worldwide through music, food, and tradition. Don't miss ou\",\"breadcrumb\":{\"@id\":\"https:\\\/\\\/monmaghreb.com\\\/index.php\\\/2026\\\/03\\\/13\\\/le-nouvel-an-amazigh-festif-a-chateau-thierry-une-fete-culturelle-joyeuse-et-remarquable-2\\\/#breadcrumb\"},\"inLanguage\":\"en-US\",\"potentialAction\":[{\"@type\":\"ReadAction\",\"target\":[\"https:\\\/\\\/monmaghreb.com\\\/index.php\\\/2026\\\/03\\\/13\\\/le-nouvel-an-amazigh-festif-a-chateau-thierry-une-fete-culturelle-joyeuse-et-remarquable-2\\\/\"]}]},{\"@type\":\"ImageObject\",\"inLanguage\":\"en-US\",\"@id\":\"https:\\\/\\\/monmaghreb.com\\\/index.php\\\/2026\\\/03\\\/13\\\/le-nouvel-an-amazigh-festif-a-chateau-thierry-une-fete-culturelle-joyeuse-et-remarquable-2\\\/#primaryimage\",\"url\":\"https:\\\/\\\/monmaghreb.com\\\/wp-content\\\/uploads\\\/2026\\\/03\\\/featured-89.jpg\",\"contentUrl\":\"https:\\\/\\\/monmaghreb.com\\\/wp-content\\\/uploads\\\/2026\\\/03\\\/featured-89.jpg\",\"width\":1663,\"height\":1300,\"caption\":\"Crowd celebrating Amazigh New Year Festival in Chateau-Thierry, with traditional music and food\"},{\"@type\":\"BreadcrumbList\",\"@id\":\"https:\\\/\\\/monmaghreb.com\\\/index.php\\\/2026\\\/03\\\/13\\\/le-nouvel-an-amazigh-festif-a-chateau-thierry-une-fete-culturelle-joyeuse-et-remarquable-2\\\/#breadcrumb\",\"itemListElement\":[{\"@type\":\"ListItem\",\"position\":1,\"name\":\"Home\",\"item\":\"http:\\\/\\\/monmaghreb.com\\\/\"},{\"@type\":\"ListItem\",\"position\":2,\"name\":\"Le nouvel an amazigh festif \u00e0 Ch\u00e2teau-Thierry : une f\u00eate culturelle joyeuse et remarquable\"}]},{\"@type\":\"WebSite\",\"@id\":\"http:\\\/\\\/monmaghreb.com\\\/#website\",\"url\":\"http:\\\/\\\/monmaghreb.com\\\/\",\"name\":\"Mon Maghreb\",\"description\":\"MonMaghreb United\",\"publisher\":{\"@id\":\"http:\\\/\\\/monmaghreb.com\\\/#organization\"},\"alternateName\":\"Le Monde du Maghreb et au del\u00e0\",\"potentialAction\":[{\"@type\":\"SearchAction\",\"target\":{\"@type\":\"EntryPoint\",\"urlTemplate\":\"http:\\\/\\\/monmaghreb.com\\\/?s={search_term_string}\"},\"query-input\":{\"@type\":\"PropertyValueSpecification\",\"valueRequired\":true,\"valueName\":\"search_term_string\"}}],\"inLanguage\":\"en-US\"},{\"@type\":\"Organization\",\"@id\":\"http:\\\/\\\/monmaghreb.com\\\/#organization\",\"name\":\"Mon Maghreb\",\"url\":\"http:\\\/\\\/monmaghreb.com\\\/\",\"logo\":{\"@type\":\"ImageObject\",\"inLanguage\":\"en-US\",\"@id\":\"http:\\\/\\\/monmaghreb.com\\\/#\\\/schema\\\/logo\\\/image\\\/\",\"url\":\"https:\\\/\\\/monmaghreb.com\\\/wp-content\\\/uploads\\\/2025\\\/12\\\/Mon_Maghreb_Logo.jpg\",\"contentUrl\":\"https:\\\/\\\/monmaghreb.com\\\/wp-content\\\/uploads\\\/2025\\\/12\\\/Mon_Maghreb_Logo.jpg\",\"width\":814,\"height\":374,\"caption\":\"Mon Maghreb\"},\"image\":{\"@id\":\"http:\\\/\\\/monmaghreb.com\\\/#\\\/schema\\\/logo\\\/image\\\/\"}},{\"@type\":\"Person\",\"@id\":\"http:\\\/\\\/monmaghreb.com\\\/#\\\/schema\\\/person\\\/c469a89dc8c6b8987dcb438b1200d054\",\"name\":\"LaMagh\",\"image\":{\"@type\":\"ImageObject\",\"inLanguage\":\"en-US\",\"@id\":\"https:\\\/\\\/secure.gravatar.com\\\/avatar\\\/399d8144bd55fba55e056779aca52fe528bac7911f6449e54d81173d6dfd7f0a?s=96&d=mm&r=g\",\"url\":\"https:\\\/\\\/secure.gravatar.com\\\/avatar\\\/399d8144bd55fba55e056779aca52fe528bac7911f6449e54d81173d6dfd7f0a?s=96&d=mm&r=g\",\"contentUrl\":\"https:\\\/\\\/secure.gravatar.com\\\/avatar\\\/399d8144bd55fba55e056779aca52fe528bac7911f6449e54d81173d6dfd7f0a?s=96&d=mm&r=g\",\"caption\":\"LaMagh\"},\"sameAs\":[\"https:\\\/\\\/monmaghreb.com\",\"https:\\\/\\\/www.facebook.com\\\/monmaghrebcom\",\"https:\\\/\\\/x.com\\\/MMaghreb50977\"],\"url\":\"https:\\\/\\\/monmaghreb.com\\\/index.php\\\/author\\\/lamagh\\\/\"}]}<\/script>\n<!-- \/ Yoast SEO plugin. -->","yoast_head_json":{"title":"Le nouvel an amazigh festif \u00e0 Ch\u00e2teau-Thierry : une f\u00eate cul","description":"Discover the joyful and remarkable New Year Amazigh Festival in Ch\u00e2teau-Thierry, uniting Maghrebians worldwide through music, food, and tradition. Don't miss ou","robots":{"index":"index","follow":"follow","max-snippet":"max-snippet:-1","max-image-preview":"max-image-preview:large","max-video-preview":"max-video-preview:-1"},"canonical":"https:\/\/monmaghreb.com\/index.php\/2026\/03\/13\/le-nouvel-an-amazigh-festif-a-chateau-thierry-une-fete-culturelle-joyeuse-et-remarquable-2\/","og_locale":"en_US","og_type":"article","og_title":"Le nouvel an amazigh festif \u00e0 Ch\u00e2teau-Thierry : une f\u00eate culturelle joyeuse et remarquable","og_description":"Discover the joyful and remarkable New Year Amazigh Festival in Ch\u00e2teau-Thierry, uniting Maghrebians worldwide through music, food, and tradition. Don't miss ou","og_url":"https:\/\/monmaghreb.com\/index.php\/2026\/03\/13\/le-nouvel-an-amazigh-festif-a-chateau-thierry-une-fete-culturelle-joyeuse-et-remarquable-2\/","og_site_name":"Mon Maghreb","article_author":"https:\/\/www.facebook.com\/monmaghrebcom","article_published_time":"2026-03-13T15:35:17+00:00","article_modified_time":"2026-03-13T15:35:21+00:00","og_image":[{"width":1663,"height":1300,"url":"https:\/\/monmaghreb.com\/wp-content\/uploads\/2026\/03\/featured-89.jpg","type":"image\/jpeg"}],"author":"LaMagh","twitter_card":"summary_large_image","twitter_creator":"@MMaghreb50977","twitter_misc":{"Written by":"LaMagh","Est. reading time":"4 minutes"},"schema":{"@context":"https:\/\/schema.org","@graph":[{"@type":"Article","@id":"https:\/\/monmaghreb.com\/index.php\/2026\/03\/13\/le-nouvel-an-amazigh-festif-a-chateau-thierry-une-fete-culturelle-joyeuse-et-remarquable-2\/#article","isPartOf":{"@id":"https:\/\/monmaghreb.com\/index.php\/2026\/03\/13\/le-nouvel-an-amazigh-festif-a-chateau-thierry-une-fete-culturelle-joyeuse-et-remarquable-2\/"},"author":{"name":"LaMagh","@id":"http:\/\/monmaghreb.com\/#\/schema\/person\/c469a89dc8c6b8987dcb438b1200d054"},"headline":"Le nouvel an amazigh festif \u00e0 Ch\u00e2teau-Thierry : une f\u00eate culturelle joyeuse et remarquable","datePublished":"2026-03-13T15:35:17+00:00","dateModified":"2026-03-13T15:35:21+00:00","mainEntityOfPage":{"@id":"https:\/\/monmaghreb.com\/index.php\/2026\/03\/13\/le-nouvel-an-amazigh-festif-a-chateau-thierry-une-fete-culturelle-joyeuse-et-remarquable-2\/"},"wordCount":791,"publisher":{"@id":"http:\/\/monmaghreb.com\/#organization"},"image":{"@id":"https:\/\/monmaghreb.com\/index.php\/2026\/03\/13\/le-nouvel-an-amazigh-festif-a-chateau-thierry-une-fete-culturelle-joyeuse-et-remarquable-2\/#primaryimage"},"thumbnailUrl":"https:\/\/monmaghreb.com\/wp-content\/uploads\/2026\/03\/featured-89.jpg","keywords":["activitesenfrance","amazigh culture","communion diaspora","cultural event","new year festival"],"articleSection":["Histoire &amp; Patrimoine"],"inLanguage":"en-US"},{"@type":"WebPage","@id":"https:\/\/monmaghreb.com\/index.php\/2026\/03\/13\/le-nouvel-an-amazigh-festif-a-chateau-thierry-une-fete-culturelle-joyeuse-et-remarquable-2\/","url":"https:\/\/monmaghreb.com\/index.php\/2026\/03\/13\/le-nouvel-an-amazigh-festif-a-chateau-thierry-une-fete-culturelle-joyeuse-et-remarquable-2\/","name":"Le nouvel an amazigh festif \u00e0 Ch\u00e2teau-Thierry : une f\u00eate cul","isPartOf":{"@id":"http:\/\/monmaghreb.com\/#website"},"primaryImageOfPage":{"@id":"https:\/\/monmaghreb.com\/index.php\/2026\/03\/13\/le-nouvel-an-amazigh-festif-a-chateau-thierry-une-fete-culturelle-joyeuse-et-remarquable-2\/#primaryimage"},"image":{"@id":"https:\/\/monmaghreb.com\/index.php\/2026\/03\/13\/le-nouvel-an-amazigh-festif-a-chateau-thierry-une-fete-culturelle-joyeuse-et-remarquable-2\/#primaryimage"},"thumbnailUrl":"https:\/\/monmaghreb.com\/wp-content\/uploads\/2026\/03\/featured-89.jpg","datePublished":"2026-03-13T15:35:17+00:00","dateModified":"2026-03-13T15:35:21+00:00","description":"Discover the joyful and remarkable New Year Amazigh Festival in Ch\u00e2teau-Thierry, uniting Maghrebians worldwide through music, food, and tradition. Don't miss ou","breadcrumb":{"@id":"https:\/\/monmaghreb.com\/index.php\/2026\/03\/13\/le-nouvel-an-amazigh-festif-a-chateau-thierry-une-fete-culturelle-joyeuse-et-remarquable-2\/#breadcrumb"},"inLanguage":"en-US","potentialAction":[{"@type":"ReadAction","target":["https:\/\/monmaghreb.com\/index.php\/2026\/03\/13\/le-nouvel-an-amazigh-festif-a-chateau-thierry-une-fete-culturelle-joyeuse-et-remarquable-2\/"]}]},{"@type":"ImageObject","inLanguage":"en-US","@id":"https:\/\/monmaghreb.com\/index.php\/2026\/03\/13\/le-nouvel-an-amazigh-festif-a-chateau-thierry-une-fete-culturelle-joyeuse-et-remarquable-2\/#primaryimage","url":"https:\/\/monmaghreb.com\/wp-content\/uploads\/2026\/03\/featured-89.jpg","contentUrl":"https:\/\/monmaghreb.com\/wp-content\/uploads\/2026\/03\/featured-89.jpg","width":1663,"height":1300,"caption":"Crowd celebrating Amazigh New Year Festival in Chateau-Thierry, with traditional music and food"},{"@type":"BreadcrumbList","@id":"https:\/\/monmaghreb.com\/index.php\/2026\/03\/13\/le-nouvel-an-amazigh-festif-a-chateau-thierry-une-fete-culturelle-joyeuse-et-remarquable-2\/#breadcrumb","itemListElement":[{"@type":"ListItem","position":1,"name":"Home","item":"http:\/\/monmaghreb.com\/"},{"@type":"ListItem","position":2,"name":"Le nouvel an amazigh festif \u00e0 Ch\u00e2teau-Thierry : une f\u00eate culturelle joyeuse et remarquable"}]},{"@type":"WebSite","@id":"http:\/\/monmaghreb.com\/#website","url":"http:\/\/monmaghreb.com\/","name":"Mon Maghreb","description":"MonMaghreb United","publisher":{"@id":"http:\/\/monmaghreb.com\/#organization"},"alternateName":"Le Monde du Maghreb et au del\u00e0","potentialAction":[{"@type":"SearchAction","target":{"@type":"EntryPoint","urlTemplate":"http:\/\/monmaghreb.com\/?s={search_term_string}"},"query-input":{"@type":"PropertyValueSpecification","valueRequired":true,"valueName":"search_term_string"}}],"inLanguage":"en-US"},{"@type":"Organization","@id":"http:\/\/monmaghreb.com\/#organization","name":"Mon Maghreb","url":"http:\/\/monmaghreb.com\/","logo":{"@type":"ImageObject","inLanguage":"en-US","@id":"http:\/\/monmaghreb.com\/#\/schema\/logo\/image\/","url":"https:\/\/monmaghreb.com\/wp-content\/uploads\/2025\/12\/Mon_Maghreb_Logo.jpg","contentUrl":"https:\/\/monmaghreb.com\/wp-content\/uploads\/2025\/12\/Mon_Maghreb_Logo.jpg","width":814,"height":374,"caption":"Mon Maghreb"},"image":{"@id":"http:\/\/monmaghreb.com\/#\/schema\/logo\/image\/"}},{"@type":"Person","@id":"http:\/\/monmaghreb.com\/#\/schema\/person\/c469a89dc8c6b8987dcb438b1200d054","name":"LaMagh","image":{"@type":"ImageObject","inLanguage":"en-US","@id":"https:\/\/secure.gravatar.com\/avatar\/399d8144bd55fba55e056779aca52fe528bac7911f6449e54d81173d6dfd7f0a?s=96&d=mm&r=g","url":"https:\/\/secure.gravatar.com\/avatar\/399d8144bd55fba55e056779aca52fe528bac7911f6449e54d81173d6dfd7f0a?s=96&d=mm&r=g","contentUrl":"https:\/\/secure.gravatar.com\/avatar\/399d8144bd55fba55e056779aca52fe528bac7911f6449e54d81173d6dfd7f0a?s=96&d=mm&r=g","caption":"LaMagh"},"sameAs":["https:\/\/monmaghreb.com","https:\/\/www.facebook.com\/monmaghrebcom","https:\/\/x.com\/MMaghreb50977"],"url":"https:\/\/monmaghreb.com\/index.php\/author\/lamagh\/"}]}},"_links":{"self":[{"href":"https:\/\/monmaghreb.com\/index.php\/wp-json\/wp\/v2\/posts\/1130","targetHints":{"allow":["GET"]}}],"collection":[{"href":"https:\/\/monmaghreb.com\/index.php\/wp-json\/wp\/v2\/posts"}],"about":[{"href":"https:\/\/monmaghreb.com\/index.php\/wp-json\/wp\/v2\/types\/post"}],"author":[{"embeddable":true,"href":"https:\/\/monmaghreb.com\/index.php\/wp-json\/wp\/v2\/users\/1"}],"replies":[{"embeddable":true,"href":"https:\/\/monmaghreb.com\/index.php\/wp-json\/wp\/v2\/comments?post=1130"}],"version-history":[{"count":1,"href":"https:\/\/monmaghreb.com\/index.php\/wp-json\/wp\/v2\/posts\/1130\/revisions"}],"predecessor-version":[{"id":1131,"href":"https:\/\/monmaghreb.com\/index.php\/wp-json\/wp\/v2\/posts\/1130\/revisions\/1131"}],"wp:featuredmedia":[{"embeddable":true,"href":"https:\/\/monmaghreb.com\/index.php\/wp-json\/wp\/v2\/media\/1127"}],"wp:attachment":[{"href":"https:\/\/monmaghreb.com\/index.php\/wp-json\/wp\/v2\/media?parent=1130"}],"wp:term":[{"taxonomy":"category","embeddable":true,"href":"https:\/\/monmaghreb.com\/index.php\/wp-json\/wp\/v2\/categories?post=1130"},{"taxonomy":"post_tag","embeddable":true,"href":"https:\/\/monmaghreb.com\/index.php\/wp-json\/wp\/v2\/tags?post=1130"}],"curies":[{"name":"wp","href":"https:\/\/api.w.org\/{rel}","templated":true}]}}