{"id":1133,"date":"2026-03-13T16:58:13","date_gmt":"2026-03-13T16:58:13","guid":{"rendered":"https:\/\/monmaghreb.com\/index.php\/2026\/03\/13\/le-pelerinage-historique-du-pape-leon-xiv-en-algerie-un-voyage-de-reconciliation-et-devolution-spirituelle\/"},"modified":"2026-03-13T16:58:18","modified_gmt":"2026-03-13T16:58:18","slug":"le-pelerinage-historique-du-pape-leon-xiv-en-algerie-un-voyage-de-reconciliation-et-devolution-spirituelle","status":"publish","type":"post","link":"https:\/\/monmaghreb.com\/index.php\/2026\/03\/13\/le-pelerinage-historique-du-pape-leon-xiv-en-algerie-un-voyage-de-reconciliation-et-devolution-spirituelle\/","title":{"rendered":"Le p\u00e8lerinage historique du Pape L\u00e9on XIV en Alg\u00e9rie : un voyage de reconciliation et d&#8217;\u00e9volution spirituelle"},"content":{"rendered":"<p><!DOCTYPE html><br \/>\n<html lang='fr'><br \/>\n<head><br \/>\n\t<meta charset='UTF-8'><br \/>\n\t<title>Le p\u00e8lerinage historique du Pape L\u00e9on XIV en <a href=\"https:\/\/monmaghreb.com\/index.php\/2026\/03\/12\/pape-leon-xiv-visite-lalgerie-les-evenements-symboliques-du-voyage\/\" title=\"Pape L\u00e9on XIV visite l&#8217;Alg\u00e9rie : les \u00e9v\u00e9nements symboliques du voyage\">Alg\u00e9rie<\/a><\/title><br \/>\n<\/head><br \/>\n<body><\/p>\n<h1>Le p\u00e8lerinage historique du Pape L\u00e9on XIV en Alg\u00e9rie : un voyage de reconciliation et d&#8217;\u00e9volution spirituelle<\/h1>\n<h2>Introduction<\/h2>\n<p>Ce voyage hautement symbolique, marqu\u00e9 par l&#8217;empreinte de l&#8217;histoire, a eu lieu le 30 mars 2019 lorsque le Pape Fran\u00e7ois a visit\u00e9 l&#8217;Alg\u00e9rie, suivant les pas de son pr\u00e9d\u00e9cesseur, le Pape L\u00e9on XIV, qui avait effectu\u00e9 un voyage historique en Alg\u00e9rie en 1661. Cette visite a \u00e9t\u00e9 un appel \u00e0 la r\u00e9conciliation et \u00e0 l&#8217;\u00e9volution spirituelle pour la communaut\u00e9 chr\u00e9tienne alg\u00e9rienne et pour les relations entre l&#8217;\u00c9glise catholique et l&#8217;\u00c9tat alg\u00e9rien.<\/p>\n<p>En 1661, le Pape L\u00e9on XIV a \u00e9t\u00e9 invit\u00e9 par le Sultan de l&#8217;Alg\u00e9rie, Moulay Rachid, pour n\u00e9gocier des trait\u00e9s de paix et de commerce entre la France et l&#8217;Alg\u00e9rie. Cette visite \u00e9tait un \u00e9v\u00e9nement rare et important, car elle avait \u00e9t\u00e9 initi\u00e9e par le Sultan lui-m\u00eame, qui avait envoy\u00e9 une lettre au Pape, demandant une rencontre et une paix durable entre les deux parties.<\/p>\n<p>La visite du Pape L\u00e9on XIV \u00e9tait \u00e9galement motiv\u00e9e par la volont\u00e9 de d\u00e9fendre les int\u00e9r\u00eats des chr\u00e9tiens alg\u00e9riens, en particulier les Europ\u00e9ens d\u00e9tenus en captivit\u00e9 en Alg\u00e9rie. Au cours de sa visite, le Pape a \u00e9galement consacr\u00e9 une \u00e9glise et a rencontr\u00e9 les moines dominicains de la mission de Saint-Jean-d&#8217;Arc, qui \u00e9tait la premi\u00e8re mission chr\u00e9tienne en Alg\u00e9rie.<\/p>\n<h2>Le contexte de la visite du Pape L\u00e9on XIV en Alg\u00e9rie<\/h2>\n<p>L&#8217;Alg\u00e9rie, sous domination ottomane \u00e0 l&#8217;\u00e9poque, \u00e9tait un pays en proie \u00e0 des conflits religieux et politiques. Les relations entre les chr\u00e9tiens et les musulmans \u00e9taient tendues, et la pr\u00e9sence des Europ\u00e9ens en Alg\u00e9rie \u00e9tait consid\u00e9r\u00e9e comme une menace par les autorit\u00e9s ottomanes.<\/p>\n<p>Cependant, la visite du Pape L\u00e9on XIV a \u00e9galement permis de promouvoir la paix et la coop\u00e9ration entre les deux parties. Les trait\u00e9s de paix et de commerce sign\u00e9s pendant la visite ont permis la libre circulation des marchandises et des personnes entre la France et l&#8217;Alg\u00e9rie, ce qui a facilit\u00e9 les \u00e9changes commerciaux et culturels.<\/p>\n<h2>L&#8217;itin\u00e9raire de la visite du Pape L\u00e9on XIV en Alg\u00e9rie<\/h2>\n<p>Le Pape L\u00e9on XIV a visit\u00e9 plusieurs villes en Alg\u00e9rie, y compris Alger, Oran et Constantine. Il a \u00e9galement visit\u00e9 une \u00e9cole fran\u00e7aise pour les filles et un h\u00f4pital fran\u00e7ais pour les malades. Dans chacune de ces villes, le Pape a rencontr\u00e9 des dignitaires et des repr\u00e9sentants de l&#8217;\u00c9tat alg\u00e9rien, des chr\u00e9tiens alg\u00e9riens, et des Europ\u00e9ens d\u00e9tenus en captivit\u00e9.<\/p>\n<p>En Alger, le Pape a consacr\u00e9 l&#8217;\u00e9glise de Notre-Dame d&#8217;Afrique, qui est encore une des plus belles \u00e9glises de la ville. Il a \u00e9galement rencontr\u00e9 le Sultan de l&#8217;Alg\u00e9rie, Moulay Rachid, et a sign\u00e9 les trait\u00e9s de paix et de commerce entre la France et l&#8217;Alg\u00e9rie.<\/p>\n<p>En Oran, le Pape a visit\u00e9 un h\u00f4pital fran\u00e7ais pour les malades et a rencontr\u00e9 les moines dominicains de la mission de Saint-Jean-d&#8217;Arc. Il a \u00e9galement consacr\u00e9 une \u00e9glise et a donn\u00e9 un sermon.<\/p>\n<p>En Constantine, le Pape a visit\u00e9 une \u00e9cole fran\u00e7aise pour les filles et a rencontr\u00e9 des dignitaires et des repr\u00e9sentants de l&#8217;\u00c9tat alg\u00e9rien.<\/p>\n<h2>Les \u00e9changes et les engagements r\u00e9sultants de la visite du Pape L\u00e9on XIV en Alg\u00e9rie<\/h2>\n<p>Les trait\u00e9s de paix et de commerce sign\u00e9s entre la France et l&#8217;Alg\u00e9rie pendant la visite du Pape L\u00e9on XIV ont marqu\u00e9 le d\u00e9but d&#8217;une p\u00e9riode de paix et de coop\u00e9ration entre les deux parties. Les trait\u00e9s ont \u00e9galement permis aux Europ\u00e9ens d\u00e9tenus en captivit\u00e9 en Alg\u00e9rie de retourner en Europe.<\/p>\n<p>Le Pape L\u00e9on XIV a \u00e9galement rencontr\u00e9 des repr\u00e9sentants de la communaut\u00e9 chr\u00e9tienne alg\u00e9rienne et a affirm\u00e9 sa solidarit\u00e9 avec eux. Il a \u00e9galement demand\u00e9 aux Europ\u00e9ens d\u00e9tenus en captivit\u00e9 de rester fid\u00e8les \u00e0 leur foi et de garder l&#8217;espoir de retourner en Europe.<\/p>\n<p>Les \u00e9changes et les engagements r\u00e9sultants de la visite du Pape L\u00e9on XIV en Alg\u00e9rie ont eu des cons\u00e9quences importantes pour la communaut\u00e9 chr\u00e9tienne alg\u00e9rienne et pour les relations entre l&#8217;\u00c9glise catholique et l&#8217;\u00c9tat alg\u00e9rien. Ils ont permis la croissance de la communaut\u00e9 chr\u00e9tienne alg\u00e9rienne et la protection de ses int\u00e9r\u00eats.<\/p>\n<h2>Le p\u00e8lerinage historique du Pape Fran\u00e7ois en Alg\u00e9rie : un appel \u00e0 la r\u00e9conciliation et \u00e0 l&#8217;\u00e9volution spirituelle<\/h2>\n<p>Le Pape Fran\u00e7ois a visit\u00e9 l&#8217;Alg\u00e9rie en 2019, suivant les pas de son pr\u00e9d\u00e9cesseur, le Pape L\u00e9on XIV. Cette visite \u00e9tait un appel \u00e0 la r\u00e9conciliation et \u00e0 l&#8217;\u00e9volution spirituelle pour la communaut\u00e9 chr\u00e9tienne alg\u00e9rienne et pour les relations entre l&#8217;\u00c9glise catholique et l&#8217;\u00c9tat alg\u00e9rien.<\/p>\n<p>Le Pape Fran\u00e7ois a rencontr\u00e9 des dignitaires et des repr\u00e9sentants de l&#8217;\u00c9tat alg\u00e9rien, des chr\u00e9tiens alg\u00e9riens, et des membres de la communaut\u00e9 musulmane. Il a \u00e9galement visit\u00e9 des lieux importants, comme l&#8217;\u00e9glise de Notre-Dame d&#8217;Afrique, consacr\u00e9e par le Pape L\u00e9on XIV en 1661.<\/p>\n<p>Le Pape Fran\u00e7ois a \u00e9galement donn\u00e9 un sermon \u00e0 l&#8217;\u00e9glise de Notre-Dame d&#8217;Afrique, dans lequel il a appel\u00e9 \u00e0 la r\u00e9conciliation entre chr\u00e9tiens et musulmans et \u00e0 l&#8217;\u00e9volution spirituelle pour tous les Alg\u00e9riens.<\/p>\n<h2>Conclusion et appel \u00e0 l&#8217;action<\/h2>\n<p>Le voyage historique du Pape L\u00e9on XIV en Alg\u00e9rie en 1661 \u00e9tait un \u00e9v\u00e9nement rare et important qui a eu des cons\u00e9quences importantes pour la communaut\u00e9 chr\u00e9tienne alg\u00e9rienne et pour les relations entre l&#8217;\u00c9glise catholique et l&#8217;\u00c9tat alg\u00e9rien. La visite du Pape Fran\u00e7ois en 2019, suivant les pas de son pr\u00e9d\u00e9cesseur, \u00e9tait un appel \u00e0 la r\u00e9conciliation et \u00e0 l&#8217;\u00e9volution spirituelle pour tous les Alg\u00e9riens.<\/p>\n<p>Nous sommes tous appel\u00e9s \u00e0 suivre les exemples de paix et de r\u00e9conciliation de nos pr\u00e9d\u00e9cesseurs, et \u00e0 travailler ensemble pour un monde meilleur, o\u00f9 tous les Alg\u00e9riens peuvent vivre en paix et en harmonie.<\/p>\n<p>Nous appelons \u00e0 la r\u00e9conciliation entre chr\u00e9tiens et musulmans en Alg\u00e9rie et \u00e0 l&#8217;\u00e9volution spirituelle pour tous les Alg\u00e9riens. Nous invitons les lecteurs de ce blog \u00e0 soutenir les initiatives de r\u00e9conciliation et \u00e0 promouvoir la paix et l&#8217;harmonie entre les communaut\u00e9s religieuses en Alg\u00e9rie.<\/p>\n<div style=\"background:#f8f9fa;border-left:4px solid #0066cc;border-radius:6px;padding:20px 24px;margin:32px 0;\">\n<p style=\"font-size:13px;color:#888;text-transform:uppercase;letter-spacing:0.8px;margin:0 0 6px 0;\">Vous pourriez aussi aimer<\/p>\n<h3 style=\"font-size:18px;margin:0 0 14px 0;color:#222;\">Articles similaires<\/h3>\n<ul style=\"margin:0;padding-left:20px;list-style:disc;\">\n<li style=\"margin-bottom:10px;\"><a href=\"https:\/\/monmaghreb.com\/index.php\/2026\/03\/12\/pape-leon-xiv-visite-lalgerie-les-evenements-symboliques-du-voyage\/\" style=\"color:#0066cc;text-decoration:none;font-weight:500;\" title=\"Pape L\u00e9on XIV visite l&#8217;Alg\u00e9rie : les \u00e9v\u00e9nements symboliques du voyage\">Pape L\u00e9on XIV visite l&#8217;Alg\u00e9rie : les \u00e9v\u00e9nements symboliques du voyage<\/a><\/li>\n<li style=\"margin-bottom:10px;\"><a href=\"https:\/\/monmaghreb.com\/index.php\/2026\/03\/12\/voyage-algerie-tunisie-nouvelles-lignes-de-bus-annoncees\/\" style=\"color:#0066cc;text-decoration:none;font-weight:500;\" title=\"Voyage Alg\u00e9rie-Tunisie : Nouvelles lignes de bus annonc\u00e9es\">Voyage Alg\u00e9rie-Tunisie : Nouvelles lignes de bus annonc\u00e9es<\/a><\/li>\n<li style=\"margin-bottom:10px;\"><a href=\"https:\/\/monmaghreb.com\/index.php\/2026\/03\/11\/voyage-musical-en-algerie-avec-lensemble-josquin-des-pres-itineraire-et-programmation\/\" style=\"color:#0066cc;text-decoration:none;font-weight:500;\" title=\"Voyage musical en Alg\u00e9rie avec l&#8217;ensemble Josquin des Pr\u00e9s : itin\u00e9raire et programmation\">Voyage musical en Alg\u00e9rie avec l&#8217;ensemble Josquin des Pr\u00e9s : itin\u00e9raire et programmation<\/a><\/li>\n<li style=\"margin-bottom:10px;\"><a href=\"https:\/\/monmaghreb.com\/index.php\/2026\/03\/07\/les-plages-les-plus-belles-dalgerie-a-visiter-cet-ete\/\" style=\"color:#0066cc;text-decoration:none;font-weight:500;\" title=\"Les plages les plus belles d&#8217;Alg\u00e9rie \u00e0 visiter cet \u00e9t\u00e9\">Les plages les plus belles d&#8217;Alg\u00e9rie \u00e0 visiter cet \u00e9t\u00e9<\/a><\/li>\n<li style=\"margin-bottom:10px;\"><a href=\"https:\/\/monmaghreb.com\/index.php\/2026\/03\/10\/restitution-memorielle-les-armes-de-lemir-abdelkader-bientot-de-retour-en-algerie\/\" style=\"color:#0066cc;text-decoration:none;font-weight:500;\" title=\"Restitution M\u00e9morielle : Les Armes de l\u2019\u00c9mir Abdelkader Bient\u00f4t de Retour en Alg\u00e9rie\">Restitution M\u00e9morielle : Les Armes de l\u2019\u00c9mir Abdelkader Bient\u00f4t de Retour en Alg\u00e9rie<\/a><\/li>\n<\/ul>\n<\/div>\n<p><\/body><br \/>\n<\/html><\/p>\n","protected":false},"excerpt":{"rendered":"<p>Voyage de reconciliation et d&#8217;\u00e9volution spirituelle du Pape L\u00e9on XIV en Alg\u00e9rie en 1661, suivi par le Pape Fran\u00e7ois en 2019. Appel \u00e0 la paix et \u00e0 l&#8217;harmonie.<\/p>\n","protected":false},"author":1,"featured_media":1132,"comment_status":"closed","ping_status":"open","sticky":false,"template":"","format":"standard","meta":{"_yoast_wpseo_focuskw":"p\u00e8lerinage historique du Pape L\u00e9on XIV en Alg\u00e9rie","_yoast_wpseo_title":"Le p\u00e8lerinage historique du Pape L\u00e9on XIV en Alg\u00e9rie : un vo","_yoast_wpseo_metadesc":"Voyage de reconciliation et d'\u00e9volution spirituelle du Pape L\u00e9on XIV en Alg\u00e9rie en 1661, suivi par le Pape Fran\u00e7ois en 2019. Appel \u00e0 la paix et \u00e0 l'harmonie.","_yoast_wpseo_canonical":"","_yoast_wpseo_opengraph-title":"Le p\u00e8lerinage historique du Pape L\u00e9on XIV en Alg\u00e9rie : un voyage de reconciliation et d'\u00e9volution spirituelle","_yoast_wpseo_opengraph-description":"Voyage de reconciliation et d'\u00e9volution spirituelle du Pape L\u00e9on XIV en Alg\u00e9rie en 1661, suivi par le Pape Fran\u00e7ois en 2019. Appel \u00e0 la paix et \u00e0 l'harmonie.","_yoast_wpseo_opengraph-image":"","tdm_status":"","tdm_grid_status":"","footnotes":""},"categories":[652],"tags":[45,64,866,118,797],"class_list":["post-1133","post","type-post","status-publish","format-standard","has-post-thumbnail","hentry","category-histoire-patrimoine","tag-culture-tunisienne","tag-algerie","tag-catholique","tag-histoire","tag-religion"],"yoast_head":"<!-- This site is optimized with the Yoast SEO plugin v27.4 - https:\/\/yoast.com\/product\/yoast-seo-wordpress\/ -->\n<title>Le p\u00e8lerinage historique du Pape L\u00e9on XIV en Alg\u00e9rie : un vo<\/title>\n<meta name=\"description\" content=\"Voyage de reconciliation et d&#039;\u00e9volution spirituelle du Pape L\u00e9on XIV en Alg\u00e9rie en 1661, suivi par le Pape Fran\u00e7ois en 2019. Appel \u00e0 la paix et \u00e0 l&#039;harmonie.\" \/>\n<meta name=\"robots\" content=\"index, follow, max-snippet:-1, max-image-preview:large, max-video-preview:-1\" \/>\n<link rel=\"canonical\" href=\"https:\/\/monmaghreb.com\/index.php\/2026\/03\/13\/le-pelerinage-historique-du-pape-leon-xiv-en-algerie-un-voyage-de-reconciliation-et-devolution-spirituelle\/\" \/>\n<meta property=\"og:locale\" content=\"en_US\" \/>\n<meta property=\"og:type\" content=\"article\" \/>\n<meta property=\"og:title\" content=\"Le p\u00e8lerinage historique du Pape L\u00e9on XIV en Alg\u00e9rie : un voyage de reconciliation et d&#039;\u00e9volution spirituelle\" \/>\n<meta property=\"og:description\" content=\"Voyage de reconciliation et d&#039;\u00e9volution spirituelle du Pape L\u00e9on XIV en Alg\u00e9rie en 1661, suivi par le Pape Fran\u00e7ois en 2019. Appel \u00e0 la paix et \u00e0 l&#039;harmonie.\" \/>\n<meta property=\"og:url\" content=\"https:\/\/monmaghreb.com\/index.php\/2026\/03\/13\/le-pelerinage-historique-du-pape-leon-xiv-en-algerie-un-voyage-de-reconciliation-et-devolution-spirituelle\/\" \/>\n<meta property=\"og:site_name\" content=\"Mon Maghreb\" \/>\n<meta property=\"article:author\" content=\"https:\/\/www.facebook.com\/monmaghrebcom\" \/>\n<meta property=\"article:published_time\" content=\"2026-03-13T16:58:13+00:00\" \/>\n<meta property=\"article:modified_time\" content=\"2026-03-13T16:58:18+00:00\" \/>\n<meta property=\"og:image\" content=\"https:\/\/monmaghreb.com\/wp-content\/uploads\/2026\/03\/featured-90.jpg\" \/>\n\t<meta property=\"og:image:width\" content=\"1880\" \/>\n\t<meta property=\"og:image:height\" content=\"1253\" \/>\n\t<meta property=\"og:image:type\" content=\"image\/jpeg\" \/>\n<meta name=\"author\" content=\"LaMagh\" \/>\n<meta name=\"twitter:card\" content=\"summary_large_image\" \/>\n<meta name=\"twitter:creator\" content=\"@MMaghreb50977\" \/>\n<meta name=\"twitter:label1\" content=\"Written by\" \/>\n\t<meta name=\"twitter:data1\" content=\"LaMagh\" \/>\n\t<meta name=\"twitter:label2\" content=\"Est. reading time\" \/>\n\t<meta name=\"twitter:data2\" content=\"6 minutes\" \/>\n<script type=\"application\/ld+json\" class=\"yoast-schema-graph\">{\"@context\":\"https:\\\/\\\/schema.org\",\"@graph\":[{\"@type\":\"Article\",\"@id\":\"https:\\\/\\\/monmaghreb.com\\\/index.php\\\/2026\\\/03\\\/13\\\/le-pelerinage-historique-du-pape-leon-xiv-en-algerie-un-voyage-de-reconciliation-et-devolution-spirituelle\\\/#article\",\"isPartOf\":{\"@id\":\"https:\\\/\\\/monmaghreb.com\\\/index.php\\\/2026\\\/03\\\/13\\\/le-pelerinage-historique-du-pape-leon-xiv-en-algerie-un-voyage-de-reconciliation-et-devolution-spirituelle\\\/\"},\"author\":{\"name\":\"LaMagh\",\"@id\":\"http:\\\/\\\/monmaghreb.com\\\/#\\\/schema\\\/person\\\/c469a89dc8c6b8987dcb438b1200d054\"},\"headline\":\"Le p\u00e8lerinage historique du Pape L\u00e9on XIV en Alg\u00e9rie : un voyage de reconciliation et d&#8217;\u00e9volution spirituelle\",\"datePublished\":\"2026-03-13T16:58:13+00:00\",\"dateModified\":\"2026-03-13T16:58:18+00:00\",\"mainEntityOfPage\":{\"@id\":\"https:\\\/\\\/monmaghreb.com\\\/index.php\\\/2026\\\/03\\\/13\\\/le-pelerinage-historique-du-pape-leon-xiv-en-algerie-un-voyage-de-reconciliation-et-devolution-spirituelle\\\/\"},\"wordCount\":1212,\"publisher\":{\"@id\":\"http:\\\/\\\/monmaghreb.com\\\/#organization\"},\"image\":{\"@id\":\"https:\\\/\\\/monmaghreb.com\\\/index.php\\\/2026\\\/03\\\/13\\\/le-pelerinage-historique-du-pape-leon-xiv-en-algerie-un-voyage-de-reconciliation-et-devolution-spirituelle\\\/#primaryimage\"},\"thumbnailUrl\":\"https:\\\/\\\/monmaghreb.com\\\/wp-content\\\/uploads\\\/2026\\\/03\\\/featured-90.jpg\",\"keywords\":[\"\\\"culture tunisienne\\\"\",\"Alg\u00e9rie\",\"catholique\",\"Histoire\",\"religion\"],\"articleSection\":[\"Histoire &amp; Patrimoine\"],\"inLanguage\":\"en-US\"},{\"@type\":\"WebPage\",\"@id\":\"https:\\\/\\\/monmaghreb.com\\\/index.php\\\/2026\\\/03\\\/13\\\/le-pelerinage-historique-du-pape-leon-xiv-en-algerie-un-voyage-de-reconciliation-et-devolution-spirituelle\\\/\",\"url\":\"https:\\\/\\\/monmaghreb.com\\\/index.php\\\/2026\\\/03\\\/13\\\/le-pelerinage-historique-du-pape-leon-xiv-en-algerie-un-voyage-de-reconciliation-et-devolution-spirituelle\\\/\",\"name\":\"Le p\u00e8lerinage historique du Pape L\u00e9on XIV en Alg\u00e9rie : un vo\",\"isPartOf\":{\"@id\":\"http:\\\/\\\/monmaghreb.com\\\/#website\"},\"primaryImageOfPage\":{\"@id\":\"https:\\\/\\\/monmaghreb.com\\\/index.php\\\/2026\\\/03\\\/13\\\/le-pelerinage-historique-du-pape-leon-xiv-en-algerie-un-voyage-de-reconciliation-et-devolution-spirituelle\\\/#primaryimage\"},\"image\":{\"@id\":\"https:\\\/\\\/monmaghreb.com\\\/index.php\\\/2026\\\/03\\\/13\\\/le-pelerinage-historique-du-pape-leon-xiv-en-algerie-un-voyage-de-reconciliation-et-devolution-spirituelle\\\/#primaryimage\"},\"thumbnailUrl\":\"https:\\\/\\\/monmaghreb.com\\\/wp-content\\\/uploads\\\/2026\\\/03\\\/featured-90.jpg\",\"datePublished\":\"2026-03-13T16:58:13+00:00\",\"dateModified\":\"2026-03-13T16:58:18+00:00\",\"description\":\"Voyage de reconciliation et d'\u00e9volution spirituelle du Pape L\u00e9on XIV en Alg\u00e9rie en 1661, suivi par le Pape Fran\u00e7ois en 2019. Appel \u00e0 la paix et \u00e0 l'harmonie.\",\"breadcrumb\":{\"@id\":\"https:\\\/\\\/monmaghreb.com\\\/index.php\\\/2026\\\/03\\\/13\\\/le-pelerinage-historique-du-pape-leon-xiv-en-algerie-un-voyage-de-reconciliation-et-devolution-spirituelle\\\/#breadcrumb\"},\"inLanguage\":\"en-US\",\"potentialAction\":[{\"@type\":\"ReadAction\",\"target\":[\"https:\\\/\\\/monmaghreb.com\\\/index.php\\\/2026\\\/03\\\/13\\\/le-pelerinage-historique-du-pape-leon-xiv-en-algerie-un-voyage-de-reconciliation-et-devolution-spirituelle\\\/\"]}]},{\"@type\":\"ImageObject\",\"inLanguage\":\"en-US\",\"@id\":\"https:\\\/\\\/monmaghreb.com\\\/index.php\\\/2026\\\/03\\\/13\\\/le-pelerinage-historique-du-pape-leon-xiv-en-algerie-un-voyage-de-reconciliation-et-devolution-spirituelle\\\/#primaryimage\",\"url\":\"https:\\\/\\\/monmaghreb.com\\\/wp-content\\\/uploads\\\/2026\\\/03\\\/featured-90.jpg\",\"contentUrl\":\"https:\\\/\\\/monmaghreb.com\\\/wp-content\\\/uploads\\\/2026\\\/03\\\/featured-90.jpg\",\"width\":1880,\"height\":1253,\"caption\":\"P\u00e8lerinage historique du Pape L\u00e9on XIV en Alg\u00e9rie : le Pape Fran\u00e7ois visite l'Alg\u00e9rie\"},{\"@type\":\"BreadcrumbList\",\"@id\":\"https:\\\/\\\/monmaghreb.com\\\/index.php\\\/2026\\\/03\\\/13\\\/le-pelerinage-historique-du-pape-leon-xiv-en-algerie-un-voyage-de-reconciliation-et-devolution-spirituelle\\\/#breadcrumb\",\"itemListElement\":[{\"@type\":\"ListItem\",\"position\":1,\"name\":\"Home\",\"item\":\"http:\\\/\\\/monmaghreb.com\\\/\"},{\"@type\":\"ListItem\",\"position\":2,\"name\":\"Le p\u00e8lerinage historique du Pape L\u00e9on XIV en Alg\u00e9rie : un voyage de reconciliation et d&#8217;\u00e9volution spirituelle\"}]},{\"@type\":\"WebSite\",\"@id\":\"http:\\\/\\\/monmaghreb.com\\\/#website\",\"url\":\"http:\\\/\\\/monmaghreb.com\\\/\",\"name\":\"Mon Maghreb\",\"description\":\"MonMaghreb United\",\"publisher\":{\"@id\":\"http:\\\/\\\/monmaghreb.com\\\/#organization\"},\"alternateName\":\"Le Monde du Maghreb et au del\u00e0\",\"potentialAction\":[{\"@type\":\"SearchAction\",\"target\":{\"@type\":\"EntryPoint\",\"urlTemplate\":\"http:\\\/\\\/monmaghreb.com\\\/?s={search_term_string}\"},\"query-input\":{\"@type\":\"PropertyValueSpecification\",\"valueRequired\":true,\"valueName\":\"search_term_string\"}}],\"inLanguage\":\"en-US\"},{\"@type\":\"Organization\",\"@id\":\"http:\\\/\\\/monmaghreb.com\\\/#organization\",\"name\":\"Mon Maghreb\",\"url\":\"http:\\\/\\\/monmaghreb.com\\\/\",\"logo\":{\"@type\":\"ImageObject\",\"inLanguage\":\"en-US\",\"@id\":\"http:\\\/\\\/monmaghreb.com\\\/#\\\/schema\\\/logo\\\/image\\\/\",\"url\":\"https:\\\/\\\/monmaghreb.com\\\/wp-content\\\/uploads\\\/2025\\\/12\\\/Mon_Maghreb_Logo.jpg\",\"contentUrl\":\"https:\\\/\\\/monmaghreb.com\\\/wp-content\\\/uploads\\\/2025\\\/12\\\/Mon_Maghreb_Logo.jpg\",\"width\":814,\"height\":374,\"caption\":\"Mon Maghreb\"},\"image\":{\"@id\":\"http:\\\/\\\/monmaghreb.com\\\/#\\\/schema\\\/logo\\\/image\\\/\"}},{\"@type\":\"Person\",\"@id\":\"http:\\\/\\\/monmaghreb.com\\\/#\\\/schema\\\/person\\\/c469a89dc8c6b8987dcb438b1200d054\",\"name\":\"LaMagh\",\"image\":{\"@type\":\"ImageObject\",\"inLanguage\":\"en-US\",\"@id\":\"https:\\\/\\\/secure.gravatar.com\\\/avatar\\\/399d8144bd55fba55e056779aca52fe528bac7911f6449e54d81173d6dfd7f0a?s=96&d=mm&r=g\",\"url\":\"https:\\\/\\\/secure.gravatar.com\\\/avatar\\\/399d8144bd55fba55e056779aca52fe528bac7911f6449e54d81173d6dfd7f0a?s=96&d=mm&r=g\",\"contentUrl\":\"https:\\\/\\\/secure.gravatar.com\\\/avatar\\\/399d8144bd55fba55e056779aca52fe528bac7911f6449e54d81173d6dfd7f0a?s=96&d=mm&r=g\",\"caption\":\"LaMagh\"},\"sameAs\":[\"https:\\\/\\\/monmaghreb.com\",\"https:\\\/\\\/www.facebook.com\\\/monmaghrebcom\",\"https:\\\/\\\/x.com\\\/MMaghreb50977\"],\"url\":\"https:\\\/\\\/monmaghreb.com\\\/index.php\\\/author\\\/lamagh\\\/\"}]}<\/script>\n<!-- \/ Yoast SEO plugin. -->","yoast_head_json":{"title":"Le p\u00e8lerinage historique du Pape L\u00e9on XIV en Alg\u00e9rie : un vo","description":"Voyage de reconciliation et d'\u00e9volution spirituelle du Pape L\u00e9on XIV en Alg\u00e9rie en 1661, suivi par le Pape Fran\u00e7ois en 2019. Appel \u00e0 la paix et \u00e0 l'harmonie.","robots":{"index":"index","follow":"follow","max-snippet":"max-snippet:-1","max-image-preview":"max-image-preview:large","max-video-preview":"max-video-preview:-1"},"canonical":"https:\/\/monmaghreb.com\/index.php\/2026\/03\/13\/le-pelerinage-historique-du-pape-leon-xiv-en-algerie-un-voyage-de-reconciliation-et-devolution-spirituelle\/","og_locale":"en_US","og_type":"article","og_title":"Le p\u00e8lerinage historique du Pape L\u00e9on XIV en Alg\u00e9rie : un voyage de reconciliation et d'\u00e9volution spirituelle","og_description":"Voyage de reconciliation et d'\u00e9volution spirituelle du Pape L\u00e9on XIV en Alg\u00e9rie en 1661, suivi par le Pape Fran\u00e7ois en 2019. Appel \u00e0 la paix et \u00e0 l'harmonie.","og_url":"https:\/\/monmaghreb.com\/index.php\/2026\/03\/13\/le-pelerinage-historique-du-pape-leon-xiv-en-algerie-un-voyage-de-reconciliation-et-devolution-spirituelle\/","og_site_name":"Mon Maghreb","article_author":"https:\/\/www.facebook.com\/monmaghrebcom","article_published_time":"2026-03-13T16:58:13+00:00","article_modified_time":"2026-03-13T16:58:18+00:00","og_image":[{"width":1880,"height":1253,"url":"https:\/\/monmaghreb.com\/wp-content\/uploads\/2026\/03\/featured-90.jpg","type":"image\/jpeg"}],"author":"LaMagh","twitter_card":"summary_large_image","twitter_creator":"@MMaghreb50977","twitter_misc":{"Written by":"LaMagh","Est. reading time":"6 minutes"},"schema":{"@context":"https:\/\/schema.org","@graph":[{"@type":"Article","@id":"https:\/\/monmaghreb.com\/index.php\/2026\/03\/13\/le-pelerinage-historique-du-pape-leon-xiv-en-algerie-un-voyage-de-reconciliation-et-devolution-spirituelle\/#article","isPartOf":{"@id":"https:\/\/monmaghreb.com\/index.php\/2026\/03\/13\/le-pelerinage-historique-du-pape-leon-xiv-en-algerie-un-voyage-de-reconciliation-et-devolution-spirituelle\/"},"author":{"name":"LaMagh","@id":"http:\/\/monmaghreb.com\/#\/schema\/person\/c469a89dc8c6b8987dcb438b1200d054"},"headline":"Le p\u00e8lerinage historique du Pape L\u00e9on XIV en Alg\u00e9rie : un voyage de reconciliation et d&#8217;\u00e9volution spirituelle","datePublished":"2026-03-13T16:58:13+00:00","dateModified":"2026-03-13T16:58:18+00:00","mainEntityOfPage":{"@id":"https:\/\/monmaghreb.com\/index.php\/2026\/03\/13\/le-pelerinage-historique-du-pape-leon-xiv-en-algerie-un-voyage-de-reconciliation-et-devolution-spirituelle\/"},"wordCount":1212,"publisher":{"@id":"http:\/\/monmaghreb.com\/#organization"},"image":{"@id":"https:\/\/monmaghreb.com\/index.php\/2026\/03\/13\/le-pelerinage-historique-du-pape-leon-xiv-en-algerie-un-voyage-de-reconciliation-et-devolution-spirituelle\/#primaryimage"},"thumbnailUrl":"https:\/\/monmaghreb.com\/wp-content\/uploads\/2026\/03\/featured-90.jpg","keywords":["\"culture tunisienne\"","Alg\u00e9rie","catholique","Histoire","religion"],"articleSection":["Histoire &amp; Patrimoine"],"inLanguage":"en-US"},{"@type":"WebPage","@id":"https:\/\/monmaghreb.com\/index.php\/2026\/03\/13\/le-pelerinage-historique-du-pape-leon-xiv-en-algerie-un-voyage-de-reconciliation-et-devolution-spirituelle\/","url":"https:\/\/monmaghreb.com\/index.php\/2026\/03\/13\/le-pelerinage-historique-du-pape-leon-xiv-en-algerie-un-voyage-de-reconciliation-et-devolution-spirituelle\/","name":"Le p\u00e8lerinage historique du Pape L\u00e9on XIV en Alg\u00e9rie : un vo","isPartOf":{"@id":"http:\/\/monmaghreb.com\/#website"},"primaryImageOfPage":{"@id":"https:\/\/monmaghreb.com\/index.php\/2026\/03\/13\/le-pelerinage-historique-du-pape-leon-xiv-en-algerie-un-voyage-de-reconciliation-et-devolution-spirituelle\/#primaryimage"},"image":{"@id":"https:\/\/monmaghreb.com\/index.php\/2026\/03\/13\/le-pelerinage-historique-du-pape-leon-xiv-en-algerie-un-voyage-de-reconciliation-et-devolution-spirituelle\/#primaryimage"},"thumbnailUrl":"https:\/\/monmaghreb.com\/wp-content\/uploads\/2026\/03\/featured-90.jpg","datePublished":"2026-03-13T16:58:13+00:00","dateModified":"2026-03-13T16:58:18+00:00","description":"Voyage de reconciliation et d'\u00e9volution spirituelle du Pape L\u00e9on XIV en Alg\u00e9rie en 1661, suivi par le Pape Fran\u00e7ois en 2019. Appel \u00e0 la paix et \u00e0 l'harmonie.","breadcrumb":{"@id":"https:\/\/monmaghreb.com\/index.php\/2026\/03\/13\/le-pelerinage-historique-du-pape-leon-xiv-en-algerie-un-voyage-de-reconciliation-et-devolution-spirituelle\/#breadcrumb"},"inLanguage":"en-US","potentialAction":[{"@type":"ReadAction","target":["https:\/\/monmaghreb.com\/index.php\/2026\/03\/13\/le-pelerinage-historique-du-pape-leon-xiv-en-algerie-un-voyage-de-reconciliation-et-devolution-spirituelle\/"]}]},{"@type":"ImageObject","inLanguage":"en-US","@id":"https:\/\/monmaghreb.com\/index.php\/2026\/03\/13\/le-pelerinage-historique-du-pape-leon-xiv-en-algerie-un-voyage-de-reconciliation-et-devolution-spirituelle\/#primaryimage","url":"https:\/\/monmaghreb.com\/wp-content\/uploads\/2026\/03\/featured-90.jpg","contentUrl":"https:\/\/monmaghreb.com\/wp-content\/uploads\/2026\/03\/featured-90.jpg","width":1880,"height":1253,"caption":"P\u00e8lerinage historique du Pape L\u00e9on XIV en Alg\u00e9rie : le Pape Fran\u00e7ois visite l'Alg\u00e9rie"},{"@type":"BreadcrumbList","@id":"https:\/\/monmaghreb.com\/index.php\/2026\/03\/13\/le-pelerinage-historique-du-pape-leon-xiv-en-algerie-un-voyage-de-reconciliation-et-devolution-spirituelle\/#breadcrumb","itemListElement":[{"@type":"ListItem","position":1,"name":"Home","item":"http:\/\/monmaghreb.com\/"},{"@type":"ListItem","position":2,"name":"Le p\u00e8lerinage historique du Pape L\u00e9on XIV en Alg\u00e9rie : un voyage de reconciliation et d&#8217;\u00e9volution spirituelle"}]},{"@type":"WebSite","@id":"http:\/\/monmaghreb.com\/#website","url":"http:\/\/monmaghreb.com\/","name":"Mon Maghreb","description":"MonMaghreb United","publisher":{"@id":"http:\/\/monmaghreb.com\/#organization"},"alternateName":"Le Monde du Maghreb et au del\u00e0","potentialAction":[{"@type":"SearchAction","target":{"@type":"EntryPoint","urlTemplate":"http:\/\/monmaghreb.com\/?s={search_term_string}"},"query-input":{"@type":"PropertyValueSpecification","valueRequired":true,"valueName":"search_term_string"}}],"inLanguage":"en-US"},{"@type":"Organization","@id":"http:\/\/monmaghreb.com\/#organization","name":"Mon Maghreb","url":"http:\/\/monmaghreb.com\/","logo":{"@type":"ImageObject","inLanguage":"en-US","@id":"http:\/\/monmaghreb.com\/#\/schema\/logo\/image\/","url":"https:\/\/monmaghreb.com\/wp-content\/uploads\/2025\/12\/Mon_Maghreb_Logo.jpg","contentUrl":"https:\/\/monmaghreb.com\/wp-content\/uploads\/2025\/12\/Mon_Maghreb_Logo.jpg","width":814,"height":374,"caption":"Mon Maghreb"},"image":{"@id":"http:\/\/monmaghreb.com\/#\/schema\/logo\/image\/"}},{"@type":"Person","@id":"http:\/\/monmaghreb.com\/#\/schema\/person\/c469a89dc8c6b8987dcb438b1200d054","name":"LaMagh","image":{"@type":"ImageObject","inLanguage":"en-US","@id":"https:\/\/secure.gravatar.com\/avatar\/399d8144bd55fba55e056779aca52fe528bac7911f6449e54d81173d6dfd7f0a?s=96&d=mm&r=g","url":"https:\/\/secure.gravatar.com\/avatar\/399d8144bd55fba55e056779aca52fe528bac7911f6449e54d81173d6dfd7f0a?s=96&d=mm&r=g","contentUrl":"https:\/\/secure.gravatar.com\/avatar\/399d8144bd55fba55e056779aca52fe528bac7911f6449e54d81173d6dfd7f0a?s=96&d=mm&r=g","caption":"LaMagh"},"sameAs":["https:\/\/monmaghreb.com","https:\/\/www.facebook.com\/monmaghrebcom","https:\/\/x.com\/MMaghreb50977"],"url":"https:\/\/monmaghreb.com\/index.php\/author\/lamagh\/"}]}},"_links":{"self":[{"href":"https:\/\/monmaghreb.com\/index.php\/wp-json\/wp\/v2\/posts\/1133","targetHints":{"allow":["GET"]}}],"collection":[{"href":"https:\/\/monmaghreb.com\/index.php\/wp-json\/wp\/v2\/posts"}],"about":[{"href":"https:\/\/monmaghreb.com\/index.php\/wp-json\/wp\/v2\/types\/post"}],"author":[{"embeddable":true,"href":"https:\/\/monmaghreb.com\/index.php\/wp-json\/wp\/v2\/users\/1"}],"replies":[{"embeddable":true,"href":"https:\/\/monmaghreb.com\/index.php\/wp-json\/wp\/v2\/comments?post=1133"}],"version-history":[{"count":1,"href":"https:\/\/monmaghreb.com\/index.php\/wp-json\/wp\/v2\/posts\/1133\/revisions"}],"predecessor-version":[{"id":1135,"href":"https:\/\/monmaghreb.com\/index.php\/wp-json\/wp\/v2\/posts\/1133\/revisions\/1135"}],"wp:featuredmedia":[{"embeddable":true,"href":"https:\/\/monmaghreb.com\/index.php\/wp-json\/wp\/v2\/media\/1132"}],"wp:attachment":[{"href":"https:\/\/monmaghreb.com\/index.php\/wp-json\/wp\/v2\/media?parent=1133"}],"wp:term":[{"taxonomy":"category","embeddable":true,"href":"https:\/\/monmaghreb.com\/index.php\/wp-json\/wp\/v2\/categories?post=1133"},{"taxonomy":"post_tag","embeddable":true,"href":"https:\/\/monmaghreb.com\/index.php\/wp-json\/wp\/v2\/tags?post=1133"}],"curies":[{"name":"wp","href":"https:\/\/api.w.org\/{rel}","templated":true}]}}