{"id":1166,"date":"2026-03-14T14:05:07","date_gmt":"2026-03-14T14:05:07","guid":{"rendered":"https:\/\/monmaghreb.com\/index.php\/2026\/03\/14\/le-maroc-lance-officiellement-le-label-musee-du-maroc-une-nouvelle-etape-pour-la-conservation-et-la-promotion-de-notre-patrimoine-culturel\/"},"modified":"2026-03-14T14:05:09","modified_gmt":"2026-03-14T14:05:09","slug":"le-maroc-lance-officiellement-le-label-musee-du-maroc-une-nouvelle-etape-pour-la-conservation-et-la-promotion-de-notre-patrimoine-culturel","status":"publish","type":"post","link":"https:\/\/monmaghreb.com\/index.php\/2026\/03\/14\/le-maroc-lance-officiellement-le-label-musee-du-maroc-une-nouvelle-etape-pour-la-conservation-et-la-promotion-de-notre-patrimoine-culturel\/","title":{"rendered":"Le Maroc lance officiellement le label \u00ab Mus\u00e9e du Maroc \u00bb : une nouvelle \u00e9tape pour la conservation et la promotion de notre patrimoine culturel"},"content":{"rendered":"<p><html lang='fr'><br \/>\n<head><br \/>\n <meta charset='UTF-8'><br \/>\n <title>Le Maroc lance officiellement le label \u00ab Mus\u00e9e du Maroc \u00bb<\/title><br \/>\n<\/head><br \/>\n<body><\/p>\n<h1>Le Maroc lance officiellement le label \u00ab Mus\u00e9e du Maroc \u00bb : une nouvelle \u00e9tape pour la conservation et la promotion de notre <a href=\"https:\/\/monmaghreb.com\/index.php\/2026\/03\/11\/ait-ben-haddou-la-medievale-cite-marocaine-au-coeur-du-patrimoine-culturel\/\" title=\"Ait Ben Haddou : la m\u00e9di\u00e9vale cit\u00e9 marocaine au c\u0153ur du patrimoine culturel\">patrimoine<\/a> culturel<\/h1>\n<p>Le Maroc, un pays riche en histoire et en culture, s&#8217;enorgueillit d&#8217;une diversit\u00e9 extraordinaire d&#8217;\u00e9l\u00e9ments patrimoniaux. Depuis de nombreuses ann\u00e9es, le pays a \u00e9t\u00e9 engag\u00e9 dans la protection et la promotion de ce patrimoine, en faisant des investissements substantiels dans la restauration de sites historiques, la cr\u00e9ation de mus\u00e9es et la diffusion d&#8217;informations sur notre histoire et notre culture. Les mus\u00e9es, tels que le Mus\u00e9e du Bardo \u00e0 Rabat, le Mus\u00e9e d&#8217;Art Moderne de Marrakech ou le Mus\u00e9e de Marrakech, ont jou\u00e9 un r\u00f4le cl\u00e9 dans la pr\u00e9servation et la promotion de notre patrimoine culturel.<\/p>\n<h2>Qu&#8217;est-ce que le label \u00ab Mus\u00e9e du Maroc \u00bb ?<\/h2>\n<p>Le label \u00ab Mus\u00e9e du Maroc \u00bb est une initiative gouvernementale lanc\u00e9e en avril 2021 pour reconna\u00eetre et soutenir les mus\u00e9es et institutions culturelles qui contribuent de mani\u00e8re significative \u00e0 la conservation et \u00e0 la promotion du patrimoine marocain. Ce label a pour but de renforcer la coh\u00e9rence et la qualit\u00e9 des services offerts par les institutions culturelles marocaines, de promouvoir leur visibilit\u00e9 \u00e0 l&#8217;\u00e9chelle nationale et internationale et de soutenir leur d\u00e9veloppement durable. Le label \u00ab Mus\u00e9e du Maroc \u00bb est un moyen de r\u00e9compenser les institutions culturelles qui se d\u00e9marquent par leur qualit\u00e9 et leur contribution au patrimoine culturel marocain.<\/p>\n<h2>Quels sont les crit\u00e8res d&#8217;\u00e9ligibilit\u00e9 pour obtenir le label \u00ab Mus\u00e9e du Maroc \u00bb ?<\/h2>\n<p>Pour obtenir le label \u00ab Mus\u00e9e du Maroc \u00bb, les institutions culturelles doivent remplir certaines conditions \u00e9l\u00e9mentaires, telles que poss\u00e9der un patrimoine culturel remarquable, avoir une \u00e9quipe comp\u00e9tente et un plan de d\u00e9veloppement durable, ainsi que des installations appropri\u00e9es pour la conservation et l&#8217;exposition de leurs collections. Les institutions culturelles doivent \u00e9galement d\u00e9montrer leur capacit\u00e9 \u00e0 offrir des services de qualit\u00e9, tels que des expositions, des concerts, des ateliers, etc. Les institutions culturelles qui r\u00e9pondent \u00e0 ces crit\u00e8res peuvent \u00eatre \u00e9ligibles pour obtenir le label \u00ab Mus\u00e9e du Maroc \u00bb.<\/p>\n<h2>Quels sont les avantages pour les institutions culturelles marocaines qui re\u00e7oivent le label \u00ab Mus\u00e9e du Maroc \u00bb ?<\/h2>\n<p>Les institutions culturelles qui re\u00e7oivent le label \u00ab Mus\u00e9e du Maroc \u00bb b\u00e9n\u00e9ficient de plusieurs avantages, comme un soutien financier, une promotion accrue, une assistance technique pour la gestion de leurs collections et une participation \u00e0 des \u00e9v\u00e9nements culturels nationaux et internationaux. Les institutions culturelles peuvent \u00e9galement b\u00e9n\u00e9ficier d&#8217;une visibilit\u00e9 accrue \u00e0 l&#8217;\u00e9chelle nationale et internationale, ce qui peut aider \u00e0 attirer de nouveaux visiteurs et \u00e0 renforcer leur position dans le pays.<\/p>\n<h2>Quels sont les objectifs de cette initiative ?<\/h2>\n<p>Les objectifs de l&#8217;initiative du label \u00ab Mus\u00e9e du Maroc \u00bb sont de renforcer la coh\u00e9rence et la qualit\u00e9 des services offerts par les institutions culturelles marocaines, de promouvoir leur visibilit\u00e9 \u00e0 l&#8217;\u00e9chelle nationale et internationale et de soutenir leur d\u00e9veloppement durable. De plus, cette initiative a pour but de contribuer \u00e0 la pr\u00e9servation et \u00e0 la promotion du patrimoine culturel marocain et \u00e0 la stimulation de la recherche et de la compr\u00e9hension de notre histoire et de notre culture.<\/p>\n<h2>Qu&#8217;est-ce que l&#8217;on peut faire ?<\/h2>\n<p>Le label \u00ab Mus\u00e9e du Maroc \u00bb est une nouvelle \u00e9tape dans la protection et la promotion du patrimoine culturel marocain. En tant que lecteurs maghr\u00e9bins de la diaspora, nous pouvons contribuer \u00e0 ce projet en soutenant nos mus\u00e9es et institutions culturelles, en visitant leurs expositions et en partageant nos exp\u00e9riences avec d&#8217;autres. En soutenant nos institutions culturelles marocaines, nous contribuons \u00e0 leur d\u00e9veloppement durable et \u00e0 la pr\u00e9servation de notre patrimoine culturel. Nous pouvons \u00e9galement partager nos connaissances et nos comp\u00e9tences avec les institutions culturelles marocaines, ce qui peut aider \u00e0 leur d\u00e9veloppement et \u00e0 la pr\u00e9servation de notre patrimoine culturel.<\/p>\n<h2>Conclusion<\/h2>\n<p>En r\u00e9sum\u00e9, le label \u00ab Mus\u00e9e du Maroc \u00bb est une initiative gouvernementale qui vise \u00e0 reconna\u00eetre et \u00e0 soutenir les mus\u00e9es et institutions culturelles qui contribuent de mani\u00e8re significative \u00e0 la conservation et \u00e0 la promotion du patrimoine marocain. Cette initiative a pour but de renforcer la coh\u00e9rence et la qualit\u00e9 des services offerts par les institutions culturelles marocaines, de promouvoir leur visibilit\u00e9 \u00e0 l&#8217;\u00e9chelle nationale et internationale et de soutenir leur d\u00e9veloppement durable. En tant que lecteurs maghr\u00e9bins de la diaspora, nous pouvons contribuer \u00e0 ce projet en soutenant nos mus\u00e9es et institutions culturelles, en visitant leurs expositions et en partageant nos exp\u00e9riences avec d&#8217;autres.<\/p>\n<div style=\"background:#f8f9fa;border-left:4px solid #0066cc;border-radius:6px;padding:20px 24px;margin:32px 0;\">\n<p style=\"font-size:13px;color:#888;text-transform:uppercase;letter-spacing:0.8px;margin:0 0 6px 0;\">Vous pourriez aussi aimer<\/p>\n<h3 style=\"font-size:18px;margin:0 0 14px 0;color:#222;\">Articles similaires<\/h3>\n<ul style=\"margin:0;padding-left:20px;list-style:disc;\">\n<li style=\"margin-bottom:10px;\"><a href=\"https:\/\/monmaghreb.com\/index.php\/2026\/03\/11\/ait-ben-haddou-la-medievale-cite-marocaine-au-coeur-du-patrimoine-culturel\/\" style=\"color:#0066cc;text-decoration:none;font-weight:500;\" title=\"Ait Ben Haddou : la m\u00e9di\u00e9vale cit\u00e9 marocaine au c\u0153ur du patrimoine culturel\">Ait Ben Haddou : la m\u00e9di\u00e9vale cit\u00e9 marocaine au c\u0153ur du patrimoine culturel<\/a><\/li>\n<li style=\"margin-bottom:10px;\"><a href=\"https:\/\/monmaghreb.com\/index.php\/2026\/03\/10\/le-pouvoir-des-oulemas-et-la-reforme-du-droit-familial-au-maroc-une-etape-decisive-vers-legalite-et-la-justice\/\" style=\"color:#0066cc;text-decoration:none;font-weight:500;\" title=\"Le pouvoir des Oul\u00e9mas et la r\u00e9forme du droit familial au Maroc : une \u00e9tape d\u00e9cisive vers l&#8217;\u00e9galit\u00e9 et la justice\">Le pouvoir des Oul\u00e9mas et la r\u00e9forme du droit familial au Maroc : une \u00e9tape d\u00e9cisive vers l&#8217;\u00e9galit\u00e9 et la justice<\/a><\/li>\n<li style=\"margin-bottom:10px;\"><a href=\"https:\/\/monmaghreb.com\/index.php\/2026\/03\/08\/le-maroc-nouveau-rival-du-tourisme-du-maghreb-en-france-en-2025-un-appel-aux-lecteurs-de-la-diaspora\/\" style=\"color:#0066cc;text-decoration:none;font-weight:500;\" title=\"Le Maroc, nouveau rival du tourisme du Maghreb en France en 2025 : un appel aux lecteurs de la diaspora\">Le Maroc, nouveau rival du tourisme du Maghreb en France en 2025 : un appel aux lecteurs de la diaspora<\/a><\/li>\n<li style=\"margin-bottom:10px;\"><a href=\"https:\/\/monmaghreb.com\/index.php\/2026\/03\/08\/le-traditionnel-henne-au-maroc-signification-et-rituels-un-rappel-pour-nos-lecteurs-maghrebins-de-la-diaspora\/\" style=\"color:#0066cc;text-decoration:none;font-weight:500;\" title=\"Le Traditionnel Henn\u00e9 au Maroc : Signification et Rituels &#8211; Un Rappel pour Nos Lecteurs Maghr\u00e9bins de la Diaspora\">Le Traditionnel Henn\u00e9 au Maroc : Signification et Rituels &#8211; Un Rappel pour Nos Lecteurs Maghr\u00e9bins de la Diaspora<\/a><\/li>\n<li style=\"margin-bottom:10px;\"><a href=\"https:\/\/monmaghreb.com\/index.php\/2026\/03\/08\/musique-chaabi-algerienne-histoire-et-artistes-incontournables\/\" style=\"color:#0066cc;text-decoration:none;font-weight:500;\" title=\"Musique chaabi alg\u00e9rienne : histoire et artistes incontournables\">Musique chaabi alg\u00e9rienne : histoire et artistes incontournables<\/a><\/li>\n<\/ul>\n<\/div>\n<p><\/body><br \/>\n<\/html><\/p>\n","protected":false},"excerpt":{"rendered":"<p>Discover the launch of the &#8216;Museum of Morocco&#8217; label, a new step for preserving and promoting Morocco&#8217;s rich cultural heritage. \ud83c\uddf2\ud83c\udde6\ud83c\udfdb\ufe0f<\/p>\n","protected":false},"author":1,"featured_media":1165,"comment_status":"closed","ping_status":"open","sticky":false,"template":"","format":"standard","meta":{"_yoast_wpseo_focuskw":"Maroc Museum Label","_yoast_wpseo_title":"Le Maroc lance officiellement le label \u00ab Mus\u00e9e du Maroc \u00bb :","_yoast_wpseo_metadesc":"Discover the launch of the 'Museum of Morocco' label, a new step for preserving and promoting Morocco's rich cultural heritage. \ud83c\uddf2\ud83c\udde6\ud83c\udfdb\ufe0f","_yoast_wpseo_canonical":"","_yoast_wpseo_opengraph-title":"Le Maroc lance officiellement le label \u00ab Mus\u00e9e du Maroc \u00bb : une nouvelle \u00e9tape pour la conservation et la promotion de notre patrimoine culturel","_yoast_wpseo_opengraph-description":"Discover the launch of the 'Museum of Morocco' label, a new step for preserving and promoting Morocco's rich cultural heritage. \ud83c\uddf2\ud83c\udde6\ud83c\udfdb\ufe0f","_yoast_wpseo_opengraph-image":"","tdm_status":"","tdm_grid_status":"","footnotes":""},"categories":[652],"tags":[773,118,893,894,219],"class_list":["post-1166","post","type-post","status-publish","format-standard","has-post-thumbnail","hentry","category-histoire-patrimoine","tag-communion-diaspora","tag-histoire","tag-maroc-culture","tag-museum","tag-patrimoine"],"yoast_head":"<!-- This site is optimized with the Yoast SEO plugin v27.5 - https:\/\/yoast.com\/product\/yoast-seo-wordpress\/ -->\n<title>Le Maroc lance officiellement le label \u00ab Mus\u00e9e du Maroc \u00bb :<\/title>\n<meta name=\"description\" content=\"Discover the launch of the &#039;Museum of Morocco&#039; label, a new step for preserving and promoting Morocco&#039;s rich cultural heritage. \ud83c\uddf2\ud83c\udde6\ud83c\udfdb\ufe0f\" \/>\n<meta name=\"robots\" content=\"index, follow, max-snippet:-1, max-image-preview:large, max-video-preview:-1\" \/>\n<link rel=\"canonical\" href=\"https:\/\/monmaghreb.com\/index.php\/2026\/03\/14\/le-maroc-lance-officiellement-le-label-musee-du-maroc-une-nouvelle-etape-pour-la-conservation-et-la-promotion-de-notre-patrimoine-culturel\/\" \/>\n<meta property=\"og:locale\" content=\"en_US\" \/>\n<meta property=\"og:type\" content=\"article\" \/>\n<meta property=\"og:title\" content=\"Le Maroc lance officiellement le label \u00ab Mus\u00e9e du Maroc \u00bb : une nouvelle \u00e9tape pour la conservation et la promotion de notre patrimoine culturel\" \/>\n<meta property=\"og:description\" content=\"Discover the launch of the &#039;Museum of Morocco&#039; label, a new step for preserving and promoting Morocco&#039;s rich cultural heritage. \ud83c\uddf2\ud83c\udde6\ud83c\udfdb\ufe0f\" \/>\n<meta property=\"og:url\" content=\"https:\/\/monmaghreb.com\/index.php\/2026\/03\/14\/le-maroc-lance-officiellement-le-label-musee-du-maroc-une-nouvelle-etape-pour-la-conservation-et-la-promotion-de-notre-patrimoine-culturel\/\" \/>\n<meta property=\"og:site_name\" content=\"Mon Maghreb\" \/>\n<meta property=\"article:author\" content=\"https:\/\/www.facebook.com\/monmaghrebcom\" \/>\n<meta property=\"article:published_time\" content=\"2026-03-14T14:05:07+00:00\" \/>\n<meta property=\"article:modified_time\" content=\"2026-03-14T14:05:09+00:00\" \/>\n<meta property=\"og:image\" content=\"https:\/\/monmaghreb.com\/wp-content\/uploads\/2026\/03\/featured-101.jpg\" \/>\n\t<meta property=\"og:image:width\" content=\"1733\" \/>\n\t<meta property=\"og:image:height\" content=\"1300\" \/>\n\t<meta property=\"og:image:type\" content=\"image\/jpeg\" \/>\n<meta name=\"author\" content=\"LaMagh\" \/>\n<meta name=\"twitter:card\" content=\"summary_large_image\" \/>\n<meta name=\"twitter:creator\" content=\"@MMaghreb50977\" \/>\n<meta name=\"twitter:label1\" content=\"Written by\" \/>\n\t<meta name=\"twitter:data1\" content=\"LaMagh\" \/>\n\t<meta name=\"twitter:label2\" content=\"Est. reading time\" \/>\n\t<meta name=\"twitter:data2\" content=\"4 minutes\" \/>\n<script type=\"application\/ld+json\" class=\"yoast-schema-graph\">{\"@context\":\"https:\\\/\\\/schema.org\",\"@graph\":[{\"@type\":\"Article\",\"@id\":\"https:\\\/\\\/monmaghreb.com\\\/index.php\\\/2026\\\/03\\\/14\\\/le-maroc-lance-officiellement-le-label-musee-du-maroc-une-nouvelle-etape-pour-la-conservation-et-la-promotion-de-notre-patrimoine-culturel\\\/#article\",\"isPartOf\":{\"@id\":\"https:\\\/\\\/monmaghreb.com\\\/index.php\\\/2026\\\/03\\\/14\\\/le-maroc-lance-officiellement-le-label-musee-du-maroc-une-nouvelle-etape-pour-la-conservation-et-la-promotion-de-notre-patrimoine-culturel\\\/\"},\"author\":{\"name\":\"LaMagh\",\"@id\":\"http:\\\/\\\/monmaghreb.com\\\/#\\\/schema\\\/person\\\/c469a89dc8c6b8987dcb438b1200d054\"},\"headline\":\"Le Maroc lance officiellement le label \u00ab Mus\u00e9e du Maroc \u00bb : une nouvelle \u00e9tape pour la conservation et la promotion de notre patrimoine culturel\",\"datePublished\":\"2026-03-14T14:05:07+00:00\",\"dateModified\":\"2026-03-14T14:05:09+00:00\",\"mainEntityOfPage\":{\"@id\":\"https:\\\/\\\/monmaghreb.com\\\/index.php\\\/2026\\\/03\\\/14\\\/le-maroc-lance-officiellement-le-label-musee-du-maroc-une-nouvelle-etape-pour-la-conservation-et-la-promotion-de-notre-patrimoine-culturel\\\/\"},\"wordCount\":884,\"publisher\":{\"@id\":\"http:\\\/\\\/monmaghreb.com\\\/#organization\"},\"image\":{\"@id\":\"https:\\\/\\\/monmaghreb.com\\\/index.php\\\/2026\\\/03\\\/14\\\/le-maroc-lance-officiellement-le-label-musee-du-maroc-une-nouvelle-etape-pour-la-conservation-et-la-promotion-de-notre-patrimoine-culturel\\\/#primaryimage\"},\"thumbnailUrl\":\"https:\\\/\\\/monmaghreb.com\\\/wp-content\\\/uploads\\\/2026\\\/03\\\/featured-101.jpg\",\"keywords\":[\"communion diaspora\",\"Histoire\",\"maroc culture\",\"museum\",\"Patrimoine\"],\"articleSection\":[\"Histoire &amp; Patrimoine\"],\"inLanguage\":\"en-US\"},{\"@type\":\"WebPage\",\"@id\":\"https:\\\/\\\/monmaghreb.com\\\/index.php\\\/2026\\\/03\\\/14\\\/le-maroc-lance-officiellement-le-label-musee-du-maroc-une-nouvelle-etape-pour-la-conservation-et-la-promotion-de-notre-patrimoine-culturel\\\/\",\"url\":\"https:\\\/\\\/monmaghreb.com\\\/index.php\\\/2026\\\/03\\\/14\\\/le-maroc-lance-officiellement-le-label-musee-du-maroc-une-nouvelle-etape-pour-la-conservation-et-la-promotion-de-notre-patrimoine-culturel\\\/\",\"name\":\"Le Maroc lance officiellement le label \u00ab Mus\u00e9e du Maroc \u00bb :\",\"isPartOf\":{\"@id\":\"http:\\\/\\\/monmaghreb.com\\\/#website\"},\"primaryImageOfPage\":{\"@id\":\"https:\\\/\\\/monmaghreb.com\\\/index.php\\\/2026\\\/03\\\/14\\\/le-maroc-lance-officiellement-le-label-musee-du-maroc-une-nouvelle-etape-pour-la-conservation-et-la-promotion-de-notre-patrimoine-culturel\\\/#primaryimage\"},\"image\":{\"@id\":\"https:\\\/\\\/monmaghreb.com\\\/index.php\\\/2026\\\/03\\\/14\\\/le-maroc-lance-officiellement-le-label-musee-du-maroc-une-nouvelle-etape-pour-la-conservation-et-la-promotion-de-notre-patrimoine-culturel\\\/#primaryimage\"},\"thumbnailUrl\":\"https:\\\/\\\/monmaghreb.com\\\/wp-content\\\/uploads\\\/2026\\\/03\\\/featured-101.jpg\",\"datePublished\":\"2026-03-14T14:05:07+00:00\",\"dateModified\":\"2026-03-14T14:05:09+00:00\",\"description\":\"Discover the launch of the 'Museum of Morocco' label, a new step for preserving and promoting Morocco's rich cultural heritage. \ud83c\uddf2\ud83c\udde6\ud83c\udfdb\ufe0f\",\"breadcrumb\":{\"@id\":\"https:\\\/\\\/monmaghreb.com\\\/index.php\\\/2026\\\/03\\\/14\\\/le-maroc-lance-officiellement-le-label-musee-du-maroc-une-nouvelle-etape-pour-la-conservation-et-la-promotion-de-notre-patrimoine-culturel\\\/#breadcrumb\"},\"inLanguage\":\"en-US\",\"potentialAction\":[{\"@type\":\"ReadAction\",\"target\":[\"https:\\\/\\\/monmaghreb.com\\\/index.php\\\/2026\\\/03\\\/14\\\/le-maroc-lance-officiellement-le-label-musee-du-maroc-une-nouvelle-etape-pour-la-conservation-et-la-promotion-de-notre-patrimoine-culturel\\\/\"]}]},{\"@type\":\"ImageObject\",\"inLanguage\":\"en-US\",\"@id\":\"https:\\\/\\\/monmaghreb.com\\\/index.php\\\/2026\\\/03\\\/14\\\/le-maroc-lance-officiellement-le-label-musee-du-maroc-une-nouvelle-etape-pour-la-conservation-et-la-promotion-de-notre-patrimoine-culturel\\\/#primaryimage\",\"url\":\"https:\\\/\\\/monmaghreb.com\\\/wp-content\\\/uploads\\\/2026\\\/03\\\/featured-101.jpg\",\"contentUrl\":\"https:\\\/\\\/monmaghreb.com\\\/wp-content\\\/uploads\\\/2026\\\/03\\\/featured-101.jpg\",\"width\":1733,\"height\":1300,\"caption\":\"Official launch of the Museum of Morocco, showcasing Moroccan artifacts and culture\"},{\"@type\":\"BreadcrumbList\",\"@id\":\"https:\\\/\\\/monmaghreb.com\\\/index.php\\\/2026\\\/03\\\/14\\\/le-maroc-lance-officiellement-le-label-musee-du-maroc-une-nouvelle-etape-pour-la-conservation-et-la-promotion-de-notre-patrimoine-culturel\\\/#breadcrumb\",\"itemListElement\":[{\"@type\":\"ListItem\",\"position\":1,\"name\":\"Home\",\"item\":\"http:\\\/\\\/monmaghreb.com\\\/\"},{\"@type\":\"ListItem\",\"position\":2,\"name\":\"Le Maroc lance officiellement le label \u00ab Mus\u00e9e du Maroc \u00bb : une nouvelle \u00e9tape pour la conservation et la promotion de notre patrimoine culturel\"}]},{\"@type\":\"WebSite\",\"@id\":\"http:\\\/\\\/monmaghreb.com\\\/#website\",\"url\":\"http:\\\/\\\/monmaghreb.com\\\/\",\"name\":\"Mon Maghreb\",\"description\":\"MonMaghreb United\",\"publisher\":{\"@id\":\"http:\\\/\\\/monmaghreb.com\\\/#organization\"},\"alternateName\":\"Le Monde du Maghreb et au del\u00e0\",\"potentialAction\":[{\"@type\":\"SearchAction\",\"target\":{\"@type\":\"EntryPoint\",\"urlTemplate\":\"http:\\\/\\\/monmaghreb.com\\\/?s={search_term_string}\"},\"query-input\":{\"@type\":\"PropertyValueSpecification\",\"valueRequired\":true,\"valueName\":\"search_term_string\"}}],\"inLanguage\":\"en-US\"},{\"@type\":\"Organization\",\"@id\":\"http:\\\/\\\/monmaghreb.com\\\/#organization\",\"name\":\"Mon Maghreb\",\"url\":\"http:\\\/\\\/monmaghreb.com\\\/\",\"logo\":{\"@type\":\"ImageObject\",\"inLanguage\":\"en-US\",\"@id\":\"http:\\\/\\\/monmaghreb.com\\\/#\\\/schema\\\/logo\\\/image\\\/\",\"url\":\"https:\\\/\\\/monmaghreb.com\\\/wp-content\\\/uploads\\\/2025\\\/12\\\/Mon_Maghreb_Logo.jpg\",\"contentUrl\":\"https:\\\/\\\/monmaghreb.com\\\/wp-content\\\/uploads\\\/2025\\\/12\\\/Mon_Maghreb_Logo.jpg\",\"width\":814,\"height\":374,\"caption\":\"Mon Maghreb\"},\"image\":{\"@id\":\"http:\\\/\\\/monmaghreb.com\\\/#\\\/schema\\\/logo\\\/image\\\/\"}},{\"@type\":\"Person\",\"@id\":\"http:\\\/\\\/monmaghreb.com\\\/#\\\/schema\\\/person\\\/c469a89dc8c6b8987dcb438b1200d054\",\"name\":\"LaMagh\",\"image\":{\"@type\":\"ImageObject\",\"inLanguage\":\"en-US\",\"@id\":\"https:\\\/\\\/secure.gravatar.com\\\/avatar\\\/399d8144bd55fba55e056779aca52fe528bac7911f6449e54d81173d6dfd7f0a?s=96&d=mm&r=g\",\"url\":\"https:\\\/\\\/secure.gravatar.com\\\/avatar\\\/399d8144bd55fba55e056779aca52fe528bac7911f6449e54d81173d6dfd7f0a?s=96&d=mm&r=g\",\"contentUrl\":\"https:\\\/\\\/secure.gravatar.com\\\/avatar\\\/399d8144bd55fba55e056779aca52fe528bac7911f6449e54d81173d6dfd7f0a?s=96&d=mm&r=g\",\"caption\":\"LaMagh\"},\"sameAs\":[\"https:\\\/\\\/monmaghreb.com\",\"https:\\\/\\\/www.facebook.com\\\/monmaghrebcom\",\"https:\\\/\\\/x.com\\\/MMaghreb50977\"],\"url\":\"https:\\\/\\\/monmaghreb.com\\\/index.php\\\/author\\\/lamagh\\\/\"}]}<\/script>\n<!-- \/ Yoast SEO plugin. -->","yoast_head_json":{"title":"Le Maroc lance officiellement le label \u00ab Mus\u00e9e du Maroc \u00bb :","description":"Discover the launch of the 'Museum of Morocco' label, a new step for preserving and promoting Morocco's rich cultural heritage. \ud83c\uddf2\ud83c\udde6\ud83c\udfdb\ufe0f","robots":{"index":"index","follow":"follow","max-snippet":"max-snippet:-1","max-image-preview":"max-image-preview:large","max-video-preview":"max-video-preview:-1"},"canonical":"https:\/\/monmaghreb.com\/index.php\/2026\/03\/14\/le-maroc-lance-officiellement-le-label-musee-du-maroc-une-nouvelle-etape-pour-la-conservation-et-la-promotion-de-notre-patrimoine-culturel\/","og_locale":"en_US","og_type":"article","og_title":"Le Maroc lance officiellement le label \u00ab Mus\u00e9e du Maroc \u00bb : une nouvelle \u00e9tape pour la conservation et la promotion de notre patrimoine culturel","og_description":"Discover the launch of the 'Museum of Morocco' label, a new step for preserving and promoting Morocco's rich cultural heritage. \ud83c\uddf2\ud83c\udde6\ud83c\udfdb\ufe0f","og_url":"https:\/\/monmaghreb.com\/index.php\/2026\/03\/14\/le-maroc-lance-officiellement-le-label-musee-du-maroc-une-nouvelle-etape-pour-la-conservation-et-la-promotion-de-notre-patrimoine-culturel\/","og_site_name":"Mon Maghreb","article_author":"https:\/\/www.facebook.com\/monmaghrebcom","article_published_time":"2026-03-14T14:05:07+00:00","article_modified_time":"2026-03-14T14:05:09+00:00","og_image":[{"width":1733,"height":1300,"url":"https:\/\/monmaghreb.com\/wp-content\/uploads\/2026\/03\/featured-101.jpg","type":"image\/jpeg"}],"author":"LaMagh","twitter_card":"summary_large_image","twitter_creator":"@MMaghreb50977","twitter_misc":{"Written by":"LaMagh","Est. reading time":"4 minutes"},"schema":{"@context":"https:\/\/schema.org","@graph":[{"@type":"Article","@id":"https:\/\/monmaghreb.com\/index.php\/2026\/03\/14\/le-maroc-lance-officiellement-le-label-musee-du-maroc-une-nouvelle-etape-pour-la-conservation-et-la-promotion-de-notre-patrimoine-culturel\/#article","isPartOf":{"@id":"https:\/\/monmaghreb.com\/index.php\/2026\/03\/14\/le-maroc-lance-officiellement-le-label-musee-du-maroc-une-nouvelle-etape-pour-la-conservation-et-la-promotion-de-notre-patrimoine-culturel\/"},"author":{"name":"LaMagh","@id":"http:\/\/monmaghreb.com\/#\/schema\/person\/c469a89dc8c6b8987dcb438b1200d054"},"headline":"Le Maroc lance officiellement le label \u00ab Mus\u00e9e du Maroc \u00bb : une nouvelle \u00e9tape pour la conservation et la promotion de notre patrimoine culturel","datePublished":"2026-03-14T14:05:07+00:00","dateModified":"2026-03-14T14:05:09+00:00","mainEntityOfPage":{"@id":"https:\/\/monmaghreb.com\/index.php\/2026\/03\/14\/le-maroc-lance-officiellement-le-label-musee-du-maroc-une-nouvelle-etape-pour-la-conservation-et-la-promotion-de-notre-patrimoine-culturel\/"},"wordCount":884,"publisher":{"@id":"http:\/\/monmaghreb.com\/#organization"},"image":{"@id":"https:\/\/monmaghreb.com\/index.php\/2026\/03\/14\/le-maroc-lance-officiellement-le-label-musee-du-maroc-une-nouvelle-etape-pour-la-conservation-et-la-promotion-de-notre-patrimoine-culturel\/#primaryimage"},"thumbnailUrl":"https:\/\/monmaghreb.com\/wp-content\/uploads\/2026\/03\/featured-101.jpg","keywords":["communion diaspora","Histoire","maroc culture","museum","Patrimoine"],"articleSection":["Histoire &amp; Patrimoine"],"inLanguage":"en-US"},{"@type":"WebPage","@id":"https:\/\/monmaghreb.com\/index.php\/2026\/03\/14\/le-maroc-lance-officiellement-le-label-musee-du-maroc-une-nouvelle-etape-pour-la-conservation-et-la-promotion-de-notre-patrimoine-culturel\/","url":"https:\/\/monmaghreb.com\/index.php\/2026\/03\/14\/le-maroc-lance-officiellement-le-label-musee-du-maroc-une-nouvelle-etape-pour-la-conservation-et-la-promotion-de-notre-patrimoine-culturel\/","name":"Le Maroc lance officiellement le label \u00ab Mus\u00e9e du Maroc \u00bb :","isPartOf":{"@id":"http:\/\/monmaghreb.com\/#website"},"primaryImageOfPage":{"@id":"https:\/\/monmaghreb.com\/index.php\/2026\/03\/14\/le-maroc-lance-officiellement-le-label-musee-du-maroc-une-nouvelle-etape-pour-la-conservation-et-la-promotion-de-notre-patrimoine-culturel\/#primaryimage"},"image":{"@id":"https:\/\/monmaghreb.com\/index.php\/2026\/03\/14\/le-maroc-lance-officiellement-le-label-musee-du-maroc-une-nouvelle-etape-pour-la-conservation-et-la-promotion-de-notre-patrimoine-culturel\/#primaryimage"},"thumbnailUrl":"https:\/\/monmaghreb.com\/wp-content\/uploads\/2026\/03\/featured-101.jpg","datePublished":"2026-03-14T14:05:07+00:00","dateModified":"2026-03-14T14:05:09+00:00","description":"Discover the launch of the 'Museum of Morocco' label, a new step for preserving and promoting Morocco's rich cultural heritage. \ud83c\uddf2\ud83c\udde6\ud83c\udfdb\ufe0f","breadcrumb":{"@id":"https:\/\/monmaghreb.com\/index.php\/2026\/03\/14\/le-maroc-lance-officiellement-le-label-musee-du-maroc-une-nouvelle-etape-pour-la-conservation-et-la-promotion-de-notre-patrimoine-culturel\/#breadcrumb"},"inLanguage":"en-US","potentialAction":[{"@type":"ReadAction","target":["https:\/\/monmaghreb.com\/index.php\/2026\/03\/14\/le-maroc-lance-officiellement-le-label-musee-du-maroc-une-nouvelle-etape-pour-la-conservation-et-la-promotion-de-notre-patrimoine-culturel\/"]}]},{"@type":"ImageObject","inLanguage":"en-US","@id":"https:\/\/monmaghreb.com\/index.php\/2026\/03\/14\/le-maroc-lance-officiellement-le-label-musee-du-maroc-une-nouvelle-etape-pour-la-conservation-et-la-promotion-de-notre-patrimoine-culturel\/#primaryimage","url":"https:\/\/monmaghreb.com\/wp-content\/uploads\/2026\/03\/featured-101.jpg","contentUrl":"https:\/\/monmaghreb.com\/wp-content\/uploads\/2026\/03\/featured-101.jpg","width":1733,"height":1300,"caption":"Official launch of the Museum of Morocco, showcasing Moroccan artifacts and culture"},{"@type":"BreadcrumbList","@id":"https:\/\/monmaghreb.com\/index.php\/2026\/03\/14\/le-maroc-lance-officiellement-le-label-musee-du-maroc-une-nouvelle-etape-pour-la-conservation-et-la-promotion-de-notre-patrimoine-culturel\/#breadcrumb","itemListElement":[{"@type":"ListItem","position":1,"name":"Home","item":"http:\/\/monmaghreb.com\/"},{"@type":"ListItem","position":2,"name":"Le Maroc lance officiellement le label \u00ab Mus\u00e9e du Maroc \u00bb : une nouvelle \u00e9tape pour la conservation et la promotion de notre patrimoine culturel"}]},{"@type":"WebSite","@id":"http:\/\/monmaghreb.com\/#website","url":"http:\/\/monmaghreb.com\/","name":"Mon Maghreb","description":"MonMaghreb United","publisher":{"@id":"http:\/\/monmaghreb.com\/#organization"},"alternateName":"Le Monde du Maghreb et au del\u00e0","potentialAction":[{"@type":"SearchAction","target":{"@type":"EntryPoint","urlTemplate":"http:\/\/monmaghreb.com\/?s={search_term_string}"},"query-input":{"@type":"PropertyValueSpecification","valueRequired":true,"valueName":"search_term_string"}}],"inLanguage":"en-US"},{"@type":"Organization","@id":"http:\/\/monmaghreb.com\/#organization","name":"Mon Maghreb","url":"http:\/\/monmaghreb.com\/","logo":{"@type":"ImageObject","inLanguage":"en-US","@id":"http:\/\/monmaghreb.com\/#\/schema\/logo\/image\/","url":"https:\/\/monmaghreb.com\/wp-content\/uploads\/2025\/12\/Mon_Maghreb_Logo.jpg","contentUrl":"https:\/\/monmaghreb.com\/wp-content\/uploads\/2025\/12\/Mon_Maghreb_Logo.jpg","width":814,"height":374,"caption":"Mon Maghreb"},"image":{"@id":"http:\/\/monmaghreb.com\/#\/schema\/logo\/image\/"}},{"@type":"Person","@id":"http:\/\/monmaghreb.com\/#\/schema\/person\/c469a89dc8c6b8987dcb438b1200d054","name":"LaMagh","image":{"@type":"ImageObject","inLanguage":"en-US","@id":"https:\/\/secure.gravatar.com\/avatar\/399d8144bd55fba55e056779aca52fe528bac7911f6449e54d81173d6dfd7f0a?s=96&d=mm&r=g","url":"https:\/\/secure.gravatar.com\/avatar\/399d8144bd55fba55e056779aca52fe528bac7911f6449e54d81173d6dfd7f0a?s=96&d=mm&r=g","contentUrl":"https:\/\/secure.gravatar.com\/avatar\/399d8144bd55fba55e056779aca52fe528bac7911f6449e54d81173d6dfd7f0a?s=96&d=mm&r=g","caption":"LaMagh"},"sameAs":["https:\/\/monmaghreb.com","https:\/\/www.facebook.com\/monmaghrebcom","https:\/\/x.com\/MMaghreb50977"],"url":"https:\/\/monmaghreb.com\/index.php\/author\/lamagh\/"}]}},"_links":{"self":[{"href":"https:\/\/monmaghreb.com\/index.php\/wp-json\/wp\/v2\/posts\/1166","targetHints":{"allow":["GET"]}}],"collection":[{"href":"https:\/\/monmaghreb.com\/index.php\/wp-json\/wp\/v2\/posts"}],"about":[{"href":"https:\/\/monmaghreb.com\/index.php\/wp-json\/wp\/v2\/types\/post"}],"author":[{"embeddable":true,"href":"https:\/\/monmaghreb.com\/index.php\/wp-json\/wp\/v2\/users\/1"}],"replies":[{"embeddable":true,"href":"https:\/\/monmaghreb.com\/index.php\/wp-json\/wp\/v2\/comments?post=1166"}],"version-history":[{"count":1,"href":"https:\/\/monmaghreb.com\/index.php\/wp-json\/wp\/v2\/posts\/1166\/revisions"}],"predecessor-version":[{"id":1167,"href":"https:\/\/monmaghreb.com\/index.php\/wp-json\/wp\/v2\/posts\/1166\/revisions\/1167"}],"wp:featuredmedia":[{"embeddable":true,"href":"https:\/\/monmaghreb.com\/index.php\/wp-json\/wp\/v2\/media\/1165"}],"wp:attachment":[{"href":"https:\/\/monmaghreb.com\/index.php\/wp-json\/wp\/v2\/media?parent=1166"}],"wp:term":[{"taxonomy":"category","embeddable":true,"href":"https:\/\/monmaghreb.com\/index.php\/wp-json\/wp\/v2\/categories?post=1166"},{"taxonomy":"post_tag","embeddable":true,"href":"https:\/\/monmaghreb.com\/index.php\/wp-json\/wp\/v2\/tags?post=1166"}],"curies":[{"name":"wp","href":"https:\/\/api.w.org\/{rel}","templated":true}]}}