{"id":1178,"date":"2026-03-14T18:27:35","date_gmt":"2026-03-14T18:27:35","guid":{"rendered":"https:\/\/monmaghreb.com\/index.php\/2026\/03\/14\/aid-el-fitr-a-lyon-la-grande-mosquee-repond-aux-questions-des-musulmans-de-la-diaspora-maghrebine-en-fin-de-ramadan-2026\/"},"modified":"2026-03-18T04:33:16","modified_gmt":"2026-03-18T04:33:16","slug":"aid-el-fitr-a-lyon-la-grande-mosquee-repond-aux-questions-des-musulmans-de-la-diaspora-maghrebine-en-fin-de-ramadan-2026","status":"publish","type":"post","link":"https:\/\/monmaghreb.com\/index.php\/2026\/03\/14\/aid-el-fitr-a-lyon-la-grande-mosquee-repond-aux-questions-des-musulmans-de-la-diaspora-maghrebine-en-fin-de-ramadan-2026\/","title":{"rendered":"Aid el-Fitr \u00e0 Lyon : la Grande Mosqu\u00e9e r\u00e9pond aux questions des musulmans de la diaspora Maghr\u00e9bine en fin de Ramadan 2026"},"content":{"rendered":"<p><!DOCTYPE html><br \/>\n<html lang='fr'><br \/>\n<head><br \/>\n\t<meta charset='UTF-8'><br \/>\n\t<title>Aid el-Fitr \u00e0 Lyon : la Grande Mosqu\u00e9e r\u00e9pond \u00e0 la confusion des musulmans pour la fin du <a href=\"https:\/\/monmaghreb.com\/index.php\/2026\/03\/12\/ramadan-2026-decouvrez-la-date-de-laid-el-fitr-et-la-fin-du-jeune-revelee-par-la-grande-mosquee-de-paris\/\" title=\"Ramadan 2026 : D\u00e9couvrez la date de l&#8217;A\u00efd el Fitr et la fin du je\u00fbne r\u00e9v\u00e9l\u00e9e par la Grande Mosqu\u00e9e de Paris\">ramadan<\/a> 2026<\/title><br \/>\n<\/head><br \/>\n<body><\/p>\n<h1>Aid el-Fitr \u00e0 Lyon : la Grande Mosqu\u00e9e r\u00e9pond aux questions des musulmans de la diaspora Maghr\u00e9bine en fin de Ramadan 2026<\/h1>\n<p>\t<script type=\"application\/ld+json\">\n{\n  \"@context\": \"https:\/\/schema.org\/\",\n  \"@type\": \"Recipe\",\n  \"name\": \"Aid el-Fitr \u00e0 Lyon : la Grande Mosqu\u00e9e r\u00e9pond aux questions des musulmans de la diaspora Maghr\u00e9bine en fin de Ramadan 2026\",\n  \"description\": \"\",\n  \"prepTime\": \"PT30M\",\n  \"cookTime\": \"PT30M\",\n  \"totalTime\": \"PT30M\",\n  \"recipeYield\": \"4 servings\",\n  \"recipeIngredient\": [],\n  \"recipeInstructions\": [],\n  \"recipeCategory\": \"Main Course\",\n  \"recipeCuisine\": \"Maghrebi\",\n  \"keywords\": \"\",\n  \"datePublished\": \"2026-03-14\",\n  \"author\": {\n    \"@type\": \"Organization\",\n    \"name\": \"\"\n  }\n}\n<\/script><\/p>\n<p>La fin du ramadan est une p\u00e9riode de grande importance pour la communaut\u00e9 musulmane de la diaspora Maghr\u00e9bine \u00e0 Lyon. C&#8217;est une \u00e9poque de r\u00e9flexion, de gratitude et de c\u00e9l\u00e9bration. Cependant, pour de nombreux musulmans, la fin du ramadan peut \u00e9galement \u00eatre une p\u00e9riode de confusion, notamment en ce qui concerne les rites et les traditions associ\u00e9s \u00e0 l&#8217;Aid el-Fitr. Cette ann\u00e9e, la Grande Mosqu\u00e9e de Lyon est l\u00e0 pour vous aider \u00e0 trouver des r\u00e9ponses \u00e0 vos questions.<\/p>\n<h2>Quand aura-t-il lieu l&#8217;Aid el-Fitr ?<\/h2>\n<p>La date de l&#8217;Aid el-Fitr d\u00e9pend de la derni\u00e8re observation de la lune. Les observateurs traditionnels de la lune, tels que la Grande Mosqu\u00e9e de Lyon, feront une d\u00e9claration publique pour signaler la date exacte. Il est important de noter que la date de l&#8217;Aid el-Fitr peut varier d&#8217;un pays \u00e0 l&#8217;autre en raison de diff\u00e9rences dans la m\u00e9thode de d\u00e9tection de la lune et les diff\u00e9rences de longueur de journ\u00e9es. Cette ann\u00e9e, le 16 ao\u00fbt 2026 est la date pr\u00e9vue pour l&#8217;Aid el-Fitr, mais cela peut varier en fonction de la derni\u00e8re observation de la lune.<\/p>\n<p>La Grande Mosqu\u00e9e de Lyon invite les musulmans de la diaspora Maghr\u00e9bine \u00e0 Lyon \u00e0 surveiller ses r\u00e9seaux sociaux et son site web pour obtenir les informations les plus \u00e0 jour sur la date de l&#8217;Aid el-Fitr et les rites associ\u00e9s.<\/p>\n<h2>Quels sont les rites \u00e0 suivre lors de l&#8217;Aid el-Fitr ?<\/h2>\n<p>L&#8217;Aid el-Fitr est une f\u00eate qui marque la fin du ramadan. Les rites de l&#8217;Aid el-Fitr sont nombreux et vari\u00e9s, mais ils ont tous en commun de c\u00e9l\u00e9brer la fin du je\u00fbne et la r\u00e9conciliation avec les autres.<\/p>\n<p>Les rites de l&#8217;Aid el-Fitr incluent un ablution sp\u00e9ciale, un je\u00fbne facultatif, une pri\u00e8re sp\u00e9ciale et un repas communautaire. Pour le je\u00fbne facultatif, il est recommand\u00e9 de ne pas manger avant la pri\u00e8re de l&#8217;Aid el-Fitr, qui aura lieu dans la premi\u00e8re moiti\u00e9 du matin. Les femmes et les enfants peuvent \u00e9galement se joindre \u00e0 la pri\u00e8re, mais ne sont pas oblig\u00e9s de je\u00fbner.<\/p>\n<p>La pri\u00e8re de l&#8217;Aid el-Fitr se compose de trois rakats de pri\u00e8res, avec l&#8217;ajout de certaines suppliques particuli\u00e8res. Les musulmans sont invit\u00e9s \u00e0 se r\u00e9unir dans la mosqu\u00e9e pour prier ensemble et \u00e0 partager un repas communautaire.<\/p>\n<h2>Comment s&#8217;organisera-t-il le repas communautaire ?<\/h2>\n<p>Le repas communautaire de l&#8217;Aid el-Fitr est une occasion pour la communaut\u00e9 musulmane de se r\u00e9unir et de c\u00e9l\u00e9brer la fin du ramadan ensemble. La Grande Mosqu\u00e9e de Lyon organise des repas communautaires \u00e0 travers la ville, o\u00f9 les participants pourront partager un repas traditionnel, y compris des dates et des fruits sucr\u00e9s, et participer \u00e0 des activit\u00e9s culturelles et religieuses.<\/p>\n<p>Les repas communautaires sont \u00e9galement une occasion pour les musulmans de la diaspora Maghr\u00e9bine \u00e0 Lyon de se r\u00e9unir et de partager leurs exp\u00e9riences et leurs traditions avec les autres.<\/p>\n<h2>Quel est le r\u00f4le de la Grande Mosqu\u00e9e de Lyon ?<\/h2>\n<p>La Grande Mosqu\u00e9e de Lyon est une organisation sans but lucratif qui a pour mission de soutenir les musulmans de la diaspora Maghr\u00e9bine \u00e0 Lyon. Elle offre des services et des informations, y compris des horaires de pri\u00e8re, des calendriers musulmans, des conseils et des ressources en ligne.<\/p>\n<p>La Grande Mosqu\u00e9e de Lyon travaille \u00e9galement en collaboration avec d&#8217;autres organisations musulmanes pour soutenir les musulmans de la diaspora Maghr\u00e9bine et leur fournir des ressources de soutien.<\/p>\n<h2>Comment vous pouvez-vous nous aider ?<\/h2>\n<p>La Grande Mosqu\u00e9e de Lyon est une organisation sans but lucratif et fonctionne gr\u00e2ce aux dons des donateurs. Si vous avez appr\u00e9ci\u00e9 ses services et ses efforts pour aider les musulmans de la diaspora Maghr\u00e9bine \u00e0 Lyon \u00e0 naviguer dans les traditions de l&#8217;Aid el-Fitr, n&#8217;h\u00e9sitez pas \u00e0 lui faire un don.<\/p>\n<p>Les dons peuvent \u00eatre faits en ligne ou \u00e0 travers des dons en esp\u00e8ces. Tous les dons sont appr\u00e9ci\u00e9s et serviront \u00e0 soutenir les activit\u00e9s de la Grande Mosqu\u00e9e de Lyon.<\/p>\n<div style=\"background:#f8f9fa;border-left:4px solid #0066cc;border-radius:6px;padding:20px 24px;margin:32px 0;\">\n<p style=\"font-size:13px;color:#888;text-transform:uppercase;letter-spacing:0.8px;margin:0 0 6px 0;\">Vous pourriez aussi aimer<\/p>\n<h3 style=\"font-size:18px;margin:0 0 14px 0;color:#222;\">Articles similaires<\/h3>\n<ul style=\"margin:0;padding-left:20px;list-style:disc;\">\n<li style=\"margin-bottom:10px;\"><a href=\"https:\/\/monmaghreb.com\/index.php\/2026\/03\/12\/ramadan-2026-decouvrez-la-date-de-laid-el-fitr-et-la-fin-du-jeune-revelee-par-la-grande-mosquee-de-paris\/\" style=\"color:#0066cc;text-decoration:none;font-weight:500;\" title=\"Ramadan 2026 : D\u00e9couvrez la date de l&#8217;A\u00efd el Fitr et la fin du je\u00fbne r\u00e9v\u00e9l\u00e9e par la Grande Mosqu\u00e9e de Paris\">Ramadan 2026 : D\u00e9couvrez la date de l&#8217;A\u00efd el Fitr et la fin du je\u00fbne r\u00e9v\u00e9l\u00e9e par la Grande Mosqu\u00e9e de Paris<\/a><\/li>\n<li style=\"margin-bottom:10px;\"><a href=\"https:\/\/monmaghreb.com\/index.php\/2026\/03\/12\/ramadan-2026-decouvrez-la-date-de-laid-el-fitr-revelee-par-la-grande-mosquee-de-paris\/\" style=\"color:#0066cc;text-decoration:none;font-weight:500;\" title=\"Ramadan 2026 : D\u00e9couvrez la date de l&#8217;A\u00efd el Fitr r\u00e9v\u00e9l\u00e9e par la Grande Mosqu\u00e9e de Paris\">Ramadan 2026 : D\u00e9couvrez la date de l&#8217;A\u00efd el Fitr r\u00e9v\u00e9l\u00e9e par la Grande Mosqu\u00e9e de Paris<\/a><\/li>\n<li style=\"margin-bottom:10px;\"><a href=\"https:\/\/monmaghreb.com\/index.php\/2026\/03\/12\/ramadan-2026-la-date-de-laid-el-fitr-et-la-fin-du-jeune-revelee-par-la-grande-mosquee-de-paris\/\" style=\"color:#0066cc;text-decoration:none;font-weight:500;\" title=\"Ramadan 2026 : La date de l&#8217;A\u00efd el Fitr et la fin du je\u00fbne r\u00e9v\u00e9l\u00e9e par la Grande Mosqu\u00e9e de Paris\">Ramadan 2026 : La date de l&#8217;A\u00efd el Fitr et la fin du je\u00fbne r\u00e9v\u00e9l\u00e9e par la Grande Mosqu\u00e9e de Paris<\/a><\/li>\n<li style=\"margin-bottom:10px;\"><a href=\"https:\/\/monmaghreb.com\/index.php\/2026\/03\/14\/50-recettes-de-ftour-la-tradition-maghrebine-pour-les-derniers-jours-de-ramadan\/\" style=\"color:#0066cc;text-decoration:none;font-weight:500;\" title=\"50+ recettes de Ftour : la tradition maghr\u00e9bine pour les derniers jours de Ramadan\">50+ recettes de Ftour : la tradition maghr\u00e9bine pour les derniers jours de Ramadan<\/a><\/li>\n<li style=\"margin-bottom:10px;\"><a href=\"https:\/\/monmaghreb.com\/index.php\/2026\/03\/09\/comment-preparer-laid-el-fitr-guide-complet-pour-les-familles-maghrebines\/\" style=\"color:#0066cc;text-decoration:none;font-weight:500;\" title=\"Comment pr\u00e9parer l&#8217;A\u00efd el-Fitr : guide complet pour les familles maghr\u00e9bines\">Comment pr\u00e9parer l&#8217;A\u00efd el-Fitr : guide complet pour les familles maghr\u00e9bines<\/a><\/li>\n<\/ul>\n<\/div>\n<p><\/body><br \/>\n<\/html><\/p>\n","protected":false},"excerpt":{"rendered":"<p>Aid el-Fitr \u00e0 Lyon : r\u00e9ponses aux questions des musulmans de la diaspora maghr\u00e9bine en fin de Ramadan 2026.<\/p>\n","protected":false},"author":1,"featured_media":1375,"comment_status":"closed","ping_status":"open","sticky":false,"template":"","format":"standard","meta":{"_yoast_wpseo_focuskw":"aid el-fitr lyon","_yoast_wpseo_title":"Aid el-Fitr \u00e0 Lyon : la Grande Mosqu\u00e9e r\u00e9pond aux questions","_yoast_wpseo_metadesc":"Aid el-Fitr \u00e0 Lyon : r\u00e9ponses aux questions des musulmans de la diaspora maghr\u00e9bine en fin de Ramadan 2026.","_yoast_wpseo_canonical":"","_yoast_wpseo_opengraph-title":"Aid el-Fitr \u00e0 Lyon : la Grande Mosqu\u00e9e r\u00e9pond aux questions des musulmans de la diaspora Maghr\u00e9bine en fin de Ramadan 2026","_yoast_wpseo_opengraph-description":"Aid el-Fitr \u00e0 Lyon : r\u00e9ponses aux questions des musulmans de la diaspora maghr\u00e9bine en fin de Ramadan 2026.","_yoast_wpseo_opengraph-image":"","tdm_status":"","tdm_grid_status":"","footnotes":""},"categories":[651],"tags":[711,823,732,841,901],"class_list":["post-1178","post","type-post","status-publish","format-standard","has-post-thumbnail","hentry","category-ramadan-iftar","tag-aid-el-fitr","tag-careme-et-ramadan","tag-clothing-guide","tag-diaspora-maghrebine","tag-musulmans-lyon"],"yoast_head":"<!-- This site is optimized with the Yoast SEO plugin v27.5 - https:\/\/yoast.com\/product\/yoast-seo-wordpress\/ -->\n<title>Aid el-Fitr \u00e0 Lyon : la Grande Mosqu\u00e9e r\u00e9pond aux questions<\/title>\n<meta name=\"description\" content=\"Aid el-Fitr \u00e0 Lyon : r\u00e9ponses aux questions des musulmans de la diaspora maghr\u00e9bine en fin de Ramadan 2026.\" \/>\n<meta name=\"robots\" content=\"index, follow, max-snippet:-1, max-image-preview:large, max-video-preview:-1\" \/>\n<link rel=\"canonical\" href=\"https:\/\/monmaghreb.com\/index.php\/2026\/03\/14\/aid-el-fitr-a-lyon-la-grande-mosquee-repond-aux-questions-des-musulmans-de-la-diaspora-maghrebine-en-fin-de-ramadan-2026\/\" \/>\n<meta property=\"og:locale\" content=\"en_US\" \/>\n<meta property=\"og:type\" content=\"article\" \/>\n<meta property=\"og:title\" content=\"Aid el-Fitr \u00e0 Lyon : la Grande Mosqu\u00e9e r\u00e9pond aux questions des musulmans de la diaspora Maghr\u00e9bine en fin de Ramadan 2026\" \/>\n<meta property=\"og:description\" content=\"Aid el-Fitr \u00e0 Lyon : r\u00e9ponses aux questions des musulmans de la diaspora maghr\u00e9bine en fin de Ramadan 2026.\" \/>\n<meta property=\"og:url\" content=\"https:\/\/monmaghreb.com\/index.php\/2026\/03\/14\/aid-el-fitr-a-lyon-la-grande-mosquee-repond-aux-questions-des-musulmans-de-la-diaspora-maghrebine-en-fin-de-ramadan-2026\/\" \/>\n<meta property=\"og:site_name\" content=\"Mon Maghreb\" \/>\n<meta property=\"article:author\" content=\"https:\/\/www.facebook.com\/monmaghrebcom\" \/>\n<meta property=\"article:published_time\" content=\"2026-03-14T18:27:35+00:00\" \/>\n<meta property=\"article:modified_time\" content=\"2026-03-18T04:33:16+00:00\" \/>\n<meta property=\"og:image\" content=\"http:\/\/monmaghreb.com\/wp-content\/uploads\/2026\/03\/Eyup_Sultan_Mosque_Venissieux.jpg\" \/>\n\t<meta property=\"og:image:width\" content=\"1920\" \/>\n\t<meta property=\"og:image:height\" content=\"1409\" \/>\n\t<meta property=\"og:image:type\" content=\"image\/jpeg\" \/>\n<meta name=\"author\" content=\"LaMagh\" \/>\n<meta name=\"twitter:card\" content=\"summary_large_image\" \/>\n<meta name=\"twitter:creator\" content=\"@MMaghreb50977\" \/>\n<meta name=\"twitter:label1\" content=\"Written by\" \/>\n\t<meta name=\"twitter:data1\" content=\"LaMagh\" \/>\n\t<meta name=\"twitter:label2\" content=\"Est. reading time\" \/>\n\t<meta name=\"twitter:data2\" content=\"4 minutes\" \/>\n<script type=\"application\/ld+json\" class=\"yoast-schema-graph\">{\"@context\":\"https:\\\/\\\/schema.org\",\"@graph\":[{\"@type\":\"Article\",\"@id\":\"https:\\\/\\\/monmaghreb.com\\\/index.php\\\/2026\\\/03\\\/14\\\/aid-el-fitr-a-lyon-la-grande-mosquee-repond-aux-questions-des-musulmans-de-la-diaspora-maghrebine-en-fin-de-ramadan-2026\\\/#article\",\"isPartOf\":{\"@id\":\"https:\\\/\\\/monmaghreb.com\\\/index.php\\\/2026\\\/03\\\/14\\\/aid-el-fitr-a-lyon-la-grande-mosquee-repond-aux-questions-des-musulmans-de-la-diaspora-maghrebine-en-fin-de-ramadan-2026\\\/\"},\"author\":{\"name\":\"LaMagh\",\"@id\":\"http:\\\/\\\/monmaghreb.com\\\/#\\\/schema\\\/person\\\/c469a89dc8c6b8987dcb438b1200d054\"},\"headline\":\"Aid el-Fitr \u00e0 Lyon : la Grande Mosqu\u00e9e r\u00e9pond aux questions des musulmans de la diaspora Maghr\u00e9bine en fin de Ramadan 2026\",\"datePublished\":\"2026-03-14T18:27:35+00:00\",\"dateModified\":\"2026-03-18T04:33:16+00:00\",\"mainEntityOfPage\":{\"@id\":\"https:\\\/\\\/monmaghreb.com\\\/index.php\\\/2026\\\/03\\\/14\\\/aid-el-fitr-a-lyon-la-grande-mosquee-repond-aux-questions-des-musulmans-de-la-diaspora-maghrebine-en-fin-de-ramadan-2026\\\/\"},\"wordCount\":885,\"publisher\":{\"@id\":\"http:\\\/\\\/monmaghreb.com\\\/#organization\"},\"image\":{\"@id\":\"https:\\\/\\\/monmaghreb.com\\\/index.php\\\/2026\\\/03\\\/14\\\/aid-el-fitr-a-lyon-la-grande-mosquee-repond-aux-questions-des-musulmans-de-la-diaspora-maghrebine-en-fin-de-ramadan-2026\\\/#primaryimage\"},\"thumbnailUrl\":\"https:\\\/\\\/monmaghreb.com\\\/wp-content\\\/uploads\\\/2026\\\/03\\\/Eyup_Sultan_Mosque_Venissieux.jpg\",\"keywords\":[\"aid el fitr\",\"car\u00eame et ramadan\",\"clothing guide\",\"diaspora maghr\u00e9bine\",\"musulmans lyon\"],\"articleSection\":[\"Ramadan &amp; Iftar\"],\"inLanguage\":\"en-US\"},{\"@type\":\"WebPage\",\"@id\":\"https:\\\/\\\/monmaghreb.com\\\/index.php\\\/2026\\\/03\\\/14\\\/aid-el-fitr-a-lyon-la-grande-mosquee-repond-aux-questions-des-musulmans-de-la-diaspora-maghrebine-en-fin-de-ramadan-2026\\\/\",\"url\":\"https:\\\/\\\/monmaghreb.com\\\/index.php\\\/2026\\\/03\\\/14\\\/aid-el-fitr-a-lyon-la-grande-mosquee-repond-aux-questions-des-musulmans-de-la-diaspora-maghrebine-en-fin-de-ramadan-2026\\\/\",\"name\":\"Aid el-Fitr \u00e0 Lyon : la Grande Mosqu\u00e9e r\u00e9pond aux questions\",\"isPartOf\":{\"@id\":\"http:\\\/\\\/monmaghreb.com\\\/#website\"},\"primaryImageOfPage\":{\"@id\":\"https:\\\/\\\/monmaghreb.com\\\/index.php\\\/2026\\\/03\\\/14\\\/aid-el-fitr-a-lyon-la-grande-mosquee-repond-aux-questions-des-musulmans-de-la-diaspora-maghrebine-en-fin-de-ramadan-2026\\\/#primaryimage\"},\"image\":{\"@id\":\"https:\\\/\\\/monmaghreb.com\\\/index.php\\\/2026\\\/03\\\/14\\\/aid-el-fitr-a-lyon-la-grande-mosquee-repond-aux-questions-des-musulmans-de-la-diaspora-maghrebine-en-fin-de-ramadan-2026\\\/#primaryimage\"},\"thumbnailUrl\":\"https:\\\/\\\/monmaghreb.com\\\/wp-content\\\/uploads\\\/2026\\\/03\\\/Eyup_Sultan_Mosque_Venissieux.jpg\",\"datePublished\":\"2026-03-14T18:27:35+00:00\",\"dateModified\":\"2026-03-18T04:33:16+00:00\",\"description\":\"Aid el-Fitr \u00e0 Lyon : r\u00e9ponses aux questions des musulmans de la diaspora maghr\u00e9bine en fin de Ramadan 2026.\",\"breadcrumb\":{\"@id\":\"https:\\\/\\\/monmaghreb.com\\\/index.php\\\/2026\\\/03\\\/14\\\/aid-el-fitr-a-lyon-la-grande-mosquee-repond-aux-questions-des-musulmans-de-la-diaspora-maghrebine-en-fin-de-ramadan-2026\\\/#breadcrumb\"},\"inLanguage\":\"en-US\",\"potentialAction\":[{\"@type\":\"ReadAction\",\"target\":[\"https:\\\/\\\/monmaghreb.com\\\/index.php\\\/2026\\\/03\\\/14\\\/aid-el-fitr-a-lyon-la-grande-mosquee-repond-aux-questions-des-musulmans-de-la-diaspora-maghrebine-en-fin-de-ramadan-2026\\\/\"]}]},{\"@type\":\"ImageObject\",\"inLanguage\":\"en-US\",\"@id\":\"https:\\\/\\\/monmaghreb.com\\\/index.php\\\/2026\\\/03\\\/14\\\/aid-el-fitr-a-lyon-la-grande-mosquee-repond-aux-questions-des-musulmans-de-la-diaspora-maghrebine-en-fin-de-ramadan-2026\\\/#primaryimage\",\"url\":\"https:\\\/\\\/monmaghreb.com\\\/wp-content\\\/uploads\\\/2026\\\/03\\\/Eyup_Sultan_Mosque_Venissieux.jpg\",\"contentUrl\":\"https:\\\/\\\/monmaghreb.com\\\/wp-content\\\/uploads\\\/2026\\\/03\\\/Eyup_Sultan_Mosque_Venissieux.jpg\",\"width\":1920,\"height\":1409},{\"@type\":\"BreadcrumbList\",\"@id\":\"https:\\\/\\\/monmaghreb.com\\\/index.php\\\/2026\\\/03\\\/14\\\/aid-el-fitr-a-lyon-la-grande-mosquee-repond-aux-questions-des-musulmans-de-la-diaspora-maghrebine-en-fin-de-ramadan-2026\\\/#breadcrumb\",\"itemListElement\":[{\"@type\":\"ListItem\",\"position\":1,\"name\":\"Home\",\"item\":\"http:\\\/\\\/monmaghreb.com\\\/\"},{\"@type\":\"ListItem\",\"position\":2,\"name\":\"Aid el-Fitr \u00e0 Lyon : la Grande Mosqu\u00e9e r\u00e9pond aux questions des musulmans de la diaspora Maghr\u00e9bine en fin de Ramadan 2026\"}]},{\"@type\":\"WebSite\",\"@id\":\"http:\\\/\\\/monmaghreb.com\\\/#website\",\"url\":\"http:\\\/\\\/monmaghreb.com\\\/\",\"name\":\"Mon Maghreb\",\"description\":\"MonMaghreb United\",\"publisher\":{\"@id\":\"http:\\\/\\\/monmaghreb.com\\\/#organization\"},\"alternateName\":\"Le Monde du Maghreb et au del\u00e0\",\"potentialAction\":[{\"@type\":\"SearchAction\",\"target\":{\"@type\":\"EntryPoint\",\"urlTemplate\":\"http:\\\/\\\/monmaghreb.com\\\/?s={search_term_string}\"},\"query-input\":{\"@type\":\"PropertyValueSpecification\",\"valueRequired\":true,\"valueName\":\"search_term_string\"}}],\"inLanguage\":\"en-US\"},{\"@type\":\"Organization\",\"@id\":\"http:\\\/\\\/monmaghreb.com\\\/#organization\",\"name\":\"Mon Maghreb\",\"url\":\"http:\\\/\\\/monmaghreb.com\\\/\",\"logo\":{\"@type\":\"ImageObject\",\"inLanguage\":\"en-US\",\"@id\":\"http:\\\/\\\/monmaghreb.com\\\/#\\\/schema\\\/logo\\\/image\\\/\",\"url\":\"https:\\\/\\\/monmaghreb.com\\\/wp-content\\\/uploads\\\/2025\\\/12\\\/Mon_Maghreb_Logo.jpg\",\"contentUrl\":\"https:\\\/\\\/monmaghreb.com\\\/wp-content\\\/uploads\\\/2025\\\/12\\\/Mon_Maghreb_Logo.jpg\",\"width\":814,\"height\":374,\"caption\":\"Mon Maghreb\"},\"image\":{\"@id\":\"http:\\\/\\\/monmaghreb.com\\\/#\\\/schema\\\/logo\\\/image\\\/\"}},{\"@type\":\"Person\",\"@id\":\"http:\\\/\\\/monmaghreb.com\\\/#\\\/schema\\\/person\\\/c469a89dc8c6b8987dcb438b1200d054\",\"name\":\"LaMagh\",\"image\":{\"@type\":\"ImageObject\",\"inLanguage\":\"en-US\",\"@id\":\"https:\\\/\\\/secure.gravatar.com\\\/avatar\\\/399d8144bd55fba55e056779aca52fe528bac7911f6449e54d81173d6dfd7f0a?s=96&d=mm&r=g\",\"url\":\"https:\\\/\\\/secure.gravatar.com\\\/avatar\\\/399d8144bd55fba55e056779aca52fe528bac7911f6449e54d81173d6dfd7f0a?s=96&d=mm&r=g\",\"contentUrl\":\"https:\\\/\\\/secure.gravatar.com\\\/avatar\\\/399d8144bd55fba55e056779aca52fe528bac7911f6449e54d81173d6dfd7f0a?s=96&d=mm&r=g\",\"caption\":\"LaMagh\"},\"sameAs\":[\"https:\\\/\\\/monmaghreb.com\",\"https:\\\/\\\/www.facebook.com\\\/monmaghrebcom\",\"https:\\\/\\\/x.com\\\/MMaghreb50977\"],\"url\":\"https:\\\/\\\/monmaghreb.com\\\/index.php\\\/author\\\/lamagh\\\/\"}]}<\/script>\n<!-- \/ Yoast SEO plugin. -->","yoast_head_json":{"title":"Aid el-Fitr \u00e0 Lyon : la Grande Mosqu\u00e9e r\u00e9pond aux questions","description":"Aid el-Fitr \u00e0 Lyon : r\u00e9ponses aux questions des musulmans de la diaspora maghr\u00e9bine en fin de Ramadan 2026.","robots":{"index":"index","follow":"follow","max-snippet":"max-snippet:-1","max-image-preview":"max-image-preview:large","max-video-preview":"max-video-preview:-1"},"canonical":"https:\/\/monmaghreb.com\/index.php\/2026\/03\/14\/aid-el-fitr-a-lyon-la-grande-mosquee-repond-aux-questions-des-musulmans-de-la-diaspora-maghrebine-en-fin-de-ramadan-2026\/","og_locale":"en_US","og_type":"article","og_title":"Aid el-Fitr \u00e0 Lyon : la Grande Mosqu\u00e9e r\u00e9pond aux questions des musulmans de la diaspora Maghr\u00e9bine en fin de Ramadan 2026","og_description":"Aid el-Fitr \u00e0 Lyon : r\u00e9ponses aux questions des musulmans de la diaspora maghr\u00e9bine en fin de Ramadan 2026.","og_url":"https:\/\/monmaghreb.com\/index.php\/2026\/03\/14\/aid-el-fitr-a-lyon-la-grande-mosquee-repond-aux-questions-des-musulmans-de-la-diaspora-maghrebine-en-fin-de-ramadan-2026\/","og_site_name":"Mon Maghreb","article_author":"https:\/\/www.facebook.com\/monmaghrebcom","article_published_time":"2026-03-14T18:27:35+00:00","article_modified_time":"2026-03-18T04:33:16+00:00","og_image":[{"width":1920,"height":1409,"url":"http:\/\/monmaghreb.com\/wp-content\/uploads\/2026\/03\/Eyup_Sultan_Mosque_Venissieux.jpg","type":"image\/jpeg"}],"author":"LaMagh","twitter_card":"summary_large_image","twitter_creator":"@MMaghreb50977","twitter_misc":{"Written by":"LaMagh","Est. reading time":"4 minutes"},"schema":{"@context":"https:\/\/schema.org","@graph":[{"@type":"Article","@id":"https:\/\/monmaghreb.com\/index.php\/2026\/03\/14\/aid-el-fitr-a-lyon-la-grande-mosquee-repond-aux-questions-des-musulmans-de-la-diaspora-maghrebine-en-fin-de-ramadan-2026\/#article","isPartOf":{"@id":"https:\/\/monmaghreb.com\/index.php\/2026\/03\/14\/aid-el-fitr-a-lyon-la-grande-mosquee-repond-aux-questions-des-musulmans-de-la-diaspora-maghrebine-en-fin-de-ramadan-2026\/"},"author":{"name":"LaMagh","@id":"http:\/\/monmaghreb.com\/#\/schema\/person\/c469a89dc8c6b8987dcb438b1200d054"},"headline":"Aid el-Fitr \u00e0 Lyon : la Grande Mosqu\u00e9e r\u00e9pond aux questions des musulmans de la diaspora Maghr\u00e9bine en fin de Ramadan 2026","datePublished":"2026-03-14T18:27:35+00:00","dateModified":"2026-03-18T04:33:16+00:00","mainEntityOfPage":{"@id":"https:\/\/monmaghreb.com\/index.php\/2026\/03\/14\/aid-el-fitr-a-lyon-la-grande-mosquee-repond-aux-questions-des-musulmans-de-la-diaspora-maghrebine-en-fin-de-ramadan-2026\/"},"wordCount":885,"publisher":{"@id":"http:\/\/monmaghreb.com\/#organization"},"image":{"@id":"https:\/\/monmaghreb.com\/index.php\/2026\/03\/14\/aid-el-fitr-a-lyon-la-grande-mosquee-repond-aux-questions-des-musulmans-de-la-diaspora-maghrebine-en-fin-de-ramadan-2026\/#primaryimage"},"thumbnailUrl":"https:\/\/monmaghreb.com\/wp-content\/uploads\/2026\/03\/Eyup_Sultan_Mosque_Venissieux.jpg","keywords":["aid el fitr","car\u00eame et ramadan","clothing guide","diaspora maghr\u00e9bine","musulmans lyon"],"articleSection":["Ramadan &amp; Iftar"],"inLanguage":"en-US"},{"@type":"WebPage","@id":"https:\/\/monmaghreb.com\/index.php\/2026\/03\/14\/aid-el-fitr-a-lyon-la-grande-mosquee-repond-aux-questions-des-musulmans-de-la-diaspora-maghrebine-en-fin-de-ramadan-2026\/","url":"https:\/\/monmaghreb.com\/index.php\/2026\/03\/14\/aid-el-fitr-a-lyon-la-grande-mosquee-repond-aux-questions-des-musulmans-de-la-diaspora-maghrebine-en-fin-de-ramadan-2026\/","name":"Aid el-Fitr \u00e0 Lyon : la Grande Mosqu\u00e9e r\u00e9pond aux questions","isPartOf":{"@id":"http:\/\/monmaghreb.com\/#website"},"primaryImageOfPage":{"@id":"https:\/\/monmaghreb.com\/index.php\/2026\/03\/14\/aid-el-fitr-a-lyon-la-grande-mosquee-repond-aux-questions-des-musulmans-de-la-diaspora-maghrebine-en-fin-de-ramadan-2026\/#primaryimage"},"image":{"@id":"https:\/\/monmaghreb.com\/index.php\/2026\/03\/14\/aid-el-fitr-a-lyon-la-grande-mosquee-repond-aux-questions-des-musulmans-de-la-diaspora-maghrebine-en-fin-de-ramadan-2026\/#primaryimage"},"thumbnailUrl":"https:\/\/monmaghreb.com\/wp-content\/uploads\/2026\/03\/Eyup_Sultan_Mosque_Venissieux.jpg","datePublished":"2026-03-14T18:27:35+00:00","dateModified":"2026-03-18T04:33:16+00:00","description":"Aid el-Fitr \u00e0 Lyon : r\u00e9ponses aux questions des musulmans de la diaspora maghr\u00e9bine en fin de Ramadan 2026.","breadcrumb":{"@id":"https:\/\/monmaghreb.com\/index.php\/2026\/03\/14\/aid-el-fitr-a-lyon-la-grande-mosquee-repond-aux-questions-des-musulmans-de-la-diaspora-maghrebine-en-fin-de-ramadan-2026\/#breadcrumb"},"inLanguage":"en-US","potentialAction":[{"@type":"ReadAction","target":["https:\/\/monmaghreb.com\/index.php\/2026\/03\/14\/aid-el-fitr-a-lyon-la-grande-mosquee-repond-aux-questions-des-musulmans-de-la-diaspora-maghrebine-en-fin-de-ramadan-2026\/"]}]},{"@type":"ImageObject","inLanguage":"en-US","@id":"https:\/\/monmaghreb.com\/index.php\/2026\/03\/14\/aid-el-fitr-a-lyon-la-grande-mosquee-repond-aux-questions-des-musulmans-de-la-diaspora-maghrebine-en-fin-de-ramadan-2026\/#primaryimage","url":"https:\/\/monmaghreb.com\/wp-content\/uploads\/2026\/03\/Eyup_Sultan_Mosque_Venissieux.jpg","contentUrl":"https:\/\/monmaghreb.com\/wp-content\/uploads\/2026\/03\/Eyup_Sultan_Mosque_Venissieux.jpg","width":1920,"height":1409},{"@type":"BreadcrumbList","@id":"https:\/\/monmaghreb.com\/index.php\/2026\/03\/14\/aid-el-fitr-a-lyon-la-grande-mosquee-repond-aux-questions-des-musulmans-de-la-diaspora-maghrebine-en-fin-de-ramadan-2026\/#breadcrumb","itemListElement":[{"@type":"ListItem","position":1,"name":"Home","item":"http:\/\/monmaghreb.com\/"},{"@type":"ListItem","position":2,"name":"Aid el-Fitr \u00e0 Lyon : la Grande Mosqu\u00e9e r\u00e9pond aux questions des musulmans de la diaspora Maghr\u00e9bine en fin de Ramadan 2026"}]},{"@type":"WebSite","@id":"http:\/\/monmaghreb.com\/#website","url":"http:\/\/monmaghreb.com\/","name":"Mon Maghreb","description":"MonMaghreb United","publisher":{"@id":"http:\/\/monmaghreb.com\/#organization"},"alternateName":"Le Monde du Maghreb et au del\u00e0","potentialAction":[{"@type":"SearchAction","target":{"@type":"EntryPoint","urlTemplate":"http:\/\/monmaghreb.com\/?s={search_term_string}"},"query-input":{"@type":"PropertyValueSpecification","valueRequired":true,"valueName":"search_term_string"}}],"inLanguage":"en-US"},{"@type":"Organization","@id":"http:\/\/monmaghreb.com\/#organization","name":"Mon Maghreb","url":"http:\/\/monmaghreb.com\/","logo":{"@type":"ImageObject","inLanguage":"en-US","@id":"http:\/\/monmaghreb.com\/#\/schema\/logo\/image\/","url":"https:\/\/monmaghreb.com\/wp-content\/uploads\/2025\/12\/Mon_Maghreb_Logo.jpg","contentUrl":"https:\/\/monmaghreb.com\/wp-content\/uploads\/2025\/12\/Mon_Maghreb_Logo.jpg","width":814,"height":374,"caption":"Mon Maghreb"},"image":{"@id":"http:\/\/monmaghreb.com\/#\/schema\/logo\/image\/"}},{"@type":"Person","@id":"http:\/\/monmaghreb.com\/#\/schema\/person\/c469a89dc8c6b8987dcb438b1200d054","name":"LaMagh","image":{"@type":"ImageObject","inLanguage":"en-US","@id":"https:\/\/secure.gravatar.com\/avatar\/399d8144bd55fba55e056779aca52fe528bac7911f6449e54d81173d6dfd7f0a?s=96&d=mm&r=g","url":"https:\/\/secure.gravatar.com\/avatar\/399d8144bd55fba55e056779aca52fe528bac7911f6449e54d81173d6dfd7f0a?s=96&d=mm&r=g","contentUrl":"https:\/\/secure.gravatar.com\/avatar\/399d8144bd55fba55e056779aca52fe528bac7911f6449e54d81173d6dfd7f0a?s=96&d=mm&r=g","caption":"LaMagh"},"sameAs":["https:\/\/monmaghreb.com","https:\/\/www.facebook.com\/monmaghrebcom","https:\/\/x.com\/MMaghreb50977"],"url":"https:\/\/monmaghreb.com\/index.php\/author\/lamagh\/"}]}},"_links":{"self":[{"href":"https:\/\/monmaghreb.com\/index.php\/wp-json\/wp\/v2\/posts\/1178","targetHints":{"allow":["GET"]}}],"collection":[{"href":"https:\/\/monmaghreb.com\/index.php\/wp-json\/wp\/v2\/posts"}],"about":[{"href":"https:\/\/monmaghreb.com\/index.php\/wp-json\/wp\/v2\/types\/post"}],"author":[{"embeddable":true,"href":"https:\/\/monmaghreb.com\/index.php\/wp-json\/wp\/v2\/users\/1"}],"replies":[{"embeddable":true,"href":"https:\/\/monmaghreb.com\/index.php\/wp-json\/wp\/v2\/comments?post=1178"}],"version-history":[{"count":1,"href":"https:\/\/monmaghreb.com\/index.php\/wp-json\/wp\/v2\/posts\/1178\/revisions"}],"predecessor-version":[{"id":1179,"href":"https:\/\/monmaghreb.com\/index.php\/wp-json\/wp\/v2\/posts\/1178\/revisions\/1179"}],"wp:featuredmedia":[{"embeddable":true,"href":"https:\/\/monmaghreb.com\/index.php\/wp-json\/wp\/v2\/media\/1375"}],"wp:attachment":[{"href":"https:\/\/monmaghreb.com\/index.php\/wp-json\/wp\/v2\/media?parent=1178"}],"wp:term":[{"taxonomy":"category","embeddable":true,"href":"https:\/\/monmaghreb.com\/index.php\/wp-json\/wp\/v2\/categories?post=1178"},{"taxonomy":"post_tag","embeddable":true,"href":"https:\/\/monmaghreb.com\/index.php\/wp-json\/wp\/v2\/tags?post=1178"}],"curies":[{"name":"wp","href":"https:\/\/api.w.org\/{rel}","templated":true}]}}