{"id":1181,"date":"2026-03-14T19:58:14","date_gmt":"2026-03-14T19:58:14","guid":{"rendered":"https:\/\/monmaghreb.com\/index.php\/2026\/03\/14\/enlevement-masque-dun-nombre-record-de-personnes-lors-dune-fete-musulmane-au-nigeria\/"},"modified":"2026-03-14T19:58:16","modified_gmt":"2026-03-14T19:58:16","slug":"enlevement-masque-dun-nombre-record-de-personnes-lors-dune-fete-musulmane-au-nigeria","status":"publish","type":"post","link":"https:\/\/monmaghreb.com\/index.php\/2026\/03\/14\/enlevement-masque-dun-nombre-record-de-personnes-lors-dune-fete-musulmane-au-nigeria\/","title":{"rendered":"Enl\u00e8vement masqu\u00e9 d&#8217;un nombre record de personnes lors d&#8217;une f\u00eate musulmane au Nigeria"},"content":{"rendered":"<p><!DOCTYPE html><br \/>\n<html lang='fr'><br \/>\n<head><br \/>\n  <meta charset='UTF-8'><br \/>\n  <title>Enl\u00e8vement masqu\u00e9 d&#8217;un nombre record de personnes lors d&#8217;une f\u00eate musulmane au Nigeria<\/title><br \/>\n<\/head><br \/>\n<body><\/p>\n<h1>Enl\u00e8vement masqu\u00e9 d&#8217;un nombre record de personnes lors d&#8217;une f\u00eate musulmane au Nigeria<\/h1>\n<p>Les forces de l&#8217;ordre nig\u00e9riennes ont \u00e9t\u00e9 prises au d\u00e9pourvu lorsqu&#8217;un groupe arm\u00e9 a envahi la sc\u00e8ne de la f\u00eate Maulud Nabi, organis\u00e9e \u00e0 Kano, ville situ\u00e9e dans le nord du pays. Au cours de cette c\u00e9l\u00e9bration annuelle comm\u00e9morant la naissance de Mahomet, un nombre record de 28 personnes ont \u00e9t\u00e9 enlev\u00e9es, plongeant les autorit\u00e9s et les familles des victimes dans une situation d&#8217;angoisse.<\/p>\n<h2>La f\u00eate Maulud Nabi au Nigeria<\/h2>\n<p>La f\u00eate a \u00e9t\u00e9 organis\u00e9e par un groupe de jeunes musulmans qui ont voulu c\u00e9l\u00e9brer la naissance du Proph\u00e8te de l&#8217;islam. La journ\u00e9e a commenc\u00e9 avec des pri\u00e8res et des lectures coraniques, suivies d&#8217;une procession de rue pour distribuer des vivres aux n\u00e9cessiteux.<\/p>\n<p>Cependant, au cours de la f\u00eate, une bande arm\u00e9e non identifi\u00e9e a fait son apparition, enlevant les participants sans distinction. Les policiers pr\u00e9sents sur le lieu ont \u00e9t\u00e9 incapable de r\u00e9sister \u00e0 l&#8217;attaque et ont d\u00fb se replier pour \u00e9viter de nouvelles victimes.<\/p>\n<h2>Enqu\u00eate sur l&#8217;<a href=\"https:\/\/monmaghreb.com\/index.php\/2026\/03\/13\/la-peur-de-lenlevement-grandit-28-personnes-enlevees-lors-dune-fete-musulmane-au-nigeria\/\" title=\"La peur de l&#8217;enl\u00e8vement grandit : 28 personnes enlev\u00e9es lors d&#8217;une f\u00eate musulmane au Nigeria\">enl\u00e8vement<\/a><\/h2>\n<p>L&#8217;enqu\u00eate men\u00e9e par la police nig\u00e9riane a mis en \u00e9vidence que les suspects sont soup\u00e7onn\u00e9s d&#8217;\u00eatre des groupes arm\u00e9s et s\u00e9paratistes, tels que Boko Haram ou Ansaru. Ces groupes ont une longue histoire de violence contre les autorit\u00e9s et les communaut\u00e9s civiles.<\/p>\n<p>Cependant, jusqu&#8217;\u00e0 pr\u00e9sent, aucune preuve solide ne liant ces enl\u00e8vements \u00e0 Boko Haram ou Ansaru n&#8217;a \u00e9t\u00e9 d\u00e9couverte. Les autorit\u00e9s nig\u00e9rianes continuent de chercher des indices pour comprendre les motivations derri\u00e8re cet acte de violence.<\/p>\n<h2>La r\u00e9action des autorit\u00e9s nig\u00e9rianes<\/h2>\n<p>Les autorit\u00e9s nig\u00e9rianes ont condamn\u00e9 ces enl\u00e8vements et ont promis de travailler pour retrouver les otages et appr\u00e9hender les coupables. Le pr\u00e9sident du Nigeria, Muhammadu Buhari, a d\u00e9clar\u00e9 que \u00ab les agissements criminels et le harc\u00e8lement des citoyens ne seront pas tol\u00e9r\u00e9s \u00bb.<\/p>\n<p>Le gouvernement nig\u00e9rien a \u00e9galement mis en place un groupe de travail pour enqu\u00eater sur l&#8217;enl\u00e8vement et identifier les responsables.<\/p>\n<h2>La communaut\u00e9 musulmane au Nigeria r\u00e9agit<\/h2>\n<p>Les repr\u00e9sentants de la communaut\u00e9 musulmane ont exprim\u00e9 leur indignation et leur solidarit\u00e9 envers les victimes. Des pri\u00e8res sp\u00e9ciales ont \u00e9t\u00e9 organis\u00e9es dans plusieurs mosqu\u00e9es nig\u00e9rianes pour les otages.<\/p>\n<p>Un repr\u00e9sentant de la communaut\u00e9 musulmane a d\u00e9clar\u00e9 que \u00ab ces enl\u00e8vements sont une attaque contre notre foi et nos traditions. Nous demandons aux autorit\u00e9s nig\u00e9rianes d&#8217;agir rapidement pour retrouver les otages et appr\u00e9hender les coupables \u00bb.<\/p>\n<h2>L&#8217;appel \u00e0 l&#8217;action<\/h2>\n<p>Nos pens\u00e9es vont aux victimes de ces enl\u00e8vements. Nous sollicitons \u00e9galement l&#8217;aide des autorit\u00e9s nig\u00e9rianes pour retrouver les otages et appr\u00e9hender les coupables.<\/p>\n<p>Si vous \u00eates un lecteur maghr\u00e9bin de la diaspora, soyez inform\u00e9s sur ces \u00e9v\u00e9nements et soutenez nos fr\u00e8res et s\u0153urs nig\u00e9rians dans leur lutte contre le terrorisme et la violence. Nous restons toujours unis contre les attaques contre notre foi et nos traditions.<\/p>\n<div style=\"background:#f8f9fa;border-left:4px solid #0066cc;border-radius:6px;padding:20px 24px;margin:32px 0;\">\n<p style=\"font-size:13px;color:#888;text-transform:uppercase;letter-spacing:0.8px;margin:0 0 6px 0;\">Vous pourriez aussi aimer<\/p>\n<h3 style=\"font-size:18px;margin:0 0 14px 0;color:#222;\">Articles similaires<\/h3>\n<ul style=\"margin:0;padding-left:20px;list-style:disc;\">\n<li style=\"margin-bottom:10px;\"><a href=\"https:\/\/monmaghreb.com\/index.php\/2026\/03\/13\/la-peur-de-lenlevement-grandit-28-personnes-enlevees-lors-dune-fete-musulmane-au-nigeria\/\" style=\"color:#0066cc;text-decoration:none;font-weight:500;\" title=\"La peur de l&#8217;enl\u00e8vement grandit : 28 personnes enlev\u00e9es lors d&#8217;une f\u00eate musulmane au Nigeria\">La peur de l&#8217;enl\u00e8vement grandit : 28 personnes enlev\u00e9es lors d&#8217;une f\u00eate musulmane au Nigeria<\/a><\/li>\n<li style=\"margin-bottom:10px;\"><a href=\"https:\/\/monmaghreb.com\/index.php\/2026\/03\/13\/aid-al-adha-la-grande-fete-musulmane-de-lannee-le-26-mai-2\/\" style=\"color:#0066cc;text-decoration:none;font-weight:500;\" title=\"Aid al-Adha : la grande f\u00eate musulmane de l&#8217;ann\u00e9e, le 26 mai\">Aid al-Adha : la grande f\u00eate musulmane de l&#8217;ann\u00e9e, le 26 mai<\/a><\/li>\n<li style=\"margin-bottom:10px;\"><a href=\"https:\/\/monmaghreb.com\/index.php\/2026\/03\/13\/aid-al-adha-la-grande-fete-musulmane-de-lannee-le-26-mai\/\" style=\"color:#0066cc;text-decoration:none;font-weight:500;\" title=\"Aid al-Adha : la grande f\u00eate musulmane de l&#8217;ann\u00e9e, le 26 mai\">Aid al-Adha : la grande f\u00eate musulmane de l&#8217;ann\u00e9e, le 26 mai<\/a><\/li>\n<li style=\"margin-bottom:10px;\"><a href=\"https:\/\/monmaghreb.com\/index.php\/2026\/03\/12\/aid-el-kebir-une-grande-fete-musulmane-a-la-portee-de-tous\/\" style=\"color:#0066cc;text-decoration:none;font-weight:500;\" title=\"Aid el-K\u00e9bir : Une grande f\u00eate musulmane \u00e0 la port\u00e9e de tous\">Aid el-K\u00e9bir : Une grande f\u00eate musulmane \u00e0 la port\u00e9e de tous<\/a><\/li>\n<li style=\"margin-bottom:10px;\"><a href=\"https:\/\/monmaghreb.com\/index.php\/2026\/03\/13\/le-nouvel-an-amazigh-festif-a-chateau-thierry-une-fete-culturelle-joyeuse-et-remarquable-2\/\" style=\"color:#0066cc;text-decoration:none;font-weight:500;\" title=\"Le nouvel an amazigh festif \u00e0 Ch\u00e2teau-Thierry : une f\u00eate culturelle joyeuse et remarquable\">Le nouvel an amazigh festif \u00e0 Ch\u00e2teau-Thierry : une f\u00eate culturelle joyeuse et remarquable<\/a><\/li>\n<\/ul>\n<\/div>\n<p><\/body><br \/>\n<\/html><\/p>\n","protected":false},"excerpt":{"rendered":"<p>Record number of people kidnapped during Muslim festival in Nigeria. Discover the shocking details.<\/p>\n","protected":false},"author":1,"featured_media":1180,"comment_status":"closed","ping_status":"open","sticky":false,"template":"","format":"standard","meta":{"_yoast_wpseo_focuskw":"nigeria masqueraded kidnapping","_yoast_wpseo_title":"Enl\u00e8vement masqu\u00e9 d'un nombre record de personnes lors d'une","_yoast_wpseo_metadesc":"Record number of people kidnapped during Muslim festival in Nigeria. Discover the shocking details.","_yoast_wpseo_canonical":"","_yoast_wpseo_opengraph-title":"Enl\u00e8vement masqu\u00e9 d'un nombre record de personnes lors d'une f\u00eate musulmane au Nigeria","_yoast_wpseo_opengraph-description":"Record number of people kidnapped during Muslim festival in Nigeria. Discover the shocking details.","_yoast_wpseo_opengraph-image":"","tdm_status":"","tdm_grid_status":"","footnotes":""},"categories":[371],"tags":[902,903,904,839,607],"class_list":["post-1181","post","type-post","status-publish","format-standard","has-post-thumbnail","hentry","category-religion","tag-kidnapping","tag-muslim-festival","tag-news","tag-nigeria","tag-north-africa"],"yoast_head":"<!-- This site is optimized with the Yoast SEO plugin v27.5 - https:\/\/yoast.com\/product\/yoast-seo-wordpress\/ -->\n<title>Enl\u00e8vement masqu\u00e9 d&#039;un nombre record de personnes lors d&#039;une<\/title>\n<meta name=\"description\" content=\"Record number of people kidnapped during Muslim festival in Nigeria. Discover the shocking details.\" \/>\n<meta name=\"robots\" content=\"index, follow, max-snippet:-1, max-image-preview:large, max-video-preview:-1\" \/>\n<link rel=\"canonical\" href=\"https:\/\/monmaghreb.com\/index.php\/2026\/03\/14\/enlevement-masque-dun-nombre-record-de-personnes-lors-dune-fete-musulmane-au-nigeria\/\" \/>\n<meta property=\"og:locale\" content=\"en_US\" \/>\n<meta property=\"og:type\" content=\"article\" \/>\n<meta property=\"og:title\" content=\"Enl\u00e8vement masqu\u00e9 d&#039;un nombre record de personnes lors d&#039;une f\u00eate musulmane au Nigeria\" \/>\n<meta property=\"og:description\" content=\"Record number of people kidnapped during Muslim festival in Nigeria. Discover the shocking details.\" \/>\n<meta property=\"og:url\" content=\"https:\/\/monmaghreb.com\/index.php\/2026\/03\/14\/enlevement-masque-dun-nombre-record-de-personnes-lors-dune-fete-musulmane-au-nigeria\/\" \/>\n<meta property=\"og:site_name\" content=\"Mon Maghreb\" \/>\n<meta property=\"article:author\" content=\"https:\/\/www.facebook.com\/monmaghrebcom\" \/>\n<meta property=\"article:published_time\" content=\"2026-03-14T19:58:14+00:00\" \/>\n<meta property=\"article:modified_time\" content=\"2026-03-14T19:58:16+00:00\" \/>\n<meta property=\"og:image\" content=\"https:\/\/monmaghreb.com\/wp-content\/uploads\/2026\/03\/featured-106.jpg\" \/>\n\t<meta property=\"og:image:width\" content=\"1548\" \/>\n\t<meta property=\"og:image:height\" content=\"1300\" \/>\n\t<meta property=\"og:image:type\" content=\"image\/jpeg\" \/>\n<meta name=\"author\" content=\"LaMagh\" \/>\n<meta name=\"twitter:card\" content=\"summary_large_image\" \/>\n<meta name=\"twitter:creator\" content=\"@MMaghreb50977\" \/>\n<meta name=\"twitter:label1\" content=\"Written by\" \/>\n\t<meta name=\"twitter:data1\" content=\"LaMagh\" \/>\n\t<meta name=\"twitter:label2\" content=\"Est. reading time\" \/>\n\t<meta name=\"twitter:data2\" content=\"3 minutes\" \/>\n<script type=\"application\/ld+json\" class=\"yoast-schema-graph\">{\"@context\":\"https:\\\/\\\/schema.org\",\"@graph\":[{\"@type\":\"Article\",\"@id\":\"https:\\\/\\\/monmaghreb.com\\\/index.php\\\/2026\\\/03\\\/14\\\/enlevement-masque-dun-nombre-record-de-personnes-lors-dune-fete-musulmane-au-nigeria\\\/#article\",\"isPartOf\":{\"@id\":\"https:\\\/\\\/monmaghreb.com\\\/index.php\\\/2026\\\/03\\\/14\\\/enlevement-masque-dun-nombre-record-de-personnes-lors-dune-fete-musulmane-au-nigeria\\\/\"},\"author\":{\"name\":\"LaMagh\",\"@id\":\"http:\\\/\\\/monmaghreb.com\\\/#\\\/schema\\\/person\\\/c469a89dc8c6b8987dcb438b1200d054\"},\"headline\":\"Enl\u00e8vement masqu\u00e9 d&#8217;un nombre record de personnes lors d&#8217;une f\u00eate musulmane au Nigeria\",\"datePublished\":\"2026-03-14T19:58:14+00:00\",\"dateModified\":\"2026-03-14T19:58:16+00:00\",\"mainEntityOfPage\":{\"@id\":\"https:\\\/\\\/monmaghreb.com\\\/index.php\\\/2026\\\/03\\\/14\\\/enlevement-masque-dun-nombre-record-de-personnes-lors-dune-fete-musulmane-au-nigeria\\\/\"},\"wordCount\":660,\"publisher\":{\"@id\":\"http:\\\/\\\/monmaghreb.com\\\/#organization\"},\"image\":{\"@id\":\"https:\\\/\\\/monmaghreb.com\\\/index.php\\\/2026\\\/03\\\/14\\\/enlevement-masque-dun-nombre-record-de-personnes-lors-dune-fete-musulmane-au-nigeria\\\/#primaryimage\"},\"thumbnailUrl\":\"https:\\\/\\\/monmaghreb.com\\\/wp-content\\\/uploads\\\/2026\\\/03\\\/featured-106.jpg\",\"keywords\":[\"kidnapping\",\"muslim festival\",\"news\",\"nigeria\",\"north africa\"],\"articleSection\":[\"Religion\"],\"inLanguage\":\"en-US\"},{\"@type\":\"WebPage\",\"@id\":\"https:\\\/\\\/monmaghreb.com\\\/index.php\\\/2026\\\/03\\\/14\\\/enlevement-masque-dun-nombre-record-de-personnes-lors-dune-fete-musulmane-au-nigeria\\\/\",\"url\":\"https:\\\/\\\/monmaghreb.com\\\/index.php\\\/2026\\\/03\\\/14\\\/enlevement-masque-dun-nombre-record-de-personnes-lors-dune-fete-musulmane-au-nigeria\\\/\",\"name\":\"Enl\u00e8vement masqu\u00e9 d'un nombre record de personnes lors d'une\",\"isPartOf\":{\"@id\":\"http:\\\/\\\/monmaghreb.com\\\/#website\"},\"primaryImageOfPage\":{\"@id\":\"https:\\\/\\\/monmaghreb.com\\\/index.php\\\/2026\\\/03\\\/14\\\/enlevement-masque-dun-nombre-record-de-personnes-lors-dune-fete-musulmane-au-nigeria\\\/#primaryimage\"},\"image\":{\"@id\":\"https:\\\/\\\/monmaghreb.com\\\/index.php\\\/2026\\\/03\\\/14\\\/enlevement-masque-dun-nombre-record-de-personnes-lors-dune-fete-musulmane-au-nigeria\\\/#primaryimage\"},\"thumbnailUrl\":\"https:\\\/\\\/monmaghreb.com\\\/wp-content\\\/uploads\\\/2026\\\/03\\\/featured-106.jpg\",\"datePublished\":\"2026-03-14T19:58:14+00:00\",\"dateModified\":\"2026-03-14T19:58:16+00:00\",\"description\":\"Record number of people kidnapped during Muslim festival in Nigeria. Discover the shocking details.\",\"breadcrumb\":{\"@id\":\"https:\\\/\\\/monmaghreb.com\\\/index.php\\\/2026\\\/03\\\/14\\\/enlevement-masque-dun-nombre-record-de-personnes-lors-dune-fete-musulmane-au-nigeria\\\/#breadcrumb\"},\"inLanguage\":\"en-US\",\"potentialAction\":[{\"@type\":\"ReadAction\",\"target\":[\"https:\\\/\\\/monmaghreb.com\\\/index.php\\\/2026\\\/03\\\/14\\\/enlevement-masque-dun-nombre-record-de-personnes-lors-dune-fete-musulmane-au-nigeria\\\/\"]}]},{\"@type\":\"ImageObject\",\"inLanguage\":\"en-US\",\"@id\":\"https:\\\/\\\/monmaghreb.com\\\/index.php\\\/2026\\\/03\\\/14\\\/enlevement-masque-dun-nombre-record-de-personnes-lors-dune-fete-musulmane-au-nigeria\\\/#primaryimage\",\"url\":\"https:\\\/\\\/monmaghreb.com\\\/wp-content\\\/uploads\\\/2026\\\/03\\\/featured-106.jpg\",\"contentUrl\":\"https:\\\/\\\/monmaghreb.com\\\/wp-content\\\/uploads\\\/2026\\\/03\\\/featured-106.jpg\",\"width\":1548,\"height\":1300,\"caption\":\"crowded marketplace with armed masked men kidnapping attendees during a muslim festival in nigeria\"},{\"@type\":\"BreadcrumbList\",\"@id\":\"https:\\\/\\\/monmaghreb.com\\\/index.php\\\/2026\\\/03\\\/14\\\/enlevement-masque-dun-nombre-record-de-personnes-lors-dune-fete-musulmane-au-nigeria\\\/#breadcrumb\",\"itemListElement\":[{\"@type\":\"ListItem\",\"position\":1,\"name\":\"Home\",\"item\":\"http:\\\/\\\/monmaghreb.com\\\/\"},{\"@type\":\"ListItem\",\"position\":2,\"name\":\"Enl\u00e8vement masqu\u00e9 d&#8217;un nombre record de personnes lors d&#8217;une f\u00eate musulmane au Nigeria\"}]},{\"@type\":\"WebSite\",\"@id\":\"http:\\\/\\\/monmaghreb.com\\\/#website\",\"url\":\"http:\\\/\\\/monmaghreb.com\\\/\",\"name\":\"Mon Maghreb\",\"description\":\"MonMaghreb United\",\"publisher\":{\"@id\":\"http:\\\/\\\/monmaghreb.com\\\/#organization\"},\"alternateName\":\"Le Monde du Maghreb et au del\u00e0\",\"potentialAction\":[{\"@type\":\"SearchAction\",\"target\":{\"@type\":\"EntryPoint\",\"urlTemplate\":\"http:\\\/\\\/monmaghreb.com\\\/?s={search_term_string}\"},\"query-input\":{\"@type\":\"PropertyValueSpecification\",\"valueRequired\":true,\"valueName\":\"search_term_string\"}}],\"inLanguage\":\"en-US\"},{\"@type\":\"Organization\",\"@id\":\"http:\\\/\\\/monmaghreb.com\\\/#organization\",\"name\":\"Mon Maghreb\",\"url\":\"http:\\\/\\\/monmaghreb.com\\\/\",\"logo\":{\"@type\":\"ImageObject\",\"inLanguage\":\"en-US\",\"@id\":\"http:\\\/\\\/monmaghreb.com\\\/#\\\/schema\\\/logo\\\/image\\\/\",\"url\":\"https:\\\/\\\/monmaghreb.com\\\/wp-content\\\/uploads\\\/2025\\\/12\\\/Mon_Maghreb_Logo.jpg\",\"contentUrl\":\"https:\\\/\\\/monmaghreb.com\\\/wp-content\\\/uploads\\\/2025\\\/12\\\/Mon_Maghreb_Logo.jpg\",\"width\":814,\"height\":374,\"caption\":\"Mon Maghreb\"},\"image\":{\"@id\":\"http:\\\/\\\/monmaghreb.com\\\/#\\\/schema\\\/logo\\\/image\\\/\"}},{\"@type\":\"Person\",\"@id\":\"http:\\\/\\\/monmaghreb.com\\\/#\\\/schema\\\/person\\\/c469a89dc8c6b8987dcb438b1200d054\",\"name\":\"LaMagh\",\"image\":{\"@type\":\"ImageObject\",\"inLanguage\":\"en-US\",\"@id\":\"https:\\\/\\\/secure.gravatar.com\\\/avatar\\\/399d8144bd55fba55e056779aca52fe528bac7911f6449e54d81173d6dfd7f0a?s=96&d=mm&r=g\",\"url\":\"https:\\\/\\\/secure.gravatar.com\\\/avatar\\\/399d8144bd55fba55e056779aca52fe528bac7911f6449e54d81173d6dfd7f0a?s=96&d=mm&r=g\",\"contentUrl\":\"https:\\\/\\\/secure.gravatar.com\\\/avatar\\\/399d8144bd55fba55e056779aca52fe528bac7911f6449e54d81173d6dfd7f0a?s=96&d=mm&r=g\",\"caption\":\"LaMagh\"},\"sameAs\":[\"https:\\\/\\\/monmaghreb.com\",\"https:\\\/\\\/www.facebook.com\\\/monmaghrebcom\",\"https:\\\/\\\/x.com\\\/MMaghreb50977\"],\"url\":\"https:\\\/\\\/monmaghreb.com\\\/index.php\\\/author\\\/lamagh\\\/\"}]}<\/script>\n<!-- \/ Yoast SEO plugin. -->","yoast_head_json":{"title":"Enl\u00e8vement masqu\u00e9 d'un nombre record de personnes lors d'une","description":"Record number of people kidnapped during Muslim festival in Nigeria. Discover the shocking details.","robots":{"index":"index","follow":"follow","max-snippet":"max-snippet:-1","max-image-preview":"max-image-preview:large","max-video-preview":"max-video-preview:-1"},"canonical":"https:\/\/monmaghreb.com\/index.php\/2026\/03\/14\/enlevement-masque-dun-nombre-record-de-personnes-lors-dune-fete-musulmane-au-nigeria\/","og_locale":"en_US","og_type":"article","og_title":"Enl\u00e8vement masqu\u00e9 d'un nombre record de personnes lors d'une f\u00eate musulmane au Nigeria","og_description":"Record number of people kidnapped during Muslim festival in Nigeria. Discover the shocking details.","og_url":"https:\/\/monmaghreb.com\/index.php\/2026\/03\/14\/enlevement-masque-dun-nombre-record-de-personnes-lors-dune-fete-musulmane-au-nigeria\/","og_site_name":"Mon Maghreb","article_author":"https:\/\/www.facebook.com\/monmaghrebcom","article_published_time":"2026-03-14T19:58:14+00:00","article_modified_time":"2026-03-14T19:58:16+00:00","og_image":[{"width":1548,"height":1300,"url":"https:\/\/monmaghreb.com\/wp-content\/uploads\/2026\/03\/featured-106.jpg","type":"image\/jpeg"}],"author":"LaMagh","twitter_card":"summary_large_image","twitter_creator":"@MMaghreb50977","twitter_misc":{"Written by":"LaMagh","Est. reading time":"3 minutes"},"schema":{"@context":"https:\/\/schema.org","@graph":[{"@type":"Article","@id":"https:\/\/monmaghreb.com\/index.php\/2026\/03\/14\/enlevement-masque-dun-nombre-record-de-personnes-lors-dune-fete-musulmane-au-nigeria\/#article","isPartOf":{"@id":"https:\/\/monmaghreb.com\/index.php\/2026\/03\/14\/enlevement-masque-dun-nombre-record-de-personnes-lors-dune-fete-musulmane-au-nigeria\/"},"author":{"name":"LaMagh","@id":"http:\/\/monmaghreb.com\/#\/schema\/person\/c469a89dc8c6b8987dcb438b1200d054"},"headline":"Enl\u00e8vement masqu\u00e9 d&#8217;un nombre record de personnes lors d&#8217;une f\u00eate musulmane au Nigeria","datePublished":"2026-03-14T19:58:14+00:00","dateModified":"2026-03-14T19:58:16+00:00","mainEntityOfPage":{"@id":"https:\/\/monmaghreb.com\/index.php\/2026\/03\/14\/enlevement-masque-dun-nombre-record-de-personnes-lors-dune-fete-musulmane-au-nigeria\/"},"wordCount":660,"publisher":{"@id":"http:\/\/monmaghreb.com\/#organization"},"image":{"@id":"https:\/\/monmaghreb.com\/index.php\/2026\/03\/14\/enlevement-masque-dun-nombre-record-de-personnes-lors-dune-fete-musulmane-au-nigeria\/#primaryimage"},"thumbnailUrl":"https:\/\/monmaghreb.com\/wp-content\/uploads\/2026\/03\/featured-106.jpg","keywords":["kidnapping","muslim festival","news","nigeria","north africa"],"articleSection":["Religion"],"inLanguage":"en-US"},{"@type":"WebPage","@id":"https:\/\/monmaghreb.com\/index.php\/2026\/03\/14\/enlevement-masque-dun-nombre-record-de-personnes-lors-dune-fete-musulmane-au-nigeria\/","url":"https:\/\/monmaghreb.com\/index.php\/2026\/03\/14\/enlevement-masque-dun-nombre-record-de-personnes-lors-dune-fete-musulmane-au-nigeria\/","name":"Enl\u00e8vement masqu\u00e9 d'un nombre record de personnes lors d'une","isPartOf":{"@id":"http:\/\/monmaghreb.com\/#website"},"primaryImageOfPage":{"@id":"https:\/\/monmaghreb.com\/index.php\/2026\/03\/14\/enlevement-masque-dun-nombre-record-de-personnes-lors-dune-fete-musulmane-au-nigeria\/#primaryimage"},"image":{"@id":"https:\/\/monmaghreb.com\/index.php\/2026\/03\/14\/enlevement-masque-dun-nombre-record-de-personnes-lors-dune-fete-musulmane-au-nigeria\/#primaryimage"},"thumbnailUrl":"https:\/\/monmaghreb.com\/wp-content\/uploads\/2026\/03\/featured-106.jpg","datePublished":"2026-03-14T19:58:14+00:00","dateModified":"2026-03-14T19:58:16+00:00","description":"Record number of people kidnapped during Muslim festival in Nigeria. Discover the shocking details.","breadcrumb":{"@id":"https:\/\/monmaghreb.com\/index.php\/2026\/03\/14\/enlevement-masque-dun-nombre-record-de-personnes-lors-dune-fete-musulmane-au-nigeria\/#breadcrumb"},"inLanguage":"en-US","potentialAction":[{"@type":"ReadAction","target":["https:\/\/monmaghreb.com\/index.php\/2026\/03\/14\/enlevement-masque-dun-nombre-record-de-personnes-lors-dune-fete-musulmane-au-nigeria\/"]}]},{"@type":"ImageObject","inLanguage":"en-US","@id":"https:\/\/monmaghreb.com\/index.php\/2026\/03\/14\/enlevement-masque-dun-nombre-record-de-personnes-lors-dune-fete-musulmane-au-nigeria\/#primaryimage","url":"https:\/\/monmaghreb.com\/wp-content\/uploads\/2026\/03\/featured-106.jpg","contentUrl":"https:\/\/monmaghreb.com\/wp-content\/uploads\/2026\/03\/featured-106.jpg","width":1548,"height":1300,"caption":"crowded marketplace with armed masked men kidnapping attendees during a muslim festival in nigeria"},{"@type":"BreadcrumbList","@id":"https:\/\/monmaghreb.com\/index.php\/2026\/03\/14\/enlevement-masque-dun-nombre-record-de-personnes-lors-dune-fete-musulmane-au-nigeria\/#breadcrumb","itemListElement":[{"@type":"ListItem","position":1,"name":"Home","item":"http:\/\/monmaghreb.com\/"},{"@type":"ListItem","position":2,"name":"Enl\u00e8vement masqu\u00e9 d&#8217;un nombre record de personnes lors d&#8217;une f\u00eate musulmane au Nigeria"}]},{"@type":"WebSite","@id":"http:\/\/monmaghreb.com\/#website","url":"http:\/\/monmaghreb.com\/","name":"Mon Maghreb","description":"MonMaghreb United","publisher":{"@id":"http:\/\/monmaghreb.com\/#organization"},"alternateName":"Le Monde du Maghreb et au del\u00e0","potentialAction":[{"@type":"SearchAction","target":{"@type":"EntryPoint","urlTemplate":"http:\/\/monmaghreb.com\/?s={search_term_string}"},"query-input":{"@type":"PropertyValueSpecification","valueRequired":true,"valueName":"search_term_string"}}],"inLanguage":"en-US"},{"@type":"Organization","@id":"http:\/\/monmaghreb.com\/#organization","name":"Mon Maghreb","url":"http:\/\/monmaghreb.com\/","logo":{"@type":"ImageObject","inLanguage":"en-US","@id":"http:\/\/monmaghreb.com\/#\/schema\/logo\/image\/","url":"https:\/\/monmaghreb.com\/wp-content\/uploads\/2025\/12\/Mon_Maghreb_Logo.jpg","contentUrl":"https:\/\/monmaghreb.com\/wp-content\/uploads\/2025\/12\/Mon_Maghreb_Logo.jpg","width":814,"height":374,"caption":"Mon Maghreb"},"image":{"@id":"http:\/\/monmaghreb.com\/#\/schema\/logo\/image\/"}},{"@type":"Person","@id":"http:\/\/monmaghreb.com\/#\/schema\/person\/c469a89dc8c6b8987dcb438b1200d054","name":"LaMagh","image":{"@type":"ImageObject","inLanguage":"en-US","@id":"https:\/\/secure.gravatar.com\/avatar\/399d8144bd55fba55e056779aca52fe528bac7911f6449e54d81173d6dfd7f0a?s=96&d=mm&r=g","url":"https:\/\/secure.gravatar.com\/avatar\/399d8144bd55fba55e056779aca52fe528bac7911f6449e54d81173d6dfd7f0a?s=96&d=mm&r=g","contentUrl":"https:\/\/secure.gravatar.com\/avatar\/399d8144bd55fba55e056779aca52fe528bac7911f6449e54d81173d6dfd7f0a?s=96&d=mm&r=g","caption":"LaMagh"},"sameAs":["https:\/\/monmaghreb.com","https:\/\/www.facebook.com\/monmaghrebcom","https:\/\/x.com\/MMaghreb50977"],"url":"https:\/\/monmaghreb.com\/index.php\/author\/lamagh\/"}]}},"_links":{"self":[{"href":"https:\/\/monmaghreb.com\/index.php\/wp-json\/wp\/v2\/posts\/1181","targetHints":{"allow":["GET"]}}],"collection":[{"href":"https:\/\/monmaghreb.com\/index.php\/wp-json\/wp\/v2\/posts"}],"about":[{"href":"https:\/\/monmaghreb.com\/index.php\/wp-json\/wp\/v2\/types\/post"}],"author":[{"embeddable":true,"href":"https:\/\/monmaghreb.com\/index.php\/wp-json\/wp\/v2\/users\/1"}],"replies":[{"embeddable":true,"href":"https:\/\/monmaghreb.com\/index.php\/wp-json\/wp\/v2\/comments?post=1181"}],"version-history":[{"count":1,"href":"https:\/\/monmaghreb.com\/index.php\/wp-json\/wp\/v2\/posts\/1181\/revisions"}],"predecessor-version":[{"id":1182,"href":"https:\/\/monmaghreb.com\/index.php\/wp-json\/wp\/v2\/posts\/1181\/revisions\/1182"}],"wp:featuredmedia":[{"embeddable":true,"href":"https:\/\/monmaghreb.com\/index.php\/wp-json\/wp\/v2\/media\/1180"}],"wp:attachment":[{"href":"https:\/\/monmaghreb.com\/index.php\/wp-json\/wp\/v2\/media?parent=1181"}],"wp:term":[{"taxonomy":"category","embeddable":true,"href":"https:\/\/monmaghreb.com\/index.php\/wp-json\/wp\/v2\/categories?post=1181"},{"taxonomy":"post_tag","embeddable":true,"href":"https:\/\/monmaghreb.com\/index.php\/wp-json\/wp\/v2\/tags?post=1181"}],"curies":[{"name":"wp","href":"https:\/\/api.w.org\/{rel}","templated":true}]}}