{"id":1184,"date":"2026-03-14T20:05:17","date_gmt":"2026-03-14T20:05:17","guid":{"rendered":"https:\/\/monmaghreb.com\/index.php\/2026\/03\/14\/la-gauche-radicale-espagnole-prend-position-en-faveur-de-lislam-face-a-lextreme-droite-de-vox-une-solidarite-necessaire-pour-la-diversite-religieuse-en-espagne\/"},"modified":"2026-03-14T20:05:19","modified_gmt":"2026-03-14T20:05:19","slug":"la-gauche-radicale-espagnole-prend-position-en-faveur-de-lislam-face-a-lextreme-droite-de-vox-une-solidarite-necessaire-pour-la-diversite-religieuse-en-espagne","status":"publish","type":"post","link":"https:\/\/monmaghreb.com\/index.php\/2026\/03\/14\/la-gauche-radicale-espagnole-prend-position-en-faveur-de-lislam-face-a-lextreme-droite-de-vox-une-solidarite-necessaire-pour-la-diversite-religieuse-en-espagne\/","title":{"rendered":"La gauche radicale espagnole prend position en faveur de l&#8217;islam face \u00e0 l&#8217;extr\u00eame droite de Vox : une solidarit\u00e9 n\u00e9cessaire pour la diversit\u00e9 religieuse en Espagne"},"content":{"rendered":"<p><!DOCTYPE html><br \/>\n<html lang='fr'><br \/>\n<head><br \/>\n    <meta charset='UTF-8'><br \/>\n    <title>La gauche radicale espagnole prend position en faveur de l&#8217;<a href=\"https:\/\/monmaghreb.com\/index.php\/2026\/03\/11\/souhaiter-aid-moubarak-messages-et-voeux-pour-le-jour-sacre-de-lislam\/\" title=\"Souhaiter A\u00efd Moubarak : messages et v\u0153ux pour le jour sacr\u00e9 de l&#8217;islam\">islam<\/a> face \u00e0 l&#8217;extr\u00eame droite de Vox<\/title><br \/>\n<\/head><br \/>\n<body><\/p>\n<h1>La gauche radicale espagnole prend position en faveur de l&#8217;islam face \u00e0 l&#8217;extr\u00eame droite de Vox : une solidarit\u00e9 n\u00e9cessaire pour la diversit\u00e9 religieuse en Espagne<\/h1>\n<h2>Introduction : un contexte social et politique complexe<\/h2>\n<p>Lorsque nous parlons de l&#8217;Espagne actuelle, nous sommes face \u00e0 un pays o\u00f9 les tensions politiques et sociales sont palpables. Les \u00e9lections sont de plus en plus complexes, avec des partis qui cherchent \u00e0 s&#8217;approprier la souverainet\u00e9 nationale et \u00e0 exclure certaines communaut\u00e9s. C&#8217;est dans ce contexte que l&#8217;extr\u00eame droite, notamment le parti Vox, a trouv\u00e9 un soutien significatif.<\/p>\n<p>Cependant, la gauche radicale espagnole a pris une position diff\u00e9rente. Elle s&#8217;est prononc\u00e9e en faveur de la d\u00e9fense des droits des musulmans et contre les discriminations qu&#8217;ils subissent. Cela est important car il est essentiel de promouvoir la diversit\u00e9 religieuse dans un pays o\u00f9 l&#8217;islam est une partie int\u00e9grante de la soci\u00e9t\u00e9.<\/p>\n<h2>1. Les origines historiques des relations entre les communaut\u00e9s musulmanes et la gauche radicale<\/h2>\n<p>L&#8217;une des racines profondes de cette solidarit\u00e9 r\u00e9side dans l&#8217;historique du mouvement de lib\u00e9ration nationale marocain. Dans les ann\u00e9es 1950, des militants espagnols antifascistes ont soutenu activement la lutte pour l&#8217;ind\u00e9pendance marocaine. Cette collaboration a continu\u00e9 apr\u00e8s l&#8217;ind\u00e9pendance du Maroc, avec une aide humanitaire et politique apport\u00e9e aux communaut\u00e9s minoritaires.<\/p>\n<p>Plus tard, lorsque l&#8217;immigration massives de travailleurs marocains en Espagne est devenue un ph\u00e9nom\u00e8ne majeur dans les ann\u00e9es 1960 et 1970, la gauche radicale espagnole a continu\u00e9 \u00e0 soutenir activement ces communaut\u00e9s. Elle a fait campagne pour les droits des travailleurs, des femmes et des minorit\u00e9s religieuses.<\/p>\n<h2>2. La position de la gauche radicale actuelle sur l&#8217;islam<\/h2>\n<p>Aujourd&#8217;hui, la gauche radicale en Espagne continue \u00e0 d\u00e9fendre les droits des musulmans et \u00e0 condamner les discriminations qu&#8217;ils subissent. En 2019, le Parti Ouvrier des Travailleurs (POT) a pr\u00e9sent\u00e9 une motion \u00e0 la commission des affaires sociales du Congr\u00e8s des d\u00e9put\u00e9s demandant le retrait de l&#8217;islam de la liste des religions consid\u00e9r\u00e9es comme des sectes.<\/p>\n<p>Cette action montre clairement que la gauche radicale est pr\u00eate \u00e0 lutter contre les propos islamophobes et \u00e0 d\u00e9fendre la place de l\u2019Islam dans la soci\u00e9t\u00e9 espagnole. Elle a \u00e9galement d\u00e9pos\u00e9 une motion \u00e0 la commission de l&#8217;\u00e9galit\u00e9 des genres demandant que la loi sur la protection contre les discriminations fond\u00e9es sur le genre reconnaisse la place de l\u2019Islam en Espagne.<\/p>\n<h2>3. Les positions de Vox envers l&#8217;islam<\/h2>\n<p>Cependant, Vox a adopt\u00e9 une position agressive envers les communaut\u00e9s musulmanes. Le parti a appel\u00e9 \u00e0 la fermeture des mosqu\u00e9es et \u00e0 l&#8217;expulsion de milliers de migrants musulmans.<\/p>\n<p>Vox s\u2019oppose \u00e9galement \u00e0 l\u2019introduction d\u2019une loi sur le voile islamique, m\u00eame si elle n&#8217;a pas \u00e9t\u00e9 adopt\u00e9e. Le parti a fait campagne contre ce qu\u2019il consid\u00e8re comme une menace aux valeurs \u00ab espagnoles \u00bb et au style de vie \u00ab occidental \u00bb.<\/p>\n<h2>4. La r\u00e9ponse des communaut\u00e9s musulmanes \u00e0 la position de Vox<\/h2>\n<p>Les communaut\u00e9s musulmanes en Espagne ont r\u00e9agi \u00e0 la position agressive de Vox par une mobilisation active en faveur de leurs droits et de leur int\u00e9gration.<\/p>\n<p>Des manifestations ont \u00e9t\u00e9 organis\u00e9es pour protester contre les propos de Vox, avec des milliers de personnes se rassemblant pour d\u00e9fendre la diversit\u00e9 religieuse en Espagne.<\/p>\n<h2>5. L&#8217;appel \u00e0 l&#8217;action : soutenir la diversit\u00e9 religieuse en Espagne<\/h2>\n<p>Nous, les lecteurs de cette blogue de diaspora maghr\u00e9bine, sommes un lien vital entre les communaut\u00e9s musulmanes de notre pays et celles qui vivent en Espagne.<\/p>\n<p>Il est donc important pour nous de soutenir les communaut\u00e9s musulmanes en Espagne dans leur lutte pour leur int\u00e9gration et pour la d\u00e9fense de leurs droits. Nous pouvons \u00e9galement travailler avec les partis politiques qui s&#8217;opposent \u00e0 Vox et qui soutiennent la diversit\u00e9 religieuse.<\/p>\n<p>Nous avons besoin d&#8217;une solidarit\u00e9 transfrontali\u00e8re pour d\u00e9fendre nos communaut\u00e9s musulmanes et leur int\u00e9gration en Europe. Nous devons donc faire pression sur les gouvernements europ\u00e9ens pour qu&#8217;ils agissent contre l&#8217;extr\u00eame droite et que la diversit\u00e9 religieuse soit prot\u00e9g\u00e9e.<\/p>\n<div style=\"background:#f8f9fa;border-left:4px solid #0066cc;border-radius:6px;padding:20px 24px;margin:32px 0;\">\n<p style=\"font-size:13px;color:#888;text-transform:uppercase;letter-spacing:0.8px;margin:0 0 6px 0;\">Vous pourriez aussi aimer<\/p>\n<h3 style=\"font-size:18px;margin:0 0 14px 0;color:#222;\">Articles similaires<\/h3>\n<ul style=\"margin:0;padding-left:20px;list-style:disc;\">\n<li style=\"margin-bottom:10px;\"><a href=\"https:\/\/monmaghreb.com\/index.php\/2026\/03\/11\/souhaiter-aid-moubarak-messages-et-voeux-pour-le-jour-sacre-de-lislam\/\" style=\"color:#0066cc;text-decoration:none;font-weight:500;\" title=\"Souhaiter A\u00efd Moubarak : messages et v\u0153ux pour le jour sacr\u00e9 de l&#8217;islam\">Souhaiter A\u00efd Moubarak : messages et v\u0153ux pour le jour sacr\u00e9 de l&#8217;islam<\/a><\/li>\n<li style=\"margin-bottom:10px;\"><a href=\"https:\/\/monmaghreb.com\/index.php\/2026\/03\/10\/algerie-et-espagne-la-controverse-du-gazoduc-maghreb-europe-en-detail\/\" style=\"color:#0066cc;text-decoration:none;font-weight:500;\" title=\"Alg\u00e9rie et Espagne : la controverse du gazoduc Maghreb Europe en d\u00e9tail\">Alg\u00e9rie et Espagne : la controverse du gazoduc Maghreb Europe en d\u00e9tail<\/a><\/li>\n<\/ul>\n<\/div>\n<p><\/body><br \/>\n<\/html><\/p>\n","protected":false},"excerpt":{"rendered":"<p>Spanish radical left supports Islam vs Vox: essential solidarity for religious diversity in Spain. Dive into Spain&#8217;s complex social and political landscape.<\/p>\n","protected":false},"author":1,"featured_media":1183,"comment_status":"closed","ping_status":"open","sticky":false,"template":"","format":"standard","meta":{"_yoast_wpseo_focuskw":"left wing spanish islam","_yoast_wpseo_title":"La gauche radicale espagnole prend position en faveur de l'i","_yoast_wpseo_metadesc":"Spanish radical left supports Islam vs Vox: essential solidarity for religious diversity in Spain. Dive into Spain's complex social and political landscape.","_yoast_wpseo_canonical":"","_yoast_wpseo_opengraph-title":"La gauche radicale espagnole prend position en faveur de l'islam face \u00e0 l'extr\u00eame droite de Vox : une solidarit\u00e9 n\u00e9cessaire pour la diversit\u00e9 religieuse en Espagne","_yoast_wpseo_opengraph-description":"Spanish radical left supports Islam vs Vox: essential solidarity for religious diversity in Spain. Dive into Spain's complex social and political landscape.","_yoast_wpseo_opengraph-image":"","tdm_status":"","tdm_grid_status":"","footnotes":""},"categories":[371],"tags":[909,905,908,907,906],"class_list":{"0":"post-1184","1":"post","2":"type-post","3":"status-publish","4":"format-standard","5":"has-post-thumbnail","6":"hentry","7":"category-religion","8":"tag-diversite-religieuse","10":"tag-extreme-droite-vox","11":"tag-islam-en-espagne","12":"tag-politique-espagnole"},"yoast_head":"<!-- This site is optimized with the Yoast SEO plugin v27.5 - https:\/\/yoast.com\/product\/yoast-seo-wordpress\/ -->\n<title>La gauche radicale espagnole prend position en faveur de l&#039;i<\/title>\n<meta name=\"description\" content=\"Spanish radical left supports Islam vs Vox: essential solidarity for religious diversity in Spain. Dive into Spain&#039;s complex social and political landscape.\" \/>\n<meta name=\"robots\" content=\"index, follow, max-snippet:-1, max-image-preview:large, max-video-preview:-1\" \/>\n<link rel=\"canonical\" href=\"https:\/\/monmaghreb.com\/index.php\/2026\/03\/14\/la-gauche-radicale-espagnole-prend-position-en-faveur-de-lislam-face-a-lextreme-droite-de-vox-une-solidarite-necessaire-pour-la-diversite-religieuse-en-espagne\/\" \/>\n<meta property=\"og:locale\" content=\"en_US\" \/>\n<meta property=\"og:type\" content=\"article\" \/>\n<meta property=\"og:title\" content=\"La gauche radicale espagnole prend position en faveur de l&#039;islam face \u00e0 l&#039;extr\u00eame droite de Vox : une solidarit\u00e9 n\u00e9cessaire pour la diversit\u00e9 religieuse en Espagne\" \/>\n<meta property=\"og:description\" content=\"Spanish radical left supports Islam vs Vox: essential solidarity for religious diversity in Spain. Dive into Spain&#039;s complex social and political landscape.\" \/>\n<meta property=\"og:url\" content=\"https:\/\/monmaghreb.com\/index.php\/2026\/03\/14\/la-gauche-radicale-espagnole-prend-position-en-faveur-de-lislam-face-a-lextreme-droite-de-vox-une-solidarite-necessaire-pour-la-diversite-religieuse-en-espagne\/\" \/>\n<meta property=\"og:site_name\" content=\"Mon Maghreb\" \/>\n<meta property=\"article:author\" content=\"https:\/\/www.facebook.com\/monmaghrebcom\" \/>\n<meta property=\"article:published_time\" content=\"2026-03-14T20:05:17+00:00\" \/>\n<meta property=\"article:modified_time\" content=\"2026-03-14T20:05:19+00:00\" \/>\n<meta property=\"og:image\" content=\"https:\/\/monmaghreb.com\/wp-content\/uploads\/2026\/03\/featured-107.jpg\" \/>\n\t<meta property=\"og:image:width\" content=\"1880\" \/>\n\t<meta property=\"og:image:height\" content=\"1253\" \/>\n\t<meta property=\"og:image:type\" content=\"image\/jpeg\" \/>\n<meta name=\"author\" content=\"LaMagh\" \/>\n<meta name=\"twitter:card\" content=\"summary_large_image\" \/>\n<meta name=\"twitter:creator\" content=\"@MMaghreb50977\" \/>\n<meta name=\"twitter:label1\" content=\"Written by\" \/>\n\t<meta name=\"twitter:data1\" content=\"LaMagh\" \/>\n\t<meta name=\"twitter:label2\" content=\"Est. reading time\" \/>\n\t<meta name=\"twitter:data2\" content=\"4 minutes\" \/>\n<script type=\"application\/ld+json\" class=\"yoast-schema-graph\">{\"@context\":\"https:\\\/\\\/schema.org\",\"@graph\":[{\"@type\":\"Article\",\"@id\":\"https:\\\/\\\/monmaghreb.com\\\/index.php\\\/2026\\\/03\\\/14\\\/la-gauche-radicale-espagnole-prend-position-en-faveur-de-lislam-face-a-lextreme-droite-de-vox-une-solidarite-necessaire-pour-la-diversite-religieuse-en-espagne\\\/#article\",\"isPartOf\":{\"@id\":\"https:\\\/\\\/monmaghreb.com\\\/index.php\\\/2026\\\/03\\\/14\\\/la-gauche-radicale-espagnole-prend-position-en-faveur-de-lislam-face-a-lextreme-droite-de-vox-une-solidarite-necessaire-pour-la-diversite-religieuse-en-espagne\\\/\"},\"author\":{\"name\":\"LaMagh\",\"@id\":\"http:\\\/\\\/monmaghreb.com\\\/#\\\/schema\\\/person\\\/c469a89dc8c6b8987dcb438b1200d054\"},\"headline\":\"La gauche radicale espagnole prend position en faveur de l&#8217;islam face \u00e0 l&#8217;extr\u00eame droite de Vox : une solidarit\u00e9 n\u00e9cessaire pour la diversit\u00e9 religieuse en Espagne\",\"datePublished\":\"2026-03-14T20:05:17+00:00\",\"dateModified\":\"2026-03-14T20:05:19+00:00\",\"mainEntityOfPage\":{\"@id\":\"https:\\\/\\\/monmaghreb.com\\\/index.php\\\/2026\\\/03\\\/14\\\/la-gauche-radicale-espagnole-prend-position-en-faveur-de-lislam-face-a-lextreme-droite-de-vox-une-solidarite-necessaire-pour-la-diversite-religieuse-en-espagne\\\/\"},\"wordCount\":783,\"publisher\":{\"@id\":\"http:\\\/\\\/monmaghreb.com\\\/#organization\"},\"image\":{\"@id\":\"https:\\\/\\\/monmaghreb.com\\\/index.php\\\/2026\\\/03\\\/14\\\/la-gauche-radicale-espagnole-prend-position-en-faveur-de-lislam-face-a-lextreme-droite-de-vox-une-solidarite-necessaire-pour-la-diversite-religieuse-en-espagne\\\/#primaryimage\"},\"thumbnailUrl\":\"https:\\\/\\\/monmaghreb.com\\\/wp-content\\\/uploads\\\/2026\\\/03\\\/featured-107.jpg\",\"keywords\":[\"diversit\u00e9 religieuse\",\"espana actual\",\"extr\u00eame droite vox\",\"islam en espagne\",\"politique espagnole\"],\"articleSection\":[\"Religion\"],\"inLanguage\":\"en-US\"},{\"@type\":\"WebPage\",\"@id\":\"https:\\\/\\\/monmaghreb.com\\\/index.php\\\/2026\\\/03\\\/14\\\/la-gauche-radicale-espagnole-prend-position-en-faveur-de-lislam-face-a-lextreme-droite-de-vox-une-solidarite-necessaire-pour-la-diversite-religieuse-en-espagne\\\/\",\"url\":\"https:\\\/\\\/monmaghreb.com\\\/index.php\\\/2026\\\/03\\\/14\\\/la-gauche-radicale-espagnole-prend-position-en-faveur-de-lislam-face-a-lextreme-droite-de-vox-une-solidarite-necessaire-pour-la-diversite-religieuse-en-espagne\\\/\",\"name\":\"La gauche radicale espagnole prend position en faveur de l'i\",\"isPartOf\":{\"@id\":\"http:\\\/\\\/monmaghreb.com\\\/#website\"},\"primaryImageOfPage\":{\"@id\":\"https:\\\/\\\/monmaghreb.com\\\/index.php\\\/2026\\\/03\\\/14\\\/la-gauche-radicale-espagnole-prend-position-en-faveur-de-lislam-face-a-lextreme-droite-de-vox-une-solidarite-necessaire-pour-la-diversite-religieuse-en-espagne\\\/#primaryimage\"},\"image\":{\"@id\":\"https:\\\/\\\/monmaghreb.com\\\/index.php\\\/2026\\\/03\\\/14\\\/la-gauche-radicale-espagnole-prend-position-en-faveur-de-lislam-face-a-lextreme-droite-de-vox-une-solidarite-necessaire-pour-la-diversite-religieuse-en-espagne\\\/#primaryimage\"},\"thumbnailUrl\":\"https:\\\/\\\/monmaghreb.com\\\/wp-content\\\/uploads\\\/2026\\\/03\\\/featured-107.jpg\",\"datePublished\":\"2026-03-14T20:05:17+00:00\",\"dateModified\":\"2026-03-14T20:05:19+00:00\",\"description\":\"Spanish radical left supports Islam vs Vox: essential solidarity for religious diversity in Spain. Dive into Spain's complex social and political landscape.\",\"breadcrumb\":{\"@id\":\"https:\\\/\\\/monmaghreb.com\\\/index.php\\\/2026\\\/03\\\/14\\\/la-gauche-radicale-espagnole-prend-position-en-faveur-de-lislam-face-a-lextreme-droite-de-vox-une-solidarite-necessaire-pour-la-diversite-religieuse-en-espagne\\\/#breadcrumb\"},\"inLanguage\":\"en-US\",\"potentialAction\":[{\"@type\":\"ReadAction\",\"target\":[\"https:\\\/\\\/monmaghreb.com\\\/index.php\\\/2026\\\/03\\\/14\\\/la-gauche-radicale-espagnole-prend-position-en-faveur-de-lislam-face-a-lextreme-droite-de-vox-une-solidarite-necessaire-pour-la-diversite-religieuse-en-espagne\\\/\"]}]},{\"@type\":\"ImageObject\",\"inLanguage\":\"en-US\",\"@id\":\"https:\\\/\\\/monmaghreb.com\\\/index.php\\\/2026\\\/03\\\/14\\\/la-gauche-radicale-espagnole-prend-position-en-faveur-de-lislam-face-a-lextreme-droite-de-vox-une-solidarite-necessaire-pour-la-diversite-religieuse-en-espagne\\\/#primaryimage\",\"url\":\"https:\\\/\\\/monmaghreb.com\\\/wp-content\\\/uploads\\\/2026\\\/03\\\/featured-107.jpg\",\"contentUrl\":\"https:\\\/\\\/monmaghreb.com\\\/wp-content\\\/uploads\\\/2026\\\/03\\\/featured-107.jpg\",\"width\":1880,\"height\":1253,\"caption\":\"Spanish radical left leaders rallying in support of Islam against Vox\"},{\"@type\":\"BreadcrumbList\",\"@id\":\"https:\\\/\\\/monmaghreb.com\\\/index.php\\\/2026\\\/03\\\/14\\\/la-gauche-radicale-espagnole-prend-position-en-faveur-de-lislam-face-a-lextreme-droite-de-vox-une-solidarite-necessaire-pour-la-diversite-religieuse-en-espagne\\\/#breadcrumb\",\"itemListElement\":[{\"@type\":\"ListItem\",\"position\":1,\"name\":\"Home\",\"item\":\"http:\\\/\\\/monmaghreb.com\\\/\"},{\"@type\":\"ListItem\",\"position\":2,\"name\":\"La gauche radicale espagnole prend position en faveur de l&#8217;islam face \u00e0 l&#8217;extr\u00eame droite de Vox : une solidarit\u00e9 n\u00e9cessaire pour la diversit\u00e9 religieuse en Espagne\"}]},{\"@type\":\"WebSite\",\"@id\":\"http:\\\/\\\/monmaghreb.com\\\/#website\",\"url\":\"http:\\\/\\\/monmaghreb.com\\\/\",\"name\":\"Mon Maghreb\",\"description\":\"MonMaghreb United\",\"publisher\":{\"@id\":\"http:\\\/\\\/monmaghreb.com\\\/#organization\"},\"alternateName\":\"Le Monde du Maghreb et au del\u00e0\",\"potentialAction\":[{\"@type\":\"SearchAction\",\"target\":{\"@type\":\"EntryPoint\",\"urlTemplate\":\"http:\\\/\\\/monmaghreb.com\\\/?s={search_term_string}\"},\"query-input\":{\"@type\":\"PropertyValueSpecification\",\"valueRequired\":true,\"valueName\":\"search_term_string\"}}],\"inLanguage\":\"en-US\"},{\"@type\":\"Organization\",\"@id\":\"http:\\\/\\\/monmaghreb.com\\\/#organization\",\"name\":\"Mon Maghreb\",\"url\":\"http:\\\/\\\/monmaghreb.com\\\/\",\"logo\":{\"@type\":\"ImageObject\",\"inLanguage\":\"en-US\",\"@id\":\"http:\\\/\\\/monmaghreb.com\\\/#\\\/schema\\\/logo\\\/image\\\/\",\"url\":\"https:\\\/\\\/monmaghreb.com\\\/wp-content\\\/uploads\\\/2025\\\/12\\\/Mon_Maghreb_Logo.jpg\",\"contentUrl\":\"https:\\\/\\\/monmaghreb.com\\\/wp-content\\\/uploads\\\/2025\\\/12\\\/Mon_Maghreb_Logo.jpg\",\"width\":814,\"height\":374,\"caption\":\"Mon Maghreb\"},\"image\":{\"@id\":\"http:\\\/\\\/monmaghreb.com\\\/#\\\/schema\\\/logo\\\/image\\\/\"}},{\"@type\":\"Person\",\"@id\":\"http:\\\/\\\/monmaghreb.com\\\/#\\\/schema\\\/person\\\/c469a89dc8c6b8987dcb438b1200d054\",\"name\":\"LaMagh\",\"image\":{\"@type\":\"ImageObject\",\"inLanguage\":\"en-US\",\"@id\":\"https:\\\/\\\/secure.gravatar.com\\\/avatar\\\/399d8144bd55fba55e056779aca52fe528bac7911f6449e54d81173d6dfd7f0a?s=96&d=mm&r=g\",\"url\":\"https:\\\/\\\/secure.gravatar.com\\\/avatar\\\/399d8144bd55fba55e056779aca52fe528bac7911f6449e54d81173d6dfd7f0a?s=96&d=mm&r=g\",\"contentUrl\":\"https:\\\/\\\/secure.gravatar.com\\\/avatar\\\/399d8144bd55fba55e056779aca52fe528bac7911f6449e54d81173d6dfd7f0a?s=96&d=mm&r=g\",\"caption\":\"LaMagh\"},\"sameAs\":[\"https:\\\/\\\/monmaghreb.com\",\"https:\\\/\\\/www.facebook.com\\\/monmaghrebcom\",\"https:\\\/\\\/x.com\\\/MMaghreb50977\"],\"url\":\"https:\\\/\\\/monmaghreb.com\\\/index.php\\\/author\\\/lamagh\\\/\"}]}<\/script>\n<!-- \/ Yoast SEO plugin. -->","yoast_head_json":{"title":"La gauche radicale espagnole prend position en faveur de l'i","description":"Spanish radical left supports Islam vs Vox: essential solidarity for religious diversity in Spain. Dive into Spain's complex social and political landscape.","robots":{"index":"index","follow":"follow","max-snippet":"max-snippet:-1","max-image-preview":"max-image-preview:large","max-video-preview":"max-video-preview:-1"},"canonical":"https:\/\/monmaghreb.com\/index.php\/2026\/03\/14\/la-gauche-radicale-espagnole-prend-position-en-faveur-de-lislam-face-a-lextreme-droite-de-vox-une-solidarite-necessaire-pour-la-diversite-religieuse-en-espagne\/","og_locale":"en_US","og_type":"article","og_title":"La gauche radicale espagnole prend position en faveur de l'islam face \u00e0 l'extr\u00eame droite de Vox : une solidarit\u00e9 n\u00e9cessaire pour la diversit\u00e9 religieuse en Espagne","og_description":"Spanish radical left supports Islam vs Vox: essential solidarity for religious diversity in Spain. Dive into Spain's complex social and political landscape.","og_url":"https:\/\/monmaghreb.com\/index.php\/2026\/03\/14\/la-gauche-radicale-espagnole-prend-position-en-faveur-de-lislam-face-a-lextreme-droite-de-vox-une-solidarite-necessaire-pour-la-diversite-religieuse-en-espagne\/","og_site_name":"Mon Maghreb","article_author":"https:\/\/www.facebook.com\/monmaghrebcom","article_published_time":"2026-03-14T20:05:17+00:00","article_modified_time":"2026-03-14T20:05:19+00:00","og_image":[{"width":1880,"height":1253,"url":"https:\/\/monmaghreb.com\/wp-content\/uploads\/2026\/03\/featured-107.jpg","type":"image\/jpeg"}],"author":"LaMagh","twitter_card":"summary_large_image","twitter_creator":"@MMaghreb50977","twitter_misc":{"Written by":"LaMagh","Est. reading time":"4 minutes"},"schema":{"@context":"https:\/\/schema.org","@graph":[{"@type":"Article","@id":"https:\/\/monmaghreb.com\/index.php\/2026\/03\/14\/la-gauche-radicale-espagnole-prend-position-en-faveur-de-lislam-face-a-lextreme-droite-de-vox-une-solidarite-necessaire-pour-la-diversite-religieuse-en-espagne\/#article","isPartOf":{"@id":"https:\/\/monmaghreb.com\/index.php\/2026\/03\/14\/la-gauche-radicale-espagnole-prend-position-en-faveur-de-lislam-face-a-lextreme-droite-de-vox-une-solidarite-necessaire-pour-la-diversite-religieuse-en-espagne\/"},"author":{"name":"LaMagh","@id":"http:\/\/monmaghreb.com\/#\/schema\/person\/c469a89dc8c6b8987dcb438b1200d054"},"headline":"La gauche radicale espagnole prend position en faveur de l&#8217;islam face \u00e0 l&#8217;extr\u00eame droite de Vox : une solidarit\u00e9 n\u00e9cessaire pour la diversit\u00e9 religieuse en Espagne","datePublished":"2026-03-14T20:05:17+00:00","dateModified":"2026-03-14T20:05:19+00:00","mainEntityOfPage":{"@id":"https:\/\/monmaghreb.com\/index.php\/2026\/03\/14\/la-gauche-radicale-espagnole-prend-position-en-faveur-de-lislam-face-a-lextreme-droite-de-vox-une-solidarite-necessaire-pour-la-diversite-religieuse-en-espagne\/"},"wordCount":783,"publisher":{"@id":"http:\/\/monmaghreb.com\/#organization"},"image":{"@id":"https:\/\/monmaghreb.com\/index.php\/2026\/03\/14\/la-gauche-radicale-espagnole-prend-position-en-faveur-de-lislam-face-a-lextreme-droite-de-vox-une-solidarite-necessaire-pour-la-diversite-religieuse-en-espagne\/#primaryimage"},"thumbnailUrl":"https:\/\/monmaghreb.com\/wp-content\/uploads\/2026\/03\/featured-107.jpg","keywords":["diversit\u00e9 religieuse","espana actual","extr\u00eame droite vox","islam en espagne","politique espagnole"],"articleSection":["Religion"],"inLanguage":"en-US"},{"@type":"WebPage","@id":"https:\/\/monmaghreb.com\/index.php\/2026\/03\/14\/la-gauche-radicale-espagnole-prend-position-en-faveur-de-lislam-face-a-lextreme-droite-de-vox-une-solidarite-necessaire-pour-la-diversite-religieuse-en-espagne\/","url":"https:\/\/monmaghreb.com\/index.php\/2026\/03\/14\/la-gauche-radicale-espagnole-prend-position-en-faveur-de-lislam-face-a-lextreme-droite-de-vox-une-solidarite-necessaire-pour-la-diversite-religieuse-en-espagne\/","name":"La gauche radicale espagnole prend position en faveur de l'i","isPartOf":{"@id":"http:\/\/monmaghreb.com\/#website"},"primaryImageOfPage":{"@id":"https:\/\/monmaghreb.com\/index.php\/2026\/03\/14\/la-gauche-radicale-espagnole-prend-position-en-faveur-de-lislam-face-a-lextreme-droite-de-vox-une-solidarite-necessaire-pour-la-diversite-religieuse-en-espagne\/#primaryimage"},"image":{"@id":"https:\/\/monmaghreb.com\/index.php\/2026\/03\/14\/la-gauche-radicale-espagnole-prend-position-en-faveur-de-lislam-face-a-lextreme-droite-de-vox-une-solidarite-necessaire-pour-la-diversite-religieuse-en-espagne\/#primaryimage"},"thumbnailUrl":"https:\/\/monmaghreb.com\/wp-content\/uploads\/2026\/03\/featured-107.jpg","datePublished":"2026-03-14T20:05:17+00:00","dateModified":"2026-03-14T20:05:19+00:00","description":"Spanish radical left supports Islam vs Vox: essential solidarity for religious diversity in Spain. Dive into Spain's complex social and political landscape.","breadcrumb":{"@id":"https:\/\/monmaghreb.com\/index.php\/2026\/03\/14\/la-gauche-radicale-espagnole-prend-position-en-faveur-de-lislam-face-a-lextreme-droite-de-vox-une-solidarite-necessaire-pour-la-diversite-religieuse-en-espagne\/#breadcrumb"},"inLanguage":"en-US","potentialAction":[{"@type":"ReadAction","target":["https:\/\/monmaghreb.com\/index.php\/2026\/03\/14\/la-gauche-radicale-espagnole-prend-position-en-faveur-de-lislam-face-a-lextreme-droite-de-vox-une-solidarite-necessaire-pour-la-diversite-religieuse-en-espagne\/"]}]},{"@type":"ImageObject","inLanguage":"en-US","@id":"https:\/\/monmaghreb.com\/index.php\/2026\/03\/14\/la-gauche-radicale-espagnole-prend-position-en-faveur-de-lislam-face-a-lextreme-droite-de-vox-une-solidarite-necessaire-pour-la-diversite-religieuse-en-espagne\/#primaryimage","url":"https:\/\/monmaghreb.com\/wp-content\/uploads\/2026\/03\/featured-107.jpg","contentUrl":"https:\/\/monmaghreb.com\/wp-content\/uploads\/2026\/03\/featured-107.jpg","width":1880,"height":1253,"caption":"Spanish radical left leaders rallying in support of Islam against Vox"},{"@type":"BreadcrumbList","@id":"https:\/\/monmaghreb.com\/index.php\/2026\/03\/14\/la-gauche-radicale-espagnole-prend-position-en-faveur-de-lislam-face-a-lextreme-droite-de-vox-une-solidarite-necessaire-pour-la-diversite-religieuse-en-espagne\/#breadcrumb","itemListElement":[{"@type":"ListItem","position":1,"name":"Home","item":"http:\/\/monmaghreb.com\/"},{"@type":"ListItem","position":2,"name":"La gauche radicale espagnole prend position en faveur de l&#8217;islam face \u00e0 l&#8217;extr\u00eame droite de Vox : une solidarit\u00e9 n\u00e9cessaire pour la diversit\u00e9 religieuse en Espagne"}]},{"@type":"WebSite","@id":"http:\/\/monmaghreb.com\/#website","url":"http:\/\/monmaghreb.com\/","name":"Mon Maghreb","description":"MonMaghreb United","publisher":{"@id":"http:\/\/monmaghreb.com\/#organization"},"alternateName":"Le Monde du Maghreb et au del\u00e0","potentialAction":[{"@type":"SearchAction","target":{"@type":"EntryPoint","urlTemplate":"http:\/\/monmaghreb.com\/?s={search_term_string}"},"query-input":{"@type":"PropertyValueSpecification","valueRequired":true,"valueName":"search_term_string"}}],"inLanguage":"en-US"},{"@type":"Organization","@id":"http:\/\/monmaghreb.com\/#organization","name":"Mon Maghreb","url":"http:\/\/monmaghreb.com\/","logo":{"@type":"ImageObject","inLanguage":"en-US","@id":"http:\/\/monmaghreb.com\/#\/schema\/logo\/image\/","url":"https:\/\/monmaghreb.com\/wp-content\/uploads\/2025\/12\/Mon_Maghreb_Logo.jpg","contentUrl":"https:\/\/monmaghreb.com\/wp-content\/uploads\/2025\/12\/Mon_Maghreb_Logo.jpg","width":814,"height":374,"caption":"Mon Maghreb"},"image":{"@id":"http:\/\/monmaghreb.com\/#\/schema\/logo\/image\/"}},{"@type":"Person","@id":"http:\/\/monmaghreb.com\/#\/schema\/person\/c469a89dc8c6b8987dcb438b1200d054","name":"LaMagh","image":{"@type":"ImageObject","inLanguage":"en-US","@id":"https:\/\/secure.gravatar.com\/avatar\/399d8144bd55fba55e056779aca52fe528bac7911f6449e54d81173d6dfd7f0a?s=96&d=mm&r=g","url":"https:\/\/secure.gravatar.com\/avatar\/399d8144bd55fba55e056779aca52fe528bac7911f6449e54d81173d6dfd7f0a?s=96&d=mm&r=g","contentUrl":"https:\/\/secure.gravatar.com\/avatar\/399d8144bd55fba55e056779aca52fe528bac7911f6449e54d81173d6dfd7f0a?s=96&d=mm&r=g","caption":"LaMagh"},"sameAs":["https:\/\/monmaghreb.com","https:\/\/www.facebook.com\/monmaghrebcom","https:\/\/x.com\/MMaghreb50977"],"url":"https:\/\/monmaghreb.com\/index.php\/author\/lamagh\/"}]}},"_links":{"self":[{"href":"https:\/\/monmaghreb.com\/index.php\/wp-json\/wp\/v2\/posts\/1184","targetHints":{"allow":["GET"]}}],"collection":[{"href":"https:\/\/monmaghreb.com\/index.php\/wp-json\/wp\/v2\/posts"}],"about":[{"href":"https:\/\/monmaghreb.com\/index.php\/wp-json\/wp\/v2\/types\/post"}],"author":[{"embeddable":true,"href":"https:\/\/monmaghreb.com\/index.php\/wp-json\/wp\/v2\/users\/1"}],"replies":[{"embeddable":true,"href":"https:\/\/monmaghreb.com\/index.php\/wp-json\/wp\/v2\/comments?post=1184"}],"version-history":[{"count":1,"href":"https:\/\/monmaghreb.com\/index.php\/wp-json\/wp\/v2\/posts\/1184\/revisions"}],"predecessor-version":[{"id":1185,"href":"https:\/\/monmaghreb.com\/index.php\/wp-json\/wp\/v2\/posts\/1184\/revisions\/1185"}],"wp:featuredmedia":[{"embeddable":true,"href":"https:\/\/monmaghreb.com\/index.php\/wp-json\/wp\/v2\/media\/1183"}],"wp:attachment":[{"href":"https:\/\/monmaghreb.com\/index.php\/wp-json\/wp\/v2\/media?parent=1184"}],"wp:term":[{"taxonomy":"category","embeddable":true,"href":"https:\/\/monmaghreb.com\/index.php\/wp-json\/wp\/v2\/categories?post=1184"},{"taxonomy":"post_tag","embeddable":true,"href":"https:\/\/monmaghreb.com\/index.php\/wp-json\/wp\/v2\/tags?post=1184"}],"curies":[{"name":"wp","href":"https:\/\/api.w.org\/{rel}","templated":true}]}}