{"id":1187,"date":"2026-03-15T04:28:30","date_gmt":"2026-03-15T04:28:30","guid":{"rendered":"https:\/\/monmaghreb.com\/index.php\/2026\/03\/15\/aid-el-kebir-la-grande-fete-musulmane-qui-commence-ce-vendredi\/"},"modified":"2026-03-15T04:28:33","modified_gmt":"2026-03-15T04:28:33","slug":"aid-el-kebir-la-grande-fete-musulmane-qui-commence-ce-vendredi","status":"publish","type":"post","link":"https:\/\/monmaghreb.com\/index.php\/2026\/03\/15\/aid-el-kebir-la-grande-fete-musulmane-qui-commence-ce-vendredi\/","title":{"rendered":"A\u00efd el-K\u00e9bir : La grande f\u00eate musulmane qui commence ce vendredi"},"content":{"rendered":"<p><!DOCTYPE html><br \/>\n<html lang='fr'><br \/>\n<head><br \/>\n  <meta charset='UTF-8'><br \/>\n  <meta name='viewport' content='width=device-width, initial-scale=1.0'><br \/>\n  <title>A\u00efd el-K\u00e9bir : La grande f\u00eate <a href=\"https:\/\/monmaghreb.com\/index.php\/2026\/03\/12\/aid-el-kebir-une-grande-fete-musulmane-a-la-portee-de-tous\/\" title=\"Aid el-K\u00e9bir : Une grande f\u00eate musulmane \u00e0 la port\u00e9e de tous\">musulmane<\/a> qui commence ce vendredi<\/title><br \/>\n<\/head><br \/>\n<body><\/p>\n<h1>A\u00efd el-K\u00e9bir : La grande f\u00eate musulmane qui d\u00e9bute ce vendredi<\/h1>\n<p>  <script type=\"application\/ld+json\">\n{\n  \"@context\": \"https:\/\/schema.org\/\",\n  \"@type\": \"Recipe\",\n  \"name\": \"A\u00efd el-K\u00e9bir\",\n  \"description\": \"La grande f\u00eate musulmane qui commence ce vendredi\",\n  \"prepTime\": \"PT15M\",\n  \"cookTime\": \"PT30M\",\n  \"totalTime\": \"PT45M\",\n  \"recipeYield\": \"4 portions\",\n  \"recipeIngredient\": [\n    \"200g semoule\"\n  ],\n  \"recipeInstructions\": [\n    {\n      \"@type\": \"HowToStep\",\n      \"text\": \"\u00c9tape 1: ...\"\n    }\n  ],\n  \"recipeCategory\": \"Main Course\",\n  \"recipeCuisine\": \"Marocaine\",\n  \"keywords\": [\n    \"recette\",\n    \"maghreb\"\n  ],\n  \"datePublished\": \"2026-03-15\",\n  \"author\": {\n    \"@type\": \"Organization\",\n    \"name\": \"\"\n  },\n  \"nutrition\": {\n    \"@type\": \"NutritionInformation\",\n    \"calories\": \"350 calories\"\n  }\n}\n<\/script><\/p>\n<p>Chers lecteurs maghr\u00e9bins de la diaspora, nous sommes ravis de vous accueillir sur notre blog. A cette occasion, nous vous proposons un article sur une des f\u00eates les plus importantes du calendrier musulman : l&#8217;A\u00efd el-K\u00e9bir. Cette grande f\u00eate musulmane c\u00e9l\u00e8bre le sacrifice d&#8217;Isma\u00ebl par Abraham et marque la fin du p\u00e8lerinage \u00e0 la Mecque.<\/p>\n<h2>Quel est l&#8217;origine de l&#8217;A\u00efd el-K\u00e9bir ?<\/h2>\n<p>L&#8217;A\u00efd el-K\u00e9bir, \u00e9galement connu sous le nom de \u00ab f\u00eate du Grand Sacrifice \u00bb, a des racines profondes dans les \u00c9critures sacr\u00e9es musulmanes. Selon le Coran, Abraham re\u00e7oit une r\u00e9v\u00e9lation divine lui demandant d&#8217;immoler son fils Isma\u00ebl en lieu et place de l&#8217;agneau que Dieu lui-m\u00eame avait r\u00e9serv\u00e9 pour le sacrifice. Cela montre la confiance totale d&#8217;Abraham dans la volont\u00e9 divine.<\/p>\n<p>La date exacte de l&#8217;A\u00efd el-K\u00e9bir varie chaque ann\u00e9e dans le calendrier solaire, car elle suit le calendrier lunaire islamique. Cependant, cette f\u00eate est g\u00e9n\u00e9ralement c\u00e9l\u00e9br\u00e9e entre le 10 et le 13 du mois d&#8217;Hachraban, soit en novembre ou en d\u00e9cembre.<\/p>\n<h2>Quel est le rituel de l&#8217;A\u00efd el-K\u00e9bir ?<\/h2>\n<p>Lors de l&#8217;A\u00efd el-K\u00e9bir, les musulmans se r\u00e9unissent pour la pri\u00e8re matinale dans leur mosqu\u00e9e locale. Puis, ils reviennent \u00e0 leur foyer et mangent un petit d\u00e9jeuner avant le sacrifice. Les animaux sacrifi\u00e9s sont g\u00e9n\u00e9ralement des moutons ou des agneaux.<\/p>\n<p>Le sacrifice consiste \u00e0 offrir l&#8217;animal aux musulmans pour qu&#8217;ils puissent partager la nourriture avec leur famille et leurs amis. Cette tradition est une mani\u00e8re de reconna\u00eetre la mis\u00e9ricorde divine, en suivant l&#8217;exemple d&#8217;Abraham.<\/p>\n<h2>Quels sont les significations de l&#8217;A\u00efd el-K\u00e9bir ?<\/h2>\n<p>L&#8217;A\u00efd el-K\u00e9bir a plusieurs significations pour les musulmans. En premier, cela est un moment pour honorer la tradition et les \u00c9critures sacr\u00e9es du Coran. De plus, cette f\u00eate est une occasion de remercier Dieu pour la nourriture abondante et de partager l&#8217;aide entre eux-m\u00eames.<\/p>\n<p>Les musulmans c\u00e9l\u00e9brant l&#8217;A\u00efd el-K\u00e9bir s&#8217;assurent d&#8217;\u00eatre reconnaissants et de vivre en harmonie avec leur communaut\u00e9. Enfin, l&#8217;immolation du sacrifice est un geste symbolique, rappelant \u00e0 la m\u00e9moire le sacrifice que Abraham a effectu\u00e9 sur la demande divine.<\/p>\n<h2>Comment l&#8217;A\u00efd el-K\u00e9bir est-il c\u00e9l\u00e9br\u00e9 dans le Maghreb ?<\/h2>\n<p>Dans le Maghreb, l&#8217;A\u00efd el-K\u00e9bir est une f\u00eate majeure et est marqu\u00e9e par des celebrations populaires et festives. Les rues sont orn\u00e9es de drapeaux et d&#8217;enseignes, tandis que des spectacles de taureaux sont organis\u00e9s dans plusieurs villes maghr\u00e9bines.<\/p>\n<ul>\n<li>Les musulmans se r\u00e9unissent dans leurs villes natales pour c\u00e9l\u00e9brer l&#8217;\u00e9v\u00e9nement avec leur famille et amis.<\/li>\n<li>Le jour de l&#8217;A\u00efd el-K\u00e9bir, les familles se rassemblent pour partager des repas traditionnels et des b\u00e9n\u00e9dictions.<\/li>\n<li>Les musulmans partagent du nourriture, des b\u00e9n\u00e9dictions et des remerciements \u00e0 leur famille et amis.<\/li>\n<\/ul>\n<h2>Appel \u00e0 l&#8217;action<\/h2>\n<p>Chers lecteurs maghr\u00e9bins de la diaspora, nous vous encouragons \u00e0 c\u00e9l\u00e9brer l&#8217;A\u00efd el-K\u00e9bir avec votre famille et amis. Cette f\u00eate est un moment important pour honorer la tradition musulmane et se r\u00e9unir en harmonie.<\/p>\n<p>Vous pouvez \u00e9galement participer \u00e0 des activit\u00e9s de charit\u00e9 pendant cette p\u00e9riode, afin d&#8217;aider ceux qui sont moins chanceux et de promouvoir la compr\u00e9hension et la paix dans notre communaut\u00e9.<\/p>\n<div style=\"background:#f8f9fa;border-left:4px solid #0066cc;border-radius:6px;padding:20px 24px;margin:32px 0;\">\n<p style=\"font-size:13px;color:#888;text-transform:uppercase;letter-spacing:0.8px;margin:0 0 6px 0;\">Vous pourriez aussi aimer<\/p>\n<h3 style=\"font-size:18px;margin:0 0 14px 0;color:#222;\">Articles similaires<\/h3>\n<ul style=\"margin:0;padding-left:20px;list-style:disc;\">\n<li style=\"margin-bottom:10px;\"><a href=\"https:\/\/monmaghreb.com\/index.php\/2026\/03\/12\/aid-el-kebir-une-grande-fete-musulmane-a-la-portee-de-tous\/\" style=\"color:#0066cc;text-decoration:none;font-weight:500;\" title=\"Aid el-K\u00e9bir : Une grande f\u00eate musulmane \u00e0 la port\u00e9e de tous\">Aid el-K\u00e9bir : Une grande f\u00eate musulmane \u00e0 la port\u00e9e de tous<\/a><\/li>\n<li style=\"margin-bottom:10px;\"><a href=\"https:\/\/monmaghreb.com\/index.php\/2026\/03\/13\/aid-al-adha-la-grande-fete-musulmane-de-lannee-le-26-mai-2\/\" style=\"color:#0066cc;text-decoration:none;font-weight:500;\" title=\"Aid al-Adha : la grande f\u00eate musulmane de l&#8217;ann\u00e9e, le 26 mai\">Aid al-Adha : la grande f\u00eate musulmane de l&#8217;ann\u00e9e, le 26 mai<\/a><\/li>\n<li style=\"margin-bottom:10px;\"><a href=\"https:\/\/monmaghreb.com\/index.php\/2026\/03\/13\/aid-al-adha-la-grande-fete-musulmane-de-lannee-le-26-mai\/\" style=\"color:#0066cc;text-decoration:none;font-weight:500;\" title=\"Aid al-Adha : la grande f\u00eate musulmane de l&#8217;ann\u00e9e, le 26 mai\">Aid al-Adha : la grande f\u00eate musulmane de l&#8217;ann\u00e9e, le 26 mai<\/a><\/li>\n<li style=\"margin-bottom:10px;\"><a href=\"https:\/\/monmaghreb.com\/index.php\/2026\/03\/14\/enlevement-masque-dun-nombre-record-de-personnes-lors-dune-fete-musulmane-au-nigeria\/\" style=\"color:#0066cc;text-decoration:none;font-weight:500;\" title=\"Enl\u00e8vement masqu\u00e9 d&#8217;un nombre record de personnes lors d&#8217;une f\u00eate musulmane au Nigeria\">Enl\u00e8vement masqu\u00e9 d&#8217;un nombre record de personnes lors d&#8217;une f\u00eate musulmane au Nigeria<\/a><\/li>\n<li style=\"margin-bottom:10px;\"><a href=\"https:\/\/monmaghreb.com\/index.php\/2026\/03\/14\/aid-el-fitr-a-lyon-la-grande-mosquee-repond-aux-questions-des-musulmans-de-la-diaspora-maghrebine-en-fin-de-ramadan-2026\/\" style=\"color:#0066cc;text-decoration:none;font-weight:500;\" title=\"Aid el-Fitr \u00e0 Lyon : la Grande Mosqu\u00e9e r\u00e9pond aux questions des musulmans de la diaspora Maghr\u00e9bine en fin de Ramadan 2026\">Aid el-Fitr \u00e0 Lyon : la Grande Mosqu\u00e9e r\u00e9pond aux questions des musulmans de la diaspora Maghr\u00e9bine en fin de Ramadan 2026<\/a><\/li>\n<\/ul>\n<\/div>\n<p><\/body><br \/>\n<\/html><\/p>\n","protected":false},"excerpt":{"rendered":"<p>Discover the Aid el-Kebir Festival, a major Muslim holiday starting this Friday. Join us as we explore its origins and traditions. Don&#8217;t miss out!<\/p>\n","protected":false},"author":1,"featured_media":1186,"comment_status":"closed","ping_status":"open","sticky":false,"template":"","format":"standard","meta":{"_yoast_wpseo_focuskw":"Aid el-Kebir festival","_yoast_wpseo_title":"A\u00efd el-K\u00e9bir : La grande f\u00eate musulmane qui commence ce vend","_yoast_wpseo_metadesc":"Discover the Aid el-Kebir Festival, a major Muslim holiday starting this Friday. Join us as we explore its origins and traditions. Don't miss out!","_yoast_wpseo_canonical":"","_yoast_wpseo_opengraph-title":"A\u00efd el-K\u00e9bir : La grande f\u00eate musulmane qui commence ce vendredi","_yoast_wpseo_opengraph-description":"Discover the Aid el-Kebir Festival, a major Muslim holiday starting this Friday. Join us as we explore its origins and traditions. Don't miss out!","_yoast_wpseo_opengraph-image":"","tdm_status":"","tdm_grid_status":"","footnotes":""},"categories":[651],"tags":[832,913,912,911,910],"class_list":["post-1187","post","type-post","status-publish","format-standard","has-post-thumbnail","hentry","category-ramadan-iftar","tag-aid-el-kebir","tag-diaspora-guide","tag-maghrebin-culture","tag-mecque-pilgrimage","tag-muslim-holiday"],"yoast_head":"<!-- This site is optimized with the Yoast SEO plugin v27.5 - https:\/\/yoast.com\/product\/yoast-seo-wordpress\/ -->\n<title>A\u00efd el-K\u00e9bir : La grande f\u00eate musulmane qui commence ce vend<\/title>\n<meta name=\"description\" content=\"Discover the Aid el-Kebir Festival, a major Muslim holiday starting this Friday. Join us as we explore its origins and traditions. Don&#039;t miss out!\" \/>\n<meta name=\"robots\" content=\"index, follow, max-snippet:-1, max-image-preview:large, max-video-preview:-1\" \/>\n<link rel=\"canonical\" href=\"https:\/\/monmaghreb.com\/index.php\/2026\/03\/15\/aid-el-kebir-la-grande-fete-musulmane-qui-commence-ce-vendredi\/\" \/>\n<meta property=\"og:locale\" content=\"en_US\" \/>\n<meta property=\"og:type\" content=\"article\" \/>\n<meta property=\"og:title\" content=\"A\u00efd el-K\u00e9bir : La grande f\u00eate musulmane qui commence ce vendredi\" \/>\n<meta property=\"og:description\" content=\"Discover the Aid el-Kebir Festival, a major Muslim holiday starting this Friday. Join us as we explore its origins and traditions. Don&#039;t miss out!\" \/>\n<meta property=\"og:url\" content=\"https:\/\/monmaghreb.com\/index.php\/2026\/03\/15\/aid-el-kebir-la-grande-fete-musulmane-qui-commence-ce-vendredi\/\" \/>\n<meta property=\"og:site_name\" content=\"Mon Maghreb\" \/>\n<meta property=\"article:author\" content=\"https:\/\/www.facebook.com\/monmaghrebcom\" \/>\n<meta property=\"article:published_time\" content=\"2026-03-15T04:28:30+00:00\" \/>\n<meta property=\"article:modified_time\" content=\"2026-03-15T04:28:33+00:00\" \/>\n<meta property=\"og:image\" content=\"https:\/\/monmaghreb.com\/wp-content\/uploads\/2026\/03\/featured-108.jpg\" \/>\n\t<meta property=\"og:image:width\" content=\"1880\" \/>\n\t<meta property=\"og:image:height\" content=\"1253\" \/>\n\t<meta property=\"og:image:type\" content=\"image\/jpeg\" \/>\n<meta name=\"author\" content=\"LaMagh\" \/>\n<meta name=\"twitter:card\" content=\"summary_large_image\" \/>\n<meta name=\"twitter:creator\" content=\"@MMaghreb50977\" \/>\n<meta name=\"twitter:label1\" content=\"Written by\" \/>\n\t<meta name=\"twitter:data1\" content=\"LaMagh\" \/>\n\t<meta name=\"twitter:label2\" content=\"Est. reading time\" \/>\n\t<meta name=\"twitter:data2\" content=\"3 minutes\" \/>\n<script type=\"application\/ld+json\" class=\"yoast-schema-graph\">{\"@context\":\"https:\\\/\\\/schema.org\",\"@graph\":[{\"@type\":\"Article\",\"@id\":\"https:\\\/\\\/monmaghreb.com\\\/index.php\\\/2026\\\/03\\\/15\\\/aid-el-kebir-la-grande-fete-musulmane-qui-commence-ce-vendredi\\\/#article\",\"isPartOf\":{\"@id\":\"https:\\\/\\\/monmaghreb.com\\\/index.php\\\/2026\\\/03\\\/15\\\/aid-el-kebir-la-grande-fete-musulmane-qui-commence-ce-vendredi\\\/\"},\"author\":{\"name\":\"LaMagh\",\"@id\":\"http:\\\/\\\/monmaghreb.com\\\/#\\\/schema\\\/person\\\/c469a89dc8c6b8987dcb438b1200d054\"},\"headline\":\"A\u00efd el-K\u00e9bir : La grande f\u00eate musulmane qui commence ce vendredi\",\"datePublished\":\"2026-03-15T04:28:30+00:00\",\"dateModified\":\"2026-03-15T04:28:33+00:00\",\"mainEntityOfPage\":{\"@id\":\"https:\\\/\\\/monmaghreb.com\\\/index.php\\\/2026\\\/03\\\/15\\\/aid-el-kebir-la-grande-fete-musulmane-qui-commence-ce-vendredi\\\/\"},\"wordCount\":724,\"publisher\":{\"@id\":\"http:\\\/\\\/monmaghreb.com\\\/#organization\"},\"image\":{\"@id\":\"https:\\\/\\\/monmaghreb.com\\\/index.php\\\/2026\\\/03\\\/15\\\/aid-el-kebir-la-grande-fete-musulmane-qui-commence-ce-vendredi\\\/#primaryimage\"},\"thumbnailUrl\":\"https:\\\/\\\/monmaghreb.com\\\/wp-content\\\/uploads\\\/2026\\\/03\\\/featured-108.jpg\",\"keywords\":[\"aid el k\u00e9bir\",\"diaspora guide\",\"maghrebin culture\",\"mecque pilgrimage\",\"muslim holiday\"],\"articleSection\":[\"Ramadan &amp; Iftar\"],\"inLanguage\":\"en-US\"},{\"@type\":\"WebPage\",\"@id\":\"https:\\\/\\\/monmaghreb.com\\\/index.php\\\/2026\\\/03\\\/15\\\/aid-el-kebir-la-grande-fete-musulmane-qui-commence-ce-vendredi\\\/\",\"url\":\"https:\\\/\\\/monmaghreb.com\\\/index.php\\\/2026\\\/03\\\/15\\\/aid-el-kebir-la-grande-fete-musulmane-qui-commence-ce-vendredi\\\/\",\"name\":\"A\u00efd el-K\u00e9bir : La grande f\u00eate musulmane qui commence ce vend\",\"isPartOf\":{\"@id\":\"http:\\\/\\\/monmaghreb.com\\\/#website\"},\"primaryImageOfPage\":{\"@id\":\"https:\\\/\\\/monmaghreb.com\\\/index.php\\\/2026\\\/03\\\/15\\\/aid-el-kebir-la-grande-fete-musulmane-qui-commence-ce-vendredi\\\/#primaryimage\"},\"image\":{\"@id\":\"https:\\\/\\\/monmaghreb.com\\\/index.php\\\/2026\\\/03\\\/15\\\/aid-el-kebir-la-grande-fete-musulmane-qui-commence-ce-vendredi\\\/#primaryimage\"},\"thumbnailUrl\":\"https:\\\/\\\/monmaghreb.com\\\/wp-content\\\/uploads\\\/2026\\\/03\\\/featured-108.jpg\",\"datePublished\":\"2026-03-15T04:28:30+00:00\",\"dateModified\":\"2026-03-15T04:28:33+00:00\",\"description\":\"Discover the Aid el-Kebir Festival, a major Muslim holiday starting this Friday. Join us as we explore its origins and traditions. Don't miss out!\",\"breadcrumb\":{\"@id\":\"https:\\\/\\\/monmaghreb.com\\\/index.php\\\/2026\\\/03\\\/15\\\/aid-el-kebir-la-grande-fete-musulmane-qui-commence-ce-vendredi\\\/#breadcrumb\"},\"inLanguage\":\"en-US\",\"potentialAction\":[{\"@type\":\"ReadAction\",\"target\":[\"https:\\\/\\\/monmaghreb.com\\\/index.php\\\/2026\\\/03\\\/15\\\/aid-el-kebir-la-grande-fete-musulmane-qui-commence-ce-vendredi\\\/\"]}]},{\"@type\":\"ImageObject\",\"inLanguage\":\"en-US\",\"@id\":\"https:\\\/\\\/monmaghreb.com\\\/index.php\\\/2026\\\/03\\\/15\\\/aid-el-kebir-la-grande-fete-musulmane-qui-commence-ce-vendredi\\\/#primaryimage\",\"url\":\"https:\\\/\\\/monmaghreb.com\\\/wp-content\\\/uploads\\\/2026\\\/03\\\/featured-108.jpg\",\"contentUrl\":\"https:\\\/\\\/monmaghreb.com\\\/wp-content\\\/uploads\\\/2026\\\/03\\\/featured-108.jpg\",\"width\":1880,\"height\":1253,\"caption\":\"Family gathering for Aid el-Kebir festival in Morocco, sheep, prayer, feast\"},{\"@type\":\"BreadcrumbList\",\"@id\":\"https:\\\/\\\/monmaghreb.com\\\/index.php\\\/2026\\\/03\\\/15\\\/aid-el-kebir-la-grande-fete-musulmane-qui-commence-ce-vendredi\\\/#breadcrumb\",\"itemListElement\":[{\"@type\":\"ListItem\",\"position\":1,\"name\":\"Home\",\"item\":\"http:\\\/\\\/monmaghreb.com\\\/\"},{\"@type\":\"ListItem\",\"position\":2,\"name\":\"A\u00efd el-K\u00e9bir : La grande f\u00eate musulmane qui commence ce vendredi\"}]},{\"@type\":\"WebSite\",\"@id\":\"http:\\\/\\\/monmaghreb.com\\\/#website\",\"url\":\"http:\\\/\\\/monmaghreb.com\\\/\",\"name\":\"Mon Maghreb\",\"description\":\"MonMaghreb United\",\"publisher\":{\"@id\":\"http:\\\/\\\/monmaghreb.com\\\/#organization\"},\"alternateName\":\"Le Monde du Maghreb et au del\u00e0\",\"potentialAction\":[{\"@type\":\"SearchAction\",\"target\":{\"@type\":\"EntryPoint\",\"urlTemplate\":\"http:\\\/\\\/monmaghreb.com\\\/?s={search_term_string}\"},\"query-input\":{\"@type\":\"PropertyValueSpecification\",\"valueRequired\":true,\"valueName\":\"search_term_string\"}}],\"inLanguage\":\"en-US\"},{\"@type\":\"Organization\",\"@id\":\"http:\\\/\\\/monmaghreb.com\\\/#organization\",\"name\":\"Mon Maghreb\",\"url\":\"http:\\\/\\\/monmaghreb.com\\\/\",\"logo\":{\"@type\":\"ImageObject\",\"inLanguage\":\"en-US\",\"@id\":\"http:\\\/\\\/monmaghreb.com\\\/#\\\/schema\\\/logo\\\/image\\\/\",\"url\":\"https:\\\/\\\/monmaghreb.com\\\/wp-content\\\/uploads\\\/2025\\\/12\\\/Mon_Maghreb_Logo.jpg\",\"contentUrl\":\"https:\\\/\\\/monmaghreb.com\\\/wp-content\\\/uploads\\\/2025\\\/12\\\/Mon_Maghreb_Logo.jpg\",\"width\":814,\"height\":374,\"caption\":\"Mon Maghreb\"},\"image\":{\"@id\":\"http:\\\/\\\/monmaghreb.com\\\/#\\\/schema\\\/logo\\\/image\\\/\"}},{\"@type\":\"Person\",\"@id\":\"http:\\\/\\\/monmaghreb.com\\\/#\\\/schema\\\/person\\\/c469a89dc8c6b8987dcb438b1200d054\",\"name\":\"LaMagh\",\"image\":{\"@type\":\"ImageObject\",\"inLanguage\":\"en-US\",\"@id\":\"https:\\\/\\\/secure.gravatar.com\\\/avatar\\\/399d8144bd55fba55e056779aca52fe528bac7911f6449e54d81173d6dfd7f0a?s=96&d=mm&r=g\",\"url\":\"https:\\\/\\\/secure.gravatar.com\\\/avatar\\\/399d8144bd55fba55e056779aca52fe528bac7911f6449e54d81173d6dfd7f0a?s=96&d=mm&r=g\",\"contentUrl\":\"https:\\\/\\\/secure.gravatar.com\\\/avatar\\\/399d8144bd55fba55e056779aca52fe528bac7911f6449e54d81173d6dfd7f0a?s=96&d=mm&r=g\",\"caption\":\"LaMagh\"},\"sameAs\":[\"https:\\\/\\\/monmaghreb.com\",\"https:\\\/\\\/www.facebook.com\\\/monmaghrebcom\",\"https:\\\/\\\/x.com\\\/MMaghreb50977\"],\"url\":\"https:\\\/\\\/monmaghreb.com\\\/index.php\\\/author\\\/lamagh\\\/\"}]}<\/script>\n<!-- \/ Yoast SEO plugin. -->","yoast_head_json":{"title":"A\u00efd el-K\u00e9bir : La grande f\u00eate musulmane qui commence ce vend","description":"Discover the Aid el-Kebir Festival, a major Muslim holiday starting this Friday. Join us as we explore its origins and traditions. Don't miss out!","robots":{"index":"index","follow":"follow","max-snippet":"max-snippet:-1","max-image-preview":"max-image-preview:large","max-video-preview":"max-video-preview:-1"},"canonical":"https:\/\/monmaghreb.com\/index.php\/2026\/03\/15\/aid-el-kebir-la-grande-fete-musulmane-qui-commence-ce-vendredi\/","og_locale":"en_US","og_type":"article","og_title":"A\u00efd el-K\u00e9bir : La grande f\u00eate musulmane qui commence ce vendredi","og_description":"Discover the Aid el-Kebir Festival, a major Muslim holiday starting this Friday. Join us as we explore its origins and traditions. Don't miss out!","og_url":"https:\/\/monmaghreb.com\/index.php\/2026\/03\/15\/aid-el-kebir-la-grande-fete-musulmane-qui-commence-ce-vendredi\/","og_site_name":"Mon Maghreb","article_author":"https:\/\/www.facebook.com\/monmaghrebcom","article_published_time":"2026-03-15T04:28:30+00:00","article_modified_time":"2026-03-15T04:28:33+00:00","og_image":[{"width":1880,"height":1253,"url":"https:\/\/monmaghreb.com\/wp-content\/uploads\/2026\/03\/featured-108.jpg","type":"image\/jpeg"}],"author":"LaMagh","twitter_card":"summary_large_image","twitter_creator":"@MMaghreb50977","twitter_misc":{"Written by":"LaMagh","Est. reading time":"3 minutes"},"schema":{"@context":"https:\/\/schema.org","@graph":[{"@type":"Article","@id":"https:\/\/monmaghreb.com\/index.php\/2026\/03\/15\/aid-el-kebir-la-grande-fete-musulmane-qui-commence-ce-vendredi\/#article","isPartOf":{"@id":"https:\/\/monmaghreb.com\/index.php\/2026\/03\/15\/aid-el-kebir-la-grande-fete-musulmane-qui-commence-ce-vendredi\/"},"author":{"name":"LaMagh","@id":"http:\/\/monmaghreb.com\/#\/schema\/person\/c469a89dc8c6b8987dcb438b1200d054"},"headline":"A\u00efd el-K\u00e9bir : La grande f\u00eate musulmane qui commence ce vendredi","datePublished":"2026-03-15T04:28:30+00:00","dateModified":"2026-03-15T04:28:33+00:00","mainEntityOfPage":{"@id":"https:\/\/monmaghreb.com\/index.php\/2026\/03\/15\/aid-el-kebir-la-grande-fete-musulmane-qui-commence-ce-vendredi\/"},"wordCount":724,"publisher":{"@id":"http:\/\/monmaghreb.com\/#organization"},"image":{"@id":"https:\/\/monmaghreb.com\/index.php\/2026\/03\/15\/aid-el-kebir-la-grande-fete-musulmane-qui-commence-ce-vendredi\/#primaryimage"},"thumbnailUrl":"https:\/\/monmaghreb.com\/wp-content\/uploads\/2026\/03\/featured-108.jpg","keywords":["aid el k\u00e9bir","diaspora guide","maghrebin culture","mecque pilgrimage","muslim holiday"],"articleSection":["Ramadan &amp; Iftar"],"inLanguage":"en-US"},{"@type":"WebPage","@id":"https:\/\/monmaghreb.com\/index.php\/2026\/03\/15\/aid-el-kebir-la-grande-fete-musulmane-qui-commence-ce-vendredi\/","url":"https:\/\/monmaghreb.com\/index.php\/2026\/03\/15\/aid-el-kebir-la-grande-fete-musulmane-qui-commence-ce-vendredi\/","name":"A\u00efd el-K\u00e9bir : La grande f\u00eate musulmane qui commence ce vend","isPartOf":{"@id":"http:\/\/monmaghreb.com\/#website"},"primaryImageOfPage":{"@id":"https:\/\/monmaghreb.com\/index.php\/2026\/03\/15\/aid-el-kebir-la-grande-fete-musulmane-qui-commence-ce-vendredi\/#primaryimage"},"image":{"@id":"https:\/\/monmaghreb.com\/index.php\/2026\/03\/15\/aid-el-kebir-la-grande-fete-musulmane-qui-commence-ce-vendredi\/#primaryimage"},"thumbnailUrl":"https:\/\/monmaghreb.com\/wp-content\/uploads\/2026\/03\/featured-108.jpg","datePublished":"2026-03-15T04:28:30+00:00","dateModified":"2026-03-15T04:28:33+00:00","description":"Discover the Aid el-Kebir Festival, a major Muslim holiday starting this Friday. Join us as we explore its origins and traditions. Don't miss out!","breadcrumb":{"@id":"https:\/\/monmaghreb.com\/index.php\/2026\/03\/15\/aid-el-kebir-la-grande-fete-musulmane-qui-commence-ce-vendredi\/#breadcrumb"},"inLanguage":"en-US","potentialAction":[{"@type":"ReadAction","target":["https:\/\/monmaghreb.com\/index.php\/2026\/03\/15\/aid-el-kebir-la-grande-fete-musulmane-qui-commence-ce-vendredi\/"]}]},{"@type":"ImageObject","inLanguage":"en-US","@id":"https:\/\/monmaghreb.com\/index.php\/2026\/03\/15\/aid-el-kebir-la-grande-fete-musulmane-qui-commence-ce-vendredi\/#primaryimage","url":"https:\/\/monmaghreb.com\/wp-content\/uploads\/2026\/03\/featured-108.jpg","contentUrl":"https:\/\/monmaghreb.com\/wp-content\/uploads\/2026\/03\/featured-108.jpg","width":1880,"height":1253,"caption":"Family gathering for Aid el-Kebir festival in Morocco, sheep, prayer, feast"},{"@type":"BreadcrumbList","@id":"https:\/\/monmaghreb.com\/index.php\/2026\/03\/15\/aid-el-kebir-la-grande-fete-musulmane-qui-commence-ce-vendredi\/#breadcrumb","itemListElement":[{"@type":"ListItem","position":1,"name":"Home","item":"http:\/\/monmaghreb.com\/"},{"@type":"ListItem","position":2,"name":"A\u00efd el-K\u00e9bir : La grande f\u00eate musulmane qui commence ce vendredi"}]},{"@type":"WebSite","@id":"http:\/\/monmaghreb.com\/#website","url":"http:\/\/monmaghreb.com\/","name":"Mon Maghreb","description":"MonMaghreb United","publisher":{"@id":"http:\/\/monmaghreb.com\/#organization"},"alternateName":"Le Monde du Maghreb et au del\u00e0","potentialAction":[{"@type":"SearchAction","target":{"@type":"EntryPoint","urlTemplate":"http:\/\/monmaghreb.com\/?s={search_term_string}"},"query-input":{"@type":"PropertyValueSpecification","valueRequired":true,"valueName":"search_term_string"}}],"inLanguage":"en-US"},{"@type":"Organization","@id":"http:\/\/monmaghreb.com\/#organization","name":"Mon Maghreb","url":"http:\/\/monmaghreb.com\/","logo":{"@type":"ImageObject","inLanguage":"en-US","@id":"http:\/\/monmaghreb.com\/#\/schema\/logo\/image\/","url":"https:\/\/monmaghreb.com\/wp-content\/uploads\/2025\/12\/Mon_Maghreb_Logo.jpg","contentUrl":"https:\/\/monmaghreb.com\/wp-content\/uploads\/2025\/12\/Mon_Maghreb_Logo.jpg","width":814,"height":374,"caption":"Mon Maghreb"},"image":{"@id":"http:\/\/monmaghreb.com\/#\/schema\/logo\/image\/"}},{"@type":"Person","@id":"http:\/\/monmaghreb.com\/#\/schema\/person\/c469a89dc8c6b8987dcb438b1200d054","name":"LaMagh","image":{"@type":"ImageObject","inLanguage":"en-US","@id":"https:\/\/secure.gravatar.com\/avatar\/399d8144bd55fba55e056779aca52fe528bac7911f6449e54d81173d6dfd7f0a?s=96&d=mm&r=g","url":"https:\/\/secure.gravatar.com\/avatar\/399d8144bd55fba55e056779aca52fe528bac7911f6449e54d81173d6dfd7f0a?s=96&d=mm&r=g","contentUrl":"https:\/\/secure.gravatar.com\/avatar\/399d8144bd55fba55e056779aca52fe528bac7911f6449e54d81173d6dfd7f0a?s=96&d=mm&r=g","caption":"LaMagh"},"sameAs":["https:\/\/monmaghreb.com","https:\/\/www.facebook.com\/monmaghrebcom","https:\/\/x.com\/MMaghreb50977"],"url":"https:\/\/monmaghreb.com\/index.php\/author\/lamagh\/"}]}},"_links":{"self":[{"href":"https:\/\/monmaghreb.com\/index.php\/wp-json\/wp\/v2\/posts\/1187","targetHints":{"allow":["GET"]}}],"collection":[{"href":"https:\/\/monmaghreb.com\/index.php\/wp-json\/wp\/v2\/posts"}],"about":[{"href":"https:\/\/monmaghreb.com\/index.php\/wp-json\/wp\/v2\/types\/post"}],"author":[{"embeddable":true,"href":"https:\/\/monmaghreb.com\/index.php\/wp-json\/wp\/v2\/users\/1"}],"replies":[{"embeddable":true,"href":"https:\/\/monmaghreb.com\/index.php\/wp-json\/wp\/v2\/comments?post=1187"}],"version-history":[{"count":1,"href":"https:\/\/monmaghreb.com\/index.php\/wp-json\/wp\/v2\/posts\/1187\/revisions"}],"predecessor-version":[{"id":1188,"href":"https:\/\/monmaghreb.com\/index.php\/wp-json\/wp\/v2\/posts\/1187\/revisions\/1188"}],"wp:featuredmedia":[{"embeddable":true,"href":"https:\/\/monmaghreb.com\/index.php\/wp-json\/wp\/v2\/media\/1186"}],"wp:attachment":[{"href":"https:\/\/monmaghreb.com\/index.php\/wp-json\/wp\/v2\/media?parent=1187"}],"wp:term":[{"taxonomy":"category","embeddable":true,"href":"https:\/\/monmaghreb.com\/index.php\/wp-json\/wp\/v2\/categories?post=1187"},{"taxonomy":"post_tag","embeddable":true,"href":"https:\/\/monmaghreb.com\/index.php\/wp-json\/wp\/v2\/tags?post=1187"}],"curies":[{"name":"wp","href":"https:\/\/api.w.org\/{rel}","templated":true}]}}