{"id":1190,"date":"2026-03-15T05:27:45","date_gmt":"2026-03-15T05:27:45","guid":{"rendered":"https:\/\/monmaghreb.com\/index.php\/2026\/03\/15\/le-maroc-gagne-en-popularite-sur-le-marche-germanophone-un-nouvel-elan-pour-le-tourisme\/"},"modified":"2026-03-15T05:27:50","modified_gmt":"2026-03-15T05:27:50","slug":"le-maroc-gagne-en-popularite-sur-le-marche-germanophone-un-nouvel-elan-pour-le-tourisme","status":"publish","type":"post","link":"https:\/\/monmaghreb.com\/index.php\/2026\/03\/15\/le-maroc-gagne-en-popularite-sur-le-marche-germanophone-un-nouvel-elan-pour-le-tourisme\/","title":{"rendered":"Le Maroc gagne en popularit\u00e9 sur le march\u00e9 germanophone : un nouvel \u00e9lan pour le tourisme"},"content":{"rendered":"<p><!DOCTYPE html><br \/>\n<html lang='fr'><br \/>\n<head><br \/>\n  <meta charset='UTF-8'><br \/>\n  <title>Le Maroc gagne en popularit\u00e9 sur le march\u00e9 germanophone<\/title><br \/>\n<\/head><br \/>\n<body><\/p>\n<h1>Le Maroc gagne en popularit\u00e9 sur le march\u00e9 germanophone : un nouvel \u00e9lan pour le <a href=\"https:\/\/monmaghreb.com\/index.php\/2026\/03\/08\/le-maroc-nouveau-rival-du-tourisme-du-maghreb-en-france-en-2025-un-appel-aux-lecteurs-de-la-diaspora\/\" title=\"Le Maroc, nouveau rival du tourisme du Maghreb en France en 2025 : un appel aux lecteurs de la diaspora\">tourisme<\/a><\/h1>\n<h2>Introduction<\/h2>\n<p>Au cours des derni\u00e8res ann\u00e9es, l&#8217;industrie du tourisme marocaine a connu une croissance importante, notamment en direction de la diaspora maghr\u00e9bine dans les pays germanophones. Le Maroc, avec sa richesse culturelle, son climat favorable et ses sites touristiques magnifiques, est un paradis attendu par de nombreux voyageurs allemands, autrichiens et suisses.<\/p>\n<p>Il est temps de d\u00e9couvrir les facteurs sous-jacents \u00e0 cette popularit\u00e9 grandissante du pays africain parmi la communaut\u00e9 germanophone. Les Marocains ont mis en place des strat\u00e9gies pour attirer plus de touristes allemands, autrichiens et suisses vers leur pays.<\/p>\n<h2>Les raisons de l&#8217;augmentation du tourisme marocain sur le march\u00e9 germanophone<\/h2>\n<h3>1. L&#8217;accessibilit\u00e9 et les vols \u00e0 bas prix<\/h3>\n<p>La concurrence entre les compagnies a\u00e9riennes internationales a entra\u00een\u00e9 une diminution des prix de vol, rendant le Maroc plus accessible pour les voyageurs allemands, autrichiens et suisses. Avec des vols quotidiens depuis les principales villes germanophones, l&#8217;obtention d&#8217;un visa marocain est \u00e9galement devenue une proc\u00e9dure rapide et simple.<\/p>\n<p>Par exemple, le vol aller-retour entre Munich et Marrakech peut co\u00fbter moins de 300 euros, ce qui en fait un choix attractif pour les voyageurs allemands. De plus, les compagnies a\u00e9riennes offrent souvent des promotions sp\u00e9ciales pour les voyages vers le Maroc.<\/p>\n<h3>2. Les promotions touristiques attractives<\/h3>\n<p>Les h\u00f4tels et les agences de voyage ont mis en place des offres sp\u00e9ciales visant \u00e0 attirer plus de touristes germanophones vers le Maroc. Des promotions allant de l&#8217;all\u00e8gement des tarifs aux packages comprenant des excursions culturelles, des visites guid\u00e9es et des activit\u00e9s touristiques.<\/p>\n<p>Par exemple, un h\u00f4tel \u00e0 Marrakech offrait r\u00e9cemment une promotion sp\u00e9ciale pour les voyageurs allemands, incluant un s\u00e9jour de trois nuits au prix d&#8217;un seul jour. Des agences de voyage ont \u00e9galement mis en place des packages comprenant des excursions dans le d\u00e9sert du Sahara ou dans les montagnes du Haut-Atlas.<\/p>\n<h3>3. La culture marocaine attire la curiosit\u00e9<\/h3>\n<p>La culture marocaine est l&#8217;un des facteurs les plus importants qui attirent les voyageurs germanophones vers le pays africain. La cuisine marocaine, ses c\u00e9r\u00e9monies et ses festivals sont parmi les aspects les plus populaires.<\/p>\n<p>Par exemple, la f\u00eate de Mouloud, c\u00e9l\u00e8brant l&#8217;anniversaire du Proph\u00e8te Mahomet, est une occasion unique pour les touristes de d\u00e9couvrir la culture marocaine. Les voyages d&#8217;\u00e9tude et les s\u00e9jours linguistiques sont \u00e9galement tr\u00e8s populaires parmi les \u00e9tudiants allemands.<\/p>\n<h3>4. Les efforts de marketing<\/h3>\n<p>Les efforts de marketing du Maroc ont \u00e9t\u00e9 intensifi\u00e9s pour attirer la communaut\u00e9 germanophone vers le pays. Le Maroc a \u00e9t\u00e9 pr\u00e9sent\u00e9 comme un destination s\u00fbre et touristiquement int\u00e9ressante, avec une \u00e9conomie en expansion et des opportunit\u00e9s de loisirs.<\/p>\n<p>Par exemple, les campagnes publicitaires ont mis en avant les sites touristiques embl\u00e9matiques du pays, tels que la m\u00e9dina de Marrakech ou les jardins d&#8217;Agdal \u00e0 F\u00e8s. Les films documentaires et les reportages t\u00e9l\u00e9vis\u00e9s ont \u00e9galement \u00e9t\u00e9 utilis\u00e9s pour promouvoir le Maroc comme une destination touristique.<\/p>\n<h3>5. Les exp\u00e9riences de voyage uniques<\/h3>\n<p>Le Maroc offre des exp\u00e9riences de voyage uniques qui attirent les touristes germanophones, tels que la travers\u00e9e du d\u00e9sert au camel, l&#8217;ascension du Mont Toubkal et la visite de villes historiques comme Marrakech, F\u00e8s et Mekn\u00e8s.<\/p>\n<p>Par exemple, une excursion dans le d\u00e9sert du Sahara peut inclure une nuit d&#8217;h\u00f4tel sous les \u00e9toiles ou un repas traditionnel au sein d&#8217;un village berb\u00e8re. Les activit\u00e9s de plein air, telles que la randonn\u00e9e ou l&#8217;alpinisme, sont \u00e9galement tr\u00e8s populaires parmi les touristes germanophones.<\/p>\n<h2>Le r\u00f4le des diasporas maghr\u00e9bines dans le tourisme marocain<\/h2>\n<p>Les diasporas maghr\u00e9bines jouent un r\u00f4le cl\u00e9 dans l&#8217;augmentation du tourisme marocain sur le march\u00e9 germanophone. En tant que partisans et promoteurs de leur pays d&#8217;origine, ils sont responsables d&#8217;attirer les touristes germanophones vers le Maroc en partageant leurs exp\u00e9riences personnelles positives.<\/p>\n<h2>Les perspectives pour le futur<\/h2>\n<p>Le Maroc a de grandes chances d&#8217;augmenter sa popularit\u00e9 parmi la communaut\u00e9 germanophone dans les ann\u00e9es \u00e0 venir. En continuant d&#8217;offrir des promotions touristiques attractives, des exp\u00e9riences de voyage uniques et en poursuivant son marketing, le pays peut devenir une destination touristique pr\u00e9f\u00e9r\u00e9e pour les voyageurs allemands, autrichiens et suisses.<\/p>\n<h2>Appel \u00e0 l&#8217;action<\/h2>\n<p>Si vous \u00eates membre de la diaspora maghr\u00e9bine dans les pays germanophones, n&#8217;h\u00e9sitez pas \u00e0 partager votre exp\u00e9rience du Maroc avec vos amis et famille. Votre soutien est crucial pour que le Maroc continue d&#8217;\u00eatre une destination touristique populaire et prosp\u00e8re.<\/p>\n<p>De plus, si vous souhaitez d\u00e9couvrir de nouveaux horizons en tant que touriste germanophone, n&#8217;h\u00e9sitez pas \u00e0 visiter le Maroc. Vous trouverez l\u00e0 un pays qui offre une culture riche, des sites touristiques magnifiques et des exp\u00e9riences de voyage inoubliables.<\/p>\n<div style=\"background:#f8f9fa;border-left:4px solid #0066cc;border-radius:6px;padding:20px 24px;margin:32px 0;\">\n<p style=\"font-size:13px;color:#888;text-transform:uppercase;letter-spacing:0.8px;margin:0 0 6px 0;\">Vous pourriez aussi aimer<\/p>\n<h3 style=\"font-size:18px;margin:0 0 14px 0;color:#222;\">Articles similaires<\/h3>\n<ul style=\"margin:0;padding-left:20px;list-style:disc;\">\n<li style=\"margin-bottom:10px;\"><a href=\"https:\/\/monmaghreb.com\/index.php\/2026\/03\/08\/le-maroc-nouveau-rival-du-tourisme-du-maghreb-en-france-en-2025-un-appel-aux-lecteurs-de-la-diaspora\/\" style=\"color:#0066cc;text-decoration:none;font-weight:500;\" title=\"Le Maroc, nouveau rival du tourisme du Maghreb en France en 2025 : un appel aux lecteurs de la diaspora\">Le Maroc, nouveau rival du tourisme du Maghreb en France en 2025 : un appel aux lecteurs de la diaspora<\/a><\/li>\n<li style=\"margin-bottom:10px;\"><a href=\"https:\/\/monmaghreb.com\/index.php\/2026\/03\/11\/la-numerisation-du-tourisme-marocain-un-pas-vers-une-meilleure-experience\/\" style=\"color:#0066cc;text-decoration:none;font-weight:500;\" title=\"La num\u00e9risation du tourisme marocain : un pas vers une meilleure exp\u00e9rience\">La num\u00e9risation du tourisme marocain : un pas vers une meilleure exp\u00e9rience<\/a><\/li>\n<li style=\"margin-bottom:10px;\"><a href=\"https:\/\/monmaghreb.com\/index.php\/2026\/03\/08\/un-guide-complet-pour-les-vacances-luxueuses-au-maroc-decouvrez-la-mode-de-vie-opulente-du-pays-nord-africain\/\" style=\"color:#0066cc;text-decoration:none;font-weight:500;\" title=\"Un guide complet pour les vacances luxueuses au Maroc : d\u00e9couvrez la mode de vie opulente du pays nord-africain\">Un guide complet pour les vacances luxueuses au Maroc : d\u00e9couvrez la mode de vie opulente du pays nord-africain<\/a><\/li>\n<li style=\"margin-bottom:10px;\"><a href=\"https:\/\/monmaghreb.com\/index.php\/2026\/03\/14\/aid-el-fitr-a-lyon-la-grande-mosquee-repond-aux-questions-des-musulmans-de-la-diaspora-maghrebine-en-fin-de-ramadan-2026\/\" style=\"color:#0066cc;text-decoration:none;font-weight:500;\" title=\"Aid el-Fitr \u00e0 Lyon : la Grande Mosqu\u00e9e r\u00e9pond aux questions des musulmans de la diaspora Maghr\u00e9bine en fin de Ramadan 2026\">Aid el-Fitr \u00e0 Lyon : la Grande Mosqu\u00e9e r\u00e9pond aux questions des musulmans de la diaspora Maghr\u00e9bine en fin de Ramadan 2026<\/a><\/li>\n<li style=\"margin-bottom:10px;\"><a href=\"https:\/\/monmaghreb.com\/index.php\/2026\/03\/14\/mahdi-berrached-parle-du-chaosbi-dans-lalgerie-aujourdhui-un-appel-a-laction-pour-la-diaspora-maghrebine\/\" style=\"color:#0066cc;text-decoration:none;font-weight:500;\" title=\"Mahdi Berrached parle du chaosbi dans L\u2019Alg\u00e9rie Aujourd&#8217;hui : Un appel \u00e0 l&#8217;action pour la diaspora maghr\u00e9bine\">Mahdi Berrached parle du chaosbi dans L\u2019Alg\u00e9rie Aujourd&#8217;hui : Un appel \u00e0 l&#8217;action pour la diaspora maghr\u00e9bine<\/a><\/li>\n<\/ul>\n<\/div>\n<p><\/body><br \/>\n<\/html><\/p>\n","protected":false},"excerpt":{"rendered":"<p>Le Maroc gagne en popularit\u00e9 sur le march\u00e9 germanophone : un nouvel \u00e9lan pour les voyages. D\u00e9couvrez la richesse culturelle du Maroc, un paradis attendu par de <\/p>\n","protected":false},"author":1,"featured_media":1189,"comment_status":"closed","ping_status":"open","sticky":false,"template":"","format":"standard","meta":{"_yoast_wpseo_focuskw":"Maroc popularite tourisme germain","_yoast_wpseo_title":"Le Maroc gagne en popularit\u00e9 sur le march\u00e9 germanophone : un","_yoast_wpseo_metadesc":"Le Maroc gagne en popularit\u00e9 sur le march\u00e9 germanophone : un nouvel \u00e9lan pour les voyages. D\u00e9couvrez la richesse culturelle du Maroc, un paradis attendu par de","_yoast_wpseo_canonical":"","_yoast_wpseo_opengraph-title":"Le Maroc gagne en popularit\u00e9 sur le march\u00e9 germanophone : un nouvel \u00e9lan pour le tourisme","_yoast_wpseo_opengraph-description":"Le Maroc gagne en popularit\u00e9 sur le march\u00e9 germanophone : un nouvel \u00e9lan pour les voyages. D\u00e9couvrez la richesse culturelle du Maroc, un paradis attendu par de","_yoast_wpseo_opengraph-image":"","tdm_status":"","tdm_grid_status":"","footnotes":""},"categories":[655],"tags":[329,841,914,915,783],"class_list":["post-1190","post","type-post","status-publish","format-standard","has-post-thumbnail","hentry","category-maroc","tag-culture-marocaine","tag-diaspora-maghrebine","tag-germanophone-market","tag-guide-de-voyages","tag-tourisme-marocain"],"yoast_head":"<!-- This site is optimized with the Yoast SEO plugin v27.5 - https:\/\/yoast.com\/product\/yoast-seo-wordpress\/ -->\n<title>Le Maroc gagne en popularit\u00e9 sur le march\u00e9 germanophone : un<\/title>\n<meta name=\"description\" content=\"Le Maroc gagne en popularit\u00e9 sur le march\u00e9 germanophone : un nouvel \u00e9lan pour les voyages. D\u00e9couvrez la richesse culturelle du Maroc, un paradis attendu par de\" \/>\n<meta name=\"robots\" content=\"index, follow, max-snippet:-1, max-image-preview:large, max-video-preview:-1\" \/>\n<link rel=\"canonical\" href=\"https:\/\/monmaghreb.com\/index.php\/2026\/03\/15\/le-maroc-gagne-en-popularite-sur-le-marche-germanophone-un-nouvel-elan-pour-le-tourisme\/\" \/>\n<meta property=\"og:locale\" content=\"en_US\" \/>\n<meta property=\"og:type\" content=\"article\" \/>\n<meta property=\"og:title\" content=\"Le Maroc gagne en popularit\u00e9 sur le march\u00e9 germanophone : un nouvel \u00e9lan pour le tourisme\" \/>\n<meta property=\"og:description\" content=\"Le Maroc gagne en popularit\u00e9 sur le march\u00e9 germanophone : un nouvel \u00e9lan pour les voyages. D\u00e9couvrez la richesse culturelle du Maroc, un paradis attendu par de\" \/>\n<meta property=\"og:url\" content=\"https:\/\/monmaghreb.com\/index.php\/2026\/03\/15\/le-maroc-gagne-en-popularite-sur-le-marche-germanophone-un-nouvel-elan-pour-le-tourisme\/\" \/>\n<meta property=\"og:site_name\" content=\"Mon Maghreb\" \/>\n<meta property=\"article:author\" content=\"https:\/\/www.facebook.com\/monmaghrebcom\" \/>\n<meta property=\"article:published_time\" content=\"2026-03-15T05:27:45+00:00\" \/>\n<meta property=\"article:modified_time\" content=\"2026-03-15T05:27:50+00:00\" \/>\n<meta property=\"og:image\" content=\"https:\/\/monmaghreb.com\/wp-content\/uploads\/2026\/03\/featured-109.jpg\" \/>\n\t<meta property=\"og:image:width\" content=\"1880\" \/>\n\t<meta property=\"og:image:height\" content=\"1253\" \/>\n\t<meta property=\"og:image:type\" content=\"image\/jpeg\" \/>\n<meta name=\"author\" content=\"LaMagh\" \/>\n<meta name=\"twitter:card\" content=\"summary_large_image\" \/>\n<meta name=\"twitter:creator\" content=\"@MMaghreb50977\" \/>\n<meta name=\"twitter:label1\" content=\"Written by\" \/>\n\t<meta name=\"twitter:data1\" content=\"LaMagh\" \/>\n\t<meta name=\"twitter:label2\" content=\"Est. reading time\" \/>\n\t<meta name=\"twitter:data2\" content=\"5 minutes\" \/>\n<script type=\"application\/ld+json\" class=\"yoast-schema-graph\">{\"@context\":\"https:\\\/\\\/schema.org\",\"@graph\":[{\"@type\":\"Article\",\"@id\":\"https:\\\/\\\/monmaghreb.com\\\/index.php\\\/2026\\\/03\\\/15\\\/le-maroc-gagne-en-popularite-sur-le-marche-germanophone-un-nouvel-elan-pour-le-tourisme\\\/#article\",\"isPartOf\":{\"@id\":\"https:\\\/\\\/monmaghreb.com\\\/index.php\\\/2026\\\/03\\\/15\\\/le-maroc-gagne-en-popularite-sur-le-marche-germanophone-un-nouvel-elan-pour-le-tourisme\\\/\"},\"author\":{\"name\":\"LaMagh\",\"@id\":\"http:\\\/\\\/monmaghreb.com\\\/#\\\/schema\\\/person\\\/c469a89dc8c6b8987dcb438b1200d054\"},\"headline\":\"Le Maroc gagne en popularit\u00e9 sur le march\u00e9 germanophone : un nouvel \u00e9lan pour le tourisme\",\"datePublished\":\"2026-03-15T05:27:45+00:00\",\"dateModified\":\"2026-03-15T05:27:50+00:00\",\"mainEntityOfPage\":{\"@id\":\"https:\\\/\\\/monmaghreb.com\\\/index.php\\\/2026\\\/03\\\/15\\\/le-maroc-gagne-en-popularite-sur-le-marche-germanophone-un-nouvel-elan-pour-le-tourisme\\\/\"},\"wordCount\":963,\"publisher\":{\"@id\":\"http:\\\/\\\/monmaghreb.com\\\/#organization\"},\"image\":{\"@id\":\"https:\\\/\\\/monmaghreb.com\\\/index.php\\\/2026\\\/03\\\/15\\\/le-maroc-gagne-en-popularite-sur-le-marche-germanophone-un-nouvel-elan-pour-le-tourisme\\\/#primaryimage\"},\"thumbnailUrl\":\"https:\\\/\\\/monmaghreb.com\\\/wp-content\\\/uploads\\\/2026\\\/03\\\/featured-109.jpg\",\"keywords\":[\"culture marocaine\",\"diaspora maghr\u00e9bine\",\"germanophone market\",\"guide de voyages\",\"tourisme marocain\"],\"articleSection\":[\"Maroc\"],\"inLanguage\":\"en-US\"},{\"@type\":\"WebPage\",\"@id\":\"https:\\\/\\\/monmaghreb.com\\\/index.php\\\/2026\\\/03\\\/15\\\/le-maroc-gagne-en-popularite-sur-le-marche-germanophone-un-nouvel-elan-pour-le-tourisme\\\/\",\"url\":\"https:\\\/\\\/monmaghreb.com\\\/index.php\\\/2026\\\/03\\\/15\\\/le-maroc-gagne-en-popularite-sur-le-marche-germanophone-un-nouvel-elan-pour-le-tourisme\\\/\",\"name\":\"Le Maroc gagne en popularit\u00e9 sur le march\u00e9 germanophone : un\",\"isPartOf\":{\"@id\":\"http:\\\/\\\/monmaghreb.com\\\/#website\"},\"primaryImageOfPage\":{\"@id\":\"https:\\\/\\\/monmaghreb.com\\\/index.php\\\/2026\\\/03\\\/15\\\/le-maroc-gagne-en-popularite-sur-le-marche-germanophone-un-nouvel-elan-pour-le-tourisme\\\/#primaryimage\"},\"image\":{\"@id\":\"https:\\\/\\\/monmaghreb.com\\\/index.php\\\/2026\\\/03\\\/15\\\/le-maroc-gagne-en-popularite-sur-le-marche-germanophone-un-nouvel-elan-pour-le-tourisme\\\/#primaryimage\"},\"thumbnailUrl\":\"https:\\\/\\\/monmaghreb.com\\\/wp-content\\\/uploads\\\/2026\\\/03\\\/featured-109.jpg\",\"datePublished\":\"2026-03-15T05:27:45+00:00\",\"dateModified\":\"2026-03-15T05:27:50+00:00\",\"description\":\"Le Maroc gagne en popularit\u00e9 sur le march\u00e9 germanophone : un nouvel \u00e9lan pour les voyages. D\u00e9couvrez la richesse culturelle du Maroc, un paradis attendu par de\",\"breadcrumb\":{\"@id\":\"https:\\\/\\\/monmaghreb.com\\\/index.php\\\/2026\\\/03\\\/15\\\/le-maroc-gagne-en-popularite-sur-le-marche-germanophone-un-nouvel-elan-pour-le-tourisme\\\/#breadcrumb\"},\"inLanguage\":\"en-US\",\"potentialAction\":[{\"@type\":\"ReadAction\",\"target\":[\"https:\\\/\\\/monmaghreb.com\\\/index.php\\\/2026\\\/03\\\/15\\\/le-maroc-gagne-en-popularite-sur-le-marche-germanophone-un-nouvel-elan-pour-le-tourisme\\\/\"]}]},{\"@type\":\"ImageObject\",\"inLanguage\":\"en-US\",\"@id\":\"https:\\\/\\\/monmaghreb.com\\\/index.php\\\/2026\\\/03\\\/15\\\/le-maroc-gagne-en-popularite-sur-le-marche-germanophone-un-nouvel-elan-pour-le-tourisme\\\/#primaryimage\",\"url\":\"https:\\\/\\\/monmaghreb.com\\\/wp-content\\\/uploads\\\/2026\\\/03\\\/featured-109.jpg\",\"contentUrl\":\"https:\\\/\\\/monmaghreb.com\\\/wp-content\\\/uploads\\\/2026\\\/03\\\/featured-109.jpg\",\"width\":1880,\"height\":1253,\"caption\":\"Famille allemande visite Marrakech avec guide\"},{\"@type\":\"BreadcrumbList\",\"@id\":\"https:\\\/\\\/monmaghreb.com\\\/index.php\\\/2026\\\/03\\\/15\\\/le-maroc-gagne-en-popularite-sur-le-marche-germanophone-un-nouvel-elan-pour-le-tourisme\\\/#breadcrumb\",\"itemListElement\":[{\"@type\":\"ListItem\",\"position\":1,\"name\":\"Home\",\"item\":\"http:\\\/\\\/monmaghreb.com\\\/\"},{\"@type\":\"ListItem\",\"position\":2,\"name\":\"Le Maroc gagne en popularit\u00e9 sur le march\u00e9 germanophone : un nouvel \u00e9lan pour le tourisme\"}]},{\"@type\":\"WebSite\",\"@id\":\"http:\\\/\\\/monmaghreb.com\\\/#website\",\"url\":\"http:\\\/\\\/monmaghreb.com\\\/\",\"name\":\"Mon Maghreb\",\"description\":\"MonMaghreb United\",\"publisher\":{\"@id\":\"http:\\\/\\\/monmaghreb.com\\\/#organization\"},\"alternateName\":\"Le Monde du Maghreb et au del\u00e0\",\"potentialAction\":[{\"@type\":\"SearchAction\",\"target\":{\"@type\":\"EntryPoint\",\"urlTemplate\":\"http:\\\/\\\/monmaghreb.com\\\/?s={search_term_string}\"},\"query-input\":{\"@type\":\"PropertyValueSpecification\",\"valueRequired\":true,\"valueName\":\"search_term_string\"}}],\"inLanguage\":\"en-US\"},{\"@type\":\"Organization\",\"@id\":\"http:\\\/\\\/monmaghreb.com\\\/#organization\",\"name\":\"Mon Maghreb\",\"url\":\"http:\\\/\\\/monmaghreb.com\\\/\",\"logo\":{\"@type\":\"ImageObject\",\"inLanguage\":\"en-US\",\"@id\":\"http:\\\/\\\/monmaghreb.com\\\/#\\\/schema\\\/logo\\\/image\\\/\",\"url\":\"https:\\\/\\\/monmaghreb.com\\\/wp-content\\\/uploads\\\/2025\\\/12\\\/Mon_Maghreb_Logo.jpg\",\"contentUrl\":\"https:\\\/\\\/monmaghreb.com\\\/wp-content\\\/uploads\\\/2025\\\/12\\\/Mon_Maghreb_Logo.jpg\",\"width\":814,\"height\":374,\"caption\":\"Mon Maghreb\"},\"image\":{\"@id\":\"http:\\\/\\\/monmaghreb.com\\\/#\\\/schema\\\/logo\\\/image\\\/\"}},{\"@type\":\"Person\",\"@id\":\"http:\\\/\\\/monmaghreb.com\\\/#\\\/schema\\\/person\\\/c469a89dc8c6b8987dcb438b1200d054\",\"name\":\"LaMagh\",\"image\":{\"@type\":\"ImageObject\",\"inLanguage\":\"en-US\",\"@id\":\"https:\\\/\\\/secure.gravatar.com\\\/avatar\\\/399d8144bd55fba55e056779aca52fe528bac7911f6449e54d81173d6dfd7f0a?s=96&d=mm&r=g\",\"url\":\"https:\\\/\\\/secure.gravatar.com\\\/avatar\\\/399d8144bd55fba55e056779aca52fe528bac7911f6449e54d81173d6dfd7f0a?s=96&d=mm&r=g\",\"contentUrl\":\"https:\\\/\\\/secure.gravatar.com\\\/avatar\\\/399d8144bd55fba55e056779aca52fe528bac7911f6449e54d81173d6dfd7f0a?s=96&d=mm&r=g\",\"caption\":\"LaMagh\"},\"sameAs\":[\"https:\\\/\\\/monmaghreb.com\",\"https:\\\/\\\/www.facebook.com\\\/monmaghrebcom\",\"https:\\\/\\\/x.com\\\/MMaghreb50977\"],\"url\":\"https:\\\/\\\/monmaghreb.com\\\/index.php\\\/author\\\/lamagh\\\/\"}]}<\/script>\n<!-- \/ Yoast SEO plugin. -->","yoast_head_json":{"title":"Le Maroc gagne en popularit\u00e9 sur le march\u00e9 germanophone : un","description":"Le Maroc gagne en popularit\u00e9 sur le march\u00e9 germanophone : un nouvel \u00e9lan pour les voyages. D\u00e9couvrez la richesse culturelle du Maroc, un paradis attendu par de","robots":{"index":"index","follow":"follow","max-snippet":"max-snippet:-1","max-image-preview":"max-image-preview:large","max-video-preview":"max-video-preview:-1"},"canonical":"https:\/\/monmaghreb.com\/index.php\/2026\/03\/15\/le-maroc-gagne-en-popularite-sur-le-marche-germanophone-un-nouvel-elan-pour-le-tourisme\/","og_locale":"en_US","og_type":"article","og_title":"Le Maroc gagne en popularit\u00e9 sur le march\u00e9 germanophone : un nouvel \u00e9lan pour le tourisme","og_description":"Le Maroc gagne en popularit\u00e9 sur le march\u00e9 germanophone : un nouvel \u00e9lan pour les voyages. D\u00e9couvrez la richesse culturelle du Maroc, un paradis attendu par de","og_url":"https:\/\/monmaghreb.com\/index.php\/2026\/03\/15\/le-maroc-gagne-en-popularite-sur-le-marche-germanophone-un-nouvel-elan-pour-le-tourisme\/","og_site_name":"Mon Maghreb","article_author":"https:\/\/www.facebook.com\/monmaghrebcom","article_published_time":"2026-03-15T05:27:45+00:00","article_modified_time":"2026-03-15T05:27:50+00:00","og_image":[{"width":1880,"height":1253,"url":"https:\/\/monmaghreb.com\/wp-content\/uploads\/2026\/03\/featured-109.jpg","type":"image\/jpeg"}],"author":"LaMagh","twitter_card":"summary_large_image","twitter_creator":"@MMaghreb50977","twitter_misc":{"Written by":"LaMagh","Est. reading time":"5 minutes"},"schema":{"@context":"https:\/\/schema.org","@graph":[{"@type":"Article","@id":"https:\/\/monmaghreb.com\/index.php\/2026\/03\/15\/le-maroc-gagne-en-popularite-sur-le-marche-germanophone-un-nouvel-elan-pour-le-tourisme\/#article","isPartOf":{"@id":"https:\/\/monmaghreb.com\/index.php\/2026\/03\/15\/le-maroc-gagne-en-popularite-sur-le-marche-germanophone-un-nouvel-elan-pour-le-tourisme\/"},"author":{"name":"LaMagh","@id":"http:\/\/monmaghreb.com\/#\/schema\/person\/c469a89dc8c6b8987dcb438b1200d054"},"headline":"Le Maroc gagne en popularit\u00e9 sur le march\u00e9 germanophone : un nouvel \u00e9lan pour le tourisme","datePublished":"2026-03-15T05:27:45+00:00","dateModified":"2026-03-15T05:27:50+00:00","mainEntityOfPage":{"@id":"https:\/\/monmaghreb.com\/index.php\/2026\/03\/15\/le-maroc-gagne-en-popularite-sur-le-marche-germanophone-un-nouvel-elan-pour-le-tourisme\/"},"wordCount":963,"publisher":{"@id":"http:\/\/monmaghreb.com\/#organization"},"image":{"@id":"https:\/\/monmaghreb.com\/index.php\/2026\/03\/15\/le-maroc-gagne-en-popularite-sur-le-marche-germanophone-un-nouvel-elan-pour-le-tourisme\/#primaryimage"},"thumbnailUrl":"https:\/\/monmaghreb.com\/wp-content\/uploads\/2026\/03\/featured-109.jpg","keywords":["culture marocaine","diaspora maghr\u00e9bine","germanophone market","guide de voyages","tourisme marocain"],"articleSection":["Maroc"],"inLanguage":"en-US"},{"@type":"WebPage","@id":"https:\/\/monmaghreb.com\/index.php\/2026\/03\/15\/le-maroc-gagne-en-popularite-sur-le-marche-germanophone-un-nouvel-elan-pour-le-tourisme\/","url":"https:\/\/monmaghreb.com\/index.php\/2026\/03\/15\/le-maroc-gagne-en-popularite-sur-le-marche-germanophone-un-nouvel-elan-pour-le-tourisme\/","name":"Le Maroc gagne en popularit\u00e9 sur le march\u00e9 germanophone : un","isPartOf":{"@id":"http:\/\/monmaghreb.com\/#website"},"primaryImageOfPage":{"@id":"https:\/\/monmaghreb.com\/index.php\/2026\/03\/15\/le-maroc-gagne-en-popularite-sur-le-marche-germanophone-un-nouvel-elan-pour-le-tourisme\/#primaryimage"},"image":{"@id":"https:\/\/monmaghreb.com\/index.php\/2026\/03\/15\/le-maroc-gagne-en-popularite-sur-le-marche-germanophone-un-nouvel-elan-pour-le-tourisme\/#primaryimage"},"thumbnailUrl":"https:\/\/monmaghreb.com\/wp-content\/uploads\/2026\/03\/featured-109.jpg","datePublished":"2026-03-15T05:27:45+00:00","dateModified":"2026-03-15T05:27:50+00:00","description":"Le Maroc gagne en popularit\u00e9 sur le march\u00e9 germanophone : un nouvel \u00e9lan pour les voyages. D\u00e9couvrez la richesse culturelle du Maroc, un paradis attendu par de","breadcrumb":{"@id":"https:\/\/monmaghreb.com\/index.php\/2026\/03\/15\/le-maroc-gagne-en-popularite-sur-le-marche-germanophone-un-nouvel-elan-pour-le-tourisme\/#breadcrumb"},"inLanguage":"en-US","potentialAction":[{"@type":"ReadAction","target":["https:\/\/monmaghreb.com\/index.php\/2026\/03\/15\/le-maroc-gagne-en-popularite-sur-le-marche-germanophone-un-nouvel-elan-pour-le-tourisme\/"]}]},{"@type":"ImageObject","inLanguage":"en-US","@id":"https:\/\/monmaghreb.com\/index.php\/2026\/03\/15\/le-maroc-gagne-en-popularite-sur-le-marche-germanophone-un-nouvel-elan-pour-le-tourisme\/#primaryimage","url":"https:\/\/monmaghreb.com\/wp-content\/uploads\/2026\/03\/featured-109.jpg","contentUrl":"https:\/\/monmaghreb.com\/wp-content\/uploads\/2026\/03\/featured-109.jpg","width":1880,"height":1253,"caption":"Famille allemande visite Marrakech avec guide"},{"@type":"BreadcrumbList","@id":"https:\/\/monmaghreb.com\/index.php\/2026\/03\/15\/le-maroc-gagne-en-popularite-sur-le-marche-germanophone-un-nouvel-elan-pour-le-tourisme\/#breadcrumb","itemListElement":[{"@type":"ListItem","position":1,"name":"Home","item":"http:\/\/monmaghreb.com\/"},{"@type":"ListItem","position":2,"name":"Le Maroc gagne en popularit\u00e9 sur le march\u00e9 germanophone : un nouvel \u00e9lan pour le tourisme"}]},{"@type":"WebSite","@id":"http:\/\/monmaghreb.com\/#website","url":"http:\/\/monmaghreb.com\/","name":"Mon Maghreb","description":"MonMaghreb United","publisher":{"@id":"http:\/\/monmaghreb.com\/#organization"},"alternateName":"Le Monde du Maghreb et au del\u00e0","potentialAction":[{"@type":"SearchAction","target":{"@type":"EntryPoint","urlTemplate":"http:\/\/monmaghreb.com\/?s={search_term_string}"},"query-input":{"@type":"PropertyValueSpecification","valueRequired":true,"valueName":"search_term_string"}}],"inLanguage":"en-US"},{"@type":"Organization","@id":"http:\/\/monmaghreb.com\/#organization","name":"Mon Maghreb","url":"http:\/\/monmaghreb.com\/","logo":{"@type":"ImageObject","inLanguage":"en-US","@id":"http:\/\/monmaghreb.com\/#\/schema\/logo\/image\/","url":"https:\/\/monmaghreb.com\/wp-content\/uploads\/2025\/12\/Mon_Maghreb_Logo.jpg","contentUrl":"https:\/\/monmaghreb.com\/wp-content\/uploads\/2025\/12\/Mon_Maghreb_Logo.jpg","width":814,"height":374,"caption":"Mon Maghreb"},"image":{"@id":"http:\/\/monmaghreb.com\/#\/schema\/logo\/image\/"}},{"@type":"Person","@id":"http:\/\/monmaghreb.com\/#\/schema\/person\/c469a89dc8c6b8987dcb438b1200d054","name":"LaMagh","image":{"@type":"ImageObject","inLanguage":"en-US","@id":"https:\/\/secure.gravatar.com\/avatar\/399d8144bd55fba55e056779aca52fe528bac7911f6449e54d81173d6dfd7f0a?s=96&d=mm&r=g","url":"https:\/\/secure.gravatar.com\/avatar\/399d8144bd55fba55e056779aca52fe528bac7911f6449e54d81173d6dfd7f0a?s=96&d=mm&r=g","contentUrl":"https:\/\/secure.gravatar.com\/avatar\/399d8144bd55fba55e056779aca52fe528bac7911f6449e54d81173d6dfd7f0a?s=96&d=mm&r=g","caption":"LaMagh"},"sameAs":["https:\/\/monmaghreb.com","https:\/\/www.facebook.com\/monmaghrebcom","https:\/\/x.com\/MMaghreb50977"],"url":"https:\/\/monmaghreb.com\/index.php\/author\/lamagh\/"}]}},"_links":{"self":[{"href":"https:\/\/monmaghreb.com\/index.php\/wp-json\/wp\/v2\/posts\/1190","targetHints":{"allow":["GET"]}}],"collection":[{"href":"https:\/\/monmaghreb.com\/index.php\/wp-json\/wp\/v2\/posts"}],"about":[{"href":"https:\/\/monmaghreb.com\/index.php\/wp-json\/wp\/v2\/types\/post"}],"author":[{"embeddable":true,"href":"https:\/\/monmaghreb.com\/index.php\/wp-json\/wp\/v2\/users\/1"}],"replies":[{"embeddable":true,"href":"https:\/\/monmaghreb.com\/index.php\/wp-json\/wp\/v2\/comments?post=1190"}],"version-history":[{"count":1,"href":"https:\/\/monmaghreb.com\/index.php\/wp-json\/wp\/v2\/posts\/1190\/revisions"}],"predecessor-version":[{"id":1191,"href":"https:\/\/monmaghreb.com\/index.php\/wp-json\/wp\/v2\/posts\/1190\/revisions\/1191"}],"wp:featuredmedia":[{"embeddable":true,"href":"https:\/\/monmaghreb.com\/index.php\/wp-json\/wp\/v2\/media\/1189"}],"wp:attachment":[{"href":"https:\/\/monmaghreb.com\/index.php\/wp-json\/wp\/v2\/media?parent=1190"}],"wp:term":[{"taxonomy":"category","embeddable":true,"href":"https:\/\/monmaghreb.com\/index.php\/wp-json\/wp\/v2\/categories?post=1190"},{"taxonomy":"post_tag","embeddable":true,"href":"https:\/\/monmaghreb.com\/index.php\/wp-json\/wp\/v2\/tags?post=1190"}],"curies":[{"name":"wp","href":"https:\/\/api.w.org\/{rel}","templated":true}]}}