{"id":1196,"date":"2026-03-15T10:57:48","date_gmt":"2026-03-15T10:57:48","guid":{"rendered":"https:\/\/monmaghreb.com\/index.php\/2026\/03\/15\/voyage-voyage-les-stars-chantent-au-maroc-un-hommage-exceptionnel-a-la-beaute-du-royaume\/"},"modified":"2026-03-15T10:57:50","modified_gmt":"2026-03-15T10:57:50","slug":"voyage-voyage-les-stars-chantent-au-maroc-un-hommage-exceptionnel-a-la-beaute-du-royaume","status":"publish","type":"post","link":"https:\/\/monmaghreb.com\/index.php\/2026\/03\/15\/voyage-voyage-les-stars-chantent-au-maroc-un-hommage-exceptionnel-a-la-beaute-du-royaume\/","title":{"rendered":"Voyage Voyage : les stars chantent au Maroc &#8211; Un hommage exceptionnel \u00e0 la beaut\u00e9 du Royaume"},"content":{"rendered":"<p><!DOCTYPE html><br \/>\n<html lang=\"fr\"><br \/>\n<head><br \/>\n    <meta charset=\"UTF-8\"><br \/>\n    <title>Voyage Voyage : les stars chantent au Maroc &#8211; Un hommage exceptionnel \u00e0 la beaut\u00e9 du Royaume<\/title><br \/>\n<\/head><br \/>\n<body><\/p>\n<h1>Voyage Voyage : les stars chantent au Maroc &#8211; Un hommage exceptionnel \u00e0 la beaut\u00e9 du Royaume<\/h1>\n<p>Depuis quelques ann\u00e9es, le Maroc a connu une croissance exponentielle de l&#8217;int\u00e9r\u00eat pour sa culture et son paysage. Cependant, il est rare que ce soit un hommage tellement \u00e9mouvant au c\u0153ur du spectacle musical francophone que celui-ci. En effet, la beaut\u00e9 du Royaume, caract\u00e9ris\u00e9e par ses villes historiques blanches, ses montagnes sauvages et ses plages de sable fin, a captiv\u00e9 l&#8217;attention des artistes les plus r\u00e9put\u00e9s.<\/p>\n<h2>La chanson Voyage Voyage : une \u00e9poque transformative<\/h2>\n<p>Sortie en 1984, la chanson Voyage Voyage de la chanteuse fran\u00e7aise Desireless a marqu\u00e9 un tournant dans l&#8217;histoire de la musique et de la culture. Cette chanson \u00e0 la m\u00e9lodie enthrallante est rest\u00e9e dans les esprits pendant des d\u00e9cennies, avec ses paroles \u00e9mouvantes qui invitent \u00e0 laisser derri\u00e8re soi les soucis du quotidien pour se laisser emporter par le vent de libert\u00e9.<\/p>\n<p>Il semblait donc naturel que les artistes cherchassent des endroits incroyablement beaux pour tourner leur propre vid\u00e9oclip Voyage Voyage. Et ils n&#8217;ont pas manqu\u00e9 de choisir le Maroc, qui offre une palette de d\u00e9cors exceptionnels, passant du d\u00e9sert \u00e0 la montagne, en passant par les villes historiques et les plages paradisiaques.<\/p>\n<h2>Les stars s&#8217;installent au Maroc<\/h2>\n<p>Parmi les nombreux artistes qui ont choisi le Maroc pour filmer leur vid\u00e9oclip Voyage Voyage, on peut citer M. Pokora, Soprano, ou encore Zazie. Chacun a apport\u00e9 son propre style et sa propre vision \u00e0 la vid\u00e9o, mais tous partagent un amour profond pour la beaut\u00e9 du pays.<\/p>\n<p>Les clips de ces stars ont transform\u00e9 l&#8217;image du Maroc dans les esprits des millions de spectateurs fran\u00e7ais. Les images de paysages incroyables et d&#8217;habitats traditionnels ont captur\u00e9 le c\u0153ur de tous ceux qui l&#8217;ont vue, cr\u00e9ant un amour durable pour ce pays exceptionnel.<\/p>\n<h2>Un hommage \u00e0 la beaut\u00e9 du Maroc<\/h2>\n<p>Les clips des stars ne font pas seulement justice \u00e0 la beaut\u00e9 naturelle du pays, mais aussi \u00e0 sa culture et ses traditions. Les chanteurs ont utilis\u00e9 la mode, le th\u00e9\u00e2tre et la danse traditionnels marocains pour faire ressortir les aspects les plus authentiques de la vie au Maroc.<\/p>\n<p>Les costumes traditionnels, les danses folkloriques et les chants arabes ont \u00e9t\u00e9 mis en valeur dans ces vid\u00e9os, offrant un aper\u00e7u unique de la culture marocaine. Cela a permis aux spectateurs de d\u00e9couvrir les richesses du pays, allant bien au-del\u00e0 des images touristiques classiques.<\/p>\n<h2>Le Maroc dans le c\u0153ur des Fran\u00e7ais<\/h2>\n<p>Gr\u00e2ce aux vid\u00e9os de ces clips, beaucoup de Fran\u00e7ais ont d\u00e9couvert ou red\u00e9couvert l&#8217;attrait du Maroc. Ils sont maintenant plus dispos\u00e9s \u00e0 visiter ce pays exceptionnel que jamais, attir\u00e9s par la promesse d&#8217;une exp\u00e9rience unique et enrichissante.<\/p>\n<h2>Pourquoi ne pas visiter le Maroc ?<\/h2>\n<p>Le Maroc est un endroit exceptionnel qui a beaucoup \u00e0 offrir aux touristes. Des plages de sable fin, des montagnes sauvages et des villes historiques sont tout pr\u00e8s. Si vous \u00eates int\u00e9ress\u00e9 par la culture marocaine, alors il n&#8217;est pas \u00e0 faise de d\u00e9bat que vous devriez visiter le Maroc.<\/p>\n<p>Venez d\u00e9couvrir ce pays exceptionnel qui a captur\u00e9 le c\u0153ur des stars et des millions de spectateurs. Voyagez au Maroc, c&#8217;est l&#8217;exp\u00e9rience de la vie ! Vous pourrez explorer les souks traditionnels, savourer les d\u00e9licieux plats marocains, vous faire masser dans un hammam, ou simplement vous promener sur les plages paradisiaques.<\/p>\n<p>Le Maroc est un pays qui vous attend, pr\u00eat \u00e0 vous accueillir avec ses traditions, sa culture et sa beaut\u00e9. N&#8217;h\u00e9sitez pas, voyagez au Maroc !<\/p>\n<div style=\"background:#f8f9fa;border-left:4px solid #0066cc;border-radius:6px;padding:20px 24px;margin:32px 0;\">\n<p style=\"font-size:13px;color:#888;text-transform:uppercase;letter-spacing:0.8px;margin:0 0 6px 0;\">Vous pourriez aussi aimer<\/p>\n<h3 style=\"font-size:18px;margin:0 0 14px 0;color:#222;\">Articles similaires<\/h3>\n<ul style=\"margin:0;padding-left:20px;list-style:disc;\">\n<li style=\"margin-bottom:10px;\"><a href=\"https:\/\/monmaghreb.com\/index.php\/2026\/03\/08\/un-guide-complet-pour-les-vacances-luxueuses-au-maroc-decouvrez-la-mode-de-vie-opulente-du-pays-nord-africain\/\" style=\"color:#0066cc;text-decoration:none;font-weight:500;\" title=\"Un guide complet pour les vacances luxueuses au Maroc : d\u00e9couvrez la mode de vie opulente du pays nord-africain\">Un guide complet pour les vacances luxueuses au Maroc : d\u00e9couvrez la mode de vie opulente du pays nord-africain<\/a><\/li>\n<li style=\"margin-bottom:10px;\"><a href=\"https:\/\/monmaghreb.com\/index.php\/2026\/03\/11\/guide-complet-de-la-priere-de-laid-horaires-et-mosquees-pour-les-communautes-algerienne-tunisienne-et-marocaine-en-france\/\" style=\"color:#0066cc;text-decoration:none;font-weight:500;\" title=\"Guide complet de la pri\u00e8re de l&#8217;A\u00efd : horaires et mosqu\u00e9es pour les communaut\u00e9s alg\u00e9rienne, tunisienne et marocaine en France\">Guide complet de la pri\u00e8re de l&#8217;A\u00efd : horaires et mosqu\u00e9es pour les communaut\u00e9s alg\u00e9rienne, tunisienne et marocaine en France<\/a><\/li>\n<li style=\"margin-bottom:10px;\"><a href=\"https:\/\/monmaghreb.com\/index.php\/2026\/03\/08\/le-maroc-nouveau-rival-du-tourisme-du-maghreb-en-france-en-2025-un-appel-aux-lecteurs-de-la-diaspora\/\" style=\"color:#0066cc;text-decoration:none;font-weight:500;\" title=\"Le Maroc, nouveau rival du tourisme du Maghreb en France en 2025 : un appel aux lecteurs de la diaspora\">Le Maroc, nouveau rival du tourisme du Maghreb en France en 2025 : un appel aux lecteurs de la diaspora<\/a><\/li>\n<li style=\"margin-bottom:10px;\"><a href=\"https:\/\/monmaghreb.com\/index.php\/2026\/03\/15\/le-maroc-en-tete-des-destinations-africaines-les-plus-sures-un-retour-vers-notre-berceau\/\" style=\"color:#0066cc;text-decoration:none;font-weight:500;\" title=\"Le Maroc en t\u00eate des destinations africaines les plus s\u00fbres : un retour vers notre berceau\">Le Maroc en t\u00eate des destinations africaines les plus s\u00fbres : un retour vers notre berceau<\/a><\/li>\n<li style=\"margin-bottom:10px;\"><a href=\"https:\/\/monmaghreb.com\/index.php\/2026\/03\/14\/la-moudawana-le-defi-de-la-reforme-du-code-de-la-famille-au-maroc\/\" style=\"color:#0066cc;text-decoration:none;font-weight:500;\" title=\"La Moudawana : le d\u00e9fi de la r\u00e9forme du code de la famille au Maroc\">La Moudawana : le d\u00e9fi de la r\u00e9forme du code de la famille au Maroc<\/a><\/li>\n<\/ul>\n<\/div>\n<p><\/body><br \/>\n<\/html><\/p>\n","protected":false},"excerpt":{"rendered":"<p>Voyage Voyage: les stars chantent au Maroc &#8211; Un hommage exceptionnel \u00e0 la beaut\u00e9 du Royaume. D\u00e9couvrez la croissance exponentielle de l&#8217;int\u00e9r\u00eat pour la culture <\/p>\n","protected":false},"author":1,"featured_media":1195,"comment_status":"closed","ping_status":"open","sticky":false,"template":"","format":"standard","meta":{"_yoast_wpseo_focuskw":"voyage voyage maroc","_yoast_wpseo_title":"Voyage Voyage : les stars chantent au Maroc - Un hommage exc","_yoast_wpseo_metadesc":"Voyage Voyage: les stars chantent au Maroc - Un hommage exceptionnel \u00e0 la beaut\u00e9 du Royaume. D\u00e9couvrez la croissance exponentielle de l'int\u00e9r\u00eat pour la culture","_yoast_wpseo_canonical":"","_yoast_wpseo_opengraph-title":"Voyage Voyage : les stars chantent au Maroc - Un hommage exceptionnel \u00e0 la beaut\u00e9 du Royaume","_yoast_wpseo_opengraph-description":"Voyage Voyage: les stars chantent au Maroc - Un hommage exceptionnel \u00e0 la beaut\u00e9 du Royaume. D\u00e9couvrez la croissance exponentielle de l'int\u00e9r\u00eat pour la culture","_yoast_wpseo_opengraph-image":"","tdm_status":"","tdm_grid_status":"","footnotes":""},"categories":[480],"tags":[329,110,920,921,919],"class_list":["post-1196","post","type-post","status-publish","format-standard","has-post-thumbnail","hentry","category-musique","tag-culture-marocaine","tag-guide-voyage","tag-hommage","tag-maroc-diaspora","tag-musique-francophone"],"yoast_head":"<!-- This site is optimized with the Yoast SEO plugin v27.5 - https:\/\/yoast.com\/product\/yoast-seo-wordpress\/ -->\n<title>Voyage Voyage : les stars chantent au Maroc - Un hommage exc<\/title>\n<meta name=\"description\" content=\"Voyage Voyage: les stars chantent au Maroc - Un hommage exceptionnel \u00e0 la beaut\u00e9 du Royaume. D\u00e9couvrez la croissance exponentielle de l&#039;int\u00e9r\u00eat pour la culture\" \/>\n<meta name=\"robots\" content=\"index, follow, max-snippet:-1, max-image-preview:large, max-video-preview:-1\" \/>\n<link rel=\"canonical\" href=\"https:\/\/monmaghreb.com\/index.php\/2026\/03\/15\/voyage-voyage-les-stars-chantent-au-maroc-un-hommage-exceptionnel-a-la-beaute-du-royaume\/\" \/>\n<meta property=\"og:locale\" content=\"en_US\" \/>\n<meta property=\"og:type\" content=\"article\" \/>\n<meta property=\"og:title\" content=\"Voyage Voyage : les stars chantent au Maroc - Un hommage exceptionnel \u00e0 la beaut\u00e9 du Royaume\" \/>\n<meta property=\"og:description\" content=\"Voyage Voyage: les stars chantent au Maroc - Un hommage exceptionnel \u00e0 la beaut\u00e9 du Royaume. D\u00e9couvrez la croissance exponentielle de l&#039;int\u00e9r\u00eat pour la culture\" \/>\n<meta property=\"og:url\" content=\"https:\/\/monmaghreb.com\/index.php\/2026\/03\/15\/voyage-voyage-les-stars-chantent-au-maroc-un-hommage-exceptionnel-a-la-beaute-du-royaume\/\" \/>\n<meta property=\"og:site_name\" content=\"Mon Maghreb\" \/>\n<meta property=\"article:author\" content=\"https:\/\/www.facebook.com\/monmaghrebcom\" \/>\n<meta property=\"article:published_time\" content=\"2026-03-15T10:57:48+00:00\" \/>\n<meta property=\"article:modified_time\" content=\"2026-03-15T10:57:50+00:00\" \/>\n<meta property=\"og:image\" content=\"https:\/\/monmaghreb.com\/wp-content\/uploads\/2026\/03\/featured-111.jpg\" \/>\n\t<meta property=\"og:image:width\" content=\"1880\" \/>\n\t<meta property=\"og:image:height\" content=\"1253\" \/>\n\t<meta property=\"og:image:type\" content=\"image\/jpeg\" \/>\n<meta name=\"author\" content=\"LaMagh\" \/>\n<meta name=\"twitter:card\" content=\"summary_large_image\" \/>\n<meta name=\"twitter:creator\" content=\"@MMaghreb50977\" \/>\n<meta name=\"twitter:label1\" content=\"Written by\" \/>\n\t<meta name=\"twitter:data1\" content=\"LaMagh\" \/>\n\t<meta name=\"twitter:label2\" content=\"Est. reading time\" \/>\n\t<meta name=\"twitter:data2\" content=\"4 minutes\" \/>\n<script type=\"application\/ld+json\" class=\"yoast-schema-graph\">{\"@context\":\"https:\\\/\\\/schema.org\",\"@graph\":[{\"@type\":\"Article\",\"@id\":\"https:\\\/\\\/monmaghreb.com\\\/index.php\\\/2026\\\/03\\\/15\\\/voyage-voyage-les-stars-chantent-au-maroc-un-hommage-exceptionnel-a-la-beaute-du-royaume\\\/#article\",\"isPartOf\":{\"@id\":\"https:\\\/\\\/monmaghreb.com\\\/index.php\\\/2026\\\/03\\\/15\\\/voyage-voyage-les-stars-chantent-au-maroc-un-hommage-exceptionnel-a-la-beaute-du-royaume\\\/\"},\"author\":{\"name\":\"LaMagh\",\"@id\":\"http:\\\/\\\/monmaghreb.com\\\/#\\\/schema\\\/person\\\/c469a89dc8c6b8987dcb438b1200d054\"},\"headline\":\"Voyage Voyage : les stars chantent au Maroc &#8211; Un hommage exceptionnel \u00e0 la beaut\u00e9 du Royaume\",\"datePublished\":\"2026-03-15T10:57:48+00:00\",\"dateModified\":\"2026-03-15T10:57:50+00:00\",\"mainEntityOfPage\":{\"@id\":\"https:\\\/\\\/monmaghreb.com\\\/index.php\\\/2026\\\/03\\\/15\\\/voyage-voyage-les-stars-chantent-au-maroc-un-hommage-exceptionnel-a-la-beaute-du-royaume\\\/\"},\"wordCount\":750,\"publisher\":{\"@id\":\"http:\\\/\\\/monmaghreb.com\\\/#organization\"},\"image\":{\"@id\":\"https:\\\/\\\/monmaghreb.com\\\/index.php\\\/2026\\\/03\\\/15\\\/voyage-voyage-les-stars-chantent-au-maroc-un-hommage-exceptionnel-a-la-beaute-du-royaume\\\/#primaryimage\"},\"thumbnailUrl\":\"https:\\\/\\\/monmaghreb.com\\\/wp-content\\\/uploads\\\/2026\\\/03\\\/featured-111.jpg\",\"keywords\":[\"culture marocaine\",\"Guide voyage\",\"hommage\",\"maroc diaspora\",\"musique francophone\"],\"articleSection\":[\"Musique\"],\"inLanguage\":\"en-US\"},{\"@type\":\"WebPage\",\"@id\":\"https:\\\/\\\/monmaghreb.com\\\/index.php\\\/2026\\\/03\\\/15\\\/voyage-voyage-les-stars-chantent-au-maroc-un-hommage-exceptionnel-a-la-beaute-du-royaume\\\/\",\"url\":\"https:\\\/\\\/monmaghreb.com\\\/index.php\\\/2026\\\/03\\\/15\\\/voyage-voyage-les-stars-chantent-au-maroc-un-hommage-exceptionnel-a-la-beaute-du-royaume\\\/\",\"name\":\"Voyage Voyage : les stars chantent au Maroc - Un hommage exc\",\"isPartOf\":{\"@id\":\"http:\\\/\\\/monmaghreb.com\\\/#website\"},\"primaryImageOfPage\":{\"@id\":\"https:\\\/\\\/monmaghreb.com\\\/index.php\\\/2026\\\/03\\\/15\\\/voyage-voyage-les-stars-chantent-au-maroc-un-hommage-exceptionnel-a-la-beaute-du-royaume\\\/#primaryimage\"},\"image\":{\"@id\":\"https:\\\/\\\/monmaghreb.com\\\/index.php\\\/2026\\\/03\\\/15\\\/voyage-voyage-les-stars-chantent-au-maroc-un-hommage-exceptionnel-a-la-beaute-du-royaume\\\/#primaryimage\"},\"thumbnailUrl\":\"https:\\\/\\\/monmaghreb.com\\\/wp-content\\\/uploads\\\/2026\\\/03\\\/featured-111.jpg\",\"datePublished\":\"2026-03-15T10:57:48+00:00\",\"dateModified\":\"2026-03-15T10:57:50+00:00\",\"description\":\"Voyage Voyage: les stars chantent au Maroc - Un hommage exceptionnel \u00e0 la beaut\u00e9 du Royaume. D\u00e9couvrez la croissance exponentielle de l'int\u00e9r\u00eat pour la culture\",\"breadcrumb\":{\"@id\":\"https:\\\/\\\/monmaghreb.com\\\/index.php\\\/2026\\\/03\\\/15\\\/voyage-voyage-les-stars-chantent-au-maroc-un-hommage-exceptionnel-a-la-beaute-du-royaume\\\/#breadcrumb\"},\"inLanguage\":\"en-US\",\"potentialAction\":[{\"@type\":\"ReadAction\",\"target\":[\"https:\\\/\\\/monmaghreb.com\\\/index.php\\\/2026\\\/03\\\/15\\\/voyage-voyage-les-stars-chantent-au-maroc-un-hommage-exceptionnel-a-la-beaute-du-royaume\\\/\"]}]},{\"@type\":\"ImageObject\",\"inLanguage\":\"en-US\",\"@id\":\"https:\\\/\\\/monmaghreb.com\\\/index.php\\\/2026\\\/03\\\/15\\\/voyage-voyage-les-stars-chantent-au-maroc-un-hommage-exceptionnel-a-la-beaute-du-royaume\\\/#primaryimage\",\"url\":\"https:\\\/\\\/monmaghreb.com\\\/wp-content\\\/uploads\\\/2026\\\/03\\\/featured-111.jpg\",\"contentUrl\":\"https:\\\/\\\/monmaghreb.com\\\/wp-content\\\/uploads\\\/2026\\\/03\\\/featured-111.jpg\",\"width\":1880,\"height\":1253,\"caption\":\"Stars fran\u00e7aises chantant dans un d\u00e9cor traditionnel marocain\"},{\"@type\":\"BreadcrumbList\",\"@id\":\"https:\\\/\\\/monmaghreb.com\\\/index.php\\\/2026\\\/03\\\/15\\\/voyage-voyage-les-stars-chantent-au-maroc-un-hommage-exceptionnel-a-la-beaute-du-royaume\\\/#breadcrumb\",\"itemListElement\":[{\"@type\":\"ListItem\",\"position\":1,\"name\":\"Home\",\"item\":\"http:\\\/\\\/monmaghreb.com\\\/\"},{\"@type\":\"ListItem\",\"position\":2,\"name\":\"Voyage Voyage : les stars chantent au Maroc &#8211; Un hommage exceptionnel \u00e0 la beaut\u00e9 du Royaume\"}]},{\"@type\":\"WebSite\",\"@id\":\"http:\\\/\\\/monmaghreb.com\\\/#website\",\"url\":\"http:\\\/\\\/monmaghreb.com\\\/\",\"name\":\"Mon Maghreb\",\"description\":\"MonMaghreb United\",\"publisher\":{\"@id\":\"http:\\\/\\\/monmaghreb.com\\\/#organization\"},\"alternateName\":\"Le Monde du Maghreb et au del\u00e0\",\"potentialAction\":[{\"@type\":\"SearchAction\",\"target\":{\"@type\":\"EntryPoint\",\"urlTemplate\":\"http:\\\/\\\/monmaghreb.com\\\/?s={search_term_string}\"},\"query-input\":{\"@type\":\"PropertyValueSpecification\",\"valueRequired\":true,\"valueName\":\"search_term_string\"}}],\"inLanguage\":\"en-US\"},{\"@type\":\"Organization\",\"@id\":\"http:\\\/\\\/monmaghreb.com\\\/#organization\",\"name\":\"Mon Maghreb\",\"url\":\"http:\\\/\\\/monmaghreb.com\\\/\",\"logo\":{\"@type\":\"ImageObject\",\"inLanguage\":\"en-US\",\"@id\":\"http:\\\/\\\/monmaghreb.com\\\/#\\\/schema\\\/logo\\\/image\\\/\",\"url\":\"https:\\\/\\\/monmaghreb.com\\\/wp-content\\\/uploads\\\/2025\\\/12\\\/Mon_Maghreb_Logo.jpg\",\"contentUrl\":\"https:\\\/\\\/monmaghreb.com\\\/wp-content\\\/uploads\\\/2025\\\/12\\\/Mon_Maghreb_Logo.jpg\",\"width\":814,\"height\":374,\"caption\":\"Mon Maghreb\"},\"image\":{\"@id\":\"http:\\\/\\\/monmaghreb.com\\\/#\\\/schema\\\/logo\\\/image\\\/\"}},{\"@type\":\"Person\",\"@id\":\"http:\\\/\\\/monmaghreb.com\\\/#\\\/schema\\\/person\\\/c469a89dc8c6b8987dcb438b1200d054\",\"name\":\"LaMagh\",\"image\":{\"@type\":\"ImageObject\",\"inLanguage\":\"en-US\",\"@id\":\"https:\\\/\\\/secure.gravatar.com\\\/avatar\\\/399d8144bd55fba55e056779aca52fe528bac7911f6449e54d81173d6dfd7f0a?s=96&d=mm&r=g\",\"url\":\"https:\\\/\\\/secure.gravatar.com\\\/avatar\\\/399d8144bd55fba55e056779aca52fe528bac7911f6449e54d81173d6dfd7f0a?s=96&d=mm&r=g\",\"contentUrl\":\"https:\\\/\\\/secure.gravatar.com\\\/avatar\\\/399d8144bd55fba55e056779aca52fe528bac7911f6449e54d81173d6dfd7f0a?s=96&d=mm&r=g\",\"caption\":\"LaMagh\"},\"sameAs\":[\"https:\\\/\\\/monmaghreb.com\",\"https:\\\/\\\/www.facebook.com\\\/monmaghrebcom\",\"https:\\\/\\\/x.com\\\/MMaghreb50977\"],\"url\":\"https:\\\/\\\/monmaghreb.com\\\/index.php\\\/author\\\/lamagh\\\/\"}]}<\/script>\n<!-- \/ Yoast SEO plugin. -->","yoast_head_json":{"title":"Voyage Voyage : les stars chantent au Maroc - Un hommage exc","description":"Voyage Voyage: les stars chantent au Maroc - Un hommage exceptionnel \u00e0 la beaut\u00e9 du Royaume. D\u00e9couvrez la croissance exponentielle de l'int\u00e9r\u00eat pour la culture","robots":{"index":"index","follow":"follow","max-snippet":"max-snippet:-1","max-image-preview":"max-image-preview:large","max-video-preview":"max-video-preview:-1"},"canonical":"https:\/\/monmaghreb.com\/index.php\/2026\/03\/15\/voyage-voyage-les-stars-chantent-au-maroc-un-hommage-exceptionnel-a-la-beaute-du-royaume\/","og_locale":"en_US","og_type":"article","og_title":"Voyage Voyage : les stars chantent au Maroc - Un hommage exceptionnel \u00e0 la beaut\u00e9 du Royaume","og_description":"Voyage Voyage: les stars chantent au Maroc - Un hommage exceptionnel \u00e0 la beaut\u00e9 du Royaume. D\u00e9couvrez la croissance exponentielle de l'int\u00e9r\u00eat pour la culture","og_url":"https:\/\/monmaghreb.com\/index.php\/2026\/03\/15\/voyage-voyage-les-stars-chantent-au-maroc-un-hommage-exceptionnel-a-la-beaute-du-royaume\/","og_site_name":"Mon Maghreb","article_author":"https:\/\/www.facebook.com\/monmaghrebcom","article_published_time":"2026-03-15T10:57:48+00:00","article_modified_time":"2026-03-15T10:57:50+00:00","og_image":[{"width":1880,"height":1253,"url":"https:\/\/monmaghreb.com\/wp-content\/uploads\/2026\/03\/featured-111.jpg","type":"image\/jpeg"}],"author":"LaMagh","twitter_card":"summary_large_image","twitter_creator":"@MMaghreb50977","twitter_misc":{"Written by":"LaMagh","Est. reading time":"4 minutes"},"schema":{"@context":"https:\/\/schema.org","@graph":[{"@type":"Article","@id":"https:\/\/monmaghreb.com\/index.php\/2026\/03\/15\/voyage-voyage-les-stars-chantent-au-maroc-un-hommage-exceptionnel-a-la-beaute-du-royaume\/#article","isPartOf":{"@id":"https:\/\/monmaghreb.com\/index.php\/2026\/03\/15\/voyage-voyage-les-stars-chantent-au-maroc-un-hommage-exceptionnel-a-la-beaute-du-royaume\/"},"author":{"name":"LaMagh","@id":"http:\/\/monmaghreb.com\/#\/schema\/person\/c469a89dc8c6b8987dcb438b1200d054"},"headline":"Voyage Voyage : les stars chantent au Maroc &#8211; Un hommage exceptionnel \u00e0 la beaut\u00e9 du Royaume","datePublished":"2026-03-15T10:57:48+00:00","dateModified":"2026-03-15T10:57:50+00:00","mainEntityOfPage":{"@id":"https:\/\/monmaghreb.com\/index.php\/2026\/03\/15\/voyage-voyage-les-stars-chantent-au-maroc-un-hommage-exceptionnel-a-la-beaute-du-royaume\/"},"wordCount":750,"publisher":{"@id":"http:\/\/monmaghreb.com\/#organization"},"image":{"@id":"https:\/\/monmaghreb.com\/index.php\/2026\/03\/15\/voyage-voyage-les-stars-chantent-au-maroc-un-hommage-exceptionnel-a-la-beaute-du-royaume\/#primaryimage"},"thumbnailUrl":"https:\/\/monmaghreb.com\/wp-content\/uploads\/2026\/03\/featured-111.jpg","keywords":["culture marocaine","Guide voyage","hommage","maroc diaspora","musique francophone"],"articleSection":["Musique"],"inLanguage":"en-US"},{"@type":"WebPage","@id":"https:\/\/monmaghreb.com\/index.php\/2026\/03\/15\/voyage-voyage-les-stars-chantent-au-maroc-un-hommage-exceptionnel-a-la-beaute-du-royaume\/","url":"https:\/\/monmaghreb.com\/index.php\/2026\/03\/15\/voyage-voyage-les-stars-chantent-au-maroc-un-hommage-exceptionnel-a-la-beaute-du-royaume\/","name":"Voyage Voyage : les stars chantent au Maroc - Un hommage exc","isPartOf":{"@id":"http:\/\/monmaghreb.com\/#website"},"primaryImageOfPage":{"@id":"https:\/\/monmaghreb.com\/index.php\/2026\/03\/15\/voyage-voyage-les-stars-chantent-au-maroc-un-hommage-exceptionnel-a-la-beaute-du-royaume\/#primaryimage"},"image":{"@id":"https:\/\/monmaghreb.com\/index.php\/2026\/03\/15\/voyage-voyage-les-stars-chantent-au-maroc-un-hommage-exceptionnel-a-la-beaute-du-royaume\/#primaryimage"},"thumbnailUrl":"https:\/\/monmaghreb.com\/wp-content\/uploads\/2026\/03\/featured-111.jpg","datePublished":"2026-03-15T10:57:48+00:00","dateModified":"2026-03-15T10:57:50+00:00","description":"Voyage Voyage: les stars chantent au Maroc - Un hommage exceptionnel \u00e0 la beaut\u00e9 du Royaume. D\u00e9couvrez la croissance exponentielle de l'int\u00e9r\u00eat pour la culture","breadcrumb":{"@id":"https:\/\/monmaghreb.com\/index.php\/2026\/03\/15\/voyage-voyage-les-stars-chantent-au-maroc-un-hommage-exceptionnel-a-la-beaute-du-royaume\/#breadcrumb"},"inLanguage":"en-US","potentialAction":[{"@type":"ReadAction","target":["https:\/\/monmaghreb.com\/index.php\/2026\/03\/15\/voyage-voyage-les-stars-chantent-au-maroc-un-hommage-exceptionnel-a-la-beaute-du-royaume\/"]}]},{"@type":"ImageObject","inLanguage":"en-US","@id":"https:\/\/monmaghreb.com\/index.php\/2026\/03\/15\/voyage-voyage-les-stars-chantent-au-maroc-un-hommage-exceptionnel-a-la-beaute-du-royaume\/#primaryimage","url":"https:\/\/monmaghreb.com\/wp-content\/uploads\/2026\/03\/featured-111.jpg","contentUrl":"https:\/\/monmaghreb.com\/wp-content\/uploads\/2026\/03\/featured-111.jpg","width":1880,"height":1253,"caption":"Stars fran\u00e7aises chantant dans un d\u00e9cor traditionnel marocain"},{"@type":"BreadcrumbList","@id":"https:\/\/monmaghreb.com\/index.php\/2026\/03\/15\/voyage-voyage-les-stars-chantent-au-maroc-un-hommage-exceptionnel-a-la-beaute-du-royaume\/#breadcrumb","itemListElement":[{"@type":"ListItem","position":1,"name":"Home","item":"http:\/\/monmaghreb.com\/"},{"@type":"ListItem","position":2,"name":"Voyage Voyage : les stars chantent au Maroc &#8211; Un hommage exceptionnel \u00e0 la beaut\u00e9 du Royaume"}]},{"@type":"WebSite","@id":"http:\/\/monmaghreb.com\/#website","url":"http:\/\/monmaghreb.com\/","name":"Mon Maghreb","description":"MonMaghreb United","publisher":{"@id":"http:\/\/monmaghreb.com\/#organization"},"alternateName":"Le Monde du Maghreb et au del\u00e0","potentialAction":[{"@type":"SearchAction","target":{"@type":"EntryPoint","urlTemplate":"http:\/\/monmaghreb.com\/?s={search_term_string}"},"query-input":{"@type":"PropertyValueSpecification","valueRequired":true,"valueName":"search_term_string"}}],"inLanguage":"en-US"},{"@type":"Organization","@id":"http:\/\/monmaghreb.com\/#organization","name":"Mon Maghreb","url":"http:\/\/monmaghreb.com\/","logo":{"@type":"ImageObject","inLanguage":"en-US","@id":"http:\/\/monmaghreb.com\/#\/schema\/logo\/image\/","url":"https:\/\/monmaghreb.com\/wp-content\/uploads\/2025\/12\/Mon_Maghreb_Logo.jpg","contentUrl":"https:\/\/monmaghreb.com\/wp-content\/uploads\/2025\/12\/Mon_Maghreb_Logo.jpg","width":814,"height":374,"caption":"Mon Maghreb"},"image":{"@id":"http:\/\/monmaghreb.com\/#\/schema\/logo\/image\/"}},{"@type":"Person","@id":"http:\/\/monmaghreb.com\/#\/schema\/person\/c469a89dc8c6b8987dcb438b1200d054","name":"LaMagh","image":{"@type":"ImageObject","inLanguage":"en-US","@id":"https:\/\/secure.gravatar.com\/avatar\/399d8144bd55fba55e056779aca52fe528bac7911f6449e54d81173d6dfd7f0a?s=96&d=mm&r=g","url":"https:\/\/secure.gravatar.com\/avatar\/399d8144bd55fba55e056779aca52fe528bac7911f6449e54d81173d6dfd7f0a?s=96&d=mm&r=g","contentUrl":"https:\/\/secure.gravatar.com\/avatar\/399d8144bd55fba55e056779aca52fe528bac7911f6449e54d81173d6dfd7f0a?s=96&d=mm&r=g","caption":"LaMagh"},"sameAs":["https:\/\/monmaghreb.com","https:\/\/www.facebook.com\/monmaghrebcom","https:\/\/x.com\/MMaghreb50977"],"url":"https:\/\/monmaghreb.com\/index.php\/author\/lamagh\/"}]}},"_links":{"self":[{"href":"https:\/\/monmaghreb.com\/index.php\/wp-json\/wp\/v2\/posts\/1196","targetHints":{"allow":["GET"]}}],"collection":[{"href":"https:\/\/monmaghreb.com\/index.php\/wp-json\/wp\/v2\/posts"}],"about":[{"href":"https:\/\/monmaghreb.com\/index.php\/wp-json\/wp\/v2\/types\/post"}],"author":[{"embeddable":true,"href":"https:\/\/monmaghreb.com\/index.php\/wp-json\/wp\/v2\/users\/1"}],"replies":[{"embeddable":true,"href":"https:\/\/monmaghreb.com\/index.php\/wp-json\/wp\/v2\/comments?post=1196"}],"version-history":[{"count":1,"href":"https:\/\/monmaghreb.com\/index.php\/wp-json\/wp\/v2\/posts\/1196\/revisions"}],"predecessor-version":[{"id":1197,"href":"https:\/\/monmaghreb.com\/index.php\/wp-json\/wp\/v2\/posts\/1196\/revisions\/1197"}],"wp:featuredmedia":[{"embeddable":true,"href":"https:\/\/monmaghreb.com\/index.php\/wp-json\/wp\/v2\/media\/1195"}],"wp:attachment":[{"href":"https:\/\/monmaghreb.com\/index.php\/wp-json\/wp\/v2\/media?parent=1196"}],"wp:term":[{"taxonomy":"category","embeddable":true,"href":"https:\/\/monmaghreb.com\/index.php\/wp-json\/wp\/v2\/categories?post=1196"},{"taxonomy":"post_tag","embeddable":true,"href":"https:\/\/monmaghreb.com\/index.php\/wp-json\/wp\/v2\/tags?post=1196"}],"curies":[{"name":"wp","href":"https:\/\/api.w.org\/{rel}","templated":true}]}}