{"id":1227,"date":"2026-03-15T15:34:46","date_gmt":"2026-03-15T15:34:46","guid":{"rendered":"https:\/\/monmaghreb.com\/index.php\/2026\/03\/15\/le-spa-alaena-un-sanctuaire-de-la-reflexion-en-duo\/"},"modified":"2026-03-15T15:34:49","modified_gmt":"2026-03-15T15:34:49","slug":"le-spa-alaena-un-sanctuaire-de-la-reflexion-en-duo","status":"publish","type":"post","link":"https:\/\/monmaghreb.com\/index.php\/2026\/03\/15\/le-spa-alaena-un-sanctuaire-de-la-reflexion-en-duo\/","title":{"rendered":"Le spa Alaena : un sanctuaire de la r\u00e9flexion en duo"},"content":{"rendered":"<p><!DOCTYPE html><br \/>\n<html lang='fr'><br \/>\n<head><br \/>\n  <meta charset='UTF-8'><br \/>\n  <meta name='viewport' content='width=device-width, initial-scale=1.0'><br \/>\n  <title>Le spa Alaena invite \u00e0 la d\u00e9tente en duo<\/title><br \/>\n<\/head><br \/>\n<body><\/p>\n<h1>Le spa Alaena : un sanctuaire de la r\u00e9flexion en duo<\/h1>\n<p>  <script type=\"application\/ld+json\">\n{\n  \"@context\": \"https:\/\/schema.org\/\",\n  \"@type\": \"Recipe\",\n  \"name\": \"Le spa Alaena\",\n  \"description\": \"Un sanctuaire de la r\u00e9flexion en duo\",\n  \"prepTime\": \"PT0M\",\n  \"cookTime\": \"PTNA\",\n  \"totalTime\": \"PTNA\",\n  \"recipeYield\": \"2 personnes\",\n  \"recipeIngredient\": [\n    {\n      \"name\": \"Eau chaude\",\n      \"quantity\": \"\u00e0 la discr\u00e9tion du visiteur\"\n    },\n    {\n      \"name\": \"Eau froide\",\n      \"quantity\": \"\u00e0 la discr\u00e9tion du visiteur\"\n    },\n    {\n      \"name\": \"Massages\",\n      \"quantity\": \"\u00e0 la discr\u00e9tion du visiteur\"\n    }\n  ],\n  \"recipeInstructions\": [\n    {\n      \"@type\": \"HowToStep\",\n      \"text\": \"\u00c9tape 1: Commencer par une douche d'eau chaude qui d\u00e9tend les muscles et pr\u00e9pare le corps \u00e0 la r\u00e9flexion.\"\n    },\n    {\n      \"@type\": \"HowToStep\",\n      \"text\": \"\u00c9tape 2: Suivre un chemin qui vous m\u00e8ne \u00e0 travers des piscines froides, chaudes et de diff\u00e9rentes temp\u00e9ratures interm\u00e9diaires.\"\n    },\n    {\n      \"@type\": \"HowToStep\",\n      \"text\": \"\u00c9tape 3: Chaque \u00e9tape du parcours est accompagn\u00e9e de massages, de jeux d'eau ou de saunas.\"\n    }\n  ],\n  \"recipeCategory\": \"Main Course\",\n  \"recipeCuisine\": \"Non culinaire\",\n  \"keywords\": [\n    \"spa\",\n    \"r\u00e9flexion\",\n    \"duo\"\n  ],\n  \"datePublished\": \"2026-03-15\",\n  \"author\": {\n    \"@type\": \"Organization\",\n    \"name\": \"\"\n  }\n}\n<\/script><\/p>\n<p>L&#8217;\u00e9poque actuelle est marqu\u00e9e par une grande intensit\u00e9, tant au niveau professionnel que personnel. Les travailleurs, les entrepreneurs, les parents et m\u00eame les \u00e9tudiants cherchent d\u00e9sesp\u00e9r\u00e9ment \u00e0 se d\u00e9tendre et \u00e0 retrouver l&#8217;\u00e9quilibre entre leur corps et leur esprit. C&#8217;est l\u00e0 que le spa Alaena entre en jeu, offrant un sanctuaire de la r\u00e9flexion o\u00f9 l&#8217;on peut s&#8217;arr\u00eater et se recharger.<\/p>\n<h2>L&#8217;ambiance enchant\u00e9e du spa<\/h2>\n<p>Imaginez-vous dans une vall\u00e9e recul\u00e9e, loin des bourbiers de la vie quotidienne. La nature est omnipr\u00e9sente, avec ses arbres touffus, ses fleuves paisibles et ses montagnes majestueuses. C&#8217;est l\u00e0 que se situe le spa Alaena, un \u00e9crin naturaliste qui vous accueille \u00e0 bras ouverts.<\/p>\n<p>La d\u00e9coration du spa est sobre mais \u00e9l\u00e9gante, avec des mat\u00e9riaux soigneusement choisis pour offrir une ambiance calme et harmonieuse. Les murs sont tapiss\u00e9s de pierres naturelles, les sols de bois poli, et les luminaires en cuivre ajoutent une touche d&#8217;\u00e9legance. La musique, un symphonique de sons qui varient de la douceur \u00e0 l&#8217;\u00e9ructation, accompagne les visiteurs dans leur parcours du spa.<\/p>\n<h2>Le parcours d&#8217;eau chaude et froide<\/h2>\n<p>Le parcours du spa commence par une douche d&#8217;eau chaude qui d\u00e9tend les muscles et pr\u00e9pare le corps \u00e0 la r\u00e9flexion. Vous vous laissez couler dans l&#8217;eau, sentant vos tensions s&#8217;\u00e9vanouir comme des bulles de savon.<\/p>\n<p>Apr\u00e8s cette \u00e9tape, vous pouvez suivre un chemin qui vous m\u00e8ne \u00e0 travers des piscines froides, chaudes et de diff\u00e9rentes temp\u00e9ratures interm\u00e9diaires. Cette alternance permet d&#8217;accentuer l&#8217;effet d\u00e9tente, en vous faisant vous sentez comme si vous aviez laiss\u00e9 votre corps prendre une nouvelle forme.<\/p>\n<p>Chaque \u00e9tape du parcours est accompagn\u00e9e de massages, de jeux d&#8217;eau ou de saunas. Vous pouvez choisir les treatments qui vous conviennent le mieux, suivant vos pr\u00e9f\u00e9rences et vos besoins. Si vous \u00eates un amateur de relaxation, vous serez raviss\u00e9 par la sensation de votre corps se d\u00e9tendre sous l&#8217;effet des mains des th\u00e9rapeutes.<\/p>\n<h2>La th\u00e9rapie aromath\u00e9rapique<\/h2>\n<p>L&#8217;aromath\u00e9rapie est un art ancien qui consiste \u00e0 utiliser les huiles essentielles pour soulager les corps et les esprits. Le spa Alaena offre une vaste gamme de traitements aromath\u00e9rapiques, utilisant des oleurosse d&#8217;origine pure.<\/p>\n<p>Les huiles essentielles que nous utilisons ont des propri\u00e9t\u00e9s th\u00e9rapeutiques pr\u00e9cises : elles soulagent les douleurs, calment le stress, am\u00e9liorent la circulation sanguine et apportent une sensation g\u00e9n\u00e9rale de bien-\u00eatre. Vous pouvez choisir entre le so\u00fblissant parfum d&#8217;orange ou le rafra\u00eechissant parfum de menthe.<\/p>\n<h2>La nourriture de qualit\u00e9<\/h2>\n<p>Le spa Alaena offre des repas nutritifs et d\u00e9licieux, pr\u00e9par\u00e9s \u00e0 partir d&#8217;ingr\u00e9dients frais et locaux. Les aliments sont choisis pour leur haute valeur nutritionnelle et leur capacit\u00e9 \u00e0 soutenir la r\u00e9cup\u00e9ration corporelle.<\/p>\n<p>Vous pouvez vous r\u00e9jouir de d\u00e9jeuner avec des fruits frais, des l\u00e9gumes saut\u00e9s ou des prot\u00e9ines marbr\u00e9es, tout en prenant le temps de savourer les saveurs et les textures. Les repas sont servis dans une salle \u00e0 manger chaleureuse, o\u00f9 vous pouvez partager votre exp\u00e9rience avec vos compagnons.<\/p>\n<h2>Le soin personnel<\/h2>\n<p>Les visiteurs du spa Alaena peuvent s&#8217;offrir un traitement personnalis\u00e9, \u00e0 travers des consultations avec des professionnels de la beaut\u00e9 et de la sant\u00e9. Vous pouvez prendre le temps de vous conna\u00eetre mieux, en identifiant vos besoins particuliers et en pr\u00e9parant un programme de soins adapt\u00e9.<\/p>\n<p>Ces sessions sont men\u00e9es par des experts qualifi\u00e9s et sensibles \u00e0 vos souhaits et vos pr\u00e9f\u00e9rences. Ils peuvent vous aider \u00e0 vous sentir plus \u00e0 l&#8217;aise dans votre peau, ou \u00e0 r\u00e9soudre des probl\u00e8mes sp\u00e9cifiques que vous rencontrez.<\/p>\n<h2>Une journ\u00e9e pour se recharger<\/h2>\n<p>Le spa Alaena offre aux visiteurs une journ\u00e9e compl\u00e8te de bien-\u00eatre, o\u00f9 le corps et l&#8217;esprit peuvent retrouver leur \u00e9quilibre. Vous pouvez passer la journ\u00e9e \u00e0 vous d\u00e9tendre, \u00e0 vous ressourcer, et \u00e0 r\u00e9fl\u00e9chir \u00e0 votre vie.<\/p>\n<p>Il est important que les gens ne n\u00e9gligent pas leur soin personnel et qu&#8217;ils se rechargent r\u00e9guli\u00e8rement. Le spa Alaena offre une occasion unique de prendre un temps pour soi, dans un environnement calme et agr\u00e9able.<\/p>\n<p>N&#8217;h\u00e9sitez plus, prenez votre d\u00e9cision maintenant : vous et votre compagnon seront les bienvenus au spa Alaena.<\/p>\n<p><\/body><br \/>\n<\/html><\/p>\n","protected":false},"excerpt":{"rendered":"<p>D\u00e9couvrez le spa Alaena : un sanctuaire de la r\u00e9flexion en duo pour retrouver l&#8217;\u00e9quilibre entre corps et esprit. Un sanctuaire id\u00e9al pour se d\u00e9tendre.<\/p>\n","protected":false},"author":1,"featured_media":1226,"comment_status":"closed","ping_status":"open","sticky":false,"template":"","format":"standard","meta":{"_yoast_wpseo_focuskw":"spa Alaena duo","_yoast_wpseo_title":"Le spa Alaena : un sanctuaire de la r\u00e9flexion en duo - Monma","_yoast_wpseo_metadesc":"D\u00e9couvrez le spa Alaena : un sanctuaire de la r\u00e9flexion en duo pour retrouver l'\u00e9quilibre entre corps et esprit. Un sanctuaire id\u00e9al pour se d\u00e9tendre.","_yoast_wpseo_canonical":"","_yoast_wpseo_opengraph-title":"Le spa Alaena : un sanctuaire de la r\u00e9flexion en duo","_yoast_wpseo_opengraph-description":"D\u00e9couvrez le spa Alaena : un sanctuaire de la r\u00e9flexion en duo pour retrouver l'\u00e9quilibre entre corps et esprit. Un sanctuaire id\u00e9al pour se d\u00e9tendre.","_yoast_wpseo_opengraph-image":"","tdm_status":"","tdm_grid_status":"","footnotes":""},"categories":[508],"tags":[64,735,931,807,805],"class_list":["post-1227","post","type-post","status-publish","format-standard","has-post-thumbnail","hentry","category-algerie","tag-algerie","tag-algerie-espagne","tag-duo","tag-relaxation-getaway","tag-wellness-rouen"],"yoast_head":"<!-- This site is optimized with the Yoast SEO plugin v27.5 - https:\/\/yoast.com\/product\/yoast-seo-wordpress\/ -->\n<title>Le spa Alaena : un sanctuaire de la r\u00e9flexion en duo - Monma<\/title>\n<meta name=\"description\" content=\"D\u00e9couvrez le spa Alaena : un sanctuaire de la r\u00e9flexion en duo pour retrouver l&#039;\u00e9quilibre entre corps et esprit. Un sanctuaire id\u00e9al pour se d\u00e9tendre.\" \/>\n<meta name=\"robots\" content=\"index, follow, max-snippet:-1, max-image-preview:large, max-video-preview:-1\" \/>\n<link rel=\"canonical\" href=\"https:\/\/monmaghreb.com\/index.php\/2026\/03\/15\/le-spa-alaena-un-sanctuaire-de-la-reflexion-en-duo\/\" \/>\n<meta property=\"og:locale\" content=\"en_US\" \/>\n<meta property=\"og:type\" content=\"article\" \/>\n<meta property=\"og:title\" content=\"Le spa Alaena : un sanctuaire de la r\u00e9flexion en duo\" \/>\n<meta property=\"og:description\" content=\"D\u00e9couvrez le spa Alaena : un sanctuaire de la r\u00e9flexion en duo pour retrouver l&#039;\u00e9quilibre entre corps et esprit. Un sanctuaire id\u00e9al pour se d\u00e9tendre.\" \/>\n<meta property=\"og:url\" content=\"https:\/\/monmaghreb.com\/index.php\/2026\/03\/15\/le-spa-alaena-un-sanctuaire-de-la-reflexion-en-duo\/\" \/>\n<meta property=\"og:site_name\" content=\"Mon Maghreb\" \/>\n<meta property=\"article:author\" content=\"https:\/\/www.facebook.com\/monmaghrebcom\" \/>\n<meta property=\"article:published_time\" content=\"2026-03-15T15:34:46+00:00\" \/>\n<meta property=\"article:modified_time\" content=\"2026-03-15T15:34:49+00:00\" \/>\n<meta property=\"og:image\" content=\"https:\/\/monmaghreb.com\/wp-content\/uploads\/2026\/03\/featured-121.jpg\" \/>\n\t<meta property=\"og:image:width\" content=\"1880\" \/>\n\t<meta property=\"og:image:height\" content=\"1253\" \/>\n\t<meta property=\"og:image:type\" content=\"image\/jpeg\" \/>\n<meta name=\"author\" content=\"LaMagh\" \/>\n<meta name=\"twitter:card\" content=\"summary_large_image\" \/>\n<meta name=\"twitter:creator\" content=\"@MMaghreb50977\" \/>\n<meta name=\"twitter:label1\" content=\"Written by\" \/>\n\t<meta name=\"twitter:data1\" content=\"LaMagh\" \/>\n\t<meta name=\"twitter:label2\" content=\"Est. reading time\" \/>\n\t<meta name=\"twitter:data2\" content=\"4 minutes\" \/>\n<script type=\"application\/ld+json\" class=\"yoast-schema-graph\">{\"@context\":\"https:\\\/\\\/schema.org\",\"@graph\":[{\"@type\":\"Article\",\"@id\":\"https:\\\/\\\/monmaghreb.com\\\/index.php\\\/2026\\\/03\\\/15\\\/le-spa-alaena-un-sanctuaire-de-la-reflexion-en-duo\\\/#article\",\"isPartOf\":{\"@id\":\"https:\\\/\\\/monmaghreb.com\\\/index.php\\\/2026\\\/03\\\/15\\\/le-spa-alaena-un-sanctuaire-de-la-reflexion-en-duo\\\/\"},\"author\":{\"name\":\"LaMagh\",\"@id\":\"http:\\\/\\\/monmaghreb.com\\\/#\\\/schema\\\/person\\\/c469a89dc8c6b8987dcb438b1200d054\"},\"headline\":\"Le spa Alaena : un sanctuaire de la r\u00e9flexion en duo\",\"datePublished\":\"2026-03-15T15:34:46+00:00\",\"dateModified\":\"2026-03-15T15:34:49+00:00\",\"mainEntityOfPage\":{\"@id\":\"https:\\\/\\\/monmaghreb.com\\\/index.php\\\/2026\\\/03\\\/15\\\/le-spa-alaena-un-sanctuaire-de-la-reflexion-en-duo\\\/\"},\"wordCount\":775,\"publisher\":{\"@id\":\"http:\\\/\\\/monmaghreb.com\\\/#organization\"},\"image\":{\"@id\":\"https:\\\/\\\/monmaghreb.com\\\/index.php\\\/2026\\\/03\\\/15\\\/le-spa-alaena-un-sanctuaire-de-la-reflexion-en-duo\\\/#primaryimage\"},\"thumbnailUrl\":\"https:\\\/\\\/monmaghreb.com\\\/wp-content\\\/uploads\\\/2026\\\/03\\\/featured-121.jpg\",\"keywords\":[\"Alg\u00e9rie\",\"alg\u00e9rie espagne\",\"duo\",\"relaxation getaway\",\"wellness rouen\"],\"articleSection\":[\"Alg\u00e9rie\"],\"inLanguage\":\"en-US\"},{\"@type\":\"WebPage\",\"@id\":\"https:\\\/\\\/monmaghreb.com\\\/index.php\\\/2026\\\/03\\\/15\\\/le-spa-alaena-un-sanctuaire-de-la-reflexion-en-duo\\\/\",\"url\":\"https:\\\/\\\/monmaghreb.com\\\/index.php\\\/2026\\\/03\\\/15\\\/le-spa-alaena-un-sanctuaire-de-la-reflexion-en-duo\\\/\",\"name\":\"Le spa Alaena : un sanctuaire de la r\u00e9flexion en duo - Monma\",\"isPartOf\":{\"@id\":\"http:\\\/\\\/monmaghreb.com\\\/#website\"},\"primaryImageOfPage\":{\"@id\":\"https:\\\/\\\/monmaghreb.com\\\/index.php\\\/2026\\\/03\\\/15\\\/le-spa-alaena-un-sanctuaire-de-la-reflexion-en-duo\\\/#primaryimage\"},\"image\":{\"@id\":\"https:\\\/\\\/monmaghreb.com\\\/index.php\\\/2026\\\/03\\\/15\\\/le-spa-alaena-un-sanctuaire-de-la-reflexion-en-duo\\\/#primaryimage\"},\"thumbnailUrl\":\"https:\\\/\\\/monmaghreb.com\\\/wp-content\\\/uploads\\\/2026\\\/03\\\/featured-121.jpg\",\"datePublished\":\"2026-03-15T15:34:46+00:00\",\"dateModified\":\"2026-03-15T15:34:49+00:00\",\"description\":\"D\u00e9couvrez le spa Alaena : un sanctuaire de la r\u00e9flexion en duo pour retrouver l'\u00e9quilibre entre corps et esprit. Un sanctuaire id\u00e9al pour se d\u00e9tendre.\",\"breadcrumb\":{\"@id\":\"https:\\\/\\\/monmaghreb.com\\\/index.php\\\/2026\\\/03\\\/15\\\/le-spa-alaena-un-sanctuaire-de-la-reflexion-en-duo\\\/#breadcrumb\"},\"inLanguage\":\"en-US\",\"potentialAction\":[{\"@type\":\"ReadAction\",\"target\":[\"https:\\\/\\\/monmaghreb.com\\\/index.php\\\/2026\\\/03\\\/15\\\/le-spa-alaena-un-sanctuaire-de-la-reflexion-en-duo\\\/\"]}]},{\"@type\":\"ImageObject\",\"inLanguage\":\"en-US\",\"@id\":\"https:\\\/\\\/monmaghreb.com\\\/index.php\\\/2026\\\/03\\\/15\\\/le-spa-alaena-un-sanctuaire-de-la-reflexion-en-duo\\\/#primaryimage\",\"url\":\"https:\\\/\\\/monmaghreb.com\\\/wp-content\\\/uploads\\\/2026\\\/03\\\/featured-121.jpg\",\"contentUrl\":\"https:\\\/\\\/monmaghreb.com\\\/wp-content\\\/uploads\\\/2026\\\/03\\\/featured-121.jpg\",\"width\":1880,\"height\":1253,\"caption\":\"Couple dans un spa Alaena en train de se reposer et se d\u00e9tendre\"},{\"@type\":\"BreadcrumbList\",\"@id\":\"https:\\\/\\\/monmaghreb.com\\\/index.php\\\/2026\\\/03\\\/15\\\/le-spa-alaena-un-sanctuaire-de-la-reflexion-en-duo\\\/#breadcrumb\",\"itemListElement\":[{\"@type\":\"ListItem\",\"position\":1,\"name\":\"Home\",\"item\":\"http:\\\/\\\/monmaghreb.com\\\/\"},{\"@type\":\"ListItem\",\"position\":2,\"name\":\"Le spa Alaena : un sanctuaire de la r\u00e9flexion en duo\"}]},{\"@type\":\"WebSite\",\"@id\":\"http:\\\/\\\/monmaghreb.com\\\/#website\",\"url\":\"http:\\\/\\\/monmaghreb.com\\\/\",\"name\":\"Mon Maghreb\",\"description\":\"MonMaghreb United\",\"publisher\":{\"@id\":\"http:\\\/\\\/monmaghreb.com\\\/#organization\"},\"alternateName\":\"Le Monde du Maghreb et au del\u00e0\",\"potentialAction\":[{\"@type\":\"SearchAction\",\"target\":{\"@type\":\"EntryPoint\",\"urlTemplate\":\"http:\\\/\\\/monmaghreb.com\\\/?s={search_term_string}\"},\"query-input\":{\"@type\":\"PropertyValueSpecification\",\"valueRequired\":true,\"valueName\":\"search_term_string\"}}],\"inLanguage\":\"en-US\"},{\"@type\":\"Organization\",\"@id\":\"http:\\\/\\\/monmaghreb.com\\\/#organization\",\"name\":\"Mon Maghreb\",\"url\":\"http:\\\/\\\/monmaghreb.com\\\/\",\"logo\":{\"@type\":\"ImageObject\",\"inLanguage\":\"en-US\",\"@id\":\"http:\\\/\\\/monmaghreb.com\\\/#\\\/schema\\\/logo\\\/image\\\/\",\"url\":\"https:\\\/\\\/monmaghreb.com\\\/wp-content\\\/uploads\\\/2025\\\/12\\\/Mon_Maghreb_Logo.jpg\",\"contentUrl\":\"https:\\\/\\\/monmaghreb.com\\\/wp-content\\\/uploads\\\/2025\\\/12\\\/Mon_Maghreb_Logo.jpg\",\"width\":814,\"height\":374,\"caption\":\"Mon Maghreb\"},\"image\":{\"@id\":\"http:\\\/\\\/monmaghreb.com\\\/#\\\/schema\\\/logo\\\/image\\\/\"}},{\"@type\":\"Person\",\"@id\":\"http:\\\/\\\/monmaghreb.com\\\/#\\\/schema\\\/person\\\/c469a89dc8c6b8987dcb438b1200d054\",\"name\":\"LaMagh\",\"image\":{\"@type\":\"ImageObject\",\"inLanguage\":\"en-US\",\"@id\":\"https:\\\/\\\/secure.gravatar.com\\\/avatar\\\/399d8144bd55fba55e056779aca52fe528bac7911f6449e54d81173d6dfd7f0a?s=96&d=mm&r=g\",\"url\":\"https:\\\/\\\/secure.gravatar.com\\\/avatar\\\/399d8144bd55fba55e056779aca52fe528bac7911f6449e54d81173d6dfd7f0a?s=96&d=mm&r=g\",\"contentUrl\":\"https:\\\/\\\/secure.gravatar.com\\\/avatar\\\/399d8144bd55fba55e056779aca52fe528bac7911f6449e54d81173d6dfd7f0a?s=96&d=mm&r=g\",\"caption\":\"LaMagh\"},\"sameAs\":[\"https:\\\/\\\/monmaghreb.com\",\"https:\\\/\\\/www.facebook.com\\\/monmaghrebcom\",\"https:\\\/\\\/x.com\\\/MMaghreb50977\"],\"url\":\"https:\\\/\\\/monmaghreb.com\\\/index.php\\\/author\\\/lamagh\\\/\"}]}<\/script>\n<!-- \/ Yoast SEO plugin. -->","yoast_head_json":{"title":"Le spa Alaena : un sanctuaire de la r\u00e9flexion en duo - Monma","description":"D\u00e9couvrez le spa Alaena : un sanctuaire de la r\u00e9flexion en duo pour retrouver l'\u00e9quilibre entre corps et esprit. Un sanctuaire id\u00e9al pour se d\u00e9tendre.","robots":{"index":"index","follow":"follow","max-snippet":"max-snippet:-1","max-image-preview":"max-image-preview:large","max-video-preview":"max-video-preview:-1"},"canonical":"https:\/\/monmaghreb.com\/index.php\/2026\/03\/15\/le-spa-alaena-un-sanctuaire-de-la-reflexion-en-duo\/","og_locale":"en_US","og_type":"article","og_title":"Le spa Alaena : un sanctuaire de la r\u00e9flexion en duo","og_description":"D\u00e9couvrez le spa Alaena : un sanctuaire de la r\u00e9flexion en duo pour retrouver l'\u00e9quilibre entre corps et esprit. Un sanctuaire id\u00e9al pour se d\u00e9tendre.","og_url":"https:\/\/monmaghreb.com\/index.php\/2026\/03\/15\/le-spa-alaena-un-sanctuaire-de-la-reflexion-en-duo\/","og_site_name":"Mon Maghreb","article_author":"https:\/\/www.facebook.com\/monmaghrebcom","article_published_time":"2026-03-15T15:34:46+00:00","article_modified_time":"2026-03-15T15:34:49+00:00","og_image":[{"width":1880,"height":1253,"url":"https:\/\/monmaghreb.com\/wp-content\/uploads\/2026\/03\/featured-121.jpg","type":"image\/jpeg"}],"author":"LaMagh","twitter_card":"summary_large_image","twitter_creator":"@MMaghreb50977","twitter_misc":{"Written by":"LaMagh","Est. reading time":"4 minutes"},"schema":{"@context":"https:\/\/schema.org","@graph":[{"@type":"Article","@id":"https:\/\/monmaghreb.com\/index.php\/2026\/03\/15\/le-spa-alaena-un-sanctuaire-de-la-reflexion-en-duo\/#article","isPartOf":{"@id":"https:\/\/monmaghreb.com\/index.php\/2026\/03\/15\/le-spa-alaena-un-sanctuaire-de-la-reflexion-en-duo\/"},"author":{"name":"LaMagh","@id":"http:\/\/monmaghreb.com\/#\/schema\/person\/c469a89dc8c6b8987dcb438b1200d054"},"headline":"Le spa Alaena : un sanctuaire de la r\u00e9flexion en duo","datePublished":"2026-03-15T15:34:46+00:00","dateModified":"2026-03-15T15:34:49+00:00","mainEntityOfPage":{"@id":"https:\/\/monmaghreb.com\/index.php\/2026\/03\/15\/le-spa-alaena-un-sanctuaire-de-la-reflexion-en-duo\/"},"wordCount":775,"publisher":{"@id":"http:\/\/monmaghreb.com\/#organization"},"image":{"@id":"https:\/\/monmaghreb.com\/index.php\/2026\/03\/15\/le-spa-alaena-un-sanctuaire-de-la-reflexion-en-duo\/#primaryimage"},"thumbnailUrl":"https:\/\/monmaghreb.com\/wp-content\/uploads\/2026\/03\/featured-121.jpg","keywords":["Alg\u00e9rie","alg\u00e9rie espagne","duo","relaxation getaway","wellness rouen"],"articleSection":["Alg\u00e9rie"],"inLanguage":"en-US"},{"@type":"WebPage","@id":"https:\/\/monmaghreb.com\/index.php\/2026\/03\/15\/le-spa-alaena-un-sanctuaire-de-la-reflexion-en-duo\/","url":"https:\/\/monmaghreb.com\/index.php\/2026\/03\/15\/le-spa-alaena-un-sanctuaire-de-la-reflexion-en-duo\/","name":"Le spa Alaena : un sanctuaire de la r\u00e9flexion en duo - Monma","isPartOf":{"@id":"http:\/\/monmaghreb.com\/#website"},"primaryImageOfPage":{"@id":"https:\/\/monmaghreb.com\/index.php\/2026\/03\/15\/le-spa-alaena-un-sanctuaire-de-la-reflexion-en-duo\/#primaryimage"},"image":{"@id":"https:\/\/monmaghreb.com\/index.php\/2026\/03\/15\/le-spa-alaena-un-sanctuaire-de-la-reflexion-en-duo\/#primaryimage"},"thumbnailUrl":"https:\/\/monmaghreb.com\/wp-content\/uploads\/2026\/03\/featured-121.jpg","datePublished":"2026-03-15T15:34:46+00:00","dateModified":"2026-03-15T15:34:49+00:00","description":"D\u00e9couvrez le spa Alaena : un sanctuaire de la r\u00e9flexion en duo pour retrouver l'\u00e9quilibre entre corps et esprit. Un sanctuaire id\u00e9al pour se d\u00e9tendre.","breadcrumb":{"@id":"https:\/\/monmaghreb.com\/index.php\/2026\/03\/15\/le-spa-alaena-un-sanctuaire-de-la-reflexion-en-duo\/#breadcrumb"},"inLanguage":"en-US","potentialAction":[{"@type":"ReadAction","target":["https:\/\/monmaghreb.com\/index.php\/2026\/03\/15\/le-spa-alaena-un-sanctuaire-de-la-reflexion-en-duo\/"]}]},{"@type":"ImageObject","inLanguage":"en-US","@id":"https:\/\/monmaghreb.com\/index.php\/2026\/03\/15\/le-spa-alaena-un-sanctuaire-de-la-reflexion-en-duo\/#primaryimage","url":"https:\/\/monmaghreb.com\/wp-content\/uploads\/2026\/03\/featured-121.jpg","contentUrl":"https:\/\/monmaghreb.com\/wp-content\/uploads\/2026\/03\/featured-121.jpg","width":1880,"height":1253,"caption":"Couple dans un spa Alaena en train de se reposer et se d\u00e9tendre"},{"@type":"BreadcrumbList","@id":"https:\/\/monmaghreb.com\/index.php\/2026\/03\/15\/le-spa-alaena-un-sanctuaire-de-la-reflexion-en-duo\/#breadcrumb","itemListElement":[{"@type":"ListItem","position":1,"name":"Home","item":"http:\/\/monmaghreb.com\/"},{"@type":"ListItem","position":2,"name":"Le spa Alaena : un sanctuaire de la r\u00e9flexion en duo"}]},{"@type":"WebSite","@id":"http:\/\/monmaghreb.com\/#website","url":"http:\/\/monmaghreb.com\/","name":"Mon Maghreb","description":"MonMaghreb United","publisher":{"@id":"http:\/\/monmaghreb.com\/#organization"},"alternateName":"Le Monde du Maghreb et au del\u00e0","potentialAction":[{"@type":"SearchAction","target":{"@type":"EntryPoint","urlTemplate":"http:\/\/monmaghreb.com\/?s={search_term_string}"},"query-input":{"@type":"PropertyValueSpecification","valueRequired":true,"valueName":"search_term_string"}}],"inLanguage":"en-US"},{"@type":"Organization","@id":"http:\/\/monmaghreb.com\/#organization","name":"Mon Maghreb","url":"http:\/\/monmaghreb.com\/","logo":{"@type":"ImageObject","inLanguage":"en-US","@id":"http:\/\/monmaghreb.com\/#\/schema\/logo\/image\/","url":"https:\/\/monmaghreb.com\/wp-content\/uploads\/2025\/12\/Mon_Maghreb_Logo.jpg","contentUrl":"https:\/\/monmaghreb.com\/wp-content\/uploads\/2025\/12\/Mon_Maghreb_Logo.jpg","width":814,"height":374,"caption":"Mon Maghreb"},"image":{"@id":"http:\/\/monmaghreb.com\/#\/schema\/logo\/image\/"}},{"@type":"Person","@id":"http:\/\/monmaghreb.com\/#\/schema\/person\/c469a89dc8c6b8987dcb438b1200d054","name":"LaMagh","image":{"@type":"ImageObject","inLanguage":"en-US","@id":"https:\/\/secure.gravatar.com\/avatar\/399d8144bd55fba55e056779aca52fe528bac7911f6449e54d81173d6dfd7f0a?s=96&d=mm&r=g","url":"https:\/\/secure.gravatar.com\/avatar\/399d8144bd55fba55e056779aca52fe528bac7911f6449e54d81173d6dfd7f0a?s=96&d=mm&r=g","contentUrl":"https:\/\/secure.gravatar.com\/avatar\/399d8144bd55fba55e056779aca52fe528bac7911f6449e54d81173d6dfd7f0a?s=96&d=mm&r=g","caption":"LaMagh"},"sameAs":["https:\/\/monmaghreb.com","https:\/\/www.facebook.com\/monmaghrebcom","https:\/\/x.com\/MMaghreb50977"],"url":"https:\/\/monmaghreb.com\/index.php\/author\/lamagh\/"}]}},"_links":{"self":[{"href":"https:\/\/monmaghreb.com\/index.php\/wp-json\/wp\/v2\/posts\/1227","targetHints":{"allow":["GET"]}}],"collection":[{"href":"https:\/\/monmaghreb.com\/index.php\/wp-json\/wp\/v2\/posts"}],"about":[{"href":"https:\/\/monmaghreb.com\/index.php\/wp-json\/wp\/v2\/types\/post"}],"author":[{"embeddable":true,"href":"https:\/\/monmaghreb.com\/index.php\/wp-json\/wp\/v2\/users\/1"}],"replies":[{"embeddable":true,"href":"https:\/\/monmaghreb.com\/index.php\/wp-json\/wp\/v2\/comments?post=1227"}],"version-history":[{"count":1,"href":"https:\/\/monmaghreb.com\/index.php\/wp-json\/wp\/v2\/posts\/1227\/revisions"}],"predecessor-version":[{"id":1228,"href":"https:\/\/monmaghreb.com\/index.php\/wp-json\/wp\/v2\/posts\/1227\/revisions\/1228"}],"wp:featuredmedia":[{"embeddable":true,"href":"https:\/\/monmaghreb.com\/index.php\/wp-json\/wp\/v2\/media\/1226"}],"wp:attachment":[{"href":"https:\/\/monmaghreb.com\/index.php\/wp-json\/wp\/v2\/media?parent=1227"}],"wp:term":[{"taxonomy":"category","embeddable":true,"href":"https:\/\/monmaghreb.com\/index.php\/wp-json\/wp\/v2\/categories?post=1227"},{"taxonomy":"post_tag","embeddable":true,"href":"https:\/\/monmaghreb.com\/index.php\/wp-json\/wp\/v2\/tags?post=1227"}],"curies":[{"name":"wp","href":"https:\/\/api.w.org\/{rel}","templated":true}]}}