{"id":1251,"date":"2026-03-16T05:29:55","date_gmt":"2026-03-16T05:29:55","guid":{"rendered":"https:\/\/monmaghreb.com\/index.php\/2026\/03\/16\/le-savoir-faire-artisanal-marocain-au-salon-retromobile-2026-de-paris-une-presentation-des-oeuvres-dart\/"},"modified":"2026-03-16T05:29:58","modified_gmt":"2026-03-16T05:29:58","slug":"le-savoir-faire-artisanal-marocain-au-salon-retromobile-2026-de-paris-une-presentation-des-oeuvres-dart","status":"publish","type":"post","link":"https:\/\/monmaghreb.com\/index.php\/2026\/03\/16\/le-savoir-faire-artisanal-marocain-au-salon-retromobile-2026-de-paris-une-presentation-des-oeuvres-dart\/","title":{"rendered":"Le savoir-faire artisanal marocain au Salon R\u00e9tromobile 2026 de Paris: Une pr\u00e9sentation des \u0153uvres d&#8217;art"},"content":{"rendered":"<p><!DOCTYPE html><br \/>\n<html lang='fr'><br \/>\n<head><br \/>\n  <meta charset='UTF-8'><br \/>\n  <title>Le savoir-faire artisanal marocain au Salon R\u00e9tromobile 2026 de Paris<\/title><br \/>\n<\/head><br \/>\n<body><\/p>\n<h1>Le savoir-faire artisanal marocain au Salon R\u00e9tromobile 2026 de Paris : Une pr\u00e9sentation des \u0153uvres d&#8217;art<\/h1>\n<p>Pour les amateurs de la voiture d&#8217;antan, il est in\u00e9vitable que le salon R\u00e9tromobile 2026 de Paris soit un \u00e9v\u00e9nement attendu. Depuis son origine en 2008, cet \u00e9v\u00e9nement internationale a vu sa popularit\u00e9 grandir sans cesse. C&#8217;est pourquoi nous sommes ravis de pr\u00e9senter notre savoir-faire artisanal marocain au sein du salon.<\/p>\n<h2>La pr\u00e9sence marocaine au Salon<\/h2>\n<p>Le Maroc est r\u00e9put\u00e9 pour ses m\u00e9tiers d&#8217;art qui remontent \u00e0 des mill\u00e9naires. Nos artisans sont connus pour leurs comp\u00e9tences exceptionnelles, transmises de g\u00e9n\u00e9ration en g\u00e9n\u00e9ration. Cette ann\u00e9e, nous sommes fiers de repr\u00e9senter notre pays au Salon R\u00e9tromobile, en pr\u00e9sentant nos plus belles \u0153uvres d&#8217;art.<\/p>\n<p>Vous aurez l&#8217;occasion de d\u00e9couvrir des tapis Berber aux motifs soign\u00e9s et aux couleurs vives, cr\u00e9\u00e9s par les artisans berb\u00e8res du Maroc. Vous verrez \u00e9galement des objets en argent filigran\u00e9, d\u00e9licatement cisel\u00e9s pour r\u00e9v\u00e9ler leurs formes complexes.<\/p>\n<h2>Les m\u00e9dailles et les prix du Salon<\/h2>\n<p>Nous sommes fiers de notre savoir-faire artisanal marocain, qui a remport\u00e9 des prix prestigieux au salon R\u00e9tromobile dans les ann\u00e9es pr\u00e9c\u00e9dentes. Nous esp\u00e9rons que cette tendance se poursuivra en 2026.<\/p>\n<p>Le jury international du Salon R\u00e9tromobile \u00e9value les \u0153uvres d&#8217;art avec soigneuse attention, prenant en compte la qualit\u00e9 des mat\u00e9riaux utilis\u00e9s, la complexit\u00e9 de la technique et l&#8217;originalit\u00e9 de la conception. Nous sommes impatients de voir comment nos artisans seront \u00e9valu\u00e9s cette ann\u00e9e.<\/p>\n<h2>La collection automobile du roi Mohammed VI<\/h2>\n<p>Le roi Mohammed VI est un grand passionn\u00e9 de voiture d&#8217;antan, et sa collection priv\u00e9e compte une dizaine de mod\u00e8les rares et prestigieux. Cette ann\u00e9e, nous sommes heureux de confirmer que la collection royale marocaine sera encore bien repr\u00e9sent\u00e9e au Salon R\u00e9tromobile.<\/p>\n<p>Vous aurez l&#8217;occasion de d\u00e9couvrir des mod\u00e8les d&#8217;\u00e9poque exceptionnels, tels que le Bugatti Type 35 ou le Mercedes-Benz S-Type. Ces v\u00e9hicules sont non seulement des chefs-d&#8217;\u0153uvre techniques, mais \u00e9galement des symboles de la richesse et du style.<\/p>\n<h2>Les \u0153uvres d&#8217;art pr\u00e9sentes<\/h2>\n<p>Nous avons s\u00e9lectionn\u00e9 les plus belles pi\u00e8ces pour repr\u00e9senter le savoir-faire artisanal marocain. Vous aurez l&#8217;occasion de d\u00e9couvrir des c\u00e9ramiques zellijes, avec leurs motifs g\u00e9om\u00e9triques complexes et leurs couleurs vives, cr\u00e9\u00e9s par les artisans du Maroc.<\/p>\n<p>Vous verrez \u00e9galement des \u00e9maux en argent, aux formes \u00e9l\u00e9gantes et aux couleurs chatoyantes. Ces pi\u00e8ces sont non seulement des \u0153uvres d&#8217;art, mais \u00e9galement des t\u00e9moins de la richesse culturelle et historique du Maroc.<\/p>\n<h2>L&#8217;importance du Salon pour la diaspora maghr\u00e9bine<\/h2>\n<p>Pour les membres de la diaspora maghr\u00e9bine, le salon R\u00e9tromobile est un moment unique pour se rappeler de leur patrie et de ses talents exceptionnels. C&#8217;est une occasion de d\u00e9couvrir l&#8217;histoire et la culture du Maroc, \u00e0 travers les \u0153uvres d&#8217;art qui en \u00e9manent.<\/p>\n<p>Ce salon est \u00e9galement un lieu pour se sentir identifi\u00e9 avec la communaut\u00e9 maghr\u00e9bine, partout dans le monde. Nous sommes fiers de repr\u00e9senter notre pays au sein de cette communaut\u00e9.<\/p>\n<h2>Appel \u00e0 l&#8217;action<\/h2>\n<p>Si vous \u00eates int\u00e9ress\u00e9s par le savoir-faire artisanal marocain, ne pas h\u00e9siter \u00e0 nous visiter au Salon R\u00e9tromobile 2026 de Paris. Cet \u00e9v\u00e9nement est un moment unique pour d\u00e9couvrir les talents de nos artisans et pour appr\u00e9cier leur travail.<\/p>\n<p>Vous aurez l&#8217;occasion de d\u00e9couvrir des \u0153uvres d&#8217;art in\u00e9dites, cr\u00e9\u00e9es par des artisans marocains qui ont transmis leurs comp\u00e9tences de g\u00e9n\u00e9ration en g\u00e9n\u00e9ration. Nous sommes impatients de vous accueillir au Salon R\u00e9tromobile et de partager avec vous notre culture et notre savoir-faire.<\/p>\n<div style=\"background:#f8f9fa;border-left:4px solid #0066cc;border-radius:6px;padding:20px 24px;margin:32px 0;\">\n<p style=\"font-size:13px;color:#888;text-transform:uppercase;letter-spacing:0.8px;margin:0 0 6px 0;\">Vous pourriez aussi aimer<\/p>\n<h3 style=\"font-size:18px;margin:0 0 14px 0;color:#222;\">Articles similaires<\/h3>\n<ul style=\"margin:0;padding-left:20px;list-style:disc;\">\n<li style=\"margin-bottom:10px;\"><a href=\"https:\/\/monmaghreb.com\/index.php\/2026\/03\/15\/5-concept-stores-africains-a-paris-ou-le-design-saffirme-guide-pour-les-amoureux-du-design-et-de-la-mode\/\" style=\"color:#0066cc;text-decoration:none;font-weight:500;\" title=\"5 Concept Stores Africains \u00e0 Paris o\u00f9 le design s&#8217;affirme : Guide pour les amoureux du design et de la mode\">5 Concept Stores Africains \u00e0 Paris o\u00f9 le design s&#8217;affirme : Guide pour les amoureux du design et de la mode<\/a><\/li>\n<li style=\"margin-bottom:10px;\"><a href=\"https:\/\/monmaghreb.com\/index.php\/2026\/03\/10\/que-faire-apres-laid-les-traditions-des-visites-familiales-dans-la-culture-maghrebine\/\" style=\"color:#0066cc;text-decoration:none;font-weight:500;\" title=\"Que faire apr\u00e8s l&#8217;A\u00efd : les traditions des visites familiales dans la culture maghr\u00e9bine\">Que faire apr\u00e8s l&#8217;A\u00efd : les traditions des visites familiales dans la culture maghr\u00e9bine<\/a><\/li>\n<li style=\"margin-bottom:10px;\"><a href=\"https:\/\/monmaghreb.com\/index.php\/2026\/03\/15\/ragout-marocain-aux-patates-douces-et-poulet-la-recette-parfaite\/\" style=\"color:#0066cc;text-decoration:none;font-weight:500;\" title=\"Ragout marocain aux patates douces et poulet : la recette parfaite\">Ragout marocain aux patates douces et poulet : la recette parfaite<\/a><\/li>\n<li style=\"margin-bottom:10px;\"><a href=\"https:\/\/monmaghreb.com\/index.php\/2026\/03\/11\/onhym-les-derniers-projets-strategiques-lies-au-gazoduc-maghreb-europe\/\" style=\"color:#0066cc;text-decoration:none;font-weight:500;\" title=\"ONHYM : les derniers projets strat\u00e9giques li\u00e9s au Gazoduc Maghreb-Europe\">ONHYM : les derniers projets strat\u00e9giques li\u00e9s au Gazoduc Maghreb-Europe<\/a><\/li>\n<li style=\"margin-bottom:10px;\"><a href=\"https:\/\/monmaghreb.com\/index.php\/2026\/03\/10\/menu-de-laid-marocain-les-plats-traditionnels-a-preparer\/\" style=\"color:#0066cc;text-decoration:none;font-weight:500;\" title=\"Menu de l&#8217;A\u00efd marocain : les plats traditionnels \u00e0 pr\u00e9parer\">Menu de l&#8217;A\u00efd marocain : les plats traditionnels \u00e0 pr\u00e9parer<\/a><\/li>\n<\/ul>\n<\/div>\n<p><\/body><br \/>\n<\/html><\/p>\n","protected":false},"excerpt":{"rendered":"<p>Discover Moroccan artisanal craftsmanship at the Retromobile 2026 Paris event. Don&#8217;t miss this unique showcase of artistic works.<\/p>\n","protected":false},"author":1,"featured_media":1250,"comment_status":"closed","ping_status":"open","sticky":false,"template":"","format":"standard","meta":{"_yoast_wpseo_focuskw":"artisanal marocain Salon R\u00e9tromobile","_yoast_wpseo_title":"Le savoir-faire artisanal marocain au Salon R\u00e9tromobile 2026","_yoast_wpseo_metadesc":"Discover Moroccan artisanal craftsmanship at the Retromobile 2026 Paris event. Don't miss this unique showcase of artistic works.","_yoast_wpseo_canonical":"","_yoast_wpseo_opengraph-title":"Le savoir-faire artisanal marocain au Salon R\u00e9tromobile 2026 de Paris: Une pr\u00e9sentation des \u0153uvres d'art","_yoast_wpseo_opengraph-description":"Discover Moroccan artisanal craftsmanship at the Retromobile 2026 Paris event. Don't miss this unique showcase of artistic works.","_yoast_wpseo_opengraph-image":"","tdm_status":"","tdm_grid_status":"","footnotes":""},"categories":[655],"tags":[948,870,813,946,947],"class_list":["post-1251","post","type-post","status-publish","format-standard","has-post-thumbnail","hentry","category-maroc","tag-art-enthusiasts","tag-event-guide","tag-franco-maghreb-culture","tag-marocain-craftsmanship","tag-retromobile-paris"],"yoast_head":"<!-- This site is optimized with the Yoast SEO plugin v27.5 - https:\/\/yoast.com\/product\/yoast-seo-wordpress\/ -->\n<title>Le savoir-faire artisanal marocain au Salon R\u00e9tromobile 2026<\/title>\n<meta name=\"description\" content=\"Discover Moroccan artisanal craftsmanship at the Retromobile 2026 Paris event. Don&#039;t miss this unique showcase of artistic works.\" \/>\n<meta name=\"robots\" content=\"index, follow, max-snippet:-1, max-image-preview:large, max-video-preview:-1\" \/>\n<link rel=\"canonical\" href=\"https:\/\/monmaghreb.com\/index.php\/2026\/03\/16\/le-savoir-faire-artisanal-marocain-au-salon-retromobile-2026-de-paris-une-presentation-des-oeuvres-dart\/\" \/>\n<meta property=\"og:locale\" content=\"en_US\" \/>\n<meta property=\"og:type\" content=\"article\" \/>\n<meta property=\"og:title\" content=\"Le savoir-faire artisanal marocain au Salon R\u00e9tromobile 2026 de Paris: Une pr\u00e9sentation des \u0153uvres d&#039;art\" \/>\n<meta property=\"og:description\" content=\"Discover Moroccan artisanal craftsmanship at the Retromobile 2026 Paris event. Don&#039;t miss this unique showcase of artistic works.\" \/>\n<meta property=\"og:url\" content=\"https:\/\/monmaghreb.com\/index.php\/2026\/03\/16\/le-savoir-faire-artisanal-marocain-au-salon-retromobile-2026-de-paris-une-presentation-des-oeuvres-dart\/\" \/>\n<meta property=\"og:site_name\" content=\"Mon Maghreb\" \/>\n<meta property=\"article:author\" content=\"https:\/\/www.facebook.com\/monmaghrebcom\" \/>\n<meta property=\"article:published_time\" content=\"2026-03-16T05:29:55+00:00\" \/>\n<meta property=\"article:modified_time\" content=\"2026-03-16T05:29:58+00:00\" \/>\n<meta property=\"og:image\" content=\"https:\/\/monmaghreb.com\/wp-content\/uploads\/2026\/03\/featured-129.jpg\" \/>\n\t<meta property=\"og:image:width\" content=\"1880\" \/>\n\t<meta property=\"og:image:height\" content=\"1253\" \/>\n\t<meta property=\"og:image:type\" content=\"image\/jpeg\" \/>\n<meta name=\"author\" content=\"LaMagh\" \/>\n<meta name=\"twitter:card\" content=\"summary_large_image\" \/>\n<meta name=\"twitter:creator\" content=\"@MMaghreb50977\" \/>\n<meta name=\"twitter:label1\" content=\"Written by\" \/>\n\t<meta name=\"twitter:data1\" content=\"LaMagh\" \/>\n\t<meta name=\"twitter:label2\" content=\"Est. reading time\" \/>\n\t<meta name=\"twitter:data2\" content=\"4 minutes\" \/>\n<script type=\"application\/ld+json\" class=\"yoast-schema-graph\">{\"@context\":\"https:\\\/\\\/schema.org\",\"@graph\":[{\"@type\":\"Article\",\"@id\":\"https:\\\/\\\/monmaghreb.com\\\/index.php\\\/2026\\\/03\\\/16\\\/le-savoir-faire-artisanal-marocain-au-salon-retromobile-2026-de-paris-une-presentation-des-oeuvres-dart\\\/#article\",\"isPartOf\":{\"@id\":\"https:\\\/\\\/monmaghreb.com\\\/index.php\\\/2026\\\/03\\\/16\\\/le-savoir-faire-artisanal-marocain-au-salon-retromobile-2026-de-paris-une-presentation-des-oeuvres-dart\\\/\"},\"author\":{\"name\":\"LaMagh\",\"@id\":\"http:\\\/\\\/monmaghreb.com\\\/#\\\/schema\\\/person\\\/c469a89dc8c6b8987dcb438b1200d054\"},\"headline\":\"Le savoir-faire artisanal marocain au Salon R\u00e9tromobile 2026 de Paris: Une pr\u00e9sentation des \u0153uvres d&#8217;art\",\"datePublished\":\"2026-03-16T05:29:55+00:00\",\"dateModified\":\"2026-03-16T05:29:58+00:00\",\"mainEntityOfPage\":{\"@id\":\"https:\\\/\\\/monmaghreb.com\\\/index.php\\\/2026\\\/03\\\/16\\\/le-savoir-faire-artisanal-marocain-au-salon-retromobile-2026-de-paris-une-presentation-des-oeuvres-dart\\\/\"},\"wordCount\":753,\"publisher\":{\"@id\":\"http:\\\/\\\/monmaghreb.com\\\/#organization\"},\"image\":{\"@id\":\"https:\\\/\\\/monmaghreb.com\\\/index.php\\\/2026\\\/03\\\/16\\\/le-savoir-faire-artisanal-marocain-au-salon-retromobile-2026-de-paris-une-presentation-des-oeuvres-dart\\\/#primaryimage\"},\"thumbnailUrl\":\"https:\\\/\\\/monmaghreb.com\\\/wp-content\\\/uploads\\\/2026\\\/03\\\/featured-129.jpg\",\"keywords\":[\"art enthusiasts\",\"event guide\",\"franco maghreb culture\",\"marocain craftsmanship\",\"retromobile paris\"],\"articleSection\":[\"Maroc\"],\"inLanguage\":\"en-US\"},{\"@type\":\"WebPage\",\"@id\":\"https:\\\/\\\/monmaghreb.com\\\/index.php\\\/2026\\\/03\\\/16\\\/le-savoir-faire-artisanal-marocain-au-salon-retromobile-2026-de-paris-une-presentation-des-oeuvres-dart\\\/\",\"url\":\"https:\\\/\\\/monmaghreb.com\\\/index.php\\\/2026\\\/03\\\/16\\\/le-savoir-faire-artisanal-marocain-au-salon-retromobile-2026-de-paris-une-presentation-des-oeuvres-dart\\\/\",\"name\":\"Le savoir-faire artisanal marocain au Salon R\u00e9tromobile 2026\",\"isPartOf\":{\"@id\":\"http:\\\/\\\/monmaghreb.com\\\/#website\"},\"primaryImageOfPage\":{\"@id\":\"https:\\\/\\\/monmaghreb.com\\\/index.php\\\/2026\\\/03\\\/16\\\/le-savoir-faire-artisanal-marocain-au-salon-retromobile-2026-de-paris-une-presentation-des-oeuvres-dart\\\/#primaryimage\"},\"image\":{\"@id\":\"https:\\\/\\\/monmaghreb.com\\\/index.php\\\/2026\\\/03\\\/16\\\/le-savoir-faire-artisanal-marocain-au-salon-retromobile-2026-de-paris-une-presentation-des-oeuvres-dart\\\/#primaryimage\"},\"thumbnailUrl\":\"https:\\\/\\\/monmaghreb.com\\\/wp-content\\\/uploads\\\/2026\\\/03\\\/featured-129.jpg\",\"datePublished\":\"2026-03-16T05:29:55+00:00\",\"dateModified\":\"2026-03-16T05:29:58+00:00\",\"description\":\"Discover Moroccan artisanal craftsmanship at the Retromobile 2026 Paris event. Don't miss this unique showcase of artistic works.\",\"breadcrumb\":{\"@id\":\"https:\\\/\\\/monmaghreb.com\\\/index.php\\\/2026\\\/03\\\/16\\\/le-savoir-faire-artisanal-marocain-au-salon-retromobile-2026-de-paris-une-presentation-des-oeuvres-dart\\\/#breadcrumb\"},\"inLanguage\":\"en-US\",\"potentialAction\":[{\"@type\":\"ReadAction\",\"target\":[\"https:\\\/\\\/monmaghreb.com\\\/index.php\\\/2026\\\/03\\\/16\\\/le-savoir-faire-artisanal-marocain-au-salon-retromobile-2026-de-paris-une-presentation-des-oeuvres-dart\\\/\"]}]},{\"@type\":\"ImageObject\",\"inLanguage\":\"en-US\",\"@id\":\"https:\\\/\\\/monmaghreb.com\\\/index.php\\\/2026\\\/03\\\/16\\\/le-savoir-faire-artisanal-marocain-au-salon-retromobile-2026-de-paris-une-presentation-des-oeuvres-dart\\\/#primaryimage\",\"url\":\"https:\\\/\\\/monmaghreb.com\\\/wp-content\\\/uploads\\\/2026\\\/03\\\/featured-129.jpg\",\"contentUrl\":\"https:\\\/\\\/monmaghreb.com\\\/wp-content\\\/uploads\\\/2026\\\/03\\\/featured-129.jpg\",\"width\":1880,\"height\":1253,\"caption\":\"Moroccan artisans presenting their works at the Retromobile 2026 Paris event\"},{\"@type\":\"BreadcrumbList\",\"@id\":\"https:\\\/\\\/monmaghreb.com\\\/index.php\\\/2026\\\/03\\\/16\\\/le-savoir-faire-artisanal-marocain-au-salon-retromobile-2026-de-paris-une-presentation-des-oeuvres-dart\\\/#breadcrumb\",\"itemListElement\":[{\"@type\":\"ListItem\",\"position\":1,\"name\":\"Home\",\"item\":\"http:\\\/\\\/monmaghreb.com\\\/\"},{\"@type\":\"ListItem\",\"position\":2,\"name\":\"Le savoir-faire artisanal marocain au Salon R\u00e9tromobile 2026 de Paris: Une pr\u00e9sentation des \u0153uvres d&#8217;art\"}]},{\"@type\":\"WebSite\",\"@id\":\"http:\\\/\\\/monmaghreb.com\\\/#website\",\"url\":\"http:\\\/\\\/monmaghreb.com\\\/\",\"name\":\"Mon Maghreb\",\"description\":\"MonMaghreb United\",\"publisher\":{\"@id\":\"http:\\\/\\\/monmaghreb.com\\\/#organization\"},\"alternateName\":\"Le Monde du Maghreb et au del\u00e0\",\"potentialAction\":[{\"@type\":\"SearchAction\",\"target\":{\"@type\":\"EntryPoint\",\"urlTemplate\":\"http:\\\/\\\/monmaghreb.com\\\/?s={search_term_string}\"},\"query-input\":{\"@type\":\"PropertyValueSpecification\",\"valueRequired\":true,\"valueName\":\"search_term_string\"}}],\"inLanguage\":\"en-US\"},{\"@type\":\"Organization\",\"@id\":\"http:\\\/\\\/monmaghreb.com\\\/#organization\",\"name\":\"Mon Maghreb\",\"url\":\"http:\\\/\\\/monmaghreb.com\\\/\",\"logo\":{\"@type\":\"ImageObject\",\"inLanguage\":\"en-US\",\"@id\":\"http:\\\/\\\/monmaghreb.com\\\/#\\\/schema\\\/logo\\\/image\\\/\",\"url\":\"https:\\\/\\\/monmaghreb.com\\\/wp-content\\\/uploads\\\/2025\\\/12\\\/Mon_Maghreb_Logo.jpg\",\"contentUrl\":\"https:\\\/\\\/monmaghreb.com\\\/wp-content\\\/uploads\\\/2025\\\/12\\\/Mon_Maghreb_Logo.jpg\",\"width\":814,\"height\":374,\"caption\":\"Mon Maghreb\"},\"image\":{\"@id\":\"http:\\\/\\\/monmaghreb.com\\\/#\\\/schema\\\/logo\\\/image\\\/\"}},{\"@type\":\"Person\",\"@id\":\"http:\\\/\\\/monmaghreb.com\\\/#\\\/schema\\\/person\\\/c469a89dc8c6b8987dcb438b1200d054\",\"name\":\"LaMagh\",\"image\":{\"@type\":\"ImageObject\",\"inLanguage\":\"en-US\",\"@id\":\"https:\\\/\\\/secure.gravatar.com\\\/avatar\\\/399d8144bd55fba55e056779aca52fe528bac7911f6449e54d81173d6dfd7f0a?s=96&d=mm&r=g\",\"url\":\"https:\\\/\\\/secure.gravatar.com\\\/avatar\\\/399d8144bd55fba55e056779aca52fe528bac7911f6449e54d81173d6dfd7f0a?s=96&d=mm&r=g\",\"contentUrl\":\"https:\\\/\\\/secure.gravatar.com\\\/avatar\\\/399d8144bd55fba55e056779aca52fe528bac7911f6449e54d81173d6dfd7f0a?s=96&d=mm&r=g\",\"caption\":\"LaMagh\"},\"sameAs\":[\"https:\\\/\\\/monmaghreb.com\",\"https:\\\/\\\/www.facebook.com\\\/monmaghrebcom\",\"https:\\\/\\\/x.com\\\/MMaghreb50977\"],\"url\":\"https:\\\/\\\/monmaghreb.com\\\/index.php\\\/author\\\/lamagh\\\/\"}]}<\/script>\n<!-- \/ Yoast SEO plugin. -->","yoast_head_json":{"title":"Le savoir-faire artisanal marocain au Salon R\u00e9tromobile 2026","description":"Discover Moroccan artisanal craftsmanship at the Retromobile 2026 Paris event. Don't miss this unique showcase of artistic works.","robots":{"index":"index","follow":"follow","max-snippet":"max-snippet:-1","max-image-preview":"max-image-preview:large","max-video-preview":"max-video-preview:-1"},"canonical":"https:\/\/monmaghreb.com\/index.php\/2026\/03\/16\/le-savoir-faire-artisanal-marocain-au-salon-retromobile-2026-de-paris-une-presentation-des-oeuvres-dart\/","og_locale":"en_US","og_type":"article","og_title":"Le savoir-faire artisanal marocain au Salon R\u00e9tromobile 2026 de Paris: Une pr\u00e9sentation des \u0153uvres d'art","og_description":"Discover Moroccan artisanal craftsmanship at the Retromobile 2026 Paris event. Don't miss this unique showcase of artistic works.","og_url":"https:\/\/monmaghreb.com\/index.php\/2026\/03\/16\/le-savoir-faire-artisanal-marocain-au-salon-retromobile-2026-de-paris-une-presentation-des-oeuvres-dart\/","og_site_name":"Mon Maghreb","article_author":"https:\/\/www.facebook.com\/monmaghrebcom","article_published_time":"2026-03-16T05:29:55+00:00","article_modified_time":"2026-03-16T05:29:58+00:00","og_image":[{"width":1880,"height":1253,"url":"https:\/\/monmaghreb.com\/wp-content\/uploads\/2026\/03\/featured-129.jpg","type":"image\/jpeg"}],"author":"LaMagh","twitter_card":"summary_large_image","twitter_creator":"@MMaghreb50977","twitter_misc":{"Written by":"LaMagh","Est. reading time":"4 minutes"},"schema":{"@context":"https:\/\/schema.org","@graph":[{"@type":"Article","@id":"https:\/\/monmaghreb.com\/index.php\/2026\/03\/16\/le-savoir-faire-artisanal-marocain-au-salon-retromobile-2026-de-paris-une-presentation-des-oeuvres-dart\/#article","isPartOf":{"@id":"https:\/\/monmaghreb.com\/index.php\/2026\/03\/16\/le-savoir-faire-artisanal-marocain-au-salon-retromobile-2026-de-paris-une-presentation-des-oeuvres-dart\/"},"author":{"name":"LaMagh","@id":"http:\/\/monmaghreb.com\/#\/schema\/person\/c469a89dc8c6b8987dcb438b1200d054"},"headline":"Le savoir-faire artisanal marocain au Salon R\u00e9tromobile 2026 de Paris: Une pr\u00e9sentation des \u0153uvres d&#8217;art","datePublished":"2026-03-16T05:29:55+00:00","dateModified":"2026-03-16T05:29:58+00:00","mainEntityOfPage":{"@id":"https:\/\/monmaghreb.com\/index.php\/2026\/03\/16\/le-savoir-faire-artisanal-marocain-au-salon-retromobile-2026-de-paris-une-presentation-des-oeuvres-dart\/"},"wordCount":753,"publisher":{"@id":"http:\/\/monmaghreb.com\/#organization"},"image":{"@id":"https:\/\/monmaghreb.com\/index.php\/2026\/03\/16\/le-savoir-faire-artisanal-marocain-au-salon-retromobile-2026-de-paris-une-presentation-des-oeuvres-dart\/#primaryimage"},"thumbnailUrl":"https:\/\/monmaghreb.com\/wp-content\/uploads\/2026\/03\/featured-129.jpg","keywords":["art enthusiasts","event guide","franco maghreb culture","marocain craftsmanship","retromobile paris"],"articleSection":["Maroc"],"inLanguage":"en-US"},{"@type":"WebPage","@id":"https:\/\/monmaghreb.com\/index.php\/2026\/03\/16\/le-savoir-faire-artisanal-marocain-au-salon-retromobile-2026-de-paris-une-presentation-des-oeuvres-dart\/","url":"https:\/\/monmaghreb.com\/index.php\/2026\/03\/16\/le-savoir-faire-artisanal-marocain-au-salon-retromobile-2026-de-paris-une-presentation-des-oeuvres-dart\/","name":"Le savoir-faire artisanal marocain au Salon R\u00e9tromobile 2026","isPartOf":{"@id":"http:\/\/monmaghreb.com\/#website"},"primaryImageOfPage":{"@id":"https:\/\/monmaghreb.com\/index.php\/2026\/03\/16\/le-savoir-faire-artisanal-marocain-au-salon-retromobile-2026-de-paris-une-presentation-des-oeuvres-dart\/#primaryimage"},"image":{"@id":"https:\/\/monmaghreb.com\/index.php\/2026\/03\/16\/le-savoir-faire-artisanal-marocain-au-salon-retromobile-2026-de-paris-une-presentation-des-oeuvres-dart\/#primaryimage"},"thumbnailUrl":"https:\/\/monmaghreb.com\/wp-content\/uploads\/2026\/03\/featured-129.jpg","datePublished":"2026-03-16T05:29:55+00:00","dateModified":"2026-03-16T05:29:58+00:00","description":"Discover Moroccan artisanal craftsmanship at the Retromobile 2026 Paris event. Don't miss this unique showcase of artistic works.","breadcrumb":{"@id":"https:\/\/monmaghreb.com\/index.php\/2026\/03\/16\/le-savoir-faire-artisanal-marocain-au-salon-retromobile-2026-de-paris-une-presentation-des-oeuvres-dart\/#breadcrumb"},"inLanguage":"en-US","potentialAction":[{"@type":"ReadAction","target":["https:\/\/monmaghreb.com\/index.php\/2026\/03\/16\/le-savoir-faire-artisanal-marocain-au-salon-retromobile-2026-de-paris-une-presentation-des-oeuvres-dart\/"]}]},{"@type":"ImageObject","inLanguage":"en-US","@id":"https:\/\/monmaghreb.com\/index.php\/2026\/03\/16\/le-savoir-faire-artisanal-marocain-au-salon-retromobile-2026-de-paris-une-presentation-des-oeuvres-dart\/#primaryimage","url":"https:\/\/monmaghreb.com\/wp-content\/uploads\/2026\/03\/featured-129.jpg","contentUrl":"https:\/\/monmaghreb.com\/wp-content\/uploads\/2026\/03\/featured-129.jpg","width":1880,"height":1253,"caption":"Moroccan artisans presenting their works at the Retromobile 2026 Paris event"},{"@type":"BreadcrumbList","@id":"https:\/\/monmaghreb.com\/index.php\/2026\/03\/16\/le-savoir-faire-artisanal-marocain-au-salon-retromobile-2026-de-paris-une-presentation-des-oeuvres-dart\/#breadcrumb","itemListElement":[{"@type":"ListItem","position":1,"name":"Home","item":"http:\/\/monmaghreb.com\/"},{"@type":"ListItem","position":2,"name":"Le savoir-faire artisanal marocain au Salon R\u00e9tromobile 2026 de Paris: Une pr\u00e9sentation des \u0153uvres d&#8217;art"}]},{"@type":"WebSite","@id":"http:\/\/monmaghreb.com\/#website","url":"http:\/\/monmaghreb.com\/","name":"Mon Maghreb","description":"MonMaghreb United","publisher":{"@id":"http:\/\/monmaghreb.com\/#organization"},"alternateName":"Le Monde du Maghreb et au del\u00e0","potentialAction":[{"@type":"SearchAction","target":{"@type":"EntryPoint","urlTemplate":"http:\/\/monmaghreb.com\/?s={search_term_string}"},"query-input":{"@type":"PropertyValueSpecification","valueRequired":true,"valueName":"search_term_string"}}],"inLanguage":"en-US"},{"@type":"Organization","@id":"http:\/\/monmaghreb.com\/#organization","name":"Mon Maghreb","url":"http:\/\/monmaghreb.com\/","logo":{"@type":"ImageObject","inLanguage":"en-US","@id":"http:\/\/monmaghreb.com\/#\/schema\/logo\/image\/","url":"https:\/\/monmaghreb.com\/wp-content\/uploads\/2025\/12\/Mon_Maghreb_Logo.jpg","contentUrl":"https:\/\/monmaghreb.com\/wp-content\/uploads\/2025\/12\/Mon_Maghreb_Logo.jpg","width":814,"height":374,"caption":"Mon Maghreb"},"image":{"@id":"http:\/\/monmaghreb.com\/#\/schema\/logo\/image\/"}},{"@type":"Person","@id":"http:\/\/monmaghreb.com\/#\/schema\/person\/c469a89dc8c6b8987dcb438b1200d054","name":"LaMagh","image":{"@type":"ImageObject","inLanguage":"en-US","@id":"https:\/\/secure.gravatar.com\/avatar\/399d8144bd55fba55e056779aca52fe528bac7911f6449e54d81173d6dfd7f0a?s=96&d=mm&r=g","url":"https:\/\/secure.gravatar.com\/avatar\/399d8144bd55fba55e056779aca52fe528bac7911f6449e54d81173d6dfd7f0a?s=96&d=mm&r=g","contentUrl":"https:\/\/secure.gravatar.com\/avatar\/399d8144bd55fba55e056779aca52fe528bac7911f6449e54d81173d6dfd7f0a?s=96&d=mm&r=g","caption":"LaMagh"},"sameAs":["https:\/\/monmaghreb.com","https:\/\/www.facebook.com\/monmaghrebcom","https:\/\/x.com\/MMaghreb50977"],"url":"https:\/\/monmaghreb.com\/index.php\/author\/lamagh\/"}]}},"_links":{"self":[{"href":"https:\/\/monmaghreb.com\/index.php\/wp-json\/wp\/v2\/posts\/1251","targetHints":{"allow":["GET"]}}],"collection":[{"href":"https:\/\/monmaghreb.com\/index.php\/wp-json\/wp\/v2\/posts"}],"about":[{"href":"https:\/\/monmaghreb.com\/index.php\/wp-json\/wp\/v2\/types\/post"}],"author":[{"embeddable":true,"href":"https:\/\/monmaghreb.com\/index.php\/wp-json\/wp\/v2\/users\/1"}],"replies":[{"embeddable":true,"href":"https:\/\/monmaghreb.com\/index.php\/wp-json\/wp\/v2\/comments?post=1251"}],"version-history":[{"count":1,"href":"https:\/\/monmaghreb.com\/index.php\/wp-json\/wp\/v2\/posts\/1251\/revisions"}],"predecessor-version":[{"id":1252,"href":"https:\/\/monmaghreb.com\/index.php\/wp-json\/wp\/v2\/posts\/1251\/revisions\/1252"}],"wp:featuredmedia":[{"embeddable":true,"href":"https:\/\/monmaghreb.com\/index.php\/wp-json\/wp\/v2\/media\/1250"}],"wp:attachment":[{"href":"https:\/\/monmaghreb.com\/index.php\/wp-json\/wp\/v2\/media?parent=1251"}],"wp:term":[{"taxonomy":"category","embeddable":true,"href":"https:\/\/monmaghreb.com\/index.php\/wp-json\/wp\/v2\/categories?post=1251"},{"taxonomy":"post_tag","embeddable":true,"href":"https:\/\/monmaghreb.com\/index.php\/wp-json\/wp\/v2\/tags?post=1251"}],"curies":[{"name":"wp","href":"https:\/\/api.w.org\/{rel}","templated":true}]}}