{"id":1254,"date":"2026-03-16T07:07:42","date_gmt":"2026-03-16T07:07:42","guid":{"rendered":"https:\/\/monmaghreb.com\/index.php\/2026\/03\/16\/le-voyage-hautement-symbolique-du-pape-leon-xiv-en-algerie-une-histoire-a-suivre\/"},"modified":"2026-03-18T20:04:36","modified_gmt":"2026-03-18T20:04:36","slug":"le-voyage-hautement-symbolique-du-pape-leon-xiv-en-algerie-une-histoire-a-suivre","status":"publish","type":"post","link":"https:\/\/monmaghreb.com\/index.php\/2026\/03\/16\/le-voyage-hautement-symbolique-du-pape-leon-xiv-en-algerie-une-histoire-a-suivre\/","title":{"rendered":"Le voyage hautement symbolique du pape L\u00e9on XIV en Alg\u00e9rie : une histoire \u00e0 suivre"},"content":{"rendered":"<p><!DOCTYPE html><br \/>\n<html lang='fr'><br \/>\n<head><br \/>\n\t<meta charset='UTF-8'><br \/>\n\t<title>Le voyage de L\u00e9on XIV en Alg\u00e9rie<\/title><br \/>\n<\/head><br \/>\n<body><\/p>\n<h1>Le voyage de L\u00e9on XIV en Alg\u00e9rie : une histoire \u00e0 suivre<\/h1>\n<p>L&#8217;ann\u00e9e 1985 fut marqu\u00e9e par un \u00e9v\u00e9nement <a href=\"https:\/\/monmaghreb.com\/index.php\/2026\/03\/13\/le-voyage-du-pape-leon-xiv-en-algerie-un-tournant-historique-inoubliable\/\" title=\"Le voyage du Pape L\u00e9on XIV en Alg\u00e9rie : un tournant historique inoubliable\">historique<\/a> qui a eu un impact durable sur les communaut\u00e9s maghr\u00e9bines de la diaspora. Le pape Jean-Paul II effectua un voyage symbolique en Alg\u00e9rie, qui est toujours sujette \u00e0 discours et r\u00e9flexions aujourd&#8217;hui.<\/p>\n<h2>Le contexte politique<\/h2>\n<p>Lorsque le pape visita l&#8217;Alg\u00e9rie, le pays \u00e9tait encore marqu\u00e9 par les cons\u00e9quences de la guerre d&#8217;ind\u00e9pendance qui avait commenc\u00e9 en 1954 et s&#8217;\u00e9tait termin\u00e9e officiellement en 1962. La reconstruction et la restructuration du pays \u00e9taient alors en cours.<\/p>\n<p>Le gouvernement alg\u00e9rien, dirig\u00e9 par le pr\u00e9sident Chadli Bendjedid, cherchait \u00e0 renforcer les relations internationales de l&#8217;Alg\u00e9rie en invitant des chefs d&#8217;\u00c9tat et de gouvernement \u00e9trangers \u00e0 visiter le pays. L&#8217;invitation du pape faisait partie de cette politique de rapprochement.<\/p>\n<p>Cette invitation \u00e9tait \u00e9galement un signe important pour les communaut\u00e9s chr\u00e9tiennes alg\u00e9riennes, qui \u00e9taient alors sous pression par le r\u00e9gime officiellement ath\u00e9e.<\/p>\n<h2>Le voyage du pape<\/h2>\n<p>Le 10 mai 1985, Jean-Paul II d\u00e9barqua \u00e0 Alger. Il fut accueilli avec enthousiasme par les autorit\u00e9s alg\u00e9riennes et les communaut\u00e9s chr\u00e9tiennes.<\/p>\n<p>Au cours de son s\u00e9jour, le pape visita une \u00e9glise catholique \u00e0 Alger, o\u00f9 il c\u00e9l\u00e8bra la messe devant un public de plusieurs milliers de personnes. Il rencontra \u00e9galement des dirigeants musulmans alg\u00e9riens, dont le pr\u00e9sident Chadli Bendjedid.<\/p>\n<p>Le pape fit \u00e9galement une visite \u00e0 Oran, o\u00f9 il rencontra des communaut\u00e9s chr\u00e9tiennes locales et fit un discours appelant aux relations de paix et d&#8217;amiti\u00e9 entre les musulmans et les chr\u00e9tiens.<\/p>\n<h2>Les r\u00e9actions<\/h2>\n<p>Le voyage du pape re\u00e7ut des r\u00e9actions tr\u00e8s positives des communaut\u00e9s maghr\u00e9bines de la diaspora, qui ont vu ce voyage comme un signe important pour leurs coreligionnaires en Alg\u00e9rie.<\/p>\n<ul>\n<li>Certains ont interpr\u00e9t\u00e9 le voyage comme une reconnaissance du droit des chr\u00e9tiens \u00e0 vivre librement et avec dignit\u00e9 en Alg\u00e9rie.<\/li>\n<li>D&#8217;autres ont vu ce voyage comme un signe de l&#8217;importance de la religion chr\u00e9tienne en Afrique du Nord.<\/li>\n<\/ul>\n<p>Cependant, le voyage a \u00e9galement suscit\u00e9 des controverses et des critiques. Certains musulmans alg\u00e9riens ont vu ce voyage comme une violation des lois de l&#8217;\u00c9tat la\u00efque et un signe d&#8217;influence occidentale.<\/p>\n<h2>Le h\u00e9ritage du voyage<\/h2>\n<p>Malgr\u00e9 les controverses et les critiques, le voyage du pape Jean-Paul II en Alg\u00e9rie a laiss\u00e9 un h\u00e9ritage important.<\/p>\n<ul>\n<li>Il a renforc\u00e9 les relations entre l&#8217;Alg\u00e9rie et la Vatican et a ouvert la voie \u00e0 des \u00e9changes culturels et religieux r\u00e9guliers entre les deux entit\u00e9s.<\/li>\n<li>Il a \u00e9galement servi de mod\u00e8le pour d&#8217;autres chefs d&#8217;\u00c9tat et de gouvernement qui ont suivi en visitant l&#8217;Alg\u00e9rie dans les d\u00e9cennies suivantes.<\/li>\n<\/ul>\n<h2>L&#8217;appel \u00e0 l&#8217;action<\/h2>\n<p>Le voyage du pape Jean-Paul II en Alg\u00e9rie reste une histoire importante pour les communaut\u00e9s maghr\u00e9bines de la diaspora. Nous invitons tous ceux qui sont int\u00e9ress\u00e9s par cette histoire \u00e0 d\u00e9couvrir plus sur elle et \u00e0 faire un effort pour comprendre la situation des chr\u00e9tiens en Alg\u00e9rie aujourd&#8217;hui.<\/p>\n<div style=\"background:#f8f9fa;border-left:4px solid #0066cc;border-radius:6px;padding:20px 24px;margin:32px 0;\">\n<p style=\"font-size:13px;color:#888;text-transform:uppercase;letter-spacing:0.8px;margin:0 0 6px 0;\">Vous pourriez aussi aimer<\/p>\n<h3 style=\"font-size:18px;margin:0 0 14px 0;color:#222;\">Articles similaires<\/h3>\n<ul style=\"margin:0;padding-left:20px;list-style:disc;\">\n<li style=\"margin-bottom:10px;\"><a href=\"https:\/\/monmaghreb.com\/index.php\/2026\/03\/13\/le-voyage-du-pape-leon-xiv-en-algerie-un-tournant-historique-inoubliable\/\" style=\"color:#0066cc;text-decoration:none;font-weight:500;\" title=\"Le voyage du Pape L\u00e9on XIV en Alg\u00e9rie : un tournant historique inoubliable\">Le voyage du Pape L\u00e9on XIV en Alg\u00e9rie : un tournant historique inoubliable<\/a><\/li>\n<li style=\"margin-bottom:10px;\"><a href=\"https:\/\/monmaghreb.com\/index.php\/2026\/03\/13\/le-pelerinage-historique-du-pape-leon-xiv-en-algerie-un-voyage-de-reconciliation-et-devolution-spirituelle\/\" style=\"color:#0066cc;text-decoration:none;font-weight:500;\" title=\"Le p\u00e8lerinage historique du Pape L\u00e9on XIV en Alg\u00e9rie : un voyage de reconciliation et d&#8217;\u00e9volution spirituelle\">Le p\u00e8lerinage historique du Pape L\u00e9on XIV en Alg\u00e9rie : un voyage de reconciliation et d&#8217;\u00e9volution spirituelle<\/a><\/li>\n<li style=\"margin-bottom:10px;\"><a href=\"https:\/\/monmaghreb.com\/index.php\/2026\/03\/12\/pape-leon-xiv-visite-lalgerie-les-evenements-symboliques-du-voyage\/\" style=\"color:#0066cc;text-decoration:none;font-weight:500;\" title=\"Pape L\u00e9on XIV visite l&#8217;Alg\u00e9rie : les \u00e9v\u00e9nements symboliques du voyage\">Pape L\u00e9on XIV visite l&#8217;Alg\u00e9rie : les \u00e9v\u00e9nements symboliques du voyage<\/a><\/li>\n<li style=\"margin-bottom:10px;\"><a href=\"https:\/\/monmaghreb.com\/index.php\/2026\/03\/12\/voyage-algerie-tunisie-nouvelles-lignes-de-bus-annoncees\/\" style=\"color:#0066cc;text-decoration:none;font-weight:500;\" title=\"Voyage Alg\u00e9rie-Tunisie : Nouvelles lignes de bus annonc\u00e9es\">Voyage Alg\u00e9rie-Tunisie : Nouvelles lignes de bus annonc\u00e9es<\/a><\/li>\n<li style=\"margin-bottom:10px;\"><a href=\"https:\/\/monmaghreb.com\/index.php\/2026\/03\/14\/un-voyage-musical-en-algerie-avec-lensemble-josquin-des-pres-vivre-une-experience-inoubliable\/\" style=\"color:#0066cc;text-decoration:none;font-weight:500;\" title=\"Un voyage musical en Alg\u00e9rie avec l&#8217;ensemble Josquin des Pr\u00e9s : vivre une exp\u00e9rience inoubliable\">Un voyage musical en Alg\u00e9rie avec l&#8217;ensemble Josquin des Pr\u00e9s : vivre une exp\u00e9rience inoubliable<\/a><\/li>\n<\/ul>\n<\/div>\n<p><\/body><br \/>\n<\/html><\/p>\n","protected":false},"excerpt":{"rendered":"<p>Un voyage symbolique de 1985 avec impact durable sur les communaut\u00e9s maghr\u00e9bines. Suivez l&#8217;histoire du pape Jean-Paul II en Alg\u00e9rie.<\/p>\n","protected":false},"author":1,"featured_media":1496,"comment_status":"closed","ping_status":"open","sticky":false,"template":"","format":"standard","meta":{"_yoast_wpseo_focuskw":"le voyage du pape en Alg\u00e9rie","_yoast_wpseo_title":"Le voyage hautement symbolique du pape L\u00e9on XIV en Alg\u00e9rie :","_yoast_wpseo_metadesc":"Un voyage symbolique de 1985 avec impact durable sur les communaut\u00e9s maghr\u00e9bines. Suivez l'histoire du pape Jean-Paul II en Alg\u00e9rie.","_yoast_wpseo_canonical":"","_yoast_wpseo_opengraph-title":"Le voyage hautement symbolique du pape L\u00e9on XIV en Alg\u00e9rie : une histoire \u00e0 suivre","_yoast_wpseo_opengraph-description":"Un voyage symbolique de 1985 avec impact durable sur les communaut\u00e9s maghr\u00e9bines. Suivez l'histoire du pape Jean-Paul II en Alg\u00e9rie.","_yoast_wpseo_opengraph-image":"","tdm_status":"","tdm_grid_status":"","footnotes":""},"categories":[652],"tags":[943,950,815,951,949],"class_list":["post-1254","post","type-post","status-publish","format-standard","has-post-thumbnail","hentry","category-histoire-patrimoine","tag-african-diaspora","tag-algerie-independance","tag-culture-musulmane","tag-guide-historique","tag-histoire-papale"],"yoast_head":"<!-- This site is optimized with the Yoast SEO plugin v27.5 - https:\/\/yoast.com\/product\/yoast-seo-wordpress\/ -->\n<title>Le voyage hautement symbolique du pape L\u00e9on XIV en Alg\u00e9rie :<\/title>\n<meta name=\"description\" content=\"Un voyage symbolique de 1985 avec impact durable sur les communaut\u00e9s maghr\u00e9bines. Suivez l&#039;histoire du pape Jean-Paul II en Alg\u00e9rie.\" \/>\n<meta name=\"robots\" content=\"index, follow, max-snippet:-1, max-image-preview:large, max-video-preview:-1\" \/>\n<link rel=\"canonical\" href=\"https:\/\/monmaghreb.com\/index.php\/2026\/03\/16\/le-voyage-hautement-symbolique-du-pape-leon-xiv-en-algerie-une-histoire-a-suivre\/\" \/>\n<meta property=\"og:locale\" content=\"en_US\" \/>\n<meta property=\"og:type\" content=\"article\" \/>\n<meta property=\"og:title\" content=\"Le voyage hautement symbolique du pape L\u00e9on XIV en Alg\u00e9rie : une histoire \u00e0 suivre\" \/>\n<meta property=\"og:description\" content=\"Un voyage symbolique de 1985 avec impact durable sur les communaut\u00e9s maghr\u00e9bines. Suivez l&#039;histoire du pape Jean-Paul II en Alg\u00e9rie.\" \/>\n<meta property=\"og:url\" content=\"https:\/\/monmaghreb.com\/index.php\/2026\/03\/16\/le-voyage-hautement-symbolique-du-pape-leon-xiv-en-algerie-une-histoire-a-suivre\/\" \/>\n<meta property=\"og:site_name\" content=\"Mon Maghreb\" \/>\n<meta property=\"article:author\" content=\"https:\/\/www.facebook.com\/monmaghrebcom\" \/>\n<meta property=\"article:published_time\" content=\"2026-03-16T07:07:42+00:00\" \/>\n<meta property=\"article:modified_time\" content=\"2026-03-18T20:04:36+00:00\" \/>\n<meta property=\"og:image\" content=\"http:\/\/monmaghreb.com\/wp-content\/uploads\/2026\/03\/algerplace-1.jpg\" \/>\n\t<meta property=\"og:image:width\" content=\"201\" \/>\n\t<meta property=\"og:image:height\" content=\"134\" \/>\n\t<meta property=\"og:image:type\" content=\"image\/jpeg\" \/>\n<meta name=\"author\" content=\"LaMagh\" \/>\n<meta name=\"twitter:card\" content=\"summary_large_image\" \/>\n<meta name=\"twitter:creator\" content=\"@MMaghreb50977\" \/>\n<meta name=\"twitter:label1\" content=\"Written by\" \/>\n\t<meta name=\"twitter:data1\" content=\"LaMagh\" \/>\n\t<meta name=\"twitter:label2\" content=\"Est. reading time\" \/>\n\t<meta name=\"twitter:data2\" content=\"3 minutes\" \/>\n<script type=\"application\/ld+json\" class=\"yoast-schema-graph\">{\"@context\":\"https:\\\/\\\/schema.org\",\"@graph\":[{\"@type\":\"Article\",\"@id\":\"https:\\\/\\\/monmaghreb.com\\\/index.php\\\/2026\\\/03\\\/16\\\/le-voyage-hautement-symbolique-du-pape-leon-xiv-en-algerie-une-histoire-a-suivre\\\/#article\",\"isPartOf\":{\"@id\":\"https:\\\/\\\/monmaghreb.com\\\/index.php\\\/2026\\\/03\\\/16\\\/le-voyage-hautement-symbolique-du-pape-leon-xiv-en-algerie-une-histoire-a-suivre\\\/\"},\"author\":{\"name\":\"LaMagh\",\"@id\":\"http:\\\/\\\/monmaghreb.com\\\/#\\\/schema\\\/person\\\/c469a89dc8c6b8987dcb438b1200d054\"},\"headline\":\"Le voyage hautement symbolique du pape L\u00e9on XIV en Alg\u00e9rie : une histoire \u00e0 suivre\",\"datePublished\":\"2026-03-16T07:07:42+00:00\",\"dateModified\":\"2026-03-18T20:04:36+00:00\",\"mainEntityOfPage\":{\"@id\":\"https:\\\/\\\/monmaghreb.com\\\/index.php\\\/2026\\\/03\\\/16\\\/le-voyage-hautement-symbolique-du-pape-leon-xiv-en-algerie-une-histoire-a-suivre\\\/\"},\"wordCount\":646,\"publisher\":{\"@id\":\"http:\\\/\\\/monmaghreb.com\\\/#organization\"},\"image\":{\"@id\":\"https:\\\/\\\/monmaghreb.com\\\/index.php\\\/2026\\\/03\\\/16\\\/le-voyage-hautement-symbolique-du-pape-leon-xiv-en-algerie-une-histoire-a-suivre\\\/#primaryimage\"},\"thumbnailUrl\":\"https:\\\/\\\/monmaghreb.com\\\/wp-content\\\/uploads\\\/2026\\\/03\\\/algerplace-1.jpg\",\"keywords\":[\"african diaspora\",\"alg\u00e9rie ind\u00e9pendance\",\"culture musulmane\",\"guide historique\",\"histoire papale\"],\"articleSection\":[\"Histoire &amp; Patrimoine\"],\"inLanguage\":\"en-US\"},{\"@type\":\"WebPage\",\"@id\":\"https:\\\/\\\/monmaghreb.com\\\/index.php\\\/2026\\\/03\\\/16\\\/le-voyage-hautement-symbolique-du-pape-leon-xiv-en-algerie-une-histoire-a-suivre\\\/\",\"url\":\"https:\\\/\\\/monmaghreb.com\\\/index.php\\\/2026\\\/03\\\/16\\\/le-voyage-hautement-symbolique-du-pape-leon-xiv-en-algerie-une-histoire-a-suivre\\\/\",\"name\":\"Le voyage hautement symbolique du pape L\u00e9on XIV en Alg\u00e9rie :\",\"isPartOf\":{\"@id\":\"http:\\\/\\\/monmaghreb.com\\\/#website\"},\"primaryImageOfPage\":{\"@id\":\"https:\\\/\\\/monmaghreb.com\\\/index.php\\\/2026\\\/03\\\/16\\\/le-voyage-hautement-symbolique-du-pape-leon-xiv-en-algerie-une-histoire-a-suivre\\\/#primaryimage\"},\"image\":{\"@id\":\"https:\\\/\\\/monmaghreb.com\\\/index.php\\\/2026\\\/03\\\/16\\\/le-voyage-hautement-symbolique-du-pape-leon-xiv-en-algerie-une-histoire-a-suivre\\\/#primaryimage\"},\"thumbnailUrl\":\"https:\\\/\\\/monmaghreb.com\\\/wp-content\\\/uploads\\\/2026\\\/03\\\/algerplace-1.jpg\",\"datePublished\":\"2026-03-16T07:07:42+00:00\",\"dateModified\":\"2026-03-18T20:04:36+00:00\",\"description\":\"Un voyage symbolique de 1985 avec impact durable sur les communaut\u00e9s maghr\u00e9bines. Suivez l'histoire du pape Jean-Paul II en Alg\u00e9rie.\",\"breadcrumb\":{\"@id\":\"https:\\\/\\\/monmaghreb.com\\\/index.php\\\/2026\\\/03\\\/16\\\/le-voyage-hautement-symbolique-du-pape-leon-xiv-en-algerie-une-histoire-a-suivre\\\/#breadcrumb\"},\"inLanguage\":\"en-US\",\"potentialAction\":[{\"@type\":\"ReadAction\",\"target\":[\"https:\\\/\\\/monmaghreb.com\\\/index.php\\\/2026\\\/03\\\/16\\\/le-voyage-hautement-symbolique-du-pape-leon-xiv-en-algerie-une-histoire-a-suivre\\\/\"]}]},{\"@type\":\"ImageObject\",\"inLanguage\":\"en-US\",\"@id\":\"https:\\\/\\\/monmaghreb.com\\\/index.php\\\/2026\\\/03\\\/16\\\/le-voyage-hautement-symbolique-du-pape-leon-xiv-en-algerie-une-histoire-a-suivre\\\/#primaryimage\",\"url\":\"https:\\\/\\\/monmaghreb.com\\\/wp-content\\\/uploads\\\/2026\\\/03\\\/algerplace-1.jpg\",\"contentUrl\":\"https:\\\/\\\/monmaghreb.com\\\/wp-content\\\/uploads\\\/2026\\\/03\\\/algerplace-1.jpg\",\"width\":201,\"height\":134},{\"@type\":\"BreadcrumbList\",\"@id\":\"https:\\\/\\\/monmaghreb.com\\\/index.php\\\/2026\\\/03\\\/16\\\/le-voyage-hautement-symbolique-du-pape-leon-xiv-en-algerie-une-histoire-a-suivre\\\/#breadcrumb\",\"itemListElement\":[{\"@type\":\"ListItem\",\"position\":1,\"name\":\"Home\",\"item\":\"http:\\\/\\\/monmaghreb.com\\\/\"},{\"@type\":\"ListItem\",\"position\":2,\"name\":\"Le voyage hautement symbolique du pape L\u00e9on XIV en Alg\u00e9rie : une histoire \u00e0 suivre\"}]},{\"@type\":\"WebSite\",\"@id\":\"http:\\\/\\\/monmaghreb.com\\\/#website\",\"url\":\"http:\\\/\\\/monmaghreb.com\\\/\",\"name\":\"Mon Maghreb\",\"description\":\"MonMaghreb United\",\"publisher\":{\"@id\":\"http:\\\/\\\/monmaghreb.com\\\/#organization\"},\"alternateName\":\"Le Monde du Maghreb et au del\u00e0\",\"potentialAction\":[{\"@type\":\"SearchAction\",\"target\":{\"@type\":\"EntryPoint\",\"urlTemplate\":\"http:\\\/\\\/monmaghreb.com\\\/?s={search_term_string}\"},\"query-input\":{\"@type\":\"PropertyValueSpecification\",\"valueRequired\":true,\"valueName\":\"search_term_string\"}}],\"inLanguage\":\"en-US\"},{\"@type\":\"Organization\",\"@id\":\"http:\\\/\\\/monmaghreb.com\\\/#organization\",\"name\":\"Mon Maghreb\",\"url\":\"http:\\\/\\\/monmaghreb.com\\\/\",\"logo\":{\"@type\":\"ImageObject\",\"inLanguage\":\"en-US\",\"@id\":\"http:\\\/\\\/monmaghreb.com\\\/#\\\/schema\\\/logo\\\/image\\\/\",\"url\":\"https:\\\/\\\/monmaghreb.com\\\/wp-content\\\/uploads\\\/2025\\\/12\\\/Mon_Maghreb_Logo.jpg\",\"contentUrl\":\"https:\\\/\\\/monmaghreb.com\\\/wp-content\\\/uploads\\\/2025\\\/12\\\/Mon_Maghreb_Logo.jpg\",\"width\":814,\"height\":374,\"caption\":\"Mon Maghreb\"},\"image\":{\"@id\":\"http:\\\/\\\/monmaghreb.com\\\/#\\\/schema\\\/logo\\\/image\\\/\"}},{\"@type\":\"Person\",\"@id\":\"http:\\\/\\\/monmaghreb.com\\\/#\\\/schema\\\/person\\\/c469a89dc8c6b8987dcb438b1200d054\",\"name\":\"LaMagh\",\"image\":{\"@type\":\"ImageObject\",\"inLanguage\":\"en-US\",\"@id\":\"https:\\\/\\\/secure.gravatar.com\\\/avatar\\\/399d8144bd55fba55e056779aca52fe528bac7911f6449e54d81173d6dfd7f0a?s=96&d=mm&r=g\",\"url\":\"https:\\\/\\\/secure.gravatar.com\\\/avatar\\\/399d8144bd55fba55e056779aca52fe528bac7911f6449e54d81173d6dfd7f0a?s=96&d=mm&r=g\",\"contentUrl\":\"https:\\\/\\\/secure.gravatar.com\\\/avatar\\\/399d8144bd55fba55e056779aca52fe528bac7911f6449e54d81173d6dfd7f0a?s=96&d=mm&r=g\",\"caption\":\"LaMagh\"},\"sameAs\":[\"https:\\\/\\\/monmaghreb.com\",\"https:\\\/\\\/www.facebook.com\\\/monmaghrebcom\",\"https:\\\/\\\/x.com\\\/MMaghreb50977\"],\"url\":\"https:\\\/\\\/monmaghreb.com\\\/index.php\\\/author\\\/lamagh\\\/\"}]}<\/script>\n<!-- \/ Yoast SEO plugin. -->","yoast_head_json":{"title":"Le voyage hautement symbolique du pape L\u00e9on XIV en Alg\u00e9rie :","description":"Un voyage symbolique de 1985 avec impact durable sur les communaut\u00e9s maghr\u00e9bines. Suivez l'histoire du pape Jean-Paul II en Alg\u00e9rie.","robots":{"index":"index","follow":"follow","max-snippet":"max-snippet:-1","max-image-preview":"max-image-preview:large","max-video-preview":"max-video-preview:-1"},"canonical":"https:\/\/monmaghreb.com\/index.php\/2026\/03\/16\/le-voyage-hautement-symbolique-du-pape-leon-xiv-en-algerie-une-histoire-a-suivre\/","og_locale":"en_US","og_type":"article","og_title":"Le voyage hautement symbolique du pape L\u00e9on XIV en Alg\u00e9rie : une histoire \u00e0 suivre","og_description":"Un voyage symbolique de 1985 avec impact durable sur les communaut\u00e9s maghr\u00e9bines. Suivez l'histoire du pape Jean-Paul II en Alg\u00e9rie.","og_url":"https:\/\/monmaghreb.com\/index.php\/2026\/03\/16\/le-voyage-hautement-symbolique-du-pape-leon-xiv-en-algerie-une-histoire-a-suivre\/","og_site_name":"Mon Maghreb","article_author":"https:\/\/www.facebook.com\/monmaghrebcom","article_published_time":"2026-03-16T07:07:42+00:00","article_modified_time":"2026-03-18T20:04:36+00:00","og_image":[{"width":201,"height":134,"url":"http:\/\/monmaghreb.com\/wp-content\/uploads\/2026\/03\/algerplace-1.jpg","type":"image\/jpeg"}],"author":"LaMagh","twitter_card":"summary_large_image","twitter_creator":"@MMaghreb50977","twitter_misc":{"Written by":"LaMagh","Est. reading time":"3 minutes"},"schema":{"@context":"https:\/\/schema.org","@graph":[{"@type":"Article","@id":"https:\/\/monmaghreb.com\/index.php\/2026\/03\/16\/le-voyage-hautement-symbolique-du-pape-leon-xiv-en-algerie-une-histoire-a-suivre\/#article","isPartOf":{"@id":"https:\/\/monmaghreb.com\/index.php\/2026\/03\/16\/le-voyage-hautement-symbolique-du-pape-leon-xiv-en-algerie-une-histoire-a-suivre\/"},"author":{"name":"LaMagh","@id":"http:\/\/monmaghreb.com\/#\/schema\/person\/c469a89dc8c6b8987dcb438b1200d054"},"headline":"Le voyage hautement symbolique du pape L\u00e9on XIV en Alg\u00e9rie : une histoire \u00e0 suivre","datePublished":"2026-03-16T07:07:42+00:00","dateModified":"2026-03-18T20:04:36+00:00","mainEntityOfPage":{"@id":"https:\/\/monmaghreb.com\/index.php\/2026\/03\/16\/le-voyage-hautement-symbolique-du-pape-leon-xiv-en-algerie-une-histoire-a-suivre\/"},"wordCount":646,"publisher":{"@id":"http:\/\/monmaghreb.com\/#organization"},"image":{"@id":"https:\/\/monmaghreb.com\/index.php\/2026\/03\/16\/le-voyage-hautement-symbolique-du-pape-leon-xiv-en-algerie-une-histoire-a-suivre\/#primaryimage"},"thumbnailUrl":"https:\/\/monmaghreb.com\/wp-content\/uploads\/2026\/03\/algerplace-1.jpg","keywords":["african diaspora","alg\u00e9rie ind\u00e9pendance","culture musulmane","guide historique","histoire papale"],"articleSection":["Histoire &amp; Patrimoine"],"inLanguage":"en-US"},{"@type":"WebPage","@id":"https:\/\/monmaghreb.com\/index.php\/2026\/03\/16\/le-voyage-hautement-symbolique-du-pape-leon-xiv-en-algerie-une-histoire-a-suivre\/","url":"https:\/\/monmaghreb.com\/index.php\/2026\/03\/16\/le-voyage-hautement-symbolique-du-pape-leon-xiv-en-algerie-une-histoire-a-suivre\/","name":"Le voyage hautement symbolique du pape L\u00e9on XIV en Alg\u00e9rie :","isPartOf":{"@id":"http:\/\/monmaghreb.com\/#website"},"primaryImageOfPage":{"@id":"https:\/\/monmaghreb.com\/index.php\/2026\/03\/16\/le-voyage-hautement-symbolique-du-pape-leon-xiv-en-algerie-une-histoire-a-suivre\/#primaryimage"},"image":{"@id":"https:\/\/monmaghreb.com\/index.php\/2026\/03\/16\/le-voyage-hautement-symbolique-du-pape-leon-xiv-en-algerie-une-histoire-a-suivre\/#primaryimage"},"thumbnailUrl":"https:\/\/monmaghreb.com\/wp-content\/uploads\/2026\/03\/algerplace-1.jpg","datePublished":"2026-03-16T07:07:42+00:00","dateModified":"2026-03-18T20:04:36+00:00","description":"Un voyage symbolique de 1985 avec impact durable sur les communaut\u00e9s maghr\u00e9bines. Suivez l'histoire du pape Jean-Paul II en Alg\u00e9rie.","breadcrumb":{"@id":"https:\/\/monmaghreb.com\/index.php\/2026\/03\/16\/le-voyage-hautement-symbolique-du-pape-leon-xiv-en-algerie-une-histoire-a-suivre\/#breadcrumb"},"inLanguage":"en-US","potentialAction":[{"@type":"ReadAction","target":["https:\/\/monmaghreb.com\/index.php\/2026\/03\/16\/le-voyage-hautement-symbolique-du-pape-leon-xiv-en-algerie-une-histoire-a-suivre\/"]}]},{"@type":"ImageObject","inLanguage":"en-US","@id":"https:\/\/monmaghreb.com\/index.php\/2026\/03\/16\/le-voyage-hautement-symbolique-du-pape-leon-xiv-en-algerie-une-histoire-a-suivre\/#primaryimage","url":"https:\/\/monmaghreb.com\/wp-content\/uploads\/2026\/03\/algerplace-1.jpg","contentUrl":"https:\/\/monmaghreb.com\/wp-content\/uploads\/2026\/03\/algerplace-1.jpg","width":201,"height":134},{"@type":"BreadcrumbList","@id":"https:\/\/monmaghreb.com\/index.php\/2026\/03\/16\/le-voyage-hautement-symbolique-du-pape-leon-xiv-en-algerie-une-histoire-a-suivre\/#breadcrumb","itemListElement":[{"@type":"ListItem","position":1,"name":"Home","item":"http:\/\/monmaghreb.com\/"},{"@type":"ListItem","position":2,"name":"Le voyage hautement symbolique du pape L\u00e9on XIV en Alg\u00e9rie : une histoire \u00e0 suivre"}]},{"@type":"WebSite","@id":"http:\/\/monmaghreb.com\/#website","url":"http:\/\/monmaghreb.com\/","name":"Mon Maghreb","description":"MonMaghreb United","publisher":{"@id":"http:\/\/monmaghreb.com\/#organization"},"alternateName":"Le Monde du Maghreb et au del\u00e0","potentialAction":[{"@type":"SearchAction","target":{"@type":"EntryPoint","urlTemplate":"http:\/\/monmaghreb.com\/?s={search_term_string}"},"query-input":{"@type":"PropertyValueSpecification","valueRequired":true,"valueName":"search_term_string"}}],"inLanguage":"en-US"},{"@type":"Organization","@id":"http:\/\/monmaghreb.com\/#organization","name":"Mon Maghreb","url":"http:\/\/monmaghreb.com\/","logo":{"@type":"ImageObject","inLanguage":"en-US","@id":"http:\/\/monmaghreb.com\/#\/schema\/logo\/image\/","url":"https:\/\/monmaghreb.com\/wp-content\/uploads\/2025\/12\/Mon_Maghreb_Logo.jpg","contentUrl":"https:\/\/monmaghreb.com\/wp-content\/uploads\/2025\/12\/Mon_Maghreb_Logo.jpg","width":814,"height":374,"caption":"Mon Maghreb"},"image":{"@id":"http:\/\/monmaghreb.com\/#\/schema\/logo\/image\/"}},{"@type":"Person","@id":"http:\/\/monmaghreb.com\/#\/schema\/person\/c469a89dc8c6b8987dcb438b1200d054","name":"LaMagh","image":{"@type":"ImageObject","inLanguage":"en-US","@id":"https:\/\/secure.gravatar.com\/avatar\/399d8144bd55fba55e056779aca52fe528bac7911f6449e54d81173d6dfd7f0a?s=96&d=mm&r=g","url":"https:\/\/secure.gravatar.com\/avatar\/399d8144bd55fba55e056779aca52fe528bac7911f6449e54d81173d6dfd7f0a?s=96&d=mm&r=g","contentUrl":"https:\/\/secure.gravatar.com\/avatar\/399d8144bd55fba55e056779aca52fe528bac7911f6449e54d81173d6dfd7f0a?s=96&d=mm&r=g","caption":"LaMagh"},"sameAs":["https:\/\/monmaghreb.com","https:\/\/www.facebook.com\/monmaghrebcom","https:\/\/x.com\/MMaghreb50977"],"url":"https:\/\/monmaghreb.com\/index.php\/author\/lamagh\/"}]}},"_links":{"self":[{"href":"https:\/\/monmaghreb.com\/index.php\/wp-json\/wp\/v2\/posts\/1254","targetHints":{"allow":["GET"]}}],"collection":[{"href":"https:\/\/monmaghreb.com\/index.php\/wp-json\/wp\/v2\/posts"}],"about":[{"href":"https:\/\/monmaghreb.com\/index.php\/wp-json\/wp\/v2\/types\/post"}],"author":[{"embeddable":true,"href":"https:\/\/monmaghreb.com\/index.php\/wp-json\/wp\/v2\/users\/1"}],"replies":[{"embeddable":true,"href":"https:\/\/monmaghreb.com\/index.php\/wp-json\/wp\/v2\/comments?post=1254"}],"version-history":[{"count":1,"href":"https:\/\/monmaghreb.com\/index.php\/wp-json\/wp\/v2\/posts\/1254\/revisions"}],"predecessor-version":[{"id":1255,"href":"https:\/\/monmaghreb.com\/index.php\/wp-json\/wp\/v2\/posts\/1254\/revisions\/1255"}],"wp:featuredmedia":[{"embeddable":true,"href":"https:\/\/monmaghreb.com\/index.php\/wp-json\/wp\/v2\/media\/1496"}],"wp:attachment":[{"href":"https:\/\/monmaghreb.com\/index.php\/wp-json\/wp\/v2\/media?parent=1254"}],"wp:term":[{"taxonomy":"category","embeddable":true,"href":"https:\/\/monmaghreb.com\/index.php\/wp-json\/wp\/v2\/categories?post=1254"},{"taxonomy":"post_tag","embeddable":true,"href":"https:\/\/monmaghreb.com\/index.php\/wp-json\/wp\/v2\/tags?post=1254"}],"curies":[{"name":"wp","href":"https:\/\/api.w.org\/{rel}","templated":true}]}}