{"id":1281,"date":"2026-03-16T14:27:47","date_gmt":"2026-03-16T14:27:47","guid":{"rendered":"https:\/\/monmaghreb.com\/index.php\/2026\/03\/16\/fontainebleau-celebre-la-mode-marocaine-avec-son-festival-de-lhistoire-de-lart\/"},"modified":"2026-03-16T14:27:49","modified_gmt":"2026-03-16T14:27:49","slug":"fontainebleau-celebre-la-mode-marocaine-avec-son-festival-de-lhistoire-de-lart","status":"publish","type":"post","link":"https:\/\/monmaghreb.com\/index.php\/2026\/03\/16\/fontainebleau-celebre-la-mode-marocaine-avec-son-festival-de-lhistoire-de-lart\/","title":{"rendered":"Fontainebleau c\u00e9l\u00e8bre la mode marocaine avec son Festival de l\u2019histoire de l&#8217;art"},"content":{"rendered":"<p><!DOCTYPE html><br \/>\n<html lang='fr'><br \/>\n<head><br \/>\n\t<meta charset='UTF-8'><br \/>\n\t<title>Fontainebleau c\u00e9l\u00e8bre la mode <a href=\"https:\/\/monmaghreb.com\/index.php\/2026\/03\/11\/guide-complet-de-la-priere-de-laid-horaires-et-mosquees-pour-les-communautes-algerienne-tunisienne-et-marocaine-en-france\/\" title=\"Guide complet de la pri\u00e8re de l&#8217;A\u00efd : horaires et mosqu\u00e9es pour les communaut\u00e9s alg\u00e9rienne, tunisienne et marocaine en France\">marocaine<\/a> avec son Festival de l\u2019histoire de l&#8217;art<\/title><br \/>\n<\/head><br \/>\n<body><\/p>\n<h1>Fontainebleau c\u00e9l\u00e8bre la mode marocaine avec son Festival de l\u2019histoire de l&#8217;art<\/h1>\n<p>Pour les lecteurs maghr\u00e9bins de la diaspora, il y a maintenant une raison suppl\u00e9mentaire pour se rendre en France. Le ch\u00e2teau de Fontainebleau, un des plus grands palais de la Renaissance fran\u00e7aise, c\u00e9l\u00e8bre la mode marocaine avec son Festival de l\u2019histoire de l&#8217;art, qui a lieu chaque ann\u00e9e depuis 2018. Ce festival est une occasion unique pour les amoureux de la mode et de l&#8217;histoire de d\u00e9couvrir la richesse de la culture marocaine.<\/p>\n<h2>Le ch\u00e2teau de Fontainebleau : une \u00e9poque d&#8217;\u00e9changes culturels<\/h2>\n<p>Situ\u00e9 \u00e0 environ 60 kilom\u00e8tres au sud-est de Paris, le ch\u00e2teau de Fontainebleau a servi de r\u00e9sidence aux rois et aux souverains fran\u00e7ais pendant plus de cinq si\u00e8cles. Il est un t\u00e9moin d&#8217;une \u00e9poque d&#8217;\u00e9changes culturels entre la France et l&#8217;Afrique du Nord, notamment avec le Maroc. Les collections d&#8217;art marocain emport\u00e9es par les souverains sont encore visibles aujourd&#8217;hui dans les salles du ch\u00e2teau.<\/p>\n<p>Les souverains fran\u00e7ais ont toujours \u00e9t\u00e9 attir\u00e9s par la richesse culturelle du Maroc. Ils ont apport\u00e9 des pi\u00e8ces de mode marocaine dans leur palais, qui sont devenues des pi\u00e8ces ma\u00eetresses de la collection. Les artistes marocains et fran\u00e7ais ont \u00e9galement \u00e9chang\u00e9 leurs cr\u00e9ations, donnant naissance \u00e0 une forme unique de cr\u00e9ation artistique.<\/p>\n<h2>Le Festival de l\u2019histoire de l&#8217;art : c\u00e9l\u00e9brer la mode marocaine<\/h2>\n<p>En 2018, le ch\u00e2teau a d\u00e9cid\u00e9 d&#8217;organiser un festival annuel pour c\u00e9l\u00e9brer cette longue histoire culturelle entre la France et le Maroc. Le Festival de l\u2019histoire de l&#8217;art se concentre sur la mode marocaine, offrant aux visiteurs une vue d\u00e9taill\u00e9e des costumes traditionnels et des pi\u00e8ces de mode contemporaines.<\/p>\n<p>Les expositions pr\u00e9sentent des collections de robes traditionnelles, telles que les djellabas et les burnous, ainsi que des cr\u00e9ations r\u00e9centes de designers marocains et internationaux. Il y a \u00e9galement des conf\u00e9rences et des ateliers pour enseigner la technique de cr\u00e9ation de ces costumes.<\/p>\n<h2>Les expositions : un voyage dans l&#8217;histoire du costume marocain<\/h2>\n<p>Chaque ann\u00e9e, le festival pr\u00e9sente plusieurs expositions diff\u00e9rentes. Elles explorent l&#8217;\u00e9volution du costume marocain depuis les temps anciens jusqu&#8217;\u00e0 aujourd&#8217;hui, en passant par les influences europ\u00e9ennes et arabes.<\/p>\n<p>Les visiteurs peuvent \u00e9galement voir des pi\u00e8ces de mode contemporaines cr\u00e9\u00e9es par des designers marocains. Ces cr\u00e9ations innovantes combinent la tradition marocaine avec les tendances actuelles, offrant une vue unique de la mode marocaine actuelle.<\/p>\n<h2>Les ateliers : apprendre \u00e0 cr\u00e9er un costume marocain<\/h2>\n<p>Les ateliers du festival sont une opportunit\u00e9 unique pour les visiteurs de d\u00e9couvrir comment cr\u00e9er leurs propres costumes marocains. Les ateliers enseignent la technique de couture, le choix des mat\u00e9riaux et l&#8217;utilisation de motifs traditionnels.<\/p>\n<p>Les ateliers sont men\u00e9s par des experts de la mode marocaine, dont certains ont \u00e9t\u00e9 form\u00e9s dans les plus grands centres de cr\u00e9ation du pays. Les visiteurs peuvent \u00e9galement obtenir des conseils et des suggestions pour leur propre cr\u00e9ation.<\/p>\n<h2>Le Festival de l\u2019histoire de l&#8217;art : un \u00e9v\u00e9nement unique<\/h2>\n<p>Le festival est une occasion unique pour les lecteurs maghr\u00e9bins de la diaspora de d\u00e9couvrir et d&#8217;appr\u00e9cier la mode marocaine. Les expositions, les ateliers et les conf\u00e9rences offrent un aper\u00e7u d\u00e9taill\u00e9 de l&#8217;\u00e9volution du costume marocain depuis les temps anciens jusqu&#8217;\u00e0 aujourd&#8217;hui.<\/p>\n<p>Il y a \u00e9galement une occasion de rencontrer des designers marocains et internationaux, ainsi que d&#8217;apprendre \u00e0 cr\u00e9er son propre costume marocain. N&#8217;h\u00e9sitez pas \u00e0 prendre part \u00e0 ce festival unique qui c\u00e9l\u00e8bre la mode marocaine au ch\u00e2teau de Fontainebleau.<\/p>\n<div style=\"background:#f8f9fa;border-left:4px solid #0066cc;border-radius:6px;padding:20px 24px;margin:32px 0;\">\n<p style=\"font-size:13px;color:#888;text-transform:uppercase;letter-spacing:0.8px;margin:0 0 6px 0;\">Vous pourriez aussi aimer<\/p>\n<h3 style=\"font-size:18px;margin:0 0 14px 0;color:#222;\">Articles similaires<\/h3>\n<ul style=\"margin:0;padding-left:20px;list-style:disc;\">\n<li style=\"margin-bottom:10px;\"><a href=\"https:\/\/monmaghreb.com\/index.php\/2026\/03\/11\/guide-complet-de-la-priere-de-laid-horaires-et-mosquees-pour-les-communautes-algerienne-tunisienne-et-marocaine-en-france\/\" style=\"color:#0066cc;text-decoration:none;font-weight:500;\" title=\"Guide complet de la pri\u00e8re de l&#8217;A\u00efd : horaires et mosqu\u00e9es pour les communaut\u00e9s alg\u00e9rienne, tunisienne et marocaine en France\">Guide complet de la pri\u00e8re de l&#8217;A\u00efd : horaires et mosqu\u00e9es pour les communaut\u00e9s alg\u00e9rienne, tunisienne et marocaine en France<\/a><\/li>\n<li style=\"margin-bottom:10px;\"><a href=\"https:\/\/monmaghreb.com\/index.php\/2026\/03\/15\/5-concept-stores-africains-a-paris-ou-le-design-saffirme-guide-pour-les-amoureux-du-design-et-de-la-mode\/\" style=\"color:#0066cc;text-decoration:none;font-weight:500;\" title=\"5 Concept Stores Africains \u00e0 Paris o\u00f9 le design s&#8217;affirme : Guide pour les amoureux du design et de la mode\">5 Concept Stores Africains \u00e0 Paris o\u00f9 le design s&#8217;affirme : Guide pour les amoureux du design et de la mode<\/a><\/li>\n<li style=\"margin-bottom:10px;\"><a href=\"https:\/\/monmaghreb.com\/index.php\/2026\/03\/11\/5-recettes-de-gateaux-et-patisseries-pour-laid-el-fitr-les-delices-traditionnels-des-communautes-algerienne-tunisienne-et-marocaine\/\" style=\"color:#0066cc;text-decoration:none;font-weight:500;\" title=\"5 recettes de g\u00e2teaux et p\u00e2tisseries pour l&#8217;A\u00efd el-Fitr : les d\u00e9lices traditionnels des communaut\u00e9s alg\u00e9rienne, tunisienne et marocaine\">5 recettes de g\u00e2teaux et p\u00e2tisseries pour l&#8217;A\u00efd el-Fitr : les d\u00e9lices traditionnels des communaut\u00e9s alg\u00e9rienne, tunisienne et marocaine<\/a><\/li>\n<li style=\"margin-bottom:10px;\"><a href=\"https:\/\/monmaghreb.com\/index.php\/2026\/03\/16\/air-algerie-modifie-ses-vols-constantine-mulhouse-vers-strasbourg-ce-que-cela-signifie-pour-les-membres-de-la-diaspora-maghrebine\/\" style=\"color:#0066cc;text-decoration:none;font-weight:500;\" title=\"Air Alg\u00e9rie modifie ses vols Constantine-Mulhouse vers Strasbourg : ce que cela signifie pour les membres de la diaspora maghr\u00e9bine\">Air Alg\u00e9rie modifie ses vols Constantine-Mulhouse vers Strasbourg : ce que cela signifie pour les membres de la diaspora maghr\u00e9bine<\/a><\/li>\n<li style=\"margin-bottom:10px;\"><a href=\"https:\/\/monmaghreb.com\/index.php\/2026\/03\/13\/chantons-le-patrimoine-musical-authentique-au-15e-festival-national-de-la-chanson-chaabi-dalger\/\" style=\"color:#0066cc;text-decoration:none;font-weight:500;\" title=\"Chantons le patrimoine musical authentique au 15e Festival national de la chanson cha\u00e2bi d&#8217;Alger\">Chantons le patrimoine musical authentique au 15e Festival national de la chanson cha\u00e2bi d&#8217;Alger<\/a><\/li>\n<\/ul>\n<\/div>\n<p><\/body><br \/>\n<\/html><\/p>\n","protected":false},"excerpt":{"rendered":"<p>D\u00e9couvrez le festival de la mode marocaine \u00e0 Fontainebleau &#8211; un \u00e9v\u00e9nement unique pour les passionn\u00e9s de mode et de culture maghr\u00e9bine en France.<\/p>\n","protected":false},"author":1,"featured_media":1280,"comment_status":"closed","ping_status":"open","sticky":false,"template":"","format":"standard","meta":{"_yoast_wpseo_focuskw":"mode marocaine Fontainebleau","_yoast_wpseo_title":"Fontainebleau c\u00e9l\u00e8bre la mode marocaine avec son Festival de","_yoast_wpseo_metadesc":"D\u00e9couvrez le festival de la mode marocaine \u00e0 Fontainebleau - un \u00e9v\u00e9nement unique pour les passionn\u00e9s de mode et de culture maghr\u00e9bine en France.","_yoast_wpseo_canonical":"","_yoast_wpseo_opengraph-title":"Fontainebleau c\u00e9l\u00e8bre la mode marocaine avec son Festival de l\u2019histoire de l'art","_yoast_wpseo_opengraph-description":"D\u00e9couvrez le festival de la mode marocaine \u00e0 Fontainebleau - un \u00e9v\u00e9nement unique pour les passionn\u00e9s de mode et de culture maghr\u00e9bine en France.","_yoast_wpseo_opengraph-image":"","tdm_status":"","tdm_grid_status":"","footnotes":""},"categories":[652],"tags":[68,968,969,556,967],"class_list":["post-1281","post","type-post","status-publish","format-standard","has-post-thumbnail","hentry","category-histoire-patrimoine","tag-culture-algerienne","tag-festival-art","tag-france-diaspora","tag-guide-pratique","tag-mode-marocaine"],"yoast_head":"<!-- This site is optimized with the Yoast SEO plugin v27.5 - https:\/\/yoast.com\/product\/yoast-seo-wordpress\/ -->\n<title>Fontainebleau c\u00e9l\u00e8bre la mode marocaine avec son Festival de<\/title>\n<meta name=\"description\" content=\"D\u00e9couvrez le festival de la mode marocaine \u00e0 Fontainebleau - un \u00e9v\u00e9nement unique pour les passionn\u00e9s de mode et de culture maghr\u00e9bine en France.\" \/>\n<meta name=\"robots\" content=\"index, follow, max-snippet:-1, max-image-preview:large, max-video-preview:-1\" \/>\n<link rel=\"canonical\" href=\"https:\/\/monmaghreb.com\/index.php\/2026\/03\/16\/fontainebleau-celebre-la-mode-marocaine-avec-son-festival-de-lhistoire-de-lart\/\" \/>\n<meta property=\"og:locale\" content=\"en_US\" \/>\n<meta property=\"og:type\" content=\"article\" \/>\n<meta property=\"og:title\" content=\"Fontainebleau c\u00e9l\u00e8bre la mode marocaine avec son Festival de l\u2019histoire de l&#039;art\" \/>\n<meta property=\"og:description\" content=\"D\u00e9couvrez le festival de la mode marocaine \u00e0 Fontainebleau - un \u00e9v\u00e9nement unique pour les passionn\u00e9s de mode et de culture maghr\u00e9bine en France.\" \/>\n<meta property=\"og:url\" content=\"https:\/\/monmaghreb.com\/index.php\/2026\/03\/16\/fontainebleau-celebre-la-mode-marocaine-avec-son-festival-de-lhistoire-de-lart\/\" \/>\n<meta property=\"og:site_name\" content=\"Mon Maghreb\" \/>\n<meta property=\"article:author\" content=\"https:\/\/www.facebook.com\/monmaghrebcom\" \/>\n<meta property=\"article:published_time\" content=\"2026-03-16T14:27:47+00:00\" \/>\n<meta property=\"article:modified_time\" content=\"2026-03-16T14:27:49+00:00\" \/>\n<meta property=\"og:image\" content=\"https:\/\/monmaghreb.com\/wp-content\/uploads\/2026\/03\/featured-139.jpg\" \/>\n\t<meta property=\"og:image:width\" content=\"1880\" \/>\n\t<meta property=\"og:image:height\" content=\"1253\" \/>\n\t<meta property=\"og:image:type\" content=\"image\/jpeg\" \/>\n<meta name=\"author\" content=\"LaMagh\" \/>\n<meta name=\"twitter:card\" content=\"summary_large_image\" \/>\n<meta name=\"twitter:creator\" content=\"@MMaghreb50977\" \/>\n<meta name=\"twitter:label1\" content=\"Written by\" \/>\n\t<meta name=\"twitter:data1\" content=\"LaMagh\" \/>\n\t<meta name=\"twitter:label2\" content=\"Est. reading time\" \/>\n\t<meta name=\"twitter:data2\" content=\"4 minutes\" \/>\n<script type=\"application\/ld+json\" class=\"yoast-schema-graph\">{\"@context\":\"https:\\\/\\\/schema.org\",\"@graph\":[{\"@type\":\"Article\",\"@id\":\"https:\\\/\\\/monmaghreb.com\\\/index.php\\\/2026\\\/03\\\/16\\\/fontainebleau-celebre-la-mode-marocaine-avec-son-festival-de-lhistoire-de-lart\\\/#article\",\"isPartOf\":{\"@id\":\"https:\\\/\\\/monmaghreb.com\\\/index.php\\\/2026\\\/03\\\/16\\\/fontainebleau-celebre-la-mode-marocaine-avec-son-festival-de-lhistoire-de-lart\\\/\"},\"author\":{\"name\":\"LaMagh\",\"@id\":\"http:\\\/\\\/monmaghreb.com\\\/#\\\/schema\\\/person\\\/c469a89dc8c6b8987dcb438b1200d054\"},\"headline\":\"Fontainebleau c\u00e9l\u00e8bre la mode marocaine avec son Festival de l\u2019histoire de l&#8217;art\",\"datePublished\":\"2026-03-16T14:27:47+00:00\",\"dateModified\":\"2026-03-16T14:27:49+00:00\",\"mainEntityOfPage\":{\"@id\":\"https:\\\/\\\/monmaghreb.com\\\/index.php\\\/2026\\\/03\\\/16\\\/fontainebleau-celebre-la-mode-marocaine-avec-son-festival-de-lhistoire-de-lart\\\/\"},\"wordCount\":785,\"publisher\":{\"@id\":\"http:\\\/\\\/monmaghreb.com\\\/#organization\"},\"image\":{\"@id\":\"https:\\\/\\\/monmaghreb.com\\\/index.php\\\/2026\\\/03\\\/16\\\/fontainebleau-celebre-la-mode-marocaine-avec-son-festival-de-lhistoire-de-lart\\\/#primaryimage\"},\"thumbnailUrl\":\"https:\\\/\\\/monmaghreb.com\\\/wp-content\\\/uploads\\\/2026\\\/03\\\/featured-139.jpg\",\"keywords\":[\"culture alg\u00e9rienne\",\"festival art\",\"france diaspora\",\"guide pratique\",\"mode marocaine\"],\"articleSection\":[\"Histoire &amp; Patrimoine\"],\"inLanguage\":\"en-US\"},{\"@type\":\"WebPage\",\"@id\":\"https:\\\/\\\/monmaghreb.com\\\/index.php\\\/2026\\\/03\\\/16\\\/fontainebleau-celebre-la-mode-marocaine-avec-son-festival-de-lhistoire-de-lart\\\/\",\"url\":\"https:\\\/\\\/monmaghreb.com\\\/index.php\\\/2026\\\/03\\\/16\\\/fontainebleau-celebre-la-mode-marocaine-avec-son-festival-de-lhistoire-de-lart\\\/\",\"name\":\"Fontainebleau c\u00e9l\u00e8bre la mode marocaine avec son Festival de\",\"isPartOf\":{\"@id\":\"http:\\\/\\\/monmaghreb.com\\\/#website\"},\"primaryImageOfPage\":{\"@id\":\"https:\\\/\\\/monmaghreb.com\\\/index.php\\\/2026\\\/03\\\/16\\\/fontainebleau-celebre-la-mode-marocaine-avec-son-festival-de-lhistoire-de-lart\\\/#primaryimage\"},\"image\":{\"@id\":\"https:\\\/\\\/monmaghreb.com\\\/index.php\\\/2026\\\/03\\\/16\\\/fontainebleau-celebre-la-mode-marocaine-avec-son-festival-de-lhistoire-de-lart\\\/#primaryimage\"},\"thumbnailUrl\":\"https:\\\/\\\/monmaghreb.com\\\/wp-content\\\/uploads\\\/2026\\\/03\\\/featured-139.jpg\",\"datePublished\":\"2026-03-16T14:27:47+00:00\",\"dateModified\":\"2026-03-16T14:27:49+00:00\",\"description\":\"D\u00e9couvrez le festival de la mode marocaine \u00e0 Fontainebleau - un \u00e9v\u00e9nement unique pour les passionn\u00e9s de mode et de culture maghr\u00e9bine en France.\",\"breadcrumb\":{\"@id\":\"https:\\\/\\\/monmaghreb.com\\\/index.php\\\/2026\\\/03\\\/16\\\/fontainebleau-celebre-la-mode-marocaine-avec-son-festival-de-lhistoire-de-lart\\\/#breadcrumb\"},\"inLanguage\":\"en-US\",\"potentialAction\":[{\"@type\":\"ReadAction\",\"target\":[\"https:\\\/\\\/monmaghreb.com\\\/index.php\\\/2026\\\/03\\\/16\\\/fontainebleau-celebre-la-mode-marocaine-avec-son-festival-de-lhistoire-de-lart\\\/\"]}]},{\"@type\":\"ImageObject\",\"inLanguage\":\"en-US\",\"@id\":\"https:\\\/\\\/monmaghreb.com\\\/index.php\\\/2026\\\/03\\\/16\\\/fontainebleau-celebre-la-mode-marocaine-avec-son-festival-de-lhistoire-de-lart\\\/#primaryimage\",\"url\":\"https:\\\/\\\/monmaghreb.com\\\/wp-content\\\/uploads\\\/2026\\\/03\\\/featured-139.jpg\",\"contentUrl\":\"https:\\\/\\\/monmaghreb.com\\\/wp-content\\\/uploads\\\/2026\\\/03\\\/featured-139.jpg\",\"width\":1880,\"height\":1253,\"caption\":\"Famille marocaine visitant le Festival de l'histoire de l'art \u00e0 Fontainebleau en France\"},{\"@type\":\"BreadcrumbList\",\"@id\":\"https:\\\/\\\/monmaghreb.com\\\/index.php\\\/2026\\\/03\\\/16\\\/fontainebleau-celebre-la-mode-marocaine-avec-son-festival-de-lhistoire-de-lart\\\/#breadcrumb\",\"itemListElement\":[{\"@type\":\"ListItem\",\"position\":1,\"name\":\"Home\",\"item\":\"http:\\\/\\\/monmaghreb.com\\\/\"},{\"@type\":\"ListItem\",\"position\":2,\"name\":\"Fontainebleau c\u00e9l\u00e8bre la mode marocaine avec son Festival de l\u2019histoire de l&#8217;art\"}]},{\"@type\":\"WebSite\",\"@id\":\"http:\\\/\\\/monmaghreb.com\\\/#website\",\"url\":\"http:\\\/\\\/monmaghreb.com\\\/\",\"name\":\"Mon Maghreb\",\"description\":\"MonMaghreb United\",\"publisher\":{\"@id\":\"http:\\\/\\\/monmaghreb.com\\\/#organization\"},\"alternateName\":\"Le Monde du Maghreb et au del\u00e0\",\"potentialAction\":[{\"@type\":\"SearchAction\",\"target\":{\"@type\":\"EntryPoint\",\"urlTemplate\":\"http:\\\/\\\/monmaghreb.com\\\/?s={search_term_string}\"},\"query-input\":{\"@type\":\"PropertyValueSpecification\",\"valueRequired\":true,\"valueName\":\"search_term_string\"}}],\"inLanguage\":\"en-US\"},{\"@type\":\"Organization\",\"@id\":\"http:\\\/\\\/monmaghreb.com\\\/#organization\",\"name\":\"Mon Maghreb\",\"url\":\"http:\\\/\\\/monmaghreb.com\\\/\",\"logo\":{\"@type\":\"ImageObject\",\"inLanguage\":\"en-US\",\"@id\":\"http:\\\/\\\/monmaghreb.com\\\/#\\\/schema\\\/logo\\\/image\\\/\",\"url\":\"https:\\\/\\\/monmaghreb.com\\\/wp-content\\\/uploads\\\/2025\\\/12\\\/Mon_Maghreb_Logo.jpg\",\"contentUrl\":\"https:\\\/\\\/monmaghreb.com\\\/wp-content\\\/uploads\\\/2025\\\/12\\\/Mon_Maghreb_Logo.jpg\",\"width\":814,\"height\":374,\"caption\":\"Mon Maghreb\"},\"image\":{\"@id\":\"http:\\\/\\\/monmaghreb.com\\\/#\\\/schema\\\/logo\\\/image\\\/\"}},{\"@type\":\"Person\",\"@id\":\"http:\\\/\\\/monmaghreb.com\\\/#\\\/schema\\\/person\\\/c469a89dc8c6b8987dcb438b1200d054\",\"name\":\"LaMagh\",\"image\":{\"@type\":\"ImageObject\",\"inLanguage\":\"en-US\",\"@id\":\"https:\\\/\\\/secure.gravatar.com\\\/avatar\\\/399d8144bd55fba55e056779aca52fe528bac7911f6449e54d81173d6dfd7f0a?s=96&d=mm&r=g\",\"url\":\"https:\\\/\\\/secure.gravatar.com\\\/avatar\\\/399d8144bd55fba55e056779aca52fe528bac7911f6449e54d81173d6dfd7f0a?s=96&d=mm&r=g\",\"contentUrl\":\"https:\\\/\\\/secure.gravatar.com\\\/avatar\\\/399d8144bd55fba55e056779aca52fe528bac7911f6449e54d81173d6dfd7f0a?s=96&d=mm&r=g\",\"caption\":\"LaMagh\"},\"sameAs\":[\"https:\\\/\\\/monmaghreb.com\",\"https:\\\/\\\/www.facebook.com\\\/monmaghrebcom\",\"https:\\\/\\\/x.com\\\/MMaghreb50977\"],\"url\":\"https:\\\/\\\/monmaghreb.com\\\/index.php\\\/author\\\/lamagh\\\/\"}]}<\/script>\n<!-- \/ Yoast SEO plugin. -->","yoast_head_json":{"title":"Fontainebleau c\u00e9l\u00e8bre la mode marocaine avec son Festival de","description":"D\u00e9couvrez le festival de la mode marocaine \u00e0 Fontainebleau - un \u00e9v\u00e9nement unique pour les passionn\u00e9s de mode et de culture maghr\u00e9bine en France.","robots":{"index":"index","follow":"follow","max-snippet":"max-snippet:-1","max-image-preview":"max-image-preview:large","max-video-preview":"max-video-preview:-1"},"canonical":"https:\/\/monmaghreb.com\/index.php\/2026\/03\/16\/fontainebleau-celebre-la-mode-marocaine-avec-son-festival-de-lhistoire-de-lart\/","og_locale":"en_US","og_type":"article","og_title":"Fontainebleau c\u00e9l\u00e8bre la mode marocaine avec son Festival de l\u2019histoire de l'art","og_description":"D\u00e9couvrez le festival de la mode marocaine \u00e0 Fontainebleau - un \u00e9v\u00e9nement unique pour les passionn\u00e9s de mode et de culture maghr\u00e9bine en France.","og_url":"https:\/\/monmaghreb.com\/index.php\/2026\/03\/16\/fontainebleau-celebre-la-mode-marocaine-avec-son-festival-de-lhistoire-de-lart\/","og_site_name":"Mon Maghreb","article_author":"https:\/\/www.facebook.com\/monmaghrebcom","article_published_time":"2026-03-16T14:27:47+00:00","article_modified_time":"2026-03-16T14:27:49+00:00","og_image":[{"width":1880,"height":1253,"url":"https:\/\/monmaghreb.com\/wp-content\/uploads\/2026\/03\/featured-139.jpg","type":"image\/jpeg"}],"author":"LaMagh","twitter_card":"summary_large_image","twitter_creator":"@MMaghreb50977","twitter_misc":{"Written by":"LaMagh","Est. reading time":"4 minutes"},"schema":{"@context":"https:\/\/schema.org","@graph":[{"@type":"Article","@id":"https:\/\/monmaghreb.com\/index.php\/2026\/03\/16\/fontainebleau-celebre-la-mode-marocaine-avec-son-festival-de-lhistoire-de-lart\/#article","isPartOf":{"@id":"https:\/\/monmaghreb.com\/index.php\/2026\/03\/16\/fontainebleau-celebre-la-mode-marocaine-avec-son-festival-de-lhistoire-de-lart\/"},"author":{"name":"LaMagh","@id":"http:\/\/monmaghreb.com\/#\/schema\/person\/c469a89dc8c6b8987dcb438b1200d054"},"headline":"Fontainebleau c\u00e9l\u00e8bre la mode marocaine avec son Festival de l\u2019histoire de l&#8217;art","datePublished":"2026-03-16T14:27:47+00:00","dateModified":"2026-03-16T14:27:49+00:00","mainEntityOfPage":{"@id":"https:\/\/monmaghreb.com\/index.php\/2026\/03\/16\/fontainebleau-celebre-la-mode-marocaine-avec-son-festival-de-lhistoire-de-lart\/"},"wordCount":785,"publisher":{"@id":"http:\/\/monmaghreb.com\/#organization"},"image":{"@id":"https:\/\/monmaghreb.com\/index.php\/2026\/03\/16\/fontainebleau-celebre-la-mode-marocaine-avec-son-festival-de-lhistoire-de-lart\/#primaryimage"},"thumbnailUrl":"https:\/\/monmaghreb.com\/wp-content\/uploads\/2026\/03\/featured-139.jpg","keywords":["culture alg\u00e9rienne","festival art","france diaspora","guide pratique","mode marocaine"],"articleSection":["Histoire &amp; Patrimoine"],"inLanguage":"en-US"},{"@type":"WebPage","@id":"https:\/\/monmaghreb.com\/index.php\/2026\/03\/16\/fontainebleau-celebre-la-mode-marocaine-avec-son-festival-de-lhistoire-de-lart\/","url":"https:\/\/monmaghreb.com\/index.php\/2026\/03\/16\/fontainebleau-celebre-la-mode-marocaine-avec-son-festival-de-lhistoire-de-lart\/","name":"Fontainebleau c\u00e9l\u00e8bre la mode marocaine avec son Festival de","isPartOf":{"@id":"http:\/\/monmaghreb.com\/#website"},"primaryImageOfPage":{"@id":"https:\/\/monmaghreb.com\/index.php\/2026\/03\/16\/fontainebleau-celebre-la-mode-marocaine-avec-son-festival-de-lhistoire-de-lart\/#primaryimage"},"image":{"@id":"https:\/\/monmaghreb.com\/index.php\/2026\/03\/16\/fontainebleau-celebre-la-mode-marocaine-avec-son-festival-de-lhistoire-de-lart\/#primaryimage"},"thumbnailUrl":"https:\/\/monmaghreb.com\/wp-content\/uploads\/2026\/03\/featured-139.jpg","datePublished":"2026-03-16T14:27:47+00:00","dateModified":"2026-03-16T14:27:49+00:00","description":"D\u00e9couvrez le festival de la mode marocaine \u00e0 Fontainebleau - un \u00e9v\u00e9nement unique pour les passionn\u00e9s de mode et de culture maghr\u00e9bine en France.","breadcrumb":{"@id":"https:\/\/monmaghreb.com\/index.php\/2026\/03\/16\/fontainebleau-celebre-la-mode-marocaine-avec-son-festival-de-lhistoire-de-lart\/#breadcrumb"},"inLanguage":"en-US","potentialAction":[{"@type":"ReadAction","target":["https:\/\/monmaghreb.com\/index.php\/2026\/03\/16\/fontainebleau-celebre-la-mode-marocaine-avec-son-festival-de-lhistoire-de-lart\/"]}]},{"@type":"ImageObject","inLanguage":"en-US","@id":"https:\/\/monmaghreb.com\/index.php\/2026\/03\/16\/fontainebleau-celebre-la-mode-marocaine-avec-son-festival-de-lhistoire-de-lart\/#primaryimage","url":"https:\/\/monmaghreb.com\/wp-content\/uploads\/2026\/03\/featured-139.jpg","contentUrl":"https:\/\/monmaghreb.com\/wp-content\/uploads\/2026\/03\/featured-139.jpg","width":1880,"height":1253,"caption":"Famille marocaine visitant le Festival de l'histoire de l'art \u00e0 Fontainebleau en France"},{"@type":"BreadcrumbList","@id":"https:\/\/monmaghreb.com\/index.php\/2026\/03\/16\/fontainebleau-celebre-la-mode-marocaine-avec-son-festival-de-lhistoire-de-lart\/#breadcrumb","itemListElement":[{"@type":"ListItem","position":1,"name":"Home","item":"http:\/\/monmaghreb.com\/"},{"@type":"ListItem","position":2,"name":"Fontainebleau c\u00e9l\u00e8bre la mode marocaine avec son Festival de l\u2019histoire de l&#8217;art"}]},{"@type":"WebSite","@id":"http:\/\/monmaghreb.com\/#website","url":"http:\/\/monmaghreb.com\/","name":"Mon Maghreb","description":"MonMaghreb United","publisher":{"@id":"http:\/\/monmaghreb.com\/#organization"},"alternateName":"Le Monde du Maghreb et au del\u00e0","potentialAction":[{"@type":"SearchAction","target":{"@type":"EntryPoint","urlTemplate":"http:\/\/monmaghreb.com\/?s={search_term_string}"},"query-input":{"@type":"PropertyValueSpecification","valueRequired":true,"valueName":"search_term_string"}}],"inLanguage":"en-US"},{"@type":"Organization","@id":"http:\/\/monmaghreb.com\/#organization","name":"Mon Maghreb","url":"http:\/\/monmaghreb.com\/","logo":{"@type":"ImageObject","inLanguage":"en-US","@id":"http:\/\/monmaghreb.com\/#\/schema\/logo\/image\/","url":"https:\/\/monmaghreb.com\/wp-content\/uploads\/2025\/12\/Mon_Maghreb_Logo.jpg","contentUrl":"https:\/\/monmaghreb.com\/wp-content\/uploads\/2025\/12\/Mon_Maghreb_Logo.jpg","width":814,"height":374,"caption":"Mon Maghreb"},"image":{"@id":"http:\/\/monmaghreb.com\/#\/schema\/logo\/image\/"}},{"@type":"Person","@id":"http:\/\/monmaghreb.com\/#\/schema\/person\/c469a89dc8c6b8987dcb438b1200d054","name":"LaMagh","image":{"@type":"ImageObject","inLanguage":"en-US","@id":"https:\/\/secure.gravatar.com\/avatar\/399d8144bd55fba55e056779aca52fe528bac7911f6449e54d81173d6dfd7f0a?s=96&d=mm&r=g","url":"https:\/\/secure.gravatar.com\/avatar\/399d8144bd55fba55e056779aca52fe528bac7911f6449e54d81173d6dfd7f0a?s=96&d=mm&r=g","contentUrl":"https:\/\/secure.gravatar.com\/avatar\/399d8144bd55fba55e056779aca52fe528bac7911f6449e54d81173d6dfd7f0a?s=96&d=mm&r=g","caption":"LaMagh"},"sameAs":["https:\/\/monmaghreb.com","https:\/\/www.facebook.com\/monmaghrebcom","https:\/\/x.com\/MMaghreb50977"],"url":"https:\/\/monmaghreb.com\/index.php\/author\/lamagh\/"}]}},"_links":{"self":[{"href":"https:\/\/monmaghreb.com\/index.php\/wp-json\/wp\/v2\/posts\/1281","targetHints":{"allow":["GET"]}}],"collection":[{"href":"https:\/\/monmaghreb.com\/index.php\/wp-json\/wp\/v2\/posts"}],"about":[{"href":"https:\/\/monmaghreb.com\/index.php\/wp-json\/wp\/v2\/types\/post"}],"author":[{"embeddable":true,"href":"https:\/\/monmaghreb.com\/index.php\/wp-json\/wp\/v2\/users\/1"}],"replies":[{"embeddable":true,"href":"https:\/\/monmaghreb.com\/index.php\/wp-json\/wp\/v2\/comments?post=1281"}],"version-history":[{"count":1,"href":"https:\/\/monmaghreb.com\/index.php\/wp-json\/wp\/v2\/posts\/1281\/revisions"}],"predecessor-version":[{"id":1282,"href":"https:\/\/monmaghreb.com\/index.php\/wp-json\/wp\/v2\/posts\/1281\/revisions\/1282"}],"wp:featuredmedia":[{"embeddable":true,"href":"https:\/\/monmaghreb.com\/index.php\/wp-json\/wp\/v2\/media\/1280"}],"wp:attachment":[{"href":"https:\/\/monmaghreb.com\/index.php\/wp-json\/wp\/v2\/media?parent=1281"}],"wp:term":[{"taxonomy":"category","embeddable":true,"href":"https:\/\/monmaghreb.com\/index.php\/wp-json\/wp\/v2\/categories?post=1281"},{"taxonomy":"post_tag","embeddable":true,"href":"https:\/\/monmaghreb.com\/index.php\/wp-json\/wp\/v2\/tags?post=1281"}],"curies":[{"name":"wp","href":"https:\/\/api.w.org\/{rel}","templated":true}]}}