{"id":1287,"date":"2026-03-16T15:28:18","date_gmt":"2026-03-16T15:28:18","guid":{"rendered":"https:\/\/monmaghreb.com\/index.php\/2026\/03\/16\/le-maroc-prend-la-premiere-place-dans-le-world-immunity-index-2026-une-victoire-historique\/"},"modified":"2026-03-16T15:28:21","modified_gmt":"2026-03-16T15:28:21","slug":"le-maroc-prend-la-premiere-place-dans-le-world-immunity-index-2026-une-victoire-historique","status":"publish","type":"post","link":"https:\/\/monmaghreb.com\/index.php\/2026\/03\/16\/le-maroc-prend-la-premiere-place-dans-le-world-immunity-index-2026-une-victoire-historique\/","title":{"rendered":"Le Maroc prend la premi\u00e8re place dans le World Immunity Index 2026 : une victoire historique"},"content":{"rendered":"<p><!DOCTYPE html><br \/>\n<html lang=\"fr\"><br \/>\n<head><br \/>\n  <meta charset=\"UTF-8\"><br \/>\n  <title>Le <a href=\"https:\/\/monmaghreb.com\/index.php\/2026\/03\/15\/le-maroc-en-tete-des-destinations-africaines-les-plus-sures-un-retour-vers-notre-berceau\/\" title=\"Le Maroc en t\u00eate des destinations africaines les plus s\u00fbres : un retour vers notre berceau\">Maroc<\/a> prend la premi\u00e8re place dans le World Immunity Index 2026<\/title><br \/>\n<\/head><br \/>\n<body><\/p>\n<h1>Le Maroc prend la premi\u00e8re place dans le World Immunity Index 2026 : une victoire historique<\/h1>\n<p>En 2026, le Maroc a r\u00e9ussi \u00e0 remporter la premi\u00e8re place dans le prestigieux World Immunity Index (WII), mettant ainsi la marque sur sa d\u00e9termination \u00e0 combattre les maladies et \u00e0 prot\u00e9ger son peuple. Ce succ\u00e8s exceptionnel est l&#8217;aboutissement de nombreuses ann\u00e9es de travail et d&#8217;investissements dans le secteur de la sant\u00e9 publique, dont les r\u00e9sultats sont finalement devenus visibles.<\/p>\n<h2>Une strat\u00e9gie de vaccination efficace<\/h2>\n<p>Lorsque le gouvernement marocain a d\u00e9cid\u00e9 de mettre en place une strat\u00e9gie de vaccination, il s&#8217;est rendu compte que la cl\u00e9 du succ\u00e8s \u00e9tait dans l&#8217;\u00e9laboration d&#8217;un plan \u00e9quitable et adapt\u00e9 aux besoins sp\u00e9cifiques du pays. C&#8217;est pourquoi il a investi massivement dans le d\u00e9veloppement d&#8217;une infrastructure de stockage, de transport et de distribution des vaccins.<\/p>\n<ul>\n<li>En premier lieu, le gouvernement marocain a cr\u00e9\u00e9 un syst\u00e8me d&#8217;information sant\u00e9 avanc\u00e9 pour suivre les cas de maladies, identifier les zones \u00e0 risque et prendre des mesures correctives. Gr\u00e2ce \u00e0 ce syst\u00e8me, les \u00e9quipes de travail du minist\u00e8re de la sant\u00e9 publique ont pu analyser les tendances de la maladie et identifier les zones \u00e0 risque.<\/li>\n<li>Ensuite, l&#8217;\u00e9quipe de travail du minist\u00e8re de la sant\u00e9 publique a travaill\u00e9 en collaboration \u00e9troite avec des experts internationaux pour \u00e9tablir un plan de vaccination efficace. Ce plan a pris en compte les sp\u00e9cificit\u00e9s locales et a \u00e9t\u00e9 adapt\u00e9 aux besoins sp\u00e9cifiques des r\u00e9gions.<\/li>\n<li>Enfin, une campagne de sensibilisation agressive a \u00e9t\u00e9 men\u00e9e pour informer les Marocains sur la n\u00e9cessit\u00e9 de s&#8217;inoculer et de respecter les mesures sanitaires. Gr\u00e2ce \u00e0 cette campagne, les Marocains ont \u00e9t\u00e9 sensibilis\u00e9s \u00e0 l&#8217;importance de prot\u00e9ger leur sant\u00e9 et de contribuer au succ\u00e8s de la vaccination.<\/li>\n<\/ul>\n<h2>Un syst\u00e8me d&#8217;information sant\u00e9 avanc\u00e9<\/h2>\n<p>Le Maroc a investi dans le d\u00e9veloppement d&#8217;un syst\u00e8me d&#8217;information sant\u00e9 avanc\u00e9 pour suivre les cas de maladies, identifier les zones \u00e0 risque et prendre des mesures correctives. Ce syst\u00e8me a \u00e9t\u00e9 con\u00e7u pour \u00eatre flexible et adaptatif, ce qui lui a permis de r\u00e9pondre aux besoins sp\u00e9cifiques du pays.<\/p>\n<ul>\n<li>Les donn\u00e9es sur la sant\u00e9 publique sont collect\u00e9es en temps r\u00e9el par un syst\u00e8me informatique centralis\u00e9. Cela permet aux \u00e9quipes de travail du minist\u00e8re de la sant\u00e9 publique de prendre des d\u00e9cisions \u00e9clair\u00e9es et de mettre en place des strat\u00e9gies efficaces.<\/li>\n<li>L&#8217;information est analys\u00e9e et interpr\u00e9t\u00e9e par une \u00e9quipe d&#8217;experts de la sant\u00e9 publique, qui peut alors prendre des mesures appropri\u00e9es pour pr\u00e9venir l&#8217;\u00e9pid\u00e9mie. Gr\u00e2ce \u00e0 ce syst\u00e8me, les \u00e9quipes de travail du minist\u00e8re de la sant\u00e9 publique ont pu identifier les zones \u00e0 risque et mettre en place des strat\u00e9gies pour y r\u00e9pondre.<\/li>\n<li>Les donn\u00e9es sont \u00e9galement utilis\u00e9es pour suivre les tendances de la maladie et identifier les r\u00e9gions qui n\u00e9cessitent une attention particuli\u00e8re. Cela permet aux \u00e9quipes de travail du minist\u00e8re de la sant\u00e9 publique de mettre en place des strat\u00e9gies cibl\u00e9es pour r\u00e9pondre aux besoins sp\u00e9cifiques des r\u00e9gions.<\/li>\n<\/ul>\n<h2>Un r\u00e9seau de soins de qualit\u00e9<\/h2>\n<p>Le Maroc a mis en place un r\u00e9seau de soins de sant\u00e9 publique de qualit\u00e9, qui offre des services de sant\u00e9 primaire, secondaire et tertiaire aux Marocains. Ce r\u00e9seau est compos\u00e9 de cliniques et d&#8217;h\u00f4pitaux dot\u00e9s de mat\u00e9riel moderne et d&#8217;\u00e9quipement m\u00e9dical de pointe.<\/p>\n<ul>\n<li>Les cliniques et les h\u00f4pitaux du pays ont \u00e9t\u00e9 \u00e9quip\u00e9s de mat\u00e9riel moderne et d&#8217;\u00e9quipement m\u00e9dical de pointe. Cela permet aux m\u00e9decins, aux infirmiers et aux autres professionnels de la sant\u00e9 de fournir des soins de qualit\u00e9 aux Marocains.<\/li>\n<li>L&#8217;\u00e9quipe de travail du minist\u00e8re de la sant\u00e9 publique a travaill\u00e9 pour assurer une formation continue des m\u00e9decins, infirmiers et autres professionnels de la sant\u00e9 au Maroc. Cela permet aux \u00e9quipes de travail des cliniques et des h\u00f4pitaux de rester \u00e0 jour sur les meilleures pratiques m\u00e9dicales.<\/li>\n<li>Les services de sant\u00e9 ont \u00e9t\u00e9 \u00e9tendus aux zones les plus recul\u00e9es du pays, permettant ainsi d&#8217;assurer une couverture sanitaire universelle. Cela signifie que tous les Marocains, o\u00f9 qu&#8217;ils habitent, ont acc\u00e8s \u00e0 des soins de sant\u00e9 de qualit\u00e9.<\/li>\n<\/ul>\n<h2>Une collaboration internationale efficace<\/h2>\n<p>Le Maroc a collabor\u00e9 \u00e9troitement avec des organisations internationales pour obtenir de l&#8217;aide et des ressources n\u00e9cessaires \u00e0 sa campagne anti-maladie. Cela inclut le Fonds mondial pour la lutte contre le SIDA, la tuberculose et la paludisme (FMLSTP), qui a fourni de l&#8217;aide financi\u00e8re et mat\u00e9rielle au Maroc pour combattre ces maladies.<\/p>\n<ul>\n<li>L&#8217;Organisation mondiale de la sant\u00e9 (OMS) a fourni des conseils, du mat\u00e9riel m\u00e9dical et des fonds financiers pour aider le Maroc dans sa lutte contre les maladies. Cela a permis au pays de b\u00e9n\u00e9ficier d&#8217;une expertise internationale et de recevoir de l&#8217;aide financi\u00e8re pour mettre en place ses programmes de sant\u00e9.<\/li>\n<li>Le Fonds mondial pour la lutte contre le SIDA, la tuberculose et la paludisme (FMLSTP) a \u00e9galement fourni de l&#8217;aide financi\u00e8re et mat\u00e9rielle au Maroc pour combattre ces maladies. Cela a permis au pays de b\u00e9n\u00e9ficier d&#8217;une aide financi\u00e8re importante pour mettre en place ses programmes de sant\u00e9.<\/li>\n<li>Le Maroc a \u00e9t\u00e9 un partenaire cl\u00e9 dans les efforts internationaux visant \u00e0 mettre fin \u00e0 la pand\u00e9mie de Covid-19. Cela montre que le pays est pr\u00eat \u00e0 travailler avec d&#8217;autres nations pour prot\u00e9ger la sant\u00e9 publique.<\/li>\n<\/ul>\n<h2>Appel \u00e0 l&#8217;action<\/h2>\n<p>Nous f\u00e9licitations le Maroc pour son succ\u00e8s exceptionnel dans le World Immunity Index 2026. Nous invitons les lecteurs maghr\u00e9bins de la diaspora \u00e0 soutenir le Maroc en continuant \u00e0 informer les Marocains sur la n\u00e9cessit\u00e9 de s&#8217;inoculer et de respecter les mesures sanitaires.<\/p>\n<p>Le succ\u00e8s du Maroc dans ce domaine est une victoire pour tous les Maghr\u00e9bins, et cela nous invite \u00e0 travailler de mani\u00e8re collaborative pour assurer une sant\u00e9 publique universelle. Nous vous invitons \u00e0 soutenir le Maroc et les initiatives visant \u00e0 am\u00e9liorer la sant\u00e9 publique dans la r\u00e9gion du Maghreb.<\/p>\n<div style=\"background:#f8f9fa;border-left:4px solid #0066cc;border-radius:6px;padding:20px 24px;margin:32px 0;\">\n<p style=\"font-size:13px;color:#888;text-transform:uppercase;letter-spacing:0.8px;margin:0 0 6px 0;\">Vous pourriez aussi aimer<\/p>\n<h3 style=\"font-size:18px;margin:0 0 14px 0;color:#222;\">Articles similaires<\/h3>\n<ul style=\"margin:0;padding-left:20px;list-style:disc;\">\n<li style=\"margin-bottom:10px;\"><a href=\"https:\/\/monmaghreb.com\/index.php\/2026\/03\/15\/le-maroc-en-tete-des-destinations-africaines-les-plus-sures-un-retour-vers-notre-berceau\/\" style=\"color:#0066cc;text-decoration:none;font-weight:500;\" title=\"Le Maroc en t\u00eate des destinations africaines les plus s\u00fbres : un retour vers notre berceau\">Le Maroc en t\u00eate des destinations africaines les plus s\u00fbres : un retour vers notre berceau<\/a><\/li>\n<li style=\"margin-bottom:10px;\"><a href=\"https:\/\/monmaghreb.com\/index.php\/2026\/03\/14\/le-maroc-lance-officiellement-le-label-musee-du-maroc-une-nouvelle-etape-pour-la-conservation-et-la-promotion-de-notre-patrimoine-culturel\/\" style=\"color:#0066cc;text-decoration:none;font-weight:500;\" title=\"Le Maroc lance officiellement le label \u00ab Mus\u00e9e du Maroc \u00bb : une nouvelle \u00e9tape pour la conservation et la promotion de notre patrimoine culturel\">Le Maroc lance officiellement le label \u00ab Mus\u00e9e du Maroc \u00bb : une nouvelle \u00e9tape pour la conservation et la promotion de notre patrimoine culturel<\/a><\/li>\n<li style=\"margin-bottom:10px;\"><a href=\"https:\/\/monmaghreb.com\/index.php\/2026\/03\/11\/comedie-musicale-piaf-en-tournee-au-maroc-entre-vie-et-art\/\" style=\"color:#0066cc;text-decoration:none;font-weight:500;\" title=\"Com\u00e9die musicale Piaf en tourn\u00e9e au Maroc : entre vie et art\">Com\u00e9die musicale Piaf en tourn\u00e9e au Maroc : entre vie et art<\/a><\/li>\n<li style=\"margin-bottom:10px;\"><a href=\"https:\/\/monmaghreb.com\/index.php\/2026\/03\/15\/voyage-voyage-les-stars-chantent-au-maroc-un-hommage-exceptionnel-a-la-beaute-du-royaume\/\" style=\"color:#0066cc;text-decoration:none;font-weight:500;\" title=\"Voyage Voyage : les stars chantent au Maroc &#8211; Un hommage exceptionnel \u00e0 la beaut\u00e9 du Royaume\">Voyage Voyage : les stars chantent au Maroc &#8211; Un hommage exceptionnel \u00e0 la beaut\u00e9 du Royaume<\/a><\/li>\n<li style=\"margin-bottom:10px;\"><a href=\"https:\/\/monmaghreb.com\/index.php\/2026\/03\/15\/le-maroc-gagne-en-popularite-sur-le-marche-germanophone-un-nouvel-elan-pour-le-tourisme\/\" style=\"color:#0066cc;text-decoration:none;font-weight:500;\" title=\"Le Maroc gagne en popularit\u00e9 sur le march\u00e9 germanophone : un nouvel \u00e9lan pour le tourisme\">Le Maroc gagne en popularit\u00e9 sur le march\u00e9 germanophone : un nouvel \u00e9lan pour le tourisme<\/a><\/li>\n<\/ul>\n<\/div>\n<p><\/body><br \/>\n<\/html><\/p>\n","protected":false},"excerpt":{"rendered":"<p>Discover how Morocco claimed the top spot in the 2026 World Immunity Index, a historic victory in public health. \ud83c\uddf2\ud83c\udde6\ud83d\udcaa #MoroccoHealth #ImmunityIndex<\/p>\n","protected":false},"author":1,"featured_media":1286,"comment_status":"closed","ping_status":"open","sticky":false,"template":"","format":"standard","meta":{"_yoast_wpseo_focuskw":"Maroc World Immunity Index","_yoast_wpseo_title":"Le Maroc prend la premi\u00e8re place dans le World Immunity Inde","_yoast_wpseo_metadesc":"Discover how Morocco claimed the top spot in the 2026 World Immunity Index, a historic victory in public health. \ud83c\uddf2\ud83c\udde6\ud83d\udcaa #MoroccoHealth #ImmunityIndex","_yoast_wpseo_canonical":"","_yoast_wpseo_opengraph-title":"Le Maroc prend la premi\u00e8re place dans le World Immunity Index 2026 : une victoire historique","_yoast_wpseo_opengraph-description":"Discover how Morocco claimed the top spot in the 2026 World Immunity Index, a historic victory in public health. \ud83c\uddf2\ud83c\udde6\ud83d\udcaa #MoroccoHealth #ImmunityIndex","_yoast_wpseo_opengraph-image":"","tdm_status":"","tdm_grid_status":"","footnotes":""},"categories":[655],"tags":[637,974,636,975],"class_list":["post-1287","post","type-post","status-publish","format-standard","has-post-thumbnail","hentry","category-maroc","tag-morocco-healthcare","tag-victory","tag-world-immunity-index","tag-world-ranking"],"yoast_head":"<!-- This site is optimized with the Yoast SEO plugin v27.5 - https:\/\/yoast.com\/product\/yoast-seo-wordpress\/ -->\n<title>Le Maroc prend la premi\u00e8re place dans le World Immunity Inde<\/title>\n<meta name=\"description\" content=\"Discover how Morocco claimed the top spot in the 2026 World Immunity Index, a historic victory in public health. \ud83c\uddf2\ud83c\udde6\ud83d\udcaa #MoroccoHealth #ImmunityIndex\" \/>\n<meta name=\"robots\" content=\"index, follow, max-snippet:-1, max-image-preview:large, max-video-preview:-1\" \/>\n<link rel=\"canonical\" href=\"https:\/\/monmaghreb.com\/index.php\/2026\/03\/16\/le-maroc-prend-la-premiere-place-dans-le-world-immunity-index-2026-une-victoire-historique\/\" \/>\n<meta property=\"og:locale\" content=\"en_US\" \/>\n<meta property=\"og:type\" content=\"article\" \/>\n<meta property=\"og:title\" content=\"Le Maroc prend la premi\u00e8re place dans le World Immunity Index 2026 : une victoire historique\" \/>\n<meta property=\"og:description\" content=\"Discover how Morocco claimed the top spot in the 2026 World Immunity Index, a historic victory in public health. \ud83c\uddf2\ud83c\udde6\ud83d\udcaa #MoroccoHealth #ImmunityIndex\" \/>\n<meta property=\"og:url\" content=\"https:\/\/monmaghreb.com\/index.php\/2026\/03\/16\/le-maroc-prend-la-premiere-place-dans-le-world-immunity-index-2026-une-victoire-historique\/\" \/>\n<meta property=\"og:site_name\" content=\"Mon Maghreb\" \/>\n<meta property=\"article:author\" content=\"https:\/\/www.facebook.com\/monmaghrebcom\" \/>\n<meta property=\"article:published_time\" content=\"2026-03-16T15:28:18+00:00\" \/>\n<meta property=\"article:modified_time\" content=\"2026-03-16T15:28:21+00:00\" \/>\n<meta property=\"og:image\" content=\"https:\/\/monmaghreb.com\/wp-content\/uploads\/2026\/03\/featured-141.jpg\" \/>\n\t<meta property=\"og:image:width\" content=\"1880\" \/>\n\t<meta property=\"og:image:height\" content=\"1253\" \/>\n\t<meta property=\"og:image:type\" content=\"image\/jpeg\" \/>\n<meta name=\"author\" content=\"LaMagh\" \/>\n<meta name=\"twitter:card\" content=\"summary_large_image\" \/>\n<meta name=\"twitter:creator\" content=\"@MMaghreb50977\" \/>\n<meta name=\"twitter:label1\" content=\"Written by\" \/>\n\t<meta name=\"twitter:data1\" content=\"LaMagh\" \/>\n\t<meta name=\"twitter:label2\" content=\"Est. reading time\" \/>\n\t<meta name=\"twitter:data2\" content=\"6 minutes\" \/>\n<script type=\"application\/ld+json\" class=\"yoast-schema-graph\">{\"@context\":\"https:\\\/\\\/schema.org\",\"@graph\":[{\"@type\":\"Article\",\"@id\":\"https:\\\/\\\/monmaghreb.com\\\/index.php\\\/2026\\\/03\\\/16\\\/le-maroc-prend-la-premiere-place-dans-le-world-immunity-index-2026-une-victoire-historique\\\/#article\",\"isPartOf\":{\"@id\":\"https:\\\/\\\/monmaghreb.com\\\/index.php\\\/2026\\\/03\\\/16\\\/le-maroc-prend-la-premiere-place-dans-le-world-immunity-index-2026-une-victoire-historique\\\/\"},\"author\":{\"name\":\"LaMagh\",\"@id\":\"http:\\\/\\\/monmaghreb.com\\\/#\\\/schema\\\/person\\\/c469a89dc8c6b8987dcb438b1200d054\"},\"headline\":\"Le Maroc prend la premi\u00e8re place dans le World Immunity Index 2026 : une victoire historique\",\"datePublished\":\"2026-03-16T15:28:18+00:00\",\"dateModified\":\"2026-03-16T15:28:21+00:00\",\"mainEntityOfPage\":{\"@id\":\"https:\\\/\\\/monmaghreb.com\\\/index.php\\\/2026\\\/03\\\/16\\\/le-maroc-prend-la-premiere-place-dans-le-world-immunity-index-2026-une-victoire-historique\\\/\"},\"wordCount\":1174,\"publisher\":{\"@id\":\"http:\\\/\\\/monmaghreb.com\\\/#organization\"},\"image\":{\"@id\":\"https:\\\/\\\/monmaghreb.com\\\/index.php\\\/2026\\\/03\\\/16\\\/le-maroc-prend-la-premiere-place-dans-le-world-immunity-index-2026-une-victoire-historique\\\/#primaryimage\"},\"thumbnailUrl\":\"https:\\\/\\\/monmaghreb.com\\\/wp-content\\\/uploads\\\/2026\\\/03\\\/featured-141.jpg\",\"keywords\":[\"morocco healthcare\",\"victory\",\"world immunity index\",\"world ranking\"],\"articleSection\":[\"Maroc\"],\"inLanguage\":\"en-US\"},{\"@type\":\"WebPage\",\"@id\":\"https:\\\/\\\/monmaghreb.com\\\/index.php\\\/2026\\\/03\\\/16\\\/le-maroc-prend-la-premiere-place-dans-le-world-immunity-index-2026-une-victoire-historique\\\/\",\"url\":\"https:\\\/\\\/monmaghreb.com\\\/index.php\\\/2026\\\/03\\\/16\\\/le-maroc-prend-la-premiere-place-dans-le-world-immunity-index-2026-une-victoire-historique\\\/\",\"name\":\"Le Maroc prend la premi\u00e8re place dans le World Immunity Inde\",\"isPartOf\":{\"@id\":\"http:\\\/\\\/monmaghreb.com\\\/#website\"},\"primaryImageOfPage\":{\"@id\":\"https:\\\/\\\/monmaghreb.com\\\/index.php\\\/2026\\\/03\\\/16\\\/le-maroc-prend-la-premiere-place-dans-le-world-immunity-index-2026-une-victoire-historique\\\/#primaryimage\"},\"image\":{\"@id\":\"https:\\\/\\\/monmaghreb.com\\\/index.php\\\/2026\\\/03\\\/16\\\/le-maroc-prend-la-premiere-place-dans-le-world-immunity-index-2026-une-victoire-historique\\\/#primaryimage\"},\"thumbnailUrl\":\"https:\\\/\\\/monmaghreb.com\\\/wp-content\\\/uploads\\\/2026\\\/03\\\/featured-141.jpg\",\"datePublished\":\"2026-03-16T15:28:18+00:00\",\"dateModified\":\"2026-03-16T15:28:21+00:00\",\"description\":\"Discover how Morocco claimed the top spot in the 2026 World Immunity Index, a historic victory in public health. \ud83c\uddf2\ud83c\udde6\ud83d\udcaa #MoroccoHealth #ImmunityIndex\",\"breadcrumb\":{\"@id\":\"https:\\\/\\\/monmaghreb.com\\\/index.php\\\/2026\\\/03\\\/16\\\/le-maroc-prend-la-premiere-place-dans-le-world-immunity-index-2026-une-victoire-historique\\\/#breadcrumb\"},\"inLanguage\":\"en-US\",\"potentialAction\":[{\"@type\":\"ReadAction\",\"target\":[\"https:\\\/\\\/monmaghreb.com\\\/index.php\\\/2026\\\/03\\\/16\\\/le-maroc-prend-la-premiere-place-dans-le-world-immunity-index-2026-une-victoire-historique\\\/\"]}]},{\"@type\":\"ImageObject\",\"inLanguage\":\"en-US\",\"@id\":\"https:\\\/\\\/monmaghreb.com\\\/index.php\\\/2026\\\/03\\\/16\\\/le-maroc-prend-la-premiere-place-dans-le-world-immunity-index-2026-une-victoire-historique\\\/#primaryimage\",\"url\":\"https:\\\/\\\/monmaghreb.com\\\/wp-content\\\/uploads\\\/2026\\\/03\\\/featured-141.jpg\",\"contentUrl\":\"https:\\\/\\\/monmaghreb.com\\\/wp-content\\\/uploads\\\/2026\\\/03\\\/featured-141.jpg\",\"width\":1880,\"height\":1253,\"caption\":\"Moroccan family celebrating historical victory at World Immunity Index 2026\"},{\"@type\":\"BreadcrumbList\",\"@id\":\"https:\\\/\\\/monmaghreb.com\\\/index.php\\\/2026\\\/03\\\/16\\\/le-maroc-prend-la-premiere-place-dans-le-world-immunity-index-2026-une-victoire-historique\\\/#breadcrumb\",\"itemListElement\":[{\"@type\":\"ListItem\",\"position\":1,\"name\":\"Home\",\"item\":\"http:\\\/\\\/monmaghreb.com\\\/\"},{\"@type\":\"ListItem\",\"position\":2,\"name\":\"Le Maroc prend la premi\u00e8re place dans le World Immunity Index 2026 : une victoire historique\"}]},{\"@type\":\"WebSite\",\"@id\":\"http:\\\/\\\/monmaghreb.com\\\/#website\",\"url\":\"http:\\\/\\\/monmaghreb.com\\\/\",\"name\":\"Mon Maghreb\",\"description\":\"MonMaghreb United\",\"publisher\":{\"@id\":\"http:\\\/\\\/monmaghreb.com\\\/#organization\"},\"alternateName\":\"Le Monde du Maghreb et au del\u00e0\",\"potentialAction\":[{\"@type\":\"SearchAction\",\"target\":{\"@type\":\"EntryPoint\",\"urlTemplate\":\"http:\\\/\\\/monmaghreb.com\\\/?s={search_term_string}\"},\"query-input\":{\"@type\":\"PropertyValueSpecification\",\"valueRequired\":true,\"valueName\":\"search_term_string\"}}],\"inLanguage\":\"en-US\"},{\"@type\":\"Organization\",\"@id\":\"http:\\\/\\\/monmaghreb.com\\\/#organization\",\"name\":\"Mon Maghreb\",\"url\":\"http:\\\/\\\/monmaghreb.com\\\/\",\"logo\":{\"@type\":\"ImageObject\",\"inLanguage\":\"en-US\",\"@id\":\"http:\\\/\\\/monmaghreb.com\\\/#\\\/schema\\\/logo\\\/image\\\/\",\"url\":\"https:\\\/\\\/monmaghreb.com\\\/wp-content\\\/uploads\\\/2025\\\/12\\\/Mon_Maghreb_Logo.jpg\",\"contentUrl\":\"https:\\\/\\\/monmaghreb.com\\\/wp-content\\\/uploads\\\/2025\\\/12\\\/Mon_Maghreb_Logo.jpg\",\"width\":814,\"height\":374,\"caption\":\"Mon Maghreb\"},\"image\":{\"@id\":\"http:\\\/\\\/monmaghreb.com\\\/#\\\/schema\\\/logo\\\/image\\\/\"}},{\"@type\":\"Person\",\"@id\":\"http:\\\/\\\/monmaghreb.com\\\/#\\\/schema\\\/person\\\/c469a89dc8c6b8987dcb438b1200d054\",\"name\":\"LaMagh\",\"image\":{\"@type\":\"ImageObject\",\"inLanguage\":\"en-US\",\"@id\":\"https:\\\/\\\/secure.gravatar.com\\\/avatar\\\/399d8144bd55fba55e056779aca52fe528bac7911f6449e54d81173d6dfd7f0a?s=96&d=mm&r=g\",\"url\":\"https:\\\/\\\/secure.gravatar.com\\\/avatar\\\/399d8144bd55fba55e056779aca52fe528bac7911f6449e54d81173d6dfd7f0a?s=96&d=mm&r=g\",\"contentUrl\":\"https:\\\/\\\/secure.gravatar.com\\\/avatar\\\/399d8144bd55fba55e056779aca52fe528bac7911f6449e54d81173d6dfd7f0a?s=96&d=mm&r=g\",\"caption\":\"LaMagh\"},\"sameAs\":[\"https:\\\/\\\/monmaghreb.com\",\"https:\\\/\\\/www.facebook.com\\\/monmaghrebcom\",\"https:\\\/\\\/x.com\\\/MMaghreb50977\"],\"url\":\"https:\\\/\\\/monmaghreb.com\\\/index.php\\\/author\\\/lamagh\\\/\"}]}<\/script>\n<!-- \/ Yoast SEO plugin. -->","yoast_head_json":{"title":"Le Maroc prend la premi\u00e8re place dans le World Immunity Inde","description":"Discover how Morocco claimed the top spot in the 2026 World Immunity Index, a historic victory in public health. \ud83c\uddf2\ud83c\udde6\ud83d\udcaa #MoroccoHealth #ImmunityIndex","robots":{"index":"index","follow":"follow","max-snippet":"max-snippet:-1","max-image-preview":"max-image-preview:large","max-video-preview":"max-video-preview:-1"},"canonical":"https:\/\/monmaghreb.com\/index.php\/2026\/03\/16\/le-maroc-prend-la-premiere-place-dans-le-world-immunity-index-2026-une-victoire-historique\/","og_locale":"en_US","og_type":"article","og_title":"Le Maroc prend la premi\u00e8re place dans le World Immunity Index 2026 : une victoire historique","og_description":"Discover how Morocco claimed the top spot in the 2026 World Immunity Index, a historic victory in public health. \ud83c\uddf2\ud83c\udde6\ud83d\udcaa #MoroccoHealth #ImmunityIndex","og_url":"https:\/\/monmaghreb.com\/index.php\/2026\/03\/16\/le-maroc-prend-la-premiere-place-dans-le-world-immunity-index-2026-une-victoire-historique\/","og_site_name":"Mon Maghreb","article_author":"https:\/\/www.facebook.com\/monmaghrebcom","article_published_time":"2026-03-16T15:28:18+00:00","article_modified_time":"2026-03-16T15:28:21+00:00","og_image":[{"width":1880,"height":1253,"url":"https:\/\/monmaghreb.com\/wp-content\/uploads\/2026\/03\/featured-141.jpg","type":"image\/jpeg"}],"author":"LaMagh","twitter_card":"summary_large_image","twitter_creator":"@MMaghreb50977","twitter_misc":{"Written by":"LaMagh","Est. reading time":"6 minutes"},"schema":{"@context":"https:\/\/schema.org","@graph":[{"@type":"Article","@id":"https:\/\/monmaghreb.com\/index.php\/2026\/03\/16\/le-maroc-prend-la-premiere-place-dans-le-world-immunity-index-2026-une-victoire-historique\/#article","isPartOf":{"@id":"https:\/\/monmaghreb.com\/index.php\/2026\/03\/16\/le-maroc-prend-la-premiere-place-dans-le-world-immunity-index-2026-une-victoire-historique\/"},"author":{"name":"LaMagh","@id":"http:\/\/monmaghreb.com\/#\/schema\/person\/c469a89dc8c6b8987dcb438b1200d054"},"headline":"Le Maroc prend la premi\u00e8re place dans le World Immunity Index 2026 : une victoire historique","datePublished":"2026-03-16T15:28:18+00:00","dateModified":"2026-03-16T15:28:21+00:00","mainEntityOfPage":{"@id":"https:\/\/monmaghreb.com\/index.php\/2026\/03\/16\/le-maroc-prend-la-premiere-place-dans-le-world-immunity-index-2026-une-victoire-historique\/"},"wordCount":1174,"publisher":{"@id":"http:\/\/monmaghreb.com\/#organization"},"image":{"@id":"https:\/\/monmaghreb.com\/index.php\/2026\/03\/16\/le-maroc-prend-la-premiere-place-dans-le-world-immunity-index-2026-une-victoire-historique\/#primaryimage"},"thumbnailUrl":"https:\/\/monmaghreb.com\/wp-content\/uploads\/2026\/03\/featured-141.jpg","keywords":["morocco healthcare","victory","world immunity index","world ranking"],"articleSection":["Maroc"],"inLanguage":"en-US"},{"@type":"WebPage","@id":"https:\/\/monmaghreb.com\/index.php\/2026\/03\/16\/le-maroc-prend-la-premiere-place-dans-le-world-immunity-index-2026-une-victoire-historique\/","url":"https:\/\/monmaghreb.com\/index.php\/2026\/03\/16\/le-maroc-prend-la-premiere-place-dans-le-world-immunity-index-2026-une-victoire-historique\/","name":"Le Maroc prend la premi\u00e8re place dans le World Immunity Inde","isPartOf":{"@id":"http:\/\/monmaghreb.com\/#website"},"primaryImageOfPage":{"@id":"https:\/\/monmaghreb.com\/index.php\/2026\/03\/16\/le-maroc-prend-la-premiere-place-dans-le-world-immunity-index-2026-une-victoire-historique\/#primaryimage"},"image":{"@id":"https:\/\/monmaghreb.com\/index.php\/2026\/03\/16\/le-maroc-prend-la-premiere-place-dans-le-world-immunity-index-2026-une-victoire-historique\/#primaryimage"},"thumbnailUrl":"https:\/\/monmaghreb.com\/wp-content\/uploads\/2026\/03\/featured-141.jpg","datePublished":"2026-03-16T15:28:18+00:00","dateModified":"2026-03-16T15:28:21+00:00","description":"Discover how Morocco claimed the top spot in the 2026 World Immunity Index, a historic victory in public health. \ud83c\uddf2\ud83c\udde6\ud83d\udcaa #MoroccoHealth #ImmunityIndex","breadcrumb":{"@id":"https:\/\/monmaghreb.com\/index.php\/2026\/03\/16\/le-maroc-prend-la-premiere-place-dans-le-world-immunity-index-2026-une-victoire-historique\/#breadcrumb"},"inLanguage":"en-US","potentialAction":[{"@type":"ReadAction","target":["https:\/\/monmaghreb.com\/index.php\/2026\/03\/16\/le-maroc-prend-la-premiere-place-dans-le-world-immunity-index-2026-une-victoire-historique\/"]}]},{"@type":"ImageObject","inLanguage":"en-US","@id":"https:\/\/monmaghreb.com\/index.php\/2026\/03\/16\/le-maroc-prend-la-premiere-place-dans-le-world-immunity-index-2026-une-victoire-historique\/#primaryimage","url":"https:\/\/monmaghreb.com\/wp-content\/uploads\/2026\/03\/featured-141.jpg","contentUrl":"https:\/\/monmaghreb.com\/wp-content\/uploads\/2026\/03\/featured-141.jpg","width":1880,"height":1253,"caption":"Moroccan family celebrating historical victory at World Immunity Index 2026"},{"@type":"BreadcrumbList","@id":"https:\/\/monmaghreb.com\/index.php\/2026\/03\/16\/le-maroc-prend-la-premiere-place-dans-le-world-immunity-index-2026-une-victoire-historique\/#breadcrumb","itemListElement":[{"@type":"ListItem","position":1,"name":"Home","item":"http:\/\/monmaghreb.com\/"},{"@type":"ListItem","position":2,"name":"Le Maroc prend la premi\u00e8re place dans le World Immunity Index 2026 : une victoire historique"}]},{"@type":"WebSite","@id":"http:\/\/monmaghreb.com\/#website","url":"http:\/\/monmaghreb.com\/","name":"Mon Maghreb","description":"MonMaghreb United","publisher":{"@id":"http:\/\/monmaghreb.com\/#organization"},"alternateName":"Le Monde du Maghreb et au del\u00e0","potentialAction":[{"@type":"SearchAction","target":{"@type":"EntryPoint","urlTemplate":"http:\/\/monmaghreb.com\/?s={search_term_string}"},"query-input":{"@type":"PropertyValueSpecification","valueRequired":true,"valueName":"search_term_string"}}],"inLanguage":"en-US"},{"@type":"Organization","@id":"http:\/\/monmaghreb.com\/#organization","name":"Mon Maghreb","url":"http:\/\/monmaghreb.com\/","logo":{"@type":"ImageObject","inLanguage":"en-US","@id":"http:\/\/monmaghreb.com\/#\/schema\/logo\/image\/","url":"https:\/\/monmaghreb.com\/wp-content\/uploads\/2025\/12\/Mon_Maghreb_Logo.jpg","contentUrl":"https:\/\/monmaghreb.com\/wp-content\/uploads\/2025\/12\/Mon_Maghreb_Logo.jpg","width":814,"height":374,"caption":"Mon Maghreb"},"image":{"@id":"http:\/\/monmaghreb.com\/#\/schema\/logo\/image\/"}},{"@type":"Person","@id":"http:\/\/monmaghreb.com\/#\/schema\/person\/c469a89dc8c6b8987dcb438b1200d054","name":"LaMagh","image":{"@type":"ImageObject","inLanguage":"en-US","@id":"https:\/\/secure.gravatar.com\/avatar\/399d8144bd55fba55e056779aca52fe528bac7911f6449e54d81173d6dfd7f0a?s=96&d=mm&r=g","url":"https:\/\/secure.gravatar.com\/avatar\/399d8144bd55fba55e056779aca52fe528bac7911f6449e54d81173d6dfd7f0a?s=96&d=mm&r=g","contentUrl":"https:\/\/secure.gravatar.com\/avatar\/399d8144bd55fba55e056779aca52fe528bac7911f6449e54d81173d6dfd7f0a?s=96&d=mm&r=g","caption":"LaMagh"},"sameAs":["https:\/\/monmaghreb.com","https:\/\/www.facebook.com\/monmaghrebcom","https:\/\/x.com\/MMaghreb50977"],"url":"https:\/\/monmaghreb.com\/index.php\/author\/lamagh\/"}]}},"_links":{"self":[{"href":"https:\/\/monmaghreb.com\/index.php\/wp-json\/wp\/v2\/posts\/1287","targetHints":{"allow":["GET"]}}],"collection":[{"href":"https:\/\/monmaghreb.com\/index.php\/wp-json\/wp\/v2\/posts"}],"about":[{"href":"https:\/\/monmaghreb.com\/index.php\/wp-json\/wp\/v2\/types\/post"}],"author":[{"embeddable":true,"href":"https:\/\/monmaghreb.com\/index.php\/wp-json\/wp\/v2\/users\/1"}],"replies":[{"embeddable":true,"href":"https:\/\/monmaghreb.com\/index.php\/wp-json\/wp\/v2\/comments?post=1287"}],"version-history":[{"count":1,"href":"https:\/\/monmaghreb.com\/index.php\/wp-json\/wp\/v2\/posts\/1287\/revisions"}],"predecessor-version":[{"id":1288,"href":"https:\/\/monmaghreb.com\/index.php\/wp-json\/wp\/v2\/posts\/1287\/revisions\/1288"}],"wp:featuredmedia":[{"embeddable":true,"href":"https:\/\/monmaghreb.com\/index.php\/wp-json\/wp\/v2\/media\/1286"}],"wp:attachment":[{"href":"https:\/\/monmaghreb.com\/index.php\/wp-json\/wp\/v2\/media?parent=1287"}],"wp:term":[{"taxonomy":"category","embeddable":true,"href":"https:\/\/monmaghreb.com\/index.php\/wp-json\/wp\/v2\/categories?post=1287"},{"taxonomy":"post_tag","embeddable":true,"href":"https:\/\/monmaghreb.com\/index.php\/wp-json\/wp\/v2\/tags?post=1287"}],"curies":[{"name":"wp","href":"https:\/\/api.w.org\/{rel}","templated":true}]}}