{"id":1302,"date":"2026-03-16T17:49:10","date_gmt":"2026-03-16T17:49:10","guid":{"rendered":"https:\/\/monmaghreb.com\/index.php\/2026\/03\/16\/le-nouveau-numero-de-lemission-can-revele-le-maroc-en-mode-france-98-une-revolution-dans-la-television-maghrebine\/"},"modified":"2026-03-16T17:49:15","modified_gmt":"2026-03-16T17:49:15","slug":"le-nouveau-numero-de-lemission-can-revele-le-maroc-en-mode-france-98-une-revolution-dans-la-television-maghrebine","status":"publish","type":"post","link":"https:\/\/monmaghreb.com\/index.php\/2026\/03\/16\/le-nouveau-numero-de-lemission-can-revele-le-maroc-en-mode-france-98-une-revolution-dans-la-television-maghrebine\/","title":{"rendered":"Le nouveau num\u00e9ro de L&#8217;\u00c9mission CAN r\u00e9v\u00e8le le Maroc en mode France 98 : Une r\u00e9volution dans la t\u00e9l\u00e9vision maghr\u00e9bine"},"content":{"rendered":"<p><!DOCTYPE html><br \/>\n<html lang='fr'><br \/>\n<head><br \/>\n  <meta charset='UTF-8'><br \/>\n  <title>Le nouveau num\u00e9ro de L&#8217;\u00c9mission CAN r\u00e9v\u00e8le le Maroc en mode France 98 : Une r\u00e9volution dans la t\u00e9l\u00e9vision <a href=\"https:\/\/monmaghreb.com\/index.php\/2026\/03\/16\/air-algerie-modifie-ses-vols-constantine-mulhouse-vers-strasbourg-ce-que-cela-signifie-pour-les-membres-de-la-diaspora-maghrebine\/\" title=\"Air Alg\u00e9rie modifie ses vols Constantine-Mulhouse vers Strasbourg : ce que cela signifie pour les membres de la diaspora maghr\u00e9bine\">maghr\u00e9bine<\/a><\/title><br \/>\n<\/head><br \/>\n<body><\/p>\n<h1>Le nouveau num\u00e9ro de L&#8217;\u00c9mission CAN r\u00e9v\u00e8le le Maroc en mode France 98 : Une r\u00e9volution dans la t\u00e9l\u00e9vision maghr\u00e9bine<\/h1>\n<p>L&#8217;\u00e9mission CAN, un des piliers de la diaspora maghr\u00e9bine, a r\u00e9cemment publi\u00e9 son nouveau num\u00e9ro. Le th\u00e8me choisi est l&#8217;\u00e9dition fran\u00e7aise de 1998 du Mondial de football organis\u00e9e en France et le Maroc, qui fut l&#8217;un des pays les plus marquants de cette comp\u00e9tition. Ce sujet est d&#8217;actualit\u00e9 car le Maroc vient d&#8217;\u00eatre qualifi\u00e9 pour la Coupe du Monde \u00e0 nouveau et la diaspora ne peut que se souvenir de ces moments historiques. En effet, les matchs de France 98 ont cr\u00e9\u00e9 un lien entre les Marocains \u00e9trangers, qui se sont retrouv\u00e9s dans des centaines de bars, restos et lieux publics pour regarder les matchs et vivre ces moments avec d&#8217;autres fans passionn\u00e9s.<\/p>\n<h2>Les d\u00e9buts glorieux du Maroc \u00e0 France 98<\/h2>\n<p>En 1998, le Maroc \u00e9tait dans un \u00e9tat de grande exultation. La s\u00e9lection nationale a battu les Espagnols (0-2) lors des phases qualificatives, r\u00e9alisant ainsi son r\u00eave : participer \u00e0 une Coupe du Monde. C&#8217;\u00e9tait la premi\u00e8re fois que le Maroc prenait part \u00e0 cette comp\u00e9tition depuis 1986. Les matchs de poules contre l&#8217;Angola (3-0) et le Nig\u00e9ria (1-2) ont notamment \u00e9t\u00e9 marquants.<\/p>\n<p>Lors des phases finales, les Marocains se sont sentis comme si leur \u00e9quipe avait une chance r\u00e9elle de remporter la Coupe du Monde. Malheureusement pour les supporters, la s\u00e9lection ne r\u00e9ussit pas \u00e0 se qualifier pour les quarts de finale.<\/p>\n<h2>La participation du Maroc \u00e0 France 98 : Un moment historique pour la diaspora<\/h2>\n<p>Pour la diaspora maghr\u00e9bine, la qualification de l&#8217;\u00e9quipe nationale marocaine \u00e0 France 98 a \u00e9t\u00e9 un moment historique. Pour la premi\u00e8re fois depuis leur d\u00e9part du pays natal, les Marocains \u00e9trangers pouvaient assister \u00e0 des matchs de leur \u00e9quipe nationale sur une sc\u00e8ne mondiale.<\/p>\n<p>Au travers d&#8217;entretiens avec des expatri\u00e9s et des fans passionn\u00e9s, l&#8217;\u00e9mission CAN a pu capturer ce sentiment unissant les diasporiques autour d&#8217;une m\u00eame id\u00e9e : la fiert\u00e9 nationale. Les matchs de France 98 ont \u00e9galement permis aux Marocains \u00e9trangers de se rassembler dans des centaines de bars, restos et lieux publics pour regarder les matchs et vivre ces moments avec d&#8217;autres fans passionn\u00e9s.<\/p>\n<h2>Comment la t\u00e9l\u00e9vision maghr\u00e9bine a suivi les matchs du Maroc \u00e0 France 98<\/h2>\n<p>Pour la t\u00e9l\u00e9vision maghr\u00e9bine, l&#8217;\u00e9dition fran\u00e7aise de la Coupe du Monde \u00e9tait un moment important. Afin de permettre aux fans de ne rien manquer, des cha\u00eenes comme ART et CAN ont diffus\u00e9 tout les matchs du Maroc, en direct.<\/p>\n<ul>\n<li>ART, l&#8217;une des cha\u00eenes de t\u00e9l\u00e9vision arabe les plus populaires, a diffus\u00e9 tous les matchs de l&#8217;\u00e9quipe nationale marocaine, avec des analyses d\u00e9taill\u00e9es et des commentaires passionn\u00e9s.<\/li>\n<li>CAN, quant \u00e0 elle, a propos\u00e9 une couverture exclusive en direct des matchs du Maroc \u00e0 France 98. L&#8217;\u00e9mission \u00ab CAN live \u00bb \u00e9tait diffus\u00e9e tous les jours de la comp\u00e9tition, avec des analystes exp\u00e9riment\u00e9s et des commentateurs passionn\u00e9s.<\/li>\n<\/ul>\n<h2>Les le\u00e7ons que l&#8217;on peut tirer de France 98 pour le Maroc actuel<\/h2>\n<p>L&#8217;\u00e9dition fran\u00e7aise de la Coupe du Monde est une source d&#8217;inspiration pour les supporters marocains. Pour certains, il s&#8217;agit d&#8217;un symbole de ce qu&#8217;il \u00e9tait possible pour l&#8217;\u00e9quipe nationale dans les ann\u00e9es 90 et peut-\u00eatre encore aujourd&#8217;hui.<\/p>\n<p>Dans son nouveau num\u00e9ro, L&#8217;\u00c9mission CAN a analys\u00e9 les causes de la d\u00e9faite du Maroc \u00e0 France 98 et a propos\u00e9 des solutions pour que l&#8217;\u00e9quipe nationale marocaine puisse atteindre les quarts de finale lors de la prochaine Coupe du Monde.<\/p>\n<p>Au travers d&#8217;interviews avec des joueurs, des entraineurs et des experts, l&#8217;\u00e9mission a r\u00e9v\u00e9l\u00e9 que le Maroc poss\u00e8de un immense talent mais manque de coh\u00e9sion pour atteindre les sommets. Les matchs de France 98 ont \u00e9galement montr\u00e9 que l&#8217;enthousiasme et la passion peuvent faire une grande diff\u00e9rence dans les r\u00e9sultats.<\/p>\n<h2>Appel \u00e0 l&#8217;action : Soutenez la diaspora maghr\u00e9bine et soutenez le Maroc<\/h2>\n<p>Nous invitons tous les lecteurs maghr\u00e9bins de la diaspora \u00e0 suivre L&#8217;\u00c9mission CAN, car cela est un moyen d&#8217;apprendre plus sur notre pays natal et de rester au courant des \u00e9v\u00e9nements qui le concernent. Nous pouvons ainsi soutenir nos amis, nos parents, nos fr\u00e8res et nos s\u0153urs en Maroc.<\/p>\n<p>De plus, lorsque le Maroc participera \u00e0 la prochaine Coupe du Monde, nous ne pouvons que les soutenir et partager ce moment historique avec eux. Alors, restez connect\u00e9s avec L&#8217;\u00c9mission CAN pour \u00eatre au courant de tous les d\u00e9tails.<\/p>\n<div style=\"background:#f8f9fa;border-left:4px solid #0066cc;border-radius:6px;padding:20px 24px;margin:32px 0;\">\n<p style=\"font-size:13px;color:#888;text-transform:uppercase;letter-spacing:0.8px;margin:0 0 6px 0;\">Vous pourriez aussi aimer<\/p>\n<h3 style=\"font-size:18px;margin:0 0 14px 0;color:#222;\">Articles similaires<\/h3>\n<ul style=\"margin:0;padding-left:20px;list-style:disc;\">\n<li style=\"margin-bottom:10px;\"><a href=\"https:\/\/monmaghreb.com\/index.php\/2026\/03\/16\/air-algerie-modifie-ses-vols-constantine-mulhouse-vers-strasbourg-ce-que-cela-signifie-pour-les-membres-de-la-diaspora-maghrebine\/\" style=\"color:#0066cc;text-decoration:none;font-weight:500;\" title=\"Air Alg\u00e9rie modifie ses vols Constantine-Mulhouse vers Strasbourg : ce que cela signifie pour les membres de la diaspora maghr\u00e9bine\">Air Alg\u00e9rie modifie ses vols Constantine-Mulhouse vers Strasbourg : ce que cela signifie pour les membres de la diaspora maghr\u00e9bine<\/a><\/li>\n<li style=\"margin-bottom:10px;\"><a href=\"https:\/\/monmaghreb.com\/index.php\/2026\/03\/14\/mahdi-berrached-parle-du-chaosbi-dans-lalgerie-aujourdhui-un-appel-a-laction-pour-la-diaspora-maghrebine\/\" style=\"color:#0066cc;text-decoration:none;font-weight:500;\" title=\"Mahdi Berrached parle du chaosbi dans L\u2019Alg\u00e9rie Aujourd&#8217;hui : Un appel \u00e0 l&#8217;action pour la diaspora maghr\u00e9bine\">Mahdi Berrached parle du chaosbi dans L\u2019Alg\u00e9rie Aujourd&#8217;hui : Un appel \u00e0 l&#8217;action pour la diaspora maghr\u00e9bine<\/a><\/li>\n<li style=\"margin-bottom:10px;\"><a href=\"https:\/\/monmaghreb.com\/index.php\/2026\/03\/14\/aid-el-fitr-a-lyon-la-grande-mosquee-repond-aux-questions-des-musulmans-de-la-diaspora-maghrebine-en-fin-de-ramadan-2026\/\" style=\"color:#0066cc;text-decoration:none;font-weight:500;\" title=\"Aid el-Fitr \u00e0 Lyon : la Grande Mosqu\u00e9e r\u00e9pond aux questions des musulmans de la diaspora Maghr\u00e9bine en fin de Ramadan 2026\">Aid el-Fitr \u00e0 Lyon : la Grande Mosqu\u00e9e r\u00e9pond aux questions des musulmans de la diaspora Maghr\u00e9bine en fin de Ramadan 2026<\/a><\/li>\n<li style=\"margin-bottom:10px;\"><a href=\"https:\/\/monmaghreb.com\/index.php\/2026\/03\/16\/fontainebleau-celebre-la-mode-marocaine-avec-son-festival-de-lhistoire-de-lart\/\" style=\"color:#0066cc;text-decoration:none;font-weight:500;\" title=\"Fontainebleau c\u00e9l\u00e8bre la mode marocaine avec son Festival de l\u2019histoire de l&#8217;art\">Fontainebleau c\u00e9l\u00e8bre la mode marocaine avec son Festival de l\u2019histoire de l&#8217;art<\/a><\/li>\n<li style=\"margin-bottom:10px;\"><a href=\"https:\/\/monmaghreb.com\/index.php\/2026\/03\/15\/le-maroc-en-tete-des-destinations-africaines-les-plus-sures-un-retour-vers-notre-berceau\/\" style=\"color:#0066cc;text-decoration:none;font-weight:500;\" title=\"Le Maroc en t\u00eate des destinations africaines les plus s\u00fbres : un retour vers notre berceau\">Le Maroc en t\u00eate des destinations africaines les plus s\u00fbres : un retour vers notre berceau<\/a><\/li>\n<\/ul>\n<\/div>\n<p><\/body><br \/>\n<\/html><\/p>\n","protected":false},"excerpt":{"rendered":"<p>D\u00e9couvrez une r\u00e9volution dans la t\u00e9l\u00e9vision maghr\u00e9bine avec L&#8217;\u00c9mission CAN : Le Maroc en mode France &#8217;98. Un voyage inoubliable!<\/p>\n","protected":false},"author":1,"featured_media":1301,"comment_status":"closed","ping_status":"open","sticky":false,"template":"","format":"standard","meta":{"_yoast_wpseo_focuskw":"maroc francine 98","_yoast_wpseo_title":"Le nouveau num\u00e9ro de L'\u00c9mission CAN r\u00e9v\u00e8le le Maroc en mode","_yoast_wpseo_metadesc":"D\u00e9couvrez une r\u00e9volution dans la t\u00e9l\u00e9vision maghr\u00e9bine avec L'\u00c9mission CAN : Le Maroc en mode France '98. Un voyage inoubliable!","_yoast_wpseo_canonical":"","_yoast_wpseo_opengraph-title":"Le nouveau num\u00e9ro de L'\u00c9mission CAN r\u00e9v\u00e8le le Maroc en mode France 98 : Une r\u00e9volution dans la t\u00e9l\u00e9vision maghr\u00e9bine","_yoast_wpseo_opengraph-description":"D\u00e9couvrez une r\u00e9volution dans la t\u00e9l\u00e9vision maghr\u00e9bine avec L'\u00c9mission CAN : Le Maroc en mode France '98. Un voyage inoubliable!","_yoast_wpseo_opengraph-image":"","tdm_status":"","tdm_grid_status":"","footnotes":""},"categories":[655],"tags":[943,985,987,986,988],"class_list":["post-1302","post","type-post","status-publish","format-standard","has-post-thumbnail","hentry","category-maroc","tag-african-diaspora","tag-emission-can","tag-football-mondial","tag-maroc-francine-98","tag-television-maghreb"],"yoast_head":"<!-- This site is optimized with the Yoast SEO plugin v27.5 - https:\/\/yoast.com\/product\/yoast-seo-wordpress\/ -->\n<title>Le nouveau num\u00e9ro de L&#039;\u00c9mission CAN r\u00e9v\u00e8le le Maroc en mode<\/title>\n<meta name=\"description\" content=\"D\u00e9couvrez une r\u00e9volution dans la t\u00e9l\u00e9vision maghr\u00e9bine avec L&#039;\u00c9mission CAN : Le Maroc en mode France &#039;98. Un voyage inoubliable!\" \/>\n<meta name=\"robots\" content=\"index, follow, max-snippet:-1, max-image-preview:large, max-video-preview:-1\" \/>\n<link rel=\"canonical\" href=\"https:\/\/monmaghreb.com\/index.php\/2026\/03\/16\/le-nouveau-numero-de-lemission-can-revele-le-maroc-en-mode-france-98-une-revolution-dans-la-television-maghrebine\/\" \/>\n<meta property=\"og:locale\" content=\"en_US\" \/>\n<meta property=\"og:type\" content=\"article\" \/>\n<meta property=\"og:title\" content=\"Le nouveau num\u00e9ro de L&#039;\u00c9mission CAN r\u00e9v\u00e8le le Maroc en mode France 98 : Une r\u00e9volution dans la t\u00e9l\u00e9vision maghr\u00e9bine\" \/>\n<meta property=\"og:description\" content=\"D\u00e9couvrez une r\u00e9volution dans la t\u00e9l\u00e9vision maghr\u00e9bine avec L&#039;\u00c9mission CAN : Le Maroc en mode France &#039;98. Un voyage inoubliable!\" \/>\n<meta property=\"og:url\" content=\"https:\/\/monmaghreb.com\/index.php\/2026\/03\/16\/le-nouveau-numero-de-lemission-can-revele-le-maroc-en-mode-france-98-une-revolution-dans-la-television-maghrebine\/\" \/>\n<meta property=\"og:site_name\" content=\"Mon Maghreb\" \/>\n<meta property=\"article:author\" content=\"https:\/\/www.facebook.com\/monmaghrebcom\" \/>\n<meta property=\"article:published_time\" content=\"2026-03-16T17:49:10+00:00\" \/>\n<meta property=\"article:modified_time\" content=\"2026-03-16T17:49:15+00:00\" \/>\n<meta property=\"og:image\" content=\"https:\/\/monmaghreb.com\/wp-content\/uploads\/2026\/03\/featured-146.jpg\" \/>\n\t<meta property=\"og:image:width\" content=\"1880\" \/>\n\t<meta property=\"og:image:height\" content=\"1253\" \/>\n\t<meta property=\"og:image:type\" content=\"image\/jpeg\" \/>\n<meta name=\"author\" content=\"LaMagh\" \/>\n<meta name=\"twitter:card\" content=\"summary_large_image\" \/>\n<meta name=\"twitter:creator\" content=\"@MMaghreb50977\" \/>\n<meta name=\"twitter:label1\" content=\"Written by\" \/>\n\t<meta name=\"twitter:data1\" content=\"LaMagh\" \/>\n\t<meta name=\"twitter:label2\" content=\"Est. reading time\" \/>\n\t<meta name=\"twitter:data2\" content=\"5 minutes\" \/>\n<script type=\"application\/ld+json\" class=\"yoast-schema-graph\">{\"@context\":\"https:\\\/\\\/schema.org\",\"@graph\":[{\"@type\":\"Article\",\"@id\":\"https:\\\/\\\/monmaghreb.com\\\/index.php\\\/2026\\\/03\\\/16\\\/le-nouveau-numero-de-lemission-can-revele-le-maroc-en-mode-france-98-une-revolution-dans-la-television-maghrebine\\\/#article\",\"isPartOf\":{\"@id\":\"https:\\\/\\\/monmaghreb.com\\\/index.php\\\/2026\\\/03\\\/16\\\/le-nouveau-numero-de-lemission-can-revele-le-maroc-en-mode-france-98-une-revolution-dans-la-television-maghrebine\\\/\"},\"author\":{\"name\":\"LaMagh\",\"@id\":\"http:\\\/\\\/monmaghreb.com\\\/#\\\/schema\\\/person\\\/c469a89dc8c6b8987dcb438b1200d054\"},\"headline\":\"Le nouveau num\u00e9ro de L&#8217;\u00c9mission CAN r\u00e9v\u00e8le le Maroc en mode France 98 : Une r\u00e9volution dans la t\u00e9l\u00e9vision maghr\u00e9bine\",\"datePublished\":\"2026-03-16T17:49:10+00:00\",\"dateModified\":\"2026-03-16T17:49:15+00:00\",\"mainEntityOfPage\":{\"@id\":\"https:\\\/\\\/monmaghreb.com\\\/index.php\\\/2026\\\/03\\\/16\\\/le-nouveau-numero-de-lemission-can-revele-le-maroc-en-mode-france-98-une-revolution-dans-la-television-maghrebine\\\/\"},\"wordCount\":949,\"publisher\":{\"@id\":\"http:\\\/\\\/monmaghreb.com\\\/#organization\"},\"image\":{\"@id\":\"https:\\\/\\\/monmaghreb.com\\\/index.php\\\/2026\\\/03\\\/16\\\/le-nouveau-numero-de-lemission-can-revele-le-maroc-en-mode-france-98-une-revolution-dans-la-television-maghrebine\\\/#primaryimage\"},\"thumbnailUrl\":\"https:\\\/\\\/monmaghreb.com\\\/wp-content\\\/uploads\\\/2026\\\/03\\\/featured-146.jpg\",\"keywords\":[\"african diaspora\",\"emission can\",\"football mondial\",\"maroc francine 98\",\"television maghreb\"],\"articleSection\":[\"Maroc\"],\"inLanguage\":\"en-US\"},{\"@type\":\"WebPage\",\"@id\":\"https:\\\/\\\/monmaghreb.com\\\/index.php\\\/2026\\\/03\\\/16\\\/le-nouveau-numero-de-lemission-can-revele-le-maroc-en-mode-france-98-une-revolution-dans-la-television-maghrebine\\\/\",\"url\":\"https:\\\/\\\/monmaghreb.com\\\/index.php\\\/2026\\\/03\\\/16\\\/le-nouveau-numero-de-lemission-can-revele-le-maroc-en-mode-france-98-une-revolution-dans-la-television-maghrebine\\\/\",\"name\":\"Le nouveau num\u00e9ro de L'\u00c9mission CAN r\u00e9v\u00e8le le Maroc en mode\",\"isPartOf\":{\"@id\":\"http:\\\/\\\/monmaghreb.com\\\/#website\"},\"primaryImageOfPage\":{\"@id\":\"https:\\\/\\\/monmaghreb.com\\\/index.php\\\/2026\\\/03\\\/16\\\/le-nouveau-numero-de-lemission-can-revele-le-maroc-en-mode-france-98-une-revolution-dans-la-television-maghrebine\\\/#primaryimage\"},\"image\":{\"@id\":\"https:\\\/\\\/monmaghreb.com\\\/index.php\\\/2026\\\/03\\\/16\\\/le-nouveau-numero-de-lemission-can-revele-le-maroc-en-mode-france-98-une-revolution-dans-la-television-maghrebine\\\/#primaryimage\"},\"thumbnailUrl\":\"https:\\\/\\\/monmaghreb.com\\\/wp-content\\\/uploads\\\/2026\\\/03\\\/featured-146.jpg\",\"datePublished\":\"2026-03-16T17:49:10+00:00\",\"dateModified\":\"2026-03-16T17:49:15+00:00\",\"description\":\"D\u00e9couvrez une r\u00e9volution dans la t\u00e9l\u00e9vision maghr\u00e9bine avec L'\u00c9mission CAN : Le Maroc en mode France '98. Un voyage inoubliable!\",\"breadcrumb\":{\"@id\":\"https:\\\/\\\/monmaghreb.com\\\/index.php\\\/2026\\\/03\\\/16\\\/le-nouveau-numero-de-lemission-can-revele-le-maroc-en-mode-france-98-une-revolution-dans-la-television-maghrebine\\\/#breadcrumb\"},\"inLanguage\":\"en-US\",\"potentialAction\":[{\"@type\":\"ReadAction\",\"target\":[\"https:\\\/\\\/monmaghreb.com\\\/index.php\\\/2026\\\/03\\\/16\\\/le-nouveau-numero-de-lemission-can-revele-le-maroc-en-mode-france-98-une-revolution-dans-la-television-maghrebine\\\/\"]}]},{\"@type\":\"ImageObject\",\"inLanguage\":\"en-US\",\"@id\":\"https:\\\/\\\/monmaghreb.com\\\/index.php\\\/2026\\\/03\\\/16\\\/le-nouveau-numero-de-lemission-can-revele-le-maroc-en-mode-france-98-une-revolution-dans-la-television-maghrebine\\\/#primaryimage\",\"url\":\"https:\\\/\\\/monmaghreb.com\\\/wp-content\\\/uploads\\\/2026\\\/03\\\/featured-146.jpg\",\"contentUrl\":\"https:\\\/\\\/monmaghreb.com\\\/wp-content\\\/uploads\\\/2026\\\/03\\\/featured-146.jpg\",\"width\":1880,\"height\":1253,\"caption\":\"Marocain en costume traditionnel regardant la t\u00e9l\u00e9vision qui diffuse le match de France '98\"},{\"@type\":\"BreadcrumbList\",\"@id\":\"https:\\\/\\\/monmaghreb.com\\\/index.php\\\/2026\\\/03\\\/16\\\/le-nouveau-numero-de-lemission-can-revele-le-maroc-en-mode-france-98-une-revolution-dans-la-television-maghrebine\\\/#breadcrumb\",\"itemListElement\":[{\"@type\":\"ListItem\",\"position\":1,\"name\":\"Home\",\"item\":\"http:\\\/\\\/monmaghreb.com\\\/\"},{\"@type\":\"ListItem\",\"position\":2,\"name\":\"Le nouveau num\u00e9ro de L&#8217;\u00c9mission CAN r\u00e9v\u00e8le le Maroc en mode France 98 : Une r\u00e9volution dans la t\u00e9l\u00e9vision maghr\u00e9bine\"}]},{\"@type\":\"WebSite\",\"@id\":\"http:\\\/\\\/monmaghreb.com\\\/#website\",\"url\":\"http:\\\/\\\/monmaghreb.com\\\/\",\"name\":\"Mon Maghreb\",\"description\":\"MonMaghreb United\",\"publisher\":{\"@id\":\"http:\\\/\\\/monmaghreb.com\\\/#organization\"},\"alternateName\":\"Le Monde du Maghreb et au del\u00e0\",\"potentialAction\":[{\"@type\":\"SearchAction\",\"target\":{\"@type\":\"EntryPoint\",\"urlTemplate\":\"http:\\\/\\\/monmaghreb.com\\\/?s={search_term_string}\"},\"query-input\":{\"@type\":\"PropertyValueSpecification\",\"valueRequired\":true,\"valueName\":\"search_term_string\"}}],\"inLanguage\":\"en-US\"},{\"@type\":\"Organization\",\"@id\":\"http:\\\/\\\/monmaghreb.com\\\/#organization\",\"name\":\"Mon Maghreb\",\"url\":\"http:\\\/\\\/monmaghreb.com\\\/\",\"logo\":{\"@type\":\"ImageObject\",\"inLanguage\":\"en-US\",\"@id\":\"http:\\\/\\\/monmaghreb.com\\\/#\\\/schema\\\/logo\\\/image\\\/\",\"url\":\"https:\\\/\\\/monmaghreb.com\\\/wp-content\\\/uploads\\\/2025\\\/12\\\/Mon_Maghreb_Logo.jpg\",\"contentUrl\":\"https:\\\/\\\/monmaghreb.com\\\/wp-content\\\/uploads\\\/2025\\\/12\\\/Mon_Maghreb_Logo.jpg\",\"width\":814,\"height\":374,\"caption\":\"Mon Maghreb\"},\"image\":{\"@id\":\"http:\\\/\\\/monmaghreb.com\\\/#\\\/schema\\\/logo\\\/image\\\/\"}},{\"@type\":\"Person\",\"@id\":\"http:\\\/\\\/monmaghreb.com\\\/#\\\/schema\\\/person\\\/c469a89dc8c6b8987dcb438b1200d054\",\"name\":\"LaMagh\",\"image\":{\"@type\":\"ImageObject\",\"inLanguage\":\"en-US\",\"@id\":\"https:\\\/\\\/secure.gravatar.com\\\/avatar\\\/399d8144bd55fba55e056779aca52fe528bac7911f6449e54d81173d6dfd7f0a?s=96&d=mm&r=g\",\"url\":\"https:\\\/\\\/secure.gravatar.com\\\/avatar\\\/399d8144bd55fba55e056779aca52fe528bac7911f6449e54d81173d6dfd7f0a?s=96&d=mm&r=g\",\"contentUrl\":\"https:\\\/\\\/secure.gravatar.com\\\/avatar\\\/399d8144bd55fba55e056779aca52fe528bac7911f6449e54d81173d6dfd7f0a?s=96&d=mm&r=g\",\"caption\":\"LaMagh\"},\"sameAs\":[\"https:\\\/\\\/monmaghreb.com\",\"https:\\\/\\\/www.facebook.com\\\/monmaghrebcom\",\"https:\\\/\\\/x.com\\\/MMaghreb50977\"],\"url\":\"https:\\\/\\\/monmaghreb.com\\\/index.php\\\/author\\\/lamagh\\\/\"}]}<\/script>\n<!-- \/ Yoast SEO plugin. -->","yoast_head_json":{"title":"Le nouveau num\u00e9ro de L'\u00c9mission CAN r\u00e9v\u00e8le le Maroc en mode","description":"D\u00e9couvrez une r\u00e9volution dans la t\u00e9l\u00e9vision maghr\u00e9bine avec L'\u00c9mission CAN : Le Maroc en mode France '98. Un voyage inoubliable!","robots":{"index":"index","follow":"follow","max-snippet":"max-snippet:-1","max-image-preview":"max-image-preview:large","max-video-preview":"max-video-preview:-1"},"canonical":"https:\/\/monmaghreb.com\/index.php\/2026\/03\/16\/le-nouveau-numero-de-lemission-can-revele-le-maroc-en-mode-france-98-une-revolution-dans-la-television-maghrebine\/","og_locale":"en_US","og_type":"article","og_title":"Le nouveau num\u00e9ro de L'\u00c9mission CAN r\u00e9v\u00e8le le Maroc en mode France 98 : Une r\u00e9volution dans la t\u00e9l\u00e9vision maghr\u00e9bine","og_description":"D\u00e9couvrez une r\u00e9volution dans la t\u00e9l\u00e9vision maghr\u00e9bine avec L'\u00c9mission CAN : Le Maroc en mode France '98. Un voyage inoubliable!","og_url":"https:\/\/monmaghreb.com\/index.php\/2026\/03\/16\/le-nouveau-numero-de-lemission-can-revele-le-maroc-en-mode-france-98-une-revolution-dans-la-television-maghrebine\/","og_site_name":"Mon Maghreb","article_author":"https:\/\/www.facebook.com\/monmaghrebcom","article_published_time":"2026-03-16T17:49:10+00:00","article_modified_time":"2026-03-16T17:49:15+00:00","og_image":[{"width":1880,"height":1253,"url":"https:\/\/monmaghreb.com\/wp-content\/uploads\/2026\/03\/featured-146.jpg","type":"image\/jpeg"}],"author":"LaMagh","twitter_card":"summary_large_image","twitter_creator":"@MMaghreb50977","twitter_misc":{"Written by":"LaMagh","Est. reading time":"5 minutes"},"schema":{"@context":"https:\/\/schema.org","@graph":[{"@type":"Article","@id":"https:\/\/monmaghreb.com\/index.php\/2026\/03\/16\/le-nouveau-numero-de-lemission-can-revele-le-maroc-en-mode-france-98-une-revolution-dans-la-television-maghrebine\/#article","isPartOf":{"@id":"https:\/\/monmaghreb.com\/index.php\/2026\/03\/16\/le-nouveau-numero-de-lemission-can-revele-le-maroc-en-mode-france-98-une-revolution-dans-la-television-maghrebine\/"},"author":{"name":"LaMagh","@id":"http:\/\/monmaghreb.com\/#\/schema\/person\/c469a89dc8c6b8987dcb438b1200d054"},"headline":"Le nouveau num\u00e9ro de L&#8217;\u00c9mission CAN r\u00e9v\u00e8le le Maroc en mode France 98 : Une r\u00e9volution dans la t\u00e9l\u00e9vision maghr\u00e9bine","datePublished":"2026-03-16T17:49:10+00:00","dateModified":"2026-03-16T17:49:15+00:00","mainEntityOfPage":{"@id":"https:\/\/monmaghreb.com\/index.php\/2026\/03\/16\/le-nouveau-numero-de-lemission-can-revele-le-maroc-en-mode-france-98-une-revolution-dans-la-television-maghrebine\/"},"wordCount":949,"publisher":{"@id":"http:\/\/monmaghreb.com\/#organization"},"image":{"@id":"https:\/\/monmaghreb.com\/index.php\/2026\/03\/16\/le-nouveau-numero-de-lemission-can-revele-le-maroc-en-mode-france-98-une-revolution-dans-la-television-maghrebine\/#primaryimage"},"thumbnailUrl":"https:\/\/monmaghreb.com\/wp-content\/uploads\/2026\/03\/featured-146.jpg","keywords":["african diaspora","emission can","football mondial","maroc francine 98","television maghreb"],"articleSection":["Maroc"],"inLanguage":"en-US"},{"@type":"WebPage","@id":"https:\/\/monmaghreb.com\/index.php\/2026\/03\/16\/le-nouveau-numero-de-lemission-can-revele-le-maroc-en-mode-france-98-une-revolution-dans-la-television-maghrebine\/","url":"https:\/\/monmaghreb.com\/index.php\/2026\/03\/16\/le-nouveau-numero-de-lemission-can-revele-le-maroc-en-mode-france-98-une-revolution-dans-la-television-maghrebine\/","name":"Le nouveau num\u00e9ro de L'\u00c9mission CAN r\u00e9v\u00e8le le Maroc en mode","isPartOf":{"@id":"http:\/\/monmaghreb.com\/#website"},"primaryImageOfPage":{"@id":"https:\/\/monmaghreb.com\/index.php\/2026\/03\/16\/le-nouveau-numero-de-lemission-can-revele-le-maroc-en-mode-france-98-une-revolution-dans-la-television-maghrebine\/#primaryimage"},"image":{"@id":"https:\/\/monmaghreb.com\/index.php\/2026\/03\/16\/le-nouveau-numero-de-lemission-can-revele-le-maroc-en-mode-france-98-une-revolution-dans-la-television-maghrebine\/#primaryimage"},"thumbnailUrl":"https:\/\/monmaghreb.com\/wp-content\/uploads\/2026\/03\/featured-146.jpg","datePublished":"2026-03-16T17:49:10+00:00","dateModified":"2026-03-16T17:49:15+00:00","description":"D\u00e9couvrez une r\u00e9volution dans la t\u00e9l\u00e9vision maghr\u00e9bine avec L'\u00c9mission CAN : Le Maroc en mode France '98. Un voyage inoubliable!","breadcrumb":{"@id":"https:\/\/monmaghreb.com\/index.php\/2026\/03\/16\/le-nouveau-numero-de-lemission-can-revele-le-maroc-en-mode-france-98-une-revolution-dans-la-television-maghrebine\/#breadcrumb"},"inLanguage":"en-US","potentialAction":[{"@type":"ReadAction","target":["https:\/\/monmaghreb.com\/index.php\/2026\/03\/16\/le-nouveau-numero-de-lemission-can-revele-le-maroc-en-mode-france-98-une-revolution-dans-la-television-maghrebine\/"]}]},{"@type":"ImageObject","inLanguage":"en-US","@id":"https:\/\/monmaghreb.com\/index.php\/2026\/03\/16\/le-nouveau-numero-de-lemission-can-revele-le-maroc-en-mode-france-98-une-revolution-dans-la-television-maghrebine\/#primaryimage","url":"https:\/\/monmaghreb.com\/wp-content\/uploads\/2026\/03\/featured-146.jpg","contentUrl":"https:\/\/monmaghreb.com\/wp-content\/uploads\/2026\/03\/featured-146.jpg","width":1880,"height":1253,"caption":"Marocain en costume traditionnel regardant la t\u00e9l\u00e9vision qui diffuse le match de France '98"},{"@type":"BreadcrumbList","@id":"https:\/\/monmaghreb.com\/index.php\/2026\/03\/16\/le-nouveau-numero-de-lemission-can-revele-le-maroc-en-mode-france-98-une-revolution-dans-la-television-maghrebine\/#breadcrumb","itemListElement":[{"@type":"ListItem","position":1,"name":"Home","item":"http:\/\/monmaghreb.com\/"},{"@type":"ListItem","position":2,"name":"Le nouveau num\u00e9ro de L&#8217;\u00c9mission CAN r\u00e9v\u00e8le le Maroc en mode France 98 : Une r\u00e9volution dans la t\u00e9l\u00e9vision maghr\u00e9bine"}]},{"@type":"WebSite","@id":"http:\/\/monmaghreb.com\/#website","url":"http:\/\/monmaghreb.com\/","name":"Mon Maghreb","description":"MonMaghreb United","publisher":{"@id":"http:\/\/monmaghreb.com\/#organization"},"alternateName":"Le Monde du Maghreb et au del\u00e0","potentialAction":[{"@type":"SearchAction","target":{"@type":"EntryPoint","urlTemplate":"http:\/\/monmaghreb.com\/?s={search_term_string}"},"query-input":{"@type":"PropertyValueSpecification","valueRequired":true,"valueName":"search_term_string"}}],"inLanguage":"en-US"},{"@type":"Organization","@id":"http:\/\/monmaghreb.com\/#organization","name":"Mon Maghreb","url":"http:\/\/monmaghreb.com\/","logo":{"@type":"ImageObject","inLanguage":"en-US","@id":"http:\/\/monmaghreb.com\/#\/schema\/logo\/image\/","url":"https:\/\/monmaghreb.com\/wp-content\/uploads\/2025\/12\/Mon_Maghreb_Logo.jpg","contentUrl":"https:\/\/monmaghreb.com\/wp-content\/uploads\/2025\/12\/Mon_Maghreb_Logo.jpg","width":814,"height":374,"caption":"Mon Maghreb"},"image":{"@id":"http:\/\/monmaghreb.com\/#\/schema\/logo\/image\/"}},{"@type":"Person","@id":"http:\/\/monmaghreb.com\/#\/schema\/person\/c469a89dc8c6b8987dcb438b1200d054","name":"LaMagh","image":{"@type":"ImageObject","inLanguage":"en-US","@id":"https:\/\/secure.gravatar.com\/avatar\/399d8144bd55fba55e056779aca52fe528bac7911f6449e54d81173d6dfd7f0a?s=96&d=mm&r=g","url":"https:\/\/secure.gravatar.com\/avatar\/399d8144bd55fba55e056779aca52fe528bac7911f6449e54d81173d6dfd7f0a?s=96&d=mm&r=g","contentUrl":"https:\/\/secure.gravatar.com\/avatar\/399d8144bd55fba55e056779aca52fe528bac7911f6449e54d81173d6dfd7f0a?s=96&d=mm&r=g","caption":"LaMagh"},"sameAs":["https:\/\/monmaghreb.com","https:\/\/www.facebook.com\/monmaghrebcom","https:\/\/x.com\/MMaghreb50977"],"url":"https:\/\/monmaghreb.com\/index.php\/author\/lamagh\/"}]}},"_links":{"self":[{"href":"https:\/\/monmaghreb.com\/index.php\/wp-json\/wp\/v2\/posts\/1302","targetHints":{"allow":["GET"]}}],"collection":[{"href":"https:\/\/monmaghreb.com\/index.php\/wp-json\/wp\/v2\/posts"}],"about":[{"href":"https:\/\/monmaghreb.com\/index.php\/wp-json\/wp\/v2\/types\/post"}],"author":[{"embeddable":true,"href":"https:\/\/monmaghreb.com\/index.php\/wp-json\/wp\/v2\/users\/1"}],"replies":[{"embeddable":true,"href":"https:\/\/monmaghreb.com\/index.php\/wp-json\/wp\/v2\/comments?post=1302"}],"version-history":[{"count":1,"href":"https:\/\/monmaghreb.com\/index.php\/wp-json\/wp\/v2\/posts\/1302\/revisions"}],"predecessor-version":[{"id":1303,"href":"https:\/\/monmaghreb.com\/index.php\/wp-json\/wp\/v2\/posts\/1302\/revisions\/1303"}],"wp:featuredmedia":[{"embeddable":true,"href":"https:\/\/monmaghreb.com\/index.php\/wp-json\/wp\/v2\/media\/1301"}],"wp:attachment":[{"href":"https:\/\/monmaghreb.com\/index.php\/wp-json\/wp\/v2\/media?parent=1302"}],"wp:term":[{"taxonomy":"category","embeddable":true,"href":"https:\/\/monmaghreb.com\/index.php\/wp-json\/wp\/v2\/categories?post=1302"},{"taxonomy":"post_tag","embeddable":true,"href":"https:\/\/monmaghreb.com\/index.php\/wp-json\/wp\/v2\/tags?post=1302"}],"curies":[{"name":"wp","href":"https:\/\/api.w.org\/{rel}","templated":true}]}}