{"id":1317,"date":"2026-03-17T05:34:15","date_gmt":"2026-03-17T05:34:15","guid":{"rendered":"https:\/\/monmaghreb.com\/index.php\/2026\/03\/17\/la-valorisation-des-collections-publiques-de-tapis-marocains-sous-le-protectorat-francais-une-histoire-inegale\/"},"modified":"2026-03-17T05:34:19","modified_gmt":"2026-03-17T05:34:19","slug":"la-valorisation-des-collections-publiques-de-tapis-marocains-sous-le-protectorat-francais-une-histoire-inegale","status":"publish","type":"post","link":"https:\/\/monmaghreb.com\/index.php\/2026\/03\/17\/la-valorisation-des-collections-publiques-de-tapis-marocains-sous-le-protectorat-francais-une-histoire-inegale\/","title":{"rendered":"La valorisation des collections publiques de tapis marocains sous le protectorat fran\u00e7ais : une histoire in\u00e9gale"},"content":{"rendered":"<p><!DOCTYPE html><br \/>\n<html lang=\"fr\"><br \/>\n<head><br \/>\n    <meta charset=\"UTF-8\"><br \/>\n    <title>La valorisation des collections publiques de tapis marocains au temps du protectorat fran\u00e7ais<\/title><br \/>\n<\/head><br \/>\n<body><\/p>\n<h1>La valorisation des collections publiques de tapis marocains sous le protectorat fran\u00e7ais : une histoire in\u00e9gale<\/h1>\n<h2>Introduction<\/h2>\n<p>Les tapis marocains, avec leur richesse chromatique et leur diversit\u00e9 de motifs, repr\u00e9sentent un tr\u00e9sor culturel national que l&#8217;on trouve dans les collections publiques \u00e0 travers le monde. Pourtant, leur histoire sous le protectorat fran\u00e7ais a \u00e9t\u00e9 marqu\u00e9e par des processus complexes et contradictoires qui ont eu un impact sur leur valorisation et leur preservation.<\/p>\n<p>Les tapis marocains sont souvent consid\u00e9r\u00e9s comme une repr\u00e9sentation de la richesse culturelle du Maroc, mais leur histoire est \u00e9galement li\u00e9e \u00e0 l&#8217;histoire coloniale fran\u00e7aise. Les autorit\u00e9s coloniales ont collect\u00e9 des tapis marocains pour les pr\u00e9senter dans leurs mus\u00e9es et biblioth\u00e8ques, souvent sans respecter les droits culturels des <a href=\"https:\/\/monmaghreb.com\/index.php\/2026\/03\/11\/guide-complet-de-la-priere-de-laid-horaires-et-mosquees-pour-les-communautes-algerienne-tunisienne-et-marocaine-en-france\/\" title=\"Guide complet de la pri\u00e8re de l&#8217;A\u00efd : horaires et mosqu\u00e9es pour les communaut\u00e9s alg\u00e9rienne, tunisienne et marocaine en France\">communaut\u00e9s<\/a> berb\u00e8res qui les poss\u00e9daient.<\/p>\n<h2>Les collections publiques sous le protectorat fran\u00e7ais : un h\u00e9ritage controvers\u00e9<\/h2>\n<p>Lors du protectorat fran\u00e7ais, de nombreux tapis marocains ont \u00e9t\u00e9 collect\u00e9s par les autorit\u00e9s coloniales et des collectionneurs priv\u00e9s. Ces pi\u00e8ces sont devenues une partie int\u00e9grante des collections publiques de mus\u00e9es et de biblioth\u00e8ques dans diff\u00e9rents pays.<\/p>\n<p>Cependant, leur acquisition a souvent \u00e9t\u00e9 r\u00e9alis\u00e9e de mani\u00e8re controvers\u00e9e. Certains tapis ont \u00e9t\u00e9 vol\u00e9s ou obtenus de mani\u00e8re ill\u00e9gale, tout en entra\u00eenant des dommages irr\u00e9parables pour les communaut\u00e9s marocaines locales.<\/p>\n<ul>\n<li>Les tentatives d&#8217;acquisition ont souvent \u00e9t\u00e9 men\u00e9es sans respecter les droits culturels des communaut\u00e9s berb\u00e8res, qui \u00e9taient les cr\u00e9ateurs et les possesseurs originaux de ces tapis.<\/li>\n<li>Les collections publiques ont \u00e9galement \u00e9t\u00e9 mises en place pour servir une propagande colonialiste, pr\u00e9sentant un image idyllique de la vie marocaine sous le protectorat fran\u00e7ais.<\/li>\n<\/ul>\n<h2>La valorisation des tapis marocains au sein des collections publiques<\/h2>\n<p>Les tapis marocains sont devenus un objet d&#8217;int\u00e9r\u00eat pour les mus\u00e9es et les biblioth\u00e8ques, qui ont commenc\u00e9 \u00e0 pr\u00e9senter ces collections comme une preuve de l&#8217;influence culturelle du Maroc sous le protectorat fran\u00e7ais.<\/p>\n<p>Cependant, leur valorisation a \u00e9t\u00e9 marqu\u00e9e par des contradictions. D&#8217;une part, les tapis marocains ont \u00e9t\u00e9 pr\u00e9sent\u00e9s comme un exemple de la richesse et de la diversit\u00e9 culturelle marocaine, mais d&#8217;autre part ils ont \u00e9galement \u00e9t\u00e9 utilis\u00e9s pour glorifier le r\u00f4le colonial fran\u00e7ais.<\/p>\n<ul>\n<li>Les mus\u00e9es ont souvent concentr\u00e9 leur attention sur les tapis marocains qui \u00e9taient les plus typiques ou les plus embl\u00e9matiques du Maroc, laissant de c\u00f4t\u00e9 les productions moins connues mais \u00e9galement importantes.<\/li>\n<li>Les tapis marocains ont \u00e9t\u00e9 pr\u00e9sent\u00e9s en tant que produits traditionnels et folkloriques, sans prendre en compte leur fonction sociale et \u00e9conomique r\u00e9elle.<\/li>\n<\/ul>\n<h2>Les d\u00e9fis actuels pour la valorisation des collections publiques de tapis marocains<\/h2>\n<p>La valorisation des collections publiques de tapis marocains a \u00e9galement \u00e9t\u00e9 affect\u00e9e par des d\u00e9fis actuels, tels que l&#8217;absence d&#8217;expertise sp\u00e9cifique et la n\u00e9cessit\u00e9 de restaurer les tapis qui ont souffert de dommages irr\u00e9parables.<\/p>\n<ul>\n<li>Les mus\u00e9es et les biblioth\u00e8ques manquent souvent de personnel qualifi\u00e9 pour analyser et pr\u00e9senter correctement ces collections, entra\u00eenant des erreurs et des omissions dans leurs pr\u00e9sentations.<\/li>\n<li>Les tapis marocains ont \u00e9galement \u00e9t\u00e9 expos\u00e9s \u00e0 des conditions climatiques extr\u00eames, qui les ont d\u00e9grad\u00e9s et menac\u00e9 leur conservation longue dur\u00e9e.<\/li>\n<\/ul>\n<h2>L&#8217;action en cours pour promouvoir la valorisation des collections publiques de tapis marocains<\/h2>\n<p>Les communaut\u00e9s berb\u00e8res, les chercheurs et les mus\u00e9es sont engag\u00e9s dans une collaboration active pour promouvoir la valorisation des collections publiques de tapis marocains. Cette collaboration a pour objectif d&#8217;\u00e9tablir un dialogue entre les parties prenantes, de documenter et de restaurer les tapis marocains et de renforcer l&#8217;engagement public pour leur conservation longue dur\u00e9e.<\/p>\n<ul>\n<li>Les communaut\u00e9s berb\u00e8res ont collabor\u00e9 avec les mus\u00e9es pour identifier les tapis qui appartiennent \u00e0 leurs anc\u00eatres, et pour restaurer ces tapis en utilisant des techniques traditionnelles.<\/li>\n<li>Les chercheurs ont commenc\u00e9 \u00e0 \u00e9tudier l&#8217;histoire et la fonction sociale et \u00e9conomique r\u00e9elle des tapis marocains, en permettant aux communaut\u00e9s berb\u00e8res d&#8217;\u00eatre reconnaissances pour leur r\u00f4le cr\u00e9atif et culturel.<\/li>\n<li>Les mus\u00e9es ont \u00e9galement commenc\u00e9 \u00e0 pr\u00e9senter les collections publiques de tapis marocains de mani\u00e8re plus responsable, en r\u00e9digeant des \u00e9tiquettes claires et en collaborant avec les communaut\u00e9s berb\u00e8res pour pr\u00e9senter les histoires des tapis correctement.<\/li>\n<\/ul>\n<h2>Conclusion<\/h2>\n<p>La valorisation des collections publiques de tapis marocains sous le protectorat fran\u00e7ais a \u00e9t\u00e9 marqu\u00e9e par des processus complexes et contradictoires, mais il est important que les communaut\u00e9s berb\u00e8res, les chercheurs et les mus\u00e9es continuent \u00e0 travailler ensemble pour promouvoir la conservation et la reconnaissance de ces tr\u00e9sors culturels. Il est important qu&#8217;ils respectent les droits culturels des communaut\u00e9s berb\u00e8res et qu&#8217;ils fournissent une information pr\u00e9cise et responsable sur les tapis marocains.<\/p>\n<p>Cet effort collaboratif peut aider \u00e0 renforcer la compr\u00e9hension du r\u00f4le de ces tapis dans la culture marocaine, tout en pr\u00e9servant leur int\u00e9grit\u00e9 pour les g\u00e9n\u00e9rations futures.<\/p>\n<div style=\"background:#f8f9fa;border-left:4px solid #0066cc;border-radius:6px;padding:20px 24px;margin:32px 0;\">\n<p style=\"font-size:13px;color:#888;text-transform:uppercase;letter-spacing:0.8px;margin:0 0 6px 0;\">Vous pourriez aussi aimer<\/p>\n<h3 style=\"font-size:18px;margin:0 0 14px 0;color:#222;\">Articles similaires<\/h3>\n<ul style=\"margin:0;padding-left:20px;list-style:disc;\">\n<li style=\"margin-bottom:10px;\"><a href=\"https:\/\/monmaghreb.com\/index.php\/2026\/03\/11\/guide-complet-de-la-priere-de-laid-horaires-et-mosquees-pour-les-communautes-algerienne-tunisienne-et-marocaine-en-france\/\" style=\"color:#0066cc;text-decoration:none;font-weight:500;\" title=\"Guide complet de la pri\u00e8re de l&#8217;A\u00efd : horaires et mosqu\u00e9es pour les communaut\u00e9s alg\u00e9rienne, tunisienne et marocaine en France\">Guide complet de la pri\u00e8re de l&#8217;A\u00efd : horaires et mosqu\u00e9es pour les communaut\u00e9s alg\u00e9rienne, tunisienne et marocaine en France<\/a><\/li>\n<li style=\"margin-bottom:10px;\"><a href=\"https:\/\/monmaghreb.com\/index.php\/2026\/03\/16\/fontainebleau-celebre-la-mode-marocaine-avec-son-festival-de-lhistoire-de-lart\/\" style=\"color:#0066cc;text-decoration:none;font-weight:500;\" title=\"Fontainebleau c\u00e9l\u00e8bre la mode marocaine avec son Festival de l\u2019histoire de l&#8217;art\">Fontainebleau c\u00e9l\u00e8bre la mode marocaine avec son Festival de l\u2019histoire de l&#8217;art<\/a><\/li>\n<li style=\"margin-bottom:10px;\"><a href=\"https:\/\/monmaghreb.com\/index.php\/2026\/03\/15\/mariage-traditionnel-chandrilien-tout-savoir-sur-ce-mariage-maghrebin\/\" style=\"color:#0066cc;text-decoration:none;font-weight:500;\" title=\"Mariage traditionnel chandrilien : tout savoir sur ce mariage maghr\u00e9bin\">Mariage traditionnel chandrilien : tout savoir sur ce mariage maghr\u00e9bin<\/a><\/li>\n<li style=\"margin-bottom:10px;\"><a href=\"https:\/\/monmaghreb.com\/index.php\/2026\/03\/16\/le-prince-peter-de-sayn-se-marie-dans-la-tradition-shinto-a-tokyo-une-inspiration-pour-le-mariage-maghrebin\/\" style=\"color:#0066cc;text-decoration:none;font-weight:500;\" title=\"Le prince Peter de Sayn se marie dans la tradition shinto \u00e0 Tokyo : Une inspiration pour le mariage maghr\u00e9bin\">Le prince Peter de Sayn se marie dans la tradition shinto \u00e0 Tokyo : Une inspiration pour le mariage maghr\u00e9bin<\/a><\/li>\n<li style=\"margin-bottom:10px;\"><a href=\"https:\/\/monmaghreb.com\/index.php\/2026\/03\/16\/la-vraie-sagesse-et-leducation-des-enfants-guide-pour-une-education-responsable\/\" style=\"color:#0066cc;text-decoration:none;font-weight:500;\" title=\"La vraie sagesse et l&#8217;\u00e9ducation des enfants : guide pour une \u00e9ducation responsable\">La vraie sagesse et l&#8217;\u00e9ducation des enfants : guide pour une \u00e9ducation responsable<\/a><\/li>\n<\/ul>\n<\/div>\n<p><\/body><br \/>\n<\/html><\/p>\n","protected":false},"excerpt":{"rendered":"<p>D\u00e9couvrez comment l&#8217;\u00e9valuation des collections publiques de tapis marocains a \u00e9t\u00e9 influenc\u00e9e par le protectorat fran\u00e7ais. Une histoire in\u00e9gale.<\/p>\n","protected":false},"author":1,"featured_media":1316,"comment_status":"closed","ping_status":"open","sticky":false,"template":"","format":"standard","meta":{"_yoast_wpseo_focuskw":"historique tapis marocains","_yoast_wpseo_title":"La valorisation des collections publiques de tapis marocains","_yoast_wpseo_metadesc":"D\u00e9couvrez comment l'\u00e9valuation des collections publiques de tapis marocains a \u00e9t\u00e9 influenc\u00e9e par le protectorat fran\u00e7ais. Une histoire in\u00e9gale.","_yoast_wpseo_canonical":"","_yoast_wpseo_opengraph-title":"La valorisation des collections publiques de tapis marocains sous le protectorat fran\u00e7ais : une histoire in\u00e9gale","_yoast_wpseo_opengraph-description":"D\u00e9couvrez comment l'\u00e9valuation des collections publiques de tapis marocains a \u00e9t\u00e9 influenc\u00e9e par le protectorat fran\u00e7ais. Une histoire in\u00e9gale.","_yoast_wpseo_opengraph-image":"","tdm_status":"","tdm_grid_status":"","footnotes":""},"categories":[652],"tags":[1003,68,951,510,1002],"class_list":["post-1317","post","type-post","status-publish","format-standard","has-post-thumbnail","hentry","category-histoire-patrimoine","tag-artisanat-maghrebin","tag-culture-algerienne","tag-guide-historique","tag-histoire-coloniale-algerie","tag-tapis-marocain"],"yoast_head":"<!-- This site is optimized with the Yoast SEO plugin v27.5 - https:\/\/yoast.com\/product\/yoast-seo-wordpress\/ -->\n<title>La valorisation des collections publiques de tapis marocains<\/title>\n<meta name=\"description\" content=\"D\u00e9couvrez comment l&#039;\u00e9valuation des collections publiques de tapis marocains a \u00e9t\u00e9 influenc\u00e9e par le protectorat fran\u00e7ais. Une histoire in\u00e9gale.\" \/>\n<meta name=\"robots\" content=\"index, follow, max-snippet:-1, max-image-preview:large, max-video-preview:-1\" \/>\n<link rel=\"canonical\" href=\"https:\/\/monmaghreb.com\/index.php\/2026\/03\/17\/la-valorisation-des-collections-publiques-de-tapis-marocains-sous-le-protectorat-francais-une-histoire-inegale\/\" \/>\n<meta property=\"og:locale\" content=\"en_US\" \/>\n<meta property=\"og:type\" content=\"article\" \/>\n<meta property=\"og:title\" content=\"La valorisation des collections publiques de tapis marocains sous le protectorat fran\u00e7ais : une histoire in\u00e9gale\" \/>\n<meta property=\"og:description\" content=\"D\u00e9couvrez comment l&#039;\u00e9valuation des collections publiques de tapis marocains a \u00e9t\u00e9 influenc\u00e9e par le protectorat fran\u00e7ais. Une histoire in\u00e9gale.\" \/>\n<meta property=\"og:url\" content=\"https:\/\/monmaghreb.com\/index.php\/2026\/03\/17\/la-valorisation-des-collections-publiques-de-tapis-marocains-sous-le-protectorat-francais-une-histoire-inegale\/\" \/>\n<meta property=\"og:site_name\" content=\"Mon Maghreb\" \/>\n<meta property=\"article:author\" content=\"https:\/\/www.facebook.com\/monmaghrebcom\" \/>\n<meta property=\"article:published_time\" content=\"2026-03-17T05:34:15+00:00\" \/>\n<meta property=\"article:modified_time\" content=\"2026-03-17T05:34:19+00:00\" \/>\n<meta property=\"og:image\" content=\"https:\/\/monmaghreb.com\/wp-content\/uploads\/2026\/03\/featured-151.jpg\" \/>\n\t<meta property=\"og:image:width\" content=\"1880\" \/>\n\t<meta property=\"og:image:height\" content=\"1249\" \/>\n\t<meta property=\"og:image:type\" content=\"image\/jpeg\" \/>\n<meta name=\"author\" content=\"LaMagh\" \/>\n<meta name=\"twitter:card\" content=\"summary_large_image\" \/>\n<meta name=\"twitter:creator\" content=\"@MMaghreb50977\" \/>\n<meta name=\"twitter:label1\" content=\"Written by\" \/>\n\t<meta name=\"twitter:data1\" content=\"LaMagh\" \/>\n\t<meta name=\"twitter:label2\" content=\"Est. reading time\" \/>\n\t<meta name=\"twitter:data2\" content=\"5 minutes\" \/>\n<script type=\"application\/ld+json\" class=\"yoast-schema-graph\">{\"@context\":\"https:\\\/\\\/schema.org\",\"@graph\":[{\"@type\":\"Article\",\"@id\":\"https:\\\/\\\/monmaghreb.com\\\/index.php\\\/2026\\\/03\\\/17\\\/la-valorisation-des-collections-publiques-de-tapis-marocains-sous-le-protectorat-francais-une-histoire-inegale\\\/#article\",\"isPartOf\":{\"@id\":\"https:\\\/\\\/monmaghreb.com\\\/index.php\\\/2026\\\/03\\\/17\\\/la-valorisation-des-collections-publiques-de-tapis-marocains-sous-le-protectorat-francais-une-histoire-inegale\\\/\"},\"author\":{\"name\":\"LaMagh\",\"@id\":\"http:\\\/\\\/monmaghreb.com\\\/#\\\/schema\\\/person\\\/c469a89dc8c6b8987dcb438b1200d054\"},\"headline\":\"La valorisation des collections publiques de tapis marocains sous le protectorat fran\u00e7ais : une histoire in\u00e9gale\",\"datePublished\":\"2026-03-17T05:34:15+00:00\",\"dateModified\":\"2026-03-17T05:34:19+00:00\",\"mainEntityOfPage\":{\"@id\":\"https:\\\/\\\/monmaghreb.com\\\/index.php\\\/2026\\\/03\\\/17\\\/la-valorisation-des-collections-publiques-de-tapis-marocains-sous-le-protectorat-francais-une-histoire-inegale\\\/\"},\"wordCount\":991,\"publisher\":{\"@id\":\"http:\\\/\\\/monmaghreb.com\\\/#organization\"},\"image\":{\"@id\":\"https:\\\/\\\/monmaghreb.com\\\/index.php\\\/2026\\\/03\\\/17\\\/la-valorisation-des-collections-publiques-de-tapis-marocains-sous-le-protectorat-francais-une-histoire-inegale\\\/#primaryimage\"},\"thumbnailUrl\":\"https:\\\/\\\/monmaghreb.com\\\/wp-content\\\/uploads\\\/2026\\\/03\\\/featured-151.jpg\",\"keywords\":[\"artisanat maghr\u00e9bin\",\"culture alg\u00e9rienne\",\"guide historique\",\"Histoire coloniale Alg\u00e9rie\",\"tapis marocain\"],\"articleSection\":[\"Histoire &amp; Patrimoine\"],\"inLanguage\":\"en-US\"},{\"@type\":\"WebPage\",\"@id\":\"https:\\\/\\\/monmaghreb.com\\\/index.php\\\/2026\\\/03\\\/17\\\/la-valorisation-des-collections-publiques-de-tapis-marocains-sous-le-protectorat-francais-une-histoire-inegale\\\/\",\"url\":\"https:\\\/\\\/monmaghreb.com\\\/index.php\\\/2026\\\/03\\\/17\\\/la-valorisation-des-collections-publiques-de-tapis-marocains-sous-le-protectorat-francais-une-histoire-inegale\\\/\",\"name\":\"La valorisation des collections publiques de tapis marocains\",\"isPartOf\":{\"@id\":\"http:\\\/\\\/monmaghreb.com\\\/#website\"},\"primaryImageOfPage\":{\"@id\":\"https:\\\/\\\/monmaghreb.com\\\/index.php\\\/2026\\\/03\\\/17\\\/la-valorisation-des-collections-publiques-de-tapis-marocains-sous-le-protectorat-francais-une-histoire-inegale\\\/#primaryimage\"},\"image\":{\"@id\":\"https:\\\/\\\/monmaghreb.com\\\/index.php\\\/2026\\\/03\\\/17\\\/la-valorisation-des-collections-publiques-de-tapis-marocains-sous-le-protectorat-francais-une-histoire-inegale\\\/#primaryimage\"},\"thumbnailUrl\":\"https:\\\/\\\/monmaghreb.com\\\/wp-content\\\/uploads\\\/2026\\\/03\\\/featured-151.jpg\",\"datePublished\":\"2026-03-17T05:34:15+00:00\",\"dateModified\":\"2026-03-17T05:34:19+00:00\",\"description\":\"D\u00e9couvrez comment l'\u00e9valuation des collections publiques de tapis marocains a \u00e9t\u00e9 influenc\u00e9e par le protectorat fran\u00e7ais. Une histoire in\u00e9gale.\",\"breadcrumb\":{\"@id\":\"https:\\\/\\\/monmaghreb.com\\\/index.php\\\/2026\\\/03\\\/17\\\/la-valorisation-des-collections-publiques-de-tapis-marocains-sous-le-protectorat-francais-une-histoire-inegale\\\/#breadcrumb\"},\"inLanguage\":\"en-US\",\"potentialAction\":[{\"@type\":\"ReadAction\",\"target\":[\"https:\\\/\\\/monmaghreb.com\\\/index.php\\\/2026\\\/03\\\/17\\\/la-valorisation-des-collections-publiques-de-tapis-marocains-sous-le-protectorat-francais-une-histoire-inegale\\\/\"]}]},{\"@type\":\"ImageObject\",\"inLanguage\":\"en-US\",\"@id\":\"https:\\\/\\\/monmaghreb.com\\\/index.php\\\/2026\\\/03\\\/17\\\/la-valorisation-des-collections-publiques-de-tapis-marocains-sous-le-protectorat-francais-une-histoire-inegale\\\/#primaryimage\",\"url\":\"https:\\\/\\\/monmaghreb.com\\\/wp-content\\\/uploads\\\/2026\\\/03\\\/featured-151.jpg\",\"contentUrl\":\"https:\\\/\\\/monmaghreb.com\\\/wp-content\\\/uploads\\\/2026\\\/03\\\/featured-151.jpg\",\"width\":1880,\"height\":1249,\"caption\":\"Tapis marocain expos\u00e9 dans une galerie publique sous le protectorat fran\u00e7ais\"},{\"@type\":\"BreadcrumbList\",\"@id\":\"https:\\\/\\\/monmaghreb.com\\\/index.php\\\/2026\\\/03\\\/17\\\/la-valorisation-des-collections-publiques-de-tapis-marocains-sous-le-protectorat-francais-une-histoire-inegale\\\/#breadcrumb\",\"itemListElement\":[{\"@type\":\"ListItem\",\"position\":1,\"name\":\"Home\",\"item\":\"http:\\\/\\\/monmaghreb.com\\\/\"},{\"@type\":\"ListItem\",\"position\":2,\"name\":\"La valorisation des collections publiques de tapis marocains sous le protectorat fran\u00e7ais : une histoire in\u00e9gale\"}]},{\"@type\":\"WebSite\",\"@id\":\"http:\\\/\\\/monmaghreb.com\\\/#website\",\"url\":\"http:\\\/\\\/monmaghreb.com\\\/\",\"name\":\"Mon Maghreb\",\"description\":\"MonMaghreb United\",\"publisher\":{\"@id\":\"http:\\\/\\\/monmaghreb.com\\\/#organization\"},\"alternateName\":\"Le Monde du Maghreb et au del\u00e0\",\"potentialAction\":[{\"@type\":\"SearchAction\",\"target\":{\"@type\":\"EntryPoint\",\"urlTemplate\":\"http:\\\/\\\/monmaghreb.com\\\/?s={search_term_string}\"},\"query-input\":{\"@type\":\"PropertyValueSpecification\",\"valueRequired\":true,\"valueName\":\"search_term_string\"}}],\"inLanguage\":\"en-US\"},{\"@type\":\"Organization\",\"@id\":\"http:\\\/\\\/monmaghreb.com\\\/#organization\",\"name\":\"Mon Maghreb\",\"url\":\"http:\\\/\\\/monmaghreb.com\\\/\",\"logo\":{\"@type\":\"ImageObject\",\"inLanguage\":\"en-US\",\"@id\":\"http:\\\/\\\/monmaghreb.com\\\/#\\\/schema\\\/logo\\\/image\\\/\",\"url\":\"https:\\\/\\\/monmaghreb.com\\\/wp-content\\\/uploads\\\/2025\\\/12\\\/Mon_Maghreb_Logo.jpg\",\"contentUrl\":\"https:\\\/\\\/monmaghreb.com\\\/wp-content\\\/uploads\\\/2025\\\/12\\\/Mon_Maghreb_Logo.jpg\",\"width\":814,\"height\":374,\"caption\":\"Mon Maghreb\"},\"image\":{\"@id\":\"http:\\\/\\\/monmaghreb.com\\\/#\\\/schema\\\/logo\\\/image\\\/\"}},{\"@type\":\"Person\",\"@id\":\"http:\\\/\\\/monmaghreb.com\\\/#\\\/schema\\\/person\\\/c469a89dc8c6b8987dcb438b1200d054\",\"name\":\"LaMagh\",\"image\":{\"@type\":\"ImageObject\",\"inLanguage\":\"en-US\",\"@id\":\"https:\\\/\\\/secure.gravatar.com\\\/avatar\\\/399d8144bd55fba55e056779aca52fe528bac7911f6449e54d81173d6dfd7f0a?s=96&d=mm&r=g\",\"url\":\"https:\\\/\\\/secure.gravatar.com\\\/avatar\\\/399d8144bd55fba55e056779aca52fe528bac7911f6449e54d81173d6dfd7f0a?s=96&d=mm&r=g\",\"contentUrl\":\"https:\\\/\\\/secure.gravatar.com\\\/avatar\\\/399d8144bd55fba55e056779aca52fe528bac7911f6449e54d81173d6dfd7f0a?s=96&d=mm&r=g\",\"caption\":\"LaMagh\"},\"sameAs\":[\"https:\\\/\\\/monmaghreb.com\",\"https:\\\/\\\/www.facebook.com\\\/monmaghrebcom\",\"https:\\\/\\\/x.com\\\/MMaghreb50977\"],\"url\":\"https:\\\/\\\/monmaghreb.com\\\/index.php\\\/author\\\/lamagh\\\/\"}]}<\/script>\n<!-- \/ Yoast SEO plugin. -->","yoast_head_json":{"title":"La valorisation des collections publiques de tapis marocains","description":"D\u00e9couvrez comment l'\u00e9valuation des collections publiques de tapis marocains a \u00e9t\u00e9 influenc\u00e9e par le protectorat fran\u00e7ais. Une histoire in\u00e9gale.","robots":{"index":"index","follow":"follow","max-snippet":"max-snippet:-1","max-image-preview":"max-image-preview:large","max-video-preview":"max-video-preview:-1"},"canonical":"https:\/\/monmaghreb.com\/index.php\/2026\/03\/17\/la-valorisation-des-collections-publiques-de-tapis-marocains-sous-le-protectorat-francais-une-histoire-inegale\/","og_locale":"en_US","og_type":"article","og_title":"La valorisation des collections publiques de tapis marocains sous le protectorat fran\u00e7ais : une histoire in\u00e9gale","og_description":"D\u00e9couvrez comment l'\u00e9valuation des collections publiques de tapis marocains a \u00e9t\u00e9 influenc\u00e9e par le protectorat fran\u00e7ais. Une histoire in\u00e9gale.","og_url":"https:\/\/monmaghreb.com\/index.php\/2026\/03\/17\/la-valorisation-des-collections-publiques-de-tapis-marocains-sous-le-protectorat-francais-une-histoire-inegale\/","og_site_name":"Mon Maghreb","article_author":"https:\/\/www.facebook.com\/monmaghrebcom","article_published_time":"2026-03-17T05:34:15+00:00","article_modified_time":"2026-03-17T05:34:19+00:00","og_image":[{"width":1880,"height":1249,"url":"https:\/\/monmaghreb.com\/wp-content\/uploads\/2026\/03\/featured-151.jpg","type":"image\/jpeg"}],"author":"LaMagh","twitter_card":"summary_large_image","twitter_creator":"@MMaghreb50977","twitter_misc":{"Written by":"LaMagh","Est. reading time":"5 minutes"},"schema":{"@context":"https:\/\/schema.org","@graph":[{"@type":"Article","@id":"https:\/\/monmaghreb.com\/index.php\/2026\/03\/17\/la-valorisation-des-collections-publiques-de-tapis-marocains-sous-le-protectorat-francais-une-histoire-inegale\/#article","isPartOf":{"@id":"https:\/\/monmaghreb.com\/index.php\/2026\/03\/17\/la-valorisation-des-collections-publiques-de-tapis-marocains-sous-le-protectorat-francais-une-histoire-inegale\/"},"author":{"name":"LaMagh","@id":"http:\/\/monmaghreb.com\/#\/schema\/person\/c469a89dc8c6b8987dcb438b1200d054"},"headline":"La valorisation des collections publiques de tapis marocains sous le protectorat fran\u00e7ais : une histoire in\u00e9gale","datePublished":"2026-03-17T05:34:15+00:00","dateModified":"2026-03-17T05:34:19+00:00","mainEntityOfPage":{"@id":"https:\/\/monmaghreb.com\/index.php\/2026\/03\/17\/la-valorisation-des-collections-publiques-de-tapis-marocains-sous-le-protectorat-francais-une-histoire-inegale\/"},"wordCount":991,"publisher":{"@id":"http:\/\/monmaghreb.com\/#organization"},"image":{"@id":"https:\/\/monmaghreb.com\/index.php\/2026\/03\/17\/la-valorisation-des-collections-publiques-de-tapis-marocains-sous-le-protectorat-francais-une-histoire-inegale\/#primaryimage"},"thumbnailUrl":"https:\/\/monmaghreb.com\/wp-content\/uploads\/2026\/03\/featured-151.jpg","keywords":["artisanat maghr\u00e9bin","culture alg\u00e9rienne","guide historique","Histoire coloniale Alg\u00e9rie","tapis marocain"],"articleSection":["Histoire &amp; Patrimoine"],"inLanguage":"en-US"},{"@type":"WebPage","@id":"https:\/\/monmaghreb.com\/index.php\/2026\/03\/17\/la-valorisation-des-collections-publiques-de-tapis-marocains-sous-le-protectorat-francais-une-histoire-inegale\/","url":"https:\/\/monmaghreb.com\/index.php\/2026\/03\/17\/la-valorisation-des-collections-publiques-de-tapis-marocains-sous-le-protectorat-francais-une-histoire-inegale\/","name":"La valorisation des collections publiques de tapis marocains","isPartOf":{"@id":"http:\/\/monmaghreb.com\/#website"},"primaryImageOfPage":{"@id":"https:\/\/monmaghreb.com\/index.php\/2026\/03\/17\/la-valorisation-des-collections-publiques-de-tapis-marocains-sous-le-protectorat-francais-une-histoire-inegale\/#primaryimage"},"image":{"@id":"https:\/\/monmaghreb.com\/index.php\/2026\/03\/17\/la-valorisation-des-collections-publiques-de-tapis-marocains-sous-le-protectorat-francais-une-histoire-inegale\/#primaryimage"},"thumbnailUrl":"https:\/\/monmaghreb.com\/wp-content\/uploads\/2026\/03\/featured-151.jpg","datePublished":"2026-03-17T05:34:15+00:00","dateModified":"2026-03-17T05:34:19+00:00","description":"D\u00e9couvrez comment l'\u00e9valuation des collections publiques de tapis marocains a \u00e9t\u00e9 influenc\u00e9e par le protectorat fran\u00e7ais. Une histoire in\u00e9gale.","breadcrumb":{"@id":"https:\/\/monmaghreb.com\/index.php\/2026\/03\/17\/la-valorisation-des-collections-publiques-de-tapis-marocains-sous-le-protectorat-francais-une-histoire-inegale\/#breadcrumb"},"inLanguage":"en-US","potentialAction":[{"@type":"ReadAction","target":["https:\/\/monmaghreb.com\/index.php\/2026\/03\/17\/la-valorisation-des-collections-publiques-de-tapis-marocains-sous-le-protectorat-francais-une-histoire-inegale\/"]}]},{"@type":"ImageObject","inLanguage":"en-US","@id":"https:\/\/monmaghreb.com\/index.php\/2026\/03\/17\/la-valorisation-des-collections-publiques-de-tapis-marocains-sous-le-protectorat-francais-une-histoire-inegale\/#primaryimage","url":"https:\/\/monmaghreb.com\/wp-content\/uploads\/2026\/03\/featured-151.jpg","contentUrl":"https:\/\/monmaghreb.com\/wp-content\/uploads\/2026\/03\/featured-151.jpg","width":1880,"height":1249,"caption":"Tapis marocain expos\u00e9 dans une galerie publique sous le protectorat fran\u00e7ais"},{"@type":"BreadcrumbList","@id":"https:\/\/monmaghreb.com\/index.php\/2026\/03\/17\/la-valorisation-des-collections-publiques-de-tapis-marocains-sous-le-protectorat-francais-une-histoire-inegale\/#breadcrumb","itemListElement":[{"@type":"ListItem","position":1,"name":"Home","item":"http:\/\/monmaghreb.com\/"},{"@type":"ListItem","position":2,"name":"La valorisation des collections publiques de tapis marocains sous le protectorat fran\u00e7ais : une histoire in\u00e9gale"}]},{"@type":"WebSite","@id":"http:\/\/monmaghreb.com\/#website","url":"http:\/\/monmaghreb.com\/","name":"Mon Maghreb","description":"MonMaghreb United","publisher":{"@id":"http:\/\/monmaghreb.com\/#organization"},"alternateName":"Le Monde du Maghreb et au del\u00e0","potentialAction":[{"@type":"SearchAction","target":{"@type":"EntryPoint","urlTemplate":"http:\/\/monmaghreb.com\/?s={search_term_string}"},"query-input":{"@type":"PropertyValueSpecification","valueRequired":true,"valueName":"search_term_string"}}],"inLanguage":"en-US"},{"@type":"Organization","@id":"http:\/\/monmaghreb.com\/#organization","name":"Mon Maghreb","url":"http:\/\/monmaghreb.com\/","logo":{"@type":"ImageObject","inLanguage":"en-US","@id":"http:\/\/monmaghreb.com\/#\/schema\/logo\/image\/","url":"https:\/\/monmaghreb.com\/wp-content\/uploads\/2025\/12\/Mon_Maghreb_Logo.jpg","contentUrl":"https:\/\/monmaghreb.com\/wp-content\/uploads\/2025\/12\/Mon_Maghreb_Logo.jpg","width":814,"height":374,"caption":"Mon Maghreb"},"image":{"@id":"http:\/\/monmaghreb.com\/#\/schema\/logo\/image\/"}},{"@type":"Person","@id":"http:\/\/monmaghreb.com\/#\/schema\/person\/c469a89dc8c6b8987dcb438b1200d054","name":"LaMagh","image":{"@type":"ImageObject","inLanguage":"en-US","@id":"https:\/\/secure.gravatar.com\/avatar\/399d8144bd55fba55e056779aca52fe528bac7911f6449e54d81173d6dfd7f0a?s=96&d=mm&r=g","url":"https:\/\/secure.gravatar.com\/avatar\/399d8144bd55fba55e056779aca52fe528bac7911f6449e54d81173d6dfd7f0a?s=96&d=mm&r=g","contentUrl":"https:\/\/secure.gravatar.com\/avatar\/399d8144bd55fba55e056779aca52fe528bac7911f6449e54d81173d6dfd7f0a?s=96&d=mm&r=g","caption":"LaMagh"},"sameAs":["https:\/\/monmaghreb.com","https:\/\/www.facebook.com\/monmaghrebcom","https:\/\/x.com\/MMaghreb50977"],"url":"https:\/\/monmaghreb.com\/index.php\/author\/lamagh\/"}]}},"_links":{"self":[{"href":"https:\/\/monmaghreb.com\/index.php\/wp-json\/wp\/v2\/posts\/1317","targetHints":{"allow":["GET"]}}],"collection":[{"href":"https:\/\/monmaghreb.com\/index.php\/wp-json\/wp\/v2\/posts"}],"about":[{"href":"https:\/\/monmaghreb.com\/index.php\/wp-json\/wp\/v2\/types\/post"}],"author":[{"embeddable":true,"href":"https:\/\/monmaghreb.com\/index.php\/wp-json\/wp\/v2\/users\/1"}],"replies":[{"embeddable":true,"href":"https:\/\/monmaghreb.com\/index.php\/wp-json\/wp\/v2\/comments?post=1317"}],"version-history":[{"count":1,"href":"https:\/\/monmaghreb.com\/index.php\/wp-json\/wp\/v2\/posts\/1317\/revisions"}],"predecessor-version":[{"id":1318,"href":"https:\/\/monmaghreb.com\/index.php\/wp-json\/wp\/v2\/posts\/1317\/revisions\/1318"}],"wp:featuredmedia":[{"embeddable":true,"href":"https:\/\/monmaghreb.com\/index.php\/wp-json\/wp\/v2\/media\/1316"}],"wp:attachment":[{"href":"https:\/\/monmaghreb.com\/index.php\/wp-json\/wp\/v2\/media?parent=1317"}],"wp:term":[{"taxonomy":"category","embeddable":true,"href":"https:\/\/monmaghreb.com\/index.php\/wp-json\/wp\/v2\/categories?post=1317"},{"taxonomy":"post_tag","embeddable":true,"href":"https:\/\/monmaghreb.com\/index.php\/wp-json\/wp\/v2\/tags?post=1317"}],"curies":[{"name":"wp","href":"https:\/\/api.w.org\/{rel}","templated":true}]}}