{"id":1320,"date":"2026-03-17T07:07:47","date_gmt":"2026-03-17T07:07:47","guid":{"rendered":"https:\/\/monmaghreb.com\/index.php\/2026\/03\/17\/voyage-voyage-revient-au-maroc-les-stars-qui-y-chanteront\/"},"modified":"2026-03-17T07:07:52","modified_gmt":"2026-03-17T07:07:52","slug":"voyage-voyage-revient-au-maroc-les-stars-qui-y-chanteront","status":"publish","type":"post","link":"https:\/\/monmaghreb.com\/index.php\/2026\/03\/17\/voyage-voyage-revient-au-maroc-les-stars-qui-y-chanteront\/","title":{"rendered":"Voyage Voyage revient au Maroc : les stars qui y chanteront"},"content":{"rendered":"<p><!DOCTYPE html><br \/>\n<html lang='fr'><br \/>\n<head><br \/>\n  <meta charset='UTF-8'><br \/>\n  <meta name='viewport' content='width=device-width, initial-scale=1.0'><br \/>\n  <title>Voyage Voyage revient au Maroc : les stars qui y chanteront<\/title><br \/>\n<\/head><br \/>\n<body><\/p>\n<h1>Voyage Voyage revient au Maroc : les stars qui y chanteront<\/h1>\n<p>Apr\u00e8s une ann\u00e9e riche en d\u00e9couverte de talents inconnus, la nouvelle \u00e9dition de l&#8217;\u00e9mission musicale fran\u00e7aise Voyage Voyage se pr\u00e9pare pour un retour au Maroc. Cette fois-ci, c&#8217;est avec plus de frisson que les fans marocains et la diaspora attendent avec impatience le retour de leur \u00e9mission pr\u00e9f\u00e9r\u00e9e, qui leur permettra de d\u00e9couvrir ou revoir leurs stars pr\u00e9f\u00e9r\u00e9es en live.<\/p>\n<h2>Les invit\u00e9s de l&#8217;\u00e9mission<\/h2>\n<p>Au programme de cette \u00e9dition sp\u00e9ciale, une liste d&#8217;invit\u00e9s exceptionnels qui ont fait leur marque dans le monde musical :<\/p>\n<ul>\n<li><strong>Amir Haddad<\/strong>, le chanteur marocain qui a suivi le fil rouge de son succ\u00e8s en France avec sa chanson culte &#8220;C&#8217;est ma vie&#8221;. Il a \u00e9galement collabor\u00e9 avec des stars fran\u00e7aises comme Maitre Gims et Omar Perry, \u00e9largissant ainsi son public.<\/li>\n<li><strong>Souad Massi<\/strong>, l&#8217;artiste alg\u00e9rienne qui m\u00e9lange le rock, la musique traditionnelle et les rythmes africains pour cr\u00e9er une musique unique. Elle a d\u00e9j\u00e0 collabor\u00e9 avec des artistes internationaux tels que Manu Chao et Sting.<\/li>\n<li><strong>Morad Boudia<\/strong>, un chanteur marocain qui a remport\u00e9 de nombreux prix, notamment le prix du meilleur album arabe \u00e0 l&#8217;Arabic Music Awards 2018. Ses chansons sont marqu\u00e9es par une fusion de rythmes maghr\u00e9bins et modernes, ce qui en fait un artiste incontournable.<\/li>\n<li><strong>Redouanne Ait El Maati<\/strong>, un rappeur marocain qui a connu le succ\u00e8s en 2018 avec sa chanson &#8220;Habibi&#8221;. Il est souvent compar\u00e9 \u00e0 des artistes comme MHD et Booba, \u00e9largissant ainsi son public.<\/li>\n<li><strong>Faouzia<\/strong>, une jeune chanteuse maroco-canadienne qui a fait ses d\u00e9buts sur la sc\u00e8ne internationale avec sa chanson &#8220;Kings &#038; Queens&#8221;. Elle a collabor\u00e9 avec des artistes comme Timbaland et Ti\u00ebsto, \u00e9largissant ainsi son public.<\/li>\n<\/ul>\n<h2>L&#8217;\u00e9mission musicale Voyage Voyage<\/h2>\n<p>Voyage Voyage est une \u00e9mission musicale fran\u00e7aise cr\u00e9\u00e9e en 2016 par Jean-Marc Morandini et \u00c9lie Semoun. Elle a permis de d\u00e9couvrir de nombreux talents marocains, tels que Sa\u00efd Mrini, Yassine Bounoua ou encore Rachid El Ouali.<\/p>\n<p>Le concept est simple : des invit\u00e9s sont s\u00e9lectionn\u00e9s pour interpr\u00e9ter un titre embl\u00e9matique de leur carri\u00e8re en live devant un public d&#8217;amateurs. Les performances les plus appr\u00e9ci\u00e9es sont r\u00e9compens\u00e9es par des prix, dont le Grand Prix Voyage Voyage.<\/p>\n<p>Cette \u00e9dition sp\u00e9ciale au Maroc est attendue avec impatience, car il s&#8217;agit de la premi\u00e8re fois que l&#8217;\u00e9mission se produit \u00e0 l&#8217;ext\u00e9rieur de la France. Cela repr\u00e9sente un d\u00e9fi pour les organisateurs, mais \u00e9galement une opportunit\u00e9 pour les fans marocains et la diaspora de vivre cette exp\u00e9rience inoubliable.<\/p>\n<h2>La date et le lieu de l&#8217;\u00e9v\u00e9nement<\/h2>\n<p>L&#8217;\u00e9mission Voyage Voyage au Maroc aura lieu le 30 avril prochain \u00e0 Rabat, dans un cadre <a href=\"https:\/\/monmaghreb.com\/index.php\/2026\/03\/15\/voyage-voyage-les-stars-chantent-au-maroc-un-hommage-exceptionnel-a-la-beaute-du-royaume\/\" title=\"Voyage Voyage : les stars chantent au Maroc &#8211; Un hommage exceptionnel \u00e0 la beaut\u00e9 du Royaume\">exceptionnel<\/a> : le Jardin d&#8217;Essais du Bouregreg.<\/p>\n<p>Le Bouregreg est une zone de conservation naturelle situ\u00e9e sur les berges du fleuve Oum Er-Rbia. Elle regroupe des espaces bois\u00e9s, des terres agricoles et des prairies humides. C&#8217;est un endroit id\u00e9al pour une soir\u00e9e musicale en plein air, avec la lune se refl\u00e9tant sur le fleuve et les \u00e9toiles brillant dans le ciel.<\/p>\n<p>Les billets sont d\u00e9j\u00e0 \u00e0 vendre sur le site de l&#8217;\u00e9mission. Vous pouvez les acheter \u00e0 partir de 25 \u20ac, ce qui repr\u00e9sente une occasion unique pour vivre cette exp\u00e9rience musicale en famille ou entre amis.<\/p>\n<h2>Un \u00e9v\u00e9nement pour la diaspora marocaine<\/h2>\n<p>Cet \u00e9v\u00e9nement est une occasion unique pour la diaspora marocaine de revenir dans son pays natal et d&#8217;assister \u00e0 un spectacle musical exceptionnel. C&#8217;est \u00e9galement une occasion de partager cette soir\u00e9e avec des amis, des familles ou des coll\u00e8gues.<\/p>\n<p>N&#8217;h\u00e9sitez pas \u00e0 inviter autant de personnes que vous le souhaitez pour vivre ensemble ce moment inoubliable. Au programme : une soir\u00e9e pleine d&#8217;\u00e9motions et de musique, avec les meilleurs artistes marocains et fran\u00e7ais. N&#8217;h\u00e9sitez pas \u00e0 \u00eatre l\u00e0 !<\/p>\n<p>En r\u00e9sum\u00e9, l&#8217;\u00e9mission Voyage Voyage au Maroc est un \u00e9v\u00e9nement incontournable pour les fans de la musique arabe et fran\u00e7aise, ainsi que pour la diaspora marocaine qui se retrouve dans ce spectacle musical exceptionnel. N&#8217;h\u00e9sitez pas \u00e0 vous y rendre !<\/p>\n<p>Au programme : Amir Haddad, Souad Massi, Morad Boudia, Redouanne Ait El Maati et Faouzia en concert live au Jardin d&#8217;Essais du Bouregreg le 30 avril prochain. N&#8217;h\u00e9sitez pas \u00e0 acheter vos billets maintenant !<\/p>\n<div style=\"background:#f8f9fa;border-left:4px solid #0066cc;border-radius:6px;padding:20px 24px;margin:32px 0;\">\n<p style=\"font-size:13px;color:#888;text-transform:uppercase;letter-spacing:0.8px;margin:0 0 6px 0;\">Vous pourriez aussi aimer<\/p>\n<h3 style=\"font-size:18px;margin:0 0 14px 0;color:#222;\">Articles similaires<\/h3>\n<ul style=\"margin:0;padding-left:20px;list-style:disc;\">\n<li style=\"margin-bottom:10px;\"><a href=\"https:\/\/monmaghreb.com\/index.php\/2026\/03\/15\/voyage-voyage-les-stars-chantent-au-maroc-un-hommage-exceptionnel-a-la-beaute-du-royaume\/\" style=\"color:#0066cc;text-decoration:none;font-weight:500;\" title=\"Voyage Voyage : les stars chantent au Maroc &#8211; Un hommage exceptionnel \u00e0 la beaut\u00e9 du Royaume\">Voyage Voyage : les stars chantent au Maroc &#8211; Un hommage exceptionnel \u00e0 la beaut\u00e9 du Royaume<\/a><\/li>\n<li style=\"margin-bottom:10px;\"><a href=\"https:\/\/monmaghreb.com\/index.php\/2026\/03\/11\/guide-complet-de-la-priere-de-laid-horaires-et-mosquees-pour-les-communautes-algerienne-tunisienne-et-marocaine-en-france\/\" style=\"color:#0066cc;text-decoration:none;font-weight:500;\" title=\"Guide complet de la pri\u00e8re de l&#8217;A\u00efd : horaires et mosqu\u00e9es pour les communaut\u00e9s alg\u00e9rienne, tunisienne et marocaine en France\">Guide complet de la pri\u00e8re de l&#8217;A\u00efd : horaires et mosqu\u00e9es pour les communaut\u00e9s alg\u00e9rienne, tunisienne et marocaine en France<\/a><\/li>\n<li style=\"margin-bottom:10px;\"><a href=\"https:\/\/monmaghreb.com\/index.php\/2026\/03\/11\/ait-ben-haddou-la-medievale-cite-marocaine-au-coeur-du-patrimoine-culturel\/\" style=\"color:#0066cc;text-decoration:none;font-weight:500;\" title=\"Ait Ben Haddou : la m\u00e9di\u00e9vale cit\u00e9 marocaine au c\u0153ur du patrimoine culturel\">Ait Ben Haddou : la m\u00e9di\u00e9vale cit\u00e9 marocaine au c\u0153ur du patrimoine culturel<\/a><\/li>\n<li style=\"margin-bottom:10px;\"><a href=\"https:\/\/monmaghreb.com\/index.php\/2026\/03\/16\/le-nouveau-numero-de-lemission-can-revele-le-maroc-en-mode-france-98-une-revolution-dans-la-television-maghrebine\/\" style=\"color:#0066cc;text-decoration:none;font-weight:500;\" title=\"Le nouveau num\u00e9ro de L&#8217;\u00c9mission CAN r\u00e9v\u00e8le le Maroc en mode France 98 : Une r\u00e9volution dans la t\u00e9l\u00e9vision maghr\u00e9bine\">Le nouveau num\u00e9ro de L&#8217;\u00c9mission CAN r\u00e9v\u00e8le le Maroc en mode France 98 : Une r\u00e9volution dans la t\u00e9l\u00e9vision maghr\u00e9bine<\/a><\/li>\n<li style=\"margin-bottom:10px;\"><a href=\"https:\/\/monmaghreb.com\/index.php\/2026\/03\/16\/la-vraie-sagesse-et-leducation-des-enfants-guide-pour-une-education-responsable\/\" style=\"color:#0066cc;text-decoration:none;font-weight:500;\" title=\"La vraie sagesse et l&#8217;\u00e9ducation des enfants : guide pour une \u00e9ducation responsable\">La vraie sagesse et l&#8217;\u00e9ducation des enfants : guide pour une \u00e9ducation responsable<\/a><\/li>\n<\/ul>\n<\/div>\n<p><\/body><br \/>\n<\/html><\/p>\n","protected":false},"excerpt":{"rendered":"<p>Discover the stars performing at Voyage Voyage&#8217;s return to Morocco. Don&#8217;t miss your favorite artists in this highly-anticipated event!<\/p>\n","protected":false},"author":1,"featured_media":1319,"comment_status":"closed","ping_status":"open","sticky":false,"template":"","format":"standard","meta":{"_yoast_wpseo_focuskw":"voyage voyage maroc","_yoast_wpseo_title":"Voyage Voyage revient au Maroc : les stars qui y chanteront","_yoast_wpseo_metadesc":"Discover the stars performing at Voyage Voyage's return to Morocco. Don't miss your favorite artists in this highly-anticipated event!","_yoast_wpseo_canonical":"","_yoast_wpseo_opengraph-title":"Voyage Voyage revient au Maroc : les stars qui y chanteront","_yoast_wpseo_opengraph-description":"Discover the stars performing at Voyage Voyage's return to Morocco. Don't miss your favorite artists in this highly-anticipated event!","_yoast_wpseo_opengraph-image":"","tdm_status":"","tdm_grid_status":"","footnotes":""},"categories":[655],"tags":[1008,1006,1007,1005,1004],"class_list":["post-1320","post","type-post","status-publish","format-standard","has-post-thumbnail","hentry","category-maroc","tag-entertainment-guide","tag-french-diaspora","tag-marocaine-culture","tag-moroccan-talent","tag-music-television"],"yoast_head":"<!-- This site is optimized with the Yoast SEO plugin v27.5 - https:\/\/yoast.com\/product\/yoast-seo-wordpress\/ -->\n<title>Voyage Voyage revient au Maroc : les stars qui y chanteront<\/title>\n<meta name=\"description\" content=\"Discover the stars performing at Voyage Voyage&#039;s return to Morocco. Don&#039;t miss your favorite artists in this highly-anticipated event!\" \/>\n<meta name=\"robots\" content=\"index, follow, max-snippet:-1, max-image-preview:large, max-video-preview:-1\" \/>\n<link rel=\"canonical\" href=\"https:\/\/monmaghreb.com\/index.php\/2026\/03\/17\/voyage-voyage-revient-au-maroc-les-stars-qui-y-chanteront\/\" \/>\n<meta property=\"og:locale\" content=\"en_US\" \/>\n<meta property=\"og:type\" content=\"article\" \/>\n<meta property=\"og:title\" content=\"Voyage Voyage revient au Maroc : les stars qui y chanteront\" \/>\n<meta property=\"og:description\" content=\"Discover the stars performing at Voyage Voyage&#039;s return to Morocco. Don&#039;t miss your favorite artists in this highly-anticipated event!\" \/>\n<meta property=\"og:url\" content=\"https:\/\/monmaghreb.com\/index.php\/2026\/03\/17\/voyage-voyage-revient-au-maroc-les-stars-qui-y-chanteront\/\" \/>\n<meta property=\"og:site_name\" content=\"Mon Maghreb\" \/>\n<meta property=\"article:author\" content=\"https:\/\/www.facebook.com\/monmaghrebcom\" \/>\n<meta property=\"article:published_time\" content=\"2026-03-17T07:07:47+00:00\" \/>\n<meta property=\"article:modified_time\" content=\"2026-03-17T07:07:52+00:00\" \/>\n<meta property=\"og:image\" content=\"https:\/\/monmaghreb.com\/wp-content\/uploads\/2026\/03\/featured-152.jpg\" \/>\n\t<meta property=\"og:image:width\" content=\"1880\" \/>\n\t<meta property=\"og:image:height\" content=\"1253\" \/>\n\t<meta property=\"og:image:type\" content=\"image\/jpeg\" \/>\n<meta name=\"author\" content=\"LaMagh\" \/>\n<meta name=\"twitter:card\" content=\"summary_large_image\" \/>\n<meta name=\"twitter:creator\" content=\"@MMaghreb50977\" \/>\n<meta name=\"twitter:label1\" content=\"Written by\" \/>\n\t<meta name=\"twitter:data1\" content=\"LaMagh\" \/>\n\t<meta name=\"twitter:label2\" content=\"Est. reading time\" \/>\n\t<meta name=\"twitter:data2\" content=\"4 minutes\" \/>\n<script type=\"application\/ld+json\" class=\"yoast-schema-graph\">{\"@context\":\"https:\\\/\\\/schema.org\",\"@graph\":[{\"@type\":\"Article\",\"@id\":\"https:\\\/\\\/monmaghreb.com\\\/index.php\\\/2026\\\/03\\\/17\\\/voyage-voyage-revient-au-maroc-les-stars-qui-y-chanteront\\\/#article\",\"isPartOf\":{\"@id\":\"https:\\\/\\\/monmaghreb.com\\\/index.php\\\/2026\\\/03\\\/17\\\/voyage-voyage-revient-au-maroc-les-stars-qui-y-chanteront\\\/\"},\"author\":{\"name\":\"LaMagh\",\"@id\":\"http:\\\/\\\/monmaghreb.com\\\/#\\\/schema\\\/person\\\/c469a89dc8c6b8987dcb438b1200d054\"},\"headline\":\"Voyage Voyage revient au Maroc : les stars qui y chanteront\",\"datePublished\":\"2026-03-17T07:07:47+00:00\",\"dateModified\":\"2026-03-17T07:07:52+00:00\",\"mainEntityOfPage\":{\"@id\":\"https:\\\/\\\/monmaghreb.com\\\/index.php\\\/2026\\\/03\\\/17\\\/voyage-voyage-revient-au-maroc-les-stars-qui-y-chanteront\\\/\"},\"wordCount\":873,\"publisher\":{\"@id\":\"http:\\\/\\\/monmaghreb.com\\\/#organization\"},\"image\":{\"@id\":\"https:\\\/\\\/monmaghreb.com\\\/index.php\\\/2026\\\/03\\\/17\\\/voyage-voyage-revient-au-maroc-les-stars-qui-y-chanteront\\\/#primaryimage\"},\"thumbnailUrl\":\"https:\\\/\\\/monmaghreb.com\\\/wp-content\\\/uploads\\\/2026\\\/03\\\/featured-152.jpg\",\"keywords\":[\"entertainment guide\",\"french diaspora\",\"marocaine culture\",\"moroccan talent\",\"music television\"],\"articleSection\":[\"Maroc\"],\"inLanguage\":\"en-US\"},{\"@type\":\"WebPage\",\"@id\":\"https:\\\/\\\/monmaghreb.com\\\/index.php\\\/2026\\\/03\\\/17\\\/voyage-voyage-revient-au-maroc-les-stars-qui-y-chanteront\\\/\",\"url\":\"https:\\\/\\\/monmaghreb.com\\\/index.php\\\/2026\\\/03\\\/17\\\/voyage-voyage-revient-au-maroc-les-stars-qui-y-chanteront\\\/\",\"name\":\"Voyage Voyage revient au Maroc : les stars qui y chanteront\",\"isPartOf\":{\"@id\":\"http:\\\/\\\/monmaghreb.com\\\/#website\"},\"primaryImageOfPage\":{\"@id\":\"https:\\\/\\\/monmaghreb.com\\\/index.php\\\/2026\\\/03\\\/17\\\/voyage-voyage-revient-au-maroc-les-stars-qui-y-chanteront\\\/#primaryimage\"},\"image\":{\"@id\":\"https:\\\/\\\/monmaghreb.com\\\/index.php\\\/2026\\\/03\\\/17\\\/voyage-voyage-revient-au-maroc-les-stars-qui-y-chanteront\\\/#primaryimage\"},\"thumbnailUrl\":\"https:\\\/\\\/monmaghreb.com\\\/wp-content\\\/uploads\\\/2026\\\/03\\\/featured-152.jpg\",\"datePublished\":\"2026-03-17T07:07:47+00:00\",\"dateModified\":\"2026-03-17T07:07:52+00:00\",\"description\":\"Discover the stars performing at Voyage Voyage's return to Morocco. Don't miss your favorite artists in this highly-anticipated event!\",\"breadcrumb\":{\"@id\":\"https:\\\/\\\/monmaghreb.com\\\/index.php\\\/2026\\\/03\\\/17\\\/voyage-voyage-revient-au-maroc-les-stars-qui-y-chanteront\\\/#breadcrumb\"},\"inLanguage\":\"en-US\",\"potentialAction\":[{\"@type\":\"ReadAction\",\"target\":[\"https:\\\/\\\/monmaghreb.com\\\/index.php\\\/2026\\\/03\\\/17\\\/voyage-voyage-revient-au-maroc-les-stars-qui-y-chanteront\\\/\"]}]},{\"@type\":\"ImageObject\",\"inLanguage\":\"en-US\",\"@id\":\"https:\\\/\\\/monmaghreb.com\\\/index.php\\\/2026\\\/03\\\/17\\\/voyage-voyage-revient-au-maroc-les-stars-qui-y-chanteront\\\/#primaryimage\",\"url\":\"https:\\\/\\\/monmaghreb.com\\\/wp-content\\\/uploads\\\/2026\\\/03\\\/featured-152.jpg\",\"contentUrl\":\"https:\\\/\\\/monmaghreb.com\\\/wp-content\\\/uploads\\\/2026\\\/03\\\/featured-152.jpg\",\"width\":1880,\"height\":1253,\"caption\":\"French music show Voyage Voyage performing in Morocco with popular artists on stage\"},{\"@type\":\"BreadcrumbList\",\"@id\":\"https:\\\/\\\/monmaghreb.com\\\/index.php\\\/2026\\\/03\\\/17\\\/voyage-voyage-revient-au-maroc-les-stars-qui-y-chanteront\\\/#breadcrumb\",\"itemListElement\":[{\"@type\":\"ListItem\",\"position\":1,\"name\":\"Home\",\"item\":\"http:\\\/\\\/monmaghreb.com\\\/\"},{\"@type\":\"ListItem\",\"position\":2,\"name\":\"Voyage Voyage revient au Maroc : les stars qui y chanteront\"}]},{\"@type\":\"WebSite\",\"@id\":\"http:\\\/\\\/monmaghreb.com\\\/#website\",\"url\":\"http:\\\/\\\/monmaghreb.com\\\/\",\"name\":\"Mon Maghreb\",\"description\":\"MonMaghreb United\",\"publisher\":{\"@id\":\"http:\\\/\\\/monmaghreb.com\\\/#organization\"},\"alternateName\":\"Le Monde du Maghreb et au del\u00e0\",\"potentialAction\":[{\"@type\":\"SearchAction\",\"target\":{\"@type\":\"EntryPoint\",\"urlTemplate\":\"http:\\\/\\\/monmaghreb.com\\\/?s={search_term_string}\"},\"query-input\":{\"@type\":\"PropertyValueSpecification\",\"valueRequired\":true,\"valueName\":\"search_term_string\"}}],\"inLanguage\":\"en-US\"},{\"@type\":\"Organization\",\"@id\":\"http:\\\/\\\/monmaghreb.com\\\/#organization\",\"name\":\"Mon Maghreb\",\"url\":\"http:\\\/\\\/monmaghreb.com\\\/\",\"logo\":{\"@type\":\"ImageObject\",\"inLanguage\":\"en-US\",\"@id\":\"http:\\\/\\\/monmaghreb.com\\\/#\\\/schema\\\/logo\\\/image\\\/\",\"url\":\"https:\\\/\\\/monmaghreb.com\\\/wp-content\\\/uploads\\\/2025\\\/12\\\/Mon_Maghreb_Logo.jpg\",\"contentUrl\":\"https:\\\/\\\/monmaghreb.com\\\/wp-content\\\/uploads\\\/2025\\\/12\\\/Mon_Maghreb_Logo.jpg\",\"width\":814,\"height\":374,\"caption\":\"Mon Maghreb\"},\"image\":{\"@id\":\"http:\\\/\\\/monmaghreb.com\\\/#\\\/schema\\\/logo\\\/image\\\/\"}},{\"@type\":\"Person\",\"@id\":\"http:\\\/\\\/monmaghreb.com\\\/#\\\/schema\\\/person\\\/c469a89dc8c6b8987dcb438b1200d054\",\"name\":\"LaMagh\",\"image\":{\"@type\":\"ImageObject\",\"inLanguage\":\"en-US\",\"@id\":\"https:\\\/\\\/secure.gravatar.com\\\/avatar\\\/399d8144bd55fba55e056779aca52fe528bac7911f6449e54d81173d6dfd7f0a?s=96&d=mm&r=g\",\"url\":\"https:\\\/\\\/secure.gravatar.com\\\/avatar\\\/399d8144bd55fba55e056779aca52fe528bac7911f6449e54d81173d6dfd7f0a?s=96&d=mm&r=g\",\"contentUrl\":\"https:\\\/\\\/secure.gravatar.com\\\/avatar\\\/399d8144bd55fba55e056779aca52fe528bac7911f6449e54d81173d6dfd7f0a?s=96&d=mm&r=g\",\"caption\":\"LaMagh\"},\"sameAs\":[\"https:\\\/\\\/monmaghreb.com\",\"https:\\\/\\\/www.facebook.com\\\/monmaghrebcom\",\"https:\\\/\\\/x.com\\\/MMaghreb50977\"],\"url\":\"https:\\\/\\\/monmaghreb.com\\\/index.php\\\/author\\\/lamagh\\\/\"}]}<\/script>\n<!-- \/ Yoast SEO plugin. -->","yoast_head_json":{"title":"Voyage Voyage revient au Maroc : les stars qui y chanteront","description":"Discover the stars performing at Voyage Voyage's return to Morocco. Don't miss your favorite artists in this highly-anticipated event!","robots":{"index":"index","follow":"follow","max-snippet":"max-snippet:-1","max-image-preview":"max-image-preview:large","max-video-preview":"max-video-preview:-1"},"canonical":"https:\/\/monmaghreb.com\/index.php\/2026\/03\/17\/voyage-voyage-revient-au-maroc-les-stars-qui-y-chanteront\/","og_locale":"en_US","og_type":"article","og_title":"Voyage Voyage revient au Maroc : les stars qui y chanteront","og_description":"Discover the stars performing at Voyage Voyage's return to Morocco. Don't miss your favorite artists in this highly-anticipated event!","og_url":"https:\/\/monmaghreb.com\/index.php\/2026\/03\/17\/voyage-voyage-revient-au-maroc-les-stars-qui-y-chanteront\/","og_site_name":"Mon Maghreb","article_author":"https:\/\/www.facebook.com\/monmaghrebcom","article_published_time":"2026-03-17T07:07:47+00:00","article_modified_time":"2026-03-17T07:07:52+00:00","og_image":[{"width":1880,"height":1253,"url":"https:\/\/monmaghreb.com\/wp-content\/uploads\/2026\/03\/featured-152.jpg","type":"image\/jpeg"}],"author":"LaMagh","twitter_card":"summary_large_image","twitter_creator":"@MMaghreb50977","twitter_misc":{"Written by":"LaMagh","Est. reading time":"4 minutes"},"schema":{"@context":"https:\/\/schema.org","@graph":[{"@type":"Article","@id":"https:\/\/monmaghreb.com\/index.php\/2026\/03\/17\/voyage-voyage-revient-au-maroc-les-stars-qui-y-chanteront\/#article","isPartOf":{"@id":"https:\/\/monmaghreb.com\/index.php\/2026\/03\/17\/voyage-voyage-revient-au-maroc-les-stars-qui-y-chanteront\/"},"author":{"name":"LaMagh","@id":"http:\/\/monmaghreb.com\/#\/schema\/person\/c469a89dc8c6b8987dcb438b1200d054"},"headline":"Voyage Voyage revient au Maroc : les stars qui y chanteront","datePublished":"2026-03-17T07:07:47+00:00","dateModified":"2026-03-17T07:07:52+00:00","mainEntityOfPage":{"@id":"https:\/\/monmaghreb.com\/index.php\/2026\/03\/17\/voyage-voyage-revient-au-maroc-les-stars-qui-y-chanteront\/"},"wordCount":873,"publisher":{"@id":"http:\/\/monmaghreb.com\/#organization"},"image":{"@id":"https:\/\/monmaghreb.com\/index.php\/2026\/03\/17\/voyage-voyage-revient-au-maroc-les-stars-qui-y-chanteront\/#primaryimage"},"thumbnailUrl":"https:\/\/monmaghreb.com\/wp-content\/uploads\/2026\/03\/featured-152.jpg","keywords":["entertainment guide","french diaspora","marocaine culture","moroccan talent","music television"],"articleSection":["Maroc"],"inLanguage":"en-US"},{"@type":"WebPage","@id":"https:\/\/monmaghreb.com\/index.php\/2026\/03\/17\/voyage-voyage-revient-au-maroc-les-stars-qui-y-chanteront\/","url":"https:\/\/monmaghreb.com\/index.php\/2026\/03\/17\/voyage-voyage-revient-au-maroc-les-stars-qui-y-chanteront\/","name":"Voyage Voyage revient au Maroc : les stars qui y chanteront","isPartOf":{"@id":"http:\/\/monmaghreb.com\/#website"},"primaryImageOfPage":{"@id":"https:\/\/monmaghreb.com\/index.php\/2026\/03\/17\/voyage-voyage-revient-au-maroc-les-stars-qui-y-chanteront\/#primaryimage"},"image":{"@id":"https:\/\/monmaghreb.com\/index.php\/2026\/03\/17\/voyage-voyage-revient-au-maroc-les-stars-qui-y-chanteront\/#primaryimage"},"thumbnailUrl":"https:\/\/monmaghreb.com\/wp-content\/uploads\/2026\/03\/featured-152.jpg","datePublished":"2026-03-17T07:07:47+00:00","dateModified":"2026-03-17T07:07:52+00:00","description":"Discover the stars performing at Voyage Voyage's return to Morocco. Don't miss your favorite artists in this highly-anticipated event!","breadcrumb":{"@id":"https:\/\/monmaghreb.com\/index.php\/2026\/03\/17\/voyage-voyage-revient-au-maroc-les-stars-qui-y-chanteront\/#breadcrumb"},"inLanguage":"en-US","potentialAction":[{"@type":"ReadAction","target":["https:\/\/monmaghreb.com\/index.php\/2026\/03\/17\/voyage-voyage-revient-au-maroc-les-stars-qui-y-chanteront\/"]}]},{"@type":"ImageObject","inLanguage":"en-US","@id":"https:\/\/monmaghreb.com\/index.php\/2026\/03\/17\/voyage-voyage-revient-au-maroc-les-stars-qui-y-chanteront\/#primaryimage","url":"https:\/\/monmaghreb.com\/wp-content\/uploads\/2026\/03\/featured-152.jpg","contentUrl":"https:\/\/monmaghreb.com\/wp-content\/uploads\/2026\/03\/featured-152.jpg","width":1880,"height":1253,"caption":"French music show Voyage Voyage performing in Morocco with popular artists on stage"},{"@type":"BreadcrumbList","@id":"https:\/\/monmaghreb.com\/index.php\/2026\/03\/17\/voyage-voyage-revient-au-maroc-les-stars-qui-y-chanteront\/#breadcrumb","itemListElement":[{"@type":"ListItem","position":1,"name":"Home","item":"http:\/\/monmaghreb.com\/"},{"@type":"ListItem","position":2,"name":"Voyage Voyage revient au Maroc : les stars qui y chanteront"}]},{"@type":"WebSite","@id":"http:\/\/monmaghreb.com\/#website","url":"http:\/\/monmaghreb.com\/","name":"Mon Maghreb","description":"MonMaghreb United","publisher":{"@id":"http:\/\/monmaghreb.com\/#organization"},"alternateName":"Le Monde du Maghreb et au del\u00e0","potentialAction":[{"@type":"SearchAction","target":{"@type":"EntryPoint","urlTemplate":"http:\/\/monmaghreb.com\/?s={search_term_string}"},"query-input":{"@type":"PropertyValueSpecification","valueRequired":true,"valueName":"search_term_string"}}],"inLanguage":"en-US"},{"@type":"Organization","@id":"http:\/\/monmaghreb.com\/#organization","name":"Mon Maghreb","url":"http:\/\/monmaghreb.com\/","logo":{"@type":"ImageObject","inLanguage":"en-US","@id":"http:\/\/monmaghreb.com\/#\/schema\/logo\/image\/","url":"https:\/\/monmaghreb.com\/wp-content\/uploads\/2025\/12\/Mon_Maghreb_Logo.jpg","contentUrl":"https:\/\/monmaghreb.com\/wp-content\/uploads\/2025\/12\/Mon_Maghreb_Logo.jpg","width":814,"height":374,"caption":"Mon Maghreb"},"image":{"@id":"http:\/\/monmaghreb.com\/#\/schema\/logo\/image\/"}},{"@type":"Person","@id":"http:\/\/monmaghreb.com\/#\/schema\/person\/c469a89dc8c6b8987dcb438b1200d054","name":"LaMagh","image":{"@type":"ImageObject","inLanguage":"en-US","@id":"https:\/\/secure.gravatar.com\/avatar\/399d8144bd55fba55e056779aca52fe528bac7911f6449e54d81173d6dfd7f0a?s=96&d=mm&r=g","url":"https:\/\/secure.gravatar.com\/avatar\/399d8144bd55fba55e056779aca52fe528bac7911f6449e54d81173d6dfd7f0a?s=96&d=mm&r=g","contentUrl":"https:\/\/secure.gravatar.com\/avatar\/399d8144bd55fba55e056779aca52fe528bac7911f6449e54d81173d6dfd7f0a?s=96&d=mm&r=g","caption":"LaMagh"},"sameAs":["https:\/\/monmaghreb.com","https:\/\/www.facebook.com\/monmaghrebcom","https:\/\/x.com\/MMaghreb50977"],"url":"https:\/\/monmaghreb.com\/index.php\/author\/lamagh\/"}]}},"_links":{"self":[{"href":"https:\/\/monmaghreb.com\/index.php\/wp-json\/wp\/v2\/posts\/1320","targetHints":{"allow":["GET"]}}],"collection":[{"href":"https:\/\/monmaghreb.com\/index.php\/wp-json\/wp\/v2\/posts"}],"about":[{"href":"https:\/\/monmaghreb.com\/index.php\/wp-json\/wp\/v2\/types\/post"}],"author":[{"embeddable":true,"href":"https:\/\/monmaghreb.com\/index.php\/wp-json\/wp\/v2\/users\/1"}],"replies":[{"embeddable":true,"href":"https:\/\/monmaghreb.com\/index.php\/wp-json\/wp\/v2\/comments?post=1320"}],"version-history":[{"count":1,"href":"https:\/\/monmaghreb.com\/index.php\/wp-json\/wp\/v2\/posts\/1320\/revisions"}],"predecessor-version":[{"id":1321,"href":"https:\/\/monmaghreb.com\/index.php\/wp-json\/wp\/v2\/posts\/1320\/revisions\/1321"}],"wp:featuredmedia":[{"embeddable":true,"href":"https:\/\/monmaghreb.com\/index.php\/wp-json\/wp\/v2\/media\/1319"}],"wp:attachment":[{"href":"https:\/\/monmaghreb.com\/index.php\/wp-json\/wp\/v2\/media?parent=1320"}],"wp:term":[{"taxonomy":"category","embeddable":true,"href":"https:\/\/monmaghreb.com\/index.php\/wp-json\/wp\/v2\/categories?post=1320"},{"taxonomy":"post_tag","embeddable":true,"href":"https:\/\/monmaghreb.com\/index.php\/wp-json\/wp\/v2\/tags?post=1320"}],"curies":[{"name":"wp","href":"https:\/\/api.w.org\/{rel}","templated":true}]}}