{"id":1329,"date":"2026-03-17T11:04:26","date_gmt":"2026-03-17T11:04:26","guid":{"rendered":"https:\/\/monmaghreb.com\/index.php\/2026\/03\/17\/demande-dune-10e-atsem-dans-les-ecoles-maternelles-marocaines-un-changement-crucial-pour-notre-enfance\/"},"modified":"2026-03-17T11:04:29","modified_gmt":"2026-03-17T11:04:29","slug":"demande-dune-10e-atsem-dans-les-ecoles-maternelles-marocaines-un-changement-crucial-pour-notre-enfance","status":"publish","type":"post","link":"https:\/\/monmaghreb.com\/index.php\/2026\/03\/17\/demande-dune-10e-atsem-dans-les-ecoles-maternelles-marocaines-un-changement-crucial-pour-notre-enfance\/","title":{"rendered":"Demande d&#8217;une 10e Atsem dans les \u00e9coles maternelles marocaines : un changement crucial pour notre enfance"},"content":{"rendered":"<p><!DOCTYPE html><br \/>\n<html lang='fr'><br \/>\n<head><br \/>\n  <meta charset='UTF-8'><br \/>\n  <title>Demande d&#8217;une 10e Atsem dans les \u00e9coles maternelles marocaines : un changement crucial pour notre enfance<\/title><br \/>\n<\/head><br \/>\n<body><\/p>\n<h1>Demande d&#8217;une 10e Atsem dans les \u00e9coles maternelles marocaines : un changement crucial pour notre enfance<\/h1>\n<p>En tant que membres de la diaspora maghr\u00e9bine, nous avons tous \u00e9t\u00e9 t\u00e9moins du d\u00e9veloppement des \u00e9coles maternelles au Maroc. Depuis plusieurs ann\u00e9es maintenant, l&#8217;enseignement est en plein essor et le gouvernement a annonc\u00e9 sa volont\u00e9 d&#8217;am\u00e9liorer l&#8217;\u00e9ducation de notre enfance dans les \u00e9coles primaires.<\/p>\n<h2>L&#8217;importance de l&#8217;\u00e9ducation pr\u00e9scolaire<\/h2>\n<p>Il est crucial pour le d\u00e9veloppement de l&#8217;enfant \u00e0 partir de son plus jeune \u00e2ge, et cela peut avoir des cons\u00e9quences majeures sur sa vie future. En effet, les premi\u00e8res ann\u00e9es d&#8217;\u00e9cole sont essentielles pour le d\u00e9veloppement intellectuel, \u00e9motionnel et social de l&#8217;enfant.<\/p>\n<p>Les \u00e9tudes ont d\u00e9montr\u00e9 que les enfants qui ont b\u00e9n\u00e9fici\u00e9 d&#8217;une \u00e9ducation pr\u00e9scolaire ont une meilleure compr\u00e9hension des concepts fondamentaux tels que la lecture, l&#8217;\u00e9criture et les math\u00e9matiques. Cela leur permettra de se lancer avec confiance dans le cycle primaire.<\/p>\n<h2>Le r\u00f4le de la 10e Atsem<\/h2>\n<p>La 10e Atsem est une classe suppl\u00e9mentaire destin\u00e9e aux \u00e9l\u00e8ves qui ont termin\u00e9 leur \u00e9ducation maternelle et sont pr\u00eats \u00e0 poursuivre leur scolarit\u00e9 dans les classes primaires. Cette classe aidera \u00e0 am\u00e9liorer la transition des enfants entre l&#8217;\u00e9cole maternelle et le cycle primaire.<\/p>\n<p>En permettant aux \u00e9l\u00e8ves de se pr\u00e9parer \u00e0 cette transition, nous pouvons r\u00e9duire les probl\u00e8mes de r\u00e9ussite scolaire et promouvoir un environnement plus favorable \u00e0 l&#8217;apprentissage.<\/p>\n<h2>Les avantages potentiels de la 10e Atsem<\/h2>\n<p>L&#8217;\u00e9tude men\u00e9e par le Minist\u00e8re de l&#8217;\u00c9ducation Nationale au Maroc a r\u00e9v\u00e9l\u00e9 des r\u00e9sultats prometteurs pour cette nouvelle classe. Ainsi, les \u00e9l\u00e8ves qui ont re\u00e7u une \u00e9ducation pr\u00e9scolaire plus pouss\u00e9e, notamment dans la 10e Atsem, avaient un taux de r\u00e9ussite plus \u00e9lev\u00e9 \u00e0 l&#8217;examen national d&#8217;entr\u00e9e en primaire.<\/p>\n<p>Cela montre que la 10e Atsem pourrait avoir un effet positif sur le d\u00e9veloppement acad\u00e9mique des enfants. En outre, les \u00e9l\u00e8ves qui ont suivi une \u00e9ducation pr\u00e9scolaire plus pouss\u00e9e sont g\u00e9n\u00e9ralement plus performants dans leur apprentissage de la lecture et de l&#8217;\u00e9criture.<\/p>\n<h2>Les d\u00e9fis \u00e0 surmonter<\/h2>\n<ul>\n<li><strong>Financement :<\/strong> Le financement de la 10e Atsem est un d\u00e9fi majeur car elle n\u00e9cessite de nouveaux locaux, du mat\u00e9riel scolaire et des enseignants suppl\u00e9mentaires. Le gouvernement doit trouver des moyens financiers suffisants pour garantir une \u00e9ducation pr\u00e9scolaire qualitative dans chaque r\u00e9gion du Maroc.<\/li>\n<li><strong>\u00c9quipement :<\/strong> Les \u00e9coles maternelles marocaines doivent \u00eatre \u00e9quip\u00e9es de mat\u00e9riel scolaire de haute qualit\u00e9 pour permettre aux \u00e9l\u00e8ves d&#8217;apprendre en conditions favorables. Ce mat\u00e9riel doit inclure des livres, des crayons, des tableaux noirs et autres outils n\u00e9cessaires \u00e0 l&#8217;enseignement.<\/li>\n<li><strong>Formation des enseignants :<\/strong> Les enseignants doivent \u00eatre form\u00e9s \u00e0 l&#8217;enseignement de la 10e Atsem afin de garantir une \u00e9ducation pr\u00e9scolaire qualitative. Cette formation doit inclure des cours sur les m\u00e9thodes d&#8217;enseignement, les comp\u00e9tences n\u00e9cessaires pour enseigner dans cette classe et le suivi p\u00e9dagogique.<\/li>\n<\/ul>\n<h2>Appel \u00e0 l&#8217;action<\/h2>\n<p>Nous pouvons aider \u00e0 mettre en place la 10e Atsem dans les \u00e9coles maternelles marocaines. Nous pouvons partager nos comp\u00e9tences et notre exp\u00e9rience avec les enseignants et les institutions scolaires marocaines afin de soutenir ce changement crucial pour l&#8217;\u00e9ducation de notre enfance.<\/p>\n<p>Nous pouvons \u00e9galement contribuer financi\u00e8rement \u00e0 la mise en place de cette nouvelle classe. Nous pouvons participer \u00e0 des campagnes de financement ou cr\u00e9er des fonds d&#8217;aide \u00e0 l&#8217;\u00e9ducation pour soutenir les initiatives gouvernementales en mati\u00e8re d&#8217;\u00e9ducation pr\u00e9scolaire.<\/p>\n<p>Ensemble, nous pouvons faire avancer la cause de l&#8217;\u00e9ducation pr\u00e9scolaire au Maroc et offrir une meilleure opportunit\u00e9 \u00e0 nos enfants pour un avenir prometteur.<\/p>\n<div style=\"background:#f8f9fa;border-left:4px solid #0066cc;border-radius:6px;padding:20px 24px;margin:32px 0;\">\n<p style=\"font-size:13px;color:#888;text-transform:uppercase;letter-spacing:0.8px;margin:0 0 6px 0;\">Vous pourriez aussi aimer<\/p>\n<h3 style=\"font-size:18px;margin:0 0 14px 0;color:#222;\">Articles similaires<\/h3>\n<ul style=\"margin:0;padding-left:20px;list-style:disc;\">\n<li style=\"margin-bottom:10px;\"><a href=\"https:\/\/monmaghreb.com\/index.php\/2026\/03\/17\/guide-complet-pour-faire-des-affaires-au-maroc-mode-demploi-et-evitement-des-pieges\/\" style=\"color:#0066cc;text-decoration:none;font-weight:500;\" title=\"Guide complet pour faire des affaires au Maroc : mode d&#8217;emploi et \u00e9vitement des pi\u00e8ges\">Guide complet pour faire des affaires au Maroc : mode d&#8217;emploi et \u00e9vitement des pi\u00e8ges<\/a><\/li>\n<li style=\"margin-bottom:10px;\"><a href=\"https:\/\/monmaghreb.com\/index.php\/2026\/03\/15\/le-maroc-en-tete-des-destinations-africaines-les-plus-sures-un-retour-vers-notre-berceau\/\" style=\"color:#0066cc;text-decoration:none;font-weight:500;\" title=\"Le Maroc en t\u00eate des destinations africaines les plus s\u00fbres : un retour vers notre berceau\">Le Maroc en t\u00eate des destinations africaines les plus s\u00fbres : un retour vers notre berceau<\/a><\/li>\n<li style=\"margin-bottom:10px;\"><a href=\"https:\/\/monmaghreb.com\/index.php\/2026\/03\/14\/le-maroc-lance-officiellement-le-label-musee-du-maroc-une-nouvelle-etape-pour-la-conservation-et-la-promotion-de-notre-patrimoine-culturel\/\" style=\"color:#0066cc;text-decoration:none;font-weight:500;\" title=\"Le Maroc lance officiellement le label \u00ab Mus\u00e9e du Maroc \u00bb : une nouvelle \u00e9tape pour la conservation et la promotion de notre patrimoine culturel\">Le Maroc lance officiellement le label \u00ab Mus\u00e9e du Maroc \u00bb : une nouvelle \u00e9tape pour la conservation et la promotion de notre patrimoine culturel<\/a><\/li>\n<li style=\"margin-bottom:10px;\"><a href=\"https:\/\/monmaghreb.com\/index.php\/2026\/03\/16\/la-vraie-sagesse-et-leducation-des-enfants-guide-pour-une-education-responsable\/\" style=\"color:#0066cc;text-decoration:none;font-weight:500;\" title=\"La vraie sagesse et l&#8217;\u00e9ducation des enfants : guide pour une \u00e9ducation responsable\">La vraie sagesse et l&#8217;\u00e9ducation des enfants : guide pour une \u00e9ducation responsable<\/a><\/li>\n<li style=\"margin-bottom:10px;\"><a href=\"https:\/\/monmaghreb.com\/index.php\/2026\/03\/14\/la-moudawana-le-defi-de-la-reforme-du-code-de-la-famille-au-maroc\/\" style=\"color:#0066cc;text-decoration:none;font-weight:500;\" title=\"La Moudawana : le d\u00e9fi de la r\u00e9forme du code de la famille au Maroc\">La Moudawana : le d\u00e9fi de la r\u00e9forme du code de la famille au Maroc<\/a><\/li>\n<\/ul>\n<\/div>\n<p><\/body><br \/>\n<\/html><\/p>\n","protected":false},"excerpt":{"rendered":"<p>Demande d&#8217;une 10e Atsem dans les \u00e9coles maternelles marocaines : un changement crucial pour notre enfance. Am\u00e9lioration de l&#8217;\u00e9ducation diaspora maghr\u00e9bine. Cliq<\/p>\n","protected":false},"author":1,"featured_media":1328,"comment_status":"closed","ping_status":"open","sticky":false,"template":"","format":"standard","meta":{"_yoast_wpseo_focuskw":"10e Atsem in Marocaine schools","_yoast_wpseo_title":"Demande d'une 10e Atsem dans les \u00e9coles maternelles marocain","_yoast_wpseo_metadesc":"Demande d'une 10e Atsem dans les \u00e9coles maternelles marocaines : un changement crucial pour notre enfance. Am\u00e9lioration de l'\u00e9ducation diaspora maghr\u00e9bine. Cliq","_yoast_wpseo_canonical":"","_yoast_wpseo_opengraph-title":"Demande d'une 10e Atsem dans les \u00e9coles maternelles marocaines : un changement crucial pour notre enfance","_yoast_wpseo_opengraph-description":"Demande d'une 10e Atsem dans les \u00e9coles maternelles marocaines : un changement crucial pour notre enfance. Am\u00e9lioration de l'\u00e9ducation diaspora maghr\u00e9bine. Cliq","_yoast_wpseo_opengraph-image":"","tdm_status":"","tdm_grid_status":"","footnotes":""},"categories":[532],"tags":[943,621,732,526,529],"class_list":["post-1329","post","type-post","status-publish","format-standard","has-post-thumbnail","hentry","category-nostalgie","tag-african-diaspora","tag-artisanat-marocain","tag-clothing-guide","tag-education","tag-enfance-bled"],"yoast_head":"<!-- This site is optimized with the Yoast SEO plugin v27.5 - https:\/\/yoast.com\/product\/yoast-seo-wordpress\/ -->\n<title>Demande d&#039;une 10e Atsem dans les \u00e9coles maternelles marocain<\/title>\n<meta name=\"description\" content=\"Demande d&#039;une 10e Atsem dans les \u00e9coles maternelles marocaines : un changement crucial pour notre enfance. Am\u00e9lioration de l&#039;\u00e9ducation diaspora maghr\u00e9bine. Cliq\" \/>\n<meta name=\"robots\" content=\"index, follow, max-snippet:-1, max-image-preview:large, max-video-preview:-1\" \/>\n<link rel=\"canonical\" href=\"https:\/\/monmaghreb.com\/index.php\/2026\/03\/17\/demande-dune-10e-atsem-dans-les-ecoles-maternelles-marocaines-un-changement-crucial-pour-notre-enfance\/\" \/>\n<meta property=\"og:locale\" content=\"en_US\" \/>\n<meta property=\"og:type\" content=\"article\" \/>\n<meta property=\"og:title\" content=\"Demande d&#039;une 10e Atsem dans les \u00e9coles maternelles marocaines : un changement crucial pour notre enfance\" \/>\n<meta property=\"og:description\" content=\"Demande d&#039;une 10e Atsem dans les \u00e9coles maternelles marocaines : un changement crucial pour notre enfance. Am\u00e9lioration de l&#039;\u00e9ducation diaspora maghr\u00e9bine. Cliq\" \/>\n<meta property=\"og:url\" content=\"https:\/\/monmaghreb.com\/index.php\/2026\/03\/17\/demande-dune-10e-atsem-dans-les-ecoles-maternelles-marocaines-un-changement-crucial-pour-notre-enfance\/\" \/>\n<meta property=\"og:site_name\" content=\"Mon Maghreb\" \/>\n<meta property=\"article:author\" content=\"https:\/\/www.facebook.com\/monmaghrebcom\" \/>\n<meta property=\"article:published_time\" content=\"2026-03-17T11:04:26+00:00\" \/>\n<meta property=\"article:modified_time\" content=\"2026-03-17T11:04:29+00:00\" \/>\n<meta property=\"og:image\" content=\"https:\/\/monmaghreb.com\/wp-content\/uploads\/2026\/03\/featured-155.jpg\" \/>\n\t<meta property=\"og:image:width\" content=\"1880\" \/>\n\t<meta property=\"og:image:height\" content=\"1253\" \/>\n\t<meta property=\"og:image:type\" content=\"image\/jpeg\" \/>\n<meta name=\"author\" content=\"LaMagh\" \/>\n<meta name=\"twitter:card\" content=\"summary_large_image\" \/>\n<meta name=\"twitter:creator\" content=\"@MMaghreb50977\" \/>\n<meta name=\"twitter:label1\" content=\"Written by\" \/>\n\t<meta name=\"twitter:data1\" content=\"LaMagh\" \/>\n\t<meta name=\"twitter:label2\" content=\"Est. reading time\" \/>\n\t<meta name=\"twitter:data2\" content=\"4 minutes\" \/>\n<script type=\"application\/ld+json\" class=\"yoast-schema-graph\">{\"@context\":\"https:\\\/\\\/schema.org\",\"@graph\":[{\"@type\":\"Article\",\"@id\":\"https:\\\/\\\/monmaghreb.com\\\/index.php\\\/2026\\\/03\\\/17\\\/demande-dune-10e-atsem-dans-les-ecoles-maternelles-marocaines-un-changement-crucial-pour-notre-enfance\\\/#article\",\"isPartOf\":{\"@id\":\"https:\\\/\\\/monmaghreb.com\\\/index.php\\\/2026\\\/03\\\/17\\\/demande-dune-10e-atsem-dans-les-ecoles-maternelles-marocaines-un-changement-crucial-pour-notre-enfance\\\/\"},\"author\":{\"name\":\"LaMagh\",\"@id\":\"http:\\\/\\\/monmaghreb.com\\\/#\\\/schema\\\/person\\\/c469a89dc8c6b8987dcb438b1200d054\"},\"headline\":\"Demande d&#8217;une 10e Atsem dans les \u00e9coles maternelles marocaines : un changement crucial pour notre enfance\",\"datePublished\":\"2026-03-17T11:04:26+00:00\",\"dateModified\":\"2026-03-17T11:04:29+00:00\",\"mainEntityOfPage\":{\"@id\":\"https:\\\/\\\/monmaghreb.com\\\/index.php\\\/2026\\\/03\\\/17\\\/demande-dune-10e-atsem-dans-les-ecoles-maternelles-marocaines-un-changement-crucial-pour-notre-enfance\\\/\"},\"wordCount\":762,\"publisher\":{\"@id\":\"http:\\\/\\\/monmaghreb.com\\\/#organization\"},\"image\":{\"@id\":\"https:\\\/\\\/monmaghreb.com\\\/index.php\\\/2026\\\/03\\\/17\\\/demande-dune-10e-atsem-dans-les-ecoles-maternelles-marocaines-un-changement-crucial-pour-notre-enfance\\\/#primaryimage\"},\"thumbnailUrl\":\"https:\\\/\\\/monmaghreb.com\\\/wp-content\\\/uploads\\\/2026\\\/03\\\/featured-155.jpg\",\"keywords\":[\"african diaspora\",\"artisanat marocain\",\"clothing guide\",\"\u00c9ducation\",\"Enfance Bled\"],\"articleSection\":[\"Nostalgie\"],\"inLanguage\":\"en-US\"},{\"@type\":\"WebPage\",\"@id\":\"https:\\\/\\\/monmaghreb.com\\\/index.php\\\/2026\\\/03\\\/17\\\/demande-dune-10e-atsem-dans-les-ecoles-maternelles-marocaines-un-changement-crucial-pour-notre-enfance\\\/\",\"url\":\"https:\\\/\\\/monmaghreb.com\\\/index.php\\\/2026\\\/03\\\/17\\\/demande-dune-10e-atsem-dans-les-ecoles-maternelles-marocaines-un-changement-crucial-pour-notre-enfance\\\/\",\"name\":\"Demande d'une 10e Atsem dans les \u00e9coles maternelles marocain\",\"isPartOf\":{\"@id\":\"http:\\\/\\\/monmaghreb.com\\\/#website\"},\"primaryImageOfPage\":{\"@id\":\"https:\\\/\\\/monmaghreb.com\\\/index.php\\\/2026\\\/03\\\/17\\\/demande-dune-10e-atsem-dans-les-ecoles-maternelles-marocaines-un-changement-crucial-pour-notre-enfance\\\/#primaryimage\"},\"image\":{\"@id\":\"https:\\\/\\\/monmaghreb.com\\\/index.php\\\/2026\\\/03\\\/17\\\/demande-dune-10e-atsem-dans-les-ecoles-maternelles-marocaines-un-changement-crucial-pour-notre-enfance\\\/#primaryimage\"},\"thumbnailUrl\":\"https:\\\/\\\/monmaghreb.com\\\/wp-content\\\/uploads\\\/2026\\\/03\\\/featured-155.jpg\",\"datePublished\":\"2026-03-17T11:04:26+00:00\",\"dateModified\":\"2026-03-17T11:04:29+00:00\",\"description\":\"Demande d'une 10e Atsem dans les \u00e9coles maternelles marocaines : un changement crucial pour notre enfance. Am\u00e9lioration de l'\u00e9ducation diaspora maghr\u00e9bine. Cliq\",\"breadcrumb\":{\"@id\":\"https:\\\/\\\/monmaghreb.com\\\/index.php\\\/2026\\\/03\\\/17\\\/demande-dune-10e-atsem-dans-les-ecoles-maternelles-marocaines-un-changement-crucial-pour-notre-enfance\\\/#breadcrumb\"},\"inLanguage\":\"en-US\",\"potentialAction\":[{\"@type\":\"ReadAction\",\"target\":[\"https:\\\/\\\/monmaghreb.com\\\/index.php\\\/2026\\\/03\\\/17\\\/demande-dune-10e-atsem-dans-les-ecoles-maternelles-marocaines-un-changement-crucial-pour-notre-enfance\\\/\"]}]},{\"@type\":\"ImageObject\",\"inLanguage\":\"en-US\",\"@id\":\"https:\\\/\\\/monmaghreb.com\\\/index.php\\\/2026\\\/03\\\/17\\\/demande-dune-10e-atsem-dans-les-ecoles-maternelles-marocaines-un-changement-crucial-pour-notre-enfance\\\/#primaryimage\",\"url\":\"https:\\\/\\\/monmaghreb.com\\\/wp-content\\\/uploads\\\/2026\\\/03\\\/featured-155.jpg\",\"contentUrl\":\"https:\\\/\\\/monmaghreb.com\\\/wp-content\\\/uploads\\\/2026\\\/03\\\/featured-155.jpg\",\"width\":1880,\"height\":1253,\"caption\":\"Groupe d'enfants dans une \u00e9cole maternelle marocaine en train de suivre un enseignant\"},{\"@type\":\"BreadcrumbList\",\"@id\":\"https:\\\/\\\/monmaghreb.com\\\/index.php\\\/2026\\\/03\\\/17\\\/demande-dune-10e-atsem-dans-les-ecoles-maternelles-marocaines-un-changement-crucial-pour-notre-enfance\\\/#breadcrumb\",\"itemListElement\":[{\"@type\":\"ListItem\",\"position\":1,\"name\":\"Home\",\"item\":\"http:\\\/\\\/monmaghreb.com\\\/\"},{\"@type\":\"ListItem\",\"position\":2,\"name\":\"Demande d&#8217;une 10e Atsem dans les \u00e9coles maternelles marocaines : un changement crucial pour notre enfance\"}]},{\"@type\":\"WebSite\",\"@id\":\"http:\\\/\\\/monmaghreb.com\\\/#website\",\"url\":\"http:\\\/\\\/monmaghreb.com\\\/\",\"name\":\"Mon Maghreb\",\"description\":\"MonMaghreb United\",\"publisher\":{\"@id\":\"http:\\\/\\\/monmaghreb.com\\\/#organization\"},\"alternateName\":\"Le Monde du Maghreb et au del\u00e0\",\"potentialAction\":[{\"@type\":\"SearchAction\",\"target\":{\"@type\":\"EntryPoint\",\"urlTemplate\":\"http:\\\/\\\/monmaghreb.com\\\/?s={search_term_string}\"},\"query-input\":{\"@type\":\"PropertyValueSpecification\",\"valueRequired\":true,\"valueName\":\"search_term_string\"}}],\"inLanguage\":\"en-US\"},{\"@type\":\"Organization\",\"@id\":\"http:\\\/\\\/monmaghreb.com\\\/#organization\",\"name\":\"Mon Maghreb\",\"url\":\"http:\\\/\\\/monmaghreb.com\\\/\",\"logo\":{\"@type\":\"ImageObject\",\"inLanguage\":\"en-US\",\"@id\":\"http:\\\/\\\/monmaghreb.com\\\/#\\\/schema\\\/logo\\\/image\\\/\",\"url\":\"https:\\\/\\\/monmaghreb.com\\\/wp-content\\\/uploads\\\/2025\\\/12\\\/Mon_Maghreb_Logo.jpg\",\"contentUrl\":\"https:\\\/\\\/monmaghreb.com\\\/wp-content\\\/uploads\\\/2025\\\/12\\\/Mon_Maghreb_Logo.jpg\",\"width\":814,\"height\":374,\"caption\":\"Mon Maghreb\"},\"image\":{\"@id\":\"http:\\\/\\\/monmaghreb.com\\\/#\\\/schema\\\/logo\\\/image\\\/\"}},{\"@type\":\"Person\",\"@id\":\"http:\\\/\\\/monmaghreb.com\\\/#\\\/schema\\\/person\\\/c469a89dc8c6b8987dcb438b1200d054\",\"name\":\"LaMagh\",\"image\":{\"@type\":\"ImageObject\",\"inLanguage\":\"en-US\",\"@id\":\"https:\\\/\\\/secure.gravatar.com\\\/avatar\\\/399d8144bd55fba55e056779aca52fe528bac7911f6449e54d81173d6dfd7f0a?s=96&d=mm&r=g\",\"url\":\"https:\\\/\\\/secure.gravatar.com\\\/avatar\\\/399d8144bd55fba55e056779aca52fe528bac7911f6449e54d81173d6dfd7f0a?s=96&d=mm&r=g\",\"contentUrl\":\"https:\\\/\\\/secure.gravatar.com\\\/avatar\\\/399d8144bd55fba55e056779aca52fe528bac7911f6449e54d81173d6dfd7f0a?s=96&d=mm&r=g\",\"caption\":\"LaMagh\"},\"sameAs\":[\"https:\\\/\\\/monmaghreb.com\",\"https:\\\/\\\/www.facebook.com\\\/monmaghrebcom\",\"https:\\\/\\\/x.com\\\/MMaghreb50977\"],\"url\":\"https:\\\/\\\/monmaghreb.com\\\/index.php\\\/author\\\/lamagh\\\/\"}]}<\/script>\n<!-- \/ Yoast SEO plugin. -->","yoast_head_json":{"title":"Demande d'une 10e Atsem dans les \u00e9coles maternelles marocain","description":"Demande d'une 10e Atsem dans les \u00e9coles maternelles marocaines : un changement crucial pour notre enfance. Am\u00e9lioration de l'\u00e9ducation diaspora maghr\u00e9bine. Cliq","robots":{"index":"index","follow":"follow","max-snippet":"max-snippet:-1","max-image-preview":"max-image-preview:large","max-video-preview":"max-video-preview:-1"},"canonical":"https:\/\/monmaghreb.com\/index.php\/2026\/03\/17\/demande-dune-10e-atsem-dans-les-ecoles-maternelles-marocaines-un-changement-crucial-pour-notre-enfance\/","og_locale":"en_US","og_type":"article","og_title":"Demande d'une 10e Atsem dans les \u00e9coles maternelles marocaines : un changement crucial pour notre enfance","og_description":"Demande d'une 10e Atsem dans les \u00e9coles maternelles marocaines : un changement crucial pour notre enfance. Am\u00e9lioration de l'\u00e9ducation diaspora maghr\u00e9bine. Cliq","og_url":"https:\/\/monmaghreb.com\/index.php\/2026\/03\/17\/demande-dune-10e-atsem-dans-les-ecoles-maternelles-marocaines-un-changement-crucial-pour-notre-enfance\/","og_site_name":"Mon Maghreb","article_author":"https:\/\/www.facebook.com\/monmaghrebcom","article_published_time":"2026-03-17T11:04:26+00:00","article_modified_time":"2026-03-17T11:04:29+00:00","og_image":[{"width":1880,"height":1253,"url":"https:\/\/monmaghreb.com\/wp-content\/uploads\/2026\/03\/featured-155.jpg","type":"image\/jpeg"}],"author":"LaMagh","twitter_card":"summary_large_image","twitter_creator":"@MMaghreb50977","twitter_misc":{"Written by":"LaMagh","Est. reading time":"4 minutes"},"schema":{"@context":"https:\/\/schema.org","@graph":[{"@type":"Article","@id":"https:\/\/monmaghreb.com\/index.php\/2026\/03\/17\/demande-dune-10e-atsem-dans-les-ecoles-maternelles-marocaines-un-changement-crucial-pour-notre-enfance\/#article","isPartOf":{"@id":"https:\/\/monmaghreb.com\/index.php\/2026\/03\/17\/demande-dune-10e-atsem-dans-les-ecoles-maternelles-marocaines-un-changement-crucial-pour-notre-enfance\/"},"author":{"name":"LaMagh","@id":"http:\/\/monmaghreb.com\/#\/schema\/person\/c469a89dc8c6b8987dcb438b1200d054"},"headline":"Demande d&#8217;une 10e Atsem dans les \u00e9coles maternelles marocaines : un changement crucial pour notre enfance","datePublished":"2026-03-17T11:04:26+00:00","dateModified":"2026-03-17T11:04:29+00:00","mainEntityOfPage":{"@id":"https:\/\/monmaghreb.com\/index.php\/2026\/03\/17\/demande-dune-10e-atsem-dans-les-ecoles-maternelles-marocaines-un-changement-crucial-pour-notre-enfance\/"},"wordCount":762,"publisher":{"@id":"http:\/\/monmaghreb.com\/#organization"},"image":{"@id":"https:\/\/monmaghreb.com\/index.php\/2026\/03\/17\/demande-dune-10e-atsem-dans-les-ecoles-maternelles-marocaines-un-changement-crucial-pour-notre-enfance\/#primaryimage"},"thumbnailUrl":"https:\/\/monmaghreb.com\/wp-content\/uploads\/2026\/03\/featured-155.jpg","keywords":["african diaspora","artisanat marocain","clothing guide","\u00c9ducation","Enfance Bled"],"articleSection":["Nostalgie"],"inLanguage":"en-US"},{"@type":"WebPage","@id":"https:\/\/monmaghreb.com\/index.php\/2026\/03\/17\/demande-dune-10e-atsem-dans-les-ecoles-maternelles-marocaines-un-changement-crucial-pour-notre-enfance\/","url":"https:\/\/monmaghreb.com\/index.php\/2026\/03\/17\/demande-dune-10e-atsem-dans-les-ecoles-maternelles-marocaines-un-changement-crucial-pour-notre-enfance\/","name":"Demande d'une 10e Atsem dans les \u00e9coles maternelles marocain","isPartOf":{"@id":"http:\/\/monmaghreb.com\/#website"},"primaryImageOfPage":{"@id":"https:\/\/monmaghreb.com\/index.php\/2026\/03\/17\/demande-dune-10e-atsem-dans-les-ecoles-maternelles-marocaines-un-changement-crucial-pour-notre-enfance\/#primaryimage"},"image":{"@id":"https:\/\/monmaghreb.com\/index.php\/2026\/03\/17\/demande-dune-10e-atsem-dans-les-ecoles-maternelles-marocaines-un-changement-crucial-pour-notre-enfance\/#primaryimage"},"thumbnailUrl":"https:\/\/monmaghreb.com\/wp-content\/uploads\/2026\/03\/featured-155.jpg","datePublished":"2026-03-17T11:04:26+00:00","dateModified":"2026-03-17T11:04:29+00:00","description":"Demande d'une 10e Atsem dans les \u00e9coles maternelles marocaines : un changement crucial pour notre enfance. Am\u00e9lioration de l'\u00e9ducation diaspora maghr\u00e9bine. Cliq","breadcrumb":{"@id":"https:\/\/monmaghreb.com\/index.php\/2026\/03\/17\/demande-dune-10e-atsem-dans-les-ecoles-maternelles-marocaines-un-changement-crucial-pour-notre-enfance\/#breadcrumb"},"inLanguage":"en-US","potentialAction":[{"@type":"ReadAction","target":["https:\/\/monmaghreb.com\/index.php\/2026\/03\/17\/demande-dune-10e-atsem-dans-les-ecoles-maternelles-marocaines-un-changement-crucial-pour-notre-enfance\/"]}]},{"@type":"ImageObject","inLanguage":"en-US","@id":"https:\/\/monmaghreb.com\/index.php\/2026\/03\/17\/demande-dune-10e-atsem-dans-les-ecoles-maternelles-marocaines-un-changement-crucial-pour-notre-enfance\/#primaryimage","url":"https:\/\/monmaghreb.com\/wp-content\/uploads\/2026\/03\/featured-155.jpg","contentUrl":"https:\/\/monmaghreb.com\/wp-content\/uploads\/2026\/03\/featured-155.jpg","width":1880,"height":1253,"caption":"Groupe d'enfants dans une \u00e9cole maternelle marocaine en train de suivre un enseignant"},{"@type":"BreadcrumbList","@id":"https:\/\/monmaghreb.com\/index.php\/2026\/03\/17\/demande-dune-10e-atsem-dans-les-ecoles-maternelles-marocaines-un-changement-crucial-pour-notre-enfance\/#breadcrumb","itemListElement":[{"@type":"ListItem","position":1,"name":"Home","item":"http:\/\/monmaghreb.com\/"},{"@type":"ListItem","position":2,"name":"Demande d&#8217;une 10e Atsem dans les \u00e9coles maternelles marocaines : un changement crucial pour notre enfance"}]},{"@type":"WebSite","@id":"http:\/\/monmaghreb.com\/#website","url":"http:\/\/monmaghreb.com\/","name":"Mon Maghreb","description":"MonMaghreb United","publisher":{"@id":"http:\/\/monmaghreb.com\/#organization"},"alternateName":"Le Monde du Maghreb et au del\u00e0","potentialAction":[{"@type":"SearchAction","target":{"@type":"EntryPoint","urlTemplate":"http:\/\/monmaghreb.com\/?s={search_term_string}"},"query-input":{"@type":"PropertyValueSpecification","valueRequired":true,"valueName":"search_term_string"}}],"inLanguage":"en-US"},{"@type":"Organization","@id":"http:\/\/monmaghreb.com\/#organization","name":"Mon Maghreb","url":"http:\/\/monmaghreb.com\/","logo":{"@type":"ImageObject","inLanguage":"en-US","@id":"http:\/\/monmaghreb.com\/#\/schema\/logo\/image\/","url":"https:\/\/monmaghreb.com\/wp-content\/uploads\/2025\/12\/Mon_Maghreb_Logo.jpg","contentUrl":"https:\/\/monmaghreb.com\/wp-content\/uploads\/2025\/12\/Mon_Maghreb_Logo.jpg","width":814,"height":374,"caption":"Mon Maghreb"},"image":{"@id":"http:\/\/monmaghreb.com\/#\/schema\/logo\/image\/"}},{"@type":"Person","@id":"http:\/\/monmaghreb.com\/#\/schema\/person\/c469a89dc8c6b8987dcb438b1200d054","name":"LaMagh","image":{"@type":"ImageObject","inLanguage":"en-US","@id":"https:\/\/secure.gravatar.com\/avatar\/399d8144bd55fba55e056779aca52fe528bac7911f6449e54d81173d6dfd7f0a?s=96&d=mm&r=g","url":"https:\/\/secure.gravatar.com\/avatar\/399d8144bd55fba55e056779aca52fe528bac7911f6449e54d81173d6dfd7f0a?s=96&d=mm&r=g","contentUrl":"https:\/\/secure.gravatar.com\/avatar\/399d8144bd55fba55e056779aca52fe528bac7911f6449e54d81173d6dfd7f0a?s=96&d=mm&r=g","caption":"LaMagh"},"sameAs":["https:\/\/monmaghreb.com","https:\/\/www.facebook.com\/monmaghrebcom","https:\/\/x.com\/MMaghreb50977"],"url":"https:\/\/monmaghreb.com\/index.php\/author\/lamagh\/"}]}},"_links":{"self":[{"href":"https:\/\/monmaghreb.com\/index.php\/wp-json\/wp\/v2\/posts\/1329","targetHints":{"allow":["GET"]}}],"collection":[{"href":"https:\/\/monmaghreb.com\/index.php\/wp-json\/wp\/v2\/posts"}],"about":[{"href":"https:\/\/monmaghreb.com\/index.php\/wp-json\/wp\/v2\/types\/post"}],"author":[{"embeddable":true,"href":"https:\/\/monmaghreb.com\/index.php\/wp-json\/wp\/v2\/users\/1"}],"replies":[{"embeddable":true,"href":"https:\/\/monmaghreb.com\/index.php\/wp-json\/wp\/v2\/comments?post=1329"}],"version-history":[{"count":1,"href":"https:\/\/monmaghreb.com\/index.php\/wp-json\/wp\/v2\/posts\/1329\/revisions"}],"predecessor-version":[{"id":1330,"href":"https:\/\/monmaghreb.com\/index.php\/wp-json\/wp\/v2\/posts\/1329\/revisions\/1330"}],"wp:featuredmedia":[{"embeddable":true,"href":"https:\/\/monmaghreb.com\/index.php\/wp-json\/wp\/v2\/media\/1328"}],"wp:attachment":[{"href":"https:\/\/monmaghreb.com\/index.php\/wp-json\/wp\/v2\/media?parent=1329"}],"wp:term":[{"taxonomy":"category","embeddable":true,"href":"https:\/\/monmaghreb.com\/index.php\/wp-json\/wp\/v2\/categories?post=1329"},{"taxonomy":"post_tag","embeddable":true,"href":"https:\/\/monmaghreb.com\/index.php\/wp-json\/wp\/v2\/tags?post=1329"}],"curies":[{"name":"wp","href":"https:\/\/api.w.org\/{rel}","templated":true}]}}