{"id":1335,"date":"2026-03-17T12:34:37","date_gmt":"2026-03-17T12:34:37","guid":{"rendered":"https:\/\/monmaghreb.com\/index.php\/2026\/03\/17\/fontainebleau-festival-de-lhistoire-de-lart-2026-la-mode-marocaine-en-vedette\/"},"modified":"2026-03-17T12:34:40","modified_gmt":"2026-03-17T12:34:40","slug":"fontainebleau-festival-de-lhistoire-de-lart-2026-la-mode-marocaine-en-vedette","status":"publish","type":"post","link":"https:\/\/monmaghreb.com\/index.php\/2026\/03\/17\/fontainebleau-festival-de-lhistoire-de-lart-2026-la-mode-marocaine-en-vedette\/","title":{"rendered":"Fontainebleau Festival de l&#8217;histoire de l&#8217;art 2026 : la mode marocaine en vedette"},"content":{"rendered":"<p><!DOCTYPE html><br \/>\n<html lang='fr'><br \/>\n<head><br \/>\n <meta charset='UTF-8'><br \/>\n <title>Fontainebleau Festival de l&#8217;histoire de l&#8217;art 2026 : la mode marocaine en vedette<\/title><br \/>\n<\/head><br \/>\n<body><\/p>\n<h1>Fontainebleau Festival de l&#8217;histoire de l&#8217;art 2026 : la mode marocaine en vedette<\/h1>\n<p>Au cours du prochain <a href=\"https:\/\/monmaghreb.com\/index.php\/2026\/03\/16\/fontainebleau-celebre-la-mode-marocaine-avec-son-festival-de-lhistoire-de-lart\/\" title=\"Fontainebleau c\u00e9l\u00e8bre la mode marocaine avec son Festival de l\u2019histoire de l&#8217;art\">Fontainebleau<\/a> Festival de l&#8217;histoire de l&#8217;art, qui aura lieu en 2026, le monde entier sera invit\u00e9 \u00e0 d\u00e9couvrir les richesses culturelles et artistiques du Maroc. Cette ann\u00e9e-l\u00e0, la mode marocaine prendra place au centre de l&#8217;\u00e9v\u00e9nement pour montrer son impact sur le monde de la mode internationale. Depuis des si\u00e8cles, la mode marocaine a \u00e9t\u00e9 influenc\u00e9e par les cultures ph\u00e9nicienne, romaine et byzantine qui se sont succ\u00e9d\u00e9es dans ce pays.<\/p>\n<h2>L&#8217;Histoire de la Mode Marocaine<\/h2>\n<p>La mode marocaine a une longue histoire qui remonte aux temps des Ph\u00e9niciens, Romains et Byzantins. Le Maroc \u00e9tait alors un carrefour culturel o\u00f9 se croisaient les influences ph\u00e9nicienne, romaine, byzantine et arabe. Les artisans marocains ont toujours \u00e9t\u00e9 connus pour leur cr\u00e9ativit\u00e9 et leur capacit\u00e9 \u00e0 adapter les styles import\u00e9s \u00e0 leurs propres traditions.<\/p>\n<p>Gr\u00e2ce aux \u00e9coles de design textile qui ont fleuri dans les villes marocaines de Fez et Marrakech au cours du XXe si\u00e8cle, la mode marocaine moderne a commenc\u00e9 \u00e0 gagner de l&#8217;attention internationale. Les cr\u00e9ateurs marocains ont utilis\u00e9 des mat\u00e9riaux traditionnels tels que le cuir, le lin, le coton et le wool pour cr\u00e9er des pi\u00e8ces uniques qui ont gagn\u00e9 le respect du monde de la mode.<\/p>\n<h2>Le Festival de l&#8217;histoire de l&#8217;art<\/h2>\n<p>Le Fontainebleau Festival de l&#8217;histoire de l&#8217;art est une manifestation culturelle internationale qui se tient tous les ans \u00e0 Fontainebleau, en France. Cette ann\u00e9e-l\u00e0, le th\u00e8me sera la mode marocaine, avec des expositions, des conf\u00e9rences et des ateliers consacr\u00e9s aux diff\u00e9rents aspects de la mode marocaine.<\/p>\n<p>Les visiteurs pourront \u00e9galement voir des pi\u00e8ces uniques cr\u00e9\u00e9es par les cr\u00e9ateurs marocains les plus talentueux. Ils pourront apprendre l&#8217;histoire de la mode marocaine, en d\u00e9couvrant les modes de production et de diffusion internationale de cette mode.<\/p>\n<h2>Les Cr\u00e9ateurs Marocains en vedette<\/h2>\n<p>Parmi les cr\u00e9ateurs marocains qui seront en vedette au cours du festival, nous pouvons citer Hicham Benohoud, Yassine Manakhri et Rim Zeini. Ils sont tous trois reconnus pour leur talent et leur originalit\u00e9.<\/p>\n<p>Hicham Benohoud est connu pour ses cr\u00e9ations de v\u00eatements uniques qui combinent les traditions marocaines avec des \u00e9l\u00e9ments contemporains. Yassine Manakhri a fait ses preuves en cr\u00e9ant des bijoux en cuir et en m\u00e9tal qui refl\u00e8tent la richesse de l&#8217;orf\u00e8vrerie marocaine. Rim Zeini est une styliste qui a con\u00e7u des collections de mode inspir\u00e9es par les traditions marocaines.<\/p>\n<h2>Le Maroc \u00e0 Fontainebleau<\/h2>\n<p>En plus des expositions consacr\u00e9es \u00e0 la mode marocaine, le festival offrira \u00e9galement des activit\u00e9s qui permettront aux visiteurs de conna\u00eetre mieux le Maroc et ses traditions. Des chefs marocains invit\u00e9s offriront des d\u00e9monstrations de cuisine et des cours de langue arabe.<\/p>\n<p>Venez d\u00e9couvrir la mode marocaine au cours du Fontainebleau Festival de l&#8217;histoire de l&#8217;art 2026 et prenez partie \u00e0 cette c\u00e9l\u00e9bration de la culture marocaine. Vous pourrez \u00e9galement apprendre l&#8217;histoire du Maroc, en vous plongeant dans les traditions culinaires, linguistiques et artistiques de ce pays.<\/p>\n<h2>Comment participer<\/h2>\n<p>Le Fontainebleau Festival de l&#8217;histoire de l&#8217;art est ouvert \u00e0 tous les int\u00e9ress\u00e9s. Si vous souhaitez participer, ne pas h\u00e9siter \u00e0 consulter le site web du festival pour plus d&#8217;informations sur les dates et les tickets.<\/p>\n<p>Venez rejoindre la communaut\u00e9 culturelle internationale qui se rassemblera \u00e0 Fontainebleau en 2026 pour c\u00e9l\u00e9brer la mode marocaine. Cette ann\u00e9e-l\u00e0, vous aurez l&#8217;opportunit\u00e9 de d\u00e9couvrir les secrets de la mode marocaine et de prendre part \u00e0 cette f\u00eate de la culture.<\/p>\n<p>Alors, pr\u00e9parez-vous \u00e0 \u00eatre transport\u00e9s dans un monde de couleurs vives, de textures riches et d&#8217;histoires fascinantes. Vous ne serez pas d\u00e9\u00e7u !<\/p>\n<div style=\"background:#f8f9fa;border-left:4px solid #0066cc;border-radius:6px;padding:20px 24px;margin:32px 0;\">\n<p style=\"font-size:13px;color:#888;text-transform:uppercase;letter-spacing:0.8px;margin:0 0 6px 0;\">Vous pourriez aussi aimer<\/p>\n<h3 style=\"font-size:18px;margin:0 0 14px 0;color:#222;\">Articles similaires<\/h3>\n<ul style=\"margin:0;padding-left:20px;list-style:disc;\">\n<li style=\"margin-bottom:10px;\"><a href=\"https:\/\/monmaghreb.com\/index.php\/2026\/03\/16\/fontainebleau-celebre-la-mode-marocaine-avec-son-festival-de-lhistoire-de-lart\/\" style=\"color:#0066cc;text-decoration:none;font-weight:500;\" title=\"Fontainebleau c\u00e9l\u00e8bre la mode marocaine avec son Festival de l\u2019histoire de l&#8217;art\">Fontainebleau c\u00e9l\u00e8bre la mode marocaine avec son Festival de l\u2019histoire de l&#8217;art<\/a><\/li>\n<li style=\"margin-bottom:10px;\"><a href=\"https:\/\/monmaghreb.com\/index.php\/2026\/03\/17\/guide-complet-pour-faire-des-affaires-au-maroc-mode-demploi-et-evitement-des-pieges\/\" style=\"color:#0066cc;text-decoration:none;font-weight:500;\" title=\"Guide complet pour faire des affaires au Maroc : mode d&#8217;emploi et \u00e9vitement des pi\u00e8ges\">Guide complet pour faire des affaires au Maroc : mode d&#8217;emploi et \u00e9vitement des pi\u00e8ges<\/a><\/li>\n<li style=\"margin-bottom:10px;\"><a href=\"https:\/\/monmaghreb.com\/index.php\/2026\/03\/16\/fatsiha-taleb-la-cuisine-algerienne-renait-en-ville\/\" style=\"color:#0066cc;text-decoration:none;font-weight:500;\" title=\"Fatsiha Taleb : la cuisine alg\u00e9rienne rena\u00eet en ville\">Fatsiha Taleb : la cuisine alg\u00e9rienne rena\u00eet en ville<\/a><\/li>\n<li style=\"margin-bottom:10px;\"><a href=\"https:\/\/monmaghreb.com\/index.php\/2026\/03\/15\/5-concept-stores-africains-a-paris-ou-le-design-saffirme-guide-pour-les-amoureux-du-design-et-de-la-mode\/\" style=\"color:#0066cc;text-decoration:none;font-weight:500;\" title=\"5 Concept Stores Africains \u00e0 Paris o\u00f9 le design s&#8217;affirme : Guide pour les amoureux du design et de la mode\">5 Concept Stores Africains \u00e0 Paris o\u00f9 le design s&#8217;affirme : Guide pour les amoureux du design et de la mode<\/a><\/li>\n<li style=\"margin-bottom:10px;\"><a href=\"https:\/\/monmaghreb.com\/index.php\/2026\/03\/14\/le-nouveau-restaurant-algerien-pres-de-paris-offre-un-buffet-algerien-a-volonte-decouvrez-le-meilleur-de-la-cuisine-algerienne-a-cote-de-la-ville-lumiere\/\" style=\"color:#0066cc;text-decoration:none;font-weight:500;\" title=\"Le nouveau restaurant alg\u00e9rien pr\u00e8s de Paris offre un buffet alg\u00e9rien \u00e0 volont\u00e9 : d\u00e9couvrez le meilleur de la cuisine alg\u00e9rienne \u00e0 c\u00f4t\u00e9 de la Ville Lumi\u00e8re\">Le nouveau restaurant alg\u00e9rien pr\u00e8s de Paris offre un buffet alg\u00e9rien \u00e0 volont\u00e9 : d\u00e9couvrez le meilleur de la cuisine alg\u00e9rienne \u00e0 c\u00f4t\u00e9 de la Ville Lumi\u00e8re<\/a><\/li>\n<\/ul>\n<\/div>\n<p><\/body><br \/>\n<\/html><\/p>\n","protected":false},"excerpt":{"rendered":"<p>D\u00e9couvrez la mode marocaine en vedette au Fontainebleau Festival de l&#8217;histoire de l&#8217;art 2026. Mondialement invit\u00e9 \u00e0 explorer les richesses culturelles et artist<\/p>\n","protected":false},"author":1,"featured_media":1334,"comment_status":"closed","ping_status":"open","sticky":false,"template":"","format":"standard","meta":{"_yoast_wpseo_focuskw":"Fontainebleau Festival de l'histoire de l'art 2026","_yoast_wpseo_title":"Fontainebleau Festival de l'histoire de l'art 2026 : la mode","_yoast_wpseo_metadesc":"D\u00e9couvrez la mode marocaine en vedette au Fontainebleau Festival de l'histoire de l'art 2026. Mondialement invit\u00e9 \u00e0 explorer les richesses culturelles et artist","_yoast_wpseo_canonical":"","_yoast_wpseo_opengraph-title":"Fontainebleau Festival de l'histoire de l'art 2026 : la mode marocaine en vedette","_yoast_wpseo_opengraph-description":"D\u00e9couvrez la mode marocaine en vedette au Fontainebleau Festival de l'histoire de l'art 2026. Mondialement invit\u00e9 \u00e0 explorer les richesses culturelles et artist","_yoast_wpseo_opengraph-image":"","tdm_status":"","tdm_grid_status":"","footnotes":""},"categories":[647],"tags":[72,1020,1018,556,1019],"class_list":["post-1335","post","type-post","status-publish","format-standard","has-post-thumbnail","hentry","category-plats-principaux","tag-cuisine-algerienne","tag-evenement-culturel","tag-fontainebleau-festival","tag-guide-pratique","tag-marocain-mode"],"yoast_head":"<!-- This site is optimized with the Yoast SEO plugin v27.5 - https:\/\/yoast.com\/product\/yoast-seo-wordpress\/ -->\n<title>Fontainebleau Festival de l&#039;histoire de l&#039;art 2026 : la mode<\/title>\n<meta name=\"description\" content=\"D\u00e9couvrez la mode marocaine en vedette au Fontainebleau Festival de l&#039;histoire de l&#039;art 2026. Mondialement invit\u00e9 \u00e0 explorer les richesses culturelles et artist\" \/>\n<meta name=\"robots\" content=\"index, follow, max-snippet:-1, max-image-preview:large, max-video-preview:-1\" \/>\n<link rel=\"canonical\" href=\"https:\/\/monmaghreb.com\/index.php\/2026\/03\/17\/fontainebleau-festival-de-lhistoire-de-lart-2026-la-mode-marocaine-en-vedette\/\" \/>\n<meta property=\"og:locale\" content=\"en_US\" \/>\n<meta property=\"og:type\" content=\"article\" \/>\n<meta property=\"og:title\" content=\"Fontainebleau Festival de l&#039;histoire de l&#039;art 2026 : la mode marocaine en vedette\" \/>\n<meta property=\"og:description\" content=\"D\u00e9couvrez la mode marocaine en vedette au Fontainebleau Festival de l&#039;histoire de l&#039;art 2026. Mondialement invit\u00e9 \u00e0 explorer les richesses culturelles et artist\" \/>\n<meta property=\"og:url\" content=\"https:\/\/monmaghreb.com\/index.php\/2026\/03\/17\/fontainebleau-festival-de-lhistoire-de-lart-2026-la-mode-marocaine-en-vedette\/\" \/>\n<meta property=\"og:site_name\" content=\"Mon Maghreb\" \/>\n<meta property=\"article:author\" content=\"https:\/\/www.facebook.com\/monmaghrebcom\" \/>\n<meta property=\"article:published_time\" content=\"2026-03-17T12:34:37+00:00\" \/>\n<meta property=\"article:modified_time\" content=\"2026-03-17T12:34:40+00:00\" \/>\n<meta property=\"og:image\" content=\"https:\/\/monmaghreb.com\/wp-content\/uploads\/2026\/03\/featured-157.jpg\" \/>\n\t<meta property=\"og:image:width\" content=\"1880\" \/>\n\t<meta property=\"og:image:height\" content=\"1253\" \/>\n\t<meta property=\"og:image:type\" content=\"image\/jpeg\" \/>\n<meta name=\"author\" content=\"LaMagh\" \/>\n<meta name=\"twitter:card\" content=\"summary_large_image\" \/>\n<meta name=\"twitter:creator\" content=\"@MMaghreb50977\" \/>\n<meta name=\"twitter:label1\" content=\"Written by\" \/>\n\t<meta name=\"twitter:data1\" content=\"LaMagh\" \/>\n\t<meta name=\"twitter:label2\" content=\"Est. reading time\" \/>\n\t<meta name=\"twitter:data2\" content=\"4 minutes\" \/>\n<script type=\"application\/ld+json\" class=\"yoast-schema-graph\">{\"@context\":\"https:\\\/\\\/schema.org\",\"@graph\":[{\"@type\":\"Article\",\"@id\":\"https:\\\/\\\/monmaghreb.com\\\/index.php\\\/2026\\\/03\\\/17\\\/fontainebleau-festival-de-lhistoire-de-lart-2026-la-mode-marocaine-en-vedette\\\/#article\",\"isPartOf\":{\"@id\":\"https:\\\/\\\/monmaghreb.com\\\/index.php\\\/2026\\\/03\\\/17\\\/fontainebleau-festival-de-lhistoire-de-lart-2026-la-mode-marocaine-en-vedette\\\/\"},\"author\":{\"name\":\"LaMagh\",\"@id\":\"http:\\\/\\\/monmaghreb.com\\\/#\\\/schema\\\/person\\\/c469a89dc8c6b8987dcb438b1200d054\"},\"headline\":\"Fontainebleau Festival de l&#8217;histoire de l&#8217;art 2026 : la mode marocaine en vedette\",\"datePublished\":\"2026-03-17T12:34:37+00:00\",\"dateModified\":\"2026-03-17T12:34:40+00:00\",\"mainEntityOfPage\":{\"@id\":\"https:\\\/\\\/monmaghreb.com\\\/index.php\\\/2026\\\/03\\\/17\\\/fontainebleau-festival-de-lhistoire-de-lart-2026-la-mode-marocaine-en-vedette\\\/\"},\"wordCount\":775,\"publisher\":{\"@id\":\"http:\\\/\\\/monmaghreb.com\\\/#organization\"},\"image\":{\"@id\":\"https:\\\/\\\/monmaghreb.com\\\/index.php\\\/2026\\\/03\\\/17\\\/fontainebleau-festival-de-lhistoire-de-lart-2026-la-mode-marocaine-en-vedette\\\/#primaryimage\"},\"thumbnailUrl\":\"https:\\\/\\\/monmaghreb.com\\\/wp-content\\\/uploads\\\/2026\\\/03\\\/featured-157.jpg\",\"keywords\":[\"cuisine alg\u00e9rienne\",\"ev\u00e9nement culturel\",\"fontainebleau festival\",\"guide pratique\",\"marocain mode\"],\"articleSection\":[\"Plats Principaux\"],\"inLanguage\":\"en-US\"},{\"@type\":\"WebPage\",\"@id\":\"https:\\\/\\\/monmaghreb.com\\\/index.php\\\/2026\\\/03\\\/17\\\/fontainebleau-festival-de-lhistoire-de-lart-2026-la-mode-marocaine-en-vedette\\\/\",\"url\":\"https:\\\/\\\/monmaghreb.com\\\/index.php\\\/2026\\\/03\\\/17\\\/fontainebleau-festival-de-lhistoire-de-lart-2026-la-mode-marocaine-en-vedette\\\/\",\"name\":\"Fontainebleau Festival de l'histoire de l'art 2026 : la mode\",\"isPartOf\":{\"@id\":\"http:\\\/\\\/monmaghreb.com\\\/#website\"},\"primaryImageOfPage\":{\"@id\":\"https:\\\/\\\/monmaghreb.com\\\/index.php\\\/2026\\\/03\\\/17\\\/fontainebleau-festival-de-lhistoire-de-lart-2026-la-mode-marocaine-en-vedette\\\/#primaryimage\"},\"image\":{\"@id\":\"https:\\\/\\\/monmaghreb.com\\\/index.php\\\/2026\\\/03\\\/17\\\/fontainebleau-festival-de-lhistoire-de-lart-2026-la-mode-marocaine-en-vedette\\\/#primaryimage\"},\"thumbnailUrl\":\"https:\\\/\\\/monmaghreb.com\\\/wp-content\\\/uploads\\\/2026\\\/03\\\/featured-157.jpg\",\"datePublished\":\"2026-03-17T12:34:37+00:00\",\"dateModified\":\"2026-03-17T12:34:40+00:00\",\"description\":\"D\u00e9couvrez la mode marocaine en vedette au Fontainebleau Festival de l'histoire de l'art 2026. Mondialement invit\u00e9 \u00e0 explorer les richesses culturelles et artist\",\"breadcrumb\":{\"@id\":\"https:\\\/\\\/monmaghreb.com\\\/index.php\\\/2026\\\/03\\\/17\\\/fontainebleau-festival-de-lhistoire-de-lart-2026-la-mode-marocaine-en-vedette\\\/#breadcrumb\"},\"inLanguage\":\"en-US\",\"potentialAction\":[{\"@type\":\"ReadAction\",\"target\":[\"https:\\\/\\\/monmaghreb.com\\\/index.php\\\/2026\\\/03\\\/17\\\/fontainebleau-festival-de-lhistoire-de-lart-2026-la-mode-marocaine-en-vedette\\\/\"]}]},{\"@type\":\"ImageObject\",\"inLanguage\":\"en-US\",\"@id\":\"https:\\\/\\\/monmaghreb.com\\\/index.php\\\/2026\\\/03\\\/17\\\/fontainebleau-festival-de-lhistoire-de-lart-2026-la-mode-marocaine-en-vedette\\\/#primaryimage\",\"url\":\"https:\\\/\\\/monmaghreb.com\\\/wp-content\\\/uploads\\\/2026\\\/03\\\/featured-157.jpg\",\"contentUrl\":\"https:\\\/\\\/monmaghreb.com\\\/wp-content\\\/uploads\\\/2026\\\/03\\\/featured-157.jpg\",\"width\":1880,\"height\":1253,\"caption\":\"Fontainebleau Festival de l'histoire de l'art 2026 featuring Moroccan fashion\"},{\"@type\":\"BreadcrumbList\",\"@id\":\"https:\\\/\\\/monmaghreb.com\\\/index.php\\\/2026\\\/03\\\/17\\\/fontainebleau-festival-de-lhistoire-de-lart-2026-la-mode-marocaine-en-vedette\\\/#breadcrumb\",\"itemListElement\":[{\"@type\":\"ListItem\",\"position\":1,\"name\":\"Home\",\"item\":\"http:\\\/\\\/monmaghreb.com\\\/\"},{\"@type\":\"ListItem\",\"position\":2,\"name\":\"Fontainebleau Festival de l&#8217;histoire de l&#8217;art 2026 : la mode marocaine en vedette\"}]},{\"@type\":\"WebSite\",\"@id\":\"http:\\\/\\\/monmaghreb.com\\\/#website\",\"url\":\"http:\\\/\\\/monmaghreb.com\\\/\",\"name\":\"Mon Maghreb\",\"description\":\"MonMaghreb United\",\"publisher\":{\"@id\":\"http:\\\/\\\/monmaghreb.com\\\/#organization\"},\"alternateName\":\"Le Monde du Maghreb et au del\u00e0\",\"potentialAction\":[{\"@type\":\"SearchAction\",\"target\":{\"@type\":\"EntryPoint\",\"urlTemplate\":\"http:\\\/\\\/monmaghreb.com\\\/?s={search_term_string}\"},\"query-input\":{\"@type\":\"PropertyValueSpecification\",\"valueRequired\":true,\"valueName\":\"search_term_string\"}}],\"inLanguage\":\"en-US\"},{\"@type\":\"Organization\",\"@id\":\"http:\\\/\\\/monmaghreb.com\\\/#organization\",\"name\":\"Mon Maghreb\",\"url\":\"http:\\\/\\\/monmaghreb.com\\\/\",\"logo\":{\"@type\":\"ImageObject\",\"inLanguage\":\"en-US\",\"@id\":\"http:\\\/\\\/monmaghreb.com\\\/#\\\/schema\\\/logo\\\/image\\\/\",\"url\":\"https:\\\/\\\/monmaghreb.com\\\/wp-content\\\/uploads\\\/2025\\\/12\\\/Mon_Maghreb_Logo.jpg\",\"contentUrl\":\"https:\\\/\\\/monmaghreb.com\\\/wp-content\\\/uploads\\\/2025\\\/12\\\/Mon_Maghreb_Logo.jpg\",\"width\":814,\"height\":374,\"caption\":\"Mon Maghreb\"},\"image\":{\"@id\":\"http:\\\/\\\/monmaghreb.com\\\/#\\\/schema\\\/logo\\\/image\\\/\"}},{\"@type\":\"Person\",\"@id\":\"http:\\\/\\\/monmaghreb.com\\\/#\\\/schema\\\/person\\\/c469a89dc8c6b8987dcb438b1200d054\",\"name\":\"LaMagh\",\"image\":{\"@type\":\"ImageObject\",\"inLanguage\":\"en-US\",\"@id\":\"https:\\\/\\\/secure.gravatar.com\\\/avatar\\\/399d8144bd55fba55e056779aca52fe528bac7911f6449e54d81173d6dfd7f0a?s=96&d=mm&r=g\",\"url\":\"https:\\\/\\\/secure.gravatar.com\\\/avatar\\\/399d8144bd55fba55e056779aca52fe528bac7911f6449e54d81173d6dfd7f0a?s=96&d=mm&r=g\",\"contentUrl\":\"https:\\\/\\\/secure.gravatar.com\\\/avatar\\\/399d8144bd55fba55e056779aca52fe528bac7911f6449e54d81173d6dfd7f0a?s=96&d=mm&r=g\",\"caption\":\"LaMagh\"},\"sameAs\":[\"https:\\\/\\\/monmaghreb.com\",\"https:\\\/\\\/www.facebook.com\\\/monmaghrebcom\",\"https:\\\/\\\/x.com\\\/MMaghreb50977\"],\"url\":\"https:\\\/\\\/monmaghreb.com\\\/index.php\\\/author\\\/lamagh\\\/\"}]}<\/script>\n<!-- \/ Yoast SEO plugin. -->","yoast_head_json":{"title":"Fontainebleau Festival de l'histoire de l'art 2026 : la mode","description":"D\u00e9couvrez la mode marocaine en vedette au Fontainebleau Festival de l'histoire de l'art 2026. Mondialement invit\u00e9 \u00e0 explorer les richesses culturelles et artist","robots":{"index":"index","follow":"follow","max-snippet":"max-snippet:-1","max-image-preview":"max-image-preview:large","max-video-preview":"max-video-preview:-1"},"canonical":"https:\/\/monmaghreb.com\/index.php\/2026\/03\/17\/fontainebleau-festival-de-lhistoire-de-lart-2026-la-mode-marocaine-en-vedette\/","og_locale":"en_US","og_type":"article","og_title":"Fontainebleau Festival de l'histoire de l'art 2026 : la mode marocaine en vedette","og_description":"D\u00e9couvrez la mode marocaine en vedette au Fontainebleau Festival de l'histoire de l'art 2026. Mondialement invit\u00e9 \u00e0 explorer les richesses culturelles et artist","og_url":"https:\/\/monmaghreb.com\/index.php\/2026\/03\/17\/fontainebleau-festival-de-lhistoire-de-lart-2026-la-mode-marocaine-en-vedette\/","og_site_name":"Mon Maghreb","article_author":"https:\/\/www.facebook.com\/monmaghrebcom","article_published_time":"2026-03-17T12:34:37+00:00","article_modified_time":"2026-03-17T12:34:40+00:00","og_image":[{"width":1880,"height":1253,"url":"https:\/\/monmaghreb.com\/wp-content\/uploads\/2026\/03\/featured-157.jpg","type":"image\/jpeg"}],"author":"LaMagh","twitter_card":"summary_large_image","twitter_creator":"@MMaghreb50977","twitter_misc":{"Written by":"LaMagh","Est. reading time":"4 minutes"},"schema":{"@context":"https:\/\/schema.org","@graph":[{"@type":"Article","@id":"https:\/\/monmaghreb.com\/index.php\/2026\/03\/17\/fontainebleau-festival-de-lhistoire-de-lart-2026-la-mode-marocaine-en-vedette\/#article","isPartOf":{"@id":"https:\/\/monmaghreb.com\/index.php\/2026\/03\/17\/fontainebleau-festival-de-lhistoire-de-lart-2026-la-mode-marocaine-en-vedette\/"},"author":{"name":"LaMagh","@id":"http:\/\/monmaghreb.com\/#\/schema\/person\/c469a89dc8c6b8987dcb438b1200d054"},"headline":"Fontainebleau Festival de l&#8217;histoire de l&#8217;art 2026 : la mode marocaine en vedette","datePublished":"2026-03-17T12:34:37+00:00","dateModified":"2026-03-17T12:34:40+00:00","mainEntityOfPage":{"@id":"https:\/\/monmaghreb.com\/index.php\/2026\/03\/17\/fontainebleau-festival-de-lhistoire-de-lart-2026-la-mode-marocaine-en-vedette\/"},"wordCount":775,"publisher":{"@id":"http:\/\/monmaghreb.com\/#organization"},"image":{"@id":"https:\/\/monmaghreb.com\/index.php\/2026\/03\/17\/fontainebleau-festival-de-lhistoire-de-lart-2026-la-mode-marocaine-en-vedette\/#primaryimage"},"thumbnailUrl":"https:\/\/monmaghreb.com\/wp-content\/uploads\/2026\/03\/featured-157.jpg","keywords":["cuisine alg\u00e9rienne","ev\u00e9nement culturel","fontainebleau festival","guide pratique","marocain mode"],"articleSection":["Plats Principaux"],"inLanguage":"en-US"},{"@type":"WebPage","@id":"https:\/\/monmaghreb.com\/index.php\/2026\/03\/17\/fontainebleau-festival-de-lhistoire-de-lart-2026-la-mode-marocaine-en-vedette\/","url":"https:\/\/monmaghreb.com\/index.php\/2026\/03\/17\/fontainebleau-festival-de-lhistoire-de-lart-2026-la-mode-marocaine-en-vedette\/","name":"Fontainebleau Festival de l'histoire de l'art 2026 : la mode","isPartOf":{"@id":"http:\/\/monmaghreb.com\/#website"},"primaryImageOfPage":{"@id":"https:\/\/monmaghreb.com\/index.php\/2026\/03\/17\/fontainebleau-festival-de-lhistoire-de-lart-2026-la-mode-marocaine-en-vedette\/#primaryimage"},"image":{"@id":"https:\/\/monmaghreb.com\/index.php\/2026\/03\/17\/fontainebleau-festival-de-lhistoire-de-lart-2026-la-mode-marocaine-en-vedette\/#primaryimage"},"thumbnailUrl":"https:\/\/monmaghreb.com\/wp-content\/uploads\/2026\/03\/featured-157.jpg","datePublished":"2026-03-17T12:34:37+00:00","dateModified":"2026-03-17T12:34:40+00:00","description":"D\u00e9couvrez la mode marocaine en vedette au Fontainebleau Festival de l'histoire de l'art 2026. Mondialement invit\u00e9 \u00e0 explorer les richesses culturelles et artist","breadcrumb":{"@id":"https:\/\/monmaghreb.com\/index.php\/2026\/03\/17\/fontainebleau-festival-de-lhistoire-de-lart-2026-la-mode-marocaine-en-vedette\/#breadcrumb"},"inLanguage":"en-US","potentialAction":[{"@type":"ReadAction","target":["https:\/\/monmaghreb.com\/index.php\/2026\/03\/17\/fontainebleau-festival-de-lhistoire-de-lart-2026-la-mode-marocaine-en-vedette\/"]}]},{"@type":"ImageObject","inLanguage":"en-US","@id":"https:\/\/monmaghreb.com\/index.php\/2026\/03\/17\/fontainebleau-festival-de-lhistoire-de-lart-2026-la-mode-marocaine-en-vedette\/#primaryimage","url":"https:\/\/monmaghreb.com\/wp-content\/uploads\/2026\/03\/featured-157.jpg","contentUrl":"https:\/\/monmaghreb.com\/wp-content\/uploads\/2026\/03\/featured-157.jpg","width":1880,"height":1253,"caption":"Fontainebleau Festival de l'histoire de l'art 2026 featuring Moroccan fashion"},{"@type":"BreadcrumbList","@id":"https:\/\/monmaghreb.com\/index.php\/2026\/03\/17\/fontainebleau-festival-de-lhistoire-de-lart-2026-la-mode-marocaine-en-vedette\/#breadcrumb","itemListElement":[{"@type":"ListItem","position":1,"name":"Home","item":"http:\/\/monmaghreb.com\/"},{"@type":"ListItem","position":2,"name":"Fontainebleau Festival de l&#8217;histoire de l&#8217;art 2026 : la mode marocaine en vedette"}]},{"@type":"WebSite","@id":"http:\/\/monmaghreb.com\/#website","url":"http:\/\/monmaghreb.com\/","name":"Mon Maghreb","description":"MonMaghreb United","publisher":{"@id":"http:\/\/monmaghreb.com\/#organization"},"alternateName":"Le Monde du Maghreb et au del\u00e0","potentialAction":[{"@type":"SearchAction","target":{"@type":"EntryPoint","urlTemplate":"http:\/\/monmaghreb.com\/?s={search_term_string}"},"query-input":{"@type":"PropertyValueSpecification","valueRequired":true,"valueName":"search_term_string"}}],"inLanguage":"en-US"},{"@type":"Organization","@id":"http:\/\/monmaghreb.com\/#organization","name":"Mon Maghreb","url":"http:\/\/monmaghreb.com\/","logo":{"@type":"ImageObject","inLanguage":"en-US","@id":"http:\/\/monmaghreb.com\/#\/schema\/logo\/image\/","url":"https:\/\/monmaghreb.com\/wp-content\/uploads\/2025\/12\/Mon_Maghreb_Logo.jpg","contentUrl":"https:\/\/monmaghreb.com\/wp-content\/uploads\/2025\/12\/Mon_Maghreb_Logo.jpg","width":814,"height":374,"caption":"Mon Maghreb"},"image":{"@id":"http:\/\/monmaghreb.com\/#\/schema\/logo\/image\/"}},{"@type":"Person","@id":"http:\/\/monmaghreb.com\/#\/schema\/person\/c469a89dc8c6b8987dcb438b1200d054","name":"LaMagh","image":{"@type":"ImageObject","inLanguage":"en-US","@id":"https:\/\/secure.gravatar.com\/avatar\/399d8144bd55fba55e056779aca52fe528bac7911f6449e54d81173d6dfd7f0a?s=96&d=mm&r=g","url":"https:\/\/secure.gravatar.com\/avatar\/399d8144bd55fba55e056779aca52fe528bac7911f6449e54d81173d6dfd7f0a?s=96&d=mm&r=g","contentUrl":"https:\/\/secure.gravatar.com\/avatar\/399d8144bd55fba55e056779aca52fe528bac7911f6449e54d81173d6dfd7f0a?s=96&d=mm&r=g","caption":"LaMagh"},"sameAs":["https:\/\/monmaghreb.com","https:\/\/www.facebook.com\/monmaghrebcom","https:\/\/x.com\/MMaghreb50977"],"url":"https:\/\/monmaghreb.com\/index.php\/author\/lamagh\/"}]}},"_links":{"self":[{"href":"https:\/\/monmaghreb.com\/index.php\/wp-json\/wp\/v2\/posts\/1335","targetHints":{"allow":["GET"]}}],"collection":[{"href":"https:\/\/monmaghreb.com\/index.php\/wp-json\/wp\/v2\/posts"}],"about":[{"href":"https:\/\/monmaghreb.com\/index.php\/wp-json\/wp\/v2\/types\/post"}],"author":[{"embeddable":true,"href":"https:\/\/monmaghreb.com\/index.php\/wp-json\/wp\/v2\/users\/1"}],"replies":[{"embeddable":true,"href":"https:\/\/monmaghreb.com\/index.php\/wp-json\/wp\/v2\/comments?post=1335"}],"version-history":[{"count":1,"href":"https:\/\/monmaghreb.com\/index.php\/wp-json\/wp\/v2\/posts\/1335\/revisions"}],"predecessor-version":[{"id":1336,"href":"https:\/\/monmaghreb.com\/index.php\/wp-json\/wp\/v2\/posts\/1335\/revisions\/1336"}],"wp:featuredmedia":[{"embeddable":true,"href":"https:\/\/monmaghreb.com\/index.php\/wp-json\/wp\/v2\/media\/1334"}],"wp:attachment":[{"href":"https:\/\/monmaghreb.com\/index.php\/wp-json\/wp\/v2\/media?parent=1335"}],"wp:term":[{"taxonomy":"category","embeddable":true,"href":"https:\/\/monmaghreb.com\/index.php\/wp-json\/wp\/v2\/categories?post=1335"},{"taxonomy":"post_tag","embeddable":true,"href":"https:\/\/monmaghreb.com\/index.php\/wp-json\/wp\/v2\/tags?post=1335"}],"curies":[{"name":"wp","href":"https:\/\/api.w.org\/{rel}","templated":true}]}}