{"id":1350,"date":"2026-03-17T14:34:17","date_gmt":"2026-03-17T14:34:17","guid":{"rendered":"https:\/\/monmaghreb.com\/index.php\/2026\/03\/17\/education-a-saint-cyr-lecole-la-filiere-vegetale-et-la-biodiversite-en-france\/"},"modified":"2026-03-17T14:34:21","modified_gmt":"2026-03-17T14:34:21","slug":"education-a-saint-cyr-lecole-la-filiere-vegetale-et-la-biodiversite-en-france","status":"publish","type":"post","link":"https:\/\/monmaghreb.com\/index.php\/2026\/03\/17\/education-a-saint-cyr-lecole-la-filiere-vegetale-et-la-biodiversite-en-france\/","title":{"rendered":"\u00c9ducation \u00e0 Saint-Cyr L&#8217;\u00c9cole : la fili\u00e8re v\u00e9g\u00e9tale et la biodiversit\u00e9 en France"},"content":{"rendered":"<p><!DOCTYPE html><br \/>\n<html lang='fr'><br \/>\n<head><br \/>\n <meta charset='UTF-8'><br \/>\n <title>\u00c9ducation \u00e0 Saint-Cyr L&#8217;\u00c9cole : la fili\u00e8re v\u00e9g\u00e9tale et la biodiversit\u00e9 en France<\/title><br \/>\n<\/head><br \/>\n<body><\/p>\n<h1>\u00c9ducation \u00e0 Saint-Cyr L&#8217;\u00c9cole : la fili\u00e8re v\u00e9g\u00e9tale et la biodiversit\u00e9 en France<\/h1>\n<p>Bonjour lecteurs maghr\u00e9bins de la diaspora, nous sommes ravis de vous accueillir sur notre blog aujourd&#8217;hui. Nous allons explorer un sujet passionnant : l&#8217;\u00e9ducation \u00e0 Saint-Cyr L&#8217;\u00c9cole et sa relation avec la biodiversit\u00e9 en France. Pour comprendre l&#8217;enjeu, il est important de se pencher sur les origines de cette \u00e9cole prestigieuse.<\/p>\n<p>Saint-Cyr L&#8217;\u00c9cole a \u00e9t\u00e9 fond\u00e9e en 1820 et forme depuis des cadets officiers dans tous les armes du service actif de la D\u00e9fense. Mais cela ne signifie pas que l&#8217;\u00e9cole se contente simplement de former des militaires ; elle a \u00e9galement une longue tradition d&#8217;int\u00e9r\u00eat pour l&#8217;environnement et encourage ses \u00e9tudiants \u00e0 s&#8217;engager pour la biodiversit\u00e9 en France.<\/p>\n<h2>Qu&#8217;est-ce que Saint-Cyr L&#8217;\u00c9cole ?<\/h2>\n<p>Avec plus de 200 ans d&#8217;histoire, Saint-Cyr L&#8217;\u00c9cole est l&#8217;une des \u00e9coles militaires les plus anciennes et les plus respect\u00e9es du monde. Elle a produit de nombreux officiers illustres, notamment dans l&#8217;arm\u00e9e fran\u00e7aise.<\/p>\n<p>La proximit\u00e9 de Versailles, \u00e0 30 kilom\u00e8tres \u00e0 l&#8217;ouest de Paris, en fait un lieu id\u00e9al pour la formation des cadets. Le campus, qui comprend plus de 120 hectares de bois, prairies, rivi\u00e8res, \u00e9tangs et jardins, est \u00e9galement un espace d&#8217;apprentissage unique pour les \u00e9tudiants.<\/p>\n<h2>La fili\u00e8re v\u00e9g\u00e9tale de Saint-Cyr L&#8217;\u00c9cole<\/h2>\n<p>L&#8217;une des initiatives les plus importantes de Saint-Cyr L&#8217;\u00c9cole est la fili\u00e8re v\u00e9g\u00e9tale. Cette initiative vise \u00e0 am\u00e9liorer la connaissance et la pratique de l&#8217;arboriculture dans le cadre militaire.<\/p>\n<p>Le centre d&#8217;enseignement forestier de Saint-Cyr L&#8217;\u00c9cole propose des formations pratiques pour les cadets, qui apprennent \u00e0 cultiver des arbres, \u00e0 planter des for\u00eats et \u00e0 g\u00e9rer l&#8217;environnement. Les \u00e9tudiants acqui\u00e8rent ainsi une solide base en \u00e9cologie et en gestion de l&#8217;environnement.<\/p>\n<p>Avec plus de 80 esp\u00e8ces d&#8217;oiseaux, plus de 30 esp\u00e8ces de mammif\u00e8res et plus de 25 esp\u00e8ces de reptiles et d&#8217;amphibiens, le campus de Saint-Cyr L&#8217;\u00c9cole est un \u00e9cosyst\u00e8me unique et riche qui permet aux \u00e9tudiants de se familiariser avec la biodiversit\u00e9.<\/p>\n<h2>L&#8217;impact de la fili\u00e8re v\u00e9g\u00e9tale sur la biodiversit\u00e9 en France<\/h2>\n<p>La fili\u00e8re v\u00e9g\u00e9tale a \u00e9galement eu un impact positif sur la biodiversit\u00e9 en France. Les cadets qui ont \u00e9t\u00e9 form\u00e9s \u00e0 Saint-Cyr L&#8217;\u00c9cole se sont engag\u00e9s dans des projets de reforestation et de gestion de l&#8217;environnement \u00e0 travers tout le pays.<\/p>\n<ul>\n<li>Le projet \u00ab Mille arbres pour la paix \u00bb a permis aux cadets de planter 1000 arbres dans les \u00e9coles primaires et secondaires du d\u00e9partement des Yvelines, en soutien \u00e0 l&#8217;\u00e9ducation environnementale.<\/li>\n<li>Le programme \u00ab For\u00eat d&#8217;avenir \u00bb a vu des cadets former des jeunes volontaires pour la reforestation dans des parcs r\u00e9gionaux \u00e0 travers le pays, contribuant ainsi \u00e0 la pr\u00e9servation de la biodiversit\u00e9.<\/li>\n<\/ul>\n<h2>La formation continue et l&#8217;innovation<\/h2>\n<p>Saint-Cyr L&#8217;\u00c9cole ne se contente pas de son pass\u00e9 glorieux ; elle s&#8217;engage \u00e9galement dans la recherche et l&#8217;innovation pour am\u00e9liorer encore plus sa fili\u00e8re v\u00e9g\u00e9tale.<\/p>\n<p>Le centre de recherche en agroforesterie de Saint-Cyr L&#8217;\u00c9cole travaille sur des technologies innovantes telles que les plantations assist\u00e9es par drone et la biomim\u00e9tique, pour trouver de nouvelles solutions pour prot\u00e9ger l&#8217;environnement.<\/p>\n<h2>Le role de la communaut\u00e9 maghr\u00e9bine dans la biodiversit\u00e9 en France<\/h2>\n<p>Nous pensons que chaque personne peut faire une diff\u00e9rence pour prot\u00e9ger et promouvoir la biodiversit\u00e9. Si vous \u00eates int\u00e9ress\u00e9s par le sujet, nous vous encouragons \u00e0 apprendre plus sur les initiatives de Saint-Cyr L&#8217;\u00c9cole et \u00e0 soutenir des projets de reforestation \u00e0 travers tout le pays.<\/p>\n<p>Nous sommes convaincus que la communaut\u00e9 maghr\u00e9bine peut jouer un r\u00f4le important dans la protection de la biodiversit\u00e9 en France. En apprenant les pratiques environnementales, en sensibilisant les jeunes g\u00e9n\u00e9rations et en soutenant les initiatives de Saint-Cyr L&#8217;\u00c9cole, nous pouvons ensemble prot\u00e9ger l&#8217;environnement.<\/p>\n<h2>Conclusion<\/h2>\n<p>Saint-Cyr L&#8217;\u00c9cole est un exemple remarquable de l&#8217;engagement pour la biodiversit\u00e9 en France. En encourageant les jeunes cadets \u00e0 prendre soin de leur environnement, elle a permis d&#8217;am\u00e9liorer consid\u00e9rablement la biodiversit\u00e9 sur son campus et \u00e0 travers tout le pays.<\/p>\n<p>Nous esp\u00e9rons que ce billet vous a donn\u00e9 un aper\u00e7u int\u00e9ressant de l&#8217;\u0153uvre de Saint-Cyr L&#8217;\u00c9cole. Si vous avez appris quelque chose ou si vous avez des questions \u00e0 propos du sujet, n&#8217;h\u00e9sitez pas \u00e0 nous partager votre avis !<\/p>\n<p>Merci de lire notre billet et nous esp\u00e9rons que cela vous aura inspir\u00e9 pour agir en faveur de la biodiversit\u00e9. Nous serons ravis de discuter plus en d\u00e9tail des initiatives de Saint-Cyr L&#8217;\u00c9cole dans nos prochains articles.<\/p>\n<div style=\"background:#f8f9fa;border-left:4px solid #0066cc;border-radius:6px;padding:20px 24px;margin:32px 0;\">\n<p style=\"font-size:13px;color:#888;text-transform:uppercase;letter-spacing:0.8px;margin:0 0 6px 0;\">Vous pourriez aussi aimer<\/p>\n<h3 style=\"font-size:18px;margin:0 0 14px 0;color:#222;\">Articles similaires<\/h3>\n<ul style=\"margin:0;padding-left:20px;list-style:disc;\">\n<li style=\"margin-bottom:10px;\"><a href=\"https:\/\/monmaghreb.com\/index.php\/2026\/03\/17\/la-sante-des-enfants-et-jeunes-en-algerie-appuyez-sur-la-petition-de-lunsa-education\/\" style=\"color:#0066cc;text-decoration:none;font-weight:500;\" title=\"La sant\u00e9 des enfants et jeunes en Alg\u00e9rie : appuyez sur la p\u00e9tition de l\u2019UNSA Education\">La sant\u00e9 des enfants et jeunes en Alg\u00e9rie : appuyez sur la p\u00e9tition de l\u2019UNSA Education<\/a><\/li>\n<li style=\"margin-bottom:10px;\"><a href=\"https:\/\/monmaghreb.com\/index.php\/2026\/03\/17\/barometre-2026-enseigner-leducation-financiere-aux-enfants-aux-maghrebins-de-la-diaspora\/\" style=\"color:#0066cc;text-decoration:none;font-weight:500;\" title=\"Barom\u00e8tre 2026 : Enseigner l&#8217;\u00e9ducation financi\u00e8re aux enfants aux Maghr\u00e9bins de la diaspora\">Barom\u00e8tre 2026 : Enseigner l&#8217;\u00e9ducation financi\u00e8re aux enfants aux Maghr\u00e9bins de la diaspora<\/a><\/li>\n<li style=\"margin-bottom:10px;\"><a href=\"https:\/\/monmaghreb.com\/index.php\/2026\/03\/17\/les-concept-stores-africains-parisiens-ou-trouver-du-design-inspire-du-maghreb\/\" style=\"color:#0066cc;text-decoration:none;font-weight:500;\" title=\"Les concept stores africains parisiens : o\u00f9 trouver du design inspir\u00e9 du Maghreb\">Les concept stores africains parisiens : o\u00f9 trouver du design inspir\u00e9 du Maghreb<\/a><\/li>\n<li style=\"margin-bottom:10px;\"><a href=\"https:\/\/monmaghreb.com\/index.php\/2026\/03\/16\/le-nouveau-numero-de-lemission-can-revele-le-maroc-en-mode-france-98-une-revolution-dans-la-television-maghrebine\/\" style=\"color:#0066cc;text-decoration:none;font-weight:500;\" title=\"Le nouveau num\u00e9ro de L&#8217;\u00c9mission CAN r\u00e9v\u00e8le le Maroc en mode France 98 : Une r\u00e9volution dans la t\u00e9l\u00e9vision maghr\u00e9bine\">Le nouveau num\u00e9ro de L&#8217;\u00c9mission CAN r\u00e9v\u00e8le le Maroc en mode France 98 : Une r\u00e9volution dans la t\u00e9l\u00e9vision maghr\u00e9bine<\/a><\/li>\n<li style=\"margin-bottom:10px;\"><a href=\"https:\/\/monmaghreb.com\/index.php\/2026\/03\/16\/le-mariage-traditionnel-evolue-en-france-photobooth-food-trucks-et-plus\/\" style=\"color:#0066cc;text-decoration:none;font-weight:500;\" title=\"Le mariage traditionnel \u00e9volue en France : Photobooth, Food trucks et plus !\">Le mariage traditionnel \u00e9volue en France : Photobooth, Food trucks et plus !<\/a><\/li>\n<\/ul>\n<\/div>\n<p><\/body><br \/>\n<\/html><\/p>\n","protected":false},"excerpt":{"rendered":"<p>D\u00e9couvrez comment la fili\u00e8re v\u00e9g\u00e9tale \u00e0 Saint-Cyr L&#8217;\u00c9cole contribue \u00e0 la biodiversit\u00e9 en France. Une \u00e9tude passionnante pour les lecteurs maghr\u00e9bins de la diasp<\/p>\n","protected":false},"author":1,"featured_media":1349,"comment_status":"closed","ping_status":"open","sticky":false,"template":"","format":"standard","meta":{"_yoast_wpseo_focuskw":"education st-cyr bio diversity france","_yoast_wpseo_title":"\u00c9ducation \u00e0 Saint-Cyr L'\u00c9cole : la fili\u00e8re v\u00e9g\u00e9tale et la bi","_yoast_wpseo_metadesc":"D\u00e9couvrez comment la fili\u00e8re v\u00e9g\u00e9tale \u00e0 Saint-Cyr L'\u00c9cole contribue \u00e0 la biodiversit\u00e9 en France. Une \u00e9tude passionnante pour les lecteurs maghr\u00e9bins de la diasp","_yoast_wpseo_canonical":"","_yoast_wpseo_opengraph-title":"\u00c9ducation \u00e0 Saint-Cyr L'\u00c9cole : la fili\u00e8re v\u00e9g\u00e9tale et la biodiversit\u00e9 en France","_yoast_wpseo_opengraph-description":"D\u00e9couvrez comment la fili\u00e8re v\u00e9g\u00e9tale \u00e0 Saint-Cyr L'\u00c9cole contribue \u00e0 la biodiversit\u00e9 en France. Une \u00e9tude passionnante pour les lecteurs maghr\u00e9bins de la diasp","_yoast_wpseo_opengraph-image":"","tdm_status":"","tdm_grid_status":"","footnotes":""},"categories":[654],"tags":[1034,1032,1036,1035,1033],"class_list":["post-1350","post","type-post","status-publish","format-standard","has-post-thumbnail","hentry","category-diaspora","tag-biodiversity","tag-education-france","tag-france-environment","tag-maghreb-disapora","tag-st-cyr-scolaire"],"yoast_head":"<!-- This site is optimized with the Yoast SEO plugin v27.5 - https:\/\/yoast.com\/product\/yoast-seo-wordpress\/ -->\n<title>\u00c9ducation \u00e0 Saint-Cyr L&#039;\u00c9cole : la fili\u00e8re v\u00e9g\u00e9tale et la bi<\/title>\n<meta name=\"description\" content=\"D\u00e9couvrez comment la fili\u00e8re v\u00e9g\u00e9tale \u00e0 Saint-Cyr L&#039;\u00c9cole contribue \u00e0 la biodiversit\u00e9 en France. Une \u00e9tude passionnante pour les lecteurs maghr\u00e9bins de la diasp\" \/>\n<meta name=\"robots\" content=\"index, follow, max-snippet:-1, max-image-preview:large, max-video-preview:-1\" \/>\n<link rel=\"canonical\" href=\"https:\/\/monmaghreb.com\/index.php\/2026\/03\/17\/education-a-saint-cyr-lecole-la-filiere-vegetale-et-la-biodiversite-en-france\/\" \/>\n<meta property=\"og:locale\" content=\"en_US\" \/>\n<meta property=\"og:type\" content=\"article\" \/>\n<meta property=\"og:title\" content=\"\u00c9ducation \u00e0 Saint-Cyr L&#039;\u00c9cole : la fili\u00e8re v\u00e9g\u00e9tale et la biodiversit\u00e9 en France\" \/>\n<meta property=\"og:description\" content=\"D\u00e9couvrez comment la fili\u00e8re v\u00e9g\u00e9tale \u00e0 Saint-Cyr L&#039;\u00c9cole contribue \u00e0 la biodiversit\u00e9 en France. Une \u00e9tude passionnante pour les lecteurs maghr\u00e9bins de la diasp\" \/>\n<meta property=\"og:url\" content=\"https:\/\/monmaghreb.com\/index.php\/2026\/03\/17\/education-a-saint-cyr-lecole-la-filiere-vegetale-et-la-biodiversite-en-france\/\" \/>\n<meta property=\"og:site_name\" content=\"Mon Maghreb\" \/>\n<meta property=\"article:author\" content=\"https:\/\/www.facebook.com\/monmaghrebcom\" \/>\n<meta property=\"article:published_time\" content=\"2026-03-17T14:34:17+00:00\" \/>\n<meta property=\"article:modified_time\" content=\"2026-03-17T14:34:21+00:00\" \/>\n<meta property=\"og:image\" content=\"https:\/\/monmaghreb.com\/wp-content\/uploads\/2026\/03\/featured-162.jpg\" \/>\n\t<meta property=\"og:image:width\" content=\"1880\" \/>\n\t<meta property=\"og:image:height\" content=\"1253\" \/>\n\t<meta property=\"og:image:type\" content=\"image\/jpeg\" \/>\n<meta name=\"author\" content=\"LaMagh\" \/>\n<meta name=\"twitter:card\" content=\"summary_large_image\" \/>\n<meta name=\"twitter:creator\" content=\"@MMaghreb50977\" \/>\n<meta name=\"twitter:label1\" content=\"Written by\" \/>\n\t<meta name=\"twitter:data1\" content=\"LaMagh\" \/>\n\t<meta name=\"twitter:label2\" content=\"Est. reading time\" \/>\n\t<meta name=\"twitter:data2\" content=\"4 minutes\" \/>\n<script type=\"application\/ld+json\" class=\"yoast-schema-graph\">{\"@context\":\"https:\\\/\\\/schema.org\",\"@graph\":[{\"@type\":\"Article\",\"@id\":\"https:\\\/\\\/monmaghreb.com\\\/index.php\\\/2026\\\/03\\\/17\\\/education-a-saint-cyr-lecole-la-filiere-vegetale-et-la-biodiversite-en-france\\\/#article\",\"isPartOf\":{\"@id\":\"https:\\\/\\\/monmaghreb.com\\\/index.php\\\/2026\\\/03\\\/17\\\/education-a-saint-cyr-lecole-la-filiere-vegetale-et-la-biodiversite-en-france\\\/\"},\"author\":{\"name\":\"LaMagh\",\"@id\":\"http:\\\/\\\/monmaghreb.com\\\/#\\\/schema\\\/person\\\/c469a89dc8c6b8987dcb438b1200d054\"},\"headline\":\"\u00c9ducation \u00e0 Saint-Cyr L&#8217;\u00c9cole : la fili\u00e8re v\u00e9g\u00e9tale et la biodiversit\u00e9 en France\",\"datePublished\":\"2026-03-17T14:34:17+00:00\",\"dateModified\":\"2026-03-17T14:34:21+00:00\",\"mainEntityOfPage\":{\"@id\":\"https:\\\/\\\/monmaghreb.com\\\/index.php\\\/2026\\\/03\\\/17\\\/education-a-saint-cyr-lecole-la-filiere-vegetale-et-la-biodiversite-en-france\\\/\"},\"wordCount\":916,\"publisher\":{\"@id\":\"http:\\\/\\\/monmaghreb.com\\\/#organization\"},\"image\":{\"@id\":\"https:\\\/\\\/monmaghreb.com\\\/index.php\\\/2026\\\/03\\\/17\\\/education-a-saint-cyr-lecole-la-filiere-vegetale-et-la-biodiversite-en-france\\\/#primaryimage\"},\"thumbnailUrl\":\"https:\\\/\\\/monmaghreb.com\\\/wp-content\\\/uploads\\\/2026\\\/03\\\/featured-162.jpg\",\"keywords\":[\"biodiversity\",\"education france\",\"france environment\",\"maghreb disapora\",\"st cyr scolaire\"],\"articleSection\":[\"Diaspora\"],\"inLanguage\":\"en-US\"},{\"@type\":\"WebPage\",\"@id\":\"https:\\\/\\\/monmaghreb.com\\\/index.php\\\/2026\\\/03\\\/17\\\/education-a-saint-cyr-lecole-la-filiere-vegetale-et-la-biodiversite-en-france\\\/\",\"url\":\"https:\\\/\\\/monmaghreb.com\\\/index.php\\\/2026\\\/03\\\/17\\\/education-a-saint-cyr-lecole-la-filiere-vegetale-et-la-biodiversite-en-france\\\/\",\"name\":\"\u00c9ducation \u00e0 Saint-Cyr L'\u00c9cole : la fili\u00e8re v\u00e9g\u00e9tale et la bi\",\"isPartOf\":{\"@id\":\"http:\\\/\\\/monmaghreb.com\\\/#website\"},\"primaryImageOfPage\":{\"@id\":\"https:\\\/\\\/monmaghreb.com\\\/index.php\\\/2026\\\/03\\\/17\\\/education-a-saint-cyr-lecole-la-filiere-vegetale-et-la-biodiversite-en-france\\\/#primaryimage\"},\"image\":{\"@id\":\"https:\\\/\\\/monmaghreb.com\\\/index.php\\\/2026\\\/03\\\/17\\\/education-a-saint-cyr-lecole-la-filiere-vegetale-et-la-biodiversite-en-france\\\/#primaryimage\"},\"thumbnailUrl\":\"https:\\\/\\\/monmaghreb.com\\\/wp-content\\\/uploads\\\/2026\\\/03\\\/featured-162.jpg\",\"datePublished\":\"2026-03-17T14:34:17+00:00\",\"dateModified\":\"2026-03-17T14:34:21+00:00\",\"description\":\"D\u00e9couvrez comment la fili\u00e8re v\u00e9g\u00e9tale \u00e0 Saint-Cyr L'\u00c9cole contribue \u00e0 la biodiversit\u00e9 en France. Une \u00e9tude passionnante pour les lecteurs maghr\u00e9bins de la diasp\",\"breadcrumb\":{\"@id\":\"https:\\\/\\\/monmaghreb.com\\\/index.php\\\/2026\\\/03\\\/17\\\/education-a-saint-cyr-lecole-la-filiere-vegetale-et-la-biodiversite-en-france\\\/#breadcrumb\"},\"inLanguage\":\"en-US\",\"potentialAction\":[{\"@type\":\"ReadAction\",\"target\":[\"https:\\\/\\\/monmaghreb.com\\\/index.php\\\/2026\\\/03\\\/17\\\/education-a-saint-cyr-lecole-la-filiere-vegetale-et-la-biodiversite-en-france\\\/\"]}]},{\"@type\":\"ImageObject\",\"inLanguage\":\"en-US\",\"@id\":\"https:\\\/\\\/monmaghreb.com\\\/index.php\\\/2026\\\/03\\\/17\\\/education-a-saint-cyr-lecole-la-filiere-vegetale-et-la-biodiversite-en-france\\\/#primaryimage\",\"url\":\"https:\\\/\\\/monmaghreb.com\\\/wp-content\\\/uploads\\\/2026\\\/03\\\/featured-162.jpg\",\"contentUrl\":\"https:\\\/\\\/monmaghreb.com\\\/wp-content\\\/uploads\\\/2026\\\/03\\\/featured-162.jpg\",\"width\":1880,\"height\":1253,\"caption\":\"\u00c9tudiants travaillant dans un jardin de plantes \u00e0 Saint-Cyr L'\u00c9cole en France\"},{\"@type\":\"BreadcrumbList\",\"@id\":\"https:\\\/\\\/monmaghreb.com\\\/index.php\\\/2026\\\/03\\\/17\\\/education-a-saint-cyr-lecole-la-filiere-vegetale-et-la-biodiversite-en-france\\\/#breadcrumb\",\"itemListElement\":[{\"@type\":\"ListItem\",\"position\":1,\"name\":\"Home\",\"item\":\"http:\\\/\\\/monmaghreb.com\\\/\"},{\"@type\":\"ListItem\",\"position\":2,\"name\":\"\u00c9ducation \u00e0 Saint-Cyr L&#8217;\u00c9cole : la fili\u00e8re v\u00e9g\u00e9tale et la biodiversit\u00e9 en France\"}]},{\"@type\":\"WebSite\",\"@id\":\"http:\\\/\\\/monmaghreb.com\\\/#website\",\"url\":\"http:\\\/\\\/monmaghreb.com\\\/\",\"name\":\"Mon Maghreb\",\"description\":\"MonMaghreb United\",\"publisher\":{\"@id\":\"http:\\\/\\\/monmaghreb.com\\\/#organization\"},\"alternateName\":\"Le Monde du Maghreb et au del\u00e0\",\"potentialAction\":[{\"@type\":\"SearchAction\",\"target\":{\"@type\":\"EntryPoint\",\"urlTemplate\":\"http:\\\/\\\/monmaghreb.com\\\/?s={search_term_string}\"},\"query-input\":{\"@type\":\"PropertyValueSpecification\",\"valueRequired\":true,\"valueName\":\"search_term_string\"}}],\"inLanguage\":\"en-US\"},{\"@type\":\"Organization\",\"@id\":\"http:\\\/\\\/monmaghreb.com\\\/#organization\",\"name\":\"Mon Maghreb\",\"url\":\"http:\\\/\\\/monmaghreb.com\\\/\",\"logo\":{\"@type\":\"ImageObject\",\"inLanguage\":\"en-US\",\"@id\":\"http:\\\/\\\/monmaghreb.com\\\/#\\\/schema\\\/logo\\\/image\\\/\",\"url\":\"https:\\\/\\\/monmaghreb.com\\\/wp-content\\\/uploads\\\/2025\\\/12\\\/Mon_Maghreb_Logo.jpg\",\"contentUrl\":\"https:\\\/\\\/monmaghreb.com\\\/wp-content\\\/uploads\\\/2025\\\/12\\\/Mon_Maghreb_Logo.jpg\",\"width\":814,\"height\":374,\"caption\":\"Mon Maghreb\"},\"image\":{\"@id\":\"http:\\\/\\\/monmaghreb.com\\\/#\\\/schema\\\/logo\\\/image\\\/\"}},{\"@type\":\"Person\",\"@id\":\"http:\\\/\\\/monmaghreb.com\\\/#\\\/schema\\\/person\\\/c469a89dc8c6b8987dcb438b1200d054\",\"name\":\"LaMagh\",\"image\":{\"@type\":\"ImageObject\",\"inLanguage\":\"en-US\",\"@id\":\"https:\\\/\\\/secure.gravatar.com\\\/avatar\\\/399d8144bd55fba55e056779aca52fe528bac7911f6449e54d81173d6dfd7f0a?s=96&d=mm&r=g\",\"url\":\"https:\\\/\\\/secure.gravatar.com\\\/avatar\\\/399d8144bd55fba55e056779aca52fe528bac7911f6449e54d81173d6dfd7f0a?s=96&d=mm&r=g\",\"contentUrl\":\"https:\\\/\\\/secure.gravatar.com\\\/avatar\\\/399d8144bd55fba55e056779aca52fe528bac7911f6449e54d81173d6dfd7f0a?s=96&d=mm&r=g\",\"caption\":\"LaMagh\"},\"sameAs\":[\"https:\\\/\\\/monmaghreb.com\",\"https:\\\/\\\/www.facebook.com\\\/monmaghrebcom\",\"https:\\\/\\\/x.com\\\/MMaghreb50977\"],\"url\":\"https:\\\/\\\/monmaghreb.com\\\/index.php\\\/author\\\/lamagh\\\/\"}]}<\/script>\n<!-- \/ Yoast SEO plugin. -->","yoast_head_json":{"title":"\u00c9ducation \u00e0 Saint-Cyr L'\u00c9cole : la fili\u00e8re v\u00e9g\u00e9tale et la bi","description":"D\u00e9couvrez comment la fili\u00e8re v\u00e9g\u00e9tale \u00e0 Saint-Cyr L'\u00c9cole contribue \u00e0 la biodiversit\u00e9 en France. Une \u00e9tude passionnante pour les lecteurs maghr\u00e9bins de la diasp","robots":{"index":"index","follow":"follow","max-snippet":"max-snippet:-1","max-image-preview":"max-image-preview:large","max-video-preview":"max-video-preview:-1"},"canonical":"https:\/\/monmaghreb.com\/index.php\/2026\/03\/17\/education-a-saint-cyr-lecole-la-filiere-vegetale-et-la-biodiversite-en-france\/","og_locale":"en_US","og_type":"article","og_title":"\u00c9ducation \u00e0 Saint-Cyr L'\u00c9cole : la fili\u00e8re v\u00e9g\u00e9tale et la biodiversit\u00e9 en France","og_description":"D\u00e9couvrez comment la fili\u00e8re v\u00e9g\u00e9tale \u00e0 Saint-Cyr L'\u00c9cole contribue \u00e0 la biodiversit\u00e9 en France. Une \u00e9tude passionnante pour les lecteurs maghr\u00e9bins de la diasp","og_url":"https:\/\/monmaghreb.com\/index.php\/2026\/03\/17\/education-a-saint-cyr-lecole-la-filiere-vegetale-et-la-biodiversite-en-france\/","og_site_name":"Mon Maghreb","article_author":"https:\/\/www.facebook.com\/monmaghrebcom","article_published_time":"2026-03-17T14:34:17+00:00","article_modified_time":"2026-03-17T14:34:21+00:00","og_image":[{"width":1880,"height":1253,"url":"https:\/\/monmaghreb.com\/wp-content\/uploads\/2026\/03\/featured-162.jpg","type":"image\/jpeg"}],"author":"LaMagh","twitter_card":"summary_large_image","twitter_creator":"@MMaghreb50977","twitter_misc":{"Written by":"LaMagh","Est. reading time":"4 minutes"},"schema":{"@context":"https:\/\/schema.org","@graph":[{"@type":"Article","@id":"https:\/\/monmaghreb.com\/index.php\/2026\/03\/17\/education-a-saint-cyr-lecole-la-filiere-vegetale-et-la-biodiversite-en-france\/#article","isPartOf":{"@id":"https:\/\/monmaghreb.com\/index.php\/2026\/03\/17\/education-a-saint-cyr-lecole-la-filiere-vegetale-et-la-biodiversite-en-france\/"},"author":{"name":"LaMagh","@id":"http:\/\/monmaghreb.com\/#\/schema\/person\/c469a89dc8c6b8987dcb438b1200d054"},"headline":"\u00c9ducation \u00e0 Saint-Cyr L&#8217;\u00c9cole : la fili\u00e8re v\u00e9g\u00e9tale et la biodiversit\u00e9 en France","datePublished":"2026-03-17T14:34:17+00:00","dateModified":"2026-03-17T14:34:21+00:00","mainEntityOfPage":{"@id":"https:\/\/monmaghreb.com\/index.php\/2026\/03\/17\/education-a-saint-cyr-lecole-la-filiere-vegetale-et-la-biodiversite-en-france\/"},"wordCount":916,"publisher":{"@id":"http:\/\/monmaghreb.com\/#organization"},"image":{"@id":"https:\/\/monmaghreb.com\/index.php\/2026\/03\/17\/education-a-saint-cyr-lecole-la-filiere-vegetale-et-la-biodiversite-en-france\/#primaryimage"},"thumbnailUrl":"https:\/\/monmaghreb.com\/wp-content\/uploads\/2026\/03\/featured-162.jpg","keywords":["biodiversity","education france","france environment","maghreb disapora","st cyr scolaire"],"articleSection":["Diaspora"],"inLanguage":"en-US"},{"@type":"WebPage","@id":"https:\/\/monmaghreb.com\/index.php\/2026\/03\/17\/education-a-saint-cyr-lecole-la-filiere-vegetale-et-la-biodiversite-en-france\/","url":"https:\/\/monmaghreb.com\/index.php\/2026\/03\/17\/education-a-saint-cyr-lecole-la-filiere-vegetale-et-la-biodiversite-en-france\/","name":"\u00c9ducation \u00e0 Saint-Cyr L'\u00c9cole : la fili\u00e8re v\u00e9g\u00e9tale et la bi","isPartOf":{"@id":"http:\/\/monmaghreb.com\/#website"},"primaryImageOfPage":{"@id":"https:\/\/monmaghreb.com\/index.php\/2026\/03\/17\/education-a-saint-cyr-lecole-la-filiere-vegetale-et-la-biodiversite-en-france\/#primaryimage"},"image":{"@id":"https:\/\/monmaghreb.com\/index.php\/2026\/03\/17\/education-a-saint-cyr-lecole-la-filiere-vegetale-et-la-biodiversite-en-france\/#primaryimage"},"thumbnailUrl":"https:\/\/monmaghreb.com\/wp-content\/uploads\/2026\/03\/featured-162.jpg","datePublished":"2026-03-17T14:34:17+00:00","dateModified":"2026-03-17T14:34:21+00:00","description":"D\u00e9couvrez comment la fili\u00e8re v\u00e9g\u00e9tale \u00e0 Saint-Cyr L'\u00c9cole contribue \u00e0 la biodiversit\u00e9 en France. Une \u00e9tude passionnante pour les lecteurs maghr\u00e9bins de la diasp","breadcrumb":{"@id":"https:\/\/monmaghreb.com\/index.php\/2026\/03\/17\/education-a-saint-cyr-lecole-la-filiere-vegetale-et-la-biodiversite-en-france\/#breadcrumb"},"inLanguage":"en-US","potentialAction":[{"@type":"ReadAction","target":["https:\/\/monmaghreb.com\/index.php\/2026\/03\/17\/education-a-saint-cyr-lecole-la-filiere-vegetale-et-la-biodiversite-en-france\/"]}]},{"@type":"ImageObject","inLanguage":"en-US","@id":"https:\/\/monmaghreb.com\/index.php\/2026\/03\/17\/education-a-saint-cyr-lecole-la-filiere-vegetale-et-la-biodiversite-en-france\/#primaryimage","url":"https:\/\/monmaghreb.com\/wp-content\/uploads\/2026\/03\/featured-162.jpg","contentUrl":"https:\/\/monmaghreb.com\/wp-content\/uploads\/2026\/03\/featured-162.jpg","width":1880,"height":1253,"caption":"\u00c9tudiants travaillant dans un jardin de plantes \u00e0 Saint-Cyr L'\u00c9cole en France"},{"@type":"BreadcrumbList","@id":"https:\/\/monmaghreb.com\/index.php\/2026\/03\/17\/education-a-saint-cyr-lecole-la-filiere-vegetale-et-la-biodiversite-en-france\/#breadcrumb","itemListElement":[{"@type":"ListItem","position":1,"name":"Home","item":"http:\/\/monmaghreb.com\/"},{"@type":"ListItem","position":2,"name":"\u00c9ducation \u00e0 Saint-Cyr L&#8217;\u00c9cole : la fili\u00e8re v\u00e9g\u00e9tale et la biodiversit\u00e9 en France"}]},{"@type":"WebSite","@id":"http:\/\/monmaghreb.com\/#website","url":"http:\/\/monmaghreb.com\/","name":"Mon Maghreb","description":"MonMaghreb United","publisher":{"@id":"http:\/\/monmaghreb.com\/#organization"},"alternateName":"Le Monde du Maghreb et au del\u00e0","potentialAction":[{"@type":"SearchAction","target":{"@type":"EntryPoint","urlTemplate":"http:\/\/monmaghreb.com\/?s={search_term_string}"},"query-input":{"@type":"PropertyValueSpecification","valueRequired":true,"valueName":"search_term_string"}}],"inLanguage":"en-US"},{"@type":"Organization","@id":"http:\/\/monmaghreb.com\/#organization","name":"Mon Maghreb","url":"http:\/\/monmaghreb.com\/","logo":{"@type":"ImageObject","inLanguage":"en-US","@id":"http:\/\/monmaghreb.com\/#\/schema\/logo\/image\/","url":"https:\/\/monmaghreb.com\/wp-content\/uploads\/2025\/12\/Mon_Maghreb_Logo.jpg","contentUrl":"https:\/\/monmaghreb.com\/wp-content\/uploads\/2025\/12\/Mon_Maghreb_Logo.jpg","width":814,"height":374,"caption":"Mon Maghreb"},"image":{"@id":"http:\/\/monmaghreb.com\/#\/schema\/logo\/image\/"}},{"@type":"Person","@id":"http:\/\/monmaghreb.com\/#\/schema\/person\/c469a89dc8c6b8987dcb438b1200d054","name":"LaMagh","image":{"@type":"ImageObject","inLanguage":"en-US","@id":"https:\/\/secure.gravatar.com\/avatar\/399d8144bd55fba55e056779aca52fe528bac7911f6449e54d81173d6dfd7f0a?s=96&d=mm&r=g","url":"https:\/\/secure.gravatar.com\/avatar\/399d8144bd55fba55e056779aca52fe528bac7911f6449e54d81173d6dfd7f0a?s=96&d=mm&r=g","contentUrl":"https:\/\/secure.gravatar.com\/avatar\/399d8144bd55fba55e056779aca52fe528bac7911f6449e54d81173d6dfd7f0a?s=96&d=mm&r=g","caption":"LaMagh"},"sameAs":["https:\/\/monmaghreb.com","https:\/\/www.facebook.com\/monmaghrebcom","https:\/\/x.com\/MMaghreb50977"],"url":"https:\/\/monmaghreb.com\/index.php\/author\/lamagh\/"}]}},"_links":{"self":[{"href":"https:\/\/monmaghreb.com\/index.php\/wp-json\/wp\/v2\/posts\/1350","targetHints":{"allow":["GET"]}}],"collection":[{"href":"https:\/\/monmaghreb.com\/index.php\/wp-json\/wp\/v2\/posts"}],"about":[{"href":"https:\/\/monmaghreb.com\/index.php\/wp-json\/wp\/v2\/types\/post"}],"author":[{"embeddable":true,"href":"https:\/\/monmaghreb.com\/index.php\/wp-json\/wp\/v2\/users\/1"}],"replies":[{"embeddable":true,"href":"https:\/\/monmaghreb.com\/index.php\/wp-json\/wp\/v2\/comments?post=1350"}],"version-history":[{"count":1,"href":"https:\/\/monmaghreb.com\/index.php\/wp-json\/wp\/v2\/posts\/1350\/revisions"}],"predecessor-version":[{"id":1351,"href":"https:\/\/monmaghreb.com\/index.php\/wp-json\/wp\/v2\/posts\/1350\/revisions\/1351"}],"wp:featuredmedia":[{"embeddable":true,"href":"https:\/\/monmaghreb.com\/index.php\/wp-json\/wp\/v2\/media\/1349"}],"wp:attachment":[{"href":"https:\/\/monmaghreb.com\/index.php\/wp-json\/wp\/v2\/media?parent=1350"}],"wp:term":[{"taxonomy":"category","embeddable":true,"href":"https:\/\/monmaghreb.com\/index.php\/wp-json\/wp\/v2\/categories?post=1350"},{"taxonomy":"post_tag","embeddable":true,"href":"https:\/\/monmaghreb.com\/index.php\/wp-json\/wp\/v2\/tags?post=1350"}],"curies":[{"name":"wp","href":"https:\/\/api.w.org\/{rel}","templated":true}]}}