{"id":1356,"date":"2026-03-17T15:34:38","date_gmt":"2026-03-17T15:34:38","guid":{"rendered":"https:\/\/monmaghreb.com\/index.php\/2026\/03\/17\/lartisanat-tunisien-brille-a-tokyo-au-salon-interior-lifestyle-2025-un-evenement-historique-pour-la-diaspora-maghrebine\/"},"modified":"2026-03-17T15:34:40","modified_gmt":"2026-03-17T15:34:40","slug":"lartisanat-tunisien-brille-a-tokyo-au-salon-interior-lifestyle-2025-un-evenement-historique-pour-la-diaspora-maghrebine","status":"publish","type":"post","link":"https:\/\/monmaghreb.com\/index.php\/2026\/03\/17\/lartisanat-tunisien-brille-a-tokyo-au-salon-interior-lifestyle-2025-un-evenement-historique-pour-la-diaspora-maghrebine\/","title":{"rendered":"L&#8217;artisanat tunisien brille \u00e0 Tokyo au salon Interior Lifestyle 2025 : un \u00e9v\u00e9nement historique pour la diaspora maghr\u00e9bine"},"content":{"rendered":"<p><!DOCTYPE html><br \/>\n<html lang=\"fr\"><br \/>\n<head><br \/>\n  <meta charset=\"UTF-8\"><br \/>\n  <title>L&#8217;artisanat tunisien brille \u00e0 Tokyo au salon Interior Lifestyle 2025 : un \u00e9v\u00e9nement historique pour la diaspora <a href=\"https:\/\/monmaghreb.com\/index.php\/2026\/03\/14\/mahdi-berrached-parle-du-chaosbi-dans-lalgerie-aujourdhui-un-appel-a-laction-pour-la-diaspora-maghrebine\/\" title=\"Mahdi Berrached parle du chaosbi dans L\u2019Alg\u00e9rie Aujourd&#8217;hui : Un appel \u00e0 l&#8217;action pour la diaspora maghr\u00e9bine\">maghr\u00e9bine<\/a><\/title><br \/>\n<\/head><br \/>\n<body><\/p>\n<h1>L&#8217;artisanat tunisien brille \u00e0 Tokyo au salon Interior Lifestyle 2025 : un \u00e9v\u00e9nement historique pour la diaspora maghr\u00e9bine<\/h1>\n<p>Il est temps de c\u00e9l\u00e9brer l&#8217;apog\u00e9e de l&#8217;artisanat tunisien, qui a su conqu\u00e9rir le march\u00e9 international des produits artisanaux en participant au prestigieux salon Interior Lifestyle 2025 \u00e0 Tokyo. Cette victoire est une source d&#8217;orgueil pour la communaut\u00e9 maghr\u00e9bine \u00e0 l&#8217;\u00e9tranger, qui peut se sentir fi\u00e8re de ses racines culturelles et artisanales.<\/p>\n<h2>La participation tunisienne au salon<\/h2>\n<p>Plus de 60 exposants tunisiens ont pris part au salon, pr\u00e9sentant une grande vari\u00e9t\u00e9 d&#8217;artisanats tels que le c\u00e9ramique, le cuir, la dentelle et l&#8217;orf\u00e8vrerie. Les produits tunisiens ont \u00e9t\u00e9 accueillis avec enthousiasme par les visiteurs japonais, qui ont \u00e9t\u00e9 impressionn\u00e9s par la qualit\u00e9 et l&#8217;originalit\u00e9 de ces cr\u00e9ations.<\/p>\n<p>Les exposants tunisiens ont \u00e9galement eu l&#8217;opportunit\u00e9 de se pr\u00e9senter aux m\u00e9dias japonais, ce qui a permis de promouvoir leur travail \u00e0 un public plus large. Les journaux japonais tels que le Nikkei et le Yomiuri Shimbun ont consacr\u00e9 des articles \u00e0 cette nouvelle collaboration entre les deux pays.<\/p>\n<h2>L&#8217;importance du salon pour la diaspora maghr\u00e9bine<\/h2>\n<p>Pour la communaut\u00e9 maghr\u00e9bine vivant \u00e0 l&#8217;\u00e9tranger, ce salon est une opportunit\u00e9 unique de d\u00e9couvrir et d&#8217;appr\u00e9cier les produits artisanaux tunisiens. C&#8217;est \u00e9galement un moyen de se reconnecter avec ses racines culturelles et de partager son h\u00e9ritage avec la communaut\u00e9 japonaise.<\/p>\n<p>Le salon a permis aux artisans tunisiens de montrer leur talent et leur cr\u00e9ativit\u00e9, contribuant \u00e0 renforcer leur visibilit\u00e9 sur le march\u00e9 international. C&#8217;est un \u00e9v\u00e9nement historique qui marque une nouvelle \u00e8re pour l&#8217;artisanat tunisien.<\/p>\n<h2>Les participants tunisiens au salon<\/h2>\n<p>Parmi les participants tunisiens, on pouvait retrouver des marques et des ateliers connus comme Dar El-Had (c\u00e9ramique), Atelier Issam Larga\u00ebche (cuir) et La Maison de la Dentelle de Tunis. Ces artisans ont pr\u00e9sent\u00e9 une collection de produits uniques, en utilisant des mat\u00e9riaux tels que la terre cuite, le cuir de koudia ou encore la dentelle de Sfax.<\/p>\n<p>Les visiteurs japonais ont \u00e9t\u00e9 impressionn\u00e9s par la qualit\u00e9 et l&#8217;originalit\u00e9 des produits pr\u00e9sent\u00e9s. Ils ont \u00e9galement appr\u00e9ci\u00e9 la diversit\u00e9 des mat\u00e9riaux utilis\u00e9s et les techniques de fabrication traditionnelles employ\u00e9es.<\/p>\n<h2>Le soutien du gouvernement tunisien<\/h2>\n<p>Le gouvernement tunisien a jou\u00e9 un r\u00f4le important dans la participation tunisienne au salon. Il a investi des fonds pour permettre \u00e0 ces artisans de pr\u00e9senter leurs produits sur le march\u00e9 japonais et a \u00e9galement fourni une assistance logistique et administrative.<\/p>\n<p>Le soutien du gouvernement tunisien a permis aux exposants de se concentrer sur la pr\u00e9sentation de leurs produits, plut\u00f4t que sur les formalit\u00e9s administratives et financi\u00e8res. C&#8217;est un geste important qui refl\u00e8te l&#8217;importance que le gouvernement accorde \u00e0 l&#8217;artisanat tunisien.<\/p>\n<h2>Appel \u00e0 l&#8217;action<\/h2>\n<p>Pour soutenir le d\u00e9veloppement de l&#8217;artisanat tunisien, nous vous invitons \u00e0 consulter la liste des exposants tunisiens pr\u00e9sents au salon et \u00e0 acheter des produits artisanaux tunisiens pour votre propre usage ou en cadeau. Vous pouvez \u00e9galement partager cette information avec vos amis et connaissances maghr\u00e9bins dans le monde entier pour leur permettre de d\u00e9couvrir ces produits uniques.<\/p>\n<p>Nous sommes convaincus que votre soutien peut faire une grande diff\u00e9rence pour les artisans tunisiens qui ont particip\u00e9 au salon. En achetant leurs produits, vous pouvez aider \u00e0 promouvoir l&#8217;artisanat tunisien et \u00e0 encourager ses cr\u00e9ateurs \u00e0 continuer de produire des \u0153uvres d&#8217;art exceptionnelles.<\/p>\n<div style=\"background:#f8f9fa;border-left:4px solid #0066cc;border-radius:6px;padding:20px 24px;margin:32px 0;\">\n<p style=\"font-size:13px;color:#888;text-transform:uppercase;letter-spacing:0.8px;margin:0 0 6px 0;\">Vous pourriez aussi aimer<\/p>\n<h3 style=\"font-size:18px;margin:0 0 14px 0;color:#222;\">Articles similaires<\/h3>\n<ul style=\"margin:0;padding-left:20px;list-style:disc;\">\n<li style=\"margin-bottom:10px;\"><a href=\"https:\/\/monmaghreb.com\/index.php\/2026\/03\/14\/mahdi-berrached-parle-du-chaosbi-dans-lalgerie-aujourdhui-un-appel-a-laction-pour-la-diaspora-maghrebine\/\" style=\"color:#0066cc;text-decoration:none;font-weight:500;\" title=\"Mahdi Berrached parle du chaosbi dans L\u2019Alg\u00e9rie Aujourd&#8217;hui : Un appel \u00e0 l&#8217;action pour la diaspora maghr\u00e9bine\">Mahdi Berrached parle du chaosbi dans L\u2019Alg\u00e9rie Aujourd&#8217;hui : Un appel \u00e0 l&#8217;action pour la diaspora maghr\u00e9bine<\/a><\/li>\n<li style=\"margin-bottom:10px;\"><a href=\"https:\/\/monmaghreb.com\/index.php\/2026\/03\/16\/air-algerie-modifie-ses-vols-constantine-mulhouse-vers-strasbourg-ce-que-cela-signifie-pour-les-membres-de-la-diaspora-maghrebine\/\" style=\"color:#0066cc;text-decoration:none;font-weight:500;\" title=\"Air Alg\u00e9rie modifie ses vols Constantine-Mulhouse vers Strasbourg : ce que cela signifie pour les membres de la diaspora maghr\u00e9bine\">Air Alg\u00e9rie modifie ses vols Constantine-Mulhouse vers Strasbourg : ce que cela signifie pour les membres de la diaspora maghr\u00e9bine<\/a><\/li>\n<li style=\"margin-bottom:10px;\"><a href=\"https:\/\/monmaghreb.com\/index.php\/2026\/03\/14\/aid-el-fitr-a-lyon-la-grande-mosquee-repond-aux-questions-des-musulmans-de-la-diaspora-maghrebine-en-fin-de-ramadan-2026\/\" style=\"color:#0066cc;text-decoration:none;font-weight:500;\" title=\"Aid el-Fitr \u00e0 Lyon : la Grande Mosqu\u00e9e r\u00e9pond aux questions des musulmans de la diaspora Maghr\u00e9bine en fin de Ramadan 2026\">Aid el-Fitr \u00e0 Lyon : la Grande Mosqu\u00e9e r\u00e9pond aux questions des musulmans de la diaspora Maghr\u00e9bine en fin de Ramadan 2026<\/a><\/li>\n<li style=\"margin-bottom:10px;\"><a href=\"https:\/\/monmaghreb.com\/index.php\/2026\/03\/15\/le-mariage-traditionnel-evolue-les-nouvelles-modes-au-salon-de-chasseneuil-du-poitou\/\" style=\"color:#0066cc;text-decoration:none;font-weight:500;\" title=\"Le mariage traditionnel \u00e9volue : les nouvelles modes au salon de Chasseneuil-du-Poitou\">Le mariage traditionnel \u00e9volue : les nouvelles modes au salon de Chasseneuil-du-Poitou<\/a><\/li>\n<li style=\"margin-bottom:10px;\"><a href=\"https:\/\/monmaghreb.com\/index.php\/2026\/03\/17\/celebrer-aid-el-fitr-2026-recuperes-et-recettes-gourmandes-pour-les-maghrebins-de-la-diaspora\/\" style=\"color:#0066cc;text-decoration:none;font-weight:500;\" title=\"C\u00e9l\u00e9brer A\u00efd el-Fitr 2026 : R\u00e9cup\u00e8res et recettes gourmandes pour les Maghr\u00e9bins de la diaspora\">C\u00e9l\u00e9brer A\u00efd el-Fitr 2026 : R\u00e9cup\u00e8res et recettes gourmandes pour les Maghr\u00e9bins de la diaspora<\/a><\/li>\n<\/ul>\n<\/div>\n<p><\/body><br \/>\n<\/html><\/p>\n","protected":false},"excerpt":{"rendered":"<p>Discover the historic success of Tunisian crafts at Tokyo&#8217;s Interior Lifestyle 2025, a must-see event for the Maghrebin diaspora.<\/p>\n","protected":false},"author":1,"featured_media":1355,"comment_status":"closed","ping_status":"open","sticky":false,"template":"","format":"standard","meta":{"_yoast_wpseo_focuskw":"tunisian crafts tokyo","_yoast_wpseo_title":"L'artisanat tunisien brille \u00e0 Tokyo au salon Interior Lifest","_yoast_wpseo_metadesc":"Discover the historic success of Tunisian crafts at Tokyo's Interior Lifestyle 2025, a must-see event for the Maghrebin diaspora.","_yoast_wpseo_canonical":"","_yoast_wpseo_opengraph-title":"L'artisanat tunisien brille \u00e0 Tokyo au salon Interior Lifestyle 2025 : un \u00e9v\u00e9nement historique pour la diaspora maghr\u00e9bine","_yoast_wpseo_opengraph-description":"Discover the historic success of Tunisian crafts at Tokyo's Interior Lifestyle 2025, a must-see event for the Maghrebin diaspora.","_yoast_wpseo_opengraph-image":"","tdm_status":"","tdm_grid_status":"","footnotes":""},"categories":[549],"tags":[1041,944,1039,634,1040],"class_list":["post-1356","post","type-post","status-publish","format-standard","has-post-thumbnail","hentry","category-tunisie","tag-diaspora-celebration","tag-lifestyle-guide","tag-maghreb-craft","tag-north-africa-culture","tag-tokyo-trade-show"],"yoast_head":"<!-- This site is optimized with the Yoast SEO plugin v27.5 - https:\/\/yoast.com\/product\/yoast-seo-wordpress\/ -->\n<title>L&#039;artisanat tunisien brille \u00e0 Tokyo au salon Interior Lifest<\/title>\n<meta name=\"description\" content=\"Discover the historic success of Tunisian crafts at Tokyo&#039;s Interior Lifestyle 2025, a must-see event for the Maghrebin diaspora.\" \/>\n<meta name=\"robots\" content=\"index, follow, max-snippet:-1, max-image-preview:large, max-video-preview:-1\" \/>\n<link rel=\"canonical\" href=\"https:\/\/monmaghreb.com\/index.php\/2026\/03\/17\/lartisanat-tunisien-brille-a-tokyo-au-salon-interior-lifestyle-2025-un-evenement-historique-pour-la-diaspora-maghrebine\/\" \/>\n<meta property=\"og:locale\" content=\"en_US\" \/>\n<meta property=\"og:type\" content=\"article\" \/>\n<meta property=\"og:title\" content=\"L&#039;artisanat tunisien brille \u00e0 Tokyo au salon Interior Lifestyle 2025 : un \u00e9v\u00e9nement historique pour la diaspora maghr\u00e9bine\" \/>\n<meta property=\"og:description\" content=\"Discover the historic success of Tunisian crafts at Tokyo&#039;s Interior Lifestyle 2025, a must-see event for the Maghrebin diaspora.\" \/>\n<meta property=\"og:url\" content=\"https:\/\/monmaghreb.com\/index.php\/2026\/03\/17\/lartisanat-tunisien-brille-a-tokyo-au-salon-interior-lifestyle-2025-un-evenement-historique-pour-la-diaspora-maghrebine\/\" \/>\n<meta property=\"og:site_name\" content=\"Mon Maghreb\" \/>\n<meta property=\"article:author\" content=\"https:\/\/www.facebook.com\/monmaghrebcom\" \/>\n<meta property=\"article:published_time\" content=\"2026-03-17T15:34:38+00:00\" \/>\n<meta property=\"article:modified_time\" content=\"2026-03-17T15:34:40+00:00\" \/>\n<meta property=\"og:image\" content=\"https:\/\/monmaghreb.com\/wp-content\/uploads\/2026\/03\/featured-164.jpg\" \/>\n\t<meta property=\"og:image:width\" content=\"1880\" \/>\n\t<meta property=\"og:image:height\" content=\"1253\" \/>\n\t<meta property=\"og:image:type\" content=\"image\/jpeg\" \/>\n<meta name=\"author\" content=\"LaMagh\" \/>\n<meta name=\"twitter:card\" content=\"summary_large_image\" \/>\n<meta name=\"twitter:creator\" content=\"@MMaghreb50977\" \/>\n<meta name=\"twitter:label1\" content=\"Written by\" \/>\n\t<meta name=\"twitter:data1\" content=\"LaMagh\" \/>\n\t<meta name=\"twitter:label2\" content=\"Est. reading time\" \/>\n\t<meta name=\"twitter:data2\" content=\"3 minutes\" \/>\n<script type=\"application\/ld+json\" class=\"yoast-schema-graph\">{\"@context\":\"https:\\\/\\\/schema.org\",\"@graph\":[{\"@type\":\"Article\",\"@id\":\"https:\\\/\\\/monmaghreb.com\\\/index.php\\\/2026\\\/03\\\/17\\\/lartisanat-tunisien-brille-a-tokyo-au-salon-interior-lifestyle-2025-un-evenement-historique-pour-la-diaspora-maghrebine\\\/#article\",\"isPartOf\":{\"@id\":\"https:\\\/\\\/monmaghreb.com\\\/index.php\\\/2026\\\/03\\\/17\\\/lartisanat-tunisien-brille-a-tokyo-au-salon-interior-lifestyle-2025-un-evenement-historique-pour-la-diaspora-maghrebine\\\/\"},\"author\":{\"name\":\"LaMagh\",\"@id\":\"http:\\\/\\\/monmaghreb.com\\\/#\\\/schema\\\/person\\\/c469a89dc8c6b8987dcb438b1200d054\"},\"headline\":\"L&#8217;artisanat tunisien brille \u00e0 Tokyo au salon Interior Lifestyle 2025 : un \u00e9v\u00e9nement historique pour la diaspora maghr\u00e9bine\",\"datePublished\":\"2026-03-17T15:34:38+00:00\",\"dateModified\":\"2026-03-17T15:34:40+00:00\",\"mainEntityOfPage\":{\"@id\":\"https:\\\/\\\/monmaghreb.com\\\/index.php\\\/2026\\\/03\\\/17\\\/lartisanat-tunisien-brille-a-tokyo-au-salon-interior-lifestyle-2025-un-evenement-historique-pour-la-diaspora-maghrebine\\\/\"},\"wordCount\":725,\"publisher\":{\"@id\":\"http:\\\/\\\/monmaghreb.com\\\/#organization\"},\"image\":{\"@id\":\"https:\\\/\\\/monmaghreb.com\\\/index.php\\\/2026\\\/03\\\/17\\\/lartisanat-tunisien-brille-a-tokyo-au-salon-interior-lifestyle-2025-un-evenement-historique-pour-la-diaspora-maghrebine\\\/#primaryimage\"},\"thumbnailUrl\":\"https:\\\/\\\/monmaghreb.com\\\/wp-content\\\/uploads\\\/2026\\\/03\\\/featured-164.jpg\",\"keywords\":[\"diaspora celebration\",\"lifestyle guide\",\"maghreb craft\",\"north africa culture\",\"tokyo trade show\"],\"articleSection\":[\"Tunisie\"],\"inLanguage\":\"en-US\"},{\"@type\":\"WebPage\",\"@id\":\"https:\\\/\\\/monmaghreb.com\\\/index.php\\\/2026\\\/03\\\/17\\\/lartisanat-tunisien-brille-a-tokyo-au-salon-interior-lifestyle-2025-un-evenement-historique-pour-la-diaspora-maghrebine\\\/\",\"url\":\"https:\\\/\\\/monmaghreb.com\\\/index.php\\\/2026\\\/03\\\/17\\\/lartisanat-tunisien-brille-a-tokyo-au-salon-interior-lifestyle-2025-un-evenement-historique-pour-la-diaspora-maghrebine\\\/\",\"name\":\"L'artisanat tunisien brille \u00e0 Tokyo au salon Interior Lifest\",\"isPartOf\":{\"@id\":\"http:\\\/\\\/monmaghreb.com\\\/#website\"},\"primaryImageOfPage\":{\"@id\":\"https:\\\/\\\/monmaghreb.com\\\/index.php\\\/2026\\\/03\\\/17\\\/lartisanat-tunisien-brille-a-tokyo-au-salon-interior-lifestyle-2025-un-evenement-historique-pour-la-diaspora-maghrebine\\\/#primaryimage\"},\"image\":{\"@id\":\"https:\\\/\\\/monmaghreb.com\\\/index.php\\\/2026\\\/03\\\/17\\\/lartisanat-tunisien-brille-a-tokyo-au-salon-interior-lifestyle-2025-un-evenement-historique-pour-la-diaspora-maghrebine\\\/#primaryimage\"},\"thumbnailUrl\":\"https:\\\/\\\/monmaghreb.com\\\/wp-content\\\/uploads\\\/2026\\\/03\\\/featured-164.jpg\",\"datePublished\":\"2026-03-17T15:34:38+00:00\",\"dateModified\":\"2026-03-17T15:34:40+00:00\",\"description\":\"Discover the historic success of Tunisian crafts at Tokyo's Interior Lifestyle 2025, a must-see event for the Maghrebin diaspora.\",\"breadcrumb\":{\"@id\":\"https:\\\/\\\/monmaghreb.com\\\/index.php\\\/2026\\\/03\\\/17\\\/lartisanat-tunisien-brille-a-tokyo-au-salon-interior-lifestyle-2025-un-evenement-historique-pour-la-diaspora-maghrebine\\\/#breadcrumb\"},\"inLanguage\":\"en-US\",\"potentialAction\":[{\"@type\":\"ReadAction\",\"target\":[\"https:\\\/\\\/monmaghreb.com\\\/index.php\\\/2026\\\/03\\\/17\\\/lartisanat-tunisien-brille-a-tokyo-au-salon-interior-lifestyle-2025-un-evenement-historique-pour-la-diaspora-maghrebine\\\/\"]}]},{\"@type\":\"ImageObject\",\"inLanguage\":\"en-US\",\"@id\":\"https:\\\/\\\/monmaghreb.com\\\/index.php\\\/2026\\\/03\\\/17\\\/lartisanat-tunisien-brille-a-tokyo-au-salon-interior-lifestyle-2025-un-evenement-historique-pour-la-diaspora-maghrebine\\\/#primaryimage\",\"url\":\"https:\\\/\\\/monmaghreb.com\\\/wp-content\\\/uploads\\\/2026\\\/03\\\/featured-164.jpg\",\"contentUrl\":\"https:\\\/\\\/monmaghreb.com\\\/wp-content\\\/uploads\\\/2026\\\/03\\\/featured-164.jpg\",\"width\":1880,\"height\":1253,\"caption\":\"Tunisian crafts shining at Tokyo's Interior Lifestyle 2025 event\"},{\"@type\":\"BreadcrumbList\",\"@id\":\"https:\\\/\\\/monmaghreb.com\\\/index.php\\\/2026\\\/03\\\/17\\\/lartisanat-tunisien-brille-a-tokyo-au-salon-interior-lifestyle-2025-un-evenement-historique-pour-la-diaspora-maghrebine\\\/#breadcrumb\",\"itemListElement\":[{\"@type\":\"ListItem\",\"position\":1,\"name\":\"Home\",\"item\":\"http:\\\/\\\/monmaghreb.com\\\/\"},{\"@type\":\"ListItem\",\"position\":2,\"name\":\"L&#8217;artisanat tunisien brille \u00e0 Tokyo au salon Interior Lifestyle 2025 : un \u00e9v\u00e9nement historique pour la diaspora maghr\u00e9bine\"}]},{\"@type\":\"WebSite\",\"@id\":\"http:\\\/\\\/monmaghreb.com\\\/#website\",\"url\":\"http:\\\/\\\/monmaghreb.com\\\/\",\"name\":\"Mon Maghreb\",\"description\":\"MonMaghreb United\",\"publisher\":{\"@id\":\"http:\\\/\\\/monmaghreb.com\\\/#organization\"},\"alternateName\":\"Le Monde du Maghreb et au del\u00e0\",\"potentialAction\":[{\"@type\":\"SearchAction\",\"target\":{\"@type\":\"EntryPoint\",\"urlTemplate\":\"http:\\\/\\\/monmaghreb.com\\\/?s={search_term_string}\"},\"query-input\":{\"@type\":\"PropertyValueSpecification\",\"valueRequired\":true,\"valueName\":\"search_term_string\"}}],\"inLanguage\":\"en-US\"},{\"@type\":\"Organization\",\"@id\":\"http:\\\/\\\/monmaghreb.com\\\/#organization\",\"name\":\"Mon Maghreb\",\"url\":\"http:\\\/\\\/monmaghreb.com\\\/\",\"logo\":{\"@type\":\"ImageObject\",\"inLanguage\":\"en-US\",\"@id\":\"http:\\\/\\\/monmaghreb.com\\\/#\\\/schema\\\/logo\\\/image\\\/\",\"url\":\"https:\\\/\\\/monmaghreb.com\\\/wp-content\\\/uploads\\\/2025\\\/12\\\/Mon_Maghreb_Logo.jpg\",\"contentUrl\":\"https:\\\/\\\/monmaghreb.com\\\/wp-content\\\/uploads\\\/2025\\\/12\\\/Mon_Maghreb_Logo.jpg\",\"width\":814,\"height\":374,\"caption\":\"Mon Maghreb\"},\"image\":{\"@id\":\"http:\\\/\\\/monmaghreb.com\\\/#\\\/schema\\\/logo\\\/image\\\/\"}},{\"@type\":\"Person\",\"@id\":\"http:\\\/\\\/monmaghreb.com\\\/#\\\/schema\\\/person\\\/c469a89dc8c6b8987dcb438b1200d054\",\"name\":\"LaMagh\",\"image\":{\"@type\":\"ImageObject\",\"inLanguage\":\"en-US\",\"@id\":\"https:\\\/\\\/secure.gravatar.com\\\/avatar\\\/399d8144bd55fba55e056779aca52fe528bac7911f6449e54d81173d6dfd7f0a?s=96&d=mm&r=g\",\"url\":\"https:\\\/\\\/secure.gravatar.com\\\/avatar\\\/399d8144bd55fba55e056779aca52fe528bac7911f6449e54d81173d6dfd7f0a?s=96&d=mm&r=g\",\"contentUrl\":\"https:\\\/\\\/secure.gravatar.com\\\/avatar\\\/399d8144bd55fba55e056779aca52fe528bac7911f6449e54d81173d6dfd7f0a?s=96&d=mm&r=g\",\"caption\":\"LaMagh\"},\"sameAs\":[\"https:\\\/\\\/monmaghreb.com\",\"https:\\\/\\\/www.facebook.com\\\/monmaghrebcom\",\"https:\\\/\\\/x.com\\\/MMaghreb50977\"],\"url\":\"https:\\\/\\\/monmaghreb.com\\\/index.php\\\/author\\\/lamagh\\\/\"}]}<\/script>\n<!-- \/ Yoast SEO plugin. -->","yoast_head_json":{"title":"L'artisanat tunisien brille \u00e0 Tokyo au salon Interior Lifest","description":"Discover the historic success of Tunisian crafts at Tokyo's Interior Lifestyle 2025, a must-see event for the Maghrebin diaspora.","robots":{"index":"index","follow":"follow","max-snippet":"max-snippet:-1","max-image-preview":"max-image-preview:large","max-video-preview":"max-video-preview:-1"},"canonical":"https:\/\/monmaghreb.com\/index.php\/2026\/03\/17\/lartisanat-tunisien-brille-a-tokyo-au-salon-interior-lifestyle-2025-un-evenement-historique-pour-la-diaspora-maghrebine\/","og_locale":"en_US","og_type":"article","og_title":"L'artisanat tunisien brille \u00e0 Tokyo au salon Interior Lifestyle 2025 : un \u00e9v\u00e9nement historique pour la diaspora maghr\u00e9bine","og_description":"Discover the historic success of Tunisian crafts at Tokyo's Interior Lifestyle 2025, a must-see event for the Maghrebin diaspora.","og_url":"https:\/\/monmaghreb.com\/index.php\/2026\/03\/17\/lartisanat-tunisien-brille-a-tokyo-au-salon-interior-lifestyle-2025-un-evenement-historique-pour-la-diaspora-maghrebine\/","og_site_name":"Mon Maghreb","article_author":"https:\/\/www.facebook.com\/monmaghrebcom","article_published_time":"2026-03-17T15:34:38+00:00","article_modified_time":"2026-03-17T15:34:40+00:00","og_image":[{"width":1880,"height":1253,"url":"https:\/\/monmaghreb.com\/wp-content\/uploads\/2026\/03\/featured-164.jpg","type":"image\/jpeg"}],"author":"LaMagh","twitter_card":"summary_large_image","twitter_creator":"@MMaghreb50977","twitter_misc":{"Written by":"LaMagh","Est. reading time":"3 minutes"},"schema":{"@context":"https:\/\/schema.org","@graph":[{"@type":"Article","@id":"https:\/\/monmaghreb.com\/index.php\/2026\/03\/17\/lartisanat-tunisien-brille-a-tokyo-au-salon-interior-lifestyle-2025-un-evenement-historique-pour-la-diaspora-maghrebine\/#article","isPartOf":{"@id":"https:\/\/monmaghreb.com\/index.php\/2026\/03\/17\/lartisanat-tunisien-brille-a-tokyo-au-salon-interior-lifestyle-2025-un-evenement-historique-pour-la-diaspora-maghrebine\/"},"author":{"name":"LaMagh","@id":"http:\/\/monmaghreb.com\/#\/schema\/person\/c469a89dc8c6b8987dcb438b1200d054"},"headline":"L&#8217;artisanat tunisien brille \u00e0 Tokyo au salon Interior Lifestyle 2025 : un \u00e9v\u00e9nement historique pour la diaspora maghr\u00e9bine","datePublished":"2026-03-17T15:34:38+00:00","dateModified":"2026-03-17T15:34:40+00:00","mainEntityOfPage":{"@id":"https:\/\/monmaghreb.com\/index.php\/2026\/03\/17\/lartisanat-tunisien-brille-a-tokyo-au-salon-interior-lifestyle-2025-un-evenement-historique-pour-la-diaspora-maghrebine\/"},"wordCount":725,"publisher":{"@id":"http:\/\/monmaghreb.com\/#organization"},"image":{"@id":"https:\/\/monmaghreb.com\/index.php\/2026\/03\/17\/lartisanat-tunisien-brille-a-tokyo-au-salon-interior-lifestyle-2025-un-evenement-historique-pour-la-diaspora-maghrebine\/#primaryimage"},"thumbnailUrl":"https:\/\/monmaghreb.com\/wp-content\/uploads\/2026\/03\/featured-164.jpg","keywords":["diaspora celebration","lifestyle guide","maghreb craft","north africa culture","tokyo trade show"],"articleSection":["Tunisie"],"inLanguage":"en-US"},{"@type":"WebPage","@id":"https:\/\/monmaghreb.com\/index.php\/2026\/03\/17\/lartisanat-tunisien-brille-a-tokyo-au-salon-interior-lifestyle-2025-un-evenement-historique-pour-la-diaspora-maghrebine\/","url":"https:\/\/monmaghreb.com\/index.php\/2026\/03\/17\/lartisanat-tunisien-brille-a-tokyo-au-salon-interior-lifestyle-2025-un-evenement-historique-pour-la-diaspora-maghrebine\/","name":"L'artisanat tunisien brille \u00e0 Tokyo au salon Interior Lifest","isPartOf":{"@id":"http:\/\/monmaghreb.com\/#website"},"primaryImageOfPage":{"@id":"https:\/\/monmaghreb.com\/index.php\/2026\/03\/17\/lartisanat-tunisien-brille-a-tokyo-au-salon-interior-lifestyle-2025-un-evenement-historique-pour-la-diaspora-maghrebine\/#primaryimage"},"image":{"@id":"https:\/\/monmaghreb.com\/index.php\/2026\/03\/17\/lartisanat-tunisien-brille-a-tokyo-au-salon-interior-lifestyle-2025-un-evenement-historique-pour-la-diaspora-maghrebine\/#primaryimage"},"thumbnailUrl":"https:\/\/monmaghreb.com\/wp-content\/uploads\/2026\/03\/featured-164.jpg","datePublished":"2026-03-17T15:34:38+00:00","dateModified":"2026-03-17T15:34:40+00:00","description":"Discover the historic success of Tunisian crafts at Tokyo's Interior Lifestyle 2025, a must-see event for the Maghrebin diaspora.","breadcrumb":{"@id":"https:\/\/monmaghreb.com\/index.php\/2026\/03\/17\/lartisanat-tunisien-brille-a-tokyo-au-salon-interior-lifestyle-2025-un-evenement-historique-pour-la-diaspora-maghrebine\/#breadcrumb"},"inLanguage":"en-US","potentialAction":[{"@type":"ReadAction","target":["https:\/\/monmaghreb.com\/index.php\/2026\/03\/17\/lartisanat-tunisien-brille-a-tokyo-au-salon-interior-lifestyle-2025-un-evenement-historique-pour-la-diaspora-maghrebine\/"]}]},{"@type":"ImageObject","inLanguage":"en-US","@id":"https:\/\/monmaghreb.com\/index.php\/2026\/03\/17\/lartisanat-tunisien-brille-a-tokyo-au-salon-interior-lifestyle-2025-un-evenement-historique-pour-la-diaspora-maghrebine\/#primaryimage","url":"https:\/\/monmaghreb.com\/wp-content\/uploads\/2026\/03\/featured-164.jpg","contentUrl":"https:\/\/monmaghreb.com\/wp-content\/uploads\/2026\/03\/featured-164.jpg","width":1880,"height":1253,"caption":"Tunisian crafts shining at Tokyo's Interior Lifestyle 2025 event"},{"@type":"BreadcrumbList","@id":"https:\/\/monmaghreb.com\/index.php\/2026\/03\/17\/lartisanat-tunisien-brille-a-tokyo-au-salon-interior-lifestyle-2025-un-evenement-historique-pour-la-diaspora-maghrebine\/#breadcrumb","itemListElement":[{"@type":"ListItem","position":1,"name":"Home","item":"http:\/\/monmaghreb.com\/"},{"@type":"ListItem","position":2,"name":"L&#8217;artisanat tunisien brille \u00e0 Tokyo au salon Interior Lifestyle 2025 : un \u00e9v\u00e9nement historique pour la diaspora maghr\u00e9bine"}]},{"@type":"WebSite","@id":"http:\/\/monmaghreb.com\/#website","url":"http:\/\/monmaghreb.com\/","name":"Mon Maghreb","description":"MonMaghreb United","publisher":{"@id":"http:\/\/monmaghreb.com\/#organization"},"alternateName":"Le Monde du Maghreb et au del\u00e0","potentialAction":[{"@type":"SearchAction","target":{"@type":"EntryPoint","urlTemplate":"http:\/\/monmaghreb.com\/?s={search_term_string}"},"query-input":{"@type":"PropertyValueSpecification","valueRequired":true,"valueName":"search_term_string"}}],"inLanguage":"en-US"},{"@type":"Organization","@id":"http:\/\/monmaghreb.com\/#organization","name":"Mon Maghreb","url":"http:\/\/monmaghreb.com\/","logo":{"@type":"ImageObject","inLanguage":"en-US","@id":"http:\/\/monmaghreb.com\/#\/schema\/logo\/image\/","url":"https:\/\/monmaghreb.com\/wp-content\/uploads\/2025\/12\/Mon_Maghreb_Logo.jpg","contentUrl":"https:\/\/monmaghreb.com\/wp-content\/uploads\/2025\/12\/Mon_Maghreb_Logo.jpg","width":814,"height":374,"caption":"Mon Maghreb"},"image":{"@id":"http:\/\/monmaghreb.com\/#\/schema\/logo\/image\/"}},{"@type":"Person","@id":"http:\/\/monmaghreb.com\/#\/schema\/person\/c469a89dc8c6b8987dcb438b1200d054","name":"LaMagh","image":{"@type":"ImageObject","inLanguage":"en-US","@id":"https:\/\/secure.gravatar.com\/avatar\/399d8144bd55fba55e056779aca52fe528bac7911f6449e54d81173d6dfd7f0a?s=96&d=mm&r=g","url":"https:\/\/secure.gravatar.com\/avatar\/399d8144bd55fba55e056779aca52fe528bac7911f6449e54d81173d6dfd7f0a?s=96&d=mm&r=g","contentUrl":"https:\/\/secure.gravatar.com\/avatar\/399d8144bd55fba55e056779aca52fe528bac7911f6449e54d81173d6dfd7f0a?s=96&d=mm&r=g","caption":"LaMagh"},"sameAs":["https:\/\/monmaghreb.com","https:\/\/www.facebook.com\/monmaghrebcom","https:\/\/x.com\/MMaghreb50977"],"url":"https:\/\/monmaghreb.com\/index.php\/author\/lamagh\/"}]}},"_links":{"self":[{"href":"https:\/\/monmaghreb.com\/index.php\/wp-json\/wp\/v2\/posts\/1356","targetHints":{"allow":["GET"]}}],"collection":[{"href":"https:\/\/monmaghreb.com\/index.php\/wp-json\/wp\/v2\/posts"}],"about":[{"href":"https:\/\/monmaghreb.com\/index.php\/wp-json\/wp\/v2\/types\/post"}],"author":[{"embeddable":true,"href":"https:\/\/monmaghreb.com\/index.php\/wp-json\/wp\/v2\/users\/1"}],"replies":[{"embeddable":true,"href":"https:\/\/monmaghreb.com\/index.php\/wp-json\/wp\/v2\/comments?post=1356"}],"version-history":[{"count":1,"href":"https:\/\/monmaghreb.com\/index.php\/wp-json\/wp\/v2\/posts\/1356\/revisions"}],"predecessor-version":[{"id":1357,"href":"https:\/\/monmaghreb.com\/index.php\/wp-json\/wp\/v2\/posts\/1356\/revisions\/1357"}],"wp:featuredmedia":[{"embeddable":true,"href":"https:\/\/monmaghreb.com\/index.php\/wp-json\/wp\/v2\/media\/1355"}],"wp:attachment":[{"href":"https:\/\/monmaghreb.com\/index.php\/wp-json\/wp\/v2\/media?parent=1356"}],"wp:term":[{"taxonomy":"category","embeddable":true,"href":"https:\/\/monmaghreb.com\/index.php\/wp-json\/wp\/v2\/categories?post=1356"},{"taxonomy":"post_tag","embeddable":true,"href":"https:\/\/monmaghreb.com\/index.php\/wp-json\/wp\/v2\/tags?post=1356"}],"curies":[{"name":"wp","href":"https:\/\/api.w.org\/{rel}","templated":true}]}}