{"id":1362,"date":"2026-03-17T16:19:57","date_gmt":"2026-03-17T16:19:57","guid":{"rendered":"https:\/\/monmaghreb.com\/index.php\/2026\/03\/17\/le-circuit-culturel-berbere-en-mouvement-decouvrez-le-spectacle-ka-in-a-ales-et-nimes\/"},"modified":"2026-03-17T16:20:01","modified_gmt":"2026-03-17T16:20:01","slug":"le-circuit-culturel-berbere-en-mouvement-decouvrez-le-spectacle-ka-in-a-ales-et-nimes","status":"publish","type":"post","link":"https:\/\/monmaghreb.com\/index.php\/2026\/03\/17\/le-circuit-culturel-berbere-en-mouvement-decouvrez-le-spectacle-ka-in-a-ales-et-nimes\/","title":{"rendered":"Le circuit culturel berb\u00e8re en mouvement : d\u00e9couvrez le spectacle KA-IN \u00e0 Al\u00e8s et N\u00eemes"},"content":{"rendered":"<p><!DOCTYPE html><br \/>\n<html lang='fr'><br \/>\n<head><br \/>\n <meta charset='UTF-8'><br \/>\n <title>Le circuit culturel berb\u00e8re en mouvement : d\u00e9couvrez le spectacle KA-IN \u00e0 Al\u00e8s et N\u00eemes<\/title><br \/>\n<\/head><br \/>\n<body><\/p>\n<h1>Le circuit culturel berb\u00e8re en mouvement : d\u00e9couvrez le spectacle KA-IN \u00e0 Al\u00e8s et N\u00eemes<\/h1>\n<h2>Une renaissance de la culture berb\u00e8re<\/h2>\n<p>Pour plusieurs ann\u00e9es, les Berb\u00e8res ont connu une r\u00e9elle renaissance culturelle. C&#8217;est un ph\u00e9nom\u00e8ne fascinant qui se manifeste par la cr\u00e9ation d&#8217;<a href=\"https:\/\/monmaghreb.com\/index.php\/2026\/03\/13\/les-evenements-culturels-berberes-en-france-le-cirque-ka-in-a-ales-et-nimes-2\/\" title=\"Les \u00e9v\u00e9nements culturels berb\u00e8res en France : le cirque KA-IN \u00e0 Al\u00e8s et N\u00eemes\">\u00e9v\u00e9nements<\/a>, de spectacles et de manifestations qui visent \u00e0 promouvoir et \u00e0 pr\u00e9server leur h\u00e9ritage et leur identit\u00e9.<\/p>\n<p>Il est important de noter que ce mouvement ne date pas de hier. Les Berb\u00e8res ont une longue histoire qui remonte \u00e0 l&#8217;Antiquit\u00e9, mais leur culture a \u00e9t\u00e9 souvent occult\u00e9e ou assimil\u00e9e par d&#8217;autres civilisations. Cependant, au cours des derni\u00e8res d\u00e9cennies, les Berb\u00e8res ont commenc\u00e9 \u00e0 se reconna\u00eetre et \u00e0 revendiquer leur identit\u00e9.<\/p>\n<h2>Le spectacle KA-IN : un voyage vers les racines berb\u00e8res<\/h2>\n<p>KA-IN est un spectacle de danse traditionnelle berb\u00e8re qui r\u00e9unit des artistes professionnels de la sc\u00e8ne fran\u00e7aise et maghr\u00e9bine. Ce spectacle se d\u00e9roule en trois parties, chacune repr\u00e9sentant une \u00e9poque diff\u00e9rentielle de l&#8217;histoire berb\u00e8re.<\/p>\n<ul>\n<li>La premi\u00e8re partie retrace les origines des Berb\u00e8res et leur mode de vie nomade. On peut ainsi d\u00e9couvrir comment ils vivaient en harmonie avec la nature, avec leurs propres traditions et coutumes.<\/li>\n<li>La seconde partie pr\u00e9sente les apports arabes et islamiques \u00e0 la culture berb\u00e8re. C&#8217;est un moment crucial dans l&#8217;histoire des Berb\u00e8res, car il a marqu\u00e9 leur int\u00e9gration dans la civilisation m\u00e9diterran\u00e9enne.<\/li>\n<li>La troisi\u00e8me partie illustre la r\u00e9volution berb\u00e8re du XXe si\u00e8cle, qui a abouti \u00e0 une reconnaissance accrue de l&#8217;identit\u00e9 berb\u00e8re. C&#8217;est un moment d&#8217;une grande importance pour les Berb\u00e8res, car il a permis leur \u00e9mergence comme communaut\u00e9 distincte.<\/li>\n<\/ul>\n<h2>Un \u00e9v\u00e9nement culturel exceptionnel \u00e0 Al\u00e8s<\/h2>\n<p>Le spectacle KA-IN s&#8217;est produit pour la premi\u00e8re fois \u00e0 Al\u00e8s, dans le Gard, le 7 novembre 2021. Il a \u00e9t\u00e9 accueilli par une foule enthousiaste qui a d\u00e9couvert avec avidit\u00e9 les costumes et les danses traditionnels berb\u00e8res.<\/p>\n<p>Le spectacle a \u00e9galement suscit\u00e9 de nombreuses critiques positives, notamment pour sa qualit\u00e9 artistique et son engagement envers la promotion de la culture berb\u00e8re. Les spectateurs ont pu appr\u00e9cier les talents des danseurs, mais \u00e9galement l&#8217;histoire derri\u00e8re chaque mouvement.<\/p>\n<h2>La suite \u00e0 N\u00eemes<\/h2>\n<p>Apr\u00e8s son succ\u00e8s \u00e0 Al\u00e8s, le spectacle KA-IN a \u00e9t\u00e9 rejou\u00e9 pour la premi\u00e8re fois \u00e0 N\u00eemes le 14 novembre 2021. Il a attir\u00e9 une nouvelle audience, qui a pu d\u00e9couvrir les traditions berb\u00e8res dans un nouvel environnement.<\/p>\n<p>Le spectacle a \u00e9galement fait l&#8217;objet d&#8217;un accueil favorable \u00e0 N\u00eemes, avec des critiques \u00e9logieuses pour sa qualit\u00e9 artistique et son engagement envers la promotion de la culture berb\u00e8re. Les spectateurs ont pu se sentir comme ils \u00e9taient transport\u00e9s dans un autre temps et un autre lieu.<\/p>\n<h2>Un appel \u00e0 l&#8217;action<\/h2>\n<p>Le spectacle KA-IN est un \u00e9v\u00e9nement exceptionnel qui permet aux Berb\u00e8res de la diaspora d&#8217;avoir acc\u00e8s \u00e0 leur patrimoine culturel. Il est donc important de le soutenir et de le promouvoir.<\/p>\n<p>Pour cela, il suffit de se rendre sur le site web du spectacle pour en savoir plus sur les dates et les lieux des prochaines repr\u00e9sentations. N&#8217;h\u00e9sitez pas \u00e0 partager l&#8217;exp\u00e9rience avec vos amis et votre famille, car c&#8217;est un \u00e9v\u00e9nement qui a le potentiel d&#8217;unir les gens.<\/p>\n<p>Pour en savoir plus sur le spectacle KA-IN, vous pouvez consulter son site web ou suivre ses r\u00e9seaux sociaux. Il est \u00e9galement possible de contacter directement l&#8217;\u00e9quipe du spectacle pour obtenir des informations suppl\u00e9mentaires.<\/p>\n<h2>Conclusion<\/h2>\n<p>Le spectacle KA-IN est un \u00e9v\u00e9nement culturel exceptionnel qui permet aux Berb\u00e8res de la diaspora d&#8217;avoir acc\u00e8s \u00e0 leur patrimoine culturel. Il est donc important de le soutenir et de le promouvoir.<\/p>\n<p>Pour cela, il suffit de se rendre sur le site web du spectacle pour en savoir plus sur les dates et les lieux des prochaines repr\u00e9sentations. N&#8217;h\u00e9sitez pas \u00e0 partager l&#8217;exp\u00e9rience avec vos amis et votre famille, car c&#8217;est un \u00e9v\u00e9nement qui a le potentiel d&#8217;unir les gens.<\/p>\n<div style=\"background:#f8f9fa;border-left:4px solid #0066cc;border-radius:6px;padding:20px 24px;margin:32px 0;\">\n<p style=\"font-size:13px;color:#888;text-transform:uppercase;letter-spacing:0.8px;margin:0 0 6px 0;\">Vous pourriez aussi aimer<\/p>\n<h3 style=\"font-size:18px;margin:0 0 14px 0;color:#222;\">Articles similaires<\/h3>\n<ul style=\"margin:0;padding-left:20px;list-style:disc;\">\n<li style=\"margin-bottom:10px;\"><a href=\"https:\/\/monmaghreb.com\/index.php\/2026\/03\/13\/les-evenements-culturels-berberes-en-france-le-cirque-ka-in-a-ales-et-nimes-2\/\" style=\"color:#0066cc;text-decoration:none;font-weight:500;\" title=\"Les \u00e9v\u00e9nements culturels berb\u00e8res en France : le cirque KA-IN \u00e0 Al\u00e8s et N\u00eemes\">Les \u00e9v\u00e9nements culturels berb\u00e8res en France : le cirque KA-IN \u00e0 Al\u00e8s et N\u00eemes<\/a><\/li>\n<li style=\"margin-bottom:10px;\"><a href=\"https:\/\/monmaghreb.com\/index.php\/2026\/03\/13\/les-evenements-culturels-berberes-en-france-le-cirque-ka-in-a-ales-et-nimes\/\" style=\"color:#0066cc;text-decoration:none;font-weight:500;\" title=\"Les \u00e9v\u00e9nements culturels berb\u00e8res en France : le cirque KA-IN \u00e0 Al\u00e8s et N\u00eemes\">Les \u00e9v\u00e9nements culturels berb\u00e8res en France : le cirque KA-IN \u00e0 Al\u00e8s et N\u00eemes<\/a><\/li>\n<li style=\"margin-bottom:10px;\"><a href=\"https:\/\/monmaghreb.com\/index.php\/2026\/03\/17\/le-voyage-gastronomique-authentique-dans-la-cuisine-berbere-de-latlas\/\" style=\"color:#0066cc;text-decoration:none;font-weight:500;\" title=\"Le voyage gastronomique authentique dans la cuisine berb\u00e8re de l&#8217;Atlas\">Le voyage gastronomique authentique dans la cuisine berb\u00e8re de l&#8217;Atlas<\/a><\/li>\n<li style=\"margin-bottom:10px;\"><a href=\"https:\/\/monmaghreb.com\/index.php\/2026\/03\/17\/lartisanat-tunisien-brille-a-tokyo-au-salon-interior-lifestyle-2025-un-evenement-historique-pour-la-diaspora-maghrebine\/\" style=\"color:#0066cc;text-decoration:none;font-weight:500;\" title=\"L&#8217;artisanat tunisien brille \u00e0 Tokyo au salon Interior Lifestyle 2025 : un \u00e9v\u00e9nement historique pour la diaspora maghr\u00e9bine\">L&#8217;artisanat tunisien brille \u00e0 Tokyo au salon Interior Lifestyle 2025 : un \u00e9v\u00e9nement historique pour la diaspora maghr\u00e9bine<\/a><\/li>\n<li style=\"margin-bottom:10px;\"><a href=\"https:\/\/monmaghreb.com\/index.php\/2026\/03\/16\/198-millions-de-touristes-au-maroc-en-2025-decouvrez-les-destinations-incontournables\/\" style=\"color:#0066cc;text-decoration:none;font-weight:500;\" title=\"19,8 millions de touristes au Maroc en 2025 : d\u00e9couvrez les destinations incontournables\">19,8 millions de touristes au Maroc en 2025 : d\u00e9couvrez les destinations incontournables<\/a><\/li>\n<\/ul>\n<\/div>\n<p><\/body><br \/>\n<\/html><\/p>\n","protected":false},"excerpt":{"rendered":"<p>Discover the Berber Cultural Movement: Witness KA-IN Spectacle in Al\u00e8s &#038; N\u00eemes &#8211; Preserve and celebrate Berber heritage.<\/p>\n","protected":false},"author":1,"featured_media":1361,"comment_status":"closed","ping_status":"open","sticky":false,"template":"","format":"standard","meta":{"_yoast_wpseo_focuskw":"circuit culturel berbere","_yoast_wpseo_title":"Le circuit culturel berb\u00e8re en mouvement : d\u00e9couvrez le spec","_yoast_wpseo_metadesc":"Discover the Berber Cultural Movement: Witness KA-IN Spectacle in Al\u00e8s & N\u00eemes - Preserve and celebrate Berber heritage.","_yoast_wpseo_canonical":"","_yoast_wpseo_opengraph-title":"Le circuit culturel berb\u00e8re en mouvement : d\u00e9couvrez le spectacle KA-IN \u00e0 Al\u00e8s et N\u00eemes","_yoast_wpseo_opengraph-description":"Discover the Berber Cultural Movement: Witness KA-IN Spectacle in Al\u00e8s & N\u00eemes - Preserve and celebrate Berber heritage.","_yoast_wpseo_opengraph-image":"","tdm_status":"","tdm_grid_status":"","footnotes":""},"categories":[652],"tags":[1045,1046,1043,1044,585],"class_list":["post-1362","post","type-post","status-publish","format-standard","has-post-thumbnail","hentry","category-histoire-patrimoine","tag-alsenimes","tag-artandperformance","tag-berberculture","tag-franceheritage","tag-lifestyle"],"yoast_head":"<!-- This site is optimized with the Yoast SEO plugin v27.5 - https:\/\/yoast.com\/product\/yoast-seo-wordpress\/ -->\n<title>Le circuit culturel berb\u00e8re en mouvement : d\u00e9couvrez le spec<\/title>\n<meta name=\"description\" content=\"Discover the Berber Cultural Movement: Witness KA-IN Spectacle in Al\u00e8s &amp; N\u00eemes - Preserve and celebrate Berber heritage.\" \/>\n<meta name=\"robots\" content=\"index, follow, max-snippet:-1, max-image-preview:large, max-video-preview:-1\" \/>\n<link rel=\"canonical\" href=\"https:\/\/monmaghreb.com\/index.php\/2026\/03\/17\/le-circuit-culturel-berbere-en-mouvement-decouvrez-le-spectacle-ka-in-a-ales-et-nimes\/\" \/>\n<meta property=\"og:locale\" content=\"en_US\" \/>\n<meta property=\"og:type\" content=\"article\" \/>\n<meta property=\"og:title\" content=\"Le circuit culturel berb\u00e8re en mouvement : d\u00e9couvrez le spectacle KA-IN \u00e0 Al\u00e8s et N\u00eemes\" \/>\n<meta property=\"og:description\" content=\"Discover the Berber Cultural Movement: Witness KA-IN Spectacle in Al\u00e8s &amp; N\u00eemes - Preserve and celebrate Berber heritage.\" \/>\n<meta property=\"og:url\" content=\"https:\/\/monmaghreb.com\/index.php\/2026\/03\/17\/le-circuit-culturel-berbere-en-mouvement-decouvrez-le-spectacle-ka-in-a-ales-et-nimes\/\" \/>\n<meta property=\"og:site_name\" content=\"Mon Maghreb\" \/>\n<meta property=\"article:author\" content=\"https:\/\/www.facebook.com\/monmaghrebcom\" \/>\n<meta property=\"article:published_time\" content=\"2026-03-17T16:19:57+00:00\" \/>\n<meta property=\"article:modified_time\" content=\"2026-03-17T16:20:01+00:00\" \/>\n<meta property=\"og:image\" content=\"https:\/\/monmaghreb.com\/wp-content\/uploads\/2026\/03\/featured-166.jpg\" \/>\n\t<meta property=\"og:image:width\" content=\"1880\" \/>\n\t<meta property=\"og:image:height\" content=\"1253\" \/>\n\t<meta property=\"og:image:type\" content=\"image\/jpeg\" \/>\n<meta name=\"author\" content=\"LaMagh\" \/>\n<meta name=\"twitter:card\" content=\"summary_large_image\" \/>\n<meta name=\"twitter:creator\" content=\"@MMaghreb50977\" \/>\n<meta name=\"twitter:label1\" content=\"Written by\" \/>\n\t<meta name=\"twitter:data1\" content=\"LaMagh\" \/>\n\t<meta name=\"twitter:label2\" content=\"Est. reading time\" \/>\n\t<meta name=\"twitter:data2\" content=\"4 minutes\" \/>\n<script type=\"application\/ld+json\" class=\"yoast-schema-graph\">{\"@context\":\"https:\\\/\\\/schema.org\",\"@graph\":[{\"@type\":\"Article\",\"@id\":\"https:\\\/\\\/monmaghreb.com\\\/index.php\\\/2026\\\/03\\\/17\\\/le-circuit-culturel-berbere-en-mouvement-decouvrez-le-spectacle-ka-in-a-ales-et-nimes\\\/#article\",\"isPartOf\":{\"@id\":\"https:\\\/\\\/monmaghreb.com\\\/index.php\\\/2026\\\/03\\\/17\\\/le-circuit-culturel-berbere-en-mouvement-decouvrez-le-spectacle-ka-in-a-ales-et-nimes\\\/\"},\"author\":{\"name\":\"LaMagh\",\"@id\":\"http:\\\/\\\/monmaghreb.com\\\/#\\\/schema\\\/person\\\/c469a89dc8c6b8987dcb438b1200d054\"},\"headline\":\"Le circuit culturel berb\u00e8re en mouvement : d\u00e9couvrez le spectacle KA-IN \u00e0 Al\u00e8s et N\u00eemes\",\"datePublished\":\"2026-03-17T16:19:57+00:00\",\"dateModified\":\"2026-03-17T16:20:01+00:00\",\"mainEntityOfPage\":{\"@id\":\"https:\\\/\\\/monmaghreb.com\\\/index.php\\\/2026\\\/03\\\/17\\\/le-circuit-culturel-berbere-en-mouvement-decouvrez-le-spectacle-ka-in-a-ales-et-nimes\\\/\"},\"wordCount\":824,\"publisher\":{\"@id\":\"http:\\\/\\\/monmaghreb.com\\\/#organization\"},\"image\":{\"@id\":\"https:\\\/\\\/monmaghreb.com\\\/index.php\\\/2026\\\/03\\\/17\\\/le-circuit-culturel-berbere-en-mouvement-decouvrez-le-spectacle-ka-in-a-ales-et-nimes\\\/#primaryimage\"},\"thumbnailUrl\":\"https:\\\/\\\/monmaghreb.com\\\/wp-content\\\/uploads\\\/2026\\\/03\\\/featured-166.jpg\",\"keywords\":[\"alsenimes\",\"artandperformance\",\"berberculture\",\"franceheritage\",\"lifestyle\"],\"articleSection\":[\"Histoire &amp; Patrimoine\"],\"inLanguage\":\"en-US\"},{\"@type\":\"WebPage\",\"@id\":\"https:\\\/\\\/monmaghreb.com\\\/index.php\\\/2026\\\/03\\\/17\\\/le-circuit-culturel-berbere-en-mouvement-decouvrez-le-spectacle-ka-in-a-ales-et-nimes\\\/\",\"url\":\"https:\\\/\\\/monmaghreb.com\\\/index.php\\\/2026\\\/03\\\/17\\\/le-circuit-culturel-berbere-en-mouvement-decouvrez-le-spectacle-ka-in-a-ales-et-nimes\\\/\",\"name\":\"Le circuit culturel berb\u00e8re en mouvement : d\u00e9couvrez le spec\",\"isPartOf\":{\"@id\":\"http:\\\/\\\/monmaghreb.com\\\/#website\"},\"primaryImageOfPage\":{\"@id\":\"https:\\\/\\\/monmaghreb.com\\\/index.php\\\/2026\\\/03\\\/17\\\/le-circuit-culturel-berbere-en-mouvement-decouvrez-le-spectacle-ka-in-a-ales-et-nimes\\\/#primaryimage\"},\"image\":{\"@id\":\"https:\\\/\\\/monmaghreb.com\\\/index.php\\\/2026\\\/03\\\/17\\\/le-circuit-culturel-berbere-en-mouvement-decouvrez-le-spectacle-ka-in-a-ales-et-nimes\\\/#primaryimage\"},\"thumbnailUrl\":\"https:\\\/\\\/monmaghreb.com\\\/wp-content\\\/uploads\\\/2026\\\/03\\\/featured-166.jpg\",\"datePublished\":\"2026-03-17T16:19:57+00:00\",\"dateModified\":\"2026-03-17T16:20:01+00:00\",\"description\":\"Discover the Berber Cultural Movement: Witness KA-IN Spectacle in Al\u00e8s & N\u00eemes - Preserve and celebrate Berber heritage.\",\"breadcrumb\":{\"@id\":\"https:\\\/\\\/monmaghreb.com\\\/index.php\\\/2026\\\/03\\\/17\\\/le-circuit-culturel-berbere-en-mouvement-decouvrez-le-spectacle-ka-in-a-ales-et-nimes\\\/#breadcrumb\"},\"inLanguage\":\"en-US\",\"potentialAction\":[{\"@type\":\"ReadAction\",\"target\":[\"https:\\\/\\\/monmaghreb.com\\\/index.php\\\/2026\\\/03\\\/17\\\/le-circuit-culturel-berbere-en-mouvement-decouvrez-le-spectacle-ka-in-a-ales-et-nimes\\\/\"]}]},{\"@type\":\"ImageObject\",\"inLanguage\":\"en-US\",\"@id\":\"https:\\\/\\\/monmaghreb.com\\\/index.php\\\/2026\\\/03\\\/17\\\/le-circuit-culturel-berbere-en-mouvement-decouvrez-le-spectacle-ka-in-a-ales-et-nimes\\\/#primaryimage\",\"url\":\"https:\\\/\\\/monmaghreb.com\\\/wp-content\\\/uploads\\\/2026\\\/03\\\/featured-166.jpg\",\"contentUrl\":\"https:\\\/\\\/monmaghreb.com\\\/wp-content\\\/uploads\\\/2026\\\/03\\\/featured-166.jpg\",\"width\":1880,\"height\":1253,\"caption\":\"Berber Cultural Movement: KA-IN spectacle in Al\u00e8s and N\u00eemes, featuring traditional Berber music and dance.\"},{\"@type\":\"BreadcrumbList\",\"@id\":\"https:\\\/\\\/monmaghreb.com\\\/index.php\\\/2026\\\/03\\\/17\\\/le-circuit-culturel-berbere-en-mouvement-decouvrez-le-spectacle-ka-in-a-ales-et-nimes\\\/#breadcrumb\",\"itemListElement\":[{\"@type\":\"ListItem\",\"position\":1,\"name\":\"Home\",\"item\":\"http:\\\/\\\/monmaghreb.com\\\/\"},{\"@type\":\"ListItem\",\"position\":2,\"name\":\"Le circuit culturel berb\u00e8re en mouvement : d\u00e9couvrez le spectacle KA-IN \u00e0 Al\u00e8s et N\u00eemes\"}]},{\"@type\":\"WebSite\",\"@id\":\"http:\\\/\\\/monmaghreb.com\\\/#website\",\"url\":\"http:\\\/\\\/monmaghreb.com\\\/\",\"name\":\"Mon Maghreb\",\"description\":\"MonMaghreb United\",\"publisher\":{\"@id\":\"http:\\\/\\\/monmaghreb.com\\\/#organization\"},\"alternateName\":\"Le Monde du Maghreb et au del\u00e0\",\"potentialAction\":[{\"@type\":\"SearchAction\",\"target\":{\"@type\":\"EntryPoint\",\"urlTemplate\":\"http:\\\/\\\/monmaghreb.com\\\/?s={search_term_string}\"},\"query-input\":{\"@type\":\"PropertyValueSpecification\",\"valueRequired\":true,\"valueName\":\"search_term_string\"}}],\"inLanguage\":\"en-US\"},{\"@type\":\"Organization\",\"@id\":\"http:\\\/\\\/monmaghreb.com\\\/#organization\",\"name\":\"Mon Maghreb\",\"url\":\"http:\\\/\\\/monmaghreb.com\\\/\",\"logo\":{\"@type\":\"ImageObject\",\"inLanguage\":\"en-US\",\"@id\":\"http:\\\/\\\/monmaghreb.com\\\/#\\\/schema\\\/logo\\\/image\\\/\",\"url\":\"https:\\\/\\\/monmaghreb.com\\\/wp-content\\\/uploads\\\/2025\\\/12\\\/Mon_Maghreb_Logo.jpg\",\"contentUrl\":\"https:\\\/\\\/monmaghreb.com\\\/wp-content\\\/uploads\\\/2025\\\/12\\\/Mon_Maghreb_Logo.jpg\",\"width\":814,\"height\":374,\"caption\":\"Mon Maghreb\"},\"image\":{\"@id\":\"http:\\\/\\\/monmaghreb.com\\\/#\\\/schema\\\/logo\\\/image\\\/\"}},{\"@type\":\"Person\",\"@id\":\"http:\\\/\\\/monmaghreb.com\\\/#\\\/schema\\\/person\\\/c469a89dc8c6b8987dcb438b1200d054\",\"name\":\"LaMagh\",\"image\":{\"@type\":\"ImageObject\",\"inLanguage\":\"en-US\",\"@id\":\"https:\\\/\\\/secure.gravatar.com\\\/avatar\\\/399d8144bd55fba55e056779aca52fe528bac7911f6449e54d81173d6dfd7f0a?s=96&d=mm&r=g\",\"url\":\"https:\\\/\\\/secure.gravatar.com\\\/avatar\\\/399d8144bd55fba55e056779aca52fe528bac7911f6449e54d81173d6dfd7f0a?s=96&d=mm&r=g\",\"contentUrl\":\"https:\\\/\\\/secure.gravatar.com\\\/avatar\\\/399d8144bd55fba55e056779aca52fe528bac7911f6449e54d81173d6dfd7f0a?s=96&d=mm&r=g\",\"caption\":\"LaMagh\"},\"sameAs\":[\"https:\\\/\\\/monmaghreb.com\",\"https:\\\/\\\/www.facebook.com\\\/monmaghrebcom\",\"https:\\\/\\\/x.com\\\/MMaghreb50977\"],\"url\":\"https:\\\/\\\/monmaghreb.com\\\/index.php\\\/author\\\/lamagh\\\/\"}]}<\/script>\n<!-- \/ Yoast SEO plugin. -->","yoast_head_json":{"title":"Le circuit culturel berb\u00e8re en mouvement : d\u00e9couvrez le spec","description":"Discover the Berber Cultural Movement: Witness KA-IN Spectacle in Al\u00e8s & N\u00eemes - Preserve and celebrate Berber heritage.","robots":{"index":"index","follow":"follow","max-snippet":"max-snippet:-1","max-image-preview":"max-image-preview:large","max-video-preview":"max-video-preview:-1"},"canonical":"https:\/\/monmaghreb.com\/index.php\/2026\/03\/17\/le-circuit-culturel-berbere-en-mouvement-decouvrez-le-spectacle-ka-in-a-ales-et-nimes\/","og_locale":"en_US","og_type":"article","og_title":"Le circuit culturel berb\u00e8re en mouvement : d\u00e9couvrez le spectacle KA-IN \u00e0 Al\u00e8s et N\u00eemes","og_description":"Discover the Berber Cultural Movement: Witness KA-IN Spectacle in Al\u00e8s & N\u00eemes - Preserve and celebrate Berber heritage.","og_url":"https:\/\/monmaghreb.com\/index.php\/2026\/03\/17\/le-circuit-culturel-berbere-en-mouvement-decouvrez-le-spectacle-ka-in-a-ales-et-nimes\/","og_site_name":"Mon Maghreb","article_author":"https:\/\/www.facebook.com\/monmaghrebcom","article_published_time":"2026-03-17T16:19:57+00:00","article_modified_time":"2026-03-17T16:20:01+00:00","og_image":[{"width":1880,"height":1253,"url":"https:\/\/monmaghreb.com\/wp-content\/uploads\/2026\/03\/featured-166.jpg","type":"image\/jpeg"}],"author":"LaMagh","twitter_card":"summary_large_image","twitter_creator":"@MMaghreb50977","twitter_misc":{"Written by":"LaMagh","Est. reading time":"4 minutes"},"schema":{"@context":"https:\/\/schema.org","@graph":[{"@type":"Article","@id":"https:\/\/monmaghreb.com\/index.php\/2026\/03\/17\/le-circuit-culturel-berbere-en-mouvement-decouvrez-le-spectacle-ka-in-a-ales-et-nimes\/#article","isPartOf":{"@id":"https:\/\/monmaghreb.com\/index.php\/2026\/03\/17\/le-circuit-culturel-berbere-en-mouvement-decouvrez-le-spectacle-ka-in-a-ales-et-nimes\/"},"author":{"name":"LaMagh","@id":"http:\/\/monmaghreb.com\/#\/schema\/person\/c469a89dc8c6b8987dcb438b1200d054"},"headline":"Le circuit culturel berb\u00e8re en mouvement : d\u00e9couvrez le spectacle KA-IN \u00e0 Al\u00e8s et N\u00eemes","datePublished":"2026-03-17T16:19:57+00:00","dateModified":"2026-03-17T16:20:01+00:00","mainEntityOfPage":{"@id":"https:\/\/monmaghreb.com\/index.php\/2026\/03\/17\/le-circuit-culturel-berbere-en-mouvement-decouvrez-le-spectacle-ka-in-a-ales-et-nimes\/"},"wordCount":824,"publisher":{"@id":"http:\/\/monmaghreb.com\/#organization"},"image":{"@id":"https:\/\/monmaghreb.com\/index.php\/2026\/03\/17\/le-circuit-culturel-berbere-en-mouvement-decouvrez-le-spectacle-ka-in-a-ales-et-nimes\/#primaryimage"},"thumbnailUrl":"https:\/\/monmaghreb.com\/wp-content\/uploads\/2026\/03\/featured-166.jpg","keywords":["alsenimes","artandperformance","berberculture","franceheritage","lifestyle"],"articleSection":["Histoire &amp; Patrimoine"],"inLanguage":"en-US"},{"@type":"WebPage","@id":"https:\/\/monmaghreb.com\/index.php\/2026\/03\/17\/le-circuit-culturel-berbere-en-mouvement-decouvrez-le-spectacle-ka-in-a-ales-et-nimes\/","url":"https:\/\/monmaghreb.com\/index.php\/2026\/03\/17\/le-circuit-culturel-berbere-en-mouvement-decouvrez-le-spectacle-ka-in-a-ales-et-nimes\/","name":"Le circuit culturel berb\u00e8re en mouvement : d\u00e9couvrez le spec","isPartOf":{"@id":"http:\/\/monmaghreb.com\/#website"},"primaryImageOfPage":{"@id":"https:\/\/monmaghreb.com\/index.php\/2026\/03\/17\/le-circuit-culturel-berbere-en-mouvement-decouvrez-le-spectacle-ka-in-a-ales-et-nimes\/#primaryimage"},"image":{"@id":"https:\/\/monmaghreb.com\/index.php\/2026\/03\/17\/le-circuit-culturel-berbere-en-mouvement-decouvrez-le-spectacle-ka-in-a-ales-et-nimes\/#primaryimage"},"thumbnailUrl":"https:\/\/monmaghreb.com\/wp-content\/uploads\/2026\/03\/featured-166.jpg","datePublished":"2026-03-17T16:19:57+00:00","dateModified":"2026-03-17T16:20:01+00:00","description":"Discover the Berber Cultural Movement: Witness KA-IN Spectacle in Al\u00e8s & N\u00eemes - Preserve and celebrate Berber heritage.","breadcrumb":{"@id":"https:\/\/monmaghreb.com\/index.php\/2026\/03\/17\/le-circuit-culturel-berbere-en-mouvement-decouvrez-le-spectacle-ka-in-a-ales-et-nimes\/#breadcrumb"},"inLanguage":"en-US","potentialAction":[{"@type":"ReadAction","target":["https:\/\/monmaghreb.com\/index.php\/2026\/03\/17\/le-circuit-culturel-berbere-en-mouvement-decouvrez-le-spectacle-ka-in-a-ales-et-nimes\/"]}]},{"@type":"ImageObject","inLanguage":"en-US","@id":"https:\/\/monmaghreb.com\/index.php\/2026\/03\/17\/le-circuit-culturel-berbere-en-mouvement-decouvrez-le-spectacle-ka-in-a-ales-et-nimes\/#primaryimage","url":"https:\/\/monmaghreb.com\/wp-content\/uploads\/2026\/03\/featured-166.jpg","contentUrl":"https:\/\/monmaghreb.com\/wp-content\/uploads\/2026\/03\/featured-166.jpg","width":1880,"height":1253,"caption":"Berber Cultural Movement: KA-IN spectacle in Al\u00e8s and N\u00eemes, featuring traditional Berber music and dance."},{"@type":"BreadcrumbList","@id":"https:\/\/monmaghreb.com\/index.php\/2026\/03\/17\/le-circuit-culturel-berbere-en-mouvement-decouvrez-le-spectacle-ka-in-a-ales-et-nimes\/#breadcrumb","itemListElement":[{"@type":"ListItem","position":1,"name":"Home","item":"http:\/\/monmaghreb.com\/"},{"@type":"ListItem","position":2,"name":"Le circuit culturel berb\u00e8re en mouvement : d\u00e9couvrez le spectacle KA-IN \u00e0 Al\u00e8s et N\u00eemes"}]},{"@type":"WebSite","@id":"http:\/\/monmaghreb.com\/#website","url":"http:\/\/monmaghreb.com\/","name":"Mon Maghreb","description":"MonMaghreb United","publisher":{"@id":"http:\/\/monmaghreb.com\/#organization"},"alternateName":"Le Monde du Maghreb et au del\u00e0","potentialAction":[{"@type":"SearchAction","target":{"@type":"EntryPoint","urlTemplate":"http:\/\/monmaghreb.com\/?s={search_term_string}"},"query-input":{"@type":"PropertyValueSpecification","valueRequired":true,"valueName":"search_term_string"}}],"inLanguage":"en-US"},{"@type":"Organization","@id":"http:\/\/monmaghreb.com\/#organization","name":"Mon Maghreb","url":"http:\/\/monmaghreb.com\/","logo":{"@type":"ImageObject","inLanguage":"en-US","@id":"http:\/\/monmaghreb.com\/#\/schema\/logo\/image\/","url":"https:\/\/monmaghreb.com\/wp-content\/uploads\/2025\/12\/Mon_Maghreb_Logo.jpg","contentUrl":"https:\/\/monmaghreb.com\/wp-content\/uploads\/2025\/12\/Mon_Maghreb_Logo.jpg","width":814,"height":374,"caption":"Mon Maghreb"},"image":{"@id":"http:\/\/monmaghreb.com\/#\/schema\/logo\/image\/"}},{"@type":"Person","@id":"http:\/\/monmaghreb.com\/#\/schema\/person\/c469a89dc8c6b8987dcb438b1200d054","name":"LaMagh","image":{"@type":"ImageObject","inLanguage":"en-US","@id":"https:\/\/secure.gravatar.com\/avatar\/399d8144bd55fba55e056779aca52fe528bac7911f6449e54d81173d6dfd7f0a?s=96&d=mm&r=g","url":"https:\/\/secure.gravatar.com\/avatar\/399d8144bd55fba55e056779aca52fe528bac7911f6449e54d81173d6dfd7f0a?s=96&d=mm&r=g","contentUrl":"https:\/\/secure.gravatar.com\/avatar\/399d8144bd55fba55e056779aca52fe528bac7911f6449e54d81173d6dfd7f0a?s=96&d=mm&r=g","caption":"LaMagh"},"sameAs":["https:\/\/monmaghreb.com","https:\/\/www.facebook.com\/monmaghrebcom","https:\/\/x.com\/MMaghreb50977"],"url":"https:\/\/monmaghreb.com\/index.php\/author\/lamagh\/"}]}},"_links":{"self":[{"href":"https:\/\/monmaghreb.com\/index.php\/wp-json\/wp\/v2\/posts\/1362","targetHints":{"allow":["GET"]}}],"collection":[{"href":"https:\/\/monmaghreb.com\/index.php\/wp-json\/wp\/v2\/posts"}],"about":[{"href":"https:\/\/monmaghreb.com\/index.php\/wp-json\/wp\/v2\/types\/post"}],"author":[{"embeddable":true,"href":"https:\/\/monmaghreb.com\/index.php\/wp-json\/wp\/v2\/users\/1"}],"replies":[{"embeddable":true,"href":"https:\/\/monmaghreb.com\/index.php\/wp-json\/wp\/v2\/comments?post=1362"}],"version-history":[{"count":2,"href":"https:\/\/monmaghreb.com\/index.php\/wp-json\/wp\/v2\/posts\/1362\/revisions"}],"predecessor-version":[{"id":1383,"href":"https:\/\/monmaghreb.com\/index.php\/wp-json\/wp\/v2\/posts\/1362\/revisions\/1383"}],"wp:featuredmedia":[{"embeddable":true,"href":"https:\/\/monmaghreb.com\/index.php\/wp-json\/wp\/v2\/media\/1361"}],"wp:attachment":[{"href":"https:\/\/monmaghreb.com\/index.php\/wp-json\/wp\/v2\/media?parent=1362"}],"wp:term":[{"taxonomy":"category","embeddable":true,"href":"https:\/\/monmaghreb.com\/index.php\/wp-json\/wp\/v2\/categories?post=1362"},{"taxonomy":"post_tag","embeddable":true,"href":"https:\/\/monmaghreb.com\/index.php\/wp-json\/wp\/v2\/tags?post=1362"}],"curies":[{"name":"wp","href":"https:\/\/api.w.org\/{rel}","templated":true}]}}