{"id":1403,"date":"2026-03-18T04:28:53","date_gmt":"2026-03-18T04:28:53","guid":{"rendered":"https:\/\/monmaghreb.com\/index.php\/2026\/03\/18\/yennayer-les-traditions-croyances-et-legendes-ancestrales-des-amazighs\/"},"modified":"2026-03-18T04:28:59","modified_gmt":"2026-03-18T04:28:59","slug":"yennayer-les-traditions-croyances-et-legendes-ancestrales-des-amazighs","status":"publish","type":"post","link":"https:\/\/monmaghreb.com\/index.php\/2026\/03\/18\/yennayer-les-traditions-croyances-et-legendes-ancestrales-des-amazighs\/","title":{"rendered":"Yennayer : les traditions, croyances et l\u00e9gendes ancestrales des Amazighs"},"content":{"rendered":"<p><!DOCTYPE html><br \/>\n<html lang='fr'><br \/>\n<head><br \/>\n  <meta charset='UTF-8'><br \/>\n  <meta name='viewport' content='width=device-width, initial-scale=1.0'><br \/>\n  <title>Yennayer : les traditions, croyances et l\u00e9gendes ancestrales des Amazighs<\/title><br \/>\n<\/head><br \/>\n<body><\/p>\n<h1>Yennayer : les traditions, croyances et l\u00e9gendes ancestrales des Amazighs<\/h1>\n<p>Le 12 janvier est la date de Yennayer, la nouvelle ann\u00e9e traditionnelle des Amazighs. Cette f\u00eate marque l&#8217;entr\u00e9e d&#8217;un nouveau cycle dans le calendrier lunaire berb\u00e8re et repr\u00e9sente une occasion pour les Amazighs de la diaspora de se rassembler et de c\u00e9l\u00e9brer leurs racines culturelles ancestrales.<\/p>\n<h2>Histoire et origine de Yennayer<\/h2>\n<p>La date exacte de l&#8217;origine de Yennayer est inconnue, mais la f\u00eate peut \u00eatre remont\u00e9e \u00e0 des milliers d&#8217;ann\u00e9es avant notre \u00e8re. Elle marque la fin de la p\u00e9riode agricole et le d\u00e9but du nouveau cycle. L&#8217;importance de Yennayer pour les Amazighs s&#8217;explique par le caract\u00e8re cyclique de leur calendrier lunaire, qui permet aux communaut\u00e9s berb\u00e8res d&#8217;adapter leur agriculture \u00e0 la lune.<\/p>\n<p>Le terme \u00ab Yennayer \u00bb signifie \u00ab naissance \u00bb ou \u00ab renaissance \u00bb, et cette f\u00eate est consid\u00e9r\u00e9e comme le point de d\u00e9part du calendrier lunaire berb\u00e8re. La date exacte varie chaque ann\u00e9e, car elle suit la lune plut\u00f4t que le soleil.<\/p>\n<p>Dans le pass\u00e9, Yennayer \u00e9tait une occasion pour les Amazighs d&#8217;effectuer des rites de purification et d&#8217;inviter la prosp\u00e9rit\u00e9 \u00e0 leur communaut\u00e9. Les c\u00e9r\u00e9monies \u00e9taient souvent accompagn\u00e9es de danses traditionnelles et de chants.<\/p>\n<h2>Croyances et pratiques religieuses<\/h2>\n<p>Les Amazighs c\u00e9l\u00e9brant Yennayer ont souvent un certain nombre de rites et pratiques religieuses en lien avec la nouvelle ann\u00e9e. Par exemple, certains \u00e9changeaient des cadeaux pour symboliser le renouvellement de leurs liens sociaux et leur amiti\u00e9. D&#8217;autres effectuaient des offrandes \u00e0 des divinit\u00e9s protectrices pour demander une bonne r\u00e9colte.<\/p>\n<p>Les Amazighs consid\u00e8rent Yennayer comme un moment important pour se rassembler en famille ou en communaut\u00e9, et beaucoup font de grandes efforts pour c\u00e9l\u00e9brer la f\u00eate avec des d\u00e9corations et des repas traditionnels.<\/p>\n<h2>L\u00e9gendes et histoires associ\u00e9es \u00e0 Yennayer<\/h2>\n<p>Il existe de nombreuses l\u00e9gendes et histoires associ\u00e9es \u00e0 Yennayer, qui varient selon les communaut\u00e9s berb\u00e8res. Certaines l\u00e9gendes racontent des \u00e9v\u00e9nements historiques importants ou des h\u00e9ros mythologiques qui ont jou\u00e9 un r\u00f4le dans la vie des Amazighs.<\/p>\n<p>Un exemple de cette l\u00e9gende est l&#8217;histoire d&#8217;A\u00eft A\u00efcha, une femme amazighe qui a men\u00e9 une insurrection contre les Romains et a sauv\u00e9 son peuple. Cette l\u00e9gende est souvent racont\u00e9e pendant la p\u00e9riode de Yennayer.<\/p>\n<p>Les Amazighs croient \u00e9galement en l&#8217;existence d&#8217;esprits, des entit\u00e9s surnaturelles qui peuplent leur monde. Beaucoup ont une vision sp\u00e9cifique de la nature et du monde, et leurs croyances et l\u00e9gendes sont souvent profond\u00e9ment imbriqu\u00e9es dans leurs traditions et pratiques.<\/p>\n<h2>C\u00e9l\u00e9brations contemporaines de Yennayer<\/h2>\n<p>Les Amazighs c\u00e9l\u00e9brant Yennayer ont de nombreuses pratiques contemporaines, qui r\u00e9pondent aux besoins et aux int\u00e9r\u00eats de leurs communaut\u00e9s. Certaines communaut\u00e9s organisent des f\u00eates publiques pour marquer la nouvelle ann\u00e9e, avec du chant, de la danse et des repas traditionnels.<\/p>\n<p>Les Amazighs ont \u00e9galement d\u00e9velopp\u00e9 des pratiques artistiques sp\u00e9cifiques pour c\u00e9l\u00e9brer Yennayer. Par exemple, certains peintres cr\u00e9ent des \u0153uvres inspir\u00e9es par les l\u00e9gendes et les histoires associ\u00e9es \u00e0 la f\u00eate.<\/p>\n<p>La diaspora amazighe a \u00e9galement d\u00e9velopp\u00e9 des pratiques de comm\u00e9moration pour Yennayer en dehors du Maghreb. Dans certaines communaut\u00e9s, il existe des associations culturelles qui organisent des \u00e9v\u00e9nements pour c\u00e9l\u00e9brer la f\u00eate et pour promouvoir la culture berb\u00e8re.<\/p>\n<h2>Appel \u00e0 l&#8217;action<\/h2>\n<p>En tant que lecteurs de cette page, nous vous invitons \u00e0 participer aux efforts de preservation et de promotion de la culture berb\u00e8re. Si vous connaissez une l\u00e9gende ou une histoire associ\u00e9e \u00e0 Yennayer, partagez-la avec votre communaut\u00e9. Si vous \u00eates int\u00e9ress\u00e9s par les traditions amazighes, prenez le temps d&#8217;apprendre plus sur ces croyances et pratiques.<\/p>\n<p>Les Amazighs ont une histoire et une culture riche qui se refl\u00e8te dans leurs f\u00eates traditionnelles, leur religion et leur art. En participant \u00e0 ces \u00e9v\u00e9nements et en apprenant plus sur cette culture, vous contribuez \u00e0 sa conservation et \u00e0 son \u00e9panouissement.<\/p>\n<p>Au cours des si\u00e8cles, les Amazighs ont pr\u00e9serv\u00e9 leurs traditions et leur culture en d\u00e9pit de la pression des puissances coloniales. Les c\u00e9l\u00e9brations de Yennayer sont un t\u00e9moignage de leur r\u00e9silience et de leur attachement \u00e0 leurs racines.<\/p>\n<p>Les l\u00e9gendes et les histoires associ\u00e9es \u00e0 Yennayer ont \u00e9galement une importance cruciale dans la transmission de la culture berb\u00e8re. Les jeunes Amazighs apprennent ainsi l&#8217;histoire de leur peuple et se sentent connect\u00e9s \u00e0 leurs anc\u00eatres.<\/p>\n<p>En fin d&#8217;article, nous vous demandons de soutenir les initiatives qui visent \u00e0 promouvoir la culture berb\u00e8re et \u00e0 pr\u00e9server ses traditions. Les Amazighs ont besoin de votre aide pour pr\u00e9server leur identit\u00e9 <a href=\"https:\/\/monmaghreb.com\/index.php\/2026\/03\/13\/le-nouvel-an-amazigh-festif-a-chateau-thierry-une-fete-culturelle-joyeuse-et-remarquable\/\" title=\"Le nouvel an amazigh festif \u00e0 Ch\u00e2teau-Thierry : une f\u00eate culturelle joyeuse et remarquable\">culturelle<\/a> et leur patrimoine.<\/p>\n<div style=\"background:#f8f9fa;border-left:4px solid #0066cc;border-radius:6px;padding:20px 24px;margin:32px 0;\">\n<p style=\"font-size:13px;color:#888;text-transform:uppercase;letter-spacing:0.8px;margin:0 0 6px 0;\">Vous pourriez aussi aimer<\/p>\n<h3 style=\"font-size:18px;margin:0 0 14px 0;color:#222;\">Articles similaires<\/h3>\n<ul style=\"margin:0;padding-left:20px;list-style:disc;\">\n<li style=\"margin-bottom:10px;\"><a href=\"https:\/\/monmaghreb.com\/index.php\/2026\/03\/13\/le-nouvel-an-amazigh-festif-a-chateau-thierry-une-fete-culturelle-joyeuse-et-remarquable\/\" style=\"color:#0066cc;text-decoration:none;font-weight:500;\" title=\"Le nouvel an amazigh festif \u00e0 Ch\u00e2teau-Thierry : une f\u00eate culturelle joyeuse et remarquable\">Le nouvel an amazigh festif \u00e0 Ch\u00e2teau-Thierry : une f\u00eate culturelle joyeuse et remarquable<\/a><\/li>\n<li style=\"margin-bottom:10px;\"><a href=\"https:\/\/monmaghreb.com\/index.php\/2026\/03\/16\/ftour-2026-decouvrez-plus-de-100-recettes-maghrebines-a-tester\/\" style=\"color:#0066cc;text-decoration:none;font-weight:500;\" title=\"Ftour 2026 : D\u00e9couvrez plus de 100 recettes maghr\u00e9bines \u00e0 tester\">Ftour 2026 : D\u00e9couvrez plus de 100 recettes maghr\u00e9bines \u00e0 tester<\/a><\/li>\n<li style=\"margin-bottom:10px;\"><a href=\"https:\/\/monmaghreb.com\/index.php\/2026\/03\/13\/le-nouvel-an-amazigh-festif-a-chateau-thierry-une-fete-culturelle-joyeuse-et-remarquable-2\/\" style=\"color:#0066cc;text-decoration:none;font-weight:500;\" title=\"Le nouvel an amazigh festif \u00e0 Ch\u00e2teau-Thierry : une f\u00eate culturelle joyeuse et remarquable\">Le nouvel an amazigh festif \u00e0 Ch\u00e2teau-Thierry : une f\u00eate culturelle joyeuse et remarquable<\/a><\/li>\n<li style=\"margin-bottom:10px;\"><a href=\"https:\/\/monmaghreb.com\/index.php\/2026\/03\/17\/lartisanat-tunisien-brille-a-tokyo-au-salon-interior-lifestyle-2025-un-evenement-historique-pour-la-diaspora-maghrebine\/\" style=\"color:#0066cc;text-decoration:none;font-weight:500;\" title=\"L&#8217;artisanat tunisien brille \u00e0 Tokyo au salon Interior Lifestyle 2025 : un \u00e9v\u00e9nement historique pour la diaspora maghr\u00e9bine\">L&#8217;artisanat tunisien brille \u00e0 Tokyo au salon Interior Lifestyle 2025 : un \u00e9v\u00e9nement historique pour la diaspora maghr\u00e9bine<\/a><\/li>\n<li style=\"margin-bottom:10px;\"><a href=\"https:\/\/monmaghreb.com\/index.php\/2026\/03\/16\/fontainebleau-celebre-la-mode-marocaine-avec-son-festival-de-lhistoire-de-lart\/\" style=\"color:#0066cc;text-decoration:none;font-weight:500;\" title=\"Fontainebleau c\u00e9l\u00e8bre la mode marocaine avec son Festival de l\u2019histoire de l&#8217;art\">Fontainebleau c\u00e9l\u00e8bre la mode marocaine avec son Festival de l\u2019histoire de l&#8217;art<\/a><\/li>\n<\/ul>\n<\/div>\n<p><\/body><br \/>\n<\/html><\/p>\n","protected":false},"excerpt":{"rendered":"<p>Celebrate ancient Amazigh traditions with Yennayer, the Berber New Year! Discover cultural roots &#038; festivities. Join the diaspora&#8217;s gathering.<\/p>\n","protected":false},"author":1,"featured_media":1402,"comment_status":"closed","ping_status":"open","sticky":false,"template":"","format":"standard","meta":{"_yoast_wpseo_focuskw":"yennayer amazigh traditions","_yoast_wpseo_title":"Yennayer : les traditions, croyances et l\u00e9gendes ancestrales","_yoast_wpseo_metadesc":"Celebrate ancient Amazigh traditions with Yennayer, the Berber New Year! Discover cultural roots & festivities. Join the diaspora's gathering.","_yoast_wpseo_canonical":"","_yoast_wpseo_opengraph-title":"Yennayer : les traditions, croyances et l\u00e9gendes ancestrales des Amazighs","_yoast_wpseo_opengraph-description":"Celebrate ancient Amazigh traditions with Yennayer, the Berber New Year! Discover cultural roots & festivities. Join the diaspora's gathering.","_yoast_wpseo_opengraph-image":"","tdm_status":"","tdm_grid_status":"","footnotes":""},"categories":[652],"tags":[863,1051,1054,1053,1052],"class_list":["post-1403","post","type-post","status-publish","format-standard","has-post-thumbnail","hentry","category-histoire-patrimoine","tag-amazigh-culture","tag-berber-new-year","tag-cultural-festival","tag-diaspora-event","tag-north-africa-heritage"],"yoast_head":"<!-- This site is optimized with the Yoast SEO plugin v27.5 - https:\/\/yoast.com\/product\/yoast-seo-wordpress\/ -->\n<title>Yennayer : les traditions, croyances et l\u00e9gendes ancestrales<\/title>\n<meta name=\"description\" content=\"Celebrate ancient Amazigh traditions with Yennayer, the Berber New Year! Discover cultural roots &amp; festivities. Join the diaspora&#039;s gathering.\" \/>\n<meta name=\"robots\" content=\"index, follow, max-snippet:-1, max-image-preview:large, max-video-preview:-1\" \/>\n<link rel=\"canonical\" href=\"https:\/\/monmaghreb.com\/index.php\/2026\/03\/18\/yennayer-les-traditions-croyances-et-legendes-ancestrales-des-amazighs\/\" \/>\n<meta property=\"og:locale\" content=\"en_US\" \/>\n<meta property=\"og:type\" content=\"article\" \/>\n<meta property=\"og:title\" content=\"Yennayer : les traditions, croyances et l\u00e9gendes ancestrales des Amazighs\" \/>\n<meta property=\"og:description\" content=\"Celebrate ancient Amazigh traditions with Yennayer, the Berber New Year! Discover cultural roots &amp; festivities. Join the diaspora&#039;s gathering.\" \/>\n<meta property=\"og:url\" content=\"https:\/\/monmaghreb.com\/index.php\/2026\/03\/18\/yennayer-les-traditions-croyances-et-legendes-ancestrales-des-amazighs\/\" \/>\n<meta property=\"og:site_name\" content=\"Mon Maghreb\" \/>\n<meta property=\"article:author\" content=\"https:\/\/www.facebook.com\/monmaghrebcom\" \/>\n<meta property=\"article:published_time\" content=\"2026-03-18T04:28:53+00:00\" \/>\n<meta property=\"article:modified_time\" content=\"2026-03-18T04:28:59+00:00\" \/>\n<meta property=\"og:image\" content=\"https:\/\/monmaghreb.com\/wp-content\/uploads\/2026\/03\/featured-168.jpg\" \/>\n\t<meta property=\"og:image:width\" content=\"1880\" \/>\n\t<meta property=\"og:image:height\" content=\"1058\" \/>\n\t<meta property=\"og:image:type\" content=\"image\/jpeg\" \/>\n<meta name=\"author\" content=\"LaMagh\" \/>\n<meta name=\"twitter:card\" content=\"summary_large_image\" \/>\n<meta name=\"twitter:creator\" content=\"@MMaghreb50977\" \/>\n<meta name=\"twitter:label1\" content=\"Written by\" \/>\n\t<meta name=\"twitter:data1\" content=\"LaMagh\" \/>\n\t<meta name=\"twitter:label2\" content=\"Est. reading time\" \/>\n\t<meta name=\"twitter:data2\" content=\"4 minutes\" \/>\n<script type=\"application\/ld+json\" class=\"yoast-schema-graph\">{\"@context\":\"https:\\\/\\\/schema.org\",\"@graph\":[{\"@type\":\"Article\",\"@id\":\"https:\\\/\\\/monmaghreb.com\\\/index.php\\\/2026\\\/03\\\/18\\\/yennayer-les-traditions-croyances-et-legendes-ancestrales-des-amazighs\\\/#article\",\"isPartOf\":{\"@id\":\"https:\\\/\\\/monmaghreb.com\\\/index.php\\\/2026\\\/03\\\/18\\\/yennayer-les-traditions-croyances-et-legendes-ancestrales-des-amazighs\\\/\"},\"author\":{\"name\":\"LaMagh\",\"@id\":\"http:\\\/\\\/monmaghreb.com\\\/#\\\/schema\\\/person\\\/c469a89dc8c6b8987dcb438b1200d054\"},\"headline\":\"Yennayer : les traditions, croyances et l\u00e9gendes ancestrales des Amazighs\",\"datePublished\":\"2026-03-18T04:28:53+00:00\",\"dateModified\":\"2026-03-18T04:28:59+00:00\",\"mainEntityOfPage\":{\"@id\":\"https:\\\/\\\/monmaghreb.com\\\/index.php\\\/2026\\\/03\\\/18\\\/yennayer-les-traditions-croyances-et-legendes-ancestrales-des-amazighs\\\/\"},\"wordCount\":924,\"publisher\":{\"@id\":\"http:\\\/\\\/monmaghreb.com\\\/#organization\"},\"image\":{\"@id\":\"https:\\\/\\\/monmaghreb.com\\\/index.php\\\/2026\\\/03\\\/18\\\/yennayer-les-traditions-croyances-et-legendes-ancestrales-des-amazighs\\\/#primaryimage\"},\"thumbnailUrl\":\"https:\\\/\\\/monmaghreb.com\\\/wp-content\\\/uploads\\\/2026\\\/03\\\/featured-168.jpg\",\"keywords\":[\"amazigh culture\",\"berber new year\",\"cultural festival\",\"diaspora event\",\"north africa heritage\"],\"articleSection\":[\"Histoire &amp; Patrimoine\"],\"inLanguage\":\"en-US\"},{\"@type\":\"WebPage\",\"@id\":\"https:\\\/\\\/monmaghreb.com\\\/index.php\\\/2026\\\/03\\\/18\\\/yennayer-les-traditions-croyances-et-legendes-ancestrales-des-amazighs\\\/\",\"url\":\"https:\\\/\\\/monmaghreb.com\\\/index.php\\\/2026\\\/03\\\/18\\\/yennayer-les-traditions-croyances-et-legendes-ancestrales-des-amazighs\\\/\",\"name\":\"Yennayer : les traditions, croyances et l\u00e9gendes ancestrales\",\"isPartOf\":{\"@id\":\"http:\\\/\\\/monmaghreb.com\\\/#website\"},\"primaryImageOfPage\":{\"@id\":\"https:\\\/\\\/monmaghreb.com\\\/index.php\\\/2026\\\/03\\\/18\\\/yennayer-les-traditions-croyances-et-legendes-ancestrales-des-amazighs\\\/#primaryimage\"},\"image\":{\"@id\":\"https:\\\/\\\/monmaghreb.com\\\/index.php\\\/2026\\\/03\\\/18\\\/yennayer-les-traditions-croyances-et-legendes-ancestrales-des-amazighs\\\/#primaryimage\"},\"thumbnailUrl\":\"https:\\\/\\\/monmaghreb.com\\\/wp-content\\\/uploads\\\/2026\\\/03\\\/featured-168.jpg\",\"datePublished\":\"2026-03-18T04:28:53+00:00\",\"dateModified\":\"2026-03-18T04:28:59+00:00\",\"description\":\"Celebrate ancient Amazigh traditions with Yennayer, the Berber New Year! Discover cultural roots & festivities. Join the diaspora's gathering.\",\"breadcrumb\":{\"@id\":\"https:\\\/\\\/monmaghreb.com\\\/index.php\\\/2026\\\/03\\\/18\\\/yennayer-les-traditions-croyances-et-legendes-ancestrales-des-amazighs\\\/#breadcrumb\"},\"inLanguage\":\"en-US\",\"potentialAction\":[{\"@type\":\"ReadAction\",\"target\":[\"https:\\\/\\\/monmaghreb.com\\\/index.php\\\/2026\\\/03\\\/18\\\/yennayer-les-traditions-croyances-et-legendes-ancestrales-des-amazighs\\\/\"]}]},{\"@type\":\"ImageObject\",\"inLanguage\":\"en-US\",\"@id\":\"https:\\\/\\\/monmaghreb.com\\\/index.php\\\/2026\\\/03\\\/18\\\/yennayer-les-traditions-croyances-et-legendes-ancestrales-des-amazighs\\\/#primaryimage\",\"url\":\"https:\\\/\\\/monmaghreb.com\\\/wp-content\\\/uploads\\\/2026\\\/03\\\/featured-168.jpg\",\"contentUrl\":\"https:\\\/\\\/monmaghreb.com\\\/wp-content\\\/uploads\\\/2026\\\/03\\\/featured-168.jpg\",\"width\":1880,\"height\":1058,\"caption\":\"Amazigh family gathering for Yennayer traditional celebrations in North Africa\"},{\"@type\":\"BreadcrumbList\",\"@id\":\"https:\\\/\\\/monmaghreb.com\\\/index.php\\\/2026\\\/03\\\/18\\\/yennayer-les-traditions-croyances-et-legendes-ancestrales-des-amazighs\\\/#breadcrumb\",\"itemListElement\":[{\"@type\":\"ListItem\",\"position\":1,\"name\":\"Home\",\"item\":\"http:\\\/\\\/monmaghreb.com\\\/\"},{\"@type\":\"ListItem\",\"position\":2,\"name\":\"Yennayer : les traditions, croyances et l\u00e9gendes ancestrales des Amazighs\"}]},{\"@type\":\"WebSite\",\"@id\":\"http:\\\/\\\/monmaghreb.com\\\/#website\",\"url\":\"http:\\\/\\\/monmaghreb.com\\\/\",\"name\":\"Mon Maghreb\",\"description\":\"MonMaghreb United\",\"publisher\":{\"@id\":\"http:\\\/\\\/monmaghreb.com\\\/#organization\"},\"alternateName\":\"Le Monde du Maghreb et au del\u00e0\",\"potentialAction\":[{\"@type\":\"SearchAction\",\"target\":{\"@type\":\"EntryPoint\",\"urlTemplate\":\"http:\\\/\\\/monmaghreb.com\\\/?s={search_term_string}\"},\"query-input\":{\"@type\":\"PropertyValueSpecification\",\"valueRequired\":true,\"valueName\":\"search_term_string\"}}],\"inLanguage\":\"en-US\"},{\"@type\":\"Organization\",\"@id\":\"http:\\\/\\\/monmaghreb.com\\\/#organization\",\"name\":\"Mon Maghreb\",\"url\":\"http:\\\/\\\/monmaghreb.com\\\/\",\"logo\":{\"@type\":\"ImageObject\",\"inLanguage\":\"en-US\",\"@id\":\"http:\\\/\\\/monmaghreb.com\\\/#\\\/schema\\\/logo\\\/image\\\/\",\"url\":\"https:\\\/\\\/monmaghreb.com\\\/wp-content\\\/uploads\\\/2025\\\/12\\\/Mon_Maghreb_Logo.jpg\",\"contentUrl\":\"https:\\\/\\\/monmaghreb.com\\\/wp-content\\\/uploads\\\/2025\\\/12\\\/Mon_Maghreb_Logo.jpg\",\"width\":814,\"height\":374,\"caption\":\"Mon Maghreb\"},\"image\":{\"@id\":\"http:\\\/\\\/monmaghreb.com\\\/#\\\/schema\\\/logo\\\/image\\\/\"}},{\"@type\":\"Person\",\"@id\":\"http:\\\/\\\/monmaghreb.com\\\/#\\\/schema\\\/person\\\/c469a89dc8c6b8987dcb438b1200d054\",\"name\":\"LaMagh\",\"image\":{\"@type\":\"ImageObject\",\"inLanguage\":\"en-US\",\"@id\":\"https:\\\/\\\/secure.gravatar.com\\\/avatar\\\/399d8144bd55fba55e056779aca52fe528bac7911f6449e54d81173d6dfd7f0a?s=96&d=mm&r=g\",\"url\":\"https:\\\/\\\/secure.gravatar.com\\\/avatar\\\/399d8144bd55fba55e056779aca52fe528bac7911f6449e54d81173d6dfd7f0a?s=96&d=mm&r=g\",\"contentUrl\":\"https:\\\/\\\/secure.gravatar.com\\\/avatar\\\/399d8144bd55fba55e056779aca52fe528bac7911f6449e54d81173d6dfd7f0a?s=96&d=mm&r=g\",\"caption\":\"LaMagh\"},\"sameAs\":[\"https:\\\/\\\/monmaghreb.com\",\"https:\\\/\\\/www.facebook.com\\\/monmaghrebcom\",\"https:\\\/\\\/x.com\\\/MMaghreb50977\"],\"url\":\"https:\\\/\\\/monmaghreb.com\\\/index.php\\\/author\\\/lamagh\\\/\"}]}<\/script>\n<!-- \/ Yoast SEO plugin. -->","yoast_head_json":{"title":"Yennayer : les traditions, croyances et l\u00e9gendes ancestrales","description":"Celebrate ancient Amazigh traditions with Yennayer, the Berber New Year! Discover cultural roots & festivities. Join the diaspora's gathering.","robots":{"index":"index","follow":"follow","max-snippet":"max-snippet:-1","max-image-preview":"max-image-preview:large","max-video-preview":"max-video-preview:-1"},"canonical":"https:\/\/monmaghreb.com\/index.php\/2026\/03\/18\/yennayer-les-traditions-croyances-et-legendes-ancestrales-des-amazighs\/","og_locale":"en_US","og_type":"article","og_title":"Yennayer : les traditions, croyances et l\u00e9gendes ancestrales des Amazighs","og_description":"Celebrate ancient Amazigh traditions with Yennayer, the Berber New Year! Discover cultural roots & festivities. Join the diaspora's gathering.","og_url":"https:\/\/monmaghreb.com\/index.php\/2026\/03\/18\/yennayer-les-traditions-croyances-et-legendes-ancestrales-des-amazighs\/","og_site_name":"Mon Maghreb","article_author":"https:\/\/www.facebook.com\/monmaghrebcom","article_published_time":"2026-03-18T04:28:53+00:00","article_modified_time":"2026-03-18T04:28:59+00:00","og_image":[{"width":1880,"height":1058,"url":"https:\/\/monmaghreb.com\/wp-content\/uploads\/2026\/03\/featured-168.jpg","type":"image\/jpeg"}],"author":"LaMagh","twitter_card":"summary_large_image","twitter_creator":"@MMaghreb50977","twitter_misc":{"Written by":"LaMagh","Est. reading time":"4 minutes"},"schema":{"@context":"https:\/\/schema.org","@graph":[{"@type":"Article","@id":"https:\/\/monmaghreb.com\/index.php\/2026\/03\/18\/yennayer-les-traditions-croyances-et-legendes-ancestrales-des-amazighs\/#article","isPartOf":{"@id":"https:\/\/monmaghreb.com\/index.php\/2026\/03\/18\/yennayer-les-traditions-croyances-et-legendes-ancestrales-des-amazighs\/"},"author":{"name":"LaMagh","@id":"http:\/\/monmaghreb.com\/#\/schema\/person\/c469a89dc8c6b8987dcb438b1200d054"},"headline":"Yennayer : les traditions, croyances et l\u00e9gendes ancestrales des Amazighs","datePublished":"2026-03-18T04:28:53+00:00","dateModified":"2026-03-18T04:28:59+00:00","mainEntityOfPage":{"@id":"https:\/\/monmaghreb.com\/index.php\/2026\/03\/18\/yennayer-les-traditions-croyances-et-legendes-ancestrales-des-amazighs\/"},"wordCount":924,"publisher":{"@id":"http:\/\/monmaghreb.com\/#organization"},"image":{"@id":"https:\/\/monmaghreb.com\/index.php\/2026\/03\/18\/yennayer-les-traditions-croyances-et-legendes-ancestrales-des-amazighs\/#primaryimage"},"thumbnailUrl":"https:\/\/monmaghreb.com\/wp-content\/uploads\/2026\/03\/featured-168.jpg","keywords":["amazigh culture","berber new year","cultural festival","diaspora event","north africa heritage"],"articleSection":["Histoire &amp; Patrimoine"],"inLanguage":"en-US"},{"@type":"WebPage","@id":"https:\/\/monmaghreb.com\/index.php\/2026\/03\/18\/yennayer-les-traditions-croyances-et-legendes-ancestrales-des-amazighs\/","url":"https:\/\/monmaghreb.com\/index.php\/2026\/03\/18\/yennayer-les-traditions-croyances-et-legendes-ancestrales-des-amazighs\/","name":"Yennayer : les traditions, croyances et l\u00e9gendes ancestrales","isPartOf":{"@id":"http:\/\/monmaghreb.com\/#website"},"primaryImageOfPage":{"@id":"https:\/\/monmaghreb.com\/index.php\/2026\/03\/18\/yennayer-les-traditions-croyances-et-legendes-ancestrales-des-amazighs\/#primaryimage"},"image":{"@id":"https:\/\/monmaghreb.com\/index.php\/2026\/03\/18\/yennayer-les-traditions-croyances-et-legendes-ancestrales-des-amazighs\/#primaryimage"},"thumbnailUrl":"https:\/\/monmaghreb.com\/wp-content\/uploads\/2026\/03\/featured-168.jpg","datePublished":"2026-03-18T04:28:53+00:00","dateModified":"2026-03-18T04:28:59+00:00","description":"Celebrate ancient Amazigh traditions with Yennayer, the Berber New Year! Discover cultural roots & festivities. Join the diaspora's gathering.","breadcrumb":{"@id":"https:\/\/monmaghreb.com\/index.php\/2026\/03\/18\/yennayer-les-traditions-croyances-et-legendes-ancestrales-des-amazighs\/#breadcrumb"},"inLanguage":"en-US","potentialAction":[{"@type":"ReadAction","target":["https:\/\/monmaghreb.com\/index.php\/2026\/03\/18\/yennayer-les-traditions-croyances-et-legendes-ancestrales-des-amazighs\/"]}]},{"@type":"ImageObject","inLanguage":"en-US","@id":"https:\/\/monmaghreb.com\/index.php\/2026\/03\/18\/yennayer-les-traditions-croyances-et-legendes-ancestrales-des-amazighs\/#primaryimage","url":"https:\/\/monmaghreb.com\/wp-content\/uploads\/2026\/03\/featured-168.jpg","contentUrl":"https:\/\/monmaghreb.com\/wp-content\/uploads\/2026\/03\/featured-168.jpg","width":1880,"height":1058,"caption":"Amazigh family gathering for Yennayer traditional celebrations in North Africa"},{"@type":"BreadcrumbList","@id":"https:\/\/monmaghreb.com\/index.php\/2026\/03\/18\/yennayer-les-traditions-croyances-et-legendes-ancestrales-des-amazighs\/#breadcrumb","itemListElement":[{"@type":"ListItem","position":1,"name":"Home","item":"http:\/\/monmaghreb.com\/"},{"@type":"ListItem","position":2,"name":"Yennayer : les traditions, croyances et l\u00e9gendes ancestrales des Amazighs"}]},{"@type":"WebSite","@id":"http:\/\/monmaghreb.com\/#website","url":"http:\/\/monmaghreb.com\/","name":"Mon Maghreb","description":"MonMaghreb United","publisher":{"@id":"http:\/\/monmaghreb.com\/#organization"},"alternateName":"Le Monde du Maghreb et au del\u00e0","potentialAction":[{"@type":"SearchAction","target":{"@type":"EntryPoint","urlTemplate":"http:\/\/monmaghreb.com\/?s={search_term_string}"},"query-input":{"@type":"PropertyValueSpecification","valueRequired":true,"valueName":"search_term_string"}}],"inLanguage":"en-US"},{"@type":"Organization","@id":"http:\/\/monmaghreb.com\/#organization","name":"Mon Maghreb","url":"http:\/\/monmaghreb.com\/","logo":{"@type":"ImageObject","inLanguage":"en-US","@id":"http:\/\/monmaghreb.com\/#\/schema\/logo\/image\/","url":"https:\/\/monmaghreb.com\/wp-content\/uploads\/2025\/12\/Mon_Maghreb_Logo.jpg","contentUrl":"https:\/\/monmaghreb.com\/wp-content\/uploads\/2025\/12\/Mon_Maghreb_Logo.jpg","width":814,"height":374,"caption":"Mon Maghreb"},"image":{"@id":"http:\/\/monmaghreb.com\/#\/schema\/logo\/image\/"}},{"@type":"Person","@id":"http:\/\/monmaghreb.com\/#\/schema\/person\/c469a89dc8c6b8987dcb438b1200d054","name":"LaMagh","image":{"@type":"ImageObject","inLanguage":"en-US","@id":"https:\/\/secure.gravatar.com\/avatar\/399d8144bd55fba55e056779aca52fe528bac7911f6449e54d81173d6dfd7f0a?s=96&d=mm&r=g","url":"https:\/\/secure.gravatar.com\/avatar\/399d8144bd55fba55e056779aca52fe528bac7911f6449e54d81173d6dfd7f0a?s=96&d=mm&r=g","contentUrl":"https:\/\/secure.gravatar.com\/avatar\/399d8144bd55fba55e056779aca52fe528bac7911f6449e54d81173d6dfd7f0a?s=96&d=mm&r=g","caption":"LaMagh"},"sameAs":["https:\/\/monmaghreb.com","https:\/\/www.facebook.com\/monmaghrebcom","https:\/\/x.com\/MMaghreb50977"],"url":"https:\/\/monmaghreb.com\/index.php\/author\/lamagh\/"}]}},"_links":{"self":[{"href":"https:\/\/monmaghreb.com\/index.php\/wp-json\/wp\/v2\/posts\/1403","targetHints":{"allow":["GET"]}}],"collection":[{"href":"https:\/\/monmaghreb.com\/index.php\/wp-json\/wp\/v2\/posts"}],"about":[{"href":"https:\/\/monmaghreb.com\/index.php\/wp-json\/wp\/v2\/types\/post"}],"author":[{"embeddable":true,"href":"https:\/\/monmaghreb.com\/index.php\/wp-json\/wp\/v2\/users\/1"}],"replies":[{"embeddable":true,"href":"https:\/\/monmaghreb.com\/index.php\/wp-json\/wp\/v2\/comments?post=1403"}],"version-history":[{"count":1,"href":"https:\/\/monmaghreb.com\/index.php\/wp-json\/wp\/v2\/posts\/1403\/revisions"}],"predecessor-version":[{"id":1404,"href":"https:\/\/monmaghreb.com\/index.php\/wp-json\/wp\/v2\/posts\/1403\/revisions\/1404"}],"wp:featuredmedia":[{"embeddable":true,"href":"https:\/\/monmaghreb.com\/index.php\/wp-json\/wp\/v2\/media\/1402"}],"wp:attachment":[{"href":"https:\/\/monmaghreb.com\/index.php\/wp-json\/wp\/v2\/media?parent=1403"}],"wp:term":[{"taxonomy":"category","embeddable":true,"href":"https:\/\/monmaghreb.com\/index.php\/wp-json\/wp\/v2\/categories?post=1403"},{"taxonomy":"post_tag","embeddable":true,"href":"https:\/\/monmaghreb.com\/index.php\/wp-json\/wp\/v2\/tags?post=1403"}],"curies":[{"name":"wp","href":"https:\/\/api.w.org\/{rel}","templated":true}]}}