{"id":1440,"date":"2026-03-18T05:35:03","date_gmt":"2026-03-18T05:35:03","guid":{"rendered":"https:\/\/monmaghreb.com\/index.php\/2026\/03\/18\/un-drame-familial-en-maroc-relance-le-debat-sur-la-protection-des-femmes\/"},"modified":"2026-03-18T05:35:05","modified_gmt":"2026-03-18T05:35:05","slug":"un-drame-familial-en-maroc-relance-le-debat-sur-la-protection-des-femmes","status":"publish","type":"post","link":"https:\/\/monmaghreb.com\/index.php\/2026\/03\/18\/un-drame-familial-en-maroc-relance-le-debat-sur-la-protection-des-femmes\/","title":{"rendered":"Un drame familial en Maroc relance le d\u00e9bat sur la protection des femmes"},"content":{"rendered":"<p><!DOCTYPE html><br \/>\n<html lang='fr'><br \/>\n<head><br \/>\n\t<meta charset='UTF-8'><br \/>\n\t<meta name='viewport' content='width=device-width, initial-scale=1.0'><br \/>\n\t<title>Un drame <a href=\"https:\/\/monmaghreb.com\/index.php\/2026\/03\/17\/le-droit-familial-au-maroc-necessite-de-reforme-ou-intrusion-dans-les-traditions\/\" title=\"Le droit familial au Maroc : n\u00e9cessite de r\u00e9forme ou intrusion dans les traditions ?\">familial<\/a> en Maroc relance le d\u00e9bat sur la protection des femmes<\/title><br \/>\n<\/head><br \/>\n<body><\/p>\n<h1>Un drame familial en Maroc relance le d\u00e9bat sur la protection des femmes<\/h1>\n<p>Au Maroc, un drame familial r\u00e9cent a suscit\u00e9 une vive \u00e9motion et a rappel\u00e9 l&#8217;urgence de prot\u00e9ger les femmes et les enfants contre la violence. Il est essentiel de comprendre les enjeux de cette affaire pour apporter un soutien efficace aux victimes de violence domestique.<\/p>\n<h2>Un drame familial d\u00e9fraye la chronique<\/h2>\n<p>Le meurtre du professeur de m\u00e9decine Khadija al-Morabity, 34 ans, par son fr\u00e8re a \u00e9t\u00e9 largement m\u00e9diatis\u00e9 dans les pays arabes et a provoqu\u00e9 une vive indignation. Cette affaire met en lumi\u00e8re l&#8217;ampleur du probl\u00e8me de la violence domestique au Maroc, qui affecte plus d&#8217;une femme sur deux. La justice est souvent bafou\u00e9e, ce qui renforce le sentiment de pouvoirlessness des victimes.<\/p>\n<h2>Le gouvernement marocain prend des mesures<\/h2>\n<p>Pour r\u00e9pondre \u00e0 l&#8217;urgence du probl\u00e8me, le gouvernement marocain a annonc\u00e9 l&#8217;adoption d&#8217;une loi visant \u00e0 renforcer les sanctions contre les agresseurs. Cette nouvelle l\u00e9gislation pr\u00e9voit une am\u00e9lioration de la protection des victimes et une meilleure coordination entre les forces de l&#8217;ordre, les tribunaux et les institutions sociales. Il est important de noter que ces mesures ne suffisent pas \u00e0 \u00e9radiquer le probl\u00e8me, mais elles repr\u00e9sentent un premier pas dans la bonne direction.<\/p>\n<h2>L&#8217;attention m\u00e9diatique sur la violence domestive en Maroc<\/h2>\n<p>Le drame familial r\u00e9cent a \u00e9galement mis en avant l&#8217;importance de l&#8217;attention m\u00e9diatique pour sensibiliser le public \u00e0 ce probl\u00e8me. Les m\u00e9dias sociaux et les r\u00e9seaux mondiaux ont permis aux citoyens marocains d&#8217;\u00eatre inform\u00e9s en temps r\u00e9el sur les \u00e9v\u00e9nements importants dans leur pays. Cependant, il est essentiel de souligner que la violence domestive n&#8217;est pas un probl\u00e8me nouveau au Maroc, et qu&#8217;il existe d\u00e9j\u00e0 des organisations non gouvernementales (ONG) qui militent pour les droits des femmes.<\/p>\n<h2>Les ONG marocaines militent pour les droits des femmes<\/h2>\n<p>Plusieurs ONG marocaines, comme le collectif des filles et le centre de droits humains, ont travaill\u00e9 activement pendant de nombreuses ann\u00e9es pour promouvoir les droits des femmes et aider les victimes de violence domestique. Elles ont \u00e9galement r\u00e9cemment organis\u00e9 une manifestation pour appeler \u00e0 la justice pour Khadija al-Morabity et toutes les autres victimes de violence domestive.<\/p>\n<h2>Qu&#8217;il est possible d&#8217;entreprendre pour soutenir les femmes en Maroc<\/h2>\n<p>Pour soutenir les femmes et les enfants victimes de violence domestique, il est possible de prendre plusieurs mesures. Les citoyens marocains peuvent apporter leur soutien \u00e0 des ONG qui travaillent activement pour prot\u00e9ger les droits des femmes, ou participer aux manifestations organis\u00e9es par ces organisations. Il est \u00e9galement important de contacter les autorit\u00e9s locales et nationales pour exiger plus de protection pour les femmes et les enfants.<\/p>\n<h2>Une conclusion<\/h2>\n<p>En r\u00e9sum\u00e9, le drame familial en Maroc a relanc\u00e9 le d\u00e9bat sur la n\u00e9cessit\u00e9 de prot\u00e9ger les femmes et les enfants. Le gouvernement marocain a annonc\u00e9 des mesures pour renforcer la protection des victimes, mais il est essentiel que les citoyens marocains continuent \u00e0 militer pour les droits des femmes et \u00e0 soutenir les ONG qui travaillent activement pour \u00e9radiquer la violence domestive.<\/p>\n<div style=\"background:#f8f9fa;border-left:4px solid #0066cc;border-radius:6px;padding:20px 24px;margin:32px 0;\">\n<p style=\"font-size:13px;color:#888;text-transform:uppercase;letter-spacing:0.8px;margin:0 0 6px 0;\">Vous pourriez aussi aimer<\/p>\n<h3 style=\"font-size:18px;margin:0 0 14px 0;color:#222;\">Articles similaires<\/h3>\n<ul style=\"margin:0;padding-left:20px;list-style:disc;\">\n<li style=\"margin-bottom:10px;\"><a href=\"https:\/\/monmaghreb.com\/index.php\/2026\/03\/17\/le-droit-familial-au-maroc-necessite-de-reforme-ou-intrusion-dans-les-traditions\/\" style=\"color:#0066cc;text-decoration:none;font-weight:500;\" title=\"Le droit familial au Maroc : n\u00e9cessite de r\u00e9forme ou intrusion dans les traditions ?\">Le droit familial au Maroc : n\u00e9cessite de r\u00e9forme ou intrusion dans les traditions ?<\/a><\/li>\n<li style=\"margin-bottom:10px;\"><a href=\"https:\/\/monmaghreb.com\/index.php\/2026\/03\/14\/reforme-du-droit-familial-au-maroc-les-blocages-revelent-la-puissance-des-oulemas\/\" style=\"color:#0066cc;text-decoration:none;font-weight:500;\" title=\"R\u00e9forme du droit familial au Maroc : les blocages r\u00e9v\u00e9lent la puissance des oul\u00e9mas\">R\u00e9forme du droit familial au Maroc : les blocages r\u00e9v\u00e9lent la puissance des oul\u00e9mas<\/a><\/li>\n<li style=\"margin-bottom:10px;\"><a href=\"https:\/\/monmaghreb.com\/index.php\/2026\/03\/17\/guide-complet-pour-faire-des-affaires-au-maroc-mode-demploi-et-evitement-des-pieges\/\" style=\"color:#0066cc;text-decoration:none;font-weight:500;\" title=\"Guide complet pour faire des affaires au Maroc : mode d&#8217;emploi et \u00e9vitement des pi\u00e8ges\">Guide complet pour faire des affaires au Maroc : mode d&#8217;emploi et \u00e9vitement des pi\u00e8ges<\/a><\/li>\n<li style=\"margin-bottom:10px;\"><a href=\"https:\/\/monmaghreb.com\/index.php\/2026\/03\/14\/la-moudawana-le-defi-de-la-reforme-du-code-de-la-famille-au-maroc\/\" style=\"color:#0066cc;text-decoration:none;font-weight:500;\" title=\"La Moudawana : le d\u00e9fi de la r\u00e9forme du code de la famille au Maroc\">La Moudawana : le d\u00e9fi de la r\u00e9forme du code de la famille au Maroc<\/a><\/li>\n<li style=\"margin-bottom:10px;\"><a href=\"https:\/\/monmaghreb.com\/index.php\/2026\/03\/17\/la-moudawana-la-reforme-du-code-de-la-famille-au-maroc-une-demarche-vers-legalite-des-droits\/\" style=\"color:#0066cc;text-decoration:none;font-weight:500;\" title=\"La Moudawana : la r\u00e9forme du code de la famille au Maroc &#8211; Une d\u00e9marche vers l&#8217;\u00e9galit\u00e9 des droits\">La Moudawana : la r\u00e9forme du code de la famille au Maroc &#8211; Une d\u00e9marche vers l&#8217;\u00e9galit\u00e9 des droits<\/a><\/li>\n<\/ul>\n<\/div>\n<p><\/body><br \/>\n<\/html><\/p>\n","protected":false},"excerpt":{"rendered":"<p>Un drame familial en Maroc relance le d\u00e9bat sur la protection des femmes. Souffrir \u00e0 l&#8217;\u00e9cart ? Apprenez \u00e0 offrir un soutien efficace.<\/p>\n","protected":false},"author":1,"featured_media":1439,"comment_status":"closed","ping_status":"open","sticky":false,"template":"","format":"standard","meta":{"_yoast_wpseo_focuskw":"drame familial maroc","_yoast_wpseo_title":"Un drame familial en Maroc relance le d\u00e9bat sur la protectio","_yoast_wpseo_metadesc":"Un drame familial en Maroc relance le d\u00e9bat sur la protection des femmes. Souffrir \u00e0 l'\u00e9cart ? Apprenez \u00e0 offrir un soutien efficace.","_yoast_wpseo_canonical":"","_yoast_wpseo_opengraph-title":"Un drame familial en Maroc relance le d\u00e9bat sur la protection des femmes","_yoast_wpseo_opengraph-description":"Un drame familial en Maroc relance le d\u00e9bat sur la protection des femmes. Souffrir \u00e0 l'\u00e9cart ? Apprenez \u00e0 offrir un soutien efficace.","_yoast_wpseo_opengraph-image":"","tdm_status":"","tdm_grid_status":"","footnotes":""},"categories":[655],"tags":[1063,1061,1062,749,1060],"class_list":["post-1440","post","type-post","status-publish","format-standard","has-post-thumbnail","hentry","category-maroc","tag-droit-aux-femmes","tag-femmes-au-maroc","tag-protection-des-femmes","tag-societe-marocaine","tag-violence-domestique"],"yoast_head":"<!-- This site is optimized with the Yoast SEO plugin v27.5 - https:\/\/yoast.com\/product\/yoast-seo-wordpress\/ -->\n<title>Un drame familial en Maroc relance le d\u00e9bat sur la protectio<\/title>\n<meta name=\"description\" content=\"Un drame familial en Maroc relance le d\u00e9bat sur la protection des femmes. Souffrir \u00e0 l&#039;\u00e9cart ? Apprenez \u00e0 offrir un soutien efficace.\" \/>\n<meta name=\"robots\" content=\"index, follow, max-snippet:-1, max-image-preview:large, max-video-preview:-1\" \/>\n<link rel=\"canonical\" href=\"https:\/\/monmaghreb.com\/index.php\/2026\/03\/18\/un-drame-familial-en-maroc-relance-le-debat-sur-la-protection-des-femmes\/\" \/>\n<meta property=\"og:locale\" content=\"en_US\" \/>\n<meta property=\"og:type\" content=\"article\" \/>\n<meta property=\"og:title\" content=\"Un drame familial en Maroc relance le d\u00e9bat sur la protection des femmes\" \/>\n<meta property=\"og:description\" content=\"Un drame familial en Maroc relance le d\u00e9bat sur la protection des femmes. Souffrir \u00e0 l&#039;\u00e9cart ? Apprenez \u00e0 offrir un soutien efficace.\" \/>\n<meta property=\"og:url\" content=\"https:\/\/monmaghreb.com\/index.php\/2026\/03\/18\/un-drame-familial-en-maroc-relance-le-debat-sur-la-protection-des-femmes\/\" \/>\n<meta property=\"og:site_name\" content=\"Mon Maghreb\" \/>\n<meta property=\"article:author\" content=\"https:\/\/www.facebook.com\/monmaghrebcom\" \/>\n<meta property=\"article:published_time\" content=\"2026-03-18T05:35:03+00:00\" \/>\n<meta property=\"article:modified_time\" content=\"2026-03-18T05:35:05+00:00\" \/>\n<meta property=\"og:image\" content=\"https:\/\/monmaghreb.com\/wp-content\/uploads\/2026\/03\/featured-170.jpg\" \/>\n\t<meta property=\"og:image:width\" content=\"1880\" \/>\n\t<meta property=\"og:image:height\" content=\"1253\" \/>\n\t<meta property=\"og:image:type\" content=\"image\/jpeg\" \/>\n<meta name=\"author\" content=\"LaMagh\" \/>\n<meta name=\"twitter:card\" content=\"summary_large_image\" \/>\n<meta name=\"twitter:creator\" content=\"@MMaghreb50977\" \/>\n<meta name=\"twitter:label1\" content=\"Written by\" \/>\n\t<meta name=\"twitter:data1\" content=\"LaMagh\" \/>\n\t<meta name=\"twitter:label2\" content=\"Est. reading time\" \/>\n\t<meta name=\"twitter:data2\" content=\"3 minutes\" \/>\n<script type=\"application\/ld+json\" class=\"yoast-schema-graph\">{\"@context\":\"https:\\\/\\\/schema.org\",\"@graph\":[{\"@type\":\"Article\",\"@id\":\"https:\\\/\\\/monmaghreb.com\\\/index.php\\\/2026\\\/03\\\/18\\\/un-drame-familial-en-maroc-relance-le-debat-sur-la-protection-des-femmes\\\/#article\",\"isPartOf\":{\"@id\":\"https:\\\/\\\/monmaghreb.com\\\/index.php\\\/2026\\\/03\\\/18\\\/un-drame-familial-en-maroc-relance-le-debat-sur-la-protection-des-femmes\\\/\"},\"author\":{\"name\":\"LaMagh\",\"@id\":\"http:\\\/\\\/monmaghreb.com\\\/#\\\/schema\\\/person\\\/c469a89dc8c6b8987dcb438b1200d054\"},\"headline\":\"Un drame familial en Maroc relance le d\u00e9bat sur la protection des femmes\",\"datePublished\":\"2026-03-18T05:35:03+00:00\",\"dateModified\":\"2026-03-18T05:35:05+00:00\",\"mainEntityOfPage\":{\"@id\":\"https:\\\/\\\/monmaghreb.com\\\/index.php\\\/2026\\\/03\\\/18\\\/un-drame-familial-en-maroc-relance-le-debat-sur-la-protection-des-femmes\\\/\"},\"wordCount\":659,\"publisher\":{\"@id\":\"http:\\\/\\\/monmaghreb.com\\\/#organization\"},\"image\":{\"@id\":\"https:\\\/\\\/monmaghreb.com\\\/index.php\\\/2026\\\/03\\\/18\\\/un-drame-familial-en-maroc-relance-le-debat-sur-la-protection-des-femmes\\\/#primaryimage\"},\"thumbnailUrl\":\"https:\\\/\\\/monmaghreb.com\\\/wp-content\\\/uploads\\\/2026\\\/03\\\/featured-170.jpg\",\"keywords\":[\"droit aux femmes\",\"femmes au maroc\",\"protection des femmes\",\"societe marocaine\",\"violence domestique\"],\"articleSection\":[\"Maroc\"],\"inLanguage\":\"en-US\"},{\"@type\":\"WebPage\",\"@id\":\"https:\\\/\\\/monmaghreb.com\\\/index.php\\\/2026\\\/03\\\/18\\\/un-drame-familial-en-maroc-relance-le-debat-sur-la-protection-des-femmes\\\/\",\"url\":\"https:\\\/\\\/monmaghreb.com\\\/index.php\\\/2026\\\/03\\\/18\\\/un-drame-familial-en-maroc-relance-le-debat-sur-la-protection-des-femmes\\\/\",\"name\":\"Un drame familial en Maroc relance le d\u00e9bat sur la protectio\",\"isPartOf\":{\"@id\":\"http:\\\/\\\/monmaghreb.com\\\/#website\"},\"primaryImageOfPage\":{\"@id\":\"https:\\\/\\\/monmaghreb.com\\\/index.php\\\/2026\\\/03\\\/18\\\/un-drame-familial-en-maroc-relance-le-debat-sur-la-protection-des-femmes\\\/#primaryimage\"},\"image\":{\"@id\":\"https:\\\/\\\/monmaghreb.com\\\/index.php\\\/2026\\\/03\\\/18\\\/un-drame-familial-en-maroc-relance-le-debat-sur-la-protection-des-femmes\\\/#primaryimage\"},\"thumbnailUrl\":\"https:\\\/\\\/monmaghreb.com\\\/wp-content\\\/uploads\\\/2026\\\/03\\\/featured-170.jpg\",\"datePublished\":\"2026-03-18T05:35:03+00:00\",\"dateModified\":\"2026-03-18T05:35:05+00:00\",\"description\":\"Un drame familial en Maroc relance le d\u00e9bat sur la protection des femmes. Souffrir \u00e0 l'\u00e9cart ? Apprenez \u00e0 offrir un soutien efficace.\",\"breadcrumb\":{\"@id\":\"https:\\\/\\\/monmaghreb.com\\\/index.php\\\/2026\\\/03\\\/18\\\/un-drame-familial-en-maroc-relance-le-debat-sur-la-protection-des-femmes\\\/#breadcrumb\"},\"inLanguage\":\"en-US\",\"potentialAction\":[{\"@type\":\"ReadAction\",\"target\":[\"https:\\\/\\\/monmaghreb.com\\\/index.php\\\/2026\\\/03\\\/18\\\/un-drame-familial-en-maroc-relance-le-debat-sur-la-protection-des-femmes\\\/\"]}]},{\"@type\":\"ImageObject\",\"inLanguage\":\"en-US\",\"@id\":\"https:\\\/\\\/monmaghreb.com\\\/index.php\\\/2026\\\/03\\\/18\\\/un-drame-familial-en-maroc-relance-le-debat-sur-la-protection-des-femmes\\\/#primaryimage\",\"url\":\"https:\\\/\\\/monmaghreb.com\\\/wp-content\\\/uploads\\\/2026\\\/03\\\/featured-170.jpg\",\"contentUrl\":\"https:\\\/\\\/monmaghreb.com\\\/wp-content\\\/uploads\\\/2026\\\/03\\\/featured-170.jpg\",\"width\":1880,\"height\":1253,\"caption\":\"Femme marocaine pleurant en pr\u00e9sence de ses enfants\"},{\"@type\":\"BreadcrumbList\",\"@id\":\"https:\\\/\\\/monmaghreb.com\\\/index.php\\\/2026\\\/03\\\/18\\\/un-drame-familial-en-maroc-relance-le-debat-sur-la-protection-des-femmes\\\/#breadcrumb\",\"itemListElement\":[{\"@type\":\"ListItem\",\"position\":1,\"name\":\"Home\",\"item\":\"http:\\\/\\\/monmaghreb.com\\\/\"},{\"@type\":\"ListItem\",\"position\":2,\"name\":\"Un drame familial en Maroc relance le d\u00e9bat sur la protection des femmes\"}]},{\"@type\":\"WebSite\",\"@id\":\"http:\\\/\\\/monmaghreb.com\\\/#website\",\"url\":\"http:\\\/\\\/monmaghreb.com\\\/\",\"name\":\"Mon Maghreb\",\"description\":\"MonMaghreb United\",\"publisher\":{\"@id\":\"http:\\\/\\\/monmaghreb.com\\\/#organization\"},\"alternateName\":\"Le Monde du Maghreb et au del\u00e0\",\"potentialAction\":[{\"@type\":\"SearchAction\",\"target\":{\"@type\":\"EntryPoint\",\"urlTemplate\":\"http:\\\/\\\/monmaghreb.com\\\/?s={search_term_string}\"},\"query-input\":{\"@type\":\"PropertyValueSpecification\",\"valueRequired\":true,\"valueName\":\"search_term_string\"}}],\"inLanguage\":\"en-US\"},{\"@type\":\"Organization\",\"@id\":\"http:\\\/\\\/monmaghreb.com\\\/#organization\",\"name\":\"Mon Maghreb\",\"url\":\"http:\\\/\\\/monmaghreb.com\\\/\",\"logo\":{\"@type\":\"ImageObject\",\"inLanguage\":\"en-US\",\"@id\":\"http:\\\/\\\/monmaghreb.com\\\/#\\\/schema\\\/logo\\\/image\\\/\",\"url\":\"https:\\\/\\\/monmaghreb.com\\\/wp-content\\\/uploads\\\/2025\\\/12\\\/Mon_Maghreb_Logo.jpg\",\"contentUrl\":\"https:\\\/\\\/monmaghreb.com\\\/wp-content\\\/uploads\\\/2025\\\/12\\\/Mon_Maghreb_Logo.jpg\",\"width\":814,\"height\":374,\"caption\":\"Mon Maghreb\"},\"image\":{\"@id\":\"http:\\\/\\\/monmaghreb.com\\\/#\\\/schema\\\/logo\\\/image\\\/\"}},{\"@type\":\"Person\",\"@id\":\"http:\\\/\\\/monmaghreb.com\\\/#\\\/schema\\\/person\\\/c469a89dc8c6b8987dcb438b1200d054\",\"name\":\"LaMagh\",\"image\":{\"@type\":\"ImageObject\",\"inLanguage\":\"en-US\",\"@id\":\"https:\\\/\\\/secure.gravatar.com\\\/avatar\\\/399d8144bd55fba55e056779aca52fe528bac7911f6449e54d81173d6dfd7f0a?s=96&d=mm&r=g\",\"url\":\"https:\\\/\\\/secure.gravatar.com\\\/avatar\\\/399d8144bd55fba55e056779aca52fe528bac7911f6449e54d81173d6dfd7f0a?s=96&d=mm&r=g\",\"contentUrl\":\"https:\\\/\\\/secure.gravatar.com\\\/avatar\\\/399d8144bd55fba55e056779aca52fe528bac7911f6449e54d81173d6dfd7f0a?s=96&d=mm&r=g\",\"caption\":\"LaMagh\"},\"sameAs\":[\"https:\\\/\\\/monmaghreb.com\",\"https:\\\/\\\/www.facebook.com\\\/monmaghrebcom\",\"https:\\\/\\\/x.com\\\/MMaghreb50977\"],\"url\":\"https:\\\/\\\/monmaghreb.com\\\/index.php\\\/author\\\/lamagh\\\/\"}]}<\/script>\n<!-- \/ Yoast SEO plugin. -->","yoast_head_json":{"title":"Un drame familial en Maroc relance le d\u00e9bat sur la protectio","description":"Un drame familial en Maroc relance le d\u00e9bat sur la protection des femmes. Souffrir \u00e0 l'\u00e9cart ? Apprenez \u00e0 offrir un soutien efficace.","robots":{"index":"index","follow":"follow","max-snippet":"max-snippet:-1","max-image-preview":"max-image-preview:large","max-video-preview":"max-video-preview:-1"},"canonical":"https:\/\/monmaghreb.com\/index.php\/2026\/03\/18\/un-drame-familial-en-maroc-relance-le-debat-sur-la-protection-des-femmes\/","og_locale":"en_US","og_type":"article","og_title":"Un drame familial en Maroc relance le d\u00e9bat sur la protection des femmes","og_description":"Un drame familial en Maroc relance le d\u00e9bat sur la protection des femmes. Souffrir \u00e0 l'\u00e9cart ? Apprenez \u00e0 offrir un soutien efficace.","og_url":"https:\/\/monmaghreb.com\/index.php\/2026\/03\/18\/un-drame-familial-en-maroc-relance-le-debat-sur-la-protection-des-femmes\/","og_site_name":"Mon Maghreb","article_author":"https:\/\/www.facebook.com\/monmaghrebcom","article_published_time":"2026-03-18T05:35:03+00:00","article_modified_time":"2026-03-18T05:35:05+00:00","og_image":[{"width":1880,"height":1253,"url":"https:\/\/monmaghreb.com\/wp-content\/uploads\/2026\/03\/featured-170.jpg","type":"image\/jpeg"}],"author":"LaMagh","twitter_card":"summary_large_image","twitter_creator":"@MMaghreb50977","twitter_misc":{"Written by":"LaMagh","Est. reading time":"3 minutes"},"schema":{"@context":"https:\/\/schema.org","@graph":[{"@type":"Article","@id":"https:\/\/monmaghreb.com\/index.php\/2026\/03\/18\/un-drame-familial-en-maroc-relance-le-debat-sur-la-protection-des-femmes\/#article","isPartOf":{"@id":"https:\/\/monmaghreb.com\/index.php\/2026\/03\/18\/un-drame-familial-en-maroc-relance-le-debat-sur-la-protection-des-femmes\/"},"author":{"name":"LaMagh","@id":"http:\/\/monmaghreb.com\/#\/schema\/person\/c469a89dc8c6b8987dcb438b1200d054"},"headline":"Un drame familial en Maroc relance le d\u00e9bat sur la protection des femmes","datePublished":"2026-03-18T05:35:03+00:00","dateModified":"2026-03-18T05:35:05+00:00","mainEntityOfPage":{"@id":"https:\/\/monmaghreb.com\/index.php\/2026\/03\/18\/un-drame-familial-en-maroc-relance-le-debat-sur-la-protection-des-femmes\/"},"wordCount":659,"publisher":{"@id":"http:\/\/monmaghreb.com\/#organization"},"image":{"@id":"https:\/\/monmaghreb.com\/index.php\/2026\/03\/18\/un-drame-familial-en-maroc-relance-le-debat-sur-la-protection-des-femmes\/#primaryimage"},"thumbnailUrl":"https:\/\/monmaghreb.com\/wp-content\/uploads\/2026\/03\/featured-170.jpg","keywords":["droit aux femmes","femmes au maroc","protection des femmes","societe marocaine","violence domestique"],"articleSection":["Maroc"],"inLanguage":"en-US"},{"@type":"WebPage","@id":"https:\/\/monmaghreb.com\/index.php\/2026\/03\/18\/un-drame-familial-en-maroc-relance-le-debat-sur-la-protection-des-femmes\/","url":"https:\/\/monmaghreb.com\/index.php\/2026\/03\/18\/un-drame-familial-en-maroc-relance-le-debat-sur-la-protection-des-femmes\/","name":"Un drame familial en Maroc relance le d\u00e9bat sur la protectio","isPartOf":{"@id":"http:\/\/monmaghreb.com\/#website"},"primaryImageOfPage":{"@id":"https:\/\/monmaghreb.com\/index.php\/2026\/03\/18\/un-drame-familial-en-maroc-relance-le-debat-sur-la-protection-des-femmes\/#primaryimage"},"image":{"@id":"https:\/\/monmaghreb.com\/index.php\/2026\/03\/18\/un-drame-familial-en-maroc-relance-le-debat-sur-la-protection-des-femmes\/#primaryimage"},"thumbnailUrl":"https:\/\/monmaghreb.com\/wp-content\/uploads\/2026\/03\/featured-170.jpg","datePublished":"2026-03-18T05:35:03+00:00","dateModified":"2026-03-18T05:35:05+00:00","description":"Un drame familial en Maroc relance le d\u00e9bat sur la protection des femmes. Souffrir \u00e0 l'\u00e9cart ? Apprenez \u00e0 offrir un soutien efficace.","breadcrumb":{"@id":"https:\/\/monmaghreb.com\/index.php\/2026\/03\/18\/un-drame-familial-en-maroc-relance-le-debat-sur-la-protection-des-femmes\/#breadcrumb"},"inLanguage":"en-US","potentialAction":[{"@type":"ReadAction","target":["https:\/\/monmaghreb.com\/index.php\/2026\/03\/18\/un-drame-familial-en-maroc-relance-le-debat-sur-la-protection-des-femmes\/"]}]},{"@type":"ImageObject","inLanguage":"en-US","@id":"https:\/\/monmaghreb.com\/index.php\/2026\/03\/18\/un-drame-familial-en-maroc-relance-le-debat-sur-la-protection-des-femmes\/#primaryimage","url":"https:\/\/monmaghreb.com\/wp-content\/uploads\/2026\/03\/featured-170.jpg","contentUrl":"https:\/\/monmaghreb.com\/wp-content\/uploads\/2026\/03\/featured-170.jpg","width":1880,"height":1253,"caption":"Femme marocaine pleurant en pr\u00e9sence de ses enfants"},{"@type":"BreadcrumbList","@id":"https:\/\/monmaghreb.com\/index.php\/2026\/03\/18\/un-drame-familial-en-maroc-relance-le-debat-sur-la-protection-des-femmes\/#breadcrumb","itemListElement":[{"@type":"ListItem","position":1,"name":"Home","item":"http:\/\/monmaghreb.com\/"},{"@type":"ListItem","position":2,"name":"Un drame familial en Maroc relance le d\u00e9bat sur la protection des femmes"}]},{"@type":"WebSite","@id":"http:\/\/monmaghreb.com\/#website","url":"http:\/\/monmaghreb.com\/","name":"Mon Maghreb","description":"MonMaghreb United","publisher":{"@id":"http:\/\/monmaghreb.com\/#organization"},"alternateName":"Le Monde du Maghreb et au del\u00e0","potentialAction":[{"@type":"SearchAction","target":{"@type":"EntryPoint","urlTemplate":"http:\/\/monmaghreb.com\/?s={search_term_string}"},"query-input":{"@type":"PropertyValueSpecification","valueRequired":true,"valueName":"search_term_string"}}],"inLanguage":"en-US"},{"@type":"Organization","@id":"http:\/\/monmaghreb.com\/#organization","name":"Mon Maghreb","url":"http:\/\/monmaghreb.com\/","logo":{"@type":"ImageObject","inLanguage":"en-US","@id":"http:\/\/monmaghreb.com\/#\/schema\/logo\/image\/","url":"https:\/\/monmaghreb.com\/wp-content\/uploads\/2025\/12\/Mon_Maghreb_Logo.jpg","contentUrl":"https:\/\/monmaghreb.com\/wp-content\/uploads\/2025\/12\/Mon_Maghreb_Logo.jpg","width":814,"height":374,"caption":"Mon Maghreb"},"image":{"@id":"http:\/\/monmaghreb.com\/#\/schema\/logo\/image\/"}},{"@type":"Person","@id":"http:\/\/monmaghreb.com\/#\/schema\/person\/c469a89dc8c6b8987dcb438b1200d054","name":"LaMagh","image":{"@type":"ImageObject","inLanguage":"en-US","@id":"https:\/\/secure.gravatar.com\/avatar\/399d8144bd55fba55e056779aca52fe528bac7911f6449e54d81173d6dfd7f0a?s=96&d=mm&r=g","url":"https:\/\/secure.gravatar.com\/avatar\/399d8144bd55fba55e056779aca52fe528bac7911f6449e54d81173d6dfd7f0a?s=96&d=mm&r=g","contentUrl":"https:\/\/secure.gravatar.com\/avatar\/399d8144bd55fba55e056779aca52fe528bac7911f6449e54d81173d6dfd7f0a?s=96&d=mm&r=g","caption":"LaMagh"},"sameAs":["https:\/\/monmaghreb.com","https:\/\/www.facebook.com\/monmaghrebcom","https:\/\/x.com\/MMaghreb50977"],"url":"https:\/\/monmaghreb.com\/index.php\/author\/lamagh\/"}]}},"_links":{"self":[{"href":"https:\/\/monmaghreb.com\/index.php\/wp-json\/wp\/v2\/posts\/1440","targetHints":{"allow":["GET"]}}],"collection":[{"href":"https:\/\/monmaghreb.com\/index.php\/wp-json\/wp\/v2\/posts"}],"about":[{"href":"https:\/\/monmaghreb.com\/index.php\/wp-json\/wp\/v2\/types\/post"}],"author":[{"embeddable":true,"href":"https:\/\/monmaghreb.com\/index.php\/wp-json\/wp\/v2\/users\/1"}],"replies":[{"embeddable":true,"href":"https:\/\/monmaghreb.com\/index.php\/wp-json\/wp\/v2\/comments?post=1440"}],"version-history":[{"count":1,"href":"https:\/\/monmaghreb.com\/index.php\/wp-json\/wp\/v2\/posts\/1440\/revisions"}],"predecessor-version":[{"id":1441,"href":"https:\/\/monmaghreb.com\/index.php\/wp-json\/wp\/v2\/posts\/1440\/revisions\/1441"}],"wp:featuredmedia":[{"embeddable":true,"href":"https:\/\/monmaghreb.com\/index.php\/wp-json\/wp\/v2\/media\/1439"}],"wp:attachment":[{"href":"https:\/\/monmaghreb.com\/index.php\/wp-json\/wp\/v2\/media?parent=1440"}],"wp:term":[{"taxonomy":"category","embeddable":true,"href":"https:\/\/monmaghreb.com\/index.php\/wp-json\/wp\/v2\/categories?post=1440"},{"taxonomy":"post_tag","embeddable":true,"href":"https:\/\/monmaghreb.com\/index.php\/wp-json\/wp\/v2\/tags?post=1440"}],"curies":[{"name":"wp","href":"https:\/\/api.w.org\/{rel}","templated":true}]}}