{"id":1446,"date":"2026-03-18T07:14:09","date_gmt":"2026-03-18T07:14:09","guid":{"rendered":"https:\/\/monmaghreb.com\/index.php\/2026\/03\/18\/yennayer-2976-paris-fete-le-nouvel-an-berbere-avec-un-grand-defile-carnaval\/"},"modified":"2026-03-18T07:14:11","modified_gmt":"2026-03-18T07:14:11","slug":"yennayer-2976-paris-fete-le-nouvel-an-berbere-avec-un-grand-defile-carnaval","status":"publish","type":"post","link":"https:\/\/monmaghreb.com\/index.php\/2026\/03\/18\/yennayer-2976-paris-fete-le-nouvel-an-berbere-avec-un-grand-defile-carnaval\/","title":{"rendered":"Yennayer 2976 : Paris f\u00eate le Nouvel An berb\u00e8re avec un grand d\u00e9fil\u00e9-carnaval"},"content":{"rendered":"<p><!DOCTYPE html><br \/>\n<html lang='fr'><br \/>\n\t<head><br \/>\n\t\t<meta charset='UTF-8'><br \/>\n\t\t<title>Yennayer 2976 : Paris f\u00eate le Nouvel An berb\u00e8re avec un grand d\u00e9fil\u00e9-carnaval<\/title><br \/>\n\t<\/head><br \/>\n\t<body><\/p>\n<h1>Yennayer 2976 : Paris f\u00eate le Nouvel An berb\u00e8re avec un grand d\u00e9fil\u00e9-carnaval<\/h1>\n<p>Ce 18 janvier, les rues du quartier berb\u00e8re de Paris, \u00e0 la Villette, ont \u00e9t\u00e9 envahies par la joie et l&#8217;\u00e9nergie des communaut\u00e9s maghr\u00e9bines. L&#8217;occasion \u00e9tait unique : le d\u00e9fil\u00e9-carnaval berb\u00e8re Yennayer 2976, organis\u00e9 par l&#8217;Association <a href=\"https:\/\/monmaghreb.com\/index.php\/2026\/03\/13\/le-nouvel-an-amazigh-festif-a-chateau-thierry-une-fete-culturelle-joyeuse-et-remarquable\/\" title=\"Le nouvel an amazigh festif \u00e0 Ch\u00e2teau-Thierry : une f\u00eate culturelle joyeuse et remarquable\">culturelle<\/a> Amazigh de Paris (ACAP), r\u00e9unissait plus de 3000 personnes pour c\u00e9l\u00e9brer le Nouvel An berb\u00e8re.<\/p>\n<h2>Une diaspora en pleine expansion<\/h2>\n<p>Au cours des derni\u00e8res ann\u00e9es, les communaut\u00e9s maghr\u00e9bines \u00e0 Paris ont connu une croissance sans pr\u00e9c\u00e9dent. Les jeunes g\u00e9n\u00e9rations berb\u00e8res sont de plus en plus nombreux \u00e0 s&#8217;installer dans la capitale fran\u00e7aise, apportant avec eux leur culture et leurs traditions.<\/p>\n<p>Cette vitalit\u00e9 croissante se refl\u00e8te \u00e9galement dans l&#8217;\u00e9v\u00e9nement Yennayer 2976, qui a attir\u00e9 des personnes venant de tout le monde pour c\u00e9l\u00e9brer le Nouvel An berb\u00e8re. Les participants venaient de diff\u00e9rents pays d&#8217;Afrique du Nord et du Maghreb, mais ils partageaient une identit\u00e9 commune : leur amour pour la culture berb\u00e8re.<\/p>\n<h2>Un d\u00e9fil\u00e9 color\u00e9 et festif<\/h2>\n<p>Le d\u00e9fil\u00e9 a \u00e9t\u00e9 une explosion de couleurs et d&#8217;\u00e9motions. Les participants portaient des costumes traditionnels berb\u00e8res, orn\u00e9s de draperies violettes et oranges qui ont cr\u00e9\u00e9 un spectacle inoubliable.<\/p>\n<p>Musique et danses traditionnelles berb\u00e8res ont rempli l&#8217;air, emportant les spectateurs dans la joie du moment. Les danseurs se sont laiss\u00e9s aller \u00e0 leur \u00e9nergie, leurs mouvements rythmiques cr\u00e9ant une atmosph\u00e8re de f\u00eate.<\/p>\n<h2>Une journ\u00e9e d&#8217;exposition culturelle<\/h2>\n<p>Apart\u00e9 le d\u00e9fil\u00e9, la journ\u00e9e a \u00e9t\u00e9 ponctu\u00e9e d&#8217;expositions culturelles, de conf\u00e9rences sur la culture berb\u00e8re et de d\u00e9gustations de produits traditionnels.<\/p>\n<p>Les spectateurs ont pu d\u00e9couvrir les m\u00e9tiers d&#8217;art, la gastronomie, la musique et la danse traditionnelles berb\u00e8res. Cet \u00e9v\u00e9nement \u00e9tait une occasion unique pour apprendre plus sur la culture berb\u00e8re et pour se mettre \u00e0 l&#8217;\u00e9cole de ces communaut\u00e9s vivaces.<\/p>\n<h2>Une journ\u00e9e de rencontres<\/h2>\n<p>Le d\u00e9fil\u00e9-carnaval Yennayer 2976 a \u00e9galement \u00e9t\u00e9 une occasion de rencontrer des personnes issues de diff\u00e9rentes communaut\u00e9s maghr\u00e9bines.<\/p>\n<p>Les participants et les spectateurs se sont trouv\u00e9s dans une ambiance de convivialit\u00e9 et d&#8217;ouverture, partageant leur passion pour la culture berb\u00e8re et leur attachement \u00e0 leur patrie. Les conversations ont fluide sur la culture, l&#8217;identit\u00e9 et l&#8217;appartenance.<\/p>\n<h2>Un appel \u00e0 l&#8217;action<\/h2>\n<p>Pour les communaut\u00e9s maghr\u00e9bines de Paris, l&#8217;\u00e9v\u00e9nement a \u00e9t\u00e9 une occasion de se rassembler et de c\u00e9l\u00e9brer leur identit\u00e9 berb\u00e8re. Pour les lecteurs de la diaspora, il est important de soutenir ces \u00e9v\u00e9nements culturels et de rester inform\u00e9s sur les activit\u00e9s des communaut\u00e9s maghr\u00e9bines \u00e0 Paris.<\/p>\n<p>Nous vous invitons \u00e0 suivre l&#8217;Association culturelle Amazigh de Paris sur leur page Facebook pour rester au courant de leurs activit\u00e9s et de les soutenir dans leur action. Ensemble, nous pouvons renforcer la pr\u00e9sence berb\u00e8re \u00e0 Paris et contribuer \u00e0 la vitalit\u00e9 de ces communaut\u00e9s.<\/p>\n<div style=\"background:#f8f9fa;border-left:4px solid #0066cc;border-radius:6px;padding:20px 24px;margin:32px 0;\">\n<p style=\"font-size:13px;color:#888;text-transform:uppercase;letter-spacing:0.8px;margin:0 0 6px 0;\">Vous pourriez aussi aimer<\/p>\n<h3 style=\"font-size:18px;margin:0 0 14px 0;color:#222;\">Articles similaires<\/h3>\n<ul style=\"margin:0;padding-left:20px;list-style:disc;\">\n<li style=\"margin-bottom:10px;\"><a href=\"https:\/\/monmaghreb.com\/index.php\/2026\/03\/13\/le-nouvel-an-amazigh-festif-a-chateau-thierry-une-fete-culturelle-joyeuse-et-remarquable\/\" style=\"color:#0066cc;text-decoration:none;font-weight:500;\" title=\"Le nouvel an amazigh festif \u00e0 Ch\u00e2teau-Thierry : une f\u00eate culturelle joyeuse et remarquable\">Le nouvel an amazigh festif \u00e0 Ch\u00e2teau-Thierry : une f\u00eate culturelle joyeuse et remarquable<\/a><\/li>\n<li style=\"margin-bottom:10px;\"><a href=\"https:\/\/monmaghreb.com\/index.php\/2026\/03\/13\/le-nouvel-an-amazigh-festif-a-chateau-thierry-une-fete-culturelle-joyeuse-et-remarquable-2\/\" style=\"color:#0066cc;text-decoration:none;font-weight:500;\" title=\"Le nouvel an amazigh festif \u00e0 Ch\u00e2teau-Thierry : une f\u00eate culturelle joyeuse et remarquable\">Le nouvel an amazigh festif \u00e0 Ch\u00e2teau-Thierry : une f\u00eate culturelle joyeuse et remarquable<\/a><\/li>\n<li style=\"margin-bottom:10px;\"><a href=\"https:\/\/monmaghreb.com\/index.php\/2026\/03\/18\/yennayer-les-traditions-croyances-et-legendes-ancestrales-des-amazighs\/\" style=\"color:#0066cc;text-decoration:none;font-weight:500;\" title=\"Yennayer : les traditions, croyances et l\u00e9gendes ancestrales des Amazighs\">Yennayer : les traditions, croyances et l\u00e9gendes ancestrales des Amazighs<\/a><\/li>\n<li style=\"margin-bottom:10px;\"><a href=\"https:\/\/monmaghreb.com\/index.php\/2026\/03\/17\/le-circuit-culturel-berbere-en-mouvement-decouvrez-le-spectacle-ka-in-a-ales-et-nimes\/\" style=\"color:#0066cc;text-decoration:none;font-weight:500;\" title=\"Le circuit culturel berb\u00e8re en mouvement : d\u00e9couvrez le spectacle KA-IN \u00e0 Al\u00e8s et N\u00eemes\">Le circuit culturel berb\u00e8re en mouvement : d\u00e9couvrez le spectacle KA-IN \u00e0 Al\u00e8s et N\u00eemes<\/a><\/li>\n<li style=\"margin-bottom:10px;\"><a href=\"https:\/\/monmaghreb.com\/index.php\/2026\/03\/16\/fontainebleau-celebre-la-mode-marocaine-avec-son-festival-de-lhistoire-de-lart\/\" style=\"color:#0066cc;text-decoration:none;font-weight:500;\" title=\"Fontainebleau c\u00e9l\u00e8bre la mode marocaine avec son Festival de l\u2019histoire de l&#8217;art\">Fontainebleau c\u00e9l\u00e8bre la mode marocaine avec son Festival de l\u2019histoire de l&#8217;art<\/a><\/li>\n<\/ul>\n<\/div>\n<p><\/body><br \/>\n<\/html><\/p>\n","protected":false},"excerpt":{"rendered":"<p>Celebrate Berber New Year in Paris with a grand parade-carnival! Join over 3000 people in the vibrant Berbere quarter. Yennayer 2976, Jan 18.<\/p>\n","protected":false},"author":1,"featured_media":1445,"comment_status":"closed","ping_status":"open","sticky":false,"template":"","format":"standard","meta":{"_yoast_wpseo_focuskw":"yennayer 2976 paris","_yoast_wpseo_title":"Yennayer 2976 : Paris f\u00eate le Nouvel An berb\u00e8re avec un gran","_yoast_wpseo_metadesc":"Celebrate Berber New Year in Paris with a grand parade-carnival! Join over 3000 people in the vibrant Berbere quarter. Yennayer 2976, Jan 18.","_yoast_wpseo_canonical":"","_yoast_wpseo_opengraph-title":"Yennayer 2976 : Paris f\u00eate le Nouvel An berb\u00e8re avec un grand d\u00e9fil\u00e9-carnaval","_yoast_wpseo_opengraph-description":"Celebrate Berber New Year in Paris with a grand parade-carnival! Join over 3000 people in the vibrant Berbere quarter. Yennayer 2976, Jan 18.","_yoast_wpseo_opengraph-image":"","tdm_status":"","tdm_grid_status":"","footnotes":""},"categories":[652],"tags":[1070,770,1072,1071,1069],"class_list":["post-1446","post","type-post","status-publish","format-standard","has-post-thumbnail","hentry","category-histoire-patrimoine","tag-berber-culture","tag-celebration","tag-maghrebi-community","tag-paris-festival","tag-yennayer"],"yoast_head":"<!-- This site is optimized with the Yoast SEO plugin v27.5 - https:\/\/yoast.com\/product\/yoast-seo-wordpress\/ -->\n<title>Yennayer 2976 : Paris f\u00eate le Nouvel An berb\u00e8re avec un gran<\/title>\n<meta name=\"description\" content=\"Celebrate Berber New Year in Paris with a grand parade-carnival! Join over 3000 people in the vibrant Berbere quarter. Yennayer 2976, Jan 18.\" \/>\n<meta name=\"robots\" content=\"index, follow, max-snippet:-1, max-image-preview:large, max-video-preview:-1\" \/>\n<link rel=\"canonical\" href=\"https:\/\/monmaghreb.com\/index.php\/2026\/03\/18\/yennayer-2976-paris-fete-le-nouvel-an-berbere-avec-un-grand-defile-carnaval\/\" \/>\n<meta property=\"og:locale\" content=\"en_US\" \/>\n<meta property=\"og:type\" content=\"article\" \/>\n<meta property=\"og:title\" content=\"Yennayer 2976 : Paris f\u00eate le Nouvel An berb\u00e8re avec un grand d\u00e9fil\u00e9-carnaval\" \/>\n<meta property=\"og:description\" content=\"Celebrate Berber New Year in Paris with a grand parade-carnival! Join over 3000 people in the vibrant Berbere quarter. Yennayer 2976, Jan 18.\" \/>\n<meta property=\"og:url\" content=\"https:\/\/monmaghreb.com\/index.php\/2026\/03\/18\/yennayer-2976-paris-fete-le-nouvel-an-berbere-avec-un-grand-defile-carnaval\/\" \/>\n<meta property=\"og:site_name\" content=\"Mon Maghreb\" \/>\n<meta property=\"article:author\" content=\"https:\/\/www.facebook.com\/monmaghrebcom\" \/>\n<meta property=\"article:published_time\" content=\"2026-03-18T07:14:09+00:00\" \/>\n<meta property=\"article:modified_time\" content=\"2026-03-18T07:14:11+00:00\" \/>\n<meta property=\"og:image\" content=\"https:\/\/monmaghreb.com\/wp-content\/uploads\/2026\/03\/featured-172.jpg\" \/>\n\t<meta property=\"og:image:width\" content=\"1880\" \/>\n\t<meta property=\"og:image:height\" content=\"1259\" \/>\n\t<meta property=\"og:image:type\" content=\"image\/jpeg\" \/>\n<meta name=\"author\" content=\"LaMagh\" \/>\n<meta name=\"twitter:card\" content=\"summary_large_image\" \/>\n<meta name=\"twitter:creator\" content=\"@MMaghreb50977\" \/>\n<meta name=\"twitter:label1\" content=\"Written by\" \/>\n\t<meta name=\"twitter:data1\" content=\"LaMagh\" \/>\n\t<meta name=\"twitter:label2\" content=\"Est. reading time\" \/>\n\t<meta name=\"twitter:data2\" content=\"3 minutes\" \/>\n<script type=\"application\/ld+json\" class=\"yoast-schema-graph\">{\"@context\":\"https:\\\/\\\/schema.org\",\"@graph\":[{\"@type\":\"Article\",\"@id\":\"https:\\\/\\\/monmaghreb.com\\\/index.php\\\/2026\\\/03\\\/18\\\/yennayer-2976-paris-fete-le-nouvel-an-berbere-avec-un-grand-defile-carnaval\\\/#article\",\"isPartOf\":{\"@id\":\"https:\\\/\\\/monmaghreb.com\\\/index.php\\\/2026\\\/03\\\/18\\\/yennayer-2976-paris-fete-le-nouvel-an-berbere-avec-un-grand-defile-carnaval\\\/\"},\"author\":{\"name\":\"LaMagh\",\"@id\":\"http:\\\/\\\/monmaghreb.com\\\/#\\\/schema\\\/person\\\/c469a89dc8c6b8987dcb438b1200d054\"},\"headline\":\"Yennayer 2976 : Paris f\u00eate le Nouvel An berb\u00e8re avec un grand d\u00e9fil\u00e9-carnaval\",\"datePublished\":\"2026-03-18T07:14:09+00:00\",\"dateModified\":\"2026-03-18T07:14:11+00:00\",\"mainEntityOfPage\":{\"@id\":\"https:\\\/\\\/monmaghreb.com\\\/index.php\\\/2026\\\/03\\\/18\\\/yennayer-2976-paris-fete-le-nouvel-an-berbere-avec-un-grand-defile-carnaval\\\/\"},\"wordCount\":630,\"publisher\":{\"@id\":\"http:\\\/\\\/monmaghreb.com\\\/#organization\"},\"image\":{\"@id\":\"https:\\\/\\\/monmaghreb.com\\\/index.php\\\/2026\\\/03\\\/18\\\/yennayer-2976-paris-fete-le-nouvel-an-berbere-avec-un-grand-defile-carnaval\\\/#primaryimage\"},\"thumbnailUrl\":\"https:\\\/\\\/monmaghreb.com\\\/wp-content\\\/uploads\\\/2026\\\/03\\\/featured-172.jpg\",\"keywords\":[\"berber culture\",\"celebration\",\"maghrebi community\",\"paris festival\",\"yennayer\"],\"articleSection\":[\"Histoire &amp; Patrimoine\"],\"inLanguage\":\"en-US\"},{\"@type\":\"WebPage\",\"@id\":\"https:\\\/\\\/monmaghreb.com\\\/index.php\\\/2026\\\/03\\\/18\\\/yennayer-2976-paris-fete-le-nouvel-an-berbere-avec-un-grand-defile-carnaval\\\/\",\"url\":\"https:\\\/\\\/monmaghreb.com\\\/index.php\\\/2026\\\/03\\\/18\\\/yennayer-2976-paris-fete-le-nouvel-an-berbere-avec-un-grand-defile-carnaval\\\/\",\"name\":\"Yennayer 2976 : Paris f\u00eate le Nouvel An berb\u00e8re avec un gran\",\"isPartOf\":{\"@id\":\"http:\\\/\\\/monmaghreb.com\\\/#website\"},\"primaryImageOfPage\":{\"@id\":\"https:\\\/\\\/monmaghreb.com\\\/index.php\\\/2026\\\/03\\\/18\\\/yennayer-2976-paris-fete-le-nouvel-an-berbere-avec-un-grand-defile-carnaval\\\/#primaryimage\"},\"image\":{\"@id\":\"https:\\\/\\\/monmaghreb.com\\\/index.php\\\/2026\\\/03\\\/18\\\/yennayer-2976-paris-fete-le-nouvel-an-berbere-avec-un-grand-defile-carnaval\\\/#primaryimage\"},\"thumbnailUrl\":\"https:\\\/\\\/monmaghreb.com\\\/wp-content\\\/uploads\\\/2026\\\/03\\\/featured-172.jpg\",\"datePublished\":\"2026-03-18T07:14:09+00:00\",\"dateModified\":\"2026-03-18T07:14:11+00:00\",\"description\":\"Celebrate Berber New Year in Paris with a grand parade-carnival! Join over 3000 people in the vibrant Berbere quarter. Yennayer 2976, Jan 18.\",\"breadcrumb\":{\"@id\":\"https:\\\/\\\/monmaghreb.com\\\/index.php\\\/2026\\\/03\\\/18\\\/yennayer-2976-paris-fete-le-nouvel-an-berbere-avec-un-grand-defile-carnaval\\\/#breadcrumb\"},\"inLanguage\":\"en-US\",\"potentialAction\":[{\"@type\":\"ReadAction\",\"target\":[\"https:\\\/\\\/monmaghreb.com\\\/index.php\\\/2026\\\/03\\\/18\\\/yennayer-2976-paris-fete-le-nouvel-an-berbere-avec-un-grand-defile-carnaval\\\/\"]}]},{\"@type\":\"ImageObject\",\"inLanguage\":\"en-US\",\"@id\":\"https:\\\/\\\/monmaghreb.com\\\/index.php\\\/2026\\\/03\\\/18\\\/yennayer-2976-paris-fete-le-nouvel-an-berbere-avec-un-grand-defile-carnaval\\\/#primaryimage\",\"url\":\"https:\\\/\\\/monmaghreb.com\\\/wp-content\\\/uploads\\\/2026\\\/03\\\/featured-172.jpg\",\"contentUrl\":\"https:\\\/\\\/monmaghreb.com\\\/wp-content\\\/uploads\\\/2026\\\/03\\\/featured-172.jpg\",\"width\":1880,\"height\":1259,\"caption\":\"Crowd celebrating Yennayer 2976 Berber New Year parade in Paris\"},{\"@type\":\"BreadcrumbList\",\"@id\":\"https:\\\/\\\/monmaghreb.com\\\/index.php\\\/2026\\\/03\\\/18\\\/yennayer-2976-paris-fete-le-nouvel-an-berbere-avec-un-grand-defile-carnaval\\\/#breadcrumb\",\"itemListElement\":[{\"@type\":\"ListItem\",\"position\":1,\"name\":\"Home\",\"item\":\"http:\\\/\\\/monmaghreb.com\\\/\"},{\"@type\":\"ListItem\",\"position\":2,\"name\":\"Yennayer 2976 : Paris f\u00eate le Nouvel An berb\u00e8re avec un grand d\u00e9fil\u00e9-carnaval\"}]},{\"@type\":\"WebSite\",\"@id\":\"http:\\\/\\\/monmaghreb.com\\\/#website\",\"url\":\"http:\\\/\\\/monmaghreb.com\\\/\",\"name\":\"Mon Maghreb\",\"description\":\"MonMaghreb United\",\"publisher\":{\"@id\":\"http:\\\/\\\/monmaghreb.com\\\/#organization\"},\"alternateName\":\"Le Monde du Maghreb et au del\u00e0\",\"potentialAction\":[{\"@type\":\"SearchAction\",\"target\":{\"@type\":\"EntryPoint\",\"urlTemplate\":\"http:\\\/\\\/monmaghreb.com\\\/?s={search_term_string}\"},\"query-input\":{\"@type\":\"PropertyValueSpecification\",\"valueRequired\":true,\"valueName\":\"search_term_string\"}}],\"inLanguage\":\"en-US\"},{\"@type\":\"Organization\",\"@id\":\"http:\\\/\\\/monmaghreb.com\\\/#organization\",\"name\":\"Mon Maghreb\",\"url\":\"http:\\\/\\\/monmaghreb.com\\\/\",\"logo\":{\"@type\":\"ImageObject\",\"inLanguage\":\"en-US\",\"@id\":\"http:\\\/\\\/monmaghreb.com\\\/#\\\/schema\\\/logo\\\/image\\\/\",\"url\":\"https:\\\/\\\/monmaghreb.com\\\/wp-content\\\/uploads\\\/2025\\\/12\\\/Mon_Maghreb_Logo.jpg\",\"contentUrl\":\"https:\\\/\\\/monmaghreb.com\\\/wp-content\\\/uploads\\\/2025\\\/12\\\/Mon_Maghreb_Logo.jpg\",\"width\":814,\"height\":374,\"caption\":\"Mon Maghreb\"},\"image\":{\"@id\":\"http:\\\/\\\/monmaghreb.com\\\/#\\\/schema\\\/logo\\\/image\\\/\"}},{\"@type\":\"Person\",\"@id\":\"http:\\\/\\\/monmaghreb.com\\\/#\\\/schema\\\/person\\\/c469a89dc8c6b8987dcb438b1200d054\",\"name\":\"LaMagh\",\"image\":{\"@type\":\"ImageObject\",\"inLanguage\":\"en-US\",\"@id\":\"https:\\\/\\\/secure.gravatar.com\\\/avatar\\\/399d8144bd55fba55e056779aca52fe528bac7911f6449e54d81173d6dfd7f0a?s=96&d=mm&r=g\",\"url\":\"https:\\\/\\\/secure.gravatar.com\\\/avatar\\\/399d8144bd55fba55e056779aca52fe528bac7911f6449e54d81173d6dfd7f0a?s=96&d=mm&r=g\",\"contentUrl\":\"https:\\\/\\\/secure.gravatar.com\\\/avatar\\\/399d8144bd55fba55e056779aca52fe528bac7911f6449e54d81173d6dfd7f0a?s=96&d=mm&r=g\",\"caption\":\"LaMagh\"},\"sameAs\":[\"https:\\\/\\\/monmaghreb.com\",\"https:\\\/\\\/www.facebook.com\\\/monmaghrebcom\",\"https:\\\/\\\/x.com\\\/MMaghreb50977\"],\"url\":\"https:\\\/\\\/monmaghreb.com\\\/index.php\\\/author\\\/lamagh\\\/\"}]}<\/script>\n<!-- \/ Yoast SEO plugin. -->","yoast_head_json":{"title":"Yennayer 2976 : Paris f\u00eate le Nouvel An berb\u00e8re avec un gran","description":"Celebrate Berber New Year in Paris with a grand parade-carnival! Join over 3000 people in the vibrant Berbere quarter. Yennayer 2976, Jan 18.","robots":{"index":"index","follow":"follow","max-snippet":"max-snippet:-1","max-image-preview":"max-image-preview:large","max-video-preview":"max-video-preview:-1"},"canonical":"https:\/\/monmaghreb.com\/index.php\/2026\/03\/18\/yennayer-2976-paris-fete-le-nouvel-an-berbere-avec-un-grand-defile-carnaval\/","og_locale":"en_US","og_type":"article","og_title":"Yennayer 2976 : Paris f\u00eate le Nouvel An berb\u00e8re avec un grand d\u00e9fil\u00e9-carnaval","og_description":"Celebrate Berber New Year in Paris with a grand parade-carnival! Join over 3000 people in the vibrant Berbere quarter. Yennayer 2976, Jan 18.","og_url":"https:\/\/monmaghreb.com\/index.php\/2026\/03\/18\/yennayer-2976-paris-fete-le-nouvel-an-berbere-avec-un-grand-defile-carnaval\/","og_site_name":"Mon Maghreb","article_author":"https:\/\/www.facebook.com\/monmaghrebcom","article_published_time":"2026-03-18T07:14:09+00:00","article_modified_time":"2026-03-18T07:14:11+00:00","og_image":[{"width":1880,"height":1259,"url":"https:\/\/monmaghreb.com\/wp-content\/uploads\/2026\/03\/featured-172.jpg","type":"image\/jpeg"}],"author":"LaMagh","twitter_card":"summary_large_image","twitter_creator":"@MMaghreb50977","twitter_misc":{"Written by":"LaMagh","Est. reading time":"3 minutes"},"schema":{"@context":"https:\/\/schema.org","@graph":[{"@type":"Article","@id":"https:\/\/monmaghreb.com\/index.php\/2026\/03\/18\/yennayer-2976-paris-fete-le-nouvel-an-berbere-avec-un-grand-defile-carnaval\/#article","isPartOf":{"@id":"https:\/\/monmaghreb.com\/index.php\/2026\/03\/18\/yennayer-2976-paris-fete-le-nouvel-an-berbere-avec-un-grand-defile-carnaval\/"},"author":{"name":"LaMagh","@id":"http:\/\/monmaghreb.com\/#\/schema\/person\/c469a89dc8c6b8987dcb438b1200d054"},"headline":"Yennayer 2976 : Paris f\u00eate le Nouvel An berb\u00e8re avec un grand d\u00e9fil\u00e9-carnaval","datePublished":"2026-03-18T07:14:09+00:00","dateModified":"2026-03-18T07:14:11+00:00","mainEntityOfPage":{"@id":"https:\/\/monmaghreb.com\/index.php\/2026\/03\/18\/yennayer-2976-paris-fete-le-nouvel-an-berbere-avec-un-grand-defile-carnaval\/"},"wordCount":630,"publisher":{"@id":"http:\/\/monmaghreb.com\/#organization"},"image":{"@id":"https:\/\/monmaghreb.com\/index.php\/2026\/03\/18\/yennayer-2976-paris-fete-le-nouvel-an-berbere-avec-un-grand-defile-carnaval\/#primaryimage"},"thumbnailUrl":"https:\/\/monmaghreb.com\/wp-content\/uploads\/2026\/03\/featured-172.jpg","keywords":["berber culture","celebration","maghrebi community","paris festival","yennayer"],"articleSection":["Histoire &amp; Patrimoine"],"inLanguage":"en-US"},{"@type":"WebPage","@id":"https:\/\/monmaghreb.com\/index.php\/2026\/03\/18\/yennayer-2976-paris-fete-le-nouvel-an-berbere-avec-un-grand-defile-carnaval\/","url":"https:\/\/monmaghreb.com\/index.php\/2026\/03\/18\/yennayer-2976-paris-fete-le-nouvel-an-berbere-avec-un-grand-defile-carnaval\/","name":"Yennayer 2976 : Paris f\u00eate le Nouvel An berb\u00e8re avec un gran","isPartOf":{"@id":"http:\/\/monmaghreb.com\/#website"},"primaryImageOfPage":{"@id":"https:\/\/monmaghreb.com\/index.php\/2026\/03\/18\/yennayer-2976-paris-fete-le-nouvel-an-berbere-avec-un-grand-defile-carnaval\/#primaryimage"},"image":{"@id":"https:\/\/monmaghreb.com\/index.php\/2026\/03\/18\/yennayer-2976-paris-fete-le-nouvel-an-berbere-avec-un-grand-defile-carnaval\/#primaryimage"},"thumbnailUrl":"https:\/\/monmaghreb.com\/wp-content\/uploads\/2026\/03\/featured-172.jpg","datePublished":"2026-03-18T07:14:09+00:00","dateModified":"2026-03-18T07:14:11+00:00","description":"Celebrate Berber New Year in Paris with a grand parade-carnival! Join over 3000 people in the vibrant Berbere quarter. Yennayer 2976, Jan 18.","breadcrumb":{"@id":"https:\/\/monmaghreb.com\/index.php\/2026\/03\/18\/yennayer-2976-paris-fete-le-nouvel-an-berbere-avec-un-grand-defile-carnaval\/#breadcrumb"},"inLanguage":"en-US","potentialAction":[{"@type":"ReadAction","target":["https:\/\/monmaghreb.com\/index.php\/2026\/03\/18\/yennayer-2976-paris-fete-le-nouvel-an-berbere-avec-un-grand-defile-carnaval\/"]}]},{"@type":"ImageObject","inLanguage":"en-US","@id":"https:\/\/monmaghreb.com\/index.php\/2026\/03\/18\/yennayer-2976-paris-fete-le-nouvel-an-berbere-avec-un-grand-defile-carnaval\/#primaryimage","url":"https:\/\/monmaghreb.com\/wp-content\/uploads\/2026\/03\/featured-172.jpg","contentUrl":"https:\/\/monmaghreb.com\/wp-content\/uploads\/2026\/03\/featured-172.jpg","width":1880,"height":1259,"caption":"Crowd celebrating Yennayer 2976 Berber New Year parade in Paris"},{"@type":"BreadcrumbList","@id":"https:\/\/monmaghreb.com\/index.php\/2026\/03\/18\/yennayer-2976-paris-fete-le-nouvel-an-berbere-avec-un-grand-defile-carnaval\/#breadcrumb","itemListElement":[{"@type":"ListItem","position":1,"name":"Home","item":"http:\/\/monmaghreb.com\/"},{"@type":"ListItem","position":2,"name":"Yennayer 2976 : Paris f\u00eate le Nouvel An berb\u00e8re avec un grand d\u00e9fil\u00e9-carnaval"}]},{"@type":"WebSite","@id":"http:\/\/monmaghreb.com\/#website","url":"http:\/\/monmaghreb.com\/","name":"Mon Maghreb","description":"MonMaghreb United","publisher":{"@id":"http:\/\/monmaghreb.com\/#organization"},"alternateName":"Le Monde du Maghreb et au del\u00e0","potentialAction":[{"@type":"SearchAction","target":{"@type":"EntryPoint","urlTemplate":"http:\/\/monmaghreb.com\/?s={search_term_string}"},"query-input":{"@type":"PropertyValueSpecification","valueRequired":true,"valueName":"search_term_string"}}],"inLanguage":"en-US"},{"@type":"Organization","@id":"http:\/\/monmaghreb.com\/#organization","name":"Mon Maghreb","url":"http:\/\/monmaghreb.com\/","logo":{"@type":"ImageObject","inLanguage":"en-US","@id":"http:\/\/monmaghreb.com\/#\/schema\/logo\/image\/","url":"https:\/\/monmaghreb.com\/wp-content\/uploads\/2025\/12\/Mon_Maghreb_Logo.jpg","contentUrl":"https:\/\/monmaghreb.com\/wp-content\/uploads\/2025\/12\/Mon_Maghreb_Logo.jpg","width":814,"height":374,"caption":"Mon Maghreb"},"image":{"@id":"http:\/\/monmaghreb.com\/#\/schema\/logo\/image\/"}},{"@type":"Person","@id":"http:\/\/monmaghreb.com\/#\/schema\/person\/c469a89dc8c6b8987dcb438b1200d054","name":"LaMagh","image":{"@type":"ImageObject","inLanguage":"en-US","@id":"https:\/\/secure.gravatar.com\/avatar\/399d8144bd55fba55e056779aca52fe528bac7911f6449e54d81173d6dfd7f0a?s=96&d=mm&r=g","url":"https:\/\/secure.gravatar.com\/avatar\/399d8144bd55fba55e056779aca52fe528bac7911f6449e54d81173d6dfd7f0a?s=96&d=mm&r=g","contentUrl":"https:\/\/secure.gravatar.com\/avatar\/399d8144bd55fba55e056779aca52fe528bac7911f6449e54d81173d6dfd7f0a?s=96&d=mm&r=g","caption":"LaMagh"},"sameAs":["https:\/\/monmaghreb.com","https:\/\/www.facebook.com\/monmaghrebcom","https:\/\/x.com\/MMaghreb50977"],"url":"https:\/\/monmaghreb.com\/index.php\/author\/lamagh\/"}]}},"_links":{"self":[{"href":"https:\/\/monmaghreb.com\/index.php\/wp-json\/wp\/v2\/posts\/1446","targetHints":{"allow":["GET"]}}],"collection":[{"href":"https:\/\/monmaghreb.com\/index.php\/wp-json\/wp\/v2\/posts"}],"about":[{"href":"https:\/\/monmaghreb.com\/index.php\/wp-json\/wp\/v2\/types\/post"}],"author":[{"embeddable":true,"href":"https:\/\/monmaghreb.com\/index.php\/wp-json\/wp\/v2\/users\/1"}],"replies":[{"embeddable":true,"href":"https:\/\/monmaghreb.com\/index.php\/wp-json\/wp\/v2\/comments?post=1446"}],"version-history":[{"count":1,"href":"https:\/\/monmaghreb.com\/index.php\/wp-json\/wp\/v2\/posts\/1446\/revisions"}],"predecessor-version":[{"id":1447,"href":"https:\/\/monmaghreb.com\/index.php\/wp-json\/wp\/v2\/posts\/1446\/revisions\/1447"}],"wp:featuredmedia":[{"embeddable":true,"href":"https:\/\/monmaghreb.com\/index.php\/wp-json\/wp\/v2\/media\/1445"}],"wp:attachment":[{"href":"https:\/\/monmaghreb.com\/index.php\/wp-json\/wp\/v2\/media?parent=1446"}],"wp:term":[{"taxonomy":"category","embeddable":true,"href":"https:\/\/monmaghreb.com\/index.php\/wp-json\/wp\/v2\/categories?post=1446"},{"taxonomy":"post_tag","embeddable":true,"href":"https:\/\/monmaghreb.com\/index.php\/wp-json\/wp\/v2\/tags?post=1446"}],"curies":[{"name":"wp","href":"https:\/\/api.w.org\/{rel}","templated":true}]}}