{"id":1455,"date":"2026-03-18T12:28:15","date_gmt":"2026-03-18T12:28:15","guid":{"rendered":"https:\/\/monmaghreb.com\/index.php\/2026\/03\/18\/eid-al-fitr-date-signification-et-celebrations-dans-le-monde-musulman\/"},"modified":"2026-03-18T12:28:21","modified_gmt":"2026-03-18T12:28:21","slug":"eid-al-fitr-date-signification-et-celebrations-dans-le-monde-musulman","status":"publish","type":"post","link":"https:\/\/monmaghreb.com\/index.php\/2026\/03\/18\/eid-al-fitr-date-signification-et-celebrations-dans-le-monde-musulman\/","title":{"rendered":"Eid al-Fitr : date, signification et c\u00e9l\u00e9brations dans le monde musulman"},"content":{"rendered":"<p><!DOCTYPE html><br \/>\n<html lang='fr'><br \/>\n<head><br \/>\n\t<meta charset='UTF-8'><br \/>\n\t<meta name='viewport' content='width=device-width, initial-scale=1.0'><br \/>\n\t<title>Eid al-Fitr : date, signification et c\u00e9l\u00e9brations dans le monde musulman<\/title><br \/>\n<\/head><br \/>\n<body><\/p>\n<h1>Eid al-Fitr : l&#8217;aube de la joie et de la gratitude apr\u00e8s le Ramadan<\/h1>\n<p>\t<script type=\"application\/ld+json\">\n{\n  \"@context\": \"https:\/\/schema.org\/\",\n  \"@type\": \"Recipe\",\n  \"name\": \"Eid al-Fitr\",\n  \"description\": \"C\u00e9l\u00e9bration musulmane marquant la fin du mois de Ramadan.\",\n  \"prepTime\": \"PT15M\",\n  \"cookTime\": \"PT30M\",\n  \"totalTime\": \"PT45M\",\n  \"recipeYield\": \"4 portions\",\n  \"recipeIngredient\": [\n    \"200g semoule\"\n  ],\n  \"recipeInstructions\": [\n    {\n      \"@type\": \"HowToStep\",\n      \"text\": \"\u00c9tape 1: Faire cuire la semoule suivant les instructions sur le paquet.\"\n    },\n    {\n      \"@type\": \"HowToStep\",\n      \"text\": \"\u00c9tape 2: Servir avec des plats traditionnels pour la c\u00e9l\u00e9bration de l'Eid al-Fitr.\"\n    }\n  ],\n  \"recipeCategory\": \"Main Course\",\n  \"recipeCuisine\": \"Marocaine\",\n  \"keywords\": [\n    \"recette\",\n    \"maghreb\"\n  ],\n  \"datePublished\": \"2026-03-18\",\n  \"author\": {\n    \"@type\": \"Organization\",\n    \"name\": \"\"\n  },\n  \"nutrition\": {\n    \"@type\": \"NutritionInformation\",\n    \"calories\": \"350 calories\"\n  }\n}\n<\/script><\/p>\n<p>Le mois de Ramadan est une p\u00e9riode de pri\u00e8re, de je\u00fbne et de d\u00e9votion pour les musulmans dans le monde entier. \u00c0 sa fin, ils c\u00e9l\u00e8brent ensemble l&#8217;Eid al-Fitr, qui marque la fin du je\u00fbne mensuel et leur offre l&#8217;occasion de se r\u00e9concilier et de c\u00e9l\u00e9brer leur foi en famille et en communaut\u00e9.<\/p>\n<h2>1. La date de l&#8217;Eid al-Fitr<\/h2>\n<p>L&#8217;Eid al-Fitr est c\u00e9l\u00e9br\u00e9e le premier jour du mois de Shawwal selon le calendrier lunaire islamique. Cette date peut varier chaque ann\u00e9e, en fonction des observations lunaires locales.<\/p>\n<p>Pour les musulmans vivant dans les zones temp\u00e9r\u00e9es, la fin du Ramadan se d\u00e9termine par la vue de la lune apr\u00e8s le coucher du soleil. Cela signifie que les observateurs doivent attendre que la lune soit visible \u00e0 l&#8217;\u0153il nu pour d\u00e9terminer la date exacte de l&#8217;Eid al-Fitr.<\/p>\n<h2>2. La signification de l&#8217;Eid al-Fitr<\/h2>\n<p>L&#8217;Eid al-Fitr marque la fin du je\u00fbne mensuel et est une occasion pour les musulmans de remercier Allah pour leur force et leurs efforts durant le Ramadan.<\/p>\n<p>Cette f\u00eate est \u00e9galement un moment de r\u00e9conciliation entre les membres de la communaut\u00e9, qui s&#8217;offrent des pardons mutuels en reconnaissance du bien qu&#8217;ils ont fait l&#8217;un \u00e0 l&#8217;autre pendant le mois pr\u00e9c\u00e9dent.<\/p>\n<p>Les musulmans consid\u00e8rent que l&#8217;Eid al-Fitr est une chance pour eux d&#8217;am\u00e9liorer leur caract\u00e8re et de cultiver la patience, l&#8217;humilit\u00e9 et la charit\u00e9 envers les autres.<\/p>\n<h2>3. Les c\u00e9l\u00e9brations et traditions<\/h2>\n<p>Les c\u00e9l\u00e9brations de l&#8217;Eid al-Fitr varient selon les r\u00e9gions du monde musulman, mais certaines traditions sont communes \u00e0 presque tous les pays.<\/p>\n<p>Avec des amis ou en famille, il est coutume de se r\u00e9unir pour partager un repas traditionnel compos\u00e9 de plats d\u00e9licieux, tels que la moutarde d&#8217;agneau, les g\u00e2teaux de no\u00ebl et les fruits frais.<\/p>\n<p>Les enfants re\u00e7oivent g\u00e9n\u00e9ralement des cadeaux, tandis que les adultes s&#8217;offrent mutuellement des visites et des bienfaits.<\/p>\n<h2>4. L&#8217;Eid al-Fitr dans le Maghreb<\/h2>\n<p>Dans les pays du Maghreb, l&#8217;Eid al-Fitr est une occasion pour c\u00e9l\u00e9brer en famille et avec la communaut\u00e9. Les villes se r\u00e9veillent sous un tapis de couleurs vives, avec des chars \u00e0 th\u00e8me religieux ou patriotique qui parcourent les rues.<\/p>\n<p>Les familles s&#8217;habillent dans leurs meilleures tenues et se rendent au lieu de pri\u00e8re le matin pour participer \u00e0 la grande pri\u00e8re dite en groupe, suivie du repas traditionnel.<\/p>\n<h2>5. L&#8217;Eid al-Fitr dans le monde entier<\/h2>\n<p>L&#8217;Eid al-Fitr est une occasion pour les musulmans de se r\u00e9unir avec leurs proches et d&#8217;exalter leur foi en famille et en communaut\u00e9. Les c\u00e9l\u00e9brations peuvent prendre la forme de processions, de feux d&#8217;artifice ou d&#8217;\u00e9v\u00e9nements communautaires.<\/p>\n<p>Dans certaines r\u00e9gions, les musulmans c\u00e9l\u00e9brent l&#8217;Eid al-Fitr en participant \u00e0 des processions nocturnes, appel\u00e9es marathons de lumi\u00e8res, o\u00f9 ils brandissent des lanternes et chantent des psaumes.<\/p>\n<h2>6. Appel \u00e0 l&#8217;action<\/h2>\n<p>Nous invitons tous les lecteurs <a href=\"https:\/\/monmaghreb.com\/index.php\/2026\/03\/17\/celebrer-aid-el-fitr-2026-recuperes-et-recettes-gourmandes-pour-les-maghrebins-de-la-diaspora\/\" title=\"C\u00e9l\u00e9brer A\u00efd el-Fitr 2026 : R\u00e9cup\u00e8res et recettes gourmandes pour les Maghr\u00e9bins de la diaspora\">maghr\u00e9bins<\/a> dans la diaspora \u00e0 profiter de cette p\u00e9riode pour renforcer leurs liens avec leur foi et leur communaut\u00e9 musulmane, et pour f\u00eater l&#8217;Eid al-Fitr en honneur de leur d\u00e9votion au cours du mois pr\u00e9c\u00e9dent.<\/p>\n<p>Cette ann\u00e9e, nous vous invitons \u00e9galement \u00e0 consacrer une partie de votre temps \u00e0 aider les plus pauvres et n\u00e9cessiteux. Nous sommes tous en qu\u00eate de paix et de solidarit\u00e9 dans notre monde, et cela commence par l&#8217;aide mutuelle entre nos fr\u00e8res et s\u0153urs musulmans.<\/p>\n<div style=\"background:#f8f9fa;border-left:4px solid #0066cc;border-radius:6px;padding:20px 24px;margin:32px 0;\">\n<p style=\"font-size:13px;color:#888;text-transform:uppercase;letter-spacing:0.8px;margin:0 0 6px 0;\">Vous pourriez aussi aimer<\/p>\n<h3 style=\"font-size:18px;margin:0 0 14px 0;color:#222;\">Articles similaires<\/h3>\n<ul style=\"margin:0;padding-left:20px;list-style:disc;\">\n<li style=\"margin-bottom:10px;\"><a href=\"https:\/\/monmaghreb.com\/index.php\/2026\/03\/17\/celebrer-aid-el-fitr-2026-recuperes-et-recettes-gourmandes-pour-les-maghrebins-de-la-diaspora\/\" style=\"color:#0066cc;text-decoration:none;font-weight:500;\" title=\"C\u00e9l\u00e9brer A\u00efd el-Fitr 2026 : R\u00e9cup\u00e8res et recettes gourmandes pour les Maghr\u00e9bins de la diaspora\">C\u00e9l\u00e9brer A\u00efd el-Fitr 2026 : R\u00e9cup\u00e8res et recettes gourmandes pour les Maghr\u00e9bins de la diaspora<\/a><\/li>\n<li style=\"margin-bottom:10px;\"><a href=\"https:\/\/monmaghreb.com\/index.php\/2026\/03\/17\/ramadan-2026-aid-el-fitr-a-lyon-la-grande-mosquee-repond-aux-questions-des-musulmans\/\" style=\"color:#0066cc;text-decoration:none;font-weight:500;\" title=\"Ramadan 2026 : Aid el-Fitr \u00e0 Lyon : la Grande Mosqu\u00e9e r\u00e9pond aux questions des musulmans\">Ramadan 2026 : Aid el-Fitr \u00e0 Lyon : la Grande Mosqu\u00e9e r\u00e9pond aux questions des musulmans<\/a><\/li>\n<li style=\"margin-bottom:10px;\"><a href=\"https:\/\/monmaghreb.com\/index.php\/2026\/03\/16\/55-recettes-algeriennes-a-essayer-pour-le-ftour-decouvrez-les-traditions-culinaires-pendant-aid-el-fitr\/\" style=\"color:#0066cc;text-decoration:none;font-weight:500;\" title=\"55 recettes alg\u00e9riennes \u00e0 essayer pour le ftour : d\u00e9couvrez les traditions culinaires pendant A\u00efd el-Fitr\">55 recettes alg\u00e9riennes \u00e0 essayer pour le ftour : d\u00e9couvrez les traditions culinaires pendant A\u00efd el-Fitr<\/a><\/li>\n<li style=\"margin-bottom:10px;\"><a href=\"https:\/\/monmaghreb.com\/index.php\/2026\/03\/15\/aid-el-kebir-la-grande-fete-musulmane-qui-commence-ce-vendredi\/\" style=\"color:#0066cc;text-decoration:none;font-weight:500;\" title=\"A\u00efd el-K\u00e9bir : La grande f\u00eate musulmane qui commence ce vendredi\">A\u00efd el-K\u00e9bir : La grande f\u00eate musulmane qui commence ce vendredi<\/a><\/li>\n<li style=\"margin-bottom:10px;\"><a href=\"https:\/\/monmaghreb.com\/index.php\/2026\/03\/14\/la-gauche-radicale-espagnole-prend-position-en-faveur-de-lislam-face-a-lextreme-droite-de-vox-une-solidarite-necessaire-pour-la-diversite-religieuse-en-espagne\/\" style=\"color:#0066cc;text-decoration:none;font-weight:500;\" title=\"La gauche radicale espagnole prend position en faveur de l&#8217;islam face \u00e0 l&#8217;extr\u00eame droite de Vox : une solidarit\u00e9 n\u00e9cessaire pour la diversit\u00e9 religieuse en Espagne\">La gauche radicale espagnole prend position en faveur de l&#8217;islam face \u00e0 l&#8217;extr\u00eame droite de Vox : une solidarit\u00e9 n\u00e9cessaire pour la diversit\u00e9 religieuse en Espagne<\/a><\/li>\n<\/ul>\n<\/div>\n<p><\/body><br \/>\n<\/html><\/p>\n","protected":false},"excerpt":{"rendered":"<p>C\u00e9l\u00e9brons Eid al-Fitr : la date du jour de rupture du je\u00fbne Ramadan dans le monde musulman. Rejoignez les c\u00e9r\u00e9monies et d\u00e9couvrez leurs significations.<\/p>\n","protected":false},"author":1,"featured_media":1454,"comment_status":"closed","ping_status":"open","sticky":false,"template":"","format":"standard","meta":{"_yoast_wpseo_focuskw":"eid al-fitr date","_yoast_wpseo_title":"Eid al-Fitr : date, signification et c\u00e9l\u00e9brations dans le mo","_yoast_wpseo_metadesc":"C\u00e9l\u00e9brons Eid al-Fitr : la date du jour de rupture du je\u00fbne Ramadan dans le monde musulman. Rejoignez les c\u00e9r\u00e9monies et d\u00e9couvrez leurs significations.","_yoast_wpseo_canonical":"","_yoast_wpseo_opengraph-title":"Eid al-Fitr : date, signification et c\u00e9l\u00e9brations dans le monde musulman","_yoast_wpseo_opengraph-description":"C\u00e9l\u00e9brons Eid al-Fitr : la date du jour de rupture du je\u00fbne Ramadan dans le monde musulman. Rejoignez les c\u00e9r\u00e9monies et d\u00e9couvrez leurs significations.","_yoast_wpseo_opengraph-image":"","tdm_status":"","tdm_grid_status":"","footnotes":""},"categories":[651],"tags":[770,743,815,1077,1078],"class_list":["post-1455","post","type-post","status-publish","format-standard","has-post-thumbnail","hentry","category-ramadan-iftar","tag-celebration","tag-culture-islamique","tag-culture-musulmane","tag-eid-al-fitr","tag-mondialisation"],"yoast_head":"<!-- This site is optimized with the Yoast SEO plugin v27.5 - https:\/\/yoast.com\/product\/yoast-seo-wordpress\/ -->\n<title>Eid al-Fitr : date, signification et c\u00e9l\u00e9brations dans le mo<\/title>\n<meta name=\"description\" content=\"C\u00e9l\u00e9brons Eid al-Fitr : la date du jour de rupture du je\u00fbne Ramadan dans le monde musulman. Rejoignez les c\u00e9r\u00e9monies et d\u00e9couvrez leurs significations.\" \/>\n<meta name=\"robots\" content=\"index, follow, max-snippet:-1, max-image-preview:large, max-video-preview:-1\" \/>\n<link rel=\"canonical\" href=\"https:\/\/monmaghreb.com\/index.php\/2026\/03\/18\/eid-al-fitr-date-signification-et-celebrations-dans-le-monde-musulman\/\" \/>\n<meta property=\"og:locale\" content=\"en_US\" \/>\n<meta property=\"og:type\" content=\"article\" \/>\n<meta property=\"og:title\" content=\"Eid al-Fitr : date, signification et c\u00e9l\u00e9brations dans le monde musulman\" \/>\n<meta property=\"og:description\" content=\"C\u00e9l\u00e9brons Eid al-Fitr : la date du jour de rupture du je\u00fbne Ramadan dans le monde musulman. Rejoignez les c\u00e9r\u00e9monies et d\u00e9couvrez leurs significations.\" \/>\n<meta property=\"og:url\" content=\"https:\/\/monmaghreb.com\/index.php\/2026\/03\/18\/eid-al-fitr-date-signification-et-celebrations-dans-le-monde-musulman\/\" \/>\n<meta property=\"og:site_name\" content=\"Mon Maghreb\" \/>\n<meta property=\"article:author\" content=\"https:\/\/www.facebook.com\/monmaghrebcom\" \/>\n<meta property=\"article:published_time\" content=\"2026-03-18T12:28:15+00:00\" \/>\n<meta property=\"article:modified_time\" content=\"2026-03-18T12:28:21+00:00\" \/>\n<meta property=\"og:image\" content=\"https:\/\/monmaghreb.com\/wp-content\/uploads\/2026\/03\/featured-175.jpg\" \/>\n\t<meta property=\"og:image:width\" content=\"1880\" \/>\n\t<meta property=\"og:image:height\" content=\"1253\" \/>\n\t<meta property=\"og:image:type\" content=\"image\/jpeg\" \/>\n<meta name=\"author\" content=\"LaMagh\" \/>\n<meta name=\"twitter:card\" content=\"summary_large_image\" \/>\n<meta name=\"twitter:creator\" content=\"@MMaghreb50977\" \/>\n<meta name=\"twitter:label1\" content=\"Written by\" \/>\n\t<meta name=\"twitter:data1\" content=\"LaMagh\" \/>\n\t<meta name=\"twitter:label2\" content=\"Est. reading time\" \/>\n\t<meta name=\"twitter:data2\" content=\"4 minutes\" \/>\n<script type=\"application\/ld+json\" class=\"yoast-schema-graph\">{\"@context\":\"https:\\\/\\\/schema.org\",\"@graph\":[{\"@type\":\"Article\",\"@id\":\"https:\\\/\\\/monmaghreb.com\\\/index.php\\\/2026\\\/03\\\/18\\\/eid-al-fitr-date-signification-et-celebrations-dans-le-monde-musulman\\\/#article\",\"isPartOf\":{\"@id\":\"https:\\\/\\\/monmaghreb.com\\\/index.php\\\/2026\\\/03\\\/18\\\/eid-al-fitr-date-signification-et-celebrations-dans-le-monde-musulman\\\/\"},\"author\":{\"name\":\"LaMagh\",\"@id\":\"http:\\\/\\\/monmaghreb.com\\\/#\\\/schema\\\/person\\\/c469a89dc8c6b8987dcb438b1200d054\"},\"headline\":\"Eid al-Fitr : date, signification et c\u00e9l\u00e9brations dans le monde musulman\",\"datePublished\":\"2026-03-18T12:28:15+00:00\",\"dateModified\":\"2026-03-18T12:28:21+00:00\",\"mainEntityOfPage\":{\"@id\":\"https:\\\/\\\/monmaghreb.com\\\/index.php\\\/2026\\\/03\\\/18\\\/eid-al-fitr-date-signification-et-celebrations-dans-le-monde-musulman\\\/\"},\"wordCount\":753,\"publisher\":{\"@id\":\"http:\\\/\\\/monmaghreb.com\\\/#organization\"},\"image\":{\"@id\":\"https:\\\/\\\/monmaghreb.com\\\/index.php\\\/2026\\\/03\\\/18\\\/eid-al-fitr-date-signification-et-celebrations-dans-le-monde-musulman\\\/#primaryimage\"},\"thumbnailUrl\":\"https:\\\/\\\/monmaghreb.com\\\/wp-content\\\/uploads\\\/2026\\\/03\\\/featured-175.jpg\",\"keywords\":[\"celebration\",\"culture islamique\",\"culture musulmane\",\"eid al fitr\",\"mondialisation\"],\"articleSection\":[\"Ramadan &amp; Iftar\"],\"inLanguage\":\"en-US\"},{\"@type\":\"WebPage\",\"@id\":\"https:\\\/\\\/monmaghreb.com\\\/index.php\\\/2026\\\/03\\\/18\\\/eid-al-fitr-date-signification-et-celebrations-dans-le-monde-musulman\\\/\",\"url\":\"https:\\\/\\\/monmaghreb.com\\\/index.php\\\/2026\\\/03\\\/18\\\/eid-al-fitr-date-signification-et-celebrations-dans-le-monde-musulman\\\/\",\"name\":\"Eid al-Fitr : date, signification et c\u00e9l\u00e9brations dans le mo\",\"isPartOf\":{\"@id\":\"http:\\\/\\\/monmaghreb.com\\\/#website\"},\"primaryImageOfPage\":{\"@id\":\"https:\\\/\\\/monmaghreb.com\\\/index.php\\\/2026\\\/03\\\/18\\\/eid-al-fitr-date-signification-et-celebrations-dans-le-monde-musulman\\\/#primaryimage\"},\"image\":{\"@id\":\"https:\\\/\\\/monmaghreb.com\\\/index.php\\\/2026\\\/03\\\/18\\\/eid-al-fitr-date-signification-et-celebrations-dans-le-monde-musulman\\\/#primaryimage\"},\"thumbnailUrl\":\"https:\\\/\\\/monmaghreb.com\\\/wp-content\\\/uploads\\\/2026\\\/03\\\/featured-175.jpg\",\"datePublished\":\"2026-03-18T12:28:15+00:00\",\"dateModified\":\"2026-03-18T12:28:21+00:00\",\"description\":\"C\u00e9l\u00e9brons Eid al-Fitr : la date du jour de rupture du je\u00fbne Ramadan dans le monde musulman. Rejoignez les c\u00e9r\u00e9monies et d\u00e9couvrez leurs significations.\",\"breadcrumb\":{\"@id\":\"https:\\\/\\\/monmaghreb.com\\\/index.php\\\/2026\\\/03\\\/18\\\/eid-al-fitr-date-signification-et-celebrations-dans-le-monde-musulman\\\/#breadcrumb\"},\"inLanguage\":\"en-US\",\"potentialAction\":[{\"@type\":\"ReadAction\",\"target\":[\"https:\\\/\\\/monmaghreb.com\\\/index.php\\\/2026\\\/03\\\/18\\\/eid-al-fitr-date-signification-et-celebrations-dans-le-monde-musulman\\\/\"]}]},{\"@type\":\"ImageObject\",\"inLanguage\":\"en-US\",\"@id\":\"https:\\\/\\\/monmaghreb.com\\\/index.php\\\/2026\\\/03\\\/18\\\/eid-al-fitr-date-signification-et-celebrations-dans-le-monde-musulman\\\/#primaryimage\",\"url\":\"https:\\\/\\\/monmaghreb.com\\\/wp-content\\\/uploads\\\/2026\\\/03\\\/featured-175.jpg\",\"contentUrl\":\"https:\\\/\\\/monmaghreb.com\\\/wp-content\\\/uploads\\\/2026\\\/03\\\/featured-175.jpg\",\"width\":1880,\"height\":1253,\"caption\":\"Famille musulmane se r\u00e9unissant pour c\u00e9l\u00e9brer Eid al-Fitr\"},{\"@type\":\"BreadcrumbList\",\"@id\":\"https:\\\/\\\/monmaghreb.com\\\/index.php\\\/2026\\\/03\\\/18\\\/eid-al-fitr-date-signification-et-celebrations-dans-le-monde-musulman\\\/#breadcrumb\",\"itemListElement\":[{\"@type\":\"ListItem\",\"position\":1,\"name\":\"Home\",\"item\":\"http:\\\/\\\/monmaghreb.com\\\/\"},{\"@type\":\"ListItem\",\"position\":2,\"name\":\"Eid al-Fitr : date, signification et c\u00e9l\u00e9brations dans le monde musulman\"}]},{\"@type\":\"WebSite\",\"@id\":\"http:\\\/\\\/monmaghreb.com\\\/#website\",\"url\":\"http:\\\/\\\/monmaghreb.com\\\/\",\"name\":\"Mon Maghreb\",\"description\":\"MonMaghreb United\",\"publisher\":{\"@id\":\"http:\\\/\\\/monmaghreb.com\\\/#organization\"},\"alternateName\":\"Le Monde du Maghreb et au del\u00e0\",\"potentialAction\":[{\"@type\":\"SearchAction\",\"target\":{\"@type\":\"EntryPoint\",\"urlTemplate\":\"http:\\\/\\\/monmaghreb.com\\\/?s={search_term_string}\"},\"query-input\":{\"@type\":\"PropertyValueSpecification\",\"valueRequired\":true,\"valueName\":\"search_term_string\"}}],\"inLanguage\":\"en-US\"},{\"@type\":\"Organization\",\"@id\":\"http:\\\/\\\/monmaghreb.com\\\/#organization\",\"name\":\"Mon Maghreb\",\"url\":\"http:\\\/\\\/monmaghreb.com\\\/\",\"logo\":{\"@type\":\"ImageObject\",\"inLanguage\":\"en-US\",\"@id\":\"http:\\\/\\\/monmaghreb.com\\\/#\\\/schema\\\/logo\\\/image\\\/\",\"url\":\"https:\\\/\\\/monmaghreb.com\\\/wp-content\\\/uploads\\\/2025\\\/12\\\/Mon_Maghreb_Logo.jpg\",\"contentUrl\":\"https:\\\/\\\/monmaghreb.com\\\/wp-content\\\/uploads\\\/2025\\\/12\\\/Mon_Maghreb_Logo.jpg\",\"width\":814,\"height\":374,\"caption\":\"Mon Maghreb\"},\"image\":{\"@id\":\"http:\\\/\\\/monmaghreb.com\\\/#\\\/schema\\\/logo\\\/image\\\/\"}},{\"@type\":\"Person\",\"@id\":\"http:\\\/\\\/monmaghreb.com\\\/#\\\/schema\\\/person\\\/c469a89dc8c6b8987dcb438b1200d054\",\"name\":\"LaMagh\",\"image\":{\"@type\":\"ImageObject\",\"inLanguage\":\"en-US\",\"@id\":\"https:\\\/\\\/secure.gravatar.com\\\/avatar\\\/399d8144bd55fba55e056779aca52fe528bac7911f6449e54d81173d6dfd7f0a?s=96&d=mm&r=g\",\"url\":\"https:\\\/\\\/secure.gravatar.com\\\/avatar\\\/399d8144bd55fba55e056779aca52fe528bac7911f6449e54d81173d6dfd7f0a?s=96&d=mm&r=g\",\"contentUrl\":\"https:\\\/\\\/secure.gravatar.com\\\/avatar\\\/399d8144bd55fba55e056779aca52fe528bac7911f6449e54d81173d6dfd7f0a?s=96&d=mm&r=g\",\"caption\":\"LaMagh\"},\"sameAs\":[\"https:\\\/\\\/monmaghreb.com\",\"https:\\\/\\\/www.facebook.com\\\/monmaghrebcom\",\"https:\\\/\\\/x.com\\\/MMaghreb50977\"],\"url\":\"https:\\\/\\\/monmaghreb.com\\\/index.php\\\/author\\\/lamagh\\\/\"}]}<\/script>\n<!-- \/ Yoast SEO plugin. -->","yoast_head_json":{"title":"Eid al-Fitr : date, signification et c\u00e9l\u00e9brations dans le mo","description":"C\u00e9l\u00e9brons Eid al-Fitr : la date du jour de rupture du je\u00fbne Ramadan dans le monde musulman. Rejoignez les c\u00e9r\u00e9monies et d\u00e9couvrez leurs significations.","robots":{"index":"index","follow":"follow","max-snippet":"max-snippet:-1","max-image-preview":"max-image-preview:large","max-video-preview":"max-video-preview:-1"},"canonical":"https:\/\/monmaghreb.com\/index.php\/2026\/03\/18\/eid-al-fitr-date-signification-et-celebrations-dans-le-monde-musulman\/","og_locale":"en_US","og_type":"article","og_title":"Eid al-Fitr : date, signification et c\u00e9l\u00e9brations dans le monde musulman","og_description":"C\u00e9l\u00e9brons Eid al-Fitr : la date du jour de rupture du je\u00fbne Ramadan dans le monde musulman. Rejoignez les c\u00e9r\u00e9monies et d\u00e9couvrez leurs significations.","og_url":"https:\/\/monmaghreb.com\/index.php\/2026\/03\/18\/eid-al-fitr-date-signification-et-celebrations-dans-le-monde-musulman\/","og_site_name":"Mon Maghreb","article_author":"https:\/\/www.facebook.com\/monmaghrebcom","article_published_time":"2026-03-18T12:28:15+00:00","article_modified_time":"2026-03-18T12:28:21+00:00","og_image":[{"width":1880,"height":1253,"url":"https:\/\/monmaghreb.com\/wp-content\/uploads\/2026\/03\/featured-175.jpg","type":"image\/jpeg"}],"author":"LaMagh","twitter_card":"summary_large_image","twitter_creator":"@MMaghreb50977","twitter_misc":{"Written by":"LaMagh","Est. reading time":"4 minutes"},"schema":{"@context":"https:\/\/schema.org","@graph":[{"@type":"Article","@id":"https:\/\/monmaghreb.com\/index.php\/2026\/03\/18\/eid-al-fitr-date-signification-et-celebrations-dans-le-monde-musulman\/#article","isPartOf":{"@id":"https:\/\/monmaghreb.com\/index.php\/2026\/03\/18\/eid-al-fitr-date-signification-et-celebrations-dans-le-monde-musulman\/"},"author":{"name":"LaMagh","@id":"http:\/\/monmaghreb.com\/#\/schema\/person\/c469a89dc8c6b8987dcb438b1200d054"},"headline":"Eid al-Fitr : date, signification et c\u00e9l\u00e9brations dans le monde musulman","datePublished":"2026-03-18T12:28:15+00:00","dateModified":"2026-03-18T12:28:21+00:00","mainEntityOfPage":{"@id":"https:\/\/monmaghreb.com\/index.php\/2026\/03\/18\/eid-al-fitr-date-signification-et-celebrations-dans-le-monde-musulman\/"},"wordCount":753,"publisher":{"@id":"http:\/\/monmaghreb.com\/#organization"},"image":{"@id":"https:\/\/monmaghreb.com\/index.php\/2026\/03\/18\/eid-al-fitr-date-signification-et-celebrations-dans-le-monde-musulman\/#primaryimage"},"thumbnailUrl":"https:\/\/monmaghreb.com\/wp-content\/uploads\/2026\/03\/featured-175.jpg","keywords":["celebration","culture islamique","culture musulmane","eid al fitr","mondialisation"],"articleSection":["Ramadan &amp; Iftar"],"inLanguage":"en-US"},{"@type":"WebPage","@id":"https:\/\/monmaghreb.com\/index.php\/2026\/03\/18\/eid-al-fitr-date-signification-et-celebrations-dans-le-monde-musulman\/","url":"https:\/\/monmaghreb.com\/index.php\/2026\/03\/18\/eid-al-fitr-date-signification-et-celebrations-dans-le-monde-musulman\/","name":"Eid al-Fitr : date, signification et c\u00e9l\u00e9brations dans le mo","isPartOf":{"@id":"http:\/\/monmaghreb.com\/#website"},"primaryImageOfPage":{"@id":"https:\/\/monmaghreb.com\/index.php\/2026\/03\/18\/eid-al-fitr-date-signification-et-celebrations-dans-le-monde-musulman\/#primaryimage"},"image":{"@id":"https:\/\/monmaghreb.com\/index.php\/2026\/03\/18\/eid-al-fitr-date-signification-et-celebrations-dans-le-monde-musulman\/#primaryimage"},"thumbnailUrl":"https:\/\/monmaghreb.com\/wp-content\/uploads\/2026\/03\/featured-175.jpg","datePublished":"2026-03-18T12:28:15+00:00","dateModified":"2026-03-18T12:28:21+00:00","description":"C\u00e9l\u00e9brons Eid al-Fitr : la date du jour de rupture du je\u00fbne Ramadan dans le monde musulman. Rejoignez les c\u00e9r\u00e9monies et d\u00e9couvrez leurs significations.","breadcrumb":{"@id":"https:\/\/monmaghreb.com\/index.php\/2026\/03\/18\/eid-al-fitr-date-signification-et-celebrations-dans-le-monde-musulman\/#breadcrumb"},"inLanguage":"en-US","potentialAction":[{"@type":"ReadAction","target":["https:\/\/monmaghreb.com\/index.php\/2026\/03\/18\/eid-al-fitr-date-signification-et-celebrations-dans-le-monde-musulman\/"]}]},{"@type":"ImageObject","inLanguage":"en-US","@id":"https:\/\/monmaghreb.com\/index.php\/2026\/03\/18\/eid-al-fitr-date-signification-et-celebrations-dans-le-monde-musulman\/#primaryimage","url":"https:\/\/monmaghreb.com\/wp-content\/uploads\/2026\/03\/featured-175.jpg","contentUrl":"https:\/\/monmaghreb.com\/wp-content\/uploads\/2026\/03\/featured-175.jpg","width":1880,"height":1253,"caption":"Famille musulmane se r\u00e9unissant pour c\u00e9l\u00e9brer Eid al-Fitr"},{"@type":"BreadcrumbList","@id":"https:\/\/monmaghreb.com\/index.php\/2026\/03\/18\/eid-al-fitr-date-signification-et-celebrations-dans-le-monde-musulman\/#breadcrumb","itemListElement":[{"@type":"ListItem","position":1,"name":"Home","item":"http:\/\/monmaghreb.com\/"},{"@type":"ListItem","position":2,"name":"Eid al-Fitr : date, signification et c\u00e9l\u00e9brations dans le monde musulman"}]},{"@type":"WebSite","@id":"http:\/\/monmaghreb.com\/#website","url":"http:\/\/monmaghreb.com\/","name":"Mon Maghreb","description":"MonMaghreb United","publisher":{"@id":"http:\/\/monmaghreb.com\/#organization"},"alternateName":"Le Monde du Maghreb et au del\u00e0","potentialAction":[{"@type":"SearchAction","target":{"@type":"EntryPoint","urlTemplate":"http:\/\/monmaghreb.com\/?s={search_term_string}"},"query-input":{"@type":"PropertyValueSpecification","valueRequired":true,"valueName":"search_term_string"}}],"inLanguage":"en-US"},{"@type":"Organization","@id":"http:\/\/monmaghreb.com\/#organization","name":"Mon Maghreb","url":"http:\/\/monmaghreb.com\/","logo":{"@type":"ImageObject","inLanguage":"en-US","@id":"http:\/\/monmaghreb.com\/#\/schema\/logo\/image\/","url":"https:\/\/monmaghreb.com\/wp-content\/uploads\/2025\/12\/Mon_Maghreb_Logo.jpg","contentUrl":"https:\/\/monmaghreb.com\/wp-content\/uploads\/2025\/12\/Mon_Maghreb_Logo.jpg","width":814,"height":374,"caption":"Mon Maghreb"},"image":{"@id":"http:\/\/monmaghreb.com\/#\/schema\/logo\/image\/"}},{"@type":"Person","@id":"http:\/\/monmaghreb.com\/#\/schema\/person\/c469a89dc8c6b8987dcb438b1200d054","name":"LaMagh","image":{"@type":"ImageObject","inLanguage":"en-US","@id":"https:\/\/secure.gravatar.com\/avatar\/399d8144bd55fba55e056779aca52fe528bac7911f6449e54d81173d6dfd7f0a?s=96&d=mm&r=g","url":"https:\/\/secure.gravatar.com\/avatar\/399d8144bd55fba55e056779aca52fe528bac7911f6449e54d81173d6dfd7f0a?s=96&d=mm&r=g","contentUrl":"https:\/\/secure.gravatar.com\/avatar\/399d8144bd55fba55e056779aca52fe528bac7911f6449e54d81173d6dfd7f0a?s=96&d=mm&r=g","caption":"LaMagh"},"sameAs":["https:\/\/monmaghreb.com","https:\/\/www.facebook.com\/monmaghrebcom","https:\/\/x.com\/MMaghreb50977"],"url":"https:\/\/monmaghreb.com\/index.php\/author\/lamagh\/"}]}},"_links":{"self":[{"href":"https:\/\/monmaghreb.com\/index.php\/wp-json\/wp\/v2\/posts\/1455","targetHints":{"allow":["GET"]}}],"collection":[{"href":"https:\/\/monmaghreb.com\/index.php\/wp-json\/wp\/v2\/posts"}],"about":[{"href":"https:\/\/monmaghreb.com\/index.php\/wp-json\/wp\/v2\/types\/post"}],"author":[{"embeddable":true,"href":"https:\/\/monmaghreb.com\/index.php\/wp-json\/wp\/v2\/users\/1"}],"replies":[{"embeddable":true,"href":"https:\/\/monmaghreb.com\/index.php\/wp-json\/wp\/v2\/comments?post=1455"}],"version-history":[{"count":1,"href":"https:\/\/monmaghreb.com\/index.php\/wp-json\/wp\/v2\/posts\/1455\/revisions"}],"predecessor-version":[{"id":1456,"href":"https:\/\/monmaghreb.com\/index.php\/wp-json\/wp\/v2\/posts\/1455\/revisions\/1456"}],"wp:featuredmedia":[{"embeddable":true,"href":"https:\/\/monmaghreb.com\/index.php\/wp-json\/wp\/v2\/media\/1454"}],"wp:attachment":[{"href":"https:\/\/monmaghreb.com\/index.php\/wp-json\/wp\/v2\/media?parent=1455"}],"wp:term":[{"taxonomy":"category","embeddable":true,"href":"https:\/\/monmaghreb.com\/index.php\/wp-json\/wp\/v2\/categories?post=1455"},{"taxonomy":"post_tag","embeddable":true,"href":"https:\/\/monmaghreb.com\/index.php\/wp-json\/wp\/v2\/tags?post=1455"}],"curies":[{"name":"wp","href":"https:\/\/api.w.org\/{rel}","templated":true}]}}