{"id":1461,"date":"2026-03-18T13:28:08","date_gmt":"2026-03-18T13:28:08","guid":{"rendered":"https:\/\/monmaghreb.com\/index.php\/2026\/03\/18\/aid-el-kebir-2026-une-fete-sacree-au-coeur-des-traditions-maghrebines-en-diaspora\/"},"modified":"2026-03-18T19:29:07","modified_gmt":"2026-03-18T19:29:07","slug":"aid-el-kebir-2026-une-fete-sacree-au-coeur-des-traditions-maghrebines-en-diaspora","status":"publish","type":"post","link":"https:\/\/monmaghreb.com\/index.php\/2026\/03\/18\/aid-el-kebir-2026-une-fete-sacree-au-coeur-des-traditions-maghrebines-en-diaspora\/","title":{"rendered":"A\u00efd el-K\u00e9bir 2026 : une f\u00eate sacr\u00e9e au c\u0153ur des traditions maghr\u00e9bines en diaspora"},"content":{"rendered":"<p><!DOCTYPE html><br \/>\n<html lang=\"fr\"><br \/>\n<head><br \/>\n<meta charset=\"UTF-8\"><br \/>\n<meta name=\"viewport\" content=\"width=device-width, initial-scale=1.0\"><br \/>\n<title>A\u00efd el-K\u00e9bir 2026<\/title><br \/>\n<\/head><br \/>\n<body><\/p>\n<h1>A\u00efd el-K\u00e9bir 2026 : une f\u00eate sacr\u00e9e au c\u0153ur des traditions maghr\u00e9bines en diaspora<\/h1>\n<p><script type=\"application\/ld+json\">\n{\n  \"@context\": \"https:\/\/schema.org\/\",\n  \"@type\": \"Recipe\",\n  \"name\": \"A\u00efd el-K\u00e9bir\",\n  \"description\": \"Une f\u00eate sacr\u00e9e au c\u0153ur des traditions maghr\u00e9bines en diaspora. Cette recette est une repr\u00e9sentation symbolique de la pr\u00e9paration des sacrifices qui se d\u00e9roule avant l'A\u00efd el-K\u00e9bir.\",\n  \"prepTime\": \"PT15M\",\n  \"cookTime\": \"PT30M\",\n  \"totalTime\": \"PT45M\",\n  \"recipeYield\": \"4 portions\",\n  \"recipeIngredient\": [\n    \"200g semoule\"\n  ],\n  \"recipeInstructions\": [\n    {\n      \"@type\": \"HowToStep\",\n      \"text\": \"\u00c9tape 1 : Faire cuire la semoule suivant les instructions sur le paquet.\"\n    },\n    {\n      \"@type\": \"HowToStep\",\n      \"text\": \"\u00c9tape 2 : La s\u00e9parer en petites boules\"\n    },\n    {\n      \"@type\": \"HowToStep\",\n      \"text\": \"\u00c9tape 3 : Les former en forme de pain rond\"\n    },\n    {\n      \"@type\": \"HowToStep\",\n      \"text\": \"\u00c9tape 4 : Les mettre dans un plat recouvert d'eau bouillante et laisser cuire pendant 10 minutes\"\n    }\n  ],\n  \"recipeCategory\": \"Main Course\",\n  \"recipeCuisine\": \"Marocaine\",\n  \"keywords\": [\n    \"recette\",\n    \"maghreb\"\n  ],\n  \"datePublished\": \"2026-03-18\",\n  \"author\": {\n    \"@type\": \"Organization\",\n    \"name\": \"\"\n  },\n  \"nutrition\": {\n    \"@type\": \"NutritionInformation\",\n    \"calories\": \"350 calories\"\n  }\n}\n<\/script><\/p>\n<p>La F\u00eate <a href=\"https:\/\/monmaghreb.com\/index.php\/2026\/03\/15\/aid-el-kebir-la-grande-fete-musulmane-qui-commence-ce-vendredi\/\" title=\"A\u00efd el-K\u00e9bir : La grande f\u00eate musulmane qui commence ce vendredi\">musulmane<\/a> du sacrifice, connue sous le nom d&#8217;A\u00efd el-K\u00e9bir ou A\u00efd al-Adha, est une f\u00eate sacr\u00e9e qui marque l&#8217;un des moments les plus importants de l&#8217;ann\u00e9e pour les musulmans. C\u00e9l\u00e9br\u00e9e chaque ann\u00e9e pendant trois jours \u00e0 partir du 10e jour du mois de Dhou l-Hijjah selon le calendrier lunaire islamique, cette f\u00eate est une occasion pour c\u00e9l\u00e9brer la soumission et la d\u00e9votion aux enseignements de Dieu.<\/p>\n<p>Il y a des si\u00e8cles, les maghr\u00e9bins ont apport\u00e9 avec eux leurs traditions et leurs coutumes lorsqu&#8217;ils se sont install\u00e9s en diaspora. A\u00efd el-K\u00e9bir est une f\u00eate qui relie les g\u00e9n\u00e9rations et qui permet aux musulmans de se reconnecter avec leur pass\u00e9.<\/p>\n<h2>Les origines de l&#8217;A\u00efd el-K\u00e9bir<\/h2>\n<p>L&#8217;A\u00efd el-K\u00e9bir tire ses origines du sacrifice historique d&#8217;Ibrahim, comme d\u00e9crit dans la Bible et le Coran. Selon cette histoire, Dieu a demand\u00e9 \u00e0 Ibrahim de sacrifier son fils unique Isma\u00ebl sur un autel, mais en l&#8217;ultime moment, il a fourni un agneau pour \u00eatre sacrifi\u00e9 au lieu de son fils.<\/p>\n<p>Ce sacrifice symbolise la soumission totale et la d\u00e9votion sans faille aux enseignements divins. De nos jours, les musulmans c\u00e9l\u00e9brant l&#8217;A\u00efd el-K\u00e9bir effectuent un sacrifice d&#8217;agneau pour comm\u00e9morer le sacrifice d&#8217;Ibrahim. C&#8217;est une fa\u00e7on de montrer leur gratitude envers Dieu et de renforcer leur foi.<\/p>\n<p>La tradition du sacrifice est \u00e9galement une opportunit\u00e9 pour les musulmans de se rappeler que la v\u00e9ritable richesse ne r\u00e9side pas dans les biens mat\u00e9riels, mais dans la d\u00e9votion et la soumission \u00e0 Dieu.<\/p>\n<h2>La pr\u00e9paration des sacrifices<\/h2>\n<p>Dans la diaspora maghr\u00e9bine, la tradition du sacrifice d&#8217;agneau est une occasion importante pour se revoir avec les proches et pour honorer ses anc\u00eatres. Avant l&#8217;A\u00efd el-K\u00e9bir, les familles se mettent en devoir de trouver un agneau de qualit\u00e9 afin de pouvoir effectuer le sacrifice correctement.<\/p>\n<p>Ils doivent \u00e9galement veiller \u00e0 ce que les parties consommables du sacrifice soient partag\u00e9es avec les pauvres et les n\u00e9cessiteux, comme l&#8217;encourageait la Sunna du Proph\u00e8te Muhammad. C&#8217;est une fa\u00e7on de montrer leur compassion envers ceux qui en ont besoin.<\/p>\n<h2>Les c\u00e9r\u00e9monies de l&#8217;A\u00efd el-K\u00e9bir<\/h2>\n<p>Durant l&#8217;A\u00efd el-K\u00e9bir, les musulmans se r\u00e9unissent en famille et en communaut\u00e9 pour prier ensemble, manger des repas traditionnels, \u00e9changer des b\u00e9n\u00e9dictions et se rassembler autour du sacrifice d&#8217;agneau.<\/p>\n<p>Les femmes pr\u00e9parent souvent des plats typiques comme le couscous, les pains, les salades et les desserts. Les hommes participent au sacrifice de l&#8217;agneau et aux pri\u00e8res dans la mosqu\u00e9e. C&#8217;est une occasion pour se r\u00e9unir avec les proches et pour c\u00e9l\u00e9brer leur foi.<\/p>\n<p>Les enfants sont \u00e9galement impliqu\u00e9s dans les pr\u00e9paratifs, en apprenant les traditions familiales et en participant aux rites du sacrifice.<\/p>\n<h2>Le r\u00f4le de la diaspora maghr\u00e9bine<\/h2>\n<p>Pour les musulmans de la diaspora, l&#8217;A\u00efd el-K\u00e9bir est une occasion pour conserver leur identit\u00e9 culturelle et religieuse en connectant avec leur pays d&#8217;origine et leurs anc\u00eatres.<\/p>\n<p>En se r\u00e9unissant pour c\u00e9l\u00e9brer cette f\u00eate sacr\u00e9e, les membres de la diaspora maghr\u00e9bine peuvent affirmer leur identit\u00e9 collective et leur attachement aux traditions qui les unissent. Ils peuvent \u00e9galement partager leur culture avec leurs amis et connaissances non musulmans, offrant ainsi une fen\u00eatre unique pour comprendre la signification de cette f\u00eate importante.<\/p>\n<h2>Appel \u00e0 l&#8217;action<\/h2>\n<p>Pour les musulmans c\u00e9l\u00e9brant l&#8217;A\u00efd el-K\u00e9bir en diaspora, il est important de maintenir la tradition et de se reconnaitre dans la communaut\u00e9 islamique. Nous invitons tous nos lecteurs \u00e0 se joindre aux c\u00e9l\u00e9brations et \u00e0 honorer les traditions maghr\u00e9bines en organisant des \u00e9v\u00e9nements pour comm\u00e9morer cette f\u00eate sacr\u00e9e.<\/p>\n<p>Il est \u00e9galement important de partager ses connaissances avec les g\u00e9n\u00e9rations futures, afin de pr\u00e9server l&#8217;histoire et la culture maghr\u00e9bine. Nous pouvons le faire en partageant nos exp\u00e9riences et nos traditions avec nos enfants et nos petits-enfants.<\/p>\n<div style=\"background:#f8f9fa;border-left:4px solid #0066cc;border-radius:6px;padding:20px 24px;margin:32px 0;\">\n<p style=\"font-size:13px;color:#888;text-transform:uppercase;letter-spacing:0.8px;margin:0 0 6px 0;\">Vous pourriez aussi aimer<\/p>\n<h3 style=\"font-size:18px;margin:0 0 14px 0;color:#222;\">Articles similaires<\/h3>\n<ul style=\"margin:0;padding-left:20px;list-style:disc;\">\n<li style=\"margin-bottom:10px;\"><a href=\"https:\/\/monmaghreb.com\/index.php\/2026\/03\/15\/aid-el-kebir-la-grande-fete-musulmane-qui-commence-ce-vendredi\/\" style=\"color:#0066cc;text-decoration:none;font-weight:500;\" title=\"A\u00efd el-K\u00e9bir : La grande f\u00eate musulmane qui commence ce vendredi\">A\u00efd el-K\u00e9bir : La grande f\u00eate musulmane qui commence ce vendredi<\/a><\/li>\n<li style=\"margin-bottom:10px;\"><a href=\"https:\/\/monmaghreb.com\/index.php\/2026\/03\/14\/enlevement-masque-dun-nombre-record-de-personnes-lors-dune-fete-musulmane-au-nigeria\/\" style=\"color:#0066cc;text-decoration:none;font-weight:500;\" title=\"Enl\u00e8vement masqu\u00e9 d&#8217;un nombre record de personnes lors d&#8217;une f\u00eate musulmane au Nigeria\">Enl\u00e8vement masqu\u00e9 d&#8217;un nombre record de personnes lors d&#8217;une f\u00eate musulmane au Nigeria<\/a><\/li>\n<li style=\"margin-bottom:10px;\"><a href=\"https:\/\/monmaghreb.com\/index.php\/2026\/03\/13\/le-nouvel-an-amazigh-festif-a-chateau-thierry-une-fete-culturelle-joyeuse-et-remarquable\/\" style=\"color:#0066cc;text-decoration:none;font-weight:500;\" title=\"Le nouvel an amazigh festif \u00e0 Ch\u00e2teau-Thierry : une f\u00eate culturelle joyeuse et remarquable\">Le nouvel an amazigh festif \u00e0 Ch\u00e2teau-Thierry : une f\u00eate culturelle joyeuse et remarquable<\/a><\/li>\n<li style=\"margin-bottom:10px;\"><a href=\"https:\/\/monmaghreb.com\/index.php\/2026\/03\/13\/aid-al-adha-la-grande-fete-musulmane-de-lannee-le-26-mai-2\/\" style=\"color:#0066cc;text-decoration:none;font-weight:500;\" title=\"Aid al-Adha : la grande f\u00eate musulmane de l&#8217;ann\u00e9e, le 26 mai\">Aid al-Adha : la grande f\u00eate musulmane de l&#8217;ann\u00e9e, le 26 mai<\/a><\/li>\n<li style=\"margin-bottom:10px;\"><a href=\"https:\/\/monmaghreb.com\/index.php\/2026\/03\/18\/yennayer-les-traditions-croyances-et-legendes-ancestrales-des-amazighs\/\" style=\"color:#0066cc;text-decoration:none;font-weight:500;\" title=\"Yennayer : les traditions, croyances et l\u00e9gendes ancestrales des Amazighs\">Yennayer : les traditions, croyances et l\u00e9gendes ancestrales des Amazighs<\/a><\/li>\n<\/ul>\n<\/div>\n<p><\/body><br \/>\n<\/html><\/p>\n","protected":false},"excerpt":{"rendered":"<p>Discover Aid el-Kebir 2026: a sacred festival celebrating Maghrebin traditions in diaspora. Unmissable event for Muslims.<\/p>\n","protected":false},"author":1,"featured_media":1429,"comment_status":"closed","ping_status":"open","sticky":false,"template":"","format":"standard","meta":{"_yoast_wpseo_focuskw":"Aid el-Kebir celebration","_yoast_wpseo_title":"A\u00efd el-K\u00e9bir 2026 : une f\u00eate sacr\u00e9e au c\u0153ur des traditions m","_yoast_wpseo_metadesc":"Discover Aid el-Kebir 2026: a sacred festival celebrating Maghrebin traditions in diaspora. Unmissable event for Muslims.","_yoast_wpseo_canonical":"","_yoast_wpseo_opengraph-title":"A\u00efd el-K\u00e9bir 2026 : une f\u00eate sacr\u00e9e au c\u0153ur des traditions maghr\u00e9bines en diaspora","_yoast_wpseo_opengraph-description":"Discover Aid el-Kebir 2026: a sacred festival celebrating Maghrebin traditions in diaspora. Unmissable event for Muslims.","_yoast_wpseo_opengraph-image":"","tdm_status":"","tdm_grid_status":"","footnotes":""},"categories":[651],"tags":[943,1079,813,843,903],"class_list":["post-1461","post","type-post","status-publish","format-standard","has-post-thumbnail","hentry","category-ramadan-iftar","tag-african-diaspora","tag-aid-elkebir","tag-franco-maghreb-culture","tag-holiday-traditions","tag-muslim-festival"],"yoast_head":"<!-- This site is optimized with the Yoast SEO plugin v27.5 - https:\/\/yoast.com\/product\/yoast-seo-wordpress\/ -->\n<title>A\u00efd el-K\u00e9bir 2026 : une f\u00eate sacr\u00e9e au c\u0153ur des traditions m<\/title>\n<meta name=\"description\" content=\"Discover Aid el-Kebir 2026: a sacred festival celebrating Maghrebin traditions in diaspora. Unmissable event for Muslims.\" \/>\n<meta name=\"robots\" content=\"index, follow, max-snippet:-1, max-image-preview:large, max-video-preview:-1\" \/>\n<link rel=\"canonical\" href=\"https:\/\/monmaghreb.com\/index.php\/2026\/03\/18\/aid-el-kebir-2026-une-fete-sacree-au-coeur-des-traditions-maghrebines-en-diaspora\/\" \/>\n<meta property=\"og:locale\" content=\"en_US\" \/>\n<meta property=\"og:type\" content=\"article\" \/>\n<meta property=\"og:title\" content=\"A\u00efd el-K\u00e9bir 2026 : une f\u00eate sacr\u00e9e au c\u0153ur des traditions maghr\u00e9bines en diaspora\" \/>\n<meta property=\"og:description\" content=\"Discover Aid el-Kebir 2026: a sacred festival celebrating Maghrebin traditions in diaspora. Unmissable event for Muslims.\" \/>\n<meta property=\"og:url\" content=\"https:\/\/monmaghreb.com\/index.php\/2026\/03\/18\/aid-el-kebir-2026-une-fete-sacree-au-coeur-des-traditions-maghrebines-en-diaspora\/\" \/>\n<meta property=\"og:site_name\" content=\"Mon Maghreb\" \/>\n<meta property=\"article:author\" content=\"https:\/\/www.facebook.com\/monmaghrebcom\" \/>\n<meta property=\"article:published_time\" content=\"2026-03-18T13:28:08+00:00\" \/>\n<meta property=\"article:modified_time\" content=\"2026-03-18T19:29:07+00:00\" \/>\n<meta property=\"og:image\" content=\"http:\/\/monmaghreb.com\/wp-content\/uploads\/2026\/03\/Screenshot_20260318_010839_Amazon-Shopping.jpg\" \/>\n\t<meta property=\"og:image:width\" content=\"1079\" \/>\n\t<meta property=\"og:image:height\" content=\"1080\" \/>\n\t<meta property=\"og:image:type\" content=\"image\/jpeg\" \/>\n<meta name=\"author\" content=\"LaMagh\" \/>\n<meta name=\"twitter:card\" content=\"summary_large_image\" \/>\n<meta name=\"twitter:creator\" content=\"@MMaghreb50977\" \/>\n<meta name=\"twitter:label1\" content=\"Written by\" \/>\n\t<meta name=\"twitter:data1\" content=\"LaMagh\" \/>\n\t<meta name=\"twitter:label2\" content=\"Est. reading time\" \/>\n\t<meta name=\"twitter:data2\" content=\"4 minutes\" \/>\n<script type=\"application\/ld+json\" class=\"yoast-schema-graph\">{\"@context\":\"https:\\\/\\\/schema.org\",\"@graph\":[{\"@type\":\"Article\",\"@id\":\"https:\\\/\\\/monmaghreb.com\\\/index.php\\\/2026\\\/03\\\/18\\\/aid-el-kebir-2026-une-fete-sacree-au-coeur-des-traditions-maghrebines-en-diaspora\\\/#article\",\"isPartOf\":{\"@id\":\"https:\\\/\\\/monmaghreb.com\\\/index.php\\\/2026\\\/03\\\/18\\\/aid-el-kebir-2026-une-fete-sacree-au-coeur-des-traditions-maghrebines-en-diaspora\\\/\"},\"author\":{\"name\":\"LaMagh\",\"@id\":\"http:\\\/\\\/monmaghreb.com\\\/#\\\/schema\\\/person\\\/c469a89dc8c6b8987dcb438b1200d054\"},\"headline\":\"A\u00efd el-K\u00e9bir 2026 : une f\u00eate sacr\u00e9e au c\u0153ur des traditions maghr\u00e9bines en diaspora\",\"datePublished\":\"2026-03-18T13:28:08+00:00\",\"dateModified\":\"2026-03-18T19:29:07+00:00\",\"mainEntityOfPage\":{\"@id\":\"https:\\\/\\\/monmaghreb.com\\\/index.php\\\/2026\\\/03\\\/18\\\/aid-el-kebir-2026-une-fete-sacree-au-coeur-des-traditions-maghrebines-en-diaspora\\\/\"},\"wordCount\":834,\"publisher\":{\"@id\":\"http:\\\/\\\/monmaghreb.com\\\/#organization\"},\"image\":{\"@id\":\"https:\\\/\\\/monmaghreb.com\\\/index.php\\\/2026\\\/03\\\/18\\\/aid-el-kebir-2026-une-fete-sacree-au-coeur-des-traditions-maghrebines-en-diaspora\\\/#primaryimage\"},\"thumbnailUrl\":\"https:\\\/\\\/monmaghreb.com\\\/wp-content\\\/uploads\\\/2026\\\/03\\\/Screenshot_20260318_010839_Amazon-Shopping.jpg\",\"keywords\":[\"african diaspora\",\"aid elkebir\",\"franco maghreb culture\",\"holiday traditions\",\"muslim festival\"],\"articleSection\":[\"Ramadan &amp; Iftar\"],\"inLanguage\":\"en-US\"},{\"@type\":\"WebPage\",\"@id\":\"https:\\\/\\\/monmaghreb.com\\\/index.php\\\/2026\\\/03\\\/18\\\/aid-el-kebir-2026-une-fete-sacree-au-coeur-des-traditions-maghrebines-en-diaspora\\\/\",\"url\":\"https:\\\/\\\/monmaghreb.com\\\/index.php\\\/2026\\\/03\\\/18\\\/aid-el-kebir-2026-une-fete-sacree-au-coeur-des-traditions-maghrebines-en-diaspora\\\/\",\"name\":\"A\u00efd el-K\u00e9bir 2026 : une f\u00eate sacr\u00e9e au c\u0153ur des traditions m\",\"isPartOf\":{\"@id\":\"http:\\\/\\\/monmaghreb.com\\\/#website\"},\"primaryImageOfPage\":{\"@id\":\"https:\\\/\\\/monmaghreb.com\\\/index.php\\\/2026\\\/03\\\/18\\\/aid-el-kebir-2026-une-fete-sacree-au-coeur-des-traditions-maghrebines-en-diaspora\\\/#primaryimage\"},\"image\":{\"@id\":\"https:\\\/\\\/monmaghreb.com\\\/index.php\\\/2026\\\/03\\\/18\\\/aid-el-kebir-2026-une-fete-sacree-au-coeur-des-traditions-maghrebines-en-diaspora\\\/#primaryimage\"},\"thumbnailUrl\":\"https:\\\/\\\/monmaghreb.com\\\/wp-content\\\/uploads\\\/2026\\\/03\\\/Screenshot_20260318_010839_Amazon-Shopping.jpg\",\"datePublished\":\"2026-03-18T13:28:08+00:00\",\"dateModified\":\"2026-03-18T19:29:07+00:00\",\"description\":\"Discover Aid el-Kebir 2026: a sacred festival celebrating Maghrebin traditions in diaspora. Unmissable event for Muslims.\",\"breadcrumb\":{\"@id\":\"https:\\\/\\\/monmaghreb.com\\\/index.php\\\/2026\\\/03\\\/18\\\/aid-el-kebir-2026-une-fete-sacree-au-coeur-des-traditions-maghrebines-en-diaspora\\\/#breadcrumb\"},\"inLanguage\":\"en-US\",\"potentialAction\":[{\"@type\":\"ReadAction\",\"target\":[\"https:\\\/\\\/monmaghreb.com\\\/index.php\\\/2026\\\/03\\\/18\\\/aid-el-kebir-2026-une-fete-sacree-au-coeur-des-traditions-maghrebines-en-diaspora\\\/\"]}]},{\"@type\":\"ImageObject\",\"inLanguage\":\"en-US\",\"@id\":\"https:\\\/\\\/monmaghreb.com\\\/index.php\\\/2026\\\/03\\\/18\\\/aid-el-kebir-2026-une-fete-sacree-au-coeur-des-traditions-maghrebines-en-diaspora\\\/#primaryimage\",\"url\":\"https:\\\/\\\/monmaghreb.com\\\/wp-content\\\/uploads\\\/2026\\\/03\\\/Screenshot_20260318_010839_Amazon-Shopping.jpg\",\"contentUrl\":\"https:\\\/\\\/monmaghreb.com\\\/wp-content\\\/uploads\\\/2026\\\/03\\\/Screenshot_20260318_010839_Amazon-Shopping.jpg\",\"width\":1079,\"height\":1080},{\"@type\":\"BreadcrumbList\",\"@id\":\"https:\\\/\\\/monmaghreb.com\\\/index.php\\\/2026\\\/03\\\/18\\\/aid-el-kebir-2026-une-fete-sacree-au-coeur-des-traditions-maghrebines-en-diaspora\\\/#breadcrumb\",\"itemListElement\":[{\"@type\":\"ListItem\",\"position\":1,\"name\":\"Home\",\"item\":\"http:\\\/\\\/monmaghreb.com\\\/\"},{\"@type\":\"ListItem\",\"position\":2,\"name\":\"A\u00efd el-K\u00e9bir 2026 : une f\u00eate sacr\u00e9e au c\u0153ur des traditions maghr\u00e9bines en diaspora\"}]},{\"@type\":\"WebSite\",\"@id\":\"http:\\\/\\\/monmaghreb.com\\\/#website\",\"url\":\"http:\\\/\\\/monmaghreb.com\\\/\",\"name\":\"Mon Maghreb\",\"description\":\"MonMaghreb United\",\"publisher\":{\"@id\":\"http:\\\/\\\/monmaghreb.com\\\/#organization\"},\"alternateName\":\"Le Monde du Maghreb et au del\u00e0\",\"potentialAction\":[{\"@type\":\"SearchAction\",\"target\":{\"@type\":\"EntryPoint\",\"urlTemplate\":\"http:\\\/\\\/monmaghreb.com\\\/?s={search_term_string}\"},\"query-input\":{\"@type\":\"PropertyValueSpecification\",\"valueRequired\":true,\"valueName\":\"search_term_string\"}}],\"inLanguage\":\"en-US\"},{\"@type\":\"Organization\",\"@id\":\"http:\\\/\\\/monmaghreb.com\\\/#organization\",\"name\":\"Mon Maghreb\",\"url\":\"http:\\\/\\\/monmaghreb.com\\\/\",\"logo\":{\"@type\":\"ImageObject\",\"inLanguage\":\"en-US\",\"@id\":\"http:\\\/\\\/monmaghreb.com\\\/#\\\/schema\\\/logo\\\/image\\\/\",\"url\":\"https:\\\/\\\/monmaghreb.com\\\/wp-content\\\/uploads\\\/2025\\\/12\\\/Mon_Maghreb_Logo.jpg\",\"contentUrl\":\"https:\\\/\\\/monmaghreb.com\\\/wp-content\\\/uploads\\\/2025\\\/12\\\/Mon_Maghreb_Logo.jpg\",\"width\":814,\"height\":374,\"caption\":\"Mon Maghreb\"},\"image\":{\"@id\":\"http:\\\/\\\/monmaghreb.com\\\/#\\\/schema\\\/logo\\\/image\\\/\"}},{\"@type\":\"Person\",\"@id\":\"http:\\\/\\\/monmaghreb.com\\\/#\\\/schema\\\/person\\\/c469a89dc8c6b8987dcb438b1200d054\",\"name\":\"LaMagh\",\"image\":{\"@type\":\"ImageObject\",\"inLanguage\":\"en-US\",\"@id\":\"https:\\\/\\\/secure.gravatar.com\\\/avatar\\\/399d8144bd55fba55e056779aca52fe528bac7911f6449e54d81173d6dfd7f0a?s=96&d=mm&r=g\",\"url\":\"https:\\\/\\\/secure.gravatar.com\\\/avatar\\\/399d8144bd55fba55e056779aca52fe528bac7911f6449e54d81173d6dfd7f0a?s=96&d=mm&r=g\",\"contentUrl\":\"https:\\\/\\\/secure.gravatar.com\\\/avatar\\\/399d8144bd55fba55e056779aca52fe528bac7911f6449e54d81173d6dfd7f0a?s=96&d=mm&r=g\",\"caption\":\"LaMagh\"},\"sameAs\":[\"https:\\\/\\\/monmaghreb.com\",\"https:\\\/\\\/www.facebook.com\\\/monmaghrebcom\",\"https:\\\/\\\/x.com\\\/MMaghreb50977\"],\"url\":\"https:\\\/\\\/monmaghreb.com\\\/index.php\\\/author\\\/lamagh\\\/\"}]}<\/script>\n<!-- \/ Yoast SEO plugin. -->","yoast_head_json":{"title":"A\u00efd el-K\u00e9bir 2026 : une f\u00eate sacr\u00e9e au c\u0153ur des traditions m","description":"Discover Aid el-Kebir 2026: a sacred festival celebrating Maghrebin traditions in diaspora. Unmissable event for Muslims.","robots":{"index":"index","follow":"follow","max-snippet":"max-snippet:-1","max-image-preview":"max-image-preview:large","max-video-preview":"max-video-preview:-1"},"canonical":"https:\/\/monmaghreb.com\/index.php\/2026\/03\/18\/aid-el-kebir-2026-une-fete-sacree-au-coeur-des-traditions-maghrebines-en-diaspora\/","og_locale":"en_US","og_type":"article","og_title":"A\u00efd el-K\u00e9bir 2026 : une f\u00eate sacr\u00e9e au c\u0153ur des traditions maghr\u00e9bines en diaspora","og_description":"Discover Aid el-Kebir 2026: a sacred festival celebrating Maghrebin traditions in diaspora. Unmissable event for Muslims.","og_url":"https:\/\/monmaghreb.com\/index.php\/2026\/03\/18\/aid-el-kebir-2026-une-fete-sacree-au-coeur-des-traditions-maghrebines-en-diaspora\/","og_site_name":"Mon Maghreb","article_author":"https:\/\/www.facebook.com\/monmaghrebcom","article_published_time":"2026-03-18T13:28:08+00:00","article_modified_time":"2026-03-18T19:29:07+00:00","og_image":[{"width":1079,"height":1080,"url":"http:\/\/monmaghreb.com\/wp-content\/uploads\/2026\/03\/Screenshot_20260318_010839_Amazon-Shopping.jpg","type":"image\/jpeg"}],"author":"LaMagh","twitter_card":"summary_large_image","twitter_creator":"@MMaghreb50977","twitter_misc":{"Written by":"LaMagh","Est. reading time":"4 minutes"},"schema":{"@context":"https:\/\/schema.org","@graph":[{"@type":"Article","@id":"https:\/\/monmaghreb.com\/index.php\/2026\/03\/18\/aid-el-kebir-2026-une-fete-sacree-au-coeur-des-traditions-maghrebines-en-diaspora\/#article","isPartOf":{"@id":"https:\/\/monmaghreb.com\/index.php\/2026\/03\/18\/aid-el-kebir-2026-une-fete-sacree-au-coeur-des-traditions-maghrebines-en-diaspora\/"},"author":{"name":"LaMagh","@id":"http:\/\/monmaghreb.com\/#\/schema\/person\/c469a89dc8c6b8987dcb438b1200d054"},"headline":"A\u00efd el-K\u00e9bir 2026 : une f\u00eate sacr\u00e9e au c\u0153ur des traditions maghr\u00e9bines en diaspora","datePublished":"2026-03-18T13:28:08+00:00","dateModified":"2026-03-18T19:29:07+00:00","mainEntityOfPage":{"@id":"https:\/\/monmaghreb.com\/index.php\/2026\/03\/18\/aid-el-kebir-2026-une-fete-sacree-au-coeur-des-traditions-maghrebines-en-diaspora\/"},"wordCount":834,"publisher":{"@id":"http:\/\/monmaghreb.com\/#organization"},"image":{"@id":"https:\/\/monmaghreb.com\/index.php\/2026\/03\/18\/aid-el-kebir-2026-une-fete-sacree-au-coeur-des-traditions-maghrebines-en-diaspora\/#primaryimage"},"thumbnailUrl":"https:\/\/monmaghreb.com\/wp-content\/uploads\/2026\/03\/Screenshot_20260318_010839_Amazon-Shopping.jpg","keywords":["african diaspora","aid elkebir","franco maghreb culture","holiday traditions","muslim festival"],"articleSection":["Ramadan &amp; Iftar"],"inLanguage":"en-US"},{"@type":"WebPage","@id":"https:\/\/monmaghreb.com\/index.php\/2026\/03\/18\/aid-el-kebir-2026-une-fete-sacree-au-coeur-des-traditions-maghrebines-en-diaspora\/","url":"https:\/\/monmaghreb.com\/index.php\/2026\/03\/18\/aid-el-kebir-2026-une-fete-sacree-au-coeur-des-traditions-maghrebines-en-diaspora\/","name":"A\u00efd el-K\u00e9bir 2026 : une f\u00eate sacr\u00e9e au c\u0153ur des traditions m","isPartOf":{"@id":"http:\/\/monmaghreb.com\/#website"},"primaryImageOfPage":{"@id":"https:\/\/monmaghreb.com\/index.php\/2026\/03\/18\/aid-el-kebir-2026-une-fete-sacree-au-coeur-des-traditions-maghrebines-en-diaspora\/#primaryimage"},"image":{"@id":"https:\/\/monmaghreb.com\/index.php\/2026\/03\/18\/aid-el-kebir-2026-une-fete-sacree-au-coeur-des-traditions-maghrebines-en-diaspora\/#primaryimage"},"thumbnailUrl":"https:\/\/monmaghreb.com\/wp-content\/uploads\/2026\/03\/Screenshot_20260318_010839_Amazon-Shopping.jpg","datePublished":"2026-03-18T13:28:08+00:00","dateModified":"2026-03-18T19:29:07+00:00","description":"Discover Aid el-Kebir 2026: a sacred festival celebrating Maghrebin traditions in diaspora. Unmissable event for Muslims.","breadcrumb":{"@id":"https:\/\/monmaghreb.com\/index.php\/2026\/03\/18\/aid-el-kebir-2026-une-fete-sacree-au-coeur-des-traditions-maghrebines-en-diaspora\/#breadcrumb"},"inLanguage":"en-US","potentialAction":[{"@type":"ReadAction","target":["https:\/\/monmaghreb.com\/index.php\/2026\/03\/18\/aid-el-kebir-2026-une-fete-sacree-au-coeur-des-traditions-maghrebines-en-diaspora\/"]}]},{"@type":"ImageObject","inLanguage":"en-US","@id":"https:\/\/monmaghreb.com\/index.php\/2026\/03\/18\/aid-el-kebir-2026-une-fete-sacree-au-coeur-des-traditions-maghrebines-en-diaspora\/#primaryimage","url":"https:\/\/monmaghreb.com\/wp-content\/uploads\/2026\/03\/Screenshot_20260318_010839_Amazon-Shopping.jpg","contentUrl":"https:\/\/monmaghreb.com\/wp-content\/uploads\/2026\/03\/Screenshot_20260318_010839_Amazon-Shopping.jpg","width":1079,"height":1080},{"@type":"BreadcrumbList","@id":"https:\/\/monmaghreb.com\/index.php\/2026\/03\/18\/aid-el-kebir-2026-une-fete-sacree-au-coeur-des-traditions-maghrebines-en-diaspora\/#breadcrumb","itemListElement":[{"@type":"ListItem","position":1,"name":"Home","item":"http:\/\/monmaghreb.com\/"},{"@type":"ListItem","position":2,"name":"A\u00efd el-K\u00e9bir 2026 : une f\u00eate sacr\u00e9e au c\u0153ur des traditions maghr\u00e9bines en diaspora"}]},{"@type":"WebSite","@id":"http:\/\/monmaghreb.com\/#website","url":"http:\/\/monmaghreb.com\/","name":"Mon Maghreb","description":"MonMaghreb United","publisher":{"@id":"http:\/\/monmaghreb.com\/#organization"},"alternateName":"Le Monde du Maghreb et au del\u00e0","potentialAction":[{"@type":"SearchAction","target":{"@type":"EntryPoint","urlTemplate":"http:\/\/monmaghreb.com\/?s={search_term_string}"},"query-input":{"@type":"PropertyValueSpecification","valueRequired":true,"valueName":"search_term_string"}}],"inLanguage":"en-US"},{"@type":"Organization","@id":"http:\/\/monmaghreb.com\/#organization","name":"Mon Maghreb","url":"http:\/\/monmaghreb.com\/","logo":{"@type":"ImageObject","inLanguage":"en-US","@id":"http:\/\/monmaghreb.com\/#\/schema\/logo\/image\/","url":"https:\/\/monmaghreb.com\/wp-content\/uploads\/2025\/12\/Mon_Maghreb_Logo.jpg","contentUrl":"https:\/\/monmaghreb.com\/wp-content\/uploads\/2025\/12\/Mon_Maghreb_Logo.jpg","width":814,"height":374,"caption":"Mon Maghreb"},"image":{"@id":"http:\/\/monmaghreb.com\/#\/schema\/logo\/image\/"}},{"@type":"Person","@id":"http:\/\/monmaghreb.com\/#\/schema\/person\/c469a89dc8c6b8987dcb438b1200d054","name":"LaMagh","image":{"@type":"ImageObject","inLanguage":"en-US","@id":"https:\/\/secure.gravatar.com\/avatar\/399d8144bd55fba55e056779aca52fe528bac7911f6449e54d81173d6dfd7f0a?s=96&d=mm&r=g","url":"https:\/\/secure.gravatar.com\/avatar\/399d8144bd55fba55e056779aca52fe528bac7911f6449e54d81173d6dfd7f0a?s=96&d=mm&r=g","contentUrl":"https:\/\/secure.gravatar.com\/avatar\/399d8144bd55fba55e056779aca52fe528bac7911f6449e54d81173d6dfd7f0a?s=96&d=mm&r=g","caption":"LaMagh"},"sameAs":["https:\/\/monmaghreb.com","https:\/\/www.facebook.com\/monmaghrebcom","https:\/\/x.com\/MMaghreb50977"],"url":"https:\/\/monmaghreb.com\/index.php\/author\/lamagh\/"}]}},"_links":{"self":[{"href":"https:\/\/monmaghreb.com\/index.php\/wp-json\/wp\/v2\/posts\/1461","targetHints":{"allow":["GET"]}}],"collection":[{"href":"https:\/\/monmaghreb.com\/index.php\/wp-json\/wp\/v2\/posts"}],"about":[{"href":"https:\/\/monmaghreb.com\/index.php\/wp-json\/wp\/v2\/types\/post"}],"author":[{"embeddable":true,"href":"https:\/\/monmaghreb.com\/index.php\/wp-json\/wp\/v2\/users\/1"}],"replies":[{"embeddable":true,"href":"https:\/\/monmaghreb.com\/index.php\/wp-json\/wp\/v2\/comments?post=1461"}],"version-history":[{"count":1,"href":"https:\/\/monmaghreb.com\/index.php\/wp-json\/wp\/v2\/posts\/1461\/revisions"}],"predecessor-version":[{"id":1462,"href":"https:\/\/monmaghreb.com\/index.php\/wp-json\/wp\/v2\/posts\/1461\/revisions\/1462"}],"wp:featuredmedia":[{"embeddable":true,"href":"https:\/\/monmaghreb.com\/index.php\/wp-json\/wp\/v2\/media\/1429"}],"wp:attachment":[{"href":"https:\/\/monmaghreb.com\/index.php\/wp-json\/wp\/v2\/media?parent=1461"}],"wp:term":[{"taxonomy":"category","embeddable":true,"href":"https:\/\/monmaghreb.com\/index.php\/wp-json\/wp\/v2\/categories?post=1461"},{"taxonomy":"post_tag","embeddable":true,"href":"https:\/\/monmaghreb.com\/index.php\/wp-json\/wp\/v2\/tags?post=1461"}],"curies":[{"name":"wp","href":"https:\/\/api.w.org\/{rel}","templated":true}]}}