{"id":231,"date":"2025-12-20T06:57:29","date_gmt":"2025-12-20T06:57:29","guid":{"rendered":"https:\/\/monmaghreb.com\/?p=231"},"modified":"2026-03-09T01:24:02","modified_gmt":"2026-03-09T01:24:02","slug":"allemagne-litineraire-ultime-de-15-jours-a-travers-lhistoire-et-la-culture","status":"publish","type":"post","link":"https:\/\/monmaghreb.com\/index.php\/2025\/12\/20\/allemagne-litineraire-ultime-de-15-jours-a-travers-lhistoire-et-la-culture\/","title":{"rendered":"Allemagne : L&#8217;Itin\u00e9raire Ultime de 15 Jours \u00e0 travers l&#8217;Histoire et la Culture"},"content":{"rendered":"<h2>Introduction : Au C\u0153ur du Moteur Europ\u00e9en<\/h2>\n<p>L&#8217;Allemagne n&#8217;est pas simplement une destination touristique ; c&#8217;est une exp\u00e9rience sociologique et historique. Avec plus de <strong>84 millions d&#8217;habitants<\/strong>, c&#8217;est la nation la plus peupl\u00e9e de l&#8217;Union Europ\u00e9enne et sans doute la plus complexe. Organiser un voyage en Allemagne, c&#8217;est accepter de naviguer entre une modernit\u00e9 technologique de pointe et un poids historique omnipr\u00e9sent.<\/p>\n<p>Le pays dispose d&#8217;une infrastructure de transport exceptionnelle. La <strong>Deutsche Bahn<\/strong> (bien que sujette aux d\u00e9bats nationaux) offre un maillage ferroviaire dense, permettant de relier les c\u0153urs historiques des villes \u00e0 grande vitesse (ICE). Pour les amateurs de conduite, l&#8217;<strong>Autobahn<\/strong> reste un mythe de libert\u00e9, traversant des paysages qui changent radicalement du nord au sud.<\/p>\n<h2>L&#8217;Identit\u00e9 Profonde : G\u00e9ographie et Architecture<\/h2>\n<p>L&#8217;identit\u00e9 allemande est fondamentalement f\u00e9d\u00e9rale. Le concept de <em>Heimat<\/em> (patrie locale\/foyer) est ancr\u00e9 dans les 16 <strong>L\u00e4nder<\/strong>. G\u00e9ographiquement, le pays est une pente douce qui s&#8217;\u00e9l\u00e8ve depuis les plaines sablonneuses et venteuses de la Mer Baltique et du Nord, traversant les massifs hercyniens (For\u00eat Noire, Harz), pour culminer majestueusement dans les Alpes bavaroises au sud.<\/p>\n<p>Architecturalement, l&#8217;Allemagne est un palimpseste. Les bombardements de la Seconde Guerre mondiale ont forc\u00e9 une reconstruction h\u00e2tive, cr\u00e9ant un dialogue parfois brutal, souvent fascinant, entre le gothique de brique du nord (Backsteingotik), le baroque exub\u00e9rant du sud, et le fonctionnalisme du <strong>Bauhaus<\/strong> ou l&#8217;architecture brutaliste d&#8217;apr\u00e8s-guerre.<\/p>\n<h2>Histoire et Culture : Un H\u00e9ritage de Titan<\/h2>\n<p>De Charlemagne au Saint-Empire romain germanique, de la R\u00e9forme de Luther \u00e0 la trag\u00e9die du XXe si\u00e8cle, l&#8217;Allemagne est le th\u00e9\u00e2tre de l&#8217;histoire europ\u00e9enne. C&#8217;est la terre des \u00ab Dichter und Denker \u00bb (po\u00e8tes et penseurs).<\/p>\n<ul>\n<li><strong>Musique :<\/strong> Bach, Beethoven, Brahms et Wagner ont d\u00e9fini la musique classique occidentale.<\/li>\n<li><strong>Philosophie :<\/strong> Kant, Hegel, Nietzsche et Marx ont structur\u00e9 la pens\u00e9e moderne.<\/li>\n<li><strong>Litt\u00e9rature :<\/strong> Goethe et Schiller dominent le panth\u00e9on litt\u00e9raire, explorant l&#8217;\u00e2me humaine avec une profondeur in\u00e9gal\u00e9e.<\/li>\n<\/ul>\n<h2>\u00c9conomie et Terroir : L&#8217;Excellence comme Standard<\/h2>\n<p>L&#8217;\u00e9conomie allemande repose sur le <em>Mittelstand<\/em>, ce tissu de PME familiales leaders mondiaux dans leurs niches. Cette rigueur se retrouve dans le terroir. Loin des clich\u00e9s, la gastronomie allemande est une c\u00e9l\u00e9bration du produit r\u00e9gional.<\/p>\n<ul>\n<li><strong>La Bi\u00e8re :<\/strong> Plus de 1 300 brasseries respectent le <em>Reinheitsgebot<\/em> (loi de puret\u00e9 de 1516).<\/li>\n<li><strong>Le Vin :<\/strong> Les vall\u00e9es de la Moselle et du Rhin produisent des Rieslings cristallins parmi les meilleurs du monde.<\/li>\n<li><strong>Le Pain :<\/strong> Avec plus de 3 000 vari\u00e9t\u00e9s, la culture du pain allemand est inscrite au patrimoine immat\u00e9riel de l&#8217;UNESCO.<\/li>\n<\/ul>\n<h2>Figures Contemporaines<\/h2>\n<p>L&#8217;Allemagne moderne rayonne \u00e0 travers des personnalit\u00e9s qui incarnent sa diversit\u00e9 :<\/p>\n<ul>\n<li><strong>J\u00fcrgen Klopp :<\/strong> Repr\u00e9sentant la passion et l&#8217;efficacit\u00e9 dans le sport.<\/li>\n<li><strong>Diane Kruger :<\/strong> Ambassadrice de l&#8217;\u00e9l\u00e9gance allemande \u00e0 Hollywood.<\/li>\n<li><strong>Anselm Kiefer :<\/strong> Artiste plasticien qui confronte le pass\u00e9 lourd de la nation avec une mati\u00e8re brute.<\/li>\n<li><strong>Kraftwerk :<\/strong> Les pionniers de la musique \u00e9lectronique qui influencent encore la pop culture mondiale.<\/li>\n<\/ul>\n<hr>\n<h2>ITIN\u00c9RAIRE MONUMENTAL : 15 Jours \/ 16 Nuits<\/h2>\n<p>Cet itin\u00e9raire est con\u00e7u pour un rythme soutenu, privil\u00e9giant une immersion culturelle totale \u00e0 travers 8 \u00e9tapes majeures.<\/p>\n<h3>Jours 1-3 : Berlin \u2013 La Ph\u00e9nix (3 Nuits)<\/h3>\n<p>Capitale vibrante, Berlin est un chantier permanent de l&#8217;histoire.<\/p>\n<ul>\n<li><strong>Porte de Brandebourg &#038; Reichstag :<\/strong> Symboles de l&#8217;unit\u00e9 retrouv\u00e9e. La coupole de Norman Foster offre une vue sur la d\u00e9mocratie en action.<\/li>\n<li><strong>East Side Gallery :<\/strong> Le plus long tron\u00e7on restant du Mur, transform\u00e9 en galerie d&#8217;art \u00e0 ciel ouvert.<\/li>\n<li><strong>\u00cele aux Mus\u00e9es (UNESCO) :<\/strong> Ne manquez pas le buste de N\u00e9fertiti au Neues Museum et l&#8217;autel de Pergame.<\/li>\n<li><strong>M\u00e9morial de l&#8217;Holocauste :<\/strong> Un champ de st\u00e8les d\u00e9routant qui invite au recueillement.<\/li>\n<li><strong>Fernsehturm :<\/strong> La tour de la t\u00e9l\u00e9vision pour une vue panoramique sur l&#8217;\u00e9talement urbain.<\/li>\n<\/ul>\n<p><strong>Focus Gastronomie :<\/strong> D\u00e9gustez une v\u00e9ritable <em>Currywurst<\/em> chez Konnopke&#8217;s Imbiss et explorez la sc\u00e8ne des D\u00f6ner Kebab, invent\u00e9s ici-m\u00eame.<\/p>\n<h3>Jours 4-5 : Hambourg \u2013 La Porte du Monde (2 Nuits)<\/h3>\n<p>La ville hans\u00e9atique, riche et fi\u00e8re, tourn\u00e9e vers la mer.<\/p>\n<ul>\n<li><strong>Speicherstadt (UNESCO) :<\/strong> Le plus grand complexe d&#8217;entrep\u00f4ts au monde, une merveille de brique rouge et de canaux.<\/li>\n<li><strong>Elbphilharmonie :<\/strong> Une prouesse architecturale en verre pos\u00e9e sur un ancien entrep\u00f4t.<\/li>\n<li><strong>Miniatur Wunderland :<\/strong> Le plus grand r\u00e9seau de trains miniatures au monde, une ing\u00e9nierie fascinante.<\/li>\n<li><strong>L&#8217;\u00c9glise Saint-Michel (Der Michel) :<\/strong> Pour la vue sur le port immense.<\/li>\n<li><strong>Reeperbahn :<\/strong> Le quartier rouge l\u00e9gendaire o\u00f9 les Beatles ont fait leurs d\u00e9buts.<\/li>\n<\/ul>\n<p><strong>Focus Gastronomie :<\/strong> Le <em>Fischbr\u00f6tchen<\/em> (sandwich au poisson) sur le march\u00e9 aux poissons du dimanche matin et le <em>Labskaus<\/em>, plat de marin traditionnel.<\/p>\n<h3>Jour 6 : Cologne \u2013 La Rh\u00e9nane (1 Nuit)<\/h3>\n<p>Une ville de joie de vivre, domin\u00e9e par la foi et le fleuve.<\/p>\n<ul>\n<li><strong>Cath\u00e9drale de Cologne (K\u00f6lner Dom) :<\/strong> Chef-d&#8217;\u0153uvre gothique ayant surv\u00e9cu aux bombes, abritant la ch\u00e2sse des Rois Mages.<\/li>\n<li><strong>Mus\u00e9e du Chocolat :<\/strong> Une institution sur les rives du Rhin.<\/li>\n<li><strong>Mus\u00e9e Romain-Germanique :<\/strong> T\u00e9moignage de l&#8217;antique Colonia Claudia Ara Agrippinensium.<\/li>\n<li><strong>Pont Hohenzollern :<\/strong> C\u00e9l\u00e8bre pour ses milliers de cadenas d&#8217;amour.<\/li>\n<li><strong>Vieille Ville (Altstadt) :<\/strong> Ruelles color\u00e9es le long du Rhin.<\/li>\n<\/ul>\n<p><strong>Focus Gastronomie :<\/strong> Impossible de passer \u00e0 c\u00f4t\u00e9 d&#8217;une <em>K\u00f6lsch<\/em>, servie dans des verres \u00e9troits (Stangen) dans une Brauhaus traditionnelle, accompagn\u00e9e d&#8217;un <em>Halver Hahn<\/em> (pain au fromage).<\/p>\n<h3>Jour 7 : Heidelberg \u2013 Le Romantisme (1 Nuit)<\/h3>\n<p>La quintessence du romantisme allemand, \u00e9pargn\u00e9e par les guerres.<\/p>\n<ul>\n<li><strong>Ch\u00e2teau de Heidelberg :<\/strong> Une ruine majestueuse en gr\u00e8s rouge surplombant la ville.<\/li>\n<li><strong>Alte Br\u00fccke (Vieux Pont) :<\/strong> L&#8217;entr\u00e9e iconique de la ville.<\/li>\n<li><strong>Chemin des Philosophes :<\/strong> Une promenade offrant les plus belles vues sur le Neckar.<\/li>\n<li><strong>Universit\u00e9 de Heidelberg :<\/strong> La plus ancienne d&#8217;Allemagne (1386).<\/li>\n<li><strong>La prison des \u00e9tudiants (Studentenkarzer) :<\/strong> O\u00f9 les \u00e9tudiants turbulents \u00e9taient enferm\u00e9s au XIXe si\u00e8cle.<\/li>\n<\/ul>\n<p><strong>Focus Gastronomie :<\/strong> Le <em>Saumagen<\/em> (estomac de porc farci), plat favori de l&#8217;ancien chancelier Helmut Kohl, originaire de la r\u00e9gion voisine du Palatinat.<\/p>\n<h3>Jours 8-9 : La For\u00eat Noire &#038; Baden-Baden (2 Nuits)<\/h3>\n<p>Nature, l\u00e9gendes et bien-\u00eatre aristocratique.<\/p>\n<ul>\n<li><strong>Thermes de Caracalla (Baden-Baden) :<\/strong> D\u00e9tente dans des eaux thermales historiques.<\/li>\n<li><strong>Casino de Baden-Baden :<\/strong> Le \u00ab plus beau casino du monde \u00bb selon Marlene Dietrich.<\/li>\n<li><strong>Mummelsee :<\/strong> Un lac glaciaire entour\u00e9 de l\u00e9gendes sombres.<\/li>\n<li><strong>Cascades de Triberg :<\/strong> Parmi les plus hautes d&#8217;Allemagne.<\/li>\n<li><strong>Mus\u00e9e de l&#8217;Horlogerie :<\/strong> Pour comprendre l&#8217;origine du coucou.<\/li>\n<\/ul>\n<p><strong>Focus Gastronomie :<\/strong> La v\u00e9ritable <em>Schwarzw\u00e4lder Kirschtorte<\/em> (For\u00eat-Noire), riche en kirsch local.<\/p>\n<h3>Jours 10-11 : Rothenburg ob der Tauber \u2013 La Route Romantique (2 Nuits)<\/h3>\n<p>Une plong\u00e9e temporelle dans le Moyen \u00c2ge.<\/p>\n<ul>\n<li><strong>Les Remparts :<\/strong> Il est possible de faire le tour complet de la ville sur la muraille.<\/li>\n<li><strong>Pl\u00f6nlein :<\/strong> L&#8217;intersection la plus photog\u00e9nique d&#8217;Allemagne avec sa maison \u00e0 colombages.<\/li>\n<li><strong>Mus\u00e9e de No\u00ebl de K\u00e4the Wohlfahrt :<\/strong> No\u00ebl toute l&#8217;ann\u00e9e.<\/li>\n<li><strong>\u00c9glise Saint-Jacques :<\/strong> Abritant un magnifique autel en bois sculpt\u00e9 par Tilman Riemenschneider.<\/li>\n<li><strong>Mus\u00e9e de la torture m\u00e9di\u00e9vale :<\/strong> Pour une vision moins romanc\u00e9e de l&#8217;\u00e9poque.<\/li>\n<\/ul>\n<p><strong>Focus Gastronomie :<\/strong> Les <em>Schneeballen<\/em> (boules de neige), des p\u00e2tisseries frites typiques de la ville.<\/p>\n<h3>Jours 12-13 : Nuremberg \u2013 L&#8217;Histoire Complexe (2 Nuits)<\/h3>\n<p>Ville imp\u00e9riale et site des rassemblements du parti nazi, Nuremberg assume son histoire.<\/p>\n<ul>\n<li><strong>Ch\u00e2teau Imp\u00e9rial (Kaiserburg) :<\/strong> R\u00e9sidence des empereurs du Saint-Empire.<\/li>\n<li><strong>Centre de documentation du site des congr\u00e8s du Parti nazi :<\/strong> Une visite indispensable pour comprendre le XXe si\u00e8cle.<\/li>\n<li><strong>Maison d&#8217;Albrecht D\u00fcrer :<\/strong> Hommage au grand ma\u00eetre de la Renaissance allemande.<\/li>\n<li><strong>M\u00e9morial du Proc\u00e8s de Nuremberg (Salle 600) :<\/strong> L\u00e0 o\u00f9 la justice internationale est n\u00e9e.<\/li>\n<li><strong>Handwerkerhof :<\/strong> Le quartier des artisans m\u00e9di\u00e9vaux.<\/li>\n<\/ul>\n<p><strong>Focus Gastronomie :<\/strong> Les <em>N\u00fcrnberger Rostbratwurst<\/em>, petites saucisses grill\u00e9es servies par trois dans un petit pain (\u00ab Drei im Weggla \u00bb).<\/p>\n<h3>Jours 14-15 : Munich \u2013 La M\u00e9tropole Bavaroise (2 Nuits)<\/h3>\n<p>Le m\u00e9lange parfait de tradition (Lederhosen) et de haute technologie (BMW).<\/p>\n<ul>\n<li><strong>Marienplatz &#038; le Carillon :<\/strong> Le c\u0153ur battant de la ville.<\/li>\n<li><strong>Jardin Anglais :<\/strong> Plus grand que Central Park, c\u00e9l\u00e8bre pour sa vague de surf sur l&#8217;Eisbach.<\/li>\n<li><strong>Ch\u00e2teau de Nymphenburg :<\/strong> Le \u00ab Versailles \u00bb bavarois.<\/li>\n<li><strong>BMW Welt &#038; Mus\u00e9e :<\/strong> Cath\u00e9drale de l&#8217;automobile.<\/li>\n<li><strong>Hofbr\u00e4uhaus :<\/strong> La brasserie la plus c\u00e9l\u00e8bre du monde.<\/li>\n<\/ul>\n<p><strong>Focus Gastronomie :<\/strong> Le petit-d\u00e9jeuner bavarois traditionnel : <em>Wei\u00dfwurst<\/em> (saucisse blanche), moutarde sucr\u00e9e et bretzel, \u00e0 consommer imp\u00e9rativement avant midi.<\/p>\n<h2>Conclusion Philosophique<\/h2>\n<p>Au terme de ces 15 jours, l&#8217;Allemagne se r\u00e9v\u00e8le non pas comme un bloc monolithique, mais comme une mosa\u00efque. Comme l&#8217;\u00e9crivait Goethe : <em>\u00ab L&#8217;Allemagne n&#8217;est rien, mais chaque Allemand est beaucoup. \u00bb<\/em> Ce voyage est une le\u00e7on sur la r\u00e9silience, la capacit\u00e9 \u00e0 se reconstruire et \u00e0 c\u00e9l\u00e9brer la vie, une bi\u00e8re \u00e0 la main, tout en gardant un \u0153il lucide sur le pass\u00e9. Vous ne repartez pas seulement avec des photos, mais avec une compr\u00e9hension plus profonde de ce qui fait battre le c\u0153ur de l&#8217;Europe.<\/p>\n","protected":false},"excerpt":{"rendered":"<p>Embarquez pour une odyss\u00e9e monumentale de deux semaines \u00e0 travers l&#8217;Allemagne, de l&#8217;effervescence de Berlin aux sommets bavarois. Ce guide expert d\u00e9crypte l&#8217;histoire, l&#8217;architecture et la gastronomie de la premi\u00e8re puissance europ\u00e9enne.<\/p>\n","protected":false},"author":1,"featured_media":242,"comment_status":"closed","ping_status":"open","sticky":false,"template":"","format":"standard","meta":{"_yoast_wpseo_focuskw":"","_yoast_wpseo_title":"","_yoast_wpseo_metadesc":"","_yoast_wpseo_canonical":"","_yoast_wpseo_opengraph-title":"","_yoast_wpseo_opengraph-description":"","_yoast_wpseo_opengraph-image":"","tdm_status":"","tdm_grid_status":"","footnotes":""},"categories":[646],"tags":[180,183,176,102,181,182,120,179],"class_list":["post-231","post","type-post","status-publish","format-standard","has-post-thumbnail","hentry","category-divers","tag-berlin","tag-gastronomie-allemande","tag-histoire-europe","tag-itineraire-15-jours","tag-munich","tag-route-romantique","tag-tourisme-culturel","tag-voyage-allemagne"],"yoast_head":"<!-- This site is optimized with the Yoast SEO plugin v27.5 - https:\/\/yoast.com\/product\/yoast-seo-wordpress\/ -->\n<title>Allemagne : L&#039;Itin\u00e9raire Ultime de 15 Jours \u00e0 travers l&#039;Histoire et la Culture - Mon Maghreb<\/title>\n<meta name=\"robots\" content=\"index, follow, max-snippet:-1, max-image-preview:large, max-video-preview:-1\" \/>\n<link rel=\"canonical\" href=\"https:\/\/monmaghreb.com\/index.php\/2025\/12\/20\/allemagne-litineraire-ultime-de-15-jours-a-travers-lhistoire-et-la-culture\/\" \/>\n<meta property=\"og:locale\" content=\"en_US\" \/>\n<meta property=\"og:type\" content=\"article\" \/>\n<meta property=\"og:title\" content=\"Allemagne : L&#039;Itin\u00e9raire Ultime de 15 Jours \u00e0 travers l&#039;Histoire et la Culture - Mon Maghreb\" \/>\n<meta property=\"og:description\" content=\"Embarquez pour une odyss\u00e9e monumentale de deux semaines \u00e0 travers l&#039;Allemagne, de l&#039;effervescence de Berlin aux sommets bavarois. Ce guide expert d\u00e9crypte l&#039;histoire, l&#039;architecture et la gastronomie de la premi\u00e8re puissance europ\u00e9enne.\" \/>\n<meta property=\"og:url\" content=\"https:\/\/monmaghreb.com\/index.php\/2025\/12\/20\/allemagne-litineraire-ultime-de-15-jours-a-travers-lhistoire-et-la-culture\/\" \/>\n<meta property=\"og:site_name\" content=\"Mon Maghreb\" \/>\n<meta property=\"article:author\" content=\"https:\/\/www.facebook.com\/monmaghrebcom\" \/>\n<meta property=\"article:published_time\" content=\"2025-12-20T06:57:29+00:00\" \/>\n<meta property=\"article:modified_time\" content=\"2026-03-09T01:24:02+00:00\" \/>\n<meta property=\"og:image\" content=\"https:\/\/monmaghreb.com\/wp-content\/uploads\/2025\/12\/collage-of-germany-representing-all-the-touristic-poi-of-the-country-in-169-aspect-ratio-2025-12-21.jpg\" \/>\n\t<meta property=\"og:image:width\" content=\"768\" \/>\n\t<meta property=\"og:image:height\" content=\"768\" \/>\n\t<meta property=\"og:image:type\" content=\"image\/jpeg\" \/>\n<meta name=\"author\" content=\"LaMagh\" \/>\n<meta name=\"twitter:card\" content=\"summary_large_image\" \/>\n<meta name=\"twitter:creator\" content=\"@MMaghreb50977\" \/>\n<meta name=\"twitter:label1\" content=\"Written by\" \/>\n\t<meta name=\"twitter:data1\" content=\"LaMagh\" \/>\n\t<meta name=\"twitter:label2\" content=\"Est. reading time\" \/>\n\t<meta name=\"twitter:data2\" content=\"6 minutes\" \/>\n<script type=\"application\/ld+json\" class=\"yoast-schema-graph\">{\"@context\":\"https:\\\/\\\/schema.org\",\"@graph\":[{\"@type\":\"Article\",\"@id\":\"https:\\\/\\\/monmaghreb.com\\\/index.php\\\/2025\\\/12\\\/20\\\/allemagne-litineraire-ultime-de-15-jours-a-travers-lhistoire-et-la-culture\\\/#article\",\"isPartOf\":{\"@id\":\"https:\\\/\\\/monmaghreb.com\\\/index.php\\\/2025\\\/12\\\/20\\\/allemagne-litineraire-ultime-de-15-jours-a-travers-lhistoire-et-la-culture\\\/\"},\"author\":{\"name\":\"LaMagh\",\"@id\":\"http:\\\/\\\/monmaghreb.com\\\/#\\\/schema\\\/person\\\/c469a89dc8c6b8987dcb438b1200d054\"},\"headline\":\"Allemagne : L&#8217;Itin\u00e9raire Ultime de 15 Jours \u00e0 travers l&#8217;Histoire et la Culture\",\"datePublished\":\"2025-12-20T06:57:29+00:00\",\"dateModified\":\"2026-03-09T01:24:02+00:00\",\"mainEntityOfPage\":{\"@id\":\"https:\\\/\\\/monmaghreb.com\\\/index.php\\\/2025\\\/12\\\/20\\\/allemagne-litineraire-ultime-de-15-jours-a-travers-lhistoire-et-la-culture\\\/\"},\"wordCount\":1521,\"publisher\":{\"@id\":\"http:\\\/\\\/monmaghreb.com\\\/#organization\"},\"image\":{\"@id\":\"https:\\\/\\\/monmaghreb.com\\\/index.php\\\/2025\\\/12\\\/20\\\/allemagne-litineraire-ultime-de-15-jours-a-travers-lhistoire-et-la-culture\\\/#primaryimage\"},\"thumbnailUrl\":\"https:\\\/\\\/monmaghreb.com\\\/wp-content\\\/uploads\\\/2025\\\/12\\\/collage-of-germany-representing-all-the-touristic-poi-of-the-country-in-169-aspect-ratio-2025-12-21.jpg\",\"keywords\":[\"Berlin\",\"Gastronomie Allemande\",\"Histoire Europe\",\"Itin\u00e9raire 15 jours\",\"Munich\",\"Route Romantique\",\"Tourisme Culturel\",\"Voyage Allemagne\"],\"articleSection\":[\"Divers\"],\"inLanguage\":\"en-US\"},{\"@type\":\"WebPage\",\"@id\":\"https:\\\/\\\/monmaghreb.com\\\/index.php\\\/2025\\\/12\\\/20\\\/allemagne-litineraire-ultime-de-15-jours-a-travers-lhistoire-et-la-culture\\\/\",\"url\":\"https:\\\/\\\/monmaghreb.com\\\/index.php\\\/2025\\\/12\\\/20\\\/allemagne-litineraire-ultime-de-15-jours-a-travers-lhistoire-et-la-culture\\\/\",\"name\":\"Allemagne : L'Itin\u00e9raire Ultime de 15 Jours \u00e0 travers l'Histoire et la Culture - Mon Maghreb\",\"isPartOf\":{\"@id\":\"http:\\\/\\\/monmaghreb.com\\\/#website\"},\"primaryImageOfPage\":{\"@id\":\"https:\\\/\\\/monmaghreb.com\\\/index.php\\\/2025\\\/12\\\/20\\\/allemagne-litineraire-ultime-de-15-jours-a-travers-lhistoire-et-la-culture\\\/#primaryimage\"},\"image\":{\"@id\":\"https:\\\/\\\/monmaghreb.com\\\/index.php\\\/2025\\\/12\\\/20\\\/allemagne-litineraire-ultime-de-15-jours-a-travers-lhistoire-et-la-culture\\\/#primaryimage\"},\"thumbnailUrl\":\"https:\\\/\\\/monmaghreb.com\\\/wp-content\\\/uploads\\\/2025\\\/12\\\/collage-of-germany-representing-all-the-touristic-poi-of-the-country-in-169-aspect-ratio-2025-12-21.jpg\",\"datePublished\":\"2025-12-20T06:57:29+00:00\",\"dateModified\":\"2026-03-09T01:24:02+00:00\",\"breadcrumb\":{\"@id\":\"https:\\\/\\\/monmaghreb.com\\\/index.php\\\/2025\\\/12\\\/20\\\/allemagne-litineraire-ultime-de-15-jours-a-travers-lhistoire-et-la-culture\\\/#breadcrumb\"},\"inLanguage\":\"en-US\",\"potentialAction\":[{\"@type\":\"ReadAction\",\"target\":[\"https:\\\/\\\/monmaghreb.com\\\/index.php\\\/2025\\\/12\\\/20\\\/allemagne-litineraire-ultime-de-15-jours-a-travers-lhistoire-et-la-culture\\\/\"]}]},{\"@type\":\"ImageObject\",\"inLanguage\":\"en-US\",\"@id\":\"https:\\\/\\\/monmaghreb.com\\\/index.php\\\/2025\\\/12\\\/20\\\/allemagne-litineraire-ultime-de-15-jours-a-travers-lhistoire-et-la-culture\\\/#primaryimage\",\"url\":\"https:\\\/\\\/monmaghreb.com\\\/wp-content\\\/uploads\\\/2025\\\/12\\\/collage-of-germany-representing-all-the-touristic-poi-of-the-country-in-169-aspect-ratio-2025-12-21.jpg\",\"contentUrl\":\"https:\\\/\\\/monmaghreb.com\\\/wp-content\\\/uploads\\\/2025\\\/12\\\/collage-of-germany-representing-all-the-touristic-poi-of-the-country-in-169-aspect-ratio-2025-12-21.jpg\",\"width\":768,\"height\":768},{\"@type\":\"BreadcrumbList\",\"@id\":\"https:\\\/\\\/monmaghreb.com\\\/index.php\\\/2025\\\/12\\\/20\\\/allemagne-litineraire-ultime-de-15-jours-a-travers-lhistoire-et-la-culture\\\/#breadcrumb\",\"itemListElement\":[{\"@type\":\"ListItem\",\"position\":1,\"name\":\"Home\",\"item\":\"http:\\\/\\\/monmaghreb.com\\\/\"},{\"@type\":\"ListItem\",\"position\":2,\"name\":\"Allemagne : L&#8217;Itin\u00e9raire Ultime de 15 Jours \u00e0 travers l&#8217;Histoire et la Culture\"}]},{\"@type\":\"WebSite\",\"@id\":\"http:\\\/\\\/monmaghreb.com\\\/#website\",\"url\":\"http:\\\/\\\/monmaghreb.com\\\/\",\"name\":\"Mon Maghreb\",\"description\":\"MonMaghreb United\",\"publisher\":{\"@id\":\"http:\\\/\\\/monmaghreb.com\\\/#organization\"},\"alternateName\":\"Le Monde du Maghreb et au del\u00e0\",\"potentialAction\":[{\"@type\":\"SearchAction\",\"target\":{\"@type\":\"EntryPoint\",\"urlTemplate\":\"http:\\\/\\\/monmaghreb.com\\\/?s={search_term_string}\"},\"query-input\":{\"@type\":\"PropertyValueSpecification\",\"valueRequired\":true,\"valueName\":\"search_term_string\"}}],\"inLanguage\":\"en-US\"},{\"@type\":\"Organization\",\"@id\":\"http:\\\/\\\/monmaghreb.com\\\/#organization\",\"name\":\"Mon Maghreb\",\"url\":\"http:\\\/\\\/monmaghreb.com\\\/\",\"logo\":{\"@type\":\"ImageObject\",\"inLanguage\":\"en-US\",\"@id\":\"http:\\\/\\\/monmaghreb.com\\\/#\\\/schema\\\/logo\\\/image\\\/\",\"url\":\"https:\\\/\\\/monmaghreb.com\\\/wp-content\\\/uploads\\\/2025\\\/12\\\/Mon_Maghreb_Logo.jpg\",\"contentUrl\":\"https:\\\/\\\/monmaghreb.com\\\/wp-content\\\/uploads\\\/2025\\\/12\\\/Mon_Maghreb_Logo.jpg\",\"width\":814,\"height\":374,\"caption\":\"Mon Maghreb\"},\"image\":{\"@id\":\"http:\\\/\\\/monmaghreb.com\\\/#\\\/schema\\\/logo\\\/image\\\/\"}},{\"@type\":\"Person\",\"@id\":\"http:\\\/\\\/monmaghreb.com\\\/#\\\/schema\\\/person\\\/c469a89dc8c6b8987dcb438b1200d054\",\"name\":\"LaMagh\",\"image\":{\"@type\":\"ImageObject\",\"inLanguage\":\"en-US\",\"@id\":\"https:\\\/\\\/secure.gravatar.com\\\/avatar\\\/399d8144bd55fba55e056779aca52fe528bac7911f6449e54d81173d6dfd7f0a?s=96&d=mm&r=g\",\"url\":\"https:\\\/\\\/secure.gravatar.com\\\/avatar\\\/399d8144bd55fba55e056779aca52fe528bac7911f6449e54d81173d6dfd7f0a?s=96&d=mm&r=g\",\"contentUrl\":\"https:\\\/\\\/secure.gravatar.com\\\/avatar\\\/399d8144bd55fba55e056779aca52fe528bac7911f6449e54d81173d6dfd7f0a?s=96&d=mm&r=g\",\"caption\":\"LaMagh\"},\"sameAs\":[\"https:\\\/\\\/monmaghreb.com\",\"https:\\\/\\\/www.facebook.com\\\/monmaghrebcom\",\"https:\\\/\\\/x.com\\\/MMaghreb50977\"],\"url\":\"https:\\\/\\\/monmaghreb.com\\\/index.php\\\/author\\\/lamagh\\\/\"}]}<\/script>\n<!-- \/ Yoast SEO plugin. -->","yoast_head_json":{"title":"Allemagne : L'Itin\u00e9raire Ultime de 15 Jours \u00e0 travers l'Histoire et la Culture - Mon Maghreb","robots":{"index":"index","follow":"follow","max-snippet":"max-snippet:-1","max-image-preview":"max-image-preview:large","max-video-preview":"max-video-preview:-1"},"canonical":"https:\/\/monmaghreb.com\/index.php\/2025\/12\/20\/allemagne-litineraire-ultime-de-15-jours-a-travers-lhistoire-et-la-culture\/","og_locale":"en_US","og_type":"article","og_title":"Allemagne : L'Itin\u00e9raire Ultime de 15 Jours \u00e0 travers l'Histoire et la Culture - Mon Maghreb","og_description":"Embarquez pour une odyss\u00e9e monumentale de deux semaines \u00e0 travers l'Allemagne, de l'effervescence de Berlin aux sommets bavarois. Ce guide expert d\u00e9crypte l'histoire, l'architecture et la gastronomie de la premi\u00e8re puissance europ\u00e9enne.","og_url":"https:\/\/monmaghreb.com\/index.php\/2025\/12\/20\/allemagne-litineraire-ultime-de-15-jours-a-travers-lhistoire-et-la-culture\/","og_site_name":"Mon Maghreb","article_author":"https:\/\/www.facebook.com\/monmaghrebcom","article_published_time":"2025-12-20T06:57:29+00:00","article_modified_time":"2026-03-09T01:24:02+00:00","og_image":[{"width":768,"height":768,"url":"https:\/\/monmaghreb.com\/wp-content\/uploads\/2025\/12\/collage-of-germany-representing-all-the-touristic-poi-of-the-country-in-169-aspect-ratio-2025-12-21.jpg","type":"image\/jpeg"}],"author":"LaMagh","twitter_card":"summary_large_image","twitter_creator":"@MMaghreb50977","twitter_misc":{"Written by":"LaMagh","Est. reading time":"6 minutes"},"schema":{"@context":"https:\/\/schema.org","@graph":[{"@type":"Article","@id":"https:\/\/monmaghreb.com\/index.php\/2025\/12\/20\/allemagne-litineraire-ultime-de-15-jours-a-travers-lhistoire-et-la-culture\/#article","isPartOf":{"@id":"https:\/\/monmaghreb.com\/index.php\/2025\/12\/20\/allemagne-litineraire-ultime-de-15-jours-a-travers-lhistoire-et-la-culture\/"},"author":{"name":"LaMagh","@id":"http:\/\/monmaghreb.com\/#\/schema\/person\/c469a89dc8c6b8987dcb438b1200d054"},"headline":"Allemagne : L&#8217;Itin\u00e9raire Ultime de 15 Jours \u00e0 travers l&#8217;Histoire et la Culture","datePublished":"2025-12-20T06:57:29+00:00","dateModified":"2026-03-09T01:24:02+00:00","mainEntityOfPage":{"@id":"https:\/\/monmaghreb.com\/index.php\/2025\/12\/20\/allemagne-litineraire-ultime-de-15-jours-a-travers-lhistoire-et-la-culture\/"},"wordCount":1521,"publisher":{"@id":"http:\/\/monmaghreb.com\/#organization"},"image":{"@id":"https:\/\/monmaghreb.com\/index.php\/2025\/12\/20\/allemagne-litineraire-ultime-de-15-jours-a-travers-lhistoire-et-la-culture\/#primaryimage"},"thumbnailUrl":"https:\/\/monmaghreb.com\/wp-content\/uploads\/2025\/12\/collage-of-germany-representing-all-the-touristic-poi-of-the-country-in-169-aspect-ratio-2025-12-21.jpg","keywords":["Berlin","Gastronomie Allemande","Histoire Europe","Itin\u00e9raire 15 jours","Munich","Route Romantique","Tourisme Culturel","Voyage Allemagne"],"articleSection":["Divers"],"inLanguage":"en-US"},{"@type":"WebPage","@id":"https:\/\/monmaghreb.com\/index.php\/2025\/12\/20\/allemagne-litineraire-ultime-de-15-jours-a-travers-lhistoire-et-la-culture\/","url":"https:\/\/monmaghreb.com\/index.php\/2025\/12\/20\/allemagne-litineraire-ultime-de-15-jours-a-travers-lhistoire-et-la-culture\/","name":"Allemagne : L'Itin\u00e9raire Ultime de 15 Jours \u00e0 travers l'Histoire et la Culture - Mon Maghreb","isPartOf":{"@id":"http:\/\/monmaghreb.com\/#website"},"primaryImageOfPage":{"@id":"https:\/\/monmaghreb.com\/index.php\/2025\/12\/20\/allemagne-litineraire-ultime-de-15-jours-a-travers-lhistoire-et-la-culture\/#primaryimage"},"image":{"@id":"https:\/\/monmaghreb.com\/index.php\/2025\/12\/20\/allemagne-litineraire-ultime-de-15-jours-a-travers-lhistoire-et-la-culture\/#primaryimage"},"thumbnailUrl":"https:\/\/monmaghreb.com\/wp-content\/uploads\/2025\/12\/collage-of-germany-representing-all-the-touristic-poi-of-the-country-in-169-aspect-ratio-2025-12-21.jpg","datePublished":"2025-12-20T06:57:29+00:00","dateModified":"2026-03-09T01:24:02+00:00","breadcrumb":{"@id":"https:\/\/monmaghreb.com\/index.php\/2025\/12\/20\/allemagne-litineraire-ultime-de-15-jours-a-travers-lhistoire-et-la-culture\/#breadcrumb"},"inLanguage":"en-US","potentialAction":[{"@type":"ReadAction","target":["https:\/\/monmaghreb.com\/index.php\/2025\/12\/20\/allemagne-litineraire-ultime-de-15-jours-a-travers-lhistoire-et-la-culture\/"]}]},{"@type":"ImageObject","inLanguage":"en-US","@id":"https:\/\/monmaghreb.com\/index.php\/2025\/12\/20\/allemagne-litineraire-ultime-de-15-jours-a-travers-lhistoire-et-la-culture\/#primaryimage","url":"https:\/\/monmaghreb.com\/wp-content\/uploads\/2025\/12\/collage-of-germany-representing-all-the-touristic-poi-of-the-country-in-169-aspect-ratio-2025-12-21.jpg","contentUrl":"https:\/\/monmaghreb.com\/wp-content\/uploads\/2025\/12\/collage-of-germany-representing-all-the-touristic-poi-of-the-country-in-169-aspect-ratio-2025-12-21.jpg","width":768,"height":768},{"@type":"BreadcrumbList","@id":"https:\/\/monmaghreb.com\/index.php\/2025\/12\/20\/allemagne-litineraire-ultime-de-15-jours-a-travers-lhistoire-et-la-culture\/#breadcrumb","itemListElement":[{"@type":"ListItem","position":1,"name":"Home","item":"http:\/\/monmaghreb.com\/"},{"@type":"ListItem","position":2,"name":"Allemagne : L&#8217;Itin\u00e9raire Ultime de 15 Jours \u00e0 travers l&#8217;Histoire et la Culture"}]},{"@type":"WebSite","@id":"http:\/\/monmaghreb.com\/#website","url":"http:\/\/monmaghreb.com\/","name":"Mon Maghreb","description":"MonMaghreb United","publisher":{"@id":"http:\/\/monmaghreb.com\/#organization"},"alternateName":"Le Monde du Maghreb et au del\u00e0","potentialAction":[{"@type":"SearchAction","target":{"@type":"EntryPoint","urlTemplate":"http:\/\/monmaghreb.com\/?s={search_term_string}"},"query-input":{"@type":"PropertyValueSpecification","valueRequired":true,"valueName":"search_term_string"}}],"inLanguage":"en-US"},{"@type":"Organization","@id":"http:\/\/monmaghreb.com\/#organization","name":"Mon Maghreb","url":"http:\/\/monmaghreb.com\/","logo":{"@type":"ImageObject","inLanguage":"en-US","@id":"http:\/\/monmaghreb.com\/#\/schema\/logo\/image\/","url":"https:\/\/monmaghreb.com\/wp-content\/uploads\/2025\/12\/Mon_Maghreb_Logo.jpg","contentUrl":"https:\/\/monmaghreb.com\/wp-content\/uploads\/2025\/12\/Mon_Maghreb_Logo.jpg","width":814,"height":374,"caption":"Mon Maghreb"},"image":{"@id":"http:\/\/monmaghreb.com\/#\/schema\/logo\/image\/"}},{"@type":"Person","@id":"http:\/\/monmaghreb.com\/#\/schema\/person\/c469a89dc8c6b8987dcb438b1200d054","name":"LaMagh","image":{"@type":"ImageObject","inLanguage":"en-US","@id":"https:\/\/secure.gravatar.com\/avatar\/399d8144bd55fba55e056779aca52fe528bac7911f6449e54d81173d6dfd7f0a?s=96&d=mm&r=g","url":"https:\/\/secure.gravatar.com\/avatar\/399d8144bd55fba55e056779aca52fe528bac7911f6449e54d81173d6dfd7f0a?s=96&d=mm&r=g","contentUrl":"https:\/\/secure.gravatar.com\/avatar\/399d8144bd55fba55e056779aca52fe528bac7911f6449e54d81173d6dfd7f0a?s=96&d=mm&r=g","caption":"LaMagh"},"sameAs":["https:\/\/monmaghreb.com","https:\/\/www.facebook.com\/monmaghrebcom","https:\/\/x.com\/MMaghreb50977"],"url":"https:\/\/monmaghreb.com\/index.php\/author\/lamagh\/"}]}},"_links":{"self":[{"href":"https:\/\/monmaghreb.com\/index.php\/wp-json\/wp\/v2\/posts\/231","targetHints":{"allow":["GET"]}}],"collection":[{"href":"https:\/\/monmaghreb.com\/index.php\/wp-json\/wp\/v2\/posts"}],"about":[{"href":"https:\/\/monmaghreb.com\/index.php\/wp-json\/wp\/v2\/types\/post"}],"author":[{"embeddable":true,"href":"https:\/\/monmaghreb.com\/index.php\/wp-json\/wp\/v2\/users\/1"}],"replies":[{"embeddable":true,"href":"https:\/\/monmaghreb.com\/index.php\/wp-json\/wp\/v2\/comments?post=231"}],"version-history":[{"count":1,"href":"https:\/\/monmaghreb.com\/index.php\/wp-json\/wp\/v2\/posts\/231\/revisions"}],"predecessor-version":[{"id":232,"href":"https:\/\/monmaghreb.com\/index.php\/wp-json\/wp\/v2\/posts\/231\/revisions\/232"}],"wp:featuredmedia":[{"embeddable":true,"href":"https:\/\/monmaghreb.com\/index.php\/wp-json\/wp\/v2\/media\/242"}],"wp:attachment":[{"href":"https:\/\/monmaghreb.com\/index.php\/wp-json\/wp\/v2\/media?parent=231"}],"wp:term":[{"taxonomy":"category","embeddable":true,"href":"https:\/\/monmaghreb.com\/index.php\/wp-json\/wp\/v2\/categories?post=231"},{"taxonomy":"post_tag","embeddable":true,"href":"https:\/\/monmaghreb.com\/index.php\/wp-json\/wp\/v2\/tags?post=231"}],"curies":[{"name":"wp","href":"https:\/\/api.w.org\/{rel}","templated":true}]}}