{"id":2452,"date":"2026-04-04T13:36:06","date_gmt":"2026-04-04T13:36:06","guid":{"rendered":"https:\/\/monmaghreb.com\/index.php\/2026\/04\/04\/hommage-aux-victimes-de-la-guerre-dalgerie-a-villalier-une-journee-commemorative-pour-honorer-les-heros-dechus\/"},"modified":"2026-04-04T13:36:11","modified_gmt":"2026-04-04T13:36:11","slug":"hommage-aux-victimes-de-la-guerre-dalgerie-a-villalier-une-journee-commemorative-pour-honorer-les-heros-dechus","status":"publish","type":"post","link":"https:\/\/monmaghreb.com\/index.php\/2026\/04\/04\/hommage-aux-victimes-de-la-guerre-dalgerie-a-villalier-une-journee-commemorative-pour-honorer-les-heros-dechus\/","title":{"rendered":"Hommage aux victimes de la guerre d&#8217;Alg\u00e9rie \u00e0 Villalier : Une journ\u00e9e comm\u00e9morative pour honorer les h\u00e9ros d\u00e9chus"},"content":{"rendered":"<p><!DOCTYPE html><br \/>\n<html lang='fr'><br \/>\n<head><br \/>\n\t<meta charset='UTF-8'><br \/>\n\t<title>Hommage aux victimes de la guerre d&#8217;Alg\u00e9rie \u00e0 <a href=\"https:\/\/monmaghreb.com\/index.php\/2026\/04\/02\/hommage-aux-victimes-de-la-guerre-dalgerie-a-villalier-un-rappel-des-souffrances-et-des-combats\/\" title=\"Hommage aux victimes de la guerre d\u2019Alg\u00e9rie \u00e0 Villalier : un rappel des souffrances et des combats\">Villalier<\/a><\/title><br \/>\n<\/head><br \/>\n<body><\/p>\n<h1>Hommage aux victimes de la guerre d&#8217;Alg\u00e9rie \u00e0 Villalier : Une journ\u00e9e comm\u00e9morative pour honorer les h\u00e9ros d\u00e9chus<\/h1>\n<p>Le 20 mai prochain, Villalier, en France, accueillera une journ\u00e9e comm\u00e9morative exceptionnelle en l&#8217;honneur des victimes de la guerre d&#8217;Alg\u00e9rie. Cette initiative est destin\u00e9e \u00e0 rendre hommage aux Alg\u00e9riens morts pour notre ind\u00e9pendance et \u00e0 nous rappeler que leur souffrance et leur sacrifice sont toujours r\u00e9sonants dans notre collectif m\u00e9moire.<\/p>\n<h2>Les origines de Villalier : une communaut\u00e9 maghr\u00e9bine forte<\/h2>\n<p>Villalier, un village situ\u00e9 dans le d\u00e9partement du Lot, en France, a accueilli une communaut\u00e9 de r\u00e9fugi\u00e9s alg\u00e9riens apr\u00e8s la guerre d&#8217;Alg\u00e9rie. Ces derniers, majoritairement d&#8217;origine berb\u00e8re, ont trouv\u00e9 refuge dans ce lieu en raison de sa proximit\u00e9 avec l&#8217;Espagne et le Maroc.<\/p>\n<p>Les Alg\u00e9riens ont apport\u00e9 leur culture, leur langue et leurs traditions \u00e0 Villalier, cr\u00e9ant ainsi une communaut\u00e9 multiculturelle vivante. Aujourd&#8217;hui, le village est un symbole important pour les membres de la diaspora alg\u00e9rienne en France, qui viennent y trouver refuge et se sentir chez eux.<\/p>\n<p>Il est int\u00e9ressant de noter que l&#8217;histoire de Villalier est li\u00e9e \u00e0 celle des populations maghr\u00e9bines qui ont \u00e9migr\u00e9 vers la France durant et apr\u00e8s la guerre d&#8217;Alg\u00e9rie. Les Alg\u00e9riens ont apport\u00e9 leur expertise, leurs comp\u00e9tences et leurs traditions \u00e0 Villalier, contribuant ainsi au d\u00e9veloppement du village.<\/p>\n<h2>Les \u00e9v\u00e9nements comm\u00e9moratifs \u00e0 Villalier<\/h2>\n<p>La journ\u00e9e comm\u00e9morative sera marqu\u00e9e par une s\u00e9rie d&#8217;\u00e9v\u00e9nements, dont des discours de dignitaires, des c\u00e9r\u00e9monies comm\u00e9moratives et des expositions consacr\u00e9es aux victimes de la guerre d&#8217;Alg\u00e9rie.<\/p>\n<p>Des artistes alg\u00e9riens seront \u00e9galement pr\u00e9sents pour offrir une contribution culturelle \u00e0 cette journ\u00e9e sp\u00e9ciale. Des ateliers, des concerts et des spectacles devraient animer le village tout au long du week-end.<\/p>\n<p>L&#8217;une des activit\u00e9s les plus attendues est la c\u00e9r\u00e9monie d&#8217;honneur aux victimes de la guerre d&#8217;Alg\u00e9rie, qui aura lieu sur la place principale de Villalier. Les dignitaires pr\u00e9sents comprendront des repr\u00e9sentants des communaut\u00e9s maghr\u00e9bines en France, ainsi que des responsables politiques et des leaders religieux.<\/p>\n<h2>Les victimes de la guerre d&#8217;Alg\u00e9rie : leurs sacrifices<\/h2>\n<p>La guerre d&#8217;Alg\u00e9rie a co\u00fbt\u00e9 la vie \u00e0 des centaines de milliers de personnes. Les victimes comprenaient des combattants, des civils et des sympathisants du FLN.<\/p>\n<p>Les pertes humaines sont inestimables, mais il est important de noter que les sacrifices de ces h\u00e9ros ont conduit \u00e0 l&#8217;ind\u00e9pendance alg\u00e9rienne et ont jou\u00e9 un r\u00f4le crucial dans la construction de notre communaut\u00e9 actuelle.<\/p>\n<p>Pour honorer le souvenir de ces victimes, nous devons nous rappeler leur sacrifice et leur d\u00e9termination. Ils ont donn\u00e9 leur vie pour obtenir l&#8217;ind\u00e9pendance et la libert\u00e9 pour leur pays.<\/p>\n<h2>La comm\u00e9moration des h\u00e9ros alg\u00e9riens en France<\/h2>\n<p>Les \u00e9v\u00e9nements \u00e0 Villalier sont un exemple de la mani\u00e8re dont les communaut\u00e9s maghr\u00e9bines en France se r\u00e9unissent pour honorer les victimes de la guerre d&#8217;Alg\u00e9rie.<\/p>\n<p>Il est important de noter que ce n&#8217;est pas la premi\u00e8re fois qu&#8217;une journ\u00e9e comm\u00e9morative est organis\u00e9e en l&#8217;honneur des h\u00e9ros alg\u00e9riens dans ce pays. Diverses communaut\u00e9s et organisations se sont d\u00e9j\u00e0 unies pour honorer ces victimes.<\/p>\n<p>Cette initiative montre que les communaut\u00e9s maghr\u00e9bines en France sont pr\u00eates \u00e0 se rassembler et \u00e0 honorer le souvenir de leurs h\u00e9ros d\u00e9chus.<\/p>\n<h2>L&#8217;appel \u00e0 l&#8217;action : uniez-vous pour honorer nos h\u00e9ros d\u00e9chus<\/h2>\n<p>Si vous \u00eates originaire de Villalier ou si vous souhaitez contribuer au succ\u00e8s de cette journ\u00e9e comm\u00e9morative exceptionnelle, n&#8217;h\u00e9sitez pas \u00e0 prendre part aux \u00e9v\u00e9nements qui s&#8217;y d\u00e9rouleront.<\/p>\n<p>Vous pouvez \u00e9galement participer \u00e0 la collecte des fonds pour soutenir les initiatives culturelles et comm\u00e9moratives li\u00e9es \u00e0 la guerre d&#8217;Alg\u00e9rie. Enfin, n&#8217;h\u00e9sitez pas \u00e0 partager ce message avec vos amis et votre r\u00e9seau pour attirer l&#8217;attention sur cette journ\u00e9e importante.<\/p>\n<p>Nous devons nous rappeler que le pass\u00e9 est le pr\u00e9sent de demain et que nous devons honorer les sacrifices des h\u00e9ros alg\u00e9riens en travaillant ensemble pour un avenir meilleur.<\/p>\n<div style=\"background:#f8f9fa;border-left:4px solid #0066cc;border-radius:6px;padding:20px 24px;margin:32px 0;\">\n<p style=\"font-size:13px;color:#888;text-transform:uppercase;letter-spacing:0.8px;margin:0 0 6px 0;\">Vous pourriez aussi aimer<\/p>\n<h3 style=\"font-size:18px;margin:0 0 14px 0;color:#222;\">Articles similaires<\/h3>\n<ul style=\"margin:0;padding-left:20px;list-style:disc;\">\n<li style=\"margin-bottom:10px;\"><a href=\"https:\/\/monmaghreb.com\/index.php\/2026\/04\/02\/hommage-aux-victimes-de-la-guerre-dalgerie-a-villalier-un-rappel-des-souffrances-et-des-combats\/\" style=\"color:#0066cc;text-decoration:none;font-weight:500;\" title=\"Hommage aux victimes de la guerre d\u2019Alg\u00e9rie \u00e0 Villalier : un rappel des souffrances et des combats\">Hommage aux victimes de la guerre d\u2019Alg\u00e9rie \u00e0 Villalier : un rappel des souffrances et des combats<\/a><\/li>\n<li style=\"margin-bottom:10px;\"><a href=\"https:\/\/monmaghreb.com\/index.php\/2026\/04\/01\/hommage-aux-victimes-de-la-guerre-dalgerie-un-rappel-de-lhistoire-et-des-souffrances-subies\/\" style=\"color:#0066cc;text-decoration:none;font-weight:500;\" title=\"Hommage aux victimes de la guerre d&#8217;Alg\u00e9rie : un rappel de l&#8217;histoire et des souffrances subies\">Hommage aux victimes de la guerre d&#8217;Alg\u00e9rie : un rappel de l&#8217;histoire et des souffrances subies<\/a><\/li>\n<li style=\"margin-bottom:10px;\"><a href=\"https:\/\/monmaghreb.com\/index.php\/2026\/03\/30\/hommage-aux-victimes-de-la-guerre-dalgerie-a-limoux-un-rappel-de-notre-histoire-commune\/\" style=\"color:#0066cc;text-decoration:none;font-weight:500;\" title=\"Hommage aux victimes de la guerre d&#8217;Alg\u00e9rie \u00e0 Limoux : Un rappel de notre histoire commune\">Hommage aux victimes de la guerre d&#8217;Alg\u00e9rie \u00e0 Limoux : Un rappel de notre histoire commune<\/a><\/li>\n<li style=\"margin-bottom:10px;\"><a href=\"https:\/\/monmaghreb.com\/index.php\/2026\/03\/30\/pierre-vermeren-lalgerie-une-nation-marquee-par-la-guerre-civile-et-son-impact-sur-la-societe-francaise\/\" style=\"color:#0066cc;text-decoration:none;font-weight:500;\" title=\"Pierre Vermeren : L&#8217;Alg\u00e9rie, une nation marqu\u00e9e par la guerre civile et son impact sur la soci\u00e9t\u00e9 fran\u00e7aise\">Pierre Vermeren : L&#8217;Alg\u00e9rie, une nation marqu\u00e9e par la guerre civile et son impact sur la soci\u00e9t\u00e9 fran\u00e7aise<\/a><\/li>\n<li style=\"margin-bottom:10px;\"><a href=\"https:\/\/monmaghreb.com\/index.php\/2026\/04\/04\/algerie-trois-occasions-magiques-pour-voyager-avant-lete-les-prix-des-billets-davion\/\" style=\"color:#0066cc;text-decoration:none;font-weight:500;\" title=\"Alg\u00e9rie : Trois occasions magiques pour voyager avant l&#8217;\u00e9t\u00e9 \u2013 Les prix des billets d&#8217;avion\">Alg\u00e9rie : Trois occasions magiques pour voyager avant l&#8217;\u00e9t\u00e9 \u2013 Les prix des billets d&#8217;avion<\/a><\/li>\n<\/ul>\n<\/div>\n<p><\/body><br \/>\n<\/html><\/p>\n","protected":false},"excerpt":{"rendered":"<p>Hommage aux victimes de la guerre d&#8217;Alg\u00e9rie \u00e0 Villalier : Une journ\u00e9e comm\u00e9morative pour honorer les h\u00e9ros d\u00e9chus. Joignez-vous le 20 mai. R\u00e9sonnant souvenir.<\/p>\n","protected":false},"author":1,"featured_media":2451,"comment_status":"closed","ping_status":"open","sticky":false,"template":"","format":"standard","meta":{"_yoast_wpseo_focuskw":"hommage victimes guerre d'Alg\u00e9rie","_yoast_wpseo_title":"Hommage aux victimes de la guerre d'Alg\u00e9rie \u00e0 Villalier : Un","_yoast_wpseo_metadesc":"Hommage aux victimes de la guerre d'Alg\u00e9rie \u00e0 Villalier : Une journ\u00e9e comm\u00e9morative pour honorer les h\u00e9ros d\u00e9chus. Joignez-vous le 20 mai. R\u00e9sonnant souvenir.","_yoast_wpseo_canonical":"","_yoast_wpseo_opengraph-title":"Hommage aux victimes de la guerre d'Alg\u00e9rie \u00e0 Villalier : Une journ\u00e9e comm\u00e9morative pour honorer les h\u00e9ros d\u00e9chus","_yoast_wpseo_opengraph-description":"Hommage aux victimes de la guerre d'Alg\u00e9rie \u00e0 Villalier : Une journ\u00e9e comm\u00e9morative pour honorer les h\u00e9ros d\u00e9chus. Joignez-vous le 20 mai. R\u00e9sonnant souvenir.","_yoast_wpseo_opengraph-image":"","tdm_status":"","tdm_grid_status":"","footnotes":""},"categories":[652],"tags":[950,1761,1762,1764,1763],"class_list":["post-2452","post","type-post","status-publish","format-standard","has-post-thumbnail","hentry","category-histoire-patrimoine","tag-algerie-independance","tag-commemoration-guerre","tag-france-algeriens","tag-heros-sacrifices","tag-histoire-vivaante"],"yoast_head":"<!-- This site is optimized with the Yoast SEO plugin v27.5 - https:\/\/yoast.com\/product\/yoast-seo-wordpress\/ -->\n<title>Hommage aux victimes de la guerre d&#039;Alg\u00e9rie \u00e0 Villalier : Un<\/title>\n<meta name=\"description\" content=\"Hommage aux victimes de la guerre d&#039;Alg\u00e9rie \u00e0 Villalier : Une journ\u00e9e comm\u00e9morative pour honorer les h\u00e9ros d\u00e9chus. Joignez-vous le 20 mai. R\u00e9sonnant souvenir.\" \/>\n<meta name=\"robots\" content=\"index, follow, max-snippet:-1, max-image-preview:large, max-video-preview:-1\" \/>\n<link rel=\"canonical\" href=\"https:\/\/monmaghreb.com\/index.php\/2026\/04\/04\/hommage-aux-victimes-de-la-guerre-dalgerie-a-villalier-une-journee-commemorative-pour-honorer-les-heros-dechus\/\" \/>\n<meta property=\"og:locale\" content=\"en_US\" \/>\n<meta property=\"og:type\" content=\"article\" \/>\n<meta property=\"og:title\" content=\"Hommage aux victimes de la guerre d&#039;Alg\u00e9rie \u00e0 Villalier : Une journ\u00e9e comm\u00e9morative pour honorer les h\u00e9ros d\u00e9chus\" \/>\n<meta property=\"og:description\" content=\"Hommage aux victimes de la guerre d&#039;Alg\u00e9rie \u00e0 Villalier : Une journ\u00e9e comm\u00e9morative pour honorer les h\u00e9ros d\u00e9chus. Joignez-vous le 20 mai. R\u00e9sonnant souvenir.\" \/>\n<meta property=\"og:url\" content=\"https:\/\/monmaghreb.com\/index.php\/2026\/04\/04\/hommage-aux-victimes-de-la-guerre-dalgerie-a-villalier-une-journee-commemorative-pour-honorer-les-heros-dechus\/\" \/>\n<meta property=\"og:site_name\" content=\"Mon Maghreb\" \/>\n<meta property=\"article:author\" content=\"https:\/\/www.facebook.com\/monmaghrebcom\" \/>\n<meta property=\"article:published_time\" content=\"2026-04-04T13:36:06+00:00\" \/>\n<meta property=\"article:modified_time\" content=\"2026-04-04T13:36:11+00:00\" \/>\n<meta property=\"og:image\" content=\"https:\/\/monmaghreb.com\/wp-content\/uploads\/2026\/04\/featured-55.jpg\" \/>\n\t<meta property=\"og:image:width\" content=\"1880\" \/>\n\t<meta property=\"og:image:height\" content=\"1253\" \/>\n\t<meta property=\"og:image:type\" content=\"image\/jpeg\" \/>\n<meta name=\"author\" content=\"LaMagh\" \/>\n<meta name=\"twitter:card\" content=\"summary_large_image\" \/>\n<meta name=\"twitter:creator\" content=\"@MMaghreb50977\" \/>\n<meta name=\"twitter:label1\" content=\"Written by\" \/>\n\t<meta name=\"twitter:data1\" content=\"LaMagh\" \/>\n\t<meta name=\"twitter:label2\" content=\"Est. reading time\" \/>\n\t<meta name=\"twitter:data2\" content=\"4 minutes\" \/>\n<script type=\"application\/ld+json\" class=\"yoast-schema-graph\">{\"@context\":\"https:\\\/\\\/schema.org\",\"@graph\":[{\"@type\":\"Article\",\"@id\":\"https:\\\/\\\/monmaghreb.com\\\/index.php\\\/2026\\\/04\\\/04\\\/hommage-aux-victimes-de-la-guerre-dalgerie-a-villalier-une-journee-commemorative-pour-honorer-les-heros-dechus\\\/#article\",\"isPartOf\":{\"@id\":\"https:\\\/\\\/monmaghreb.com\\\/index.php\\\/2026\\\/04\\\/04\\\/hommage-aux-victimes-de-la-guerre-dalgerie-a-villalier-une-journee-commemorative-pour-honorer-les-heros-dechus\\\/\"},\"author\":{\"name\":\"LaMagh\",\"@id\":\"http:\\\/\\\/monmaghreb.com\\\/#\\\/schema\\\/person\\\/c469a89dc8c6b8987dcb438b1200d054\"},\"headline\":\"Hommage aux victimes de la guerre d&#8217;Alg\u00e9rie \u00e0 Villalier : Une journ\u00e9e comm\u00e9morative pour honorer les h\u00e9ros d\u00e9chus\",\"datePublished\":\"2026-04-04T13:36:06+00:00\",\"dateModified\":\"2026-04-04T13:36:11+00:00\",\"mainEntityOfPage\":{\"@id\":\"https:\\\/\\\/monmaghreb.com\\\/index.php\\\/2026\\\/04\\\/04\\\/hommage-aux-victimes-de-la-guerre-dalgerie-a-villalier-une-journee-commemorative-pour-honorer-les-heros-dechus\\\/\"},\"wordCount\":858,\"publisher\":{\"@id\":\"http:\\\/\\\/monmaghreb.com\\\/#organization\"},\"image\":{\"@id\":\"https:\\\/\\\/monmaghreb.com\\\/index.php\\\/2026\\\/04\\\/04\\\/hommage-aux-victimes-de-la-guerre-dalgerie-a-villalier-une-journee-commemorative-pour-honorer-les-heros-dechus\\\/#primaryimage\"},\"thumbnailUrl\":\"https:\\\/\\\/monmaghreb.com\\\/wp-content\\\/uploads\\\/2026\\\/04\\\/featured-55.jpg\",\"keywords\":[\"alg\u00e9rie ind\u00e9pendance\",\"comm\u00e9moration guerre\",\"france alg\u00e9riens\",\"h\u00e9ros sacrifices\",\"histoire vivaante\"],\"articleSection\":[\"Histoire &amp; Patrimoine\"],\"inLanguage\":\"en-US\"},{\"@type\":\"WebPage\",\"@id\":\"https:\\\/\\\/monmaghreb.com\\\/index.php\\\/2026\\\/04\\\/04\\\/hommage-aux-victimes-de-la-guerre-dalgerie-a-villalier-une-journee-commemorative-pour-honorer-les-heros-dechus\\\/\",\"url\":\"https:\\\/\\\/monmaghreb.com\\\/index.php\\\/2026\\\/04\\\/04\\\/hommage-aux-victimes-de-la-guerre-dalgerie-a-villalier-une-journee-commemorative-pour-honorer-les-heros-dechus\\\/\",\"name\":\"Hommage aux victimes de la guerre d'Alg\u00e9rie \u00e0 Villalier : Un\",\"isPartOf\":{\"@id\":\"http:\\\/\\\/monmaghreb.com\\\/#website\"},\"primaryImageOfPage\":{\"@id\":\"https:\\\/\\\/monmaghreb.com\\\/index.php\\\/2026\\\/04\\\/04\\\/hommage-aux-victimes-de-la-guerre-dalgerie-a-villalier-une-journee-commemorative-pour-honorer-les-heros-dechus\\\/#primaryimage\"},\"image\":{\"@id\":\"https:\\\/\\\/monmaghreb.com\\\/index.php\\\/2026\\\/04\\\/04\\\/hommage-aux-victimes-de-la-guerre-dalgerie-a-villalier-une-journee-commemorative-pour-honorer-les-heros-dechus\\\/#primaryimage\"},\"thumbnailUrl\":\"https:\\\/\\\/monmaghreb.com\\\/wp-content\\\/uploads\\\/2026\\\/04\\\/featured-55.jpg\",\"datePublished\":\"2026-04-04T13:36:06+00:00\",\"dateModified\":\"2026-04-04T13:36:11+00:00\",\"description\":\"Hommage aux victimes de la guerre d'Alg\u00e9rie \u00e0 Villalier : Une journ\u00e9e comm\u00e9morative pour honorer les h\u00e9ros d\u00e9chus. Joignez-vous le 20 mai. R\u00e9sonnant souvenir.\",\"breadcrumb\":{\"@id\":\"https:\\\/\\\/monmaghreb.com\\\/index.php\\\/2026\\\/04\\\/04\\\/hommage-aux-victimes-de-la-guerre-dalgerie-a-villalier-une-journee-commemorative-pour-honorer-les-heros-dechus\\\/#breadcrumb\"},\"inLanguage\":\"en-US\",\"potentialAction\":[{\"@type\":\"ReadAction\",\"target\":[\"https:\\\/\\\/monmaghreb.com\\\/index.php\\\/2026\\\/04\\\/04\\\/hommage-aux-victimes-de-la-guerre-dalgerie-a-villalier-une-journee-commemorative-pour-honorer-les-heros-dechus\\\/\"]}]},{\"@type\":\"ImageObject\",\"inLanguage\":\"en-US\",\"@id\":\"https:\\\/\\\/monmaghreb.com\\\/index.php\\\/2026\\\/04\\\/04\\\/hommage-aux-victimes-de-la-guerre-dalgerie-a-villalier-une-journee-commemorative-pour-honorer-les-heros-dechus\\\/#primaryimage\",\"url\":\"https:\\\/\\\/monmaghreb.com\\\/wp-content\\\/uploads\\\/2026\\\/04\\\/featured-55.jpg\",\"contentUrl\":\"https:\\\/\\\/monmaghreb.com\\\/wp-content\\\/uploads\\\/2026\\\/04\\\/featured-55.jpg\",\"width\":1880,\"height\":1253,\"caption\":\"Hommage aux victimes de la guerre d'Alg\u00e9rie \u00e0 Villalier : Alg\u00e9riens et Fran\u00e7ais en hommage\"},{\"@type\":\"BreadcrumbList\",\"@id\":\"https:\\\/\\\/monmaghreb.com\\\/index.php\\\/2026\\\/04\\\/04\\\/hommage-aux-victimes-de-la-guerre-dalgerie-a-villalier-une-journee-commemorative-pour-honorer-les-heros-dechus\\\/#breadcrumb\",\"itemListElement\":[{\"@type\":\"ListItem\",\"position\":1,\"name\":\"Home\",\"item\":\"http:\\\/\\\/monmaghreb.com\\\/\"},{\"@type\":\"ListItem\",\"position\":2,\"name\":\"Hommage aux victimes de la guerre d&#8217;Alg\u00e9rie \u00e0 Villalier : Une journ\u00e9e comm\u00e9morative pour honorer les h\u00e9ros d\u00e9chus\"}]},{\"@type\":\"WebSite\",\"@id\":\"http:\\\/\\\/monmaghreb.com\\\/#website\",\"url\":\"http:\\\/\\\/monmaghreb.com\\\/\",\"name\":\"Mon Maghreb\",\"description\":\"MonMaghreb United\",\"publisher\":{\"@id\":\"http:\\\/\\\/monmaghreb.com\\\/#organization\"},\"alternateName\":\"Le Monde du Maghreb et au del\u00e0\",\"potentialAction\":[{\"@type\":\"SearchAction\",\"target\":{\"@type\":\"EntryPoint\",\"urlTemplate\":\"http:\\\/\\\/monmaghreb.com\\\/?s={search_term_string}\"},\"query-input\":{\"@type\":\"PropertyValueSpecification\",\"valueRequired\":true,\"valueName\":\"search_term_string\"}}],\"inLanguage\":\"en-US\"},{\"@type\":\"Organization\",\"@id\":\"http:\\\/\\\/monmaghreb.com\\\/#organization\",\"name\":\"Mon Maghreb\",\"url\":\"http:\\\/\\\/monmaghreb.com\\\/\",\"logo\":{\"@type\":\"ImageObject\",\"inLanguage\":\"en-US\",\"@id\":\"http:\\\/\\\/monmaghreb.com\\\/#\\\/schema\\\/logo\\\/image\\\/\",\"url\":\"https:\\\/\\\/monmaghreb.com\\\/wp-content\\\/uploads\\\/2025\\\/12\\\/Mon_Maghreb_Logo.jpg\",\"contentUrl\":\"https:\\\/\\\/monmaghreb.com\\\/wp-content\\\/uploads\\\/2025\\\/12\\\/Mon_Maghreb_Logo.jpg\",\"width\":814,\"height\":374,\"caption\":\"Mon Maghreb\"},\"image\":{\"@id\":\"http:\\\/\\\/monmaghreb.com\\\/#\\\/schema\\\/logo\\\/image\\\/\"}},{\"@type\":\"Person\",\"@id\":\"http:\\\/\\\/monmaghreb.com\\\/#\\\/schema\\\/person\\\/c469a89dc8c6b8987dcb438b1200d054\",\"name\":\"LaMagh\",\"image\":{\"@type\":\"ImageObject\",\"inLanguage\":\"en-US\",\"@id\":\"https:\\\/\\\/secure.gravatar.com\\\/avatar\\\/399d8144bd55fba55e056779aca52fe528bac7911f6449e54d81173d6dfd7f0a?s=96&d=mm&r=g\",\"url\":\"https:\\\/\\\/secure.gravatar.com\\\/avatar\\\/399d8144bd55fba55e056779aca52fe528bac7911f6449e54d81173d6dfd7f0a?s=96&d=mm&r=g\",\"contentUrl\":\"https:\\\/\\\/secure.gravatar.com\\\/avatar\\\/399d8144bd55fba55e056779aca52fe528bac7911f6449e54d81173d6dfd7f0a?s=96&d=mm&r=g\",\"caption\":\"LaMagh\"},\"sameAs\":[\"https:\\\/\\\/monmaghreb.com\",\"https:\\\/\\\/www.facebook.com\\\/monmaghrebcom\",\"https:\\\/\\\/x.com\\\/MMaghreb50977\"],\"url\":\"https:\\\/\\\/monmaghreb.com\\\/index.php\\\/author\\\/lamagh\\\/\"}]}<\/script>\n<!-- \/ Yoast SEO plugin. -->","yoast_head_json":{"title":"Hommage aux victimes de la guerre d'Alg\u00e9rie \u00e0 Villalier : Un","description":"Hommage aux victimes de la guerre d'Alg\u00e9rie \u00e0 Villalier : Une journ\u00e9e comm\u00e9morative pour honorer les h\u00e9ros d\u00e9chus. Joignez-vous le 20 mai. R\u00e9sonnant souvenir.","robots":{"index":"index","follow":"follow","max-snippet":"max-snippet:-1","max-image-preview":"max-image-preview:large","max-video-preview":"max-video-preview:-1"},"canonical":"https:\/\/monmaghreb.com\/index.php\/2026\/04\/04\/hommage-aux-victimes-de-la-guerre-dalgerie-a-villalier-une-journee-commemorative-pour-honorer-les-heros-dechus\/","og_locale":"en_US","og_type":"article","og_title":"Hommage aux victimes de la guerre d'Alg\u00e9rie \u00e0 Villalier : Une journ\u00e9e comm\u00e9morative pour honorer les h\u00e9ros d\u00e9chus","og_description":"Hommage aux victimes de la guerre d'Alg\u00e9rie \u00e0 Villalier : Une journ\u00e9e comm\u00e9morative pour honorer les h\u00e9ros d\u00e9chus. Joignez-vous le 20 mai. R\u00e9sonnant souvenir.","og_url":"https:\/\/monmaghreb.com\/index.php\/2026\/04\/04\/hommage-aux-victimes-de-la-guerre-dalgerie-a-villalier-une-journee-commemorative-pour-honorer-les-heros-dechus\/","og_site_name":"Mon Maghreb","article_author":"https:\/\/www.facebook.com\/monmaghrebcom","article_published_time":"2026-04-04T13:36:06+00:00","article_modified_time":"2026-04-04T13:36:11+00:00","og_image":[{"width":1880,"height":1253,"url":"https:\/\/monmaghreb.com\/wp-content\/uploads\/2026\/04\/featured-55.jpg","type":"image\/jpeg"}],"author":"LaMagh","twitter_card":"summary_large_image","twitter_creator":"@MMaghreb50977","twitter_misc":{"Written by":"LaMagh","Est. reading time":"4 minutes"},"schema":{"@context":"https:\/\/schema.org","@graph":[{"@type":"Article","@id":"https:\/\/monmaghreb.com\/index.php\/2026\/04\/04\/hommage-aux-victimes-de-la-guerre-dalgerie-a-villalier-une-journee-commemorative-pour-honorer-les-heros-dechus\/#article","isPartOf":{"@id":"https:\/\/monmaghreb.com\/index.php\/2026\/04\/04\/hommage-aux-victimes-de-la-guerre-dalgerie-a-villalier-une-journee-commemorative-pour-honorer-les-heros-dechus\/"},"author":{"name":"LaMagh","@id":"http:\/\/monmaghreb.com\/#\/schema\/person\/c469a89dc8c6b8987dcb438b1200d054"},"headline":"Hommage aux victimes de la guerre d&#8217;Alg\u00e9rie \u00e0 Villalier : Une journ\u00e9e comm\u00e9morative pour honorer les h\u00e9ros d\u00e9chus","datePublished":"2026-04-04T13:36:06+00:00","dateModified":"2026-04-04T13:36:11+00:00","mainEntityOfPage":{"@id":"https:\/\/monmaghreb.com\/index.php\/2026\/04\/04\/hommage-aux-victimes-de-la-guerre-dalgerie-a-villalier-une-journee-commemorative-pour-honorer-les-heros-dechus\/"},"wordCount":858,"publisher":{"@id":"http:\/\/monmaghreb.com\/#organization"},"image":{"@id":"https:\/\/monmaghreb.com\/index.php\/2026\/04\/04\/hommage-aux-victimes-de-la-guerre-dalgerie-a-villalier-une-journee-commemorative-pour-honorer-les-heros-dechus\/#primaryimage"},"thumbnailUrl":"https:\/\/monmaghreb.com\/wp-content\/uploads\/2026\/04\/featured-55.jpg","keywords":["alg\u00e9rie ind\u00e9pendance","comm\u00e9moration guerre","france alg\u00e9riens","h\u00e9ros sacrifices","histoire vivaante"],"articleSection":["Histoire &amp; Patrimoine"],"inLanguage":"en-US"},{"@type":"WebPage","@id":"https:\/\/monmaghreb.com\/index.php\/2026\/04\/04\/hommage-aux-victimes-de-la-guerre-dalgerie-a-villalier-une-journee-commemorative-pour-honorer-les-heros-dechus\/","url":"https:\/\/monmaghreb.com\/index.php\/2026\/04\/04\/hommage-aux-victimes-de-la-guerre-dalgerie-a-villalier-une-journee-commemorative-pour-honorer-les-heros-dechus\/","name":"Hommage aux victimes de la guerre d'Alg\u00e9rie \u00e0 Villalier : Un","isPartOf":{"@id":"http:\/\/monmaghreb.com\/#website"},"primaryImageOfPage":{"@id":"https:\/\/monmaghreb.com\/index.php\/2026\/04\/04\/hommage-aux-victimes-de-la-guerre-dalgerie-a-villalier-une-journee-commemorative-pour-honorer-les-heros-dechus\/#primaryimage"},"image":{"@id":"https:\/\/monmaghreb.com\/index.php\/2026\/04\/04\/hommage-aux-victimes-de-la-guerre-dalgerie-a-villalier-une-journee-commemorative-pour-honorer-les-heros-dechus\/#primaryimage"},"thumbnailUrl":"https:\/\/monmaghreb.com\/wp-content\/uploads\/2026\/04\/featured-55.jpg","datePublished":"2026-04-04T13:36:06+00:00","dateModified":"2026-04-04T13:36:11+00:00","description":"Hommage aux victimes de la guerre d'Alg\u00e9rie \u00e0 Villalier : Une journ\u00e9e comm\u00e9morative pour honorer les h\u00e9ros d\u00e9chus. Joignez-vous le 20 mai. R\u00e9sonnant souvenir.","breadcrumb":{"@id":"https:\/\/monmaghreb.com\/index.php\/2026\/04\/04\/hommage-aux-victimes-de-la-guerre-dalgerie-a-villalier-une-journee-commemorative-pour-honorer-les-heros-dechus\/#breadcrumb"},"inLanguage":"en-US","potentialAction":[{"@type":"ReadAction","target":["https:\/\/monmaghreb.com\/index.php\/2026\/04\/04\/hommage-aux-victimes-de-la-guerre-dalgerie-a-villalier-une-journee-commemorative-pour-honorer-les-heros-dechus\/"]}]},{"@type":"ImageObject","inLanguage":"en-US","@id":"https:\/\/monmaghreb.com\/index.php\/2026\/04\/04\/hommage-aux-victimes-de-la-guerre-dalgerie-a-villalier-une-journee-commemorative-pour-honorer-les-heros-dechus\/#primaryimage","url":"https:\/\/monmaghreb.com\/wp-content\/uploads\/2026\/04\/featured-55.jpg","contentUrl":"https:\/\/monmaghreb.com\/wp-content\/uploads\/2026\/04\/featured-55.jpg","width":1880,"height":1253,"caption":"Hommage aux victimes de la guerre d'Alg\u00e9rie \u00e0 Villalier : Alg\u00e9riens et Fran\u00e7ais en hommage"},{"@type":"BreadcrumbList","@id":"https:\/\/monmaghreb.com\/index.php\/2026\/04\/04\/hommage-aux-victimes-de-la-guerre-dalgerie-a-villalier-une-journee-commemorative-pour-honorer-les-heros-dechus\/#breadcrumb","itemListElement":[{"@type":"ListItem","position":1,"name":"Home","item":"http:\/\/monmaghreb.com\/"},{"@type":"ListItem","position":2,"name":"Hommage aux victimes de la guerre d&#8217;Alg\u00e9rie \u00e0 Villalier : Une journ\u00e9e comm\u00e9morative pour honorer les h\u00e9ros d\u00e9chus"}]},{"@type":"WebSite","@id":"http:\/\/monmaghreb.com\/#website","url":"http:\/\/monmaghreb.com\/","name":"Mon Maghreb","description":"MonMaghreb United","publisher":{"@id":"http:\/\/monmaghreb.com\/#organization"},"alternateName":"Le Monde du Maghreb et au del\u00e0","potentialAction":[{"@type":"SearchAction","target":{"@type":"EntryPoint","urlTemplate":"http:\/\/monmaghreb.com\/?s={search_term_string}"},"query-input":{"@type":"PropertyValueSpecification","valueRequired":true,"valueName":"search_term_string"}}],"inLanguage":"en-US"},{"@type":"Organization","@id":"http:\/\/monmaghreb.com\/#organization","name":"Mon Maghreb","url":"http:\/\/monmaghreb.com\/","logo":{"@type":"ImageObject","inLanguage":"en-US","@id":"http:\/\/monmaghreb.com\/#\/schema\/logo\/image\/","url":"https:\/\/monmaghreb.com\/wp-content\/uploads\/2025\/12\/Mon_Maghreb_Logo.jpg","contentUrl":"https:\/\/monmaghreb.com\/wp-content\/uploads\/2025\/12\/Mon_Maghreb_Logo.jpg","width":814,"height":374,"caption":"Mon Maghreb"},"image":{"@id":"http:\/\/monmaghreb.com\/#\/schema\/logo\/image\/"}},{"@type":"Person","@id":"http:\/\/monmaghreb.com\/#\/schema\/person\/c469a89dc8c6b8987dcb438b1200d054","name":"LaMagh","image":{"@type":"ImageObject","inLanguage":"en-US","@id":"https:\/\/secure.gravatar.com\/avatar\/399d8144bd55fba55e056779aca52fe528bac7911f6449e54d81173d6dfd7f0a?s=96&d=mm&r=g","url":"https:\/\/secure.gravatar.com\/avatar\/399d8144bd55fba55e056779aca52fe528bac7911f6449e54d81173d6dfd7f0a?s=96&d=mm&r=g","contentUrl":"https:\/\/secure.gravatar.com\/avatar\/399d8144bd55fba55e056779aca52fe528bac7911f6449e54d81173d6dfd7f0a?s=96&d=mm&r=g","caption":"LaMagh"},"sameAs":["https:\/\/monmaghreb.com","https:\/\/www.facebook.com\/monmaghrebcom","https:\/\/x.com\/MMaghreb50977"],"url":"https:\/\/monmaghreb.com\/index.php\/author\/lamagh\/"}]}},"_links":{"self":[{"href":"https:\/\/monmaghreb.com\/index.php\/wp-json\/wp\/v2\/posts\/2452","targetHints":{"allow":["GET"]}}],"collection":[{"href":"https:\/\/monmaghreb.com\/index.php\/wp-json\/wp\/v2\/posts"}],"about":[{"href":"https:\/\/monmaghreb.com\/index.php\/wp-json\/wp\/v2\/types\/post"}],"author":[{"embeddable":true,"href":"https:\/\/monmaghreb.com\/index.php\/wp-json\/wp\/v2\/users\/1"}],"replies":[{"embeddable":true,"href":"https:\/\/monmaghreb.com\/index.php\/wp-json\/wp\/v2\/comments?post=2452"}],"version-history":[{"count":1,"href":"https:\/\/monmaghreb.com\/index.php\/wp-json\/wp\/v2\/posts\/2452\/revisions"}],"predecessor-version":[{"id":2453,"href":"https:\/\/monmaghreb.com\/index.php\/wp-json\/wp\/v2\/posts\/2452\/revisions\/2453"}],"wp:featuredmedia":[{"embeddable":true,"href":"https:\/\/monmaghreb.com\/index.php\/wp-json\/wp\/v2\/media\/2451"}],"wp:attachment":[{"href":"https:\/\/monmaghreb.com\/index.php\/wp-json\/wp\/v2\/media?parent=2452"}],"wp:term":[{"taxonomy":"category","embeddable":true,"href":"https:\/\/monmaghreb.com\/index.php\/wp-json\/wp\/v2\/categories?post=2452"},{"taxonomy":"post_tag","embeddable":true,"href":"https:\/\/monmaghreb.com\/index.php\/wp-json\/wp\/v2\/tags?post=2452"}],"curies":[{"name":"wp","href":"https:\/\/api.w.org\/{rel}","templated":true}]}}