{"id":2461,"date":"2026-04-04T15:36:23","date_gmt":"2026-04-04T15:36:23","guid":{"rendered":"https:\/\/monmaghreb.com\/index.php\/2026\/04\/04\/lexploration-de-la-culture-berbere-visitez-lexposition-lart-de-vivre-amazigh-de-zahira-tigtate-au-centre-culturel-cbf-de-drancy\/"},"modified":"2026-04-04T15:36:27","modified_gmt":"2026-04-04T15:36:27","slug":"lexploration-de-la-culture-berbere-visitez-lexposition-lart-de-vivre-amazigh-de-zahira-tigtate-au-centre-culturel-cbf-de-drancy","status":"publish","type":"post","link":"https:\/\/monmaghreb.com\/index.php\/2026\/04\/04\/lexploration-de-la-culture-berbere-visitez-lexposition-lart-de-vivre-amazigh-de-zahira-tigtate-au-centre-culturel-cbf-de-drancy\/","title":{"rendered":"L&#8217;exploration de la culture berb\u00e8re : visitez l&#8217;exposition \u00ab L\u2019Art de vivre Amazigh \u00bb de Zahira Tigtate au Centre Culturel CBF de Drancy"},"content":{"rendered":"<p><!DOCTYPE html> <html lang='fr'> <head> <meta charset='UTF-8'> <title>L&#8217;Art de vivre Amazigh : une exposition \u00e0 ne pas manquer<\/title> <\/head> <body> <\/p>\n<h1>L&#8217;<a href=\"https:\/\/monmaghreb.com\/index.php\/2026\/03\/30\/exposition-de-zahira-tigtate-une-exploration-de-la-culture-berbere-au-centre-culturel-cbf-de-drancy\/\" title=\"Exposition de Zahira Tigtate : Une exploration de la culture berb\u00e8re au Centre Culturel CBF de Drancy\">exploration<\/a> de la culture berb\u00e8re : visitez l\u2019exposition \u00ab L\u2019Art de vivre Amazigh \u00bb de Zahira Tigtate au Centre Culturel CBF de Drancy<\/h1>\n<p>En tant que lecteur maghr\u00e9bin de la diaspora, il est souvent difficile d&#8217;avoir acc\u00e8s \u00e0 des \u00e9v\u00e9nements qui mettent en lumi\u00e8re notre h\u00e9ritage berb\u00e8re. Cependant, une exposition spectaculaire est sur le point d\u2019arriver dans les lieux : \u00ab L\u2019Art de vivre Amazigh \u00bb, pr\u00e9sent\u00e9e par la grande artiste Zahira Tigtate au Centre Culturel CBF de Drancy.<\/p>\n<h2>1. Qui est Zahira Tigtate ?<\/h2>\n<p>Zahira Tigtate est une artiste berb\u00e8re de renomm\u00e9e internationale, originaire du Maroc. Elle est surtout connue pour ses peintures inspir\u00e9es de la culture berb\u00e8re, qui ont \u00e9t\u00e9 expos\u00e9es dans des mus\u00e9es et des galeries d\u2019art \u00e0 travers le monde.<\/p>\n<p>Son travail se concentre sur la fa\u00e7on dont les Amazighs vivent et per\u00e7oivent leur environnement. Elle met l&#8217;accent sur la beaut\u00e9, la diversit\u00e9 et la resilience de cette culture qui compte des millions d\u2019adeptes en Afrique du Nord.<\/p>\n<p>\u00ab L\u2019Art de vivre Amazigh \u00bb est donc un \u00e9v\u00e9nement unique pour tous ceux qui veulent d\u00e9couvrir plus profond\u00e9ment la culture berb\u00e8re et la vision artistique de Zahira Tigtate.<\/p>\n<h2>2. Qu&#8217;est-ce que \u00ab L\u2019Art de vivre Amazigh \u00bb ?<\/h2>\n<p>\u00ab L\u2019Art de vivre Amazigh \u00bb est une exposition qui pr\u00e9sente des \u0153uvres d\u2019art r\u00e9centes de Zahira Tigtate, dont beaucoup ont \u00e9t\u00e9 sp\u00e9cialement cr\u00e9\u00e9es pour cette occasion.<\/p>\n<p>L&#8217;exposition explore diff\u00e9rents aspects de la culture berb\u00e8re, comme sa relation avec la nature, son artisanat, sa spiritualit\u00e9 et sa po\u00e9sie. Elle met \u00e9galement l&#8217;accent sur la diversit\u00e9 des r\u00e9gions berb\u00e8res en Afrique du Nord et sur les diff\u00e9rences culturelles qui existent entre ces diff\u00e9rentes communaut\u00e9s.<\/p>\n<p>Zahira Tigtate a travaill\u00e9 avec des artisans locaux pour cr\u00e9er des \u0153uvres d\u2019art uniques qui refl\u00e8tent leur savoir-faire et leur inspiration berb\u00e8re.<\/p>\n<h2>3. Pourquoi visiter \u00ab L\u2019Art de vivre Amazigh \u00bb ?<\/h2>\n<p>Visiter \u00ab L\u2019Art de vivre Amazigh \u00bb est une opportunit\u00e9 unique pour d\u00e9couvrir plus profond\u00e9ment la culture berb\u00e8re et l&#8217;\u0153uvre d\u2019un artiste remarquable.<\/p>\n<p>L&#8217;exposition propose des \u0153uvres d\u2019art uniques qui vous permettront de mieux comprendre ce qu&#8217;est \u00eatre Amazigh en Afrique du Nord, ce que nous partageons avec les millions d&#8217;autres berb\u00e8res sur cette terre.<\/p>\n<p>En plus de voir les \u0153uvres d\u2019art de Zahira Tigtate, vous pourrez \u00e9galement assister \u00e0 des d\u00e9monstrations d\u2019artisanat et des performances traditionnelles berb\u00e8res qui compl\u00e9teront votre exp\u00e9rience.<\/p>\n<h2>4. O\u00f9 se trouve le Centre Culturel CBF de Drancy ?<\/h2>\n<p>Le Centre Culturel CBF de Drancy est situ\u00e9 \u00e0 proximit\u00e9 imm\u00e9diate du centre-ville de Drancy, dans la banlieue nord-est de Paris.<\/p>\n<ul>\n<li>Adresse : 10 Avenue Paul Vaillant-Couturier, 93270 Drancy<\/li>\n<li>Acc\u00e8s en m\u00e9tro : ligne 15 \u00e0 la station \u00ab L\u00e9o Lagrange \u00bb<\/li>\n<\/ul>\n<h2>5. Quand se d\u00e9roule l\u2019exposition ?<\/h2>\n<p>L\u2019exposition \u00ab L\u2019Art de vivre Amazigh \u00bb se d\u00e9roulera du 1er au 30 octobre 2022 au Centre Culturel CBF de Drancy.<\/p>\n<p>Il est important de noter que les heures d&#8217;ouverture varient en fonction des jours, donc il conviendra de consulter le site web du Centre Culturel CBF de Drancy pour conna\u00eetre les horaires exacts.<\/p>\n<h2>6. Quel est le co\u00fbt de l\u2019exposition ?<\/h2>\n<p>L&#8217;entr\u00e9e \u00e0 l&#8217;exposition est gratuite, ce qui signifie que c&#8217;est une occasion exceptionnelle pour tous les lecteurs maghr\u00e9bins de la diaspora de d\u00e9couvrir plus profond\u00e9ment la culture berb\u00e8re sans d\u00e9penser un centime.<\/p>\n<h2>7. Quel est l&#8217;appel \u00e0 l&#8217;action ?<\/h2>\n<p>Si vous \u00eates dans le voisinage de Paris ou si vous avez une occasion de visiter la r\u00e9gion, j&#8217;invite chaleureusement les lecteurs maghr\u00e9bins de la diaspora \u00e0 se rendre au Centre Culturel CBF de Drancy pour d\u00e9couvrir l\u2019exposition \u00ab L\u2019Art de vivre Amazigh \u00bb de Zahira Tigtate.<\/p>\n<p>Cet \u00e9v\u00e9nement sera un moment unique pour tous ceux qui veulent reconnaitre et c\u00e9l\u00e9brer leur h\u00e9ritage berb\u00e8re, et je suis s\u00fbr que vous ne regretterez pas votre d\u00e9cision d&#8217;y aller !<\/p>\n<div style=\"background:#f8f9fa;border-left:4px solid #0066cc;border-radius:6px;padding:20px 24px;margin:32px 0;\">\n<p style=\"font-size:13px;color:#888;text-transform:uppercase;letter-spacing:0.8px;margin:0 0 6px 0;\">Vous pourriez aussi aimer<\/p>\n<h3 style=\"font-size:18px;margin:0 0 14px 0;color:#222;\">Articles similaires<\/h3>\n<ul style=\"margin:0;padding-left:20px;list-style:disc;\">\n<li style=\"margin-bottom:10px;\"><a href=\"https:\/\/monmaghreb.com\/index.php\/2026\/03\/30\/exposition-de-zahira-tigtate-une-exploration-de-la-culture-berbere-au-centre-culturel-cbf-de-drancy\/\" style=\"color:#0066cc;text-decoration:none;font-weight:500;\" title=\"Exposition de Zahira Tigtate : Une exploration de la culture berb\u00e8re au Centre Culturel CBF de Drancy\">Exposition de Zahira Tigtate : Une exploration de la culture berb\u00e8re au Centre Culturel CBF de Drancy<\/a><\/li>\n<li style=\"margin-bottom:10px;\"><a href=\"https:\/\/monmaghreb.com\/index.php\/2026\/04\/03\/sante-mentale-accueillir-les-enfants-autistes-dans-leducation-bourgeoise-francaise-un-guide-pour-la-diaspora-maghrebine\/\" style=\"color:#0066cc;text-decoration:none;font-weight:500;\" title=\"Sant\u00e9 mentale : accueillir les enfants autistes dans l&#8217;\u00e9ducation bourgeoise fran\u00e7aise &#8211; un guide pour la diaspora maghr\u00e9bine\">Sant\u00e9 mentale : accueillir les enfants autistes dans l&#8217;\u00e9ducation bourgeoise fran\u00e7aise &#8211; un guide pour la diaspora maghr\u00e9bine<\/a><\/li>\n<li style=\"margin-bottom:10px;\"><a href=\"https:\/\/monmaghreb.com\/index.php\/2026\/03\/30\/les-10-derniers-jours-du-ramadan-2026-guide-pratique-pour-les-employeurs-et-les-educateurs\/\" style=\"color:#0066cc;text-decoration:none;font-weight:500;\" title=\"Les 10 derniers jours du Ramadan 2026 : guide pratique pour les employeurs et les \u00e9ducateurs\">Les 10 derniers jours du Ramadan 2026 : guide pratique pour les employeurs et les \u00e9ducateurs<\/a><\/li>\n<li style=\"margin-bottom:10px;\"><a href=\"https:\/\/monmaghreb.com\/index.php\/2026\/04\/03\/lart-marocain-au-coeur-de-lexposition-de-lambassade-francaise-a-washington\/\" style=\"color:#0066cc;text-decoration:none;font-weight:500;\" title=\"L&#8217;Art marocain au c\u0153ur de l&#8217;exposition de l&#8217;ambassade fran\u00e7aise \u00e0 Washington\">L&#8217;Art marocain au c\u0153ur de l&#8217;exposition de l&#8217;ambassade fran\u00e7aise \u00e0 Washington<\/a><\/li>\n<li style=\"margin-bottom:10px;\"><a href=\"https:\/\/monmaghreb.com\/index.php\/2026\/04\/04\/celebrer-yennayer-le-nouvel-an-berbere-des-amazighs-a-chateau-thierry-en-decembre-2025-une-fete-incontournable-pour-les-maghrebins-de-la-diaspora\/\" style=\"color:#0066cc;text-decoration:none;font-weight:500;\" title=\"C\u00e9l\u00e9brer Yennayer, le Nouvel An berb\u00e8re des Amazighs, \u00e0 Ch\u00e2teau-Thierry en d\u00e9cembre 2025 : une f\u00eate incontournable pour les Maghr\u00e9bins de la diaspora\">C\u00e9l\u00e9brer Yennayer, le Nouvel An berb\u00e8re des Amazighs, \u00e0 Ch\u00e2teau-Thierry en d\u00e9cembre 2025 : une f\u00eate incontournable pour les Maghr\u00e9bins de la diaspora<\/a><\/li>\n<\/ul>\n<\/div>\n<p> <\/body> <\/html><\/p>\n","protected":false},"excerpt":{"rendered":"<p>D\u00e9couvrez l&#8217;exposition &#8220;L\u2019Art de vivre Amazigh&#8221; de Zahira Tigtate au Centre Culturel CBF de Drancy : une chance rare d&#8217;explorer notre h\u00e9ritage berb\u00e8re. Ne ratez<\/p>\n","protected":false},"author":1,"featured_media":2460,"comment_status":"closed","ping_status":"open","sticky":false,"template":"","format":"standard","meta":{"_yoast_wpseo_focuskw":"exposition culture berbere","_yoast_wpseo_title":"L'exploration de la culture berb\u00e8re : visitez l'exposition \u00ab","_yoast_wpseo_metadesc":"D\u00e9couvrez l'exposition \"L\u2019Art de vivre Amazigh\" de Zahira Tigtate au Centre Culturel CBF de Drancy : une chance rare d'explorer notre h\u00e9ritage berb\u00e8re. Ne ratez","_yoast_wpseo_canonical":"","_yoast_wpseo_opengraph-title":"L'exploration de la culture berb\u00e8re : visitez l'exposition \u00ab L\u2019Art de vivre Amazigh \u00bb de Zahira Tigtate au Centre Culturel CBF de Drancy","_yoast_wpseo_opengraph-description":"D\u00e9couvrez l'exposition \"L\u2019Art de vivre Amazigh\" de Zahira Tigtate au Centre Culturel CBF de Drancy : une chance rare d'explorer notre h\u00e9ritage berb\u00e8re. Ne ratez","_yoast_wpseo_opengraph-image":"","tdm_status":"","tdm_grid_status":"","footnotes":""},"categories":[652],"tags":[1765,1767,10,1766,556],"class_list":["post-2461","post","type-post","status-publish","format-standard","has-post-thumbnail","hentry","category-histoire-patrimoine","tag-art-exposition","tag-centre-culturel","tag-culture-berbere","tag-diaporas-maghrebine","tag-guide-pratique"],"yoast_head":"<!-- This site is optimized with the Yoast SEO plugin v27.5 - https:\/\/yoast.com\/product\/yoast-seo-wordpress\/ -->\n<title>L&#039;exploration de la culture berb\u00e8re : visitez l&#039;exposition \u00ab<\/title>\n<meta name=\"description\" content=\"D\u00e9couvrez l&#039;exposition &quot;L\u2019Art de vivre Amazigh&quot; de Zahira Tigtate au Centre Culturel CBF de Drancy : une chance rare d&#039;explorer notre h\u00e9ritage berb\u00e8re. Ne ratez\" \/>\n<meta name=\"robots\" content=\"index, follow, max-snippet:-1, max-image-preview:large, max-video-preview:-1\" \/>\n<link rel=\"canonical\" href=\"https:\/\/monmaghreb.com\/index.php\/2026\/04\/04\/lexploration-de-la-culture-berbere-visitez-lexposition-lart-de-vivre-amazigh-de-zahira-tigtate-au-centre-culturel-cbf-de-drancy\/\" \/>\n<meta property=\"og:locale\" content=\"en_US\" \/>\n<meta property=\"og:type\" content=\"article\" \/>\n<meta property=\"og:title\" content=\"L&#039;exploration de la culture berb\u00e8re : visitez l&#039;exposition \u00ab L\u2019Art de vivre Amazigh \u00bb de Zahira Tigtate au Centre Culturel CBF de Drancy\" \/>\n<meta property=\"og:description\" content=\"D\u00e9couvrez l&#039;exposition &quot;L\u2019Art de vivre Amazigh&quot; de Zahira Tigtate au Centre Culturel CBF de Drancy : une chance rare d&#039;explorer notre h\u00e9ritage berb\u00e8re. Ne ratez\" \/>\n<meta property=\"og:url\" content=\"https:\/\/monmaghreb.com\/index.php\/2026\/04\/04\/lexploration-de-la-culture-berbere-visitez-lexposition-lart-de-vivre-amazigh-de-zahira-tigtate-au-centre-culturel-cbf-de-drancy\/\" \/>\n<meta property=\"og:site_name\" content=\"Mon Maghreb\" \/>\n<meta property=\"article:author\" content=\"https:\/\/www.facebook.com\/monmaghrebcom\" \/>\n<meta property=\"article:published_time\" content=\"2026-04-04T15:36:23+00:00\" \/>\n<meta property=\"article:modified_time\" content=\"2026-04-04T15:36:27+00:00\" \/>\n<meta property=\"og:image\" content=\"https:\/\/monmaghreb.com\/wp-content\/uploads\/2026\/04\/featured-58.jpg\" \/>\n\t<meta property=\"og:image:width\" content=\"1880\" \/>\n\t<meta property=\"og:image:height\" content=\"1253\" \/>\n\t<meta property=\"og:image:type\" content=\"image\/jpeg\" \/>\n<meta name=\"author\" content=\"LaMagh\" \/>\n<meta name=\"twitter:card\" content=\"summary_large_image\" \/>\n<meta name=\"twitter:creator\" content=\"@MMaghreb50977\" \/>\n<meta name=\"twitter:label1\" content=\"Written by\" \/>\n\t<meta name=\"twitter:data1\" content=\"LaMagh\" \/>\n\t<meta name=\"twitter:label2\" content=\"Est. reading time\" \/>\n\t<meta name=\"twitter:data2\" content=\"4 minutes\" \/>\n<script type=\"application\/ld+json\" class=\"yoast-schema-graph\">{\"@context\":\"https:\\\/\\\/schema.org\",\"@graph\":[{\"@type\":\"Article\",\"@id\":\"https:\\\/\\\/monmaghreb.com\\\/index.php\\\/2026\\\/04\\\/04\\\/lexploration-de-la-culture-berbere-visitez-lexposition-lart-de-vivre-amazigh-de-zahira-tigtate-au-centre-culturel-cbf-de-drancy\\\/#article\",\"isPartOf\":{\"@id\":\"https:\\\/\\\/monmaghreb.com\\\/index.php\\\/2026\\\/04\\\/04\\\/lexploration-de-la-culture-berbere-visitez-lexposition-lart-de-vivre-amazigh-de-zahira-tigtate-au-centre-culturel-cbf-de-drancy\\\/\"},\"author\":{\"name\":\"LaMagh\",\"@id\":\"http:\\\/\\\/monmaghreb.com\\\/#\\\/schema\\\/person\\\/c469a89dc8c6b8987dcb438b1200d054\"},\"headline\":\"L&#8217;exploration de la culture berb\u00e8re : visitez l&#8217;exposition \u00ab L\u2019Art de vivre Amazigh \u00bb de Zahira Tigtate au Centre Culturel CBF de Drancy\",\"datePublished\":\"2026-04-04T15:36:23+00:00\",\"dateModified\":\"2026-04-04T15:36:27+00:00\",\"mainEntityOfPage\":{\"@id\":\"https:\\\/\\\/monmaghreb.com\\\/index.php\\\/2026\\\/04\\\/04\\\/lexploration-de-la-culture-berbere-visitez-lexposition-lart-de-vivre-amazigh-de-zahira-tigtate-au-centre-culturel-cbf-de-drancy\\\/\"},\"wordCount\":814,\"publisher\":{\"@id\":\"http:\\\/\\\/monmaghreb.com\\\/#organization\"},\"image\":{\"@id\":\"https:\\\/\\\/monmaghreb.com\\\/index.php\\\/2026\\\/04\\\/04\\\/lexploration-de-la-culture-berbere-visitez-lexposition-lart-de-vivre-amazigh-de-zahira-tigtate-au-centre-culturel-cbf-de-drancy\\\/#primaryimage\"},\"thumbnailUrl\":\"https:\\\/\\\/monmaghreb.com\\\/wp-content\\\/uploads\\\/2026\\\/04\\\/featured-58.jpg\",\"keywords\":[\"art exposition\",\"centre culturel\",\"Culture berb\u00e8re\",\"diaporas maghr\u00e9bine\",\"guide pratique\"],\"articleSection\":[\"Histoire &amp; Patrimoine\"],\"inLanguage\":\"en-US\"},{\"@type\":\"WebPage\",\"@id\":\"https:\\\/\\\/monmaghreb.com\\\/index.php\\\/2026\\\/04\\\/04\\\/lexploration-de-la-culture-berbere-visitez-lexposition-lart-de-vivre-amazigh-de-zahira-tigtate-au-centre-culturel-cbf-de-drancy\\\/\",\"url\":\"https:\\\/\\\/monmaghreb.com\\\/index.php\\\/2026\\\/04\\\/04\\\/lexploration-de-la-culture-berbere-visitez-lexposition-lart-de-vivre-amazigh-de-zahira-tigtate-au-centre-culturel-cbf-de-drancy\\\/\",\"name\":\"L'exploration de la culture berb\u00e8re : visitez l'exposition \u00ab\",\"isPartOf\":{\"@id\":\"http:\\\/\\\/monmaghreb.com\\\/#website\"},\"primaryImageOfPage\":{\"@id\":\"https:\\\/\\\/monmaghreb.com\\\/index.php\\\/2026\\\/04\\\/04\\\/lexploration-de-la-culture-berbere-visitez-lexposition-lart-de-vivre-amazigh-de-zahira-tigtate-au-centre-culturel-cbf-de-drancy\\\/#primaryimage\"},\"image\":{\"@id\":\"https:\\\/\\\/monmaghreb.com\\\/index.php\\\/2026\\\/04\\\/04\\\/lexploration-de-la-culture-berbere-visitez-lexposition-lart-de-vivre-amazigh-de-zahira-tigtate-au-centre-culturel-cbf-de-drancy\\\/#primaryimage\"},\"thumbnailUrl\":\"https:\\\/\\\/monmaghreb.com\\\/wp-content\\\/uploads\\\/2026\\\/04\\\/featured-58.jpg\",\"datePublished\":\"2026-04-04T15:36:23+00:00\",\"dateModified\":\"2026-04-04T15:36:27+00:00\",\"description\":\"D\u00e9couvrez l'exposition \\\"L\u2019Art de vivre Amazigh\\\" de Zahira Tigtate au Centre Culturel CBF de Drancy : une chance rare d'explorer notre h\u00e9ritage berb\u00e8re. Ne ratez\",\"breadcrumb\":{\"@id\":\"https:\\\/\\\/monmaghreb.com\\\/index.php\\\/2026\\\/04\\\/04\\\/lexploration-de-la-culture-berbere-visitez-lexposition-lart-de-vivre-amazigh-de-zahira-tigtate-au-centre-culturel-cbf-de-drancy\\\/#breadcrumb\"},\"inLanguage\":\"en-US\",\"potentialAction\":[{\"@type\":\"ReadAction\",\"target\":[\"https:\\\/\\\/monmaghreb.com\\\/index.php\\\/2026\\\/04\\\/04\\\/lexploration-de-la-culture-berbere-visitez-lexposition-lart-de-vivre-amazigh-de-zahira-tigtate-au-centre-culturel-cbf-de-drancy\\\/\"]}]},{\"@type\":\"ImageObject\",\"inLanguage\":\"en-US\",\"@id\":\"https:\\\/\\\/monmaghreb.com\\\/index.php\\\/2026\\\/04\\\/04\\\/lexploration-de-la-culture-berbere-visitez-lexposition-lart-de-vivre-amazigh-de-zahira-tigtate-au-centre-culturel-cbf-de-drancy\\\/#primaryimage\",\"url\":\"https:\\\/\\\/monmaghreb.com\\\/wp-content\\\/uploads\\\/2026\\\/04\\\/featured-58.jpg\",\"contentUrl\":\"https:\\\/\\\/monmaghreb.com\\\/wp-content\\\/uploads\\\/2026\\\/04\\\/featured-58.jpg\",\"width\":1880,\"height\":1253,\"caption\":\"Zahira Tigtate avec une exposition de l'Art de vivre Amazigh au Centre Culturel CBF de Drancy\"},{\"@type\":\"BreadcrumbList\",\"@id\":\"https:\\\/\\\/monmaghreb.com\\\/index.php\\\/2026\\\/04\\\/04\\\/lexploration-de-la-culture-berbere-visitez-lexposition-lart-de-vivre-amazigh-de-zahira-tigtate-au-centre-culturel-cbf-de-drancy\\\/#breadcrumb\",\"itemListElement\":[{\"@type\":\"ListItem\",\"position\":1,\"name\":\"Home\",\"item\":\"http:\\\/\\\/monmaghreb.com\\\/\"},{\"@type\":\"ListItem\",\"position\":2,\"name\":\"L&#8217;exploration de la culture berb\u00e8re : visitez l&#8217;exposition \u00ab L\u2019Art de vivre Amazigh \u00bb de Zahira Tigtate au Centre Culturel CBF de Drancy\"}]},{\"@type\":\"WebSite\",\"@id\":\"http:\\\/\\\/monmaghreb.com\\\/#website\",\"url\":\"http:\\\/\\\/monmaghreb.com\\\/\",\"name\":\"Mon Maghreb\",\"description\":\"MonMaghreb United\",\"publisher\":{\"@id\":\"http:\\\/\\\/monmaghreb.com\\\/#organization\"},\"alternateName\":\"Le Monde du Maghreb et au del\u00e0\",\"potentialAction\":[{\"@type\":\"SearchAction\",\"target\":{\"@type\":\"EntryPoint\",\"urlTemplate\":\"http:\\\/\\\/monmaghreb.com\\\/?s={search_term_string}\"},\"query-input\":{\"@type\":\"PropertyValueSpecification\",\"valueRequired\":true,\"valueName\":\"search_term_string\"}}],\"inLanguage\":\"en-US\"},{\"@type\":\"Organization\",\"@id\":\"http:\\\/\\\/monmaghreb.com\\\/#organization\",\"name\":\"Mon Maghreb\",\"url\":\"http:\\\/\\\/monmaghreb.com\\\/\",\"logo\":{\"@type\":\"ImageObject\",\"inLanguage\":\"en-US\",\"@id\":\"http:\\\/\\\/monmaghreb.com\\\/#\\\/schema\\\/logo\\\/image\\\/\",\"url\":\"https:\\\/\\\/monmaghreb.com\\\/wp-content\\\/uploads\\\/2025\\\/12\\\/Mon_Maghreb_Logo.jpg\",\"contentUrl\":\"https:\\\/\\\/monmaghreb.com\\\/wp-content\\\/uploads\\\/2025\\\/12\\\/Mon_Maghreb_Logo.jpg\",\"width\":814,\"height\":374,\"caption\":\"Mon Maghreb\"},\"image\":{\"@id\":\"http:\\\/\\\/monmaghreb.com\\\/#\\\/schema\\\/logo\\\/image\\\/\"}},{\"@type\":\"Person\",\"@id\":\"http:\\\/\\\/monmaghreb.com\\\/#\\\/schema\\\/person\\\/c469a89dc8c6b8987dcb438b1200d054\",\"name\":\"LaMagh\",\"image\":{\"@type\":\"ImageObject\",\"inLanguage\":\"en-US\",\"@id\":\"https:\\\/\\\/secure.gravatar.com\\\/avatar\\\/399d8144bd55fba55e056779aca52fe528bac7911f6449e54d81173d6dfd7f0a?s=96&d=mm&r=g\",\"url\":\"https:\\\/\\\/secure.gravatar.com\\\/avatar\\\/399d8144bd55fba55e056779aca52fe528bac7911f6449e54d81173d6dfd7f0a?s=96&d=mm&r=g\",\"contentUrl\":\"https:\\\/\\\/secure.gravatar.com\\\/avatar\\\/399d8144bd55fba55e056779aca52fe528bac7911f6449e54d81173d6dfd7f0a?s=96&d=mm&r=g\",\"caption\":\"LaMagh\"},\"sameAs\":[\"https:\\\/\\\/monmaghreb.com\",\"https:\\\/\\\/www.facebook.com\\\/monmaghrebcom\",\"https:\\\/\\\/x.com\\\/MMaghreb50977\"],\"url\":\"https:\\\/\\\/monmaghreb.com\\\/index.php\\\/author\\\/lamagh\\\/\"}]}<\/script>\n<!-- \/ Yoast SEO plugin. -->","yoast_head_json":{"title":"L'exploration de la culture berb\u00e8re : visitez l'exposition \u00ab","description":"D\u00e9couvrez l'exposition \"L\u2019Art de vivre Amazigh\" de Zahira Tigtate au Centre Culturel CBF de Drancy : une chance rare d'explorer notre h\u00e9ritage berb\u00e8re. Ne ratez","robots":{"index":"index","follow":"follow","max-snippet":"max-snippet:-1","max-image-preview":"max-image-preview:large","max-video-preview":"max-video-preview:-1"},"canonical":"https:\/\/monmaghreb.com\/index.php\/2026\/04\/04\/lexploration-de-la-culture-berbere-visitez-lexposition-lart-de-vivre-amazigh-de-zahira-tigtate-au-centre-culturel-cbf-de-drancy\/","og_locale":"en_US","og_type":"article","og_title":"L'exploration de la culture berb\u00e8re : visitez l'exposition \u00ab L\u2019Art de vivre Amazigh \u00bb de Zahira Tigtate au Centre Culturel CBF de Drancy","og_description":"D\u00e9couvrez l'exposition \"L\u2019Art de vivre Amazigh\" de Zahira Tigtate au Centre Culturel CBF de Drancy : une chance rare d'explorer notre h\u00e9ritage berb\u00e8re. Ne ratez","og_url":"https:\/\/monmaghreb.com\/index.php\/2026\/04\/04\/lexploration-de-la-culture-berbere-visitez-lexposition-lart-de-vivre-amazigh-de-zahira-tigtate-au-centre-culturel-cbf-de-drancy\/","og_site_name":"Mon Maghreb","article_author":"https:\/\/www.facebook.com\/monmaghrebcom","article_published_time":"2026-04-04T15:36:23+00:00","article_modified_time":"2026-04-04T15:36:27+00:00","og_image":[{"width":1880,"height":1253,"url":"https:\/\/monmaghreb.com\/wp-content\/uploads\/2026\/04\/featured-58.jpg","type":"image\/jpeg"}],"author":"LaMagh","twitter_card":"summary_large_image","twitter_creator":"@MMaghreb50977","twitter_misc":{"Written by":"LaMagh","Est. reading time":"4 minutes"},"schema":{"@context":"https:\/\/schema.org","@graph":[{"@type":"Article","@id":"https:\/\/monmaghreb.com\/index.php\/2026\/04\/04\/lexploration-de-la-culture-berbere-visitez-lexposition-lart-de-vivre-amazigh-de-zahira-tigtate-au-centre-culturel-cbf-de-drancy\/#article","isPartOf":{"@id":"https:\/\/monmaghreb.com\/index.php\/2026\/04\/04\/lexploration-de-la-culture-berbere-visitez-lexposition-lart-de-vivre-amazigh-de-zahira-tigtate-au-centre-culturel-cbf-de-drancy\/"},"author":{"name":"LaMagh","@id":"http:\/\/monmaghreb.com\/#\/schema\/person\/c469a89dc8c6b8987dcb438b1200d054"},"headline":"L&#8217;exploration de la culture berb\u00e8re : visitez l&#8217;exposition \u00ab L\u2019Art de vivre Amazigh \u00bb de Zahira Tigtate au Centre Culturel CBF de Drancy","datePublished":"2026-04-04T15:36:23+00:00","dateModified":"2026-04-04T15:36:27+00:00","mainEntityOfPage":{"@id":"https:\/\/monmaghreb.com\/index.php\/2026\/04\/04\/lexploration-de-la-culture-berbere-visitez-lexposition-lart-de-vivre-amazigh-de-zahira-tigtate-au-centre-culturel-cbf-de-drancy\/"},"wordCount":814,"publisher":{"@id":"http:\/\/monmaghreb.com\/#organization"},"image":{"@id":"https:\/\/monmaghreb.com\/index.php\/2026\/04\/04\/lexploration-de-la-culture-berbere-visitez-lexposition-lart-de-vivre-amazigh-de-zahira-tigtate-au-centre-culturel-cbf-de-drancy\/#primaryimage"},"thumbnailUrl":"https:\/\/monmaghreb.com\/wp-content\/uploads\/2026\/04\/featured-58.jpg","keywords":["art exposition","centre culturel","Culture berb\u00e8re","diaporas maghr\u00e9bine","guide pratique"],"articleSection":["Histoire &amp; Patrimoine"],"inLanguage":"en-US"},{"@type":"WebPage","@id":"https:\/\/monmaghreb.com\/index.php\/2026\/04\/04\/lexploration-de-la-culture-berbere-visitez-lexposition-lart-de-vivre-amazigh-de-zahira-tigtate-au-centre-culturel-cbf-de-drancy\/","url":"https:\/\/monmaghreb.com\/index.php\/2026\/04\/04\/lexploration-de-la-culture-berbere-visitez-lexposition-lart-de-vivre-amazigh-de-zahira-tigtate-au-centre-culturel-cbf-de-drancy\/","name":"L'exploration de la culture berb\u00e8re : visitez l'exposition \u00ab","isPartOf":{"@id":"http:\/\/monmaghreb.com\/#website"},"primaryImageOfPage":{"@id":"https:\/\/monmaghreb.com\/index.php\/2026\/04\/04\/lexploration-de-la-culture-berbere-visitez-lexposition-lart-de-vivre-amazigh-de-zahira-tigtate-au-centre-culturel-cbf-de-drancy\/#primaryimage"},"image":{"@id":"https:\/\/monmaghreb.com\/index.php\/2026\/04\/04\/lexploration-de-la-culture-berbere-visitez-lexposition-lart-de-vivre-amazigh-de-zahira-tigtate-au-centre-culturel-cbf-de-drancy\/#primaryimage"},"thumbnailUrl":"https:\/\/monmaghreb.com\/wp-content\/uploads\/2026\/04\/featured-58.jpg","datePublished":"2026-04-04T15:36:23+00:00","dateModified":"2026-04-04T15:36:27+00:00","description":"D\u00e9couvrez l'exposition \"L\u2019Art de vivre Amazigh\" de Zahira Tigtate au Centre Culturel CBF de Drancy : une chance rare d'explorer notre h\u00e9ritage berb\u00e8re. Ne ratez","breadcrumb":{"@id":"https:\/\/monmaghreb.com\/index.php\/2026\/04\/04\/lexploration-de-la-culture-berbere-visitez-lexposition-lart-de-vivre-amazigh-de-zahira-tigtate-au-centre-culturel-cbf-de-drancy\/#breadcrumb"},"inLanguage":"en-US","potentialAction":[{"@type":"ReadAction","target":["https:\/\/monmaghreb.com\/index.php\/2026\/04\/04\/lexploration-de-la-culture-berbere-visitez-lexposition-lart-de-vivre-amazigh-de-zahira-tigtate-au-centre-culturel-cbf-de-drancy\/"]}]},{"@type":"ImageObject","inLanguage":"en-US","@id":"https:\/\/monmaghreb.com\/index.php\/2026\/04\/04\/lexploration-de-la-culture-berbere-visitez-lexposition-lart-de-vivre-amazigh-de-zahira-tigtate-au-centre-culturel-cbf-de-drancy\/#primaryimage","url":"https:\/\/monmaghreb.com\/wp-content\/uploads\/2026\/04\/featured-58.jpg","contentUrl":"https:\/\/monmaghreb.com\/wp-content\/uploads\/2026\/04\/featured-58.jpg","width":1880,"height":1253,"caption":"Zahira Tigtate avec une exposition de l'Art de vivre Amazigh au Centre Culturel CBF de Drancy"},{"@type":"BreadcrumbList","@id":"https:\/\/monmaghreb.com\/index.php\/2026\/04\/04\/lexploration-de-la-culture-berbere-visitez-lexposition-lart-de-vivre-amazigh-de-zahira-tigtate-au-centre-culturel-cbf-de-drancy\/#breadcrumb","itemListElement":[{"@type":"ListItem","position":1,"name":"Home","item":"http:\/\/monmaghreb.com\/"},{"@type":"ListItem","position":2,"name":"L&#8217;exploration de la culture berb\u00e8re : visitez l&#8217;exposition \u00ab L\u2019Art de vivre Amazigh \u00bb de Zahira Tigtate au Centre Culturel CBF de Drancy"}]},{"@type":"WebSite","@id":"http:\/\/monmaghreb.com\/#website","url":"http:\/\/monmaghreb.com\/","name":"Mon Maghreb","description":"MonMaghreb United","publisher":{"@id":"http:\/\/monmaghreb.com\/#organization"},"alternateName":"Le Monde du Maghreb et au del\u00e0","potentialAction":[{"@type":"SearchAction","target":{"@type":"EntryPoint","urlTemplate":"http:\/\/monmaghreb.com\/?s={search_term_string}"},"query-input":{"@type":"PropertyValueSpecification","valueRequired":true,"valueName":"search_term_string"}}],"inLanguage":"en-US"},{"@type":"Organization","@id":"http:\/\/monmaghreb.com\/#organization","name":"Mon Maghreb","url":"http:\/\/monmaghreb.com\/","logo":{"@type":"ImageObject","inLanguage":"en-US","@id":"http:\/\/monmaghreb.com\/#\/schema\/logo\/image\/","url":"https:\/\/monmaghreb.com\/wp-content\/uploads\/2025\/12\/Mon_Maghreb_Logo.jpg","contentUrl":"https:\/\/monmaghreb.com\/wp-content\/uploads\/2025\/12\/Mon_Maghreb_Logo.jpg","width":814,"height":374,"caption":"Mon Maghreb"},"image":{"@id":"http:\/\/monmaghreb.com\/#\/schema\/logo\/image\/"}},{"@type":"Person","@id":"http:\/\/monmaghreb.com\/#\/schema\/person\/c469a89dc8c6b8987dcb438b1200d054","name":"LaMagh","image":{"@type":"ImageObject","inLanguage":"en-US","@id":"https:\/\/secure.gravatar.com\/avatar\/399d8144bd55fba55e056779aca52fe528bac7911f6449e54d81173d6dfd7f0a?s=96&d=mm&r=g","url":"https:\/\/secure.gravatar.com\/avatar\/399d8144bd55fba55e056779aca52fe528bac7911f6449e54d81173d6dfd7f0a?s=96&d=mm&r=g","contentUrl":"https:\/\/secure.gravatar.com\/avatar\/399d8144bd55fba55e056779aca52fe528bac7911f6449e54d81173d6dfd7f0a?s=96&d=mm&r=g","caption":"LaMagh"},"sameAs":["https:\/\/monmaghreb.com","https:\/\/www.facebook.com\/monmaghrebcom","https:\/\/x.com\/MMaghreb50977"],"url":"https:\/\/monmaghreb.com\/index.php\/author\/lamagh\/"}]}},"_links":{"self":[{"href":"https:\/\/monmaghreb.com\/index.php\/wp-json\/wp\/v2\/posts\/2461","targetHints":{"allow":["GET"]}}],"collection":[{"href":"https:\/\/monmaghreb.com\/index.php\/wp-json\/wp\/v2\/posts"}],"about":[{"href":"https:\/\/monmaghreb.com\/index.php\/wp-json\/wp\/v2\/types\/post"}],"author":[{"embeddable":true,"href":"https:\/\/monmaghreb.com\/index.php\/wp-json\/wp\/v2\/users\/1"}],"replies":[{"embeddable":true,"href":"https:\/\/monmaghreb.com\/index.php\/wp-json\/wp\/v2\/comments?post=2461"}],"version-history":[{"count":1,"href":"https:\/\/monmaghreb.com\/index.php\/wp-json\/wp\/v2\/posts\/2461\/revisions"}],"predecessor-version":[{"id":2462,"href":"https:\/\/monmaghreb.com\/index.php\/wp-json\/wp\/v2\/posts\/2461\/revisions\/2462"}],"wp:featuredmedia":[{"embeddable":true,"href":"https:\/\/monmaghreb.com\/index.php\/wp-json\/wp\/v2\/media\/2460"}],"wp:attachment":[{"href":"https:\/\/monmaghreb.com\/index.php\/wp-json\/wp\/v2\/media?parent=2461"}],"wp:term":[{"taxonomy":"category","embeddable":true,"href":"https:\/\/monmaghreb.com\/index.php\/wp-json\/wp\/v2\/categories?post=2461"},{"taxonomy":"post_tag","embeddable":true,"href":"https:\/\/monmaghreb.com\/index.php\/wp-json\/wp\/v2\/tags?post=2461"}],"curies":[{"name":"wp","href":"https:\/\/api.w.org\/{rel}","templated":true}]}}