{"id":3302,"date":"2026-04-23T10:57:34","date_gmt":"2026-04-23T10:57:34","guid":{"rendered":"https:\/\/monmaghreb.com\/index.php\/2026\/04\/23\/zellige-traditionnel-marocain-defense-au-patrimoine-culturel-par-lunesco\/"},"modified":"2026-04-23T10:57:40","modified_gmt":"2026-04-23T10:57:40","slug":"zellige-traditionnel-marocain-defense-au-patrimoine-culturel-par-lunesco","status":"publish","type":"post","link":"https:\/\/monmaghreb.com\/index.php\/2026\/04\/23\/zellige-traditionnel-marocain-defense-au-patrimoine-culturel-par-lunesco\/","title":{"rendered":"Zellige traditionnel marocain : d\u00e9fense au patrimoine culturel par l&#8217;UNESCO"},"content":{"rendered":"<p><!DOCTYPE html><br \/>\n<html lang='fr'><br \/>\n<head><br \/>\n<meta charset='UTF-8'><br \/>\n<title>Zellige traditionnel marocain : d\u00e9fense au patrimoine culturel par l&#8217;UNESCO<\/title><br \/>\n<\/head><br \/>\n<body><\/p>\n<h1>Zellige traditionnel marocain : d\u00e9fense au patrimoine culturel par l&#8217;UNESCO<\/h1>\n<p>L\u2019<a href=\"https:\/\/monmaghreb.com\/index.php\/2026\/04\/19\/une-boutique-dartisanat-marocain-a-cherbourg-en-cotentin-decouvrez-ses-creations-uniques\/\" title=\"Une boutique d&#8217;artisanat marocain \u00e0 Cherbourg-en-Cotentin : d\u00e9couvrez ses cr\u00e9ations uniques\">artisanat<\/a> marocain est c\u00e9l\u00e8bre pour son riche patrimoine culturel, et l\u2019une de ses \u0153uvres les plus remarquables est le Zellige. Ce n\u2019est pas un hasard si ce beau mot a \u00e9t\u00e9 inscrit au patrimoine culturel immat\u00e9riel de l\u2019humanit\u00e9 par l\u2019UNESCO en 2014. En effet, depuis des si\u00e8cles, le Zellige a \u00e9t\u00e9 utilis\u00e9 pour d\u00e9corer les mosqu\u00e9es et les palais du Maroc, cr\u00e9ant un symbole fort de la richesse culturelle du pays.<\/p>\n<h2>Histoire et origine du Zellige<\/h2>\n<p>L&#8217;origine exacte du Zellige reste encore sujette \u00e0 d\u00e9bat, mais il est largement admis qu&#8217;il trouve son origine dans l\u2019Antiquit\u00e9, notamment au Maghreb romain. Selon certains historiens, le nom &#8220;Zellig&#8221; viendrait de la langue berb\u00e8re, o\u00f9 zellig signifie nourrir les enfants. Les carreaux de terre cuite qui composent ce style d&#8217;art sont donc peut-\u00eatre originellement destin\u00e9s \u00e0 repr\u00e9senter les enfants qui grandissent dans un environnement riche en culture.<\/p>\n<p>Au fil des si\u00e8cles, le Zellige a \u00e9t\u00e9 utilis\u00e9 pour d\u00e9corer des b\u00e2timents religieux et r\u00e9sidentiels, \u00e0 commencer par les mosqu\u00e9es du Maroc, notamment celles de F\u00e8s, Mekn\u00e8s, et Marrakech. Les artisans marocains ont ainsi pu cr\u00e9er un art unique qui refl\u00e8te leur culture et leur histoire.<\/p>\n<p>Le Zellige classique se compose de carreaux de terre cuite de taille variable (environ 3&#215;3 cm), dispos\u00e9s en r\u00e9seau complexe et sans joints visibles. Les motifs g\u00e9om\u00e9triques, floraux et v\u00e9g\u00e9taux cr\u00e9ent un d\u00e9cor unique qui peut varier en fonction des r\u00e9gions du Maroc.<\/p>\n<h2>Les diff\u00e9rentes techniques de fabrication du Zellige<\/h2>\n<p>La m\u00e9thode traditionnelle de fabrication du Zellige n\u2019utilise que des mat\u00e9riaux naturels, tels que la terre, l&#8217;argile, le sable et l&#8217;eau. Les artisans taillent les carreaux \u00e0 l&#8217;aide d\u2019un outil simple appel\u00e9 ziriwah, fabriqu\u00e9 de bois ou de fer.<\/p>\n<p>Il existe cependant plusieurs variantes r\u00e9gionales du Zellige, chacune utilisant ses propres techniques et motifs. Les plus connues sont le Zellij d\u2019Agadir, qui utilise des carreaux en mosa\u00efque de couleurs vives et les motifs g\u00e9om\u00e9triques, et le Zellij de Tetouan, dont les motifs sont plus stylis\u00e9s.<\/p>\n<ul>\n<li>Le Zellig de Chefchaouen utilise des carreaux bleus dans un design en damier.<\/li>\n<li>Le Zellij de Sefrou utilise des motifs floraux et v\u00e9g\u00e9taux, inspir\u00e9s de la nature locale.<\/li>\n<\/ul>\n<p>Chacune de ces variantes est unique et refl\u00e8te l\u2019identit\u00e9 culturelle de sa r\u00e9gion d&#8217;origine. Les artisans marocains ont ainsi pu cr\u00e9er un art qui est \u00e0 la fois commun et r\u00e9gional.<\/p>\n<h2>La renaissance du Zellige marocain<\/h2>\n<p>Malgr\u00e9 le d\u00e9clin qu\u2019a connu l&#8217;artisanat traditionnel au XXe si\u00e8cle, le Zellige a connu une renaissance ces derni\u00e8res ann\u00e9es. Plusieurs ateliers d&#8217;artisans sont en train de travailler pour maintenir cette tradition vivante et d\u2019en faire une valeur ajout\u00e9e pour le Maroc.<\/p>\n<p>Le gouvernement marocain a \u00e9galement soutenu l\u2019artisanat traditionnel en lan\u00e7ant des projets d&#8217;am\u00e9lioration des conditions de travail et de marketing. Le Maroc est d\u00e9sormais reconnu comme un leader mondial dans la production de Zellige.<\/p>\n<h2>Le Zellige marocain, patrimoine culturel immat\u00e9riel de l\u2019humanit\u00e9<\/h2>\n<p>L&#8217;inscription du Zellig au patrimoine culturel immat\u00e9riel de l\u2019humanit\u00e9 par l&#8217;UNESCO en 2014 a \u00e9t\u00e9 un grand succ\u00e8s pour la protection et la promotion de cette forme d&#8217;artisanat marocain. Cette reconnaissance internationale permet d\u2019aider \u00e0 pr\u00e9server les techniques traditionnelles, d&#8217;encourager le d\u00e9veloppement des ateliers d&#8217;artisans locaux, et d&#8217;attirer l&#8217;attention sur le Maroc en tant que pays avec un riche patrimoine culturel.<\/p>\n<h2>Action \u00e0 prendre<\/h2>\n<p>Comme les lecteurs de la diaspora maghr\u00e9bine, vous pouvez aider \u00e0 pr\u00e9server le Zellige marocain. Si vous voyagez au Maroc, visitez des ateliers d&#8217;artisans et soutenez leurs efforts pour maintenir cette tradition vivante.<\/p>\n<p>Si vous voulez aller plus loin, cr\u00e9ez-vous un r\u00e9seau de soutien aux artisans marocains, mettez en avant le Zellige sur les m\u00e9dias sociaux et partagez ces connaissances avec d&#8217;autres.<\/p>\n<p>Ensemble, nous pouvons aider \u00e0 maintenir la vieille tradition du Zellig et \u00e0 pr\u00e9server ce patrimoine culturel immat\u00e9riel de l\u2019humanit\u00e9 pour les g\u00e9n\u00e9rations \u00e0 venir.<\/p>\n<div style=\"background:#f8f9fa;border-left:4px solid #0066cc;border-radius:6px;padding:20px 24px;margin:32px 0;\">\n<p style=\"font-size:13px;color:#888;text-transform:uppercase;letter-spacing:0.8px;margin:0 0 6px 0;\">Vous pourriez aussi aimer<\/p>\n<h3 style=\"font-size:18px;margin:0 0 14px 0;color:#222;\">Articles similaires<\/h3>\n<ul style=\"margin:0;padding-left:20px;list-style:disc;\">\n<li style=\"margin-bottom:10px;\"><a href=\"https:\/\/monmaghreb.com\/index.php\/2026\/04\/19\/une-boutique-dartisanat-marocain-a-cherbourg-en-cotentin-decouvrez-ses-creations-uniques\/\" style=\"color:#0066cc;text-decoration:none;font-weight:500;\" title=\"Une boutique d&#8217;artisanat marocain \u00e0 Cherbourg-en-Cotentin : d\u00e9couvrez ses cr\u00e9ations uniques\">Une boutique d&#8217;artisanat marocain \u00e0 Cherbourg-en-Cotentin : d\u00e9couvrez ses cr\u00e9ations uniques<\/a><\/li>\n<li style=\"margin-bottom:10px;\"><a href=\"https:\/\/monmaghreb.com\/index.php\/2026\/04\/17\/le-festival-de-lhistoire-de-lart-a-fontainebleau-met-en-lumiere-le-rayonnement-culturel-du-maroc\/\" style=\"color:#0066cc;text-decoration:none;font-weight:500;\" title=\"Le Festival de l&#8217;histoire de l&#8217;art \u00e0 Fontainebleau met en lumi\u00e8re le rayonnement culturel du Maroc\">Le Festival de l&#8217;histoire de l&#8217;art \u00e0 Fontainebleau met en lumi\u00e8re le rayonnement culturel du Maroc<\/a><\/li>\n<li style=\"margin-bottom:10px;\"><a href=\"https:\/\/monmaghreb.com\/index.php\/2026\/04\/21\/oasis-du-maghreb-patrimoine-culturel-et-developpement-durable\/\" style=\"color:#0066cc;text-decoration:none;font-weight:500;\" title=\"Oasis du Maghreb : patrimoine culturel et d\u00e9veloppement durable\">Oasis du Maghreb : patrimoine culturel et d\u00e9veloppement durable<\/a><\/li>\n<li style=\"margin-bottom:10px;\"><a href=\"https:\/\/monmaghreb.com\/index.php\/2026\/04\/19\/rabat-capitale-mondiale-du-livre-unesco-2026-un-evenement-historique-pour-la-culture-maghrebine\/\" style=\"color:#0066cc;text-decoration:none;font-weight:500;\" title=\"Rabat, capitale mondiale du livre UNESCO 2026 : un \u00e9v\u00e9nement historique pour la culture maghr\u00e9bine\">Rabat, capitale mondiale du livre UNESCO 2026 : un \u00e9v\u00e9nement historique pour la culture maghr\u00e9bine<\/a><\/li>\n<li style=\"margin-bottom:10px;\"><a href=\"https:\/\/monmaghreb.com\/index.php\/2026\/04\/19\/le-tournage-du-film-la-momie-4-au-maroc-en-2026-levenement-culturel-incontournable-pour-les-marocains-de-la-diaspora\/\" style=\"color:#0066cc;text-decoration:none;font-weight:500;\" title=\"Le tournage du film La Momie 4 au Maroc en 2026 : l&#8217;\u00e9v\u00e9nement culturel incontournable pour les Marocains de la diaspora\">Le tournage du film La Momie 4 au Maroc en 2026 : l&#8217;\u00e9v\u00e9nement culturel incontournable pour les Marocains de la diaspora<\/a><\/li>\n<\/ul>\n<\/div>\n<p><\/body><br \/>\n<\/html><\/p>\n","protected":false},"excerpt":{"rendered":"<p>Protection du patrimoine culturel UNESCO pour le zellige traditionnel marocain. D\u00e9couvrez son artisanat.<\/p>\n","protected":false},"author":1,"featured_media":3301,"comment_status":"closed","ping_status":"open","sticky":false,"template":"","format":"standard","meta":{"_yoast_wpseo_focuskw":"zellige marocain","_yoast_wpseo_title":"Zellige traditionnel marocain : d\u00e9fense au patrimoine cultur","_yoast_wpseo_metadesc":"Protection du patrimoine culturel UNESCO pour le zellige traditionnel marocain. D\u00e9couvrez son artisanat.","_yoast_wpseo_canonical":"","_yoast_wpseo_opengraph-title":"Zellige traditionnel marocain : d\u00e9fense au patrimoine culturel par l'UNESCO","_yoast_wpseo_opengraph-description":"Protection du patrimoine culturel UNESCO pour le zellige traditionnel marocain. D\u00e9couvrez son artisanat.","_yoast_wpseo_opengraph-image":"","tdm_status":"","tdm_grid_status":"","footnotes":""},"categories":[652],"tags":[45,2085,621,2264,2265],"class_list":["post-3302","post","type-post","status-publish","format-standard","has-post-thumbnail","hentry","category-histoire-patrimoine","tag-culture-tunisienne","tag-accords-algerie-maroc","tag-artisanat-marocain","tag-patrimoine-immateriel","tag-zellige"],"yoast_head":"<!-- This site is optimized with the Yoast SEO plugin v27.4 - https:\/\/yoast.com\/product\/yoast-seo-wordpress\/ -->\n<title>Zellige traditionnel marocain : d\u00e9fense au patrimoine cultur<\/title>\n<meta name=\"description\" content=\"Protection du patrimoine culturel UNESCO pour le zellige traditionnel marocain. D\u00e9couvrez son artisanat.\" \/>\n<meta name=\"robots\" content=\"index, follow, max-snippet:-1, max-image-preview:large, max-video-preview:-1\" \/>\n<link rel=\"canonical\" href=\"https:\/\/monmaghreb.com\/index.php\/2026\/04\/23\/zellige-traditionnel-marocain-defense-au-patrimoine-culturel-par-lunesco\/\" \/>\n<meta property=\"og:locale\" content=\"en_US\" \/>\n<meta property=\"og:type\" content=\"article\" \/>\n<meta property=\"og:title\" content=\"Zellige traditionnel marocain : d\u00e9fense au patrimoine culturel par l&#039;UNESCO\" \/>\n<meta property=\"og:description\" content=\"Protection du patrimoine culturel UNESCO pour le zellige traditionnel marocain. D\u00e9couvrez son artisanat.\" \/>\n<meta property=\"og:url\" content=\"https:\/\/monmaghreb.com\/index.php\/2026\/04\/23\/zellige-traditionnel-marocain-defense-au-patrimoine-culturel-par-lunesco\/\" \/>\n<meta property=\"og:site_name\" content=\"Mon Maghreb\" \/>\n<meta property=\"article:author\" content=\"https:\/\/www.facebook.com\/monmaghrebcom\" \/>\n<meta property=\"article:published_time\" content=\"2026-04-23T10:57:34+00:00\" \/>\n<meta property=\"article:modified_time\" content=\"2026-04-23T10:57:40+00:00\" \/>\n<meta property=\"og:image\" content=\"https:\/\/monmaghreb.com\/wp-content\/uploads\/2026\/04\/featured-326.jpg\" \/>\n\t<meta property=\"og:image:width\" content=\"1880\" \/>\n\t<meta property=\"og:image:height\" content=\"984\" \/>\n\t<meta property=\"og:image:type\" content=\"image\/jpeg\" \/>\n<meta name=\"author\" content=\"LaMagh\" \/>\n<meta name=\"twitter:card\" content=\"summary_large_image\" \/>\n<meta name=\"twitter:creator\" content=\"@MMaghreb50977\" \/>\n<meta name=\"twitter:label1\" content=\"Written by\" \/>\n\t<meta name=\"twitter:data1\" content=\"LaMagh\" \/>\n\t<meta name=\"twitter:label2\" content=\"Est. reading time\" \/>\n\t<meta name=\"twitter:data2\" content=\"4 minutes\" \/>\n<script type=\"application\/ld+json\" class=\"yoast-schema-graph\">{\"@context\":\"https:\\\/\\\/schema.org\",\"@graph\":[{\"@type\":\"Article\",\"@id\":\"https:\\\/\\\/monmaghreb.com\\\/index.php\\\/2026\\\/04\\\/23\\\/zellige-traditionnel-marocain-defense-au-patrimoine-culturel-par-lunesco\\\/#article\",\"isPartOf\":{\"@id\":\"https:\\\/\\\/monmaghreb.com\\\/index.php\\\/2026\\\/04\\\/23\\\/zellige-traditionnel-marocain-defense-au-patrimoine-culturel-par-lunesco\\\/\"},\"author\":{\"name\":\"LaMagh\",\"@id\":\"http:\\\/\\\/monmaghreb.com\\\/#\\\/schema\\\/person\\\/c469a89dc8c6b8987dcb438b1200d054\"},\"headline\":\"Zellige traditionnel marocain : d\u00e9fense au patrimoine culturel par l&#8217;UNESCO\",\"datePublished\":\"2026-04-23T10:57:34+00:00\",\"dateModified\":\"2026-04-23T10:57:40+00:00\",\"mainEntityOfPage\":{\"@id\":\"https:\\\/\\\/monmaghreb.com\\\/index.php\\\/2026\\\/04\\\/23\\\/zellige-traditionnel-marocain-defense-au-patrimoine-culturel-par-lunesco\\\/\"},\"wordCount\":827,\"publisher\":{\"@id\":\"http:\\\/\\\/monmaghreb.com\\\/#organization\"},\"image\":{\"@id\":\"https:\\\/\\\/monmaghreb.com\\\/index.php\\\/2026\\\/04\\\/23\\\/zellige-traditionnel-marocain-defense-au-patrimoine-culturel-par-lunesco\\\/#primaryimage\"},\"thumbnailUrl\":\"https:\\\/\\\/monmaghreb.com\\\/wp-content\\\/uploads\\\/2026\\\/04\\\/featured-326.jpg\",\"keywords\":[\"\\\"culture tunisienne\\\"\",\"accords alg\u00e9rie maroc\",\"artisanat marocain\",\"patrimoine immat\u00e9riel\",\"zellige\"],\"articleSection\":[\"Histoire &amp; Patrimoine\"],\"inLanguage\":\"en-US\"},{\"@type\":\"WebPage\",\"@id\":\"https:\\\/\\\/monmaghreb.com\\\/index.php\\\/2026\\\/04\\\/23\\\/zellige-traditionnel-marocain-defense-au-patrimoine-culturel-par-lunesco\\\/\",\"url\":\"https:\\\/\\\/monmaghreb.com\\\/index.php\\\/2026\\\/04\\\/23\\\/zellige-traditionnel-marocain-defense-au-patrimoine-culturel-par-lunesco\\\/\",\"name\":\"Zellige traditionnel marocain : d\u00e9fense au patrimoine cultur\",\"isPartOf\":{\"@id\":\"http:\\\/\\\/monmaghreb.com\\\/#website\"},\"primaryImageOfPage\":{\"@id\":\"https:\\\/\\\/monmaghreb.com\\\/index.php\\\/2026\\\/04\\\/23\\\/zellige-traditionnel-marocain-defense-au-patrimoine-culturel-par-lunesco\\\/#primaryimage\"},\"image\":{\"@id\":\"https:\\\/\\\/monmaghreb.com\\\/index.php\\\/2026\\\/04\\\/23\\\/zellige-traditionnel-marocain-defense-au-patrimoine-culturel-par-lunesco\\\/#primaryimage\"},\"thumbnailUrl\":\"https:\\\/\\\/monmaghreb.com\\\/wp-content\\\/uploads\\\/2026\\\/04\\\/featured-326.jpg\",\"datePublished\":\"2026-04-23T10:57:34+00:00\",\"dateModified\":\"2026-04-23T10:57:40+00:00\",\"description\":\"Protection du patrimoine culturel UNESCO pour le zellige traditionnel marocain. D\u00e9couvrez son artisanat.\",\"breadcrumb\":{\"@id\":\"https:\\\/\\\/monmaghreb.com\\\/index.php\\\/2026\\\/04\\\/23\\\/zellige-traditionnel-marocain-defense-au-patrimoine-culturel-par-lunesco\\\/#breadcrumb\"},\"inLanguage\":\"en-US\",\"potentialAction\":[{\"@type\":\"ReadAction\",\"target\":[\"https:\\\/\\\/monmaghreb.com\\\/index.php\\\/2026\\\/04\\\/23\\\/zellige-traditionnel-marocain-defense-au-patrimoine-culturel-par-lunesco\\\/\"]}]},{\"@type\":\"ImageObject\",\"inLanguage\":\"en-US\",\"@id\":\"https:\\\/\\\/monmaghreb.com\\\/index.php\\\/2026\\\/04\\\/23\\\/zellige-traditionnel-marocain-defense-au-patrimoine-culturel-par-lunesco\\\/#primaryimage\",\"url\":\"https:\\\/\\\/monmaghreb.com\\\/wp-content\\\/uploads\\\/2026\\\/04\\\/featured-326.jpg\",\"contentUrl\":\"https:\\\/\\\/monmaghreb.com\\\/wp-content\\\/uploads\\\/2026\\\/04\\\/featured-326.jpg\",\"width\":1880,\"height\":984,\"caption\":\"Femme marocaine travaillant \u00e0 la fabrication de zellige\"},{\"@type\":\"BreadcrumbList\",\"@id\":\"https:\\\/\\\/monmaghreb.com\\\/index.php\\\/2026\\\/04\\\/23\\\/zellige-traditionnel-marocain-defense-au-patrimoine-culturel-par-lunesco\\\/#breadcrumb\",\"itemListElement\":[{\"@type\":\"ListItem\",\"position\":1,\"name\":\"Home\",\"item\":\"http:\\\/\\\/monmaghreb.com\\\/\"},{\"@type\":\"ListItem\",\"position\":2,\"name\":\"Zellige traditionnel marocain : d\u00e9fense au patrimoine culturel par l&#8217;UNESCO\"}]},{\"@type\":\"WebSite\",\"@id\":\"http:\\\/\\\/monmaghreb.com\\\/#website\",\"url\":\"http:\\\/\\\/monmaghreb.com\\\/\",\"name\":\"Mon Maghreb\",\"description\":\"MonMaghreb United\",\"publisher\":{\"@id\":\"http:\\\/\\\/monmaghreb.com\\\/#organization\"},\"alternateName\":\"Le Monde du Maghreb et au del\u00e0\",\"potentialAction\":[{\"@type\":\"SearchAction\",\"target\":{\"@type\":\"EntryPoint\",\"urlTemplate\":\"http:\\\/\\\/monmaghreb.com\\\/?s={search_term_string}\"},\"query-input\":{\"@type\":\"PropertyValueSpecification\",\"valueRequired\":true,\"valueName\":\"search_term_string\"}}],\"inLanguage\":\"en-US\"},{\"@type\":\"Organization\",\"@id\":\"http:\\\/\\\/monmaghreb.com\\\/#organization\",\"name\":\"Mon Maghreb\",\"url\":\"http:\\\/\\\/monmaghreb.com\\\/\",\"logo\":{\"@type\":\"ImageObject\",\"inLanguage\":\"en-US\",\"@id\":\"http:\\\/\\\/monmaghreb.com\\\/#\\\/schema\\\/logo\\\/image\\\/\",\"url\":\"https:\\\/\\\/monmaghreb.com\\\/wp-content\\\/uploads\\\/2025\\\/12\\\/Mon_Maghreb_Logo.jpg\",\"contentUrl\":\"https:\\\/\\\/monmaghreb.com\\\/wp-content\\\/uploads\\\/2025\\\/12\\\/Mon_Maghreb_Logo.jpg\",\"width\":814,\"height\":374,\"caption\":\"Mon Maghreb\"},\"image\":{\"@id\":\"http:\\\/\\\/monmaghreb.com\\\/#\\\/schema\\\/logo\\\/image\\\/\"}},{\"@type\":\"Person\",\"@id\":\"http:\\\/\\\/monmaghreb.com\\\/#\\\/schema\\\/person\\\/c469a89dc8c6b8987dcb438b1200d054\",\"name\":\"LaMagh\",\"image\":{\"@type\":\"ImageObject\",\"inLanguage\":\"en-US\",\"@id\":\"https:\\\/\\\/secure.gravatar.com\\\/avatar\\\/399d8144bd55fba55e056779aca52fe528bac7911f6449e54d81173d6dfd7f0a?s=96&d=mm&r=g\",\"url\":\"https:\\\/\\\/secure.gravatar.com\\\/avatar\\\/399d8144bd55fba55e056779aca52fe528bac7911f6449e54d81173d6dfd7f0a?s=96&d=mm&r=g\",\"contentUrl\":\"https:\\\/\\\/secure.gravatar.com\\\/avatar\\\/399d8144bd55fba55e056779aca52fe528bac7911f6449e54d81173d6dfd7f0a?s=96&d=mm&r=g\",\"caption\":\"LaMagh\"},\"sameAs\":[\"https:\\\/\\\/monmaghreb.com\",\"https:\\\/\\\/www.facebook.com\\\/monmaghrebcom\",\"https:\\\/\\\/x.com\\\/MMaghreb50977\"],\"url\":\"https:\\\/\\\/monmaghreb.com\\\/index.php\\\/author\\\/lamagh\\\/\"}]}<\/script>\n<!-- \/ Yoast SEO plugin. -->","yoast_head_json":{"title":"Zellige traditionnel marocain : d\u00e9fense au patrimoine cultur","description":"Protection du patrimoine culturel UNESCO pour le zellige traditionnel marocain. D\u00e9couvrez son artisanat.","robots":{"index":"index","follow":"follow","max-snippet":"max-snippet:-1","max-image-preview":"max-image-preview:large","max-video-preview":"max-video-preview:-1"},"canonical":"https:\/\/monmaghreb.com\/index.php\/2026\/04\/23\/zellige-traditionnel-marocain-defense-au-patrimoine-culturel-par-lunesco\/","og_locale":"en_US","og_type":"article","og_title":"Zellige traditionnel marocain : d\u00e9fense au patrimoine culturel par l'UNESCO","og_description":"Protection du patrimoine culturel UNESCO pour le zellige traditionnel marocain. D\u00e9couvrez son artisanat.","og_url":"https:\/\/monmaghreb.com\/index.php\/2026\/04\/23\/zellige-traditionnel-marocain-defense-au-patrimoine-culturel-par-lunesco\/","og_site_name":"Mon Maghreb","article_author":"https:\/\/www.facebook.com\/monmaghrebcom","article_published_time":"2026-04-23T10:57:34+00:00","article_modified_time":"2026-04-23T10:57:40+00:00","og_image":[{"width":1880,"height":984,"url":"https:\/\/monmaghreb.com\/wp-content\/uploads\/2026\/04\/featured-326.jpg","type":"image\/jpeg"}],"author":"LaMagh","twitter_card":"summary_large_image","twitter_creator":"@MMaghreb50977","twitter_misc":{"Written by":"LaMagh","Est. reading time":"4 minutes"},"schema":{"@context":"https:\/\/schema.org","@graph":[{"@type":"Article","@id":"https:\/\/monmaghreb.com\/index.php\/2026\/04\/23\/zellige-traditionnel-marocain-defense-au-patrimoine-culturel-par-lunesco\/#article","isPartOf":{"@id":"https:\/\/monmaghreb.com\/index.php\/2026\/04\/23\/zellige-traditionnel-marocain-defense-au-patrimoine-culturel-par-lunesco\/"},"author":{"name":"LaMagh","@id":"http:\/\/monmaghreb.com\/#\/schema\/person\/c469a89dc8c6b8987dcb438b1200d054"},"headline":"Zellige traditionnel marocain : d\u00e9fense au patrimoine culturel par l&#8217;UNESCO","datePublished":"2026-04-23T10:57:34+00:00","dateModified":"2026-04-23T10:57:40+00:00","mainEntityOfPage":{"@id":"https:\/\/monmaghreb.com\/index.php\/2026\/04\/23\/zellige-traditionnel-marocain-defense-au-patrimoine-culturel-par-lunesco\/"},"wordCount":827,"publisher":{"@id":"http:\/\/monmaghreb.com\/#organization"},"image":{"@id":"https:\/\/monmaghreb.com\/index.php\/2026\/04\/23\/zellige-traditionnel-marocain-defense-au-patrimoine-culturel-par-lunesco\/#primaryimage"},"thumbnailUrl":"https:\/\/monmaghreb.com\/wp-content\/uploads\/2026\/04\/featured-326.jpg","keywords":["\"culture tunisienne\"","accords alg\u00e9rie maroc","artisanat marocain","patrimoine immat\u00e9riel","zellige"],"articleSection":["Histoire &amp; Patrimoine"],"inLanguage":"en-US"},{"@type":"WebPage","@id":"https:\/\/monmaghreb.com\/index.php\/2026\/04\/23\/zellige-traditionnel-marocain-defense-au-patrimoine-culturel-par-lunesco\/","url":"https:\/\/monmaghreb.com\/index.php\/2026\/04\/23\/zellige-traditionnel-marocain-defense-au-patrimoine-culturel-par-lunesco\/","name":"Zellige traditionnel marocain : d\u00e9fense au patrimoine cultur","isPartOf":{"@id":"http:\/\/monmaghreb.com\/#website"},"primaryImageOfPage":{"@id":"https:\/\/monmaghreb.com\/index.php\/2026\/04\/23\/zellige-traditionnel-marocain-defense-au-patrimoine-culturel-par-lunesco\/#primaryimage"},"image":{"@id":"https:\/\/monmaghreb.com\/index.php\/2026\/04\/23\/zellige-traditionnel-marocain-defense-au-patrimoine-culturel-par-lunesco\/#primaryimage"},"thumbnailUrl":"https:\/\/monmaghreb.com\/wp-content\/uploads\/2026\/04\/featured-326.jpg","datePublished":"2026-04-23T10:57:34+00:00","dateModified":"2026-04-23T10:57:40+00:00","description":"Protection du patrimoine culturel UNESCO pour le zellige traditionnel marocain. D\u00e9couvrez son artisanat.","breadcrumb":{"@id":"https:\/\/monmaghreb.com\/index.php\/2026\/04\/23\/zellige-traditionnel-marocain-defense-au-patrimoine-culturel-par-lunesco\/#breadcrumb"},"inLanguage":"en-US","potentialAction":[{"@type":"ReadAction","target":["https:\/\/monmaghreb.com\/index.php\/2026\/04\/23\/zellige-traditionnel-marocain-defense-au-patrimoine-culturel-par-lunesco\/"]}]},{"@type":"ImageObject","inLanguage":"en-US","@id":"https:\/\/monmaghreb.com\/index.php\/2026\/04\/23\/zellige-traditionnel-marocain-defense-au-patrimoine-culturel-par-lunesco\/#primaryimage","url":"https:\/\/monmaghreb.com\/wp-content\/uploads\/2026\/04\/featured-326.jpg","contentUrl":"https:\/\/monmaghreb.com\/wp-content\/uploads\/2026\/04\/featured-326.jpg","width":1880,"height":984,"caption":"Femme marocaine travaillant \u00e0 la fabrication de zellige"},{"@type":"BreadcrumbList","@id":"https:\/\/monmaghreb.com\/index.php\/2026\/04\/23\/zellige-traditionnel-marocain-defense-au-patrimoine-culturel-par-lunesco\/#breadcrumb","itemListElement":[{"@type":"ListItem","position":1,"name":"Home","item":"http:\/\/monmaghreb.com\/"},{"@type":"ListItem","position":2,"name":"Zellige traditionnel marocain : d\u00e9fense au patrimoine culturel par l&#8217;UNESCO"}]},{"@type":"WebSite","@id":"http:\/\/monmaghreb.com\/#website","url":"http:\/\/monmaghreb.com\/","name":"Mon Maghreb","description":"MonMaghreb United","publisher":{"@id":"http:\/\/monmaghreb.com\/#organization"},"alternateName":"Le Monde du Maghreb et au del\u00e0","potentialAction":[{"@type":"SearchAction","target":{"@type":"EntryPoint","urlTemplate":"http:\/\/monmaghreb.com\/?s={search_term_string}"},"query-input":{"@type":"PropertyValueSpecification","valueRequired":true,"valueName":"search_term_string"}}],"inLanguage":"en-US"},{"@type":"Organization","@id":"http:\/\/monmaghreb.com\/#organization","name":"Mon Maghreb","url":"http:\/\/monmaghreb.com\/","logo":{"@type":"ImageObject","inLanguage":"en-US","@id":"http:\/\/monmaghreb.com\/#\/schema\/logo\/image\/","url":"https:\/\/monmaghreb.com\/wp-content\/uploads\/2025\/12\/Mon_Maghreb_Logo.jpg","contentUrl":"https:\/\/monmaghreb.com\/wp-content\/uploads\/2025\/12\/Mon_Maghreb_Logo.jpg","width":814,"height":374,"caption":"Mon Maghreb"},"image":{"@id":"http:\/\/monmaghreb.com\/#\/schema\/logo\/image\/"}},{"@type":"Person","@id":"http:\/\/monmaghreb.com\/#\/schema\/person\/c469a89dc8c6b8987dcb438b1200d054","name":"LaMagh","image":{"@type":"ImageObject","inLanguage":"en-US","@id":"https:\/\/secure.gravatar.com\/avatar\/399d8144bd55fba55e056779aca52fe528bac7911f6449e54d81173d6dfd7f0a?s=96&d=mm&r=g","url":"https:\/\/secure.gravatar.com\/avatar\/399d8144bd55fba55e056779aca52fe528bac7911f6449e54d81173d6dfd7f0a?s=96&d=mm&r=g","contentUrl":"https:\/\/secure.gravatar.com\/avatar\/399d8144bd55fba55e056779aca52fe528bac7911f6449e54d81173d6dfd7f0a?s=96&d=mm&r=g","caption":"LaMagh"},"sameAs":["https:\/\/monmaghreb.com","https:\/\/www.facebook.com\/monmaghrebcom","https:\/\/x.com\/MMaghreb50977"],"url":"https:\/\/monmaghreb.com\/index.php\/author\/lamagh\/"}]}},"_links":{"self":[{"href":"https:\/\/monmaghreb.com\/index.php\/wp-json\/wp\/v2\/posts\/3302","targetHints":{"allow":["GET"]}}],"collection":[{"href":"https:\/\/monmaghreb.com\/index.php\/wp-json\/wp\/v2\/posts"}],"about":[{"href":"https:\/\/monmaghreb.com\/index.php\/wp-json\/wp\/v2\/types\/post"}],"author":[{"embeddable":true,"href":"https:\/\/monmaghreb.com\/index.php\/wp-json\/wp\/v2\/users\/1"}],"replies":[{"embeddable":true,"href":"https:\/\/monmaghreb.com\/index.php\/wp-json\/wp\/v2\/comments?post=3302"}],"version-history":[{"count":1,"href":"https:\/\/monmaghreb.com\/index.php\/wp-json\/wp\/v2\/posts\/3302\/revisions"}],"predecessor-version":[{"id":3303,"href":"https:\/\/monmaghreb.com\/index.php\/wp-json\/wp\/v2\/posts\/3302\/revisions\/3303"}],"wp:featuredmedia":[{"embeddable":true,"href":"https:\/\/monmaghreb.com\/index.php\/wp-json\/wp\/v2\/media\/3301"}],"wp:attachment":[{"href":"https:\/\/monmaghreb.com\/index.php\/wp-json\/wp\/v2\/media?parent=3302"}],"wp:term":[{"taxonomy":"category","embeddable":true,"href":"https:\/\/monmaghreb.com\/index.php\/wp-json\/wp\/v2\/categories?post=3302"},{"taxonomy":"post_tag","embeddable":true,"href":"https:\/\/monmaghreb.com\/index.php\/wp-json\/wp\/v2\/tags?post=3302"}],"curies":[{"name":"wp","href":"https:\/\/api.w.org\/{rel}","templated":true}]}}